{"id":8056,"date":"2019-08-15T15:25:33","date_gmt":"2019-08-15T13:25:33","guid":{"rendered":"https:\/\/www.welovecycling.com\/sk\/?p=8056"},"modified":"2023-04-19T11:57:31","modified_gmt":"2023-04-19T09:57:31","slug":"reportaz-skoda-horal-mtb-maraton-finale-ako-sa-patri","status":"publish","type":"post","link":"https:\/\/www.welovecycling.com\/sk\/2019\/08\/15\/reportaz-skoda-horal-mtb-maraton-finale-ako-sa-patri\/","title":{"rendered":"Report\u00e1\u017e: \u0160koda HORAL MTB marat\u00f3n &#8211; fin\u00e1le ako sa patr\u00ed"},"content":{"rendered":"<p><strong>Neuverite\u013en\u00e9 sa stalo skuto\u010dnos\u0165ou, \u0161iesty ro\u010dn\u00edk s\u00e9rie \u0160koda BIKE OPEN TOUR je definit\u00edvne za nami. A jej z\u00e1ver mal podobu dokonal\u00e9ho fin\u00e1le so v\u0161etk\u00fdm, \u010do k tomu patr\u00ed! Tak po\u010fme pekne po poriadku.<\/strong><!--more--><\/p>\n<h2><strong>Je to naozaj pravda?<\/strong><\/h2>\n<p>T\u00e1to ot\u00e1zka sa u\u017e p\u00e1r dn\u00ed pred \u0161tartom objavovala medzi pretek\u00e1rmi, ktor\u00ed si u\u017e vo Svite za\u017eili sn\u00e1\u010f v\u0161etky mo\u017en\u00e9 vrtochy po\u010dasia. V\u0161etky meteorologick\u00e9 port\u00e1ly hl\u00e1sili priam dokonal\u00fa letn\u00fa sobotu a tieto predpovede sa do bodky naplnili. Oz\u00fdvali sa hlasy, \u017ee bolo a\u017e pr\u00edli\u0161 teplo, skr\u00e1tka, niekomu sa ned\u00e1 vyhovie\u0165 :-).<\/p>\n<p>V\u010faka pekn\u00e9mu po\u010dasiu to kone\u010dne vyzeralo na <strong>bezprobl\u00e9mov\u00fa organiz\u00e1ciu<\/strong> a teda pretek\u00e1ri, ktor\u00ed sa odhodlali \u0161tartova\u0165 na trati Krejzi, sa mali do\u010dka\u0165 aj v\u00fdstupu na Kr\u00e1\u013eov\u00fa ho\u013eu, kone\u010dne bez rizika b\u00farok.<\/p>\n<div data-rows=\"1\" id='gallery-1' class='gallery-rows-1 gallery galleryid-8056 gallery-columns-2 gallery-size-full'><figure class='gallery-item'>\n\t\t\t<div class='gallery-icon landscape'>\n\t\t\t\t<a href='https:\/\/d2p6e6u75xmxt8.cloudfront.net\/4\/2019\/08\/horal-1-1.webp'><img loading=\"lazy\" decoding=\"async\" width=\"1200\" height=\"800\" src=\"https:\/\/d2p6e6u75xmxt8.cloudfront.net\/4\/2019\/08\/horal-1-1.webp\" class=\"attachment-full size-full\" alt=\"\" srcset=\"https:\/\/d2p6e6u75xmxt8.cloudfront.net\/4\/2019\/08\/horal-1-1.webp 1200w, https:\/\/d2p6e6u75xmxt8.cloudfront.net\/4\/2019\/08\/horal-1-1-300x200.webp 300w, https:\/\/d2p6e6u75xmxt8.cloudfront.net\/4\/2019\/08\/horal-1-1-1024x683.webp 1024w, https:\/\/d2p6e6u75xmxt8.cloudfront.net\/4\/2019\/08\/horal-1-1-768x512.webp 768w, https:\/\/d2p6e6u75xmxt8.cloudfront.net\/4\/2019\/08\/horal-1-1-272x182.webp 272w\" sizes=\"auto, (max-width: 1200px) 100vw, 1200px\" \/><\/a>\n\t\t\t<\/div><\/figure><figure class='gallery-item'>\n\t\t\t<div class='gallery-icon landscape'>\n\t\t\t\t<a href='https:\/\/d2p6e6u75xmxt8.cloudfront.net\/4\/2019\/08\/horal-2-1.webp'><img loading=\"lazy\" decoding=\"async\" width=\"1200\" height=\"800\" src=\"https:\/\/d2p6e6u75xmxt8.cloudfront.net\/4\/2019\/08\/horal-2-1.webp\" class=\"attachment-full size-full\" alt=\"\" srcset=\"https:\/\/d2p6e6u75xmxt8.cloudfront.net\/4\/2019\/08\/horal-2-1.webp 1200w, https:\/\/d2p6e6u75xmxt8.cloudfront.net\/4\/2019\/08\/horal-2-1-300x200.webp 300w, https:\/\/d2p6e6u75xmxt8.cloudfront.net\/4\/2019\/08\/horal-2-1-1024x683.webp 1024w, https:\/\/d2p6e6u75xmxt8.cloudfront.net\/4\/2019\/08\/horal-2-1-768x512.webp 768w, https:\/\/d2p6e6u75xmxt8.cloudfront.net\/4\/2019\/08\/horal-2-1-272x182.webp 272w\" sizes=\"auto, (max-width: 1200px) 100vw, 1200px\" \/><\/a>\n\t\t\t<\/div><\/figure>\n\t\t<\/div>\n        \n<h2><strong>Za\u010d\u00edname&#8230;<\/strong><\/h2>\n<p>Sobota za\u010dala skor\u00fdm rann\u00fdm \u0161tartom spom\u00ednanej najdlh\u0161ej trate, predsa len vy\u0161e 130 km jazdcom zaberie dos\u0165 \u010dasu. Nasledovali bezprobl\u00e9mov\u00e9 \u0161tarty v\u0161etk\u00fdch trat\u00ed, z ktor\u00fdch najpo\u010detnej\u0161ia skupina s 320 pretek\u00e1rmi sa zi\u0161la na \u0161tarte trate Senzi. <strong>Pekn\u00e9 po\u010dasie sa podp\u00edsalo pod v\u00fdborn\u00fa \u00fa\u010das\u0165<\/strong>, na \u0161tart sa postavilo celkovo <strong>857 bikerov a bikeriek z 8 kraj\u00edn<\/strong>, z ktor\u00fdch do cie\u013ea pri\u0161lo 801 pretek\u00e1rov. Nezabudlo sa ani na detsk\u00fdch \u0161ampi\u00f3nov, ktor\u00ed si spolu s rodi\u010dmi mohli zajazdi\u0165 v r\u00e1mci kateg\u00f3rie \u0160koda Family na trase Dejzi a na HORALovi Junior.<\/p>\n<p><a href=\"https:\/\/d2p6e6u75xmxt8.cloudfront.net\/4\/2019\/08\/horal-10-1.jpg\"><img loading=\"lazy\" decoding=\"async\" class=\"alignnone size-full wp-image-8060\" src=\"https:\/\/d2p6e6u75xmxt8.cloudfront.net\/4\/2019\/08\/horal-10-1.jpg\" alt=\"\" width=\"1200\" height=\"800\" \/><\/a><\/p>\n<h2><strong>Niekomu mo\u017eno to blato aj ch\u00fdbalo<\/strong><\/h2>\n<p>U\u017e sme si v\u0161etci zvykli, \u017ee vo Svite dost\u00e1vaj\u00fa um\u00fdvacie cykloboxy v cieli dostato\u010dne zabra\u0165. Tento rok v\u0161ak mnoh\u00ed pretek\u00e1ri prich\u00e1dzali do cie\u013ea takmer \u010dist\u00ed. Tra\u0165 bola r\u00fdchla, aj ke\u010f v\u010faka vysok\u00fdm teplot\u00e1m nezostala nikomu ni\u010d dl\u017en\u00e1. <strong>D\u00f4le\u017eit\u00e9 bolo dodr\u017eiava\u0165 pitn\u00fd re\u017eim<\/strong>, o ktor\u00fd sa postarali ob\u010derstvova\u010dky na v\u0161etk\u00fdch tratiach. Jazdci si pochva\u013eavovali zna\u010denie a pr\u00e1cu regulov\u010d\u00edkov, v\u010faka ktor\u00fdm v\u0161etko prebiehalo tak, ako malo. A naplnil sa aj cie\u013e dlhej trate, ktorej <strong>jazdci dobili vrchol \u201ckr\u00e1\u013eovnej\u201d tohto podujatia<\/strong>.<\/p>\n<div data-rows=\"1\" id='gallery-2' class='gallery-rows-1 gallery galleryid-8056 gallery-columns-3 gallery-size-full'><figure class='gallery-item'>\n\t\t\t<div class='gallery-icon landscape'>\n\t\t\t\t<a href='https:\/\/d2p6e6u75xmxt8.cloudfront.net\/4\/2019\/08\/horal-12.webp'><img loading=\"lazy\" decoding=\"async\" width=\"1200\" height=\"800\" src=\"https:\/\/d2p6e6u75xmxt8.cloudfront.net\/4\/2019\/08\/horal-12.webp\" class=\"attachment-full size-full\" alt=\"\" srcset=\"https:\/\/d2p6e6u75xmxt8.cloudfront.net\/4\/2019\/08\/horal-12.webp 1200w, https:\/\/d2p6e6u75xmxt8.cloudfront.net\/4\/2019\/08\/horal-12-300x200.webp 300w, https:\/\/d2p6e6u75xmxt8.cloudfront.net\/4\/2019\/08\/horal-12-1024x683.webp 1024w, https:\/\/d2p6e6u75xmxt8.cloudfront.net\/4\/2019\/08\/horal-12-768x512.webp 768w, https:\/\/d2p6e6u75xmxt8.cloudfront.net\/4\/2019\/08\/horal-12-272x182.webp 272w\" sizes=\"auto, (max-width: 1200px) 100vw, 1200px\" \/><\/a>\n\t\t\t<\/div><\/figure><figure class='gallery-item'>\n\t\t\t<div class='gallery-icon landscape'>\n\t\t\t\t<a href='https:\/\/d2p6e6u75xmxt8.cloudfront.net\/4\/2019\/08\/horal-14-1.webp'><img loading=\"lazy\" decoding=\"async\" width=\"1200\" height=\"800\" src=\"https:\/\/d2p6e6u75xmxt8.cloudfront.net\/4\/2019\/08\/horal-14-1.webp\" class=\"attachment-full size-full\" alt=\"\" srcset=\"https:\/\/d2p6e6u75xmxt8.cloudfront.net\/4\/2019\/08\/horal-14-1.webp 1200w, https:\/\/d2p6e6u75xmxt8.cloudfront.net\/4\/2019\/08\/horal-14-1-300x200.webp 300w, https:\/\/d2p6e6u75xmxt8.cloudfront.net\/4\/2019\/08\/horal-14-1-1024x683.webp 1024w, https:\/\/d2p6e6u75xmxt8.cloudfront.net\/4\/2019\/08\/horal-14-1-768x512.webp 768w, https:\/\/d2p6e6u75xmxt8.cloudfront.net\/4\/2019\/08\/horal-14-1-272x182.webp 272w\" sizes=\"auto, (max-width: 1200px) 100vw, 1200px\" \/><\/a>\n\t\t\t<\/div><\/figure><figure class='gallery-item'>\n\t\t\t<div class='gallery-icon landscape'>\n\t\t\t\t<a href='https:\/\/d2p6e6u75xmxt8.cloudfront.net\/4\/2019\/08\/horal-15-1.webp'><img loading=\"lazy\" decoding=\"async\" width=\"1200\" height=\"800\" src=\"https:\/\/d2p6e6u75xmxt8.cloudfront.net\/4\/2019\/08\/horal-15-1.webp\" class=\"attachment-full size-full\" alt=\"\" srcset=\"https:\/\/d2p6e6u75xmxt8.cloudfront.net\/4\/2019\/08\/horal-15-1.webp 1200w, https:\/\/d2p6e6u75xmxt8.cloudfront.net\/4\/2019\/08\/horal-15-1-300x200.webp 300w, https:\/\/d2p6e6u75xmxt8.cloudfront.net\/4\/2019\/08\/horal-15-1-1024x683.webp 1024w, https:\/\/d2p6e6u75xmxt8.cloudfront.net\/4\/2019\/08\/horal-15-1-768x512.webp 768w, https:\/\/d2p6e6u75xmxt8.cloudfront.net\/4\/2019\/08\/horal-15-1-272x182.webp 272w\" sizes=\"auto, (max-width: 1200px) 100vw, 1200px\" \/><\/a>\n\t\t\t<\/div><\/figure>\n\t\t<\/div>\n        \n<h2><strong>Pr\u00edjemn\u00e1 atmosf\u00e9ra<\/strong><\/h2>\n<p>Rados\u0165 z tohto d\u0148a sa dala v z\u00e1zem\u00ed doslova kr\u00e1ja\u0165. Vysmiate tv\u00e1re bikerov doplnen\u00e9 \u0161antiacimi sa de\u0165mi a spokojn\u00fdmi mami\u010dkami. Tradi\u010dne <strong>pestr\u00fd sprievodn\u00fd program sa postaral o z\u00e1bavu v\u0161etk\u00fdch \u010dlenov cyklorodiniek<\/strong>. Sk\u00e1kac\u00ed hrad doplnen\u00fd aj o nafukovacie aut\u00ed\u010dko, ma\u013eovanie na \u0160koda KAROQ \u010di \u010fal\u0161ie kreat\u00edvne aktivity, s\u00fa u\u017e neodmyslite\u013enou s\u00fa\u010das\u0165ou na\u0161ej s\u00e9rie.<\/p>\n<div data-rows=\"1\" id='gallery-3' class='gallery-rows-1 gallery galleryid-8056 gallery-columns-3 gallery-size-full'><figure class='gallery-item'>\n\t\t\t<div class='gallery-icon landscape'>\n\t\t\t\t<a href='https:\/\/d2p6e6u75xmxt8.cloudfront.net\/4\/2019\/08\/horal-19.webp'><img loading=\"lazy\" decoding=\"async\" width=\"1200\" height=\"800\" src=\"https:\/\/d2p6e6u75xmxt8.cloudfront.net\/4\/2019\/08\/horal-19.webp\" class=\"attachment-full size-full\" alt=\"\" srcset=\"https:\/\/d2p6e6u75xmxt8.cloudfront.net\/4\/2019\/08\/horal-19.webp 1200w, https:\/\/d2p6e6u75xmxt8.cloudfront.net\/4\/2019\/08\/horal-19-300x200.webp 300w, https:\/\/d2p6e6u75xmxt8.cloudfront.net\/4\/2019\/08\/horal-19-1024x683.webp 1024w, https:\/\/d2p6e6u75xmxt8.cloudfront.net\/4\/2019\/08\/horal-19-768x512.webp 768w, https:\/\/d2p6e6u75xmxt8.cloudfront.net\/4\/2019\/08\/horal-19-272x182.webp 272w\" sizes=\"auto, (max-width: 1200px) 100vw, 1200px\" \/><\/a>\n\t\t\t<\/div><\/figure><figure class='gallery-item'>\n\t\t\t<div class='gallery-icon landscape'>\n\t\t\t\t<a href='https:\/\/d2p6e6u75xmxt8.cloudfront.net\/4\/2019\/08\/horal-20.webp'><img loading=\"lazy\" decoding=\"async\" width=\"1200\" height=\"800\" src=\"https:\/\/d2p6e6u75xmxt8.cloudfront.net\/4\/2019\/08\/horal-20.webp\" class=\"attachment-full size-full\" alt=\"\" srcset=\"https:\/\/d2p6e6u75xmxt8.cloudfront.net\/4\/2019\/08\/horal-20.webp 1200w, https:\/\/d2p6e6u75xmxt8.cloudfront.net\/4\/2019\/08\/horal-20-300x200.webp 300w, https:\/\/d2p6e6u75xmxt8.cloudfront.net\/4\/2019\/08\/horal-20-1024x683.webp 1024w, https:\/\/d2p6e6u75xmxt8.cloudfront.net\/4\/2019\/08\/horal-20-768x512.webp 768w, https:\/\/d2p6e6u75xmxt8.cloudfront.net\/4\/2019\/08\/horal-20-272x182.webp 272w\" sizes=\"auto, (max-width: 1200px) 100vw, 1200px\" \/><\/a>\n\t\t\t<\/div><\/figure><figure class='gallery-item'>\n\t\t\t<div class='gallery-icon landscape'>\n\t\t\t\t<a href='https:\/\/d2p6e6u75xmxt8.cloudfront.net\/4\/2019\/08\/horal-24.webp'><img loading=\"lazy\" decoding=\"async\" width=\"1200\" height=\"800\" src=\"https:\/\/d2p6e6u75xmxt8.cloudfront.net\/4\/2019\/08\/horal-24.webp\" class=\"attachment-full size-full\" alt=\"\" srcset=\"https:\/\/d2p6e6u75xmxt8.cloudfront.net\/4\/2019\/08\/horal-24.webp 1200w, https:\/\/d2p6e6u75xmxt8.cloudfront.net\/4\/2019\/08\/horal-24-300x200.webp 300w, https:\/\/d2p6e6u75xmxt8.cloudfront.net\/4\/2019\/08\/horal-24-1024x683.webp 1024w, https:\/\/d2p6e6u75xmxt8.cloudfront.net\/4\/2019\/08\/horal-24-768x512.webp 768w, https:\/\/d2p6e6u75xmxt8.cloudfront.net\/4\/2019\/08\/horal-24-272x182.webp 272w\" sizes=\"auto, (max-width: 1200px) 100vw, 1200px\" \/><\/a>\n\t\t\t<\/div><\/figure>\n\t\t<\/div>\n        \n<h2><strong>Ve\u013ek\u00e9 fin\u00e1le<\/strong><\/h2>\n<p>Ke\u010f\u017ee sa jednalo o posledn\u00e9 kolo \u0160BOT, na v\u0161etk\u00fdch z\u00fa\u010dastnen\u00fdch \u010dakalo vyhlasovanie nielen v\u00ed\u0165azov jednotliv\u00fdch kateg\u00f3ri\u00ed marat\u00f3nu, ale celej s\u00e9rie. A t\u00e1to zelen\u00e1 kr\u00e1ska, ktor\u00e1 bola doslova neprehliadnute\u013enou ozdobou are\u00e1lu, nazna\u010dovala, \u017ee vrchol sez\u00f3ny je naozaj tu!<\/p>\n<p><a href=\"https:\/\/d2p6e6u75xmxt8.cloudfront.net\/4\/2019\/08\/horal-22.jpg\"><img loading=\"lazy\" decoding=\"async\" class=\"alignnone size-full wp-image-8067\" src=\"https:\/\/d2p6e6u75xmxt8.cloudfront.net\/4\/2019\/08\/horal-22.jpg\" alt=\"\" width=\"1200\" height=\"800\" \/><\/a><\/p>\n<p><strong>Tra\u0165 Krejzi zajazdil najr\u00fdchlej\u0161ie milovn\u00edk slovensk\u00fdch podujat\u00ed Karel Hartl<\/strong> s v\u00fdborn\u00fdm \u010dasom 6:33:40. Medzi <strong>\u017eenami<\/strong> sa na t\u00fato \u201cbl\u00e1zniv\u00fa\u201d sk\u00fa\u0161ku podujali dve \u017eeny, ktor\u00fdm patr\u00ed poriadna poklona. R\u00fdchlej\u0161ou bola <strong>Zuzka Pal\u00fachov\u00e1<\/strong> s \u010dasom 10:27:54.8, ale zahanbi\u0165 sa nenechala ani Ad\u00e9la Otev\u0159elov\u00e1. Diev\u010dat\u00e1, klob\u00fak dole!<\/p>\n<p><a href=\"https:\/\/d2p6e6u75xmxt8.cloudfront.net\/4\/2019\/08\/horal-27.jpg\"><img loading=\"lazy\" decoding=\"async\" class=\"alignnone size-full wp-image-8068\" src=\"https:\/\/d2p6e6u75xmxt8.cloudfront.net\/4\/2019\/08\/horal-27.jpg\" alt=\"\" width=\"1200\" height=\"800\" \/><\/a><\/p>\n<p><strong>78 kilometrov na trati Lejzi<\/strong> pre\u0161iel s najlep\u0161\u00edm \u010dasom <strong>Patrik Kuril<\/strong>, medzi <strong>\u017eenami dominovala Simona Triznov\u00e1<\/strong>. Najpo\u010detnej\u0161ia \u0161tartov\u00e1 listina na trase <strong>Senzi<\/strong> si pre\u0161la 43 kilometrov, ktor\u00e9 zvl\u00e1dol najr\u00fdchlej\u0161ie <strong>Radovan B\u00edro\u0161 a v \u017eenskom osadenstve zv\u00ed\u0165azila Zuzana Juh\u00e1sov\u00e1<\/strong>. Tra\u0165 <strong>\u00cdzi<\/strong> s 28 km vyhral medzi mu\u017emi <strong>Samuel Kov\u00e1\u010d<\/strong>, ktor\u00fd patr\u00ed do kateg\u00f3rie kadetov. Medzi \u017eenami pre\u0165ala ako prv\u00e1 cie\u013eov\u00fa p\u00e1sku <strong>Anna Mikelov\u00e1<\/strong>. Tra\u0165 <strong>Dejzi<\/strong> v r\u00e1mci kateg\u00f3rie \u0160koda Family najlep\u0161ie zajazdili <strong>Sebasti\u00e1n a Andrej Michalec<\/strong>. Celkovo sa tejto kateg\u00f3rie z\u00fa\u010dastnilo 50 rodinn\u00fdch t\u00edmov, tak\u017ee novinka tohtoro\u010dnej s\u00e9rie zo\u017eala ve\u013ek\u00fd \u00faspech, a to aj na predo\u0161l\u00fdch kol\u00e1ch. Kompletn\u00e9 v\u00fdsledky v\u0161etk\u00fdch kateg\u00f3ri\u00ed n\u00e1jdete na <a href=\"https:\/\/sportsofttiming.sk\/sk\/zavod\/results\/3923?rid=4367\" target=\"_blank\" rel=\"noopener\">tomto odkaze<\/a>.<\/p>\n<div data-rows=\"1\" id='gallery-4' class='gallery-rows-1 gallery galleryid-8056 gallery-columns-3 gallery-size-full'><figure class='gallery-item'>\n\t\t\t<div class='gallery-icon landscape'>\n\t\t\t\t<a href='https:\/\/d2p6e6u75xmxt8.cloudfront.net\/4\/2019\/08\/horal-28.webp'><img loading=\"lazy\" decoding=\"async\" width=\"1200\" height=\"800\" src=\"https:\/\/d2p6e6u75xmxt8.cloudfront.net\/4\/2019\/08\/horal-28.webp\" class=\"attachment-full size-full\" alt=\"\" srcset=\"https:\/\/d2p6e6u75xmxt8.cloudfront.net\/4\/2019\/08\/horal-28.webp 1200w, https:\/\/d2p6e6u75xmxt8.cloudfront.net\/4\/2019\/08\/horal-28-300x200.webp 300w, https:\/\/d2p6e6u75xmxt8.cloudfront.net\/4\/2019\/08\/horal-28-1024x683.webp 1024w, https:\/\/d2p6e6u75xmxt8.cloudfront.net\/4\/2019\/08\/horal-28-768x512.webp 768w, https:\/\/d2p6e6u75xmxt8.cloudfront.net\/4\/2019\/08\/horal-28-272x182.webp 272w\" sizes=\"auto, (max-width: 1200px) 100vw, 1200px\" \/><\/a>\n\t\t\t<\/div><\/figure><figure class='gallery-item'>\n\t\t\t<div class='gallery-icon landscape'>\n\t\t\t\t<a href='https:\/\/d2p6e6u75xmxt8.cloudfront.net\/4\/2019\/08\/horal-29.webp'><img loading=\"lazy\" decoding=\"async\" width=\"1200\" height=\"800\" src=\"https:\/\/d2p6e6u75xmxt8.cloudfront.net\/4\/2019\/08\/horal-29.webp\" class=\"attachment-full size-full\" alt=\"\" srcset=\"https:\/\/d2p6e6u75xmxt8.cloudfront.net\/4\/2019\/08\/horal-29.webp 1200w, https:\/\/d2p6e6u75xmxt8.cloudfront.net\/4\/2019\/08\/horal-29-300x200.webp 300w, https:\/\/d2p6e6u75xmxt8.cloudfront.net\/4\/2019\/08\/horal-29-1024x683.webp 1024w, https:\/\/d2p6e6u75xmxt8.cloudfront.net\/4\/2019\/08\/horal-29-768x512.webp 768w, https:\/\/d2p6e6u75xmxt8.cloudfront.net\/4\/2019\/08\/horal-29-272x182.webp 272w\" sizes=\"auto, (max-width: 1200px) 100vw, 1200px\" \/><\/a>\n\t\t\t<\/div><\/figure><figure class='gallery-item'>\n\t\t\t<div class='gallery-icon landscape'>\n\t\t\t\t<a href='https:\/\/d2p6e6u75xmxt8.cloudfront.net\/4\/2019\/08\/horal-30.webp'><img loading=\"lazy\" decoding=\"async\" width=\"1200\" height=\"800\" src=\"https:\/\/d2p6e6u75xmxt8.cloudfront.net\/4\/2019\/08\/horal-30.webp\" class=\"attachment-full size-full\" alt=\"\" srcset=\"https:\/\/d2p6e6u75xmxt8.cloudfront.net\/4\/2019\/08\/horal-30.webp 1200w, https:\/\/d2p6e6u75xmxt8.cloudfront.net\/4\/2019\/08\/horal-30-300x200.webp 300w, https:\/\/d2p6e6u75xmxt8.cloudfront.net\/4\/2019\/08\/horal-30-1024x683.webp 1024w, https:\/\/d2p6e6u75xmxt8.cloudfront.net\/4\/2019\/08\/horal-30-768x512.webp 768w, https:\/\/d2p6e6u75xmxt8.cloudfront.net\/4\/2019\/08\/horal-30-272x182.webp 272w\" sizes=\"auto, (max-width: 1200px) 100vw, 1200px\" \/><\/a>\n\t\t\t<\/div><\/figure>\n\t\t<\/div>\n        \n<h2><strong>Ako dopadla s\u00e9ria \u0160koda BIKE OPEN TOUR 2019?<\/strong><\/h2>\n<p>Ro\u010dn\u00edk 2019 patr\u00ed k \u010fal\u0161\u00edm nezabudnute\u013en\u00fdm kapitol\u00e1m horskej cyklistiky na Slovensku. Po\u010das neho sa postavilo na \u0161tart dokopy neuverite\u013en\u00fdch 3 803 bikerov, ktor\u00ed si zmerali sily po\u010das piatich pretekov. Organiz\u00e1tori tento rok stavili na zelen\u0161\u00ed pr\u00edstup, ktor\u00fd na\u0161iel ve\u013ek\u00fa odozvu u pretek\u00e1rov aj n\u00e1v\u0161tevn\u00edkov. Spolo\u010dne sa tak podarilo <strong>v\u00fdrazne zn\u00ed\u017ei\u0165 mno\u017estvo odpadu po\u010das pretekov<\/strong> a dok\u00e1za\u0165, \u017ee aj tak\u00e9to podujatia sa daj\u00fa zorganizova\u0165 zelen\u0161ie. Vo Svite boli \u201ckorunovan\u00ed\u201d v\u00ed\u0165azi jednotliv\u00fdch kateg\u00f3ri\u00ed. Medzi mu\u017emi sa po ro\u010dnej prest\u00e1vke stal op\u00e4\u0165 <strong>absol\u00fatnym v\u00ed\u0165azom Karel Hartl<\/strong>, ktor\u00fd ovl\u00e1dol aj svoju kateg\u00f3riu. Medzi <strong>\u017eenami<\/strong> v absol\u00fatnom porad\u00ed a rovnako aj vo svojej kateg\u00f3rii dominovala <strong>Zuzana Juh\u00e1sov\u00e1<\/strong>. Kompletn\u00e9 v\u00fdsledky s\u00e9rie n\u00e1jdete na <a href=\"https:\/\/sportsofttiming.sk\/seriespdf\/20190810_skoda5.pdf\" target=\"_blank\" rel=\"noopener\">tomto odkaze<\/a>.<\/p>\n<div data-rows=\"1\" id='gallery-5' class='gallery-rows-1 gallery galleryid-8056 gallery-columns-2 gallery-size-full'><figure class='gallery-item'>\n\t\t\t<div class='gallery-icon landscape'>\n\t\t\t\t<a href='https:\/\/d2p6e6u75xmxt8.cloudfront.net\/4\/2019\/08\/horal-26.webp'><img loading=\"lazy\" decoding=\"async\" width=\"1200\" height=\"800\" src=\"https:\/\/d2p6e6u75xmxt8.cloudfront.net\/4\/2019\/08\/horal-26.webp\" class=\"attachment-full size-full\" alt=\"\" srcset=\"https:\/\/d2p6e6u75xmxt8.cloudfront.net\/4\/2019\/08\/horal-26.webp 1200w, https:\/\/d2p6e6u75xmxt8.cloudfront.net\/4\/2019\/08\/horal-26-300x200.webp 300w, https:\/\/d2p6e6u75xmxt8.cloudfront.net\/4\/2019\/08\/horal-26-1024x683.webp 1024w, https:\/\/d2p6e6u75xmxt8.cloudfront.net\/4\/2019\/08\/horal-26-768x512.webp 768w, https:\/\/d2p6e6u75xmxt8.cloudfront.net\/4\/2019\/08\/horal-26-272x182.webp 272w\" sizes=\"auto, (max-width: 1200px) 100vw, 1200px\" \/><\/a>\n\t\t\t<\/div><\/figure><figure class='gallery-item'>\n\t\t\t<div class='gallery-icon landscape'>\n\t\t\t\t<a href='https:\/\/d2p6e6u75xmxt8.cloudfront.net\/4\/2019\/08\/horal-31.webp'><img loading=\"lazy\" decoding=\"async\" width=\"1200\" height=\"800\" src=\"https:\/\/d2p6e6u75xmxt8.cloudfront.net\/4\/2019\/08\/horal-31.webp\" class=\"attachment-full size-full\" alt=\"\" srcset=\"https:\/\/d2p6e6u75xmxt8.cloudfront.net\/4\/2019\/08\/horal-31.webp 1200w, https:\/\/d2p6e6u75xmxt8.cloudfront.net\/4\/2019\/08\/horal-31-300x200.webp 300w, https:\/\/d2p6e6u75xmxt8.cloudfront.net\/4\/2019\/08\/horal-31-1024x683.webp 1024w, https:\/\/d2p6e6u75xmxt8.cloudfront.net\/4\/2019\/08\/horal-31-768x512.webp 768w, https:\/\/d2p6e6u75xmxt8.cloudfront.net\/4\/2019\/08\/horal-31-272x182.webp 272w\" sizes=\"auto, (max-width: 1200px) 100vw, 1200px\" \/><\/a>\n\t\t\t<\/div><\/figure>\n\t\t<\/div>\n        \n<h2><strong>\u010cere\u0161ni\u010dka na torte<\/strong><\/h2>\n<p>Tradi\u010dn\u00e1 tombola na z\u00e1ver pote\u0161ila pretek\u00e1rov \u0160koda HORAL MTB marat\u00f3nu, kde sa v\u00ed\u0165az prvej ceny mohol te\u0161i\u0165 z nov\u00e9ho cestn\u00e9ho bicykla \u0160koda v hodnote 964 \u20ac. Pozornos\u0165 vern\u00fdch \u00fa\u010dastn\u00edkov s\u00e9rie \u0160BOT 2019 sa ale s\u00fastredila na <strong>fin\u00e1lov\u00fa tombolu<\/strong>. V nej sa s\u00fa\u0165a\u017eilo o nov\u00fd automobil <strong>\u0160koda FABIA COMBI<\/strong>, pri\u010dom sa sta\u010dilo sa z\u00fa\u010dastni\u0165 aspo\u0148 4 podujat\u00ed s\u00e9rie. \u0160\u0165astie sa napokon usmialo na bikerku <strong>Martinu<\/strong>, ktor\u00e1 ako sa n\u00e1m vyjadrila v rozhovore, ktor\u00fd v\u00e1m \u010doskoro prinesieme na na\u0161ej str\u00e1nke, c\u00edtila \u201cv kostiach\u201d, \u017ee to aut\u00ed\u010dko skon\u010d\u00ed u nej:<\/p>\n<p><em>\u201cCel\u00fd de\u0148 som bola presved\u010den\u00e1, \u017ee by to mohlo vyjs\u0165. Ale to m\u00e1 \u010dlovek v\u017edy, ke\u010f nie\u010do chce vyhra\u0165 a zapojil sa. Ke\u010f v\u0161ak moder\u00e1tor povedal, \u017ee meno v\u00fdherkyne je Martina, man\u017eel u\u017e mi pod\u00e1val ob\u010diansky a u\u017e som vedela, \u017ee som to ja. Ani neviem, ako som pre\u0161la k p\u00f3diu. \u013dudia mi gratulovali, pod\u00e1vali ruky, dokonca aj tak\u00ed, ktor\u00fdch som nikdy nevidela. Bol to \u00fa\u017easn\u00fd pocit, cel\u00e1 som sa triasla. Cel\u00e9 mi to do\u0161lo asi a\u017e po ceste domov, ke\u010f som si to cel\u00e9 op\u00e4\u0165 &#8222;premietala&#8220;.\u201d<\/em> My jej srde\u010dne gratulujeme a \u017eel\u00e1me s nov\u00fdm autom ve\u013ea \u0161\u0165astn\u00fdch kilometrov!<\/p>\n<p><a href=\"https:\/\/d2p6e6u75xmxt8.cloudfront.net\/4\/2019\/08\/horal-32.jpg\"><img loading=\"lazy\" decoding=\"async\" class=\"alignnone size-full wp-image-8074\" src=\"https:\/\/d2p6e6u75xmxt8.cloudfront.net\/4\/2019\/08\/horal-32.jpg\" alt=\"\" width=\"1200\" height=\"800\" \/><\/a><\/p>\n<p>P\u00e1na <strong>Ivana Zimu, hlavn\u00e9ho organiz\u00e1tora marat\u00f3nu HORAL<\/strong>, sme sa sp\u00fdtali na jeho dojmy po ukon\u010den\u00ed 20. ro\u010dn\u00edka: <em>&#8222;Pri pr\u00edprav\u00e1ch 20. ro\u010dn\u00edka sme si dali ve\u013emi z\u00e1le\u017ea\u0165 na tom, aby to bol naozaj ro\u010dn\u00edk hodn\u00fd tohto jubilea. Organiza\u010dne v\u0161ekto dopadlo pod\u013ea na\u0161ich predst\u00e1v, st\u00e1le je v\u0161ak \u010do vylep\u0161ova\u0165. Dokonca aj po\u010dasie n\u00e1m prialo a tak sme mali sol\u00eddny po\u010det \u00fa\u010dastn\u00edkov. 857 na Horalovi a 83 det\u00ed na HORALovi JUNIOR. Do bud\u00facna sa chceme zamera\u0165 na vy\u0161\u0161\u00ed po\u010det \u00fa\u010dastn\u00edkov a to hlavne zo zahrani\u010dia. Tam c\u00edtime najv\u00e4\u010d\u0161ie medzery. Chceli by sme, aby bol Horal e\u0161te viac medzin\u00e1rodn\u00fd. Ekologick\u00fd pr\u00edstup prijali cyklisti s pochopen\u00edm a na trati se zaznamenali ove\u013ea men\u0161\u00ed po\u010det odpadkov ako v minulosti. Ve\u013ek\u00e9 medzery st\u00e1le zost\u00e1vaj\u00fa v separ\u00e1cii odpadu. Je nutn\u00fd v\u00e4\u010d\u0161\u00ed po\u010det kontajnerov na odpadky, musia by\u0165 jednozna\u010dne ozna\u010den\u00e9 a \u013eu\u010fom je nutn\u00e9 st\u00e1le vysvet\u013eova\u0165, \u010do kam patr\u00ed. V tomto smere n\u00e1s \u010dak\u00e1 e\u0161te ve\u013ea pr\u00e1ce.&#8220;<\/em><\/p>\n<p>Ve\u013ek\u00e1 v\u010faka patr\u00ed v\u00e1m v\u0161etk\u00fdm milovn\u00edkom cyklistiky, bez ktor\u00fdch by tak\u00e9to projekty nemali zmysel. Ver\u00edme, \u017ee ste si tohtoro\u010dn\u00fa s\u00e9riu s nami poriadne u\u017eili a vid\u00edme sa v roku 2020 :). Postupne u\u017e za\u010d\u00edname pracova\u0165 na novink\u00e1ch a ur\u010dite sa V\u00e1s &#8211; bikerov, budeme p\u00fdta\u0165 a po\u010d\u00fava\u0165 Va\u0161e n\u00e1zory. Rok 2020 bude magick\u00fd!<\/p>\n<div data-rows=\"1\" id='gallery-6' class='gallery-rows-1 gallery galleryid-8056 gallery-columns-3 gallery-size-full'><figure class='gallery-item'>\n\t\t\t<div class='gallery-icon landscape'>\n\t\t\t\t<a href='https:\/\/d2p6e6u75xmxt8.cloudfront.net\/4\/2019\/08\/horal-3-1.webp'><img loading=\"lazy\" decoding=\"async\" width=\"1200\" height=\"800\" src=\"https:\/\/d2p6e6u75xmxt8.cloudfront.net\/4\/2019\/08\/horal-3-1.webp\" class=\"attachment-full size-full\" alt=\"\" srcset=\"https:\/\/d2p6e6u75xmxt8.cloudfront.net\/4\/2019\/08\/horal-3-1.webp 1200w, https:\/\/d2p6e6u75xmxt8.cloudfront.net\/4\/2019\/08\/horal-3-1-300x200.webp 300w, https:\/\/d2p6e6u75xmxt8.cloudfront.net\/4\/2019\/08\/horal-3-1-1024x683.webp 1024w, https:\/\/d2p6e6u75xmxt8.cloudfront.net\/4\/2019\/08\/horal-3-1-768x512.webp 768w, https:\/\/d2p6e6u75xmxt8.cloudfront.net\/4\/2019\/08\/horal-3-1-272x182.webp 272w\" sizes=\"auto, (max-width: 1200px) 100vw, 1200px\" \/><\/a>\n\t\t\t<\/div><\/figure><figure class='gallery-item'>\n\t\t\t<div class='gallery-icon landscape'>\n\t\t\t\t<a href='https:\/\/d2p6e6u75xmxt8.cloudfront.net\/4\/2019\/08\/horal-4.webp'><img loading=\"lazy\" decoding=\"async\" width=\"1200\" height=\"800\" src=\"https:\/\/d2p6e6u75xmxt8.cloudfront.net\/4\/2019\/08\/horal-4.webp\" class=\"attachment-full size-full\" alt=\"\" srcset=\"https:\/\/d2p6e6u75xmxt8.cloudfront.net\/4\/2019\/08\/horal-4.webp 1200w, https:\/\/d2p6e6u75xmxt8.cloudfront.net\/4\/2019\/08\/horal-4-300x200.webp 300w, https:\/\/d2p6e6u75xmxt8.cloudfront.net\/4\/2019\/08\/horal-4-1024x683.webp 1024w, https:\/\/d2p6e6u75xmxt8.cloudfront.net\/4\/2019\/08\/horal-4-768x512.webp 768w, https:\/\/d2p6e6u75xmxt8.cloudfront.net\/4\/2019\/08\/horal-4-272x182.webp 272w\" sizes=\"auto, (max-width: 1200px) 100vw, 1200px\" \/><\/a>\n\t\t\t<\/div><\/figure><figure class='gallery-item'>\n\t\t\t<div class='gallery-icon landscape'>\n\t\t\t\t<a href='https:\/\/d2p6e6u75xmxt8.cloudfront.net\/4\/2019\/08\/horal-5-1.webp'><img loading=\"lazy\" decoding=\"async\" width=\"1200\" height=\"800\" src=\"https:\/\/d2p6e6u75xmxt8.cloudfront.net\/4\/2019\/08\/horal-5-1.webp\" class=\"attachment-full size-full\" alt=\"\" srcset=\"https:\/\/d2p6e6u75xmxt8.cloudfront.net\/4\/2019\/08\/horal-5-1.webp 1200w, https:\/\/d2p6e6u75xmxt8.cloudfront.net\/4\/2019\/08\/horal-5-1-300x200.webp 300w, https:\/\/d2p6e6u75xmxt8.cloudfront.net\/4\/2019\/08\/horal-5-1-1024x683.webp 1024w, https:\/\/d2p6e6u75xmxt8.cloudfront.net\/4\/2019\/08\/horal-5-1-768x512.webp 768w, https:\/\/d2p6e6u75xmxt8.cloudfront.net\/4\/2019\/08\/horal-5-1-272x182.webp 272w\" sizes=\"auto, (max-width: 1200px) 100vw, 1200px\" \/><\/a>\n\t\t\t<\/div><\/figure><figure class='gallery-item'>\n\t\t\t<div class='gallery-icon landscape'>\n\t\t\t\t<a href='https:\/\/d2p6e6u75xmxt8.cloudfront.net\/4\/2019\/08\/horal-6-1.webp'><img loading=\"lazy\" decoding=\"async\" width=\"1200\" height=\"800\" src=\"https:\/\/d2p6e6u75xmxt8.cloudfront.net\/4\/2019\/08\/horal-6-1.webp\" class=\"attachment-full size-full\" alt=\"\" srcset=\"https:\/\/d2p6e6u75xmxt8.cloudfront.net\/4\/2019\/08\/horal-6-1.webp 1200w, https:\/\/d2p6e6u75xmxt8.cloudfront.net\/4\/2019\/08\/horal-6-1-300x200.webp 300w, https:\/\/d2p6e6u75xmxt8.cloudfront.net\/4\/2019\/08\/horal-6-1-1024x683.webp 1024w, https:\/\/d2p6e6u75xmxt8.cloudfront.net\/4\/2019\/08\/horal-6-1-768x512.webp 768w, https:\/\/d2p6e6u75xmxt8.cloudfront.net\/4\/2019\/08\/horal-6-1-272x182.webp 272w\" sizes=\"auto, (max-width: 1200px) 100vw, 1200px\" \/><\/a>\n\t\t\t<\/div><\/figure><figure class='gallery-item'>\n\t\t\t<div class='gallery-icon landscape'>\n\t\t\t\t<a href='https:\/\/d2p6e6u75xmxt8.cloudfront.net\/4\/2019\/08\/horal-7.webp'><img loading=\"lazy\" decoding=\"async\" width=\"1200\" height=\"800\" src=\"https:\/\/d2p6e6u75xmxt8.cloudfront.net\/4\/2019\/08\/horal-7.webp\" class=\"attachment-full size-full\" alt=\"\" srcset=\"https:\/\/d2p6e6u75xmxt8.cloudfront.net\/4\/2019\/08\/horal-7.webp 1200w, https:\/\/d2p6e6u75xmxt8.cloudfront.net\/4\/2019\/08\/horal-7-300x200.webp 300w, https:\/\/d2p6e6u75xmxt8.cloudfront.net\/4\/2019\/08\/horal-7-1024x683.webp 1024w, https:\/\/d2p6e6u75xmxt8.cloudfront.net\/4\/2019\/08\/horal-7-768x512.webp 768w, https:\/\/d2p6e6u75xmxt8.cloudfront.net\/4\/2019\/08\/horal-7-272x182.webp 272w\" sizes=\"auto, (max-width: 1200px) 100vw, 1200px\" \/><\/a>\n\t\t\t<\/div><\/figure><figure class='gallery-item'>\n\t\t\t<div class='gallery-icon landscape'>\n\t\t\t\t<a href='https:\/\/d2p6e6u75xmxt8.cloudfront.net\/4\/2019\/08\/horal-8.webp'><img loading=\"lazy\" decoding=\"async\" width=\"1200\" height=\"800\" src=\"https:\/\/d2p6e6u75xmxt8.cloudfront.net\/4\/2019\/08\/horal-8.webp\" class=\"attachment-full size-full\" alt=\"\" srcset=\"https:\/\/d2p6e6u75xmxt8.cloudfront.net\/4\/2019\/08\/horal-8.webp 1200w, https:\/\/d2p6e6u75xmxt8.cloudfront.net\/4\/2019\/08\/horal-8-300x200.webp 300w, https:\/\/d2p6e6u75xmxt8.cloudfront.net\/4\/2019\/08\/horal-8-1024x683.webp 1024w, https:\/\/d2p6e6u75xmxt8.cloudfront.net\/4\/2019\/08\/horal-8-768x512.webp 768w, https:\/\/d2p6e6u75xmxt8.cloudfront.net\/4\/2019\/08\/horal-8-272x182.webp 272w\" sizes=\"auto, (max-width: 1200px) 100vw, 1200px\" \/><\/a>\n\t\t\t<\/div><\/figure><figure class='gallery-item'>\n\t\t\t<div class='gallery-icon landscape'>\n\t\t\t\t<a href='https:\/\/d2p6e6u75xmxt8.cloudfront.net\/4\/2019\/08\/horal-9-1.webp'><img loading=\"lazy\" decoding=\"async\" width=\"1200\" height=\"800\" src=\"https:\/\/d2p6e6u75xmxt8.cloudfront.net\/4\/2019\/08\/horal-9-1.webp\" class=\"attachment-full size-full\" alt=\"\" srcset=\"https:\/\/d2p6e6u75xmxt8.cloudfront.net\/4\/2019\/08\/horal-9-1.webp 1200w, https:\/\/d2p6e6u75xmxt8.cloudfront.net\/4\/2019\/08\/horal-9-1-300x200.webp 300w, https:\/\/d2p6e6u75xmxt8.cloudfront.net\/4\/2019\/08\/horal-9-1-1024x683.webp 1024w, https:\/\/d2p6e6u75xmxt8.cloudfront.net\/4\/2019\/08\/horal-9-1-768x512.webp 768w, https:\/\/d2p6e6u75xmxt8.cloudfront.net\/4\/2019\/08\/horal-9-1-272x182.webp 272w\" sizes=\"auto, (max-width: 1200px) 100vw, 1200px\" \/><\/a>\n\t\t\t<\/div><\/figure><figure class='gallery-item'>\n\t\t\t<div class='gallery-icon landscape'>\n\t\t\t\t<a href='https:\/\/d2p6e6u75xmxt8.cloudfront.net\/4\/2019\/08\/horal-11-1.webp'><img loading=\"lazy\" decoding=\"async\" width=\"1200\" height=\"800\" src=\"https:\/\/d2p6e6u75xmxt8.cloudfront.net\/4\/2019\/08\/horal-11-1.webp\" class=\"attachment-full size-full\" alt=\"\" srcset=\"https:\/\/d2p6e6u75xmxt8.cloudfront.net\/4\/2019\/08\/horal-11-1.webp 1200w, https:\/\/d2p6e6u75xmxt8.cloudfront.net\/4\/2019\/08\/horal-11-1-300x200.webp 300w, https:\/\/d2p6e6u75xmxt8.cloudfront.net\/4\/2019\/08\/horal-11-1-1024x683.webp 1024w, https:\/\/d2p6e6u75xmxt8.cloudfront.net\/4\/2019\/08\/horal-11-1-768x512.webp 768w, https:\/\/d2p6e6u75xmxt8.cloudfront.net\/4\/2019\/08\/horal-11-1-272x182.webp 272w\" sizes=\"auto, (max-width: 1200px) 100vw, 1200px\" \/><\/a>\n\t\t\t<\/div><\/figure><figure class='gallery-item'>\n\t\t\t<div class='gallery-icon landscape'>\n\t\t\t\t<a href='https:\/\/d2p6e6u75xmxt8.cloudfront.net\/4\/2019\/08\/horal-13-1.webp'><img loading=\"lazy\" decoding=\"async\" width=\"1200\" height=\"800\" src=\"https:\/\/d2p6e6u75xmxt8.cloudfront.net\/4\/2019\/08\/horal-13-1.webp\" class=\"attachment-full size-full\" alt=\"\" srcset=\"https:\/\/d2p6e6u75xmxt8.cloudfront.net\/4\/2019\/08\/horal-13-1.webp 1200w, https:\/\/d2p6e6u75xmxt8.cloudfront.net\/4\/2019\/08\/horal-13-1-300x200.webp 300w, https:\/\/d2p6e6u75xmxt8.cloudfront.net\/4\/2019\/08\/horal-13-1-1024x683.webp 1024w, https:\/\/d2p6e6u75xmxt8.cloudfront.net\/4\/2019\/08\/horal-13-1-768x512.webp 768w, https:\/\/d2p6e6u75xmxt8.cloudfront.net\/4\/2019\/08\/horal-13-1-272x182.webp 272w\" sizes=\"auto, (max-width: 1200px) 100vw, 1200px\" \/><\/a>\n\t\t\t<\/div><\/figure><figure class='gallery-item'>\n\t\t\t<div class='gallery-icon landscape'>\n\t\t\t\t<a href='https:\/\/d2p6e6u75xmxt8.cloudfront.net\/4\/2019\/08\/horal-16-1.webp'><img loading=\"lazy\" decoding=\"async\" width=\"1200\" height=\"800\" src=\"https:\/\/d2p6e6u75xmxt8.cloudfront.net\/4\/2019\/08\/horal-16-1.webp\" class=\"attachment-full size-full\" alt=\"\" srcset=\"https:\/\/d2p6e6u75xmxt8.cloudfront.net\/4\/2019\/08\/horal-16-1.webp 1200w, https:\/\/d2p6e6u75xmxt8.cloudfront.net\/4\/2019\/08\/horal-16-1-300x200.webp 300w, https:\/\/d2p6e6u75xmxt8.cloudfront.net\/4\/2019\/08\/horal-16-1-1024x683.webp 1024w, https:\/\/d2p6e6u75xmxt8.cloudfront.net\/4\/2019\/08\/horal-16-1-768x512.webp 768w, https:\/\/d2p6e6u75xmxt8.cloudfront.net\/4\/2019\/08\/horal-16-1-272x182.webp 272w\" sizes=\"auto, (max-width: 1200px) 100vw, 1200px\" \/><\/a>\n\t\t\t<\/div><\/figure><figure class='gallery-item'>\n\t\t\t<div class='gallery-icon landscape'>\n\t\t\t\t<a href='https:\/\/d2p6e6u75xmxt8.cloudfront.net\/4\/2019\/08\/horal-17-1.webp'><img loading=\"lazy\" decoding=\"async\" width=\"1200\" height=\"800\" src=\"https:\/\/d2p6e6u75xmxt8.cloudfront.net\/4\/2019\/08\/horal-17-1.webp\" class=\"attachment-full size-full\" alt=\"\" srcset=\"https:\/\/d2p6e6u75xmxt8.cloudfront.net\/4\/2019\/08\/horal-17-1.webp 1200w, https:\/\/d2p6e6u75xmxt8.cloudfront.net\/4\/2019\/08\/horal-17-1-300x200.webp 300w, https:\/\/d2p6e6u75xmxt8.cloudfront.net\/4\/2019\/08\/horal-17-1-1024x683.webp 1024w, https:\/\/d2p6e6u75xmxt8.cloudfront.net\/4\/2019\/08\/horal-17-1-768x512.webp 768w, https:\/\/d2p6e6u75xmxt8.cloudfront.net\/4\/2019\/08\/horal-17-1-272x182.webp 272w\" sizes=\"auto, (max-width: 1200px) 100vw, 1200px\" \/><\/a>\n\t\t\t<\/div><\/figure><figure class='gallery-item'>\n\t\t\t<div class='gallery-icon landscape'>\n\t\t\t\t<a href='https:\/\/d2p6e6u75xmxt8.cloudfront.net\/4\/2019\/08\/horal-18.webp'><img loading=\"lazy\" decoding=\"async\" width=\"1200\" height=\"800\" src=\"https:\/\/d2p6e6u75xmxt8.cloudfront.net\/4\/2019\/08\/horal-18.webp\" class=\"attachment-full size-full\" alt=\"\" srcset=\"https:\/\/d2p6e6u75xmxt8.cloudfront.net\/4\/2019\/08\/horal-18.webp 1200w, https:\/\/d2p6e6u75xmxt8.cloudfront.net\/4\/2019\/08\/horal-18-300x200.webp 300w, https:\/\/d2p6e6u75xmxt8.cloudfront.net\/4\/2019\/08\/horal-18-1024x683.webp 1024w, https:\/\/d2p6e6u75xmxt8.cloudfront.net\/4\/2019\/08\/horal-18-768x512.webp 768w, https:\/\/d2p6e6u75xmxt8.cloudfront.net\/4\/2019\/08\/horal-18-272x182.webp 272w\" sizes=\"auto, (max-width: 1200px) 100vw, 1200px\" \/><\/a>\n\t\t\t<\/div><\/figure><figure class='gallery-item'>\n\t\t\t<div class='gallery-icon landscape'>\n\t\t\t\t<a href='https:\/\/d2p6e6u75xmxt8.cloudfront.net\/4\/2019\/08\/horal-21.webp'><img loading=\"lazy\" decoding=\"async\" width=\"1200\" height=\"800\" src=\"https:\/\/d2p6e6u75xmxt8.cloudfront.net\/4\/2019\/08\/horal-21.webp\" class=\"attachment-full size-full\" alt=\"\" srcset=\"https:\/\/d2p6e6u75xmxt8.cloudfront.net\/4\/2019\/08\/horal-21.webp 1200w, https:\/\/d2p6e6u75xmxt8.cloudfront.net\/4\/2019\/08\/horal-21-300x200.webp 300w, https:\/\/d2p6e6u75xmxt8.cloudfront.net\/4\/2019\/08\/horal-21-1024x683.webp 1024w, https:\/\/d2p6e6u75xmxt8.cloudfront.net\/4\/2019\/08\/horal-21-768x512.webp 768w, https:\/\/d2p6e6u75xmxt8.cloudfront.net\/4\/2019\/08\/horal-21-272x182.webp 272w\" sizes=\"auto, (max-width: 1200px) 100vw, 1200px\" \/><\/a>\n\t\t\t<\/div><\/figure><figure class='gallery-item'>\n\t\t\t<div class='gallery-icon landscape'>\n\t\t\t\t<a href='https:\/\/d2p6e6u75xmxt8.cloudfront.net\/4\/2019\/08\/horal-23.webp'><img loading=\"lazy\" decoding=\"async\" width=\"1200\" height=\"800\" src=\"https:\/\/d2p6e6u75xmxt8.cloudfront.net\/4\/2019\/08\/horal-23.webp\" class=\"attachment-full size-full\" alt=\"\" srcset=\"https:\/\/d2p6e6u75xmxt8.cloudfront.net\/4\/2019\/08\/horal-23.webp 1200w, https:\/\/d2p6e6u75xmxt8.cloudfront.net\/4\/2019\/08\/horal-23-300x200.webp 300w, https:\/\/d2p6e6u75xmxt8.cloudfront.net\/4\/2019\/08\/horal-23-1024x683.webp 1024w, https:\/\/d2p6e6u75xmxt8.cloudfront.net\/4\/2019\/08\/horal-23-768x512.webp 768w, https:\/\/d2p6e6u75xmxt8.cloudfront.net\/4\/2019\/08\/horal-23-272x182.webp 272w\" sizes=\"auto, (max-width: 1200px) 100vw, 1200px\" \/><\/a>\n\t\t\t<\/div><\/figure><figure class='gallery-item'>\n\t\t\t<div class='gallery-icon landscape'>\n\t\t\t\t<a href='https:\/\/d2p6e6u75xmxt8.cloudfront.net\/4\/2019\/08\/horal-25.webp'><img loading=\"lazy\" decoding=\"async\" width=\"1200\" height=\"800\" src=\"https:\/\/d2p6e6u75xmxt8.cloudfront.net\/4\/2019\/08\/horal-25.webp\" class=\"attachment-full size-full\" alt=\"\" srcset=\"https:\/\/d2p6e6u75xmxt8.cloudfront.net\/4\/2019\/08\/horal-25.webp 1200w, https:\/\/d2p6e6u75xmxt8.cloudfront.net\/4\/2019\/08\/horal-25-300x200.webp 300w, https:\/\/d2p6e6u75xmxt8.cloudfront.net\/4\/2019\/08\/horal-25-1024x683.webp 1024w, https:\/\/d2p6e6u75xmxt8.cloudfront.net\/4\/2019\/08\/horal-25-768x512.webp 768w, https:\/\/d2p6e6u75xmxt8.cloudfront.net\/4\/2019\/08\/horal-25-272x182.webp 272w\" sizes=\"auto, (max-width: 1200px) 100vw, 1200px\" \/><\/a>\n\t\t\t<\/div><\/figure>\n\t\t<\/div>\n        \n<p><em>Viac fotiek po rozkliknut\u00ed a cel\u00fa gal\u00e9riu n\u00e1jdete na <a href=\"https:\/\/www.welovecycling.com\/sk\/2019\/08\/14\/foto-skoda-horal-mtb-maraton-2019\/\">tomto odkaze<\/a><\/em><\/p>\n","protected":false},"excerpt":{"rendered":"<p>Neuverite\u013en\u00e9 sa stalo skuto\u010dnos\u0165ou, \u0161iesty ro\u010dn\u00edk s\u00e9rie \u0160koda BIKE OPEN TOUR je definit\u00edvne za nami. A jej z\u00e1ver mal podobu [&hellip;]<\/p>\n","protected":false},"author":38,"featured_media":8057,"comment_status":"open","ping_status":"open","sticky":false,"template":"","format":"standard","meta":{"footnotes":""},"categories":[38,33],"tags":[180,571,178,412,179,474,542,1009,562,35,77,963,214,468,555,92,213],"global-categories":[],"class_list":["post-8056","post","type-post","status-publish","format-standard","has-post-thumbnail","hentry","category-reportaz","category-sbot","tag-horska-cyklistika","tag-kralova-hola","tag-maraton","tag-mtb","tag-preteky","tag-rodinny-maraton","tag-skoda","tag-skoda-auto","tag-skoda-bicykel","tag-sbot","tag-skoda-dedina","tag-skoda-fabia","tag-skoda-horal-mtb-maraton","tag-skoda-karoq","tag-skoda-kodiaq","tag-skoda-tim","tag-svit"],"yoast_head":"<!-- This site is optimized with the Yoast SEO Premium plugin v25.3 (Yoast SEO v25.9) - https:\/\/yoast.com\/wordpress\/plugins\/seo\/ -->\n<title>Report\u00e1\u017e: \u0160koda HORAL MTB marat\u00f3n - fin\u00e1le ako sa patr\u00ed<\/title>\n<meta name=\"description\" content=\"Neuverite\u013en\u00e9 sa stalo skuto\u010dnos\u0165ou, \u0161iesty ro\u010dn\u00edk s\u00e9rie \u0160koda BIKE OPEN TOUR je definit\u00edvne za nami. Pozrime sa no, ako vyzeral.\" \/>\n<meta name=\"robots\" content=\"index, follow, max-snippet:-1, max-image-preview:large, max-video-preview:-1\" \/>\n<link rel=\"canonical\" href=\"https:\/\/www.welovecycling.com\/sk\/2019\/08\/15\/reportaz-skoda-horal-mtb-maraton-finale-ako-sa-patri\/\" \/>\n<meta property=\"og:locale\" content=\"sk_SK\" \/>\n<meta property=\"og:type\" content=\"article\" \/>\n<meta property=\"og:title\" content=\"Report\u00e1\u017e: \u0160koda HORAL MTB marat\u00f3n - fin\u00e1le ako sa patr\u00ed\" \/>\n<meta property=\"og:description\" content=\"Neuverite\u013en\u00e9 sa stalo skuto\u010dnos\u0165ou, \u0161iesty ro\u010dn\u00edk s\u00e9rie \u0160koda BIKE OPEN TOUR je definit\u00edvne za nami. Pozrime sa no, ako vyzeral.\" \/>\n<meta property=\"og:url\" content=\"https:\/\/www.welovecycling.com\/sk\/2019\/08\/15\/reportaz-skoda-horal-mtb-maraton-finale-ako-sa-patri\/\" \/>\n<meta property=\"og:site_name\" content=\"\u0160koda We Love Cycling Slovensko\" \/>\n<meta property=\"article:published_time\" content=\"2019-08-15T13:25:33+00:00\" \/>\n<meta property=\"article:modified_time\" content=\"2023-04-19T09:57:31+00:00\" \/>\n<meta property=\"og:image\" content=\"https:\/\/d2p6e6u75xmxt8.cloudfront.net\/4\/2019\/08\/titulka-1.webp\" \/>\n\t<meta property=\"og:image:width\" content=\"1380\" \/>\n\t<meta property=\"og:image:height\" content=\"600\" \/>\n\t<meta property=\"og:image:type\" content=\"image\/webp\" \/>\n<meta name=\"author\" content=\"Ondrej Ga\u0161par\" \/>\n<meta name=\"twitter:card\" content=\"summary_large_image\" \/>\n<meta name=\"twitter:label1\" content=\"Written by\" \/>\n\t<meta name=\"twitter:data1\" content=\"We Love Cycling\" \/>\n\t<meta name=\"twitter:label2\" content=\"Est. reading time\" \/>\n\t<meta name=\"twitter:data2\" content=\"6\" \/>\n<script type=\"application\/ld+json\" class=\"yoast-schema-graph\">{\"@context\":\"https:\/\/schema.org\",\"@graph\":[{\"@type\":\"WebPage\",\"@id\":\"https:\/\/www.welovecycling.com\/sk\/2019\/08\/15\/reportaz-skoda-horal-mtb-maraton-finale-ako-sa-patri\/\",\"url\":\"https:\/\/www.welovecycling.com\/sk\/2019\/08\/15\/reportaz-skoda-horal-mtb-maraton-finale-ako-sa-patri\/\",\"name\":\"Report\u00e1\u017e: \u0160koda HORAL MTB marat\u00f3n - fin\u00e1le ako sa patr\u00ed\",\"isPartOf\":{\"@id\":\"https:\/\/www.welovecycling.com\/sk\/#website\"},\"primaryImageOfPage\":{\"@id\":\"https:\/\/www.welovecycling.com\/sk\/2019\/08\/15\/reportaz-skoda-horal-mtb-maraton-finale-ako-sa-patri\/#primaryimage\"},\"image\":{\"@id\":\"https:\/\/www.welovecycling.com\/sk\/2019\/08\/15\/reportaz-skoda-horal-mtb-maraton-finale-ako-sa-patri\/#primaryimage\"},\"thumbnailUrl\":\"https:\/\/d2p6e6u75xmxt8.cloudfront.net\/4\/2019\/08\/titulka-1.webp\",\"datePublished\":\"2019-08-15T13:25:33+00:00\",\"dateModified\":\"2023-04-19T09:57:31+00:00\",\"author\":{\"@id\":\"https:\/\/www.welovecycling.com\/sk\/#\/schema\/person\/8ee09ba39b7e25b1870160aa5b3a89bc\"},\"description\":\"Neuverite\u013en\u00e9 sa stalo skuto\u010dnos\u0165ou, \u0161iesty ro\u010dn\u00edk s\u00e9rie \u0160koda BIKE OPEN TOUR je definit\u00edvne za nami. Pozrime sa no, ako vyzeral.\",\"breadcrumb\":{\"@id\":\"https:\/\/www.welovecycling.com\/sk\/2019\/08\/15\/reportaz-skoda-horal-mtb-maraton-finale-ako-sa-patri\/#breadcrumb\"},\"inLanguage\":\"sk-SK\",\"potentialAction\":[{\"@type\":\"ReadAction\",\"target\":[\"https:\/\/www.welovecycling.com\/sk\/2019\/08\/15\/reportaz-skoda-horal-mtb-maraton-finale-ako-sa-patri\/\"]}]},{\"@type\":\"ImageObject\",\"inLanguage\":\"sk-SK\",\"@id\":\"https:\/\/www.welovecycling.com\/sk\/2019\/08\/15\/reportaz-skoda-horal-mtb-maraton-finale-ako-sa-patri\/#primaryimage\",\"url\":\"https:\/\/d2p6e6u75xmxt8.cloudfront.net\/4\/2019\/08\/titulka-1.webp\",\"contentUrl\":\"https:\/\/d2p6e6u75xmxt8.cloudfront.net\/4\/2019\/08\/titulka-1.webp\",\"width\":1380,\"height\":600},{\"@type\":\"BreadcrumbList\",\"@id\":\"https:\/\/www.welovecycling.com\/sk\/2019\/08\/15\/reportaz-skoda-horal-mtb-maraton-finale-ako-sa-patri\/#breadcrumb\",\"itemListElement\":[{\"@type\":\"ListItem\",\"position\":1,\"name\":\"Home\",\"item\":\"https:\/\/www.welovecycling.com\/sk\/\"},{\"@type\":\"ListItem\",\"position\":2,\"name\":\"Report\u00e1\u017e: \u0160koda HORAL MTB marat\u00f3n &#8211; fin\u00e1le ako sa patr\u00ed\"}]},{\"@type\":\"WebSite\",\"@id\":\"https:\/\/www.welovecycling.com\/sk\/#website\",\"url\":\"https:\/\/www.welovecycling.com\/sk\/\",\"name\":\"\u0160koda We Love Cycling Slovensko\",\"description\":\"\u0160koda We Love Cycling Slovensko je v\u00e1\u0161 ka\u017edodenn\u00fd zdroj noviniek a in\u0161pir\u00e1cie z sveta cyklistiky\",\"potentialAction\":[{\"@type\":\"SearchAction\",\"target\":{\"@type\":\"EntryPoint\",\"urlTemplate\":\"https:\/\/www.welovecycling.com\/sk\/?s={search_term_string}\"},\"query-input\":{\"@type\":\"PropertyValueSpecification\",\"valueRequired\":true,\"valueName\":\"search_term_string\"}}],\"inLanguage\":\"sk-SK\"},{\"@type\":\"Person\",\"@id\":\"https:\/\/www.welovecycling.com\/sk\/#\/schema\/person\/8ee09ba39b7e25b1870160aa5b3a89bc\",\"name\":\"Ondrej Ga\u0161par\",\"image\":{\"@type\":\"ImageObject\",\"inLanguage\":\"sk-SK\",\"@id\":\"https:\/\/www.welovecycling.com\/sk\/#\/schema\/person\/image\/\",\"url\":\"https:\/\/secure.gravatar.com\/avatar\/6126c9afb87b70da5abbb083ddbb21933da15f18f8ca7cb822aba0fb096a48f6?s=96&d=mm&r=g\",\"contentUrl\":\"https:\/\/secure.gravatar.com\/avatar\/6126c9afb87b70da5abbb083ddbb21933da15f18f8ca7cb822aba0fb096a48f6?s=96&d=mm&r=g\",\"caption\":\"Ondrej Ga\u0161par\"},\"url\":\"https:\/\/www.welovecycling.com\/sk\/author\/ondrejgaspar\/\"}]}<\/script>\n<!-- \/ Yoast SEO Premium plugin. -->","yoast_head_json":{"title":"Report\u00e1\u017e: \u0160koda HORAL MTB marat\u00f3n - fin\u00e1le ako sa patr\u00ed","description":"Neuverite\u013en\u00e9 sa stalo skuto\u010dnos\u0165ou, \u0161iesty ro\u010dn\u00edk s\u00e9rie \u0160koda BIKE OPEN TOUR je definit\u00edvne za nami. Pozrime sa no, ako vyzeral.","robots":{"index":"index","follow":"follow","max-snippet":"max-snippet:-1","max-image-preview":"max-image-preview:large","max-video-preview":"max-video-preview:-1"},"canonical":"https:\/\/www.welovecycling.com\/sk\/2019\/08\/15\/reportaz-skoda-horal-mtb-maraton-finale-ako-sa-patri\/","og_locale":"sk_SK","og_type":"article","og_title":"Report\u00e1\u017e: \u0160koda HORAL MTB marat\u00f3n - fin\u00e1le ako sa patr\u00ed","og_description":"Neuverite\u013en\u00e9 sa stalo skuto\u010dnos\u0165ou, \u0161iesty ro\u010dn\u00edk s\u00e9rie \u0160koda BIKE OPEN TOUR je definit\u00edvne za nami. Pozrime sa no, ako vyzeral.","og_url":"https:\/\/www.welovecycling.com\/sk\/2019\/08\/15\/reportaz-skoda-horal-mtb-maraton-finale-ako-sa-patri\/","og_site_name":"\u0160koda We Love Cycling Slovensko","article_published_time":"2019-08-15T13:25:33+00:00","article_modified_time":"2023-04-19T09:57:31+00:00","og_image":[{"width":1380,"height":600,"url":"https:\/\/d2p6e6u75xmxt8.cloudfront.net\/4\/2019\/08\/titulka-1.webp","type":"image\/webp"}],"author":"Ondrej Ga\u0161par","twitter_card":"summary_large_image","twitter_misc":{"Written by":"We Love Cycling","Est. reading time":"6"},"schema":{"@context":"https:\/\/schema.org","@graph":[{"@type":"WebPage","@id":"https:\/\/www.welovecycling.com\/sk\/2019\/08\/15\/reportaz-skoda-horal-mtb-maraton-finale-ako-sa-patri\/","url":"https:\/\/www.welovecycling.com\/sk\/2019\/08\/15\/reportaz-skoda-horal-mtb-maraton-finale-ako-sa-patri\/","name":"Report\u00e1\u017e: \u0160koda HORAL MTB marat\u00f3n - fin\u00e1le ako sa patr\u00ed","isPartOf":{"@id":"https:\/\/www.welovecycling.com\/sk\/#website"},"primaryImageOfPage":{"@id":"https:\/\/www.welovecycling.com\/sk\/2019\/08\/15\/reportaz-skoda-horal-mtb-maraton-finale-ako-sa-patri\/#primaryimage"},"image":{"@id":"https:\/\/www.welovecycling.com\/sk\/2019\/08\/15\/reportaz-skoda-horal-mtb-maraton-finale-ako-sa-patri\/#primaryimage"},"thumbnailUrl":"https:\/\/d2p6e6u75xmxt8.cloudfront.net\/4\/2019\/08\/titulka-1.webp","datePublished":"2019-08-15T13:25:33+00:00","dateModified":"2023-04-19T09:57:31+00:00","author":{"@id":"https:\/\/www.welovecycling.com\/sk\/#\/schema\/person\/8ee09ba39b7e25b1870160aa5b3a89bc"},"description":"Neuverite\u013en\u00e9 sa stalo skuto\u010dnos\u0165ou, \u0161iesty ro\u010dn\u00edk s\u00e9rie \u0160koda BIKE OPEN TOUR je definit\u00edvne za nami. Pozrime sa no, ako vyzeral.","breadcrumb":{"@id":"https:\/\/www.welovecycling.com\/sk\/2019\/08\/15\/reportaz-skoda-horal-mtb-maraton-finale-ako-sa-patri\/#breadcrumb"},"inLanguage":"sk-SK","potentialAction":[{"@type":"ReadAction","target":["https:\/\/www.welovecycling.com\/sk\/2019\/08\/15\/reportaz-skoda-horal-mtb-maraton-finale-ako-sa-patri\/"]}]},{"@type":"ImageObject","inLanguage":"sk-SK","@id":"https:\/\/www.welovecycling.com\/sk\/2019\/08\/15\/reportaz-skoda-horal-mtb-maraton-finale-ako-sa-patri\/#primaryimage","url":"https:\/\/d2p6e6u75xmxt8.cloudfront.net\/4\/2019\/08\/titulka-1.webp","contentUrl":"https:\/\/d2p6e6u75xmxt8.cloudfront.net\/4\/2019\/08\/titulka-1.webp","width":1380,"height":600},{"@type":"BreadcrumbList","@id":"https:\/\/www.welovecycling.com\/sk\/2019\/08\/15\/reportaz-skoda-horal-mtb-maraton-finale-ako-sa-patri\/#breadcrumb","itemListElement":[{"@type":"ListItem","position":1,"name":"Home","item":"https:\/\/www.welovecycling.com\/sk\/"},{"@type":"ListItem","position":2,"name":"Report\u00e1\u017e: \u0160koda HORAL MTB marat\u00f3n &#8211; fin\u00e1le ako sa patr\u00ed"}]},{"@type":"WebSite","@id":"https:\/\/www.welovecycling.com\/sk\/#website","url":"https:\/\/www.welovecycling.com\/sk\/","name":"\u0160koda We Love Cycling Slovensko","description":"\u0160koda We Love Cycling Slovensko je v\u00e1\u0161 ka\u017edodenn\u00fd zdroj noviniek a in\u0161pir\u00e1cie z sveta cyklistiky","potentialAction":[{"@type":"SearchAction","target":{"@type":"EntryPoint","urlTemplate":"https:\/\/www.welovecycling.com\/sk\/?s={search_term_string}"},"query-input":{"@type":"PropertyValueSpecification","valueRequired":true,"valueName":"search_term_string"}}],"inLanguage":"sk-SK"},{"@type":"Person","@id":"https:\/\/www.welovecycling.com\/sk\/#\/schema\/person\/8ee09ba39b7e25b1870160aa5b3a89bc","name":"Ondrej Ga\u0161par","image":{"@type":"ImageObject","inLanguage":"sk-SK","@id":"https:\/\/www.welovecycling.com\/sk\/#\/schema\/person\/image\/","url":"https:\/\/secure.gravatar.com\/avatar\/6126c9afb87b70da5abbb083ddbb21933da15f18f8ca7cb822aba0fb096a48f6?s=96&d=mm&r=g","contentUrl":"https:\/\/secure.gravatar.com\/avatar\/6126c9afb87b70da5abbb083ddbb21933da15f18f8ca7cb822aba0fb096a48f6?s=96&d=mm&r=g","caption":"Ondrej Ga\u0161par"},"url":"https:\/\/www.welovecycling.com\/sk\/author\/ondrejgaspar\/"}]}},"_links":{"self":[{"href":"https:\/\/www.welovecycling.com\/sk\/wp-json\/wp\/v2\/posts\/8056","targetHints":{"allow":["GET"]}}],"collection":[{"href":"https:\/\/www.welovecycling.com\/sk\/wp-json\/wp\/v2\/posts"}],"about":[{"href":"https:\/\/www.welovecycling.com\/sk\/wp-json\/wp\/v2\/types\/post"}],"author":[{"embeddable":true,"href":"https:\/\/www.welovecycling.com\/sk\/wp-json\/wp\/v2\/users\/38"}],"replies":[{"embeddable":true,"href":"https:\/\/www.welovecycling.com\/sk\/wp-json\/wp\/v2\/comments?post=8056"}],"version-history":[{"count":2,"href":"https:\/\/www.welovecycling.com\/sk\/wp-json\/wp\/v2\/posts\/8056\/revisions"}],"predecessor-version":[{"id":17184,"href":"https:\/\/www.welovecycling.com\/sk\/wp-json\/wp\/v2\/posts\/8056\/revisions\/17184"}],"wp:featuredmedia":[{"embeddable":true,"href":"https:\/\/www.welovecycling.com\/sk\/wp-json\/wp\/v2\/media\/8057"}],"wp:attachment":[{"href":"https:\/\/www.welovecycling.com\/sk\/wp-json\/wp\/v2\/media?parent=8056"}],"wp:term":[{"taxonomy":"category","embeddable":true,"href":"https:\/\/www.welovecycling.com\/sk\/wp-json\/wp\/v2\/categories?post=8056"},{"taxonomy":"post_tag","embeddable":true,"href":"https:\/\/www.welovecycling.com\/sk\/wp-json\/wp\/v2\/tags?post=8056"},{"taxonomy":"global-categories","embeddable":true,"href":"https:\/\/www.welovecycling.com\/sk\/wp-json\/wp\/v2\/global-categories?post=8056"}],"curies":[{"name":"wp","href":"https:\/\/api.w.org\/{rel}","templated":true}]}}