{"id":8046,"date":"2019-08-14T19:48:24","date_gmt":"2019-08-14T17:48:24","guid":{"rendered":"https:\/\/www.welovecycling.com\/sk\/?p=8046"},"modified":"2021-08-24T11:39:28","modified_gmt":"2021-08-24T09:39:28","slug":"foto-skoda-horal-mtb-maraton-2019","status":"publish","type":"post","link":"https:\/\/www.welovecycling.com\/sk\/2019\/08\/14\/foto-skoda-horal-mtb-maraton-2019\/","title":{"rendered":"FOTO: \u0160koda Horal MTB marat\u00f3n"},"content":{"rendered":"<div id=\"WLC_Galeria\"><\/div>\n<p><script type=\"text\/javascript\" src=\"\/sk\/sbot\/galeria.php\/2019_sbot_svit_galeria\/001\"><\/script><\/p>\n<p>Nezabudnite si pre\u010d\u00edta\u0165 na\u0161u report\u00e1\u017e.<\/p>\n<div class=\"shortcode-ys-post-pinup\"><article class=\"loop-simple post-8056 post type-post status-publish format-standard has-post-thumbnail hentry category-reportaz category-sbot tag-horska-cyklistika tag-kralova-hola tag-maraton tag-mtb tag-preteky tag-rodinny-maraton tag-skoda tag-skoda-auto tag-skoda-bicykel tag-sbot tag-skoda-dedina tag-skoda-fabia tag-skoda-horal-mtb-maraton tag-skoda-karoq tag-skoda-kodiaq tag-skoda-tim tag-svit\" data-postid=\"8056\" role=\"article\" data-post-id=\"8056\" data-word-count=\"811\" data-headline-length=\"67\" data-category=\"Report\u00e1\u017e\" data-author=\"We Love Cycling\" data-published=\"2019-08-15T15:25:33+02:00\" data-published-day=\"Thursday\">\n    <div class=\"entry-thumbnail article-thumbnail\" content=\"https:\/\/d2p6e6u75xmxt8.cloudfront.net\/4\/2019\/08\/titulka-1-150x150.webp\"><a href=\"https:\/\/www.welovecycling.com\/sk\/2019\/08\/15\/reportaz-skoda-horal-mtb-maraton-finale-ako-sa-patri\/\" class=\"image-holder\" target=\"_self\"><img decoding=\"async\" loading=\"lazy\" class=\"\" src=\"https:\/\/d2p6e6u75xmxt8.cloudfront.net\/4\/2019\/08\/titulka-1-1024x445.webp\" srcset=\"https:\/\/d2p6e6u75xmxt8.cloudfront.net\/4\/2019\/08\/titulka-1.webp 1380w, https:\/\/d2p6e6u75xmxt8.cloudfront.net\/4\/2019\/08\/titulka-1-300x130.webp 300w, https:\/\/d2p6e6u75xmxt8.cloudfront.net\/4\/2019\/08\/titulka-1-1024x445.webp 1024w, https:\/\/d2p6e6u75xmxt8.cloudfront.net\/4\/2019\/08\/titulka-1-768x334.webp 768w\" width=\"1024\" height=\"445\" sizes=\"auto, (min-width: 1200px) 460px, (min-width: 768px) 38vw, 100vw\" alt=\"reportaz-skoda-horal-mtb-maraton-finale-ako-sa-patri\"\/><\/a><\/div>    <div class=\"entry-meta\">\n        <a class=\"label label-secondary post-category\" href=\"https:\/\/www.welovecycling.com\/sk\/category\/sbot\/reportaz\/\" title=\"Report\u00e1\u017e\">Report\u00e1\u017e<\/a>\n    <\/div>\n    <div class=\"entry-details\">\n        <a href=\"https:\/\/www.welovecycling.com\/sk\/2019\/08\/15\/reportaz-skoda-horal-mtb-maraton-finale-ako-sa-patri\/\" class='entry-title-wrapper'>\n            <h3 class=\"entry-title\"><span>Report\u00e1\u017e: \u0160koda HORAL MTB marat\u00f3n &#8211; fin\u00e1le ako sa patr\u00ed<\/span><\/h3>\n        <\/a>\n    <\/div>\n    <\/article>\n<\/div>\n","protected":false},"excerpt":{"rendered":"<p>Nezabudnite si pre\u010d\u00edta\u0165 na\u0161u report\u00e1\u017e.<\/p>\n","protected":false},"author":40,"featured_media":8051,"comment_status":"open","ping_status":"open","sticky":false,"template":"","format":"standard","meta":{"footnotes":""},"categories":[3,34,33],"tags":[89,474,35,214,213],"global-categories":[],"class_list":["post-8046","post","type-post","status-publish","format-standard","has-post-thumbnail","hentry","category-mtb","category-podujatia","category-sbot","tag-fotogaleria","tag-rodinny-maraton","tag-sbot","tag-skoda-horal-mtb-maraton","tag-svit"],"yoast_head":"<!-- This site is optimized with the Yoast SEO Premium plugin v25.3 (Yoast SEO v25.9) - https:\/\/yoast.com\/wordpress\/plugins\/seo\/ -->\n<title>FOTO: \u0160koda Horal MTB marat\u00f3n - \u0160koda We Love Cycling Slovensko<\/title>\n<meta name=\"robots\" content=\"index, follow, max-snippet:-1, max-image-preview:large, max-video-preview:-1\" \/>\n<link rel=\"canonical\" href=\"https:\/\/www.welovecycling.com\/sk\/2019\/08\/14\/foto-skoda-horal-mtb-maraton-2019\/\" \/>\n<meta property=\"og:locale\" content=\"sk_SK\" \/>\n<meta property=\"og:type\" content=\"article\" \/>\n<meta property=\"og:title\" content=\"FOTO: \u0160koda Horal MTB marat\u00f3n\" \/>\n<meta property=\"og:description\" content=\"Nezabudnite si pre\u010d\u00edta\u0165 na\u0161u report\u00e1\u017e.\" \/>\n<meta property=\"og:url\" content=\"https:\/\/www.welovecycling.com\/sk\/2019\/08\/14\/foto-skoda-horal-mtb-maraton-2019\/\" \/>\n<meta property=\"og:site_name\" content=\"\u0160koda We Love Cycling Slovensko\" \/>\n<meta property=\"article:published_time\" content=\"2019-08-14T17:48:24+00:00\" \/>\n<meta property=\"article:modified_time\" content=\"2021-08-24T09:39:28+00:00\" \/>\n<meta property=\"og:image\" content=\"https:\/\/d2p6e6u75xmxt8.cloudfront.net\/4\/2019\/08\/MTB-Svit-titulka-v3.webp\" \/>\n\t<meta property=\"og:image:width\" content=\"1380\" \/>\n\t<meta property=\"og:image:height\" content=\"600\" \/>\n\t<meta property=\"og:image:type\" content=\"image\/webp\" \/>\n<meta name=\"author\" content=\"Zozzi\" \/>\n<meta name=\"twitter:card\" content=\"summary_large_image\" \/>\n<meta name=\"twitter:label1\" content=\"Written by\" \/>\n\t<meta name=\"twitter:data1\" content=\"We Love Cycling\" \/>\n\t<meta name=\"twitter:label2\" content=\"Est. reading time\" \/>\n\t<meta name=\"twitter:data2\" content=\"6\" \/>\n<script type=\"application\/ld+json\" class=\"yoast-schema-graph\">{\"@context\":\"https:\/\/schema.org\",\"@graph\":[{\"@type\":\"WebPage\",\"@id\":\"https:\/\/www.welovecycling.com\/sk\/2019\/08\/14\/foto-skoda-horal-mtb-maraton-2019\/\",\"url\":\"https:\/\/www.welovecycling.com\/sk\/2019\/08\/14\/foto-skoda-horal-mtb-maraton-2019\/\",\"name\":\"FOTO: \u0160koda Horal MTB marat\u00f3n - \u0160koda We Love Cycling Slovensko\",\"isPartOf\":{\"@id\":\"https:\/\/www.welovecycling.com\/sk\/#website\"},\"primaryImageOfPage\":{\"@id\":\"https:\/\/www.welovecycling.com\/sk\/2019\/08\/14\/foto-skoda-horal-mtb-maraton-2019\/#primaryimage\"},\"image\":{\"@id\":\"https:\/\/www.welovecycling.com\/sk\/2019\/08\/14\/foto-skoda-horal-mtb-maraton-2019\/#primaryimage\"},\"thumbnailUrl\":\"https:\/\/d2p6e6u75xmxt8.cloudfront.net\/4\/2019\/08\/MTB-Svit-titulka-v3.webp\",\"datePublished\":\"2019-08-14T17:48:24+00:00\",\"dateModified\":\"2021-08-24T09:39:28+00:00\",\"author\":{\"@id\":\"https:\/\/www.welovecycling.com\/sk\/#\/schema\/person\/69a353af73d9db8f391581204a521230\"},\"breadcrumb\":{\"@id\":\"https:\/\/www.welovecycling.com\/sk\/2019\/08\/14\/foto-skoda-horal-mtb-maraton-2019\/#breadcrumb\"},\"inLanguage\":\"sk-SK\",\"potentialAction\":[{\"@type\":\"ReadAction\",\"target\":[\"https:\/\/www.welovecycling.com\/sk\/2019\/08\/14\/foto-skoda-horal-mtb-maraton-2019\/\"]}]},{\"@type\":\"ImageObject\",\"inLanguage\":\"sk-SK\",\"@id\":\"https:\/\/www.welovecycling.com\/sk\/2019\/08\/14\/foto-skoda-horal-mtb-maraton-2019\/#primaryimage\",\"url\":\"https:\/\/d2p6e6u75xmxt8.cloudfront.net\/4\/2019\/08\/MTB-Svit-titulka-v3.webp\",\"contentUrl\":\"https:\/\/d2p6e6u75xmxt8.cloudfront.net\/4\/2019\/08\/MTB-Svit-titulka-v3.webp\",\"width\":1380,\"height\":600},{\"@type\":\"BreadcrumbList\",\"@id\":\"https:\/\/www.welovecycling.com\/sk\/2019\/08\/14\/foto-skoda-horal-mtb-maraton-2019\/#breadcrumb\",\"itemListElement\":[{\"@type\":\"ListItem\",\"position\":1,\"name\":\"Home\",\"item\":\"https:\/\/www.welovecycling.com\/sk\/\"},{\"@type\":\"ListItem\",\"position\":2,\"name\":\"FOTO: \u0160koda Horal MTB marat\u00f3n\"}]},{\"@type\":\"WebSite\",\"@id\":\"https:\/\/www.welovecycling.com\/sk\/#website\",\"url\":\"https:\/\/www.welovecycling.com\/sk\/\",\"name\":\"\u0160koda We Love Cycling Slovensko\",\"description\":\"\u0160koda We Love Cycling Slovensko je v\u00e1\u0161 ka\u017edodenn\u00fd zdroj noviniek a in\u0161pir\u00e1cie z sveta cyklistiky\",\"potentialAction\":[{\"@type\":\"SearchAction\",\"target\":{\"@type\":\"EntryPoint\",\"urlTemplate\":\"https:\/\/www.welovecycling.com\/sk\/?s={search_term_string}\"},\"query-input\":{\"@type\":\"PropertyValueSpecification\",\"valueRequired\":true,\"valueName\":\"search_term_string\"}}],\"inLanguage\":\"sk-SK\"},{\"@type\":\"Person\",\"@id\":\"https:\/\/www.welovecycling.com\/sk\/#\/schema\/person\/69a353af73d9db8f391581204a521230\",\"name\":\"Zozzi\",\"image\":{\"@type\":\"ImageObject\",\"inLanguage\":\"sk-SK\",\"@id\":\"https:\/\/www.welovecycling.com\/sk\/#\/schema\/person\/image\/\",\"url\":\"https:\/\/secure.gravatar.com\/avatar\/0255afbdd216c325a2a30335b3ab5281cba74e43cb20818f979685eff3429a06?s=96&d=mm&r=g\",\"contentUrl\":\"https:\/\/secure.gravatar.com\/avatar\/0255afbdd216c325a2a30335b3ab5281cba74e43cb20818f979685eff3429a06?s=96&d=mm&r=g\",\"caption\":\"Zozzi\"},\"url\":\"https:\/\/www.welovecycling.com\/sk\/author\/zozzi\/\"}]}<\/script>\n<!-- \/ Yoast SEO Premium plugin. -->","yoast_head_json":{"title":"FOTO: \u0160koda Horal MTB marat\u00f3n - \u0160koda We Love Cycling Slovensko","robots":{"index":"index","follow":"follow","max-snippet":"max-snippet:-1","max-image-preview":"max-image-preview:large","max-video-preview":"max-video-preview:-1"},"canonical":"https:\/\/www.welovecycling.com\/sk\/2019\/08\/14\/foto-skoda-horal-mtb-maraton-2019\/","og_locale":"sk_SK","og_type":"article","og_title":"FOTO: \u0160koda Horal MTB marat\u00f3n","og_description":"Nezabudnite si pre\u010d\u00edta\u0165 na\u0161u report\u00e1\u017e.","og_url":"https:\/\/www.welovecycling.com\/sk\/2019\/08\/14\/foto-skoda-horal-mtb-maraton-2019\/","og_site_name":"\u0160koda We Love Cycling Slovensko","article_published_time":"2019-08-14T17:48:24+00:00","article_modified_time":"2021-08-24T09:39:28+00:00","og_image":[{"width":1380,"height":600,"url":"https:\/\/d2p6e6u75xmxt8.cloudfront.net\/4\/2019\/08\/MTB-Svit-titulka-v3.webp","type":"image\/webp"}],"author":"Zozzi","twitter_card":"summary_large_image","twitter_misc":{"Written by":"We Love Cycling","Est. reading time":"6"},"schema":{"@context":"https:\/\/schema.org","@graph":[{"@type":"WebPage","@id":"https:\/\/www.welovecycling.com\/sk\/2019\/08\/14\/foto-skoda-horal-mtb-maraton-2019\/","url":"https:\/\/www.welovecycling.com\/sk\/2019\/08\/14\/foto-skoda-horal-mtb-maraton-2019\/","name":"FOTO: \u0160koda Horal MTB marat\u00f3n - \u0160koda We Love Cycling Slovensko","isPartOf":{"@id":"https:\/\/www.welovecycling.com\/sk\/#website"},"primaryImageOfPage":{"@id":"https:\/\/www.welovecycling.com\/sk\/2019\/08\/14\/foto-skoda-horal-mtb-maraton-2019\/#primaryimage"},"image":{"@id":"https:\/\/www.welovecycling.com\/sk\/2019\/08\/14\/foto-skoda-horal-mtb-maraton-2019\/#primaryimage"},"thumbnailUrl":"https:\/\/d2p6e6u75xmxt8.cloudfront.net\/4\/2019\/08\/MTB-Svit-titulka-v3.webp","datePublished":"2019-08-14T17:48:24+00:00","dateModified":"2021-08-24T09:39:28+00:00","author":{"@id":"https:\/\/www.welovecycling.com\/sk\/#\/schema\/person\/69a353af73d9db8f391581204a521230"},"breadcrumb":{"@id":"https:\/\/www.welovecycling.com\/sk\/2019\/08\/14\/foto-skoda-horal-mtb-maraton-2019\/#breadcrumb"},"inLanguage":"sk-SK","potentialAction":[{"@type":"ReadAction","target":["https:\/\/www.welovecycling.com\/sk\/2019\/08\/14\/foto-skoda-horal-mtb-maraton-2019\/"]}]},{"@type":"ImageObject","inLanguage":"sk-SK","@id":"https:\/\/www.welovecycling.com\/sk\/2019\/08\/14\/foto-skoda-horal-mtb-maraton-2019\/#primaryimage","url":"https:\/\/d2p6e6u75xmxt8.cloudfront.net\/4\/2019\/08\/MTB-Svit-titulka-v3.webp","contentUrl":"https:\/\/d2p6e6u75xmxt8.cloudfront.net\/4\/2019\/08\/MTB-Svit-titulka-v3.webp","width":1380,"height":600},{"@type":"BreadcrumbList","@id":"https:\/\/www.welovecycling.com\/sk\/2019\/08\/14\/foto-skoda-horal-mtb-maraton-2019\/#breadcrumb","itemListElement":[{"@type":"ListItem","position":1,"name":"Home","item":"https:\/\/www.welovecycling.com\/sk\/"},{"@type":"ListItem","position":2,"name":"FOTO: \u0160koda Horal MTB marat\u00f3n"}]},{"@type":"WebSite","@id":"https:\/\/www.welovecycling.com\/sk\/#website","url":"https:\/\/www.welovecycling.com\/sk\/","name":"\u0160koda We Love Cycling Slovensko","description":"\u0160koda We Love Cycling Slovensko je v\u00e1\u0161 ka\u017edodenn\u00fd zdroj noviniek a in\u0161pir\u00e1cie z sveta cyklistiky","potentialAction":[{"@type":"SearchAction","target":{"@type":"EntryPoint","urlTemplate":"https:\/\/www.welovecycling.com\/sk\/?s={search_term_string}"},"query-input":{"@type":"PropertyValueSpecification","valueRequired":true,"valueName":"search_term_string"}}],"inLanguage":"sk-SK"},{"@type":"Person","@id":"https:\/\/www.welovecycling.com\/sk\/#\/schema\/person\/69a353af73d9db8f391581204a521230","name":"Zozzi","image":{"@type":"ImageObject","inLanguage":"sk-SK","@id":"https:\/\/www.welovecycling.com\/sk\/#\/schema\/person\/image\/","url":"https:\/\/secure.gravatar.com\/avatar\/0255afbdd216c325a2a30335b3ab5281cba74e43cb20818f979685eff3429a06?s=96&d=mm&r=g","contentUrl":"https:\/\/secure.gravatar.com\/avatar\/0255afbdd216c325a2a30335b3ab5281cba74e43cb20818f979685eff3429a06?s=96&d=mm&r=g","caption":"Zozzi"},"url":"https:\/\/www.welovecycling.com\/sk\/author\/zozzi\/"}]}},"_links":{"self":[{"href":"https:\/\/www.welovecycling.com\/sk\/wp-json\/wp\/v2\/posts\/8046","targetHints":{"allow":["GET"]}}],"collection":[{"href":"https:\/\/www.welovecycling.com\/sk\/wp-json\/wp\/v2\/posts"}],"about":[{"href":"https:\/\/www.welovecycling.com\/sk\/wp-json\/wp\/v2\/types\/post"}],"author":[{"embeddable":true,"href":"https:\/\/www.welovecycling.com\/sk\/wp-json\/wp\/v2\/users\/40"}],"replies":[{"embeddable":true,"href":"https:\/\/www.welovecycling.com\/sk\/wp-json\/wp\/v2\/comments?post=8046"}],"version-history":[{"count":2,"href":"https:\/\/www.welovecycling.com\/sk\/wp-json\/wp\/v2\/posts\/8046\/revisions"}],"predecessor-version":[{"id":12713,"href":"https:\/\/www.welovecycling.com\/sk\/wp-json\/wp\/v2\/posts\/8046\/revisions\/12713"}],"wp:featuredmedia":[{"embeddable":true,"href":"https:\/\/www.welovecycling.com\/sk\/wp-json\/wp\/v2\/media\/8051"}],"wp:attachment":[{"href":"https:\/\/www.welovecycling.com\/sk\/wp-json\/wp\/v2\/media?parent=8046"}],"wp:term":[{"taxonomy":"category","embeddable":true,"href":"https:\/\/www.welovecycling.com\/sk\/wp-json\/wp\/v2\/categories?post=8046"},{"taxonomy":"post_tag","embeddable":true,"href":"https:\/\/www.welovecycling.com\/sk\/wp-json\/wp\/v2\/tags?post=8046"},{"taxonomy":"global-categories","embeddable":true,"href":"https:\/\/www.welovecycling.com\/sk\/wp-json\/wp\/v2\/global-categories?post=8046"}],"curies":[{"name":"wp","href":"https:\/\/api.w.org\/{rel}","templated":true}]}}