{"id":8032,"date":"2019-08-22T08:10:06","date_gmt":"2019-08-22T06:10:06","guid":{"rendered":"https:\/\/www.welovecycling.com\/sk\/?p=8032"},"modified":"2019-08-23T08:10:18","modified_gmt":"2019-08-23T06:10:18","slug":"transcontinental-race-ked-si-myslite-ze-uz-nemozete-ste-este-len-na-zaciatku","status":"publish","type":"post","link":"https:\/\/www.welovecycling.com\/sk\/2019\/08\/22\/transcontinental-race-ked-si-myslite-ze-uz-nemozete-ste-este-len-na-zaciatku\/","title":{"rendered":"Transcontinental Race \u2013 ke\u010f si mysl\u00edte, \u017ee u\u017e nem\u00f4\u017eete, ste e\u0161te len na za\u010diatku"},"content":{"rendered":"<p><strong>Dobrodru\u017estv\u00e1 a\u00a0v\u00fdzvy sa v\u00a0dne\u0161n\u00fdch d\u0148och pr\u00edli\u0161 nenosia. Svet sa stal dostupn\u00fdm po v\u0161etk\u00fdch str\u00e1nkach, navykli sme si na pohodlie domova a\u00a0cestova\u0165 m\u00f4\u017eeme bez v\u00e4\u010d\u0161\u00edch probl\u00e9mov. No nemus\u00ed to by\u0165 v\u017edy tak \u2013 niekedy sa treba odhodla\u0165 a\u00a0vykro\u010di\u0165 do nezn\u00e1ma.<\/strong><!--more--><\/p>\n<p>Transcontinental Race (TR) je jedn\u00fdm z\u00a0unik\u00e1tnych podujat\u00ed, na ktor\u00fdch si dozaista ka\u017ed\u00fd z\u00a0\u00fa\u010dastn\u00edkov <strong>siahne na dno svojich nielen psychick\u00fdch s\u00edl<\/strong>. Svoj\u00edm charakterom nespad\u00e1 ku\u00a0kr\u00e1tkotrvaj\u00facim intenz\u00edvnym pretekom, pri ktor\u00fdch sa r\u00e1no postav\u00edte na \u0161tart a\u00a0v\u00a0poobed\u0148aj\u0161\u00edch hodin\u00e1ch u\u017e oddychujete pri pivku a\u00a0gul\u00e1\u0161i. Pr\u00e1ve naopak. Vy\u0161tartujete s\u00edce spolo\u010dne s\u00a0ostatn\u00fdmi pretek\u00e1rmi v\u00a0jednotn\u00fd \u010das z\u00a0jedn\u00e9ho miesta, av\u0161ak od tejto chv\u00edle ste vydan\u00fd na vlastn\u00fd \u00fasudok, na vlastn\u00e9 sily a\u00a0na to, \u010do si pre v\u00e1s nasleduj\u00face dni pripravia.<\/p>\n<lite-youtube videoid=gUUI9EYFZgA params=\"enablejsapi=1\" style=\"background-image: url('https:\/\/i.ytimg.com\/vi_webp\/gUUI9EYFZgA\/maxresdefault.webp');\"><\/lite-youtube>\n<p>V\u00a0tomto roku sme sa do\u010dkali u\u017e siedmeho vydania TR \u2013 skuto\u010dn\u00e9ho dobrodru\u017estva na dvoch koles\u00e1ch. <strong>Hlavnou my\u0161lienkou organiz\u00e1torov je prec\u00edti\u0165 jazdu na bicykli v\u00a0spojitosti s\u00a0cestovan\u00edm nezn\u00e1mou krajinou, a\u00a0pritom si vysta\u010di\u0165 s\u00a0vlastn\u00fdmi schopnos\u0165ami.<\/strong> Ment\u00e1lna odolnos\u0165 je k\u013e\u00fa\u010dov\u00e1. \u0160tart, \u0161tvorica kontroln\u00fdch bodov a\u00a0cie\u013e s\u00fa jedin\u00fdmi povinn\u00fdmi \u00fadajmi, ktor\u00fdch sa \u00fa\u010dastn\u00edci musia dr\u017ea\u0165. Zvy\u0161ok je na nich.<\/p>\n<p>V\u00a0minul\u00fdch rokoch sme zaznamenali viacero nad\u013eudsk\u00fdch v\u00fdkonov, kedy sa t\u00ed najr\u00fdchlej\u0161\u00ed na vy\u0161e 4&nbsp;000 km dlhej trati zdr\u017eali \u201elen\u201c nie\u010do vy\u0161e osem dn\u00ed. Sp\u00e1nok je v\u00a0tomto pr\u00edpade luxus \u2013 ober\u00e1 jazdca o\u00a0\u010das, ktor\u00fd by mohol tr\u00e1vi\u0165 v\u00a0sedle bicykla. Av\u0161ak, \u010dlovek nie je stroj. Nedok\u00e1\u017ee sa oprosti\u0165 od em\u00f3ci\u00ed, \u00fanavy, radosti \u010di frustr\u00e1cie z\u00a0toho, ako sa men\u00ed jeho okolie a\u00a0predov\u0161etk\u00fdm, ako sa men\u00ed on s\u00e1m.<\/p>\n<p><strong>Prekvapen\u00edm ro\u010dn\u00edka 2019 bolo oto\u010denie trate<\/strong> \u2013 u\u017e sa ne\u0161lo zo \u201ez\u00e1padu na v\u00fdchod\u201c, ale naopak. \u0160tart v\u00a0Burgase v\u00a0Bulharsku vypustil pretek\u00e1rov na cestu do Brestu vo Franc\u00fazsku. Na ceste museli zdola\u0165 okrem rov\u00edn Franc\u00fazska aj nekone\u010dn\u00e9 st\u00fapania v\u00a0Alp\u00e1ch, ke\u010f\u017ee jedno z\u00a0kontroln\u00fdch stanov\u00ed\u0161\u0165 bolo na Alpe d\u02b9Huez, jednom z\u00a0najsl\u00e1vnej\u0161\u00edch st\u00fapan\u00ed Tour de France.<\/p>\n<h2><strong>Od\u0161tartovan\u00e9 do nezn\u00e1ma<\/strong><\/h2>\n<p>Na \u0161tartovej \u010diare st\u00e1lo v\u00a0nult\u00fd de\u0148 pretekov, 26. j\u00fala 2019 o\u00a06:00 <strong>vy\u0161e 260 pretek\u00e1rov<\/strong>, pripraven\u00fdch \u010deli\u0165 n\u00e1strah\u00e1m trate. Neobvykl\u00fd rann\u00fd \u0161tart (v minulosti sa za\u010d\u00ednalo v\u00a0podve\u010dern\u00fdch hodin\u00e1ch) mal podobu \u00favodu etapy na jednej z\u00a0Grand Tours \u2013 5-kilometrov\u00fd spolo\u010dn\u00fd \u00fasek, veden\u00fd doprovodn\u00fdmi vozidlami. V\u00a0nasleduj\u00facich hodin\u00e1ch sa v\u0161ak v\u0161etko zmenilo \u2013 celistv\u00fd pelot\u00f3n sa natrhal na (takmer) nekone\u010dn\u00e9ho hada jednotlivcov \u010di skupiniek. Tempo si zvolil ka\u017ed\u00fd s\u00e1m. D\u00f4le\u017eit\u00e1 rada na \u00favod: Neprep\u00e1li\u0165 to hne\u010f v\u00a0prv\u00fd de\u0148.<\/p>\n<p><a href=\"https:\/\/d2p6e6u75xmxt8.cloudfront.net\/4\/2019\/08\/01-1.jpg\"><img loading=\"lazy\" decoding=\"async\" src=\"https:\/\/d2p6e6u75xmxt8.cloudfront.net\/4\/2019\/08\/01-1.jpg\" alt=\"\" width=\"1200\" height=\"800\" class=\"alignnone size-full wp-image-8034\" \/><\/a><\/p>\n<p>E\u0161te v\u00a0prv\u00fd de\u0148 sa na kontroln\u00e9 stanovi\u0161te \u010d. 1, vrchol kopca Buzludzha, dostavil ostrie\u013ean\u00fd \u201eveter\u00e1n\u201c Transcontinental Race, <strong>Bj\u00f6rn Lenhard<\/strong>. Za tento \u010diasto\u010dn\u00fd \u00faspech bol ocenen\u00fd \u010diapkou pod prilbu, na ktorej bolo vygrav\u00edrovan\u00e9 slovo <strong>\u201eLEADER\u201c (ved\u00faci pretek\u00e1r)<\/strong>. Ako piata sa na KS1 dostavila Fiona Kolbinger, len nie\u010do cez hodinu po Bj\u00f6rnovi.<\/p>\n<p>Po\u010das druh\u00e9ho d\u0148a bolo pole rozdelen\u00e9 na nepoznanie. Doteraj\u0161\u00ed l\u00edder, Bj\u00f6rn Lenhard, sa nezadr\u017eate\u013ene vz\u010fa\u013eoval svoj\u00edm konkurentom, a\u00a0to aj v\u010faka \u0161\u0165astiu vo forme absencie defektov \u010di technick\u00fdch por\u00fach, ktor\u00e9 sprev\u00e1dzali jeho rivalov u\u017e v\u00a0\u00favodn\u00fdch kilometroch. Bj\u00f6rn sa po kr\u00e1tkej pauze na sp\u00e1nok pri Sofii postupne prepracoval a\u017e na KS2 ne\u010faleko mesta Vranje. Okrem druhej \u010diapky l\u00eddra si z\u00a0nej odn\u00e1\u0161al aj pocit splnenia zna\u010dnej \u010dasti trate \u2013 750 km za 33 hod\u00edn. Ne\u0161\u0165astie v\u0161ak na seba nenechalo \u010daka\u0165 a\u00a0aj dominantn\u00fd prejav Bj\u00f6rna bol zmazan\u00fd zdravotn\u00fdmi komplik\u00e1ciami. Na \u010delo sa tak dostal Jonathan Rankin, ktor\u00fd len r\u00fdchlo doplnil vodu na KS2 a\u00a0pokra\u010doval do \u010fal\u0161ieho d\u0148a. <strong>Na \u0161tvrt\u00e9 miesto sa posunula v tom \u010dase prv\u00e1 \u017eena, Fiona Kolbinger<\/strong>.<\/p>\n<p><a href=\"https:\/\/d2p6e6u75xmxt8.cloudfront.net\/4\/2019\/08\/02.jpg\"><img loading=\"lazy\" decoding=\"async\" src=\"https:\/\/d2p6e6u75xmxt8.cloudfront.net\/4\/2019\/08\/02.jpg\" alt=\"\" width=\"1200\" height=\"800\" class=\"alignnone size-full wp-image-8035\" \/><\/a><em>(Bj\u00f6rn a\u00a0Fiona \u2013 Bj\u00f6rn kon\u010d\u00ed, Fiona pokra\u010duje)<\/em><\/p>\n<p>V\u00a0\u00favode tretieho d\u0148a pri\u0161la ne\u010dakan\u00e1 spr\u00e1va z\u00a0KS2. Nocuj\u00faci <strong>Bj\u00f6rn Lenhard odst\u00fapil z\u00a0pretekov kv\u00f4li probl\u00e9mom s\u00a0odret\u00fdmi sedac\u00edmi partiami, dezorient\u00e1ciou \u010di pocitom nevo\u013enosti<\/strong>, ktor\u00e9 neustupovali. Rozumn\u00e9 rozhodnutie. Prekvapen\u00edm bol aj <strong>nov\u00fd l\u00edder pretekov<\/strong> \u2013 spiaceho Jonathana Rankina vo ve\u010dern\u00fdch hodin\u00e1ch predbehla <strong>Fiona Kolbinger<\/strong>. S\u00e1m <strong>Bj\u00f6rn<\/strong>, ktor\u00fd s\u00a0\u0148ou po\u010das roka tr\u00e9noval, na jej konto povedal: <em>\u201eFiona je neskuto\u010dne siln\u00e1, naozaj. \u010co viac, je \u00faplnou jazdky\u0148ou. Mus\u00edte by\u0165 siln\u00fd, ale na tak\u00fdchto pretekoch mus\u00edte vedie\u0165 prem\u00fd\u0161\u013ea\u0165, pl\u00e1nova\u0165 a\u00a0opravi\u0165 si bicykel sami.\u201c<\/em><\/p>\n<h2><strong>V Alp\u00e1ch sa utrpenie e\u0161te len za\u010d\u00edna<\/strong><\/h2>\n<p>V\u00a0nasleduj\u00facich d\u0148och na jazdcov \u010dakala zmena. Roviny a\u00a0zvlnen\u00e9 cesty ju\u017enej Eur\u00f3py mali vystrieda\u0165 naj\u0165a\u017e\u0161ie st\u00fapania, ktor\u00e9 n\u00e1\u0161 kontinent pon\u00faka. Presun do \u00c1lp bol sk\u00fa\u0161kou, rozhoduj\u00facou o\u00a0potencion\u00e1lnom v\u00ed\u0165azovi, ke\u010f\u017ee ani za nimi e\u0161te nebolo ni\u010d vyhran\u00e9. Pri n\u00e1jazde do Rak\u00faska bol vo veden\u00ed st\u00e1le <strong>Jonathan Rankin<\/strong>, av\u0161ak to sa malo \u010doskoro zmeni\u0165. Po piatich d\u0148och a\u00a01\u00a0900 km pri\u0161la spr\u00e1va od tohto ved\u00faceho pretek\u00e1ra. <em>\u201eKon\u010d\u00edm. Moje nohy sa za\u010dali \u201erozklada\u0165\u201c pre nedostatok lep\u0161ieho opisu. Bolo mi c\u0165ou.\u201c<\/em> (Pod\u013ea v\u0161etk\u00e9ho i\u0161lo o\u00a0boles\u0165 chodidiel). Na Passo Gardena sa tak do \u010dela dostala Fiona Kolinger, dr\u017eiaca si odstup nieko\u013ek\u00fdch desiatok kilometrov na \u010fal\u0161iu dvojicu pretek\u00e1rov.<\/p>\n<p><a href=\"https:\/\/d2p6e6u75xmxt8.cloudfront.net\/4\/2019\/08\/03.jpg\"><img loading=\"lazy\" decoding=\"async\" src=\"https:\/\/d2p6e6u75xmxt8.cloudfront.net\/4\/2019\/08\/03.jpg\" alt=\"\" width=\"1200\" height=\"800\" class=\"alignnone size-full wp-image-8036\" \/><\/a><em>(Fiona v\u00a0st\u00fapan\u00ed na Passo Gardena)<\/em><\/p>\n<p>Akou silnou osobnos\u0165ou mus\u00ed by\u0165 Fiona? Neop\u00edsate\u013enou. V\u00a0\u00f4smy de\u0148 pretekov prich\u00e1dza na predposledn\u00e9 stanovi\u0161te, KS4 na Alpe d\u2019Huez v\u00a0poobedn\u00fdch hodin\u00e1ch po tom, ako nieko\u013eko hod\u00edn predt\u00fdm zdolala Col du T\u00e9l\u00e9graphe, Col du Galibier a\u00a0nakoniec aj Alpe d\u2019Huez. Na svojom konte m\u00e1 26 hod\u00edn sp\u00e1nku za 8 dn\u00ed, pov\u00e4\u010d\u0161ine v\u00a0bivaku pri ceste. Na stanici v\u0161ak neodmietne zahra\u0165 p\u00e1r skladieb z\u00a0Levieho kr\u00e1\u013ea na miestnom piane. Pohoda v\u00a0jej podan\u00ed by sa azda dala kr\u00e1ja\u0165.<\/p>\n<p><a href=\"https:\/\/d2p6e6u75xmxt8.cloudfront.net\/4\/2019\/08\/04.jpg\"><img loading=\"lazy\" decoding=\"async\" src=\"https:\/\/d2p6e6u75xmxt8.cloudfront.net\/4\/2019\/08\/04.jpg\" alt=\"\" width=\"1200\" height=\"800\" class=\"alignnone size-full wp-image-8037\" \/><\/a><em>(Zahrajte mi t\u00fa moju! Alebo si to zahr\u00e1m sama&#8230;)<\/em><\/p>\n<p>Ben Davis v\u0161ak nie je \u010faleko \u2013 Fiona ne\u010dak\u00e1 a\u00a0po chv\u00edli odch\u00e1dza naproti fin\u00e1lnemu bodu v\u00a0Breste. Mnoho pretek\u00e1rov m\u00e1 probl\u00e9my so \u017eal\u00fadkom, s\u00a0neust\u00e1le pe\u010d\u00facim slnkom, odreninami na sedac\u00edch parti\u00e1ch a\u00a0v\u00a0neposlednom rade aj s\u00a0ment\u00e1lnou motiv\u00e1ciou pokra\u010dova\u0165. Nu\u017e, v\u00a0tomto momente sa rodia nezabudnute\u013en\u00e9 z\u00e1\u017eitky.<\/p>\n<p><a href=\"https:\/\/d2p6e6u75xmxt8.cloudfront.net\/4\/2019\/08\/05.jpg\"><img loading=\"lazy\" decoding=\"async\" src=\"https:\/\/d2p6e6u75xmxt8.cloudfront.net\/4\/2019\/08\/05.jpg\" alt=\"\" width=\"1200\" height=\"800\" class=\"alignnone size-full wp-image-8038\" \/><\/a><em>(Tri dvojit\u00e9 espress\u00e1 a\u00a0trikr\u00e1t kola. Pre jedn\u00e9ho z\u00fafal\u00e9ho pretek\u00e1ra)<\/em><\/p>\n<p><strong>Chris Thomas<\/strong> pri pr\u00edchode na KS4 hodnotil predch\u00e1dzaj\u00facu noc takto: <em>\u201eNevzal som si \u017eiadne tepl\u00e9 oble\u010denie. Nemyslel som si, \u017ee ho budem potrebova\u0165. Na vrchu Timmelsjoch som musel poprosi\u0165 dvojicu \u013eud\u00ed, aby ma zabalili do m\u00f4jho spac\u00e1ku. Pri jazde nadol som vyzeral ako maskot Michelinu.\u201c<\/em><\/p>\n<p><a href=\"https:\/\/d2p6e6u75xmxt8.cloudfront.net\/4\/2019\/08\/06.jpg\"><img loading=\"lazy\" decoding=\"async\" src=\"https:\/\/d2p6e6u75xmxt8.cloudfront.net\/4\/2019\/08\/06.jpg\" alt=\"\" width=\"1200\" height=\"800\" class=\"alignnone size-full wp-image-8039\" \/><\/a><em>(Len pretek\u00e1r a\u00a0cel\u00fd\u00a0svet)<\/em><\/p>\n<h2><strong>Za\u010d\u00edna sa nov\u00e1 s\u00e1ga<\/strong><\/h2>\n<p>V\u00a0rann\u00fdch hodin\u00e1ch desiateho d\u0148a TR sa na obzore pr\u00e1zdnej ulice v\u00a0Breste objavila postava osoby. Bol to obrys <strong>Fiony Kolbinger, v\u00ed\u0165azky Transcontinental Race 2019<\/strong>. T\u00fato svoju cestu Eur\u00f3pou pre\u0161la od jedn\u00e9ho pobre\u017eia k\u00a0druh\u00e9mu za <strong>10 dn\u00ed, 2 hodiny a\u00a048 min\u00fat<\/strong>. Druh\u00fd Ben Davis prich\u00e1dza vo ve\u010dern\u00fdch hodin\u00e1ch toho ist\u00e9ho d\u0148a \u2013 s\u00a012-hodinovou stratou. O\u00a0nieko\u013eko hod\u00edn na to sa objavuje aj Job Hendrickx, v\u00edtan\u00fd svojou rodinou.<\/p>\n<p><a href=\"https:\/\/d2p6e6u75xmxt8.cloudfront.net\/4\/2019\/08\/07.jpg\"><img loading=\"lazy\" decoding=\"async\" src=\"https:\/\/d2p6e6u75xmxt8.cloudfront.net\/4\/2019\/08\/07.jpg\" alt=\"\" width=\"1200\" height=\"800\" class=\"alignnone size-full wp-image-8040\" \/><\/a><em>(Nov\u00e1 hrdinka TCR7)<\/em><\/p>\n<p><a href=\"https:\/\/d2p6e6u75xmxt8.cloudfront.net\/4\/2019\/08\/08.png\"><img loading=\"lazy\" decoding=\"async\" src=\"https:\/\/d2p6e6u75xmxt8.cloudfront.net\/4\/2019\/08\/08.png\" alt=\"\" width=\"1200\" height=\"800\" class=\"alignnone size-full wp-image-8041\" \/><\/a><em>(Rozlo\u017eenie pretek\u00e1rov 8.8.2019 \u2013 po\u010das 15. d\u0148a pretekov)<\/em><\/p>\n<p>Mnoh\u00ed pretek\u00e1ri prich\u00e1dzaj\u00fa do cie\u013ea po dvan\u00e1stich, trin\u00e1stich \u010di viacer\u00fdch d\u0148och. Niet sa \u010domu divi\u0165. S ka\u017edou hodinou na trati sa \u00fanava zvy\u0161uje &#8211; a to nielen t\u00e1 fyzick\u00e1. Str\u00e1vi\u0165 na cest\u00e1ch dva t\u00fd\u017edne nie je v \u017eiadnom oh\u013eade \u013eahk\u00e9. Tak a \u010do vy &#8211; prihl\u00e1site sa na Transcontinental Race 2020 a spozn\u00e1te dobrodru\u017en\u00fa tv\u00e1r cyklistiky?<\/p>\n","protected":false},"excerpt":{"rendered":"<p>Dobrodru\u017estv\u00e1 a\u00a0v\u00fdzvy sa v\u00a0dne\u0161n\u00fdch d\u0148och pr\u00edli\u0161 nenosia. Svet sa stal dostupn\u00fdm po v\u0161etk\u00fdch str\u00e1nkach, navykli sme si na pohodlie domova [&hellip;]<\/p>\n","protected":false},"author":38,"featured_media":8042,"comment_status":"open","ping_status":"open","sticky":false,"template":"","format":"standard","meta":{"footnotes":""},"categories":[47],"tags":[319,1073,903,1071,1068,1069,275,115,487,1070,306,1012,179,201,545,1072,269,886,659,475],"global-categories":[],"class_list":["post-8032","post","type-post","status-publish","format-standard","has-post-thumbnail","hentry","category-adrenalin","tag-adrenalin","tag-alpy","tag-bivakovanie","tag-brest","tag-bulharsko","tag-burgas","tag-cesta","tag-cestna-cyklistika","tag-cestny-bicykel","tag-fiona-kolbinger","tag-francuzsko","tag-pretekar","tag-preteky","tag-transcontinental-race","tag-trasa","tag-trat","tag-vitaz","tag-vitazstvo","tag-zenska-cyklistika","tag-zeny"],"yoast_head":"<!-- This site is optimized with the Yoast SEO Premium plugin v25.3 (Yoast SEO v25.9) - https:\/\/yoast.com\/wordpress\/plugins\/seo\/ -->\n<title>Transcontinental Race \u2013 ke\u010f si mysl\u00edte, \u017ee u\u017e nem\u00f4\u017eete, ste e\u0161te len na za\u010diatku - \u0160koda We Love Cycling Slovensko<\/title>\n<meta name=\"robots\" content=\"index, follow, max-snippet:-1, max-image-preview:large, max-video-preview:-1\" \/>\n<link rel=\"canonical\" href=\"https:\/\/www.welovecycling.com\/sk\/2019\/08\/22\/transcontinental-race-ked-si-myslite-ze-uz-nemozete-ste-este-len-na-zaciatku\/\" \/>\n<meta property=\"og:locale\" content=\"sk_SK\" \/>\n<meta property=\"og:type\" content=\"article\" \/>\n<meta property=\"og:title\" content=\"Transcontinental Race \u2013 ke\u010f si mysl\u00edte, \u017ee u\u017e nem\u00f4\u017eete, ste e\u0161te len na za\u010diatku\" \/>\n<meta property=\"og:description\" content=\"Dobrodru\u017estv\u00e1 a\u00a0v\u00fdzvy sa v\u00a0dne\u0161n\u00fdch d\u0148och pr\u00edli\u0161 nenosia. Svet sa stal dostupn\u00fdm po v\u0161etk\u00fdch str\u00e1nkach, navykli sme si na pohodlie domova [&hellip;]\" \/>\n<meta property=\"og:url\" content=\"https:\/\/www.welovecycling.com\/sk\/2019\/08\/22\/transcontinental-race-ked-si-myslite-ze-uz-nemozete-ste-este-len-na-zaciatku\/\" \/>\n<meta property=\"og:site_name\" content=\"\u0160koda We Love Cycling Slovensko\" \/>\n<meta property=\"article:published_time\" content=\"2019-08-22T06:10:06+00:00\" \/>\n<meta property=\"article:modified_time\" content=\"2019-08-23T06:10:18+00:00\" \/>\n<meta property=\"og:image\" content=\"https:\/\/d2p6e6u75xmxt8.cloudfront.net\/4\/2019\/08\/00-1.webp\" \/>\n\t<meta property=\"og:image:width\" content=\"1380\" \/>\n\t<meta property=\"og:image:height\" content=\"600\" \/>\n\t<meta property=\"og:image:type\" content=\"image\/webp\" \/>\n<meta name=\"author\" content=\"Ondrej Ga\u0161par\" \/>\n<meta name=\"twitter:card\" content=\"summary_large_image\" \/>\n<meta name=\"twitter:label1\" content=\"Written by\" \/>\n\t<meta name=\"twitter:data1\" content=\"We Love Cycling\" \/>\n\t<meta name=\"twitter:label2\" content=\"Est. reading time\" \/>\n\t<meta name=\"twitter:data2\" content=\"9\" \/>\n<script type=\"application\/ld+json\" class=\"yoast-schema-graph\">{\"@context\":\"https:\/\/schema.org\",\"@graph\":[{\"@type\":\"WebPage\",\"@id\":\"https:\/\/www.welovecycling.com\/sk\/2019\/08\/22\/transcontinental-race-ked-si-myslite-ze-uz-nemozete-ste-este-len-na-zaciatku\/\",\"url\":\"https:\/\/www.welovecycling.com\/sk\/2019\/08\/22\/transcontinental-race-ked-si-myslite-ze-uz-nemozete-ste-este-len-na-zaciatku\/\",\"name\":\"Transcontinental Race \u2013 ke\u010f si mysl\u00edte, \u017ee u\u017e nem\u00f4\u017eete, ste e\u0161te len na za\u010diatku - \u0160koda We Love Cycling Slovensko\",\"isPartOf\":{\"@id\":\"https:\/\/www.welovecycling.com\/sk\/#website\"},\"primaryImageOfPage\":{\"@id\":\"https:\/\/www.welovecycling.com\/sk\/2019\/08\/22\/transcontinental-race-ked-si-myslite-ze-uz-nemozete-ste-este-len-na-zaciatku\/#primaryimage\"},\"image\":{\"@id\":\"https:\/\/www.welovecycling.com\/sk\/2019\/08\/22\/transcontinental-race-ked-si-myslite-ze-uz-nemozete-ste-este-len-na-zaciatku\/#primaryimage\"},\"thumbnailUrl\":\"https:\/\/d2p6e6u75xmxt8.cloudfront.net\/4\/2019\/08\/00-1.webp\",\"datePublished\":\"2019-08-22T06:10:06+00:00\",\"dateModified\":\"2019-08-23T06:10:18+00:00\",\"author\":{\"@id\":\"https:\/\/www.welovecycling.com\/sk\/#\/schema\/person\/8ee09ba39b7e25b1870160aa5b3a89bc\"},\"breadcrumb\":{\"@id\":\"https:\/\/www.welovecycling.com\/sk\/2019\/08\/22\/transcontinental-race-ked-si-myslite-ze-uz-nemozete-ste-este-len-na-zaciatku\/#breadcrumb\"},\"inLanguage\":\"sk-SK\",\"potentialAction\":[{\"@type\":\"ReadAction\",\"target\":[\"https:\/\/www.welovecycling.com\/sk\/2019\/08\/22\/transcontinental-race-ked-si-myslite-ze-uz-nemozete-ste-este-len-na-zaciatku\/\"]}]},{\"@type\":\"ImageObject\",\"inLanguage\":\"sk-SK\",\"@id\":\"https:\/\/www.welovecycling.com\/sk\/2019\/08\/22\/transcontinental-race-ked-si-myslite-ze-uz-nemozete-ste-este-len-na-zaciatku\/#primaryimage\",\"url\":\"https:\/\/d2p6e6u75xmxt8.cloudfront.net\/4\/2019\/08\/00-1.webp\",\"contentUrl\":\"https:\/\/d2p6e6u75xmxt8.cloudfront.net\/4\/2019\/08\/00-1.webp\",\"width\":1380,\"height\":600},{\"@type\":\"BreadcrumbList\",\"@id\":\"https:\/\/www.welovecycling.com\/sk\/2019\/08\/22\/transcontinental-race-ked-si-myslite-ze-uz-nemozete-ste-este-len-na-zaciatku\/#breadcrumb\",\"itemListElement\":[{\"@type\":\"ListItem\",\"position\":1,\"name\":\"Home\",\"item\":\"https:\/\/www.welovecycling.com\/sk\/\"},{\"@type\":\"ListItem\",\"position\":2,\"name\":\"Transcontinental Race \u2013 ke\u010f si mysl\u00edte, \u017ee u\u017e nem\u00f4\u017eete, ste e\u0161te len na za\u010diatku\"}]},{\"@type\":\"WebSite\",\"@id\":\"https:\/\/www.welovecycling.com\/sk\/#website\",\"url\":\"https:\/\/www.welovecycling.com\/sk\/\",\"name\":\"\u0160koda We Love Cycling Slovensko\",\"description\":\"\u0160koda We Love Cycling Slovensko je v\u00e1\u0161 ka\u017edodenn\u00fd zdroj noviniek a in\u0161pir\u00e1cie z sveta cyklistiky\",\"potentialAction\":[{\"@type\":\"SearchAction\",\"target\":{\"@type\":\"EntryPoint\",\"urlTemplate\":\"https:\/\/www.welovecycling.com\/sk\/?s={search_term_string}\"},\"query-input\":{\"@type\":\"PropertyValueSpecification\",\"valueRequired\":true,\"valueName\":\"search_term_string\"}}],\"inLanguage\":\"sk-SK\"},{\"@type\":\"Person\",\"@id\":\"https:\/\/www.welovecycling.com\/sk\/#\/schema\/person\/8ee09ba39b7e25b1870160aa5b3a89bc\",\"name\":\"Ondrej Ga\u0161par\",\"image\":{\"@type\":\"ImageObject\",\"inLanguage\":\"sk-SK\",\"@id\":\"https:\/\/www.welovecycling.com\/sk\/#\/schema\/person\/image\/\",\"url\":\"https:\/\/secure.gravatar.com\/avatar\/6126c9afb87b70da5abbb083ddbb21933da15f18f8ca7cb822aba0fb096a48f6?s=96&d=mm&r=g\",\"contentUrl\":\"https:\/\/secure.gravatar.com\/avatar\/6126c9afb87b70da5abbb083ddbb21933da15f18f8ca7cb822aba0fb096a48f6?s=96&d=mm&r=g\",\"caption\":\"Ondrej Ga\u0161par\"},\"url\":\"https:\/\/www.welovecycling.com\/sk\/author\/ondrejgaspar\/\"}]}<\/script>\n<!-- \/ Yoast SEO Premium plugin. -->","yoast_head_json":{"title":"Transcontinental Race \u2013 ke\u010f si mysl\u00edte, \u017ee u\u017e nem\u00f4\u017eete, ste e\u0161te len na za\u010diatku - \u0160koda We Love Cycling Slovensko","robots":{"index":"index","follow":"follow","max-snippet":"max-snippet:-1","max-image-preview":"max-image-preview:large","max-video-preview":"max-video-preview:-1"},"canonical":"https:\/\/www.welovecycling.com\/sk\/2019\/08\/22\/transcontinental-race-ked-si-myslite-ze-uz-nemozete-ste-este-len-na-zaciatku\/","og_locale":"sk_SK","og_type":"article","og_title":"Transcontinental Race \u2013 ke\u010f si mysl\u00edte, \u017ee u\u017e nem\u00f4\u017eete, ste e\u0161te len na za\u010diatku","og_description":"Dobrodru\u017estv\u00e1 a\u00a0v\u00fdzvy sa v\u00a0dne\u0161n\u00fdch d\u0148och pr\u00edli\u0161 nenosia. Svet sa stal dostupn\u00fdm po v\u0161etk\u00fdch str\u00e1nkach, navykli sme si na pohodlie domova [&hellip;]","og_url":"https:\/\/www.welovecycling.com\/sk\/2019\/08\/22\/transcontinental-race-ked-si-myslite-ze-uz-nemozete-ste-este-len-na-zaciatku\/","og_site_name":"\u0160koda We Love Cycling Slovensko","article_published_time":"2019-08-22T06:10:06+00:00","article_modified_time":"2019-08-23T06:10:18+00:00","og_image":[{"width":1380,"height":600,"url":"https:\/\/d2p6e6u75xmxt8.cloudfront.net\/4\/2019\/08\/00-1.webp","type":"image\/webp"}],"author":"Ondrej Ga\u0161par","twitter_card":"summary_large_image","twitter_misc":{"Written by":"We Love Cycling","Est. reading time":"9"},"schema":{"@context":"https:\/\/schema.org","@graph":[{"@type":"WebPage","@id":"https:\/\/www.welovecycling.com\/sk\/2019\/08\/22\/transcontinental-race-ked-si-myslite-ze-uz-nemozete-ste-este-len-na-zaciatku\/","url":"https:\/\/www.welovecycling.com\/sk\/2019\/08\/22\/transcontinental-race-ked-si-myslite-ze-uz-nemozete-ste-este-len-na-zaciatku\/","name":"Transcontinental Race \u2013 ke\u010f si mysl\u00edte, \u017ee u\u017e nem\u00f4\u017eete, ste e\u0161te len na za\u010diatku - \u0160koda We Love Cycling Slovensko","isPartOf":{"@id":"https:\/\/www.welovecycling.com\/sk\/#website"},"primaryImageOfPage":{"@id":"https:\/\/www.welovecycling.com\/sk\/2019\/08\/22\/transcontinental-race-ked-si-myslite-ze-uz-nemozete-ste-este-len-na-zaciatku\/#primaryimage"},"image":{"@id":"https:\/\/www.welovecycling.com\/sk\/2019\/08\/22\/transcontinental-race-ked-si-myslite-ze-uz-nemozete-ste-este-len-na-zaciatku\/#primaryimage"},"thumbnailUrl":"https:\/\/d2p6e6u75xmxt8.cloudfront.net\/4\/2019\/08\/00-1.webp","datePublished":"2019-08-22T06:10:06+00:00","dateModified":"2019-08-23T06:10:18+00:00","author":{"@id":"https:\/\/www.welovecycling.com\/sk\/#\/schema\/person\/8ee09ba39b7e25b1870160aa5b3a89bc"},"breadcrumb":{"@id":"https:\/\/www.welovecycling.com\/sk\/2019\/08\/22\/transcontinental-race-ked-si-myslite-ze-uz-nemozete-ste-este-len-na-zaciatku\/#breadcrumb"},"inLanguage":"sk-SK","potentialAction":[{"@type":"ReadAction","target":["https:\/\/www.welovecycling.com\/sk\/2019\/08\/22\/transcontinental-race-ked-si-myslite-ze-uz-nemozete-ste-este-len-na-zaciatku\/"]}]},{"@type":"ImageObject","inLanguage":"sk-SK","@id":"https:\/\/www.welovecycling.com\/sk\/2019\/08\/22\/transcontinental-race-ked-si-myslite-ze-uz-nemozete-ste-este-len-na-zaciatku\/#primaryimage","url":"https:\/\/d2p6e6u75xmxt8.cloudfront.net\/4\/2019\/08\/00-1.webp","contentUrl":"https:\/\/d2p6e6u75xmxt8.cloudfront.net\/4\/2019\/08\/00-1.webp","width":1380,"height":600},{"@type":"BreadcrumbList","@id":"https:\/\/www.welovecycling.com\/sk\/2019\/08\/22\/transcontinental-race-ked-si-myslite-ze-uz-nemozete-ste-este-len-na-zaciatku\/#breadcrumb","itemListElement":[{"@type":"ListItem","position":1,"name":"Home","item":"https:\/\/www.welovecycling.com\/sk\/"},{"@type":"ListItem","position":2,"name":"Transcontinental Race \u2013 ke\u010f si mysl\u00edte, \u017ee u\u017e nem\u00f4\u017eete, ste e\u0161te len na za\u010diatku"}]},{"@type":"WebSite","@id":"https:\/\/www.welovecycling.com\/sk\/#website","url":"https:\/\/www.welovecycling.com\/sk\/","name":"\u0160koda We Love Cycling Slovensko","description":"\u0160koda We Love Cycling Slovensko je v\u00e1\u0161 ka\u017edodenn\u00fd zdroj noviniek a in\u0161pir\u00e1cie z sveta cyklistiky","potentialAction":[{"@type":"SearchAction","target":{"@type":"EntryPoint","urlTemplate":"https:\/\/www.welovecycling.com\/sk\/?s={search_term_string}"},"query-input":{"@type":"PropertyValueSpecification","valueRequired":true,"valueName":"search_term_string"}}],"inLanguage":"sk-SK"},{"@type":"Person","@id":"https:\/\/www.welovecycling.com\/sk\/#\/schema\/person\/8ee09ba39b7e25b1870160aa5b3a89bc","name":"Ondrej Ga\u0161par","image":{"@type":"ImageObject","inLanguage":"sk-SK","@id":"https:\/\/www.welovecycling.com\/sk\/#\/schema\/person\/image\/","url":"https:\/\/secure.gravatar.com\/avatar\/6126c9afb87b70da5abbb083ddbb21933da15f18f8ca7cb822aba0fb096a48f6?s=96&d=mm&r=g","contentUrl":"https:\/\/secure.gravatar.com\/avatar\/6126c9afb87b70da5abbb083ddbb21933da15f18f8ca7cb822aba0fb096a48f6?s=96&d=mm&r=g","caption":"Ondrej Ga\u0161par"},"url":"https:\/\/www.welovecycling.com\/sk\/author\/ondrejgaspar\/"}]}},"_links":{"self":[{"href":"https:\/\/www.welovecycling.com\/sk\/wp-json\/wp\/v2\/posts\/8032","targetHints":{"allow":["GET"]}}],"collection":[{"href":"https:\/\/www.welovecycling.com\/sk\/wp-json\/wp\/v2\/posts"}],"about":[{"href":"https:\/\/www.welovecycling.com\/sk\/wp-json\/wp\/v2\/types\/post"}],"author":[{"embeddable":true,"href":"https:\/\/www.welovecycling.com\/sk\/wp-json\/wp\/v2\/users\/38"}],"replies":[{"embeddable":true,"href":"https:\/\/www.welovecycling.com\/sk\/wp-json\/wp\/v2\/comments?post=8032"}],"version-history":[{"count":2,"href":"https:\/\/www.welovecycling.com\/sk\/wp-json\/wp\/v2\/posts\/8032\/revisions"}],"predecessor-version":[{"id":8044,"href":"https:\/\/www.welovecycling.com\/sk\/wp-json\/wp\/v2\/posts\/8032\/revisions\/8044"}],"wp:featuredmedia":[{"embeddable":true,"href":"https:\/\/www.welovecycling.com\/sk\/wp-json\/wp\/v2\/media\/8042"}],"wp:attachment":[{"href":"https:\/\/www.welovecycling.com\/sk\/wp-json\/wp\/v2\/media?parent=8032"}],"wp:term":[{"taxonomy":"category","embeddable":true,"href":"https:\/\/www.welovecycling.com\/sk\/wp-json\/wp\/v2\/categories?post=8032"},{"taxonomy":"post_tag","embeddable":true,"href":"https:\/\/www.welovecycling.com\/sk\/wp-json\/wp\/v2\/tags?post=8032"},{"taxonomy":"global-categories","embeddable":true,"href":"https:\/\/www.welovecycling.com\/sk\/wp-json\/wp\/v2\/global-categories?post=8032"}],"curies":[{"name":"wp","href":"https:\/\/api.w.org\/{rel}","templated":true}]}}