{"id":8017,"date":"2019-08-13T12:41:12","date_gmt":"2019-08-13T10:41:12","guid":{"rendered":"https:\/\/www.welovecycling.com\/sk\/?p=8017"},"modified":"2019-08-13T12:41:12","modified_gmt":"2019-08-13T10:41:12","slug":"rozhovor-zuzana-juhasova-6-miesto-v-kategorii-na-letape-du-tour","status":"publish","type":"post","link":"https:\/\/www.welovecycling.com\/sk\/2019\/08\/13\/rozhovor-zuzana-juhasova-6-miesto-v-kategorii-na-letape-du-tour\/","title":{"rendered":"Rozhovor: Zuzana Juhasov\u00e1 &#8211; 6. miesto v kateg\u00f3rii na L&#8217;Etape du Tour"},"content":{"rendered":"<p><strong>L&#8217;Etape du Tour tento rok kop\u00edrovalo pl\u00e1novan\u00fa dvadsiatu etapu Tour de France z Albertville do Val Thorens. Viacer\u00ed z n\u00e1s sme mo\u017eno pri sledovan\u00ed tohto ro\u010dn\u00edka \u201eStarej d\u00e1my\u201c sn\u00edvali o tom, ak\u00e9 by to bolo prejs\u0165 si toto\u017en\u00fa trasu, ak\u00fa si pre\u0161li prof\u00edci.<\/strong><!--more--><\/p>\n<p>V\u00fdherky\u0148a na\u0161ej s\u00fa\u0165a\u017ee t\u00fato pr\u00edle\u017eitos\u0165 dostala a popasovala sa s \u0148ou skuto\u010dne par\u00e1dne. Dokonca pre\u0161la 20. etapu cel\u00fa, na rozdiel od pelot\u00f3nu, ktor\u00e9mu posledn\u00fa horsk\u00fa previerku skr\u00e1tili kv\u00f4li po\u010dasiu. <strong>\u0160ieste miesto v kateg\u00f3rii hovor\u00ed skuto\u010dne za v\u0161etko<\/strong>. Dajme u\u017e priestor Zuzke, ktor\u00e1 n\u00e1m pribl\u00ed\u017ei, ak\u00e9 to je, ke\u010f za\u017eijete atmosf\u00e9ru Tour de France na vlastnej ko\u017ei.<\/p>\n<p><strong>Zuzka, pred pretekmi sme s tebou robili <a href=\"https:\/\/www.welovecycling.com\/sk\/2019\/07\/18\/rozhovor-ako-som-vyhrala-moznost-zucastnit-sa-na-letape-du-tour\/\">rozhovor<\/a> a dozvedeli sme sa o tebe zop\u00e1r zauj\u00edmav\u00fdch inform\u00e1ci\u00ed a pribl\u00ed\u017eila si n\u00e1m svoju cyklistick\u00fa z\u00e1\u013eubu. V tomto rozhovore sa zameriame hlavne na tvoj z\u00e1\u017eitok a sk\u00fasenosti z L&#8217;Etape du Tour. Pop\u00ed\u0161 n\u00e1m sp\u00f4sob, ak\u00fdm si sa dostala do Franc\u00fazska, ako si tam dopravila svoj bicykel a ako vyzerali tvoje dni pred pretekmi. Pri\u0161la si do Franc\u00fazska nieko\u013eko dn\u00ed pred \u0161tartom?<\/strong><br \/>\n<em>Do Franc\u00fazska som odletela z Viedne v sobotu r\u00e1no o 7:00, tak som si musela tro\u0161ku privsta\u0165, bike som mala zabalen\u00fd v \u201ekrabici\u201c ako som zvyknut\u00e1, ke\u010f cestujeme na s\u00fastredenie na Mallorcu a prepravilo ho tie\u017e lietadlo. Pr\u00edlet bol do \u017denevy a odtia\u013e ma \u010dakala cesta busom cca. 2 hodiny do Franc\u00fazska na miesto, kde sme boli v\u0161etci ubytovan\u00ed. Na letisku som \u010dakala zvy\u0161ok t\u00edmu a potom sme sa spolo\u010dne v\u0161etci poobede pres\u00favali do Franc\u00fazska. Na hoteli n\u00e1s \u010dakal organiza\u010dn\u00fd t\u00edm. Ubytovali sme sa okolo 17-n\u00e1stej, poskladali bike a n\u00e1sledne sme sa i\u0161li s Jirkom  \u201epovozi\u0165\u201c, urobi\u0165 fotky, vide\u00e1 ?. Ve\u010deru sme mali na hoteli a po ve\u010deri sme rie\u0161ili v\u0161etky potrebn\u00e9 veci pred \u0161tartom. Tento de\u0148 bol celkom n\u00e1ro\u010dn\u00fd od skor\u00e9ho vst\u00e1vania, cez presuny a neskor\u00e9 \u201eza\u013eahnutie\u201c s pomyslen\u00edm na \u010fal\u0161ie skor\u00e9 vst\u00e1vanie o 4:00 ?.<\/em><\/p>\n<div data-rows=\"1\" id='gallery-1' class='gallery-rows-1 gallery galleryid-8017 gallery-columns-2 gallery-size-full'><figure class='gallery-item'>\n\t\t\t<div class='gallery-icon landscape'>\n\t\t\t\t<a href='https:\/\/d2p6e6u75xmxt8.cloudfront.net\/4\/2019\/08\/juhasova_01.webp'><img loading=\"lazy\" decoding=\"async\" width=\"1200\" height=\"800\" src=\"https:\/\/d2p6e6u75xmxt8.cloudfront.net\/4\/2019\/08\/juhasova_01.webp\" class=\"attachment-full size-full\" alt=\"\" srcset=\"https:\/\/d2p6e6u75xmxt8.cloudfront.net\/4\/2019\/08\/juhasova_01.webp 1200w, https:\/\/d2p6e6u75xmxt8.cloudfront.net\/4\/2019\/08\/juhasova_01-300x200.webp 300w, https:\/\/d2p6e6u75xmxt8.cloudfront.net\/4\/2019\/08\/juhasova_01-1024x683.webp 1024w, https:\/\/d2p6e6u75xmxt8.cloudfront.net\/4\/2019\/08\/juhasova_01-768x512.webp 768w, https:\/\/d2p6e6u75xmxt8.cloudfront.net\/4\/2019\/08\/juhasova_01-272x182.webp 272w\" sizes=\"auto, (max-width: 1200px) 100vw, 1200px\" \/><\/a>\n\t\t\t<\/div><\/figure><figure class='gallery-item'>\n\t\t\t<div class='gallery-icon landscape'>\n\t\t\t\t<a href='https:\/\/d2p6e6u75xmxt8.cloudfront.net\/4\/2019\/08\/juhasova_02.webp'><img loading=\"lazy\" decoding=\"async\" width=\"1200\" height=\"800\" src=\"https:\/\/d2p6e6u75xmxt8.cloudfront.net\/4\/2019\/08\/juhasova_02.webp\" class=\"attachment-full size-full\" alt=\"\" srcset=\"https:\/\/d2p6e6u75xmxt8.cloudfront.net\/4\/2019\/08\/juhasova_02.webp 1200w, https:\/\/d2p6e6u75xmxt8.cloudfront.net\/4\/2019\/08\/juhasova_02-300x200.webp 300w, https:\/\/d2p6e6u75xmxt8.cloudfront.net\/4\/2019\/08\/juhasova_02-1024x683.webp 1024w, https:\/\/d2p6e6u75xmxt8.cloudfront.net\/4\/2019\/08\/juhasova_02-768x512.webp 768w, https:\/\/d2p6e6u75xmxt8.cloudfront.net\/4\/2019\/08\/juhasova_02-272x182.webp 272w\" sizes=\"auto, (max-width: 1200px) 100vw, 1200px\" \/><\/a>\n\t\t\t<\/div><\/figure>\n\t\t<\/div>\n        \n<p><strong>\u010co ti prebiehalo hlavou, ke\u010f si u\u017e st\u00e1la na \u0161tarte?<\/strong><br \/>\n<em>Ke\u010f som st\u00e1la na \u0161tarte, tak moje my\u0161lienky sa e\u0161te tak trochu \u201epreb\u00fadzali\u201c. Do boxu sme pri\u0161li u\u017e o \u0161iestej r\u00e1no a \u0161tart bol pl\u00e1novan\u00fd o siedmej. P\u00e1r min\u00fat pred \u0161tartom za\u010dal naozaj ten \u201espr\u00e1vny \u0161tar\u0165\u00e1k\u201c, trochu obavy, \u010di to d\u00e1m, triasli sa mi kolen\u00e1 ?. Ale st\u00e1la som tam s my\u0161lienkou, \u017ee to idem dokon\u010di\u0165 a sprav\u00edm pre to v\u0161etko.<\/em><\/p>\n<p><a href=\"https:\/\/d2p6e6u75xmxt8.cloudfront.net\/4\/2019\/08\/juhasova_03.jpg\"><img loading=\"lazy\" decoding=\"async\" src=\"https:\/\/d2p6e6u75xmxt8.cloudfront.net\/4\/2019\/08\/juhasova_03.jpg\" alt=\"\" width=\"1200\" height=\"800\" class=\"alignnone size-full wp-image-8020\" \/><\/a><\/p>\n<p><strong>Sk\u00fas n\u00e1m predstavi\u0165 atmosf\u00e9ru pretekov. Ako to tam cel\u00e9 vyzeralo, ak\u00ed boli div\u00e1ci?<\/strong><br \/>\n<em>Atmosf\u00e9ra pretekov bola naozaj najlep\u0161ia, ak\u00fa som mala mo\u017enos\u0165 doteraz za\u017ei\u0165. To\u013eko pretek\u00e1rov u\u017e od \u0161tartu, v\u0161etci v dobrej n\u00e1lade ?. Pri trati st\u00e1li div\u00e1ci, ktor\u00ed dod\u00e1vali energiu, povzbudzovali, deti pod\u00e1vali ruky. Mest\u00e1 boli vyzdoben\u00e9, \u010dlovek sa naozaj c\u00edtil ako prof\u00edk na Tour ?.<\/em><\/p>\n<p><a href=\"https:\/\/d2p6e6u75xmxt8.cloudfront.net\/4\/2019\/08\/juhasova_04.jpg\"><img loading=\"lazy\" decoding=\"async\" src=\"https:\/\/d2p6e6u75xmxt8.cloudfront.net\/4\/2019\/08\/juhasova_04.jpg\" alt=\"\" width=\"1200\" height=\"800\" class=\"alignnone size-full wp-image-8021\" \/><\/a><\/p>\n<p><strong>Bola si aj v nejakej skupine, ktor\u00e1 spolupracovala? Alebo to boli tvrd\u00e9 preteky, kde si ka\u017ed\u00fd i\u0161iel za svoje?<\/strong><br \/>\n<em>T\u00fdch skup\u00edn bolo nieko\u013eko, pri tom po\u010dte \u0161tartuj\u00facich sa m\u00e1lokedy stalo, \u017ee som i\u0161la sama. Skupinky sa delili, ale za ka\u017ed\u00fdm pri\u0161la in\u00e1 ?. V kopcoch som sa sna\u017eila \u00eds\u0165 svoje tempo a neprep\u00e1li\u0165 za\u010diatok.<\/em><\/p>\n<p><a href=\"https:\/\/d2p6e6u75xmxt8.cloudfront.net\/4\/2019\/08\/juhasova_05.jpg\"><img loading=\"lazy\" decoding=\"async\" src=\"https:\/\/d2p6e6u75xmxt8.cloudfront.net\/4\/2019\/08\/juhasova_05.jpg\" alt=\"\" width=\"1200\" height=\"800\" class=\"alignnone size-full wp-image-8022\" \/><\/a><\/p>\n<p><strong>Ak\u00fd moment bol pre teba najsilnej\u0161\u00ed?<\/strong><br \/>\n<em>Najsilnej\u0161\u00ed moment bol jednozna\u010dne ten, ke\u010f som pre\u0161la cie\u013eovou \u010diarou ?. Bola som neop\u00edsate\u013ene \u0161\u0165astn\u00e1.<\/em><\/p>\n<p><strong>Mala si po\u010das d\u0148a aj nejak\u00fa kr\u00edzu alebo ich bolo nebodaj viac? Ak\u00e9 bolo po\u010dasie?<\/strong><br \/>\n<em>Cel\u00fd \u010das sa mi i\u0161lo ve\u013emi dobre a sama som \u010dakala, kedy t\u00e1 kr\u00edza pr\u00edde. Pri\u0161la ?. Presne 15 km pred cie\u013eom. Bolo to v najdlh\u0161om 33 km st\u00fapan\u00ed na Val Thorens. Tie kilometre si budem dlho pam\u00e4ta\u0165. Po\u010dasie sme mali pekn\u00e9, svietilo slnko, ob\u010das nejak\u00fd mrak, ale tomu som sa pote\u0161ila, lebo bolo ve\u013emi teplo.<\/em><\/p>\n<p><a href=\"https:\/\/d2p6e6u75xmxt8.cloudfront.net\/4\/2019\/08\/juhasova_06.jpg\"><img loading=\"lazy\" decoding=\"async\" src=\"https:\/\/d2p6e6u75xmxt8.cloudfront.net\/4\/2019\/08\/juhasova_06.jpg\" alt=\"\" width=\"1200\" height=\"800\" class=\"alignnone size-full wp-image-8023\" \/><\/a><\/p>\n<p><strong>Mnoh\u00fdch by mo\u017eno zauj\u00edmalo, \u010do si po\u010das d\u0148a jedla. Ko\u013eko g\u00e9lov, ty\u010diniek, \u010di bid\u00f3nov vody spotrebuje \u010dlovek po\u010das takto n\u00e1ro\u010dn\u00e9ho d\u0148a? Ako rie\u0161il organiz\u00e1tor ob\u010derstvova\u010dky?<\/strong><br \/>\n<em>Pre m\u0148a s\u00fa pred n\u00e1ro\u010dn\u00fdmi pretekmi z\u00e1kladom ra\u0148ajky. V tomto pr\u00edpade u\u017e ve\u010dera, nako\u013eko sa \u0161tartovalo u\u017e skoro r\u00e1no. Preferujem mlie\u010dnu ry\u017eu s ovoc\u00edm ?. So sebou som mala u\u017e overen\u00e9 veci ako \u017eelat\u00edna, hroznov\u00fd cukor, samozrejme aj g\u00e9l, 2 bid\u00f3ny, ktor\u00e9 mi vydr\u017eali po 100. km. Tu som st\u00e1la na ob\u010derstvova\u010dke, kde som doplnila energiu ovoc\u00edm, naplnila som f\u013ea\u0161e, odbehla na wc. Zobrala si e\u0161te marhule do vrecka pred n\u00e1ro\u010dn\u00fdm st\u00fapan\u00edm na Val Thorens. Ob\u010derstvova\u010diek bolo viac, mysl\u00edm si, \u017ee ka\u017ed\u00fd si na nich na\u0161iel nie\u010do vhodn\u00e9 pre seba. Bolo na nich ve\u013ea ovocia, ban\u00e1ny, marhule, r\u00f4zne ty\u010dinky, g\u00e9ly, sal\u00e1ma, \u017eemle, voda a jon\u0165\u00e1k je samozrejmos\u0165.<\/em><\/p>\n<p><a href=\"https:\/\/d2p6e6u75xmxt8.cloudfront.net\/4\/2019\/08\/juhasova_07.jpg\"><img loading=\"lazy\" decoding=\"async\" src=\"https:\/\/d2p6e6u75xmxt8.cloudfront.net\/4\/2019\/08\/juhasova_07.jpg\" alt=\"\" width=\"1200\" height=\"800\" class=\"alignnone size-full wp-image-8024\" \/><\/a><\/p>\n<p><strong>Prezrad\u00ed\u0161 n\u00e1m, na akom mieste si skon\u010dila? Splnila si si svoj cie\u013e umiestni\u0165 sa do 20. miesta vo svojej kateg\u00f3ri\u00ed?<\/strong><br \/>\n<em>Vo svojej kateg\u00f3ri\u00ed som skon\u010dila na 6. mieste, cie\u013e splnen\u00fd ?. \u0160koda t\u00fdch posledn\u00fdch 15 km, kde som naozaj dos\u0165 ve\u013ea stratila.<\/em><\/p>\n<div data-rows=\"1\" id='gallery-2' class='gallery-rows-1 gallery galleryid-8017 gallery-columns-2 gallery-size-full'><figure class='gallery-item'>\n\t\t\t<div class='gallery-icon landscape'>\n\t\t\t\t<a href='https:\/\/d2p6e6u75xmxt8.cloudfront.net\/4\/2019\/08\/juhasova_08.webp'><img loading=\"lazy\" decoding=\"async\" width=\"1200\" height=\"800\" src=\"https:\/\/d2p6e6u75xmxt8.cloudfront.net\/4\/2019\/08\/juhasova_08.webp\" class=\"attachment-full size-full\" alt=\"\" srcset=\"https:\/\/d2p6e6u75xmxt8.cloudfront.net\/4\/2019\/08\/juhasova_08.webp 1200w, https:\/\/d2p6e6u75xmxt8.cloudfront.net\/4\/2019\/08\/juhasova_08-300x200.webp 300w, https:\/\/d2p6e6u75xmxt8.cloudfront.net\/4\/2019\/08\/juhasova_08-1024x683.webp 1024w, https:\/\/d2p6e6u75xmxt8.cloudfront.net\/4\/2019\/08\/juhasova_08-768x512.webp 768w, https:\/\/d2p6e6u75xmxt8.cloudfront.net\/4\/2019\/08\/juhasova_08-272x182.webp 272w\" sizes=\"auto, (max-width: 1200px) 100vw, 1200px\" \/><\/a>\n\t\t\t<\/div><\/figure><figure class='gallery-item'>\n\t\t\t<div class='gallery-icon landscape'>\n\t\t\t\t<a href='https:\/\/d2p6e6u75xmxt8.cloudfront.net\/4\/2019\/08\/juhasova_09.webp'><img loading=\"lazy\" decoding=\"async\" width=\"1200\" height=\"800\" src=\"https:\/\/d2p6e6u75xmxt8.cloudfront.net\/4\/2019\/08\/juhasova_09.webp\" class=\"attachment-full size-full\" alt=\"\" srcset=\"https:\/\/d2p6e6u75xmxt8.cloudfront.net\/4\/2019\/08\/juhasova_09.webp 1200w, https:\/\/d2p6e6u75xmxt8.cloudfront.net\/4\/2019\/08\/juhasova_09-300x200.webp 300w, https:\/\/d2p6e6u75xmxt8.cloudfront.net\/4\/2019\/08\/juhasova_09-1024x683.webp 1024w, https:\/\/d2p6e6u75xmxt8.cloudfront.net\/4\/2019\/08\/juhasova_09-768x512.webp 768w, https:\/\/d2p6e6u75xmxt8.cloudfront.net\/4\/2019\/08\/juhasova_09-272x182.webp 272w\" sizes=\"auto, (max-width: 1200px) 100vw, 1200px\" \/><\/a>\n\t\t\t<\/div><\/figure>\n\t\t<\/div>\n        \n<p><strong>Zopakovala by si si tieto preteky e\u0161te raz?<\/strong><br \/>\n<em>Ur\u010dite \u00e1no. U\u017e len pre tu atmosf\u00e9ru ?.<\/em><\/p>\n<p><a href=\"https:\/\/d2p6e6u75xmxt8.cloudfront.net\/4\/2019\/08\/juhasova_10.jpg\"><img loading=\"lazy\" decoding=\"async\" src=\"https:\/\/d2p6e6u75xmxt8.cloudfront.net\/4\/2019\/08\/juhasova_10.jpg\" alt=\"\" width=\"1200\" height=\"800\" class=\"alignnone size-full wp-image-8028\" \/><\/a><\/p>\n<p><strong>Ako prebiehala tvoja regener\u00e1cia po 7 hodin\u00e1ch v sedle?<\/strong><br \/>\n<em>E\u0161te st\u00e1le prebieha ? (rozhovor prebiehal p\u00e1r dn\u00ed po n\u00e1vrate). Po pr\u00edchode domov som bola na mas\u00e1\u017ei, kone\u010dne som sa don\u00fatila stre\u010dova\u0165, na biku aktu\u00e1lne jazd\u00edm len kr\u00e1tke \u201erege\u201c tr\u00e9ningy. D\u00fafam, \u017ee v sobotu budem pripraven\u00e1 a odd\u00fdchnut\u00e1 \u0161tartova\u0165 na majstrovstv\u00e1ch SR v marat\u00f3ne.<\/em><\/p>\n<p><strong>Prekvapilo \u0165a nie\u010do na t\u00fdchto pretekoch?<\/strong><br \/>\n<em>Prekvapilo ma, ko\u013eko \u013eud\u00ed, div\u00e1kov st\u00e1lo popri trati a ako neskuto\u010dne povzbudzovali.<\/em><\/p>\n<p><strong>V\u0161imla si si nejak\u00fd organiza\u010dn\u00fd nedostatok? Zvl\u00e1dli organiz\u00e1tori cel\u00fa akciu?<\/strong><br \/>\n<em>Organiz\u00e1cia t\u00fdchto pretekov bola z m\u00f4jho poh\u013eadu bezchybn\u00e1, tra\u0165 bola zabezpe\u010den\u00e1 na 100%, ob\u010derstvovacie stanice tie\u017e.<\/em><\/p>\n<p><strong>\u010co si odn\u00e1\u0161a\u0161 z t\u00fdchto pretekov?<\/strong><br \/>\n<em>Neskuto\u010dne siln\u00fd z\u00e1\u017eitok a nov\u00e9 kamar\u00e1tstva ?.<\/em><\/p>\n<p><a href=\"https:\/\/d2p6e6u75xmxt8.cloudfront.net\/4\/2019\/08\/juhasova_11.jpg\"><img loading=\"lazy\" decoding=\"async\" src=\"https:\/\/d2p6e6u75xmxt8.cloudfront.net\/4\/2019\/08\/juhasova_11.jpg\" alt=\"\" width=\"1200\" height=\"800\" class=\"alignnone size-full wp-image-8027\" \/><\/a><\/p>\n<p><strong>Odporu\u010dila by si tieto preteky aj n\u00e1m, hobby cyklistom?<\/strong><br \/>\n<em>Tieto preteky s\u00fa mysl\u00edm pre ka\u017ed\u00e9ho, kto chce pos\u00fava\u0165 svoje limity. Treba sa samozrejme trochu aj pripravi\u0165 fyzicky \u2013 psychicky, \u017ee je to n\u00e1ro\u010dn\u00e9. Ve\u013emi ve\u013ea \u013eud\u00ed sedelo na ceste a bojovalo s k\u0155\u010dmi, niektor\u00ed sa rozhodli vyzu\u0165 tretry a v pono\u017ek\u00e1ch \u0161liapa\u0165 do cie\u013ea ?.<\/em><\/p>\n<p><strong>Nejak\u00e9 posolstvo alebo slovo na z\u00e1ver?<\/strong><br \/>\n<em>Chcela by som po\u010fakova\u0165 cel\u00e9mu t\u00edmu, \u017ee som mala mo\u017enos\u0165 by\u0165 s\u00fa\u010das\u0165ou tejto etapy. Budem na tieto dni dlho spom\u00edna\u0165 ?.<\/em><\/p>\n","protected":false},"excerpt":{"rendered":"<p>L&#8217;Etape du Tour tento rok kop\u00edrovalo pl\u00e1novan\u00fa dvadsiatu etapu Tour de France z Albertville do Val Thorens. Viacer\u00ed z n\u00e1s [&hellip;]<\/p>\n","protected":false},"author":38,"featured_media":8029,"comment_status":"open","ping_status":"open","sticky":false,"template":"","format":"standard","meta":{"footnotes":""},"categories":[117],"tags":[275,115,331,306,71,179,501,542,1009,562,20,810,269,1029],"global-categories":[],"class_list":["post-8017","post","type-post","status-publish","format-standard","has-post-thumbnail","hentry","category-tour-de-france","tag-cesta","tag-cestna-cyklistika","tag-etapove-preteky","tag-francuzsko","tag-letape-du-tour","tag-preteky","tag-rozhovor","tag-skoda","tag-skoda-auto","tag-skoda-bicykel","tag-tour-de-france","tag-tour-de-france-2019","tag-vitaz","tag-zuzana-juhasova"],"yoast_head":"<!-- This site is optimized with the Yoast SEO Premium plugin v25.3 (Yoast SEO v25.9) - https:\/\/yoast.com\/wordpress\/plugins\/seo\/ -->\n<title>Rozhovor: Zuzana Juhasov\u00e1 - 6. miesto v kateg\u00f3rii na L&#039;Etape du Tour - \u0160koda We Love Cycling Slovensko<\/title>\n<meta name=\"robots\" content=\"index, follow, max-snippet:-1, max-image-preview:large, max-video-preview:-1\" \/>\n<link rel=\"canonical\" href=\"https:\/\/www.welovecycling.com\/sk\/2019\/08\/13\/rozhovor-zuzana-juhasova-6-miesto-v-kategorii-na-letape-du-tour\/\" \/>\n<meta property=\"og:locale\" content=\"sk_SK\" \/>\n<meta property=\"og:type\" content=\"article\" \/>\n<meta property=\"og:title\" content=\"Rozhovor: Zuzana Juhasov\u00e1 - 6. miesto v kateg\u00f3rii na L&#039;Etape du Tour\" \/>\n<meta property=\"og:description\" content=\"L&#8217;Etape du Tour tento rok kop\u00edrovalo pl\u00e1novan\u00fa dvadsiatu etapu Tour de France z Albertville do Val Thorens. Viacer\u00ed z n\u00e1s [&hellip;]\" \/>\n<meta property=\"og:url\" content=\"https:\/\/www.welovecycling.com\/sk\/2019\/08\/13\/rozhovor-zuzana-juhasova-6-miesto-v-kategorii-na-letape-du-tour\/\" \/>\n<meta property=\"og:site_name\" content=\"\u0160koda We Love Cycling Slovensko\" \/>\n<meta property=\"article:published_time\" content=\"2019-08-13T10:41:12+00:00\" \/>\n<meta property=\"og:image\" content=\"https:\/\/d2p6e6u75xmxt8.cloudfront.net\/4\/2019\/08\/juhasova_titulka.webp\" \/>\n\t<meta property=\"og:image:width\" content=\"1380\" \/>\n\t<meta property=\"og:image:height\" content=\"600\" \/>\n\t<meta property=\"og:image:type\" content=\"image\/webp\" \/>\n<meta name=\"author\" content=\"Ondrej Ga\u0161par\" \/>\n<meta name=\"twitter:card\" content=\"summary_large_image\" \/>\n<meta name=\"twitter:label1\" content=\"Written by\" \/>\n\t<meta name=\"twitter:data1\" content=\"We Love Cycling\" \/>\n\t<meta name=\"twitter:label2\" content=\"Est. reading time\" \/>\n\t<meta name=\"twitter:data2\" content=\"7\" \/>\n<script type=\"application\/ld+json\" class=\"yoast-schema-graph\">{\"@context\":\"https:\/\/schema.org\",\"@graph\":[{\"@type\":\"WebPage\",\"@id\":\"https:\/\/www.welovecycling.com\/sk\/2019\/08\/13\/rozhovor-zuzana-juhasova-6-miesto-v-kategorii-na-letape-du-tour\/\",\"url\":\"https:\/\/www.welovecycling.com\/sk\/2019\/08\/13\/rozhovor-zuzana-juhasova-6-miesto-v-kategorii-na-letape-du-tour\/\",\"name\":\"Rozhovor: Zuzana Juhasov\u00e1 - 6. miesto v kateg\u00f3rii na L'Etape du Tour - \u0160koda We Love Cycling Slovensko\",\"isPartOf\":{\"@id\":\"https:\/\/www.welovecycling.com\/sk\/#website\"},\"primaryImageOfPage\":{\"@id\":\"https:\/\/www.welovecycling.com\/sk\/2019\/08\/13\/rozhovor-zuzana-juhasova-6-miesto-v-kategorii-na-letape-du-tour\/#primaryimage\"},\"image\":{\"@id\":\"https:\/\/www.welovecycling.com\/sk\/2019\/08\/13\/rozhovor-zuzana-juhasova-6-miesto-v-kategorii-na-letape-du-tour\/#primaryimage\"},\"thumbnailUrl\":\"https:\/\/d2p6e6u75xmxt8.cloudfront.net\/4\/2019\/08\/juhasova_titulka.webp\",\"datePublished\":\"2019-08-13T10:41:12+00:00\",\"author\":{\"@id\":\"https:\/\/www.welovecycling.com\/sk\/#\/schema\/person\/8ee09ba39b7e25b1870160aa5b3a89bc\"},\"breadcrumb\":{\"@id\":\"https:\/\/www.welovecycling.com\/sk\/2019\/08\/13\/rozhovor-zuzana-juhasova-6-miesto-v-kategorii-na-letape-du-tour\/#breadcrumb\"},\"inLanguage\":\"sk-SK\",\"potentialAction\":[{\"@type\":\"ReadAction\",\"target\":[\"https:\/\/www.welovecycling.com\/sk\/2019\/08\/13\/rozhovor-zuzana-juhasova-6-miesto-v-kategorii-na-letape-du-tour\/\"]}]},{\"@type\":\"ImageObject\",\"inLanguage\":\"sk-SK\",\"@id\":\"https:\/\/www.welovecycling.com\/sk\/2019\/08\/13\/rozhovor-zuzana-juhasova-6-miesto-v-kategorii-na-letape-du-tour\/#primaryimage\",\"url\":\"https:\/\/d2p6e6u75xmxt8.cloudfront.net\/4\/2019\/08\/juhasova_titulka.webp\",\"contentUrl\":\"https:\/\/d2p6e6u75xmxt8.cloudfront.net\/4\/2019\/08\/juhasova_titulka.webp\",\"width\":1380,\"height\":600},{\"@type\":\"BreadcrumbList\",\"@id\":\"https:\/\/www.welovecycling.com\/sk\/2019\/08\/13\/rozhovor-zuzana-juhasova-6-miesto-v-kategorii-na-letape-du-tour\/#breadcrumb\",\"itemListElement\":[{\"@type\":\"ListItem\",\"position\":1,\"name\":\"Home\",\"item\":\"https:\/\/www.welovecycling.com\/sk\/\"},{\"@type\":\"ListItem\",\"position\":2,\"name\":\"Rozhovor: Zuzana Juhasov\u00e1 &#8211; 6. miesto v kateg\u00f3rii na L&#8217;Etape du Tour\"}]},{\"@type\":\"WebSite\",\"@id\":\"https:\/\/www.welovecycling.com\/sk\/#website\",\"url\":\"https:\/\/www.welovecycling.com\/sk\/\",\"name\":\"\u0160koda We Love Cycling Slovensko\",\"description\":\"\u0160koda We Love Cycling Slovensko je v\u00e1\u0161 ka\u017edodenn\u00fd zdroj noviniek a in\u0161pir\u00e1cie z sveta cyklistiky\",\"potentialAction\":[{\"@type\":\"SearchAction\",\"target\":{\"@type\":\"EntryPoint\",\"urlTemplate\":\"https:\/\/www.welovecycling.com\/sk\/?s={search_term_string}\"},\"query-input\":{\"@type\":\"PropertyValueSpecification\",\"valueRequired\":true,\"valueName\":\"search_term_string\"}}],\"inLanguage\":\"sk-SK\"},{\"@type\":\"Person\",\"@id\":\"https:\/\/www.welovecycling.com\/sk\/#\/schema\/person\/8ee09ba39b7e25b1870160aa5b3a89bc\",\"name\":\"Ondrej Ga\u0161par\",\"image\":{\"@type\":\"ImageObject\",\"inLanguage\":\"sk-SK\",\"@id\":\"https:\/\/www.welovecycling.com\/sk\/#\/schema\/person\/image\/\",\"url\":\"https:\/\/secure.gravatar.com\/avatar\/6126c9afb87b70da5abbb083ddbb21933da15f18f8ca7cb822aba0fb096a48f6?s=96&d=mm&r=g\",\"contentUrl\":\"https:\/\/secure.gravatar.com\/avatar\/6126c9afb87b70da5abbb083ddbb21933da15f18f8ca7cb822aba0fb096a48f6?s=96&d=mm&r=g\",\"caption\":\"Ondrej Ga\u0161par\"},\"url\":\"https:\/\/www.welovecycling.com\/sk\/author\/ondrejgaspar\/\"}]}<\/script>\n<!-- \/ Yoast SEO Premium plugin. -->","yoast_head_json":{"title":"Rozhovor: Zuzana Juhasov\u00e1 - 6. miesto v kateg\u00f3rii na L'Etape du Tour - \u0160koda We Love Cycling Slovensko","robots":{"index":"index","follow":"follow","max-snippet":"max-snippet:-1","max-image-preview":"max-image-preview:large","max-video-preview":"max-video-preview:-1"},"canonical":"https:\/\/www.welovecycling.com\/sk\/2019\/08\/13\/rozhovor-zuzana-juhasova-6-miesto-v-kategorii-na-letape-du-tour\/","og_locale":"sk_SK","og_type":"article","og_title":"Rozhovor: Zuzana Juhasov\u00e1 - 6. miesto v kateg\u00f3rii na L'Etape du Tour","og_description":"L&#8217;Etape du Tour tento rok kop\u00edrovalo pl\u00e1novan\u00fa dvadsiatu etapu Tour de France z Albertville do Val Thorens. Viacer\u00ed z n\u00e1s [&hellip;]","og_url":"https:\/\/www.welovecycling.com\/sk\/2019\/08\/13\/rozhovor-zuzana-juhasova-6-miesto-v-kategorii-na-letape-du-tour\/","og_site_name":"\u0160koda We Love Cycling Slovensko","article_published_time":"2019-08-13T10:41:12+00:00","og_image":[{"width":1380,"height":600,"url":"https:\/\/d2p6e6u75xmxt8.cloudfront.net\/4\/2019\/08\/juhasova_titulka.webp","type":"image\/webp"}],"author":"Ondrej Ga\u0161par","twitter_card":"summary_large_image","twitter_misc":{"Written by":"We Love Cycling","Est. reading time":"7"},"schema":{"@context":"https:\/\/schema.org","@graph":[{"@type":"WebPage","@id":"https:\/\/www.welovecycling.com\/sk\/2019\/08\/13\/rozhovor-zuzana-juhasova-6-miesto-v-kategorii-na-letape-du-tour\/","url":"https:\/\/www.welovecycling.com\/sk\/2019\/08\/13\/rozhovor-zuzana-juhasova-6-miesto-v-kategorii-na-letape-du-tour\/","name":"Rozhovor: Zuzana Juhasov\u00e1 - 6. miesto v kateg\u00f3rii na L'Etape du Tour - \u0160koda We Love Cycling Slovensko","isPartOf":{"@id":"https:\/\/www.welovecycling.com\/sk\/#website"},"primaryImageOfPage":{"@id":"https:\/\/www.welovecycling.com\/sk\/2019\/08\/13\/rozhovor-zuzana-juhasova-6-miesto-v-kategorii-na-letape-du-tour\/#primaryimage"},"image":{"@id":"https:\/\/www.welovecycling.com\/sk\/2019\/08\/13\/rozhovor-zuzana-juhasova-6-miesto-v-kategorii-na-letape-du-tour\/#primaryimage"},"thumbnailUrl":"https:\/\/d2p6e6u75xmxt8.cloudfront.net\/4\/2019\/08\/juhasova_titulka.webp","datePublished":"2019-08-13T10:41:12+00:00","author":{"@id":"https:\/\/www.welovecycling.com\/sk\/#\/schema\/person\/8ee09ba39b7e25b1870160aa5b3a89bc"},"breadcrumb":{"@id":"https:\/\/www.welovecycling.com\/sk\/2019\/08\/13\/rozhovor-zuzana-juhasova-6-miesto-v-kategorii-na-letape-du-tour\/#breadcrumb"},"inLanguage":"sk-SK","potentialAction":[{"@type":"ReadAction","target":["https:\/\/www.welovecycling.com\/sk\/2019\/08\/13\/rozhovor-zuzana-juhasova-6-miesto-v-kategorii-na-letape-du-tour\/"]}]},{"@type":"ImageObject","inLanguage":"sk-SK","@id":"https:\/\/www.welovecycling.com\/sk\/2019\/08\/13\/rozhovor-zuzana-juhasova-6-miesto-v-kategorii-na-letape-du-tour\/#primaryimage","url":"https:\/\/d2p6e6u75xmxt8.cloudfront.net\/4\/2019\/08\/juhasova_titulka.webp","contentUrl":"https:\/\/d2p6e6u75xmxt8.cloudfront.net\/4\/2019\/08\/juhasova_titulka.webp","width":1380,"height":600},{"@type":"BreadcrumbList","@id":"https:\/\/www.welovecycling.com\/sk\/2019\/08\/13\/rozhovor-zuzana-juhasova-6-miesto-v-kategorii-na-letape-du-tour\/#breadcrumb","itemListElement":[{"@type":"ListItem","position":1,"name":"Home","item":"https:\/\/www.welovecycling.com\/sk\/"},{"@type":"ListItem","position":2,"name":"Rozhovor: Zuzana Juhasov\u00e1 &#8211; 6. miesto v kateg\u00f3rii na L&#8217;Etape du Tour"}]},{"@type":"WebSite","@id":"https:\/\/www.welovecycling.com\/sk\/#website","url":"https:\/\/www.welovecycling.com\/sk\/","name":"\u0160koda We Love Cycling Slovensko","description":"\u0160koda We Love Cycling Slovensko je v\u00e1\u0161 ka\u017edodenn\u00fd zdroj noviniek a in\u0161pir\u00e1cie z sveta cyklistiky","potentialAction":[{"@type":"SearchAction","target":{"@type":"EntryPoint","urlTemplate":"https:\/\/www.welovecycling.com\/sk\/?s={search_term_string}"},"query-input":{"@type":"PropertyValueSpecification","valueRequired":true,"valueName":"search_term_string"}}],"inLanguage":"sk-SK"},{"@type":"Person","@id":"https:\/\/www.welovecycling.com\/sk\/#\/schema\/person\/8ee09ba39b7e25b1870160aa5b3a89bc","name":"Ondrej Ga\u0161par","image":{"@type":"ImageObject","inLanguage":"sk-SK","@id":"https:\/\/www.welovecycling.com\/sk\/#\/schema\/person\/image\/","url":"https:\/\/secure.gravatar.com\/avatar\/6126c9afb87b70da5abbb083ddbb21933da15f18f8ca7cb822aba0fb096a48f6?s=96&d=mm&r=g","contentUrl":"https:\/\/secure.gravatar.com\/avatar\/6126c9afb87b70da5abbb083ddbb21933da15f18f8ca7cb822aba0fb096a48f6?s=96&d=mm&r=g","caption":"Ondrej Ga\u0161par"},"url":"https:\/\/www.welovecycling.com\/sk\/author\/ondrejgaspar\/"}]}},"_links":{"self":[{"href":"https:\/\/www.welovecycling.com\/sk\/wp-json\/wp\/v2\/posts\/8017","targetHints":{"allow":["GET"]}}],"collection":[{"href":"https:\/\/www.welovecycling.com\/sk\/wp-json\/wp\/v2\/posts"}],"about":[{"href":"https:\/\/www.welovecycling.com\/sk\/wp-json\/wp\/v2\/types\/post"}],"author":[{"embeddable":true,"href":"https:\/\/www.welovecycling.com\/sk\/wp-json\/wp\/v2\/users\/38"}],"replies":[{"embeddable":true,"href":"https:\/\/www.welovecycling.com\/sk\/wp-json\/wp\/v2\/comments?post=8017"}],"version-history":[{"count":2,"href":"https:\/\/www.welovecycling.com\/sk\/wp-json\/wp\/v2\/posts\/8017\/revisions"}],"predecessor-version":[{"id":8031,"href":"https:\/\/www.welovecycling.com\/sk\/wp-json\/wp\/v2\/posts\/8017\/revisions\/8031"}],"wp:featuredmedia":[{"embeddable":true,"href":"https:\/\/www.welovecycling.com\/sk\/wp-json\/wp\/v2\/media\/8029"}],"wp:attachment":[{"href":"https:\/\/www.welovecycling.com\/sk\/wp-json\/wp\/v2\/media?parent=8017"}],"wp:term":[{"taxonomy":"category","embeddable":true,"href":"https:\/\/www.welovecycling.com\/sk\/wp-json\/wp\/v2\/categories?post=8017"},{"taxonomy":"post_tag","embeddable":true,"href":"https:\/\/www.welovecycling.com\/sk\/wp-json\/wp\/v2\/tags?post=8017"},{"taxonomy":"global-categories","embeddable":true,"href":"https:\/\/www.welovecycling.com\/sk\/wp-json\/wp\/v2\/global-categories?post=8017"}],"curies":[{"name":"wp","href":"https:\/\/api.w.org\/{rel}","templated":true}]}}