{"id":8005,"date":"2019-08-12T09:16:40","date_gmt":"2019-08-12T07:16:40","guid":{"rendered":"https:\/\/www.welovecycling.com\/sk\/?p=8005"},"modified":"2019-08-09T09:44:16","modified_gmt":"2019-08-09T07:44:16","slug":"vladimir-vidim-na-letape-du-tour-zelezna-vola-a-drevene-riaditka","status":"publish","type":"post","link":"https:\/\/www.welovecycling.com\/sk\/2019\/08\/12\/vladimir-vidim-na-letape-du-tour-zelezna-vola-a-drevene-riaditka\/","title":{"rendered":"Vladim\u00edr Vidim na L&#8217;\u00c9tape du Tour: \u017delezn\u00e1 v\u00f4\u013ea a dreven\u00e9 riad\u00edtka"},"content":{"rendered":"<p><strong>Zmie\u0161ajte dokopy celo\u017eivotn\u00fa z\u00e1\u013eubu v bicykloch, trad\u00edciu a nev\u0161edn\u00fa remeseln\u00edcku zru\u010dnos\u0165 a m\u00f4\u017eete sa pripravi\u0165 na znovuzrodenie legendy. Vladim\u00edr Vidim z Prahy vd\u00fdchol \u017eivot do 123-ro\u010dn\u00e9ho modelu bicykla, nazvan\u00e9ho SLAVIA, vyroben\u00e9ho Laurinom &#038; Klementom. Predt\u00fdm, ne\u017e tento unik\u00e1tny bicykel skon\u010dil v expoz\u00edcii m\u00fazea, Vladim\u00edr mu chcel e\u0161te da\u0165 \u0161ancu vydoby\u0165 si nehyn\u00facu sl\u00e1vu \u2013 a to rovno na pretekoch svetov\u00e9ho form\u00e1tu \u2013 na L&#8217;\u00c9tape du Tour, jednej etape tohtoro\u010dnej Tour de France. Po \u0161iestich mesiacoch tvrdej pr\u00e1ce a pr\u00edprav tak bicykel, ako aj Vladim\u00edr, \u00faspe\u0161ne prekro\u010dili cie\u013eov\u00fa p\u00e1sku. Tu je ich pr\u00edbeh.<\/strong><!--more--><\/p>\n<p>https:\/\/www.youtube.com\/watch?v=yA3-XfSgKgM<\/p>\n<h2><strong>T\u00fa\u017eba sta\u0165 sa legendou<\/strong><\/h2>\n<p>Modely SLAVIA boli \u00faplne prv\u00fdmi bicyklami, ktor\u00e9 firma Laurin &#038; Klement za\u010dala vyr\u00e1ba\u0165 v roku 1895. Konkr\u00e9tne tento model SLAVIA, ktor\u00fd Vladim\u00edr Vidim vytvoril vlastn\u00fdmi rukami, bol ich <strong>debutov\u00fdm pretek\u00e1rskym bicyklom<\/strong>, nasleduj\u00faci po dvojici mestsk\u00fdch modelov. Po\u010das stodvadsa\u0165p\u00e4\u0165 ro\u010dnej existencie sa tento mal\u00fd obchod Laurin &#038; Klement prepracoval do s\u00fa\u010dasnej podoby, teda na v\u00fdrobcu \u00e1ut \u0160koda, ako ho pozn\u00e1me v s\u00fa\u010dasnosti. Vladim\u00edr je vyu\u010den\u00fdm z\u00e1mo\u010dn\u00edkom, ktor\u00fd u\u017e dok\u00e1zal vytvori\u0165 desiatky historick\u00fdch repl\u00edk bicyklov, zah\u0155\u0148aj\u00fac aj kostitras, drez\u00ednu \u010di tzv. \u201epenny-farthing\u201c (bicykel s vysok\u00fdm predn\u00fdm a minimalistick\u00fdm zadn\u00fdm kolesom), ktor\u00e9 pou\u017eil pri vytvoren\u00ed svetov\u00e9ho rekordu, ktor\u00fd nie je jeho jedin\u00fdm. V minulosti bol akt\u00edvnym pretek\u00e1rom a dnes u\u017e pred\u00e1va svoje cenn\u00e9 vedomosti ml\u00e1de\u017ei ako ich tr\u00e9ner v cyklistickom klube Dukla. Po\u010das jedn\u00e9ho ve\u010dera v hostinci v spolo\u010dnosti priate\u013eov padla re\u010d na t\u00e9mu obnovenia legend\u00e1rneho modelu SLAVIA. Vladim\u00edr us\u00fadil, \u017ee samotn\u00e9 znovuvytvorenie bicykla nie je dostato\u010dn\u00e9.<\/p>\n<p><em>\u201ePovedali sme si, \u017ee ak \u0160koda sponzoruje Tour de France, bolo by \u00fa\u017easn\u00e9, ak by sme nielen vytvorili t\u00fato legendu, ale s\u00fa\u010dasne na nej pre\u0161li jednu z et\u00e1p Tour.\u201c<\/em><\/p>\n<div id='gallery-1' class='gallery galleryid-8005 gallery-columns-2 gallery-size-large'><figure class='gallery-item'>\n\t\t\t<div class='gallery-icon landscape'>\n\t\t\t\t<a href='https:\/\/d2p6e6u75xmxt8.cloudfront.net\/4\/2019\/08\/Slavia-2.webp'><img loading=\"lazy\" decoding=\"async\" width=\"1024\" height=\"738\" src=\"https:\/\/d2p6e6u75xmxt8.cloudfront.net\/4\/2019\/08\/Slavia-2-1024x738.webp\" class=\"attachment-large size-large\" alt=\"\" srcset=\"https:\/\/d2p6e6u75xmxt8.cloudfront.net\/4\/2019\/08\/Slavia-2-1024x738.webp 1024w, https:\/\/d2p6e6u75xmxt8.cloudfront.net\/4\/2019\/08\/Slavia-2-300x216.webp 300w, https:\/\/d2p6e6u75xmxt8.cloudfront.net\/4\/2019\/08\/Slavia-2-768x554.webp 768w, https:\/\/d2p6e6u75xmxt8.cloudfront.net\/4\/2019\/08\/Slavia-2.webp 1273w\" sizes=\"auto, (max-width: 1024px) 100vw, 1024px\" \/><\/a>\n\t\t\t<\/div><\/figure><figure class='gallery-item'>\n\t\t\t<div class='gallery-icon landscape'>\n\t\t\t\t<a href='https:\/\/d2p6e6u75xmxt8.cloudfront.net\/4\/2019\/08\/Slavia-1.webp'><img loading=\"lazy\" decoding=\"async\" width=\"1024\" height=\"738\" src=\"https:\/\/d2p6e6u75xmxt8.cloudfront.net\/4\/2019\/08\/Slavia-1-1024x738.webp\" class=\"attachment-large size-large\" alt=\"\" srcset=\"https:\/\/d2p6e6u75xmxt8.cloudfront.net\/4\/2019\/08\/Slavia-1-1024x738.webp 1024w, https:\/\/d2p6e6u75xmxt8.cloudfront.net\/4\/2019\/08\/Slavia-1-300x216.webp 300w, https:\/\/d2p6e6u75xmxt8.cloudfront.net\/4\/2019\/08\/Slavia-1-768x554.webp 768w, https:\/\/d2p6e6u75xmxt8.cloudfront.net\/4\/2019\/08\/Slavia-1.webp 1273w\" sizes=\"auto, (max-width: 1024px) 100vw, 1024px\" \/><\/a>\n\t\t\t<\/div><\/figure>\n\t\t<\/div>\n\n<p>Priamy a uskuto\u010dnite\u013en\u00fd pl\u00e1n \u2013 teoreticky. Av\u0161ak nikto nebol vyslovene prekvapen\u00fd, ke\u010f u\u017e od za\u010diatku v\u00fdstavby a projektovania mal Vladim\u00edr hlavu v sm\u00fatku. Origin\u00e1lny k\u00fasok, ak\u00fdm je SLAVIA, sa zdal by\u0165 nie\u010d\u00edm ako jednoro\u017eec. Nieko\u013eko jeho priate\u013eov a expertov bolo presved\u010den\u00fdch, \u017ee mus\u00ed existova\u0165 aspo\u0148 jeden kus, aj ke\u010f ho doposia\u013e nikto z nich nevidel na vlastn\u00e9 o\u010di. \u017diadne z m\u00faze\u00ed \u010di s\u00fakromn\u00fdch zbierok nedisponovalo straten\u00fdm pretek\u00e1rskym modelom, jedine ak, tak len mestsk\u00fdm typom. Po intenz\u00edvnom p\u00e1tran\u00ed sa Vladim\u00edr vzdal tohto nikam neved\u00faceho p\u00e1trania a rozhodol sa <strong>vytvori\u0165 cel\u00fd bicykel od z\u00e1kladu len za pomoci dobov\u00fdch fotografi\u00ed<\/strong>, bro\u017e\u00far a in\u00fdch materi\u00e1lov, poch\u00e1dzaj\u00facich z arch\u00edvov M\u00fazea \u0160koda.<\/p>\n<div class=\"shortcode-ys-post-pinup\"><article class=\"loop-simple post-7856 post type-post status-publish format-standard has-post-thumbnail hentry category-tour-de-france tag-cesta tag-cestna-cyklistika tag-cestny-bicykel tag-etapove-preteky tag-francuzsko tag-konstrukcia tag-letape-du-tour tag-legendy tag-preteky tag-skoda tag-skoda-auto tag-slavia tag-tour-de-france tag-tour-de-france-2019\" data-postid=\"7856\" role=\"article\" data-post-id=\"7856\" data-word-count=\"760\" data-headline-length=\"52\" data-category=\"Tour de France\" data-author=\"We Love Cycling\" data-published=\"2019-07-19T11:53:21+02:00\" data-published-day=\"Friday\">\n    <div class=\"entry-thumbnail article-thumbnail\" content=\"https:\/\/d2p6e6u75xmxt8.cloudfront.net\/4\/2019\/07\/skoda-slavia-bike-outside-vladimir-vidim-150x150.webp\"><a href=\"https:\/\/www.welovecycling.com\/sk\/2019\/07\/19\/legendarna-slavia-zazije-atmosferu-tour-de-france\/\" class=\"image-holder\" target=\"_self\"><img decoding=\"async\" loading=\"lazy\" class=\"\" src=\"https:\/\/d2p6e6u75xmxt8.cloudfront.net\/4\/2019\/07\/skoda-slavia-bike-outside-vladimir-vidim-1024x683.webp\" srcset=\"https:\/\/d2p6e6u75xmxt8.cloudfront.net\/4\/2019\/07\/skoda-slavia-bike-outside-vladimir-vidim-scaled.webp 2560w, https:\/\/d2p6e6u75xmxt8.cloudfront.net\/4\/2019\/07\/skoda-slavia-bike-outside-vladimir-vidim-300x200.webp 300w, https:\/\/d2p6e6u75xmxt8.cloudfront.net\/4\/2019\/07\/skoda-slavia-bike-outside-vladimir-vidim-1024x683.webp 1024w, https:\/\/d2p6e6u75xmxt8.cloudfront.net\/4\/2019\/07\/skoda-slavia-bike-outside-vladimir-vidim-768x512.webp 768w, https:\/\/d2p6e6u75xmxt8.cloudfront.net\/4\/2019\/07\/skoda-slavia-bike-outside-vladimir-vidim-1536x1024.webp 1536w, https:\/\/d2p6e6u75xmxt8.cloudfront.net\/4\/2019\/07\/skoda-slavia-bike-outside-vladimir-vidim-2048x1365.webp 2048w, https:\/\/d2p6e6u75xmxt8.cloudfront.net\/4\/2019\/07\/skoda-slavia-bike-outside-vladimir-vidim-1920x1280.webp 1920w, https:\/\/d2p6e6u75xmxt8.cloudfront.net\/4\/2019\/07\/skoda-slavia-bike-outside-vladimir-vidim-272x182.webp 272w, https:\/\/d2p6e6u75xmxt8.cloudfront.net\/4\/2019\/07\/skoda-slavia-bike-outside-vladimir-vidim-1920x1280.webp 1920w\" width=\"1024\" height=\"683\" sizes=\"auto, (min-width: 1200px) 300px, (min-width: 768px) 25vw, 100vw\" alt=\"legendarna-slavia-zazije-atmosferu-tour-de-france\"\/><\/a><\/div>    <div class=\"entry-meta\">\n        <a class=\"label label-secondary post-category\" href=\"https:\/\/www.welovecycling.com\/sk\/category\/grand-tour\/tour-de-france\/\" title=\"Tour de France\">Tour de France<\/a>\n    <\/div>\n    <div class=\"entry-details\">\n        <a href=\"https:\/\/www.welovecycling.com\/sk\/2019\/07\/19\/legendarna-slavia-zazije-atmosferu-tour-de-france\/\" class='entry-title-wrapper'>\n            <h3 class=\"entry-title\"><span>Legend\u00e1rna SLAVIA za\u017eije atmosf\u00e9ru Tour de France<\/span><\/h3>\n        <\/a>\n    <\/div>\n    <\/article>\n<\/div>\n<p>Najzlo\u017eitej\u0161\u00edm orie\u0161kom sa stalo odhadovanie detailov a uhlov jednotliv\u00fdch trubiek r\u00e1mu len zo samotn\u00fdch fotografi\u00ed \u2013 ka\u017ed\u00fd z odborn\u00edkov mal svojsk\u00fd n\u00e1zor. Vladim\u00edr vytvoril takmer cel\u00fd bicykel \u2013 s\u00e1m poskladal a pozv\u00e1ral chr\u00f3m-molybd\u00e9nov\u00e9 trubky, pou\u017eil s\u00fastruh na fr\u00e9zovanie dreven\u00fdch riad\u00edtok a taktie\u017e vlastnoru\u010dne poskladal ostatn\u00e9 komponenty. <strong>Pr\u00edprava a poskladanie bicykla mu zabrala tri mesiace<\/strong>. Tie zah\u0155\u0148ali aj dobu, po\u010das ktorej mal jednu z r\u00fak v s\u00e1dre.<\/p>\n<p><em>\u201e\u0160es\u0165 t\u00fd\u017ed\u0148ov som mohol pou\u017e\u00edva\u0165 len jednu ruku. Na\u0161\u0165astie dok\u00e1\u017eem ovl\u00e1da\u0165 tak s\u00fastruh, ako aj fr\u00e9zu za pomoci len jednej ruky,\u201c<\/em> povedal <strong>Vladim\u00edr<\/strong> s obdivuhodn\u00fdm nadnesen\u00edm. Taktie\u017e dodal, \u017ee ak by bol bicykel ur\u010den\u00fd v\u00fdhradne pre m\u00fazeum, bolo by jeho dielo ukon\u010den\u00e9 sk\u00f4r, av\u0161ak od tohto modelu o\u010dak\u00e1val, \u017ee ho v bezpe\u010d\u00ed privedie a\u017e do cie\u013ea etapy. <em>\u201eMusel som pretvori\u0165 bicykel tak, aby sa po\u010das cesty nerozpadol,\u201c<\/em> zasmial sa. Nakoniec sa ru\u010di\u010dka na v\u00e1he zastavila na hodnote 18 kilogramov bez toho, aby na bicykli boli namontovan\u00e9 brzdy \u010di prehadzova\u010dka. <strong>Bol presnou k\u00f3piou origin\u00e1lu<\/strong>.<\/p>\n<p><a href=\"https:\/\/d2p6e6u75xmxt8.cloudfront.net\/4\/2019\/08\/Slavia-5.jpg\"><img loading=\"lazy\" decoding=\"async\" class=\"alignnone size-full wp-image-8007\" src=\"https:\/\/d2p6e6u75xmxt8.cloudfront.net\/4\/2019\/08\/Slavia-5.jpg\" alt=\"\" width=\"1273\" height=\"918\" \/><\/a><\/p>\n<h2><strong>The L&#8217;\u00c9tape du Tour prich\u00e1dza<\/strong><\/h2>\n<p>Pre samotn\u00e9 preteky sa Vladim\u00edr vybavil oble\u010den\u00edm, cyklistick\u00fdm bid\u00f3nom a top\u00e1nkami, ktor\u00e9 sa hodili k \u0161t\u00fdlu, prevl\u00e1daj\u00facemu v za\u010diatkoch 20. storo\u010dia \u2013 doby, kedy vznikla Tour de France (1903). Aj napriek tomu, \u017ee jeho SLAVIA bola plne funk\u010dn\u00e1 a Vladim\u00edr v \u017eiadnom oh\u013eade nepodcenil tr\u00e9ning, s\u00e1m neo\u010dak\u00e1val, \u017ee ho t\u00e1to etapa bude st\u00e1\u0165 to\u013eko s\u00edl.<\/p>\n<p>Cel\u00fa trasu, 135 kilometrov s prev\u00fd\u0161en\u00edm 4 563 metrov a tromi dlh\u00fdmi st\u00fapaniami, zdolal za 17 hod\u00edn a 17 min\u00fat, av\u0161ak, ako sa s\u00e1m vyjadril, nikdy nepochyboval o svojej v\u00fdkonnosti, \u010di nepomyslel na vzdanie sa. To, \u010do bolo predmetom k zamysleniu a obav\u00e1m, boli mo\u017en\u00e9 technick\u00e9 probl\u00e9my \u2013 predsa len, v \u010ceskej republike nie s\u00fa podobn\u00e9 kopce, na ktor\u00fdch by si mohol t\u00fato tra\u0165 vysk\u00fa\u0161a\u0165. Ale <strong>SLAVIA dok\u00e1zala zvl\u00e1dnu\u0165 etapu bez jedinej chybi\u010dky<\/strong>. Vladim\u00edr musel be\u017ea\u0165 popri bicykli po\u010das podstatnej \u010dasti trate \u2013 na SLAVII mohol brzdi\u0165 jedine protipohybom n\u00f4h na ped\u00e1le, \u010do bolo v\u00fdrazne riskantn\u00e9.<\/p>\n<p><em>\u201eMal som kr\u00edzu u\u017e v prvom zjazde. Ostatn\u00ed pretek\u00e1ri ma obiehali zna\u010dne r\u00fdchlej\u0161ie, tak\u017ee som us\u00fadil, \u017ee bude lep\u0161ie, ak zosadnem a pobe\u017e\u00edm popri bicykli. Nechcel som ohrozi\u0165 ich a ani seba,\u201c<\/em> vysvetlil <strong>Vladim\u00edr<\/strong>. Predpoklad\u00e1, \u017ee po\u010das d\u0148a str\u00e1vil 40 km ch\u00f4dzou \u010di behom po boku bicykla. Tak\u017ee, popri jeho excelentnom cyklistickom v\u00fdkone, nechtiac zabehol aj cel\u00fd marat\u00f3n v kopcoch.<\/p>\n<p><a href=\"https:\/\/d2p6e6u75xmxt8.cloudfront.net\/4\/2019\/08\/Slavia-7.jpg\"><img loading=\"lazy\" decoding=\"async\" class=\"alignnone size-full wp-image-8008\" src=\"https:\/\/d2p6e6u75xmxt8.cloudfront.net\/4\/2019\/08\/Slavia-7.jpg\" alt=\"\" width=\"1377\" height=\"918\" \/><\/a><\/p>\n<p>Prv\u00e9 pocity pri zosadnut\u00ed z bicykla v cieli boli jednoducho radostn\u00e9. <em>\u201eBolo to neskuto\u010dn\u00e9. Replika SLAVIE mala obrovsk\u00fd \u00faspech! V skuto\u010dnosti, pri trati nebol jedin\u00fd \u010dlovek, ktor\u00fd by neprejavil obdiv, podporu \u010di rados\u0165. \u013dudia ma pot\u013eapk\u00e1vali po pleciach, akoby som bol pretek\u00e1rom Tour de France, ktor\u00fd pr\u00e1ve vyhral etapu. To bola enormn\u00e1 motiv\u00e1cia,\u201c<\/em> spom\u00edna Vladim\u00edr na vrchole cie\u013eov\u00e9ho st\u00fapania Val Thorens vo v\u00fd\u0161ke 2 365 m n.m., 30 min\u00fat po polnoci.<\/p>\n<p>Okrem be\u017eania a o\u010dak\u00e1vania technick\u00fdch a ter\u00e9nnych prek\u00e1\u017eok, Vladim\u00edr musel \u010deli\u0165 in\u00fdm \u0165a\u017ekostiam: <em>\u201eCel\u00fa tra\u0165 som zvl\u00e1dol len s jednou z\u00e1stavkou na ob\u010derstvenie. Ke\u010f som bol na 80. kilometri, pri\u0161iel som na ob\u010derstvovaciu stanicu pr\u00edli\u0161 neskoro \u2013 bola u\u017e takmer zatvoren\u00e1. Organiz\u00e1tori nemysleli na opozdilcov. Aj preto u\u017e mali v\u0161etko zbalen\u00e9. Zachr\u00e1nila ma energetick\u00e1 ty\u010dinka, ktor\u00fa vytratil jeden z jazdcov a ja som ju zobral, akoby to bol odpad. O nieko\u013eko hod\u00edn nesk\u00f4r som ju hrdo pov\u00fd\u0161il z \u201eodpadu\u201c na potravu a zjedol ju. Pozn\u00e1te to, nedostatok z\u00e1sob,\u201c<\/em> smial sa Vladim\u00edr.<\/p>\n<h2><strong>Adrenal\u00edn pred cie\u013eom je fajn, ale podpora je e\u0161te lep\u0161ia<\/strong><\/h2>\n<p>Ka\u017ed\u00e9 \u00fasilie bolo zados\u0165u\u010dinen\u00e9 priate\u013eskou atmosf\u00e9rou a solidaritou ostatn\u00fdch \u00fa\u010dastn\u00edkov L\u2019\u00c9tape. Ako ke\u010f prech\u00e1dzal cez jedno zo sediel s tis\u00edckou podporuj\u00facich fan\u00fa\u0161ikov, alebo ke\u010f mu prizeraj\u00faci Franc\u00faz doplnil vodu v okamihu. Pomoc jeho rodiny bola taktie\u017e jednou z hlavn\u00fdch op\u00f4r: jeho \u017eena a syn ho sprev\u00e1dzali po\u010das poslednej no\u010dnej \u010dasti trate a osvet\u013eovali mu cestu so svetlami podporn\u00e9ho vozidla \u0160koda SUPERB. <em>\u201eViete, v\u0161etky tieto \u201esk\u00fasenosti s \u013eu\u010fmi\u201c s\u00fa asi viac ne\u017e ten adrenal\u00edn z pretekania, cie\u013e alebo \u00faspech,\u201c<\/em> dodal <strong>Vladim\u00edr<\/strong>.<\/p>\n<div id='gallery-2' class='gallery galleryid-7856 gallery-columns-2 gallery-size-large'><figure class='gallery-item'>\n\t\t\t<div class='gallery-icon landscape'>\n\t\t\t\t<a href='https:\/\/d2p6e6u75xmxt8.cloudfront.net\/4\/2019\/08\/Slavia-4.webp'><img loading=\"lazy\" decoding=\"async\" width=\"1024\" height=\"738\" src=\"https:\/\/d2p6e6u75xmxt8.cloudfront.net\/4\/2019\/08\/Slavia-4-1024x738.webp\" class=\"attachment-large size-large\" alt=\"\" srcset=\"https:\/\/d2p6e6u75xmxt8.cloudfront.net\/4\/2019\/08\/Slavia-4-1024x738.webp 1024w, https:\/\/d2p6e6u75xmxt8.cloudfront.net\/4\/2019\/08\/Slavia-4-300x216.webp 300w, https:\/\/d2p6e6u75xmxt8.cloudfront.net\/4\/2019\/08\/Slavia-4-768x554.webp 768w, https:\/\/d2p6e6u75xmxt8.cloudfront.net\/4\/2019\/08\/Slavia-4.webp 1273w\" sizes=\"auto, (max-width: 1024px) 100vw, 1024px\" \/><\/a>\n\t\t\t<\/div><\/figure><figure class='gallery-item'>\n\t\t\t<div class='gallery-icon landscape'>\n\t\t\t\t<a href='https:\/\/d2p6e6u75xmxt8.cloudfront.net\/4\/2019\/08\/Slavia-3.webp'><img loading=\"lazy\" decoding=\"async\" width=\"1024\" height=\"738\" src=\"https:\/\/d2p6e6u75xmxt8.cloudfront.net\/4\/2019\/08\/Slavia-3-1024x738.webp\" class=\"attachment-large size-large\" alt=\"\" srcset=\"https:\/\/d2p6e6u75xmxt8.cloudfront.net\/4\/2019\/08\/Slavia-3-1024x738.webp 1024w, https:\/\/d2p6e6u75xmxt8.cloudfront.net\/4\/2019\/08\/Slavia-3-300x216.webp 300w, https:\/\/d2p6e6u75xmxt8.cloudfront.net\/4\/2019\/08\/Slavia-3-768x554.webp 768w, https:\/\/d2p6e6u75xmxt8.cloudfront.net\/4\/2019\/08\/Slavia-3.webp 1273w\" sizes=\"auto, (max-width: 1024px) 100vw, 1024px\" \/><\/a>\n\t\t\t<\/div><\/figure>\n\t\t<\/div>\n\n<p><strong>Andy Schleck<\/strong>, b\u00fdval\u00fd profesion\u00e1lny cestn\u00fd cyklista, v\u00ed\u0165az Tour de France 2010, s\u00fa\u010dasn\u00fd riadite\u013e Tour de Luxembourg a ambas\u00e1dor \u0160koda, sa vyjadril k tomuto v\u00fdkonu priamo zo z\u00e1zemia tohtoro\u010dnej Tour: <em>\u201eK Vladim\u00edrovi m\u00e1m ve\u013ek\u00fd obdiv, preto\u017ee ja s\u00e1m by som nedok\u00e1zal dokon\u010di\u0165 L\u2019\u00c9tape len s jedn\u00fdm prevodom a s brzdou, pri ktorej mus\u00edte tla\u010di\u0165 ped\u00e1le dozadu. Je to ve\u013emi pozoruhodn\u00fd a \u00fa\u017easn\u00fd pr\u00edbeh. P\u00e1\u010di sa mi.\u201c<\/em><\/p>\n<p>Aj napriek tomu, \u017ee Vladim\u00edr sa umiestnil na poslednom mieste, a to dlho po stanovenom limite, ktor\u00fd v norm\u00e1lnom pr\u00edpade znamen\u00e1 diskvalifik\u00e1ciu z pretekov, \u010destn\u00e1 medaila mu aj tak zasl\u00fa\u017eene patrila \u2013 predov\u0161etk\u00fdm kv\u00f4li jeho heroick\u00e9mu, jedine\u010dn\u00e9mu a silu-v\u00f4le preukazuj\u00facemu v\u00fdkonu, nad ktor\u00fdm aj samotn\u00ed organiz\u00e1tori museli pri\u017em\u00fari\u0165 oko.<\/p>\n<p>Prajeme Vladim\u00edrovi mnoho \u00faspechov v bud\u00facnosti a ver\u00edme, \u017ee toto nie je posledn\u00fdkr\u00e1t, kedy o \u0148om po\u010dujeme. A ak aj vy chcete na vlastn\u00e9 o\u010di vidie\u0165 legend\u00e1rnu SLAVIU, zamierte do M\u00fazea \u0160koda v Mladej Boleslavy v \u010ceskej republike.<\/p>\n","protected":false},"excerpt":{"rendered":"<p>Zmie\u0161ajte dokopy celo\u017eivotn\u00fa z\u00e1\u013eubu v bicykloch, trad\u00edciu a nev\u0161edn\u00fa remeseln\u00edcku zru\u010dnos\u0165 a m\u00f4\u017eete sa pripravi\u0165 na znovuzrodenie legendy. Vladim\u00edr Vidim [&hellip;]<\/p>\n","protected":false},"author":38,"featured_media":8010,"comment_status":"open","ping_status":"open","sticky":false,"template":"","format":"standard","meta":{"footnotes":""},"categories":[117],"tags":[275,115,487,306,1031,71,1027,542,1009,562,1030,20,810],"global-categories":[],"class_list":["post-8005","post","type-post","status-publish","format-standard","has-post-thumbnail","hentry","category-tour-de-france","tag-cesta","tag-cestna-cyklistika","tag-cestny-bicykel","tag-francuzsko","tag-konstrukcia","tag-letape-du-tour","tag-legendy","tag-skoda","tag-skoda-auto","tag-skoda-bicykel","tag-slavia","tag-tour-de-france","tag-tour-de-france-2019"],"yoast_head":"<!-- This site is optimized with the Yoast SEO Premium plugin v25.3 (Yoast SEO v25.9) - https:\/\/yoast.com\/wordpress\/plugins\/seo\/ -->\n<title>Vladim\u00edr Vidim na L&#039;\u00c9tape du Tour: \u017delezn\u00e1 v\u00f4\u013ea a dreven\u00e9 riad\u00edtka - \u0160koda We Love Cycling Slovensko<\/title>\n<meta name=\"robots\" content=\"index, follow, max-snippet:-1, max-image-preview:large, max-video-preview:-1\" \/>\n<link rel=\"canonical\" href=\"https:\/\/www.welovecycling.com\/sk\/2019\/08\/12\/vladimir-vidim-na-letape-du-tour-zelezna-vola-a-drevene-riaditka\/\" \/>\n<meta property=\"og:locale\" content=\"sk_SK\" \/>\n<meta property=\"og:type\" content=\"article\" \/>\n<meta property=\"og:title\" content=\"Vladim\u00edr Vidim na L&#039;\u00c9tape du Tour: \u017delezn\u00e1 v\u00f4\u013ea a dreven\u00e9 riad\u00edtka\" \/>\n<meta property=\"og:description\" content=\"Zmie\u0161ajte dokopy celo\u017eivotn\u00fa z\u00e1\u013eubu v bicykloch, trad\u00edciu a nev\u0161edn\u00fa remeseln\u00edcku zru\u010dnos\u0165 a m\u00f4\u017eete sa pripravi\u0165 na znovuzrodenie legendy. Vladim\u00edr Vidim [&hellip;]\" \/>\n<meta property=\"og:url\" content=\"https:\/\/www.welovecycling.com\/sk\/2019\/08\/12\/vladimir-vidim-na-letape-du-tour-zelezna-vola-a-drevene-riaditka\/\" \/>\n<meta property=\"og:site_name\" content=\"\u0160koda We Love Cycling Slovensko\" \/>\n<meta property=\"article:published_time\" content=\"2019-08-12T07:16:40+00:00\" \/>\n<meta property=\"og:image\" content=\"https:\/\/d2p6e6u75xmxt8.cloudfront.net\/4\/2019\/08\/Slavia-6-CVR.webp\" \/>\n\t<meta property=\"og:image:width\" content=\"1366\" \/>\n\t<meta property=\"og:image:height\" content=\"600\" \/>\n\t<meta property=\"og:image:type\" content=\"image\/webp\" \/>\n<meta name=\"author\" content=\"Ondrej Ga\u0161par\" \/>\n<meta name=\"twitter:card\" content=\"summary_large_image\" \/>\n<meta name=\"twitter:label1\" content=\"Written by\" \/>\n\t<meta name=\"twitter:data1\" content=\"We Love Cycling\" \/>\n\t<meta name=\"twitter:label2\" content=\"Est. reading time\" \/>\n\t<meta name=\"twitter:data2\" content=\"8\" \/>\n<script type=\"application\/ld+json\" class=\"yoast-schema-graph\">{\"@context\":\"https:\/\/schema.org\",\"@graph\":[{\"@type\":\"WebPage\",\"@id\":\"https:\/\/www.welovecycling.com\/sk\/2019\/08\/12\/vladimir-vidim-na-letape-du-tour-zelezna-vola-a-drevene-riaditka\/\",\"url\":\"https:\/\/www.welovecycling.com\/sk\/2019\/08\/12\/vladimir-vidim-na-letape-du-tour-zelezna-vola-a-drevene-riaditka\/\",\"name\":\"Vladim\u00edr Vidim na L'\u00c9tape du Tour: \u017delezn\u00e1 v\u00f4\u013ea a dreven\u00e9 riad\u00edtka - \u0160koda We Love Cycling Slovensko\",\"isPartOf\":{\"@id\":\"https:\/\/www.welovecycling.com\/sk\/#website\"},\"primaryImageOfPage\":{\"@id\":\"https:\/\/www.welovecycling.com\/sk\/2019\/08\/12\/vladimir-vidim-na-letape-du-tour-zelezna-vola-a-drevene-riaditka\/#primaryimage\"},\"image\":{\"@id\":\"https:\/\/www.welovecycling.com\/sk\/2019\/08\/12\/vladimir-vidim-na-letape-du-tour-zelezna-vola-a-drevene-riaditka\/#primaryimage\"},\"thumbnailUrl\":\"https:\/\/d2p6e6u75xmxt8.cloudfront.net\/4\/2019\/08\/Slavia-6-CVR.webp\",\"datePublished\":\"2019-08-12T07:16:40+00:00\",\"author\":{\"@id\":\"https:\/\/www.welovecycling.com\/sk\/#\/schema\/person\/8ee09ba39b7e25b1870160aa5b3a89bc\"},\"breadcrumb\":{\"@id\":\"https:\/\/www.welovecycling.com\/sk\/2019\/08\/12\/vladimir-vidim-na-letape-du-tour-zelezna-vola-a-drevene-riaditka\/#breadcrumb\"},\"inLanguage\":\"sk-SK\",\"potentialAction\":[{\"@type\":\"ReadAction\",\"target\":[\"https:\/\/www.welovecycling.com\/sk\/2019\/08\/12\/vladimir-vidim-na-letape-du-tour-zelezna-vola-a-drevene-riaditka\/\"]}]},{\"@type\":\"ImageObject\",\"inLanguage\":\"sk-SK\",\"@id\":\"https:\/\/www.welovecycling.com\/sk\/2019\/08\/12\/vladimir-vidim-na-letape-du-tour-zelezna-vola-a-drevene-riaditka\/#primaryimage\",\"url\":\"https:\/\/d2p6e6u75xmxt8.cloudfront.net\/4\/2019\/08\/Slavia-6-CVR.webp\",\"contentUrl\":\"https:\/\/d2p6e6u75xmxt8.cloudfront.net\/4\/2019\/08\/Slavia-6-CVR.webp\",\"width\":1366,\"height\":600},{\"@type\":\"BreadcrumbList\",\"@id\":\"https:\/\/www.welovecycling.com\/sk\/2019\/08\/12\/vladimir-vidim-na-letape-du-tour-zelezna-vola-a-drevene-riaditka\/#breadcrumb\",\"itemListElement\":[{\"@type\":\"ListItem\",\"position\":1,\"name\":\"Home\",\"item\":\"https:\/\/www.welovecycling.com\/sk\/\"},{\"@type\":\"ListItem\",\"position\":2,\"name\":\"Vladim\u00edr Vidim na L&#8217;\u00c9tape du Tour: \u017delezn\u00e1 v\u00f4\u013ea a dreven\u00e9 riad\u00edtka\"}]},{\"@type\":\"WebSite\",\"@id\":\"https:\/\/www.welovecycling.com\/sk\/#website\",\"url\":\"https:\/\/www.welovecycling.com\/sk\/\",\"name\":\"\u0160koda We Love Cycling Slovensko\",\"description\":\"\u0160koda We Love Cycling Slovensko je v\u00e1\u0161 ka\u017edodenn\u00fd zdroj noviniek a in\u0161pir\u00e1cie z sveta cyklistiky\",\"potentialAction\":[{\"@type\":\"SearchAction\",\"target\":{\"@type\":\"EntryPoint\",\"urlTemplate\":\"https:\/\/www.welovecycling.com\/sk\/?s={search_term_string}\"},\"query-input\":{\"@type\":\"PropertyValueSpecification\",\"valueRequired\":true,\"valueName\":\"search_term_string\"}}],\"inLanguage\":\"sk-SK\"},{\"@type\":\"Person\",\"@id\":\"https:\/\/www.welovecycling.com\/sk\/#\/schema\/person\/8ee09ba39b7e25b1870160aa5b3a89bc\",\"name\":\"Ondrej Ga\u0161par\",\"image\":{\"@type\":\"ImageObject\",\"inLanguage\":\"sk-SK\",\"@id\":\"https:\/\/www.welovecycling.com\/sk\/#\/schema\/person\/image\/\",\"url\":\"https:\/\/secure.gravatar.com\/avatar\/6126c9afb87b70da5abbb083ddbb21933da15f18f8ca7cb822aba0fb096a48f6?s=96&d=mm&r=g\",\"contentUrl\":\"https:\/\/secure.gravatar.com\/avatar\/6126c9afb87b70da5abbb083ddbb21933da15f18f8ca7cb822aba0fb096a48f6?s=96&d=mm&r=g\",\"caption\":\"Ondrej Ga\u0161par\"},\"url\":\"https:\/\/www.welovecycling.com\/sk\/author\/ondrejgaspar\/\"}]}<\/script>\n<!-- \/ Yoast SEO Premium plugin. -->","yoast_head_json":{"title":"Vladim\u00edr Vidim na L'\u00c9tape du Tour: \u017delezn\u00e1 v\u00f4\u013ea a dreven\u00e9 riad\u00edtka - \u0160koda We Love Cycling Slovensko","robots":{"index":"index","follow":"follow","max-snippet":"max-snippet:-1","max-image-preview":"max-image-preview:large","max-video-preview":"max-video-preview:-1"},"canonical":"https:\/\/www.welovecycling.com\/sk\/2019\/08\/12\/vladimir-vidim-na-letape-du-tour-zelezna-vola-a-drevene-riaditka\/","og_locale":"sk_SK","og_type":"article","og_title":"Vladim\u00edr Vidim na L'\u00c9tape du Tour: \u017delezn\u00e1 v\u00f4\u013ea a dreven\u00e9 riad\u00edtka","og_description":"Zmie\u0161ajte dokopy celo\u017eivotn\u00fa z\u00e1\u013eubu v bicykloch, trad\u00edciu a nev\u0161edn\u00fa remeseln\u00edcku zru\u010dnos\u0165 a m\u00f4\u017eete sa pripravi\u0165 na znovuzrodenie legendy. Vladim\u00edr Vidim [&hellip;]","og_url":"https:\/\/www.welovecycling.com\/sk\/2019\/08\/12\/vladimir-vidim-na-letape-du-tour-zelezna-vola-a-drevene-riaditka\/","og_site_name":"\u0160koda We Love Cycling Slovensko","article_published_time":"2019-08-12T07:16:40+00:00","og_image":[{"width":1366,"height":600,"url":"https:\/\/d2p6e6u75xmxt8.cloudfront.net\/4\/2019\/08\/Slavia-6-CVR.webp","type":"image\/webp"}],"author":"Ondrej Ga\u0161par","twitter_card":"summary_large_image","twitter_misc":{"Written by":"We Love Cycling","Est. reading time":"8"},"schema":{"@context":"https:\/\/schema.org","@graph":[{"@type":"WebPage","@id":"https:\/\/www.welovecycling.com\/sk\/2019\/08\/12\/vladimir-vidim-na-letape-du-tour-zelezna-vola-a-drevene-riaditka\/","url":"https:\/\/www.welovecycling.com\/sk\/2019\/08\/12\/vladimir-vidim-na-letape-du-tour-zelezna-vola-a-drevene-riaditka\/","name":"Vladim\u00edr Vidim na L'\u00c9tape du Tour: \u017delezn\u00e1 v\u00f4\u013ea a dreven\u00e9 riad\u00edtka - \u0160koda We Love Cycling Slovensko","isPartOf":{"@id":"https:\/\/www.welovecycling.com\/sk\/#website"},"primaryImageOfPage":{"@id":"https:\/\/www.welovecycling.com\/sk\/2019\/08\/12\/vladimir-vidim-na-letape-du-tour-zelezna-vola-a-drevene-riaditka\/#primaryimage"},"image":{"@id":"https:\/\/www.welovecycling.com\/sk\/2019\/08\/12\/vladimir-vidim-na-letape-du-tour-zelezna-vola-a-drevene-riaditka\/#primaryimage"},"thumbnailUrl":"https:\/\/d2p6e6u75xmxt8.cloudfront.net\/4\/2019\/08\/Slavia-6-CVR.webp","datePublished":"2019-08-12T07:16:40+00:00","author":{"@id":"https:\/\/www.welovecycling.com\/sk\/#\/schema\/person\/8ee09ba39b7e25b1870160aa5b3a89bc"},"breadcrumb":{"@id":"https:\/\/www.welovecycling.com\/sk\/2019\/08\/12\/vladimir-vidim-na-letape-du-tour-zelezna-vola-a-drevene-riaditka\/#breadcrumb"},"inLanguage":"sk-SK","potentialAction":[{"@type":"ReadAction","target":["https:\/\/www.welovecycling.com\/sk\/2019\/08\/12\/vladimir-vidim-na-letape-du-tour-zelezna-vola-a-drevene-riaditka\/"]}]},{"@type":"ImageObject","inLanguage":"sk-SK","@id":"https:\/\/www.welovecycling.com\/sk\/2019\/08\/12\/vladimir-vidim-na-letape-du-tour-zelezna-vola-a-drevene-riaditka\/#primaryimage","url":"https:\/\/d2p6e6u75xmxt8.cloudfront.net\/4\/2019\/08\/Slavia-6-CVR.webp","contentUrl":"https:\/\/d2p6e6u75xmxt8.cloudfront.net\/4\/2019\/08\/Slavia-6-CVR.webp","width":1366,"height":600},{"@type":"BreadcrumbList","@id":"https:\/\/www.welovecycling.com\/sk\/2019\/08\/12\/vladimir-vidim-na-letape-du-tour-zelezna-vola-a-drevene-riaditka\/#breadcrumb","itemListElement":[{"@type":"ListItem","position":1,"name":"Home","item":"https:\/\/www.welovecycling.com\/sk\/"},{"@type":"ListItem","position":2,"name":"Vladim\u00edr Vidim na L&#8217;\u00c9tape du Tour: \u017delezn\u00e1 v\u00f4\u013ea a dreven\u00e9 riad\u00edtka"}]},{"@type":"WebSite","@id":"https:\/\/www.welovecycling.com\/sk\/#website","url":"https:\/\/www.welovecycling.com\/sk\/","name":"\u0160koda We Love Cycling Slovensko","description":"\u0160koda We Love Cycling Slovensko je v\u00e1\u0161 ka\u017edodenn\u00fd zdroj noviniek a in\u0161pir\u00e1cie z sveta cyklistiky","potentialAction":[{"@type":"SearchAction","target":{"@type":"EntryPoint","urlTemplate":"https:\/\/www.welovecycling.com\/sk\/?s={search_term_string}"},"query-input":{"@type":"PropertyValueSpecification","valueRequired":true,"valueName":"search_term_string"}}],"inLanguage":"sk-SK"},{"@type":"Person","@id":"https:\/\/www.welovecycling.com\/sk\/#\/schema\/person\/8ee09ba39b7e25b1870160aa5b3a89bc","name":"Ondrej Ga\u0161par","image":{"@type":"ImageObject","inLanguage":"sk-SK","@id":"https:\/\/www.welovecycling.com\/sk\/#\/schema\/person\/image\/","url":"https:\/\/secure.gravatar.com\/avatar\/6126c9afb87b70da5abbb083ddbb21933da15f18f8ca7cb822aba0fb096a48f6?s=96&d=mm&r=g","contentUrl":"https:\/\/secure.gravatar.com\/avatar\/6126c9afb87b70da5abbb083ddbb21933da15f18f8ca7cb822aba0fb096a48f6?s=96&d=mm&r=g","caption":"Ondrej Ga\u0161par"},"url":"https:\/\/www.welovecycling.com\/sk\/author\/ondrejgaspar\/"}]}},"_links":{"self":[{"href":"https:\/\/www.welovecycling.com\/sk\/wp-json\/wp\/v2\/posts\/8005","targetHints":{"allow":["GET"]}}],"collection":[{"href":"https:\/\/www.welovecycling.com\/sk\/wp-json\/wp\/v2\/posts"}],"about":[{"href":"https:\/\/www.welovecycling.com\/sk\/wp-json\/wp\/v2\/types\/post"}],"author":[{"embeddable":true,"href":"https:\/\/www.welovecycling.com\/sk\/wp-json\/wp\/v2\/users\/38"}],"replies":[{"embeddable":true,"href":"https:\/\/www.welovecycling.com\/sk\/wp-json\/wp\/v2\/comments?post=8005"}],"version-history":[{"count":2,"href":"https:\/\/www.welovecycling.com\/sk\/wp-json\/wp\/v2\/posts\/8005\/revisions"}],"predecessor-version":[{"id":8013,"href":"https:\/\/www.welovecycling.com\/sk\/wp-json\/wp\/v2\/posts\/8005\/revisions\/8013"}],"wp:featuredmedia":[{"embeddable":true,"href":"https:\/\/www.welovecycling.com\/sk\/wp-json\/wp\/v2\/media\/8010"}],"wp:attachment":[{"href":"https:\/\/www.welovecycling.com\/sk\/wp-json\/wp\/v2\/media?parent=8005"}],"wp:term":[{"taxonomy":"category","embeddable":true,"href":"https:\/\/www.welovecycling.com\/sk\/wp-json\/wp\/v2\/categories?post=8005"},{"taxonomy":"post_tag","embeddable":true,"href":"https:\/\/www.welovecycling.com\/sk\/wp-json\/wp\/v2\/tags?post=8005"},{"taxonomy":"global-categories","embeddable":true,"href":"https:\/\/www.welovecycling.com\/sk\/wp-json\/wp\/v2\/global-categories?post=8005"}],"curies":[{"name":"wp","href":"https:\/\/api.w.org\/{rel}","templated":true}]}}