{"id":7983,"date":"2019-08-07T10:47:32","date_gmt":"2019-08-07T08:47:32","guid":{"rendered":"https:\/\/www.welovecycling.com\/sk\/?p=7983"},"modified":"2019-08-07T10:47:32","modified_gmt":"2019-08-07T08:47:32","slug":"preco-ist-na-maraton-aj-ked-sa-nechystate-pretekat","status":"publish","type":"post","link":"https:\/\/www.welovecycling.com\/sk\/2019\/08\/07\/preco-ist-na-maraton-aj-ked-sa-nechystate-pretekat\/","title":{"rendered":"Pre\u010do \u00eds\u0165 na marat\u00f3n aj ke\u010f sa nechyst\u00e1te preteka\u0165?"},"content":{"rendered":"<p><strong>Leto n\u00e1m vrchol\u00ed a spolu s n\u00edm sa bl\u00ed\u017ei ve\u013ek\u00e9 fin\u00e1le marat\u00f3nskej s\u00e9rie \u0160koda BIKE OPEN TOUR. Kedy, ak nie pred legend\u00e1rnym marat\u00f3nom v kr\u00e1snom tatranskom prostred\u00ed, by sme si mali zhrn\u00fa\u0165, pre\u010do by ste mali so sebou vzia\u0165 aj svoje polovi\u010dky &#8211; nebikerky?<\/strong><!--more--><\/p>\n<p>\u0160koda HORAL MTB marat\u00f3n patr\u00ed medzi moje srdcovky, a to som na \u0148om dokonca nikdy nepretekala. Z\u00fa\u010dastnila som sa ho ako div\u00e1k, mor\u00e1lna podpora, pod\u00e1va\u010d vody, roztlieskava\u010d a vern\u00e1 polovi\u010dka u\u017e mnohokr\u00e1t. A m\u00f4\u017eem poveda\u0165, \u017ee <strong>ani jeden ro\u010dn\u00edk nebol rovnak\u00fd a ani raz som sa nenudila<\/strong>. Tak po\u010fme pekne po poriadku, pre\u010do sem tak rada chod\u00edm?<\/p>\n<p><a href=\"https:\/\/d2p6e6u75xmxt8.cloudfront.net\/4\/2019\/08\/horal-9.jpg\"><img loading=\"lazy\" decoding=\"async\" src=\"https:\/\/d2p6e6u75xmxt8.cloudfront.net\/4\/2019\/08\/horal-9.jpg\" alt=\"\" width=\"1200\" height=\"800\" class=\"alignnone size-full wp-image-7985\" \/><\/a><\/p>\n<h2><strong>Po\u010dasie &#8211; ve\u010dn\u00fd (ne)priate\u013e (ne)bikera<\/strong><\/h2>\n<p>Dominantn\u00fa \u00falohu zohr\u00e1va na tomto augustovom podujat\u00ed po\u010dasie, ktor\u00e9 je pr\u00e1ve v tomto obdob\u00ed bohat\u00e9 na letn\u00e9 b\u00farky. A z nich m\u00e1m ja konkr\u00e9tne panick\u00fd strach! Tak\u017ee toto neuv\u00e1dzam ako jeden z d\u00f4vodov, pre\u010do sa mi tu p\u00e1\u010di :-). Ale napr\u00edklad ani minuloro\u010dn\u00e1 b\u00farka po\u010das \u0161tartu v\u00e4\u010d\u0161iny trat\u00ed ma neodradila \u00eds\u0165 sa pozrie\u0165 na \u0161tart a povzbudi\u0165 mnoh\u00e9 zn\u00e1me tv\u00e1re. Aj ke\u010f sa prizn\u00e1m, \u017ee som v bezpe\u010d\u00ed auta \u010dakala hodn\u00fa chv\u00ed\u013eu, k\u00fdm som sa odv\u00e1\u017eila vyst\u00fapi\u0165. Na\u0161\u0165astie po ka\u017edom da\u017edi raz vyjde slnko a tu sa to v\u00e4\u010d\u0161inou potvrd\u00ed. Aj ke\u010f u\u017e bola situ\u00e1cia aj opa\u010dn\u00e1, kedy sa za\u010d\u00ednalo za kr\u00e1sneho po\u010dasia a kv\u00f4li b\u00farke sa za pochodu menila situ\u00e1cia a pretek\u00e1ri a ani my div\u00e1ci sme neboli pusten\u00ed na vrchol Kr\u00e1\u013eovej hole. Ale to v\u0161etko pre na\u0161e vlastn\u00e9 dobro a bezpe\u010dnos\u0165!<\/p>\n<div data-rows=\"1\" id='gallery-1' class='gallery-rows-1 gallery galleryid-7983 gallery-columns-2 gallery-size-full'><figure class='gallery-item'>\n\t\t\t<div class='gallery-icon landscape'>\n\t\t\t\t<a href='https:\/\/d2p6e6u75xmxt8.cloudfront.net\/4\/2019\/08\/horal-13.webp'><img loading=\"lazy\" decoding=\"async\" width=\"1200\" height=\"800\" src=\"https:\/\/d2p6e6u75xmxt8.cloudfront.net\/4\/2019\/08\/horal-13.webp\" class=\"attachment-full size-full\" alt=\"\" srcset=\"https:\/\/d2p6e6u75xmxt8.cloudfront.net\/4\/2019\/08\/horal-13.webp 1200w, https:\/\/d2p6e6u75xmxt8.cloudfront.net\/4\/2019\/08\/horal-13-300x200.webp 300w, https:\/\/d2p6e6u75xmxt8.cloudfront.net\/4\/2019\/08\/horal-13-1024x683.webp 1024w, https:\/\/d2p6e6u75xmxt8.cloudfront.net\/4\/2019\/08\/horal-13-768x512.webp 768w, https:\/\/d2p6e6u75xmxt8.cloudfront.net\/4\/2019\/08\/horal-13-272x182.webp 272w\" sizes=\"auto, (max-width: 1200px) 100vw, 1200px\" \/><\/a>\n\t\t\t<\/div><\/figure><figure class='gallery-item'>\n\t\t\t<div class='gallery-icon landscape'>\n\t\t\t\t<a href='https:\/\/d2p6e6u75xmxt8.cloudfront.net\/4\/2019\/08\/horal-14.webp'><img loading=\"lazy\" decoding=\"async\" width=\"1200\" height=\"800\" src=\"https:\/\/d2p6e6u75xmxt8.cloudfront.net\/4\/2019\/08\/horal-14.webp\" class=\"attachment-full size-full\" alt=\"\" srcset=\"https:\/\/d2p6e6u75xmxt8.cloudfront.net\/4\/2019\/08\/horal-14.webp 1200w, https:\/\/d2p6e6u75xmxt8.cloudfront.net\/4\/2019\/08\/horal-14-300x200.webp 300w, https:\/\/d2p6e6u75xmxt8.cloudfront.net\/4\/2019\/08\/horal-14-1024x683.webp 1024w, https:\/\/d2p6e6u75xmxt8.cloudfront.net\/4\/2019\/08\/horal-14-768x512.webp 768w, https:\/\/d2p6e6u75xmxt8.cloudfront.net\/4\/2019\/08\/horal-14-272x182.webp 272w\" sizes=\"auto, (max-width: 1200px) 100vw, 1200px\" \/><\/a>\n\t\t\t<\/div><\/figure>\n\t\t<\/div>\n        \n<h2><strong>Atmosf\u00e9ra, ak\u00fa hocikde nen\u00e1jde\u0161<\/strong><\/h2>\n<p>Pr\u00e1ve spom\u00ednan\u00e9 zn\u00e1me tv\u00e1re s\u00fa d\u00f4vodom, pre\u010do sem rada chod\u00edm. <strong>Komunita bikerov je jednoducho v\u017edy pozit\u00edvne naladen\u00e1 skupinka \u013eud\u00ed, ktor\u00ed si u\u017e\u00edvaj\u00fa akt\u00edvny \u017eivotn\u00fd \u0161t\u00fdl a \u0161\u00edria okolo seba dobr\u00fa n\u00e1ladu<\/strong>. A na marat\u00f3ne je to e\u0161te zn\u00e1soben\u00e9. Mnoh\u00ed si so sebou ber\u00fa cel\u00e9 rodiny, tak\u017ee sa potom po od\u0161tartovan\u00ed m\u00f4jho marat\u00f3nca v\u00f4bec nenud\u00edm a m\u00e1m s k\u00fdm tr\u00e1vi\u0165 \u010das, k\u00fdm on hodiny bojuje na trati. A \u017ee t\u00fdch hod\u00edn je dos\u0165, ke\u010f\u017ee si v\u017edy vyber\u00e1 variant Krejzi, ktor\u00fd m\u00e1 brut\u00e1lnych 134 kilometrov a prev\u00fd\u0161enie 4 500 v\u00fd\u0161kov\u00fdch metrov. Ja im vzd\u00e1vam hold u\u017e len za odvahu postavi\u0165 sa na \u0161tart!<\/p>\n<div data-rows=\"1\" id='gallery-2' class='gallery-rows-1 gallery galleryid-7983 gallery-columns-2 gallery-size-full'><figure class='gallery-item'>\n\t\t\t<div class='gallery-icon landscape'>\n\t\t\t\t<a href='https:\/\/d2p6e6u75xmxt8.cloudfront.net\/4\/2019\/08\/horal-5.webp'><img loading=\"lazy\" decoding=\"async\" width=\"1200\" height=\"800\" src=\"https:\/\/d2p6e6u75xmxt8.cloudfront.net\/4\/2019\/08\/horal-5.webp\" class=\"attachment-full size-full\" alt=\"\" srcset=\"https:\/\/d2p6e6u75xmxt8.cloudfront.net\/4\/2019\/08\/horal-5.webp 1200w, https:\/\/d2p6e6u75xmxt8.cloudfront.net\/4\/2019\/08\/horal-5-300x200.webp 300w, https:\/\/d2p6e6u75xmxt8.cloudfront.net\/4\/2019\/08\/horal-5-1024x683.webp 1024w, https:\/\/d2p6e6u75xmxt8.cloudfront.net\/4\/2019\/08\/horal-5-768x512.webp 768w, https:\/\/d2p6e6u75xmxt8.cloudfront.net\/4\/2019\/08\/horal-5-272x182.webp 272w\" sizes=\"auto, (max-width: 1200px) 100vw, 1200px\" \/><\/a>\n\t\t\t<\/div><\/figure><figure class='gallery-item'>\n\t\t\t<div class='gallery-icon landscape'>\n\t\t\t\t<a href='https:\/\/d2p6e6u75xmxt8.cloudfront.net\/4\/2019\/08\/horal-11.webp'><img loading=\"lazy\" decoding=\"async\" width=\"1200\" height=\"800\" src=\"https:\/\/d2p6e6u75xmxt8.cloudfront.net\/4\/2019\/08\/horal-11.webp\" class=\"attachment-full size-full\" alt=\"\" srcset=\"https:\/\/d2p6e6u75xmxt8.cloudfront.net\/4\/2019\/08\/horal-11.webp 1200w, https:\/\/d2p6e6u75xmxt8.cloudfront.net\/4\/2019\/08\/horal-11-300x200.webp 300w, https:\/\/d2p6e6u75xmxt8.cloudfront.net\/4\/2019\/08\/horal-11-1024x683.webp 1024w, https:\/\/d2p6e6u75xmxt8.cloudfront.net\/4\/2019\/08\/horal-11-768x512.webp 768w, https:\/\/d2p6e6u75xmxt8.cloudfront.net\/4\/2019\/08\/horal-11-272x182.webp 272w\" sizes=\"auto, (max-width: 1200px) 100vw, 1200px\" \/><\/a>\n\t\t\t<\/div><\/figure>\n\t\t<\/div>\n        \n<h2><strong>Kr\u00e1sna pr\u00edroda<\/strong><\/h2>\n<p>V\u00e4\u010d\u0161inou sa u\u017e vopred dohadujem s kamar\u00e1tkami, ktor\u00e9 pri\u0161li za rovnak\u00fdm \u00fa\u010delom, ak\u00fd program si sprav\u00edme. Samozrejme sa v\u017edy pomot\u00e1me v z\u00e1zem\u00ed, pok\u00e1vi\u010dkujeme, ale ke\u010f\u017ee v\u0161etky sme \u0161portovo zalo\u017een\u00e9 typy, sna\u017e\u00edme sa <strong>\u010das\u0165 d\u0148a str\u00e1vi\u0165 akt\u00edvne<\/strong>. A ide to aj v pr\u00edpade, ak sme sa nepostavili na \u0161tart. Ke\u010f\u017ee trasu, kade chalani jazdia, pozn\u00e1me u\u017e celkom dobre, tak si vyberieme, na ktor\u00fd \u00fasek ich p\u00f4jdeme pozrie\u0165. Napr\u00edklad u\u017e spom\u00ednan\u00e1 Kr\u00e1\u013eova ho\u013ea je naozaj skvelou vo\u013ebou, len v tomto pr\u00edpade treba ma\u0165 istotu v stabilnom po\u010das\u00ed a r\u00e1ta\u0165 s t\u00fdm, \u017ee pravdepodobne to \u010dasovo nestihnete. Mysl\u00edm t\u00fdm vyjs\u0165 si kopec a stihn\u00fa\u0165 e\u0161te svojej polovi\u010dke spravi\u0165 cie\u013eov\u00fa fotku.<\/p>\n<div data-rows=\"1\" id='gallery-3' class='gallery-rows-1 gallery galleryid-7983 gallery-columns-2 gallery-size-full'><figure class='gallery-item'>\n\t\t\t<div class='gallery-icon landscape'>\n\t\t\t\t<a href='https:\/\/d2p6e6u75xmxt8.cloudfront.net\/4\/2019\/08\/horal-10.webp'><img loading=\"lazy\" decoding=\"async\" width=\"1200\" height=\"800\" src=\"https:\/\/d2p6e6u75xmxt8.cloudfront.net\/4\/2019\/08\/horal-10.webp\" class=\"attachment-full size-full\" alt=\"\" srcset=\"https:\/\/d2p6e6u75xmxt8.cloudfront.net\/4\/2019\/08\/horal-10.webp 1200w, https:\/\/d2p6e6u75xmxt8.cloudfront.net\/4\/2019\/08\/horal-10-300x200.webp 300w, https:\/\/d2p6e6u75xmxt8.cloudfront.net\/4\/2019\/08\/horal-10-1024x683.webp 1024w, https:\/\/d2p6e6u75xmxt8.cloudfront.net\/4\/2019\/08\/horal-10-768x512.webp 768w, https:\/\/d2p6e6u75xmxt8.cloudfront.net\/4\/2019\/08\/horal-10-272x182.webp 272w\" sizes=\"auto, (max-width: 1200px) 100vw, 1200px\" \/><\/a>\n\t\t\t<\/div><\/figure><figure class='gallery-item'>\n\t\t\t<div class='gallery-icon landscape'>\n\t\t\t\t<a href='https:\/\/d2p6e6u75xmxt8.cloudfront.net\/4\/2019\/08\/horal-6.webp'><img loading=\"lazy\" decoding=\"async\" width=\"1200\" height=\"800\" src=\"https:\/\/d2p6e6u75xmxt8.cloudfront.net\/4\/2019\/08\/horal-6.webp\" class=\"attachment-full size-full\" alt=\"\" srcset=\"https:\/\/d2p6e6u75xmxt8.cloudfront.net\/4\/2019\/08\/horal-6.webp 1200w, https:\/\/d2p6e6u75xmxt8.cloudfront.net\/4\/2019\/08\/horal-6-300x200.webp 300w, https:\/\/d2p6e6u75xmxt8.cloudfront.net\/4\/2019\/08\/horal-6-1024x683.webp 1024w, https:\/\/d2p6e6u75xmxt8.cloudfront.net\/4\/2019\/08\/horal-6-768x512.webp 768w, https:\/\/d2p6e6u75xmxt8.cloudfront.net\/4\/2019\/08\/horal-6-272x182.webp 272w\" sizes=\"auto, (max-width: 1200px) 100vw, 1200px\" \/><\/a>\n\t\t\t<\/div><\/figure>\n\t\t<\/div>\n        \n<p>Nieko\u013ekokr\u00e1t som zvolila alternat\u00edvu <strong>presunu autom do dedinky Liptovsk\u00e1 Tepli\u010dka, odkia\u013e sa d\u00e1 spravi\u0165 pekn\u00fd okruh cez Pansk\u00fa ho\u013eu<\/strong>. Navy\u0161e tie \u010du\u010doriedky a brusnice, ktor\u00e9 tu rast\u00fa, s\u00fa asi najv\u00e4\u010d\u0161ie, ak\u00e9 som kedy videla :-). A ak po\u010dasie praje, Vysok\u00e9 Tatry s\u00fa odtia\u013eto ako na nama\u013eovan\u00e9. Niekde po\u010das tohto \u00faseku \u201cvychyt\u00e1m\u201d svojho hrdinu a m\u00f4\u017eem sa spokojne vr\u00e1ti\u0165 do Svitu, kde je cel\u00e9 z\u00e1zemie. St\u00e1le je dos\u0165 \u010dasu na \u010fal\u0161iu k\u00e1vi\u010dku a potom nezost\u00e1va ni\u010d in\u00e9, ako \u010daka\u0165 na cie\u013eovej p\u00e1ske a striehnu\u0165 s fo\u0165\u00e1kom v ruke.<\/p>\n<div data-rows=\"1\" id='gallery-4' class='gallery-rows-1 gallery galleryid-7983 gallery-columns-3 gallery-size-full'><figure class='gallery-item'>\n\t\t\t<div class='gallery-icon landscape'>\n\t\t\t\t<a href='https:\/\/d2p6e6u75xmxt8.cloudfront.net\/4\/2019\/08\/horal-15.webp'><img loading=\"lazy\" decoding=\"async\" width=\"1200\" height=\"800\" src=\"https:\/\/d2p6e6u75xmxt8.cloudfront.net\/4\/2019\/08\/horal-15.webp\" class=\"attachment-full size-full\" alt=\"\" srcset=\"https:\/\/d2p6e6u75xmxt8.cloudfront.net\/4\/2019\/08\/horal-15.webp 1200w, https:\/\/d2p6e6u75xmxt8.cloudfront.net\/4\/2019\/08\/horal-15-300x200.webp 300w, https:\/\/d2p6e6u75xmxt8.cloudfront.net\/4\/2019\/08\/horal-15-1024x683.webp 1024w, https:\/\/d2p6e6u75xmxt8.cloudfront.net\/4\/2019\/08\/horal-15-768x512.webp 768w, https:\/\/d2p6e6u75xmxt8.cloudfront.net\/4\/2019\/08\/horal-15-272x182.webp 272w\" sizes=\"auto, (max-width: 1200px) 100vw, 1200px\" \/><\/a>\n\t\t\t<\/div><\/figure><figure class='gallery-item'>\n\t\t\t<div class='gallery-icon landscape'>\n\t\t\t\t<a href='https:\/\/d2p6e6u75xmxt8.cloudfront.net\/4\/2019\/08\/horal-16.webp'><img loading=\"lazy\" decoding=\"async\" width=\"1200\" height=\"800\" src=\"https:\/\/d2p6e6u75xmxt8.cloudfront.net\/4\/2019\/08\/horal-16.webp\" class=\"attachment-full size-full\" alt=\"\" srcset=\"https:\/\/d2p6e6u75xmxt8.cloudfront.net\/4\/2019\/08\/horal-16.webp 1200w, https:\/\/d2p6e6u75xmxt8.cloudfront.net\/4\/2019\/08\/horal-16-300x200.webp 300w, https:\/\/d2p6e6u75xmxt8.cloudfront.net\/4\/2019\/08\/horal-16-1024x683.webp 1024w, https:\/\/d2p6e6u75xmxt8.cloudfront.net\/4\/2019\/08\/horal-16-768x512.webp 768w, https:\/\/d2p6e6u75xmxt8.cloudfront.net\/4\/2019\/08\/horal-16-272x182.webp 272w\" sizes=\"auto, (max-width: 1200px) 100vw, 1200px\" \/><\/a>\n\t\t\t<\/div><\/figure><figure class='gallery-item'>\n\t\t\t<div class='gallery-icon landscape'>\n\t\t\t\t<a href='https:\/\/d2p6e6u75xmxt8.cloudfront.net\/4\/2019\/08\/horal-17.webp'><img loading=\"lazy\" decoding=\"async\" width=\"1200\" height=\"800\" src=\"https:\/\/d2p6e6u75xmxt8.cloudfront.net\/4\/2019\/08\/horal-17.webp\" class=\"attachment-full size-full\" alt=\"\" srcset=\"https:\/\/d2p6e6u75xmxt8.cloudfront.net\/4\/2019\/08\/horal-17.webp 1200w, https:\/\/d2p6e6u75xmxt8.cloudfront.net\/4\/2019\/08\/horal-17-300x200.webp 300w, https:\/\/d2p6e6u75xmxt8.cloudfront.net\/4\/2019\/08\/horal-17-1024x683.webp 1024w, https:\/\/d2p6e6u75xmxt8.cloudfront.net\/4\/2019\/08\/horal-17-768x512.webp 768w, https:\/\/d2p6e6u75xmxt8.cloudfront.net\/4\/2019\/08\/horal-17-272x182.webp 272w\" sizes=\"auto, (max-width: 1200px) 100vw, 1200px\" \/><\/a>\n\t\t\t<\/div><\/figure>\n\t\t<\/div>\n        \n<h2><strong>Pohodi\u010dka v cieli<\/strong><\/h2>\n<p>Asi ka\u017ed\u00e1 \u017eena, ktor\u00e1 m\u00e1 doma akt\u00edvneho bikera, mi d\u00e1 za pravdu, \u017ee niet nad to, ke\u010f pr\u00edde zdrav\u00fd do cie\u013ea. Ak je navy\u0161e e\u0161te aj spokojn\u00fd so svojim v\u00fdkonom, nie je ni\u010d lep\u0161ie! To, \u017ee je \u010dasto komplet cel\u00fd od blata, v tomto pr\u00edpade nie je d\u00f4le\u017eit\u00e9, pr\u00e1\u010dka znesie :-). A potom si u\u017e <strong>vo v\u00fdbornej atmosf\u00e9re m\u00f4\u017eeme spolo\u010dne vychutn\u00e1va\u0165 pohodu po pretekoch<\/strong>. Da\u0165 si dobr\u00e9 jedlo, pozdie\u013ea\u0165 s kamar\u00e1tmi z\u00e1\u017eitky z akt\u00edvne str\u00e1ven\u00e9ho d\u0148a na oboch stran\u00e1ch. Podeli\u0165 sa s nimi o fotky, ktor\u00e9 sme im stihli spravi\u0165 na trati. A pr\u00edpadne sa pote\u0161i\u0165 v\u00fdhrou v tombole :-).<\/p>\n<div data-rows=\"1\" id='gallery-5' class='gallery-rows-1 gallery galleryid-7983 gallery-columns-3 gallery-size-full'><figure class='gallery-item'>\n\t\t\t<div class='gallery-icon landscape'>\n\t\t\t\t<a href='https:\/\/d2p6e6u75xmxt8.cloudfront.net\/4\/2019\/08\/horal-1.webp'><img loading=\"lazy\" decoding=\"async\" width=\"1200\" height=\"800\" src=\"https:\/\/d2p6e6u75xmxt8.cloudfront.net\/4\/2019\/08\/horal-1.webp\" class=\"attachment-full size-full\" alt=\"\" srcset=\"https:\/\/d2p6e6u75xmxt8.cloudfront.net\/4\/2019\/08\/horal-1.webp 1200w, https:\/\/d2p6e6u75xmxt8.cloudfront.net\/4\/2019\/08\/horal-1-300x200.webp 300w, https:\/\/d2p6e6u75xmxt8.cloudfront.net\/4\/2019\/08\/horal-1-1024x683.webp 1024w, https:\/\/d2p6e6u75xmxt8.cloudfront.net\/4\/2019\/08\/horal-1-768x512.webp 768w, https:\/\/d2p6e6u75xmxt8.cloudfront.net\/4\/2019\/08\/horal-1-272x182.webp 272w\" sizes=\"auto, (max-width: 1200px) 100vw, 1200px\" \/><\/a>\n\t\t\t<\/div><\/figure><figure class='gallery-item'>\n\t\t\t<div class='gallery-icon landscape'>\n\t\t\t\t<a href='https:\/\/d2p6e6u75xmxt8.cloudfront.net\/4\/2019\/08\/horal-2.webp'><img loading=\"lazy\" decoding=\"async\" width=\"1200\" height=\"800\" src=\"https:\/\/d2p6e6u75xmxt8.cloudfront.net\/4\/2019\/08\/horal-2.webp\" class=\"attachment-full size-full\" alt=\"\" srcset=\"https:\/\/d2p6e6u75xmxt8.cloudfront.net\/4\/2019\/08\/horal-2.webp 1200w, https:\/\/d2p6e6u75xmxt8.cloudfront.net\/4\/2019\/08\/horal-2-300x200.webp 300w, https:\/\/d2p6e6u75xmxt8.cloudfront.net\/4\/2019\/08\/horal-2-1024x683.webp 1024w, https:\/\/d2p6e6u75xmxt8.cloudfront.net\/4\/2019\/08\/horal-2-768x512.webp 768w, https:\/\/d2p6e6u75xmxt8.cloudfront.net\/4\/2019\/08\/horal-2-272x182.webp 272w\" sizes=\"auto, (max-width: 1200px) 100vw, 1200px\" \/><\/a>\n\t\t\t<\/div><\/figure><figure class='gallery-item'>\n\t\t\t<div class='gallery-icon landscape'>\n\t\t\t\t<a href='https:\/\/d2p6e6u75xmxt8.cloudfront.net\/4\/2019\/08\/horal-3.webp'><img loading=\"lazy\" decoding=\"async\" width=\"1200\" height=\"800\" src=\"https:\/\/d2p6e6u75xmxt8.cloudfront.net\/4\/2019\/08\/horal-3.webp\" class=\"attachment-full size-full\" alt=\"\" srcset=\"https:\/\/d2p6e6u75xmxt8.cloudfront.net\/4\/2019\/08\/horal-3.webp 1200w, https:\/\/d2p6e6u75xmxt8.cloudfront.net\/4\/2019\/08\/horal-3-300x200.webp 300w, https:\/\/d2p6e6u75xmxt8.cloudfront.net\/4\/2019\/08\/horal-3-1024x683.webp 1024w, https:\/\/d2p6e6u75xmxt8.cloudfront.net\/4\/2019\/08\/horal-3-768x512.webp 768w, https:\/\/d2p6e6u75xmxt8.cloudfront.net\/4\/2019\/08\/horal-3-272x182.webp 272w\" sizes=\"auto, (max-width: 1200px) 100vw, 1200px\" \/><\/a>\n\t\t\t<\/div><\/figure>\n\t\t<\/div>\n        \n<h2><strong>Akt\u00edvny v\u00edkend<\/strong><\/h2>\n<p>V\u00e4\u010d\u0161inou si \u0160koda HORAL MTB marat\u00f3n pl\u00e1nujeme tak, \u017ee sa pod Tatry presunieme na cel\u00fd v\u00edkend, a v nede\u013eu podnikneme spolo\u010dn\u00fa aktivitu. Bu\u010f si pribal\u00edm bike so sebou aj ja, alebo zdol\u00e1me niektor\u00fd z tatransk\u00fdch \u0161t\u00edtov. Ve\u010f t\u00fdch mo\u017enost\u00ed tu je po\u017eehnane! Tak \u010do baby, vid\u00edme sa v sobotu vo Svite?<\/p>\n","protected":false},"excerpt":{"rendered":"<p>Leto n\u00e1m vrchol\u00ed a spolu s n\u00edm sa bl\u00ed\u017ei ve\u013ek\u00e9 fin\u00e1le marat\u00f3nskej s\u00e9rie \u0160koda BIKE OPEN TOUR. Kedy, ak nie [&hellip;]<\/p>\n","protected":false},"author":38,"featured_media":7984,"comment_status":"open","ping_status":"open","sticky":false,"template":"","format":"standard","meta":{"footnotes":""},"categories":[33],"tags":[180,178,412,999,179,509,542,562,35,77,963,214,92,523,213],"global-categories":[],"class_list":["post-7983","post","type-post","status-publish","format-standard","has-post-thumbnail","hentry","category-sbot","tag-horska-cyklistika","tag-maraton","tag-mtb","tag-podpora","tag-preteky","tag-rodina","tag-skoda","tag-skoda-bicykel","tag-sbot","tag-skoda-dedina","tag-skoda-fabia","tag-skoda-horal-mtb-maraton","tag-skoda-tim","tag-slovensko","tag-svit"],"yoast_head":"<!-- This site is optimized with the Yoast SEO Premium plugin v25.3 (Yoast SEO v25.9) - https:\/\/yoast.com\/wordpress\/plugins\/seo\/ -->\n<title>Pre\u010do \u00eds\u0165 na marat\u00f3n aj ke\u010f sa nechyst\u00e1te preteka\u0165? - \u0160koda We Love Cycling Slovensko<\/title>\n<meta name=\"robots\" content=\"index, follow, max-snippet:-1, max-image-preview:large, max-video-preview:-1\" \/>\n<link rel=\"canonical\" href=\"https:\/\/www.welovecycling.com\/sk\/2019\/08\/07\/preco-ist-na-maraton-aj-ked-sa-nechystate-pretekat\/\" \/>\n<meta property=\"og:locale\" content=\"sk_SK\" \/>\n<meta property=\"og:type\" content=\"article\" \/>\n<meta property=\"og:title\" content=\"Pre\u010do \u00eds\u0165 na marat\u00f3n aj ke\u010f sa nechyst\u00e1te preteka\u0165?\" \/>\n<meta property=\"og:description\" content=\"Leto n\u00e1m vrchol\u00ed a spolu s n\u00edm sa bl\u00ed\u017ei ve\u013ek\u00e9 fin\u00e1le marat\u00f3nskej s\u00e9rie \u0160koda BIKE OPEN TOUR. Kedy, ak nie [&hellip;]\" \/>\n<meta property=\"og:url\" content=\"https:\/\/www.welovecycling.com\/sk\/2019\/08\/07\/preco-ist-na-maraton-aj-ked-sa-nechystate-pretekat\/\" \/>\n<meta property=\"og:site_name\" content=\"\u0160koda We Love Cycling Slovensko\" \/>\n<meta property=\"article:published_time\" content=\"2019-08-07T08:47:32+00:00\" \/>\n<meta property=\"og:image\" content=\"https:\/\/d2p6e6u75xmxt8.cloudfront.net\/4\/2019\/08\/titulka.webp\" \/>\n\t<meta property=\"og:image:width\" content=\"1380\" \/>\n\t<meta property=\"og:image:height\" content=\"600\" \/>\n\t<meta property=\"og:image:type\" content=\"image\/webp\" \/>\n<meta name=\"author\" content=\"Ondrej Ga\u0161par\" \/>\n<meta name=\"twitter:card\" content=\"summary_large_image\" \/>\n<meta name=\"twitter:label1\" content=\"Written by\" \/>\n\t<meta name=\"twitter:data1\" content=\"Lenka Imrichov\u00e1\" \/>\n\t<meta name=\"twitter:label2\" content=\"Est. reading time\" \/>\n\t<meta name=\"twitter:data2\" content=\"5\" \/>\n<script type=\"application\/ld+json\" class=\"yoast-schema-graph\">{\"@context\":\"https:\/\/schema.org\",\"@graph\":[{\"@type\":\"WebPage\",\"@id\":\"https:\/\/www.welovecycling.com\/sk\/2019\/08\/07\/preco-ist-na-maraton-aj-ked-sa-nechystate-pretekat\/\",\"url\":\"https:\/\/www.welovecycling.com\/sk\/2019\/08\/07\/preco-ist-na-maraton-aj-ked-sa-nechystate-pretekat\/\",\"name\":\"Pre\u010do \u00eds\u0165 na marat\u00f3n aj ke\u010f sa nechyst\u00e1te preteka\u0165? - \u0160koda We Love Cycling Slovensko\",\"isPartOf\":{\"@id\":\"https:\/\/www.welovecycling.com\/sk\/#website\"},\"primaryImageOfPage\":{\"@id\":\"https:\/\/www.welovecycling.com\/sk\/2019\/08\/07\/preco-ist-na-maraton-aj-ked-sa-nechystate-pretekat\/#primaryimage\"},\"image\":{\"@id\":\"https:\/\/www.welovecycling.com\/sk\/2019\/08\/07\/preco-ist-na-maraton-aj-ked-sa-nechystate-pretekat\/#primaryimage\"},\"thumbnailUrl\":\"https:\/\/d2p6e6u75xmxt8.cloudfront.net\/4\/2019\/08\/titulka.webp\",\"datePublished\":\"2019-08-07T08:47:32+00:00\",\"author\":{\"@id\":\"https:\/\/www.welovecycling.com\/sk\/#\/schema\/person\/8ee09ba39b7e25b1870160aa5b3a89bc\"},\"breadcrumb\":{\"@id\":\"https:\/\/www.welovecycling.com\/sk\/2019\/08\/07\/preco-ist-na-maraton-aj-ked-sa-nechystate-pretekat\/#breadcrumb\"},\"inLanguage\":\"sk-SK\",\"potentialAction\":[{\"@type\":\"ReadAction\",\"target\":[\"https:\/\/www.welovecycling.com\/sk\/2019\/08\/07\/preco-ist-na-maraton-aj-ked-sa-nechystate-pretekat\/\"]}]},{\"@type\":\"ImageObject\",\"inLanguage\":\"sk-SK\",\"@id\":\"https:\/\/www.welovecycling.com\/sk\/2019\/08\/07\/preco-ist-na-maraton-aj-ked-sa-nechystate-pretekat\/#primaryimage\",\"url\":\"https:\/\/d2p6e6u75xmxt8.cloudfront.net\/4\/2019\/08\/titulka.webp\",\"contentUrl\":\"https:\/\/d2p6e6u75xmxt8.cloudfront.net\/4\/2019\/08\/titulka.webp\",\"width\":1380,\"height\":600},{\"@type\":\"BreadcrumbList\",\"@id\":\"https:\/\/www.welovecycling.com\/sk\/2019\/08\/07\/preco-ist-na-maraton-aj-ked-sa-nechystate-pretekat\/#breadcrumb\",\"itemListElement\":[{\"@type\":\"ListItem\",\"position\":1,\"name\":\"Home\",\"item\":\"https:\/\/www.welovecycling.com\/sk\/\"},{\"@type\":\"ListItem\",\"position\":2,\"name\":\"Pre\u010do \u00eds\u0165 na marat\u00f3n aj ke\u010f sa nechyst\u00e1te preteka\u0165?\"}]},{\"@type\":\"WebSite\",\"@id\":\"https:\/\/www.welovecycling.com\/sk\/#website\",\"url\":\"https:\/\/www.welovecycling.com\/sk\/\",\"name\":\"\u0160koda We Love Cycling Slovensko\",\"description\":\"\u0160koda We Love Cycling Slovensko je v\u00e1\u0161 ka\u017edodenn\u00fd zdroj noviniek a in\u0161pir\u00e1cie z sveta cyklistiky\",\"potentialAction\":[{\"@type\":\"SearchAction\",\"target\":{\"@type\":\"EntryPoint\",\"urlTemplate\":\"https:\/\/www.welovecycling.com\/sk\/?s={search_term_string}\"},\"query-input\":{\"@type\":\"PropertyValueSpecification\",\"valueRequired\":true,\"valueName\":\"search_term_string\"}}],\"inLanguage\":\"sk-SK\"},{\"@type\":\"Person\",\"@id\":\"https:\/\/www.welovecycling.com\/sk\/#\/schema\/person\/8ee09ba39b7e25b1870160aa5b3a89bc\",\"name\":\"Ondrej Ga\u0161par\",\"image\":{\"@type\":\"ImageObject\",\"inLanguage\":\"sk-SK\",\"@id\":\"https:\/\/www.welovecycling.com\/sk\/#\/schema\/person\/image\/\",\"url\":\"https:\/\/secure.gravatar.com\/avatar\/6126c9afb87b70da5abbb083ddbb21933da15f18f8ca7cb822aba0fb096a48f6?s=96&d=mm&r=g\",\"contentUrl\":\"https:\/\/secure.gravatar.com\/avatar\/6126c9afb87b70da5abbb083ddbb21933da15f18f8ca7cb822aba0fb096a48f6?s=96&d=mm&r=g\",\"caption\":\"Ondrej Ga\u0161par\"},\"url\":\"https:\/\/www.welovecycling.com\/sk\/author\/ondrejgaspar\/\"}]}<\/script>\n<!-- \/ Yoast SEO Premium plugin. -->","yoast_head_json":{"title":"Pre\u010do \u00eds\u0165 na marat\u00f3n aj ke\u010f sa nechyst\u00e1te preteka\u0165? - \u0160koda We Love Cycling Slovensko","robots":{"index":"index","follow":"follow","max-snippet":"max-snippet:-1","max-image-preview":"max-image-preview:large","max-video-preview":"max-video-preview:-1"},"canonical":"https:\/\/www.welovecycling.com\/sk\/2019\/08\/07\/preco-ist-na-maraton-aj-ked-sa-nechystate-pretekat\/","og_locale":"sk_SK","og_type":"article","og_title":"Pre\u010do \u00eds\u0165 na marat\u00f3n aj ke\u010f sa nechyst\u00e1te preteka\u0165?","og_description":"Leto n\u00e1m vrchol\u00ed a spolu s n\u00edm sa bl\u00ed\u017ei ve\u013ek\u00e9 fin\u00e1le marat\u00f3nskej s\u00e9rie \u0160koda BIKE OPEN TOUR. Kedy, ak nie [&hellip;]","og_url":"https:\/\/www.welovecycling.com\/sk\/2019\/08\/07\/preco-ist-na-maraton-aj-ked-sa-nechystate-pretekat\/","og_site_name":"\u0160koda We Love Cycling Slovensko","article_published_time":"2019-08-07T08:47:32+00:00","og_image":[{"width":1380,"height":600,"url":"https:\/\/d2p6e6u75xmxt8.cloudfront.net\/4\/2019\/08\/titulka.webp","type":"image\/webp"}],"author":"Ondrej Ga\u0161par","twitter_card":"summary_large_image","twitter_misc":{"Written by":"Lenka Imrichov\u00e1","Est. reading time":"5"},"schema":{"@context":"https:\/\/schema.org","@graph":[{"@type":"WebPage","@id":"https:\/\/www.welovecycling.com\/sk\/2019\/08\/07\/preco-ist-na-maraton-aj-ked-sa-nechystate-pretekat\/","url":"https:\/\/www.welovecycling.com\/sk\/2019\/08\/07\/preco-ist-na-maraton-aj-ked-sa-nechystate-pretekat\/","name":"Pre\u010do \u00eds\u0165 na marat\u00f3n aj ke\u010f sa nechyst\u00e1te preteka\u0165? - \u0160koda We Love Cycling Slovensko","isPartOf":{"@id":"https:\/\/www.welovecycling.com\/sk\/#website"},"primaryImageOfPage":{"@id":"https:\/\/www.welovecycling.com\/sk\/2019\/08\/07\/preco-ist-na-maraton-aj-ked-sa-nechystate-pretekat\/#primaryimage"},"image":{"@id":"https:\/\/www.welovecycling.com\/sk\/2019\/08\/07\/preco-ist-na-maraton-aj-ked-sa-nechystate-pretekat\/#primaryimage"},"thumbnailUrl":"https:\/\/d2p6e6u75xmxt8.cloudfront.net\/4\/2019\/08\/titulka.webp","datePublished":"2019-08-07T08:47:32+00:00","author":{"@id":"https:\/\/www.welovecycling.com\/sk\/#\/schema\/person\/8ee09ba39b7e25b1870160aa5b3a89bc"},"breadcrumb":{"@id":"https:\/\/www.welovecycling.com\/sk\/2019\/08\/07\/preco-ist-na-maraton-aj-ked-sa-nechystate-pretekat\/#breadcrumb"},"inLanguage":"sk-SK","potentialAction":[{"@type":"ReadAction","target":["https:\/\/www.welovecycling.com\/sk\/2019\/08\/07\/preco-ist-na-maraton-aj-ked-sa-nechystate-pretekat\/"]}]},{"@type":"ImageObject","inLanguage":"sk-SK","@id":"https:\/\/www.welovecycling.com\/sk\/2019\/08\/07\/preco-ist-na-maraton-aj-ked-sa-nechystate-pretekat\/#primaryimage","url":"https:\/\/d2p6e6u75xmxt8.cloudfront.net\/4\/2019\/08\/titulka.webp","contentUrl":"https:\/\/d2p6e6u75xmxt8.cloudfront.net\/4\/2019\/08\/titulka.webp","width":1380,"height":600},{"@type":"BreadcrumbList","@id":"https:\/\/www.welovecycling.com\/sk\/2019\/08\/07\/preco-ist-na-maraton-aj-ked-sa-nechystate-pretekat\/#breadcrumb","itemListElement":[{"@type":"ListItem","position":1,"name":"Home","item":"https:\/\/www.welovecycling.com\/sk\/"},{"@type":"ListItem","position":2,"name":"Pre\u010do \u00eds\u0165 na marat\u00f3n aj ke\u010f sa nechyst\u00e1te preteka\u0165?"}]},{"@type":"WebSite","@id":"https:\/\/www.welovecycling.com\/sk\/#website","url":"https:\/\/www.welovecycling.com\/sk\/","name":"\u0160koda We Love Cycling Slovensko","description":"\u0160koda We Love Cycling Slovensko je v\u00e1\u0161 ka\u017edodenn\u00fd zdroj noviniek a in\u0161pir\u00e1cie z sveta cyklistiky","potentialAction":[{"@type":"SearchAction","target":{"@type":"EntryPoint","urlTemplate":"https:\/\/www.welovecycling.com\/sk\/?s={search_term_string}"},"query-input":{"@type":"PropertyValueSpecification","valueRequired":true,"valueName":"search_term_string"}}],"inLanguage":"sk-SK"},{"@type":"Person","@id":"https:\/\/www.welovecycling.com\/sk\/#\/schema\/person\/8ee09ba39b7e25b1870160aa5b3a89bc","name":"Ondrej Ga\u0161par","image":{"@type":"ImageObject","inLanguage":"sk-SK","@id":"https:\/\/www.welovecycling.com\/sk\/#\/schema\/person\/image\/","url":"https:\/\/secure.gravatar.com\/avatar\/6126c9afb87b70da5abbb083ddbb21933da15f18f8ca7cb822aba0fb096a48f6?s=96&d=mm&r=g","contentUrl":"https:\/\/secure.gravatar.com\/avatar\/6126c9afb87b70da5abbb083ddbb21933da15f18f8ca7cb822aba0fb096a48f6?s=96&d=mm&r=g","caption":"Ondrej Ga\u0161par"},"url":"https:\/\/www.welovecycling.com\/sk\/author\/ondrejgaspar\/"}]}},"_links":{"self":[{"href":"https:\/\/www.welovecycling.com\/sk\/wp-json\/wp\/v2\/posts\/7983","targetHints":{"allow":["GET"]}}],"collection":[{"href":"https:\/\/www.welovecycling.com\/sk\/wp-json\/wp\/v2\/posts"}],"about":[{"href":"https:\/\/www.welovecycling.com\/sk\/wp-json\/wp\/v2\/types\/post"}],"author":[{"embeddable":true,"href":"https:\/\/www.welovecycling.com\/sk\/wp-json\/wp\/v2\/users\/38"}],"replies":[{"embeddable":true,"href":"https:\/\/www.welovecycling.com\/sk\/wp-json\/wp\/v2\/comments?post=7983"}],"version-history":[{"count":2,"href":"https:\/\/www.welovecycling.com\/sk\/wp-json\/wp\/v2\/posts\/7983\/revisions"}],"predecessor-version":[{"id":7999,"href":"https:\/\/www.welovecycling.com\/sk\/wp-json\/wp\/v2\/posts\/7983\/revisions\/7999"}],"wp:featuredmedia":[{"embeddable":true,"href":"https:\/\/www.welovecycling.com\/sk\/wp-json\/wp\/v2\/media\/7984"}],"wp:attachment":[{"href":"https:\/\/www.welovecycling.com\/sk\/wp-json\/wp\/v2\/media?parent=7983"}],"wp:term":[{"taxonomy":"category","embeddable":true,"href":"https:\/\/www.welovecycling.com\/sk\/wp-json\/wp\/v2\/categories?post=7983"},{"taxonomy":"post_tag","embeddable":true,"href":"https:\/\/www.welovecycling.com\/sk\/wp-json\/wp\/v2\/tags?post=7983"},{"taxonomy":"global-categories","embeddable":true,"href":"https:\/\/www.welovecycling.com\/sk\/wp-json\/wp\/v2\/global-categories?post=7983"}],"curies":[{"name":"wp","href":"https:\/\/api.w.org\/{rel}","templated":true}]}}