{"id":7943,"date":"2019-08-23T09:00:21","date_gmt":"2019-08-23T07:00:21","guid":{"rendered":"https:\/\/www.welovecycling.com\/sk\/?p=7943"},"modified":"2019-11-12T14:53:39","modified_gmt":"2019-11-12T13:53:39","slug":"tip-na-vylet-od-pana-okolitych-hor-az-na-pansky-dvor","status":"publish","type":"post","link":"https:\/\/www.welovecycling.com\/sk\/2019\/08\/23\/tip-na-vylet-od-pana-okolitych-hor-az-na-pansky-dvor\/","title":{"rendered":"Tip na v\u00fdlet: Od p\u00e1na okolit\u00fdch h\u00f4r a\u017e na p\u00e1nsky dvor"},"content":{"rendered":"<p><strong>Naposledy som v\u00e1m priniesol rozhovor o <a href=\"https:\/\/www.welovecycling.com\/sk\/2019\/08\/09\/rozhovor-vrcharska-koruna-trencianska\/\" target=\"_blank\" rel=\"noopener\">Vrch\u00e1rskej Korune Tren\u010dianskej (VKT)<\/a> a dnes si spolu m\u00f4\u017eeme prejs\u0165 okruh, na ktorom zdol\u00e1te hne\u010f tri vrcholy v r\u00e1mci tejto motiva\u010dnej v\u00fdzvy. Jedna\u0165 sa bude o hrebe\u0148ovku Pova\u017esk\u00e9ho Inovca.<\/strong><!--more--><\/p>\n<p>Za <strong>miesto \u0161tartu si vyberieme \u017eelezni\u010dn\u00fa stanicu v Novom Meste nad V\u00e1hom<\/strong>. Od nej sa vyberieme okolo supermarketu cez tri kruhov\u00e9 objazdy st\u00e1le rovno a\u017e na sveteln\u00fa kri\u017eovatku. Tu zabo\u010d\u00edme doprava, prejdeme okolo rekrea\u010dn\u00e9ho strediska Zelen\u00e1 voda, \u010falej ponad dia\u013enicu a\u017e do obce Rako\u013euby. Na konci cesty do\u013eava pod\u013ea dopravn\u00fdch zna\u010diek na Tren\u010d\u00edn (Beckov). Okolo \u010fal\u0161ieho z b\u00fdval\u00fdch s\u00eddel Mat\u00fa\u0161a \u010c\u00e1ka Tren\u010dianskeho.<\/p>\n<p><a href=\"https:\/\/d2p6e6u75xmxt8.cloudfront.net\/4\/2019\/08\/Fotka-1.jpg\"><img loading=\"lazy\" decoding=\"async\" class=\"alignnone size-full wp-image-7945\" src=\"https:\/\/d2p6e6u75xmxt8.cloudfront.net\/4\/2019\/08\/Fotka-1.jpg\" alt=\"\" width=\"1200\" height=\"800\" \/><\/a><\/p>\n<p>Pri zv\u00fd\u0161enej opatrnosti (cesta je tro\u0161ku u\u017e\u0161ia) budeme pokra\u010dova\u0165 a\u017e do Tren\u010dianskych Stankoviec. Tu opust\u00edme cestu medzi Pie\u0161\u0165anmi a Tren\u010d\u00ednom, zamierime doprava smerom do Selca a pomaly za\u010dneme st\u00fapa\u0165. Cez dedinku prejdeme a\u017e na koniec, kde sa napoj\u00edme na jednu z hlavn\u00fdch horsk\u00fdch cyklotr\u00e1s v kraji a budeme si sledova\u0165 <strong>\u010derven\u00e9 c\u00e9\u010dka<\/strong>. Po cca 7 kilometroch od posledn\u00fdch d\u00f4jdeme na kri\u017eovatku Belice.<\/p>\n<div data-rows=\"1\" id='gallery-1' class='gallery-rows-1 gallery galleryid-7943 gallery-columns-2 gallery-size-full'><figure class='gallery-item'>\n\t\t\t<div class='gallery-icon landscape'>\n\t\t\t\t<a href='https:\/\/d2p6e6u75xmxt8.cloudfront.net\/4\/2019\/08\/Fotka-2.webp'><img loading=\"lazy\" decoding=\"async\" width=\"1200\" height=\"800\" src=\"https:\/\/d2p6e6u75xmxt8.cloudfront.net\/4\/2019\/08\/Fotka-2.webp\" class=\"attachment-full size-full\" alt=\"\" srcset=\"https:\/\/d2p6e6u75xmxt8.cloudfront.net\/4\/2019\/08\/Fotka-2.webp 1200w, https:\/\/d2p6e6u75xmxt8.cloudfront.net\/4\/2019\/08\/Fotka-2-300x200.webp 300w, https:\/\/d2p6e6u75xmxt8.cloudfront.net\/4\/2019\/08\/Fotka-2-1024x683.webp 1024w, https:\/\/d2p6e6u75xmxt8.cloudfront.net\/4\/2019\/08\/Fotka-2-768x512.webp 768w, https:\/\/d2p6e6u75xmxt8.cloudfront.net\/4\/2019\/08\/Fotka-2-272x182.webp 272w\" sizes=\"auto, (max-width: 1200px) 100vw, 1200px\" \/><\/a>\n\t\t\t<\/div><\/figure><figure class='gallery-item'>\n\t\t\t<div class='gallery-icon landscape'>\n\t\t\t\t<a href='https:\/\/d2p6e6u75xmxt8.cloudfront.net\/4\/2019\/08\/Fotka-3.webp'><img loading=\"lazy\" decoding=\"async\" width=\"1200\" height=\"800\" src=\"https:\/\/d2p6e6u75xmxt8.cloudfront.net\/4\/2019\/08\/Fotka-3.webp\" class=\"attachment-full size-full\" alt=\"\" srcset=\"https:\/\/d2p6e6u75xmxt8.cloudfront.net\/4\/2019\/08\/Fotka-3.webp 1200w, https:\/\/d2p6e6u75xmxt8.cloudfront.net\/4\/2019\/08\/Fotka-3-300x200.webp 300w, https:\/\/d2p6e6u75xmxt8.cloudfront.net\/4\/2019\/08\/Fotka-3-1024x683.webp 1024w, https:\/\/d2p6e6u75xmxt8.cloudfront.net\/4\/2019\/08\/Fotka-3-768x512.webp 768w, https:\/\/d2p6e6u75xmxt8.cloudfront.net\/4\/2019\/08\/Fotka-3-272x182.webp 272w\" sizes=\"auto, (max-width: 1200px) 100vw, 1200px\" \/><\/a>\n\t\t\t<\/div><\/figure>\n\t\t<\/div>\n        \n<p>Tu sa vyd\u00e1me doprava zatia\u013e mimo cyklozna\u010diek. Na tie modr\u00e9 natraf\u00edme po necel\u00fdch 5 km za Sokolou skalou.<\/p>\n<p><a href=\"https:\/\/d2p6e6u75xmxt8.cloudfront.net\/4\/2019\/08\/Fotka-4.jpg\"><img loading=\"lazy\" decoding=\"async\" class=\"alignnone size-full wp-image-7948\" src=\"https:\/\/d2p6e6u75xmxt8.cloudfront.net\/4\/2019\/08\/Fotka-4.jpg\" alt=\"\" width=\"1200\" height=\"800\" \/><\/a><\/p>\n<p>Ak si n\u00e1hodou zabudnete doplni\u0165 z\u00e1soby tekut\u00edn, v\u00fdborne sa hod\u00ed <strong>horsk\u00e1 studni\u010dka<\/strong>. Poved\u013ea nej prejdeme a\u017e na Inoveck\u00fa chatu.<\/p>\n<div data-rows=\"1\" id='gallery-2' class='gallery-rows-1 gallery galleryid-7943 gallery-columns-2 gallery-size-full'><figure class='gallery-item'>\n\t\t\t<div class='gallery-icon landscape'>\n\t\t\t\t<a href='https:\/\/d2p6e6u75xmxt8.cloudfront.net\/4\/2019\/08\/Fotka-51.webp'><img loading=\"lazy\" decoding=\"async\" width=\"1200\" height=\"800\" src=\"https:\/\/d2p6e6u75xmxt8.cloudfront.net\/4\/2019\/08\/Fotka-51.webp\" class=\"attachment-full size-full\" alt=\"\" srcset=\"https:\/\/d2p6e6u75xmxt8.cloudfront.net\/4\/2019\/08\/Fotka-51.webp 1200w, https:\/\/d2p6e6u75xmxt8.cloudfront.net\/4\/2019\/08\/Fotka-51-300x200.webp 300w, https:\/\/d2p6e6u75xmxt8.cloudfront.net\/4\/2019\/08\/Fotka-51-1024x683.webp 1024w, https:\/\/d2p6e6u75xmxt8.cloudfront.net\/4\/2019\/08\/Fotka-51-768x512.webp 768w, https:\/\/d2p6e6u75xmxt8.cloudfront.net\/4\/2019\/08\/Fotka-51-272x182.webp 272w\" sizes=\"auto, (max-width: 1200px) 100vw, 1200px\" \/><\/a>\n\t\t\t<\/div><\/figure><figure class='gallery-item'>\n\t\t\t<div class='gallery-icon landscape'>\n\t\t\t\t<a href='https:\/\/d2p6e6u75xmxt8.cloudfront.net\/4\/2019\/08\/Fotka-61.webp'><img loading=\"lazy\" decoding=\"async\" width=\"1200\" height=\"800\" src=\"https:\/\/d2p6e6u75xmxt8.cloudfront.net\/4\/2019\/08\/Fotka-61.webp\" class=\"attachment-full size-full\" alt=\"\" srcset=\"https:\/\/d2p6e6u75xmxt8.cloudfront.net\/4\/2019\/08\/Fotka-61.webp 1200w, https:\/\/d2p6e6u75xmxt8.cloudfront.net\/4\/2019\/08\/Fotka-61-300x200.webp 300w, https:\/\/d2p6e6u75xmxt8.cloudfront.net\/4\/2019\/08\/Fotka-61-1024x683.webp 1024w, https:\/\/d2p6e6u75xmxt8.cloudfront.net\/4\/2019\/08\/Fotka-61-768x512.webp 768w, https:\/\/d2p6e6u75xmxt8.cloudfront.net\/4\/2019\/08\/Fotka-61-272x182.webp 272w\" sizes=\"auto, (max-width: 1200px) 100vw, 1200px\" \/><\/a>\n\t\t\t<\/div><\/figure>\n\t\t<\/div>\n        \n<p>Tu si m\u00f4\u017eete chv\u00ed\u013eku odd\u00fdchnu\u0165, doda\u0165 si o nie\u010do viac energie. Toto miesto je na dlh\u0161iu dobu posledn\u00e9, kde tak m\u00f4\u017eete urobi\u0165. Po 13 km do kopca si predsa len va\u0161e telo nie\u010do vyp\u00fdta :-). Ke\u010f sa op\u00e4\u0165 rozhodneme \u0161liapnu\u0165 do ped\u00e1lov, treba sa vyda\u0165 po ceste do kopca a znovu sledova\u0165 \u010derven\u00fa zna\u010dku v podobe p\u00edsmena &#8222;C&#8220;. \u010cakaj\u00fa n\u00e1s e\u0161te \u010fal\u0161ie 3 km a dostaneme sa <strong>k prv\u00e9mu dne\u0161n\u00e9mu vrcholu VKT &#8211; k Inovcu<\/strong>. Spravi\u0165 d\u00f4kazn\u00fa selfie pred kr\u00ed\u017eom alebo rozcestn\u00edkom a hor sa pokra\u010dova\u0165 po hrebeni.<\/p>\n<p><a href=\"https:\/\/d2p6e6u75xmxt8.cloudfront.net\/4\/2019\/08\/Fotka-8.jpg\"><img loading=\"lazy\" decoding=\"async\" class=\"alignnone size-extra-large wp-image-7980\" src=\"https:\/\/d2p6e6u75xmxt8.cloudfront.net\/4\/2019\/08\/Fotka-8.jpg\" alt=\"\" width=\"1200\" height=\"800\" \/><\/a><\/p>\n<p>Po chv\u00ed\u013eke sa otvor\u00ed kruhov\u00fd poh\u013ead na stredn\u00e9 Pova\u017eie aj na opa\u010dn\u00fa stranu.<\/p>\n<p><a href=\"https:\/\/d2p6e6u75xmxt8.cloudfront.net\/4\/2019\/08\/Fotka-9.jpg\"><img loading=\"lazy\" decoding=\"async\" class=\"alignnone size-full wp-image-7951\" src=\"https:\/\/d2p6e6u75xmxt8.cloudfront.net\/4\/2019\/08\/Fotka-9.jpg\" alt=\"\" width=\"1200\" height=\"800\" \/><\/a><\/p>\n<p>Ani sa nenazd\u00e1me a za \u010fal\u0161\u00edch zhruba 5 km sa ocitneme na <strong>Ostrom vrchu, taktie\u017e zaradenom medzi ciele VKT<\/strong>. Znovu &#8222;svojka&#8220;, teraz pred slovensk\u00fdm znakom. Mo\u017eno znovu poh\u013ead do doliny.<\/p>\n<div data-rows=\"1\" id='gallery-3' class='gallery-rows-1 gallery galleryid-7943 gallery-columns-2 gallery-size-full'><figure class='gallery-item'>\n\t\t\t<div class='gallery-icon landscape'>\n\t\t\t\t<a href='https:\/\/d2p6e6u75xmxt8.cloudfront.net\/4\/2019\/08\/Fotka-10-1.webp'><img loading=\"lazy\" decoding=\"async\" width=\"1200\" height=\"800\" src=\"https:\/\/d2p6e6u75xmxt8.cloudfront.net\/4\/2019\/08\/Fotka-10-1.webp\" class=\"attachment-full size-full\" alt=\"\" srcset=\"https:\/\/d2p6e6u75xmxt8.cloudfront.net\/4\/2019\/08\/Fotka-10-1.webp 1200w, https:\/\/d2p6e6u75xmxt8.cloudfront.net\/4\/2019\/08\/Fotka-10-1-300x200.webp 300w, https:\/\/d2p6e6u75xmxt8.cloudfront.net\/4\/2019\/08\/Fotka-10-1-1024x683.webp 1024w, https:\/\/d2p6e6u75xmxt8.cloudfront.net\/4\/2019\/08\/Fotka-10-1-768x512.webp 768w, https:\/\/d2p6e6u75xmxt8.cloudfront.net\/4\/2019\/08\/Fotka-10-1-272x182.webp 272w\" sizes=\"auto, (max-width: 1200px) 100vw, 1200px\" \/><\/a>\n\t\t\t<\/div><\/figure><figure class='gallery-item'>\n\t\t\t<div class='gallery-icon landscape'>\n\t\t\t\t<a href='https:\/\/d2p6e6u75xmxt8.cloudfront.net\/4\/2019\/08\/Fotka-11-2.webp'><img loading=\"lazy\" decoding=\"async\" width=\"1200\" height=\"800\" src=\"https:\/\/d2p6e6u75xmxt8.cloudfront.net\/4\/2019\/08\/Fotka-11-2.webp\" class=\"attachment-full size-full\" alt=\"\" srcset=\"https:\/\/d2p6e6u75xmxt8.cloudfront.net\/4\/2019\/08\/Fotka-11-2.webp 1200w, https:\/\/d2p6e6u75xmxt8.cloudfront.net\/4\/2019\/08\/Fotka-11-2-300x200.webp 300w, https:\/\/d2p6e6u75xmxt8.cloudfront.net\/4\/2019\/08\/Fotka-11-2-1024x683.webp 1024w, https:\/\/d2p6e6u75xmxt8.cloudfront.net\/4\/2019\/08\/Fotka-11-2-768x512.webp 768w, https:\/\/d2p6e6u75xmxt8.cloudfront.net\/4\/2019\/08\/Fotka-11-2-272x182.webp 272w\" sizes=\"auto, (max-width: 1200px) 100vw, 1200px\" \/><\/a>\n\t\t\t<\/div><\/figure>\n\t\t<\/div>\n        \n<p>Pri pokra\u010dovan\u00ed sa psychicky pripravte na k\u00fasok <strong>nosenia biku na ramene<\/strong>. P\u00f4jdeme toti\u017e hore cez skaly. Nie je to ni\u010d hrozn\u00e9, ale ob\u010das treba zapoji\u0165 aj in\u00e9 svaly na noh\u00e1ch. Akon\u00e1hle to prekon\u00e1me, za\u010dneme si u\u017e\u00edva\u0165 singl\u00e1\u010de zaraden\u00e9 do bikeparku pomenovanom po tunaj\u0161om pohor\u00ed.<\/p>\n<p><a href=\"https:\/\/d2p6e6u75xmxt8.cloudfront.net\/4\/2019\/08\/Fotka-12-1.jpg\"><img loading=\"lazy\" decoding=\"async\" class=\"alignnone size-full wp-image-7952\" src=\"https:\/\/d2p6e6u75xmxt8.cloudfront.net\/4\/2019\/08\/Fotka-12-1.jpg\" alt=\"\" width=\"1200\" height=\"800\" \/><\/a><\/p>\n<p>Ob\u010das dole, ob\u010das hore, a\u017e k rekrea\u010dn\u00e9mu stredisku Bezovec. Tu pri vlekoch opust\u00edme hrebe\u0148, z\u00eddeme z \u010dervenej farby a zameriame sa na modr\u00fa turistick\u00fa. Prejdeme e\u0161te tak 4 km a sme na <strong>hrade Temat\u00edn &#8211; \u010di\u017ee tret\u00ed vrchol zo zoznamu tohtoro\u010dnej ed\u00edcie VKT<\/strong>. Ak m\u00e1te chu\u0165 na m\u00e1li\u010dko hist\u00f3rie, za 1 \u20ac vstupn\u00e9ho poplatku sa dozviete \u010do to z jeho hist\u00f3rie aj s\u00fa\u010dasnosti. E\u0161te nezabudnite na pam\u00e4tn\u00fa fotku pred informa\u010dnou tabu\u013eou.<\/p>\n<div data-rows=\"1\" id='gallery-4' class='gallery-rows-1 gallery galleryid-7943 gallery-columns-2 gallery-size-full'><figure class='gallery-item'>\n\t\t\t<div class='gallery-icon landscape'>\n\t\t\t\t<a href='https:\/\/d2p6e6u75xmxt8.cloudfront.net\/4\/2019\/08\/Fotka-13-1.webp'><img loading=\"lazy\" decoding=\"async\" width=\"1200\" height=\"800\" src=\"https:\/\/d2p6e6u75xmxt8.cloudfront.net\/4\/2019\/08\/Fotka-13-1.webp\" class=\"attachment-full size-full\" alt=\"\" srcset=\"https:\/\/d2p6e6u75xmxt8.cloudfront.net\/4\/2019\/08\/Fotka-13-1.webp 1200w, https:\/\/d2p6e6u75xmxt8.cloudfront.net\/4\/2019\/08\/Fotka-13-1-300x200.webp 300w, https:\/\/d2p6e6u75xmxt8.cloudfront.net\/4\/2019\/08\/Fotka-13-1-1024x683.webp 1024w, https:\/\/d2p6e6u75xmxt8.cloudfront.net\/4\/2019\/08\/Fotka-13-1-768x512.webp 768w, https:\/\/d2p6e6u75xmxt8.cloudfront.net\/4\/2019\/08\/Fotka-13-1-272x182.webp 272w\" sizes=\"auto, (max-width: 1200px) 100vw, 1200px\" \/><\/a>\n\t\t\t<\/div><\/figure><figure class='gallery-item'>\n\t\t\t<div class='gallery-icon landscape'>\n\t\t\t\t<a href='https:\/\/d2p6e6u75xmxt8.cloudfront.net\/4\/2019\/08\/Fotka-14-1.webp'><img loading=\"lazy\" decoding=\"async\" width=\"1200\" height=\"800\" src=\"https:\/\/d2p6e6u75xmxt8.cloudfront.net\/4\/2019\/08\/Fotka-14-1.webp\" class=\"attachment-full size-full\" alt=\"\" srcset=\"https:\/\/d2p6e6u75xmxt8.cloudfront.net\/4\/2019\/08\/Fotka-14-1.webp 1200w, https:\/\/d2p6e6u75xmxt8.cloudfront.net\/4\/2019\/08\/Fotka-14-1-300x200.webp 300w, https:\/\/d2p6e6u75xmxt8.cloudfront.net\/4\/2019\/08\/Fotka-14-1-1024x683.webp 1024w, https:\/\/d2p6e6u75xmxt8.cloudfront.net\/4\/2019\/08\/Fotka-14-1-768x512.webp 768w, https:\/\/d2p6e6u75xmxt8.cloudfront.net\/4\/2019\/08\/Fotka-14-1-272x182.webp 272w\" sizes=\"auto, (max-width: 1200px) 100vw, 1200px\" \/><\/a>\n\t\t\t<\/div><\/figure>\n\t\t<\/div>\n        \n<p>Vrch\u00e1rsku misiu m\u00e1me splnen\u00fa a u\u017e len dole. Tak\u017ee <strong>sledova\u0165 zelen\u00e9 c\u00e9\u010dko pod Chlmom a zjazdom a\u017e do Hr\u00e1dku<\/strong>. Nedajbo\u017ee potrebn\u00e9 opravy alebo in\u00e9 bikersk\u00e9 nutnosti m\u00f4\u017eete vyrie\u0161i\u0165 v miestom MTBIKER centre. N\u00e1sledne u\u017e len na hlavn\u00fa doprava a vr\u00e1ti\u0165 sa cez Rako\u013euby a\u017e tam, odkia\u013e ste vyr\u00e1\u017eali.<\/p>\n<p>Na takto prejdenej trase nato\u010d\u00edte nie\u010do m\u00e1lo <strong>cez 80 kilometrov<\/strong>. <strong>V\u00fd\u0161kovo zdol\u00e1te takmer 1 500 m<\/strong>. Dostupnos\u0165 viac ne\u017e dobr\u00e1, z Nov\u00e9ho Mesta sa pohodlne dostanete vlakom \u010di z Bratislavy alebo z Ko\u0161\u00edc. Tak isto aj autom po dia\u013enici D1. Pokia\u013e t\u00fa\u017eite objavova\u0165 nov\u00e9 miesta, ur\u010dite si pr\u00eddete na svoje. Z\u00e1rove\u0148 budete od Selca po Ostr\u00fd vrch na trati Bikefest marat\u00f3nu. Aj mimo tejto \u010dasti sa v\u0161ak o orient\u00e1ciu b\u00e1\u0165 nemus\u00edte, zna\u010denie opust\u00edte na pomerne ve\u013emi kr\u00e1tkom \u00faseku. M\u00f4j z\u00e1znam z tohto v\u00fdletu n\u00e1jdete na <a href=\"https:\/\/www.strava.com\/activities\/2436177325?share_sig=KJAGINON1564045577&amp;utm_medium=social&amp;utm_source=android_share\" target=\"_blank\" rel=\"noopener\">tomto odkaze<\/a>.<\/p>\n","protected":false},"excerpt":{"rendered":"<p>Naposledy som v\u00e1m priniesol rozhovor o Vrch\u00e1rskej Korune Tren\u010dianskej (VKT) a dnes si spolu m\u00f4\u017eeme prejs\u0165 okruh, na ktorom zdol\u00e1te [&hellip;]<\/p>\n","protected":false},"author":38,"featured_media":7979,"comment_status":"open","ping_status":"open","sticky":false,"template":"","format":"standard","meta":{"footnotes":""},"categories":[3],"tags":[1056,448,180,412,1053,1055,1052,1051,1054,545,838,840,1047,766,1048,1050,318,172],"global-categories":[],"class_list":["post-7943","post","type-post","status-publish","format-standard","has-post-thumbnail","hentry","category-mtb","tag-bezovec","tag-cyklotrasy","tag-horska-cyklistika","tag-mtb","tag-mtbiker-centrum","tag-nove-mesto-nad-vahom","tag-povazie","tag-selfie","tag-tematin","tag-trasa","tag-trenciansky-samospravny-kraj","tag-trencin","tag-vkt","tag-vrcharska-koruna","tag-vrcharska-koruna-trencianska","tag-vrchol","tag-vyjazd","tag-zjazd"],"yoast_head":"<!-- This site is optimized with the Yoast SEO Premium plugin v25.3 (Yoast SEO v25.9) - https:\/\/yoast.com\/wordpress\/plugins\/seo\/ -->\n<title>Tip na v\u00fdlet: Od p\u00e1na okolit\u00fdch h\u00f4r a\u017e na p\u00e1nsky dvor - \u0160koda We Love Cycling Slovensko<\/title>\n<meta name=\"robots\" content=\"index, follow, max-snippet:-1, max-image-preview:large, max-video-preview:-1\" \/>\n<link rel=\"canonical\" href=\"https:\/\/www.welovecycling.com\/sk\/2019\/08\/23\/tip-na-vylet-od-pana-okolitych-hor-az-na-pansky-dvor\/\" \/>\n<meta property=\"og:locale\" content=\"sk_SK\" \/>\n<meta property=\"og:type\" content=\"article\" \/>\n<meta property=\"og:title\" content=\"Tip na v\u00fdlet: Od p\u00e1na okolit\u00fdch h\u00f4r a\u017e na p\u00e1nsky dvor\" \/>\n<meta property=\"og:description\" content=\"Naposledy som v\u00e1m priniesol rozhovor o Vrch\u00e1rskej Korune Tren\u010dianskej (VKT) a dnes si spolu m\u00f4\u017eeme prejs\u0165 okruh, na ktorom zdol\u00e1te [&hellip;]\" \/>\n<meta property=\"og:url\" content=\"https:\/\/www.welovecycling.com\/sk\/2019\/08\/23\/tip-na-vylet-od-pana-okolitych-hor-az-na-pansky-dvor\/\" \/>\n<meta property=\"og:site_name\" content=\"\u0160koda We Love Cycling Slovensko\" \/>\n<meta property=\"article:published_time\" content=\"2019-08-23T07:00:21+00:00\" \/>\n<meta property=\"article:modified_time\" content=\"2019-11-12T13:53:39+00:00\" \/>\n<meta property=\"og:image\" content=\"https:\/\/d2p6e6u75xmxt8.cloudfront.net\/4\/2019\/08\/Fotka-Titulka-1.webp\" \/>\n\t<meta property=\"og:image:width\" content=\"1380\" \/>\n\t<meta property=\"og:image:height\" content=\"600\" \/>\n\t<meta property=\"og:image:type\" content=\"image\/webp\" \/>\n<meta name=\"author\" content=\"Ondrej Ga\u0161par\" \/>\n<meta name=\"twitter:card\" content=\"summary_large_image\" \/>\n<meta name=\"twitter:label1\" content=\"Written by\" \/>\n\t<meta name=\"twitter:data1\" content=\"Martin Janega\" \/>\n\t<meta name=\"twitter:label2\" content=\"Est. reading time\" \/>\n\t<meta name=\"twitter:data2\" content=\"4\" \/>\n<script type=\"application\/ld+json\" class=\"yoast-schema-graph\">{\"@context\":\"https:\/\/schema.org\",\"@graph\":[{\"@type\":\"WebPage\",\"@id\":\"https:\/\/www.welovecycling.com\/sk\/2019\/08\/23\/tip-na-vylet-od-pana-okolitych-hor-az-na-pansky-dvor\/\",\"url\":\"https:\/\/www.welovecycling.com\/sk\/2019\/08\/23\/tip-na-vylet-od-pana-okolitych-hor-az-na-pansky-dvor\/\",\"name\":\"Tip na v\u00fdlet: Od p\u00e1na okolit\u00fdch h\u00f4r a\u017e na p\u00e1nsky dvor - \u0160koda We Love Cycling Slovensko\",\"isPartOf\":{\"@id\":\"https:\/\/www.welovecycling.com\/sk\/#website\"},\"primaryImageOfPage\":{\"@id\":\"https:\/\/www.welovecycling.com\/sk\/2019\/08\/23\/tip-na-vylet-od-pana-okolitych-hor-az-na-pansky-dvor\/#primaryimage\"},\"image\":{\"@id\":\"https:\/\/www.welovecycling.com\/sk\/2019\/08\/23\/tip-na-vylet-od-pana-okolitych-hor-az-na-pansky-dvor\/#primaryimage\"},\"thumbnailUrl\":\"https:\/\/d2p6e6u75xmxt8.cloudfront.net\/4\/2019\/08\/Fotka-Titulka-1.webp\",\"datePublished\":\"2019-08-23T07:00:21+00:00\",\"dateModified\":\"2019-11-12T13:53:39+00:00\",\"author\":{\"@id\":\"https:\/\/www.welovecycling.com\/sk\/#\/schema\/person\/8ee09ba39b7e25b1870160aa5b3a89bc\"},\"breadcrumb\":{\"@id\":\"https:\/\/www.welovecycling.com\/sk\/2019\/08\/23\/tip-na-vylet-od-pana-okolitych-hor-az-na-pansky-dvor\/#breadcrumb\"},\"inLanguage\":\"sk-SK\",\"potentialAction\":[{\"@type\":\"ReadAction\",\"target\":[\"https:\/\/www.welovecycling.com\/sk\/2019\/08\/23\/tip-na-vylet-od-pana-okolitych-hor-az-na-pansky-dvor\/\"]}]},{\"@type\":\"ImageObject\",\"inLanguage\":\"sk-SK\",\"@id\":\"https:\/\/www.welovecycling.com\/sk\/2019\/08\/23\/tip-na-vylet-od-pana-okolitych-hor-az-na-pansky-dvor\/#primaryimage\",\"url\":\"https:\/\/d2p6e6u75xmxt8.cloudfront.net\/4\/2019\/08\/Fotka-Titulka-1.webp\",\"contentUrl\":\"https:\/\/d2p6e6u75xmxt8.cloudfront.net\/4\/2019\/08\/Fotka-Titulka-1.webp\",\"width\":1380,\"height\":600},{\"@type\":\"BreadcrumbList\",\"@id\":\"https:\/\/www.welovecycling.com\/sk\/2019\/08\/23\/tip-na-vylet-od-pana-okolitych-hor-az-na-pansky-dvor\/#breadcrumb\",\"itemListElement\":[{\"@type\":\"ListItem\",\"position\":1,\"name\":\"Home\",\"item\":\"https:\/\/www.welovecycling.com\/sk\/\"},{\"@type\":\"ListItem\",\"position\":2,\"name\":\"Tip na v\u00fdlet: Od p\u00e1na okolit\u00fdch h\u00f4r a\u017e na p\u00e1nsky dvor\"}]},{\"@type\":\"WebSite\",\"@id\":\"https:\/\/www.welovecycling.com\/sk\/#website\",\"url\":\"https:\/\/www.welovecycling.com\/sk\/\",\"name\":\"\u0160koda We Love Cycling Slovensko\",\"description\":\"\u0160koda We Love Cycling Slovensko je v\u00e1\u0161 ka\u017edodenn\u00fd zdroj noviniek a in\u0161pir\u00e1cie z sveta cyklistiky\",\"potentialAction\":[{\"@type\":\"SearchAction\",\"target\":{\"@type\":\"EntryPoint\",\"urlTemplate\":\"https:\/\/www.welovecycling.com\/sk\/?s={search_term_string}\"},\"query-input\":{\"@type\":\"PropertyValueSpecification\",\"valueRequired\":true,\"valueName\":\"search_term_string\"}}],\"inLanguage\":\"sk-SK\"},{\"@type\":\"Person\",\"@id\":\"https:\/\/www.welovecycling.com\/sk\/#\/schema\/person\/8ee09ba39b7e25b1870160aa5b3a89bc\",\"name\":\"Ondrej Ga\u0161par\",\"image\":{\"@type\":\"ImageObject\",\"inLanguage\":\"sk-SK\",\"@id\":\"https:\/\/www.welovecycling.com\/sk\/#\/schema\/person\/image\/\",\"url\":\"https:\/\/secure.gravatar.com\/avatar\/6126c9afb87b70da5abbb083ddbb21933da15f18f8ca7cb822aba0fb096a48f6?s=96&d=mm&r=g\",\"contentUrl\":\"https:\/\/secure.gravatar.com\/avatar\/6126c9afb87b70da5abbb083ddbb21933da15f18f8ca7cb822aba0fb096a48f6?s=96&d=mm&r=g\",\"caption\":\"Ondrej Ga\u0161par\"},\"url\":\"https:\/\/www.welovecycling.com\/sk\/author\/ondrejgaspar\/\"}]}<\/script>\n<!-- \/ Yoast SEO Premium plugin. -->","yoast_head_json":{"title":"Tip na v\u00fdlet: Od p\u00e1na okolit\u00fdch h\u00f4r a\u017e na p\u00e1nsky dvor - \u0160koda We Love Cycling Slovensko","robots":{"index":"index","follow":"follow","max-snippet":"max-snippet:-1","max-image-preview":"max-image-preview:large","max-video-preview":"max-video-preview:-1"},"canonical":"https:\/\/www.welovecycling.com\/sk\/2019\/08\/23\/tip-na-vylet-od-pana-okolitych-hor-az-na-pansky-dvor\/","og_locale":"sk_SK","og_type":"article","og_title":"Tip na v\u00fdlet: Od p\u00e1na okolit\u00fdch h\u00f4r a\u017e na p\u00e1nsky dvor","og_description":"Naposledy som v\u00e1m priniesol rozhovor o Vrch\u00e1rskej Korune Tren\u010dianskej (VKT) a dnes si spolu m\u00f4\u017eeme prejs\u0165 okruh, na ktorom zdol\u00e1te [&hellip;]","og_url":"https:\/\/www.welovecycling.com\/sk\/2019\/08\/23\/tip-na-vylet-od-pana-okolitych-hor-az-na-pansky-dvor\/","og_site_name":"\u0160koda We Love Cycling Slovensko","article_published_time":"2019-08-23T07:00:21+00:00","article_modified_time":"2019-11-12T13:53:39+00:00","og_image":[{"width":1380,"height":600,"url":"https:\/\/d2p6e6u75xmxt8.cloudfront.net\/4\/2019\/08\/Fotka-Titulka-1.webp","type":"image\/webp"}],"author":"Ondrej Ga\u0161par","twitter_card":"summary_large_image","twitter_misc":{"Written by":"Martin Janega","Est. reading time":"4"},"schema":{"@context":"https:\/\/schema.org","@graph":[{"@type":"WebPage","@id":"https:\/\/www.welovecycling.com\/sk\/2019\/08\/23\/tip-na-vylet-od-pana-okolitych-hor-az-na-pansky-dvor\/","url":"https:\/\/www.welovecycling.com\/sk\/2019\/08\/23\/tip-na-vylet-od-pana-okolitych-hor-az-na-pansky-dvor\/","name":"Tip na v\u00fdlet: Od p\u00e1na okolit\u00fdch h\u00f4r a\u017e na p\u00e1nsky dvor - \u0160koda We Love Cycling Slovensko","isPartOf":{"@id":"https:\/\/www.welovecycling.com\/sk\/#website"},"primaryImageOfPage":{"@id":"https:\/\/www.welovecycling.com\/sk\/2019\/08\/23\/tip-na-vylet-od-pana-okolitych-hor-az-na-pansky-dvor\/#primaryimage"},"image":{"@id":"https:\/\/www.welovecycling.com\/sk\/2019\/08\/23\/tip-na-vylet-od-pana-okolitych-hor-az-na-pansky-dvor\/#primaryimage"},"thumbnailUrl":"https:\/\/d2p6e6u75xmxt8.cloudfront.net\/4\/2019\/08\/Fotka-Titulka-1.webp","datePublished":"2019-08-23T07:00:21+00:00","dateModified":"2019-11-12T13:53:39+00:00","author":{"@id":"https:\/\/www.welovecycling.com\/sk\/#\/schema\/person\/8ee09ba39b7e25b1870160aa5b3a89bc"},"breadcrumb":{"@id":"https:\/\/www.welovecycling.com\/sk\/2019\/08\/23\/tip-na-vylet-od-pana-okolitych-hor-az-na-pansky-dvor\/#breadcrumb"},"inLanguage":"sk-SK","potentialAction":[{"@type":"ReadAction","target":["https:\/\/www.welovecycling.com\/sk\/2019\/08\/23\/tip-na-vylet-od-pana-okolitych-hor-az-na-pansky-dvor\/"]}]},{"@type":"ImageObject","inLanguage":"sk-SK","@id":"https:\/\/www.welovecycling.com\/sk\/2019\/08\/23\/tip-na-vylet-od-pana-okolitych-hor-az-na-pansky-dvor\/#primaryimage","url":"https:\/\/d2p6e6u75xmxt8.cloudfront.net\/4\/2019\/08\/Fotka-Titulka-1.webp","contentUrl":"https:\/\/d2p6e6u75xmxt8.cloudfront.net\/4\/2019\/08\/Fotka-Titulka-1.webp","width":1380,"height":600},{"@type":"BreadcrumbList","@id":"https:\/\/www.welovecycling.com\/sk\/2019\/08\/23\/tip-na-vylet-od-pana-okolitych-hor-az-na-pansky-dvor\/#breadcrumb","itemListElement":[{"@type":"ListItem","position":1,"name":"Home","item":"https:\/\/www.welovecycling.com\/sk\/"},{"@type":"ListItem","position":2,"name":"Tip na v\u00fdlet: Od p\u00e1na okolit\u00fdch h\u00f4r a\u017e na p\u00e1nsky dvor"}]},{"@type":"WebSite","@id":"https:\/\/www.welovecycling.com\/sk\/#website","url":"https:\/\/www.welovecycling.com\/sk\/","name":"\u0160koda We Love Cycling Slovensko","description":"\u0160koda We Love Cycling Slovensko je v\u00e1\u0161 ka\u017edodenn\u00fd zdroj noviniek a in\u0161pir\u00e1cie z sveta cyklistiky","potentialAction":[{"@type":"SearchAction","target":{"@type":"EntryPoint","urlTemplate":"https:\/\/www.welovecycling.com\/sk\/?s={search_term_string}"},"query-input":{"@type":"PropertyValueSpecification","valueRequired":true,"valueName":"search_term_string"}}],"inLanguage":"sk-SK"},{"@type":"Person","@id":"https:\/\/www.welovecycling.com\/sk\/#\/schema\/person\/8ee09ba39b7e25b1870160aa5b3a89bc","name":"Ondrej Ga\u0161par","image":{"@type":"ImageObject","inLanguage":"sk-SK","@id":"https:\/\/www.welovecycling.com\/sk\/#\/schema\/person\/image\/","url":"https:\/\/secure.gravatar.com\/avatar\/6126c9afb87b70da5abbb083ddbb21933da15f18f8ca7cb822aba0fb096a48f6?s=96&d=mm&r=g","contentUrl":"https:\/\/secure.gravatar.com\/avatar\/6126c9afb87b70da5abbb083ddbb21933da15f18f8ca7cb822aba0fb096a48f6?s=96&d=mm&r=g","caption":"Ondrej Ga\u0161par"},"url":"https:\/\/www.welovecycling.com\/sk\/author\/ondrejgaspar\/"}]}},"_links":{"self":[{"href":"https:\/\/www.welovecycling.com\/sk\/wp-json\/wp\/v2\/posts\/7943","targetHints":{"allow":["GET"]}}],"collection":[{"href":"https:\/\/www.welovecycling.com\/sk\/wp-json\/wp\/v2\/posts"}],"about":[{"href":"https:\/\/www.welovecycling.com\/sk\/wp-json\/wp\/v2\/types\/post"}],"author":[{"embeddable":true,"href":"https:\/\/www.welovecycling.com\/sk\/wp-json\/wp\/v2\/users\/38"}],"replies":[{"embeddable":true,"href":"https:\/\/www.welovecycling.com\/sk\/wp-json\/wp\/v2\/comments?post=7943"}],"version-history":[{"count":2,"href":"https:\/\/www.welovecycling.com\/sk\/wp-json\/wp\/v2\/posts\/7943\/revisions"}],"predecessor-version":[{"id":8714,"href":"https:\/\/www.welovecycling.com\/sk\/wp-json\/wp\/v2\/posts\/7943\/revisions\/8714"}],"wp:featuredmedia":[{"embeddable":true,"href":"https:\/\/www.welovecycling.com\/sk\/wp-json\/wp\/v2\/media\/7979"}],"wp:attachment":[{"href":"https:\/\/www.welovecycling.com\/sk\/wp-json\/wp\/v2\/media?parent=7943"}],"wp:term":[{"taxonomy":"category","embeddable":true,"href":"https:\/\/www.welovecycling.com\/sk\/wp-json\/wp\/v2\/categories?post=7943"},{"taxonomy":"post_tag","embeddable":true,"href":"https:\/\/www.welovecycling.com\/sk\/wp-json\/wp\/v2\/tags?post=7943"},{"taxonomy":"global-categories","embeddable":true,"href":"https:\/\/www.welovecycling.com\/sk\/wp-json\/wp\/v2\/global-categories?post=7943"}],"curies":[{"name":"wp","href":"https:\/\/api.w.org\/{rel}","templated":true}]}}