{"id":7931,"date":"2019-08-09T10:15:22","date_gmt":"2019-08-09T08:15:22","guid":{"rendered":"https:\/\/www.welovecycling.com\/sk\/?p=7931"},"modified":"2019-11-21T09:30:19","modified_gmt":"2019-11-21T08:30:19","slug":"rozhovor-vrcharska-koruna-trencianska","status":"publish","type":"post","link":"https:\/\/www.welovecycling.com\/sk\/2019\/08\/09\/rozhovor-vrcharska-koruna-trencianska\/","title":{"rendered":"Rozhovor: Vrch\u00e1rska koruna Tren\u010dianska o\u010dami organiz\u00e1torov"},"content":{"rendered":"<p><strong>Organiz\u00e1tormi VKT je trojica Rado Tilandy, Pa\u013eo Babica a Mi\u0161o Bart\u00e1k. Sp\u00fdtali sme sa ich zop\u00e1r ot\u00e1zok o ich &#8222;die\u0165ati&#8220;. Ak m\u00e1te chu\u0165 na nov\u00fa v\u00fdzvu, ale masov\u00e9 akcie ako marat\u00f3n nie s\u00fa ve\u013emi pre v\u00e1s, vrelo odpor\u00fa\u010dam. Jazd\u00edte, kedy chcete (\u010di\u017ee v\u017edy) a z\u00e1rove\u0148 sa porovn\u00e1vate s ostatn\u00fdmi, ktor\u00fdm v \u017eil\u00e1ch koluje rovnak\u00e1 \u201ckrvn\u00e1\u201d skupina.<\/strong><!--more--><\/p>\n<p><strong>\u010co v\u00e1s s kolegami in\u0161pirovalo k vytvoreniu takejto \u201cs\u00fa\u0165a\u017ee\u201d?<\/strong><br \/>\n<em>Zakladate\u013eom my\u0161lienky Vrch\u00e1rskych kor\u00fan s\u00fa kamar\u00e1ti z Vala\u0161ska &#8211; Adam Hloch a Michal Horsk\u00fd. T\u00edto zalo\u017eili Vrcha\u0159sk\u00fa korunu Vala\u0161ska, ktor\u00fa sme my jazdili a in\u0161pirovala n\u00e1s k zorganizovaniu podobnej akcie u n\u00e1s.<\/em><\/p>\n<p><a href=\"https:\/\/d2p6e6u75xmxt8.cloudfront.net\/4\/2019\/08\/Fotka-12.jpg\"><img loading=\"lazy\" decoding=\"async\" class=\"alignnone size-full wp-image-7937\" src=\"https:\/\/d2p6e6u75xmxt8.cloudfront.net\/4\/2019\/08\/Fotka-12.jpg\" alt=\"\" width=\"1200\" height=\"800\" \/><\/a><\/p>\n<p><strong>V \u010dom spo\u010d\u00edva podstata projektu VKT? Kto sa ho m\u00f4\u017ee z\u00fa\u010dastni\u0165?<\/strong><br \/>\n<em>Spozn\u00e1vanie n\u00e1\u0161ho kraja na bicykli \u010di pe\u0161o, zdolan\u00edm 20 vrcholov v predp\u00edsanom \u010dase. Konkr\u00e9tne v term\u00edne od 10.4.2019 \u2013 30.11.2019. Na ka\u017edom z vrcholov je potrebn\u00e9 sa odfoti\u0165 (selfie). Spr\u00e1vna fotografia z vrcholu by mala obsahova\u0165 pozn\u00e1vac\u00ed znak vrcholu, osobu, ktor\u00e1 ho zdolala a v kateg\u00f3rii bike aj bicykel alebo \u010das\u0165 cyklov\u00fdbavy (dres, prilba, &#8230;). Po zdolan\u00ed predp\u00edsan\u00fdch vrcholov v term\u00edne konania akcie je fotografie potrebn\u00e9 zasla\u0165 mailom alebo pomocou formul\u00e1ra na adresu info@vkt-bike.sk.<\/em><\/p>\n<p><strong>Tak\u017ee okrem biku s\u00fa e\u0161te in\u00e9 kateg\u00f3rie?<\/strong><br \/>\n<em>\u00c1no, je e\u0161te pe\u0161ia kateg\u00f3ria, v r\u00e1mci ktorej s\u00fa vyhodnoten\u00ed zvl\u00e1\u0161\u0165 aj psy a novinkou v tomto ro\u010dn\u00edku je kateg\u00f3ria \u201chandicap\u201d pre \u00fa\u010dastn\u00edkov s postihnut\u00edm. V tejto kateg\u00f3rii sta\u010d\u00ed zdola\u0165 5 vrcholov.<\/em><\/p>\n<div data-rows=\"1\" id='gallery-1' class='gallery-rows-1 gallery galleryid-7931 gallery-columns-2 gallery-size-full'><figure class='gallery-item'>\n\t\t\t<div class='gallery-icon landscape'>\n\t\t\t\t<a href='https:\/\/d2p6e6u75xmxt8.cloudfront.net\/4\/2019\/08\/Fotka-14.JPG.webp'><img loading=\"lazy\" decoding=\"async\" width=\"1200\" height=\"800\" src=\"https:\/\/d2p6e6u75xmxt8.cloudfront.net\/4\/2019\/08\/Fotka-14.JPG.webp\" class=\"attachment-full size-full\" alt=\"\" srcset=\"https:\/\/d2p6e6u75xmxt8.cloudfront.net\/4\/2019\/08\/Fotka-14.JPG.webp 1200w, https:\/\/d2p6e6u75xmxt8.cloudfront.net\/4\/2019\/08\/Fotka-14.JPG-300x200.webp 300w, https:\/\/d2p6e6u75xmxt8.cloudfront.net\/4\/2019\/08\/Fotka-14.JPG-1024x683.webp 1024w, https:\/\/d2p6e6u75xmxt8.cloudfront.net\/4\/2019\/08\/Fotka-14.JPG-768x512.webp 768w, https:\/\/d2p6e6u75xmxt8.cloudfront.net\/4\/2019\/08\/Fotka-14.JPG-272x182.webp 272w\" sizes=\"auto, (max-width: 1200px) 100vw, 1200px\" \/><\/a>\n\t\t\t<\/div><\/figure><figure class='gallery-item'>\n\t\t\t<div class='gallery-icon landscape'>\n\t\t\t\t<a href='https:\/\/d2p6e6u75xmxt8.cloudfront.net\/4\/2019\/08\/Fotka-15.JPG.webp'><img loading=\"lazy\" decoding=\"async\" width=\"1200\" height=\"800\" src=\"https:\/\/d2p6e6u75xmxt8.cloudfront.net\/4\/2019\/08\/Fotka-15.JPG.webp\" class=\"attachment-full size-full\" alt=\"\" srcset=\"https:\/\/d2p6e6u75xmxt8.cloudfront.net\/4\/2019\/08\/Fotka-15.JPG.webp 1200w, https:\/\/d2p6e6u75xmxt8.cloudfront.net\/4\/2019\/08\/Fotka-15.JPG-300x200.webp 300w, https:\/\/d2p6e6u75xmxt8.cloudfront.net\/4\/2019\/08\/Fotka-15.JPG-1024x683.webp 1024w, https:\/\/d2p6e6u75xmxt8.cloudfront.net\/4\/2019\/08\/Fotka-15.JPG-768x512.webp 768w, https:\/\/d2p6e6u75xmxt8.cloudfront.net\/4\/2019\/08\/Fotka-15.JPG-272x182.webp 272w\" sizes=\"auto, (max-width: 1200px) 100vw, 1200px\" \/><\/a>\n\t\t\t<\/div><\/figure>\n\t\t<\/div>\n        \n<p><strong>Ako motivujete \u00fa\u010dastn\u00edkov k ich v\u00fdkonom? Ko\u013ek\u00ed dost\u00e1vaj\u00fa nejak\u00e9 ocenenia (ak v\u00f4bec)?<\/strong><br \/>\n<em>Ka\u017ed\u00fd \u00fa\u010dastn\u00edk, ktor\u00fd spln\u00ed krit\u00e9ria Vrch\u00e1rskej koruny, z\u00edska titul Dr\u017eite\u013e VKT. Po ukon\u010den\u00ed Koruny je sl\u00e1vnostn\u00e9 vyhodnotenie, na ktor\u00e9 poz\u00fdvame v\u0161etk\u00fdch dr\u017eite\u013eov. Tam dostan\u00fa diplom, kde je vyp\u00edsan\u00fdch v\u0161etk\u00fdch 20 vrcholov sez\u00f3ny, aby nezabudli, kde v\u0161ade boli.<\/em><\/p>\n<p><a href=\"https:\/\/d2p6e6u75xmxt8.cloudfront.net\/4\/2019\/08\/Fotka-4.JPG.jpg\"><img loading=\"lazy\" decoding=\"async\" class=\"alignnone size-full wp-image-7933\" src=\"https:\/\/d2p6e6u75xmxt8.cloudfront.net\/4\/2019\/08\/Fotka-4.JPG.jpg\" alt=\"\" width=\"1200\" height=\"800\" \/><\/a><\/p>\n<p><strong>Boli ste na Slovensku prv\u00ed. Rozbehlo sa nie\u010do podobn\u00e9 aj inde v na\u0161ej krajine?<\/strong><br \/>\n<em>\u00c1no, boli sme na Slovensku prv\u00ed. V tomto roku u\u017e funguje na Slovensku t\u00fdchto 7 Vrch\u00e1rskych kor\u00fan:<\/em><\/p>\n<ul>\n<li>Vrch\u00e1rska koruna Mal\u00fdch Karp\u00e1t a Z\u00e1horia<\/li>\n<li>Vrch\u00e1rska koruna Tren\u010dianska<\/li>\n<li>Vrch\u00e1rska koruna \u017dilinsk\u00e1<\/li>\n<li>Vrch\u00e1rska koruna Liptovsk\u00e1<\/li>\n<li>Vrch\u00e1rska koruna Horehronia<\/li>\n<li>Vrch\u00e1rska koruna Gemersk\u00e1<\/li>\n<li>Vrch\u00e1rska koruna \u0160ari\u0161a<\/li>\n<\/ul>\n<p>&nbsp;<\/p>\n<p>Mapku s Korunami na Slovensku a v \u010cech\u00e1ch si m\u00f4\u017eete pozrie\u0165 na <a href=\"http:\/\/vk-bike.eu\/prehled\" target=\"_blank\" rel=\"noopener\">tomto odkaze<\/a>.<\/p>\n<p><strong>Moment\u00e1lne prebieha u\u017e \u0161tvrt\u00e1 ed\u00edcia. Ak\u00fdm sp\u00f4sobom vyber\u00e1te vrcholy pre dan\u00fd ro\u010dn\u00edk?<\/strong><br \/>\n<em>Sna\u017e\u00edme sa vybera\u0165 zauj\u00edmav\u00e9 miesta v celom Tren\u010dianskom kraji. Po prvom ro\u010dn\u00edku sa sna\u017e\u00edme z ka\u017ed\u00e9ho okresu Tren\u010dianskeho kraja vybra\u0165 aspo\u0148 jedno zauj\u00edmav\u00e9 miesto. Mal by to by\u0165 kopec alebo miesto, ktor\u00e9 sa d\u00e1 leg\u00e1lne zdola\u0165 na bicykli. Pri v\u00fdbere uprednost\u0148ujeme hrady a v\u017edy sa sna\u017e\u00edme uk\u00e1za\u0165 \u00fa\u010dastn\u00edkom zauj\u00edmav\u00e9 miesta, o ktor\u00fdch mo\u017eno ani nevedeli.<\/em><\/p>\n<p><strong>S\u00fa niektor\u00e9 zara\u010fovan\u00e9 opakovane? Alebo je nejak\u00fd, ktor\u00fd e\u0161te ani raz nech\u00fdbal?<\/strong><br \/>\n<em>Vrcholy sa sna\u017e\u00edme obmie\u0148a\u0165. D\u00f4le\u017eit\u00fdm vrcholom v na\u0161om kraji je Mohyla na Bradle, ktor\u00fa sme zaradili zatia\u013e do ka\u017ed\u00e9ho ro\u010dn\u00edka. \u010eal\u0161\u00edm v\u00fdznamn\u00fdm vrcholom je Butkov \u2013 najmlad\u0161ie p\u00fatnick\u00e9 miesto v na\u0161om kraji.<\/em><\/p>\n<p><a href=\"https:\/\/d2p6e6u75xmxt8.cloudfront.net\/4\/2019\/08\/Fotka-8.JPG.jpg\"><img loading=\"lazy\" decoding=\"async\" class=\"alignnone size-full wp-image-7934\" src=\"https:\/\/d2p6e6u75xmxt8.cloudfront.net\/4\/2019\/08\/Fotka-8.JPG.jpg\" alt=\"\" width=\"1200\" height=\"800\" \/><\/a><\/p>\n<p><strong>Ko\u013eko \u00fa\u010dastn\u00edkov \u00faspe\u0161ne absolvovalo predo\u0161l\u00e9 ed\u00edcie? Zvy\u0161uj\u00fa sa ich po\u010dty?<\/strong><br \/>\n<em>V roku 2016 to bolo 149 dr\u017eite\u013eov, v roku 2017 &#8211; 136 a v roku 2019 &#8211; 178 t\u00fdch, ktor\u00ed \u00faspe\u0161ne zdolali v\u0161etk\u00fdch 20 predp\u00edsan\u00fdch vrcholov. Tak\u017ee je to tak trochu na strieda\u010dku. Uvid\u00edme, ako to dopadneme v tomto roku.<\/em><\/p>\n<p><strong>Je niekto, okrem v\u00e1s troch zakladate\u013eov, kto m\u00e1 v\u0161etky tri koruny?<\/strong><br \/>\n<em>M\u00e1me 55 trojn\u00e1sobn\u00fdch dr\u017eite\u013eov VKT.<\/em><\/p>\n<p><strong>Prezrad\u00edte zop\u00e1r naj z uplynul\u00fdch ro\u010dn\u00edkov?<\/strong><\/p>\n<ul>\n<li>Naj\u010dastej\u0161ie zaraden\u00e9 vrcholy: Butkov, Mohyla, Makyta, Vt\u00e1\u010dnik, kr\u00ed\u017e Na Ostrom Vrchu, Inovec<\/li>\n<li>Najstar\u0161\u00ed \u00fa\u010dastn\u00edk: 76 rokov &#8211; Jozef Vran\u00e1k a je \u00faspe\u0161n\u00fdm dr\u017eite\u013eom v\u0161etk\u00fdch troch kor\u00fan<\/li>\n<li>Najmlad\u0161\u00ed \u00fa\u010dastn\u00edk: 11 rokov &#8211; v dne\u0161nej dobe pochvala, \u017ee nesed\u00ed iba doma pri po\u010d\u00edta\u010di<\/li>\n<li>Najpo\u010detnej\u0161ia rodina: Macharovci &#8211; 5 \u010dlenov rodiny<\/li>\n<li>Najvzdialenej\u0161ie bydlisko: Dob\u0161in\u00e1 &#8211; 259 km do Tren\u010d\u00edna<\/li>\n<li>Najr\u00fdchlej\u0161ie zdolanie v\u0161etk\u00fdch vrcholov &#8211; \u0161tyri dni v minulom ro\u010dn\u00edku<\/li>\n<\/ul>\n<p>&nbsp;<\/p>\n<p><strong>\u010co n\u00e1m poviete o nonstop forme VKT?<\/strong><br \/>\n<em>VKT nonstop s\u00fa vytrvalostn\u00e9 preteky, ktor\u00e9 sa skladaj\u00fa zo 4 k\u00f4l. Prejden\u00edm cel\u00e9ho kola sa \u00fa\u010dastn\u00edk kvalifikuje do \u010fal\u0161ieho kola. Kol\u00e1 maj\u00fa predp\u00edsan\u00e9 poradie vrcholov a trasu. V minulom roku merala cel\u00e1 trasa 777 km a mala prev\u00fd\u0161enie 11 111 m. Preteky sa konaj\u00fa v auguste, \u0161tart a cie\u013e ka\u017ed\u00e9ho kola je u n\u00e1\u0161ho partnera \u2013 Bikepark K\u00e1lnica.<\/em><\/p>\n<p><strong>A \u010do znamen\u00e1 Winter psycho edition?<\/strong><br \/>\n<em>Winter psycho edition je pre t\u00fdch, ktor\u00ed si chc\u00fa sk\u00fasi\u0165 zdol\u00e1vanie vrcholov v zimnom obdob\u00ed. Vrcholy s\u00fa rovnak\u00e9 ako pri \u201eklasickej\u201c VKT a term\u00edn je od 1.1. do 31.3.<\/em><\/p>\n<p><a href=\"https:\/\/d2p6e6u75xmxt8.cloudfront.net\/4\/2019\/08\/Fotka-10.jpg\"><img loading=\"lazy\" decoding=\"async\" class=\"alignnone size-full wp-image-7935\" src=\"https:\/\/d2p6e6u75xmxt8.cloudfront.net\/4\/2019\/08\/Fotka-10.jpg\" alt=\"\" width=\"1200\" height=\"800\" \/><\/a><\/p>\n<p><strong>Organizujete s chalanmi e\u0161te nejak\u00e9 zauj\u00edmav\u00e9 podujatia?<\/strong><br \/>\n<em>Samozrejme, st\u00e1le viac v spolupr\u00e1ci s partnermi, najm\u00e4 s Bikepark Kalnica 24-hodinovku ako medzin\u00e1rodn\u00fd seri\u00e1l, VKT NONSTOP tento rok 4 kateg\u00f3rie od 120 km a\u017e po 800 km, \u010falej Everesting &#8211; \u010di\u017ee preteky v tom, kto najr\u00fdchlej\u0161ie nast\u00fapa 8 848 v\u00fd\u0161kov\u00fdch metrov. A v Tren\u010d\u00edne s be\u017ecami u\u017e tradi\u010dne &#8211; LOVE Tren\u010d\u00edn a Free Tren\u010d\u00edn (17. novembra). V zime s Koniferum zimn\u00e1 cyklistick\u00e1 liga, besedy, v\u00fdjazdy pre deti s rodinami ku kon\u00edkom \u010di spolo\u010dn\u00e9 akcie s VKV (Vcha\u0159sk\u00e1 koruna Vala\u0161ska).<\/em><\/p>\n<p><strong>Chyst\u00e1te do bud\u00facich rokov nie\u010do nov\u00e9, alebo prevratn\u00e9?<\/strong><br \/>\n<em>Nechajte sa prekvapi\u0165 :).<\/em><\/p>\n<p><a href=\"https:\/\/d2p6e6u75xmxt8.cloudfront.net\/4\/2019\/08\/Fotka-11.jpg\"><img loading=\"lazy\" decoding=\"async\" class=\"alignnone size-full wp-image-7936\" src=\"https:\/\/d2p6e6u75xmxt8.cloudfront.net\/4\/2019\/08\/Fotka-11.jpg\" alt=\"\" width=\"1200\" height=\"800\" \/><\/a><\/p>\n<p>\u010eakujem v\u00e1m za poskytnut\u00fd rozhovor a prajem ve\u013ea \u00faspechov v \u010fal\u0161\u00edch rokoch organiz\u00e1cie VKT. Ve\u013ea nov\u00fdch dostupn\u00fdch vrcholov, nech m\u00e1me st\u00e1le \u010do objavova\u0165!<\/p>\n","protected":false},"excerpt":{"rendered":"<p>Organiz\u00e1tormi VKT je trojica Rado Tilandy, Pa\u013eo Babica a Mi\u0161o Bart\u00e1k. Sp\u00fdtali sme sa ich zop\u00e1r ot\u00e1zok o ich &#8222;die\u0165ati&#8220;. [&hellip;]<\/p>\n","protected":false},"author":38,"featured_media":7932,"comment_status":"open","ping_status":"open","sticky":false,"template":"","format":"standard","meta":{"footnotes":""},"categories":[3],"tags":[619,597,1049,180,412,501,523,72,838,840,1047,766,1048,1050,318],"global-categories":[],"class_list":["post-7931","post","type-post","status-publish","format-standard","has-post-thumbnail","hentry","category-mtb","tag-bicyklovanie","tag-cyklista","tag-edicia","tag-horska-cyklistika","tag-mtb","tag-rozhovor","tag-slovensko","tag-sutaz","tag-trenciansky-samospravny-kraj","tag-trencin","tag-vkt","tag-vrcharska-koruna","tag-vrcharska-koruna-trencianska","tag-vrchol","tag-vyjazd"],"yoast_head":"<!-- This site is optimized with the Yoast SEO Premium plugin v25.3 (Yoast SEO v25.9) - https:\/\/yoast.com\/wordpress\/plugins\/seo\/ -->\n<title>Rozhovor: Vrch\u00e1rska koruna Tren\u010dianska o\u010dami organiz\u00e1torov - \u0160koda We Love Cycling Slovensko<\/title>\n<meta name=\"robots\" content=\"index, follow, max-snippet:-1, max-image-preview:large, max-video-preview:-1\" \/>\n<link rel=\"canonical\" href=\"https:\/\/www.welovecycling.com\/sk\/2019\/08\/09\/rozhovor-vrcharska-koruna-trencianska\/\" \/>\n<meta property=\"og:locale\" content=\"sk_SK\" \/>\n<meta property=\"og:type\" content=\"article\" \/>\n<meta property=\"og:title\" content=\"Rozhovor: Vrch\u00e1rska koruna Tren\u010dianska o\u010dami organiz\u00e1torov\" \/>\n<meta property=\"og:description\" content=\"Organiz\u00e1tormi VKT je trojica Rado Tilandy, Pa\u013eo Babica a Mi\u0161o Bart\u00e1k. Sp\u00fdtali sme sa ich zop\u00e1r ot\u00e1zok o ich &#8222;die\u0165ati&#8220;. [&hellip;]\" \/>\n<meta property=\"og:url\" content=\"https:\/\/www.welovecycling.com\/sk\/2019\/08\/09\/rozhovor-vrcharska-koruna-trencianska\/\" \/>\n<meta property=\"og:site_name\" content=\"\u0160koda We Love Cycling Slovensko\" \/>\n<meta property=\"article:published_time\" content=\"2019-08-09T08:15:22+00:00\" \/>\n<meta property=\"article:modified_time\" content=\"2019-11-21T08:30:19+00:00\" \/>\n<meta property=\"og:image\" content=\"https:\/\/d2p6e6u75xmxt8.cloudfront.net\/4\/2019\/08\/Fotka-Titulka.webp\" \/>\n\t<meta property=\"og:image:width\" content=\"1380\" \/>\n\t<meta property=\"og:image:height\" content=\"600\" \/>\n\t<meta property=\"og:image:type\" content=\"image\/webp\" \/>\n<meta name=\"author\" content=\"Ondrej Ga\u0161par\" \/>\n<meta name=\"twitter:card\" content=\"summary_large_image\" \/>\n<meta name=\"twitter:label1\" content=\"Written by\" \/>\n\t<meta name=\"twitter:data1\" content=\"Martin Janega\" \/>\n\t<meta name=\"twitter:label2\" content=\"Est. reading time\" \/>\n\t<meta name=\"twitter:data2\" content=\"6\" \/>\n<script type=\"application\/ld+json\" class=\"yoast-schema-graph\">{\"@context\":\"https:\/\/schema.org\",\"@graph\":[{\"@type\":\"WebPage\",\"@id\":\"https:\/\/www.welovecycling.com\/sk\/2019\/08\/09\/rozhovor-vrcharska-koruna-trencianska\/\",\"url\":\"https:\/\/www.welovecycling.com\/sk\/2019\/08\/09\/rozhovor-vrcharska-koruna-trencianska\/\",\"name\":\"Rozhovor: Vrch\u00e1rska koruna Tren\u010dianska o\u010dami organiz\u00e1torov - \u0160koda We Love Cycling Slovensko\",\"isPartOf\":{\"@id\":\"https:\/\/www.welovecycling.com\/sk\/#website\"},\"primaryImageOfPage\":{\"@id\":\"https:\/\/www.welovecycling.com\/sk\/2019\/08\/09\/rozhovor-vrcharska-koruna-trencianska\/#primaryimage\"},\"image\":{\"@id\":\"https:\/\/www.welovecycling.com\/sk\/2019\/08\/09\/rozhovor-vrcharska-koruna-trencianska\/#primaryimage\"},\"thumbnailUrl\":\"https:\/\/d2p6e6u75xmxt8.cloudfront.net\/4\/2019\/08\/Fotka-Titulka.webp\",\"datePublished\":\"2019-08-09T08:15:22+00:00\",\"dateModified\":\"2019-11-21T08:30:19+00:00\",\"author\":{\"@id\":\"https:\/\/www.welovecycling.com\/sk\/#\/schema\/person\/8ee09ba39b7e25b1870160aa5b3a89bc\"},\"breadcrumb\":{\"@id\":\"https:\/\/www.welovecycling.com\/sk\/2019\/08\/09\/rozhovor-vrcharska-koruna-trencianska\/#breadcrumb\"},\"inLanguage\":\"sk-SK\",\"potentialAction\":[{\"@type\":\"ReadAction\",\"target\":[\"https:\/\/www.welovecycling.com\/sk\/2019\/08\/09\/rozhovor-vrcharska-koruna-trencianska\/\"]}]},{\"@type\":\"ImageObject\",\"inLanguage\":\"sk-SK\",\"@id\":\"https:\/\/www.welovecycling.com\/sk\/2019\/08\/09\/rozhovor-vrcharska-koruna-trencianska\/#primaryimage\",\"url\":\"https:\/\/d2p6e6u75xmxt8.cloudfront.net\/4\/2019\/08\/Fotka-Titulka.webp\",\"contentUrl\":\"https:\/\/d2p6e6u75xmxt8.cloudfront.net\/4\/2019\/08\/Fotka-Titulka.webp\",\"width\":1380,\"height\":600},{\"@type\":\"BreadcrumbList\",\"@id\":\"https:\/\/www.welovecycling.com\/sk\/2019\/08\/09\/rozhovor-vrcharska-koruna-trencianska\/#breadcrumb\",\"itemListElement\":[{\"@type\":\"ListItem\",\"position\":1,\"name\":\"Home\",\"item\":\"https:\/\/www.welovecycling.com\/sk\/\"},{\"@type\":\"ListItem\",\"position\":2,\"name\":\"Rozhovor: Vrch\u00e1rska koruna Tren\u010dianska o\u010dami organiz\u00e1torov\"}]},{\"@type\":\"WebSite\",\"@id\":\"https:\/\/www.welovecycling.com\/sk\/#website\",\"url\":\"https:\/\/www.welovecycling.com\/sk\/\",\"name\":\"\u0160koda We Love Cycling Slovensko\",\"description\":\"\u0160koda We Love Cycling Slovensko je v\u00e1\u0161 ka\u017edodenn\u00fd zdroj noviniek a in\u0161pir\u00e1cie z sveta cyklistiky\",\"potentialAction\":[{\"@type\":\"SearchAction\",\"target\":{\"@type\":\"EntryPoint\",\"urlTemplate\":\"https:\/\/www.welovecycling.com\/sk\/?s={search_term_string}\"},\"query-input\":{\"@type\":\"PropertyValueSpecification\",\"valueRequired\":true,\"valueName\":\"search_term_string\"}}],\"inLanguage\":\"sk-SK\"},{\"@type\":\"Person\",\"@id\":\"https:\/\/www.welovecycling.com\/sk\/#\/schema\/person\/8ee09ba39b7e25b1870160aa5b3a89bc\",\"name\":\"Ondrej Ga\u0161par\",\"image\":{\"@type\":\"ImageObject\",\"inLanguage\":\"sk-SK\",\"@id\":\"https:\/\/www.welovecycling.com\/sk\/#\/schema\/person\/image\/\",\"url\":\"https:\/\/secure.gravatar.com\/avatar\/6126c9afb87b70da5abbb083ddbb21933da15f18f8ca7cb822aba0fb096a48f6?s=96&d=mm&r=g\",\"contentUrl\":\"https:\/\/secure.gravatar.com\/avatar\/6126c9afb87b70da5abbb083ddbb21933da15f18f8ca7cb822aba0fb096a48f6?s=96&d=mm&r=g\",\"caption\":\"Ondrej Ga\u0161par\"},\"url\":\"https:\/\/www.welovecycling.com\/sk\/author\/ondrejgaspar\/\"}]}<\/script>\n<!-- \/ Yoast SEO Premium plugin. -->","yoast_head_json":{"title":"Rozhovor: Vrch\u00e1rska koruna Tren\u010dianska o\u010dami organiz\u00e1torov - \u0160koda We Love Cycling Slovensko","robots":{"index":"index","follow":"follow","max-snippet":"max-snippet:-1","max-image-preview":"max-image-preview:large","max-video-preview":"max-video-preview:-1"},"canonical":"https:\/\/www.welovecycling.com\/sk\/2019\/08\/09\/rozhovor-vrcharska-koruna-trencianska\/","og_locale":"sk_SK","og_type":"article","og_title":"Rozhovor: Vrch\u00e1rska koruna Tren\u010dianska o\u010dami organiz\u00e1torov","og_description":"Organiz\u00e1tormi VKT je trojica Rado Tilandy, Pa\u013eo Babica a Mi\u0161o Bart\u00e1k. Sp\u00fdtali sme sa ich zop\u00e1r ot\u00e1zok o ich &#8222;die\u0165ati&#8220;. [&hellip;]","og_url":"https:\/\/www.welovecycling.com\/sk\/2019\/08\/09\/rozhovor-vrcharska-koruna-trencianska\/","og_site_name":"\u0160koda We Love Cycling Slovensko","article_published_time":"2019-08-09T08:15:22+00:00","article_modified_time":"2019-11-21T08:30:19+00:00","og_image":[{"width":1380,"height":600,"url":"https:\/\/d2p6e6u75xmxt8.cloudfront.net\/4\/2019\/08\/Fotka-Titulka.webp","type":"image\/webp"}],"author":"Ondrej Ga\u0161par","twitter_card":"summary_large_image","twitter_misc":{"Written by":"Martin Janega","Est. reading time":"6"},"schema":{"@context":"https:\/\/schema.org","@graph":[{"@type":"WebPage","@id":"https:\/\/www.welovecycling.com\/sk\/2019\/08\/09\/rozhovor-vrcharska-koruna-trencianska\/","url":"https:\/\/www.welovecycling.com\/sk\/2019\/08\/09\/rozhovor-vrcharska-koruna-trencianska\/","name":"Rozhovor: Vrch\u00e1rska koruna Tren\u010dianska o\u010dami organiz\u00e1torov - \u0160koda We Love Cycling Slovensko","isPartOf":{"@id":"https:\/\/www.welovecycling.com\/sk\/#website"},"primaryImageOfPage":{"@id":"https:\/\/www.welovecycling.com\/sk\/2019\/08\/09\/rozhovor-vrcharska-koruna-trencianska\/#primaryimage"},"image":{"@id":"https:\/\/www.welovecycling.com\/sk\/2019\/08\/09\/rozhovor-vrcharska-koruna-trencianska\/#primaryimage"},"thumbnailUrl":"https:\/\/d2p6e6u75xmxt8.cloudfront.net\/4\/2019\/08\/Fotka-Titulka.webp","datePublished":"2019-08-09T08:15:22+00:00","dateModified":"2019-11-21T08:30:19+00:00","author":{"@id":"https:\/\/www.welovecycling.com\/sk\/#\/schema\/person\/8ee09ba39b7e25b1870160aa5b3a89bc"},"breadcrumb":{"@id":"https:\/\/www.welovecycling.com\/sk\/2019\/08\/09\/rozhovor-vrcharska-koruna-trencianska\/#breadcrumb"},"inLanguage":"sk-SK","potentialAction":[{"@type":"ReadAction","target":["https:\/\/www.welovecycling.com\/sk\/2019\/08\/09\/rozhovor-vrcharska-koruna-trencianska\/"]}]},{"@type":"ImageObject","inLanguage":"sk-SK","@id":"https:\/\/www.welovecycling.com\/sk\/2019\/08\/09\/rozhovor-vrcharska-koruna-trencianska\/#primaryimage","url":"https:\/\/d2p6e6u75xmxt8.cloudfront.net\/4\/2019\/08\/Fotka-Titulka.webp","contentUrl":"https:\/\/d2p6e6u75xmxt8.cloudfront.net\/4\/2019\/08\/Fotka-Titulka.webp","width":1380,"height":600},{"@type":"BreadcrumbList","@id":"https:\/\/www.welovecycling.com\/sk\/2019\/08\/09\/rozhovor-vrcharska-koruna-trencianska\/#breadcrumb","itemListElement":[{"@type":"ListItem","position":1,"name":"Home","item":"https:\/\/www.welovecycling.com\/sk\/"},{"@type":"ListItem","position":2,"name":"Rozhovor: Vrch\u00e1rska koruna Tren\u010dianska o\u010dami organiz\u00e1torov"}]},{"@type":"WebSite","@id":"https:\/\/www.welovecycling.com\/sk\/#website","url":"https:\/\/www.welovecycling.com\/sk\/","name":"\u0160koda We Love Cycling Slovensko","description":"\u0160koda We Love Cycling Slovensko je v\u00e1\u0161 ka\u017edodenn\u00fd zdroj noviniek a in\u0161pir\u00e1cie z sveta cyklistiky","potentialAction":[{"@type":"SearchAction","target":{"@type":"EntryPoint","urlTemplate":"https:\/\/www.welovecycling.com\/sk\/?s={search_term_string}"},"query-input":{"@type":"PropertyValueSpecification","valueRequired":true,"valueName":"search_term_string"}}],"inLanguage":"sk-SK"},{"@type":"Person","@id":"https:\/\/www.welovecycling.com\/sk\/#\/schema\/person\/8ee09ba39b7e25b1870160aa5b3a89bc","name":"Ondrej Ga\u0161par","image":{"@type":"ImageObject","inLanguage":"sk-SK","@id":"https:\/\/www.welovecycling.com\/sk\/#\/schema\/person\/image\/","url":"https:\/\/secure.gravatar.com\/avatar\/6126c9afb87b70da5abbb083ddbb21933da15f18f8ca7cb822aba0fb096a48f6?s=96&d=mm&r=g","contentUrl":"https:\/\/secure.gravatar.com\/avatar\/6126c9afb87b70da5abbb083ddbb21933da15f18f8ca7cb822aba0fb096a48f6?s=96&d=mm&r=g","caption":"Ondrej Ga\u0161par"},"url":"https:\/\/www.welovecycling.com\/sk\/author\/ondrejgaspar\/"}]}},"_links":{"self":[{"href":"https:\/\/www.welovecycling.com\/sk\/wp-json\/wp\/v2\/posts\/7931","targetHints":{"allow":["GET"]}}],"collection":[{"href":"https:\/\/www.welovecycling.com\/sk\/wp-json\/wp\/v2\/posts"}],"about":[{"href":"https:\/\/www.welovecycling.com\/sk\/wp-json\/wp\/v2\/types\/post"}],"author":[{"embeddable":true,"href":"https:\/\/www.welovecycling.com\/sk\/wp-json\/wp\/v2\/users\/38"}],"replies":[{"embeddable":true,"href":"https:\/\/www.welovecycling.com\/sk\/wp-json\/wp\/v2\/comments?post=7931"}],"version-history":[{"count":2,"href":"https:\/\/www.welovecycling.com\/sk\/wp-json\/wp\/v2\/posts\/7931\/revisions"}],"predecessor-version":[{"id":8000,"href":"https:\/\/www.welovecycling.com\/sk\/wp-json\/wp\/v2\/posts\/7931\/revisions\/8000"}],"wp:featuredmedia":[{"embeddable":true,"href":"https:\/\/www.welovecycling.com\/sk\/wp-json\/wp\/v2\/media\/7932"}],"wp:attachment":[{"href":"https:\/\/www.welovecycling.com\/sk\/wp-json\/wp\/v2\/media?parent=7931"}],"wp:term":[{"taxonomy":"category","embeddable":true,"href":"https:\/\/www.welovecycling.com\/sk\/wp-json\/wp\/v2\/categories?post=7931"},{"taxonomy":"post_tag","embeddable":true,"href":"https:\/\/www.welovecycling.com\/sk\/wp-json\/wp\/v2\/tags?post=7931"},{"taxonomy":"global-categories","embeddable":true,"href":"https:\/\/www.welovecycling.com\/sk\/wp-json\/wp\/v2\/global-categories?post=7931"}],"curies":[{"name":"wp","href":"https:\/\/api.w.org\/{rel}","templated":true}]}}