{"id":7911,"date":"2019-07-31T10:30:48","date_gmt":"2019-07-31T08:30:48","guid":{"rendered":"https:\/\/www.welovecycling.com\/sk\/?p=7911"},"modified":"2019-07-30T22:54:39","modified_gmt":"2019-07-30T20:54:39","slug":"mesacna-desiatka-horuce-cesty-nenechali-nikoho-chladnym","status":"publish","type":"post","link":"https:\/\/www.welovecycling.com\/sk\/2019\/07\/31\/mesacna-desiatka-horuce-cesty-nenechali-nikoho-chladnym\/","title":{"rendered":"Mesa\u010dn\u00e1 desiatka \u2013 hor\u00face cesty nenechali nikoho chladn\u00fdm"},"content":{"rendered":"<p><strong>Najteplej\u0161\u00ed mesiac roka n\u00e1m nepriniesol len mimoriadne tepl\u00e9 po\u010dasie, ale s\u00fa\u010dasne aj mno\u017estvo zauj\u00edmav\u00fdch a\u00a0mo\u017eno aj nev\u0161edn\u00fdch situ\u00e1cii a\u00a0momentov, ktor\u00e9 sprev\u00e1dzali cyklistov po\u010das vrcholu sez\u00f3ny.<\/strong><!--more--><\/p>\n<h2><strong>Peter Sagan z\u00edskal zelen\u00fd dres u\u017e po rekordn\u00fd 7-kr\u00e1t!<\/strong><\/h2>\n<p>Slovensk\u00fd naj\u00faspe\u0161nej\u0161\u00ed cyklista, ktor\u00fd sa na Tour de France predstavil u\u017e po \u00f4smykr\u00e1t, z\u00edskal to, \u010do sa mu u\u017e od za\u010diatku predpovedalo. <strong>Ako prv\u00fd cyklista na svete v\u00a0hist\u00f3rii Tour dok\u00e1zal opanova\u0165 bodovaciu s\u00fa\u0165a\u017e po\u010das siedmych ro\u010dn\u00edkov<\/strong>. Od roku 2013 a\u017e do roku 2019 (s v\u00fdnimkou 2017, kedy bol nepr\u00e1vom vyl\u00fa\u010den\u00fd), nemal v\u00a0tejto s\u00fa\u0165a\u017ei konkurenta. Aj ke\u010f sa \u0161print\u00e9ri ako M. Cavendish, A. Greipel \u010di M. Kittel pok\u00fa\u0161ali prekona\u0165 jeho dominanciu, Sagan svojou v\u0161estrannos\u0165ou aj v\u00a0menej \u201e\u0161print\u00e9rskych\u201c etap\u00e1ch nedal nikomu \u0161ancu. \u0160es\u0165kr\u00e1t sa tak\u00fdto \u00faspech podaril len E. Zabelovi v\u00a0rokoch 1996 a\u017e 2001.<\/p>\n<p><a href=\"https:\/\/d2p6e6u75xmxt8.cloudfront.net\/4\/2019\/07\/01-6.jpg\"><img loading=\"lazy\" decoding=\"async\" src=\"https:\/\/d2p6e6u75xmxt8.cloudfront.net\/4\/2019\/07\/01-6.jpg\" alt=\"\" width=\"1200\" height=\"800\" class=\"alignnone size-full wp-image-7919\" \/><\/a><\/p>\n<h2><strong>Franc\u00fazi ovl\u00e1daj\u00fa s\u00fa\u010dasn\u00fa horsk\u00fa cyklistiku v\u00a0zjazde<\/strong><\/h2>\n<p>Za sebou m\u00e1me v\u00a0tejto sez\u00f3ne u\u017e p\u00e4\u0165 k\u00f4l svetov\u00e9ho poh\u00e1ra v\u00a0zjazde. Predov\u0161etk\u00fdm posledn\u00e9 dve uk\u00e1zali, \u017ee Franc\u00fazsko ma v\u00a0tejto discipl\u00edne siln\u00e9 zbrane. Vo Vallnorde <strong>suver\u00e9nne zv\u00ed\u0165azil L. Bruni, a\u00a0to u\u017e po tret\u00edkr\u00e1t v\u00a0sez\u00f3ne<\/strong>. O\u00a0t\u00fd\u017ede\u0148 na to, na franc\u00fazskej p\u00f4de pred n\u00e1rodn\u00fdm sviatkom, sa to podarilo A. Pierronovi, ktor\u00fd m\u00e1 na svojom konte dve v\u00ed\u0165azstv\u00e1. Celkovo tak t\u00edto dvaja jazdci pozbierali v\u0161etky doteraj\u0161ie triumfy na svetovom poh\u00e1ri. Podar\u00ed sa ich zastavi\u0165 u\u017e prv\u00fd augustov\u00fd t\u00fd\u017ede\u0148 vo Val di Sole v\u00a0Taliansku?<\/p>\n<p><a href=\"https:\/\/d2p6e6u75xmxt8.cloudfront.net\/4\/2019\/07\/02-6.jpg\"><img loading=\"lazy\" decoding=\"async\" src=\"https:\/\/d2p6e6u75xmxt8.cloudfront.net\/4\/2019\/07\/02-6.jpg\" alt=\"\" width=\"1200\" height=\"800\" class=\"alignnone size-full wp-image-7918\" \/><\/a><\/p>\n<h2><strong>Ch. Froome sa po \u0165a\u017ekom p\u00e1de vracia (pomaly) do sedla<\/strong><\/h2>\n<p>Anglick\u00fd \u0161tvorn\u00e1sobn\u00fd dr\u017eite\u013e \u017elt\u00e9ho dresu z\u00a0Tour de France, Ch. Froome, sa po j\u00fanovom p\u00e1de, kedy si zlomil stehenn\u00fa kos\u0165, nieko\u013eko rebier a\u00a0privodil si viacer\u00e9 \u010fal\u0161ie zranenia, v\u00a0posledn\u00fdch d\u0148och ocit\u00e1 op\u00e4\u0165 na bicykli. Samozrejme, e\u0161te to ani z\u010faleka nemo\u017eno nazva\u0165 ako \u201ebicyklovanie\u201c. Zranenou nohou s\u00edce e\u0161te ped\u00e1lova\u0165 nem\u00f4\u017ee, no <strong>optimizmus a\u00a0odhodlanie n\u00e1vratu do pelot\u00f3nu s\u00fa zrete\u013en\u00e9<\/strong>. Bude to e\u0161te dlh\u00e1 cesta \u2013 La Vuelta je ot\u00e1zna, no v\u0161etci vieme, \u017ee Chris je bojovn\u00edk.<\/p>\n<p><a href=\"https:\/\/d2p6e6u75xmxt8.cloudfront.net\/4\/2019\/07\/03.png\"><img loading=\"lazy\" decoding=\"async\" src=\"https:\/\/d2p6e6u75xmxt8.cloudfront.net\/4\/2019\/07\/03.png\" alt=\"\" width=\"1200\" height=\"800\" class=\"alignnone size-full wp-image-7917\" \/><\/a><\/p>\n<h2><strong>Ak\u00e9 to je by\u0165 s\u00fa\u010das\u0165ou eur\u00f3pskych majstrovstiev v\u00a0cross-country?<\/strong><\/h2>\n<p>Mnoh\u00ed z\u00a0n\u00e1s poznaj\u00fa preteky len spoza telev\u00edznych prij\u00edma\u010dov alebo fotografi\u00ed, no je len m\u00e1lo t\u00fdch, ktor\u00ed si ich prejd\u00fa v\u00a0sedle bicykla. <strong>B. Wawak<\/strong> n\u00e1s v\u00a0tomto videu prevedie tra\u0165ou, na ktorej sa odohral eur\u00f3psky \u0161ampion\u00e1t v\u00a0horskej cyklistike, ktor\u00fd sa konal ne\u010faleko, u\u00a0na\u0161ich z\u00e1padn\u00fdch susedov v\u00a0Brne. Na trati n\u00e1jdete nielen dlh\u00e9 \u0161irok\u00e9 st\u00fapania, ale aj kamenist\u00e9 zjazdy, v\u00a0ktor\u00fdch nie je \u010das na zav\u00e1hania.<\/p>\n<lite-youtube videoid=wgZjnAb5iXA params=\"enablejsapi=1\" style=\"background-image: url('https:\/\/i.ytimg.com\/vi_webp\/wgZjnAb5iXA\/maxresdefault.webp');\"><\/lite-youtube>\n<h2><strong>Slovensko pozn\u00e1 nov\u00fdch \u0161ampi\u00f3nov v\u00a0horskej cyklistike<\/strong><\/h2>\n<p>V\u00a0predposlednom j\u00falovom t\u00fd\u017edni sa nielen na Slovensku rozhodovalo o\u00a0majstrovi tej-ktorej krajiny v\u00a0horskej cyklistike, a\u00a0to v\u00a0discipl\u00edne cross-country a\u00a0zjazde. V\u00a0mu\u017eskej kateg\u00f3rii cross-country zv\u00ed\u0165azil staronov\u00fd majster, <strong>M. Haring<\/strong>, u\u00a0\u017eien to bola taktie\u017e sk\u00fasen\u00e1 <strong>J. Keseg \u0160tevkov\u00e1<\/strong>. Zjazd ovl\u00e1dol ne\u010dakane <strong>D. Koh\u00fat<\/strong> pred nieko\u013ekon\u00e1sobn\u00fdm \u0161ampi\u00f3nom, A. Roj\u010dekom. U\u00a0\u017eien sa z\u00a0v\u00fdhry te\u0161ila <strong>V. Petrovsk\u00e1<\/strong> s\u00a0dominantn\u00fdm n\u00e1skokom.<\/p>\n<h2><strong>Presko\u010di\u0165 pelot\u00f3n? Pre\u010do nie!<\/strong><\/h2>\n<p>Pre niekoho je tak\u00e9to po\u010d\u00ednanie vrcholom arogancie vo\u010di in\u00fdm \u013eu\u010fom. Pre niekoho in\u00e9ho to m\u00f4\u017ee by\u0165 nesp\u00fatan\u00fd a\u00a0bezprostredn\u00fd prejav mo\u017enosti uk\u00e1za\u0165 sa nev\u0161edn\u00fdm sp\u00f4sobom. Tak \u010di onak, <strong>V. Anouilh<\/strong> sa po\u010das jednej z\u00a0et\u00e1p pok\u00fasil o\u00a0to, \u010do sa v\u00a0priebehu minul\u00fdch rokov stalo akousi trad\u00edciou \u2013 <strong>na zjazdovom horskom bicykli presko\u010di\u0165 id\u00faci pelot\u00f3n<\/strong>. Vy\u0161e 16-metrov\u00fd skok sa Valentinovi podaril na jednotku \u2013 \u010dist\u00fd let a\u00a0bezprobl\u00e9mov\u00fd dopad z\u00a0tohto \u010dinu urobili uk\u00e1\u017eku sk\u00fasen\u00e9ho ovl\u00e1dania bicykla.<\/p>\n<lite-youtube videoid=8dUBQIL9uLQ params=\"enablejsapi=1\" style=\"background-image: url('https:\/\/i.ytimg.com\/vi_webp\/8dUBQIL9uLQ\/maxresdefault.webp');\"><\/lite-youtube>\n<h2><strong>Enduro ovl\u00e1dlo franc\u00fazske Les Orres, pr\u00e1vom<\/strong><\/h2>\n<p>Po prv\u00fdkr\u00e1t v\u00a0kari\u00e9re dok\u00e1zal austr\u00e1lsky pretek\u00e1r, <strong>E. Masters<\/strong>, vyhra\u0165 kolo svetov\u00e9ho poh\u00e1ra v\u00a0endure. Neskromne povedan\u00e9, z\u00edskal ho pr\u00e1vom. V\u00a0nabitej konkurencii dok\u00e1zal odola\u0165 aj R. Rudeovi \u010di A. Daillymu. Pra\u0161n\u00e9 podmienky, n\u00e1ro\u010dn\u00e9 etapy a\u00a0mno\u017estvo nast\u00fapan\u00fdch metrov viedli k\u00a0tesn\u00e9mu v\u00ed\u0165azstvu, kedy po takmer hodine pretekania rozhodla necel\u00e1 sekunda. Sedem meran\u00fdch \u00fasekov pre\u0161iel Masters excelentne \u2013 <strong>vyhral tri a\u00a0v\u00a0ostatn\u00fdch sa zmestil do top sedmi\u010dky<\/strong>. \u00daraduj\u00faci dvojn\u00e1sobn\u00fd v\u00ed\u0165az svetov\u00e9ho poh\u00e1ra, S. Hill, skon\u010dil a\u017e na 12. mieste po technick\u00fdm probl\u00e9moch. S\u00a0troma zast\u00e1vkami pred koncom vedie celkov\u00e9 poradie F. Nicolai pred E. Mastersom a\u00a0S. Hillom.<\/p>\n<lite-youtube videoid=E199SE8qPNA params=\"enablejsapi=1\" style=\"background-image: url('https:\/\/i.ytimg.com\/vi_webp\/E199SE8qPNA\/maxresdefault.webp');\"><\/lite-youtube>\n<h2><strong>Majstrovstv\u00e1 sveta v\u00a0BMX nenechali nikoho chladn\u00fdm<\/strong><\/h2>\n<p>Belgicko hostilo tohtoro\u010dn\u00fd \u0161ampion\u00e1t v\u00a0st\u00e1le \u017eij\u00facej discipl\u00edne BMX. I\u00a0ke\u010f sa t\u00e1to forma cyklistiky m\u00f4\u017ee javi\u0165 ako jednoduch\u00e1, opak je pravdou. Kr\u00e1tke trate, na ktor\u00fdch aj mal\u00e9 zav\u00e1hanie m\u00f4\u017ee jazdca st\u00e1\u0165 v\u0161etko, si vy\u017eaduj\u00fa ve\u013ek\u00fa d\u00e1vku zru\u010dnost\u00ed. V\u00a0hor\u00facom po\u010das\u00ed sa v\u00a0\u017eenskej kateg\u00f3rii o tesn\u00e9 v\u00ed\u0165azstvo postarala Ameri\u010danka <strong>Alise Willoughby<\/strong>. Medzi mu\u017emi jednozna\u010dne dominoval <strong>Twan Van Gendt<\/strong> z Holandska. Obaja pretek\u00e1ri bud\u00fa m\u00f4c\u0165 po\u010das nasleduj\u00facich dvan\u00e1stich mesiacov nosi\u0165 d\u00fahov\u00fd dres majstra sveta.<\/p>\n<lite-youtube videoid=KRMqI0WZiqs params=\"enablejsapi=1\" style=\"background-image: url('https:\/\/i.ytimg.com\/vi_webp\/KRMqI0WZiqs\/maxresdefault.webp');\"><\/lite-youtube>\n<h2><strong>Cyklistika nepon\u00faka len prospech, niekedy je to naopak<\/strong><\/h2>\n<p>Vysok\u00fd energetick\u00fd v\u00fddaj a\u00a0z\u00e1\u0165a\u017e tela. S\u00a0t\u00fdmto faktorom sa potykaj\u00fa v\u0161etky druhy \u0161portov. V\u00a0cyklistike je to e\u0161te o \u010dosi in\u00e9. Svoje o\u00a0tom vie aj \u010desk\u00fd pretek\u00e1r <strong>O. Cink<\/strong>, ktor\u00fd sa po\u010das svetov\u00e9ho poh\u00e1ra v\u00a0Andorre presved\u010dil, \u017ee telo nemo\u017eno tla\u010di\u0165 do \u00fapln\u00fdch krajnost\u00ed. Dve kol\u00e1 pred koncom pretekov sa jeho n\u00e1skok na \u010dele razantne zmen\u0161il a\u00a0Cink zastavil v\u00a0depe. Jeho gestikul\u00e1cia, smeruj\u00faca pozornos\u0165 na hru\u010f, predznamen\u00e1vala, \u017ee nie\u010do nie je v\u00a0poriadku. Nakoniec v\u00a0pretekoch pokra\u010doval a\u00a0skon\u010dil desiaty. Po pretekoch sa vyjadril, \u017ee na pulzmetri videl tepov\u00fa frekvenciu vy\u0161e 260 \u00faderov za min\u00fatu. Nu\u017e, ako sa hovor\u00ed, \u0161portom k\u00a0trvalej invalidite.<\/p>\n<h2><strong>Najkrat\u0161ia \u201eklasick\u00e1\u201c etapa posledn\u00fdch rokov<\/strong><\/h2>\n<p>Aj ke\u010f sme v\u00a0minulom roku boli svedkami jednej ultra-kr\u00e1tkej etapy, konkr\u00e9tne 17-tej, ktor\u00e1 merala len 65 km, tohtoro\u010dn\u00e1 Tour ju e\u0161te o\u00a05 km pred\u010dila. D\u00f4vod v\u0161ak nebol napl\u00e1novan\u00fd. Na vine bolo po\u010dasie, ktor\u00e9ho predpove\u010f ukazovala nepriazniv\u00e9 podmienky pre v\u00e4\u010d\u0161inu etapy. Preto sa vynechali dve st\u00fapania \u2013 Cormet de Roselend a\u00a0C\u00f4te de Longe Toy a\u00a0ubralo sa na d\u013a\u017eke \u2013 o\u00a0vy\u0161e 70 kilometrov. Na prv\u00fd poh\u013ead by sa dalo poveda\u0165, \u017ee to bola <strong>\u010dasovka do kopca<\/strong>. Popravde, aj v\u00fdsledky etapy tomu odpovedali.<\/p>\n<p><a href=\"https:\/\/d2p6e6u75xmxt8.cloudfront.net\/4\/2019\/07\/05.jpg\"><img loading=\"lazy\" decoding=\"async\" src=\"https:\/\/d2p6e6u75xmxt8.cloudfront.net\/4\/2019\/07\/05.jpg\" alt=\"\" width=\"1200\" height=\"800\" class=\"alignnone size-full wp-image-7912\" \/><\/a><\/p>\n","protected":false},"excerpt":{"rendered":"<p>Najteplej\u0161\u00ed mesiac roka n\u00e1m nepriniesol len mimoriadne tepl\u00e9 po\u010dasie, ale s\u00fa\u010dasne aj mno\u017estvo zauj\u00edmav\u00fdch a\u00a0mo\u017eno aj nev\u0161edn\u00fdch situ\u00e1cii a\u00a0momentov, ktor\u00e9 [&hellip;]<\/p>\n","protected":false},"author":38,"featured_media":7920,"comment_status":"open","ping_status":"open","sticky":false,"template":"","format":"standard","meta":{"footnotes":""},"categories":[34],"tags":[626,540,115,119,896,306,180,897,640,1040,412,46,179,20,810,641,156],"global-categories":[],"class_list":["post-7911","post","type-post","status-publish","format-standard","has-post-thumbnail","hentry","category-podujatia","tag-bmx","tag-ceska-republika","tag-cestna-cyklistika","tag-chris-froome","tag-enduro","tag-francuzsko","tag-horska-cyklistika","tag-keseg-stevkova","tag-martin-haring","tag-mesacna-desiatka","tag-mtb","tag-peter-sagan","tag-preteky","tag-tour-de-france","tag-tour-de-france-2019","tag-xc","tag-zeleny-dres"],"yoast_head":"<!-- This site is optimized with the Yoast SEO Premium plugin v25.3 (Yoast SEO v25.9) - https:\/\/yoast.com\/wordpress\/plugins\/seo\/ -->\n<title>Mesa\u010dn\u00e1 desiatka \u2013 hor\u00face cesty nenechali nikoho chladn\u00fdm - \u0160koda We Love Cycling Slovensko<\/title>\n<meta name=\"robots\" content=\"index, follow, max-snippet:-1, max-image-preview:large, max-video-preview:-1\" \/>\n<link rel=\"canonical\" href=\"https:\/\/www.welovecycling.com\/sk\/2019\/07\/31\/mesacna-desiatka-horuce-cesty-nenechali-nikoho-chladnym\/\" \/>\n<meta property=\"og:locale\" content=\"sk_SK\" \/>\n<meta property=\"og:type\" content=\"article\" \/>\n<meta property=\"og:title\" content=\"Mesa\u010dn\u00e1 desiatka \u2013 hor\u00face cesty nenechali nikoho chladn\u00fdm\" \/>\n<meta property=\"og:description\" content=\"Najteplej\u0161\u00ed mesiac roka n\u00e1m nepriniesol len mimoriadne tepl\u00e9 po\u010dasie, ale s\u00fa\u010dasne aj mno\u017estvo zauj\u00edmav\u00fdch a\u00a0mo\u017eno aj nev\u0161edn\u00fdch situ\u00e1cii a\u00a0momentov, ktor\u00e9 [&hellip;]\" \/>\n<meta property=\"og:url\" content=\"https:\/\/www.welovecycling.com\/sk\/2019\/07\/31\/mesacna-desiatka-horuce-cesty-nenechali-nikoho-chladnym\/\" \/>\n<meta property=\"og:site_name\" content=\"\u0160koda We Love Cycling Slovensko\" \/>\n<meta property=\"article:published_time\" content=\"2019-07-31T08:30:48+00:00\" \/>\n<meta property=\"og:image\" content=\"https:\/\/d2p6e6u75xmxt8.cloudfront.net\/4\/2019\/07\/00-5.webp\" \/>\n\t<meta property=\"og:image:width\" content=\"1380\" \/>\n\t<meta property=\"og:image:height\" content=\"600\" \/>\n\t<meta property=\"og:image:type\" content=\"image\/webp\" \/>\n<meta name=\"author\" content=\"Ondrej Ga\u0161par\" \/>\n<meta name=\"twitter:card\" content=\"summary_large_image\" \/>\n<meta name=\"twitter:label1\" content=\"Written by\" \/>\n\t<meta name=\"twitter:data1\" content=\"We Love Cycling\" \/>\n\t<meta name=\"twitter:label2\" content=\"Est. reading time\" \/>\n\t<meta name=\"twitter:data2\" content=\"7\" \/>\n<script type=\"application\/ld+json\" class=\"yoast-schema-graph\">{\"@context\":\"https:\/\/schema.org\",\"@graph\":[{\"@type\":\"WebPage\",\"@id\":\"https:\/\/www.welovecycling.com\/sk\/2019\/07\/31\/mesacna-desiatka-horuce-cesty-nenechali-nikoho-chladnym\/\",\"url\":\"https:\/\/www.welovecycling.com\/sk\/2019\/07\/31\/mesacna-desiatka-horuce-cesty-nenechali-nikoho-chladnym\/\",\"name\":\"Mesa\u010dn\u00e1 desiatka \u2013 hor\u00face cesty nenechali nikoho chladn\u00fdm - \u0160koda We Love Cycling Slovensko\",\"isPartOf\":{\"@id\":\"https:\/\/www.welovecycling.com\/sk\/#website\"},\"primaryImageOfPage\":{\"@id\":\"https:\/\/www.welovecycling.com\/sk\/2019\/07\/31\/mesacna-desiatka-horuce-cesty-nenechali-nikoho-chladnym\/#primaryimage\"},\"image\":{\"@id\":\"https:\/\/www.welovecycling.com\/sk\/2019\/07\/31\/mesacna-desiatka-horuce-cesty-nenechali-nikoho-chladnym\/#primaryimage\"},\"thumbnailUrl\":\"https:\/\/d2p6e6u75xmxt8.cloudfront.net\/4\/2019\/07\/00-5.webp\",\"datePublished\":\"2019-07-31T08:30:48+00:00\",\"author\":{\"@id\":\"https:\/\/www.welovecycling.com\/sk\/#\/schema\/person\/8ee09ba39b7e25b1870160aa5b3a89bc\"},\"breadcrumb\":{\"@id\":\"https:\/\/www.welovecycling.com\/sk\/2019\/07\/31\/mesacna-desiatka-horuce-cesty-nenechali-nikoho-chladnym\/#breadcrumb\"},\"inLanguage\":\"sk-SK\",\"potentialAction\":[{\"@type\":\"ReadAction\",\"target\":[\"https:\/\/www.welovecycling.com\/sk\/2019\/07\/31\/mesacna-desiatka-horuce-cesty-nenechali-nikoho-chladnym\/\"]}]},{\"@type\":\"ImageObject\",\"inLanguage\":\"sk-SK\",\"@id\":\"https:\/\/www.welovecycling.com\/sk\/2019\/07\/31\/mesacna-desiatka-horuce-cesty-nenechali-nikoho-chladnym\/#primaryimage\",\"url\":\"https:\/\/d2p6e6u75xmxt8.cloudfront.net\/4\/2019\/07\/00-5.webp\",\"contentUrl\":\"https:\/\/d2p6e6u75xmxt8.cloudfront.net\/4\/2019\/07\/00-5.webp\",\"width\":1380,\"height\":600},{\"@type\":\"BreadcrumbList\",\"@id\":\"https:\/\/www.welovecycling.com\/sk\/2019\/07\/31\/mesacna-desiatka-horuce-cesty-nenechali-nikoho-chladnym\/#breadcrumb\",\"itemListElement\":[{\"@type\":\"ListItem\",\"position\":1,\"name\":\"Home\",\"item\":\"https:\/\/www.welovecycling.com\/sk\/\"},{\"@type\":\"ListItem\",\"position\":2,\"name\":\"Mesa\u010dn\u00e1 desiatka \u2013 hor\u00face cesty nenechali nikoho chladn\u00fdm\"}]},{\"@type\":\"WebSite\",\"@id\":\"https:\/\/www.welovecycling.com\/sk\/#website\",\"url\":\"https:\/\/www.welovecycling.com\/sk\/\",\"name\":\"\u0160koda We Love Cycling Slovensko\",\"description\":\"\u0160koda We Love Cycling Slovensko je v\u00e1\u0161 ka\u017edodenn\u00fd zdroj noviniek a in\u0161pir\u00e1cie z sveta cyklistiky\",\"potentialAction\":[{\"@type\":\"SearchAction\",\"target\":{\"@type\":\"EntryPoint\",\"urlTemplate\":\"https:\/\/www.welovecycling.com\/sk\/?s={search_term_string}\"},\"query-input\":{\"@type\":\"PropertyValueSpecification\",\"valueRequired\":true,\"valueName\":\"search_term_string\"}}],\"inLanguage\":\"sk-SK\"},{\"@type\":\"Person\",\"@id\":\"https:\/\/www.welovecycling.com\/sk\/#\/schema\/person\/8ee09ba39b7e25b1870160aa5b3a89bc\",\"name\":\"Ondrej Ga\u0161par\",\"image\":{\"@type\":\"ImageObject\",\"inLanguage\":\"sk-SK\",\"@id\":\"https:\/\/www.welovecycling.com\/sk\/#\/schema\/person\/image\/\",\"url\":\"https:\/\/secure.gravatar.com\/avatar\/6126c9afb87b70da5abbb083ddbb21933da15f18f8ca7cb822aba0fb096a48f6?s=96&d=mm&r=g\",\"contentUrl\":\"https:\/\/secure.gravatar.com\/avatar\/6126c9afb87b70da5abbb083ddbb21933da15f18f8ca7cb822aba0fb096a48f6?s=96&d=mm&r=g\",\"caption\":\"Ondrej Ga\u0161par\"},\"url\":\"https:\/\/www.welovecycling.com\/sk\/author\/ondrejgaspar\/\"}]}<\/script>\n<!-- \/ Yoast SEO Premium plugin. -->","yoast_head_json":{"title":"Mesa\u010dn\u00e1 desiatka \u2013 hor\u00face cesty nenechali nikoho chladn\u00fdm - \u0160koda We Love Cycling Slovensko","robots":{"index":"index","follow":"follow","max-snippet":"max-snippet:-1","max-image-preview":"max-image-preview:large","max-video-preview":"max-video-preview:-1"},"canonical":"https:\/\/www.welovecycling.com\/sk\/2019\/07\/31\/mesacna-desiatka-horuce-cesty-nenechali-nikoho-chladnym\/","og_locale":"sk_SK","og_type":"article","og_title":"Mesa\u010dn\u00e1 desiatka \u2013 hor\u00face cesty nenechali nikoho chladn\u00fdm","og_description":"Najteplej\u0161\u00ed mesiac roka n\u00e1m nepriniesol len mimoriadne tepl\u00e9 po\u010dasie, ale s\u00fa\u010dasne aj mno\u017estvo zauj\u00edmav\u00fdch a\u00a0mo\u017eno aj nev\u0161edn\u00fdch situ\u00e1cii a\u00a0momentov, ktor\u00e9 [&hellip;]","og_url":"https:\/\/www.welovecycling.com\/sk\/2019\/07\/31\/mesacna-desiatka-horuce-cesty-nenechali-nikoho-chladnym\/","og_site_name":"\u0160koda We Love Cycling Slovensko","article_published_time":"2019-07-31T08:30:48+00:00","og_image":[{"width":1380,"height":600,"url":"https:\/\/d2p6e6u75xmxt8.cloudfront.net\/4\/2019\/07\/00-5.webp","type":"image\/webp"}],"author":"Ondrej Ga\u0161par","twitter_card":"summary_large_image","twitter_misc":{"Written by":"We Love Cycling","Est. reading time":"7"},"schema":{"@context":"https:\/\/schema.org","@graph":[{"@type":"WebPage","@id":"https:\/\/www.welovecycling.com\/sk\/2019\/07\/31\/mesacna-desiatka-horuce-cesty-nenechali-nikoho-chladnym\/","url":"https:\/\/www.welovecycling.com\/sk\/2019\/07\/31\/mesacna-desiatka-horuce-cesty-nenechali-nikoho-chladnym\/","name":"Mesa\u010dn\u00e1 desiatka \u2013 hor\u00face cesty nenechali nikoho chladn\u00fdm - \u0160koda We Love Cycling Slovensko","isPartOf":{"@id":"https:\/\/www.welovecycling.com\/sk\/#website"},"primaryImageOfPage":{"@id":"https:\/\/www.welovecycling.com\/sk\/2019\/07\/31\/mesacna-desiatka-horuce-cesty-nenechali-nikoho-chladnym\/#primaryimage"},"image":{"@id":"https:\/\/www.welovecycling.com\/sk\/2019\/07\/31\/mesacna-desiatka-horuce-cesty-nenechali-nikoho-chladnym\/#primaryimage"},"thumbnailUrl":"https:\/\/d2p6e6u75xmxt8.cloudfront.net\/4\/2019\/07\/00-5.webp","datePublished":"2019-07-31T08:30:48+00:00","author":{"@id":"https:\/\/www.welovecycling.com\/sk\/#\/schema\/person\/8ee09ba39b7e25b1870160aa5b3a89bc"},"breadcrumb":{"@id":"https:\/\/www.welovecycling.com\/sk\/2019\/07\/31\/mesacna-desiatka-horuce-cesty-nenechali-nikoho-chladnym\/#breadcrumb"},"inLanguage":"sk-SK","potentialAction":[{"@type":"ReadAction","target":["https:\/\/www.welovecycling.com\/sk\/2019\/07\/31\/mesacna-desiatka-horuce-cesty-nenechali-nikoho-chladnym\/"]}]},{"@type":"ImageObject","inLanguage":"sk-SK","@id":"https:\/\/www.welovecycling.com\/sk\/2019\/07\/31\/mesacna-desiatka-horuce-cesty-nenechali-nikoho-chladnym\/#primaryimage","url":"https:\/\/d2p6e6u75xmxt8.cloudfront.net\/4\/2019\/07\/00-5.webp","contentUrl":"https:\/\/d2p6e6u75xmxt8.cloudfront.net\/4\/2019\/07\/00-5.webp","width":1380,"height":600},{"@type":"BreadcrumbList","@id":"https:\/\/www.welovecycling.com\/sk\/2019\/07\/31\/mesacna-desiatka-horuce-cesty-nenechali-nikoho-chladnym\/#breadcrumb","itemListElement":[{"@type":"ListItem","position":1,"name":"Home","item":"https:\/\/www.welovecycling.com\/sk\/"},{"@type":"ListItem","position":2,"name":"Mesa\u010dn\u00e1 desiatka \u2013 hor\u00face cesty nenechali nikoho chladn\u00fdm"}]},{"@type":"WebSite","@id":"https:\/\/www.welovecycling.com\/sk\/#website","url":"https:\/\/www.welovecycling.com\/sk\/","name":"\u0160koda We Love Cycling Slovensko","description":"\u0160koda We Love Cycling Slovensko je v\u00e1\u0161 ka\u017edodenn\u00fd zdroj noviniek a in\u0161pir\u00e1cie z sveta cyklistiky","potentialAction":[{"@type":"SearchAction","target":{"@type":"EntryPoint","urlTemplate":"https:\/\/www.welovecycling.com\/sk\/?s={search_term_string}"},"query-input":{"@type":"PropertyValueSpecification","valueRequired":true,"valueName":"search_term_string"}}],"inLanguage":"sk-SK"},{"@type":"Person","@id":"https:\/\/www.welovecycling.com\/sk\/#\/schema\/person\/8ee09ba39b7e25b1870160aa5b3a89bc","name":"Ondrej Ga\u0161par","image":{"@type":"ImageObject","inLanguage":"sk-SK","@id":"https:\/\/www.welovecycling.com\/sk\/#\/schema\/person\/image\/","url":"https:\/\/secure.gravatar.com\/avatar\/6126c9afb87b70da5abbb083ddbb21933da15f18f8ca7cb822aba0fb096a48f6?s=96&d=mm&r=g","contentUrl":"https:\/\/secure.gravatar.com\/avatar\/6126c9afb87b70da5abbb083ddbb21933da15f18f8ca7cb822aba0fb096a48f6?s=96&d=mm&r=g","caption":"Ondrej Ga\u0161par"},"url":"https:\/\/www.welovecycling.com\/sk\/author\/ondrejgaspar\/"}]}},"_links":{"self":[{"href":"https:\/\/www.welovecycling.com\/sk\/wp-json\/wp\/v2\/posts\/7911","targetHints":{"allow":["GET"]}}],"collection":[{"href":"https:\/\/www.welovecycling.com\/sk\/wp-json\/wp\/v2\/posts"}],"about":[{"href":"https:\/\/www.welovecycling.com\/sk\/wp-json\/wp\/v2\/types\/post"}],"author":[{"embeddable":true,"href":"https:\/\/www.welovecycling.com\/sk\/wp-json\/wp\/v2\/users\/38"}],"replies":[{"embeddable":true,"href":"https:\/\/www.welovecycling.com\/sk\/wp-json\/wp\/v2\/comments?post=7911"}],"version-history":[{"count":2,"href":"https:\/\/www.welovecycling.com\/sk\/wp-json\/wp\/v2\/posts\/7911\/revisions"}],"predecessor-version":[{"id":7923,"href":"https:\/\/www.welovecycling.com\/sk\/wp-json\/wp\/v2\/posts\/7911\/revisions\/7923"}],"wp:featuredmedia":[{"embeddable":true,"href":"https:\/\/www.welovecycling.com\/sk\/wp-json\/wp\/v2\/media\/7920"}],"wp:attachment":[{"href":"https:\/\/www.welovecycling.com\/sk\/wp-json\/wp\/v2\/media?parent=7911"}],"wp:term":[{"taxonomy":"category","embeddable":true,"href":"https:\/\/www.welovecycling.com\/sk\/wp-json\/wp\/v2\/categories?post=7911"},{"taxonomy":"post_tag","embeddable":true,"href":"https:\/\/www.welovecycling.com\/sk\/wp-json\/wp\/v2\/tags?post=7911"},{"taxonomy":"global-categories","embeddable":true,"href":"https:\/\/www.welovecycling.com\/sk\/wp-json\/wp\/v2\/global-categories?post=7911"}],"curies":[{"name":"wp","href":"https:\/\/api.w.org\/{rel}","templated":true}]}}