{"id":7900,"date":"2019-07-29T19:39:37","date_gmt":"2019-07-29T17:39:37","guid":{"rendered":"https:\/\/www.welovecycling.com\/sk\/?p=7900"},"modified":"2019-07-29T19:44:00","modified_gmt":"2019-07-29T17:44:00","slug":"tour-sa-skoncila-zlty-dres-poputuje-do-kolumbie","status":"publish","type":"post","link":"https:\/\/www.welovecycling.com\/sk\/2019\/07\/29\/tour-sa-skoncila-zlty-dres-poputuje-do-kolumbie\/","title":{"rendered":"Tour sa skon\u010dila \u2013 \u017elt\u00fd dres poputuje do Kolumbie"},"content":{"rendered":"<p><strong>Najv\u00e4\u010d\u0161\u00ed cyklistick\u00fd sviatok u\u017e m\u00e1me \u00faspe\u0161ne za nami. Takmer sto hod\u00edn v\u00a0sedle rozhodlo o\u00a0novom \u0161ampi\u00f3novi, ktor\u00fdm sa stal Egan Bernal. Posledn\u00e9 dni s\u00fabojov st\u00e1li skuto\u010dne za to. Nemenil sa len \u017elt\u00fd dres, ale aj bodkovan\u00fd.<\/strong><!--more--><\/p>\n<h2><strong>16. etapa N\u00eemes \u2013 N\u00eemes (zvlnen\u00e1, 177 km)<\/strong><\/h2>\n<p>Po dni vo\u013ena \u010dakala pretek\u00e1rov zvlnen\u00e1 etapa, ktor\u00e1 e\u0161te nemala rozhodova\u0165 o\u00a0fin\u00e1lnom zlo\u017een\u00ed celkov\u00e9ho poradia. To sa aj vyplnilo, av\u0161ak a\u017e na jeden detail \u2013 <strong>t\u00fato etapu nedokon\u010dil J. Fuglsang<\/strong>, dovtedy 9. jazdec celkov\u00e9ho poradia. Napriek tejto \u201emali\u010dkosti\u201c sa etapa niesla v\u00a0klasickom duchu \u2013 mal\u00fd \u00fanik bol v\u00a0posledn\u00fdch \u010dastiach etapy pohlten\u00fd. N\u00e1sledkom toho bol \u0161print v\u00a0z\u00e1vere\u010dn\u00fdch pas\u00e1\u017each, kde sa najrazantnej\u0161ie presadil C. Ewan pred E. Vivianim, D. Groenewegenom a\u00a0n\u00e1sledne aj P. Saganom. Bolo to u\u017e druh\u00e9 v\u00ed\u0165azstvo Austr\u00e1l\u010dana na tejto Tour. <strong>Sagan si svoj\u00edm v\u00fdsledkom upevnil poz\u00edciu l\u00eddra bodovacej s\u00fa\u0165a\u017ee<\/strong>.<\/p>\n<ol>\n<li>EWAN Caleb (Lotto Soudal) &#8211; 3:57:08<\/li>\n<li>VIVIANI Elia (Deceuninck-Quick-Step)<\/li>\n<li>GROENEWEGEN Dylan (Jumbo-Visma)<\/li>\n<\/ol>\n<p><a href=\"https:\/\/d2p6e6u75xmxt8.cloudfront.net\/4\/2019\/07\/01-5.jpg\"><img loading=\"lazy\" decoding=\"async\" src=\"https:\/\/d2p6e6u75xmxt8.cloudfront.net\/4\/2019\/07\/01-5.jpg\" alt=\"\" width=\"1200\" height=\"800\" class=\"alignnone size-full wp-image-7901\" \/><\/a><\/p>\n<h2><strong>17. etapa Pont du Gard \u2013 Gap (zvlnen\u00e1, 200 km)<\/strong><\/h2>\n<p>Pred n\u00e1stupom do \u00c1lp sa mohli \u201ene-vrch\u00e1ri\u201c presadi\u0165 e\u0161te raz, a\u00a0to v\u00a0tejto etape. Prv\u00e1 polovica etapy, ktor\u00e1 mala mierne st\u00fapaj\u00faci charakter, vyhovovala vytrvalostn\u00fdm typom, ak\u00fdmi s\u00fa predov\u0161etk\u00fdm klasik\u00e1ri. T\u00e1to progn\u00f3za sa potvrdila, ke\u010f sa po\u010detn\u00e1, vy\u0161e 30-\u010dlenn\u00e1 skupina, odp\u00fatala od pelot\u00f3nu. To znamenalo ist\u00e9 zvo\u013enenie v\u00a0hlavnej \u010dasti po\u013ea, ktor\u00e9 nechalo unikaj\u00facich pretek\u00e1rov od\u00eds\u0165. Rozhoduj\u00facim \u00fasekom bolo kr\u00e1tke st\u00fapanie s\u00a0vrcholom necel\u00fdch 10 km pred koncom. V\u00a0\u0148om sa od zvy\u0161ku jazdcov odp\u00fatal M. Trentin, ktor\u00fd si s\u00f3lov\u00fdm dojazdom pri\u0161iel po \u0161tvrt\u00e9 etapov\u00e9 v\u00ed\u0165azstvo sez\u00f3ny. Po 20 min\u00fatach dorazilo do cie\u013ea aj hlavn\u00e9 pole s\u00a0favoritmi \u2013 celkov\u00e9 poradie sa nemenilo. Navy\u0161e, <strong>po vz\u00e1jomnej pot\u00fd\u010dke boli z\u00a0pretekov vyl\u00fa\u010den\u00ed T. Martin a\u00a0L. Rowe<\/strong>.<\/p>\n<ol>\n<li>TRENTIN Matteo (Mitchelton-SCOTT) &#8211; 4:21:36<\/li>\n<li>ASGREEN Kasper (Deceuninck-Quick-Step) + 0:37<\/li>\n<li>VAN AVERMAET Greg (CCC Team) + 0:41<\/li>\n<\/ol>\n<p><a href=\"https:\/\/d2p6e6u75xmxt8.cloudfront.net\/4\/2019\/07\/02-5.jpg\"><img loading=\"lazy\" decoding=\"async\" src=\"https:\/\/d2p6e6u75xmxt8.cloudfront.net\/4\/2019\/07\/02-5.jpg\" alt=\"\" width=\"1200\" height=\"800\" class=\"alignnone size-full wp-image-7903\" \/><\/a><\/p>\n<h2><strong>18. etapa Embrun \u2013 Valloire (horsk\u00e1, 208 km)<\/strong><\/h2>\n<p>Posledn\u00fd horsk\u00fd celok sa za\u010dal hne\u010f z\u00a0\u00favodu jednou z\u00a0naj\u0165a\u017e\u0161\u00edch et\u00e1p tohtoro\u010dnej Tour. Vy\u0161e 200&nbsp;km dlh\u00e1 trasa 18. etapy s\u00a0troma legend\u00e1rnymi st\u00fapaniami, kon\u010diaca po zjazde z\u00a0Galibieru, z\u00a02&nbsp;622&nbsp;m&nbsp;n.&nbsp;m. nikomu ni\u010d nedarovala. Tak, ako de\u0148 predt\u00fdm, aj v\u00a0tento de\u0148 sa do \u00faniku dostala vy\u0161e tridsiatka pretek\u00e1rov, medzi nimi aj N. Quintana, ktor\u00fd na \u017elt\u00fd dres str\u00e1cal 9:30. \u00danik si po\u010das etapy dr\u017eal v\u017edy vy\u0161e 6 min. n\u00e1skok, av\u0161ak posledn\u00fd kopec, v\u00a0ktorom sa zozadu za\u010dali pribli\u017eova\u0165 l\u00eddri t\u00edmov, tento benefit zmazal. Pred \u00fato\u010diacim E. Bernalom sa uchr\u00e1nil len <strong>N. Quintana, ktor\u00fd si pri\u0161iel do cie\u013ea po vyt\u00fa\u017een\u00e9 v\u00ed\u0165azstvo<\/strong>. Oproti J. Alaphilippovi v\u00a0\u017eltom si polep\u0161il predov\u0161etk\u00fdm E. Bernal, ktor\u00fd na\u0148ho str\u00e1cal u\u017e len 1:30. S\u00fa\u010dasne tak mlad\u00fd Kolumbij\u010dan uk\u00e1zal siln\u00fa vrch\u00e1rsku formu, ktor\u00e1 mala by\u0165 predzves\u0165ou celkov\u00fdch zmien v\u00a0porad\u00ed.<\/p>\n<ol>\n<li>QUINTANA Nairo (Movistar Team) 5:34:15<\/li>\n<li>BARDET Romain (AG2R LA MONDIALE) + 1:35<\/li>\n<li>LUTSENKO Alexey (Astana &#8211; Pro Team) + 2:28<\/li>\n<\/ol>\n<p><a href=\"https:\/\/d2p6e6u75xmxt8.cloudfront.net\/4\/2019\/07\/03-5.jpg\"><img loading=\"lazy\" decoding=\"async\" src=\"https:\/\/d2p6e6u75xmxt8.cloudfront.net\/4\/2019\/07\/03-5.jpg\" alt=\"\" width=\"1200\" height=\"800\" class=\"alignnone size-full wp-image-7904\" \/><\/a><\/p>\n<h2><strong>19. etapa Saint-Jean-de-Maurienne \u2013 Tignes (horsk\u00e1, 126,5 km)<\/strong><\/h2>\n<p>T\u00fato etapu si budeme e\u0161te dlho pam\u00e4ta\u0165 \u2013 <strong>odst\u00fapenie T. Pinota<\/strong> e\u0161te v\u00a0jej \u00favode, <strong>rezol\u00fatny n\u00e1stup E. Bernala v\u00a0predposlednom st\u00fapan\u00ed \u010di pred\u010dasn\u00e9 ukon\u010denie etapy v\u00a0zjazde do Val d&#8217;Isere<\/strong>, to v\u0161etko zamie\u0161alo kartami v\u00a0predposledn\u00fd \u201epretek\u00e1rsky\u201c de\u0148 Tour. Do \u00faniku sa v\u00a0tento de\u0148 dostala op\u00e4\u0165 siln\u00e1 skupina jazdcov, v\u00a0ktorej nech\u00fdbal V. Nibali \u010di R. Uran. Ich takmer dvojmin\u00fatov\u00fd n\u00e1skok v\u00a0st\u00fapan\u00ed na Col de l&#8217;Iseran bol ale \u00fasil\u00edm t\u00edmu INEOS zmazan\u00fd. To bola chv\u00ed\u013ea, kedy vo vy\u0161e 2&nbsp;500&nbsp;m&nbsp;n.&nbsp;m. za\u00fato\u010dil E. Bernal, ktor\u00e9mu nedok\u00e1zal nikto kontrova\u0165. Jedno bolo ist\u00e9 \u2013 J. Alaphilippe v\u00a0tento de\u0148 strat\u00ed \u017elt\u00fd dres. Na vrchole st\u00fapania boli ako prv\u00ed E. Bernal spolu s\u00a0S. Yatesom. Av\u0161ak ne\u010dakan\u00e1 spr\u00e1va, ohlasuj\u00faca pred\u010dasn\u00fd koniec etapy kv\u00f4li sne\u017eeniu a\u00a0zosuvu p\u00f4dy v\u00a0cie\u013eovom st\u00fapan\u00ed, zamedzila \u010fal\u0161iemu v\u00fdvoju etapy. Pod\u013ea pravidiel sa v\u00fdsledn\u00fd \u010das od\u010d\u00edtal z\u00a0prejazdov\u00e9ho \u010dasu na vrchole Col de l&#8217;Iseran, kde E. Bernal mal n\u00e1skok 2 min\u00fat na J. Alaphilippa, \u010d\u00edm sa dostal do poz\u00edcie l\u00eddra Tour.<\/p>\n<lite-youtube videoid=3wuQVvS0ufI params=\"enablejsapi=1\" style=\"background-image: url('https:\/\/i.ytimg.com\/vi_webp\/3wuQVvS0ufI\/maxresdefault.webp');\"><\/lite-youtube>\n<h2><strong>20. etapa Albertville \u2013 Val Thorens (horsk\u00e1, 130 km)<\/strong><\/h2>\n<p>Nov\u00fd ved\u00faci mu\u017e, E. Bernal, mal na \u0161tarte do tejto etapy ve\u013ek\u00fa zodpovednos\u0165 \u2013 ubr\u00e1ni\u0165 t\u00fato poz\u00edciu do konca tejto skr\u00e1tenej etapy. Proti nemu st\u00e1lo jedin\u00e9 st\u00fapanie: Val Thorens, ktor\u00e9 meralo 33,4 km (!) s\u00a0priemerom 5,4 percenta, <strong>celkovo etapa z\u00a0bezpe\u010dnostn\u00fdch d\u00f4vodov merala len 59 km<\/strong>. V\u00ed\u0165azom sa stal Vincenzo Nibali po kr\u00e1snom s\u00f3lovom v\u00fdkone a E. Bernal si s preh\u013eadom \u017elt\u00fd dres udr\u017eal.<\/p>\n<h2><strong>21. etapa Rambouillet \u2013 Par\u00ed\u017e (rovinat\u00e1, 128 km)<\/strong><\/h2>\n<p>Posledn\u00fd de\u0148 Tour u\u017e tradi\u010dne nie je o\u00a0\u00fanikoch alebo z\u00edskavan\u00ed \u010dasu v\u00a0celkovej klasifik\u00e1cii. A\u017e do posledn\u00fdch okruhov na Champs-\u00c9lys\u00e9es <strong>ide sk\u00f4r o\u00a0promen\u00e1du<\/strong> \u2013 \u017elt\u00fd mu\u017e hrdo nesie svoj nezamenite\u013en\u00fd dres posledn\u00fdmi kilometrami cel\u00fdch pretekov. A\u017e v\u00a0z\u00e1vere sa jazdci, predov\u0161etk\u00fdm \u0161print\u00e9ri, pobij\u00fa o\u00a0cenn\u00e9 v\u00ed\u0165azstvo. Rovnako tomu bolo aj teraz a u\u017e tretie v\u00ed\u0165azstvo na tejto Tour si prip\u00edsal C. Ewan.<\/p>\n<p>Tohtoro\u010dn\u00e1 Star\u00e1 d\u00e1ma uzavrela svoju \u010fal\u0161iu kapitolu, ktor\u00e1 sa rad\u00ed medzi tie najzauj\u00edmavej\u0161ie, minim\u00e1lne za posledn\u00e9 desa\u0165ro\u010die. Ost\u00e1va len d\u00fafa\u0165, \u017ee bud\u00faci ro\u010dn\u00edk nezostane ni\u010d dl\u017en\u00fd tomu uplynul\u00e9mu.<\/p>\n<p>(zdroje foto: Fb\/LeTourdeFrance\/ASO)<\/p>\n","protected":false},"excerpt":{"rendered":"<p>Najv\u00e4\u010d\u0161\u00ed cyklistick\u00fd sviatok u\u017e m\u00e1me \u00faspe\u0161ne za nami. Takmer sto hod\u00edn v\u00a0sedle rozhodlo o\u00a0novom \u0161ampi\u00f3novi, ktor\u00fdm sa stal Egan Bernal. [&hellip;]<\/p>\n","protected":false},"author":38,"featured_media":7905,"comment_status":"open","ping_status":"open","sticky":false,"template":"","format":"standard","meta":{"footnotes":""},"categories":[117],"tags":[1039,175,275,115,1038,331,306,498,71,116,46,179,20,810,269,886,819,174],"global-categories":[],"class_list":["post-7900","post","type-post","status-publish","format-standard","has-post-thumbnail","hentry","category-tour-de-france","tag-biely-dres","tag-bodkovany-dres","tag-cesta","tag-cestna-cyklistika","tag-egan-bernal","tag-etapove-preteky","tag-francuzsko","tag-julian-alaphilippe","tag-letape-du-tour","tag-nairo-quintana","tag-peter-sagan","tag-preteky","tag-tour-de-france","tag-tour-de-france-2019","tag-vitaz","tag-vitazstvo","tag-zeleny-bicykel","tag-zlty-dres"],"yoast_head":"<!-- This site is optimized with the Yoast SEO Premium plugin v25.3 (Yoast SEO v25.9) - https:\/\/yoast.com\/wordpress\/plugins\/seo\/ -->\n<title>Tour sa skon\u010dila \u2013 \u017elt\u00fd dres poputuje do Kolumbie - \u0160koda We Love Cycling Slovensko<\/title>\n<meta name=\"robots\" content=\"index, follow, max-snippet:-1, max-image-preview:large, max-video-preview:-1\" \/>\n<link rel=\"canonical\" href=\"https:\/\/www.welovecycling.com\/sk\/2019\/07\/29\/tour-sa-skoncila-zlty-dres-poputuje-do-kolumbie\/\" \/>\n<meta property=\"og:locale\" content=\"sk_SK\" \/>\n<meta property=\"og:type\" content=\"article\" \/>\n<meta property=\"og:title\" content=\"Tour sa skon\u010dila \u2013 \u017elt\u00fd dres poputuje do Kolumbie\" \/>\n<meta property=\"og:description\" content=\"Najv\u00e4\u010d\u0161\u00ed cyklistick\u00fd sviatok u\u017e m\u00e1me \u00faspe\u0161ne za nami. Takmer sto hod\u00edn v\u00a0sedle rozhodlo o\u00a0novom \u0161ampi\u00f3novi, ktor\u00fdm sa stal Egan Bernal. [&hellip;]\" \/>\n<meta property=\"og:url\" content=\"https:\/\/www.welovecycling.com\/sk\/2019\/07\/29\/tour-sa-skoncila-zlty-dres-poputuje-do-kolumbie\/\" \/>\n<meta property=\"og:site_name\" content=\"\u0160koda We Love Cycling Slovensko\" \/>\n<meta property=\"article:published_time\" content=\"2019-07-29T17:39:37+00:00\" \/>\n<meta property=\"article:modified_time\" content=\"2019-07-29T17:44:00+00:00\" \/>\n<meta property=\"og:image\" content=\"https:\/\/d2p6e6u75xmxt8.cloudfront.net\/4\/2019\/07\/00-4.webp\" \/>\n\t<meta property=\"og:image:width\" content=\"1380\" \/>\n\t<meta property=\"og:image:height\" content=\"600\" \/>\n\t<meta property=\"og:image:type\" content=\"image\/webp\" \/>\n<meta name=\"author\" content=\"Ondrej Ga\u0161par\" \/>\n<meta name=\"twitter:card\" content=\"summary_large_image\" \/>\n<meta name=\"twitter:label1\" content=\"Written by\" \/>\n\t<meta name=\"twitter:data1\" content=\"We Love Cycling\" \/>\n\t<meta name=\"twitter:label2\" content=\"Est. reading time\" \/>\n\t<meta name=\"twitter:data2\" content=\"7\" \/>\n<script type=\"application\/ld+json\" class=\"yoast-schema-graph\">{\"@context\":\"https:\/\/schema.org\",\"@graph\":[{\"@type\":\"WebPage\",\"@id\":\"https:\/\/www.welovecycling.com\/sk\/2019\/07\/29\/tour-sa-skoncila-zlty-dres-poputuje-do-kolumbie\/\",\"url\":\"https:\/\/www.welovecycling.com\/sk\/2019\/07\/29\/tour-sa-skoncila-zlty-dres-poputuje-do-kolumbie\/\",\"name\":\"Tour sa skon\u010dila \u2013 \u017elt\u00fd dres poputuje do Kolumbie - \u0160koda We Love Cycling Slovensko\",\"isPartOf\":{\"@id\":\"https:\/\/www.welovecycling.com\/sk\/#website\"},\"primaryImageOfPage\":{\"@id\":\"https:\/\/www.welovecycling.com\/sk\/2019\/07\/29\/tour-sa-skoncila-zlty-dres-poputuje-do-kolumbie\/#primaryimage\"},\"image\":{\"@id\":\"https:\/\/www.welovecycling.com\/sk\/2019\/07\/29\/tour-sa-skoncila-zlty-dres-poputuje-do-kolumbie\/#primaryimage\"},\"thumbnailUrl\":\"https:\/\/d2p6e6u75xmxt8.cloudfront.net\/4\/2019\/07\/00-4.webp\",\"datePublished\":\"2019-07-29T17:39:37+00:00\",\"dateModified\":\"2019-07-29T17:44:00+00:00\",\"author\":{\"@id\":\"https:\/\/www.welovecycling.com\/sk\/#\/schema\/person\/8ee09ba39b7e25b1870160aa5b3a89bc\"},\"breadcrumb\":{\"@id\":\"https:\/\/www.welovecycling.com\/sk\/2019\/07\/29\/tour-sa-skoncila-zlty-dres-poputuje-do-kolumbie\/#breadcrumb\"},\"inLanguage\":\"sk-SK\",\"potentialAction\":[{\"@type\":\"ReadAction\",\"target\":[\"https:\/\/www.welovecycling.com\/sk\/2019\/07\/29\/tour-sa-skoncila-zlty-dres-poputuje-do-kolumbie\/\"]}]},{\"@type\":\"ImageObject\",\"inLanguage\":\"sk-SK\",\"@id\":\"https:\/\/www.welovecycling.com\/sk\/2019\/07\/29\/tour-sa-skoncila-zlty-dres-poputuje-do-kolumbie\/#primaryimage\",\"url\":\"https:\/\/d2p6e6u75xmxt8.cloudfront.net\/4\/2019\/07\/00-4.webp\",\"contentUrl\":\"https:\/\/d2p6e6u75xmxt8.cloudfront.net\/4\/2019\/07\/00-4.webp\",\"width\":1380,\"height\":600},{\"@type\":\"BreadcrumbList\",\"@id\":\"https:\/\/www.welovecycling.com\/sk\/2019\/07\/29\/tour-sa-skoncila-zlty-dres-poputuje-do-kolumbie\/#breadcrumb\",\"itemListElement\":[{\"@type\":\"ListItem\",\"position\":1,\"name\":\"Home\",\"item\":\"https:\/\/www.welovecycling.com\/sk\/\"},{\"@type\":\"ListItem\",\"position\":2,\"name\":\"Tour sa skon\u010dila \u2013 \u017elt\u00fd dres poputuje do Kolumbie\"}]},{\"@type\":\"WebSite\",\"@id\":\"https:\/\/www.welovecycling.com\/sk\/#website\",\"url\":\"https:\/\/www.welovecycling.com\/sk\/\",\"name\":\"\u0160koda We Love Cycling Slovensko\",\"description\":\"\u0160koda We Love Cycling Slovensko je v\u00e1\u0161 ka\u017edodenn\u00fd zdroj noviniek a in\u0161pir\u00e1cie z sveta cyklistiky\",\"potentialAction\":[{\"@type\":\"SearchAction\",\"target\":{\"@type\":\"EntryPoint\",\"urlTemplate\":\"https:\/\/www.welovecycling.com\/sk\/?s={search_term_string}\"},\"query-input\":{\"@type\":\"PropertyValueSpecification\",\"valueRequired\":true,\"valueName\":\"search_term_string\"}}],\"inLanguage\":\"sk-SK\"},{\"@type\":\"Person\",\"@id\":\"https:\/\/www.welovecycling.com\/sk\/#\/schema\/person\/8ee09ba39b7e25b1870160aa5b3a89bc\",\"name\":\"Ondrej Ga\u0161par\",\"image\":{\"@type\":\"ImageObject\",\"inLanguage\":\"sk-SK\",\"@id\":\"https:\/\/www.welovecycling.com\/sk\/#\/schema\/person\/image\/\",\"url\":\"https:\/\/secure.gravatar.com\/avatar\/6126c9afb87b70da5abbb083ddbb21933da15f18f8ca7cb822aba0fb096a48f6?s=96&d=mm&r=g\",\"contentUrl\":\"https:\/\/secure.gravatar.com\/avatar\/6126c9afb87b70da5abbb083ddbb21933da15f18f8ca7cb822aba0fb096a48f6?s=96&d=mm&r=g\",\"caption\":\"Ondrej Ga\u0161par\"},\"url\":\"https:\/\/www.welovecycling.com\/sk\/author\/ondrejgaspar\/\"}]}<\/script>\n<!-- \/ Yoast SEO Premium plugin. -->","yoast_head_json":{"title":"Tour sa skon\u010dila \u2013 \u017elt\u00fd dres poputuje do Kolumbie - \u0160koda We Love Cycling Slovensko","robots":{"index":"index","follow":"follow","max-snippet":"max-snippet:-1","max-image-preview":"max-image-preview:large","max-video-preview":"max-video-preview:-1"},"canonical":"https:\/\/www.welovecycling.com\/sk\/2019\/07\/29\/tour-sa-skoncila-zlty-dres-poputuje-do-kolumbie\/","og_locale":"sk_SK","og_type":"article","og_title":"Tour sa skon\u010dila \u2013 \u017elt\u00fd dres poputuje do Kolumbie","og_description":"Najv\u00e4\u010d\u0161\u00ed cyklistick\u00fd sviatok u\u017e m\u00e1me \u00faspe\u0161ne za nami. Takmer sto hod\u00edn v\u00a0sedle rozhodlo o\u00a0novom \u0161ampi\u00f3novi, ktor\u00fdm sa stal Egan Bernal. [&hellip;]","og_url":"https:\/\/www.welovecycling.com\/sk\/2019\/07\/29\/tour-sa-skoncila-zlty-dres-poputuje-do-kolumbie\/","og_site_name":"\u0160koda We Love Cycling Slovensko","article_published_time":"2019-07-29T17:39:37+00:00","article_modified_time":"2019-07-29T17:44:00+00:00","og_image":[{"width":1380,"height":600,"url":"https:\/\/d2p6e6u75xmxt8.cloudfront.net\/4\/2019\/07\/00-4.webp","type":"image\/webp"}],"author":"Ondrej Ga\u0161par","twitter_card":"summary_large_image","twitter_misc":{"Written by":"We Love Cycling","Est. reading time":"7"},"schema":{"@context":"https:\/\/schema.org","@graph":[{"@type":"WebPage","@id":"https:\/\/www.welovecycling.com\/sk\/2019\/07\/29\/tour-sa-skoncila-zlty-dres-poputuje-do-kolumbie\/","url":"https:\/\/www.welovecycling.com\/sk\/2019\/07\/29\/tour-sa-skoncila-zlty-dres-poputuje-do-kolumbie\/","name":"Tour sa skon\u010dila \u2013 \u017elt\u00fd dres poputuje do Kolumbie - \u0160koda We Love Cycling Slovensko","isPartOf":{"@id":"https:\/\/www.welovecycling.com\/sk\/#website"},"primaryImageOfPage":{"@id":"https:\/\/www.welovecycling.com\/sk\/2019\/07\/29\/tour-sa-skoncila-zlty-dres-poputuje-do-kolumbie\/#primaryimage"},"image":{"@id":"https:\/\/www.welovecycling.com\/sk\/2019\/07\/29\/tour-sa-skoncila-zlty-dres-poputuje-do-kolumbie\/#primaryimage"},"thumbnailUrl":"https:\/\/d2p6e6u75xmxt8.cloudfront.net\/4\/2019\/07\/00-4.webp","datePublished":"2019-07-29T17:39:37+00:00","dateModified":"2019-07-29T17:44:00+00:00","author":{"@id":"https:\/\/www.welovecycling.com\/sk\/#\/schema\/person\/8ee09ba39b7e25b1870160aa5b3a89bc"},"breadcrumb":{"@id":"https:\/\/www.welovecycling.com\/sk\/2019\/07\/29\/tour-sa-skoncila-zlty-dres-poputuje-do-kolumbie\/#breadcrumb"},"inLanguage":"sk-SK","potentialAction":[{"@type":"ReadAction","target":["https:\/\/www.welovecycling.com\/sk\/2019\/07\/29\/tour-sa-skoncila-zlty-dres-poputuje-do-kolumbie\/"]}]},{"@type":"ImageObject","inLanguage":"sk-SK","@id":"https:\/\/www.welovecycling.com\/sk\/2019\/07\/29\/tour-sa-skoncila-zlty-dres-poputuje-do-kolumbie\/#primaryimage","url":"https:\/\/d2p6e6u75xmxt8.cloudfront.net\/4\/2019\/07\/00-4.webp","contentUrl":"https:\/\/d2p6e6u75xmxt8.cloudfront.net\/4\/2019\/07\/00-4.webp","width":1380,"height":600},{"@type":"BreadcrumbList","@id":"https:\/\/www.welovecycling.com\/sk\/2019\/07\/29\/tour-sa-skoncila-zlty-dres-poputuje-do-kolumbie\/#breadcrumb","itemListElement":[{"@type":"ListItem","position":1,"name":"Home","item":"https:\/\/www.welovecycling.com\/sk\/"},{"@type":"ListItem","position":2,"name":"Tour sa skon\u010dila \u2013 \u017elt\u00fd dres poputuje do Kolumbie"}]},{"@type":"WebSite","@id":"https:\/\/www.welovecycling.com\/sk\/#website","url":"https:\/\/www.welovecycling.com\/sk\/","name":"\u0160koda We Love Cycling Slovensko","description":"\u0160koda We Love Cycling Slovensko je v\u00e1\u0161 ka\u017edodenn\u00fd zdroj noviniek a in\u0161pir\u00e1cie z sveta cyklistiky","potentialAction":[{"@type":"SearchAction","target":{"@type":"EntryPoint","urlTemplate":"https:\/\/www.welovecycling.com\/sk\/?s={search_term_string}"},"query-input":{"@type":"PropertyValueSpecification","valueRequired":true,"valueName":"search_term_string"}}],"inLanguage":"sk-SK"},{"@type":"Person","@id":"https:\/\/www.welovecycling.com\/sk\/#\/schema\/person\/8ee09ba39b7e25b1870160aa5b3a89bc","name":"Ondrej Ga\u0161par","image":{"@type":"ImageObject","inLanguage":"sk-SK","@id":"https:\/\/www.welovecycling.com\/sk\/#\/schema\/person\/image\/","url":"https:\/\/secure.gravatar.com\/avatar\/6126c9afb87b70da5abbb083ddbb21933da15f18f8ca7cb822aba0fb096a48f6?s=96&d=mm&r=g","contentUrl":"https:\/\/secure.gravatar.com\/avatar\/6126c9afb87b70da5abbb083ddbb21933da15f18f8ca7cb822aba0fb096a48f6?s=96&d=mm&r=g","caption":"Ondrej Ga\u0161par"},"url":"https:\/\/www.welovecycling.com\/sk\/author\/ondrejgaspar\/"}]}},"_links":{"self":[{"href":"https:\/\/www.welovecycling.com\/sk\/wp-json\/wp\/v2\/posts\/7900","targetHints":{"allow":["GET"]}}],"collection":[{"href":"https:\/\/www.welovecycling.com\/sk\/wp-json\/wp\/v2\/posts"}],"about":[{"href":"https:\/\/www.welovecycling.com\/sk\/wp-json\/wp\/v2\/types\/post"}],"author":[{"embeddable":true,"href":"https:\/\/www.welovecycling.com\/sk\/wp-json\/wp\/v2\/users\/38"}],"replies":[{"embeddable":true,"href":"https:\/\/www.welovecycling.com\/sk\/wp-json\/wp\/v2\/comments?post=7900"}],"version-history":[{"count":2,"href":"https:\/\/www.welovecycling.com\/sk\/wp-json\/wp\/v2\/posts\/7900\/revisions"}],"predecessor-version":[{"id":7910,"href":"https:\/\/www.welovecycling.com\/sk\/wp-json\/wp\/v2\/posts\/7900\/revisions\/7910"}],"wp:featuredmedia":[{"embeddable":true,"href":"https:\/\/www.welovecycling.com\/sk\/wp-json\/wp\/v2\/media\/7905"}],"wp:attachment":[{"href":"https:\/\/www.welovecycling.com\/sk\/wp-json\/wp\/v2\/media?parent=7900"}],"wp:term":[{"taxonomy":"category","embeddable":true,"href":"https:\/\/www.welovecycling.com\/sk\/wp-json\/wp\/v2\/categories?post=7900"},{"taxonomy":"post_tag","embeddable":true,"href":"https:\/\/www.welovecycling.com\/sk\/wp-json\/wp\/v2\/tags?post=7900"},{"taxonomy":"global-categories","embeddable":true,"href":"https:\/\/www.welovecycling.com\/sk\/wp-json\/wp\/v2\/global-categories?post=7900"}],"curies":[{"name":"wp","href":"https:\/\/api.w.org\/{rel}","templated":true}]}}