{"id":7882,"date":"2019-07-22T14:57:09","date_gmt":"2019-07-22T12:57:09","guid":{"rendered":"https:\/\/www.welovecycling.com\/sk\/?p=7882"},"modified":"2019-07-22T15:06:47","modified_gmt":"2019-07-22T13:06:47","slug":"druhy-tyzden-zlteho-dresu-tour-de-france-sa-blizi-ku-koncu","status":"publish","type":"post","link":"https:\/\/www.welovecycling.com\/sk\/2019\/07\/22\/druhy-tyzden-zlteho-dresu-tour-de-france-sa-blizi-ku-koncu\/","title":{"rendered":"Druh\u00fd t\u00fd\u017ede\u0148 \u017elt\u00e9ho dresu \u2013 Tour de France sa bl\u00ed\u017ei ku koncu"},"content":{"rendered":"<p><strong>Vo\u013en\u00fdm d\u0148om sme vst\u00fapili do posledn\u00e9ho t\u00fd\u017ed\u0148a celej tohtoro\u010dnej Tour de France. Posledn\u00e9 etapy n\u00e1s presved\u010dili, \u017ee to dozaista nebude vopred rozhodnut\u00fd boj. Franc\u00fazi s\u00fa v\u00a0skvelej forme, o\u010dak\u00e1van\u00e9 hviezdy maj\u00fa probl\u00e9my a\u00a0najmlad\u0161\u00ed pretek\u00e1r celej Tour siaha na tie najvy\u0161\u0161ie prie\u010dky.<\/strong><!--more--><\/p>\n<h2><strong>11. etapa Albi \u2013 Toulouse (zvlnen\u00e1, 167 km)<\/strong><\/h2>\n<p>Po nepriazniv\u00fdch d\u0148och, predov\u0161etk\u00fdm pre \u0161print\u00e9rov, pri\u0161iel znovu \u010das, aby uk\u00e1zali, \u010di im e\u0161te nie\u010do v\u00a0z\u00e1sob\u00e1ch energie ostalo. Odpove\u010f bola kladn\u00e1, a\u00a0to aj v\u010faka predch\u00e1dzaj\u00facemu d\u0148u, kedy dok\u00e1zali ako-tak zregenerova\u0165. V\u00a0\u00faniku sa ocitla \u0161tvorica jazdcov z\u00a0prokontinent\u00e1lnych t\u00edmov. Ich p\u00f4sobenie bolo skr\u00e1ten\u00e9 v\u00a0z\u00e1vere, ke\u010f len p\u00e1r kilometrov pred koncom ich dostihol pelot\u00f3n. Aj ke\u010f si P. Sagan prin\u00e1\u0161al dobr\u00fa poz\u00edciu, v\u00a0posledn\u00fdch stovk\u00e1ch metrov sa musel vyhn\u00fa\u0165 jedn\u00e9mu z\u00a0odstupuj\u00facich jazdcov, \u010d\u00edm si \u010diasto\u010dne spomalil. Najlep\u0161ie nohy mal C. Ewan pred D. Groenewegenom a\u00a0E. Vivianim. <\/p>\n<ol>\n<li><strong>EWAN Caleb<\/strong> (Lotto Soudal) 3:51:26<\/li>\n<li><strong>GROENEWEGEN Dylan<\/strong> (Team Jumbo-Visma)<\/li>\n<li><strong>VIVIANI Elia<\/strong> (Deceuninck &#8211; Quick Step)<\/li>\n<ol><!--more--><\/p>\n<lite-youtube videoid=F7yzhEJM1LA params=\"enablejsapi=1\" style=\"background-image: url('https:\/\/i.ytimg.com\/vi_webp\/F7yzhEJM1LA\/maxresdefault.webp');\"><\/lite-youtube>\n<h2><strong>12. etapa Toulouse \u2013 Bagn\u00e8res-de-Bigorre (kopcovit\u00e1, 209,5 km)<\/strong><\/h2>\n<p>U\u017e druh\u00fdm d\u0148om tohto t\u00fd\u017ed\u0148a pri\u0161la na rad etapa s\u00a0nefal\u0161ovan\u00fdmi st\u00fapaniami. Jazdcov tak \u010dakala dvojica kopcov v\u00a0druhej polovici trasy, jedno s\u00a014 km a\u00a06,8% a\u00a0druh\u00e9 s\u00a010,6 km a\u00a07,4% prev\u00fd\u0161en\u00edm. Po nich nasledoval 30-kilometrov\u00fd zjazd do cie\u013ea. Skvel\u00fa mo\u017enos\u0165 na zisk etapov\u00e9ho v\u00ed\u0165azstva z\u00a0\u00faniku si uvedomovalo viacero pretek\u00e1rov \u2013 aj preto sa na \u010dele sformoval 40-\u010dlenn\u00fd \u00fanik, medzi nimi aj P. Sagan. Pr\u00e1ve Slov\u00e1k si vybojoval 20 bodov na \u0161print\u00e9rskej pr\u00e9mi\u00ed, po ktorej svoje tempo zvo\u013enil. St\u00fapania v\u00fdrazne preriedili po\u010detn\u00fa predn\u00fa skupinu. Na vrchole druh\u00e9ho pri\u0161lo ako prv\u00e9 trio \u2013 S. Yates, P. Bilbao a\u00a0G. M\u00fchlberger. Zjazd z\u00a0neho predpovedal, \u017ee sa bude rozhodova\u0165 na posledn\u00fdch metroch \u2013 S. Yates, \u0161printuj\u00faci z\u00a0prv\u00e9ho miesta, mal v\u0161ak dostatok s\u00edl zvl\u00e1dnu\u0165 svojich s\u00faperov a\u00a0odnies\u0165 si celkov\u00e9 3. tohtoro\u010dn\u00e9 v\u00ed\u0165azstvo sez\u00f3ny.<\/p>\n<\/ol>\n<li><strong>YATES Simon<\/strong> (Mitchelton-SCOTT) 4:57:53<\/li>\n<li><strong>BILBAO Pello<\/strong> (Astana Pro Team)<\/li>\n<li><strong>M\u00dcHLBERGER Gregor<\/strong> (BORA-hansgrohe)<\/li>\n<ol><!--more--><\/p>\n<p><a href=\"https:\/\/d2p6e6u75xmxt8.cloudfront.net\/4\/2019\/07\/01-4.jpg\"><img loading=\"lazy\" decoding=\"async\" src=\"https:\/\/d2p6e6u75xmxt8.cloudfront.net\/4\/2019\/07\/01-4.jpg\" alt=\"\" width=\"1200\" height=\"800\" class=\"alignnone size-full wp-image-7885\" \/><\/a><\/p>\n<h2><strong>13. etapa Pau \u2013 Pau (27,5 km, individu\u00e1lna \u010dasovka)<\/strong><\/h2>\n<p>Harmonogram Tour de France obsahoval \u201elen\u201c dve \u010dasovky \u2013 prv\u00fa t\u00edmov\u00fa v\u00a0druhej etape a\u00a0individu\u00e1lnu v\u00a0etape trin\u00e1stej. Okrem etapov\u00e9ho v\u00ed\u0165azstva bol \u00fazko sledovan\u00fd aj boj o\u00a0\u017elt\u00fd dres \u2013 dok\u00e1\u017eu \u010dasovk\u00e1ri ako G. Thomas obra\u0165 Franc\u00faza J. Alaphilippa o\u00a0prvenstvo? Skvel\u00fd \u010das spomedzi \u00favodn\u00fdch pretek\u00e1rov zaznamenal T. De Gendt. Av\u0161ak s\u00a0ub\u00fadaj\u00facimi pretek\u00e1rmi na \u0161tartovej \u010diare, sa jeho teoretick\u00fd triumf zna\u010dne otriasal. R. Uranov \u010das, takmer toto\u017en\u00fd s\u00a0jeho, e\u0161te Belgi\u010dana z\u00a0kresla nezosadil. Zato G. Thomas u\u017e to\u013ek\u00e9 z\u013eutovanie s\u00a0n\u00edm nemal \u2013 o\u00a022 sek\u00fand r\u00fdchlej\u0161\u00ed \u010das bol dovtedy najdominantnej\u0161\u00ed. To bol pr\u00e1ve moment, kedy sa Franc\u00fazsko a\u00a0cel\u00e1 cyklistick\u00e1 komunita stala svedkom skuto\u010dn\u00e9ho boja o\u00a0\u017elt\u00fd dres. J. Alaphilippe nielen\u017ee ni\u010d nestratil, ale navy\u0161e z\u00edskal 14 sek\u00fand na G. Thomasa a\u00a0k\u00a0tomu etapov\u00e9 v\u00ed\u0165azstvo. Klob\u00fak dole!<\/p>\n<\/ol>\n<li><strong>ALAPHILIPPE Julian<\/strong> (Deceuninck &#8211; Quick Step &#8211; 46.629) 35:00<\/li>\n<li><strong>THOMAS Geraint<\/strong> (Team INEOS &#8211; 46.320) +0:14<\/li>\n<li><strong>DE GENDT Thomas<\/strong> (Lotto Soudal &#8211; 45.843) +0:36<\/li>\n<\/ol>\n<p><!--more--><\/p>\n<p><a href=\"https:\/\/d2p6e6u75xmxt8.cloudfront.net\/4\/2019\/07\/02-4.jpg\"><img loading=\"lazy\" decoding=\"async\" src=\"https:\/\/d2p6e6u75xmxt8.cloudfront.net\/4\/2019\/07\/02-4.jpg\" alt=\"\" width=\"1200\" height=\"800\" class=\"alignnone size-full wp-image-7886\" \/><\/a><\/p>\n<h2><strong>14. etapa Tarbes \u2013 Col du Tourmalet (horsk\u00e1, 111 km)<\/strong><\/h2>\n<p>V\u00a0hist\u00f3ri\u00ed Tour je len m\u00e1lo (ak v\u00f4bec) sl\u00e1vnej\u0161\u00edch st\u00fapan\u00ed ne\u017e to, ktor\u00e9 n\u00e1s \u010dakalo v\u00a014. etape. Z\u00e1vere\u010dn\u00fd v\u00fdjazd na Tourmalet je legendou medzi kopcami. Aj ke\u010f parametrami 19 km a\u00a07,4% nie je naj\u0165a\u017e\u0161ie zo v\u0161etk\u00fdch, po\u010das ka\u017ed\u00e9ho prejazdu zohr\u00e1va d\u00f4le\u017eit\u00fa rolu v\u00a0celkovom v\u00fdvoji ka\u017edej Tour. V\u00a0po\u010detnom \u00faniku takmer 20 jazdcov bol aj P. Sagan, ktor\u00fd zbieral cenn\u00e9 body do klasifik\u00e1cie. Pred n\u00e1jazdom na Tourmalet sa vpredu ocitli dvaja Franc\u00fazi, ktor\u00ed boli 10 km pred vrcholom pohlten\u00ed nepo\u013eavuj\u00facim tempom pelot\u00f3nu. \u010celo sa preriedilo a s\u00a0m\u00e9tou kilometra do cie\u013ea to u\u017e bola len \u0161estica l\u00eddrov. Najviac s\u00edl mal T. Pinot, prid\u00e1vaj\u00faci druh\u00e9 v\u00ed\u0165azstvo v rade do franc\u00fazskej zbierky. Probl\u00e9my po\u010das tohto d\u0148a poc\u00edtil aj obhajca G. Thomas, N. Quintana, A. Yates alebo R. Bardet. Posledn\u00ed traja s\u00a0v\u00fdraznou stratou na \u017elt\u00fd dres. J. Alaphilippe pri\u0161iel do cie\u013ea len s\u00a05s stratou na v\u00ed\u0165aza etapy.<\/p>\n<ol>\n<li><strong>PINOT Thibaut<\/strong> (Groupama &#8211; FDJ) 3:10:20<\/li>\n<li><strong>ALAPHILIPPE Julian<\/strong> (Deceuninck &#8211; Quick Step) +0:05<\/li>\n<li><strong>KRUIJSWIJK Steven<\/strong> (Team Jumbo-Visma)<\/li>\n<\/ol>\n<p><!--more--><\/p>\n<p><a href=\"https:\/\/d2p6e6u75xmxt8.cloudfront.net\/4\/2019\/07\/03-4.jpg\"><img loading=\"lazy\" decoding=\"async\" src=\"https:\/\/d2p6e6u75xmxt8.cloudfront.net\/4\/2019\/07\/03-4.jpg\" alt=\"\" width=\"1200\" height=\"800\" class=\"alignnone size-full wp-image-7887\" \/><\/a><\/p>\n<h2><strong>15. etapa Limoux \u2013 Foix (185 km, horsk\u00e1)<\/strong><\/h2>\n<p>Posledn\u00e1 etapa t\u00fd\u017ed\u0148a, ktor\u00e1 mala preveri\u0165 e\u0161te raz schopnos\u0165 nast\u00fapa\u0165 v\u00fd\u0161kov\u00e9 metre predov\u0161etk\u00fdm l\u00eddrov t\u00edmov, nesklamala sn\u00e1\u010f \u017eiadneho fan\u00fa\u0161ika. Taktika Movistaru sa v\u00a0tejto etape uk\u00e1zala predov\u0161etk\u00fdm t\u00fdm, \u017ee v\u00a0\u00faniku sa ocitol N. Quintana spolu s\u00a0vy\u0161e desiatkou in\u00fdch jazdcov. Ich n\u00e1skok v\u00a0predposlednom st\u00fapan\u00ed bol e\u0161te nie\u010do cez 4 min\u00faty na pelot\u00f3n, av\u0161ak nesk\u00f4r sa za\u010dal zmr\u0161\u0165ova\u0165. Na \u010dele sa osamostatnili S. Geschke a\u00a0S. Yates, N. Quintana str\u00e1cal, zozadu sa pribli\u017eoval druh\u00fd l\u00edder Movistaru, M. Landa. V\u00a0st\u00fapan\u00ed na Foix u\u017e po\u010das \u00favodn\u00fdch kilometroch zavelil k\u00a0\u00fatoku S. Yates, ktor\u00fd si po v\u00ed\u0165azstvo pri\u0161iel s\u00e1m. Za n\u00edm v\u0161ak prebiehal boj \u2013 T. Pinot prevalcoval ostatn\u00fdch l\u00eddrov, dokonca aj M. Landu a\u00a0ukrojil nie\u010do z\u00a0jeho vy\u0161e dvojmin\u00fatovej straty. V\u00a0probl\u00e9moch sa ocitol J. Alaphilippe, ktor\u00fd nemal k\u00a0sebe nikoho z\u00a0t\u00edmu a\u00a0vysok\u00e9 tempo, ktor\u00e9 predv\u00e1dzal po\u010das celej Tour, si vy\u017eiadalo svoju cenu 3 km pred cie\u013eom. Na\u0161\u0165astie pre\u0148 stratil na celkovo druh\u00e9ho G. Thomasa len 27 sek\u00fand, \u010d\u00edm si st\u00e1le udr\u017eal \u017elt\u00fd dres s\u00a0n\u00e1skokom 1:35.<\/p>\n<ol>\n<li><strong>YATES Simon<\/strong> (Mitchelton-SCOTT) 4:47:04<\/li>\n<li><strong>PINOT Thibaut<\/strong> (Groupama-FDJ) +0:33<\/li>\n<li><strong>LANDA Mikel<\/strong> (Movistar Team)<\/li>\n<\/ol>\n<p><!--more--><\/p>\n<lite-youtube videoid=kB152OrYA_Y params=\"enablejsapi=1\" style=\"background-image: url('https:\/\/i.ytimg.com\/vi_webp\/kB152OrYA_Y\/maxresdefault.webp');\"><\/lite-youtube>\n<p>Naozaj, Tour naber\u00e1 na obr\u00e1tkach. Ka\u017ed\u00fd v\u00fd\u0161kov\u00fd meter m\u00e1 dvojn\u00e1sobn\u00fd efekt na to, na akom mieste sa po konci etapy pretek\u00e1r ocitne \u2013 ak je na tom dobre, dok\u00e1\u017ee sa bu\u010f udr\u017ea\u0165 alebo nejak\u00fa t\u00fa sekundu aj z\u00edska\u0165. Ale ka\u017ed\u00fd zl\u00fd de\u0148 stoj\u00ed nepomerne viac \u2013 straten\u00e9 sekundy v\u00a0jednej etape sa zmaz\u00e1vaj\u00fa len ve\u013emi \u0165a\u017eko.<\/p>\n","protected":false},"excerpt":{"rendered":"<p>Vo\u013en\u00fdm d\u0148om sme vst\u00fapili do posledn\u00e9ho t\u00fd\u017ed\u0148a celej tohtoro\u010dnej Tour de France. Posledn\u00e9 etapy n\u00e1s presved\u010dili, \u017ee to dozaista nebude [&hellip;]<\/p>\n","protected":false},"author":38,"featured_media":7888,"comment_status":"open","ping_status":"open","sticky":false,"template":"","format":"standard","meta":{"footnotes":""},"categories":[117],"tags":[160,275,115,961,331,306,149,1028,498,71,176,46,179,152,735,20,810],"global-categories":[],"class_list":["post-7882","post","type-post","status-publish","format-standard","has-post-thumbnail","hentry","category-tour-de-france","tag-bora-hansgrohe","tag-cesta","tag-cestna-cyklistika","tag-etapa","tag-etapove-preteky","tag-francuzsko","tag-geraint-thomas","tag-ineos","tag-julian-alaphilippe","tag-letape-du-tour","tag-peloton","tag-peter-sagan","tag-preteky","tag-simon-yates","tag-team","tag-tour-de-france","tag-tour-de-france-2019"],"yoast_head":"<!-- This site is optimized with the Yoast SEO Premium plugin v25.3 (Yoast SEO v25.9) - https:\/\/yoast.com\/wordpress\/plugins\/seo\/ -->\n<title>Druh\u00fd t\u00fd\u017ede\u0148 \u017elt\u00e9ho dresu \u2013 Tour de France sa bl\u00ed\u017ei ku koncu - \u0160koda We Love Cycling Slovensko<\/title>\n<meta name=\"robots\" content=\"index, follow, max-snippet:-1, max-image-preview:large, max-video-preview:-1\" \/>\n<link rel=\"canonical\" href=\"https:\/\/www.welovecycling.com\/sk\/2019\/07\/22\/druhy-tyzden-zlteho-dresu-tour-de-france-sa-blizi-ku-koncu\/\" \/>\n<meta property=\"og:locale\" content=\"sk_SK\" \/>\n<meta property=\"og:type\" content=\"article\" \/>\n<meta property=\"og:title\" content=\"Druh\u00fd t\u00fd\u017ede\u0148 \u017elt\u00e9ho dresu \u2013 Tour de France sa bl\u00ed\u017ei ku koncu\" \/>\n<meta property=\"og:description\" content=\"Vo\u013en\u00fdm d\u0148om sme vst\u00fapili do posledn\u00e9ho t\u00fd\u017ed\u0148a celej tohtoro\u010dnej Tour de France. Posledn\u00e9 etapy n\u00e1s presved\u010dili, \u017ee to dozaista nebude [&hellip;]\" \/>\n<meta property=\"og:url\" content=\"https:\/\/www.welovecycling.com\/sk\/2019\/07\/22\/druhy-tyzden-zlteho-dresu-tour-de-france-sa-blizi-ku-koncu\/\" \/>\n<meta property=\"og:site_name\" content=\"\u0160koda We Love Cycling Slovensko\" \/>\n<meta property=\"article:published_time\" content=\"2019-07-22T12:57:09+00:00\" \/>\n<meta property=\"article:modified_time\" content=\"2019-07-22T13:06:47+00:00\" \/>\n<meta property=\"og:image\" content=\"https:\/\/d2p6e6u75xmxt8.cloudfront.net\/4\/2019\/07\/00-3.webp\" \/>\n\t<meta property=\"og:image:width\" content=\"1380\" \/>\n\t<meta property=\"og:image:height\" content=\"600\" \/>\n\t<meta property=\"og:image:type\" content=\"image\/webp\" \/>\n<meta name=\"author\" content=\"Ondrej Ga\u0161par\" \/>\n<meta name=\"twitter:card\" content=\"summary_large_image\" \/>\n<meta name=\"twitter:label1\" content=\"Written by\" \/>\n\t<meta name=\"twitter:data1\" content=\"We Love Cycling\" \/>\n\t<meta name=\"twitter:label2\" content=\"Est. reading time\" \/>\n\t<meta name=\"twitter:data2\" content=\"7\" \/>\n<script type=\"application\/ld+json\" class=\"yoast-schema-graph\">{\"@context\":\"https:\/\/schema.org\",\"@graph\":[{\"@type\":\"WebPage\",\"@id\":\"https:\/\/www.welovecycling.com\/sk\/2019\/07\/22\/druhy-tyzden-zlteho-dresu-tour-de-france-sa-blizi-ku-koncu\/\",\"url\":\"https:\/\/www.welovecycling.com\/sk\/2019\/07\/22\/druhy-tyzden-zlteho-dresu-tour-de-france-sa-blizi-ku-koncu\/\",\"name\":\"Druh\u00fd t\u00fd\u017ede\u0148 \u017elt\u00e9ho dresu \u2013 Tour de France sa bl\u00ed\u017ei ku koncu - \u0160koda We Love Cycling Slovensko\",\"isPartOf\":{\"@id\":\"https:\/\/www.welovecycling.com\/sk\/#website\"},\"primaryImageOfPage\":{\"@id\":\"https:\/\/www.welovecycling.com\/sk\/2019\/07\/22\/druhy-tyzden-zlteho-dresu-tour-de-france-sa-blizi-ku-koncu\/#primaryimage\"},\"image\":{\"@id\":\"https:\/\/www.welovecycling.com\/sk\/2019\/07\/22\/druhy-tyzden-zlteho-dresu-tour-de-france-sa-blizi-ku-koncu\/#primaryimage\"},\"thumbnailUrl\":\"https:\/\/d2p6e6u75xmxt8.cloudfront.net\/4\/2019\/07\/00-3.webp\",\"datePublished\":\"2019-07-22T12:57:09+00:00\",\"dateModified\":\"2019-07-22T13:06:47+00:00\",\"author\":{\"@id\":\"https:\/\/www.welovecycling.com\/sk\/#\/schema\/person\/8ee09ba39b7e25b1870160aa5b3a89bc\"},\"breadcrumb\":{\"@id\":\"https:\/\/www.welovecycling.com\/sk\/2019\/07\/22\/druhy-tyzden-zlteho-dresu-tour-de-france-sa-blizi-ku-koncu\/#breadcrumb\"},\"inLanguage\":\"sk-SK\",\"potentialAction\":[{\"@type\":\"ReadAction\",\"target\":[\"https:\/\/www.welovecycling.com\/sk\/2019\/07\/22\/druhy-tyzden-zlteho-dresu-tour-de-france-sa-blizi-ku-koncu\/\"]}]},{\"@type\":\"ImageObject\",\"inLanguage\":\"sk-SK\",\"@id\":\"https:\/\/www.welovecycling.com\/sk\/2019\/07\/22\/druhy-tyzden-zlteho-dresu-tour-de-france-sa-blizi-ku-koncu\/#primaryimage\",\"url\":\"https:\/\/d2p6e6u75xmxt8.cloudfront.net\/4\/2019\/07\/00-3.webp\",\"contentUrl\":\"https:\/\/d2p6e6u75xmxt8.cloudfront.net\/4\/2019\/07\/00-3.webp\",\"width\":1380,\"height\":600},{\"@type\":\"BreadcrumbList\",\"@id\":\"https:\/\/www.welovecycling.com\/sk\/2019\/07\/22\/druhy-tyzden-zlteho-dresu-tour-de-france-sa-blizi-ku-koncu\/#breadcrumb\",\"itemListElement\":[{\"@type\":\"ListItem\",\"position\":1,\"name\":\"Home\",\"item\":\"https:\/\/www.welovecycling.com\/sk\/\"},{\"@type\":\"ListItem\",\"position\":2,\"name\":\"Druh\u00fd t\u00fd\u017ede\u0148 \u017elt\u00e9ho dresu \u2013 Tour de France sa bl\u00ed\u017ei ku koncu\"}]},{\"@type\":\"WebSite\",\"@id\":\"https:\/\/www.welovecycling.com\/sk\/#website\",\"url\":\"https:\/\/www.welovecycling.com\/sk\/\",\"name\":\"\u0160koda We Love Cycling Slovensko\",\"description\":\"\u0160koda We Love Cycling Slovensko je v\u00e1\u0161 ka\u017edodenn\u00fd zdroj noviniek a in\u0161pir\u00e1cie z sveta cyklistiky\",\"potentialAction\":[{\"@type\":\"SearchAction\",\"target\":{\"@type\":\"EntryPoint\",\"urlTemplate\":\"https:\/\/www.welovecycling.com\/sk\/?s={search_term_string}\"},\"query-input\":{\"@type\":\"PropertyValueSpecification\",\"valueRequired\":true,\"valueName\":\"search_term_string\"}}],\"inLanguage\":\"sk-SK\"},{\"@type\":\"Person\",\"@id\":\"https:\/\/www.welovecycling.com\/sk\/#\/schema\/person\/8ee09ba39b7e25b1870160aa5b3a89bc\",\"name\":\"Ondrej Ga\u0161par\",\"image\":{\"@type\":\"ImageObject\",\"inLanguage\":\"sk-SK\",\"@id\":\"https:\/\/www.welovecycling.com\/sk\/#\/schema\/person\/image\/\",\"url\":\"https:\/\/secure.gravatar.com\/avatar\/6126c9afb87b70da5abbb083ddbb21933da15f18f8ca7cb822aba0fb096a48f6?s=96&d=mm&r=g\",\"contentUrl\":\"https:\/\/secure.gravatar.com\/avatar\/6126c9afb87b70da5abbb083ddbb21933da15f18f8ca7cb822aba0fb096a48f6?s=96&d=mm&r=g\",\"caption\":\"Ondrej Ga\u0161par\"},\"url\":\"https:\/\/www.welovecycling.com\/sk\/author\/ondrejgaspar\/\"}]}<\/script>\n<!-- \/ Yoast SEO Premium plugin. -->","yoast_head_json":{"title":"Druh\u00fd t\u00fd\u017ede\u0148 \u017elt\u00e9ho dresu \u2013 Tour de France sa bl\u00ed\u017ei ku koncu - \u0160koda We Love Cycling Slovensko","robots":{"index":"index","follow":"follow","max-snippet":"max-snippet:-1","max-image-preview":"max-image-preview:large","max-video-preview":"max-video-preview:-1"},"canonical":"https:\/\/www.welovecycling.com\/sk\/2019\/07\/22\/druhy-tyzden-zlteho-dresu-tour-de-france-sa-blizi-ku-koncu\/","og_locale":"sk_SK","og_type":"article","og_title":"Druh\u00fd t\u00fd\u017ede\u0148 \u017elt\u00e9ho dresu \u2013 Tour de France sa bl\u00ed\u017ei ku koncu","og_description":"Vo\u013en\u00fdm d\u0148om sme vst\u00fapili do posledn\u00e9ho t\u00fd\u017ed\u0148a celej tohtoro\u010dnej Tour de France. Posledn\u00e9 etapy n\u00e1s presved\u010dili, \u017ee to dozaista nebude [&hellip;]","og_url":"https:\/\/www.welovecycling.com\/sk\/2019\/07\/22\/druhy-tyzden-zlteho-dresu-tour-de-france-sa-blizi-ku-koncu\/","og_site_name":"\u0160koda We Love Cycling Slovensko","article_published_time":"2019-07-22T12:57:09+00:00","article_modified_time":"2019-07-22T13:06:47+00:00","og_image":[{"width":1380,"height":600,"url":"https:\/\/d2p6e6u75xmxt8.cloudfront.net\/4\/2019\/07\/00-3.webp","type":"image\/webp"}],"author":"Ondrej Ga\u0161par","twitter_card":"summary_large_image","twitter_misc":{"Written by":"We Love Cycling","Est. reading time":"7"},"schema":{"@context":"https:\/\/schema.org","@graph":[{"@type":"WebPage","@id":"https:\/\/www.welovecycling.com\/sk\/2019\/07\/22\/druhy-tyzden-zlteho-dresu-tour-de-france-sa-blizi-ku-koncu\/","url":"https:\/\/www.welovecycling.com\/sk\/2019\/07\/22\/druhy-tyzden-zlteho-dresu-tour-de-france-sa-blizi-ku-koncu\/","name":"Druh\u00fd t\u00fd\u017ede\u0148 \u017elt\u00e9ho dresu \u2013 Tour de France sa bl\u00ed\u017ei ku koncu - \u0160koda We Love Cycling Slovensko","isPartOf":{"@id":"https:\/\/www.welovecycling.com\/sk\/#website"},"primaryImageOfPage":{"@id":"https:\/\/www.welovecycling.com\/sk\/2019\/07\/22\/druhy-tyzden-zlteho-dresu-tour-de-france-sa-blizi-ku-koncu\/#primaryimage"},"image":{"@id":"https:\/\/www.welovecycling.com\/sk\/2019\/07\/22\/druhy-tyzden-zlteho-dresu-tour-de-france-sa-blizi-ku-koncu\/#primaryimage"},"thumbnailUrl":"https:\/\/d2p6e6u75xmxt8.cloudfront.net\/4\/2019\/07\/00-3.webp","datePublished":"2019-07-22T12:57:09+00:00","dateModified":"2019-07-22T13:06:47+00:00","author":{"@id":"https:\/\/www.welovecycling.com\/sk\/#\/schema\/person\/8ee09ba39b7e25b1870160aa5b3a89bc"},"breadcrumb":{"@id":"https:\/\/www.welovecycling.com\/sk\/2019\/07\/22\/druhy-tyzden-zlteho-dresu-tour-de-france-sa-blizi-ku-koncu\/#breadcrumb"},"inLanguage":"sk-SK","potentialAction":[{"@type":"ReadAction","target":["https:\/\/www.welovecycling.com\/sk\/2019\/07\/22\/druhy-tyzden-zlteho-dresu-tour-de-france-sa-blizi-ku-koncu\/"]}]},{"@type":"ImageObject","inLanguage":"sk-SK","@id":"https:\/\/www.welovecycling.com\/sk\/2019\/07\/22\/druhy-tyzden-zlteho-dresu-tour-de-france-sa-blizi-ku-koncu\/#primaryimage","url":"https:\/\/d2p6e6u75xmxt8.cloudfront.net\/4\/2019\/07\/00-3.webp","contentUrl":"https:\/\/d2p6e6u75xmxt8.cloudfront.net\/4\/2019\/07\/00-3.webp","width":1380,"height":600},{"@type":"BreadcrumbList","@id":"https:\/\/www.welovecycling.com\/sk\/2019\/07\/22\/druhy-tyzden-zlteho-dresu-tour-de-france-sa-blizi-ku-koncu\/#breadcrumb","itemListElement":[{"@type":"ListItem","position":1,"name":"Home","item":"https:\/\/www.welovecycling.com\/sk\/"},{"@type":"ListItem","position":2,"name":"Druh\u00fd t\u00fd\u017ede\u0148 \u017elt\u00e9ho dresu \u2013 Tour de France sa bl\u00ed\u017ei ku koncu"}]},{"@type":"WebSite","@id":"https:\/\/www.welovecycling.com\/sk\/#website","url":"https:\/\/www.welovecycling.com\/sk\/","name":"\u0160koda We Love Cycling Slovensko","description":"\u0160koda We Love Cycling Slovensko je v\u00e1\u0161 ka\u017edodenn\u00fd zdroj noviniek a in\u0161pir\u00e1cie z sveta cyklistiky","potentialAction":[{"@type":"SearchAction","target":{"@type":"EntryPoint","urlTemplate":"https:\/\/www.welovecycling.com\/sk\/?s={search_term_string}"},"query-input":{"@type":"PropertyValueSpecification","valueRequired":true,"valueName":"search_term_string"}}],"inLanguage":"sk-SK"},{"@type":"Person","@id":"https:\/\/www.welovecycling.com\/sk\/#\/schema\/person\/8ee09ba39b7e25b1870160aa5b3a89bc","name":"Ondrej Ga\u0161par","image":{"@type":"ImageObject","inLanguage":"sk-SK","@id":"https:\/\/www.welovecycling.com\/sk\/#\/schema\/person\/image\/","url":"https:\/\/secure.gravatar.com\/avatar\/6126c9afb87b70da5abbb083ddbb21933da15f18f8ca7cb822aba0fb096a48f6?s=96&d=mm&r=g","contentUrl":"https:\/\/secure.gravatar.com\/avatar\/6126c9afb87b70da5abbb083ddbb21933da15f18f8ca7cb822aba0fb096a48f6?s=96&d=mm&r=g","caption":"Ondrej Ga\u0161par"},"url":"https:\/\/www.welovecycling.com\/sk\/author\/ondrejgaspar\/"}]}},"_links":{"self":[{"href":"https:\/\/www.welovecycling.com\/sk\/wp-json\/wp\/v2\/posts\/7882","targetHints":{"allow":["GET"]}}],"collection":[{"href":"https:\/\/www.welovecycling.com\/sk\/wp-json\/wp\/v2\/posts"}],"about":[{"href":"https:\/\/www.welovecycling.com\/sk\/wp-json\/wp\/v2\/types\/post"}],"author":[{"embeddable":true,"href":"https:\/\/www.welovecycling.com\/sk\/wp-json\/wp\/v2\/users\/38"}],"replies":[{"embeddable":true,"href":"https:\/\/www.welovecycling.com\/sk\/wp-json\/wp\/v2\/comments?post=7882"}],"version-history":[{"count":2,"href":"https:\/\/www.welovecycling.com\/sk\/wp-json\/wp\/v2\/posts\/7882\/revisions"}],"predecessor-version":[{"id":7893,"href":"https:\/\/www.welovecycling.com\/sk\/wp-json\/wp\/v2\/posts\/7882\/revisions\/7893"}],"wp:featuredmedia":[{"embeddable":true,"href":"https:\/\/www.welovecycling.com\/sk\/wp-json\/wp\/v2\/media\/7888"}],"wp:attachment":[{"href":"https:\/\/www.welovecycling.com\/sk\/wp-json\/wp\/v2\/media?parent=7882"}],"wp:term":[{"taxonomy":"category","embeddable":true,"href":"https:\/\/www.welovecycling.com\/sk\/wp-json\/wp\/v2\/categories?post=7882"},{"taxonomy":"post_tag","embeddable":true,"href":"https:\/\/www.welovecycling.com\/sk\/wp-json\/wp\/v2\/tags?post=7882"},{"taxonomy":"global-categories","embeddable":true,"href":"https:\/\/www.welovecycling.com\/sk\/wp-json\/wp\/v2\/global-categories?post=7882"}],"curies":[{"name":"wp","href":"https:\/\/api.w.org\/{rel}","templated":true}]}}