{"id":7864,"date":"2019-07-18T11:03:16","date_gmt":"2019-07-18T09:03:16","guid":{"rendered":"https:\/\/www.welovecycling.com\/sk\/?p=7864"},"modified":"2019-07-18T11:03:16","modified_gmt":"2019-07-18T09:03:16","slug":"rozhovor-ako-som-vyhrala-moznost-zucastnit-sa-na-letape-du-tour","status":"publish","type":"post","link":"https:\/\/www.welovecycling.com\/sk\/2019\/07\/18\/rozhovor-ako-som-vyhrala-moznost-zucastnit-sa-na-letape-du-tour\/","title":{"rendered":"Rozhovor: Ako som vyhrala mo\u017enos\u0165 z\u00fa\u010dastni\u0165 sa na L&#8217;Etape du Tour?"},"content":{"rendered":"<p><strong>Na\u0161a \u010ditate\u013eka Zuzka vyhrala mo\u017enos\u0165 sa z\u00fa\u010dastni\u0165 na pretekoch L\u2019\u00c9tape du Tour a stane sa tak na jeden de\u0148 pretek\u00e1rkou Tour de France. Na vlastnej ko\u017ei si teda m\u00f4\u017ee vysk\u00fa\u0161a\u0165 20. etapu pretekov, a to len t\u00fd\u017ede\u0148 pred t\u00fdm, ako tieto cesty bud\u00fa br\u00e1zdi\u0165 t\u00edmy z elitnej kateg\u00f3rie.<\/strong><!--more--><\/p>\n<p><a href=\"https:\/\/d2p6e6u75xmxt8.cloudfront.net\/4\/2019\/07\/w_l4.JPG.jpg\"><img loading=\"lazy\" decoding=\"async\" src=\"https:\/\/d2p6e6u75xmxt8.cloudfront.net\/4\/2019\/07\/w_l4.JPG.jpg\" alt=\"\" width=\"1200\" height=\"800\" class=\"alignnone size-full wp-image-7873\" \/><\/a><\/p>\n<p><strong>T\u00e1 vedie z Albertville do Val Thorens<\/strong>. Pre pelot\u00f3n to bude dvadsiaty de\u0148 v sedle a ak sa boj o \u017elt\u00fd dres nerozhodne sk\u00f4r, tak z\u00e1vere\u010dn\u00e9 st\u00fapanie Val Thorens v d\u013a\u017eke 33,5 km s 5,5-percentn\u00fdm priemerom mus\u00ed rozhodn\u00fa\u0165 o v\u00ed\u0165azovi tohtoro\u010dn\u00e9ho 106. ro\u010dn\u00edka.<\/p>\n<p>\u010co je pripraven\u00e9 pre Zuzku? Identick\u00e1 trasa, toto\u017en\u00e9 nekone\u010dn\u00e9 st\u00fapanie a pr\u00edle\u017eitos\u0165 siahnu\u0165 si a\u017e na dno svojich s\u00edl. Tak, ako aj najlep\u0161\u00ed jazdci sveta, aj ona si budete m\u00f4c\u0165 prejs\u0165 celkov\u00fa d\u013a\u017eku trasy. Zuzky sme sa op\u00fdtali, ako sa pripravuje, ak\u00e9 \u00faspechy doteraz nazbierala a ak\u00fd je jej cie\u013e na t\u00fdchto pretekoch. V\u0161etko sa dozviete v na\u0161om rozhovore.<\/p>\n<div data-rows=\"1\" id='gallery-1' class='gallery-rows-1 gallery galleryid-7864 gallery-columns-2 gallery-size-full'><figure class='gallery-item'>\n\t\t\t<div class='gallery-icon landscape'>\n\t\t\t\t<a href='https:\/\/d2p6e6u75xmxt8.cloudfront.net\/4\/2019\/07\/8596_629783.webp'><img loading=\"lazy\" decoding=\"async\" width=\"1200\" height=\"800\" src=\"https:\/\/d2p6e6u75xmxt8.cloudfront.net\/4\/2019\/07\/8596_629783.webp\" class=\"attachment-full size-full\" alt=\"\" srcset=\"https:\/\/d2p6e6u75xmxt8.cloudfront.net\/4\/2019\/07\/8596_629783.webp 1200w, https:\/\/d2p6e6u75xmxt8.cloudfront.net\/4\/2019\/07\/8596_629783-300x200.webp 300w, https:\/\/d2p6e6u75xmxt8.cloudfront.net\/4\/2019\/07\/8596_629783-1024x683.webp 1024w, https:\/\/d2p6e6u75xmxt8.cloudfront.net\/4\/2019\/07\/8596_629783-768x512.webp 768w, https:\/\/d2p6e6u75xmxt8.cloudfront.net\/4\/2019\/07\/8596_629783-272x182.webp 272w\" sizes=\"auto, (max-width: 1200px) 100vw, 1200px\" \/><\/a>\n\t\t\t<\/div><\/figure><figure class='gallery-item'>\n\t\t\t<div class='gallery-icon landscape'>\n\t\t\t\t<a href='https:\/\/d2p6e6u75xmxt8.cloudfront.net\/4\/2019\/07\/8639_638264.webp'><img loading=\"lazy\" decoding=\"async\" width=\"1200\" height=\"800\" src=\"https:\/\/d2p6e6u75xmxt8.cloudfront.net\/4\/2019\/07\/8639_638264.webp\" class=\"attachment-full size-full\" alt=\"\" srcset=\"https:\/\/d2p6e6u75xmxt8.cloudfront.net\/4\/2019\/07\/8639_638264.webp 1200w, https:\/\/d2p6e6u75xmxt8.cloudfront.net\/4\/2019\/07\/8639_638264-300x200.webp 300w, https:\/\/d2p6e6u75xmxt8.cloudfront.net\/4\/2019\/07\/8639_638264-1024x683.webp 1024w, https:\/\/d2p6e6u75xmxt8.cloudfront.net\/4\/2019\/07\/8639_638264-768x512.webp 768w, https:\/\/d2p6e6u75xmxt8.cloudfront.net\/4\/2019\/07\/8639_638264-272x182.webp 272w\" sizes=\"auto, (max-width: 1200px) 100vw, 1200px\" \/><\/a>\n\t\t\t<\/div><\/figure>\n\t\t<\/div>\n        \n<p><strong>Ahoj! Na za\u010diatku by si sa n\u00e1m mohla predstavi\u0165 a v kr\u00e1tkosti n\u00e1m pribl\u00ed\u017ei\u0165 cestu, ktor\u00e1 \u0165a priviedla k cyklistike.<\/strong><br \/>\n<em>Ahojte, vol\u00e1m sa Zuzana a m\u00e1m 33 rokov. Pracujem ako After Sales Manager. Takmer v\u0161etok svoj vo\u013en\u00fd \u010das tr\u00e1vim na bicykli. K bicyklovaniu ma priviedla moja ve\u013emi dobr\u00e1 kamar\u00e1tka. Ke\u010f som za\u010dala bikova\u0165, tak som akt\u00edvne jazdila na ko\u0148och. Starostlivos\u0165 o ko\u0148a a bikovanie sa \u017eia\u013e ned\u00e1 robi\u0165 s\u00fa\u010dasne z \u010dasov\u00e9ho h\u013eadiska, preto som sa musela rozhodn\u00fa\u0165, \u010domu sa budem venova\u0165. Vyhral bike ?. Spo\u010diatku som jazdila len na horskom bicykli a nesk\u00f4r som sa za\u010dala venova\u0165 aj cestnej cyklistke.<\/em><\/p>\n<p><strong>Pre\u010do u teba zv\u00ed\u0165azila pr\u00e1ve cyklistika?<\/strong><br \/>\n<em>V\u010faka cyklistke sa d\u00e1 spozna\u0165 ve\u013ea nov\u00fdch miest. Na biku sa \u010dlovek dostane kamko\u013evek. M\u00e1m ve\u013emi rada cestovanie, a to ide s cyklistikou \u201eruka v ruke\u201c.<\/em><\/p>\n<p><strong>Na ak\u00fdch pretekoch si sa tento rok z\u00fa\u010dastnila?<\/strong><br \/>\n<em>Tento rok som pretekala hlavne na horsk\u00fdch marat\u00f3noch, predov\u0161etk\u00fdm to boli marat\u00f3ny zo s\u00e9rie \u0160koda BIKE OPEN TOUR. Cestn\u00e9 preteky som absolvovala v r\u00e1mci reprezenta\u010dn\u00e9ho dru\u017estva v Ma\u010farsku.<\/em><\/p>\n<p><strong>\u010co pova\u017euje\u0161 za svoje najv\u00e4\u010d\u0161ie \u00faspechy vo svojej doteraj\u0161ej kari\u00e9re?<\/strong><br \/>\n<em>Za m\u00f4j najv\u00e4\u010d\u0161\u00ed \u00faspech pova\u017eujem zisk titulu majsterky Slovenska v marat\u00f3ne a \u010fal\u0161ie medaily z majstrovstiev Slovenska. V cestnej cyklistike sa mi podarilo na pretekoch v Rusku skon\u010di\u0165 v prvej dvadsiatke.<\/em><\/p>\n<div data-rows=\"1\" id='gallery-2' class='gallery-rows-1 gallery galleryid-7864 gallery-columns-2 gallery-size-full'><figure class='gallery-item'>\n\t\t\t<div class='gallery-icon landscape'>\n\t\t\t\t<a href='https:\/\/d2p6e6u75xmxt8.cloudfront.net\/4\/2019\/07\/w_l6.JPG.webp'><img loading=\"lazy\" decoding=\"async\" width=\"1200\" height=\"800\" src=\"https:\/\/d2p6e6u75xmxt8.cloudfront.net\/4\/2019\/07\/w_l6.JPG.webp\" class=\"attachment-full size-full\" alt=\"\" srcset=\"https:\/\/d2p6e6u75xmxt8.cloudfront.net\/4\/2019\/07\/w_l6.JPG.webp 1200w, https:\/\/d2p6e6u75xmxt8.cloudfront.net\/4\/2019\/07\/w_l6.JPG-300x200.webp 300w, https:\/\/d2p6e6u75xmxt8.cloudfront.net\/4\/2019\/07\/w_l6.JPG-1024x683.webp 1024w, https:\/\/d2p6e6u75xmxt8.cloudfront.net\/4\/2019\/07\/w_l6.JPG-768x512.webp 768w, https:\/\/d2p6e6u75xmxt8.cloudfront.net\/4\/2019\/07\/w_l6.JPG-272x182.webp 272w\" sizes=\"auto, (max-width: 1200px) 100vw, 1200px\" \/><\/a>\n\t\t\t<\/div><\/figure><figure class='gallery-item'>\n\t\t\t<div class='gallery-icon landscape'>\n\t\t\t\t<a href='https:\/\/d2p6e6u75xmxt8.cloudfront.net\/4\/2019\/07\/w_l8.webp'><img loading=\"lazy\" decoding=\"async\" width=\"1200\" height=\"800\" src=\"https:\/\/d2p6e6u75xmxt8.cloudfront.net\/4\/2019\/07\/w_l8.webp\" class=\"attachment-full size-full\" alt=\"\" srcset=\"https:\/\/d2p6e6u75xmxt8.cloudfront.net\/4\/2019\/07\/w_l8.webp 1200w, https:\/\/d2p6e6u75xmxt8.cloudfront.net\/4\/2019\/07\/w_l8-300x200.webp 300w, https:\/\/d2p6e6u75xmxt8.cloudfront.net\/4\/2019\/07\/w_l8-1024x683.webp 1024w, https:\/\/d2p6e6u75xmxt8.cloudfront.net\/4\/2019\/07\/w_l8-768x512.webp 768w, https:\/\/d2p6e6u75xmxt8.cloudfront.net\/4\/2019\/07\/w_l8-272x182.webp 272w\" sizes=\"auto, (max-width: 1200px) 100vw, 1200px\" \/><\/a>\n\t\t\t<\/div><\/figure>\n\t\t<\/div>\n        \n<p><strong>Povedz n\u00e1m, \u010do \u0165a motivovalo, aby si sa prihl\u00e1sila do s\u00fa\u0165a\u017ee o L&#8217;Etape du Tour?<\/strong><br \/>\n<em>M\u00e1m ve\u013emi rada v\u00fdzvy a preteka\u0165 na L&#8217;Etape du Tour je teda v\u00fdzva poriadna ?.<\/em><\/p>\n<p><strong>Pote\u0161ila \u0165a v\u00fdhra?<\/strong><br \/>\n<em>V\u00fdhra ma pote\u0161ila ve\u013emi, v\u00f4bec som to ne\u010dakala.<\/em><\/p>\n<p><strong>Ako sa pripravuje\u0161 na tieto preteky? Zvolila si nejak\u00fd systematick\u00fd pr\u00edstup v tr\u00e9ningu?<\/strong><br \/>\n<em>T\u00fdm, \u017ee tieto preteky s\u00fa ve\u013emi n\u00e1ro\u010dn\u00e9 (d\u013a\u017eka a hlavne prev\u00fd\u0161enie), tak sa sna\u017e\u00edm jazdi\u0165 viac objemov\u00e9 a silov\u00e9 tr\u00e9ningy v kopcoch. Sez\u00f3na je u\u017e v plnom pr\u00fade, tak pevne ver\u00edm, \u017ee preteky absolvujem s \u00fasmevom a bez ve\u013ek\u00e9ho \u201eutrpenia\u201c.<\/em><\/p>\n<p><strong>Ak\u00fd je tvoj cie\u013e na t\u00fdchto pretekoch?<\/strong><br \/>\n<em>V ka\u017edom pr\u00edpade ma pote\u0161\u00ed, ak cel\u00e9 preteky prejdem v zdrav\u00ed, bez defektov a p\u00e1dov. V\u00fdsledok? V\u0161etko do 20. miesta v kateg\u00f3rii bude super ?.<\/em><\/p>\n<p><a href=\"https:\/\/d2p6e6u75xmxt8.cloudfront.net\/4\/2019\/07\/8639_640236.jpg\"><img loading=\"lazy\" decoding=\"async\" src=\"https:\/\/d2p6e6u75xmxt8.cloudfront.net\/4\/2019\/07\/8639_640236.jpg\" alt=\"\" width=\"1200\" height=\"800\" class=\"size-full wp-image-7870\" \/><\/a><\/p>\n<p><strong>\u010coho sa ob\u00e1va\u0161 a naopak, na \u010do sa najviac te\u0161\u00ed\u0161?<\/strong><br \/>\n<em>Najviac sa ob\u00e1vam zl\u00e9ho po\u010dasia. Inak z pretekov obavy nem\u00e1m. Mysl\u00edm, \u017ee natr\u00e9novan\u00e9 m\u00e1m dobre ?. Te\u0161\u00edm sa na v\u0161etko, bude to ur\u010dite z\u00e1\u017eitok na cel\u00fd \u017eivot.<\/em><\/p>\n<p><strong>Na \u010do v\u0161etko mus\u00edme myslie\u0165, ak sa chceme z\u00fa\u010dastni\u0165 L&#8217;Etape du Tour?<\/strong><br \/>\n<em>Ur\u010dite si treba uvedomi\u0165, \u017ee tieto preteky nie s\u00fa \u00faplne pre ka\u017ed\u00e9ho. Je potrebn\u00e9 ve\u013ea \u010dasu venova\u0165 tr\u00e9ningu. S t\u00fdm samozrejme s\u00favis\u00ed m\u00e1lo \u010dasu na priate\u013eov a in\u00e9 aktivity.<\/em><\/p>\n<p><a href=\"https:\/\/d2p6e6u75xmxt8.cloudfront.net\/4\/2019\/07\/w_l2.JPG.jpg\"><img loading=\"lazy\" decoding=\"async\" src=\"https:\/\/d2p6e6u75xmxt8.cloudfront.net\/4\/2019\/07\/w_l2.JPG.jpg\" alt=\"\" width=\"1200\" height=\"800\" class=\"alignnone size-full wp-image-7871\" \/><\/a><\/p>\n<p><strong>Z\u00fa\u010dastnila si sa v minulosti podobn\u00fdch akci\u00ed alebo to bude pre teba premi\u00e9ra?<\/strong><br \/>\n<em>Na podobn\u00fdch pretekoch som e\u0161te nikdy nebola. Toto bude moja premi\u00e9ra ?.<\/em><\/p>\n<p><strong>Tour de France sa n\u00e1m pekne za\u010dala. Sleduje\u0161 ju? Komu fand\u00ed\u0161? Kto je tvoj favorit?<\/strong><br \/>\n<em>Sledujem v\u00e4\u010d\u0161inou zo z\u00e1znamu, cez v\u00edkend si pozriem aj live prenos. Fand\u00edm samozrejme \u201en\u00e1\u0161mu\u201c Pe\u0165ovi ?.<\/em><\/p>\n<p><strong>\u010co by si odk\u00e1zala v\u0161etk\u00fdm \u010ditate\u013eom WeLoveCycling, ktor\u00ed by sa chceli z\u00fa\u010dastni\u0165 tak\u00fdchto pretekov a chc\u00fa za\u010da\u0165 s hobby cyklistikou?<\/strong><br \/>\n<em>Ur\u010dite sa treba zapoji\u0165 do s\u00fa\u0165a\u017ee a veri\u0165, \u017ee aj pr\u00e1ve na v\u00e1s sa usmeje \u0161\u0165astie. Jazdite s rados\u0165ou, cyklistiku si u\u017e\u00edvajte ?.<\/em><\/p>\n<p><a href=\"https:\/\/d2p6e6u75xmxt8.cloudfront.net\/4\/2019\/07\/w_l7.jpg\"><img loading=\"lazy\" decoding=\"async\" src=\"https:\/\/d2p6e6u75xmxt8.cloudfront.net\/4\/2019\/07\/w_l7.jpg\" alt=\"\" width=\"1200\" height=\"800\" class=\"alignnone size-full wp-image-7872\" \/><\/a><\/p>\n<p>A my v\u0161etci \u017eel\u00e1me Zuzke dobr\u00e9 nohy a dr\u017e\u00edme palce na L&#8217;Etape du Tour. Ur\u010dite ju vyspoved\u00e1me aj po jej n\u00e1vrate.<\/p>\n","protected":false},"excerpt":{"rendered":"<p>Na\u0161a \u010ditate\u013eka Zuzka vyhrala mo\u017enos\u0165 sa z\u00fa\u010dastni\u0165 na pretekoch L\u2019\u00c9tape du Tour a stane sa tak na jeden de\u0148 pretek\u00e1rkou [&hellip;]<\/p>\n","protected":false},"author":38,"featured_media":7865,"comment_status":"open","ping_status":"open","sticky":false,"template":"","format":"standard","meta":{"footnotes":""},"categories":[117],"tags":[275,115,331,306,71,179,501,72,20,810,269,1029],"global-categories":[],"class_list":["post-7864","post","type-post","status-publish","format-standard","has-post-thumbnail","hentry","category-tour-de-france","tag-cesta","tag-cestna-cyklistika","tag-etapove-preteky","tag-francuzsko","tag-letape-du-tour","tag-preteky","tag-rozhovor","tag-sutaz","tag-tour-de-france","tag-tour-de-france-2019","tag-vitaz","tag-zuzana-juhasova"],"yoast_head":"<!-- This site is optimized with the Yoast SEO Premium plugin v25.3 (Yoast SEO v25.9) - https:\/\/yoast.com\/wordpress\/plugins\/seo\/ -->\n<title>Rozhovor: Ako som vyhrala mo\u017enos\u0165 z\u00fa\u010dastni\u0165 sa na L&#039;Etape du Tour? - \u0160koda We Love Cycling Slovensko<\/title>\n<meta name=\"robots\" content=\"index, follow, max-snippet:-1, max-image-preview:large, max-video-preview:-1\" \/>\n<link rel=\"canonical\" href=\"https:\/\/www.welovecycling.com\/sk\/2019\/07\/18\/rozhovor-ako-som-vyhrala-moznost-zucastnit-sa-na-letape-du-tour\/\" \/>\n<meta property=\"og:locale\" content=\"sk_SK\" \/>\n<meta property=\"og:type\" content=\"article\" \/>\n<meta property=\"og:title\" content=\"Rozhovor: Ako som vyhrala mo\u017enos\u0165 z\u00fa\u010dastni\u0165 sa na L&#039;Etape du Tour?\" \/>\n<meta property=\"og:description\" content=\"Na\u0161a \u010ditate\u013eka Zuzka vyhrala mo\u017enos\u0165 sa z\u00fa\u010dastni\u0165 na pretekoch L\u2019\u00c9tape du Tour a stane sa tak na jeden de\u0148 pretek\u00e1rkou [&hellip;]\" \/>\n<meta property=\"og:url\" content=\"https:\/\/www.welovecycling.com\/sk\/2019\/07\/18\/rozhovor-ako-som-vyhrala-moznost-zucastnit-sa-na-letape-du-tour\/\" \/>\n<meta property=\"og:site_name\" content=\"\u0160koda We Love Cycling Slovensko\" \/>\n<meta property=\"article:published_time\" content=\"2019-07-18T09:03:16+00:00\" \/>\n<meta property=\"og:image\" content=\"https:\/\/d2p6e6u75xmxt8.cloudfront.net\/4\/2019\/07\/Juhasove_2000px_3.webp\" \/>\n\t<meta property=\"og:image:width\" content=\"1380\" \/>\n\t<meta property=\"og:image:height\" content=\"600\" \/>\n\t<meta property=\"og:image:type\" content=\"image\/webp\" \/>\n<meta name=\"author\" content=\"Ondrej Ga\u0161par\" \/>\n<meta name=\"twitter:card\" content=\"summary_large_image\" \/>\n<meta name=\"twitter:label1\" content=\"Written by\" \/>\n\t<meta name=\"twitter:data1\" content=\"We Love Cycling\" \/>\n\t<meta name=\"twitter:label2\" content=\"Est. reading time\" \/>\n\t<meta name=\"twitter:data2\" content=\"5\" \/>\n<script type=\"application\/ld+json\" class=\"yoast-schema-graph\">{\"@context\":\"https:\/\/schema.org\",\"@graph\":[{\"@type\":\"WebPage\",\"@id\":\"https:\/\/www.welovecycling.com\/sk\/2019\/07\/18\/rozhovor-ako-som-vyhrala-moznost-zucastnit-sa-na-letape-du-tour\/\",\"url\":\"https:\/\/www.welovecycling.com\/sk\/2019\/07\/18\/rozhovor-ako-som-vyhrala-moznost-zucastnit-sa-na-letape-du-tour\/\",\"name\":\"Rozhovor: Ako som vyhrala mo\u017enos\u0165 z\u00fa\u010dastni\u0165 sa na L'Etape du Tour? - \u0160koda We Love Cycling Slovensko\",\"isPartOf\":{\"@id\":\"https:\/\/www.welovecycling.com\/sk\/#website\"},\"primaryImageOfPage\":{\"@id\":\"https:\/\/www.welovecycling.com\/sk\/2019\/07\/18\/rozhovor-ako-som-vyhrala-moznost-zucastnit-sa-na-letape-du-tour\/#primaryimage\"},\"image\":{\"@id\":\"https:\/\/www.welovecycling.com\/sk\/2019\/07\/18\/rozhovor-ako-som-vyhrala-moznost-zucastnit-sa-na-letape-du-tour\/#primaryimage\"},\"thumbnailUrl\":\"https:\/\/d2p6e6u75xmxt8.cloudfront.net\/4\/2019\/07\/Juhasove_2000px_3.webp\",\"datePublished\":\"2019-07-18T09:03:16+00:00\",\"author\":{\"@id\":\"https:\/\/www.welovecycling.com\/sk\/#\/schema\/person\/8ee09ba39b7e25b1870160aa5b3a89bc\"},\"breadcrumb\":{\"@id\":\"https:\/\/www.welovecycling.com\/sk\/2019\/07\/18\/rozhovor-ako-som-vyhrala-moznost-zucastnit-sa-na-letape-du-tour\/#breadcrumb\"},\"inLanguage\":\"sk-SK\",\"potentialAction\":[{\"@type\":\"ReadAction\",\"target\":[\"https:\/\/www.welovecycling.com\/sk\/2019\/07\/18\/rozhovor-ako-som-vyhrala-moznost-zucastnit-sa-na-letape-du-tour\/\"]}]},{\"@type\":\"ImageObject\",\"inLanguage\":\"sk-SK\",\"@id\":\"https:\/\/www.welovecycling.com\/sk\/2019\/07\/18\/rozhovor-ako-som-vyhrala-moznost-zucastnit-sa-na-letape-du-tour\/#primaryimage\",\"url\":\"https:\/\/d2p6e6u75xmxt8.cloudfront.net\/4\/2019\/07\/Juhasove_2000px_3.webp\",\"contentUrl\":\"https:\/\/d2p6e6u75xmxt8.cloudfront.net\/4\/2019\/07\/Juhasove_2000px_3.webp\",\"width\":1380,\"height\":600},{\"@type\":\"BreadcrumbList\",\"@id\":\"https:\/\/www.welovecycling.com\/sk\/2019\/07\/18\/rozhovor-ako-som-vyhrala-moznost-zucastnit-sa-na-letape-du-tour\/#breadcrumb\",\"itemListElement\":[{\"@type\":\"ListItem\",\"position\":1,\"name\":\"Home\",\"item\":\"https:\/\/www.welovecycling.com\/sk\/\"},{\"@type\":\"ListItem\",\"position\":2,\"name\":\"Rozhovor: Ako som vyhrala mo\u017enos\u0165 z\u00fa\u010dastni\u0165 sa na L&#8217;Etape du Tour?\"}]},{\"@type\":\"WebSite\",\"@id\":\"https:\/\/www.welovecycling.com\/sk\/#website\",\"url\":\"https:\/\/www.welovecycling.com\/sk\/\",\"name\":\"\u0160koda We Love Cycling Slovensko\",\"description\":\"\u0160koda We Love Cycling Slovensko je v\u00e1\u0161 ka\u017edodenn\u00fd zdroj noviniek a in\u0161pir\u00e1cie z sveta cyklistiky\",\"potentialAction\":[{\"@type\":\"SearchAction\",\"target\":{\"@type\":\"EntryPoint\",\"urlTemplate\":\"https:\/\/www.welovecycling.com\/sk\/?s={search_term_string}\"},\"query-input\":{\"@type\":\"PropertyValueSpecification\",\"valueRequired\":true,\"valueName\":\"search_term_string\"}}],\"inLanguage\":\"sk-SK\"},{\"@type\":\"Person\",\"@id\":\"https:\/\/www.welovecycling.com\/sk\/#\/schema\/person\/8ee09ba39b7e25b1870160aa5b3a89bc\",\"name\":\"Ondrej Ga\u0161par\",\"image\":{\"@type\":\"ImageObject\",\"inLanguage\":\"sk-SK\",\"@id\":\"https:\/\/www.welovecycling.com\/sk\/#\/schema\/person\/image\/\",\"url\":\"https:\/\/secure.gravatar.com\/avatar\/6126c9afb87b70da5abbb083ddbb21933da15f18f8ca7cb822aba0fb096a48f6?s=96&d=mm&r=g\",\"contentUrl\":\"https:\/\/secure.gravatar.com\/avatar\/6126c9afb87b70da5abbb083ddbb21933da15f18f8ca7cb822aba0fb096a48f6?s=96&d=mm&r=g\",\"caption\":\"Ondrej Ga\u0161par\"},\"url\":\"https:\/\/www.welovecycling.com\/sk\/author\/ondrejgaspar\/\"}]}<\/script>\n<!-- \/ Yoast SEO Premium plugin. -->","yoast_head_json":{"title":"Rozhovor: Ako som vyhrala mo\u017enos\u0165 z\u00fa\u010dastni\u0165 sa na L'Etape du Tour? - \u0160koda We Love Cycling Slovensko","robots":{"index":"index","follow":"follow","max-snippet":"max-snippet:-1","max-image-preview":"max-image-preview:large","max-video-preview":"max-video-preview:-1"},"canonical":"https:\/\/www.welovecycling.com\/sk\/2019\/07\/18\/rozhovor-ako-som-vyhrala-moznost-zucastnit-sa-na-letape-du-tour\/","og_locale":"sk_SK","og_type":"article","og_title":"Rozhovor: Ako som vyhrala mo\u017enos\u0165 z\u00fa\u010dastni\u0165 sa na L'Etape du Tour?","og_description":"Na\u0161a \u010ditate\u013eka Zuzka vyhrala mo\u017enos\u0165 sa z\u00fa\u010dastni\u0165 na pretekoch L\u2019\u00c9tape du Tour a stane sa tak na jeden de\u0148 pretek\u00e1rkou [&hellip;]","og_url":"https:\/\/www.welovecycling.com\/sk\/2019\/07\/18\/rozhovor-ako-som-vyhrala-moznost-zucastnit-sa-na-letape-du-tour\/","og_site_name":"\u0160koda We Love Cycling Slovensko","article_published_time":"2019-07-18T09:03:16+00:00","og_image":[{"width":1380,"height":600,"url":"https:\/\/d2p6e6u75xmxt8.cloudfront.net\/4\/2019\/07\/Juhasove_2000px_3.webp","type":"image\/webp"}],"author":"Ondrej Ga\u0161par","twitter_card":"summary_large_image","twitter_misc":{"Written by":"We Love Cycling","Est. reading time":"5"},"schema":{"@context":"https:\/\/schema.org","@graph":[{"@type":"WebPage","@id":"https:\/\/www.welovecycling.com\/sk\/2019\/07\/18\/rozhovor-ako-som-vyhrala-moznost-zucastnit-sa-na-letape-du-tour\/","url":"https:\/\/www.welovecycling.com\/sk\/2019\/07\/18\/rozhovor-ako-som-vyhrala-moznost-zucastnit-sa-na-letape-du-tour\/","name":"Rozhovor: Ako som vyhrala mo\u017enos\u0165 z\u00fa\u010dastni\u0165 sa na L'Etape du Tour? - \u0160koda We Love Cycling Slovensko","isPartOf":{"@id":"https:\/\/www.welovecycling.com\/sk\/#website"},"primaryImageOfPage":{"@id":"https:\/\/www.welovecycling.com\/sk\/2019\/07\/18\/rozhovor-ako-som-vyhrala-moznost-zucastnit-sa-na-letape-du-tour\/#primaryimage"},"image":{"@id":"https:\/\/www.welovecycling.com\/sk\/2019\/07\/18\/rozhovor-ako-som-vyhrala-moznost-zucastnit-sa-na-letape-du-tour\/#primaryimage"},"thumbnailUrl":"https:\/\/d2p6e6u75xmxt8.cloudfront.net\/4\/2019\/07\/Juhasove_2000px_3.webp","datePublished":"2019-07-18T09:03:16+00:00","author":{"@id":"https:\/\/www.welovecycling.com\/sk\/#\/schema\/person\/8ee09ba39b7e25b1870160aa5b3a89bc"},"breadcrumb":{"@id":"https:\/\/www.welovecycling.com\/sk\/2019\/07\/18\/rozhovor-ako-som-vyhrala-moznost-zucastnit-sa-na-letape-du-tour\/#breadcrumb"},"inLanguage":"sk-SK","potentialAction":[{"@type":"ReadAction","target":["https:\/\/www.welovecycling.com\/sk\/2019\/07\/18\/rozhovor-ako-som-vyhrala-moznost-zucastnit-sa-na-letape-du-tour\/"]}]},{"@type":"ImageObject","inLanguage":"sk-SK","@id":"https:\/\/www.welovecycling.com\/sk\/2019\/07\/18\/rozhovor-ako-som-vyhrala-moznost-zucastnit-sa-na-letape-du-tour\/#primaryimage","url":"https:\/\/d2p6e6u75xmxt8.cloudfront.net\/4\/2019\/07\/Juhasove_2000px_3.webp","contentUrl":"https:\/\/d2p6e6u75xmxt8.cloudfront.net\/4\/2019\/07\/Juhasove_2000px_3.webp","width":1380,"height":600},{"@type":"BreadcrumbList","@id":"https:\/\/www.welovecycling.com\/sk\/2019\/07\/18\/rozhovor-ako-som-vyhrala-moznost-zucastnit-sa-na-letape-du-tour\/#breadcrumb","itemListElement":[{"@type":"ListItem","position":1,"name":"Home","item":"https:\/\/www.welovecycling.com\/sk\/"},{"@type":"ListItem","position":2,"name":"Rozhovor: Ako som vyhrala mo\u017enos\u0165 z\u00fa\u010dastni\u0165 sa na L&#8217;Etape du Tour?"}]},{"@type":"WebSite","@id":"https:\/\/www.welovecycling.com\/sk\/#website","url":"https:\/\/www.welovecycling.com\/sk\/","name":"\u0160koda We Love Cycling Slovensko","description":"\u0160koda We Love Cycling Slovensko je v\u00e1\u0161 ka\u017edodenn\u00fd zdroj noviniek a in\u0161pir\u00e1cie z sveta cyklistiky","potentialAction":[{"@type":"SearchAction","target":{"@type":"EntryPoint","urlTemplate":"https:\/\/www.welovecycling.com\/sk\/?s={search_term_string}"},"query-input":{"@type":"PropertyValueSpecification","valueRequired":true,"valueName":"search_term_string"}}],"inLanguage":"sk-SK"},{"@type":"Person","@id":"https:\/\/www.welovecycling.com\/sk\/#\/schema\/person\/8ee09ba39b7e25b1870160aa5b3a89bc","name":"Ondrej Ga\u0161par","image":{"@type":"ImageObject","inLanguage":"sk-SK","@id":"https:\/\/www.welovecycling.com\/sk\/#\/schema\/person\/image\/","url":"https:\/\/secure.gravatar.com\/avatar\/6126c9afb87b70da5abbb083ddbb21933da15f18f8ca7cb822aba0fb096a48f6?s=96&d=mm&r=g","contentUrl":"https:\/\/secure.gravatar.com\/avatar\/6126c9afb87b70da5abbb083ddbb21933da15f18f8ca7cb822aba0fb096a48f6?s=96&d=mm&r=g","caption":"Ondrej Ga\u0161par"},"url":"https:\/\/www.welovecycling.com\/sk\/author\/ondrejgaspar\/"}]}},"_links":{"self":[{"href":"https:\/\/www.welovecycling.com\/sk\/wp-json\/wp\/v2\/posts\/7864","targetHints":{"allow":["GET"]}}],"collection":[{"href":"https:\/\/www.welovecycling.com\/sk\/wp-json\/wp\/v2\/posts"}],"about":[{"href":"https:\/\/www.welovecycling.com\/sk\/wp-json\/wp\/v2\/types\/post"}],"author":[{"embeddable":true,"href":"https:\/\/www.welovecycling.com\/sk\/wp-json\/wp\/v2\/users\/38"}],"replies":[{"embeddable":true,"href":"https:\/\/www.welovecycling.com\/sk\/wp-json\/wp\/v2\/comments?post=7864"}],"version-history":[{"count":2,"href":"https:\/\/www.welovecycling.com\/sk\/wp-json\/wp\/v2\/posts\/7864\/revisions"}],"predecessor-version":[{"id":7875,"href":"https:\/\/www.welovecycling.com\/sk\/wp-json\/wp\/v2\/posts\/7864\/revisions\/7875"}],"wp:featuredmedia":[{"embeddable":true,"href":"https:\/\/www.welovecycling.com\/sk\/wp-json\/wp\/v2\/media\/7865"}],"wp:attachment":[{"href":"https:\/\/www.welovecycling.com\/sk\/wp-json\/wp\/v2\/media?parent=7864"}],"wp:term":[{"taxonomy":"category","embeddable":true,"href":"https:\/\/www.welovecycling.com\/sk\/wp-json\/wp\/v2\/categories?post=7864"},{"taxonomy":"post_tag","embeddable":true,"href":"https:\/\/www.welovecycling.com\/sk\/wp-json\/wp\/v2\/tags?post=7864"},{"taxonomy":"global-categories","embeddable":true,"href":"https:\/\/www.welovecycling.com\/sk\/wp-json\/wp\/v2\/global-categories?post=7864"}],"curies":[{"name":"wp","href":"https:\/\/api.w.org\/{rel}","templated":true}]}}