{"id":7856,"date":"2019-07-19T11:53:21","date_gmt":"2019-07-19T09:53:21","guid":{"rendered":"https:\/\/www.welovecycling.com\/sk\/?p=7856"},"modified":"2019-07-19T11:53:21","modified_gmt":"2019-07-19T09:53:21","slug":"legendarna-slavia-zazije-atmosferu-tour-de-france","status":"publish","type":"post","link":"https:\/\/www.welovecycling.com\/sk\/2019\/07\/19\/legendarna-slavia-zazije-atmosferu-tour-de-france\/","title":{"rendered":"Legend\u00e1rna SLAVIA za\u017eije atmosf\u00e9ru Tour de France"},"content":{"rendered":"<p><strong>Ka\u017ed\u00fd \u010dlovek m\u00e1 nejak\u00fd sen. Vladim\u00edr Vidim z Prahy len nesn\u00edva. On si svoje sny pln\u00ed. V\u00e1\u0161niv\u00fd cyklista a v\u00fdrobca bicyklov ka\u017ed\u00e9ho druhu si zaumienil, \u017ee o\u017eiv\u00ed legendu s n\u00e1zvom SLAVIA \u2013 bicykel zakladate\u013eov zna\u010dky Laurin &#038; Klement, teda predchodcu firmy \u0160koda AUTO, a vyraz\u00ed s \u0148ou na L&#8217;\u00c9tape du Tour, jedin\u00fa etapu sl\u00e1vnej Tour de France, ktor\u00e1 je otvoren\u00e1 pretekaj\u00facej verejnosti.<\/strong><br \/>\n<!--more--><\/p>\n<p>V\u00e1clav Laurin a V\u00e1clav Klement, zakladatelia automobilky \u0160koda AUTO, postavili <strong>prv\u00fd bicykel zna\u010dky SLAVIA v roku 1895<\/strong>. Fan\u00fa\u0161ik historick\u00fdch bicyklov, Vladim\u00edr Vidim, v s\u00fa\u010dasnosti op\u00e4tovne stavia ich tret\u00ed model, ktor\u00fd bol z\u00e1rove\u0148 prv\u00fdm pretek\u00e1rskom strojom SLAVIA z roku 1896, a chce na \u0148om prejs\u0165 tohtoro\u010dn\u00e9 preteky <a href=\"https:\/\/www.letapedutour.com\/en\/\" rel=\"noopener\" target=\"_blank\">L\u2019\u00c9tape du Tour<\/a> \u2013 135 kilometrov dlh\u00fa alpsk\u00fa etapu Tour de France, otvoren\u00fa pre verejnos\u0165. <em>\u201eK my\u0161lienke o\u017eivi\u0165 legendu ma priviedla l\u00e1ska k cyklistike a k trad\u00edcii,\u201c<\/em> hovor\u00ed <strong>Vladim\u00edr Vidim<\/strong>.<\/p>\n<p>SLAVIA je legenda. Na konci dev\u00e4tn\u00e1steho storo\u010dia bol bicykel v\u00fdnimo\u010dn\u00fdm a s\u00fa\u010dasne drah\u00fdm dopravn\u00fdm prostriedkom. V\u00e1clav Klement si v tej dobe k\u00fapil bicykel zna\u010dky Germania, a ke\u010f sa mu pokazil, nap\u00edsal reklama\u010dn\u00fd list do pobo\u010dky dr\u00e1\u017e\u010fanskej firmy Seidel &#038; Naumann, s\u00eddliacej v severo\u010deskom \u00dasti nad Labem. Odpove\u010f v\u00fdrobcu, s ktorou nebol v\u00f4bec spokojn\u00fd, ho priviedla k rozhodnutiu, aby s priate\u013eom Laurinom zalo\u017eil vlastn\u00fa spolo\u010dnos\u0165 s vlasteneck\u00fdm n\u00e1zvom SLAVIA. Bicykle rovnak\u00e9ho mena za\u010dali vyr\u00e1ba\u0165 v dielni na predmest\u00ed Mladej Boleslavy.<\/p>\n<figure id=\"attachment_7857\" aria-describedby=\"caption-attachment-7857\" style=\"width: 1024px\" class=\"wp-caption alignnone\"><a href=\"https:\/\/d2p6e6u75xmxt8.cloudfront.net\/13\/2019\/07\/skoda-slavia-bike-side-view-photo.jpg\"><img loading=\"lazy\" decoding=\"async\" class=\"wp-image-7857 size-large\" src=\"https:\/\/d2p6e6u75xmxt8.cloudfront.net\/4\/2019\/07\/skoda-slavia-bike-side-view-photo-1024x739.jpg\" alt=\"\" width=\"1024\" height=\"739\" \/><\/a><figcaption id=\"caption-attachment-7857\" class=\"wp-caption-text\">SLAVIA, tret\u00ed model z dielne Laurin &#038; Klement, o\u017eil v\u010faka Vladim\u00edrovi Vidimovi.<\/figcaption><\/figure>\n<p>O viac ne\u017e stodvadsa\u0165 rokov nesk\u00f4r sedel Vladim\u00edr Vidim v pohostinstve s kamar\u00e1tmi, ke\u010f mu napadlo, \u017ee jeden zo sl\u00e1vnych bicyklov SLAVIA o\u017eiv\u00ed. <em>\u201eHovorili sme si, \u017ee ke\u010f zna\u010dka \u0160koda sponzoruje Tour de France, bolo by super t\u00fato legendu da\u0165 dokopy a jednu etapu Tour na nej taktie\u017e prejs\u0165,\u201c<\/em> hovor\u00ed <strong>Vladim\u00edr Vidim<\/strong>, ktor\u00fd sa cyklistickej v\u00e1\u0161ni venuje vo svojej dielni v Roztok\u00e1ch pri Prahe.<\/p>\n<p>Bez bicykla si \u017eivot nedok\u00e1\u017ee predstavi\u0165. V\u010faka tomu, \u017ee vo vtedaj\u0161om socialistickom \u010ceskoslovensku neboli kvalitn\u00e9 bicykle dostupn\u00e9, sa ich Vladim\u00edr nau\u010dil stava\u0165 s\u00e1m. Akt\u00edvne na bicykloch pretekal a v s\u00fa\u010dasnej dobe tr\u00e9nuje dorast v pra\u017eskom cyklistickom klube Dukla Praha, ktor\u00e9mu vo svojej dielni aj opravuje bicykle.<\/p>\n<p>Za svoj \u017eivot u\u017e postavil nejeden stroj. <em>\u201eAko vyu\u010den\u00fd z\u00e1mo\u010dn\u00edk som sa v\u017edy sna\u017eil dok\u00e1za\u0165 to ist\u00e9, \u010do vedeli remeseln\u00edci predt\u00fdm,\u201c<\/em> hovor\u00ed Vladim\u00edr, ktor\u00fd vytvoril repliky v\u0161etk\u00fdch mo\u017en\u00fdch historick\u00fdch bicyklov &#8211; od drez\u00edny cez kostitras, a\u017e po vysok\u00fd bicykel. <strong>Bicykle nielen\u017ee stavia, ale rovnako tak na nich jazd\u00ed a vytvoril na nich u\u017e viacero rekordov<\/strong>. Na vysokom bicykli napr\u00edklad dok\u00e1zal prejs\u0165 470 kilometrov bez toho, aby si \u0161liapol na zem. Z bicykla nezi\u0161iel 23 hod\u00edn na jeden z\u00e1\u0165ah. K dosiahnutiu rekordu musel da\u0165 dokopy partiu kamar\u00e1tov, ktor\u00ed i\u0161li vopred a zis\u0165ovali, \u010di niekde nejde vlak a nebud\u00fa stiahnut\u00e9 z\u00e1vory na priecest\u00ed Projekt SLAVIA, ktor\u00fd chce zav\u0155\u0161i\u0165 \u00fa\u010das\u0165ou na L&#8217;\u00c9tape du Tour, si vymyslel ako \u010fal\u0161iu ve\u013ek\u00fa v\u00fdzvu.<\/p>\n<h2><strong>Pretek\u00e1rska predloha sa nena\u0161la<\/strong><\/h2>\n<p>Dnes m\u00e1 bicykel hotov\u00fd, ale prizn\u00e1va, \u017ee to v\u00f4bec nebolo jednoduch\u00e9. Dochovali sa s\u00edce nejak\u00e9 origin\u00e1lne bicykle Laurin &#038; Klemen SLAVIA v cestovnom preveden\u00ed, \u010di u\u017e v \u0160koda M\u00fazeu alebo u s\u00fakromn\u00fdch zberate\u013eov, ale \u017eiadny exempl\u00e1r pretek\u00e1rskeho prevedenia. <em>\u201eNakoniec sa uk\u00e1zalo, \u017ee nikto o \u017eiadnom dochovanom exempl\u00e1ri nevie a ostali sme st\u00e1\u0165 na m\u0155tvom bode,\u201c<\/em> hovor\u00ed Vladim\u00edr.<\/p>\n<p>Neost\u00e1valo mu ni\u010d in\u00e9, ne\u017e sa pusti\u0165 do v\u00fdroby len pod\u013ea fotografi\u00ed, dobov\u00fdch prospektov a \u010fal\u0161\u00edch podkladov z arch\u00edvu firmy \u0160koda AUTO. Z nich za pomoci prav\u00edtok a uhlomerov odvodil p\u00f4vodn\u00e9 uhly a d\u013a\u017eky.<\/p>\n<div id='gallery-1' class='gallery galleryid-7856 gallery-columns-3 gallery-size-medium'><figure class='gallery-item'>\n\t\t\t<div class='gallery-icon landscape'>\n\t\t\t\t<a href='https:\/\/d2p6e6u75xmxt8.cloudfront.net\/4\/2019\/07\/sketches_board-scaled.webp'><img loading=\"lazy\" decoding=\"async\" width=\"300\" height=\"200\" src=\"https:\/\/d2p6e6u75xmxt8.cloudfront.net\/4\/2019\/07\/sketches_board-300x200.webp\" class=\"attachment-medium size-medium\" alt=\"\" srcset=\"https:\/\/d2p6e6u75xmxt8.cloudfront.net\/4\/2019\/07\/sketches_board-300x200.webp 300w, https:\/\/d2p6e6u75xmxt8.cloudfront.net\/4\/2019\/07\/sketches_board-1024x683.webp 1024w, https:\/\/d2p6e6u75xmxt8.cloudfront.net\/4\/2019\/07\/sketches_board-768x512.webp 768w, https:\/\/d2p6e6u75xmxt8.cloudfront.net\/4\/2019\/07\/sketches_board-1536x1024.webp 1536w, https:\/\/d2p6e6u75xmxt8.cloudfront.net\/4\/2019\/07\/sketches_board-2048x1365.webp 2048w, https:\/\/d2p6e6u75xmxt8.cloudfront.net\/4\/2019\/07\/sketches_board-1920x1280.webp 1920w, https:\/\/d2p6e6u75xmxt8.cloudfront.net\/4\/2019\/07\/sketches_board-272x182.webp 272w, https:\/\/d2p6e6u75xmxt8.cloudfront.net\/4\/2019\/07\/sketches_board-1920x1280.webp 1920w\" sizes=\"auto, (max-width: 300px) 100vw, 300px\" \/><\/a>\n\t\t\t<\/div><\/figure><figure class='gallery-item'>\n\t\t\t<div class='gallery-icon landscape'>\n\t\t\t\t<a href='https:\/\/d2p6e6u75xmxt8.cloudfront.net\/4\/2019\/07\/tools_detail-scaled.webp'><img loading=\"lazy\" decoding=\"async\" width=\"300\" height=\"200\" src=\"https:\/\/d2p6e6u75xmxt8.cloudfront.net\/4\/2019\/07\/tools_detail-300x200.webp\" class=\"attachment-medium size-medium\" alt=\"\" srcset=\"https:\/\/d2p6e6u75xmxt8.cloudfront.net\/4\/2019\/07\/tools_detail-300x200.webp 300w, https:\/\/d2p6e6u75xmxt8.cloudfront.net\/4\/2019\/07\/tools_detail-1024x683.webp 1024w, https:\/\/d2p6e6u75xmxt8.cloudfront.net\/4\/2019\/07\/tools_detail-768x512.webp 768w, https:\/\/d2p6e6u75xmxt8.cloudfront.net\/4\/2019\/07\/tools_detail-1536x1024.webp 1536w, https:\/\/d2p6e6u75xmxt8.cloudfront.net\/4\/2019\/07\/tools_detail-2048x1365.webp 2048w, https:\/\/d2p6e6u75xmxt8.cloudfront.net\/4\/2019\/07\/tools_detail-1920x1280.webp 1920w, https:\/\/d2p6e6u75xmxt8.cloudfront.net\/4\/2019\/07\/tools_detail-272x182.webp 272w, https:\/\/d2p6e6u75xmxt8.cloudfront.net\/4\/2019\/07\/tools_detail-1920x1280.webp 1920w\" sizes=\"auto, (max-width: 300px) 100vw, 300px\" \/><\/a>\n\t\t\t<\/div><\/figure><figure class='gallery-item'>\n\t\t\t<div class='gallery-icon landscape'>\n\t\t\t\t<a href='https:\/\/d2p6e6u75xmxt8.cloudfront.net\/4\/2019\/07\/bike_detail_1-scaled.webp'><img loading=\"lazy\" decoding=\"async\" width=\"300\" height=\"200\" src=\"https:\/\/d2p6e6u75xmxt8.cloudfront.net\/4\/2019\/07\/bike_detail_1-scaled-300x200.webp\" class=\"attachment-medium size-medium\" alt=\"\" srcset=\"https:\/\/d2p6e6u75xmxt8.cloudfront.net\/4\/2019\/07\/bike_detail_1-scaled-300x200.webp 300w, https:\/\/d2p6e6u75xmxt8.cloudfront.net\/4\/2019\/07\/bike_detail_1-scaled-1024x683.webp 1024w, https:\/\/d2p6e6u75xmxt8.cloudfront.net\/4\/2019\/07\/bike_detail_1-scaled-768x512.webp 768w, https:\/\/d2p6e6u75xmxt8.cloudfront.net\/4\/2019\/07\/bike_detail_1-scaled-1536x1024.webp 1536w, https:\/\/d2p6e6u75xmxt8.cloudfront.net\/4\/2019\/07\/bike_detail_1-scaled-2048x1366.webp 2048w, https:\/\/d2p6e6u75xmxt8.cloudfront.net\/4\/2019\/07\/bike_detail_1-scaled-1920x1280.webp 1920w, https:\/\/d2p6e6u75xmxt8.cloudfront.net\/4\/2019\/07\/bike_detail_1-scaled-272x182.webp 272w, https:\/\/d2p6e6u75xmxt8.cloudfront.net\/4\/2019\/07\/bike_detail_1-scaled-1920x1280.webp 1920w\" sizes=\"auto, (max-width: 300px) 100vw, 300px\" \/><\/a>\n\t\t\t<\/div><\/figure>\n\t\t<\/div>\n\n<p>Hor\u0161ie u\u017e bolo odhadn\u00fa\u0165 detaily, preto\u017ee na fotk\u00e1ch nie je zrejm\u00e9, \u010di s\u00fa trubky rovn\u00e9 alebo prehnut\u00e9. Ka\u017ed\u00fd odborn\u00edk pritom tvrd\u00ed nie\u010do in\u00e9. Vladim\u00edr nakoniec pou\u017eil bez\u0161vov\u00e9 trubky z chr\u00f3m-molybd\u00e9nu s priemerom 32 mm. Bicykel musel vyrobi\u0165 od z\u00e1kladu, vr\u00e1tane v\u00e4\u010d\u0161iny komponentov a mufien, teda spojok, do ktor\u00fdch sa trubky vkladaj\u00fa. Silnej\u0161ie trubky pou\u017eil na zadn\u00fa stavbu, na ktorej ch\u00fdbal spev\u0148uj\u00faci stredov\u00fd most\u00edk \u2013 teda t\u00e1 \u010das\u0165 kon\u0161trukcie, kde sa pripev\u0148uj\u00fa blatn\u00edky.<\/p>\n<p>Pr\u00edprava a stavba trvala tri mesiace. Len h\u013eadanie podkladov a vym\u00fd\u0161\u013eanie spr\u00e1vneho v\u00fdrobn\u00e9ho postupu zabralo tri t\u00fd\u017edne. Najv\u00e4\u010d\u0161\u00ed probl\u00e9m nastal hne\u010f na samotnom za\u010diatku \u2013 kr\u00e1tko po tom, \u010do sa rozhodol, \u017ee projekt bude realizova\u0165. Vladim\u00edr mal nehodu na bicykli a pri p\u00e1de si zlomil z\u00e1p\u00e4stie. <em>\u201e\u0160es\u0165 nedie\u013e som nemohol pou\u017e\u00edva\u0165 jednu ruku. Na\u0161\u0165astie viem fr\u00e9zu aj s\u00fastruh ovl\u00e1da\u0165 len jednou,\u201c<\/em> hovor\u00ed. V\u0161etok \u010das, ktor\u00fd sa mu uvo\u013enil t\u00fdm, \u017ee nemohol tr\u00e9nova\u0165, venoval pr\u00edprave dokument\u00e1cie na stavbu.<\/p>\n<p><a href=\"https:\/\/d2p6e6u75xmxt8.cloudfront.net\/13\/2019\/07\/bike_construction.jpg\"><img loading=\"lazy\" decoding=\"async\" class=\"alignnone size-large wp-image-7858\" src=\"https:\/\/d2p6e6u75xmxt8.cloudfront.net\/4\/2019\/07\/bike_construction-1024x683.jpg\" alt=\"\" width=\"1024\" height=\"683\" \/><\/a><\/p>\n<h2><strong>Brzd\u00ed \u0161mykom<\/strong><\/h2>\n<p>Keby Vladim\u00edr staval bicykel do m\u00fazea, mal by ho hotov\u00fd omnoho sk\u00f4r. Ale preto\u017ee s n\u00edm chce preteka\u0165, mus\u00ed by\u0165 bicykel nielen pekn\u00fd, ale taktie\u017e poctivo zvaren\u00fd a plne funk\u010dn\u00fd. <em>\u201eMusel som ho predimenzova\u0165, aby sa mi niekde po ceste nerozpadol,\u201c<\/em> smeje sa a vysvet\u013euje, \u017ee bicykel mus\u00ed bezpe\u010dne unies\u0165 aj \u010dloveka, ktor\u00fd v\u00e1\u017ei dev\u00e4\u0165desiat k\u00edl.<\/p>\n<p><strong>P\u00f4vodn\u00e1 SLAVIA v pretek\u00e1rskej verzii mala pevn\u00fd prevod a ch\u00fdbali jej brzdy<\/strong>. Tak\u00e9, ako ich pozn\u00e1me dnes, tak\u017ee r\u00fdchlos\u0165 sa na nej dala regulova\u0165 v\u00fdhradne ak\u00fdmsi \u0161mykom \u2013 rovnako, ako to dnes robia pou\u017e\u00edvatelia tzv. fixiek. <em>\u201eUva\u017eovali sme o variante, \u017ee by sme bicykel z bezpe\u010dnostn\u00fdch d\u00f4vodov vybavili s\u00fa\u010dasnou brzdou, ale t\u00fdm by sme sa vzdialili od origin\u00e1lu a u\u017e by to nebolo ono,\u201c<\/em> vysvet\u013euje Vladim\u00edr, ktor\u00fd teraz chce na osemn\u00e1s\u0165 kilogramov v\u00e1\u017eiacom bicykli e\u0161te \u010do najviac natr\u00e9nova\u0165.<\/p>\n<figure id=\"attachment_7859\" aria-describedby=\"caption-attachment-7859\" style=\"width: 1024px\" class=\"wp-caption alignnone\"><a href=\"https:\/\/d2p6e6u75xmxt8.cloudfront.net\/13\/2019\/07\/vladimir_vidim.jpg\"><img loading=\"lazy\" decoding=\"async\" class=\"size-large wp-image-7859\" src=\"https:\/\/d2p6e6u75xmxt8.cloudfront.net\/4\/2019\/07\/vladimir_vidim-1024x683.jpg\" alt=\"\" width=\"1024\" height=\"683\" \/><\/a><figcaption id=\"caption-attachment-7859\" class=\"wp-caption-text\">Vladim\u00edr Vidim vo svojej dielne v Roztok\u00e1ch pri Prahe.<\/figcaption><\/figure>\n<p>Na L\u2019\u00c9tape ho toti\u017e za p\u00e1r dn\u00ed ne\u010dak\u00e1 \u017eiadna prech\u00e1dzka. Preteky u\u017e od roku 1993 umo\u017e\u0148uj\u00fa amat\u00e9rskym cyklistom vysk\u00fa\u0161a\u0165 si tra\u0165 jednej etapy skuto\u010dnej Tour de France. Obvykle ide o \u0165a\u017ek\u00fa, vysokohorsk\u00fa trasu v Alp\u00e1ch alebo Pyrenejach, na ktor\u00fa sa vyd\u00e1 okolo p\u00e4tn\u00e1s\u0165tis\u00edc \u00fa\u010dastn\u00edkov. Cel\u00e1 tra\u0165 je uzatvoren\u00e1 len pre nich, okolo cesty je zaisten\u00e9 ob\u010derstvenie, lek\u00e1rska pomoc aj div\u00e1cka kulisa.<\/p>\n<p>V tohtoro\u010dnom itiner\u00e1ri <strong>vych\u00e1dza L&#8217;\u00c9tape du Tour na 21. j\u00fala<\/strong>, kedy v\u0161etk\u00fdm z\u00e1ujemcom pon\u00fakne pr\u00edle\u017eitos\u0165 vysk\u00fa\u0161a\u0165 si 20. etapu pretekov v \u00faseku medzi Albertville a Val Thornes. Cie\u013eov\u00e9 pivo si Vladim\u00edr vychutn\u00e1 po prejden\u00ed 135 kilometrov a nast\u00fapan\u00ed 4 563 v\u00fd\u0161kov\u00fdch metrov. <em>\u201eSpotil som sa pri v\u00fdrobe, spot\u00edm sa aj pri jazde. Chcem si cel\u00fa akciu u\u017ei\u0165 a d\u00f4js\u0165 do cie\u013ea \u017eiv\u00fd a zdrav\u00fd,\u201c<\/em> hovor\u00ed kon\u0161trukt\u00e9r repliky, ktor\u00e1 bude po n\u00e1vrate z L&#8217;\u00c9tape du Tour vystaven\u00e1 v <a href=\"http:\/\/museum.skoda-auto.cz\/\" rel=\"noopener\" target=\"_blank\">\u0160koda M\u00fazeu<\/a> v Mladej Boleslave.<\/p>\n","protected":false},"excerpt":{"rendered":"<p>Ka\u017ed\u00fd \u010dlovek m\u00e1 nejak\u00fd sen. Vladim\u00edr Vidim z Prahy len nesn\u00edva. On si svoje sny pln\u00ed. V\u00e1\u0161niv\u00fd cyklista a v\u00fdrobca [&hellip;]<\/p>\n","protected":false},"author":38,"featured_media":7861,"comment_status":"open","ping_status":"open","sticky":false,"template":"","format":"standard","meta":{"footnotes":""},"categories":[117],"tags":[275,115,487,331,306,1031,71,1027,179,542,1009,1030,20,810],"global-categories":[],"class_list":["post-7856","post","type-post","status-publish","format-standard","has-post-thumbnail","hentry","category-tour-de-france","tag-cesta","tag-cestna-cyklistika","tag-cestny-bicykel","tag-etapove-preteky","tag-francuzsko","tag-konstrukcia","tag-letape-du-tour","tag-legendy","tag-preteky","tag-skoda","tag-skoda-auto","tag-slavia","tag-tour-de-france","tag-tour-de-france-2019"],"yoast_head":"<!-- This site is optimized with the Yoast SEO Premium plugin v25.3 (Yoast SEO v25.9) - https:\/\/yoast.com\/wordpress\/plugins\/seo\/ -->\n<title>Legend\u00e1rna SLAVIA za\u017eije atmosf\u00e9ru Tour de France - \u0160koda We Love Cycling Slovensko<\/title>\n<meta name=\"description\" content=\"V\u00e1\u0161niv\u00fd cyklista a v\u00fdrobce kol v\u0161eho druhu si usmyslel, \u017ee o\u017eiv\u00ed legendu s n\u00e1zvem SLAVIA a vyraz\u00ed s\u00a0n\u00ed na L&#039;\u00c9tape du Tour.\" \/>\n<meta name=\"robots\" content=\"index, follow, max-snippet:-1, max-image-preview:large, max-video-preview:-1\" \/>\n<link rel=\"canonical\" href=\"https:\/\/www.welovecycling.com\/sk\/2019\/07\/19\/legendarna-slavia-zazije-atmosferu-tour-de-france\/\" \/>\n<meta property=\"og:locale\" content=\"sk_SK\" \/>\n<meta property=\"og:type\" content=\"article\" \/>\n<meta property=\"og:title\" content=\"Legend\u00e1rna SLAVIA za\u017eije atmosf\u00e9ru Tour de France\" \/>\n<meta property=\"og:description\" content=\"V\u00e1\u0161niv\u00fd cyklista a v\u00fdrobce kol v\u0161eho druhu si usmyslel, \u017ee o\u017eiv\u00ed legendu s n\u00e1zvem SLAVIA a vyraz\u00ed s\u00a0n\u00ed na L&#039;\u00c9tape du Tour.\" \/>\n<meta property=\"og:url\" content=\"https:\/\/www.welovecycling.com\/sk\/2019\/07\/19\/legendarna-slavia-zazije-atmosferu-tour-de-france\/\" \/>\n<meta property=\"og:site_name\" content=\"\u0160koda We Love Cycling Slovensko\" \/>\n<meta property=\"article:published_time\" content=\"2019-07-19T09:53:21+00:00\" \/>\n<meta property=\"og:image\" content=\"https:\/\/d2p6e6u75xmxt8.cloudfront.net\/4\/2019\/07\/skoda-slavia-bike-outside-vladimir-vidim-scaled.webp\" \/>\n\t<meta property=\"og:image:width\" content=\"2560\" \/>\n\t<meta property=\"og:image:height\" content=\"1707\" \/>\n\t<meta property=\"og:image:type\" content=\"image\/webp\" \/>\n<meta name=\"author\" content=\"Ondrej Ga\u0161par\" \/>\n<meta name=\"twitter:card\" content=\"summary_large_image\" \/>\n<meta name=\"twitter:label1\" content=\"Written by\" \/>\n\t<meta name=\"twitter:data1\" content=\"We Love Cycling\" \/>\n\t<meta name=\"twitter:label2\" content=\"Est. reading time\" \/>\n\t<meta name=\"twitter:data2\" content=\"8\" \/>\n<script type=\"application\/ld+json\" class=\"yoast-schema-graph\">{\"@context\":\"https:\/\/schema.org\",\"@graph\":[{\"@type\":\"WebPage\",\"@id\":\"https:\/\/www.welovecycling.com\/sk\/2019\/07\/19\/legendarna-slavia-zazije-atmosferu-tour-de-france\/\",\"url\":\"https:\/\/www.welovecycling.com\/sk\/2019\/07\/19\/legendarna-slavia-zazije-atmosferu-tour-de-france\/\",\"name\":\"Legend\u00e1rna SLAVIA za\u017eije atmosf\u00e9ru Tour de France - \u0160koda We Love Cycling Slovensko\",\"isPartOf\":{\"@id\":\"https:\/\/www.welovecycling.com\/sk\/#website\"},\"primaryImageOfPage\":{\"@id\":\"https:\/\/www.welovecycling.com\/sk\/2019\/07\/19\/legendarna-slavia-zazije-atmosferu-tour-de-france\/#primaryimage\"},\"image\":{\"@id\":\"https:\/\/www.welovecycling.com\/sk\/2019\/07\/19\/legendarna-slavia-zazije-atmosferu-tour-de-france\/#primaryimage\"},\"thumbnailUrl\":\"https:\/\/d2p6e6u75xmxt8.cloudfront.net\/4\/2019\/07\/skoda-slavia-bike-outside-vladimir-vidim-scaled.webp\",\"datePublished\":\"2019-07-19T09:53:21+00:00\",\"author\":{\"@id\":\"https:\/\/www.welovecycling.com\/sk\/#\/schema\/person\/8ee09ba39b7e25b1870160aa5b3a89bc\"},\"description\":\"V\u00e1\u0161niv\u00fd cyklista a v\u00fdrobce kol v\u0161eho druhu si usmyslel, \u017ee o\u017eiv\u00ed legendu s n\u00e1zvem SLAVIA a vyraz\u00ed s\u00a0n\u00ed na L'\u00c9tape du Tour.\",\"breadcrumb\":{\"@id\":\"https:\/\/www.welovecycling.com\/sk\/2019\/07\/19\/legendarna-slavia-zazije-atmosferu-tour-de-france\/#breadcrumb\"},\"inLanguage\":\"sk-SK\",\"potentialAction\":[{\"@type\":\"ReadAction\",\"target\":[\"https:\/\/www.welovecycling.com\/sk\/2019\/07\/19\/legendarna-slavia-zazije-atmosferu-tour-de-france\/\"]}]},{\"@type\":\"ImageObject\",\"inLanguage\":\"sk-SK\",\"@id\":\"https:\/\/www.welovecycling.com\/sk\/2019\/07\/19\/legendarna-slavia-zazije-atmosferu-tour-de-france\/#primaryimage\",\"url\":\"https:\/\/d2p6e6u75xmxt8.cloudfront.net\/4\/2019\/07\/skoda-slavia-bike-outside-vladimir-vidim-scaled.webp\",\"contentUrl\":\"https:\/\/d2p6e6u75xmxt8.cloudfront.net\/4\/2019\/07\/skoda-slavia-bike-outside-vladimir-vidim-scaled.webp\",\"width\":2560,\"height\":1707},{\"@type\":\"BreadcrumbList\",\"@id\":\"https:\/\/www.welovecycling.com\/sk\/2019\/07\/19\/legendarna-slavia-zazije-atmosferu-tour-de-france\/#breadcrumb\",\"itemListElement\":[{\"@type\":\"ListItem\",\"position\":1,\"name\":\"Home\",\"item\":\"https:\/\/www.welovecycling.com\/sk\/\"},{\"@type\":\"ListItem\",\"position\":2,\"name\":\"Legend\u00e1rna SLAVIA za\u017eije atmosf\u00e9ru Tour de France\"}]},{\"@type\":\"WebSite\",\"@id\":\"https:\/\/www.welovecycling.com\/sk\/#website\",\"url\":\"https:\/\/www.welovecycling.com\/sk\/\",\"name\":\"\u0160koda We Love Cycling Slovensko\",\"description\":\"\u0160koda We Love Cycling Slovensko je v\u00e1\u0161 ka\u017edodenn\u00fd zdroj noviniek a in\u0161pir\u00e1cie z sveta cyklistiky\",\"potentialAction\":[{\"@type\":\"SearchAction\",\"target\":{\"@type\":\"EntryPoint\",\"urlTemplate\":\"https:\/\/www.welovecycling.com\/sk\/?s={search_term_string}\"},\"query-input\":{\"@type\":\"PropertyValueSpecification\",\"valueRequired\":true,\"valueName\":\"search_term_string\"}}],\"inLanguage\":\"sk-SK\"},{\"@type\":\"Person\",\"@id\":\"https:\/\/www.welovecycling.com\/sk\/#\/schema\/person\/8ee09ba39b7e25b1870160aa5b3a89bc\",\"name\":\"Ondrej Ga\u0161par\",\"image\":{\"@type\":\"ImageObject\",\"inLanguage\":\"sk-SK\",\"@id\":\"https:\/\/www.welovecycling.com\/sk\/#\/schema\/person\/image\/\",\"url\":\"https:\/\/secure.gravatar.com\/avatar\/6126c9afb87b70da5abbb083ddbb21933da15f18f8ca7cb822aba0fb096a48f6?s=96&d=mm&r=g\",\"contentUrl\":\"https:\/\/secure.gravatar.com\/avatar\/6126c9afb87b70da5abbb083ddbb21933da15f18f8ca7cb822aba0fb096a48f6?s=96&d=mm&r=g\",\"caption\":\"Ondrej Ga\u0161par\"},\"url\":\"https:\/\/www.welovecycling.com\/sk\/author\/ondrejgaspar\/\"}]}<\/script>\n<!-- \/ Yoast SEO Premium plugin. -->","yoast_head_json":{"title":"Legend\u00e1rna SLAVIA za\u017eije atmosf\u00e9ru Tour de France - \u0160koda We Love Cycling Slovensko","description":"V\u00e1\u0161niv\u00fd cyklista a v\u00fdrobce kol v\u0161eho druhu si usmyslel, \u017ee o\u017eiv\u00ed legendu s n\u00e1zvem SLAVIA a vyraz\u00ed s\u00a0n\u00ed na L'\u00c9tape du Tour.","robots":{"index":"index","follow":"follow","max-snippet":"max-snippet:-1","max-image-preview":"max-image-preview:large","max-video-preview":"max-video-preview:-1"},"canonical":"https:\/\/www.welovecycling.com\/sk\/2019\/07\/19\/legendarna-slavia-zazije-atmosferu-tour-de-france\/","og_locale":"sk_SK","og_type":"article","og_title":"Legend\u00e1rna SLAVIA za\u017eije atmosf\u00e9ru Tour de France","og_description":"V\u00e1\u0161niv\u00fd cyklista a v\u00fdrobce kol v\u0161eho druhu si usmyslel, \u017ee o\u017eiv\u00ed legendu s n\u00e1zvem SLAVIA a vyraz\u00ed s\u00a0n\u00ed na L'\u00c9tape du Tour.","og_url":"https:\/\/www.welovecycling.com\/sk\/2019\/07\/19\/legendarna-slavia-zazije-atmosferu-tour-de-france\/","og_site_name":"\u0160koda We Love Cycling Slovensko","article_published_time":"2019-07-19T09:53:21+00:00","og_image":[{"width":2560,"height":1707,"url":"https:\/\/d2p6e6u75xmxt8.cloudfront.net\/4\/2019\/07\/skoda-slavia-bike-outside-vladimir-vidim-scaled.webp","type":"image\/webp"}],"author":"Ondrej Ga\u0161par","twitter_card":"summary_large_image","twitter_misc":{"Written by":"We Love Cycling","Est. reading time":"8"},"schema":{"@context":"https:\/\/schema.org","@graph":[{"@type":"WebPage","@id":"https:\/\/www.welovecycling.com\/sk\/2019\/07\/19\/legendarna-slavia-zazije-atmosferu-tour-de-france\/","url":"https:\/\/www.welovecycling.com\/sk\/2019\/07\/19\/legendarna-slavia-zazije-atmosferu-tour-de-france\/","name":"Legend\u00e1rna SLAVIA za\u017eije atmosf\u00e9ru Tour de France - \u0160koda We Love Cycling Slovensko","isPartOf":{"@id":"https:\/\/www.welovecycling.com\/sk\/#website"},"primaryImageOfPage":{"@id":"https:\/\/www.welovecycling.com\/sk\/2019\/07\/19\/legendarna-slavia-zazije-atmosferu-tour-de-france\/#primaryimage"},"image":{"@id":"https:\/\/www.welovecycling.com\/sk\/2019\/07\/19\/legendarna-slavia-zazije-atmosferu-tour-de-france\/#primaryimage"},"thumbnailUrl":"https:\/\/d2p6e6u75xmxt8.cloudfront.net\/4\/2019\/07\/skoda-slavia-bike-outside-vladimir-vidim-scaled.webp","datePublished":"2019-07-19T09:53:21+00:00","author":{"@id":"https:\/\/www.welovecycling.com\/sk\/#\/schema\/person\/8ee09ba39b7e25b1870160aa5b3a89bc"},"description":"V\u00e1\u0161niv\u00fd cyklista a v\u00fdrobce kol v\u0161eho druhu si usmyslel, \u017ee o\u017eiv\u00ed legendu s n\u00e1zvem SLAVIA a vyraz\u00ed s\u00a0n\u00ed na L'\u00c9tape du Tour.","breadcrumb":{"@id":"https:\/\/www.welovecycling.com\/sk\/2019\/07\/19\/legendarna-slavia-zazije-atmosferu-tour-de-france\/#breadcrumb"},"inLanguage":"sk-SK","potentialAction":[{"@type":"ReadAction","target":["https:\/\/www.welovecycling.com\/sk\/2019\/07\/19\/legendarna-slavia-zazije-atmosferu-tour-de-france\/"]}]},{"@type":"ImageObject","inLanguage":"sk-SK","@id":"https:\/\/www.welovecycling.com\/sk\/2019\/07\/19\/legendarna-slavia-zazije-atmosferu-tour-de-france\/#primaryimage","url":"https:\/\/d2p6e6u75xmxt8.cloudfront.net\/4\/2019\/07\/skoda-slavia-bike-outside-vladimir-vidim-scaled.webp","contentUrl":"https:\/\/d2p6e6u75xmxt8.cloudfront.net\/4\/2019\/07\/skoda-slavia-bike-outside-vladimir-vidim-scaled.webp","width":2560,"height":1707},{"@type":"BreadcrumbList","@id":"https:\/\/www.welovecycling.com\/sk\/2019\/07\/19\/legendarna-slavia-zazije-atmosferu-tour-de-france\/#breadcrumb","itemListElement":[{"@type":"ListItem","position":1,"name":"Home","item":"https:\/\/www.welovecycling.com\/sk\/"},{"@type":"ListItem","position":2,"name":"Legend\u00e1rna SLAVIA za\u017eije atmosf\u00e9ru Tour de France"}]},{"@type":"WebSite","@id":"https:\/\/www.welovecycling.com\/sk\/#website","url":"https:\/\/www.welovecycling.com\/sk\/","name":"\u0160koda We Love Cycling Slovensko","description":"\u0160koda We Love Cycling Slovensko je v\u00e1\u0161 ka\u017edodenn\u00fd zdroj noviniek a in\u0161pir\u00e1cie z sveta cyklistiky","potentialAction":[{"@type":"SearchAction","target":{"@type":"EntryPoint","urlTemplate":"https:\/\/www.welovecycling.com\/sk\/?s={search_term_string}"},"query-input":{"@type":"PropertyValueSpecification","valueRequired":true,"valueName":"search_term_string"}}],"inLanguage":"sk-SK"},{"@type":"Person","@id":"https:\/\/www.welovecycling.com\/sk\/#\/schema\/person\/8ee09ba39b7e25b1870160aa5b3a89bc","name":"Ondrej Ga\u0161par","image":{"@type":"ImageObject","inLanguage":"sk-SK","@id":"https:\/\/www.welovecycling.com\/sk\/#\/schema\/person\/image\/","url":"https:\/\/secure.gravatar.com\/avatar\/6126c9afb87b70da5abbb083ddbb21933da15f18f8ca7cb822aba0fb096a48f6?s=96&d=mm&r=g","contentUrl":"https:\/\/secure.gravatar.com\/avatar\/6126c9afb87b70da5abbb083ddbb21933da15f18f8ca7cb822aba0fb096a48f6?s=96&d=mm&r=g","caption":"Ondrej Ga\u0161par"},"url":"https:\/\/www.welovecycling.com\/sk\/author\/ondrejgaspar\/"}]}},"_links":{"self":[{"href":"https:\/\/www.welovecycling.com\/sk\/wp-json\/wp\/v2\/posts\/7856","targetHints":{"allow":["GET"]}}],"collection":[{"href":"https:\/\/www.welovecycling.com\/sk\/wp-json\/wp\/v2\/posts"}],"about":[{"href":"https:\/\/www.welovecycling.com\/sk\/wp-json\/wp\/v2\/types\/post"}],"author":[{"embeddable":true,"href":"https:\/\/www.welovecycling.com\/sk\/wp-json\/wp\/v2\/users\/38"}],"replies":[{"embeddable":true,"href":"https:\/\/www.welovecycling.com\/sk\/wp-json\/wp\/v2\/comments?post=7856"}],"version-history":[{"count":2,"href":"https:\/\/www.welovecycling.com\/sk\/wp-json\/wp\/v2\/posts\/7856\/revisions"}],"predecessor-version":[{"id":7878,"href":"https:\/\/www.welovecycling.com\/sk\/wp-json\/wp\/v2\/posts\/7856\/revisions\/7878"}],"wp:featuredmedia":[{"embeddable":true,"href":"https:\/\/www.welovecycling.com\/sk\/wp-json\/wp\/v2\/media\/7861"}],"wp:attachment":[{"href":"https:\/\/www.welovecycling.com\/sk\/wp-json\/wp\/v2\/media?parent=7856"}],"wp:term":[{"taxonomy":"category","embeddable":true,"href":"https:\/\/www.welovecycling.com\/sk\/wp-json\/wp\/v2\/categories?post=7856"},{"taxonomy":"post_tag","embeddable":true,"href":"https:\/\/www.welovecycling.com\/sk\/wp-json\/wp\/v2\/tags?post=7856"},{"taxonomy":"global-categories","embeddable":true,"href":"https:\/\/www.welovecycling.com\/sk\/wp-json\/wp\/v2\/global-categories?post=7856"}],"curies":[{"name":"wp","href":"https:\/\/api.w.org\/{rel}","templated":true}]}}