{"id":7821,"date":"2019-07-22T10:32:41","date_gmt":"2019-07-22T08:32:41","guid":{"rendered":"https:\/\/www.welovecycling.com\/sk\/?p=7821"},"modified":"2019-07-22T12:47:25","modified_gmt":"2019-07-22T10:47:25","slug":"domestici-ti-ktori-vykonavaju-ciernu-pracu","status":"publish","type":"post","link":"https:\/\/www.welovecycling.com\/sk\/2019\/07\/22\/domestici-ti-ktori-vykonavaju-ciernu-pracu\/","title":{"rendered":"Domestici. T\u00ed, ktor\u00ed to odmakaj\u00fa"},"content":{"rendered":"<p><strong>V pelot\u00f3ne sa im hovor\u00ed domestici. Niekedy tie\u017e nosi\u010di vody. S\u00fa to cyklisti, ktor\u00ed skoro nikdy ni\u010d ve\u013ek\u00e9 nevyhraj\u00fa, ale hraj\u00fa k\u013e\u00fa\u010dov\u00fa rolu pri v\u00ed\u0165azstve t\u00fdch najv\u00e4\u010d\u0161\u00edch hviezd, \u010do plat\u00ed aj pre Tour de France. Bez domestikov by l\u00eddri t\u00edmov boli nulov\u00ed.<\/strong><br \/>\n<!--more--><\/p>\n<p><strong>T\u00e1to poz\u00edcia je \u010dasto nev\u010fa\u010dn\u00e1<\/strong>. Domestik ide pred l\u00eddrom vo vetre, star\u00e1 sa o tempo na rovin\u00e1ch, v kopcoch, voz\u00ed l\u00eddrovi pitie, jedlo, jednoducho zais\u0165uje stopercentn\u00fd servis. Ke\u010f l\u00edder zastav\u00ed na mal\u00fa potrebu, domestik automaticky taktie\u017e zastav\u00ed, aby ho nesk\u00f4r dotiahol sp\u00e4\u0165 do pelot\u00f3nu.<\/p>\n<p><em>\u201eTieto \u00falohy s\u00fa viac-menej dan\u00e9. \u010clovek z\u00edskava ka\u017ed\u00fdm rokom sk\u00fasenosti a potom to u\u017e ide skoro automaticky,\u201c<\/em> hovor\u00ed <strong>Ren\u00e9 Andrle<\/strong>, ktor\u00fd nieko\u013eko rokov p\u00f4sobil v elitn\u00fdch \u0161panielskych profit\u00edmoch a pom\u00e1hal hviezdam ako Olano, Belok alebo Heras.<\/p>\n<figure id=\"attachment_7828\" aria-describedby=\"caption-attachment-7828\" style=\"width: 1024px\" class=\"wp-caption alignnone\"><a href=\"https:\/\/d2p6e6u75xmxt8.cloudfront.net\/13\/2019\/07\/profimedia-0157835407.jpg\"><img loading=\"lazy\" decoding=\"async\" class=\"size-large wp-image-7828\" src=\"https:\/\/d2p6e6u75xmxt8.cloudfront.net\/4\/2019\/07\/profimedia-0157835407-1024x910.jpg\" alt=\"\" width=\"1024\" height=\"910\" \/><\/a><figcaption id=\"caption-attachment-7828\" class=\"wp-caption-text\">Ren\u00e9 Andrle. Foto: Profimedia, CNC &#8211; sport<\/figcaption><\/figure>\n<p>Po\u010das svojej kari\u00e9ry pre\u0161iel \u0161tyri Grand Tours. Jednu Tour, jednu Vueltu a dvakr\u00e1t Giro. V\u0161etky dokon\u010dil. V roku 2004 oslavoval s t\u00edmom Liberty Seguros celkov\u00e9 v\u00ed\u0165azstvo v\u010faka \u0160panielovi Robertovi Herasovi. Na Gire 2001 bol Andrle pri tom, ke\u010f jeho par\u0165\u00e1k z t\u00edmu ONCE, Abraham Olano, skon\u010dil druh\u00fd.<\/p>\n<p>Ne\u017e odi\u0161iel do \u0160panielska, doma z\u00edskal titul majstra republiky, vyhral preteky Okolo Slovenska, mal \u00faspechy aj na pretekoch v zahrani\u010d\u00ed. <em>\u201eCyklistike u n\u00e1s a v zahrani\u010d\u00ed je in\u00e1. Ke\u010f som z\u00edskal anga\u017em\u00e1n v \u0160panielsku, bolo jasn\u00e9, \u017ee tam idem ako domestik. \u010clovek mus\u00ed by\u0165 s\u00fadny. Na to, aby som vyhr\u00e1val ve\u013ek\u00e9 preteky, som jednoducho nemal,\u201c<\/em> prezr\u00e1dza o sebe <strong>Andrle<\/strong>, ktor\u00fd b\u00fdval ve\u013emi dobr\u00fdm \u010dasovk\u00e1rom a napr\u00edklad v prol\u00f3gu Gira 2001 skon\u010dil tret\u00ed.<\/p>\n<p>Cyklistika sa neust\u00e1le vyv\u00edja a taktika hr\u00e1 \u010d\u00edm \u010falej, t\u00fdm v\u00e4\u010d\u0161iu \u00falohu. U\u017e s\u00fa to doby minul\u00e9, ke\u010f na Tour sl\u00e1vili \u00faspech jedinci bez podpory t\u00edmu. Dnes to nie je mo\u017en\u00e9. Sebelep\u0161\u00ed \u010dlovek s\u00e1m Grand Tour nevyhr\u00e1.<\/p>\n<p><em>\u201eKa\u017ed\u00fd z domestikov m\u00e1 nejak\u00fa \u00falohu. Niekto je na roviny, in\u00fd do kopcov, niekto pripravuje \u0161printy. Ja som mal miesto na rovin\u00e1ch. Ke\u010f som jazdil v ONCE, boli sme na Tour traja okolo n\u00e1\u0161ho l\u00eddra Belokiho. Nesmeli sme sa od neho pohn\u00fa\u0165. \u010clovek mus\u00ed by\u0165 neust\u00e1le v pozore, preto\u017ee v\u0161etci l\u00eddri sa tla\u010dia dopredu a je to neust\u00e1ly boj o poz\u00edcie,\u201c<\/em> opisuje <strong>Andrle<\/strong>. <em>\u201eA na Tour je to v\u0161etko dvojn\u00e1sobne \u0165a\u017e\u0161ie, preto\u017ee s\u00fa to najv\u00e4\u010d\u0161ie preteky a ka\u017ed\u00fd m\u00e1 obrovsk\u00fa motiv\u00e1ciu uspie\u0165,\u201c<\/em> dod\u00e1va.<\/p>\n<p>Jeho pr\u00e1ca spravidla kon\u010dila, ke\u010f pri\u0161li kopce. <em>\u201eNa nich u\u017e boli zase in\u00ed domestici. Mne povedali z auta: tvoja pr\u00e1ca skon\u010dila, cho\u010f \u010do najpomal\u0161ie a \u0161etri sily na \u010fal\u0161\u00ed de\u0148,\u201c<\/em> nech\u00e1va nahliadnu\u0165 pod pokr\u00fdvku \u017eivota domestika.<\/p>\n<p>Ke\u010f tak\u00fd cyklista skon\u010d\u00ed na Tour \u00faplne posledn\u00fd, je to absol\u00fatne jedno. <strong>D\u00f4le\u017eit\u00e1 je 100% pr\u00e1ca pre t\u00edm<\/strong>. Dnes je d\u00e1van\u00fd za pr\u00edklad dokonalej spolupr\u00e1ce t\u00edmu INEOS (predt\u00fdm Sky), v ktor\u00e9ho drese usiluje o obhajobu v\u00ed\u0165azstva Geraint Thomas. \u013dudia ako Kwiatkowski, Rowe, Poels, Moscon, Castroviejo, to je istota.<\/p>\n<figure id=\"attachment_7836\" aria-describedby=\"caption-attachment-7836\" style=\"width: 960px\" class=\"wp-caption alignnone\"><a href=\"https:\/\/d2p6e6u75xmxt8.cloudfront.net\/4\/2019\/07\/tour-1-Foto-ASO-Tour-de-France.jpg\"><img loading=\"lazy\" decoding=\"async\" class=\"size-full wp-image-7836\" src=\"https:\/\/d2p6e6u75xmxt8.cloudfront.net\/4\/2019\/07\/tour-1-Foto-ASO-Tour-de-France.jpg\" alt=\"\" width=\"960\" height=\"639\" \/><\/a><figcaption id=\"caption-attachment-7836\" class=\"wp-caption-text\">Foto: Tour de France\/ASO<\/figcaption><\/figure>\n<p><em>\u201eV\u017edy je lep\u0161ie, ke\u010f sa domestik so svoj\u00edm l\u00eddrom viac zbl\u00ed\u017ei. Potom pre neho po\u010das pretekov napr\u00edklad urob\u00ed aj nie\u010do viac, ne\u017e mus\u00ed. Ja som mal najbli\u017e\u0161ie k Olanovi. Bol to profesor, ktor\u00fd jazdil ve\u013emi takticky a vedel sa aj \u0161etri\u0165. To bola e\u0161te tak\u00e1 star\u00e1 \u0161kola. Bol to pohod\u00e1r, sna\u017eil sa \u010dloveku v\u0161etko vysvetli\u0165. Heras bol ve\u013emi n\u00e1ro\u010dn\u00fd, chcel, aby sme neust\u00e1le boli na \u010dele. Beloki sa dos\u0165 b\u00e1l a ko\u013ekokr\u00e1t ostal vzadu. Museli sme ho potom zase dost\u00e1va\u0165 na lep\u0161ie poz\u00edcie a pr\u00e1ca pre neho ve\u013emi bolela.\u201c<\/em> porovn\u00e1va r\u00f4znych l\u00eddrov <strong>Andrle<\/strong>, s\u00fa\u010dasn\u00fd \u0161portov\u00fd riadite\u013e t\u00edmu Israel Cycling Academy.<\/p>\n<p>Z \u010cechov b\u00fdval fam\u00f3znym domestikom taktie\u017e Pavel Padrnos, zo s\u00fa\u010dasn\u00fdch pretek\u00e1rov nemaj\u00fa s touto poz\u00edciou v niektor\u00fdch pretekoch probl\u00e9m jazdci ako Peter Vako\u010d alebo Zden\u0115k \u0160tybar, t\u00edmov\u00ed kolegovia z Deceuninck-Quick-Step. Preva\u017ene domestikom je v CCC Josef \u010cern\u00fd, Jan Hirt v Astane ob\u010das \u0161ancu na individu\u00e1lny v\u00fdsledok dostane, ale na Grand Tour je domestikom do h\u00f4r.<\/p>\n<p>Aj ke\u010f nosi\u010d vody vykon\u00e1va predov\u0161etk\u00fdm \u010diernu pr\u00e1cu, neostane \u0161kodn\u00fd. Prize money z pretekov sa medzi t\u00edm delia rovn\u00fdm dielom a napr\u00edklad na Grand Tour sa v\u00ed\u0165az svojej odmeny \u010dasto vzd\u00e1 v prospech kolegov. S\u00e1m taktie\u017e neod\u00edde s pr\u00e1zdnymi vreckami \u2013 m\u00e1 individu\u00e1lne bonusy v zmluve.<\/p>\n<p><em>\u201eJe to pr\u00e1ca ako ka\u017ed\u00e1 in\u00e1. Niekto m\u00e1 jednoducho predpoklady k tomu, aby vyhr\u00e1val ve\u013ek\u00e9 preteky a in\u00fd nie. T\u00ed l\u00eddri s\u00fa vyberan\u00ed spr\u00e1vne, nikto t\u00fato poz\u00edciu nedostane n\u00e1hodou. No a t\u00ed ostatn\u00ed mu musia pom\u00e1ha\u0165. Tak to v cyklistike fungovalo, funguje a fungova\u0165 bude,\u201c<\/em> dod\u00e1va <strong>Ren\u00e9 Andrle<\/strong>.<\/p>\n","protected":false},"excerpt":{"rendered":"<p>V pelot\u00f3ne sa im hovor\u00ed domestici. Niekedy tie\u017e nosi\u010di vody. S\u00fa to cyklisti, ktor\u00ed skoro nikdy ni\u010d ve\u013ek\u00e9 nevyhraj\u00fa, ale [&hellip;]<\/p>\n","protected":false},"author":38,"featured_media":7847,"comment_status":"open","ping_status":"open","sticky":false,"template":"","format":"standard","meta":{"footnotes":""},"categories":[4],"tags":[275,115,487,1032,65,268,941,890,176,885,20,810,219],"global-categories":[],"class_list":["post-7821","post","type-post","status-publish","format-standard","has-post-thumbnail","hentry","category-cestna-cyklisitika","tag-cesta","tag-cestna-cyklistika","tag-cestny-bicykel","tag-domestik","tag-giro-d-italia","tag-grand-tour","tag-jazda-v-pelotone","tag-jazdec","tag-peloton","tag-profesional","tag-tour-de-france","tag-tour-de-france-2019","tag-vuelta-a-espana"],"yoast_head":"<!-- This site is optimized with the Yoast SEO Premium plugin v25.3 (Yoast SEO v25.9) - https:\/\/yoast.com\/wordpress\/plugins\/seo\/ -->\n<title>Domestici. T\u00ed, ktor\u00ed to odmakaj\u00fa - \u0160koda We Love Cycling Slovensko<\/title>\n<meta name=\"description\" content=\"Domestici jsou cyklist\u00e9, kte\u0159\u00ed skoro nikdy nic velk\u00e9ho nevyhraj\u00ed, ale hraj\u00ed kl\u00ed\u010dovou roli p\u0159i v\u00edt\u011bzstv\u00edch hv\u011bzd, co\u017e plat\u00ed i pro Tour de France.\" \/>\n<meta name=\"robots\" content=\"index, follow, max-snippet:-1, max-image-preview:large, max-video-preview:-1\" \/>\n<link rel=\"canonical\" href=\"https:\/\/www.welovecycling.com\/sk\/2019\/07\/22\/domestici-ti-ktori-vykonavaju-ciernu-pracu\/\" \/>\n<meta property=\"og:locale\" content=\"sk_SK\" \/>\n<meta property=\"og:type\" content=\"article\" \/>\n<meta property=\"og:title\" content=\"Domestici. T\u00ed, ktor\u00ed to odmakaj\u00fa\" \/>\n<meta property=\"og:description\" content=\"Domestici jsou cyklist\u00e9, kte\u0159\u00ed skoro nikdy nic velk\u00e9ho nevyhraj\u00ed, ale hraj\u00ed kl\u00ed\u010dovou roli p\u0159i v\u00edt\u011bzstv\u00edch hv\u011bzd, co\u017e plat\u00ed i pro Tour de France.\" \/>\n<meta property=\"og:url\" content=\"https:\/\/www.welovecycling.com\/sk\/2019\/07\/22\/domestici-ti-ktori-vykonavaju-ciernu-pracu\/\" \/>\n<meta property=\"og:site_name\" content=\"\u0160koda We Love Cycling Slovensko\" \/>\n<meta property=\"article:published_time\" content=\"2019-07-22T08:32:41+00:00\" \/>\n<meta property=\"article:modified_time\" content=\"2019-07-22T10:47:25+00:00\" \/>\n<meta property=\"og:image\" content=\"https:\/\/d2p6e6u75xmxt8.cloudfront.net\/4\/2019\/07\/profimedia-0456508821.webp\" \/>\n\t<meta property=\"og:image:width\" content=\"1250\" \/>\n\t<meta property=\"og:image:height\" content=\"830\" \/>\n\t<meta property=\"og:image:type\" content=\"image\/webp\" \/>\n<meta name=\"author\" content=\"Ondrej Ga\u0161par\" \/>\n<meta name=\"twitter:card\" content=\"summary_large_image\" \/>\n<meta name=\"twitter:label1\" content=\"Written by\" \/>\n\t<meta name=\"twitter:data1\" content=\"Jan Kr\u016fta\" \/>\n\t<meta name=\"twitter:label2\" content=\"Est. reading time\" \/>\n\t<meta name=\"twitter:data2\" content=\"5\" \/>\n<script type=\"application\/ld+json\" class=\"yoast-schema-graph\">{\"@context\":\"https:\/\/schema.org\",\"@graph\":[{\"@type\":\"WebPage\",\"@id\":\"https:\/\/www.welovecycling.com\/sk\/2019\/07\/22\/domestici-ti-ktori-vykonavaju-ciernu-pracu\/\",\"url\":\"https:\/\/www.welovecycling.com\/sk\/2019\/07\/22\/domestici-ti-ktori-vykonavaju-ciernu-pracu\/\",\"name\":\"Domestici. T\u00ed, ktor\u00ed to odmakaj\u00fa - \u0160koda We Love Cycling Slovensko\",\"isPartOf\":{\"@id\":\"https:\/\/www.welovecycling.com\/sk\/#website\"},\"primaryImageOfPage\":{\"@id\":\"https:\/\/www.welovecycling.com\/sk\/2019\/07\/22\/domestici-ti-ktori-vykonavaju-ciernu-pracu\/#primaryimage\"},\"image\":{\"@id\":\"https:\/\/www.welovecycling.com\/sk\/2019\/07\/22\/domestici-ti-ktori-vykonavaju-ciernu-pracu\/#primaryimage\"},\"thumbnailUrl\":\"https:\/\/d2p6e6u75xmxt8.cloudfront.net\/4\/2019\/07\/profimedia-0456508821.webp\",\"datePublished\":\"2019-07-22T08:32:41+00:00\",\"dateModified\":\"2019-07-22T10:47:25+00:00\",\"author\":{\"@id\":\"https:\/\/www.welovecycling.com\/sk\/#\/schema\/person\/8ee09ba39b7e25b1870160aa5b3a89bc\"},\"description\":\"Domestici jsou cyklist\u00e9, kte\u0159\u00ed skoro nikdy nic velk\u00e9ho nevyhraj\u00ed, ale hraj\u00ed kl\u00ed\u010dovou roli p\u0159i v\u00edt\u011bzstv\u00edch hv\u011bzd, co\u017e plat\u00ed i pro Tour de France.\",\"breadcrumb\":{\"@id\":\"https:\/\/www.welovecycling.com\/sk\/2019\/07\/22\/domestici-ti-ktori-vykonavaju-ciernu-pracu\/#breadcrumb\"},\"inLanguage\":\"sk-SK\",\"potentialAction\":[{\"@type\":\"ReadAction\",\"target\":[\"https:\/\/www.welovecycling.com\/sk\/2019\/07\/22\/domestici-ti-ktori-vykonavaju-ciernu-pracu\/\"]}]},{\"@type\":\"ImageObject\",\"inLanguage\":\"sk-SK\",\"@id\":\"https:\/\/www.welovecycling.com\/sk\/2019\/07\/22\/domestici-ti-ktori-vykonavaju-ciernu-pracu\/#primaryimage\",\"url\":\"https:\/\/d2p6e6u75xmxt8.cloudfront.net\/4\/2019\/07\/profimedia-0456508821.webp\",\"contentUrl\":\"https:\/\/d2p6e6u75xmxt8.cloudfront.net\/4\/2019\/07\/profimedia-0456508821.webp\",\"width\":1250,\"height\":830,\"caption\":\"July 9, 2019 - Nancy, France: Deceunick - Quickstep; Viviani, Elia. Italian rider Elia Viviani claimed his first career stage win on the Tour de France after storming a bunch sprint. He was ideally set up by the Deceuninck-Quick Step leadout train in the finale. He used his considerable power to edge Alexander Kristoff and Caleb Ewan. The 213.5-kilometer (133-mile) flat route did not pose any major difficulty and was a perfect opportunity for sprinters to get a stage win. Viviani's teammate Julian Alaphilippe, the first Frenchman to wear the yellow jersey in five years after his solo victory in Stage 3, kept the overall lead, with no change at the top of the overall standings. Defending champion Geraint Thomas and other main contenders enjoyed a calm day, just making sure they rode at the front to avoid crashes or splits. Peter Sagan retained the green jersey for leading on points. Tim Wellens retained the polka-dot jersey with 7 points, Greg Van Avermaet was 3rd with 2 points. Wout Van Aert retained the white jersey for best young rider, followed by Ergan Bernal. Michael Schar was awarded the combativity award., Image: 456508821, License: Rights-managed, Restrictions: No publication in France, Germany and Italy, Model Release: no, Credit line: Profimedia, Polaris\"},{\"@type\":\"BreadcrumbList\",\"@id\":\"https:\/\/www.welovecycling.com\/sk\/2019\/07\/22\/domestici-ti-ktori-vykonavaju-ciernu-pracu\/#breadcrumb\",\"itemListElement\":[{\"@type\":\"ListItem\",\"position\":1,\"name\":\"Home\",\"item\":\"https:\/\/www.welovecycling.com\/sk\/\"},{\"@type\":\"ListItem\",\"position\":2,\"name\":\"Domestici. T\u00ed, ktor\u00ed to odmakaj\u00fa\"}]},{\"@type\":\"WebSite\",\"@id\":\"https:\/\/www.welovecycling.com\/sk\/#website\",\"url\":\"https:\/\/www.welovecycling.com\/sk\/\",\"name\":\"\u0160koda We Love Cycling Slovensko\",\"description\":\"\u0160koda We Love Cycling Slovensko je v\u00e1\u0161 ka\u017edodenn\u00fd zdroj noviniek a in\u0161pir\u00e1cie z sveta cyklistiky\",\"potentialAction\":[{\"@type\":\"SearchAction\",\"target\":{\"@type\":\"EntryPoint\",\"urlTemplate\":\"https:\/\/www.welovecycling.com\/sk\/?s={search_term_string}\"},\"query-input\":{\"@type\":\"PropertyValueSpecification\",\"valueRequired\":true,\"valueName\":\"search_term_string\"}}],\"inLanguage\":\"sk-SK\"},{\"@type\":\"Person\",\"@id\":\"https:\/\/www.welovecycling.com\/sk\/#\/schema\/person\/8ee09ba39b7e25b1870160aa5b3a89bc\",\"name\":\"Ondrej Ga\u0161par\",\"image\":{\"@type\":\"ImageObject\",\"inLanguage\":\"sk-SK\",\"@id\":\"https:\/\/www.welovecycling.com\/sk\/#\/schema\/person\/image\/\",\"url\":\"https:\/\/secure.gravatar.com\/avatar\/6126c9afb87b70da5abbb083ddbb21933da15f18f8ca7cb822aba0fb096a48f6?s=96&d=mm&r=g\",\"contentUrl\":\"https:\/\/secure.gravatar.com\/avatar\/6126c9afb87b70da5abbb083ddbb21933da15f18f8ca7cb822aba0fb096a48f6?s=96&d=mm&r=g\",\"caption\":\"Ondrej Ga\u0161par\"},\"url\":\"https:\/\/www.welovecycling.com\/sk\/author\/ondrejgaspar\/\"}]}<\/script>\n<!-- \/ Yoast SEO Premium plugin. -->","yoast_head_json":{"title":"Domestici. T\u00ed, ktor\u00ed to odmakaj\u00fa - \u0160koda We Love Cycling Slovensko","description":"Domestici jsou cyklist\u00e9, kte\u0159\u00ed skoro nikdy nic velk\u00e9ho nevyhraj\u00ed, ale hraj\u00ed kl\u00ed\u010dovou roli p\u0159i v\u00edt\u011bzstv\u00edch hv\u011bzd, co\u017e plat\u00ed i pro Tour de France.","robots":{"index":"index","follow":"follow","max-snippet":"max-snippet:-1","max-image-preview":"max-image-preview:large","max-video-preview":"max-video-preview:-1"},"canonical":"https:\/\/www.welovecycling.com\/sk\/2019\/07\/22\/domestici-ti-ktori-vykonavaju-ciernu-pracu\/","og_locale":"sk_SK","og_type":"article","og_title":"Domestici. T\u00ed, ktor\u00ed to odmakaj\u00fa","og_description":"Domestici jsou cyklist\u00e9, kte\u0159\u00ed skoro nikdy nic velk\u00e9ho nevyhraj\u00ed, ale hraj\u00ed kl\u00ed\u010dovou roli p\u0159i v\u00edt\u011bzstv\u00edch hv\u011bzd, co\u017e plat\u00ed i pro Tour de France.","og_url":"https:\/\/www.welovecycling.com\/sk\/2019\/07\/22\/domestici-ti-ktori-vykonavaju-ciernu-pracu\/","og_site_name":"\u0160koda We Love Cycling Slovensko","article_published_time":"2019-07-22T08:32:41+00:00","article_modified_time":"2019-07-22T10:47:25+00:00","og_image":[{"width":1250,"height":830,"url":"https:\/\/d2p6e6u75xmxt8.cloudfront.net\/4\/2019\/07\/profimedia-0456508821.webp","type":"image\/webp"}],"author":"Ondrej Ga\u0161par","twitter_card":"summary_large_image","twitter_misc":{"Written by":"Jan Kr\u016fta","Est. reading time":"5"},"schema":{"@context":"https:\/\/schema.org","@graph":[{"@type":"WebPage","@id":"https:\/\/www.welovecycling.com\/sk\/2019\/07\/22\/domestici-ti-ktori-vykonavaju-ciernu-pracu\/","url":"https:\/\/www.welovecycling.com\/sk\/2019\/07\/22\/domestici-ti-ktori-vykonavaju-ciernu-pracu\/","name":"Domestici. T\u00ed, ktor\u00ed to odmakaj\u00fa - \u0160koda We Love Cycling Slovensko","isPartOf":{"@id":"https:\/\/www.welovecycling.com\/sk\/#website"},"primaryImageOfPage":{"@id":"https:\/\/www.welovecycling.com\/sk\/2019\/07\/22\/domestici-ti-ktori-vykonavaju-ciernu-pracu\/#primaryimage"},"image":{"@id":"https:\/\/www.welovecycling.com\/sk\/2019\/07\/22\/domestici-ti-ktori-vykonavaju-ciernu-pracu\/#primaryimage"},"thumbnailUrl":"https:\/\/d2p6e6u75xmxt8.cloudfront.net\/4\/2019\/07\/profimedia-0456508821.webp","datePublished":"2019-07-22T08:32:41+00:00","dateModified":"2019-07-22T10:47:25+00:00","author":{"@id":"https:\/\/www.welovecycling.com\/sk\/#\/schema\/person\/8ee09ba39b7e25b1870160aa5b3a89bc"},"description":"Domestici jsou cyklist\u00e9, kte\u0159\u00ed skoro nikdy nic velk\u00e9ho nevyhraj\u00ed, ale hraj\u00ed kl\u00ed\u010dovou roli p\u0159i v\u00edt\u011bzstv\u00edch hv\u011bzd, co\u017e plat\u00ed i pro Tour de France.","breadcrumb":{"@id":"https:\/\/www.welovecycling.com\/sk\/2019\/07\/22\/domestici-ti-ktori-vykonavaju-ciernu-pracu\/#breadcrumb"},"inLanguage":"sk-SK","potentialAction":[{"@type":"ReadAction","target":["https:\/\/www.welovecycling.com\/sk\/2019\/07\/22\/domestici-ti-ktori-vykonavaju-ciernu-pracu\/"]}]},{"@type":"ImageObject","inLanguage":"sk-SK","@id":"https:\/\/www.welovecycling.com\/sk\/2019\/07\/22\/domestici-ti-ktori-vykonavaju-ciernu-pracu\/#primaryimage","url":"https:\/\/d2p6e6u75xmxt8.cloudfront.net\/4\/2019\/07\/profimedia-0456508821.webp","contentUrl":"https:\/\/d2p6e6u75xmxt8.cloudfront.net\/4\/2019\/07\/profimedia-0456508821.webp","width":1250,"height":830,"caption":"July 9, 2019 - Nancy, France: Deceunick - Quickstep; Viviani, Elia. Italian rider Elia Viviani claimed his first career stage win on the Tour de France after storming a bunch sprint. He was ideally set up by the Deceuninck-Quick Step leadout train in the finale. He used his considerable power to edge Alexander Kristoff and Caleb Ewan. The 213.5-kilometer (133-mile) flat route did not pose any major difficulty and was a perfect opportunity for sprinters to get a stage win. Viviani's teammate Julian Alaphilippe, the first Frenchman to wear the yellow jersey in five years after his solo victory in Stage 3, kept the overall lead, with no change at the top of the overall standings. Defending champion Geraint Thomas and other main contenders enjoyed a calm day, just making sure they rode at the front to avoid crashes or splits. Peter Sagan retained the green jersey for leading on points. Tim Wellens retained the polka-dot jersey with 7 points, Greg Van Avermaet was 3rd with 2 points. Wout Van Aert retained the white jersey for best young rider, followed by Ergan Bernal. Michael Schar was awarded the combativity award., Image: 456508821, License: Rights-managed, Restrictions: No publication in France, Germany and Italy, Model Release: no, Credit line: Profimedia, Polaris"},{"@type":"BreadcrumbList","@id":"https:\/\/www.welovecycling.com\/sk\/2019\/07\/22\/domestici-ti-ktori-vykonavaju-ciernu-pracu\/#breadcrumb","itemListElement":[{"@type":"ListItem","position":1,"name":"Home","item":"https:\/\/www.welovecycling.com\/sk\/"},{"@type":"ListItem","position":2,"name":"Domestici. T\u00ed, ktor\u00ed to odmakaj\u00fa"}]},{"@type":"WebSite","@id":"https:\/\/www.welovecycling.com\/sk\/#website","url":"https:\/\/www.welovecycling.com\/sk\/","name":"\u0160koda We Love Cycling Slovensko","description":"\u0160koda We Love Cycling Slovensko je v\u00e1\u0161 ka\u017edodenn\u00fd zdroj noviniek a in\u0161pir\u00e1cie z sveta cyklistiky","potentialAction":[{"@type":"SearchAction","target":{"@type":"EntryPoint","urlTemplate":"https:\/\/www.welovecycling.com\/sk\/?s={search_term_string}"},"query-input":{"@type":"PropertyValueSpecification","valueRequired":true,"valueName":"search_term_string"}}],"inLanguage":"sk-SK"},{"@type":"Person","@id":"https:\/\/www.welovecycling.com\/sk\/#\/schema\/person\/8ee09ba39b7e25b1870160aa5b3a89bc","name":"Ondrej Ga\u0161par","image":{"@type":"ImageObject","inLanguage":"sk-SK","@id":"https:\/\/www.welovecycling.com\/sk\/#\/schema\/person\/image\/","url":"https:\/\/secure.gravatar.com\/avatar\/6126c9afb87b70da5abbb083ddbb21933da15f18f8ca7cb822aba0fb096a48f6?s=96&d=mm&r=g","contentUrl":"https:\/\/secure.gravatar.com\/avatar\/6126c9afb87b70da5abbb083ddbb21933da15f18f8ca7cb822aba0fb096a48f6?s=96&d=mm&r=g","caption":"Ondrej Ga\u0161par"},"url":"https:\/\/www.welovecycling.com\/sk\/author\/ondrejgaspar\/"}]}},"_links":{"self":[{"href":"https:\/\/www.welovecycling.com\/sk\/wp-json\/wp\/v2\/posts\/7821","targetHints":{"allow":["GET"]}}],"collection":[{"href":"https:\/\/www.welovecycling.com\/sk\/wp-json\/wp\/v2\/posts"}],"about":[{"href":"https:\/\/www.welovecycling.com\/sk\/wp-json\/wp\/v2\/types\/post"}],"author":[{"embeddable":true,"href":"https:\/\/www.welovecycling.com\/sk\/wp-json\/wp\/v2\/users\/38"}],"replies":[{"embeddable":true,"href":"https:\/\/www.welovecycling.com\/sk\/wp-json\/wp\/v2\/comments?post=7821"}],"version-history":[{"count":2,"href":"https:\/\/www.welovecycling.com\/sk\/wp-json\/wp\/v2\/posts\/7821\/revisions"}],"predecessor-version":[{"id":7881,"href":"https:\/\/www.welovecycling.com\/sk\/wp-json\/wp\/v2\/posts\/7821\/revisions\/7881"}],"wp:featuredmedia":[{"embeddable":true,"href":"https:\/\/www.welovecycling.com\/sk\/wp-json\/wp\/v2\/media\/7847"}],"wp:attachment":[{"href":"https:\/\/www.welovecycling.com\/sk\/wp-json\/wp\/v2\/media?parent=7821"}],"wp:term":[{"taxonomy":"category","embeddable":true,"href":"https:\/\/www.welovecycling.com\/sk\/wp-json\/wp\/v2\/categories?post=7821"},{"taxonomy":"post_tag","embeddable":true,"href":"https:\/\/www.welovecycling.com\/sk\/wp-json\/wp\/v2\/tags?post=7821"},{"taxonomy":"global-categories","embeddable":true,"href":"https:\/\/www.welovecycling.com\/sk\/wp-json\/wp\/v2\/global-categories?post=7821"}],"curies":[{"name":"wp","href":"https:\/\/api.w.org\/{rel}","templated":true}]}}