{"id":7818,"date":"2019-07-25T11:30:32","date_gmt":"2019-07-25T09:30:32","guid":{"rendered":"https:\/\/www.welovecycling.com\/sk\/?p=7818"},"modified":"2019-07-25T11:34:08","modified_gmt":"2019-07-25T09:34:08","slug":"co-caka-na-krala-tour-za-trojtyzdnovu-drinu-pol-miliona-eur","status":"publish","type":"post","link":"https:\/\/www.welovecycling.com\/sk\/2019\/07\/25\/co-caka-na-krala-tour-za-trojtyzdnovu-drinu-pol-miliona-eur\/","title":{"rendered":"\u010co \u010dak\u00e1 na kr\u00e1\u013ea Tour? Za trojt\u00fd\u017ed\u0148ov\u00fa drinu pol mili\u00f3na eur"},"content":{"rendered":"<p><strong>Tour de France bol\u00ed. Ka\u017ed\u00e9ho jedn\u00e9ho, kto ju kedy absolvoval. A je jedno, \u010di i\u0161lo o t\u00fa prv\u00fa v roku 1903, alebo o pr\u00e1ve prebiehaj\u00faci ro\u010dn\u00edk s \u010d\u00edslom 106. Je to jednoducho trojt\u00fd\u017ed\u0148ov\u00e9 peklo v sedle. Ten, kto sa tento rok postav\u00ed v Par\u00ed\u017ei na najvy\u0161\u0161\u00ed stupienok, z\u00edska finan\u010dn\u00fa pr\u00e9miu 500&nbsp;000&nbsp;\u20ac.<\/strong><!--more--><\/p>\n<p>Len pre zauj\u00edmavos\u0165, braz\u00edlsky futbalista Neymar, ktor\u00fd sa v t\u00fdchto d\u0148och sna\u017e\u00ed vytrucova\u0165 si prestup z PSG (Par\u00ed\u017e Saint Germain) do Barcelony (FC Barcelona), zar\u00e1ba v par\u00ed\u017eskom klube t\u00fato sumu za necel\u00fdch p\u00e4\u0165 dn\u00ed. Jeho t\u00fd\u017edenn\u00e1 odmena je vy\u0161e 700 000 \u20ac a aby sme boli \u00faplne presn\u00ed, 705 747 \u20ac. Alebo napr\u00edklad v\u00ed\u0165azi dvojhier tenisov\u00e9ho Wibledonu, ktor\u00fd sa tradi\u010dne prekr\u00fdva s term\u00ednom Tour, zar\u00e1baj\u00fa 2 645 874 \u20ac.<\/p>\n<p>https:\/\/www.instagram.com\/p\/Bz6Bu3NFwdj\/<\/p>\n<p>Samozrejme, \u017ee v tenise a futbale sa to\u010dia omnoho v\u00e4\u010d\u0161ie peniaze, ale je potrebn\u00e9 si prizna\u0165, \u017ee v porovnan\u00ed s t\u00fdmto \u0161portom, <strong>nie je v\u00ed\u0165az Tour de France adekv\u00e1tne ohodnoten\u00fd<\/strong>. Pol mili\u00f3na eur pre v\u00ed\u0165aza Tour dozaista nie je kone\u010dn\u00e1 suma. K nej sa <strong>pripo\u010d\u00edtavaj\u00fa \u201eprize money\u201c<\/strong> za poradie t\u00edmov v t\u00edmovej klasifik\u00e1cii, postavenie v ostatn\u00fdch s\u00fa\u0165a\u017eiach, ak\u00fdm je aj boj o zelen\u00fd \u010di bodkovan\u00fd dres, peniaze za umiestnenie sa v jednotliv\u00fdch etap\u00e1ch a dokonca ja za to, ko\u013eko dn\u00ed tr\u00e1vi jazdec v \u017eltom drese l\u00eddra.<\/p>\n<p>Tak napr\u00edklad minuloro\u010dn\u00fd v\u00ed\u0165az Geraint Thomas zarobil celkovo 527 500 \u20ac. K tomu sa taktie\u017e pridaj\u00fa aj bonusy od t\u00edmu a sponzorov, ktor\u00e9 maj\u00fa najv\u00e4\u010d\u0161ie hviezdy v kontraktoch. Pri porovnan\u00ed s t\u00fdm m\u00f4\u017eu by\u0165 ofici\u00e1lne \u201eprize money\u201c len zlomkom kone\u010dnej sumy. A predov\u0161etk\u00fdm: <strong>v pr\u00edpade v\u00ed\u0165aza Tour okam\u017eite vzrastie cena samotn\u00e9ho pretek\u00e1ra na trhu<\/strong>.<\/p>\n<p>Ke\u010f sa Tour konala v roku 1903 po prv\u00fdkr\u00e1t, usporad\u00favaj\u00face noviny L\u00b4Auto vyhl\u00e1sili, \u017ee ka\u017ed\u00fd, kto sa chce z\u00fa\u010dastni\u0165, mus\u00ed zaplati\u0165 poplatok 20 frankov, \u010do sa pretek\u00e1rom prirodzene nep\u00e1\u010dilo. A tak sa stalo, \u017ee t\u00fd\u017ede\u0148 pred \u0161tartom bolo prihl\u00e1sen\u00fdch len 15 odv\u00e1\u017elivcov. Organiz\u00e1tori na to povedali: Nepr\u00edpustn\u00e9!<\/p>\n<figure id=\"attachment_7834\" aria-describedby=\"caption-attachment-7834\" style=\"width: 600px\" class=\"wp-caption alignnone\"><a href=\"https:\/\/d2p6e6u75xmxt8.cloudfront.net\/4\/2019\/07\/14-1.jpg\"><img loading=\"lazy\" decoding=\"async\" class=\"size-full wp-image-7834\" src=\"https:\/\/d2p6e6u75xmxt8.cloudfront.net\/4\/2019\/07\/14-1.jpg\" alt=\"\" width=\"600\" height=\"869\" \/><\/a><figcaption id=\"caption-attachment-7834\" class=\"wp-caption-text\">Premi\u00e9rov\u00fd ro\u010dn\u00edk Tour de France 1903.<\/figcaption><\/figure>\n<p>Tak\u017ee do\u0161lo k zmene: preteky boli skr\u00e1ten\u00e9 na tri t\u00fd\u017edne z p\u00f4vodn\u00fdch piatich, celkov\u00e1 odmena sa zv\u00fd\u0161ila na 20 000 frankov, \u0161tartovn\u00e9 sa zn\u00ed\u017eilo na 10 frankov a 50 najlep\u0161\u00edch cyklistov malo garantovan\u00fdch 5 frankov denne ako vreckov\u00e9.<\/p>\n<p>Po tom, \u010do sa nesk\u00f4r prihl\u00e1silo 79 jazdcov, z nich nakoniec vyrazilo do boja s pekelne dlh\u00fdmi etapami len 60. Pre predstavu, posledn\u00e1 etapa z Nantes do Par\u00ed\u017ea merala 471 km. A t\u00fdch 20 000 frankov pre v\u00ed\u0165aza z\u00edskal dom\u00e1ci hrdina, Maurice Garin, ktor\u00fd 2 428 km absolvoval v celkovom \u010dase 94:33:14 h.<\/p>\n<figure id=\"attachment_7837\" aria-describedby=\"caption-attachment-7837\" style=\"width: 640px\" class=\"wp-caption alignnone\"><a href=\"https:\/\/d2p6e6u75xmxt8.cloudfront.net\/4\/2019\/07\/1903.jpg\"><img loading=\"lazy\" decoding=\"async\" class=\"size-full wp-image-7837\" src=\"https:\/\/d2p6e6u75xmxt8.cloudfront.net\/4\/2019\/07\/1903.jpg\" alt=\"\" width=\"640\" height=\"715\" \/><\/a><figcaption id=\"caption-attachment-7837\" class=\"wp-caption-text\">1903: V\u00ed\u0165az Tour de France, Maurice Garin<\/figcaption><\/figure>\n<p>Minuloro\u010dn\u00e1 Tour merala 2 251 km a Geraint Thomas zvl\u00e1dol cel\u00fdch 21 et\u00e1p v celkovom \u010dase 83:17:13&nbsp;h. Ale tak\u00e9to porovn\u00e1vania nie s\u00fa objekt\u00edvne a spravodliv\u00e9 k ostatn\u00fdm podmienkam, ktor\u00e9 dotv\u00e1rali preteky. Jazd\u00ed sa \u00faplne inak, na v\u00fdrazne odli\u0161n\u00fdch bicykloch, v cite\u013ene r\u00fdchlej\u0161om tempe, a predov\u0161etk\u00fdm, (aj) v hor\u00e1ch.<\/p>\n<p><strong>Je naozaj zlo\u017eit\u00e9 poveda\u0165, ko\u013eko z vyhrat\u00fdch pe\u0148az\u00ed nakoniec prv\u00fd pretek\u00e1r obdr\u017e\u00ed<\/strong>. V cyklistike plat\u00ed pravidlo, \u017ee <strong>sa v\u0161etko del\u00ed rovn\u00fdm dielom<\/strong>. To znamen\u00e1, \u017ee v\u0161etky peniaze zaroben\u00e9 na Tour dan\u00fdm t\u00edmom a jeho jazdcami, sa spo\u010d\u00edtaj\u00fa a rozdelia na dev\u00e4\u0165 dielov. Osem z nich dostan\u00fa pretek\u00e1ri, deviaty diel poputuje medzi mas\u00e9rov, mechanikov, fyzioterapeutov \u010di kuch\u00e1rov.<\/p>\n<p>V\u00ed\u0165az Tour \u010dasto svojim kolegom k\u00fapi e\u0161te nejak\u00fd dar\u010dek, alebo ho odmen\u00ed inou cestou. Tak napr\u00edklad tak\u00fd Lance Armstrong, ktor\u00fd o svojich sedem titulov na Tour pri\u0161iel kv\u00f4li dopingu, d\u00e1val ka\u017ed\u00e9mu jazdcovi z t\u00edmu e\u0161te \u0161peci\u00e1lny finan\u010dn\u00fd bonus.<\/p>\n","protected":false},"excerpt":{"rendered":"<p>Tour de France bol\u00ed. Ka\u017ed\u00e9ho jedn\u00e9ho, kto ju kedy absolvoval. A je jedno, \u010di i\u0161lo o t\u00fa prv\u00fa v roku [&hellip;]<\/p>\n","protected":false},"author":38,"featured_media":7845,"comment_status":"open","ping_status":"open","sticky":false,"template":"","format":"standard","meta":{"footnotes":""},"categories":[117],"tags":[175,275,115,1032,961,1000,1037,306,268,1033,1036,1034,556,20,810,269,886,1035,156,174],"global-categories":[],"class_list":["post-7818","post","type-post","status-publish","format-standard","has-post-thumbnail","hentry","category-tour-de-france","tag-bodkovany-dres","tag-cesta","tag-cestna-cyklistika","tag-domestik","tag-etapa","tag-financie","tag-financna-premia","tag-francuzsko","tag-grand-tour","tag-odmena","tag-premia","tag-prize-money","tag-tim","tag-tour-de-france","tag-tour-de-france-2019","tag-vitaz","tag-vitazstvo","tag-zarobok","tag-zeleny-dres","tag-zlty-dres"],"yoast_head":"<!-- This site is optimized with the Yoast SEO Premium plugin v25.3 (Yoast SEO v25.9) - https:\/\/yoast.com\/wordpress\/plugins\/seo\/ -->\n<title>\u010co \u010dak\u00e1 na kr\u00e1\u013ea Tour? Za trojt\u00fd\u017ed\u0148ov\u00fa drinu pol mili\u00f3na eur - \u0160koda We Love Cycling Slovensko<\/title>\n<meta name=\"description\" content=\"Tour de France bol\u00ed. Je to t\u0159\u00edt\u00fddenn\u00ed peklo v\u00a0sedle. Ten, kdo v\u00a0Pa\u0159\u00ed\u017ei stane letos na nejvy\u0161\u0161\u00edm stupni, obdr\u017e\u00ed finan\u010dn\u00ed pr\u00e9mii 500\u00a0000 eur.\" \/>\n<meta name=\"robots\" content=\"index, follow, max-snippet:-1, max-image-preview:large, max-video-preview:-1\" \/>\n<link rel=\"canonical\" href=\"https:\/\/www.welovecycling.com\/sk\/2019\/07\/25\/co-caka-na-krala-tour-za-trojtyzdnovu-drinu-pol-miliona-eur\/\" \/>\n<meta property=\"og:locale\" content=\"sk_SK\" \/>\n<meta property=\"og:type\" content=\"article\" \/>\n<meta property=\"og:title\" content=\"\u010co \u010dak\u00e1 na kr\u00e1\u013ea Tour? Za trojt\u00fd\u017ed\u0148ov\u00fa drinu pol mili\u00f3na eur\" \/>\n<meta property=\"og:description\" content=\"Tour de France bol\u00ed. Je to t\u0159\u00edt\u00fddenn\u00ed peklo v\u00a0sedle. Ten, kdo v\u00a0Pa\u0159\u00ed\u017ei stane letos na nejvy\u0161\u0161\u00edm stupni, obdr\u017e\u00ed finan\u010dn\u00ed pr\u00e9mii 500\u00a0000 eur.\" \/>\n<meta property=\"og:url\" content=\"https:\/\/www.welovecycling.com\/sk\/2019\/07\/25\/co-caka-na-krala-tour-za-trojtyzdnovu-drinu-pol-miliona-eur\/\" \/>\n<meta property=\"og:site_name\" content=\"\u0160koda We Love Cycling Slovensko\" \/>\n<meta property=\"article:published_time\" content=\"2019-07-25T09:30:32+00:00\" \/>\n<meta property=\"article:modified_time\" content=\"2019-07-25T09:34:08+00:00\" \/>\n<meta property=\"og:image\" content=\"https:\/\/d2p6e6u75xmxt8.cloudfront.net\/4\/2019\/07\/Tour-de-France-Froome-CVR-profimedia-0235966430.webp\" \/>\n\t<meta property=\"og:image:width\" content=\"1366\" \/>\n\t<meta property=\"og:image:height\" content=\"600\" \/>\n\t<meta property=\"og:image:type\" content=\"image\/webp\" \/>\n<meta name=\"author\" content=\"Ondrej Ga\u0161par\" \/>\n<meta name=\"twitter:card\" content=\"summary_large_image\" \/>\n<meta name=\"twitter:label1\" content=\"Written by\" \/>\n\t<meta name=\"twitter:data1\" content=\"Jan Kr\u016fta\" \/>\n\t<meta name=\"twitter:label2\" content=\"Est. reading time\" \/>\n\t<meta name=\"twitter:data2\" content=\"4\" \/>\n<script type=\"application\/ld+json\" class=\"yoast-schema-graph\">{\"@context\":\"https:\/\/schema.org\",\"@graph\":[{\"@type\":\"WebPage\",\"@id\":\"https:\/\/www.welovecycling.com\/sk\/2019\/07\/25\/co-caka-na-krala-tour-za-trojtyzdnovu-drinu-pol-miliona-eur\/\",\"url\":\"https:\/\/www.welovecycling.com\/sk\/2019\/07\/25\/co-caka-na-krala-tour-za-trojtyzdnovu-drinu-pol-miliona-eur\/\",\"name\":\"\u010co \u010dak\u00e1 na kr\u00e1\u013ea Tour? Za trojt\u00fd\u017ed\u0148ov\u00fa drinu pol mili\u00f3na eur - \u0160koda We Love Cycling Slovensko\",\"isPartOf\":{\"@id\":\"https:\/\/www.welovecycling.com\/sk\/#website\"},\"primaryImageOfPage\":{\"@id\":\"https:\/\/www.welovecycling.com\/sk\/2019\/07\/25\/co-caka-na-krala-tour-za-trojtyzdnovu-drinu-pol-miliona-eur\/#primaryimage\"},\"image\":{\"@id\":\"https:\/\/www.welovecycling.com\/sk\/2019\/07\/25\/co-caka-na-krala-tour-za-trojtyzdnovu-drinu-pol-miliona-eur\/#primaryimage\"},\"thumbnailUrl\":\"https:\/\/d2p6e6u75xmxt8.cloudfront.net\/4\/2019\/07\/Tour-de-France-Froome-CVR-profimedia-0235966430.webp\",\"datePublished\":\"2019-07-25T09:30:32+00:00\",\"dateModified\":\"2019-07-25T09:34:08+00:00\",\"author\":{\"@id\":\"https:\/\/www.welovecycling.com\/sk\/#\/schema\/person\/8ee09ba39b7e25b1870160aa5b3a89bc\"},\"description\":\"Tour de France bol\u00ed. Je to t\u0159\u00edt\u00fddenn\u00ed peklo v\u00a0sedle. Ten, kdo v\u00a0Pa\u0159\u00ed\u017ei stane letos na nejvy\u0161\u0161\u00edm stupni, obdr\u017e\u00ed finan\u010dn\u00ed pr\u00e9mii 500\u00a0000 eur.\",\"breadcrumb\":{\"@id\":\"https:\/\/www.welovecycling.com\/sk\/2019\/07\/25\/co-caka-na-krala-tour-za-trojtyzdnovu-drinu-pol-miliona-eur\/#breadcrumb\"},\"inLanguage\":\"sk-SK\",\"potentialAction\":[{\"@type\":\"ReadAction\",\"target\":[\"https:\/\/www.welovecycling.com\/sk\/2019\/07\/25\/co-caka-na-krala-tour-za-trojtyzdnovu-drinu-pol-miliona-eur\/\"]}]},{\"@type\":\"ImageObject\",\"inLanguage\":\"sk-SK\",\"@id\":\"https:\/\/www.welovecycling.com\/sk\/2019\/07\/25\/co-caka-na-krala-tour-za-trojtyzdnovu-drinu-pol-miliona-eur\/#primaryimage\",\"url\":\"https:\/\/d2p6e6u75xmxt8.cloudfront.net\/4\/2019\/07\/Tour-de-France-Froome-CVR-profimedia-0235966430.webp\",\"contentUrl\":\"https:\/\/d2p6e6u75xmxt8.cloudfront.net\/4\/2019\/07\/Tour-de-France-Froome-CVR-profimedia-0235966430.webp\",\"width\":1366,\"height\":600},{\"@type\":\"BreadcrumbList\",\"@id\":\"https:\/\/www.welovecycling.com\/sk\/2019\/07\/25\/co-caka-na-krala-tour-za-trojtyzdnovu-drinu-pol-miliona-eur\/#breadcrumb\",\"itemListElement\":[{\"@type\":\"ListItem\",\"position\":1,\"name\":\"Home\",\"item\":\"https:\/\/www.welovecycling.com\/sk\/\"},{\"@type\":\"ListItem\",\"position\":2,\"name\":\"\u010co \u010dak\u00e1 na kr\u00e1\u013ea Tour? Za trojt\u00fd\u017ed\u0148ov\u00fa drinu pol mili\u00f3na eur\"}]},{\"@type\":\"WebSite\",\"@id\":\"https:\/\/www.welovecycling.com\/sk\/#website\",\"url\":\"https:\/\/www.welovecycling.com\/sk\/\",\"name\":\"\u0160koda We Love Cycling Slovensko\",\"description\":\"\u0160koda We Love Cycling Slovensko je v\u00e1\u0161 ka\u017edodenn\u00fd zdroj noviniek a in\u0161pir\u00e1cie z sveta cyklistiky\",\"potentialAction\":[{\"@type\":\"SearchAction\",\"target\":{\"@type\":\"EntryPoint\",\"urlTemplate\":\"https:\/\/www.welovecycling.com\/sk\/?s={search_term_string}\"},\"query-input\":{\"@type\":\"PropertyValueSpecification\",\"valueRequired\":true,\"valueName\":\"search_term_string\"}}],\"inLanguage\":\"sk-SK\"},{\"@type\":\"Person\",\"@id\":\"https:\/\/www.welovecycling.com\/sk\/#\/schema\/person\/8ee09ba39b7e25b1870160aa5b3a89bc\",\"name\":\"Ondrej Ga\u0161par\",\"image\":{\"@type\":\"ImageObject\",\"inLanguage\":\"sk-SK\",\"@id\":\"https:\/\/www.welovecycling.com\/sk\/#\/schema\/person\/image\/\",\"url\":\"https:\/\/secure.gravatar.com\/avatar\/6126c9afb87b70da5abbb083ddbb21933da15f18f8ca7cb822aba0fb096a48f6?s=96&d=mm&r=g\",\"contentUrl\":\"https:\/\/secure.gravatar.com\/avatar\/6126c9afb87b70da5abbb083ddbb21933da15f18f8ca7cb822aba0fb096a48f6?s=96&d=mm&r=g\",\"caption\":\"Ondrej Ga\u0161par\"},\"url\":\"https:\/\/www.welovecycling.com\/sk\/author\/ondrejgaspar\/\"}]}<\/script>\n<!-- \/ Yoast SEO Premium plugin. -->","yoast_head_json":{"title":"\u010co \u010dak\u00e1 na kr\u00e1\u013ea Tour? Za trojt\u00fd\u017ed\u0148ov\u00fa drinu pol mili\u00f3na eur - \u0160koda We Love Cycling Slovensko","description":"Tour de France bol\u00ed. Je to t\u0159\u00edt\u00fddenn\u00ed peklo v\u00a0sedle. Ten, kdo v\u00a0Pa\u0159\u00ed\u017ei stane letos na nejvy\u0161\u0161\u00edm stupni, obdr\u017e\u00ed finan\u010dn\u00ed pr\u00e9mii 500\u00a0000 eur.","robots":{"index":"index","follow":"follow","max-snippet":"max-snippet:-1","max-image-preview":"max-image-preview:large","max-video-preview":"max-video-preview:-1"},"canonical":"https:\/\/www.welovecycling.com\/sk\/2019\/07\/25\/co-caka-na-krala-tour-za-trojtyzdnovu-drinu-pol-miliona-eur\/","og_locale":"sk_SK","og_type":"article","og_title":"\u010co \u010dak\u00e1 na kr\u00e1\u013ea Tour? Za trojt\u00fd\u017ed\u0148ov\u00fa drinu pol mili\u00f3na eur","og_description":"Tour de France bol\u00ed. Je to t\u0159\u00edt\u00fddenn\u00ed peklo v\u00a0sedle. Ten, kdo v\u00a0Pa\u0159\u00ed\u017ei stane letos na nejvy\u0161\u0161\u00edm stupni, obdr\u017e\u00ed finan\u010dn\u00ed pr\u00e9mii 500\u00a0000 eur.","og_url":"https:\/\/www.welovecycling.com\/sk\/2019\/07\/25\/co-caka-na-krala-tour-za-trojtyzdnovu-drinu-pol-miliona-eur\/","og_site_name":"\u0160koda We Love Cycling Slovensko","article_published_time":"2019-07-25T09:30:32+00:00","article_modified_time":"2019-07-25T09:34:08+00:00","og_image":[{"width":1366,"height":600,"url":"https:\/\/d2p6e6u75xmxt8.cloudfront.net\/4\/2019\/07\/Tour-de-France-Froome-CVR-profimedia-0235966430.webp","type":"image\/webp"}],"author":"Ondrej Ga\u0161par","twitter_card":"summary_large_image","twitter_misc":{"Written by":"Jan Kr\u016fta","Est. reading time":"4"},"schema":{"@context":"https:\/\/schema.org","@graph":[{"@type":"WebPage","@id":"https:\/\/www.welovecycling.com\/sk\/2019\/07\/25\/co-caka-na-krala-tour-za-trojtyzdnovu-drinu-pol-miliona-eur\/","url":"https:\/\/www.welovecycling.com\/sk\/2019\/07\/25\/co-caka-na-krala-tour-za-trojtyzdnovu-drinu-pol-miliona-eur\/","name":"\u010co \u010dak\u00e1 na kr\u00e1\u013ea Tour? Za trojt\u00fd\u017ed\u0148ov\u00fa drinu pol mili\u00f3na eur - \u0160koda We Love Cycling Slovensko","isPartOf":{"@id":"https:\/\/www.welovecycling.com\/sk\/#website"},"primaryImageOfPage":{"@id":"https:\/\/www.welovecycling.com\/sk\/2019\/07\/25\/co-caka-na-krala-tour-za-trojtyzdnovu-drinu-pol-miliona-eur\/#primaryimage"},"image":{"@id":"https:\/\/www.welovecycling.com\/sk\/2019\/07\/25\/co-caka-na-krala-tour-za-trojtyzdnovu-drinu-pol-miliona-eur\/#primaryimage"},"thumbnailUrl":"https:\/\/d2p6e6u75xmxt8.cloudfront.net\/4\/2019\/07\/Tour-de-France-Froome-CVR-profimedia-0235966430.webp","datePublished":"2019-07-25T09:30:32+00:00","dateModified":"2019-07-25T09:34:08+00:00","author":{"@id":"https:\/\/www.welovecycling.com\/sk\/#\/schema\/person\/8ee09ba39b7e25b1870160aa5b3a89bc"},"description":"Tour de France bol\u00ed. Je to t\u0159\u00edt\u00fddenn\u00ed peklo v\u00a0sedle. Ten, kdo v\u00a0Pa\u0159\u00ed\u017ei stane letos na nejvy\u0161\u0161\u00edm stupni, obdr\u017e\u00ed finan\u010dn\u00ed pr\u00e9mii 500\u00a0000 eur.","breadcrumb":{"@id":"https:\/\/www.welovecycling.com\/sk\/2019\/07\/25\/co-caka-na-krala-tour-za-trojtyzdnovu-drinu-pol-miliona-eur\/#breadcrumb"},"inLanguage":"sk-SK","potentialAction":[{"@type":"ReadAction","target":["https:\/\/www.welovecycling.com\/sk\/2019\/07\/25\/co-caka-na-krala-tour-za-trojtyzdnovu-drinu-pol-miliona-eur\/"]}]},{"@type":"ImageObject","inLanguage":"sk-SK","@id":"https:\/\/www.welovecycling.com\/sk\/2019\/07\/25\/co-caka-na-krala-tour-za-trojtyzdnovu-drinu-pol-miliona-eur\/#primaryimage","url":"https:\/\/d2p6e6u75xmxt8.cloudfront.net\/4\/2019\/07\/Tour-de-France-Froome-CVR-profimedia-0235966430.webp","contentUrl":"https:\/\/d2p6e6u75xmxt8.cloudfront.net\/4\/2019\/07\/Tour-de-France-Froome-CVR-profimedia-0235966430.webp","width":1366,"height":600},{"@type":"BreadcrumbList","@id":"https:\/\/www.welovecycling.com\/sk\/2019\/07\/25\/co-caka-na-krala-tour-za-trojtyzdnovu-drinu-pol-miliona-eur\/#breadcrumb","itemListElement":[{"@type":"ListItem","position":1,"name":"Home","item":"https:\/\/www.welovecycling.com\/sk\/"},{"@type":"ListItem","position":2,"name":"\u010co \u010dak\u00e1 na kr\u00e1\u013ea Tour? Za trojt\u00fd\u017ed\u0148ov\u00fa drinu pol mili\u00f3na eur"}]},{"@type":"WebSite","@id":"https:\/\/www.welovecycling.com\/sk\/#website","url":"https:\/\/www.welovecycling.com\/sk\/","name":"\u0160koda We Love Cycling Slovensko","description":"\u0160koda We Love Cycling Slovensko je v\u00e1\u0161 ka\u017edodenn\u00fd zdroj noviniek a in\u0161pir\u00e1cie z sveta cyklistiky","potentialAction":[{"@type":"SearchAction","target":{"@type":"EntryPoint","urlTemplate":"https:\/\/www.welovecycling.com\/sk\/?s={search_term_string}"},"query-input":{"@type":"PropertyValueSpecification","valueRequired":true,"valueName":"search_term_string"}}],"inLanguage":"sk-SK"},{"@type":"Person","@id":"https:\/\/www.welovecycling.com\/sk\/#\/schema\/person\/8ee09ba39b7e25b1870160aa5b3a89bc","name":"Ondrej Ga\u0161par","image":{"@type":"ImageObject","inLanguage":"sk-SK","@id":"https:\/\/www.welovecycling.com\/sk\/#\/schema\/person\/image\/","url":"https:\/\/secure.gravatar.com\/avatar\/6126c9afb87b70da5abbb083ddbb21933da15f18f8ca7cb822aba0fb096a48f6?s=96&d=mm&r=g","contentUrl":"https:\/\/secure.gravatar.com\/avatar\/6126c9afb87b70da5abbb083ddbb21933da15f18f8ca7cb822aba0fb096a48f6?s=96&d=mm&r=g","caption":"Ondrej Ga\u0161par"},"url":"https:\/\/www.welovecycling.com\/sk\/author\/ondrejgaspar\/"}]}},"_links":{"self":[{"href":"https:\/\/www.welovecycling.com\/sk\/wp-json\/wp\/v2\/posts\/7818","targetHints":{"allow":["GET"]}}],"collection":[{"href":"https:\/\/www.welovecycling.com\/sk\/wp-json\/wp\/v2\/posts"}],"about":[{"href":"https:\/\/www.welovecycling.com\/sk\/wp-json\/wp\/v2\/types\/post"}],"author":[{"embeddable":true,"href":"https:\/\/www.welovecycling.com\/sk\/wp-json\/wp\/v2\/users\/38"}],"replies":[{"embeddable":true,"href":"https:\/\/www.welovecycling.com\/sk\/wp-json\/wp\/v2\/comments?post=7818"}],"version-history":[{"count":2,"href":"https:\/\/www.welovecycling.com\/sk\/wp-json\/wp\/v2\/posts\/7818\/revisions"}],"predecessor-version":[{"id":7899,"href":"https:\/\/www.welovecycling.com\/sk\/wp-json\/wp\/v2\/posts\/7818\/revisions\/7899"}],"wp:featuredmedia":[{"embeddable":true,"href":"https:\/\/www.welovecycling.com\/sk\/wp-json\/wp\/v2\/media\/7845"}],"wp:attachment":[{"href":"https:\/\/www.welovecycling.com\/sk\/wp-json\/wp\/v2\/media?parent=7818"}],"wp:term":[{"taxonomy":"category","embeddable":true,"href":"https:\/\/www.welovecycling.com\/sk\/wp-json\/wp\/v2\/categories?post=7818"},{"taxonomy":"post_tag","embeddable":true,"href":"https:\/\/www.welovecycling.com\/sk\/wp-json\/wp\/v2\/tags?post=7818"},{"taxonomy":"global-categories","embeddable":true,"href":"https:\/\/www.welovecycling.com\/sk\/wp-json\/wp\/v2\/global-categories?post=7818"}],"curies":[{"name":"wp","href":"https:\/\/api.w.org\/{rel}","templated":true}]}}