{"id":7806,"date":"2019-07-16T14:08:44","date_gmt":"2019-07-16T12:08:44","guid":{"rendered":"https:\/\/www.welovecycling.com\/sk\/?p=7806"},"modified":"2019-07-16T14:18:14","modified_gmt":"2019-07-16T12:18:14","slug":"tour-de-france-ma-za-sebou-prvy-tyzden-co-sa-udialo","status":"publish","type":"post","link":"https:\/\/www.welovecycling.com\/sk\/2019\/07\/16\/tour-de-france-ma-za-sebou-prvy-tyzden-co-sa-udialo\/","title":{"rendered":"Tour de France m\u00e1 za sebou prv\u00fd t\u00fd\u017ede\u0148 \u2013 \u010do sa udialo?"},"content":{"rendered":"<p><strong>Najsl\u00e1vnej\u0161ie cyklistick\u00e9 preteky sveta, ktor\u00e9 ka\u017edoro\u010dne pritiahnu k\u00a0obrazovk\u00e1m, ale aj do samotn\u00e9ho Franc\u00fazska mili\u00f3ny div\u00e1kov, maj\u00fa u\u017e svoju prv\u00fa tretinu za sebou. Ako to zatia\u013e vyzer\u00e1? To sa dozviete v\u00a0dne\u0161nom \u010dl\u00e1nku.<\/strong><!--more--><\/p>\n<h2><strong>1. etapa Brusel (Bel) \u2013 Brusel (Bel) (zvlnen\u00e1, 194,5 km)<\/strong><\/h2>\n<p>Prv\u00e1 trojica et\u00e1p sa odohr\u00e1vala na p\u00f4de Belgicka. Hne\u010f \u00favodn\u00e1 mala jemne zvlnen\u00fd charakter, ktor\u00fd mohol pria\u0165 predov\u0161etk\u00fdm \u00faniku. Av\u0161ak do neho sa dostal len osamoten\u00fd S. Rossetto. Napriek tomu, \u017ee dok\u00e1zal odol\u00e1va\u0165 tlaku pelot\u00f3nu cel\u00fdch 180 kilometrov, na posledn\u00fdch desiatich u\u017e nesta\u010dil tempu bal\u00edka. <strong>Rozhodovalo sa tak v\u00a0cie\u013eovom \u0161printe<\/strong>. Saganova v\u00fdborn\u00e1 poz\u00edcia mu v\u0161ak nepriniesla vyt\u00fa\u017een\u00e9 v\u00ed\u0165azstvo. O\u00a0nieko\u013eko desiatok centimetrov ho porazil M. Teunissen. Jazdci celkov\u00e9ho poradia pre\u0161li p\u00e1sku bez podstatn\u00fdch str\u00e1t. Najv\u00e4\u010d\u0161iu smolu mal J. Fuglsang, ktor\u00fd spadol nezavinene v\u00a0posledn\u00fdch desiatkach kilometrov, \u010do sa prejavilo v\u00a0nasleduj\u00facich etap\u00e1ch.<\/p>\n<ol>\n<li>Teunissen Mike (Jumbo-Visma) 4:22:47<\/li>\n<li>Sagan Peter (BORA &#8211; hansgrohe)<\/li>\n<li>Ewan Caleb (Lotto Soudal)<\/li>\n<\/ol>\n<p><a href=\"https:\/\/d2p6e6u75xmxt8.cloudfront.net\/4\/2019\/07\/01-3.jpg\"><img loading=\"lazy\" decoding=\"async\" src=\"https:\/\/d2p6e6u75xmxt8.cloudfront.net\/4\/2019\/07\/01-3.jpg\" alt=\"\" width=\"1200\" height=\"800\" class=\"alignnone size-full wp-image-7807\" \/><\/a><\/p>\n<h2><strong>2. etapa Brusel (Bel) \u2013 Brusel (Bel) (t\u00edmov\u00e1 \u010dasovka, 27,6 km)<\/strong><\/h2>\n<p>Tohtoro\u010dn\u00e1 Tour prinesie dvojicu \u010dasoviek \u2013 jednu t\u00edmov\u00fa a\u00a0jednu individu\u00e1lnu. Pr\u00e1ve prv\u00e1 spom\u00ednan\u00e1 mala svoje miesto po\u010das druhej etapy v\u00a0Belgicku. Najv\u00e4\u010d\u0161ie \u0161ance boli vkladan\u00e9 do t\u00edmu INEOS, Deceuninck &#8211; Quick-Step a\u00a0Jumbo-Visma. Tieto predpoklady sa naplnili, ke\u010f v\u00a0\u00favode sa na prv\u00e9 miesto dostal t\u00edm INEOS. Aj ke\u010f pr\u00edvalu ostatn\u00fdch t\u00edmov odol\u00e1val len tesne (medzi 2. a\u00a09. t\u00edmom bol rozdiel len 16 sek\u00fand), nakoniec pod\u013eahol v\u00fdrazne <strong>r\u00fdchlej\u0161iemu t\u00edmu Jumbo-Visma<\/strong>, ktor\u00fd stanovil \u010das r\u00fdchlej\u0161\u00ed o\u00a020 sek\u00fand. Aj v\u010faka tomu si \u017elt\u00fd dres uchoval jeden z\u00a0ich jazdcov, M. Teunissen.<\/p>\n<ol>\n<li>Jumbo-Visma &#8211; 28:57<\/li>\n<li>INEOS + 0:20<\/li>\n<li>Deceuninck &#8211; Quick-Step + 0:21<\/li>\n<\/ol>\n<h2><strong>3. etapa Binche (Bel) \u2013 Epernay (Fra) (zvlnen\u00e1, 215 km)<\/strong><\/h2>\n<p>Aj ke\u010f sa profil tejto etapy zdal by\u0165 \u201emierumilovn\u00fd\u201c k\u00a0pretek\u00e1rom, posledn\u00fdch 50 kilometrov obsahoval \u0161esticu s\u00edce krat\u0161\u00edch, ale miestami v\u00fd\u017eivn\u00fdch st\u00fapan\u00ed. Ist\u00fdm bolo, \u017ee dnes  o\u00a0v\u00ed\u0165azstvo bud\u00fa bojova\u0165 klasik\u00e1ri. P\u00e4tica pretek\u00e1rov v\u00a0\u00faniku to nemala \u013eahk\u00e9. Na m\u00e9te 20 km ost\u00e1val v\u00a0\u010dele u\u017e len osamoten\u00fd T. Wellens, za ktor\u00fdm sa vydal J. Alaphilippe. Franc\u00faz po v\u00fdjazde na Cote de Mutigny na ni\u010d ne\u010dakal. \u0160t\u00fdlom individu\u00e1lnej \u010dasovky si pri\u0161iel do cie\u013ea po cenn\u00e9 v\u00ed\u0165azstvo. Za n\u00edm sa o\u00a0nasleduj\u00face umiestnenia \u0161printovalo \u2013 druh\u00fdm sa stal M. Matthews pred J. Stuyvenom. <strong>Sagan skon\u010dil s\u00a0rovnak\u00fdm \u010dasom piaty<\/strong>, \u010d\u00edm si udr\u017eal zelen\u00fd dres. S\u00fa\u010dasne sa Alaphilippe prezliekol do \u017elt\u00e9ho dresu s\u00a0n\u00e1skokom 20 sek\u00fand na W. Van Aerta.<\/p>\n<ol>\n<li>Alaphilippe Julian (Deceuninck &#8211; Quick-Step) &#8211; 4:40:29<\/li>\n<li>Matthews Michael (Sunweb) + 0:26<\/li>\n<li>Stuyven Jasper (Trek-Segafredo)<\/li>\n<\/ol>\n<p><a href=\"https:\/\/d2p6e6u75xmxt8.cloudfront.net\/4\/2019\/07\/02-3.jpg\"><img loading=\"lazy\" decoding=\"async\" src=\"https:\/\/d2p6e6u75xmxt8.cloudfront.net\/4\/2019\/07\/02-3.jpg\" alt=\"\" width=\"1200\" height=\"800\" class=\"alignnone size-full wp-image-7811\" \/><\/a><\/p>\n<h2><strong>4. etapa Reims \u2013 Nancy (zvlnen\u00e1, 213,5 km)<\/strong><\/h2>\n<p>\u0160print\u00e9ri si po\u010das uplynul\u00fdch dn\u00ed nepri\u0161li na svoje \u2013 \u010do popravde nie je zvykom na Tour de France, kedy prv\u00fd t\u00fd\u017ede\u0148 b\u00fdva ako stvoren\u00fd pre nich. Av\u0161ak \u0161tvrt\u00e1 etapa mala tento priebeh zmeni\u0165. Rovinat\u00fd dojazd, len dvojica hodnoten\u00fdch st\u00fapan\u00ed kateg\u00f3rie 4 a\u00a0primeran\u00e9 tempo v\u00fdvoja etapy nasved\u010dovali o\u00a0takomto z\u00e1vere. Men\u0161\u00ed \u00fanik s\u00edce vydr\u017eal na \u010dele takmer 200 kilometrov, av\u0161ak \u0161print\u00e9rskym t\u00edmom sa ho 16 km pred koncom podarilo eliminova\u0165. Vyrovnan\u00fd \u0161print vyhral E. Viviani pred s\u00fapermi; A. Kristoffom, C. Ewanom a\u00a0P. Saganom. V\u00a0celkovej klasifik\u00e1cia sa ni\u010d nemenilo.<\/p>\n<ol>\n<li>Viviani Elia (Deceuninck &#8211; Quick-Step) &#8211; 5:09:20<\/li>\n<li>Kristoff Alexander (UAE Team Emirates)<\/li>\n<li>Ewan Caleb (Lotto Soudal)<\/li>\n<\/ol>\n<h2><strong>5. etapa Saint-Di\u00e9-des-Vosges \u2013 Colmar (kopcovit\u00e1, 175,5 km)<\/strong><\/h2>\n<p>Ak niektor\u00e1 z\u00a0et\u00e1p mohla sedie\u0165 P. Saganovi, ur\u010dite \u0148ou bola t\u00e1to, obsahuj\u00faca 4 hodnoten\u00e9 st\u00fapania kateg\u00f3rie 2 a\u00a03, ktor\u00e9 mali \u201eodstavi\u0165\u201c silnej\u0161\u00edch \u0161print\u00e9rov pred z\u00e1verom etapy. V\u00a0\u00faniku sa op\u00e4\u0165 uk\u00e1zal T. Wellens, ktor\u00fd zbieral potrebn\u00e9 body do vrch\u00e1rskej s\u00fa\u0165a\u017ee, av\u0161ak po posledn\u00fdch etap\u00e1ch nepredstavoval v\u00e4\u010d\u0161ie nebezpe\u010denstvo. 22 km pred koncom pohltil pelot\u00f3n posledn\u00fdch jazdcov z\u00a0\u00faniku. T\u00edm BORA-hansgrohe, vedom\u00fd si svojej \u0161ance na v\u00ed\u0165azstvo, kontroloval zost\u00e1vaj\u00face kilometre. V\u00a0z\u00e1vere\u010dn\u00fdch metroch sa v\u00a0\u0161printe ocitol W. Van Aert, M. Trentin alebo S. Colbrelli. Bol to v\u0161ak <strong>P. Sagan, ktor\u00fd jednozna\u010dne zdolal svojich s\u00faperov<\/strong> a\u00a0odniesol si u\u017e 12. v\u00ed\u0165azstvo na Tour de France.<\/p>\n<ol>\n<li>Sagan Peter (BORA-hansgrohe) &#8211; 4:02:33<\/li>\n<li>Van Aert Wout (Jumbo-Visma)<\/li>\n<li>Trentin Matteo (Mitchelton-Scott)<\/li>\n<\/ol>\n<lite-youtube videoid=Z7l92pbIOmg params=\"enablejsapi=1\" style=\"background-image: url('https:\/\/i.ytimg.com\/vi_webp\/Z7l92pbIOmg\/maxresdefault.webp');\"><\/lite-youtube>\n<h2><strong>6. etapa Mulhouse \u2013 La Planche des Belles Filles (kopcovit\u00e1, 160,5 km)<\/strong><\/h2>\n<p>Po tom, ako sa v\u00a0predch\u00e1dzaj\u00facom z\u00e1vere predviedli \u0161print\u00e9ri a\u00a0klasik\u00e1ri, <strong>t\u00e1to etapa mala naopak patri\u0165 vrch\u00e1rsky orientovan\u00fdm jazdcom<\/strong>. Bolo to predov\u0161etk\u00fdm posledn\u00e9 st\u00fapanie na cie\u013eov\u00fa p\u00e1sku, meraj\u00face 7 km s\u00a0priemerom 8,7 %, ktor\u00e9 malo preveri\u0165 aj pretek\u00e1rov na celkov\u00e9 poradie. \u0160estica cyklistov z \u00faniku na \u010dele si po\u010das etapy neust\u00e1le udr\u017eovala dostato\u010dn\u00fd odstup, \u010do sa prejavilo predov\u0161etk\u00fdm v\u00a0poslednom st\u00fapan\u00ed, kedy bolo ist\u00e9, \u017ee jeden z\u00a0nich z\u00edska v\u00fdhru v\u00a0tejto etape. Bol to nakoniec D. Teuns pred G. Cicconem. Pr\u00e1ve druh\u00fd menovan\u00fd si ziskom vy\u0161e min\u00faty a\u00a0pol na J. Alaphilippa po tejto etape obliekol \u017elt\u00fd dres. <strong>Najlep\u0161ie zo v\u0161etk\u00fdch l\u00eddrov t\u00edmov sa prezentoval G. Thomas<\/strong>, z\u00edskavaj\u00faci nieko\u013eko sek\u00fand na T. Pinota a\u00a0ostatn\u00fdch. Najv\u00e4\u010d\u0161ie probl\u00e9my mali V. Nibali, F. Aru a\u00a0R. Bardet, ktor\u00fd stratili vy\u0161e 2 min\u00faty na Thomasa.<\/p>\n<ol>\n<li>Teuns Dylan (Bahrain Merida) &#8211; 4:29:03<\/li>\n<li>Ciccone Giulio (Trek-Segafredo) + 0:11<\/li>\n<li>Meurisse Xandro (Wanty-Gobert Cycling Team) + 1:05<\/li>\n<\/ol>\n<p><a href=\"https:\/\/d2p6e6u75xmxt8.cloudfront.net\/4\/2019\/07\/03-3.jpg\"><img loading=\"lazy\" decoding=\"async\" src=\"https:\/\/d2p6e6u75xmxt8.cloudfront.net\/4\/2019\/07\/03-3.jpg\" alt=\"\" width=\"1200\" height=\"800\" class=\"alignnone size-full wp-image-7812\" \/><\/a><\/p>\n<h2><strong>7. etapa Belfort \u2013 Chalon-sur-Sa\u00f4ne (zvlnen\u00e1, 230 km)<\/strong><\/h2>\n<p>V\u00a0porad\u00ed siedma etapa znamenala aj <strong>najdlh\u0161iu etapu v\u00a0ro\u010dn\u00edku 2019<\/strong>. Aj ke\u010f sa v\u00a0\u00favodnej polovici museli pretek\u00e1ri popasova\u0165 s\u00a0nieko\u013ek\u00fdmi krat\u0161\u00edmi st\u00fapaniami, druh\u00e1 polovica u\u017e bola rovinat\u00e1. Ne\u010dakan\u00fd p\u00e1d T. Van Garderena v\u00a0\u00favode znamenal jeho koniec v\u00a0Tour. S\u00fabe\u017ene s\u00a0touto skuto\u010dnos\u0165ou sa na \u010dele usadila dvojica jazdcov, ktor\u00ed v\u0161ak nemohli pom\u00fd\u0161\u013ea\u0165 na zisk etapy. Scen\u00e1r sa nakoniec aj naplnil v\u00a0podobnom duchu. V\u00a0posledn\u00fdch stovk\u00e1ch metrov bojovali proti sebe \u0161print\u00e9ri, z\u00a0ktor\u00fdch ako prv\u00fd pre\u0161iel p\u00e1skou D. Groenewegen pred C. Ewanom a\u00a0P. Saganom. E. Viviani sa umiestnil na 6. mieste, \u010doho pr\u00ed\u010dinou bol, pod\u013ea jeho slov, defekt predn\u00e9ho kolesa. Celkov\u00e9 poradie sa v\u00fdraznej\u0161ie nemenilo.<\/p>\n<ol>\n<li>Groenewegen Dylan (Jumbo-Visma) &#8211; 6:02:44<\/li>\n<li>Ewan Caleb (Lotto Soudal)<\/li>\n<li>Sagan Peter (BORA-hansgrohe)<\/li>\n<\/ol>\n<lite-youtube videoid=q4HESAyGWO0 params=\"enablejsapi=1\" style=\"background-image: url('https:\/\/i.ytimg.com\/vi_webp\/q4HESAyGWO0\/maxresdefault.webp');\"><\/lite-youtube>\n<h2><strong>8. etapa M\u00e2con \u2013 Saint-\u00c9tienne (zvlnen\u00e1, 200 km)<\/strong><\/h2>\n<p><strong>N\u00e1ro\u010dn\u00fd de\u0148<\/strong> \u010dakal jazdcov dva dni pred koncom prv\u00e9ho celku, i\u00a0ke\u010f ani sami o\u00a0tom pred za\u010diatkom etapy ani nevedeli. D\u00f4vodom bolo <strong>r\u00fdchle tempo 4-\u010dlenn\u00e9ho \u00faniku<\/strong>. Pelot\u00f3n, sna\u017eiaci sa nenecha\u0165 si ujs\u0165 t\u00fato skupinku, ne\u0161etril silami, d\u00f4sledkom \u010doho bolo skor\u00e9 odpadnutie v\u010deraj\u0161ieho odv\u00e1\u017elivca, Y. Offreda, ako aj \u0161print\u00e9rov &#8211; E. Vivianiho \u010di A. Kristoffa. Nemizn\u00faci n\u00e1skok \u00faniku v\u00a0posledn\u00fdch kilometroch smeroval k\u00a0jeho \u00faspe\u0161n\u00e9mu zakon\u010deniu v\u00a0cieli. Av\u0161ak v\u00a0poslednom st\u00fapan\u00ed zavelil k\u00a0\u00fatoku J. Alaphilippe, ku ktor\u00e9mu sa pridal T. Pinot. T\u00fdm sa ani st\u00edhacou jazdou nepodarilo dolapi\u0165 ved\u00faceho &#8211; T. De Gendta, ktor\u00fd si po viacer\u00fdch \u00fanikoch tejto Tour odniesol vyt\u00fa\u017een\u00e9 v\u00ed\u0165azstvo. S\u00fa\u010dasne sa Alaphilippe dostal op\u00e4\u0165 do vedenia celkovej klasifik\u00e1cie, v\u010faka \u010domu 14. j\u00fala (De\u0148 dobytia Bastily) ako hrd\u00fd Franc\u00faz, obliekal \u017elt\u00fd dres.<\/p>\n<ol>\n<li>De Gendt Thomas (Lotto Soudal) &#8211; 5:00:17<\/li>\n<li>Pinot Thibaut (Groupama &#8211; FDJ) + 0:06<\/li>\n<li>Alaphilippe Julian (Deceuninck &#8211; Quick-Step)<\/li>\n<\/ol>\n<p><a href=\"https:\/\/d2p6e6u75xmxt8.cloudfront.net\/4\/2019\/07\/04.jpg\"><img loading=\"lazy\" decoding=\"async\" src=\"https:\/\/d2p6e6u75xmxt8.cloudfront.net\/4\/2019\/07\/04.jpg\" alt=\"\" width=\"1200\" height=\"800\" class=\"alignnone size-full wp-image-7813\" \/><\/a><\/p>\n<h2><strong>9. etapa Saint-\u00c9tienne \u2013 Brioude (zvlnen\u00e1, 170,5 km)<\/strong><\/h2>\n<p>Dvojica predposledn\u00fdch et\u00e1p mala podobn\u00fd charakter s\u00a0t\u00fdmi, ktor\u00e9 im po\u010das t\u00fd\u017ed\u0148a predch\u00e1dzali. Predov\u0161etk\u00fdm t\u00e1to deviata bola \u0165a\u017ek\u00e1 najm\u00e4 preto, \u017ee jej <strong>profil bol posiaty viacer\u00fdch men\u0161\u00edmi, ale aj klasifikovan\u00fdmi st\u00fapaniami<\/strong>. Nie je nespr\u00e1vne vyhl\u00e1si\u0165, \u017ee etapa bola rozhodnut\u00e1 u\u017e od za\u010diatku. Po tom, ako sa na \u010dele objavil 15-\u010dlenn\u00fd \u00fanik, obsahuj\u00faci nejedn\u00e9ho siln\u00e9ho klasik\u00e1ra, pelot\u00f3n nest\u00edhal t\u00fato skupinu. Aj napriek nejedn\u00e9mu ataku v\u00a0samotnom \u00faniku, definit\u00edvni adepti na v\u00ed\u0165azstvo sa vykry\u0161talizovali a\u017e v\u00a0poslednom st\u00fapan\u00ed, len 13 km pred koncom. Dvojica pretek\u00e1rov, D. Impey a\u00a0T. Benoot, si na cie\u013eovej rovinke za\u0161printovali o\u00a0etapov\u00fd zisk. Pr\u00e1ve prv\u00fd menovan\u00fd, juhoafrick\u00fd \u0161ampi\u00f3n, prekonal Belgi\u010dana a\u00a0odniesol si svoje druh\u00e9 sez\u00f3nne v\u00ed\u0165azstvo.<\/p>\n<ol>\n<li>Impey Daryl (Mitchelton-Scott) &#8211; 4:03:12<\/li>\n<li>Benoot Tiesj (Lotto Soudal)<\/li>\n<li>Trantik Jan (Bahrain Merida) + 0:10<\/li>\n<\/ol>\n<h2><strong>10. etapa Saint-Flour \u2013 Albi (zvlnen\u00e1, 217,5 km)<\/strong><\/h2>\n<p>De\u0148 pre vo\u013en\u00fdm d\u0148om mal patri\u0165 vytrvalostn\u00fdm \u0161print\u00e9rom, ak\u00fdm je aj P. Sagan. Klesaj\u00faci charakter etapy s\u00a0mal\u00fdmi kopcami a\u00a0fini\u0161om do st\u00fapaj\u00faceho sklonu, bol pre\u0148ho ako stvoren\u00fd. Nane\u0161\u0165astie (nielen) pre Sagana bola etapa pozna\u010den\u00e1 v\u00fdrazn\u00fdm bo\u010dn\u00fdm a\u00a0\u010deln\u00fdm vetrom, ktor\u00fd strp\u010doval \u00fasilie jednotliv\u00fdch t\u00edmov a\u00a0uberal im zo s\u00edl. Do cie\u013eov\u00e9ho Albi pri\u0161la skupina pribli\u017ene \u0161tyridsiatich jazdcov, medzi ktor\u00fdmi nech\u00fdbali \u0161print\u00e9ri. <strong>Saganova nev\u00fdhodn\u00e1 poz\u00edcia mu neumo\u017enila prenikn\u00fa\u0165 v\u00a0spr\u00e1vny moment<\/strong> na \u00farove\u0148 E. Vivianiho alebo b\u00fdval\u00e9ho cyklokrosov\u00e9ho majstra &#8211; W. Van Aerta. Na po\u010dudovanie to bol druh\u00fd menovan\u00fd, ktor\u00fd nepod\u013eahol r\u00fdchlosti Taliana a\u00a0odniesol si debutov\u00e9 v\u00ed\u0165azstvo na Tour. V\u00a0bodovacej klasifik\u00e1cii tak ost\u00e1va na \u010dele Slov\u00e1k s\u00a0nemal\u00fdm n\u00e1skokom 62 bodov pred M. Matthewsom.<\/p>\n<ol>\n<li>Van Aert Wout (Jumbo-Visma) &#8211; 4:49:39<\/li>\n<li>Viviani Elia (Deceuninck &#8211; Quick-Step)<\/li>\n<li>Ewan Caleb (Lotto Soudal)<\/li>\n<\/ol>\n<lite-youtube videoid=-bVUb2PFD68 params=\"enablejsapi=1\" style=\"background-image: url('https:\/\/i.ytimg.com\/vi_webp\/-bVUb2PFD68\/maxresdefault.webp');\"><\/lite-youtube>\n<p>A\u017e nezvykle dlh\u00fd prv\u00fd celok, pozost\u00e1vaj\u00faci z 10 et\u00e1p, dozaista unavil v\u0161etk\u00fdch pretek\u00e1rov. Asi nepr\u00edjemn\u00fdm momentom bude skuto\u010dnos\u0165, kedy si pr\u00e1ve oni uvedomia, \u010do ich v\u00a0nasleduj\u00facich 11 etap\u00e1ch \u010dak\u00e1: kopce, kopce a\u00a0kopce.<\/p>\n<p>(zdroje foto: Fb\/LeTourdeFrance \/ v\u00fdsledky: procyclingstats.com)<\/p>\n","protected":false},"excerpt":{"rendered":"<p>Najsl\u00e1vnej\u0161ie cyklistick\u00e9 preteky sveta, ktor\u00e9 ka\u017edoro\u010dne pritiahnu k\u00a0obrazovk\u00e1m, ale aj do samotn\u00e9ho Franc\u00fazska mili\u00f3ny div\u00e1kov, maj\u00fa u\u017e svoju prv\u00fa tretinu [&hellip;]<\/p>\n","protected":false},"author":38,"featured_media":7814,"comment_status":"open","ping_status":"open","sticky":false,"template":"","format":"standard","meta":{"footnotes":""},"categories":[117],"tags":[421,160,227,275,115,898,961,331,306,1028,498,154,46,556,20,810,269,886],"global-categories":[],"class_list":["post-7806","post","type-post","status-publish","format-standard","has-post-thumbnail","hentry","category-tour-de-france","tag-belgicko","tag-bora-hansgrohe","tag-casovka","tag-cesta","tag-cestna-cyklistika","tag-deceuninck-quick-step","tag-etapa","tag-etapove-preteky","tag-francuzsko","tag-ineos","tag-julian-alaphilippe","tag-michael-matthews","tag-peter-sagan","tag-tim","tag-tour-de-france","tag-tour-de-france-2019","tag-vitaz","tag-vitazstvo"],"yoast_head":"<!-- This site is optimized with the Yoast SEO Premium plugin v25.3 (Yoast SEO v25.9) - https:\/\/yoast.com\/wordpress\/plugins\/seo\/ -->\n<title>Tour de France m\u00e1 za sebou prv\u00fd t\u00fd\u017ede\u0148 \u2013 \u010do sa udialo? - \u0160koda We Love Cycling Slovensko<\/title>\n<meta name=\"robots\" content=\"index, follow, max-snippet:-1, max-image-preview:large, max-video-preview:-1\" \/>\n<link rel=\"canonical\" href=\"https:\/\/www.welovecycling.com\/sk\/2019\/07\/16\/tour-de-france-ma-za-sebou-prvy-tyzden-co-sa-udialo\/\" \/>\n<meta property=\"og:locale\" content=\"sk_SK\" \/>\n<meta property=\"og:type\" content=\"article\" \/>\n<meta property=\"og:title\" content=\"Tour de France m\u00e1 za sebou prv\u00fd t\u00fd\u017ede\u0148 \u2013 \u010do sa udialo?\" \/>\n<meta property=\"og:description\" content=\"Najsl\u00e1vnej\u0161ie cyklistick\u00e9 preteky sveta, ktor\u00e9 ka\u017edoro\u010dne pritiahnu k\u00a0obrazovk\u00e1m, ale aj do samotn\u00e9ho Franc\u00fazska mili\u00f3ny div\u00e1kov, maj\u00fa u\u017e svoju prv\u00fa tretinu [&hellip;]\" \/>\n<meta property=\"og:url\" content=\"https:\/\/www.welovecycling.com\/sk\/2019\/07\/16\/tour-de-france-ma-za-sebou-prvy-tyzden-co-sa-udialo\/\" \/>\n<meta property=\"og:site_name\" content=\"\u0160koda We Love Cycling Slovensko\" \/>\n<meta property=\"article:published_time\" content=\"2019-07-16T12:08:44+00:00\" \/>\n<meta property=\"article:modified_time\" content=\"2019-07-16T12:18:14+00:00\" \/>\n<meta property=\"og:image\" content=\"https:\/\/d2p6e6u75xmxt8.cloudfront.net\/4\/2019\/07\/00-2.webp\" \/>\n\t<meta property=\"og:image:width\" content=\"1380\" \/>\n\t<meta property=\"og:image:height\" content=\"600\" \/>\n\t<meta property=\"og:image:type\" content=\"image\/webp\" \/>\n<meta name=\"author\" content=\"Ondrej Ga\u0161par\" \/>\n<meta name=\"twitter:card\" content=\"summary_large_image\" \/>\n<meta name=\"twitter:label1\" content=\"Written by\" \/>\n\t<meta name=\"twitter:data1\" content=\"We Love Cycling\" \/>\n\t<meta name=\"twitter:label2\" content=\"Est. reading time\" \/>\n\t<meta name=\"twitter:data2\" content=\"12\" \/>\n<script type=\"application\/ld+json\" class=\"yoast-schema-graph\">{\"@context\":\"https:\/\/schema.org\",\"@graph\":[{\"@type\":\"WebPage\",\"@id\":\"https:\/\/www.welovecycling.com\/sk\/2019\/07\/16\/tour-de-france-ma-za-sebou-prvy-tyzden-co-sa-udialo\/\",\"url\":\"https:\/\/www.welovecycling.com\/sk\/2019\/07\/16\/tour-de-france-ma-za-sebou-prvy-tyzden-co-sa-udialo\/\",\"name\":\"Tour de France m\u00e1 za sebou prv\u00fd t\u00fd\u017ede\u0148 \u2013 \u010do sa udialo? - \u0160koda We Love Cycling Slovensko\",\"isPartOf\":{\"@id\":\"https:\/\/www.welovecycling.com\/sk\/#website\"},\"primaryImageOfPage\":{\"@id\":\"https:\/\/www.welovecycling.com\/sk\/2019\/07\/16\/tour-de-france-ma-za-sebou-prvy-tyzden-co-sa-udialo\/#primaryimage\"},\"image\":{\"@id\":\"https:\/\/www.welovecycling.com\/sk\/2019\/07\/16\/tour-de-france-ma-za-sebou-prvy-tyzden-co-sa-udialo\/#primaryimage\"},\"thumbnailUrl\":\"https:\/\/d2p6e6u75xmxt8.cloudfront.net\/4\/2019\/07\/00-2.webp\",\"datePublished\":\"2019-07-16T12:08:44+00:00\",\"dateModified\":\"2019-07-16T12:18:14+00:00\",\"author\":{\"@id\":\"https:\/\/www.welovecycling.com\/sk\/#\/schema\/person\/8ee09ba39b7e25b1870160aa5b3a89bc\"},\"breadcrumb\":{\"@id\":\"https:\/\/www.welovecycling.com\/sk\/2019\/07\/16\/tour-de-france-ma-za-sebou-prvy-tyzden-co-sa-udialo\/#breadcrumb\"},\"inLanguage\":\"sk-SK\",\"potentialAction\":[{\"@type\":\"ReadAction\",\"target\":[\"https:\/\/www.welovecycling.com\/sk\/2019\/07\/16\/tour-de-france-ma-za-sebou-prvy-tyzden-co-sa-udialo\/\"]}]},{\"@type\":\"ImageObject\",\"inLanguage\":\"sk-SK\",\"@id\":\"https:\/\/www.welovecycling.com\/sk\/2019\/07\/16\/tour-de-france-ma-za-sebou-prvy-tyzden-co-sa-udialo\/#primaryimage\",\"url\":\"https:\/\/d2p6e6u75xmxt8.cloudfront.net\/4\/2019\/07\/00-2.webp\",\"contentUrl\":\"https:\/\/d2p6e6u75xmxt8.cloudfront.net\/4\/2019\/07\/00-2.webp\",\"width\":1380,\"height\":600},{\"@type\":\"BreadcrumbList\",\"@id\":\"https:\/\/www.welovecycling.com\/sk\/2019\/07\/16\/tour-de-france-ma-za-sebou-prvy-tyzden-co-sa-udialo\/#breadcrumb\",\"itemListElement\":[{\"@type\":\"ListItem\",\"position\":1,\"name\":\"Home\",\"item\":\"https:\/\/www.welovecycling.com\/sk\/\"},{\"@type\":\"ListItem\",\"position\":2,\"name\":\"Tour de France m\u00e1 za sebou prv\u00fd t\u00fd\u017ede\u0148 \u2013 \u010do sa udialo?\"}]},{\"@type\":\"WebSite\",\"@id\":\"https:\/\/www.welovecycling.com\/sk\/#website\",\"url\":\"https:\/\/www.welovecycling.com\/sk\/\",\"name\":\"\u0160koda We Love Cycling Slovensko\",\"description\":\"\u0160koda We Love Cycling Slovensko je v\u00e1\u0161 ka\u017edodenn\u00fd zdroj noviniek a in\u0161pir\u00e1cie z sveta cyklistiky\",\"potentialAction\":[{\"@type\":\"SearchAction\",\"target\":{\"@type\":\"EntryPoint\",\"urlTemplate\":\"https:\/\/www.welovecycling.com\/sk\/?s={search_term_string}\"},\"query-input\":{\"@type\":\"PropertyValueSpecification\",\"valueRequired\":true,\"valueName\":\"search_term_string\"}}],\"inLanguage\":\"sk-SK\"},{\"@type\":\"Person\",\"@id\":\"https:\/\/www.welovecycling.com\/sk\/#\/schema\/person\/8ee09ba39b7e25b1870160aa5b3a89bc\",\"name\":\"Ondrej Ga\u0161par\",\"image\":{\"@type\":\"ImageObject\",\"inLanguage\":\"sk-SK\",\"@id\":\"https:\/\/www.welovecycling.com\/sk\/#\/schema\/person\/image\/\",\"url\":\"https:\/\/secure.gravatar.com\/avatar\/6126c9afb87b70da5abbb083ddbb21933da15f18f8ca7cb822aba0fb096a48f6?s=96&d=mm&r=g\",\"contentUrl\":\"https:\/\/secure.gravatar.com\/avatar\/6126c9afb87b70da5abbb083ddbb21933da15f18f8ca7cb822aba0fb096a48f6?s=96&d=mm&r=g\",\"caption\":\"Ondrej Ga\u0161par\"},\"url\":\"https:\/\/www.welovecycling.com\/sk\/author\/ondrejgaspar\/\"}]}<\/script>\n<!-- \/ Yoast SEO Premium plugin. -->","yoast_head_json":{"title":"Tour de France m\u00e1 za sebou prv\u00fd t\u00fd\u017ede\u0148 \u2013 \u010do sa udialo? - \u0160koda We Love Cycling Slovensko","robots":{"index":"index","follow":"follow","max-snippet":"max-snippet:-1","max-image-preview":"max-image-preview:large","max-video-preview":"max-video-preview:-1"},"canonical":"https:\/\/www.welovecycling.com\/sk\/2019\/07\/16\/tour-de-france-ma-za-sebou-prvy-tyzden-co-sa-udialo\/","og_locale":"sk_SK","og_type":"article","og_title":"Tour de France m\u00e1 za sebou prv\u00fd t\u00fd\u017ede\u0148 \u2013 \u010do sa udialo?","og_description":"Najsl\u00e1vnej\u0161ie cyklistick\u00e9 preteky sveta, ktor\u00e9 ka\u017edoro\u010dne pritiahnu k\u00a0obrazovk\u00e1m, ale aj do samotn\u00e9ho Franc\u00fazska mili\u00f3ny div\u00e1kov, maj\u00fa u\u017e svoju prv\u00fa tretinu [&hellip;]","og_url":"https:\/\/www.welovecycling.com\/sk\/2019\/07\/16\/tour-de-france-ma-za-sebou-prvy-tyzden-co-sa-udialo\/","og_site_name":"\u0160koda We Love Cycling Slovensko","article_published_time":"2019-07-16T12:08:44+00:00","article_modified_time":"2019-07-16T12:18:14+00:00","og_image":[{"width":1380,"height":600,"url":"https:\/\/d2p6e6u75xmxt8.cloudfront.net\/4\/2019\/07\/00-2.webp","type":"image\/webp"}],"author":"Ondrej Ga\u0161par","twitter_card":"summary_large_image","twitter_misc":{"Written by":"We Love Cycling","Est. reading time":"12"},"schema":{"@context":"https:\/\/schema.org","@graph":[{"@type":"WebPage","@id":"https:\/\/www.welovecycling.com\/sk\/2019\/07\/16\/tour-de-france-ma-za-sebou-prvy-tyzden-co-sa-udialo\/","url":"https:\/\/www.welovecycling.com\/sk\/2019\/07\/16\/tour-de-france-ma-za-sebou-prvy-tyzden-co-sa-udialo\/","name":"Tour de France m\u00e1 za sebou prv\u00fd t\u00fd\u017ede\u0148 \u2013 \u010do sa udialo? - \u0160koda We Love Cycling Slovensko","isPartOf":{"@id":"https:\/\/www.welovecycling.com\/sk\/#website"},"primaryImageOfPage":{"@id":"https:\/\/www.welovecycling.com\/sk\/2019\/07\/16\/tour-de-france-ma-za-sebou-prvy-tyzden-co-sa-udialo\/#primaryimage"},"image":{"@id":"https:\/\/www.welovecycling.com\/sk\/2019\/07\/16\/tour-de-france-ma-za-sebou-prvy-tyzden-co-sa-udialo\/#primaryimage"},"thumbnailUrl":"https:\/\/d2p6e6u75xmxt8.cloudfront.net\/4\/2019\/07\/00-2.webp","datePublished":"2019-07-16T12:08:44+00:00","dateModified":"2019-07-16T12:18:14+00:00","author":{"@id":"https:\/\/www.welovecycling.com\/sk\/#\/schema\/person\/8ee09ba39b7e25b1870160aa5b3a89bc"},"breadcrumb":{"@id":"https:\/\/www.welovecycling.com\/sk\/2019\/07\/16\/tour-de-france-ma-za-sebou-prvy-tyzden-co-sa-udialo\/#breadcrumb"},"inLanguage":"sk-SK","potentialAction":[{"@type":"ReadAction","target":["https:\/\/www.welovecycling.com\/sk\/2019\/07\/16\/tour-de-france-ma-za-sebou-prvy-tyzden-co-sa-udialo\/"]}]},{"@type":"ImageObject","inLanguage":"sk-SK","@id":"https:\/\/www.welovecycling.com\/sk\/2019\/07\/16\/tour-de-france-ma-za-sebou-prvy-tyzden-co-sa-udialo\/#primaryimage","url":"https:\/\/d2p6e6u75xmxt8.cloudfront.net\/4\/2019\/07\/00-2.webp","contentUrl":"https:\/\/d2p6e6u75xmxt8.cloudfront.net\/4\/2019\/07\/00-2.webp","width":1380,"height":600},{"@type":"BreadcrumbList","@id":"https:\/\/www.welovecycling.com\/sk\/2019\/07\/16\/tour-de-france-ma-za-sebou-prvy-tyzden-co-sa-udialo\/#breadcrumb","itemListElement":[{"@type":"ListItem","position":1,"name":"Home","item":"https:\/\/www.welovecycling.com\/sk\/"},{"@type":"ListItem","position":2,"name":"Tour de France m\u00e1 za sebou prv\u00fd t\u00fd\u017ede\u0148 \u2013 \u010do sa udialo?"}]},{"@type":"WebSite","@id":"https:\/\/www.welovecycling.com\/sk\/#website","url":"https:\/\/www.welovecycling.com\/sk\/","name":"\u0160koda We Love Cycling Slovensko","description":"\u0160koda We Love Cycling Slovensko je v\u00e1\u0161 ka\u017edodenn\u00fd zdroj noviniek a in\u0161pir\u00e1cie z sveta cyklistiky","potentialAction":[{"@type":"SearchAction","target":{"@type":"EntryPoint","urlTemplate":"https:\/\/www.welovecycling.com\/sk\/?s={search_term_string}"},"query-input":{"@type":"PropertyValueSpecification","valueRequired":true,"valueName":"search_term_string"}}],"inLanguage":"sk-SK"},{"@type":"Person","@id":"https:\/\/www.welovecycling.com\/sk\/#\/schema\/person\/8ee09ba39b7e25b1870160aa5b3a89bc","name":"Ondrej Ga\u0161par","image":{"@type":"ImageObject","inLanguage":"sk-SK","@id":"https:\/\/www.welovecycling.com\/sk\/#\/schema\/person\/image\/","url":"https:\/\/secure.gravatar.com\/avatar\/6126c9afb87b70da5abbb083ddbb21933da15f18f8ca7cb822aba0fb096a48f6?s=96&d=mm&r=g","contentUrl":"https:\/\/secure.gravatar.com\/avatar\/6126c9afb87b70da5abbb083ddbb21933da15f18f8ca7cb822aba0fb096a48f6?s=96&d=mm&r=g","caption":"Ondrej Ga\u0161par"},"url":"https:\/\/www.welovecycling.com\/sk\/author\/ondrejgaspar\/"}]}},"_links":{"self":[{"href":"https:\/\/www.welovecycling.com\/sk\/wp-json\/wp\/v2\/posts\/7806","targetHints":{"allow":["GET"]}}],"collection":[{"href":"https:\/\/www.welovecycling.com\/sk\/wp-json\/wp\/v2\/posts"}],"about":[{"href":"https:\/\/www.welovecycling.com\/sk\/wp-json\/wp\/v2\/types\/post"}],"author":[{"embeddable":true,"href":"https:\/\/www.welovecycling.com\/sk\/wp-json\/wp\/v2\/users\/38"}],"replies":[{"embeddable":true,"href":"https:\/\/www.welovecycling.com\/sk\/wp-json\/wp\/v2\/comments?post=7806"}],"version-history":[{"count":2,"href":"https:\/\/www.welovecycling.com\/sk\/wp-json\/wp\/v2\/posts\/7806\/revisions"}],"predecessor-version":[{"id":7817,"href":"https:\/\/www.welovecycling.com\/sk\/wp-json\/wp\/v2\/posts\/7806\/revisions\/7817"}],"wp:featuredmedia":[{"embeddable":true,"href":"https:\/\/www.welovecycling.com\/sk\/wp-json\/wp\/v2\/media\/7814"}],"wp:attachment":[{"href":"https:\/\/www.welovecycling.com\/sk\/wp-json\/wp\/v2\/media?parent=7806"}],"wp:term":[{"taxonomy":"category","embeddable":true,"href":"https:\/\/www.welovecycling.com\/sk\/wp-json\/wp\/v2\/categories?post=7806"},{"taxonomy":"post_tag","embeddable":true,"href":"https:\/\/www.welovecycling.com\/sk\/wp-json\/wp\/v2\/tags?post=7806"},{"taxonomy":"global-categories","embeddable":true,"href":"https:\/\/www.welovecycling.com\/sk\/wp-json\/wp\/v2\/global-categories?post=7806"}],"curies":[{"name":"wp","href":"https:\/\/api.w.org\/{rel}","templated":true}]}}