{"id":7786,"date":"2019-07-26T10:30:04","date_gmt":"2019-07-26T08:30:04","guid":{"rendered":"https:\/\/www.welovecycling.com\/sk\/?p=7786"},"modified":"2019-07-25T16:32:30","modified_gmt":"2019-07-25T14:32:30","slug":"cyklodestinacia-kusok-raja-za-hranicami-lednicko-valticky-areal","status":"publish","type":"post","link":"https:\/\/www.welovecycling.com\/sk\/2019\/07\/26\/cyklodestinacia-kusok-raja-za-hranicami-lednicko-valticky-areal\/","title":{"rendered":"Cyklodestin\u00e1cia \u2013 k\u00fasok raja za hranicami: Lednicko-Valtick\u00fd are\u00e1l"},"content":{"rendered":"<p><strong>Minule sme v\u00e1m priniesli tip na v\u00fdlet v\u00a0\u010ceskej republike. Dnes sa pozrieme tro\u0161ku bli\u017e\u0161ie na jedno z\u00a0najdostupnej\u0161\u00edch miest pre slovensk\u00e9ho cyklistu: Lednicko-Valtick\u00fd are\u00e1l a\u00a0jeho okolie.<\/strong><!--more--><\/p>\n<p>Ak ste o\u00a0tejto \u010dasti \u010ceska e\u0161te nepo\u010duli, nebojte sa, nie ste prv\u00ed ani posledn\u00ed. Svojou rozlohou ani polohou nie je dominantn\u00fdm, najm\u00e4 ak sa v\u00a0tejto krajine nach\u00e1dzaj\u00fa turistick\u00e9 atrakcie typu Praha, Kru\u0161n\u00e9 hory alebo mno\u017estvo hradov. Napriek tomu by nebolo rozumn\u00e9 u\u017e po prv\u00fdch riadkoch ods\u00fadi\u0165 tak majest\u00e1tny k\u00fasok hist\u00f3rie, zap\u00edsan\u00fd aj v\u00a0zozname UNESCO.<\/p>\n<p>Aby sme neboli pr\u00edli\u0161 tajnostk\u00e1rski, pribl\u00ed\u017eime si teraz, \u010do to ten Lednicko-Valtick\u00fd are\u00e1l v\u00a0skuto\u010dnosti je. Tento celok je <strong>s\u00faborom viacer\u00fdch men\u0161\u00edch stavieb<\/strong>, ktor\u00e9 sa naz\u00fdvaj\u00fa salety a\u00a0v\u00a0neposlednom rade aj dominantami tohto kraja \u2013 <strong>z\u00e1mkami Lednice a\u00a0Valtice<\/strong>. S\u00a0rozlohou takmer 240 km\u00b2 poskytuje svojim n\u00e1v\u0161tevn\u00edkom viacero zauj\u00edmav\u00fdch atrakci\u00ed, \u010di sk\u00f4r miest k\u00a0pokochaniu sa.<\/p>\n<lite-youtube videoid=8Avh88U0jrI params=\"enablejsapi=1\" style=\"background-image: url('https:\/\/i.ytimg.com\/vi_webp\/8Avh88U0jrI\/maxresdefault.webp');\"><\/lite-youtube>\n<h2><strong>Poloha a\u00a0doprava<\/strong><\/h2>\n<p>Ako sme u\u017e spom\u00ednali, svojou polohou je viac ne\u017e <strong>prijate\u013enou mo\u017enos\u0165ou pre v\u00fdlet, hoci aj po\u010das pracovn\u00e9ho t\u00fd\u017ed\u0148a<\/strong>. Vzdialenos\u0165 20 km od hran\u00edc \u010ceska a\u00a0Slovenska (K\u00faty) je ot\u00e1zkou polhodiny jazdy autom. Pre t\u00fdch, ktor\u00ed by sa tu chceli vyda\u0165 na bicykli, z\u00a0Bratislavy je to 90 km s\u00a0rovinat\u00fdm charakterom. Mo\u017enos\u0165ou je aj cesta po dia\u013enici D1 smerom na Brno.<\/p>\n<p>Samotn\u00e9 Valtice a\u00a0Lednice s\u00fa od seba vzdialen\u00e9 len nieko\u013eko kilometrov. Valtice s\u00fa naviac v\u00a0tesnej bl\u00edzkosti hran\u00edc s\u00a0Rak\u00faskom \u2013 tak\u017ee, ak budete chcie\u0165, m\u00f4\u017eete si z\u00a0jednod\u0148ov\u00e9ho v\u00fdletu urobi\u0165 multin\u00e1rodn\u00fd v\u00fdjazd.<\/p>\n<p><a href=\"https:\/\/d2p6e6u75xmxt8.cloudfront.net\/4\/2019\/07\/01-1.jpg\"><img loading=\"lazy\" decoding=\"async\" src=\"https:\/\/d2p6e6u75xmxt8.cloudfront.net\/4\/2019\/07\/01-1.jpg\" alt=\"\" width=\"1200\" height=\"800\" class=\"alignnone size-full wp-image-7790\" \/><\/a><\/p>\n<h2><strong>\u010co s\u00a0vo\u013en\u00fdm \u010dasom?<\/strong><\/h2>\n<p>Okrem cyklistiky, ktor\u00e1 v\u00e1s dok\u00e1\u017ee prenies\u0165 z\u00a0jedn\u00e9ho o\u010daruj\u00faceho miesta na druh\u00e9, je dobr\u00e9 zhodnoti\u0165 aj ak\u00e9si \u201evo\u013eno\u010dasov\u00e9\u201c aktivity, ktor\u00e9 m\u00f4\u017eete popri bicyklovan\u00ed (alebo po \u0148om) vykon\u00e1va\u0165.<\/p>\n<p>V\u00a0tesnom susedstve t\u00fdchto dvoch ded\u00edn s\u00eddli aj <strong>rozsiahla chr\u00e1nen\u00e1 krajinn\u00e1 oblas\u0165 P\u00e1lava<\/strong>. Aj ona sa rad\u00ed medzi miesta zap\u00edsan\u00e9 v\u00a0zozname UNESCO. D\u00f4vodom je unik\u00e1tna biosf\u00e9ra, v\u00a0ktorej n\u00e1jdete okrem jedine\u010dn\u00fdch druhov rastl\u00edn aj krasov\u00fa lesostep. O\u00a0tom, \u017ee t\u00e1to oblas\u0165 nie je len pr\u00edrodn\u00fdm, ale aj historick\u00fdm l\u00e1kadlom, sved\u010d\u00ed pr\u00edtomnos\u0165 zr\u00facan\u00edn <strong>Sirot\u010d\u00ed hr\u00e1dek<\/strong> a\u00a0<strong>D\u00edv\u010d\u00ed hrady z\u00a013. storo\u010dia<\/strong>.<\/p>\n<p>In vino veritas, znie u\u017e notoricky zn\u00e1me porekadlo. Ak chcete nejak\u00fa t\u00fa m\u00fadros\u0165 z\u00edska\u0165 aj sami, okolie Valt\u00edc a\u00a0Ledn\u00edc bude ide\u00e1lnym miestom. P\u00f4dny typ v\u00a0tejto oblasti praje rastu v\u00ednnej r\u00e9vy. To vyu\u017e\u00edvaj\u00fa miestni pestovatelia, \u00farodu ktor\u00fdch budete m\u00f4c\u0165 ochutna\u0165 takmer kdeko\u013evek. Jednou z\u00a0existuj\u00facich pom\u00f4cok je aj zoznam na str\u00e1nke <a href=\"http:\/\/www.lednice.cz\/cs\/stravovani\/vinarstvi-vinoteky-a-vinne-sklipky\/\" rel=\"noopener\" target=\"_blank\">obce Lednice<\/a>.<\/p>\n<p><strong>Lednick\u00e9 rybn\u00edky<\/strong> s\u00fa u\u017e nieko\u013eko rokov zn\u00e1me chovom viacer\u00fdch druhov r\u00fdb. Aj ke\u010f na pr\u00fat budete musie\u0165 zabudn\u00fa\u0165, pri ceste domov si nejak\u00fa z\u00a0nich budete m\u00f4c\u0165 aj zobra\u0165 so sebou \u2013 ve\u010f \u010do je lep\u0161ie, ne\u017e chutn\u00fd sumec alebo pstruh po celodennej t\u00fare?<\/p>\n<p><a href=\"https:\/\/d2p6e6u75xmxt8.cloudfront.net\/4\/2019\/07\/02.png\"><img loading=\"lazy\" decoding=\"async\" src=\"https:\/\/d2p6e6u75xmxt8.cloudfront.net\/4\/2019\/07\/02.png\" alt=\"\" width=\"1200\" height=\"800\" class=\"alignnone size-full wp-image-7791\" \/><\/a><\/p>\n<h2><strong>Cyklopotulky \u2013 Lichten\u0161tejnsk\u00e9 stezky<\/strong><\/h2>\n<p>\u010cesk\u00e1 republika je vo v\u0161eobecnosti zn\u00e1ma mno\u017estvom krajov, v\u00a0ktor\u00fdch n\u00e1jdete desiatky kilometrov cyklistick\u00fdch chodn\u00edkov. Priaznivou spr\u00e1vou pre n\u00e1s \u2013 cyklistov, je skuto\u010dnos\u0165, \u017ee v\u00a0tomto aspekte nezaost\u00e1va ani juhov\u00fdchod krajiny. <\/p>\n<p><a href=\"http:\/\/www.lichtenstejnske-stezky.cz\/cz\/\" rel=\"noopener\" target=\"_blank\">Lichten\u0161tejnsk\u00e9 stezky<\/a> je s\u00fahrnn\u00fd n\u00e1zov pre celkovo <strong>6 \u201esteziek\u201c<\/strong>, teda chodn\u00edkov, ktor\u00e9 <strong>prep\u00e1jaj\u00fa v\u00fdznamn\u00e9 miesta v\u00a0okol\u00ed mesta B\u0159eclav<\/strong>. Pre \u00faplnos\u0165 si ich m\u00f4\u017eeme aj vymenova\u0165: okrem Valtickej a\u00a0Lednickej tu n\u00e1jdeme aj Kn\u00ed\u017eec\u00ed, B\u0159eclavsk\u00fa, Po\u0161torensk\u00fa a\u00a0Hab\u00e1nsku stezku. Pr\u00e1ve prv\u00e9 dve spom\u00ednan\u00e9 tvoria gro n\u00e1\u0161ho z\u00e1ujmu.<\/p>\n<p><strong>Lednick\u00e1 stezka meria cel\u00fdch 23 kilometrov a\u00a0tvor\u00ed spojnicu medzi pamiatkami v\u00a0okol\u00ed obce<\/strong>. Profilom sa jav\u00ed ako nen\u00e1ro\u010dn\u00e1, in\u00fdmi slovami, vhodn\u00e1 pre ktor\u00fako\u013evek v\u00fdkonnostn\u00fa a\u00a0vekov\u00fa kateg\u00f3riu. Povrch je s\u00edce spevnen\u00fd, ale z\u00e1kladom nie je v\u017edy asfalt, preto sa tu bud\u00fa hodi\u0165 sk\u00f4r trekingov\u00e9 a\u00a0horsk\u00e9 bicykle. Po\u010das t\u00fdchto dvoch desiatok kilometrov prejdete od umelej hradnej zr\u00facaniny Jan\u016fv hrad, okolo 23-metrov\u00e9ho Obelisku a\u00a0obci Lednice, maj\u00facej svoje korene u\u017e v\u00a013. storo\u010d\u00ed, cez Minaret a\u00a0Lednick\u00e9 rybn\u00edky a\u017e k\u00a0monument\u00e1lnemu chr\u00e1mu s\u00a0kolon\u00e1dou Tri gr\u00e1cie.<\/p>\n<p><a href=\"https:\/\/d2p6e6u75xmxt8.cloudfront.net\/4\/2019\/07\/03-1.jpg\"><img loading=\"lazy\" decoding=\"async\" src=\"https:\/\/d2p6e6u75xmxt8.cloudfront.net\/4\/2019\/07\/03-1.jpg\" alt=\"\" width=\"1200\" height=\"800\" class=\"alignnone size-full wp-image-7792\" \/><\/a><\/p>\n<p>Rovnako ako Lednick\u00e1, aj <strong>Valtick\u00e1 stezka je pr\u00edstupn\u00e1 takmer ka\u017ed\u00e9mu<\/strong>. D\u013a\u017eka 25 kilometrov asi nezasko\u010d\u00ed nikoho a\u00a0mno\u017estvo pamiatok v\u00a0jej okol\u00ed bohato vypln\u00ed celodenn\u00fd v\u00fdlet. S\u00fa\u010dasne sa jej po\u010diato\u010dn\u00fd bod sp\u00e1ja s\u00a0Lednickou stezkou, \u010d\u00edm u\u013eah\u010duje v\u00fdber prepravy, ak sa pl\u00e1nujete v\u00a0tomto prostred\u00ed zdr\u017ea\u0165 aj nieko\u013eko dn\u00ed. Na ceste \u0148ou natraf\u00edte na tzv. Nesyt, ktor\u00fd je synonymom pre roz\u013eahl\u00fd rybn\u00edk, ale aj na Kolon\u00e1du, z\u00a0ktorej v\u00e1m bude dopriaty v\u00fdh\u013ead na pri\u013eahl\u00e9 okolie. Samozrejmos\u0165ou je prejazd obcou Valtice, pri ktorom sa m\u00f4\u017eete napoji\u0165 na Vin\u00e1rsku n\u00e1u\u010dn\u00fa stezku Valtice \u2013 5 km dlh\u00fa uk\u00e1\u017eku toho, ako sa v\u00a0tomto kraji vyr\u00e1balo (a st\u00e1le vyr\u00e1ba) v\u00edno.<\/p>\n<p>Mo\u017enos\u0165ou je aj prejs\u0165 si cel\u00fd <strong>Lednicko-Valtick\u00fd are\u00e1l za jeden de\u0148<\/strong>. Aj ke\u010f vzdialenos\u0165, ktor\u00fa budete musie\u0165 prekona\u0165, sa bl\u00ed\u017ei k\u00a0<strong>65 km<\/strong>, m\u00e1lo nast\u00fapan\u00fdch metrov a\u00a0kvalitn\u00fd povrch spr\u00edjemnia nieko\u013eko hod\u00edn cyklistiky. Ak sa ob\u00e1vate, \u017ee by ste sa na to\u013ek\u00fdch kilometroch mohli na nejakej kri\u017eovatke pom\u00fdli\u0165, dostupn\u00e1 je aj <a href=\"http:\/\/www.lichtenstejnske-stezky.cz\/cz\/lednicko-valtickym-arealem-na-kole-za-jeden-den\/\" rel=\"noopener\" target=\"_blank\">trasa<\/a> vo form\u00e1te .kml a .gpx pre r\u00fdchlu navig\u00e1ciu.<\/p>\n<p>\u010co nakoniec doda\u0165? Asi len to\u013eko, aby ste u\u017e viac neot\u00e1\u013eali a\u00a0vydali sa do tejto bl\u00edzkej a\u00a0hist\u00f3riou a\u00a0dobrou atmosf\u00e9rou nabitej oblasti!<\/p>\n<p>(zdroje foto: commons.wikimedia.org\/w\/index.php?curid=34051257, commons.wikimedia.org\/w\/index.php?curid=30680366, google.maps.com, lichtenstejnske-stezky.cz)<\/p>\n","protected":false},"excerpt":{"rendered":"<p>Minule sme v\u00e1m priniesli tip na v\u00fdlet v\u00a0\u010ceskej republike. Dnes sa pozrieme tro\u0161ku bli\u017e\u0161ie na jedno z\u00a0najdostupnej\u0161\u00edch miest pre slovensk\u00e9ho [&hellip;]<\/p>\n","protected":false},"author":38,"featured_media":7793,"comment_status":"open","ping_status":"open","sticky":false,"template":"","format":"standard","meta":{"footnotes":""},"categories":[118],"tags":[540,916,917,1022,1021,1025,971,1024,741,237,545,1023,1026,508,183],"global-categories":[],"class_list":["post-7786","post","type-post","status-publish","format-standard","has-post-thumbnail","hentry","category-zabava","tag-ceska-republika","tag-cyklisticka-destinacia","tag-destinacia","tag-lednice","tag-lednicko-valticky-areal","tag-lichtenstejnske-stezky","tag-morava","tag-stezky","tag-tip-na-vylet","tag-trail","tag-trasa","tag-valtice","tag-vino","tag-vylet","tag-zabava"],"yoast_head":"<!-- This site is optimized with the Yoast SEO Premium plugin v25.3 (Yoast SEO v25.9) - https:\/\/yoast.com\/wordpress\/plugins\/seo\/ -->\n<title>Cyklodestin\u00e1cia \u2013 k\u00fasok raja za hranicami: Lednicko-Valtick\u00fd are\u00e1l - \u0160koda We Love Cycling Slovensko<\/title>\n<meta name=\"robots\" content=\"index, follow, max-snippet:-1, max-image-preview:large, max-video-preview:-1\" \/>\n<link rel=\"canonical\" href=\"https:\/\/www.welovecycling.com\/sk\/2019\/07\/26\/cyklodestinacia-kusok-raja-za-hranicami-lednicko-valticky-areal\/\" \/>\n<meta property=\"og:locale\" content=\"sk_SK\" \/>\n<meta property=\"og:type\" content=\"article\" \/>\n<meta property=\"og:title\" content=\"Cyklodestin\u00e1cia \u2013 k\u00fasok raja za hranicami: Lednicko-Valtick\u00fd are\u00e1l\" \/>\n<meta property=\"og:description\" content=\"Minule sme v\u00e1m priniesli tip na v\u00fdlet v\u00a0\u010ceskej republike. Dnes sa pozrieme tro\u0161ku bli\u017e\u0161ie na jedno z\u00a0najdostupnej\u0161\u00edch miest pre slovensk\u00e9ho [&hellip;]\" \/>\n<meta property=\"og:url\" content=\"https:\/\/www.welovecycling.com\/sk\/2019\/07\/26\/cyklodestinacia-kusok-raja-za-hranicami-lednicko-valticky-areal\/\" \/>\n<meta property=\"og:site_name\" content=\"\u0160koda We Love Cycling Slovensko\" \/>\n<meta property=\"article:published_time\" content=\"2019-07-26T08:30:04+00:00\" \/>\n<meta property=\"og:image\" content=\"https:\/\/d2p6e6u75xmxt8.cloudfront.net\/4\/2019\/07\/00-1.webp\" \/>\n\t<meta property=\"og:image:width\" content=\"1380\" \/>\n\t<meta property=\"og:image:height\" content=\"600\" \/>\n\t<meta property=\"og:image:type\" content=\"image\/webp\" \/>\n<meta name=\"author\" content=\"Ondrej Ga\u0161par\" \/>\n<meta name=\"twitter:card\" content=\"summary_large_image\" \/>\n<meta name=\"twitter:label1\" content=\"Written by\" \/>\n\t<meta name=\"twitter:data1\" content=\"We Love Cycling\" \/>\n\t<meta name=\"twitter:label2\" content=\"Est. reading time\" \/>\n\t<meta name=\"twitter:data2\" content=\"7\" \/>\n<script type=\"application\/ld+json\" class=\"yoast-schema-graph\">{\"@context\":\"https:\/\/schema.org\",\"@graph\":[{\"@type\":\"WebPage\",\"@id\":\"https:\/\/www.welovecycling.com\/sk\/2019\/07\/26\/cyklodestinacia-kusok-raja-za-hranicami-lednicko-valticky-areal\/\",\"url\":\"https:\/\/www.welovecycling.com\/sk\/2019\/07\/26\/cyklodestinacia-kusok-raja-za-hranicami-lednicko-valticky-areal\/\",\"name\":\"Cyklodestin\u00e1cia \u2013 k\u00fasok raja za hranicami: Lednicko-Valtick\u00fd are\u00e1l - \u0160koda We Love Cycling Slovensko\",\"isPartOf\":{\"@id\":\"https:\/\/www.welovecycling.com\/sk\/#website\"},\"primaryImageOfPage\":{\"@id\":\"https:\/\/www.welovecycling.com\/sk\/2019\/07\/26\/cyklodestinacia-kusok-raja-za-hranicami-lednicko-valticky-areal\/#primaryimage\"},\"image\":{\"@id\":\"https:\/\/www.welovecycling.com\/sk\/2019\/07\/26\/cyklodestinacia-kusok-raja-za-hranicami-lednicko-valticky-areal\/#primaryimage\"},\"thumbnailUrl\":\"https:\/\/d2p6e6u75xmxt8.cloudfront.net\/4\/2019\/07\/00-1.webp\",\"datePublished\":\"2019-07-26T08:30:04+00:00\",\"author\":{\"@id\":\"https:\/\/www.welovecycling.com\/sk\/#\/schema\/person\/8ee09ba39b7e25b1870160aa5b3a89bc\"},\"breadcrumb\":{\"@id\":\"https:\/\/www.welovecycling.com\/sk\/2019\/07\/26\/cyklodestinacia-kusok-raja-za-hranicami-lednicko-valticky-areal\/#breadcrumb\"},\"inLanguage\":\"sk-SK\",\"potentialAction\":[{\"@type\":\"ReadAction\",\"target\":[\"https:\/\/www.welovecycling.com\/sk\/2019\/07\/26\/cyklodestinacia-kusok-raja-za-hranicami-lednicko-valticky-areal\/\"]}]},{\"@type\":\"ImageObject\",\"inLanguage\":\"sk-SK\",\"@id\":\"https:\/\/www.welovecycling.com\/sk\/2019\/07\/26\/cyklodestinacia-kusok-raja-za-hranicami-lednicko-valticky-areal\/#primaryimage\",\"url\":\"https:\/\/d2p6e6u75xmxt8.cloudfront.net\/4\/2019\/07\/00-1.webp\",\"contentUrl\":\"https:\/\/d2p6e6u75xmxt8.cloudfront.net\/4\/2019\/07\/00-1.webp\",\"width\":1380,\"height\":600},{\"@type\":\"BreadcrumbList\",\"@id\":\"https:\/\/www.welovecycling.com\/sk\/2019\/07\/26\/cyklodestinacia-kusok-raja-za-hranicami-lednicko-valticky-areal\/#breadcrumb\",\"itemListElement\":[{\"@type\":\"ListItem\",\"position\":1,\"name\":\"Home\",\"item\":\"https:\/\/www.welovecycling.com\/sk\/\"},{\"@type\":\"ListItem\",\"position\":2,\"name\":\"Cyklodestin\u00e1cia \u2013 k\u00fasok raja za hranicami: Lednicko-Valtick\u00fd are\u00e1l\"}]},{\"@type\":\"WebSite\",\"@id\":\"https:\/\/www.welovecycling.com\/sk\/#website\",\"url\":\"https:\/\/www.welovecycling.com\/sk\/\",\"name\":\"\u0160koda We Love Cycling Slovensko\",\"description\":\"\u0160koda We Love Cycling Slovensko je v\u00e1\u0161 ka\u017edodenn\u00fd zdroj noviniek a in\u0161pir\u00e1cie z sveta cyklistiky\",\"potentialAction\":[{\"@type\":\"SearchAction\",\"target\":{\"@type\":\"EntryPoint\",\"urlTemplate\":\"https:\/\/www.welovecycling.com\/sk\/?s={search_term_string}\"},\"query-input\":{\"@type\":\"PropertyValueSpecification\",\"valueRequired\":true,\"valueName\":\"search_term_string\"}}],\"inLanguage\":\"sk-SK\"},{\"@type\":\"Person\",\"@id\":\"https:\/\/www.welovecycling.com\/sk\/#\/schema\/person\/8ee09ba39b7e25b1870160aa5b3a89bc\",\"name\":\"Ondrej Ga\u0161par\",\"image\":{\"@type\":\"ImageObject\",\"inLanguage\":\"sk-SK\",\"@id\":\"https:\/\/www.welovecycling.com\/sk\/#\/schema\/person\/image\/\",\"url\":\"https:\/\/secure.gravatar.com\/avatar\/6126c9afb87b70da5abbb083ddbb21933da15f18f8ca7cb822aba0fb096a48f6?s=96&d=mm&r=g\",\"contentUrl\":\"https:\/\/secure.gravatar.com\/avatar\/6126c9afb87b70da5abbb083ddbb21933da15f18f8ca7cb822aba0fb096a48f6?s=96&d=mm&r=g\",\"caption\":\"Ondrej Ga\u0161par\"},\"url\":\"https:\/\/www.welovecycling.com\/sk\/author\/ondrejgaspar\/\"}]}<\/script>\n<!-- \/ Yoast SEO Premium plugin. -->","yoast_head_json":{"title":"Cyklodestin\u00e1cia \u2013 k\u00fasok raja za hranicami: Lednicko-Valtick\u00fd are\u00e1l - \u0160koda We Love Cycling Slovensko","robots":{"index":"index","follow":"follow","max-snippet":"max-snippet:-1","max-image-preview":"max-image-preview:large","max-video-preview":"max-video-preview:-1"},"canonical":"https:\/\/www.welovecycling.com\/sk\/2019\/07\/26\/cyklodestinacia-kusok-raja-za-hranicami-lednicko-valticky-areal\/","og_locale":"sk_SK","og_type":"article","og_title":"Cyklodestin\u00e1cia \u2013 k\u00fasok raja za hranicami: Lednicko-Valtick\u00fd are\u00e1l","og_description":"Minule sme v\u00e1m priniesli tip na v\u00fdlet v\u00a0\u010ceskej republike. Dnes sa pozrieme tro\u0161ku bli\u017e\u0161ie na jedno z\u00a0najdostupnej\u0161\u00edch miest pre slovensk\u00e9ho [&hellip;]","og_url":"https:\/\/www.welovecycling.com\/sk\/2019\/07\/26\/cyklodestinacia-kusok-raja-za-hranicami-lednicko-valticky-areal\/","og_site_name":"\u0160koda We Love Cycling Slovensko","article_published_time":"2019-07-26T08:30:04+00:00","og_image":[{"width":1380,"height":600,"url":"https:\/\/d2p6e6u75xmxt8.cloudfront.net\/4\/2019\/07\/00-1.webp","type":"image\/webp"}],"author":"Ondrej Ga\u0161par","twitter_card":"summary_large_image","twitter_misc":{"Written by":"We Love Cycling","Est. reading time":"7"},"schema":{"@context":"https:\/\/schema.org","@graph":[{"@type":"WebPage","@id":"https:\/\/www.welovecycling.com\/sk\/2019\/07\/26\/cyklodestinacia-kusok-raja-za-hranicami-lednicko-valticky-areal\/","url":"https:\/\/www.welovecycling.com\/sk\/2019\/07\/26\/cyklodestinacia-kusok-raja-za-hranicami-lednicko-valticky-areal\/","name":"Cyklodestin\u00e1cia \u2013 k\u00fasok raja za hranicami: Lednicko-Valtick\u00fd are\u00e1l - \u0160koda We Love Cycling Slovensko","isPartOf":{"@id":"https:\/\/www.welovecycling.com\/sk\/#website"},"primaryImageOfPage":{"@id":"https:\/\/www.welovecycling.com\/sk\/2019\/07\/26\/cyklodestinacia-kusok-raja-za-hranicami-lednicko-valticky-areal\/#primaryimage"},"image":{"@id":"https:\/\/www.welovecycling.com\/sk\/2019\/07\/26\/cyklodestinacia-kusok-raja-za-hranicami-lednicko-valticky-areal\/#primaryimage"},"thumbnailUrl":"https:\/\/d2p6e6u75xmxt8.cloudfront.net\/4\/2019\/07\/00-1.webp","datePublished":"2019-07-26T08:30:04+00:00","author":{"@id":"https:\/\/www.welovecycling.com\/sk\/#\/schema\/person\/8ee09ba39b7e25b1870160aa5b3a89bc"},"breadcrumb":{"@id":"https:\/\/www.welovecycling.com\/sk\/2019\/07\/26\/cyklodestinacia-kusok-raja-za-hranicami-lednicko-valticky-areal\/#breadcrumb"},"inLanguage":"sk-SK","potentialAction":[{"@type":"ReadAction","target":["https:\/\/www.welovecycling.com\/sk\/2019\/07\/26\/cyklodestinacia-kusok-raja-za-hranicami-lednicko-valticky-areal\/"]}]},{"@type":"ImageObject","inLanguage":"sk-SK","@id":"https:\/\/www.welovecycling.com\/sk\/2019\/07\/26\/cyklodestinacia-kusok-raja-za-hranicami-lednicko-valticky-areal\/#primaryimage","url":"https:\/\/d2p6e6u75xmxt8.cloudfront.net\/4\/2019\/07\/00-1.webp","contentUrl":"https:\/\/d2p6e6u75xmxt8.cloudfront.net\/4\/2019\/07\/00-1.webp","width":1380,"height":600},{"@type":"BreadcrumbList","@id":"https:\/\/www.welovecycling.com\/sk\/2019\/07\/26\/cyklodestinacia-kusok-raja-za-hranicami-lednicko-valticky-areal\/#breadcrumb","itemListElement":[{"@type":"ListItem","position":1,"name":"Home","item":"https:\/\/www.welovecycling.com\/sk\/"},{"@type":"ListItem","position":2,"name":"Cyklodestin\u00e1cia \u2013 k\u00fasok raja za hranicami: Lednicko-Valtick\u00fd are\u00e1l"}]},{"@type":"WebSite","@id":"https:\/\/www.welovecycling.com\/sk\/#website","url":"https:\/\/www.welovecycling.com\/sk\/","name":"\u0160koda We Love Cycling Slovensko","description":"\u0160koda We Love Cycling Slovensko je v\u00e1\u0161 ka\u017edodenn\u00fd zdroj noviniek a in\u0161pir\u00e1cie z sveta cyklistiky","potentialAction":[{"@type":"SearchAction","target":{"@type":"EntryPoint","urlTemplate":"https:\/\/www.welovecycling.com\/sk\/?s={search_term_string}"},"query-input":{"@type":"PropertyValueSpecification","valueRequired":true,"valueName":"search_term_string"}}],"inLanguage":"sk-SK"},{"@type":"Person","@id":"https:\/\/www.welovecycling.com\/sk\/#\/schema\/person\/8ee09ba39b7e25b1870160aa5b3a89bc","name":"Ondrej Ga\u0161par","image":{"@type":"ImageObject","inLanguage":"sk-SK","@id":"https:\/\/www.welovecycling.com\/sk\/#\/schema\/person\/image\/","url":"https:\/\/secure.gravatar.com\/avatar\/6126c9afb87b70da5abbb083ddbb21933da15f18f8ca7cb822aba0fb096a48f6?s=96&d=mm&r=g","contentUrl":"https:\/\/secure.gravatar.com\/avatar\/6126c9afb87b70da5abbb083ddbb21933da15f18f8ca7cb822aba0fb096a48f6?s=96&d=mm&r=g","caption":"Ondrej Ga\u0161par"},"url":"https:\/\/www.welovecycling.com\/sk\/author\/ondrejgaspar\/"}]}},"_links":{"self":[{"href":"https:\/\/www.welovecycling.com\/sk\/wp-json\/wp\/v2\/posts\/7786","targetHints":{"allow":["GET"]}}],"collection":[{"href":"https:\/\/www.welovecycling.com\/sk\/wp-json\/wp\/v2\/posts"}],"about":[{"href":"https:\/\/www.welovecycling.com\/sk\/wp-json\/wp\/v2\/types\/post"}],"author":[{"embeddable":true,"href":"https:\/\/www.welovecycling.com\/sk\/wp-json\/wp\/v2\/users\/38"}],"replies":[{"embeddable":true,"href":"https:\/\/www.welovecycling.com\/sk\/wp-json\/wp\/v2\/comments?post=7786"}],"version-history":[{"count":2,"href":"https:\/\/www.welovecycling.com\/sk\/wp-json\/wp\/v2\/posts\/7786\/revisions"}],"predecessor-version":[{"id":7795,"href":"https:\/\/www.welovecycling.com\/sk\/wp-json\/wp\/v2\/posts\/7786\/revisions\/7795"}],"wp:featuredmedia":[{"embeddable":true,"href":"https:\/\/www.welovecycling.com\/sk\/wp-json\/wp\/v2\/media\/7793"}],"wp:attachment":[{"href":"https:\/\/www.welovecycling.com\/sk\/wp-json\/wp\/v2\/media?parent=7786"}],"wp:term":[{"taxonomy":"category","embeddable":true,"href":"https:\/\/www.welovecycling.com\/sk\/wp-json\/wp\/v2\/categories?post=7786"},{"taxonomy":"post_tag","embeddable":true,"href":"https:\/\/www.welovecycling.com\/sk\/wp-json\/wp\/v2\/tags?post=7786"},{"taxonomy":"global-categories","embeddable":true,"href":"https:\/\/www.welovecycling.com\/sk\/wp-json\/wp\/v2\/global-categories?post=7786"}],"curies":[{"name":"wp","href":"https:\/\/api.w.org\/{rel}","templated":true}]}}