{"id":7761,"date":"2019-07-11T10:14:53","date_gmt":"2019-07-11T08:14:53","guid":{"rendered":"https:\/\/www.welovecycling.com\/sk\/?p=7761"},"modified":"2019-07-10T13:41:28","modified_gmt":"2019-07-10T11:41:28","slug":"najpamatnejsie-etapy-tour-de-france-ocami-jednej-rodiny","status":"publish","type":"post","link":"https:\/\/www.welovecycling.com\/sk\/2019\/07\/11\/najpamatnejsie-etapy-tour-de-france-ocami-jednej-rodiny\/","title":{"rendered":"Najpam\u00e4tnej\u0161ie etapy Tour de France o\u010dami jednej rodiny"},"content":{"rendered":"<p><strong>Tour de France m\u00e1 jednu z najdlh\u0161\u00edch trad\u00edci\u00ed spomedzi v\u0161etk\u00fdch cyklistick\u00fdch pretekov. V\u010faka tomu vytvorila zap\u00e1lenie pre cyklistiku, ktor\u00e9 sa nesie naprie\u010d gener\u00e1ciami. Jej t\u00fa\u017ebou je vytrva\u0165 v tom a pokra\u010dova\u0165 e\u0161te ve\u013emi dlh\u00fd \u010das. V niektor\u00fdch rodin\u00e1ch je Tour de France povinnou s\u00fa\u010das\u0165ou letnej dovolenky. Napr\u00edklad rodina Dubiovcov z Par\u00ed\u017ea nie je pr\u00e1ve veriaca, av\u0161ak aj napriek tomu sa ka\u017edoro\u010dne vracia na p\u00fa\u0165 do Franc\u00fazska, kde je svedkom neopakovate\u013en\u00fdch pretekov. Mal som to \u0161\u0165astie stretn\u00fa\u0165 ich v roku 2016, kedy fandili Romainovi Bardetovi, ktor\u00fd nakoniec vyhral 19. etapu. Louis Dubois (62) bola nato\u013eko \u00fastretov\u00e1, \u017ee sa so mnou stretla v ich domove v Z\u00fcrichu, aby rozpovedala pr\u00edbeh jej rodiny a Tour.<\/strong><br \/>\n<!--more--><\/p>\n<p><em>\u201eSedela som v strede na zadn\u00fdch seda\u010dk\u00e1ch auta. M\u00f4j star\u00fd otec na jednej strane, moja star\u00e1 mama na tej druhej. \u017diadne bezpe\u010dnostn\u00e9 p\u00e1sy, \u017eiadne svetl\u00e1, ke\u010f\u017ee to auto bol \u0161rot. Len bageta v mojej ruke a cigarety v ruk\u00e1ch ostatn\u00fdch. Dym z nich sa mie\u0161al s ra\u0148aj\u0161ou hmlou, kopiacou sa za oknami. Ako by to vyzeralo v dne\u0161nej dobe&#8230;,\u201c<\/em> smeje sa <strong>Louis<\/strong> nad jej prv\u00fdm v\u00fdletom, kde uvidela \u010daro Tour de France na vlastn\u00e9 o\u010di.<\/p>\n<p>Bol to rok <strong>1964<\/strong> a t\u00e1to rodina sa usadila pod presl\u00e1ven\u00fdm st\u00fapan\u00edm Puy. Na druh\u00fd de\u0148 sa spolu s pol mili\u00f3nom ostatn\u00fdch div\u00e1kov zoradili pozd\u013a\u017e trate, aby boli svedkami neopakovate\u013en\u00e9ho divadla. Po\u010das prvej rodinnej dovolenky na Tour sa 7-ro\u010dn\u00e1 Louis stala s\u00fa\u010das\u0165ou dej\u00edn. <strong>Jacques Anquetil<\/strong>, hviezda cestnej cyklistiky, <strong>zv\u00e1dzala na Tour boj s Raymondom Poulidorom<\/strong>, ob\u013e\u00faben\u00fdm chlapcom z farmy.<\/p>\n<figure id=\"attachment_7762\" aria-describedby=\"caption-attachment-7762\" style=\"width: 1250px\" class=\"wp-caption alignnone\"><a href=\"https:\/\/d2p6e6u75xmxt8.cloudfront.net\/4\/2019\/07\/Raymond-Poulidor-Jacques-Anquetil-profimedia-0068091828-1.jpg\"><img loading=\"lazy\" decoding=\"async\" class=\"size-full wp-image-7762\" src=\"https:\/\/d2p6e6u75xmxt8.cloudfront.net\/4\/2019\/07\/Raymond-Poulidor-Jacques-Anquetil-profimedia-0068091828-1.jpg\" alt=\"\" width=\"1250\" height=\"951\" \/><\/a><figcaption id=\"caption-attachment-7762\" class=\"wp-caption-text\">Jacques Anquetil (na\u013eavo) a Raymond Poulidor na Puy-de-D\u00f4me.\u00a0\u00a9 Profimedia, Roger Viollet<\/figcaption><\/figure>\n<p><em>\u201ePam\u00e4t\u00e1m si na krik. Bol skuto\u010dne ohlu\u0161uj\u00faci. Ani som nevedela, kde presne sa nach\u00e1dza stred cesty. Len som tam st\u00e1la a pevne sa dr\u017eala nohy m\u00f4jho star\u00e9ho otca. Potom ma zdvihol a posadil na svoje ramen\u00e1. Vysoko nad hlavami ostatn\u00fdch som zazrela t\u00fdchto dvoch pretek\u00e1rov. Pam\u00e4t\u00e1m sa na ich tv\u00e1re. Jedna stoick\u00e1 \u2013 nehybn\u00e1, pripom\u00ednaj\u00faca nepr\u00edtomn\u00fd poh\u013ead. Druh\u00e1 sna\u017eiaca sa ukry\u0165 boles\u0165, av\u0161ak ne\u00faspe\u0161ne.\u201c<\/em><\/p>\n<p>Asi si viete aj sami domyslie\u0165, ktor\u00e1 tv\u00e1r patrila ktor\u00e9mu pretek\u00e1rovi. Jacques Anquetil bol l\u00eddrom celkovej klasifik\u00e1cie. Vedel, \u017ee jedin\u00e9, \u010do potrebuje urobi\u0165, je udr\u017ea\u0165 sa na Poulidorovom zadnom kolese dovtedy, pokia\u013e nebude ma\u0165 istotu udr\u017eania dresu. Poslednou etapou bola individu\u00e1lna \u010dasovka. Anquetil bol v nej jednoducho lep\u0161\u00ed, ne\u017e jeho protivn\u00edk. Av\u0161ak, po prv\u00fdkr\u00e1t v jeho kari\u00e9re, ve\u013ek\u00ed taktici odmietli urobi\u0165 to, \u010do bolo v tej chv\u00edli najrozumnej\u0161ie. Obidvaja s\u00faperi tak st\u00fapali bok po boku na vrchol kopca. Ani jeden nechcel dovoli\u0165 druh\u00e9mu, aby zaujal poz\u00edciu pred n\u00edm. Tento s\u00faboj vyzeral ako nekone\u010dn\u00fd. V \u010d\u00edslach matematiky to bolo 10 km.<\/p>\n<p>Nakoniec sa Poulidorovi podarilo odp\u00fata\u0165 sa od Anquetila. Av\u0161ak stalo sa to a\u017e v priestoroch pred cie\u013eom, kde u\u017e obidvaja videli pred sebou p\u00e1sku. <strong>Poulidor stiahol 42 sek\u00fand z Anquetilovho vedenia<\/strong>. To v\u0161ak nebolo dostato\u010dn\u00e9. Nieko\u013eko dn\u00ed na to Jacques z\u00edskal v\u00ed\u0165azstvo a \u017elt\u00fd dres u\u017e po rekordn\u00fd, piatykr\u00e1t. Vedel tento neomyln\u00fd taktik, kedy skuto\u010dne m\u00e1 necha\u0165 svojho s\u00fapera od\u00eds\u0165? Pod\u013ea v\u0161etk\u00e9ho \u00e1no.<\/p>\n<p><em>\u201ePo tejto Tour sme sa sem vr\u00e1tili e\u0161te mnohokr\u00e1t. Av\u0161ak \u017eiadna z mojich spomienok nie je tak\u00e1 siln\u00e1, ako t\u00e1to. Roky plynuli a ja som sa postupne prepracov\u00e1vala z ramien m\u00f4jho star\u00e9ho otca do pevn\u00e9ho zovretia mojej starej mamy, nesk\u00f4r na ramen\u00e1 m\u00f4jho otca a v poslednom rade do n\u00e1ru\u010dia mamy. Nakoniec, to \u010do ostalo, bol u\u017e len dym,\u201c<\/em> hovor\u00ed \u017eena s trpk\u00fdm \u00fasmevom, zapa\u013euj\u00fac si \u010fal\u0161iu cigaretu.<\/p>\n<p>Potom pri\u0161iel rok 1989 a Louise si zalo\u017eila svoju rodinu. Bola to presne spr\u00e1vna doba na to, aby jej dc\u00e9ra Marie mohla uzrie\u0165 op\u00e4tovne nap\u00ednav\u00fa etapu.<\/p>\n<figure id=\"attachment_7763\" aria-describedby=\"caption-attachment-7763\" style=\"width: 847px\" class=\"wp-caption alignnone\"><a href=\"https:\/\/d2p6e6u75xmxt8.cloudfront.net\/4\/2019\/07\/Greg-Lemond-profimedia-0017476120.jpg\"><img loading=\"lazy\" decoding=\"async\" class=\"size-full wp-image-7763\" src=\"https:\/\/d2p6e6u75xmxt8.cloudfront.net\/4\/2019\/07\/Greg-Lemond-profimedia-0017476120.jpg\" alt=\"\" width=\"847\" height=\"1250\" \/><\/a><figcaption id=\"caption-attachment-7763\" class=\"wp-caption-text\">Greg LeMond na Champs Elysees po\u010das poslednej etapy Tour de France &#8211; 23. j\u00fala 1989. \u00a9 Profimedia, AFP<\/figcaption><\/figure>\n<p><em>\u201eVtedy sme \u017eili v Par\u00ed\u017ei a m\u00f4j mu\u017e na m\u0148a naliehal, aby sme sa vybrali na Tour. Povedal: Predsa je to va\u0161a hl\u00fapa rodinn\u00e1 trad\u00edcia,\u201c<\/em> smeje sa Louise nad spomienkou.<\/p>\n<p>T\u00e1to Tour sa zdala by\u0165 u\u017e uzavret\u00fdm pr\u00edbehom. Ka\u017ed\u00fd o\u010dak\u00e1val, \u017ee Laurent Fignon vyhr\u00e1 u\u017e svoju tretiu Tour, av\u0161ak nikto nemyslel na Grega LeMonda. Ako bolo zn\u00e1me, jeho silou bola \u010dasovka jednotlivcov. Na jeho \u0161kodu, t\u00e1to etapa bola len 24 km dlh\u00e1 \u2013 pr\u00edli\u0161 kr\u00e1tka na to, aby dok\u00e1zal eliminova\u0165 50-sekundov\u00fa stratu. Aspo\u0148 tak sme sa v\u0161etci domnievali.<\/p>\n<p><em>\u201ePam\u00e4t\u00e1m si, \u017ee vo chv\u00edli, ke\u010f m\u00f4j man\u017eel opisoval LeMonda ako mimozem\u0161\u0165ana, Marie mi za\u010dala \u010dosi b\u013eabota\u0165 do ucha. Naozaj tak vyzeral. D\u00f4vodom bola jeho aerodynamick\u00e1 prilba spolu s t\u00fdm divn\u00fdm bicyklom. Napriek tomu bol r\u00fdchly. Je ist\u00e9, \u017ee z\u00e1krutu, v ktorej sme my vtedy st\u00e1li, pre\u0161iel \u00faplne in\u00fdm sp\u00f4sobom, ne\u017e zvy\u0161ok po\u013ea. Skuto\u010dne nemal \u010do strati\u0165.\u201c<\/em><\/p>\n<p>Nakoniec bol Fignonov \u010das o 58 sek\u00fand pomal\u0161\u00ed ne\u017e LeMondov. A v\u0161etky noviny po celom svete museli prepisova\u0165 u\u017e pripraven\u00e9 \u010dl\u00e1nky o v\u00ed\u0165azstve Franc\u00faza.<\/p>\n<p><em>\u201ePam\u00e4t\u00e1m si na to, ako som sa zamyslela nad t\u00fdm, \u017ee ka\u017ed\u00fd z Duboiovcov pre\u017eije svoj neopakovate\u013en\u00fd prv\u00fd de\u0148 na Tour.\u201c<\/em><\/p>\n<figure id=\"attachment_7764\" aria-describedby=\"caption-attachment-7764\" style=\"width: 1250px\" class=\"wp-caption alignnone\"><a href=\"https:\/\/d2p6e6u75xmxt8.cloudfront.net\/4\/2019\/07\/Romain-Bardet-profimedia-0294772805.jpg\"><img loading=\"lazy\" decoding=\"async\" class=\"size-full wp-image-7764\" src=\"https:\/\/d2p6e6u75xmxt8.cloudfront.net\/4\/2019\/07\/Romain-Bardet-profimedia-0294772805.jpg\" alt=\"\" width=\"1250\" height=\"833\" \/><\/a><figcaption id=\"caption-attachment-7764\" class=\"wp-caption-text\">Bardet po\u010das 19. etapy 22. j\u00fala 2016 medzi Albertville a Saint-Gervais Mont Blanc.\u00a0 Profimedia, AFP<\/figcaption><\/figure>\n<p>Ak sa presunieme do roku 2016, ke\u010f som stretol Louise, hist\u00f3ria sa znovu opakuje. Marie je u\u017e dospel\u00e1 \u017eena, ktor\u00e1 m\u00e1 po svojom boku \u010fal\u0161iu gener\u00e1ciu Duboiovcov. Jej syn, aj napriek tomu, \u017ee nenesie meno Dubois, sa ukr\u00fdva pod pl\u00e1\u0161tenkou v st\u00fapan\u00ed, na ktorom si Romain Bardet pri\u0161iel po v\u00ed\u0165azstvo na vrchole pri Mont Blancu. Rodina ma poz\u00fdva do ich karavanu k oslave toho, \u010do oni pokladaj\u00fa za za\u010diatok cesty Franc\u00faza k zisku v\u00ed\u0165azstva v celkovej klasifik\u00e1cii.<\/p>\n<p>Teraz u\u017e vieme, \u017ee tento scen\u00e1r sa nenaplnil. Ale Louise nez\u00fafa.<\/p>\n<p><em>\u201eFranc\u00fazi jednoducho musia po\u010dka\u0165 na nov\u00e9ho Duboisa,\u201c<\/em> usmieva sa Louise a ukazuje mi sn\u00edmok z ultrazvuku. Marie op\u00e4\u0165 \u010dak\u00e1 nov\u00fd pr\u00edrastok.<\/p>\n","protected":false},"excerpt":{"rendered":"<p>Tour de France m\u00e1 jednu z najdlh\u0161\u00edch trad\u00edci\u00ed spomedzi v\u0161etk\u00fdch cyklistick\u00fdch pretekov. V\u010faka tomu vytvorila zap\u00e1lenie pre cyklistiku, ktor\u00e9 sa [&hellip;]<\/p>\n","protected":false},"author":38,"featured_media":7766,"comment_status":"open","ping_status":"open","sticky":false,"template":"","format":"standard","meta":{"footnotes":""},"categories":[118],"tags":[1018,147,306,71,1016,1017,1019,509,1015,20,1014,269,886,183],"global-categories":[],"class_list":["post-7761","post","type-post","status-publish","format-standard","has-post-thumbnail","hentry","category-zabava","tag-fanusik","tag-fanusikovia","tag-francuzsko","tag-letape-du-tour","tag-lud","tag-ludia","tag-povzbudenie","tag-rodina","tag-spomienky","tag-tour-de-france","tag-tradicia","tag-vitaz","tag-vitazstvo","tag-zabava"],"yoast_head":"<!-- This site is optimized with the Yoast SEO Premium plugin v25.3 (Yoast SEO v25.9) - https:\/\/yoast.com\/wordpress\/plugins\/seo\/ -->\n<title>Najpam\u00e4tnej\u0161ie etapy Tour de France o\u010dami jednej rodiny - \u0160koda We Love Cycling Slovensko<\/title>\n<meta name=\"robots\" content=\"index, follow, max-snippet:-1, max-image-preview:large, max-video-preview:-1\" \/>\n<link rel=\"canonical\" href=\"https:\/\/www.welovecycling.com\/sk\/2019\/07\/11\/najpamatnejsie-etapy-tour-de-france-ocami-jednej-rodiny\/\" \/>\n<meta property=\"og:locale\" content=\"sk_SK\" \/>\n<meta property=\"og:type\" content=\"article\" \/>\n<meta property=\"og:title\" content=\"Najpam\u00e4tnej\u0161ie etapy Tour de France o\u010dami jednej rodiny\" \/>\n<meta property=\"og:description\" content=\"Tour de France m\u00e1 jednu z najdlh\u0161\u00edch trad\u00edci\u00ed spomedzi v\u0161etk\u00fdch cyklistick\u00fdch pretekov. V\u010faka tomu vytvorila zap\u00e1lenie pre cyklistiku, ktor\u00e9 sa [&hellip;]\" \/>\n<meta property=\"og:url\" content=\"https:\/\/www.welovecycling.com\/sk\/2019\/07\/11\/najpamatnejsie-etapy-tour-de-france-ocami-jednej-rodiny\/\" \/>\n<meta property=\"og:site_name\" content=\"\u0160koda We Love Cycling Slovensko\" \/>\n<meta property=\"article:published_time\" content=\"2019-07-11T08:14:53+00:00\" \/>\n<meta property=\"og:image\" content=\"https:\/\/d2p6e6u75xmxt8.cloudfront.net\/4\/2019\/07\/Romain-Bardet-CVR-profimedia-0374568846.webp\" \/>\n\t<meta property=\"og:image:width\" content=\"1367\" \/>\n\t<meta property=\"og:image:height\" content=\"600\" \/>\n\t<meta property=\"og:image:type\" content=\"image\/webp\" \/>\n<meta name=\"author\" content=\"Ondrej Ga\u0161par\" \/>\n<meta name=\"twitter:card\" content=\"summary_large_image\" \/>\n<meta name=\"twitter:label1\" content=\"Written by\" \/>\n\t<meta name=\"twitter:data1\" content=\"WeLoveCycling\" \/>\n\t<meta name=\"twitter:label2\" content=\"Est. reading time\" \/>\n\t<meta name=\"twitter:data2\" content=\"7\" \/>\n<script type=\"application\/ld+json\" class=\"yoast-schema-graph\">{\"@context\":\"https:\/\/schema.org\",\"@graph\":[{\"@type\":\"WebPage\",\"@id\":\"https:\/\/www.welovecycling.com\/sk\/2019\/07\/11\/najpamatnejsie-etapy-tour-de-france-ocami-jednej-rodiny\/\",\"url\":\"https:\/\/www.welovecycling.com\/sk\/2019\/07\/11\/najpamatnejsie-etapy-tour-de-france-ocami-jednej-rodiny\/\",\"name\":\"Najpam\u00e4tnej\u0161ie etapy Tour de France o\u010dami jednej rodiny - \u0160koda We Love Cycling Slovensko\",\"isPartOf\":{\"@id\":\"https:\/\/www.welovecycling.com\/sk\/#website\"},\"primaryImageOfPage\":{\"@id\":\"https:\/\/www.welovecycling.com\/sk\/2019\/07\/11\/najpamatnejsie-etapy-tour-de-france-ocami-jednej-rodiny\/#primaryimage\"},\"image\":{\"@id\":\"https:\/\/www.welovecycling.com\/sk\/2019\/07\/11\/najpamatnejsie-etapy-tour-de-france-ocami-jednej-rodiny\/#primaryimage\"},\"thumbnailUrl\":\"https:\/\/d2p6e6u75xmxt8.cloudfront.net\/4\/2019\/07\/Romain-Bardet-CVR-profimedia-0374568846.webp\",\"datePublished\":\"2019-07-11T08:14:53+00:00\",\"author\":{\"@id\":\"https:\/\/www.welovecycling.com\/sk\/#\/schema\/person\/8ee09ba39b7e25b1870160aa5b3a89bc\"},\"breadcrumb\":{\"@id\":\"https:\/\/www.welovecycling.com\/sk\/2019\/07\/11\/najpamatnejsie-etapy-tour-de-france-ocami-jednej-rodiny\/#breadcrumb\"},\"inLanguage\":\"sk-SK\",\"potentialAction\":[{\"@type\":\"ReadAction\",\"target\":[\"https:\/\/www.welovecycling.com\/sk\/2019\/07\/11\/najpamatnejsie-etapy-tour-de-france-ocami-jednej-rodiny\/\"]}]},{\"@type\":\"ImageObject\",\"inLanguage\":\"sk-SK\",\"@id\":\"https:\/\/www.welovecycling.com\/sk\/2019\/07\/11\/najpamatnejsie-etapy-tour-de-france-ocami-jednej-rodiny\/#primaryimage\",\"url\":\"https:\/\/d2p6e6u75xmxt8.cloudfront.net\/4\/2019\/07\/Romain-Bardet-CVR-profimedia-0374568846.webp\",\"contentUrl\":\"https:\/\/d2p6e6u75xmxt8.cloudfront.net\/4\/2019\/07\/Romain-Bardet-CVR-profimedia-0374568846.webp\",\"width\":1367,\"height\":600},{\"@type\":\"BreadcrumbList\",\"@id\":\"https:\/\/www.welovecycling.com\/sk\/2019\/07\/11\/najpamatnejsie-etapy-tour-de-france-ocami-jednej-rodiny\/#breadcrumb\",\"itemListElement\":[{\"@type\":\"ListItem\",\"position\":1,\"name\":\"Home\",\"item\":\"https:\/\/www.welovecycling.com\/sk\/\"},{\"@type\":\"ListItem\",\"position\":2,\"name\":\"Najpam\u00e4tnej\u0161ie etapy Tour de France o\u010dami jednej rodiny\"}]},{\"@type\":\"WebSite\",\"@id\":\"https:\/\/www.welovecycling.com\/sk\/#website\",\"url\":\"https:\/\/www.welovecycling.com\/sk\/\",\"name\":\"\u0160koda We Love Cycling Slovensko\",\"description\":\"\u0160koda We Love Cycling Slovensko je v\u00e1\u0161 ka\u017edodenn\u00fd zdroj noviniek a in\u0161pir\u00e1cie z sveta cyklistiky\",\"potentialAction\":[{\"@type\":\"SearchAction\",\"target\":{\"@type\":\"EntryPoint\",\"urlTemplate\":\"https:\/\/www.welovecycling.com\/sk\/?s={search_term_string}\"},\"query-input\":{\"@type\":\"PropertyValueSpecification\",\"valueRequired\":true,\"valueName\":\"search_term_string\"}}],\"inLanguage\":\"sk-SK\"},{\"@type\":\"Person\",\"@id\":\"https:\/\/www.welovecycling.com\/sk\/#\/schema\/person\/8ee09ba39b7e25b1870160aa5b3a89bc\",\"name\":\"Ondrej Ga\u0161par\",\"image\":{\"@type\":\"ImageObject\",\"inLanguage\":\"sk-SK\",\"@id\":\"https:\/\/www.welovecycling.com\/sk\/#\/schema\/person\/image\/\",\"url\":\"https:\/\/secure.gravatar.com\/avatar\/6126c9afb87b70da5abbb083ddbb21933da15f18f8ca7cb822aba0fb096a48f6?s=96&d=mm&r=g\",\"contentUrl\":\"https:\/\/secure.gravatar.com\/avatar\/6126c9afb87b70da5abbb083ddbb21933da15f18f8ca7cb822aba0fb096a48f6?s=96&d=mm&r=g\",\"caption\":\"Ondrej Ga\u0161par\"},\"url\":\"https:\/\/www.welovecycling.com\/sk\/author\/ondrejgaspar\/\"}]}<\/script>\n<!-- \/ Yoast SEO Premium plugin. -->","yoast_head_json":{"title":"Najpam\u00e4tnej\u0161ie etapy Tour de France o\u010dami jednej rodiny - \u0160koda We Love Cycling Slovensko","robots":{"index":"index","follow":"follow","max-snippet":"max-snippet:-1","max-image-preview":"max-image-preview:large","max-video-preview":"max-video-preview:-1"},"canonical":"https:\/\/www.welovecycling.com\/sk\/2019\/07\/11\/najpamatnejsie-etapy-tour-de-france-ocami-jednej-rodiny\/","og_locale":"sk_SK","og_type":"article","og_title":"Najpam\u00e4tnej\u0161ie etapy Tour de France o\u010dami jednej rodiny","og_description":"Tour de France m\u00e1 jednu z najdlh\u0161\u00edch trad\u00edci\u00ed spomedzi v\u0161etk\u00fdch cyklistick\u00fdch pretekov. V\u010faka tomu vytvorila zap\u00e1lenie pre cyklistiku, ktor\u00e9 sa [&hellip;]","og_url":"https:\/\/www.welovecycling.com\/sk\/2019\/07\/11\/najpamatnejsie-etapy-tour-de-france-ocami-jednej-rodiny\/","og_site_name":"\u0160koda We Love Cycling Slovensko","article_published_time":"2019-07-11T08:14:53+00:00","og_image":[{"width":1367,"height":600,"url":"https:\/\/d2p6e6u75xmxt8.cloudfront.net\/4\/2019\/07\/Romain-Bardet-CVR-profimedia-0374568846.webp","type":"image\/webp"}],"author":"Ondrej Ga\u0161par","twitter_card":"summary_large_image","twitter_misc":{"Written by":"WeLoveCycling","Est. reading time":"7"},"schema":{"@context":"https:\/\/schema.org","@graph":[{"@type":"WebPage","@id":"https:\/\/www.welovecycling.com\/sk\/2019\/07\/11\/najpamatnejsie-etapy-tour-de-france-ocami-jednej-rodiny\/","url":"https:\/\/www.welovecycling.com\/sk\/2019\/07\/11\/najpamatnejsie-etapy-tour-de-france-ocami-jednej-rodiny\/","name":"Najpam\u00e4tnej\u0161ie etapy Tour de France o\u010dami jednej rodiny - \u0160koda We Love Cycling Slovensko","isPartOf":{"@id":"https:\/\/www.welovecycling.com\/sk\/#website"},"primaryImageOfPage":{"@id":"https:\/\/www.welovecycling.com\/sk\/2019\/07\/11\/najpamatnejsie-etapy-tour-de-france-ocami-jednej-rodiny\/#primaryimage"},"image":{"@id":"https:\/\/www.welovecycling.com\/sk\/2019\/07\/11\/najpamatnejsie-etapy-tour-de-france-ocami-jednej-rodiny\/#primaryimage"},"thumbnailUrl":"https:\/\/d2p6e6u75xmxt8.cloudfront.net\/4\/2019\/07\/Romain-Bardet-CVR-profimedia-0374568846.webp","datePublished":"2019-07-11T08:14:53+00:00","author":{"@id":"https:\/\/www.welovecycling.com\/sk\/#\/schema\/person\/8ee09ba39b7e25b1870160aa5b3a89bc"},"breadcrumb":{"@id":"https:\/\/www.welovecycling.com\/sk\/2019\/07\/11\/najpamatnejsie-etapy-tour-de-france-ocami-jednej-rodiny\/#breadcrumb"},"inLanguage":"sk-SK","potentialAction":[{"@type":"ReadAction","target":["https:\/\/www.welovecycling.com\/sk\/2019\/07\/11\/najpamatnejsie-etapy-tour-de-france-ocami-jednej-rodiny\/"]}]},{"@type":"ImageObject","inLanguage":"sk-SK","@id":"https:\/\/www.welovecycling.com\/sk\/2019\/07\/11\/najpamatnejsie-etapy-tour-de-france-ocami-jednej-rodiny\/#primaryimage","url":"https:\/\/d2p6e6u75xmxt8.cloudfront.net\/4\/2019\/07\/Romain-Bardet-CVR-profimedia-0374568846.webp","contentUrl":"https:\/\/d2p6e6u75xmxt8.cloudfront.net\/4\/2019\/07\/Romain-Bardet-CVR-profimedia-0374568846.webp","width":1367,"height":600},{"@type":"BreadcrumbList","@id":"https:\/\/www.welovecycling.com\/sk\/2019\/07\/11\/najpamatnejsie-etapy-tour-de-france-ocami-jednej-rodiny\/#breadcrumb","itemListElement":[{"@type":"ListItem","position":1,"name":"Home","item":"https:\/\/www.welovecycling.com\/sk\/"},{"@type":"ListItem","position":2,"name":"Najpam\u00e4tnej\u0161ie etapy Tour de France o\u010dami jednej rodiny"}]},{"@type":"WebSite","@id":"https:\/\/www.welovecycling.com\/sk\/#website","url":"https:\/\/www.welovecycling.com\/sk\/","name":"\u0160koda We Love Cycling Slovensko","description":"\u0160koda We Love Cycling Slovensko je v\u00e1\u0161 ka\u017edodenn\u00fd zdroj noviniek a in\u0161pir\u00e1cie z sveta cyklistiky","potentialAction":[{"@type":"SearchAction","target":{"@type":"EntryPoint","urlTemplate":"https:\/\/www.welovecycling.com\/sk\/?s={search_term_string}"},"query-input":{"@type":"PropertyValueSpecification","valueRequired":true,"valueName":"search_term_string"}}],"inLanguage":"sk-SK"},{"@type":"Person","@id":"https:\/\/www.welovecycling.com\/sk\/#\/schema\/person\/8ee09ba39b7e25b1870160aa5b3a89bc","name":"Ondrej Ga\u0161par","image":{"@type":"ImageObject","inLanguage":"sk-SK","@id":"https:\/\/www.welovecycling.com\/sk\/#\/schema\/person\/image\/","url":"https:\/\/secure.gravatar.com\/avatar\/6126c9afb87b70da5abbb083ddbb21933da15f18f8ca7cb822aba0fb096a48f6?s=96&d=mm&r=g","contentUrl":"https:\/\/secure.gravatar.com\/avatar\/6126c9afb87b70da5abbb083ddbb21933da15f18f8ca7cb822aba0fb096a48f6?s=96&d=mm&r=g","caption":"Ondrej Ga\u0161par"},"url":"https:\/\/www.welovecycling.com\/sk\/author\/ondrejgaspar\/"}]}},"_links":{"self":[{"href":"https:\/\/www.welovecycling.com\/sk\/wp-json\/wp\/v2\/posts\/7761","targetHints":{"allow":["GET"]}}],"collection":[{"href":"https:\/\/www.welovecycling.com\/sk\/wp-json\/wp\/v2\/posts"}],"about":[{"href":"https:\/\/www.welovecycling.com\/sk\/wp-json\/wp\/v2\/types\/post"}],"author":[{"embeddable":true,"href":"https:\/\/www.welovecycling.com\/sk\/wp-json\/wp\/v2\/users\/38"}],"replies":[{"embeddable":true,"href":"https:\/\/www.welovecycling.com\/sk\/wp-json\/wp\/v2\/comments?post=7761"}],"version-history":[{"count":2,"href":"https:\/\/www.welovecycling.com\/sk\/wp-json\/wp\/v2\/posts\/7761\/revisions"}],"predecessor-version":[{"id":7774,"href":"https:\/\/www.welovecycling.com\/sk\/wp-json\/wp\/v2\/posts\/7761\/revisions\/7774"}],"wp:featuredmedia":[{"embeddable":true,"href":"https:\/\/www.welovecycling.com\/sk\/wp-json\/wp\/v2\/media\/7766"}],"wp:attachment":[{"href":"https:\/\/www.welovecycling.com\/sk\/wp-json\/wp\/v2\/media?parent=7761"}],"wp:term":[{"taxonomy":"category","embeddable":true,"href":"https:\/\/www.welovecycling.com\/sk\/wp-json\/wp\/v2\/categories?post=7761"},{"taxonomy":"post_tag","embeddable":true,"href":"https:\/\/www.welovecycling.com\/sk\/wp-json\/wp\/v2\/tags?post=7761"},{"taxonomy":"global-categories","embeddable":true,"href":"https:\/\/www.welovecycling.com\/sk\/wp-json\/wp\/v2\/global-categories?post=7761"}],"curies":[{"name":"wp","href":"https:\/\/api.w.org\/{rel}","templated":true}]}}