{"id":7752,"date":"2019-07-10T12:52:15","date_gmt":"2019-07-10T10:52:15","guid":{"rendered":"https:\/\/www.welovecycling.com\/sk\/?p=7752"},"modified":"2023-04-17T09:50:35","modified_gmt":"2023-04-17T07:50:35","slug":"pozvanka-skoda-horal-mtb-maraton-2019-zaver-sezony-vo-velkom-style","status":"publish","type":"post","link":"https:\/\/www.welovecycling.com\/sk\/2019\/07\/10\/pozvanka-skoda-horal-mtb-maraton-2019-zaver-sezony-vo-velkom-style\/","title":{"rendered":"Pozv\u00e1nka: \u0160koda HORAL MTB MARAT\u00d3N 2019 &#8211; z\u00e1ver sez\u00f3ny vo ve\u013ekom \u0161t\u00fdle"},"content":{"rendered":"<p><strong>Chcete sa z\u00fa\u010dastni\u0165 skuto\u010dn\u00e9ho vysokohorsk\u00e9ho MTB marat\u00f3nu v oblasti Kr\u00e1\u013eovoho\u013esk\u00fdch N\u00edzkych Tatier? S\u00e9ria \u0160koda BIKE OPEN TOUR korunuje podujat\u00edm \u0160koda Horal MTB marat\u00f3nsku sez\u00f3nu pre rok 2019.<\/strong><!--more--><\/p>\n<p><a href=\"https:\/\/d2p6e6u75xmxt8.cloudfront.net\/4\/2019\/07\/horal_01.jpg\"><img loading=\"lazy\" decoding=\"async\" class=\"alignnone size-full wp-image-7753\" src=\"https:\/\/d2p6e6u75xmxt8.cloudfront.net\/4\/2019\/07\/horal_01.jpg\" alt=\"\" width=\"1200\" height=\"800\" \/><\/a><\/p>\n<p>S\u00e9ria MTB marat\u00f3nov s podporou gener\u00e1lneho partnera \u0160koda AUTO Slovensko sa predstavila u\u017e na \u0161tyroch miestach Slovenska a <strong>posledn\u00e9 podujatie si m\u00f4\u017eete u\u017ei\u0165 10. augusta vo Svite<\/strong>. Ve\u010f, kto by nechcel pokori\u0165 Kr\u00e1\u013eovu ho\u013eu na svojom bicykli? T\u00e1to s\u00e9ria v\u0161ak nie je len o pretekan\u00ed, ale te\u0161i\u0165 sa m\u00f4\u017eete na sprievodn\u00fd program pre va\u0161e ratolesti a samozrejme aj pre v\u00e1s.<\/p>\n<div data-rows=\"1\" id='gallery-1' class='gallery-rows-1 gallery galleryid-7752 gallery-columns-2 gallery-size-full'><figure class='gallery-item'>\n\t\t\t<div class='gallery-icon landscape'>\n\t\t\t\t<a href='https:\/\/d2p6e6u75xmxt8.cloudfront.net\/4\/2019\/07\/horal_02.webp'><img loading=\"lazy\" decoding=\"async\" width=\"1200\" height=\"800\" src=\"https:\/\/d2p6e6u75xmxt8.cloudfront.net\/4\/2019\/07\/horal_02.webp\" class=\"attachment-full size-full\" alt=\"\" srcset=\"https:\/\/d2p6e6u75xmxt8.cloudfront.net\/4\/2019\/07\/horal_02.webp 1200w, https:\/\/d2p6e6u75xmxt8.cloudfront.net\/4\/2019\/07\/horal_02-300x200.webp 300w, https:\/\/d2p6e6u75xmxt8.cloudfront.net\/4\/2019\/07\/horal_02-1024x683.webp 1024w, https:\/\/d2p6e6u75xmxt8.cloudfront.net\/4\/2019\/07\/horal_02-768x512.webp 768w, https:\/\/d2p6e6u75xmxt8.cloudfront.net\/4\/2019\/07\/horal_02-272x182.webp 272w\" sizes=\"auto, (max-width: 1200px) 100vw, 1200px\" \/><\/a>\n\t\t\t<\/div><\/figure><figure class='gallery-item'>\n\t\t\t<div class='gallery-icon landscape'>\n\t\t\t\t<a href='https:\/\/d2p6e6u75xmxt8.cloudfront.net\/4\/2019\/07\/horal_03.webp'><img loading=\"lazy\" decoding=\"async\" width=\"1200\" height=\"800\" src=\"https:\/\/d2p6e6u75xmxt8.cloudfront.net\/4\/2019\/07\/horal_03.webp\" class=\"attachment-full size-full\" alt=\"\" srcset=\"https:\/\/d2p6e6u75xmxt8.cloudfront.net\/4\/2019\/07\/horal_03.webp 1200w, https:\/\/d2p6e6u75xmxt8.cloudfront.net\/4\/2019\/07\/horal_03-300x200.webp 300w, https:\/\/d2p6e6u75xmxt8.cloudfront.net\/4\/2019\/07\/horal_03-1024x683.webp 1024w, https:\/\/d2p6e6u75xmxt8.cloudfront.net\/4\/2019\/07\/horal_03-768x512.webp 768w, https:\/\/d2p6e6u75xmxt8.cloudfront.net\/4\/2019\/07\/horal_03-272x182.webp 272w\" sizes=\"auto, (max-width: 1200px) 100vw, 1200px\" \/><\/a>\n\t\t\t<\/div><\/figure>\n\t\t<\/div>\n        \n<p>Marat\u00f3n Horal pon\u00faka <strong>5 r\u00f4zne dlh\u00fdch trat\u00ed<\/strong>. Zas\u00fa\u0165a\u017ei\u0165 si m\u00f4\u017eete na trati Krejzi, ktor\u00e1 m\u00e1 brut\u00e1lnych 134 kilometrov a prev\u00fd\u0161enie 4 500 v\u00fd\u0161kov\u00fdch metrov. Na druhej strane stoj\u00ed Horal Dejzi alebo aj inak nazvan\u00e1 <strong>\u0160koda Family<\/strong> trasa, v d\u013a\u017eke 17 km pre rodiny s najmen\u0161\u00edmi pretek\u00e1rmi na trase. Deti\u010dky si tak m\u00f4\u017eu so svojimi rodi\u010dmi naplno u\u017ei\u0165 atmosf\u00e9ru pretekov a navy\u0161e zas\u00fa\u0165a\u017ei\u0165 o super ceny. Okrem t\u00fdchto kateg\u00f3ri\u00ed je tu e\u0161te mo\u017enos\u0165 si zapreteka\u0165 na tras\u00e1ch so 78 kilometrami a pre t\u00fdch, ktor\u00ed tr\u00e9novali o \u010dosi menej, je tu 43, respekt\u00edve 28 kilometrov dlh\u00e1 tra\u0165.<\/p>\n<div data-rows=\"1\" id='gallery-2' class='gallery-rows-1 gallery galleryid-7752 gallery-columns-2 gallery-size-full'><figure class='gallery-item'>\n\t\t\t<div class='gallery-icon landscape'>\n\t\t\t\t<a href='https:\/\/d2p6e6u75xmxt8.cloudfront.net\/4\/2019\/07\/horal_04.webp'><img loading=\"lazy\" decoding=\"async\" width=\"1200\" height=\"800\" src=\"https:\/\/d2p6e6u75xmxt8.cloudfront.net\/4\/2019\/07\/horal_04.webp\" class=\"attachment-full size-full\" alt=\"\" srcset=\"https:\/\/d2p6e6u75xmxt8.cloudfront.net\/4\/2019\/07\/horal_04.webp 1200w, https:\/\/d2p6e6u75xmxt8.cloudfront.net\/4\/2019\/07\/horal_04-300x200.webp 300w, https:\/\/d2p6e6u75xmxt8.cloudfront.net\/4\/2019\/07\/horal_04-1024x683.webp 1024w, https:\/\/d2p6e6u75xmxt8.cloudfront.net\/4\/2019\/07\/horal_04-768x512.webp 768w, https:\/\/d2p6e6u75xmxt8.cloudfront.net\/4\/2019\/07\/horal_04-272x182.webp 272w\" sizes=\"auto, (max-width: 1200px) 100vw, 1200px\" \/><\/a>\n\t\t\t<\/div><\/figure><figure class='gallery-item'>\n\t\t\t<div class='gallery-icon landscape'>\n\t\t\t\t<a href='https:\/\/d2p6e6u75xmxt8.cloudfront.net\/4\/2019\/07\/horal_05.webp'><img loading=\"lazy\" decoding=\"async\" width=\"1200\" height=\"800\" src=\"https:\/\/d2p6e6u75xmxt8.cloudfront.net\/4\/2019\/07\/horal_05.webp\" class=\"attachment-full size-full\" alt=\"\" srcset=\"https:\/\/d2p6e6u75xmxt8.cloudfront.net\/4\/2019\/07\/horal_05.webp 1200w, https:\/\/d2p6e6u75xmxt8.cloudfront.net\/4\/2019\/07\/horal_05-300x200.webp 300w, https:\/\/d2p6e6u75xmxt8.cloudfront.net\/4\/2019\/07\/horal_05-1024x683.webp 1024w, https:\/\/d2p6e6u75xmxt8.cloudfront.net\/4\/2019\/07\/horal_05-768x512.webp 768w, https:\/\/d2p6e6u75xmxt8.cloudfront.net\/4\/2019\/07\/horal_05-272x182.webp 272w\" sizes=\"auto, (max-width: 1200px) 100vw, 1200px\" \/><\/a>\n\t\t\t<\/div><\/figure>\n\t\t<\/div>\n        \n<p>T\u00e1to akcia pon\u00faka tradi\u010dn\u00e9 a tvrd\u00e9 preteky v srdci N\u00edzkych Tatier a z\u00e1rove\u0148 je to <strong>koniec marat\u00f3nskej sez\u00f3ny \u0160BOT 2019<\/strong>. Na v\u00fdber m\u00e1te mno\u017estvo v\u00fdkonnostn\u00fdch a vekov\u00fdch kateg\u00f3ri\u00ed a preto sa nemus\u00edte b\u00e1\u0165 prihl\u00e1si\u0165 sa. A ako to vyzeralo na tomto mieste pred rokom? M\u00f4\u017eete si pozrie\u0165 <a href=\"https:\/\/www.welovecycling.com\/sk\/2018\/08\/17\/foto-skoda-horal-mtb-maraton\/\">fotoreport\u00e1\u017e<\/a> z ro\u010dn\u00edka 2018, alebo si pre\u010d\u00edta\u0165 <a href=\"https:\/\/www.welovecycling.com\/sk\/2018\/08\/14\/reportaz-skoda-horal-mtb-maraton-ked-pocasie-uraduje\/\">report\u00e1\u017e<\/a>.<\/p>\n<p>A prip\u00e1jame aj video. Tak \u010do, vid\u00edme sa aj tento rok na \u0160koda Horal MTB marat\u00f3ne :-)?<\/p>\n<lite-youtube videoid=0vdulJiYpK4 params=\"enablejsapi=1\" style=\"background-image: url('https:\/\/i.ytimg.com\/vi_webp\/0vdulJiYpK4\/maxresdefault.webp');\"><\/lite-youtube>\n<p>Na pretekoch sa m\u00f4\u017eete te\u0161i\u0165 na <strong>super z\u00e1zemie, mno\u017estvo sprievodn\u00fdch akci\u00ed<\/strong>, ktor\u00fdch s\u00fa\u010das\u0165ou bud\u00fa aj s\u00fa\u0165a\u017ee a bohat\u00fd program pre dospel\u00fdch a hlavne deti. \u0160iesty ro\u010dn\u00edk \u0160BOT sa zameral na <strong>ekologick\u00fd pr\u00edstup<\/strong>, a preto zabudnite na plastov\u00e9 tanieriky, poh\u00e1re \u010di igelitov\u00e9 ta\u0161ky.<\/p>\n<p>V tradi\u010dne bohatej tombole v\u00e1s op\u00e4\u0165 \u010dak\u00e1 mo\u017enos\u0165 <strong>vyhra\u0165 cestn\u00fd bicykel a \u010fal\u0161ie hodnotn\u00e9 ceny<\/strong>. Pre prv\u00fdch troch v ka\u017edej kateg\u00f3rii s\u00fa u\u017e teraz pripraven\u00e9 poukazy na n\u00e1kup v \u0160koda E-shope. Hlavn\u00e1 v\u00fdhra v tombole je bicykel \u0160koda v hodnote 964 \u20ac. Celkov\u00e1 hodnota v\u0161etk\u00fdch cien bude prevy\u0161ova\u0165 3 490 \u20ac. Ak ste sa okrem tohto marat\u00f3nu z\u00fa\u010dastnili aj na \u010fal\u0161\u00edch troch zo s\u00e9rie \u0160koda BIKE OPEN TOUR, tak ste zaraden\u00ed do <strong>fin\u00e1lovej tomboly o nov\u00fd automobil \u0160koda FABIA COMBI<\/strong>. U\u017e po n\u00e1ro\u010dnom dni v N\u00edzkych Tatr\u00e1ch sa m\u00f4\u017eete sta\u0165 \u0161\u0165astn\u00fdm v\u00fdhercom.<\/p>\n<p>&nbsp;<\/p>\n<p>\u00da\u010das\u0165 na v\u0161etk\u00fdch 4 pretekoch \u0160koda BIKE OPEN TOUR m\u00e1 aktu\u00e1lne za sebou <strong>88 pretek\u00e1rov<\/strong>. 175 bikerov bolo na troch podujatiach s\u00e9rie, tak\u017ee \u00fa\u010das\u0165ou vo Svite si m\u00f4\u017eu zabezpe\u010di\u0165 svoju \u201emiestenku&#8220; v tejto atrakt\u00edvnej hre o auto. Zoznam oboch kateg\u00f3ri\u00ed n\u00e1jdete na <a href=\"https:\/\/www.welovecycling.com\/sk\/sbot\/ceny?ucast=1\">tomto odkaze<\/a>. Presn\u00e9 pravidl\u00e1 s\u00fa\u0165a\u017ee o auto n\u00e1jdete na <a href=\"https:\/\/www.skoda-auto.sk\/o-nas\/sutaze\">tomto odkaze<\/a>. Tak r\u00fdchlo sa prihl\u00e1si\u0165 a v\u0161etci sa stretneme 10. augusta v meste Svit.<\/p>\n<p>Viac inform\u00e1ci\u00ed, propoz\u00edcie a prihlasovanie n\u00e1jdete na str\u00e1nke marat\u00f3nu <a href=\"http:\/\/www.horal.sk\/\" target=\"_blank\" rel=\"noopener\">horal.sk<\/a>. V\u0161etko o s\u00e9ri\u00ed \u0160koda BIKE OPEN TOUR je k dispoz\u00edci\u00ed na <a href=\"https:\/\/www.welovecycling.com\/sk\/sbot\/\">tomto odkaze<\/a>.<\/p>\n","protected":false},"excerpt":{"rendered":"<p>Chcete sa z\u00fa\u010dastni\u0165 skuto\u010dn\u00e9ho vysokohorsk\u00e9ho MTB marat\u00f3nu v oblasti Kr\u00e1\u013eovoho\u013esk\u00fdch N\u00edzkych Tatier? S\u00e9ria \u0160koda BIKE OPEN TOUR korunuje podujat\u00edm \u0160koda [&hellip;]<\/p>\n","protected":false},"author":38,"featured_media":7758,"comment_status":"open","ping_status":"open","sticky":false,"template":"","format":"standard","meta":{"footnotes":""},"categories":[3],"tags":[211,180,178,412,569,179,542,1009,562,35,77,963,214,468,555,1013,92,213],"global-categories":[],"class_list":["post-7752","post","type-post","status-publish","format-standard","has-post-thumbnail","hentry","category-mtb","tag-horal","tag-horska-cyklistika","tag-maraton","tag-mtb","tag-nizke-tatry","tag-preteky","tag-skoda","tag-skoda-auto","tag-skoda-bicykel","tag-sbot","tag-skoda-dedina","tag-skoda-fabia","tag-skoda-horal-mtb-maraton","tag-skoda-karoq","tag-skoda-kodiaq","tag-skoda-scala","tag-skoda-tim","tag-svit"],"yoast_head":"<!-- This site is optimized with the Yoast SEO Premium plugin v25.3 (Yoast SEO v25.9) - https:\/\/yoast.com\/wordpress\/plugins\/seo\/ -->\n<title>Pozv\u00e1nka: \u0160koda HORAL MTB MARAT\u00d3N 2019 - z\u00e1ver sez\u00f3ny vo ve\u013ekom \u0161t\u00fdle<\/title>\n<meta name=\"description\" content=\"Chcete sa tento rok z\u00fa\u010dastni\u0165 skuto\u010dn\u00e9ho vysokohorsk\u00e9ho MTB marat\u00f3nu v oblasti Kr\u00e1\u013eovoho\u013esk\u00fdch N\u00edzkych Tatier?\" \/>\n<meta name=\"robots\" content=\"index, follow, max-snippet:-1, max-image-preview:large, max-video-preview:-1\" \/>\n<link rel=\"canonical\" href=\"https:\/\/www.welovecycling.com\/sk\/2019\/07\/10\/pozvanka-skoda-horal-mtb-maraton-2019-zaver-sezony-vo-velkom-style\/\" \/>\n<meta property=\"og:locale\" content=\"sk_SK\" \/>\n<meta property=\"og:type\" content=\"article\" \/>\n<meta property=\"og:title\" content=\"Pozv\u00e1nka: \u0160koda HORAL MTB MARAT\u00d3N 2019 - z\u00e1ver sez\u00f3ny vo ve\u013ekom \u0161t\u00fdle\" \/>\n<meta property=\"og:description\" content=\"Chcete sa tento rok z\u00fa\u010dastni\u0165 skuto\u010dn\u00e9ho vysokohorsk\u00e9ho MTB marat\u00f3nu v oblasti Kr\u00e1\u013eovoho\u013esk\u00fdch N\u00edzkych Tatier?\" \/>\n<meta property=\"og:url\" content=\"https:\/\/www.welovecycling.com\/sk\/2019\/07\/10\/pozvanka-skoda-horal-mtb-maraton-2019-zaver-sezony-vo-velkom-style\/\" \/>\n<meta property=\"og:site_name\" content=\"\u0160koda We Love Cycling Slovensko\" \/>\n<meta property=\"article:published_time\" content=\"2019-07-10T10:52:15+00:00\" \/>\n<meta property=\"article:modified_time\" content=\"2023-04-17T07:50:35+00:00\" \/>\n<meta property=\"og:image\" content=\"https:\/\/d2p6e6u75xmxt8.cloudfront.net\/4\/2019\/07\/horal_titulka.webp\" \/>\n\t<meta property=\"og:image:width\" content=\"1380\" \/>\n\t<meta property=\"og:image:height\" content=\"600\" \/>\n\t<meta property=\"og:image:type\" content=\"image\/webp\" \/>\n<meta name=\"author\" content=\"Ondrej Ga\u0161par\" \/>\n<meta name=\"twitter:card\" content=\"summary_large_image\" \/>\n<meta name=\"twitter:label1\" content=\"Written by\" \/>\n\t<meta name=\"twitter:data1\" content=\"We Love Cycling\" \/>\n\t<meta name=\"twitter:label2\" content=\"Est. reading time\" \/>\n\t<meta name=\"twitter:data2\" content=\"4\" \/>\n<script type=\"application\/ld+json\" class=\"yoast-schema-graph\">{\"@context\":\"https:\/\/schema.org\",\"@graph\":[{\"@type\":\"WebPage\",\"@id\":\"https:\/\/www.welovecycling.com\/sk\/2019\/07\/10\/pozvanka-skoda-horal-mtb-maraton-2019-zaver-sezony-vo-velkom-style\/\",\"url\":\"https:\/\/www.welovecycling.com\/sk\/2019\/07\/10\/pozvanka-skoda-horal-mtb-maraton-2019-zaver-sezony-vo-velkom-style\/\",\"name\":\"Pozv\u00e1nka: \u0160koda HORAL MTB MARAT\u00d3N 2019 - z\u00e1ver sez\u00f3ny vo ve\u013ekom \u0161t\u00fdle\",\"isPartOf\":{\"@id\":\"https:\/\/www.welovecycling.com\/sk\/#website\"},\"primaryImageOfPage\":{\"@id\":\"https:\/\/www.welovecycling.com\/sk\/2019\/07\/10\/pozvanka-skoda-horal-mtb-maraton-2019-zaver-sezony-vo-velkom-style\/#primaryimage\"},\"image\":{\"@id\":\"https:\/\/www.welovecycling.com\/sk\/2019\/07\/10\/pozvanka-skoda-horal-mtb-maraton-2019-zaver-sezony-vo-velkom-style\/#primaryimage\"},\"thumbnailUrl\":\"https:\/\/d2p6e6u75xmxt8.cloudfront.net\/4\/2019\/07\/horal_titulka.webp\",\"datePublished\":\"2019-07-10T10:52:15+00:00\",\"dateModified\":\"2023-04-17T07:50:35+00:00\",\"author\":{\"@id\":\"https:\/\/www.welovecycling.com\/sk\/#\/schema\/person\/8ee09ba39b7e25b1870160aa5b3a89bc\"},\"description\":\"Chcete sa tento rok z\u00fa\u010dastni\u0165 skuto\u010dn\u00e9ho vysokohorsk\u00e9ho MTB marat\u00f3nu v oblasti Kr\u00e1\u013eovoho\u013esk\u00fdch N\u00edzkych Tatier?\",\"breadcrumb\":{\"@id\":\"https:\/\/www.welovecycling.com\/sk\/2019\/07\/10\/pozvanka-skoda-horal-mtb-maraton-2019-zaver-sezony-vo-velkom-style\/#breadcrumb\"},\"inLanguage\":\"sk-SK\",\"potentialAction\":[{\"@type\":\"ReadAction\",\"target\":[\"https:\/\/www.welovecycling.com\/sk\/2019\/07\/10\/pozvanka-skoda-horal-mtb-maraton-2019-zaver-sezony-vo-velkom-style\/\"]}]},{\"@type\":\"ImageObject\",\"inLanguage\":\"sk-SK\",\"@id\":\"https:\/\/www.welovecycling.com\/sk\/2019\/07\/10\/pozvanka-skoda-horal-mtb-maraton-2019-zaver-sezony-vo-velkom-style\/#primaryimage\",\"url\":\"https:\/\/d2p6e6u75xmxt8.cloudfront.net\/4\/2019\/07\/horal_titulka.webp\",\"contentUrl\":\"https:\/\/d2p6e6u75xmxt8.cloudfront.net\/4\/2019\/07\/horal_titulka.webp\",\"width\":1380,\"height\":600},{\"@type\":\"BreadcrumbList\",\"@id\":\"https:\/\/www.welovecycling.com\/sk\/2019\/07\/10\/pozvanka-skoda-horal-mtb-maraton-2019-zaver-sezony-vo-velkom-style\/#breadcrumb\",\"itemListElement\":[{\"@type\":\"ListItem\",\"position\":1,\"name\":\"Home\",\"item\":\"https:\/\/www.welovecycling.com\/sk\/\"},{\"@type\":\"ListItem\",\"position\":2,\"name\":\"Pozv\u00e1nka: \u0160koda HORAL MTB MARAT\u00d3N 2019 &#8211; z\u00e1ver sez\u00f3ny vo ve\u013ekom \u0161t\u00fdle\"}]},{\"@type\":\"WebSite\",\"@id\":\"https:\/\/www.welovecycling.com\/sk\/#website\",\"url\":\"https:\/\/www.welovecycling.com\/sk\/\",\"name\":\"\u0160koda We Love Cycling Slovensko\",\"description\":\"\u0160koda We Love Cycling Slovensko je v\u00e1\u0161 ka\u017edodenn\u00fd zdroj noviniek a in\u0161pir\u00e1cie z sveta cyklistiky\",\"potentialAction\":[{\"@type\":\"SearchAction\",\"target\":{\"@type\":\"EntryPoint\",\"urlTemplate\":\"https:\/\/www.welovecycling.com\/sk\/?s={search_term_string}\"},\"query-input\":{\"@type\":\"PropertyValueSpecification\",\"valueRequired\":true,\"valueName\":\"search_term_string\"}}],\"inLanguage\":\"sk-SK\"},{\"@type\":\"Person\",\"@id\":\"https:\/\/www.welovecycling.com\/sk\/#\/schema\/person\/8ee09ba39b7e25b1870160aa5b3a89bc\",\"name\":\"Ondrej Ga\u0161par\",\"image\":{\"@type\":\"ImageObject\",\"inLanguage\":\"sk-SK\",\"@id\":\"https:\/\/www.welovecycling.com\/sk\/#\/schema\/person\/image\/\",\"url\":\"https:\/\/secure.gravatar.com\/avatar\/6126c9afb87b70da5abbb083ddbb21933da15f18f8ca7cb822aba0fb096a48f6?s=96&d=mm&r=g\",\"contentUrl\":\"https:\/\/secure.gravatar.com\/avatar\/6126c9afb87b70da5abbb083ddbb21933da15f18f8ca7cb822aba0fb096a48f6?s=96&d=mm&r=g\",\"caption\":\"Ondrej Ga\u0161par\"},\"url\":\"https:\/\/www.welovecycling.com\/sk\/author\/ondrejgaspar\/\"}]}<\/script>\n<!-- \/ Yoast SEO Premium plugin. -->","yoast_head_json":{"title":"Pozv\u00e1nka: \u0160koda HORAL MTB MARAT\u00d3N 2019 - z\u00e1ver sez\u00f3ny vo ve\u013ekom \u0161t\u00fdle","description":"Chcete sa tento rok z\u00fa\u010dastni\u0165 skuto\u010dn\u00e9ho vysokohorsk\u00e9ho MTB marat\u00f3nu v oblasti Kr\u00e1\u013eovoho\u013esk\u00fdch N\u00edzkych Tatier?","robots":{"index":"index","follow":"follow","max-snippet":"max-snippet:-1","max-image-preview":"max-image-preview:large","max-video-preview":"max-video-preview:-1"},"canonical":"https:\/\/www.welovecycling.com\/sk\/2019\/07\/10\/pozvanka-skoda-horal-mtb-maraton-2019-zaver-sezony-vo-velkom-style\/","og_locale":"sk_SK","og_type":"article","og_title":"Pozv\u00e1nka: \u0160koda HORAL MTB MARAT\u00d3N 2019 - z\u00e1ver sez\u00f3ny vo ve\u013ekom \u0161t\u00fdle","og_description":"Chcete sa tento rok z\u00fa\u010dastni\u0165 skuto\u010dn\u00e9ho vysokohorsk\u00e9ho MTB marat\u00f3nu v oblasti Kr\u00e1\u013eovoho\u013esk\u00fdch N\u00edzkych Tatier?","og_url":"https:\/\/www.welovecycling.com\/sk\/2019\/07\/10\/pozvanka-skoda-horal-mtb-maraton-2019-zaver-sezony-vo-velkom-style\/","og_site_name":"\u0160koda We Love Cycling Slovensko","article_published_time":"2019-07-10T10:52:15+00:00","article_modified_time":"2023-04-17T07:50:35+00:00","og_image":[{"width":1380,"height":600,"url":"https:\/\/d2p6e6u75xmxt8.cloudfront.net\/4\/2019\/07\/horal_titulka.webp","type":"image\/webp"}],"author":"Ondrej Ga\u0161par","twitter_card":"summary_large_image","twitter_misc":{"Written by":"We Love Cycling","Est. reading time":"4"},"schema":{"@context":"https:\/\/schema.org","@graph":[{"@type":"WebPage","@id":"https:\/\/www.welovecycling.com\/sk\/2019\/07\/10\/pozvanka-skoda-horal-mtb-maraton-2019-zaver-sezony-vo-velkom-style\/","url":"https:\/\/www.welovecycling.com\/sk\/2019\/07\/10\/pozvanka-skoda-horal-mtb-maraton-2019-zaver-sezony-vo-velkom-style\/","name":"Pozv\u00e1nka: \u0160koda HORAL MTB MARAT\u00d3N 2019 - z\u00e1ver sez\u00f3ny vo ve\u013ekom \u0161t\u00fdle","isPartOf":{"@id":"https:\/\/www.welovecycling.com\/sk\/#website"},"primaryImageOfPage":{"@id":"https:\/\/www.welovecycling.com\/sk\/2019\/07\/10\/pozvanka-skoda-horal-mtb-maraton-2019-zaver-sezony-vo-velkom-style\/#primaryimage"},"image":{"@id":"https:\/\/www.welovecycling.com\/sk\/2019\/07\/10\/pozvanka-skoda-horal-mtb-maraton-2019-zaver-sezony-vo-velkom-style\/#primaryimage"},"thumbnailUrl":"https:\/\/d2p6e6u75xmxt8.cloudfront.net\/4\/2019\/07\/horal_titulka.webp","datePublished":"2019-07-10T10:52:15+00:00","dateModified":"2023-04-17T07:50:35+00:00","author":{"@id":"https:\/\/www.welovecycling.com\/sk\/#\/schema\/person\/8ee09ba39b7e25b1870160aa5b3a89bc"},"description":"Chcete sa tento rok z\u00fa\u010dastni\u0165 skuto\u010dn\u00e9ho vysokohorsk\u00e9ho MTB marat\u00f3nu v oblasti Kr\u00e1\u013eovoho\u013esk\u00fdch N\u00edzkych Tatier?","breadcrumb":{"@id":"https:\/\/www.welovecycling.com\/sk\/2019\/07\/10\/pozvanka-skoda-horal-mtb-maraton-2019-zaver-sezony-vo-velkom-style\/#breadcrumb"},"inLanguage":"sk-SK","potentialAction":[{"@type":"ReadAction","target":["https:\/\/www.welovecycling.com\/sk\/2019\/07\/10\/pozvanka-skoda-horal-mtb-maraton-2019-zaver-sezony-vo-velkom-style\/"]}]},{"@type":"ImageObject","inLanguage":"sk-SK","@id":"https:\/\/www.welovecycling.com\/sk\/2019\/07\/10\/pozvanka-skoda-horal-mtb-maraton-2019-zaver-sezony-vo-velkom-style\/#primaryimage","url":"https:\/\/d2p6e6u75xmxt8.cloudfront.net\/4\/2019\/07\/horal_titulka.webp","contentUrl":"https:\/\/d2p6e6u75xmxt8.cloudfront.net\/4\/2019\/07\/horal_titulka.webp","width":1380,"height":600},{"@type":"BreadcrumbList","@id":"https:\/\/www.welovecycling.com\/sk\/2019\/07\/10\/pozvanka-skoda-horal-mtb-maraton-2019-zaver-sezony-vo-velkom-style\/#breadcrumb","itemListElement":[{"@type":"ListItem","position":1,"name":"Home","item":"https:\/\/www.welovecycling.com\/sk\/"},{"@type":"ListItem","position":2,"name":"Pozv\u00e1nka: \u0160koda HORAL MTB MARAT\u00d3N 2019 &#8211; z\u00e1ver sez\u00f3ny vo ve\u013ekom \u0161t\u00fdle"}]},{"@type":"WebSite","@id":"https:\/\/www.welovecycling.com\/sk\/#website","url":"https:\/\/www.welovecycling.com\/sk\/","name":"\u0160koda We Love Cycling Slovensko","description":"\u0160koda We Love Cycling Slovensko je v\u00e1\u0161 ka\u017edodenn\u00fd zdroj noviniek a in\u0161pir\u00e1cie z sveta cyklistiky","potentialAction":[{"@type":"SearchAction","target":{"@type":"EntryPoint","urlTemplate":"https:\/\/www.welovecycling.com\/sk\/?s={search_term_string}"},"query-input":{"@type":"PropertyValueSpecification","valueRequired":true,"valueName":"search_term_string"}}],"inLanguage":"sk-SK"},{"@type":"Person","@id":"https:\/\/www.welovecycling.com\/sk\/#\/schema\/person\/8ee09ba39b7e25b1870160aa5b3a89bc","name":"Ondrej Ga\u0161par","image":{"@type":"ImageObject","inLanguage":"sk-SK","@id":"https:\/\/www.welovecycling.com\/sk\/#\/schema\/person\/image\/","url":"https:\/\/secure.gravatar.com\/avatar\/6126c9afb87b70da5abbb083ddbb21933da15f18f8ca7cb822aba0fb096a48f6?s=96&d=mm&r=g","contentUrl":"https:\/\/secure.gravatar.com\/avatar\/6126c9afb87b70da5abbb083ddbb21933da15f18f8ca7cb822aba0fb096a48f6?s=96&d=mm&r=g","caption":"Ondrej Ga\u0161par"},"url":"https:\/\/www.welovecycling.com\/sk\/author\/ondrejgaspar\/"}]}},"_links":{"self":[{"href":"https:\/\/www.welovecycling.com\/sk\/wp-json\/wp\/v2\/posts\/7752","targetHints":{"allow":["GET"]}}],"collection":[{"href":"https:\/\/www.welovecycling.com\/sk\/wp-json\/wp\/v2\/posts"}],"about":[{"href":"https:\/\/www.welovecycling.com\/sk\/wp-json\/wp\/v2\/types\/post"}],"author":[{"embeddable":true,"href":"https:\/\/www.welovecycling.com\/sk\/wp-json\/wp\/v2\/users\/38"}],"replies":[{"embeddable":true,"href":"https:\/\/www.welovecycling.com\/sk\/wp-json\/wp\/v2\/comments?post=7752"}],"version-history":[{"count":2,"href":"https:\/\/www.welovecycling.com\/sk\/wp-json\/wp\/v2\/posts\/7752\/revisions"}],"predecessor-version":[{"id":17155,"href":"https:\/\/www.welovecycling.com\/sk\/wp-json\/wp\/v2\/posts\/7752\/revisions\/17155"}],"wp:featuredmedia":[{"embeddable":true,"href":"https:\/\/www.welovecycling.com\/sk\/wp-json\/wp\/v2\/media\/7758"}],"wp:attachment":[{"href":"https:\/\/www.welovecycling.com\/sk\/wp-json\/wp\/v2\/media?parent=7752"}],"wp:term":[{"taxonomy":"category","embeddable":true,"href":"https:\/\/www.welovecycling.com\/sk\/wp-json\/wp\/v2\/categories?post=7752"},{"taxonomy":"post_tag","embeddable":true,"href":"https:\/\/www.welovecycling.com\/sk\/wp-json\/wp\/v2\/tags?post=7752"},{"taxonomy":"global-categories","embeddable":true,"href":"https:\/\/www.welovecycling.com\/sk\/wp-json\/wp\/v2\/global-categories?post=7752"}],"curies":[{"name":"wp","href":"https:\/\/api.w.org\/{rel}","templated":true}]}}