{"id":7717,"date":"2019-07-05T10:07:35","date_gmt":"2019-07-05T08:07:35","guid":{"rendered":"https:\/\/www.welovecycling.com\/sk\/?p=7717"},"modified":"2019-07-10T09:43:25","modified_gmt":"2019-07-10T07:43:25","slug":"auta-tour-de-france-2019","status":"publish","type":"post","link":"https:\/\/www.welovecycling.com\/sk\/2019\/07\/05\/auta-tour-de-france-2019\/","title":{"rendered":"Aut\u00e1 na Tour de France 2019"},"content":{"rendered":"<p><strong>Jazdci s\u00fa t\u00fdmi, kto rob\u00ed preteky, fan\u00fa\u0161ikovia sa na druhej strane staraj\u00fa o skvel\u00fa atmosf\u00e9ru. Av\u0161ak bez obrovskej podpory zo strany motoriek a podporn\u00fdch vozidiel, by sa z Tour de France stalo miesto chaosu. Nehody bez potrebnej pomoci, dehydrat\u00e1cia, strata podpory v pr\u00edpade zranen\u00ed \u010di nepr\u00edtomnos\u0165 jedla a \u017eiv\u00edn, by mali katastrof\u00e1lny dopad na v\u0161etk\u00fdch z\u00fa\u010dastnen\u00fdch.<\/strong><!--more--><\/p>\n<p>Je pravdou, \u017ee aut\u00e1 zna\u010dky \u0160koda s\u00fa skuto\u010dne n\u00e1padn\u00fdmi \u00fa\u010dastn\u00edkmi pretekov, najm\u00e4 v\u010faka r\u00f4znorod\u00fdm farebn\u00fdm vyhotoveniam, ale ich pr\u00edtomnos\u0165 je k\u013e\u00fa\u010dov\u00e1, ke\u010f\u017ee s\u00fa najspo\u013eahlivej\u0161\u00edmi vozidlami. Obsadenos\u0165 v\u00e4\u010d\u0161iny vozidiel TdF jej modelmi a celkov\u00fd n\u00e1jazd v mili\u00f3noch kilometrov bez v\u00e1\u017enej\u0161ej poruchy, od doby, kedy sa \u0160koda stala partnerom, teda pred 15 rokmi, je d\u00f4vodom, pre\u010do je s\u00fa\u010das\u0165ou najv\u00e4\u010d\u0161\u00edch cyklistick\u00fdch pretekov v\u0161etk\u00fdch \u010dias. Tak sa teda pozrime na hierarchiu vozidiel po\u010das Tour de France.<\/p>\n<div id='gallery-1' class='gallery galleryid-7717 gallery-columns-2 gallery-size-large'><figure class='gallery-item'>\n\t\t\t<div class='gallery-icon landscape'>\n\t\t\t\t<a href='https:\/\/d2p6e6u75xmxt8.cloudfront.net\/4\/2019\/07\/02-SKODA-CARS-1-1.webp'><img loading=\"lazy\" decoding=\"async\" width=\"1024\" height=\"576\" src=\"https:\/\/d2p6e6u75xmxt8.cloudfront.net\/4\/2019\/07\/02-SKODA-CARS-1-1-1024x576.webp\" class=\"attachment-large size-large\" alt=\"\" srcset=\"https:\/\/d2p6e6u75xmxt8.cloudfront.net\/4\/2019\/07\/02-SKODA-CARS-1-1-1024x576.webp 1024w, https:\/\/d2p6e6u75xmxt8.cloudfront.net\/4\/2019\/07\/02-SKODA-CARS-1-1-300x169.webp 300w, https:\/\/d2p6e6u75xmxt8.cloudfront.net\/4\/2019\/07\/02-SKODA-CARS-1-1-768x432.webp 768w, https:\/\/d2p6e6u75xmxt8.cloudfront.net\/4\/2019\/07\/02-SKODA-CARS-1-1.webp 1280w\" sizes=\"auto, (max-width: 1024px) 100vw, 1024px\" \/><\/a>\n\t\t\t<\/div><\/figure><figure class='gallery-item'>\n\t\t\t<div class='gallery-icon landscape'>\n\t\t\t\t<a href='https:\/\/d2p6e6u75xmxt8.cloudfront.net\/4\/2019\/07\/01-TEAMS-CARS-1-1.webp'><img loading=\"lazy\" decoding=\"async\" width=\"1024\" height=\"576\" src=\"https:\/\/d2p6e6u75xmxt8.cloudfront.net\/4\/2019\/07\/01-TEAMS-CARS-1-1-1024x576.webp\" class=\"attachment-large size-large\" alt=\"\" srcset=\"https:\/\/d2p6e6u75xmxt8.cloudfront.net\/4\/2019\/07\/01-TEAMS-CARS-1-1-1024x576.webp 1024w, https:\/\/d2p6e6u75xmxt8.cloudfront.net\/4\/2019\/07\/01-TEAMS-CARS-1-1-300x169.webp 300w, https:\/\/d2p6e6u75xmxt8.cloudfront.net\/4\/2019\/07\/01-TEAMS-CARS-1-1-768x432.webp 768w, https:\/\/d2p6e6u75xmxt8.cloudfront.net\/4\/2019\/07\/01-TEAMS-CARS-1-1.webp 1280w\" sizes=\"auto, (max-width: 1024px) 100vw, 1024px\" \/><\/a>\n\t\t\t<\/div><\/figure>\n\t\t<\/div>\n\n<h2><strong>Auto riadite\u013ea pretekov<\/strong><\/h2>\n<p>\u017diaden zo skaln\u00fdch fan\u00fa\u0161ikov Tour de France si nem\u00f4\u017ee pom\u00fdli\u0165 tento odtie\u0148 <strong>\u010dervenej<\/strong>. <strong>Superb<\/strong>, vlajkov\u00e1 lo\u010f modelov \u0160koda, si po\u010das svojej existencie pre\u0161la viacer\u00fdmi unik\u00e1tnymi zmenami, ne\u017e sa stala \u201eriadite\u013estvom\u201c na koles\u00e1ch. <strong>Christian Prudhomme<\/strong>, riadite\u013e Tour de France, ho po\u010das pretekov naz\u00fdva svoj\u00edm domovom, teda po\u010das troch t\u00fd\u017ed\u0148ov, aby sme boli presn\u00ed. Samotn\u00e9 auto bolo <strong>\u0161pecificky zariaden\u00e9<\/strong>: exteri\u00e9r na sebe nesie origin\u00e1lne log\u00e1, upraven\u00e9 doplnky na streche a kapote a nezvykle priestrann\u00e9 stre\u0161n\u00e9 okno.<\/p>\n<p><a href=\"https:\/\/d2p6e6u75xmxt8.cloudfront.net\/4\/2019\/07\/profimedia-0252844160.jpg\"><img loading=\"lazy\" decoding=\"async\" class=\"size-full wp-image-7719\" src=\"https:\/\/d2p6e6u75xmxt8.cloudfront.net\/4\/2019\/07\/profimedia-0252844160.jpg\" alt=\"\" width=\"1250\" height=\"831\" \/><\/a><\/p>\n<p>P\u00e1n Proudhomme ho pou\u017e\u00edva pri interakcii s fan\u00fa\u0161ikmi a jazdcami, ale predov\u0161etk\u00fdm pri \u0161tarte jednotliv\u00fdch et\u00e1p, kedy odm\u00e1van\u00edm vlajky na \u201enultom kilometri\u201c spust\u00ed preteky. Tak\u00e1to \u010des\u0165 niekedy pripadne aj VIP hos\u0165om, ktor\u00ed si n\u00e1sledne m\u00f4\u017eu u\u017e\u00edva\u0165 vychladen\u00e9 \u0161ampansk\u00e9 zo zabudovanej chladni\u010dky a \u0161peci\u00e1lne prisp\u00f4soben\u00fdch dr\u017eiakov na poh\u00e1re. Najd\u00f4le\u017eitej\u0161\u00edm prvkom auta je v\u0161ak <strong>\u0161pecifick\u00fd komunika\u010dn\u00fd syst\u00e9m<\/strong>, ktor\u00fdm riadite\u013e pretekov kontroluje ka\u017ed\u00fa \u010das\u0165 a v\u00fdvoj jednotliv\u00fdch et\u00e1p.<\/p>\n<h2><strong>\u017dlt\u00e9 podporn\u00e9 aut\u00e1 Mavic<\/strong><\/h2>\n<p>V pretekoch tak\u00fdchto rozmerov je \u0161anca na v\u00fdskyt mechanick\u00e9ho probl\u00e9mu alebo p\u00e1du vysok\u00e1. To je chv\u00ed\u013ea pre \u017elt\u00fa flotilu \u00e1ut Mavic. Odet\u00e9 do optimistick\u00e9ho farebn\u00e9ho vyhotovenia s ve\u013ek\u00fdmi n\u00e1pismi Mavic, v\u010faka ktor\u00fdm vyt\u0155\u010daj\u00fa spomedzi ostatn\u00fdch vozidiel a ka\u017ed\u00fd jazdec presne vie, \u017ee tieto \u0161tvorkolesov\u00e9 servisy im <strong>prich\u00e1dzaj\u00fa na pomoc<\/strong>. Ide predov\u0161etk\u00fdm <strong>o Octavie a Superby<\/strong>.<\/p>\n<p><a href=\"https:\/\/d2p6e6u75xmxt8.cloudfront.net\/4\/2019\/07\/Lotto1.jpg\"><img loading=\"lazy\" decoding=\"async\" class=\"alignnone size-full wp-image-7718\" src=\"https:\/\/d2p6e6u75xmxt8.cloudfront.net\/4\/2019\/07\/Lotto1.jpg\" alt=\"\" width=\"1200\" height=\"743\" \/><\/a><\/p>\n<p>Tieto aut\u00e1 s\u00fa <strong>naplnen\u00e9 n\u00e1hradn\u00fdmi pl\u00e1\u0161\u0165ami, re\u0165azami a k\u013eukami, rovnako ako aj jedlom a pitn\u00fdm re\u017eimom<\/strong> pre jazdcov. V ich kufri <strong>nech\u00fdbaj\u00fa ani k\u00fasky oble\u010denia<\/strong>: pl\u00e1\u0161tenky proti da\u017e\u010fu, ke\u010f po\u010dasie zmen\u00ed svoju n\u00e1ladu. Mechanici v aute maj\u00fa po ruke aj sady n\u00e1radia, nad hlavami <strong>kompletn\u00e9 n\u00e1hradn\u00e9 bicykle<\/strong>. Ich po\u010det sa v niektor\u00fdch d\u0148och vy\u0161plh\u00e1 aj na \u010d\u00edslo 8. \u017dlt\u00e9 aut\u00e1 Mavic sl\u00fa\u017eia ako technick\u00e1 podpora a miesto poradenstva vo chv\u00ed\u013each, kedy je t\u00edmov\u00e9 vozidlo pr\u00edli\u0161 \u010faleko.<\/p>\n<div id='gallery-2' class='gallery galleryid-7717 gallery-columns-3 gallery-size-large'><figure class='gallery-item'>\n\t\t\t<div class='gallery-icon landscape'>\n\t\t\t\t<a href='https:\/\/d2p6e6u75xmxt8.cloudfront.net\/4\/2019\/07\/Lotto4.webp'><img loading=\"lazy\" decoding=\"async\" width=\"1024\" height=\"634\" src=\"https:\/\/d2p6e6u75xmxt8.cloudfront.net\/4\/2019\/07\/Lotto4-1024x634.webp\" class=\"attachment-large size-large\" alt=\"\" srcset=\"https:\/\/d2p6e6u75xmxt8.cloudfront.net\/4\/2019\/07\/Lotto4-1024x634.webp 1024w, https:\/\/d2p6e6u75xmxt8.cloudfront.net\/4\/2019\/07\/Lotto4-300x186.webp 300w, https:\/\/d2p6e6u75xmxt8.cloudfront.net\/4\/2019\/07\/Lotto4-768x476.webp 768w, https:\/\/d2p6e6u75xmxt8.cloudfront.net\/4\/2019\/07\/Lotto4.webp 1200w\" sizes=\"auto, (max-width: 1024px) 100vw, 1024px\" \/><\/a>\n\t\t\t<\/div><\/figure><figure class='gallery-item'>\n\t\t\t<div class='gallery-icon landscape'>\n\t\t\t\t<a href='https:\/\/d2p6e6u75xmxt8.cloudfront.net\/4\/2019\/07\/Lotto3.webp'><img loading=\"lazy\" decoding=\"async\" width=\"1024\" height=\"634\" src=\"https:\/\/d2p6e6u75xmxt8.cloudfront.net\/4\/2019\/07\/Lotto3-1024x634.webp\" class=\"attachment-large size-large\" alt=\"\" srcset=\"https:\/\/d2p6e6u75xmxt8.cloudfront.net\/4\/2019\/07\/Lotto3-1024x634.webp 1024w, https:\/\/d2p6e6u75xmxt8.cloudfront.net\/4\/2019\/07\/Lotto3-300x186.webp 300w, https:\/\/d2p6e6u75xmxt8.cloudfront.net\/4\/2019\/07\/Lotto3-768x476.webp 768w, https:\/\/d2p6e6u75xmxt8.cloudfront.net\/4\/2019\/07\/Lotto3.webp 1200w\" sizes=\"auto, (max-width: 1024px) 100vw, 1024px\" \/><\/a>\n\t\t\t<\/div><\/figure><figure class='gallery-item'>\n\t\t\t<div class='gallery-icon landscape'>\n\t\t\t\t<a href='https:\/\/d2p6e6u75xmxt8.cloudfront.net\/4\/2019\/07\/Lotto2.webp'><img loading=\"lazy\" decoding=\"async\" width=\"1024\" height=\"634\" src=\"https:\/\/d2p6e6u75xmxt8.cloudfront.net\/4\/2019\/07\/Lotto2-1024x634.webp\" class=\"attachment-large size-large\" alt=\"\" srcset=\"https:\/\/d2p6e6u75xmxt8.cloudfront.net\/4\/2019\/07\/Lotto2-1024x634.webp 1024w, https:\/\/d2p6e6u75xmxt8.cloudfront.net\/4\/2019\/07\/Lotto2-300x186.webp 300w, https:\/\/d2p6e6u75xmxt8.cloudfront.net\/4\/2019\/07\/Lotto2-768x476.webp 768w, https:\/\/d2p6e6u75xmxt8.cloudfront.net\/4\/2019\/07\/Lotto2.webp 1200w\" sizes=\"auto, (max-width: 1024px) 100vw, 1024px\" \/><\/a>\n\t\t\t<\/div><\/figure>\n\t\t<\/div>\n\n<h2><strong>Individu\u00e1lne t\u00edmov\u00e9 aut\u00e1<\/strong><\/h2>\n<p>Odhliadnuc od neutr\u00e1lnych vozidiel Mavic, <strong>ka\u017ed\u00fd t\u00edm disponuje dvojicou vozidiel, ktor\u00e9 nasleduj\u00fa pelot\u00f3n<\/strong>. Ich jednotliv\u00e1 poz\u00edcia je ur\u010den\u00e1 t\u00fdm, na akom mieste v celkovom porad\u00ed sa nach\u00e1dza l\u00edder t\u00edmu. <strong>Skoro v\u0161etci vodi\u010di<\/strong> (dokonca aj v pr\u00edpade Mavic-u) <strong>s\u00fa b\u00fdval\u00fdmi profesion\u00e1lnymi cyklistami<\/strong>. D\u00f4vodom je ich intuit\u00edvne spr\u00e1vanie sa pri pohybe v bl\u00edzkosti cyklistov. Niekedy je komplikovan\u00e9 dosta\u0165 sa k cyklistovi, ktor\u00fd m\u00e1 probl\u00e9my. V takejto situ\u00e1cii je najd\u00f4le\u017eitej\u0161\u00edm aspektom rozumie\u0165 pohybu pelot\u00f3nu a ostatn\u00fdch \u00fa\u010dastn\u00edkov pretekov, ke\u010f\u017ee ka\u017ed\u00e1 sekunda je drah\u00e1 \u2013 \u010di u\u017e ide o zranenia alebo stratu v celkovej klasifik\u00e1cii.<\/p>\n<p>\u010cerven\u00e9 auto riadite\u013ea pretekov udr\u017euje pohyb a poz\u00edciu tak vozidiel Mavic-u, ako aj t\u00edmov\u00fdch \u00e1ut prostredn\u00edctvom u\u017e spom\u00ednan\u00fdch technologicky prepracovan\u00fdch vysiela\u010diek. <strong>Komunik\u00e1cia medzi jednotliv\u00fdmi vozidlami je na prvom mieste<\/strong>, ke\u010f\u017ee p\u00e1dy a \u00faniky musia by\u0165 ozn\u00e1men\u00e9 riadite\u013eovi pretekov, ktor\u00fd n\u00e1sledne m\u00f4\u017ee dovoli\u0165 podporn\u00fdm vozidl\u00e1m presun\u00fa\u0165 sa za \u010deln\u00fa skupinu, alebo ich z tejto poz\u00edcie odvola\u0165.<\/p>\n<p><a href=\"https:\/\/d2p6e6u75xmxt8.cloudfront.net\/4\/2019\/07\/IMG_0848-1024x575-1.jpg\"><img loading=\"lazy\" decoding=\"async\" class=\"alignnone size-full wp-image-7720\" src=\"https:\/\/d2p6e6u75xmxt8.cloudfront.net\/4\/2019\/07\/IMG_0848-1024x575-1.jpg\" alt=\"\" width=\"1024\" height=\"575\" \/><\/a><\/p>\n","protected":false},"excerpt":{"rendered":"<p>Jazdci s\u00fa t\u00fdmi, kto rob\u00ed preteky, fan\u00fa\u0161ikovia sa na druhej strane staraj\u00fa o skvel\u00fa atmosf\u00e9ru. Av\u0161ak bez obrovskej podpory zo [&hellip;]<\/p>\n","protected":false},"author":38,"featured_media":7722,"comment_status":"open","ping_status":"open","sticky":false,"template":"","format":"standard","meta":{"footnotes":""},"categories":[4,63,117],"tags":[558,861,275,115,487,306,512,999,539,542,1009,1007,1008,20,810],"global-categories":[],"class_list":["post-7717","post","type-post","status-publish","format-standard","has-post-thumbnail","hentry","category-cestna-cyklisitika","category-grand-tour","category-tour-de-france","tag-558","tag-auto","tag-cesta","tag-cestna-cyklistika","tag-cestny-bicykel","tag-francuzsko","tag-lekarska-pomoc","tag-podpora","tag-pomoc","tag-skoda","tag-skoda-auto","tag-skoda-octavia","tag-skoda-superb","tag-tour-de-france","tag-tour-de-france-2019"],"yoast_head":"<!-- This site is optimized with the Yoast SEO Premium plugin v25.3 (Yoast SEO v25.9) - https:\/\/yoast.com\/wordpress\/plugins\/seo\/ -->\n<title>Aut\u00e1 na Tour de France 2019 - \u0160koda We Love Cycling Slovensko<\/title>\n<meta name=\"robots\" content=\"index, follow, max-snippet:-1, max-image-preview:large, max-video-preview:-1\" \/>\n<link rel=\"canonical\" href=\"https:\/\/www.welovecycling.com\/sk\/2019\/07\/05\/auta-tour-de-france-2019\/\" \/>\n<meta property=\"og:locale\" content=\"sk_SK\" \/>\n<meta property=\"og:type\" content=\"article\" \/>\n<meta property=\"og:title\" content=\"Aut\u00e1 na Tour de France 2019\" \/>\n<meta property=\"og:description\" content=\"Jazdci s\u00fa t\u00fdmi, kto rob\u00ed preteky, fan\u00fa\u0161ikovia sa na druhej strane staraj\u00fa o skvel\u00fa atmosf\u00e9ru. Av\u0161ak bez obrovskej podpory zo [&hellip;]\" \/>\n<meta property=\"og:url\" content=\"https:\/\/www.welovecycling.com\/sk\/2019\/07\/05\/auta-tour-de-france-2019\/\" \/>\n<meta property=\"og:site_name\" content=\"\u0160koda We Love Cycling Slovensko\" \/>\n<meta property=\"article:published_time\" content=\"2019-07-05T08:07:35+00:00\" \/>\n<meta property=\"article:modified_time\" content=\"2019-07-10T07:43:25+00:00\" \/>\n<meta property=\"og:image\" content=\"https:\/\/d2p6e6u75xmxt8.cloudfront.net\/4\/2019\/07\/profimedia-0379177667-1.webp\" \/>\n\t<meta property=\"og:image:width\" content=\"1366\" \/>\n\t<meta property=\"og:image:height\" content=\"600\" \/>\n\t<meta property=\"og:image:type\" content=\"image\/webp\" \/>\n<meta name=\"author\" content=\"Ondrej Ga\u0161par\" \/>\n<meta name=\"twitter:card\" content=\"summary_large_image\" \/>\n<meta name=\"twitter:label1\" content=\"Written by\" \/>\n\t<meta name=\"twitter:data1\" content=\"WeLoveCycling\" \/>\n\t<meta name=\"twitter:label2\" content=\"Est. reading time\" \/>\n\t<meta name=\"twitter:data2\" content=\"5\" \/>\n<script type=\"application\/ld+json\" class=\"yoast-schema-graph\">{\"@context\":\"https:\/\/schema.org\",\"@graph\":[{\"@type\":\"WebPage\",\"@id\":\"https:\/\/www.welovecycling.com\/sk\/2019\/07\/05\/auta-tour-de-france-2019\/\",\"url\":\"https:\/\/www.welovecycling.com\/sk\/2019\/07\/05\/auta-tour-de-france-2019\/\",\"name\":\"Aut\u00e1 na Tour de France 2019 - \u0160koda We Love Cycling Slovensko\",\"isPartOf\":{\"@id\":\"https:\/\/www.welovecycling.com\/sk\/#website\"},\"primaryImageOfPage\":{\"@id\":\"https:\/\/www.welovecycling.com\/sk\/2019\/07\/05\/auta-tour-de-france-2019\/#primaryimage\"},\"image\":{\"@id\":\"https:\/\/www.welovecycling.com\/sk\/2019\/07\/05\/auta-tour-de-france-2019\/#primaryimage\"},\"thumbnailUrl\":\"https:\/\/d2p6e6u75xmxt8.cloudfront.net\/4\/2019\/07\/profimedia-0379177667-1.webp\",\"datePublished\":\"2019-07-05T08:07:35+00:00\",\"dateModified\":\"2019-07-10T07:43:25+00:00\",\"author\":{\"@id\":\"https:\/\/www.welovecycling.com\/sk\/#\/schema\/person\/8ee09ba39b7e25b1870160aa5b3a89bc\"},\"breadcrumb\":{\"@id\":\"https:\/\/www.welovecycling.com\/sk\/2019\/07\/05\/auta-tour-de-france-2019\/#breadcrumb\"},\"inLanguage\":\"sk-SK\",\"potentialAction\":[{\"@type\":\"ReadAction\",\"target\":[\"https:\/\/www.welovecycling.com\/sk\/2019\/07\/05\/auta-tour-de-france-2019\/\"]}]},{\"@type\":\"ImageObject\",\"inLanguage\":\"sk-SK\",\"@id\":\"https:\/\/www.welovecycling.com\/sk\/2019\/07\/05\/auta-tour-de-france-2019\/#primaryimage\",\"url\":\"https:\/\/d2p6e6u75xmxt8.cloudfront.net\/4\/2019\/07\/profimedia-0379177667-1.webp\",\"contentUrl\":\"https:\/\/d2p6e6u75xmxt8.cloudfront.net\/4\/2019\/07\/profimedia-0379177667-1.webp\",\"width\":1366,\"height\":600},{\"@type\":\"BreadcrumbList\",\"@id\":\"https:\/\/www.welovecycling.com\/sk\/2019\/07\/05\/auta-tour-de-france-2019\/#breadcrumb\",\"itemListElement\":[{\"@type\":\"ListItem\",\"position\":1,\"name\":\"Home\",\"item\":\"https:\/\/www.welovecycling.com\/sk\/\"},{\"@type\":\"ListItem\",\"position\":2,\"name\":\"Aut\u00e1 na Tour de France 2019\"}]},{\"@type\":\"WebSite\",\"@id\":\"https:\/\/www.welovecycling.com\/sk\/#website\",\"url\":\"https:\/\/www.welovecycling.com\/sk\/\",\"name\":\"\u0160koda We Love Cycling Slovensko\",\"description\":\"\u0160koda We Love Cycling Slovensko je v\u00e1\u0161 ka\u017edodenn\u00fd zdroj noviniek a in\u0161pir\u00e1cie z sveta cyklistiky\",\"potentialAction\":[{\"@type\":\"SearchAction\",\"target\":{\"@type\":\"EntryPoint\",\"urlTemplate\":\"https:\/\/www.welovecycling.com\/sk\/?s={search_term_string}\"},\"query-input\":{\"@type\":\"PropertyValueSpecification\",\"valueRequired\":true,\"valueName\":\"search_term_string\"}}],\"inLanguage\":\"sk-SK\"},{\"@type\":\"Person\",\"@id\":\"https:\/\/www.welovecycling.com\/sk\/#\/schema\/person\/8ee09ba39b7e25b1870160aa5b3a89bc\",\"name\":\"Ondrej Ga\u0161par\",\"image\":{\"@type\":\"ImageObject\",\"inLanguage\":\"sk-SK\",\"@id\":\"https:\/\/www.welovecycling.com\/sk\/#\/schema\/person\/image\/\",\"url\":\"https:\/\/secure.gravatar.com\/avatar\/6126c9afb87b70da5abbb083ddbb21933da15f18f8ca7cb822aba0fb096a48f6?s=96&d=mm&r=g\",\"contentUrl\":\"https:\/\/secure.gravatar.com\/avatar\/6126c9afb87b70da5abbb083ddbb21933da15f18f8ca7cb822aba0fb096a48f6?s=96&d=mm&r=g\",\"caption\":\"Ondrej Ga\u0161par\"},\"url\":\"https:\/\/www.welovecycling.com\/sk\/author\/ondrejgaspar\/\"}]}<\/script>\n<!-- \/ Yoast SEO Premium plugin. -->","yoast_head_json":{"title":"Aut\u00e1 na Tour de France 2019 - \u0160koda We Love Cycling Slovensko","robots":{"index":"index","follow":"follow","max-snippet":"max-snippet:-1","max-image-preview":"max-image-preview:large","max-video-preview":"max-video-preview:-1"},"canonical":"https:\/\/www.welovecycling.com\/sk\/2019\/07\/05\/auta-tour-de-france-2019\/","og_locale":"sk_SK","og_type":"article","og_title":"Aut\u00e1 na Tour de France 2019","og_description":"Jazdci s\u00fa t\u00fdmi, kto rob\u00ed preteky, fan\u00fa\u0161ikovia sa na druhej strane staraj\u00fa o skvel\u00fa atmosf\u00e9ru. Av\u0161ak bez obrovskej podpory zo [&hellip;]","og_url":"https:\/\/www.welovecycling.com\/sk\/2019\/07\/05\/auta-tour-de-france-2019\/","og_site_name":"\u0160koda We Love Cycling Slovensko","article_published_time":"2019-07-05T08:07:35+00:00","article_modified_time":"2019-07-10T07:43:25+00:00","og_image":[{"width":1366,"height":600,"url":"https:\/\/d2p6e6u75xmxt8.cloudfront.net\/4\/2019\/07\/profimedia-0379177667-1.webp","type":"image\/webp"}],"author":"Ondrej Ga\u0161par","twitter_card":"summary_large_image","twitter_misc":{"Written by":"WeLoveCycling","Est. reading time":"5"},"schema":{"@context":"https:\/\/schema.org","@graph":[{"@type":"WebPage","@id":"https:\/\/www.welovecycling.com\/sk\/2019\/07\/05\/auta-tour-de-france-2019\/","url":"https:\/\/www.welovecycling.com\/sk\/2019\/07\/05\/auta-tour-de-france-2019\/","name":"Aut\u00e1 na Tour de France 2019 - \u0160koda We Love Cycling Slovensko","isPartOf":{"@id":"https:\/\/www.welovecycling.com\/sk\/#website"},"primaryImageOfPage":{"@id":"https:\/\/www.welovecycling.com\/sk\/2019\/07\/05\/auta-tour-de-france-2019\/#primaryimage"},"image":{"@id":"https:\/\/www.welovecycling.com\/sk\/2019\/07\/05\/auta-tour-de-france-2019\/#primaryimage"},"thumbnailUrl":"https:\/\/d2p6e6u75xmxt8.cloudfront.net\/4\/2019\/07\/profimedia-0379177667-1.webp","datePublished":"2019-07-05T08:07:35+00:00","dateModified":"2019-07-10T07:43:25+00:00","author":{"@id":"https:\/\/www.welovecycling.com\/sk\/#\/schema\/person\/8ee09ba39b7e25b1870160aa5b3a89bc"},"breadcrumb":{"@id":"https:\/\/www.welovecycling.com\/sk\/2019\/07\/05\/auta-tour-de-france-2019\/#breadcrumb"},"inLanguage":"sk-SK","potentialAction":[{"@type":"ReadAction","target":["https:\/\/www.welovecycling.com\/sk\/2019\/07\/05\/auta-tour-de-france-2019\/"]}]},{"@type":"ImageObject","inLanguage":"sk-SK","@id":"https:\/\/www.welovecycling.com\/sk\/2019\/07\/05\/auta-tour-de-france-2019\/#primaryimage","url":"https:\/\/d2p6e6u75xmxt8.cloudfront.net\/4\/2019\/07\/profimedia-0379177667-1.webp","contentUrl":"https:\/\/d2p6e6u75xmxt8.cloudfront.net\/4\/2019\/07\/profimedia-0379177667-1.webp","width":1366,"height":600},{"@type":"BreadcrumbList","@id":"https:\/\/www.welovecycling.com\/sk\/2019\/07\/05\/auta-tour-de-france-2019\/#breadcrumb","itemListElement":[{"@type":"ListItem","position":1,"name":"Home","item":"https:\/\/www.welovecycling.com\/sk\/"},{"@type":"ListItem","position":2,"name":"Aut\u00e1 na Tour de France 2019"}]},{"@type":"WebSite","@id":"https:\/\/www.welovecycling.com\/sk\/#website","url":"https:\/\/www.welovecycling.com\/sk\/","name":"\u0160koda We Love Cycling Slovensko","description":"\u0160koda We Love Cycling Slovensko je v\u00e1\u0161 ka\u017edodenn\u00fd zdroj noviniek a in\u0161pir\u00e1cie z sveta cyklistiky","potentialAction":[{"@type":"SearchAction","target":{"@type":"EntryPoint","urlTemplate":"https:\/\/www.welovecycling.com\/sk\/?s={search_term_string}"},"query-input":{"@type":"PropertyValueSpecification","valueRequired":true,"valueName":"search_term_string"}}],"inLanguage":"sk-SK"},{"@type":"Person","@id":"https:\/\/www.welovecycling.com\/sk\/#\/schema\/person\/8ee09ba39b7e25b1870160aa5b3a89bc","name":"Ondrej Ga\u0161par","image":{"@type":"ImageObject","inLanguage":"sk-SK","@id":"https:\/\/www.welovecycling.com\/sk\/#\/schema\/person\/image\/","url":"https:\/\/secure.gravatar.com\/avatar\/6126c9afb87b70da5abbb083ddbb21933da15f18f8ca7cb822aba0fb096a48f6?s=96&d=mm&r=g","contentUrl":"https:\/\/secure.gravatar.com\/avatar\/6126c9afb87b70da5abbb083ddbb21933da15f18f8ca7cb822aba0fb096a48f6?s=96&d=mm&r=g","caption":"Ondrej Ga\u0161par"},"url":"https:\/\/www.welovecycling.com\/sk\/author\/ondrejgaspar\/"}]}},"_links":{"self":[{"href":"https:\/\/www.welovecycling.com\/sk\/wp-json\/wp\/v2\/posts\/7717","targetHints":{"allow":["GET"]}}],"collection":[{"href":"https:\/\/www.welovecycling.com\/sk\/wp-json\/wp\/v2\/posts"}],"about":[{"href":"https:\/\/www.welovecycling.com\/sk\/wp-json\/wp\/v2\/types\/post"}],"author":[{"embeddable":true,"href":"https:\/\/www.welovecycling.com\/sk\/wp-json\/wp\/v2\/users\/38"}],"replies":[{"embeddable":true,"href":"https:\/\/www.welovecycling.com\/sk\/wp-json\/wp\/v2\/comments?post=7717"}],"version-history":[{"count":2,"href":"https:\/\/www.welovecycling.com\/sk\/wp-json\/wp\/v2\/posts\/7717\/revisions"}],"predecessor-version":[{"id":7733,"href":"https:\/\/www.welovecycling.com\/sk\/wp-json\/wp\/v2\/posts\/7717\/revisions\/7733"}],"wp:featuredmedia":[{"embeddable":true,"href":"https:\/\/www.welovecycling.com\/sk\/wp-json\/wp\/v2\/media\/7722"}],"wp:attachment":[{"href":"https:\/\/www.welovecycling.com\/sk\/wp-json\/wp\/v2\/media?parent=7717"}],"wp:term":[{"taxonomy":"category","embeddable":true,"href":"https:\/\/www.welovecycling.com\/sk\/wp-json\/wp\/v2\/categories?post=7717"},{"taxonomy":"post_tag","embeddable":true,"href":"https:\/\/www.welovecycling.com\/sk\/wp-json\/wp\/v2\/tags?post=7717"},{"taxonomy":"global-categories","embeddable":true,"href":"https:\/\/www.welovecycling.com\/sk\/wp-json\/wp\/v2\/global-categories?post=7717"}],"curies":[{"name":"wp","href":"https:\/\/api.w.org\/{rel}","templated":true}]}}