{"id":7692,"date":"2019-07-03T14:34:57","date_gmt":"2019-07-03T12:34:57","guid":{"rendered":"https:\/\/www.welovecycling.com\/sk\/?p=7692"},"modified":"2019-07-10T09:43:16","modified_gmt":"2019-07-10T07:43:16","slug":"na-co-sa-mozeme-tesit-na-tohtorocnej-tour-de-france","status":"publish","type":"post","link":"https:\/\/www.welovecycling.com\/sk\/2019\/07\/03\/na-co-sa-mozeme-tesit-na-tohtorocnej-tour-de-france\/","title":{"rendered":"Na \u010do sa m\u00f4\u017eeme te\u0161i\u0165 na tohtoro\u010dnej Tour de France?"},"content":{"rendered":"<p><strong>U\u017e o\u00a0nieko\u013eko dn\u00ed od\u0161tartuj\u00fa druh\u00e9 z\u00a0trojice trojt\u00fd\u017ed\u0148ov\u00fdch etapov\u00fdch pretekov. Tentoraz sa presunieme z\u00a0Talianska do Franc\u00fazska. O\u00a0tom, \u017ee to bude op\u00e4\u0165 nap\u00ednav\u00fd mesiac, n\u00e1s presved\u010dia aj zauj\u00edmavosti z\u00a0trate, ktor\u00e9 v\u00e1m teraz prin\u00e1\u0161ame.<\/strong><!--more--><\/p>\n<p><a href=\"https:\/\/d2p6e6u75xmxt8.cloudfront.net\/4\/2019\/07\/01.jpg\"><img loading=\"lazy\" decoding=\"async\" src=\"https:\/\/d2p6e6u75xmxt8.cloudfront.net\/4\/2019\/07\/01.jpg\" alt=\"\" width=\"1200\" height=\"800\" class=\"alignnone size-full wp-image-7705\" \/><\/a><\/p>\n<h2><strong>\u0160pecifick\u00e1 zostava et\u00e1p \u2013 \u010dasovky, kopce a\u00a0pomenej rovinat\u00fdch dn\u00ed<\/strong><\/h2>\n<p>Po minuloro\u010dnom prekvapen\u00ed v\u00a0podobe jednej ultra-kr\u00e1tkej etapy s\u00a0\u010d\u00edslom 17, ktor\u00e1 merala len 65 km, ale jej profil nebol ni\u010d\u00edm podobn\u00fdm nede\u013e\u0148aj\u0161iemu v\u00fdjazdu, sa tentokr\u00e1t nie\u010doho podobn\u00e9ho nedo\u010dk\u00e1me.<\/p>\n<p>I\u00a0ke\u010f sa n\u00e1m zmen\u00ed krajina \u0161tartu Tour, v\u00e4\u010d\u0161ina et\u00e1p sa bude kona\u0165 na \u00fazem\u00ed Franc\u00fazska. T\u00e1to spom\u00ednan\u00e1 \u00faprava znamen\u00e1 len to\u013eko, \u017ee <strong>prv\u00e9 3 etapy bud\u00fa za\u010d\u00edna\u0165 a (okrem poslednej z\u00a0nich) aj kon\u010di\u0165 v\u00a0Belgicku<\/strong>. Je to dan\u00e9 trad\u00edciou s\u00a0hlbok\u00fdmi kore\u0148mi \u2013 naposledy sme videli \u0161tartova\u0165 jazdcov v\u00a0Nemecku po\u010das Tour 2017.<\/p>\n<p>Ak hovor\u00edme o\u00a0celkovom profile Tour, sn\u00e1\u010f najhlavnej\u0161\u00edmi \u00fadajmi s\u00fa <strong>prejden\u00e9 kilometre<\/strong>. T\u00fdch jazdci bud\u00fa musie\u0165 zdola\u0165 hne\u010f <strong>3 460<\/strong>. Navy\u0161e sa po\u010das 106. ro\u010dn\u00edka vydaj\u00fa aj na viacer\u00e9 st\u00fapania, ktor\u00e9 svojou v\u00fd\u0161kou zna\u010dne prekra\u010duj\u00fa 2 000 m n.m. Ide napr\u00edklad o\u00a0<strong>Col de I\u00b4Iseran<\/strong> vo v\u00fd\u0161ke 2 758 m n.m., sl\u00e1vny <strong>Col du Galibier<\/strong> v\u00a0 2619 m n.m. alebo <strong>Col d\u00b4Izoard<\/strong> vo v\u00fd\u0161ke 2 361 m n.m. Samozrejme, jazdci neza\u010d\u00ednaj\u00fa ka\u017ed\u00e9 z\u00a0nich z\u00a0\u00farovne mora, av\u0161ak pr\u00e1ve narastaj\u00faca nadmorsk\u00e1 v\u00fd\u0161ka s\u0165a\u017euje priemern\u00fa schopnos\u0165 pretek\u00e1rov prekon\u00e1va\u0165 st\u00fapania. Najhlavnej\u0161\u00edm aspektom je redn\u00faci vzduch, teda \u00farove\u0148 kysl\u00edka, a\u00a0t\u00fdm aj za\u0165a\u017eenie organizmu pri jeho prij\u00edman\u00ed.<\/p>\n<p><a href=\"https:\/\/d2p6e6u75xmxt8.cloudfront.net\/4\/2019\/07\/02-1.jpg\"><img loading=\"lazy\" decoding=\"async\" src=\"https:\/\/d2p6e6u75xmxt8.cloudfront.net\/4\/2019\/07\/02-1.jpg\" alt=\"\" width=\"1200\" height=\"800\" class=\"alignnone size-full wp-image-7704\" \/><\/a><\/p>\n<p><strong>Zoznam vrch\u00e1rov<\/strong>, ktor\u00ed sa bud\u00fa sna\u017ei\u0165 uchmatn\u00fa\u0165 si \u010do i\u00a0len jedno etapov\u00e9 v\u00ed\u0165azstvo, <strong>je \u0161irok\u00fd<\/strong>. Okrem t\u00fdch, ktor\u00ed a\u0161piruj\u00fa na celkov\u00e9 poradie, a\u00a0teda v\u00ed\u0165azstvo \u017elt\u00e9ho dresu, sa v\u00a0zozname mo\u017en\u00fdch adeptov nach\u00e1dzaj\u00fa men\u00e1 ako M. Kwiatkowski s\u00a0kolegom E. Bernalom, T. Wellens, v\u00ed\u0165az minuloro\u010dn\u00e9ho bodkovan\u00e9ho dresu pre najlep\u0161ieho vrch\u00e1ra, J. Alaphilippe, A. Lutsenko \u010di F. Aru.<\/p>\n<p>Oproti minuloro\u010dnej Tour sa \u00favodn\u00e9 etapy nebud\u00fa nies\u0165 v\u00a0r\u00fddzo rovinat\u00fdch a\u00a02 zvlnen\u00fdch, s\u00fa\u010dasn\u00fd ro\u010dn\u00edk n\u00e1m pon\u00fakne len <strong>1 rovinat\u00fa, 7 zvlnen\u00fdch a\u00a01 horsk\u00fa<\/strong>. Lep\u0161ie to nebude ani po\u010das \u010fal\u0161\u00edch dvoch blokov. Tu sa do\u010dk\u00e1me u\u017e len jednej rovinatej etapy s\u00a0\u010d\u00edslom 13 a\u00a0poslednej, 21., mieriacej do Par\u00ed\u017ea. Tak\u00fdto profil napoved\u00e1, \u017ee \u0161print\u00e9ri, ktor\u00ed nebud\u00fa ma\u0165 dostato\u010dn\u00fa podporu t\u00edmu alebo nie s\u00fa pripraven\u00ed udr\u017ea\u0165 krok po\u010das men\u0161\u00edch st\u00fapan\u00ed, nemaj\u00fa pr\u00edli\u0161 ve\u013ek\u00fa \u0161ancu pre zisk etapov\u00e9ho v\u00ed\u0165azstva.<\/p>\n<p>Pre \u00faplnos\u0165, medzi <strong>\u0161print\u00e9rov<\/strong>, ktor\u00ed bud\u00fa participova\u0165 na tohtoro\u010dnej Tour, patria men\u00e1 ako P. Sagan, E. Viviani, A. Kristoff, D. Groenewegen, M. Matthews, C. Ewan alebo A. Greipel. Samozrejme, tento zoznam obsahuje e\u0161te viacero zvu\u010dn\u00fdch mien, ale pr\u00e1ve t\u00edto jazdci by mali ma\u0165 najv\u00e4\u010d\u0161ie \u0161ance pre zisk etapy, respekt\u00edve zelen\u00e9ho dresu. Ot\u00e1zkou ost\u00e1va, ako sa dok\u00e1\u017eu po\u010das troch t\u00fd\u017ed\u0148ov pretekania popasova\u0165 s\u00a0n\u00e1ro\u010dnos\u0165ou jednotliv\u00fdch dn\u00ed.<\/p>\n<p><a href=\"https:\/\/d2p6e6u75xmxt8.cloudfront.net\/4\/2019\/07\/03.jpg\"><img loading=\"lazy\" decoding=\"async\" src=\"https:\/\/d2p6e6u75xmxt8.cloudfront.net\/4\/2019\/07\/03.jpg\" alt=\"\" width=\"1200\" height=\"800\" class=\"alignnone size-full wp-image-7703\" \/><\/a><\/p>\n<p>\u010co by to bol za \u00favodn\u00edk, ak by sme opomenuli <strong>\u0161ance n\u00e1\u0161ho Petra Sagana<\/strong>? Ten sa po posledn\u00fdch pretekoch Okolo \u0160vaj\u010diarska c\u00edti v\u00a0dobrej forme. O\u00a0pravdivosti tohto tvrdenia hovor\u00ed aj v\u00fdsledkov\u00e1 listina z\u00a0tohto podujatia, v\u00a0ktorej figuruje na prvej prie\u010dke v\u00a0bodovacej s\u00fa\u0165a\u017ei. Naviac si na svoje konto prip\u00edsal aj v\u00ed\u0165azn\u00fa etapu.<\/p>\n<p>\u010co sa t\u00fdka Tour, pr\u00e1ve <strong>zvlnen\u00e9 etapy by mali by\u0165 t\u00fdm prav\u00fdm orechov\u00fdm pre Petra<\/strong>. Ke\u010f\u017ee ich je skuto\u010dne po\u017eehnane, napr\u00edklad etapy s\u00a0\u010d\u00edslom 1, 3, 4, 5, 7, 8, 9, 10, 11, 16 a\u00a017, Sagan m\u00e1 v\u00fdborn\u00fa \u0161ancu prekvapi\u0165 \u201e\u010distokrvn\u00fdch\u201c \u0161print\u00e9rov v\u00a0st\u00fapav\u00fdch dojazdoch alebo v\u00a0niektorom z\u00a0krat\u0161\u00edch st\u00fapan\u00ed pred cie\u013eovou p\u00e1skou.<\/p>\n<p>Poslednou kateg\u00f3riou et\u00e1p s\u00fa \u010dasovky. V\u00a0ro\u010dn\u00edku 2019 n\u00e1m organiz\u00e1tori pripravili dvojicu: <strong>jednu t\u00edmov\u00fa \u010dasovku po\u010das 2. etapy v\u00a0Belgicku a\u00a0jednu individu\u00e1lnu \u010dasovku v\u00a0strede druh\u00e9ho celku, teda ako 13. etapu<\/strong>. Obidve s\u00fa charakterovo podobn\u00e9 \u2013 ich d\u013a\u017eka je 27,6 km, respekt\u00edve 27,2 km s\u00a0rovinat\u00fdm profilom.<\/p>\n<p>T\u00edmov\u00e1 \u010dasovka by mala by\u0165 <strong>bojom medzi t\u00edmom INEOS, Bahrain Merida a\u00a0Sunwebom<\/strong>. V\u00a0pr\u00edpade individu\u00e1lnej u\u017e po\u010det favoritov narast\u00e1. Asi najpravdepodobnej\u0161\u00edm scen\u00e1rom je v\u00ed\u0165azstvo R. Dennisa, aj ke\u010f sa po\u010das tohtosez\u00f3nnych 6 et\u00e1p s\u00a0ozna\u010den\u00edm ako individu\u00e1lne \u010dasovky presadil iba raz (najlep\u0161\u00edm v\u00fdsledkom bolo 1. miesto na Okolo \u0160vaj\u010diarska). Dobr\u00e9 v\u00fdsledky na rovnak\u00fdch pretekoch zaznamenal aj Y. Lampaert alebo K. Asgreen. \u010eal\u0161\u00edm ukazovate\u013eom bolo Crit\u00e9rium du Dauphin\u00e9, kde bodoval W. Van Aert a\u00a0T. Van Garderen.<\/p>\n<p>Nu\u017e, koloto\u010d \u201cStarej d\u00e1my\u201d sa \u010doskoro rozto\u010d\u00ed, tak sa nechajme prekvapi\u0165, \u010do zauj\u00edmav\u00e9 n\u00e1m prinesie.<\/p>\n<p>(zdroj foto: Fb\/Tour de France)<\/p>\n","protected":false},"excerpt":{"rendered":"<p>U\u017e o\u00a0nieko\u013eko dn\u00ed od\u0161tartuj\u00fa druh\u00e9 z\u00a0trojice trojt\u00fd\u017ed\u0148ov\u00fdch etapov\u00fdch pretekov. Tentoraz sa presunieme z\u00a0Talianska do Franc\u00fazska. O\u00a0tom, \u017ee to bude op\u00e4\u0165 [&hellip;]<\/p>\n","protected":false},"author":38,"featured_media":7709,"comment_status":"open","ping_status":"open","sticky":false,"template":"","format":"standard","meta":{"footnotes":""},"categories":[4,63,117],"tags":[421,160,227,275,115,487,961,331,306,941,176,46,179,1006,602,20,810,748],"global-categories":[],"class_list":["post-7692","post","type-post","status-publish","format-standard","has-post-thumbnail","hentry","category-cestna-cyklisitika","category-grand-tour","category-tour-de-france","tag-belgicko","tag-bora-hansgrohe","tag-casovka","tag-cesta","tag-cestna-cyklistika","tag-cestny-bicykel","tag-etapa","tag-etapove-preteky","tag-francuzsko","tag-jazda-v-pelotone","tag-peloton","tag-peter-sagan","tag-preteky","tag-sprinter","tag-sunweb","tag-tour-de-france","tag-tour-de-france-2019","tag-vrchar"],"yoast_head":"<!-- This site is optimized with the Yoast SEO Premium plugin v25.3 (Yoast SEO v25.9) - https:\/\/yoast.com\/wordpress\/plugins\/seo\/ -->\n<title>Na \u010do sa m\u00f4\u017eeme te\u0161i\u0165 na tohtoro\u010dnej Tour de France? - \u0160koda We Love Cycling Slovensko<\/title>\n<meta name=\"robots\" content=\"index, follow, max-snippet:-1, max-image-preview:large, max-video-preview:-1\" \/>\n<link rel=\"canonical\" href=\"https:\/\/www.welovecycling.com\/sk\/2019\/07\/03\/na-co-sa-mozeme-tesit-na-tohtorocnej-tour-de-france\/\" \/>\n<meta property=\"og:locale\" content=\"sk_SK\" \/>\n<meta property=\"og:type\" content=\"article\" \/>\n<meta property=\"og:title\" content=\"Na \u010do sa m\u00f4\u017eeme te\u0161i\u0165 na tohtoro\u010dnej Tour de France?\" \/>\n<meta property=\"og:description\" content=\"U\u017e o\u00a0nieko\u013eko dn\u00ed od\u0161tartuj\u00fa druh\u00e9 z\u00a0trojice trojt\u00fd\u017ed\u0148ov\u00fdch etapov\u00fdch pretekov. Tentoraz sa presunieme z\u00a0Talianska do Franc\u00fazska. O\u00a0tom, \u017ee to bude op\u00e4\u0165 [&hellip;]\" \/>\n<meta property=\"og:url\" content=\"https:\/\/www.welovecycling.com\/sk\/2019\/07\/03\/na-co-sa-mozeme-tesit-na-tohtorocnej-tour-de-france\/\" \/>\n<meta property=\"og:site_name\" content=\"\u0160koda We Love Cycling Slovensko\" \/>\n<meta property=\"article:published_time\" content=\"2019-07-03T12:34:57+00:00\" \/>\n<meta property=\"article:modified_time\" content=\"2019-07-10T07:43:16+00:00\" \/>\n<meta property=\"og:image\" content=\"https:\/\/d2p6e6u75xmxt8.cloudfront.net\/4\/2019\/07\/00.webp\" \/>\n\t<meta property=\"og:image:width\" content=\"1380\" \/>\n\t<meta property=\"og:image:height\" content=\"600\" \/>\n\t<meta property=\"og:image:type\" content=\"image\/webp\" \/>\n<meta name=\"author\" content=\"Ondrej Ga\u0161par\" \/>\n<meta name=\"twitter:card\" content=\"summary_large_image\" \/>\n<meta name=\"twitter:label1\" content=\"Written by\" \/>\n\t<meta name=\"twitter:data1\" content=\"We Love Cycling\" \/>\n\t<meta name=\"twitter:label2\" content=\"Est. reading time\" \/>\n\t<meta name=\"twitter:data2\" content=\"5\" \/>\n<script type=\"application\/ld+json\" class=\"yoast-schema-graph\">{\"@context\":\"https:\/\/schema.org\",\"@graph\":[{\"@type\":\"WebPage\",\"@id\":\"https:\/\/www.welovecycling.com\/sk\/2019\/07\/03\/na-co-sa-mozeme-tesit-na-tohtorocnej-tour-de-france\/\",\"url\":\"https:\/\/www.welovecycling.com\/sk\/2019\/07\/03\/na-co-sa-mozeme-tesit-na-tohtorocnej-tour-de-france\/\",\"name\":\"Na \u010do sa m\u00f4\u017eeme te\u0161i\u0165 na tohtoro\u010dnej Tour de France? - \u0160koda We Love Cycling Slovensko\",\"isPartOf\":{\"@id\":\"https:\/\/www.welovecycling.com\/sk\/#website\"},\"primaryImageOfPage\":{\"@id\":\"https:\/\/www.welovecycling.com\/sk\/2019\/07\/03\/na-co-sa-mozeme-tesit-na-tohtorocnej-tour-de-france\/#primaryimage\"},\"image\":{\"@id\":\"https:\/\/www.welovecycling.com\/sk\/2019\/07\/03\/na-co-sa-mozeme-tesit-na-tohtorocnej-tour-de-france\/#primaryimage\"},\"thumbnailUrl\":\"https:\/\/d2p6e6u75xmxt8.cloudfront.net\/4\/2019\/07\/00.webp\",\"datePublished\":\"2019-07-03T12:34:57+00:00\",\"dateModified\":\"2019-07-10T07:43:16+00:00\",\"author\":{\"@id\":\"https:\/\/www.welovecycling.com\/sk\/#\/schema\/person\/8ee09ba39b7e25b1870160aa5b3a89bc\"},\"breadcrumb\":{\"@id\":\"https:\/\/www.welovecycling.com\/sk\/2019\/07\/03\/na-co-sa-mozeme-tesit-na-tohtorocnej-tour-de-france\/#breadcrumb\"},\"inLanguage\":\"sk-SK\",\"potentialAction\":[{\"@type\":\"ReadAction\",\"target\":[\"https:\/\/www.welovecycling.com\/sk\/2019\/07\/03\/na-co-sa-mozeme-tesit-na-tohtorocnej-tour-de-france\/\"]}]},{\"@type\":\"ImageObject\",\"inLanguage\":\"sk-SK\",\"@id\":\"https:\/\/www.welovecycling.com\/sk\/2019\/07\/03\/na-co-sa-mozeme-tesit-na-tohtorocnej-tour-de-france\/#primaryimage\",\"url\":\"https:\/\/d2p6e6u75xmxt8.cloudfront.net\/4\/2019\/07\/00.webp\",\"contentUrl\":\"https:\/\/d2p6e6u75xmxt8.cloudfront.net\/4\/2019\/07\/00.webp\",\"width\":1380,\"height\":600},{\"@type\":\"BreadcrumbList\",\"@id\":\"https:\/\/www.welovecycling.com\/sk\/2019\/07\/03\/na-co-sa-mozeme-tesit-na-tohtorocnej-tour-de-france\/#breadcrumb\",\"itemListElement\":[{\"@type\":\"ListItem\",\"position\":1,\"name\":\"Home\",\"item\":\"https:\/\/www.welovecycling.com\/sk\/\"},{\"@type\":\"ListItem\",\"position\":2,\"name\":\"Na \u010do sa m\u00f4\u017eeme te\u0161i\u0165 na tohtoro\u010dnej Tour de France?\"}]},{\"@type\":\"WebSite\",\"@id\":\"https:\/\/www.welovecycling.com\/sk\/#website\",\"url\":\"https:\/\/www.welovecycling.com\/sk\/\",\"name\":\"\u0160koda We Love Cycling Slovensko\",\"description\":\"\u0160koda We Love Cycling Slovensko je v\u00e1\u0161 ka\u017edodenn\u00fd zdroj noviniek a in\u0161pir\u00e1cie z sveta cyklistiky\",\"potentialAction\":[{\"@type\":\"SearchAction\",\"target\":{\"@type\":\"EntryPoint\",\"urlTemplate\":\"https:\/\/www.welovecycling.com\/sk\/?s={search_term_string}\"},\"query-input\":{\"@type\":\"PropertyValueSpecification\",\"valueRequired\":true,\"valueName\":\"search_term_string\"}}],\"inLanguage\":\"sk-SK\"},{\"@type\":\"Person\",\"@id\":\"https:\/\/www.welovecycling.com\/sk\/#\/schema\/person\/8ee09ba39b7e25b1870160aa5b3a89bc\",\"name\":\"Ondrej Ga\u0161par\",\"image\":{\"@type\":\"ImageObject\",\"inLanguage\":\"sk-SK\",\"@id\":\"https:\/\/www.welovecycling.com\/sk\/#\/schema\/person\/image\/\",\"url\":\"https:\/\/secure.gravatar.com\/avatar\/6126c9afb87b70da5abbb083ddbb21933da15f18f8ca7cb822aba0fb096a48f6?s=96&d=mm&r=g\",\"contentUrl\":\"https:\/\/secure.gravatar.com\/avatar\/6126c9afb87b70da5abbb083ddbb21933da15f18f8ca7cb822aba0fb096a48f6?s=96&d=mm&r=g\",\"caption\":\"Ondrej Ga\u0161par\"},\"url\":\"https:\/\/www.welovecycling.com\/sk\/author\/ondrejgaspar\/\"}]}<\/script>\n<!-- \/ Yoast SEO Premium plugin. -->","yoast_head_json":{"title":"Na \u010do sa m\u00f4\u017eeme te\u0161i\u0165 na tohtoro\u010dnej Tour de France? - \u0160koda We Love Cycling Slovensko","robots":{"index":"index","follow":"follow","max-snippet":"max-snippet:-1","max-image-preview":"max-image-preview:large","max-video-preview":"max-video-preview:-1"},"canonical":"https:\/\/www.welovecycling.com\/sk\/2019\/07\/03\/na-co-sa-mozeme-tesit-na-tohtorocnej-tour-de-france\/","og_locale":"sk_SK","og_type":"article","og_title":"Na \u010do sa m\u00f4\u017eeme te\u0161i\u0165 na tohtoro\u010dnej Tour de France?","og_description":"U\u017e o\u00a0nieko\u013eko dn\u00ed od\u0161tartuj\u00fa druh\u00e9 z\u00a0trojice trojt\u00fd\u017ed\u0148ov\u00fdch etapov\u00fdch pretekov. Tentoraz sa presunieme z\u00a0Talianska do Franc\u00fazska. O\u00a0tom, \u017ee to bude op\u00e4\u0165 [&hellip;]","og_url":"https:\/\/www.welovecycling.com\/sk\/2019\/07\/03\/na-co-sa-mozeme-tesit-na-tohtorocnej-tour-de-france\/","og_site_name":"\u0160koda We Love Cycling Slovensko","article_published_time":"2019-07-03T12:34:57+00:00","article_modified_time":"2019-07-10T07:43:16+00:00","og_image":[{"width":1380,"height":600,"url":"https:\/\/d2p6e6u75xmxt8.cloudfront.net\/4\/2019\/07\/00.webp","type":"image\/webp"}],"author":"Ondrej Ga\u0161par","twitter_card":"summary_large_image","twitter_misc":{"Written by":"We Love Cycling","Est. reading time":"5"},"schema":{"@context":"https:\/\/schema.org","@graph":[{"@type":"WebPage","@id":"https:\/\/www.welovecycling.com\/sk\/2019\/07\/03\/na-co-sa-mozeme-tesit-na-tohtorocnej-tour-de-france\/","url":"https:\/\/www.welovecycling.com\/sk\/2019\/07\/03\/na-co-sa-mozeme-tesit-na-tohtorocnej-tour-de-france\/","name":"Na \u010do sa m\u00f4\u017eeme te\u0161i\u0165 na tohtoro\u010dnej Tour de France? - \u0160koda We Love Cycling Slovensko","isPartOf":{"@id":"https:\/\/www.welovecycling.com\/sk\/#website"},"primaryImageOfPage":{"@id":"https:\/\/www.welovecycling.com\/sk\/2019\/07\/03\/na-co-sa-mozeme-tesit-na-tohtorocnej-tour-de-france\/#primaryimage"},"image":{"@id":"https:\/\/www.welovecycling.com\/sk\/2019\/07\/03\/na-co-sa-mozeme-tesit-na-tohtorocnej-tour-de-france\/#primaryimage"},"thumbnailUrl":"https:\/\/d2p6e6u75xmxt8.cloudfront.net\/4\/2019\/07\/00.webp","datePublished":"2019-07-03T12:34:57+00:00","dateModified":"2019-07-10T07:43:16+00:00","author":{"@id":"https:\/\/www.welovecycling.com\/sk\/#\/schema\/person\/8ee09ba39b7e25b1870160aa5b3a89bc"},"breadcrumb":{"@id":"https:\/\/www.welovecycling.com\/sk\/2019\/07\/03\/na-co-sa-mozeme-tesit-na-tohtorocnej-tour-de-france\/#breadcrumb"},"inLanguage":"sk-SK","potentialAction":[{"@type":"ReadAction","target":["https:\/\/www.welovecycling.com\/sk\/2019\/07\/03\/na-co-sa-mozeme-tesit-na-tohtorocnej-tour-de-france\/"]}]},{"@type":"ImageObject","inLanguage":"sk-SK","@id":"https:\/\/www.welovecycling.com\/sk\/2019\/07\/03\/na-co-sa-mozeme-tesit-na-tohtorocnej-tour-de-france\/#primaryimage","url":"https:\/\/d2p6e6u75xmxt8.cloudfront.net\/4\/2019\/07\/00.webp","contentUrl":"https:\/\/d2p6e6u75xmxt8.cloudfront.net\/4\/2019\/07\/00.webp","width":1380,"height":600},{"@type":"BreadcrumbList","@id":"https:\/\/www.welovecycling.com\/sk\/2019\/07\/03\/na-co-sa-mozeme-tesit-na-tohtorocnej-tour-de-france\/#breadcrumb","itemListElement":[{"@type":"ListItem","position":1,"name":"Home","item":"https:\/\/www.welovecycling.com\/sk\/"},{"@type":"ListItem","position":2,"name":"Na \u010do sa m\u00f4\u017eeme te\u0161i\u0165 na tohtoro\u010dnej Tour de France?"}]},{"@type":"WebSite","@id":"https:\/\/www.welovecycling.com\/sk\/#website","url":"https:\/\/www.welovecycling.com\/sk\/","name":"\u0160koda We Love Cycling Slovensko","description":"\u0160koda We Love Cycling Slovensko je v\u00e1\u0161 ka\u017edodenn\u00fd zdroj noviniek a in\u0161pir\u00e1cie z sveta cyklistiky","potentialAction":[{"@type":"SearchAction","target":{"@type":"EntryPoint","urlTemplate":"https:\/\/www.welovecycling.com\/sk\/?s={search_term_string}"},"query-input":{"@type":"PropertyValueSpecification","valueRequired":true,"valueName":"search_term_string"}}],"inLanguage":"sk-SK"},{"@type":"Person","@id":"https:\/\/www.welovecycling.com\/sk\/#\/schema\/person\/8ee09ba39b7e25b1870160aa5b3a89bc","name":"Ondrej Ga\u0161par","image":{"@type":"ImageObject","inLanguage":"sk-SK","@id":"https:\/\/www.welovecycling.com\/sk\/#\/schema\/person\/image\/","url":"https:\/\/secure.gravatar.com\/avatar\/6126c9afb87b70da5abbb083ddbb21933da15f18f8ca7cb822aba0fb096a48f6?s=96&d=mm&r=g","contentUrl":"https:\/\/secure.gravatar.com\/avatar\/6126c9afb87b70da5abbb083ddbb21933da15f18f8ca7cb822aba0fb096a48f6?s=96&d=mm&r=g","caption":"Ondrej Ga\u0161par"},"url":"https:\/\/www.welovecycling.com\/sk\/author\/ondrejgaspar\/"}]}},"_links":{"self":[{"href":"https:\/\/www.welovecycling.com\/sk\/wp-json\/wp\/v2\/posts\/7692","targetHints":{"allow":["GET"]}}],"collection":[{"href":"https:\/\/www.welovecycling.com\/sk\/wp-json\/wp\/v2\/posts"}],"about":[{"href":"https:\/\/www.welovecycling.com\/sk\/wp-json\/wp\/v2\/types\/post"}],"author":[{"embeddable":true,"href":"https:\/\/www.welovecycling.com\/sk\/wp-json\/wp\/v2\/users\/38"}],"replies":[{"embeddable":true,"href":"https:\/\/www.welovecycling.com\/sk\/wp-json\/wp\/v2\/comments?post=7692"}],"version-history":[{"count":2,"href":"https:\/\/www.welovecycling.com\/sk\/wp-json\/wp\/v2\/posts\/7692\/revisions"}],"predecessor-version":[{"id":7711,"href":"https:\/\/www.welovecycling.com\/sk\/wp-json\/wp\/v2\/posts\/7692\/revisions\/7711"}],"wp:featuredmedia":[{"embeddable":true,"href":"https:\/\/www.welovecycling.com\/sk\/wp-json\/wp\/v2\/media\/7709"}],"wp:attachment":[{"href":"https:\/\/www.welovecycling.com\/sk\/wp-json\/wp\/v2\/media?parent=7692"}],"wp:term":[{"taxonomy":"category","embeddable":true,"href":"https:\/\/www.welovecycling.com\/sk\/wp-json\/wp\/v2\/categories?post=7692"},{"taxonomy":"post_tag","embeddable":true,"href":"https:\/\/www.welovecycling.com\/sk\/wp-json\/wp\/v2\/tags?post=7692"},{"taxonomy":"global-categories","embeddable":true,"href":"https:\/\/www.welovecycling.com\/sk\/wp-json\/wp\/v2\/global-categories?post=7692"}],"curies":[{"name":"wp","href":"https:\/\/api.w.org\/{rel}","templated":true}]}}