{"id":7655,"date":"2019-07-01T15:06:08","date_gmt":"2019-07-01T13:06:08","guid":{"rendered":"https:\/\/www.welovecycling.com\/sk\/?p=7655"},"modified":"2019-07-02T10:41:49","modified_gmt":"2019-07-02T08:41:49","slug":"ako-dopadli-majstrovstva-slovenska-v-cestnej-cyklistike","status":"publish","type":"post","link":"https:\/\/www.welovecycling.com\/sk\/2019\/07\/01\/ako-dopadli-majstrovstva-slovenska-v-cestnej-cyklistike\/","title":{"rendered":"Ako dopadli majstrovstv\u00e1 Slovenska v cestnej cyklistike?"},"content":{"rendered":"<p><strong>Trnava sa minul\u00fd t\u00fd\u017ede\u0148 stala na chv\u00ed\u013eu centrom slovensk\u00e9ho \u0161portu, konkr\u00e9tne cestnej cyklistiky. Pretek\u00e1ri z \u010ceskej a Slovenskej republiky sa stretli, aby bojovali o n\u00e1rodn\u00e9 tituly. Kto sa nakoniec stal v\u00ed\u0165azom?<\/strong><!--more--><\/p>\n<p>Trad\u00edcia spojen\u00fdch majstrovstiev \u010ceskej a Slovenskej republiky m\u00e1 u\u017e nejak\u00fd ten rok. Po\u010das svojej hist\u00f3rie videla po\u010detn\u00e9 \u0161tarty tak na na\u0161ej, ako aj susednej p\u00f4de. Pr\u00e1ve ro\u010dn\u00edk 2019 pripadol v prospech slovensk\u00fdch organiz\u00e1torov, ktor\u00ed si za \u0161tartov\u00e9 a cie\u013eov\u00e9 miesto zvolili Trnavu. Ak ste zvedav\u00ed, ako vyzerala samotn\u00e1 tra\u0165, pre\u010d\u00edtajte si \u010dl\u00e1nok o <a href=\"https:\/\/www.welovecycling.com\/sk\/2019\/06\/21\/ako-budu-vyzerat-majstrovstva-slovenska-v-cestnej-cyklistike\/\" rel=\"noopener\" target=\"_blank\">nej<\/a>.<\/p>\n<div data-rows=\"1\" id='gallery-1' class='gallery-rows-1 gallery galleryid-7655 gallery-columns-2 gallery-size-full'><figure class='gallery-item'>\n\t\t\t<div class='gallery-icon landscape'>\n\t\t\t\t<a href='https:\/\/d2p6e6u75xmxt8.cloudfront.net\/4\/2019\/07\/IMG_0068.webp'><img loading=\"lazy\" decoding=\"async\" width=\"1200\" height=\"800\" src=\"https:\/\/d2p6e6u75xmxt8.cloudfront.net\/4\/2019\/07\/IMG_0068.webp\" class=\"attachment-full size-full\" alt=\"\" srcset=\"https:\/\/d2p6e6u75xmxt8.cloudfront.net\/4\/2019\/07\/IMG_0068.webp 1200w, https:\/\/d2p6e6u75xmxt8.cloudfront.net\/4\/2019\/07\/IMG_0068-300x200.webp 300w, https:\/\/d2p6e6u75xmxt8.cloudfront.net\/4\/2019\/07\/IMG_0068-1024x683.webp 1024w, https:\/\/d2p6e6u75xmxt8.cloudfront.net\/4\/2019\/07\/IMG_0068-768x512.webp 768w, https:\/\/d2p6e6u75xmxt8.cloudfront.net\/4\/2019\/07\/IMG_0068-272x182.webp 272w\" sizes=\"auto, (max-width: 1200px) 100vw, 1200px\" \/><\/a>\n\t\t\t<\/div><\/figure><figure class='gallery-item'>\n\t\t\t<div class='gallery-icon landscape'>\n\t\t\t\t<a href='https:\/\/d2p6e6u75xmxt8.cloudfront.net\/4\/2019\/07\/msr-16.webp'><img loading=\"lazy\" decoding=\"async\" width=\"1200\" height=\"800\" src=\"https:\/\/d2p6e6u75xmxt8.cloudfront.net\/4\/2019\/07\/msr-16.webp\" class=\"attachment-full size-full\" alt=\"\" srcset=\"https:\/\/d2p6e6u75xmxt8.cloudfront.net\/4\/2019\/07\/msr-16.webp 1200w, https:\/\/d2p6e6u75xmxt8.cloudfront.net\/4\/2019\/07\/msr-16-300x200.webp 300w, https:\/\/d2p6e6u75xmxt8.cloudfront.net\/4\/2019\/07\/msr-16-1024x683.webp 1024w, https:\/\/d2p6e6u75xmxt8.cloudfront.net\/4\/2019\/07\/msr-16-768x512.webp 768w, https:\/\/d2p6e6u75xmxt8.cloudfront.net\/4\/2019\/07\/msr-16-272x182.webp 272w\" sizes=\"auto, (max-width: 1200px) 100vw, 1200px\" \/><\/a>\n\t\t\t<\/div><\/figure>\n\t\t<\/div>\n        \n<h2><strong>\u010casovka s nov\u00fdm v\u00ed\u0165azom<\/strong><\/h2>\n<p>Prvou z dvojice discipl\u00edn, v ktor\u00fdch sa bojovalo o dres majstra Slovenska, bola <strong>\u010dasovka jednotlivcov<\/strong>. Ke\u010f\u017ee \u010dasovka t\u00edmov spad\u00e1 pod hlavi\u010dku majstrovstiev sveta, \u010dasovk\u00e1ri mali mo\u017enos\u0165 vydoby\u0165 si majstrovsk\u00fd titul len v individu\u00e1lnej kateg\u00f3rii.<\/p>\n<p><a href=\"https:\/\/d2p6e6u75xmxt8.cloudfront.net\/4\/2019\/07\/casovka.jpg\"><img loading=\"lazy\" decoding=\"async\" src=\"https:\/\/d2p6e6u75xmxt8.cloudfront.net\/4\/2019\/07\/casovka.jpg\" alt=\"\" width=\"1200\" height=\"800\" class=\"alignnone size-full wp-image-7680\" \/><\/a><\/p>\n<p>Vo \u0161tvrtok 27.6. vst\u00e1vali jazdci do pomerne tepl\u00e9ho po\u010dasia. Pre pretek\u00e1rov bola pripraven\u00e1 tra\u0165, spo\u010d\u00edvaj\u00faca z okruhu v bl\u00edzkosti Trnavy. <strong>Rovinat\u00fd profil s d\u013a\u017ekou 20,5 km<\/strong> ako prv\u00e9 vysk\u00fa\u0161ali juniorky, juniori a \u017eeny. Medzi <strong>juniorkami<\/strong>, \u0161tartuj\u00facimi v rann\u00fdch hodin\u00e1ch, dominovala <strong>N. Jen\u010du\u0161ov\u00e1<\/strong>. T\u00e1 s n\u00e1skokom 1:32 zdolala svoje s\u00faperky, S. Zahorcov\u00fa a n\u00e1sledne aj R. Paulechov\u00fa. Na \u0161tarte v\u0161ak ch\u00fdbali mo\u017en\u00e9 favoritky &#8211; A. Ba\u010d\u00edkov\u00e1 a T. Medve\u010fov\u00e1, ktor\u00e9 v t\u00fdchto d\u0148och pretekaj\u00fa na Eur\u00f3pskych hr\u00e1ch.<\/p>\n<p>Medzi <strong>\u017eenami<\/strong> sa najviac darilo <strong>T. Jasekovej<\/strong>. Spomedzi deviatich pretek\u00e1rok ako jedin\u00e1 pokorila hranicu 30 min\u00fat. V\u010faka tomu si udr\u017eala takmer polmin\u00fatov\u00fd n\u00e1skok pred M. Findorovou a A. \u0160imora.<\/p>\n<p><a href=\"https:\/\/d2p6e6u75xmxt8.cloudfront.net\/4\/2019\/07\/msr-18.jpg\"><img loading=\"lazy\" decoding=\"async\" src=\"https:\/\/d2p6e6u75xmxt8.cloudfront.net\/4\/2019\/07\/msr-18.jpg\" alt=\"\" width=\"1200\" height=\"800\" class=\"alignnone size-full wp-image-7659\" \/><\/a><\/p>\n<p><strong>Mu\u017esk\u00fa kateg\u00f3riu juniorov<\/strong> tvorilo 29 pretek\u00e1rov. Napriek tomu sa bolo na \u010do pozera\u0165. Kone\u010dn\u00e9 poradie bolo ot\u00e1zkou najmen\u0161\u00edch ch\u00fdb, ke\u010f\u017ee v\u00fdkonnos\u0165 jazdcov bola takmer na rovnakej \u00farovni. Nakoniec \u010dasomiera ukazovala \u0161es\u0165sekundov\u00fd n\u00e1skok v prospech <strong>F. Lohinsk\u00e9ho<\/strong>, ktor\u00fd tak zdolal P. Kramar\u010d\u00edka. Tret\u00ed s 33-sekundovou stratou bol S. Nagy.<\/p>\n<p><a href=\"https:\/\/d2p6e6u75xmxt8.cloudfront.net\/4\/2019\/07\/msr-19.jpg\"><img loading=\"lazy\" decoding=\"async\" src=\"https:\/\/d2p6e6u75xmxt8.cloudfront.net\/4\/2019\/07\/msr-19.jpg\" alt=\"\" width=\"1200\" height=\"800\" class=\"alignnone size-full wp-image-7660\" \/><\/a><\/p>\n<p>Poobedn\u00e9 teploty, ktor\u00e9 sa dr\u017eali nad hodnotou 30\u00b0C v tieni, patrili kateg\u00f3ri\u00e1m mu\u017ei <strong>U23 a elite<\/strong>. Do tohto nehostinn\u00e9ho po\u010dasia sa vydali ako prv\u00ed mlad\u0161\u00ed z nich. Za zmienku stoj\u00ed aj skuto\u010dnos\u0165, \u017ee obe skupiny mali pred sebou dvojn\u00e1sobok kilometrov, teda 41. Mlad\u0161ia z t\u00fdchto dvoch skup\u00edn sa postavila na \u0161tart o 13. hodine popoludn\u00ed. Najlep\u0161\u00ed \u010das predviedol <strong>M. Vl\u010d\u00e1k<\/strong>, ktor\u00fd druh\u00e9mu S. Orcisovi nadelil takmer min\u00fatu.<\/p>\n<p><strong>Elitn\u00e1 kateg\u00f3ria mu\u017eov<\/strong> mala celkovo 19 pretek\u00e1rov. Vo v\u00fdsledkovej listine je najvidite\u013enej\u0161ie miesto t\u00edmu DUKLA Bansk\u00e1 Bystrica, ktorej jazdci obsadili prv\u00e9 4 miesta. Najr\u00fdchlej\u0161\u00edm bol <strong>J. A. Cully<\/strong> s n\u00e1skokom 1:13 pred M. \u010caneck\u00fdm a P. Tyborom.<\/p>\n<div data-rows=\"1\" id='gallery-2' class='gallery-rows-1 gallery galleryid-7655 gallery-columns-2 gallery-size-full'><figure class='gallery-item'>\n\t\t\t<div class='gallery-icon landscape'>\n\t\t\t\t<a href='https:\/\/d2p6e6u75xmxt8.cloudfront.net\/4\/2019\/07\/msr-20.webp'><img loading=\"lazy\" decoding=\"async\" width=\"1200\" height=\"800\" src=\"https:\/\/d2p6e6u75xmxt8.cloudfront.net\/4\/2019\/07\/msr-20.webp\" class=\"attachment-full size-full\" alt=\"\" srcset=\"https:\/\/d2p6e6u75xmxt8.cloudfront.net\/4\/2019\/07\/msr-20.webp 1200w, https:\/\/d2p6e6u75xmxt8.cloudfront.net\/4\/2019\/07\/msr-20-300x200.webp 300w, https:\/\/d2p6e6u75xmxt8.cloudfront.net\/4\/2019\/07\/msr-20-1024x683.webp 1024w, https:\/\/d2p6e6u75xmxt8.cloudfront.net\/4\/2019\/07\/msr-20-768x512.webp 768w, https:\/\/d2p6e6u75xmxt8.cloudfront.net\/4\/2019\/07\/msr-20-272x182.webp 272w\" sizes=\"auto, (max-width: 1200px) 100vw, 1200px\" \/><\/a>\n\t\t\t<\/div><\/figure><figure class='gallery-item'>\n\t\t\t<div class='gallery-icon landscape'>\n\t\t\t\t<a href='https:\/\/d2p6e6u75xmxt8.cloudfront.net\/4\/2019\/07\/msr-21.webp'><img loading=\"lazy\" decoding=\"async\" width=\"1200\" height=\"800\" src=\"https:\/\/d2p6e6u75xmxt8.cloudfront.net\/4\/2019\/07\/msr-21.webp\" class=\"attachment-full size-full\" alt=\"\" srcset=\"https:\/\/d2p6e6u75xmxt8.cloudfront.net\/4\/2019\/07\/msr-21.webp 1200w, https:\/\/d2p6e6u75xmxt8.cloudfront.net\/4\/2019\/07\/msr-21-300x200.webp 300w, https:\/\/d2p6e6u75xmxt8.cloudfront.net\/4\/2019\/07\/msr-21-1024x683.webp 1024w, https:\/\/d2p6e6u75xmxt8.cloudfront.net\/4\/2019\/07\/msr-21-768x512.webp 768w, https:\/\/d2p6e6u75xmxt8.cloudfront.net\/4\/2019\/07\/msr-21-272x182.webp 272w\" sizes=\"auto, (max-width: 1200px) 100vw, 1200px\" \/><\/a>\n\t\t\t<\/div><\/figure>\n\t\t<\/div>\n        \n<h2><strong>Preteky s hromadn\u00fdm \u0161tartom<\/strong><\/h2>\n<p>Najv\u00e4\u010d\u0161ie o\u010dak\u00e1vania boli sp\u00e1jan\u00e9 s druhou discipl\u00ednou, a to hromadn\u00fdmi pretekmi. Op\u00e4\u0165 sa na \u0161tart ako prv\u00ed postavili najmlad\u0161\u00ed, teda <strong>juniori<\/strong>. \u010cakala ich tra\u0165 s d\u013a\u017ekou 125 km. I ke\u010f teplota klesla na hodnotu okolo 25\u00b0C, o nap\u00e4tie bolo postaran\u00e9. Spolo\u010dn\u00e9 preteky s \u010desk\u00fdmi juniormi vy\u00fastili do \u0161printu v z\u00e1vere\u010dn\u00fdch metroch. Najr\u00fdchlej\u0161\u00edm Slov\u00e1kom sa stal <strong>P. Karmar\u010d\u00edk<\/strong> pred \u0160. Nagym a D. Sikorom. Div\u00e1ci v posledn\u00fdch metroch videli aj p\u00e1d, ktor\u00fd sa na\u0161\u0165astie pre v\u00e4\u010d\u0161inu pretek\u00e1rov zaobi\u0161iel bez zranen\u00ed.<\/p>\n<p><a href=\"https:\/\/d2p6e6u75xmxt8.cloudfront.net\/4\/2019\/07\/msr-14.jpg\"><img loading=\"lazy\" decoding=\"async\" src=\"https:\/\/d2p6e6u75xmxt8.cloudfront.net\/4\/2019\/07\/msr-14.jpg\" alt=\"\" width=\"1200\" height=\"800\" class=\"alignnone size-full wp-image-7663\" \/><\/a><\/p>\n<p>Kateg\u00f3ria <strong>U23<\/strong>, rovnako ako juniorsk\u00e1, \u0161tartovala spolo\u010dne s reprezentantmi oboch kraj\u00edn. 155 km dlh\u00e1 tra\u0165 sa op\u00e4\u0165 rozhodovala v z\u00e1vere. Po vy\u0161e 3 a pol hodin\u00e1ch cie\u013eov\u00fa p\u00e1sku pre\u0165ali najprv traja \u010desk\u00ed pretek\u00e1ri na \u010dele s T. B\u00e1rtom. \u010eal\u0161ie 2 miesta patrili Slov\u00e1kom, <strong>S. Orosovi a D. Ka\u0161kovi<\/strong>. Tretie miesto vydobyl M. Bla\u0161ko na celkovej 9. poz\u00edcii.<\/p>\n<div data-rows=\"1\" id='gallery-3' class='gallery-rows-1 gallery galleryid-7655 gallery-columns-2 gallery-size-full'><figure class='gallery-item'>\n\t\t\t<div class='gallery-icon landscape'>\n\t\t\t\t<a href='https:\/\/d2p6e6u75xmxt8.cloudfront.net\/4\/2019\/07\/msr-12.webp'><img loading=\"lazy\" decoding=\"async\" width=\"1200\" height=\"800\" src=\"https:\/\/d2p6e6u75xmxt8.cloudfront.net\/4\/2019\/07\/msr-12.webp\" class=\"attachment-full size-full\" alt=\"\" srcset=\"https:\/\/d2p6e6u75xmxt8.cloudfront.net\/4\/2019\/07\/msr-12.webp 1200w, https:\/\/d2p6e6u75xmxt8.cloudfront.net\/4\/2019\/07\/msr-12-300x200.webp 300w, https:\/\/d2p6e6u75xmxt8.cloudfront.net\/4\/2019\/07\/msr-12-1024x683.webp 1024w, https:\/\/d2p6e6u75xmxt8.cloudfront.net\/4\/2019\/07\/msr-12-768x512.webp 768w, https:\/\/d2p6e6u75xmxt8.cloudfront.net\/4\/2019\/07\/msr-12-272x182.webp 272w\" sizes=\"auto, (max-width: 1200px) 100vw, 1200px\" \/><\/a>\n\t\t\t<\/div><\/figure><figure class='gallery-item'>\n\t\t\t<div class='gallery-icon landscape'>\n\t\t\t\t<a href='https:\/\/d2p6e6u75xmxt8.cloudfront.net\/4\/2019\/07\/msr-17.webp'><img loading=\"lazy\" decoding=\"async\" width=\"1200\" height=\"800\" src=\"https:\/\/d2p6e6u75xmxt8.cloudfront.net\/4\/2019\/07\/msr-17.webp\" class=\"attachment-full size-full\" alt=\"\" srcset=\"https:\/\/d2p6e6u75xmxt8.cloudfront.net\/4\/2019\/07\/msr-17.webp 1200w, https:\/\/d2p6e6u75xmxt8.cloudfront.net\/4\/2019\/07\/msr-17-300x200.webp 300w, https:\/\/d2p6e6u75xmxt8.cloudfront.net\/4\/2019\/07\/msr-17-1024x683.webp 1024w, https:\/\/d2p6e6u75xmxt8.cloudfront.net\/4\/2019\/07\/msr-17-768x512.webp 768w, https:\/\/d2p6e6u75xmxt8.cloudfront.net\/4\/2019\/07\/msr-17-272x182.webp 272w\" sizes=\"auto, (max-width: 1200px) 100vw, 1200px\" \/><\/a>\n\t\t\t<\/div><\/figure>\n\t\t<\/div>\n        \n<p>Z\u00e1ver majstrovstiev patril samozrejme mu\u017eskej <strong>elite kateg\u00f3rii<\/strong>, priamy prenos ktorej ste si mohli pozrie\u0165 aj v telev\u00edzii. Nabit\u00e1 konkurencia bojovala od \u00favodn\u00fdch kilometrov. Pokus o \u00fanik zaznamenal aj P. Sagan. Po \u0148om sa na \u010delo dostal jeho brat Juraj s viacer\u00fdmi \u010desk\u00fdmi pretek\u00e1rmi. T\u00e1to situ\u00e1cia sa nemenila po\u010das cel\u00fdch pretekov. Trojmin\u00fatov\u00fd n\u00e1skok u\u017e nikto nedobehol, a to aj napriek opakovan\u00fdm n\u00e1stupom v z\u00e1vere pretekov. Do cie\u013ea tak do\u0161la skupina 6 jazdcov. Z p\u00e4tice \u010cechov bol najr\u00fdchlej\u0161\u00ed F. Sisr pred T. Kaloj\u00edrosom a P. Vako\u010dom. Slovensk\u00fd titul s preh\u013eadom z\u00edskal <strong>J. Sagan<\/strong> v z\u00e1vere tejto skupiny. <\/p>\n<p><a href=\"https:\/\/d2p6e6u75xmxt8.cloudfront.net\/4\/2019\/07\/msr-7.jpg\"><img loading=\"lazy\" decoding=\"async\" src=\"https:\/\/d2p6e6u75xmxt8.cloudfront.net\/4\/2019\/07\/msr-7.jpg\" alt=\"\" width=\"1200\" height=\"800\" class=\"alignnone size-full wp-image-7666\" \/><\/a><\/p>\n<p>\u010eal\u0161ie men\u00e1 sa na v\u00fdsledkovej tabuli objavili a\u017e po vy\u0161e min\u00fate, kedy na \u010dele hlavn\u00e9ho po\u013ea do\u0161printoval E. Ba\u0161ka nasledovan\u00fd P. Tyborom a P. Saganom.<\/p>\n<div data-rows=\"1\" id='gallery-4' class='gallery-rows-1 gallery galleryid-7655 gallery-columns-2 gallery-size-full'><figure class='gallery-item'>\n\t\t\t<div class='gallery-icon landscape'>\n\t\t\t\t<a href='https:\/\/d2p6e6u75xmxt8.cloudfront.net\/4\/2019\/07\/msr-2.webp'><img loading=\"lazy\" decoding=\"async\" width=\"1200\" height=\"800\" src=\"https:\/\/d2p6e6u75xmxt8.cloudfront.net\/4\/2019\/07\/msr-2.webp\" class=\"attachment-full size-full\" alt=\"\" srcset=\"https:\/\/d2p6e6u75xmxt8.cloudfront.net\/4\/2019\/07\/msr-2.webp 1200w, https:\/\/d2p6e6u75xmxt8.cloudfront.net\/4\/2019\/07\/msr-2-300x200.webp 300w, https:\/\/d2p6e6u75xmxt8.cloudfront.net\/4\/2019\/07\/msr-2-1024x683.webp 1024w, https:\/\/d2p6e6u75xmxt8.cloudfront.net\/4\/2019\/07\/msr-2-768x512.webp 768w, https:\/\/d2p6e6u75xmxt8.cloudfront.net\/4\/2019\/07\/msr-2-272x182.webp 272w\" sizes=\"auto, (max-width: 1200px) 100vw, 1200px\" \/><\/a>\n\t\t\t<\/div><\/figure><figure class='gallery-item'>\n\t\t\t<div class='gallery-icon landscape'>\n\t\t\t\t<a href='https:\/\/d2p6e6u75xmxt8.cloudfront.net\/4\/2019\/07\/msr-3.webp'><img loading=\"lazy\" decoding=\"async\" width=\"1200\" height=\"800\" src=\"https:\/\/d2p6e6u75xmxt8.cloudfront.net\/4\/2019\/07\/msr-3.webp\" class=\"attachment-full size-full\" alt=\"\" srcset=\"https:\/\/d2p6e6u75xmxt8.cloudfront.net\/4\/2019\/07\/msr-3.webp 1200w, https:\/\/d2p6e6u75xmxt8.cloudfront.net\/4\/2019\/07\/msr-3-300x200.webp 300w, https:\/\/d2p6e6u75xmxt8.cloudfront.net\/4\/2019\/07\/msr-3-1024x683.webp 1024w, https:\/\/d2p6e6u75xmxt8.cloudfront.net\/4\/2019\/07\/msr-3-768x512.webp 768w, https:\/\/d2p6e6u75xmxt8.cloudfront.net\/4\/2019\/07\/msr-3-272x182.webp 272w\" sizes=\"auto, (max-width: 1200px) 100vw, 1200px\" \/><\/a>\n\t\t\t<\/div><\/figure>\n\t\t<\/div>\n        \n<h2><strong>Dojmy priamo z trate<\/strong><\/h2>\n<p><strong>Tom\u00e1\u0161 Cepka<\/strong>, ktor\u00fd sa na \u0161tart \u010dasovky a nede\u013en\u00fdch pretekov mu\u017eskej elite kateg\u00f3rie postavil ako \u010dlen amat\u00e9rsk\u00e9ho t\u00edmu <a href=\"https:\/\/www.facebook.com\/zmlrcyclingteam\/\" rel=\"noopener\" target=\"_blank\">ZMRL<\/a>, n\u00e1m sprostredkoval svoje dojmy priameho \u00fa\u010dastn\u00edka tohto cyklistick\u00e9ho sviatku.<\/p>\n<p><a href=\"https:\/\/d2p6e6u75xmxt8.cloudfront.net\/4\/2019\/07\/msr-5.jpg\"><img loading=\"lazy\" decoding=\"async\" src=\"https:\/\/d2p6e6u75xmxt8.cloudfront.net\/4\/2019\/07\/msr-5.jpg\" alt=\"\" width=\"1200\" height=\"800\" class=\"alignnone size-full wp-image-7669\" \/><\/a><\/p>\n<p><em>\u201cOba dni som si vychutnal a u\u017eil. Vedel som, \u017ee sa idem porovn\u00e1va\u0165 s nepomerne silnej\u0161\u00edmi, ale aj tak to bol z\u00e1\u017eitok. \u010casovka bola pre v\u00e4\u010d\u0161inu jazdcov n\u00e1ro\u010dn\u00e1 svojou d\u013a\u017ekou. 41 km v teple okolo 35\u00b0C a pri silnom vetre dala skuto\u010dne zabra\u0165. V nede\u013eu po\u010das pretekov s hromadn\u00fdm \u0161tartom bolo najviac div\u00e1kov. Ke\u010f Sagan nastupoval na \u0161tart s bodyguardom, len som sa smial. Hotov\u00e1 m\u00e1nia. Preteky za\u010dali extr\u00e9mne r\u00fdchlo. Prof\u00edci si \u010distili bal\u00edk od slab\u0161\u00edch jazdcov. Bezpe\u010dnos\u0165. St\u00fapania za Dechticami boli selekt\u00edvne, tak som bol r\u00e1d, \u017ee som ich pre\u017eil a do Trnavy sa dostal s hlavn\u00fdm po\u013eom. Na malom okruhu mi u\u017e do\u0161lo, tak som pobavil svojich fan\u00fa\u0161ikov mini \u00fanikom cez priestor \u0161tartu. Potom ako v\u00e4\u010d\u0161ina \u0161tartuj\u00facich som bol odvolan\u00fd. Cel\u00e9 to bolo pre m\u0148a ve\u013ek\u00fd z\u00e1\u017eitok a som v\u010fa\u010dn\u00fd za to, ako to dopadlo. A aj za povzbudzovanie.\u201d<\/em><\/p>\n<p><div data-rows=\"1\" id='gallery-5' class='gallery-rows-1 gallery galleryid-7655 gallery-columns-3 gallery-size-full'><figure class='gallery-item'>\n\t\t\t<div class='gallery-icon landscape'>\n\t\t\t\t<a href='https:\/\/d2p6e6u75xmxt8.cloudfront.net\/4\/2019\/07\/msr-4.webp'><img loading=\"lazy\" decoding=\"async\" width=\"1200\" height=\"800\" src=\"https:\/\/d2p6e6u75xmxt8.cloudfront.net\/4\/2019\/07\/msr-4.webp\" class=\"attachment-full size-full\" alt=\"\" srcset=\"https:\/\/d2p6e6u75xmxt8.cloudfront.net\/4\/2019\/07\/msr-4.webp 1200w, https:\/\/d2p6e6u75xmxt8.cloudfront.net\/4\/2019\/07\/msr-4-300x200.webp 300w, https:\/\/d2p6e6u75xmxt8.cloudfront.net\/4\/2019\/07\/msr-4-1024x683.webp 1024w, https:\/\/d2p6e6u75xmxt8.cloudfront.net\/4\/2019\/07\/msr-4-768x512.webp 768w, https:\/\/d2p6e6u75xmxt8.cloudfront.net\/4\/2019\/07\/msr-4-272x182.webp 272w\" sizes=\"auto, (max-width: 1200px) 100vw, 1200px\" \/><\/a>\n\t\t\t<\/div><\/figure><figure class='gallery-item'>\n\t\t\t<div class='gallery-icon landscape'>\n\t\t\t\t<a href='https:\/\/d2p6e6u75xmxt8.cloudfront.net\/4\/2019\/07\/msr-8.webp'><img loading=\"lazy\" decoding=\"async\" width=\"1200\" height=\"800\" src=\"https:\/\/d2p6e6u75xmxt8.cloudfront.net\/4\/2019\/07\/msr-8.webp\" class=\"attachment-full size-full\" alt=\"\" srcset=\"https:\/\/d2p6e6u75xmxt8.cloudfront.net\/4\/2019\/07\/msr-8.webp 1200w, https:\/\/d2p6e6u75xmxt8.cloudfront.net\/4\/2019\/07\/msr-8-300x200.webp 300w, https:\/\/d2p6e6u75xmxt8.cloudfront.net\/4\/2019\/07\/msr-8-1024x683.webp 1024w, https:\/\/d2p6e6u75xmxt8.cloudfront.net\/4\/2019\/07\/msr-8-768x512.webp 768w, https:\/\/d2p6e6u75xmxt8.cloudfront.net\/4\/2019\/07\/msr-8-272x182.webp 272w\" sizes=\"auto, (max-width: 1200px) 100vw, 1200px\" \/><\/a>\n\t\t\t<\/div><\/figure><figure class='gallery-item'>\n\t\t\t<div class='gallery-icon landscape'>\n\t\t\t\t<a href='https:\/\/d2p6e6u75xmxt8.cloudfront.net\/4\/2019\/07\/msr-9.webp'><img loading=\"lazy\" decoding=\"async\" width=\"1200\" height=\"800\" src=\"https:\/\/d2p6e6u75xmxt8.cloudfront.net\/4\/2019\/07\/msr-9.webp\" class=\"attachment-full size-full\" alt=\"\" srcset=\"https:\/\/d2p6e6u75xmxt8.cloudfront.net\/4\/2019\/07\/msr-9.webp 1200w, https:\/\/d2p6e6u75xmxt8.cloudfront.net\/4\/2019\/07\/msr-9-300x200.webp 300w, https:\/\/d2p6e6u75xmxt8.cloudfront.net\/4\/2019\/07\/msr-9-1024x683.webp 1024w, https:\/\/d2p6e6u75xmxt8.cloudfront.net\/4\/2019\/07\/msr-9-768x512.webp 768w, https:\/\/d2p6e6u75xmxt8.cloudfront.net\/4\/2019\/07\/msr-9-272x182.webp 272w\" sizes=\"auto, (max-width: 1200px) 100vw, 1200px\" \/><\/a>\n\t\t\t<\/div><\/figure><figure class='gallery-item'>\n\t\t\t<div class='gallery-icon landscape'>\n\t\t\t\t<a href='https:\/\/d2p6e6u75xmxt8.cloudfront.net\/4\/2019\/07\/msr-10.webp'><img loading=\"lazy\" decoding=\"async\" width=\"1200\" height=\"800\" src=\"https:\/\/d2p6e6u75xmxt8.cloudfront.net\/4\/2019\/07\/msr-10.webp\" class=\"attachment-full size-full\" alt=\"\" srcset=\"https:\/\/d2p6e6u75xmxt8.cloudfront.net\/4\/2019\/07\/msr-10.webp 1200w, https:\/\/d2p6e6u75xmxt8.cloudfront.net\/4\/2019\/07\/msr-10-300x200.webp 300w, https:\/\/d2p6e6u75xmxt8.cloudfront.net\/4\/2019\/07\/msr-10-1024x683.webp 1024w, https:\/\/d2p6e6u75xmxt8.cloudfront.net\/4\/2019\/07\/msr-10-768x512.webp 768w, https:\/\/d2p6e6u75xmxt8.cloudfront.net\/4\/2019\/07\/msr-10-272x182.webp 272w\" sizes=\"auto, (max-width: 1200px) 100vw, 1200px\" \/><\/a>\n\t\t\t<\/div><\/figure><figure class='gallery-item'>\n\t\t\t<div class='gallery-icon landscape'>\n\t\t\t\t<a href='https:\/\/d2p6e6u75xmxt8.cloudfront.net\/4\/2019\/07\/msr-11.webp'><img loading=\"lazy\" decoding=\"async\" width=\"1200\" height=\"800\" src=\"https:\/\/d2p6e6u75xmxt8.cloudfront.net\/4\/2019\/07\/msr-11.webp\" class=\"attachment-full size-full\" alt=\"\" srcset=\"https:\/\/d2p6e6u75xmxt8.cloudfront.net\/4\/2019\/07\/msr-11.webp 1200w, https:\/\/d2p6e6u75xmxt8.cloudfront.net\/4\/2019\/07\/msr-11-300x200.webp 300w, https:\/\/d2p6e6u75xmxt8.cloudfront.net\/4\/2019\/07\/msr-11-1024x683.webp 1024w, https:\/\/d2p6e6u75xmxt8.cloudfront.net\/4\/2019\/07\/msr-11-768x512.webp 768w, https:\/\/d2p6e6u75xmxt8.cloudfront.net\/4\/2019\/07\/msr-11-272x182.webp 272w\" sizes=\"auto, (max-width: 1200px) 100vw, 1200px\" \/><\/a>\n\t\t\t<\/div><\/figure><figure class='gallery-item'>\n\t\t\t<div class='gallery-icon landscape'>\n\t\t\t\t<a href='https:\/\/d2p6e6u75xmxt8.cloudfront.net\/4\/2019\/07\/msr-13.webp'><img loading=\"lazy\" decoding=\"async\" width=\"1200\" height=\"800\" src=\"https:\/\/d2p6e6u75xmxt8.cloudfront.net\/4\/2019\/07\/msr-13.webp\" class=\"attachment-full size-full\" alt=\"\" srcset=\"https:\/\/d2p6e6u75xmxt8.cloudfront.net\/4\/2019\/07\/msr-13.webp 1200w, https:\/\/d2p6e6u75xmxt8.cloudfront.net\/4\/2019\/07\/msr-13-300x200.webp 300w, https:\/\/d2p6e6u75xmxt8.cloudfront.net\/4\/2019\/07\/msr-13-1024x683.webp 1024w, https:\/\/d2p6e6u75xmxt8.cloudfront.net\/4\/2019\/07\/msr-13-768x512.webp 768w, https:\/\/d2p6e6u75xmxt8.cloudfront.net\/4\/2019\/07\/msr-13-272x182.webp 272w\" sizes=\"auto, (max-width: 1200px) 100vw, 1200px\" \/><\/a>\n\t\t\t<\/div><\/figure>\n\t\t<\/div>\n        <em>Viac fotiek po rozkliknut\u00ed<\/em><\/p>\n<p>(zdroj fotografi\u00ed: FB\/PeterSagan, FB\/majstrovstva2019trnava, Tom\u00e1\u0161 Cepka, M\u00e1ria Kovalov\u00e1)<\/p>\n","protected":false},"excerpt":{"rendered":"<p>Trnava sa minul\u00fd t\u00fd\u017ede\u0148 stala na chv\u00ed\u013eu centrom slovensk\u00e9ho \u0161portu, konkr\u00e9tne cestnej cyklistiky. Pretek\u00e1ri z \u010ceskej a Slovenskej republiky sa [&hellip;]<\/p>\n","protected":false},"author":38,"featured_media":7676,"comment_status":"open","ping_status":"open","sticky":false,"template":"","format":"standard","meta":{"footnotes":""},"categories":[4],"tags":[540,275,115,487,800,941,158,583,481,176,46,523,820,269,886],"global-categories":[],"class_list":["post-7655","post","type-post","status-publish","format-standard","has-post-thumbnail","hentry","category-cestna-cyklisitika","tag-ceska-republika","tag-cesta","tag-cestna-cyklistika","tag-cestny-bicykel","tag-elita","tag-jazda-v-pelotone","tag-juraj-sagan","tag-majster-slovenska","tag-majstrovstva","tag-peloton","tag-peter-sagan","tag-slovensko","tag-trnava","tag-vitaz","tag-vitazstvo"],"yoast_head":"<!-- This site is optimized with the Yoast SEO Premium plugin v25.3 (Yoast SEO v25.9) - https:\/\/yoast.com\/wordpress\/plugins\/seo\/ -->\n<title>Ako dopadli majstrovstv\u00e1 Slovenska v cestnej cyklistike? - \u0160koda We Love Cycling Slovensko<\/title>\n<meta name=\"robots\" content=\"index, follow, max-snippet:-1, max-image-preview:large, max-video-preview:-1\" \/>\n<link rel=\"canonical\" href=\"https:\/\/www.welovecycling.com\/sk\/2019\/07\/01\/ako-dopadli-majstrovstva-slovenska-v-cestnej-cyklistike\/\" \/>\n<meta property=\"og:locale\" content=\"sk_SK\" \/>\n<meta property=\"og:type\" content=\"article\" \/>\n<meta property=\"og:title\" content=\"Ako dopadli majstrovstv\u00e1 Slovenska v cestnej cyklistike?\" \/>\n<meta property=\"og:description\" content=\"Trnava sa minul\u00fd t\u00fd\u017ede\u0148 stala na chv\u00ed\u013eu centrom slovensk\u00e9ho \u0161portu, konkr\u00e9tne cestnej cyklistiky. Pretek\u00e1ri z \u010ceskej a Slovenskej republiky sa [&hellip;]\" \/>\n<meta property=\"og:url\" content=\"https:\/\/www.welovecycling.com\/sk\/2019\/07\/01\/ako-dopadli-majstrovstva-slovenska-v-cestnej-cyklistike\/\" \/>\n<meta property=\"og:site_name\" content=\"\u0160koda We Love Cycling Slovensko\" \/>\n<meta property=\"article:published_time\" content=\"2019-07-01T13:06:08+00:00\" \/>\n<meta property=\"article:modified_time\" content=\"2019-07-02T08:41:49+00:00\" \/>\n<meta property=\"og:image\" content=\"https:\/\/d2p6e6u75xmxt8.cloudfront.net\/4\/2019\/07\/msr-6.webp\" \/>\n\t<meta property=\"og:image:width\" content=\"1380\" \/>\n\t<meta property=\"og:image:height\" content=\"600\" \/>\n\t<meta property=\"og:image:type\" content=\"image\/webp\" \/>\n<meta name=\"author\" content=\"Ondrej Ga\u0161par\" \/>\n<meta name=\"twitter:card\" content=\"summary_large_image\" \/>\n<meta name=\"twitter:label1\" content=\"Written by\" \/>\n\t<meta name=\"twitter:data1\" content=\"We Love Cycling\" \/>\n\t<meta name=\"twitter:label2\" content=\"Est. reading time\" \/>\n\t<meta name=\"twitter:data2\" content=\"7\" \/>\n<script type=\"application\/ld+json\" class=\"yoast-schema-graph\">{\"@context\":\"https:\/\/schema.org\",\"@graph\":[{\"@type\":\"WebPage\",\"@id\":\"https:\/\/www.welovecycling.com\/sk\/2019\/07\/01\/ako-dopadli-majstrovstva-slovenska-v-cestnej-cyklistike\/\",\"url\":\"https:\/\/www.welovecycling.com\/sk\/2019\/07\/01\/ako-dopadli-majstrovstva-slovenska-v-cestnej-cyklistike\/\",\"name\":\"Ako dopadli majstrovstv\u00e1 Slovenska v cestnej cyklistike? - \u0160koda We Love Cycling Slovensko\",\"isPartOf\":{\"@id\":\"https:\/\/www.welovecycling.com\/sk\/#website\"},\"primaryImageOfPage\":{\"@id\":\"https:\/\/www.welovecycling.com\/sk\/2019\/07\/01\/ako-dopadli-majstrovstva-slovenska-v-cestnej-cyklistike\/#primaryimage\"},\"image\":{\"@id\":\"https:\/\/www.welovecycling.com\/sk\/2019\/07\/01\/ako-dopadli-majstrovstva-slovenska-v-cestnej-cyklistike\/#primaryimage\"},\"thumbnailUrl\":\"https:\/\/d2p6e6u75xmxt8.cloudfront.net\/4\/2019\/07\/msr-6.webp\",\"datePublished\":\"2019-07-01T13:06:08+00:00\",\"dateModified\":\"2019-07-02T08:41:49+00:00\",\"author\":{\"@id\":\"https:\/\/www.welovecycling.com\/sk\/#\/schema\/person\/8ee09ba39b7e25b1870160aa5b3a89bc\"},\"breadcrumb\":{\"@id\":\"https:\/\/www.welovecycling.com\/sk\/2019\/07\/01\/ako-dopadli-majstrovstva-slovenska-v-cestnej-cyklistike\/#breadcrumb\"},\"inLanguage\":\"sk-SK\",\"potentialAction\":[{\"@type\":\"ReadAction\",\"target\":[\"https:\/\/www.welovecycling.com\/sk\/2019\/07\/01\/ako-dopadli-majstrovstva-slovenska-v-cestnej-cyklistike\/\"]}]},{\"@type\":\"ImageObject\",\"inLanguage\":\"sk-SK\",\"@id\":\"https:\/\/www.welovecycling.com\/sk\/2019\/07\/01\/ako-dopadli-majstrovstva-slovenska-v-cestnej-cyklistike\/#primaryimage\",\"url\":\"https:\/\/d2p6e6u75xmxt8.cloudfront.net\/4\/2019\/07\/msr-6.webp\",\"contentUrl\":\"https:\/\/d2p6e6u75xmxt8.cloudfront.net\/4\/2019\/07\/msr-6.webp\",\"width\":1380,\"height\":600},{\"@type\":\"BreadcrumbList\",\"@id\":\"https:\/\/www.welovecycling.com\/sk\/2019\/07\/01\/ako-dopadli-majstrovstva-slovenska-v-cestnej-cyklistike\/#breadcrumb\",\"itemListElement\":[{\"@type\":\"ListItem\",\"position\":1,\"name\":\"Home\",\"item\":\"https:\/\/www.welovecycling.com\/sk\/\"},{\"@type\":\"ListItem\",\"position\":2,\"name\":\"Ako dopadli majstrovstv\u00e1 Slovenska v cestnej cyklistike?\"}]},{\"@type\":\"WebSite\",\"@id\":\"https:\/\/www.welovecycling.com\/sk\/#website\",\"url\":\"https:\/\/www.welovecycling.com\/sk\/\",\"name\":\"\u0160koda We Love Cycling Slovensko\",\"description\":\"\u0160koda We Love Cycling Slovensko je v\u00e1\u0161 ka\u017edodenn\u00fd zdroj noviniek a in\u0161pir\u00e1cie z sveta cyklistiky\",\"potentialAction\":[{\"@type\":\"SearchAction\",\"target\":{\"@type\":\"EntryPoint\",\"urlTemplate\":\"https:\/\/www.welovecycling.com\/sk\/?s={search_term_string}\"},\"query-input\":{\"@type\":\"PropertyValueSpecification\",\"valueRequired\":true,\"valueName\":\"search_term_string\"}}],\"inLanguage\":\"sk-SK\"},{\"@type\":\"Person\",\"@id\":\"https:\/\/www.welovecycling.com\/sk\/#\/schema\/person\/8ee09ba39b7e25b1870160aa5b3a89bc\",\"name\":\"Ondrej Ga\u0161par\",\"image\":{\"@type\":\"ImageObject\",\"inLanguage\":\"sk-SK\",\"@id\":\"https:\/\/www.welovecycling.com\/sk\/#\/schema\/person\/image\/\",\"url\":\"https:\/\/secure.gravatar.com\/avatar\/6126c9afb87b70da5abbb083ddbb21933da15f18f8ca7cb822aba0fb096a48f6?s=96&d=mm&r=g\",\"contentUrl\":\"https:\/\/secure.gravatar.com\/avatar\/6126c9afb87b70da5abbb083ddbb21933da15f18f8ca7cb822aba0fb096a48f6?s=96&d=mm&r=g\",\"caption\":\"Ondrej Ga\u0161par\"},\"url\":\"https:\/\/www.welovecycling.com\/sk\/author\/ondrejgaspar\/\"}]}<\/script>\n<!-- \/ Yoast SEO Premium plugin. -->","yoast_head_json":{"title":"Ako dopadli majstrovstv\u00e1 Slovenska v cestnej cyklistike? - \u0160koda We Love Cycling Slovensko","robots":{"index":"index","follow":"follow","max-snippet":"max-snippet:-1","max-image-preview":"max-image-preview:large","max-video-preview":"max-video-preview:-1"},"canonical":"https:\/\/www.welovecycling.com\/sk\/2019\/07\/01\/ako-dopadli-majstrovstva-slovenska-v-cestnej-cyklistike\/","og_locale":"sk_SK","og_type":"article","og_title":"Ako dopadli majstrovstv\u00e1 Slovenska v cestnej cyklistike?","og_description":"Trnava sa minul\u00fd t\u00fd\u017ede\u0148 stala na chv\u00ed\u013eu centrom slovensk\u00e9ho \u0161portu, konkr\u00e9tne cestnej cyklistiky. Pretek\u00e1ri z \u010ceskej a Slovenskej republiky sa [&hellip;]","og_url":"https:\/\/www.welovecycling.com\/sk\/2019\/07\/01\/ako-dopadli-majstrovstva-slovenska-v-cestnej-cyklistike\/","og_site_name":"\u0160koda We Love Cycling Slovensko","article_published_time":"2019-07-01T13:06:08+00:00","article_modified_time":"2019-07-02T08:41:49+00:00","og_image":[{"width":1380,"height":600,"url":"https:\/\/d2p6e6u75xmxt8.cloudfront.net\/4\/2019\/07\/msr-6.webp","type":"image\/webp"}],"author":"Ondrej Ga\u0161par","twitter_card":"summary_large_image","twitter_misc":{"Written by":"We Love Cycling","Est. reading time":"7"},"schema":{"@context":"https:\/\/schema.org","@graph":[{"@type":"WebPage","@id":"https:\/\/www.welovecycling.com\/sk\/2019\/07\/01\/ako-dopadli-majstrovstva-slovenska-v-cestnej-cyklistike\/","url":"https:\/\/www.welovecycling.com\/sk\/2019\/07\/01\/ako-dopadli-majstrovstva-slovenska-v-cestnej-cyklistike\/","name":"Ako dopadli majstrovstv\u00e1 Slovenska v cestnej cyklistike? - \u0160koda We Love Cycling Slovensko","isPartOf":{"@id":"https:\/\/www.welovecycling.com\/sk\/#website"},"primaryImageOfPage":{"@id":"https:\/\/www.welovecycling.com\/sk\/2019\/07\/01\/ako-dopadli-majstrovstva-slovenska-v-cestnej-cyklistike\/#primaryimage"},"image":{"@id":"https:\/\/www.welovecycling.com\/sk\/2019\/07\/01\/ako-dopadli-majstrovstva-slovenska-v-cestnej-cyklistike\/#primaryimage"},"thumbnailUrl":"https:\/\/d2p6e6u75xmxt8.cloudfront.net\/4\/2019\/07\/msr-6.webp","datePublished":"2019-07-01T13:06:08+00:00","dateModified":"2019-07-02T08:41:49+00:00","author":{"@id":"https:\/\/www.welovecycling.com\/sk\/#\/schema\/person\/8ee09ba39b7e25b1870160aa5b3a89bc"},"breadcrumb":{"@id":"https:\/\/www.welovecycling.com\/sk\/2019\/07\/01\/ako-dopadli-majstrovstva-slovenska-v-cestnej-cyklistike\/#breadcrumb"},"inLanguage":"sk-SK","potentialAction":[{"@type":"ReadAction","target":["https:\/\/www.welovecycling.com\/sk\/2019\/07\/01\/ako-dopadli-majstrovstva-slovenska-v-cestnej-cyklistike\/"]}]},{"@type":"ImageObject","inLanguage":"sk-SK","@id":"https:\/\/www.welovecycling.com\/sk\/2019\/07\/01\/ako-dopadli-majstrovstva-slovenska-v-cestnej-cyklistike\/#primaryimage","url":"https:\/\/d2p6e6u75xmxt8.cloudfront.net\/4\/2019\/07\/msr-6.webp","contentUrl":"https:\/\/d2p6e6u75xmxt8.cloudfront.net\/4\/2019\/07\/msr-6.webp","width":1380,"height":600},{"@type":"BreadcrumbList","@id":"https:\/\/www.welovecycling.com\/sk\/2019\/07\/01\/ako-dopadli-majstrovstva-slovenska-v-cestnej-cyklistike\/#breadcrumb","itemListElement":[{"@type":"ListItem","position":1,"name":"Home","item":"https:\/\/www.welovecycling.com\/sk\/"},{"@type":"ListItem","position":2,"name":"Ako dopadli majstrovstv\u00e1 Slovenska v cestnej cyklistike?"}]},{"@type":"WebSite","@id":"https:\/\/www.welovecycling.com\/sk\/#website","url":"https:\/\/www.welovecycling.com\/sk\/","name":"\u0160koda We Love Cycling Slovensko","description":"\u0160koda We Love Cycling Slovensko je v\u00e1\u0161 ka\u017edodenn\u00fd zdroj noviniek a in\u0161pir\u00e1cie z sveta cyklistiky","potentialAction":[{"@type":"SearchAction","target":{"@type":"EntryPoint","urlTemplate":"https:\/\/www.welovecycling.com\/sk\/?s={search_term_string}"},"query-input":{"@type":"PropertyValueSpecification","valueRequired":true,"valueName":"search_term_string"}}],"inLanguage":"sk-SK"},{"@type":"Person","@id":"https:\/\/www.welovecycling.com\/sk\/#\/schema\/person\/8ee09ba39b7e25b1870160aa5b3a89bc","name":"Ondrej Ga\u0161par","image":{"@type":"ImageObject","inLanguage":"sk-SK","@id":"https:\/\/www.welovecycling.com\/sk\/#\/schema\/person\/image\/","url":"https:\/\/secure.gravatar.com\/avatar\/6126c9afb87b70da5abbb083ddbb21933da15f18f8ca7cb822aba0fb096a48f6?s=96&d=mm&r=g","contentUrl":"https:\/\/secure.gravatar.com\/avatar\/6126c9afb87b70da5abbb083ddbb21933da15f18f8ca7cb822aba0fb096a48f6?s=96&d=mm&r=g","caption":"Ondrej Ga\u0161par"},"url":"https:\/\/www.welovecycling.com\/sk\/author\/ondrejgaspar\/"}]}},"_links":{"self":[{"href":"https:\/\/www.welovecycling.com\/sk\/wp-json\/wp\/v2\/posts\/7655","targetHints":{"allow":["GET"]}}],"collection":[{"href":"https:\/\/www.welovecycling.com\/sk\/wp-json\/wp\/v2\/posts"}],"about":[{"href":"https:\/\/www.welovecycling.com\/sk\/wp-json\/wp\/v2\/types\/post"}],"author":[{"embeddable":true,"href":"https:\/\/www.welovecycling.com\/sk\/wp-json\/wp\/v2\/users\/38"}],"replies":[{"embeddable":true,"href":"https:\/\/www.welovecycling.com\/sk\/wp-json\/wp\/v2\/comments?post=7655"}],"version-history":[{"count":2,"href":"https:\/\/www.welovecycling.com\/sk\/wp-json\/wp\/v2\/posts\/7655\/revisions"}],"predecessor-version":[{"id":7688,"href":"https:\/\/www.welovecycling.com\/sk\/wp-json\/wp\/v2\/posts\/7655\/revisions\/7688"}],"wp:featuredmedia":[{"embeddable":true,"href":"https:\/\/www.welovecycling.com\/sk\/wp-json\/wp\/v2\/media\/7676"}],"wp:attachment":[{"href":"https:\/\/www.welovecycling.com\/sk\/wp-json\/wp\/v2\/media?parent=7655"}],"wp:term":[{"taxonomy":"category","embeddable":true,"href":"https:\/\/www.welovecycling.com\/sk\/wp-json\/wp\/v2\/categories?post=7655"},{"taxonomy":"post_tag","embeddable":true,"href":"https:\/\/www.welovecycling.com\/sk\/wp-json\/wp\/v2\/tags?post=7655"},{"taxonomy":"global-categories","embeddable":true,"href":"https:\/\/www.welovecycling.com\/sk\/wp-json\/wp\/v2\/global-categories?post=7655"}],"curies":[{"name":"wp","href":"https:\/\/api.w.org\/{rel}","templated":true}]}}