{"id":7639,"date":"2019-06-29T10:34:23","date_gmt":"2019-06-29T08:34:23","guid":{"rendered":"https:\/\/www.welovecycling.com\/sk\/?p=7639"},"modified":"2019-06-27T13:28:17","modified_gmt":"2019-06-27T11:28:17","slug":"mesacna-desiatka-jun-nabity-novinkami-z-cyklistiky","status":"publish","type":"post","link":"https:\/\/www.welovecycling.com\/sk\/2019\/06\/29\/mesacna-desiatka-jun-nabity-novinkami-z-cyklistiky\/","title":{"rendered":"Mesa\u010dn\u00e1 desiatka \u2013 j\u00fan nabit\u00fd novinkami z\u00a0cyklistiky"},"content":{"rendered":"<p><strong>Posledn\u00fd jarn\u00fd mesiac sa n\u00e1m skon\u010dil. Aj ke\u010f pr\u00edvlastok jarn\u00fd mu neprisl\u00fachal u\u017e v\u00a0\u00favodn\u00fdch d\u0148och (najm\u00e4 v\u010faka tepl\u00e9mu po\u010dasiu), cyklisti si ho museli odkr\u00fati\u0165. Kto pochybil alebo zaspal, tomu sa to vypomst\u00ed na vrchole sez\u00f3ny \u2013 Tour de France.<\/strong><!--more--><\/p>\n<h2><strong>Peter Sagan sa dost\u00e1va do formy<\/strong><\/h2>\n<p>Slovensk\u00e1 st\u00e1lica, ktor\u00e1 mala v\u00a0\u00favode sez\u00f3ny o\u00a0\u010dosi slab\u0161ie v\u00fdkony, ne\u017e na ak\u00e9 sme tradi\u010dne zvyknut\u00ed, sa v\u00a0posledn\u00fdch t\u00fd\u017ed\u0148och zna\u010dne presadzovala. Sn\u00e1\u010f najv\u00fdraznej\u0161iu stopu nechal slovensk\u00fd cyklista na etapov\u00fdch pretekoch Tour de Suisse, ktor\u00e9 s\u00fa z\u00e1vere\u010dnou previerkou pred Tour. Tu si okrem <strong>dresu za najlep\u0161ieho jazdca<\/strong> v\u00a0bodovacej klasifik\u00e1cii odniesol aj <strong>v\u00ed\u0165azstvo z\u00a0tretej etapy<\/strong>. Navy\u0161e k\u00a0nemu pridal aj <strong>dve druh\u00e9 miesta a\u00a0jedno tretie<\/strong>.<\/p>\n<lite-youtube videoid=fQvfVEPerVo params=\"enablejsapi=1\" style=\"background-image: url('https:\/\/i.ytimg.com\/vi_webp\/fQvfVEPerVo\/maxresdefault.webp');\"><\/lite-youtube>\n<h2><strong>V\u00a0j\u00fani sa padalo jedna rados\u0165<\/strong><\/h2>\n<p>Ako sa hovor\u00ed, ne\u0161\u0165astie nechod\u00ed po hor\u00e1ch, ale po \u013eu\u010foch. V\u00a0\u0161porte je tomu tak sn\u00e1\u010f dvojn\u00e1sobne. Najv\u00e4\u010d\u0161\u00ed kus smoly si v\u00a0uplynulom mesiaci vybrali <strong>popredn\u00ed jazdci t\u00edmu INEOS a\u00a0Sunweb<\/strong>. Po tom, ako e\u0161te na Gire padol T. Dumoulin, sa k\u00a0zemi na tr\u00e9ningu por\u00fa\u010dal aj trojn\u00e1sobn\u00fd obhajca \u017elt\u00e9ho dresu, Ch. Froome. Druh\u00fd menovan\u00fd si z\u00a0tohto incidentu odniesol viacer\u00e9 zlomeniny, ktor\u00e9 ho vyradia z\u00a0rozbehnutej sez\u00f3ny. Navy\u0161e sa k\u00a0nemu takmer pridala aj t\u00edmov\u00e1 \u201edvojka\u201c, G. Thomas, pri p\u00e1de Okolo \u0160vaj\u010diarska. V\u00a0t\u00edme Astana bude ch\u00fdba\u0165 aj posila J. Fuglsanga a A. Zeits \u201eoddychuje\u201c so zlomenou k\u013e\u00fa\u010dnou kos\u0165ou a\u00a0narazen\u00fdmi rebrami.<\/p>\n<p><a href=\"https:\/\/d2p6e6u75xmxt8.cloudfront.net\/4\/2019\/06\/01-2.jpg\"><img loading=\"lazy\" decoding=\"async\" src=\"https:\/\/d2p6e6u75xmxt8.cloudfront.net\/4\/2019\/06\/01-2.jpg\" alt=\"\" width=\"1200\" height=\"800\" class=\"alignnone size-full wp-image-7643\" \/><\/a><\/p>\n<h2><strong>Eur\u00f3pske hry cyklistiky s\u00a0hromadn\u00fd \u0161printom aj \u00fanikom<\/strong><\/h2>\n<p>Menej zn\u00e1me preteky, ktor\u00e9 s\u00fa akoby majstrovstvami eur\u00f3pskych zem\u00ed, sa konali v\u00a0druhej polovici j\u00fana v\u00a0Minsku. Dve hlavn\u00e9 kateg\u00f3rie, \u017eeny a\u00a0mu\u017ei elite, si vysk\u00fa\u0161ali dvojicu discipl\u00edn \u2013 individu\u00e1lnu \u010dasovku a\u00a0hromadn\u00e9 preteky. \u010casovka v\u00a0\u017eenskom pelot\u00f3ne pripadla <strong>M. Reusserovej<\/strong>, ktor\u00e1 svoje konkurentky prekonala o\u00a0vy\u0161e 1 min\u00fatu. V\u00a0mu\u017eoch sa z\u00a0v\u00ed\u0165azstva te\u0161il u\u017e ostrie\u013ean\u00fd <strong>V. Kiryienka<\/strong>. Preteky s\u00a0hromadn\u00fdm \u0161tartom patrili <strong>L. Wiebersovej<\/strong> a\u00a0<strong>D. Ballerinimu<\/strong>. Zo Slov\u00e1kov sme videli <strong>M. \u010caneck\u00e9ho<\/strong> a <strong>P. Tybora<\/strong> v\u00a0\u010dasovke na kone\u010dnom 23., resp. 30. mieste, a\u00a0p\u00e4ticu pretek\u00e1rov v\u00a0hromadn\u00fdch pretekoch, kde sa najlep\u0161ie umiestnil <strong>M. \u0160to\u010dek<\/strong> na 35. mieste. V\u00a0\u017een\u00e1ch to bola <strong>A. Ba\u010d\u00edkov\u00e1<\/strong> na 57. mieste v\u00a0hromadn\u00fdch pretekoch a\u00a0na 28. mieste v\u00a0\u010dasovke.<\/p>\n<h2><strong>N\u00e1rodn\u00e9 \u0161ampion\u00e1ty s\u00a0nov\u00fdmi majstrami<\/strong><\/h2>\n<p>J\u00fan je obdobie, kedy je potrebn\u00e9 zisti\u0165, <strong>ktor\u00fd pretek\u00e1r z\u00a0n\u00e1roda je t\u00fdm najsilnej\u0161\u00edm<\/strong> a\u00a0teda, kto si zasl\u00fa\u017ei nosi\u0165 dres vo farb\u00e1ch \u0161t\u00e1tu po\u010das nasleduj\u00facich 12 mesiacov. Prv\u00fdm podujat\u00edm na \u0161ampion\u00e1te je u\u017e tradi\u010dne \u010dasovka jednotlivcov. Pr\u00e1ve v\u00a0nej dominovali \u0160vaj\u010diar S. Kung, Kazachstanec A. Lutsenko, Holan\u010fan J. Van Emden \u010di S. Safarzadeh, jazdiaci vo farb\u00e1ch Izraela.<\/p>\n<h2><strong>Kv\u00f4li pretekom? Zatvor\u00edme aj dia\u013enicu<\/strong><\/h2>\n<p>Spom\u00ednan\u00e9 Eur\u00f3pske hry sa v\u00a0ist\u00fdch oh\u013eadoch dokonca nem\u00f4\u017eu porovn\u00e1va\u0165 ani s\u00a0ve\u013ek\u00fdmi etapov\u00fdmi pretekmi. Pre\u010do? No preto, lebo samotn\u00ed organiz\u00e1tori sa rozhodli v\u00a0spolupr\u00e1ci s\u00a0vl\u00e1dou Bieloruska <strong>uzavrie\u0165 10 km dlh\u00fd \u00fasek dia\u013enice<\/strong> len preto, aby jazdci, pripravuj\u00faci sa na vrcholn\u00e9 preteky, mali zabezpe\u010den\u00fd priestor pre ich ni\u010d\u00edm neru\u0161en\u00fd tr\u00e9ning.<\/p>\n<p><a href=\"https:\/\/d2p6e6u75xmxt8.cloudfront.net\/4\/2019\/06\/03-2.jpg\"><img loading=\"lazy\" decoding=\"async\" src=\"https:\/\/d2p6e6u75xmxt8.cloudfront.net\/4\/2019\/06\/03-2.jpg\" alt=\"\" width=\"1200\" height=\"800\" class=\"alignnone size-full wp-image-7644\" \/><\/a><\/p>\n<h2><strong>Ako sa sklad\u00e1 vysn\u00edvan\u00fd bicykel?<\/strong><\/h2>\n<p>Pozrime sa spolo\u010dne na jednu z\u00a0naj\u00fa\u017easnej\u0161\u00edch \u010dinnost\u00ed, ktor\u00e1 sa v\u00a0cyklistickom \u017eivote m\u00f4\u017ee prihodi\u0165. Ide o\u00a0zrod nov\u00e9ho partnera, ktor\u00fd s\u00a0vami bude tr\u00e1vi\u0165 ka\u017ed\u00fa sekundu na cest\u00e1ch. Ak ide o\u00a0jedine\u010dn\u00fd \u0161peci\u00e1l, t\u00e1to rados\u0165 je mo\u017eno e\u0161te o\u00a0to v\u00e4\u010d\u0161ia.<\/p>\n<lite-youtube videoid=EXGRoho6kuA params=\"enablejsapi=1\" style=\"background-image: url('https:\/\/i.ytimg.com\/vi_webp\/EXGRoho6kuA\/maxresdefault.webp');\"><\/lite-youtube>\n<h2><strong>Majstrovstv\u00e1 Slovenska s\u00a0\u00fa\u010das\u0165ou na\u0161ich najlep\u0161\u00edch<\/strong><\/h2>\n<p>Pri Spolo\u010dn\u00fdch Majstrovstv\u00e1ch SR a \u010cR v\u00a0cestnej cyklistike sa na cest\u00e1ch v\u00a0okol\u00ed Trnavy uk\u00e1\u017eu t\u00ed najlep\u0161\u00ed z\u00a0najlep\u0161\u00edch. V\u00a0pr\u00edpade \u010cechov ide o\u00a0<strong>R. Kreuzigera, Z. \u0160tybara \u010di P. Vako\u010da<\/strong>. O\u00a0slovensk\u00fd titul zabojuje u\u017e tradi\u010dne <strong>Peter Sagan so svoj\u00edm bratom Jurajom<\/strong>. O\u00a0mo\u017enos\u0165 z\u00edska\u0165 trikol\u00f3ru bud\u00fa bojova\u0165 aj jazdci z\u00a0kontinent\u00e1lneho celku Dukla Bansk\u00e1 Bystrica.<\/p>\n<h2><strong>Ak\u00e9 je to by\u0165 \u00fa\u010dastn\u00edkom cestnej prem\u00e1vky na bicykli?<\/strong><\/h2>\n<p>Ur\u010dite ste u\u017e v\u0161etci videli r\u00f4zne vide\u00e1, na ktor\u00fdch s\u00fa zobrazovan\u00e9 nehody a\u00a0nezhody vodi\u010dov \u00e1ut s\u00a0in\u00fdmi vodi\u010dmi, alebo aj vodi\u010dov s\u00a0cyklistami. Je to smutn\u00e9, ale st\u00e1le sa n\u00e1jdu \u013eudia na obidvoch stran\u00e1ch barik\u00e1d, ktor\u00ed sa jednoducho pon\u00e1h\u013eaj\u00fa tam, kde nemusia. V\u00fdnimkou nie je ani bezoh\u013eadnos\u0165 a\u00a0nedodr\u017eiavanie bezpe\u010dnej vzdialenosti. Ve\u010f, pos\u00fa\u010fte sami.<\/p>\n<lite-youtube videoid=mlFxzXMF6J4 params=\"enablejsapi=1\" style=\"background-image: url('https:\/\/i.ytimg.com\/vi_webp\/mlFxzXMF6J4\/maxresdefault.webp');\"><\/lite-youtube>\n<h2><strong>Martin Maes obvinen\u00fd z\u00a0u\u017e\u00edvania zak\u00e1zan\u00fdch l\u00e1tok<\/strong><\/h2>\n<p>Svetov\u00fd jazdec endura sa v\u00a0minul\u00fdch d\u0148och do\u010dkal nepr\u00edjemn\u00e9ho rozsudku. Maesove krvn\u00e9 testy vykazovali pr\u00edtomnos\u0165 probenecidu, l\u00e1tky, ktor\u00e1 mu mala pom\u00f4c\u0165 prekona\u0165 probl\u00e9my spojen\u00e9 s\u00a0ranou na holeni. Probl\u00e9m nastal pri neuznan\u00ed d\u00f4vodu po\u017eitia zo strany UCI, aj ke\u010f sama potvrdila, \u017ee t\u00e1to l\u00e1tka by nemala vplyv na jeho v\u00fdkonnos\u0165. Kone\u010dn\u00fdm rozhodnut\u00edm bolo <strong>odobratie dvoch v\u00ed\u0165azstiev z\u00a0\u00favodu sez\u00f3ny<\/strong>, na ktor\u00fdch boli Maesove testy pozit\u00edvne.<\/p>\n<p><a href=\"https:\/\/d2p6e6u75xmxt8.cloudfront.net\/4\/2019\/06\/04.png\"><img loading=\"lazy\" decoding=\"async\" src=\"https:\/\/d2p6e6u75xmxt8.cloudfront.net\/4\/2019\/06\/04.png\" alt=\"\" width=\"1200\" height=\"800\" class=\"alignnone size-full wp-image-7645\" \/><\/a><\/p>\n<h2><strong>Crit\u00e9rium du Dauphin\u00e9 a\u00a0Tour de Suisse s\u00a0tesn\u00fdmi v\u00ed\u0165azmi<\/strong><\/h2>\n<p>Dva ve\u013ek\u00e9 t\u00fd\u017ed\u0148ov\u00e9 etap\u00e1ky, ktor\u00fdch miesto je u\u017e pevne zakotven\u00e9 pred Tour de France, op\u00e4\u0165 pon\u00fakli zauj\u00edmav\u00e9 s\u00faboje t\u00fdch najlep\u0161\u00edch. Prv\u00e9 menovan\u00e9 sa odohrali na franc\u00fazskom \u00fazem\u00ed, kde sa darilo predov\u0161etk\u00fdm <strong>J. Fuglsangovi<\/strong>. Ten zdolal druh\u00e9ho T. Van Garderena v\u00a0kone\u010dnom s\u00fa\u010dte len o\u00a020 sek\u00fand. Obdobne tomu bolo aj pri v\u00ed\u0165azstve Kolumbij\u010dana <strong>E. Bernala<\/strong> vo \u0160vaj\u010diarsku. Druh\u00fd R. Dennis na neho po 9 etap\u00e1ch stratil \u201elen\u201c 19 sek\u00fand. Nu\u017e, aj to je \u0161port.<\/p>\n<p>(zdroj: FB\/Elkov Author Team)<\/p>\n","protected":false},"excerpt":{"rendered":"<p>Posledn\u00fd jarn\u00fd mesiac sa n\u00e1m skon\u010dil. Aj ke\u010f pr\u00edvlastok jarn\u00fd mu neprisl\u00fachal u\u017e v\u00a0\u00favodn\u00fdch d\u0148och (najm\u00e4 v\u010faka tepl\u00e9mu po\u010dasiu), cyklisti [&hellip;]<\/p>\n","protected":false},"author":38,"featured_media":7646,"comment_status":"open","ping_status":"open","sticky":false,"template":"","format":"standard","meta":{"footnotes":""},"categories":[4],"tags":[540,115,359,1004,896,158,481,1005,46,523,307,891,355,332],"global-categories":[],"class_list":["post-7639","post","type-post","status-publish","format-standard","has-post-thumbnail","hentry","category-cestna-cyklisitika","tag-ceska-republika","tag-cestna-cyklistika","tag-doping","tag-drogy","tag-enduro","tag-juraj-sagan","tag-majstrovstva","tag-pad","tag-peter-sagan","tag-slovensko","tag-tom-dumoulin","tag-tour-de-suisse","tag-uci","tag-zranenia"],"yoast_head":"<!-- This site is optimized with the Yoast SEO Premium plugin v25.3 (Yoast SEO v25.9) - https:\/\/yoast.com\/wordpress\/plugins\/seo\/ -->\n<title>Mesa\u010dn\u00e1 desiatka \u2013 j\u00fan nabit\u00fd novinkami z\u00a0cyklistiky - \u0160koda We Love Cycling Slovensko<\/title>\n<meta name=\"robots\" content=\"index, follow, max-snippet:-1, max-image-preview:large, max-video-preview:-1\" \/>\n<link rel=\"canonical\" href=\"https:\/\/www.welovecycling.com\/sk\/2019\/06\/29\/mesacna-desiatka-jun-nabity-novinkami-z-cyklistiky\/\" \/>\n<meta property=\"og:locale\" content=\"sk_SK\" \/>\n<meta property=\"og:type\" content=\"article\" \/>\n<meta property=\"og:title\" content=\"Mesa\u010dn\u00e1 desiatka \u2013 j\u00fan nabit\u00fd novinkami z\u00a0cyklistiky\" \/>\n<meta property=\"og:description\" content=\"Posledn\u00fd jarn\u00fd mesiac sa n\u00e1m skon\u010dil. Aj ke\u010f pr\u00edvlastok jarn\u00fd mu neprisl\u00fachal u\u017e v\u00a0\u00favodn\u00fdch d\u0148och (najm\u00e4 v\u010faka tepl\u00e9mu po\u010dasiu), cyklisti [&hellip;]\" \/>\n<meta property=\"og:url\" content=\"https:\/\/www.welovecycling.com\/sk\/2019\/06\/29\/mesacna-desiatka-jun-nabity-novinkami-z-cyklistiky\/\" \/>\n<meta property=\"og:site_name\" content=\"\u0160koda We Love Cycling Slovensko\" \/>\n<meta property=\"article:published_time\" content=\"2019-06-29T08:34:23+00:00\" \/>\n<meta property=\"og:image\" content=\"https:\/\/d2p6e6u75xmxt8.cloudfront.net\/4\/2019\/06\/00-3.webp\" \/>\n\t<meta property=\"og:image:width\" content=\"1380\" \/>\n\t<meta property=\"og:image:height\" content=\"600\" \/>\n\t<meta property=\"og:image:type\" content=\"image\/webp\" \/>\n<meta name=\"author\" content=\"Ondrej Ga\u0161par\" \/>\n<meta name=\"twitter:card\" content=\"summary_large_image\" \/>\n<meta name=\"twitter:label1\" content=\"Written by\" \/>\n\t<meta name=\"twitter:data1\" content=\"We Love Cycling\" \/>\n\t<meta name=\"twitter:label2\" content=\"Est. reading time\" \/>\n\t<meta name=\"twitter:data2\" content=\"6\" \/>\n<script type=\"application\/ld+json\" class=\"yoast-schema-graph\">{\"@context\":\"https:\/\/schema.org\",\"@graph\":[{\"@type\":\"WebPage\",\"@id\":\"https:\/\/www.welovecycling.com\/sk\/2019\/06\/29\/mesacna-desiatka-jun-nabity-novinkami-z-cyklistiky\/\",\"url\":\"https:\/\/www.welovecycling.com\/sk\/2019\/06\/29\/mesacna-desiatka-jun-nabity-novinkami-z-cyklistiky\/\",\"name\":\"Mesa\u010dn\u00e1 desiatka \u2013 j\u00fan nabit\u00fd novinkami z\u00a0cyklistiky - \u0160koda We Love Cycling Slovensko\",\"isPartOf\":{\"@id\":\"https:\/\/www.welovecycling.com\/sk\/#website\"},\"primaryImageOfPage\":{\"@id\":\"https:\/\/www.welovecycling.com\/sk\/2019\/06\/29\/mesacna-desiatka-jun-nabity-novinkami-z-cyklistiky\/#primaryimage\"},\"image\":{\"@id\":\"https:\/\/www.welovecycling.com\/sk\/2019\/06\/29\/mesacna-desiatka-jun-nabity-novinkami-z-cyklistiky\/#primaryimage\"},\"thumbnailUrl\":\"https:\/\/d2p6e6u75xmxt8.cloudfront.net\/4\/2019\/06\/00-3.webp\",\"datePublished\":\"2019-06-29T08:34:23+00:00\",\"author\":{\"@id\":\"https:\/\/www.welovecycling.com\/sk\/#\/schema\/person\/8ee09ba39b7e25b1870160aa5b3a89bc\"},\"breadcrumb\":{\"@id\":\"https:\/\/www.welovecycling.com\/sk\/2019\/06\/29\/mesacna-desiatka-jun-nabity-novinkami-z-cyklistiky\/#breadcrumb\"},\"inLanguage\":\"sk-SK\",\"potentialAction\":[{\"@type\":\"ReadAction\",\"target\":[\"https:\/\/www.welovecycling.com\/sk\/2019\/06\/29\/mesacna-desiatka-jun-nabity-novinkami-z-cyklistiky\/\"]}]},{\"@type\":\"ImageObject\",\"inLanguage\":\"sk-SK\",\"@id\":\"https:\/\/www.welovecycling.com\/sk\/2019\/06\/29\/mesacna-desiatka-jun-nabity-novinkami-z-cyklistiky\/#primaryimage\",\"url\":\"https:\/\/d2p6e6u75xmxt8.cloudfront.net\/4\/2019\/06\/00-3.webp\",\"contentUrl\":\"https:\/\/d2p6e6u75xmxt8.cloudfront.net\/4\/2019\/06\/00-3.webp\",\"width\":1380,\"height\":600},{\"@type\":\"BreadcrumbList\",\"@id\":\"https:\/\/www.welovecycling.com\/sk\/2019\/06\/29\/mesacna-desiatka-jun-nabity-novinkami-z-cyklistiky\/#breadcrumb\",\"itemListElement\":[{\"@type\":\"ListItem\",\"position\":1,\"name\":\"Home\",\"item\":\"https:\/\/www.welovecycling.com\/sk\/\"},{\"@type\":\"ListItem\",\"position\":2,\"name\":\"Mesa\u010dn\u00e1 desiatka \u2013 j\u00fan nabit\u00fd novinkami z\u00a0cyklistiky\"}]},{\"@type\":\"WebSite\",\"@id\":\"https:\/\/www.welovecycling.com\/sk\/#website\",\"url\":\"https:\/\/www.welovecycling.com\/sk\/\",\"name\":\"\u0160koda We Love Cycling Slovensko\",\"description\":\"\u0160koda We Love Cycling Slovensko je v\u00e1\u0161 ka\u017edodenn\u00fd zdroj noviniek a in\u0161pir\u00e1cie z sveta cyklistiky\",\"potentialAction\":[{\"@type\":\"SearchAction\",\"target\":{\"@type\":\"EntryPoint\",\"urlTemplate\":\"https:\/\/www.welovecycling.com\/sk\/?s={search_term_string}\"},\"query-input\":{\"@type\":\"PropertyValueSpecification\",\"valueRequired\":true,\"valueName\":\"search_term_string\"}}],\"inLanguage\":\"sk-SK\"},{\"@type\":\"Person\",\"@id\":\"https:\/\/www.welovecycling.com\/sk\/#\/schema\/person\/8ee09ba39b7e25b1870160aa5b3a89bc\",\"name\":\"Ondrej Ga\u0161par\",\"image\":{\"@type\":\"ImageObject\",\"inLanguage\":\"sk-SK\",\"@id\":\"https:\/\/www.welovecycling.com\/sk\/#\/schema\/person\/image\/\",\"url\":\"https:\/\/secure.gravatar.com\/avatar\/6126c9afb87b70da5abbb083ddbb21933da15f18f8ca7cb822aba0fb096a48f6?s=96&d=mm&r=g\",\"contentUrl\":\"https:\/\/secure.gravatar.com\/avatar\/6126c9afb87b70da5abbb083ddbb21933da15f18f8ca7cb822aba0fb096a48f6?s=96&d=mm&r=g\",\"caption\":\"Ondrej Ga\u0161par\"},\"url\":\"https:\/\/www.welovecycling.com\/sk\/author\/ondrejgaspar\/\"}]}<\/script>\n<!-- \/ Yoast SEO Premium plugin. -->","yoast_head_json":{"title":"Mesa\u010dn\u00e1 desiatka \u2013 j\u00fan nabit\u00fd novinkami z\u00a0cyklistiky - \u0160koda We Love Cycling Slovensko","robots":{"index":"index","follow":"follow","max-snippet":"max-snippet:-1","max-image-preview":"max-image-preview:large","max-video-preview":"max-video-preview:-1"},"canonical":"https:\/\/www.welovecycling.com\/sk\/2019\/06\/29\/mesacna-desiatka-jun-nabity-novinkami-z-cyklistiky\/","og_locale":"sk_SK","og_type":"article","og_title":"Mesa\u010dn\u00e1 desiatka \u2013 j\u00fan nabit\u00fd novinkami z\u00a0cyklistiky","og_description":"Posledn\u00fd jarn\u00fd mesiac sa n\u00e1m skon\u010dil. Aj ke\u010f pr\u00edvlastok jarn\u00fd mu neprisl\u00fachal u\u017e v\u00a0\u00favodn\u00fdch d\u0148och (najm\u00e4 v\u010faka tepl\u00e9mu po\u010dasiu), cyklisti [&hellip;]","og_url":"https:\/\/www.welovecycling.com\/sk\/2019\/06\/29\/mesacna-desiatka-jun-nabity-novinkami-z-cyklistiky\/","og_site_name":"\u0160koda We Love Cycling Slovensko","article_published_time":"2019-06-29T08:34:23+00:00","og_image":[{"width":1380,"height":600,"url":"https:\/\/d2p6e6u75xmxt8.cloudfront.net\/4\/2019\/06\/00-3.webp","type":"image\/webp"}],"author":"Ondrej Ga\u0161par","twitter_card":"summary_large_image","twitter_misc":{"Written by":"We Love Cycling","Est. reading time":"6"},"schema":{"@context":"https:\/\/schema.org","@graph":[{"@type":"WebPage","@id":"https:\/\/www.welovecycling.com\/sk\/2019\/06\/29\/mesacna-desiatka-jun-nabity-novinkami-z-cyklistiky\/","url":"https:\/\/www.welovecycling.com\/sk\/2019\/06\/29\/mesacna-desiatka-jun-nabity-novinkami-z-cyklistiky\/","name":"Mesa\u010dn\u00e1 desiatka \u2013 j\u00fan nabit\u00fd novinkami z\u00a0cyklistiky - \u0160koda We Love Cycling Slovensko","isPartOf":{"@id":"https:\/\/www.welovecycling.com\/sk\/#website"},"primaryImageOfPage":{"@id":"https:\/\/www.welovecycling.com\/sk\/2019\/06\/29\/mesacna-desiatka-jun-nabity-novinkami-z-cyklistiky\/#primaryimage"},"image":{"@id":"https:\/\/www.welovecycling.com\/sk\/2019\/06\/29\/mesacna-desiatka-jun-nabity-novinkami-z-cyklistiky\/#primaryimage"},"thumbnailUrl":"https:\/\/d2p6e6u75xmxt8.cloudfront.net\/4\/2019\/06\/00-3.webp","datePublished":"2019-06-29T08:34:23+00:00","author":{"@id":"https:\/\/www.welovecycling.com\/sk\/#\/schema\/person\/8ee09ba39b7e25b1870160aa5b3a89bc"},"breadcrumb":{"@id":"https:\/\/www.welovecycling.com\/sk\/2019\/06\/29\/mesacna-desiatka-jun-nabity-novinkami-z-cyklistiky\/#breadcrumb"},"inLanguage":"sk-SK","potentialAction":[{"@type":"ReadAction","target":["https:\/\/www.welovecycling.com\/sk\/2019\/06\/29\/mesacna-desiatka-jun-nabity-novinkami-z-cyklistiky\/"]}]},{"@type":"ImageObject","inLanguage":"sk-SK","@id":"https:\/\/www.welovecycling.com\/sk\/2019\/06\/29\/mesacna-desiatka-jun-nabity-novinkami-z-cyklistiky\/#primaryimage","url":"https:\/\/d2p6e6u75xmxt8.cloudfront.net\/4\/2019\/06\/00-3.webp","contentUrl":"https:\/\/d2p6e6u75xmxt8.cloudfront.net\/4\/2019\/06\/00-3.webp","width":1380,"height":600},{"@type":"BreadcrumbList","@id":"https:\/\/www.welovecycling.com\/sk\/2019\/06\/29\/mesacna-desiatka-jun-nabity-novinkami-z-cyklistiky\/#breadcrumb","itemListElement":[{"@type":"ListItem","position":1,"name":"Home","item":"https:\/\/www.welovecycling.com\/sk\/"},{"@type":"ListItem","position":2,"name":"Mesa\u010dn\u00e1 desiatka \u2013 j\u00fan nabit\u00fd novinkami z\u00a0cyklistiky"}]},{"@type":"WebSite","@id":"https:\/\/www.welovecycling.com\/sk\/#website","url":"https:\/\/www.welovecycling.com\/sk\/","name":"\u0160koda We Love Cycling Slovensko","description":"\u0160koda We Love Cycling Slovensko je v\u00e1\u0161 ka\u017edodenn\u00fd zdroj noviniek a in\u0161pir\u00e1cie z sveta cyklistiky","potentialAction":[{"@type":"SearchAction","target":{"@type":"EntryPoint","urlTemplate":"https:\/\/www.welovecycling.com\/sk\/?s={search_term_string}"},"query-input":{"@type":"PropertyValueSpecification","valueRequired":true,"valueName":"search_term_string"}}],"inLanguage":"sk-SK"},{"@type":"Person","@id":"https:\/\/www.welovecycling.com\/sk\/#\/schema\/person\/8ee09ba39b7e25b1870160aa5b3a89bc","name":"Ondrej Ga\u0161par","image":{"@type":"ImageObject","inLanguage":"sk-SK","@id":"https:\/\/www.welovecycling.com\/sk\/#\/schema\/person\/image\/","url":"https:\/\/secure.gravatar.com\/avatar\/6126c9afb87b70da5abbb083ddbb21933da15f18f8ca7cb822aba0fb096a48f6?s=96&d=mm&r=g","contentUrl":"https:\/\/secure.gravatar.com\/avatar\/6126c9afb87b70da5abbb083ddbb21933da15f18f8ca7cb822aba0fb096a48f6?s=96&d=mm&r=g","caption":"Ondrej Ga\u0161par"},"url":"https:\/\/www.welovecycling.com\/sk\/author\/ondrejgaspar\/"}]}},"_links":{"self":[{"href":"https:\/\/www.welovecycling.com\/sk\/wp-json\/wp\/v2\/posts\/7639","targetHints":{"allow":["GET"]}}],"collection":[{"href":"https:\/\/www.welovecycling.com\/sk\/wp-json\/wp\/v2\/posts"}],"about":[{"href":"https:\/\/www.welovecycling.com\/sk\/wp-json\/wp\/v2\/types\/post"}],"author":[{"embeddable":true,"href":"https:\/\/www.welovecycling.com\/sk\/wp-json\/wp\/v2\/users\/38"}],"replies":[{"embeddable":true,"href":"https:\/\/www.welovecycling.com\/sk\/wp-json\/wp\/v2\/comments?post=7639"}],"version-history":[{"count":2,"href":"https:\/\/www.welovecycling.com\/sk\/wp-json\/wp\/v2\/posts\/7639\/revisions"}],"predecessor-version":[{"id":7649,"href":"https:\/\/www.welovecycling.com\/sk\/wp-json\/wp\/v2\/posts\/7639\/revisions\/7649"}],"wp:featuredmedia":[{"embeddable":true,"href":"https:\/\/www.welovecycling.com\/sk\/wp-json\/wp\/v2\/media\/7646"}],"wp:attachment":[{"href":"https:\/\/www.welovecycling.com\/sk\/wp-json\/wp\/v2\/media?parent=7639"}],"wp:term":[{"taxonomy":"category","embeddable":true,"href":"https:\/\/www.welovecycling.com\/sk\/wp-json\/wp\/v2\/categories?post=7639"},{"taxonomy":"post_tag","embeddable":true,"href":"https:\/\/www.welovecycling.com\/sk\/wp-json\/wp\/v2\/tags?post=7639"},{"taxonomy":"global-categories","embeddable":true,"href":"https:\/\/www.welovecycling.com\/sk\/wp-json\/wp\/v2\/global-categories?post=7639"}],"curies":[{"name":"wp","href":"https:\/\/api.w.org\/{rel}","templated":true}]}}