{"id":7613,"date":"2019-06-25T15:17:27","date_gmt":"2019-06-25T13:17:27","guid":{"rendered":"https:\/\/www.welovecycling.com\/sk\/?p=7613"},"modified":"2019-06-25T15:22:13","modified_gmt":"2019-06-25T13:22:13","slug":"tour-de-france-kto-je-favoritom-na-zlty-dres","status":"publish","type":"post","link":"https:\/\/www.welovecycling.com\/sk\/2019\/06\/25\/tour-de-france-kto-je-favoritom-na-zlty-dres\/","title":{"rendered":"Tour de France \u2013 kto je favoritom na \u017elt\u00fd dres?"},"content":{"rendered":"<p><strong>U\u017e o\u00a0p\u00e1r dn\u00ed, konkr\u00e9tne 6. j\u00fala, sa v\u00a0belgickom Bruseli za\u010dn\u00fa jedny z\u00a0najpopul\u00e1rnej\u0161\u00edch a\u00a0najhodnotnej\u0161\u00edch pretekov na svete. Samozrejme, ide o\u00a0Tour de France, v\u00a0ktorej sa predstav\u00ed sama \u0161pi\u010dka cestnej cyklistiky. Ak\u00e9 \u0161ance maj\u00fa jednotliv\u00ed l\u00eddri t\u00edmov?<\/strong><!--more--><\/p>\n<h2><strong>Ineos bez Frooma<\/strong><\/h2>\n<p>Po ned\u00e1vnej spr\u00e1ve, kedy sa potvrdil nepr\u00edjemn\u00fd fakt o\u00a0zranen\u00ed Frooma, bolo jasn\u00e9, \u017ee <strong>tohtoro\u010dn\u00e1 Tour strat\u00ed viacn\u00e1sobn\u00e9ho v\u00ed\u0165aza \u017elt\u00e9ho dresu<\/strong>. Tento incident sa stal po\u010das \u201ene\u0161kodn\u00e9ho\u201c \u010dasovk\u00e1rskeho tr\u00e9ningu t\u00edmu, kedy Chris po chv\u00ed\u013ekovom zav\u00e1han\u00ed nezvl\u00e1dol op\u00e4tovne z\u00edska\u0165 kontrolu nad riaden\u00edm bicykla a\u00a0vz\u00e1p\u00e4t\u00ed sa por\u00fa\u010dal k\u00a0zemi. N\u00e1sledok toho je zlomen\u00e1 prav\u00e1 stehenn\u00e1 kos\u0165, zlomen\u00fd lake\u0165 a\u00a0zlomen\u00e9 rebr\u00e1. Po tejto nehode je zrejm\u00e9, \u017ee neexistuje ani hypotetick\u00e1 mo\u017enos\u0165 \u00faplnej regener\u00e1cie pred za\u010diatkom Tour.<\/p>\n<p>https:\/\/www.instagram.com\/p\/BynjVGgAHbi\/<\/p>\n<h2><strong>Giro oslabilo pole mo\u017en\u00fdch favoritov<\/strong><\/h2>\n<p>Fakt, \u017ee vyhra\u0165 Giro d\u00b4Italia a\u00a0n\u00e1sledne aj Tour de France nie je mo\u017en\u00e9, je v\u00a0s\u00fa\u010dasnom pelot\u00f3ne realitou. Posledn\u00fdm tak\u00fdmto v\u00ed\u0165azom sa stal v\u00a0roku 1998 Marco Pantani. E\u0161te Ch. Froome dok\u00e1zal obh\u00e1ji\u0165 prvenstvo na 2 Grand Tour v\u00a0jednom roku \u2013 po\u010das sez\u00f3ny 2017 v\u00a0spojen\u00ed Tour de France a\u00a0Vuelty. Po tom, ako na tohtoro\u010dnom Gire dominoval R. Carapaz, v\u00a0z\u00e1vese za ktor\u00fdm sa postupne radili V. Nibali, P. Rogli\u010d, M. Landa, B. Mollema a\u00a0in\u00ed, by sme mohli o\u010dak\u00e1va\u0165 ich oslabenie pred Tour. Samozrejme v\u00a0pr\u00edpade, ak by na Tour nast\u00fapili. Z\u00a0tejto skupiny budeme (pod\u013ea doteraj\u0161\u00edch inform\u00e1ci\u00ed) v\u00a0j\u00fali <strong>vidie\u0165 iba V. Nibaliho a M. Landu<\/strong>.<\/p>\n<p><a href=\"https:\/\/d2p6e6u75xmxt8.cloudfront.net\/4\/2019\/06\/01-1.jpg\"><img loading=\"lazy\" decoding=\"async\" src=\"https:\/\/d2p6e6u75xmxt8.cloudfront.net\/4\/2019\/06\/01-1.jpg\" alt=\"\" width=\"1200\" height=\"800\" class=\"alignnone size-full wp-image-7617\" \/><\/a><\/p>\n<h2><strong>T. Dumoulin si po nedokon\u010denom Gire bude musie\u0165 da\u0165 vo\u013eno aj od Tour<\/strong><\/h2>\n<p>Holandsk\u00fd \u0161pecialista na trojt\u00fd\u017ed\u0148ov\u00e9 etap\u00e1ky sa po\u010das Gira nepredviedol v\u00a0najlep\u0161om svetle. D\u00f4vodom toho bol p\u00e1d, do ktor\u00e9ho sa v\u0161ak nedostal svoj\u00edm pri\u010dinen\u00edm. Manko zo 4. etapy, ktor\u00e9 v\u00a0cieli bolo na hodnote vy\u0161e 4 min\u00fat, ho odsunulo mimo boja o\u00a0ru\u017eov\u00fd dres. Do tej doby dr\u017eal celkov\u00e9 5. miesto. V\u00a0predch\u00e1dzaj\u00facej \u010dasti sez\u00f3ny z\u00edskal okrem in\u00e9ho aj 4. miesto v\u00a0celkovej klasifik\u00e1cii na Tirreno Adriatico, alebo 6. miesto na UAE Tour. Nakoniec sa <strong>z\u00a0d\u00f4vodu nedostato\u010dnej regener\u00e1cie<\/strong> Tour de France nez\u00fa\u010dastn\u00ed.<\/p>\n<p><a href=\"https:\/\/d2p6e6u75xmxt8.cloudfront.net\/4\/2019\/06\/02-2.jpg\"><img loading=\"lazy\" decoding=\"async\" src=\"https:\/\/d2p6e6u75xmxt8.cloudfront.net\/4\/2019\/06\/02-2.jpg\" alt=\"\" width=\"1200\" height=\"800\" class=\"alignnone size-full wp-image-7618\" \/><\/a><\/p>\n<h2><strong>\u010co n\u00e1m uk\u00e1zalo Crit\u00e9rium du Dauphin\u00e9?<\/strong><\/h2>\n<p>Tradi\u010dn\u00e1 previerka v\u00fdkonnosti prich\u00e1dza na rad tesne pred za\u010diatkom Tour. Ide o\u00a0osemd\u0148ov\u00e9 etapov\u00e9 preteky vo Franc\u00fazsku, ktor\u00e9 pon\u00fakaj\u00fa obdobn\u00e9 etapy, ako je tomu aj na &#8222;Starej d\u00e1me&#8220;. Najlep\u0161ie si s\u00a0tra\u0165ou poradil J. Fuglsang, ktor\u00fd zv\u00ed\u0165azil pred T. Van Garderenom a\u00a0E. Buchmannom. S\u00a0pribli\u017ene min\u00fatovou stratou (\u00faspe\u0161ne) skon\u010dili aj T. Pinot, D. Martin, N. Quintana, R. Bardet \u010di R. Porte. V\u0161etci menovan\u00ed s\u00fa potencion\u00e1lnymi favoritmi v\u00a0boji o\u00a0\u017elt\u00fd dres.<\/p>\n<p>https:\/\/www.youtube.com\/watch?v=XbZwUIuKeP8<\/p>\n<h2><strong>Okolo \u0160vaj\u010diarska s\u00a0prekvapeniami<\/strong><\/h2>\n<p>Posledn\u00fd z\u00a0etap\u00e1kov spolu s\u00a0Dauphin\u00e9 sa v\u00a0posledn\u00fdch d\u0148och stal takmer osudn\u00fdm pre druh\u00e9ho z\u00a0favoritov Ineos t\u00edmu, G. Thomasa. Ten sa vo 4. etape ocitol na zemi. Na\u0161\u0165astie pre neho mu doktori okrem \u0161krabancov a\u00a0slab\u00e9ho otrasu nediagnostikovali ni\u010d v\u00e1\u017ene. Radostn\u00e1 spr\u00e1va sa sp\u00e1ja so Slov\u00e1kom <strong>P. Saganom<\/strong>, ktor\u00fd vyzer\u00e1, \u017ee sa v\u00a0posledn\u00fdch t\u00fd\u017ed\u0148och <strong>dost\u00e1va sp\u00e4\u0165 do formy<\/strong> \u2013 v\u00ed\u0165azstvo a\u00a0p\u00f3diov\u00e9 umiestnenia s\u00fa toho d\u00f4kazom.<\/p>\n<p>(zdroje fotiek: FB\/LeTourdeFrance, FB\/GirodItalia, FB\/Sunweb)<\/p>\n","protected":false},"excerpt":{"rendered":"<p>U\u017e o\u00a0p\u00e1r dn\u00ed, konkr\u00e9tne 6. j\u00fala, sa v\u00a0belgickom Bruseli za\u010dn\u00fa jedny z\u00a0najpopul\u00e1rnej\u0161\u00edch a\u00a0najhodnotnej\u0161\u00edch pretekov na svete. Samozrejme, ide o\u00a0Tour de [&hellip;]<\/p>\n","protected":false},"author":38,"featured_media":7619,"comment_status":"open","ping_status":"open","sticky":false,"template":"","format":"standard","meta":{"footnotes":""},"categories":[117],"tags":[558,115,119,306,268,116,46,179,189,445,20,810,174],"global-categories":[],"class_list":["post-7613","post","type-post","status-publish","format-standard","has-post-thumbnail","hentry","category-tour-de-france","tag-558","tag-cestna-cyklistika","tag-chris-froome","tag-francuzsko","tag-grand-tour","tag-nairo-quintana","tag-peter-sagan","tag-preteky","tag-romain-bardet","tag-thibaut-pinot","tag-tour-de-france","tag-tour-de-france-2019","tag-zlty-dres"],"yoast_head":"<!-- This site is optimized with the Yoast SEO Premium plugin v25.3 (Yoast SEO v25.9) - https:\/\/yoast.com\/wordpress\/plugins\/seo\/ -->\n<title>Tour de France \u2013 kto je favoritom na \u017elt\u00fd dres? - \u0160koda We Love Cycling Slovensko<\/title>\n<meta name=\"robots\" content=\"index, follow, max-snippet:-1, max-image-preview:large, max-video-preview:-1\" \/>\n<link rel=\"canonical\" href=\"https:\/\/www.welovecycling.com\/sk\/2019\/06\/25\/tour-de-france-kto-je-favoritom-na-zlty-dres\/\" \/>\n<meta property=\"og:locale\" content=\"sk_SK\" \/>\n<meta property=\"og:type\" content=\"article\" \/>\n<meta property=\"og:title\" content=\"Tour de France \u2013 kto je favoritom na \u017elt\u00fd dres?\" \/>\n<meta property=\"og:description\" content=\"U\u017e o\u00a0p\u00e1r dn\u00ed, konkr\u00e9tne 6. j\u00fala, sa v\u00a0belgickom Bruseli za\u010dn\u00fa jedny z\u00a0najpopul\u00e1rnej\u0161\u00edch a\u00a0najhodnotnej\u0161\u00edch pretekov na svete. Samozrejme, ide o\u00a0Tour de [&hellip;]\" \/>\n<meta property=\"og:url\" content=\"https:\/\/www.welovecycling.com\/sk\/2019\/06\/25\/tour-de-france-kto-je-favoritom-na-zlty-dres\/\" \/>\n<meta property=\"og:site_name\" content=\"\u0160koda We Love Cycling Slovensko\" \/>\n<meta property=\"article:published_time\" content=\"2019-06-25T13:17:27+00:00\" \/>\n<meta property=\"article:modified_time\" content=\"2019-06-25T13:22:13+00:00\" \/>\n<meta property=\"og:image\" content=\"https:\/\/d2p6e6u75xmxt8.cloudfront.net\/4\/2019\/06\/00-2.webp\" \/>\n\t<meta property=\"og:image:width\" content=\"1380\" \/>\n\t<meta property=\"og:image:height\" content=\"600\" \/>\n\t<meta property=\"og:image:type\" content=\"image\/webp\" \/>\n<meta name=\"author\" content=\"Ondrej Ga\u0161par\" \/>\n<meta name=\"twitter:card\" content=\"summary_large_image\" \/>\n<meta name=\"twitter:label1\" content=\"Written by\" \/>\n\t<meta name=\"twitter:data1\" content=\"We Love Cycling\" \/>\n\t<meta name=\"twitter:label2\" content=\"Est. reading time\" \/>\n\t<meta name=\"twitter:data2\" content=\"4\" \/>\n<script type=\"application\/ld+json\" class=\"yoast-schema-graph\">{\"@context\":\"https:\/\/schema.org\",\"@graph\":[{\"@type\":\"WebPage\",\"@id\":\"https:\/\/www.welovecycling.com\/sk\/2019\/06\/25\/tour-de-france-kto-je-favoritom-na-zlty-dres\/\",\"url\":\"https:\/\/www.welovecycling.com\/sk\/2019\/06\/25\/tour-de-france-kto-je-favoritom-na-zlty-dres\/\",\"name\":\"Tour de France \u2013 kto je favoritom na \u017elt\u00fd dres? - \u0160koda We Love Cycling Slovensko\",\"isPartOf\":{\"@id\":\"https:\/\/www.welovecycling.com\/sk\/#website\"},\"primaryImageOfPage\":{\"@id\":\"https:\/\/www.welovecycling.com\/sk\/2019\/06\/25\/tour-de-france-kto-je-favoritom-na-zlty-dres\/#primaryimage\"},\"image\":{\"@id\":\"https:\/\/www.welovecycling.com\/sk\/2019\/06\/25\/tour-de-france-kto-je-favoritom-na-zlty-dres\/#primaryimage\"},\"thumbnailUrl\":\"https:\/\/d2p6e6u75xmxt8.cloudfront.net\/4\/2019\/06\/00-2.webp\",\"datePublished\":\"2019-06-25T13:17:27+00:00\",\"dateModified\":\"2019-06-25T13:22:13+00:00\",\"author\":{\"@id\":\"https:\/\/www.welovecycling.com\/sk\/#\/schema\/person\/8ee09ba39b7e25b1870160aa5b3a89bc\"},\"breadcrumb\":{\"@id\":\"https:\/\/www.welovecycling.com\/sk\/2019\/06\/25\/tour-de-france-kto-je-favoritom-na-zlty-dres\/#breadcrumb\"},\"inLanguage\":\"sk-SK\",\"potentialAction\":[{\"@type\":\"ReadAction\",\"target\":[\"https:\/\/www.welovecycling.com\/sk\/2019\/06\/25\/tour-de-france-kto-je-favoritom-na-zlty-dres\/\"]}]},{\"@type\":\"ImageObject\",\"inLanguage\":\"sk-SK\",\"@id\":\"https:\/\/www.welovecycling.com\/sk\/2019\/06\/25\/tour-de-france-kto-je-favoritom-na-zlty-dres\/#primaryimage\",\"url\":\"https:\/\/d2p6e6u75xmxt8.cloudfront.net\/4\/2019\/06\/00-2.webp\",\"contentUrl\":\"https:\/\/d2p6e6u75xmxt8.cloudfront.net\/4\/2019\/06\/00-2.webp\",\"width\":1380,\"height\":600},{\"@type\":\"BreadcrumbList\",\"@id\":\"https:\/\/www.welovecycling.com\/sk\/2019\/06\/25\/tour-de-france-kto-je-favoritom-na-zlty-dres\/#breadcrumb\",\"itemListElement\":[{\"@type\":\"ListItem\",\"position\":1,\"name\":\"Home\",\"item\":\"https:\/\/www.welovecycling.com\/sk\/\"},{\"@type\":\"ListItem\",\"position\":2,\"name\":\"Tour de France \u2013 kto je favoritom na \u017elt\u00fd dres?\"}]},{\"@type\":\"WebSite\",\"@id\":\"https:\/\/www.welovecycling.com\/sk\/#website\",\"url\":\"https:\/\/www.welovecycling.com\/sk\/\",\"name\":\"\u0160koda We Love Cycling Slovensko\",\"description\":\"\u0160koda We Love Cycling Slovensko je v\u00e1\u0161 ka\u017edodenn\u00fd zdroj noviniek a in\u0161pir\u00e1cie z sveta cyklistiky\",\"potentialAction\":[{\"@type\":\"SearchAction\",\"target\":{\"@type\":\"EntryPoint\",\"urlTemplate\":\"https:\/\/www.welovecycling.com\/sk\/?s={search_term_string}\"},\"query-input\":{\"@type\":\"PropertyValueSpecification\",\"valueRequired\":true,\"valueName\":\"search_term_string\"}}],\"inLanguage\":\"sk-SK\"},{\"@type\":\"Person\",\"@id\":\"https:\/\/www.welovecycling.com\/sk\/#\/schema\/person\/8ee09ba39b7e25b1870160aa5b3a89bc\",\"name\":\"Ondrej Ga\u0161par\",\"image\":{\"@type\":\"ImageObject\",\"inLanguage\":\"sk-SK\",\"@id\":\"https:\/\/www.welovecycling.com\/sk\/#\/schema\/person\/image\/\",\"url\":\"https:\/\/secure.gravatar.com\/avatar\/6126c9afb87b70da5abbb083ddbb21933da15f18f8ca7cb822aba0fb096a48f6?s=96&d=mm&r=g\",\"contentUrl\":\"https:\/\/secure.gravatar.com\/avatar\/6126c9afb87b70da5abbb083ddbb21933da15f18f8ca7cb822aba0fb096a48f6?s=96&d=mm&r=g\",\"caption\":\"Ondrej Ga\u0161par\"},\"url\":\"https:\/\/www.welovecycling.com\/sk\/author\/ondrejgaspar\/\"}]}<\/script>\n<!-- \/ Yoast SEO Premium plugin. -->","yoast_head_json":{"title":"Tour de France \u2013 kto je favoritom na \u017elt\u00fd dres? - \u0160koda We Love Cycling Slovensko","robots":{"index":"index","follow":"follow","max-snippet":"max-snippet:-1","max-image-preview":"max-image-preview:large","max-video-preview":"max-video-preview:-1"},"canonical":"https:\/\/www.welovecycling.com\/sk\/2019\/06\/25\/tour-de-france-kto-je-favoritom-na-zlty-dres\/","og_locale":"sk_SK","og_type":"article","og_title":"Tour de France \u2013 kto je favoritom na \u017elt\u00fd dres?","og_description":"U\u017e o\u00a0p\u00e1r dn\u00ed, konkr\u00e9tne 6. j\u00fala, sa v\u00a0belgickom Bruseli za\u010dn\u00fa jedny z\u00a0najpopul\u00e1rnej\u0161\u00edch a\u00a0najhodnotnej\u0161\u00edch pretekov na svete. Samozrejme, ide o\u00a0Tour de [&hellip;]","og_url":"https:\/\/www.welovecycling.com\/sk\/2019\/06\/25\/tour-de-france-kto-je-favoritom-na-zlty-dres\/","og_site_name":"\u0160koda We Love Cycling Slovensko","article_published_time":"2019-06-25T13:17:27+00:00","article_modified_time":"2019-06-25T13:22:13+00:00","og_image":[{"width":1380,"height":600,"url":"https:\/\/d2p6e6u75xmxt8.cloudfront.net\/4\/2019\/06\/00-2.webp","type":"image\/webp"}],"author":"Ondrej Ga\u0161par","twitter_card":"summary_large_image","twitter_misc":{"Written by":"We Love Cycling","Est. reading time":"4"},"schema":{"@context":"https:\/\/schema.org","@graph":[{"@type":"WebPage","@id":"https:\/\/www.welovecycling.com\/sk\/2019\/06\/25\/tour-de-france-kto-je-favoritom-na-zlty-dres\/","url":"https:\/\/www.welovecycling.com\/sk\/2019\/06\/25\/tour-de-france-kto-je-favoritom-na-zlty-dres\/","name":"Tour de France \u2013 kto je favoritom na \u017elt\u00fd dres? - \u0160koda We Love Cycling Slovensko","isPartOf":{"@id":"https:\/\/www.welovecycling.com\/sk\/#website"},"primaryImageOfPage":{"@id":"https:\/\/www.welovecycling.com\/sk\/2019\/06\/25\/tour-de-france-kto-je-favoritom-na-zlty-dres\/#primaryimage"},"image":{"@id":"https:\/\/www.welovecycling.com\/sk\/2019\/06\/25\/tour-de-france-kto-je-favoritom-na-zlty-dres\/#primaryimage"},"thumbnailUrl":"https:\/\/d2p6e6u75xmxt8.cloudfront.net\/4\/2019\/06\/00-2.webp","datePublished":"2019-06-25T13:17:27+00:00","dateModified":"2019-06-25T13:22:13+00:00","author":{"@id":"https:\/\/www.welovecycling.com\/sk\/#\/schema\/person\/8ee09ba39b7e25b1870160aa5b3a89bc"},"breadcrumb":{"@id":"https:\/\/www.welovecycling.com\/sk\/2019\/06\/25\/tour-de-france-kto-je-favoritom-na-zlty-dres\/#breadcrumb"},"inLanguage":"sk-SK","potentialAction":[{"@type":"ReadAction","target":["https:\/\/www.welovecycling.com\/sk\/2019\/06\/25\/tour-de-france-kto-je-favoritom-na-zlty-dres\/"]}]},{"@type":"ImageObject","inLanguage":"sk-SK","@id":"https:\/\/www.welovecycling.com\/sk\/2019\/06\/25\/tour-de-france-kto-je-favoritom-na-zlty-dres\/#primaryimage","url":"https:\/\/d2p6e6u75xmxt8.cloudfront.net\/4\/2019\/06\/00-2.webp","contentUrl":"https:\/\/d2p6e6u75xmxt8.cloudfront.net\/4\/2019\/06\/00-2.webp","width":1380,"height":600},{"@type":"BreadcrumbList","@id":"https:\/\/www.welovecycling.com\/sk\/2019\/06\/25\/tour-de-france-kto-je-favoritom-na-zlty-dres\/#breadcrumb","itemListElement":[{"@type":"ListItem","position":1,"name":"Home","item":"https:\/\/www.welovecycling.com\/sk\/"},{"@type":"ListItem","position":2,"name":"Tour de France \u2013 kto je favoritom na \u017elt\u00fd dres?"}]},{"@type":"WebSite","@id":"https:\/\/www.welovecycling.com\/sk\/#website","url":"https:\/\/www.welovecycling.com\/sk\/","name":"\u0160koda We Love Cycling Slovensko","description":"\u0160koda We Love Cycling Slovensko je v\u00e1\u0161 ka\u017edodenn\u00fd zdroj noviniek a in\u0161pir\u00e1cie z sveta cyklistiky","potentialAction":[{"@type":"SearchAction","target":{"@type":"EntryPoint","urlTemplate":"https:\/\/www.welovecycling.com\/sk\/?s={search_term_string}"},"query-input":{"@type":"PropertyValueSpecification","valueRequired":true,"valueName":"search_term_string"}}],"inLanguage":"sk-SK"},{"@type":"Person","@id":"https:\/\/www.welovecycling.com\/sk\/#\/schema\/person\/8ee09ba39b7e25b1870160aa5b3a89bc","name":"Ondrej Ga\u0161par","image":{"@type":"ImageObject","inLanguage":"sk-SK","@id":"https:\/\/www.welovecycling.com\/sk\/#\/schema\/person\/image\/","url":"https:\/\/secure.gravatar.com\/avatar\/6126c9afb87b70da5abbb083ddbb21933da15f18f8ca7cb822aba0fb096a48f6?s=96&d=mm&r=g","contentUrl":"https:\/\/secure.gravatar.com\/avatar\/6126c9afb87b70da5abbb083ddbb21933da15f18f8ca7cb822aba0fb096a48f6?s=96&d=mm&r=g","caption":"Ondrej Ga\u0161par"},"url":"https:\/\/www.welovecycling.com\/sk\/author\/ondrejgaspar\/"}]}},"_links":{"self":[{"href":"https:\/\/www.welovecycling.com\/sk\/wp-json\/wp\/v2\/posts\/7613","targetHints":{"allow":["GET"]}}],"collection":[{"href":"https:\/\/www.welovecycling.com\/sk\/wp-json\/wp\/v2\/posts"}],"about":[{"href":"https:\/\/www.welovecycling.com\/sk\/wp-json\/wp\/v2\/types\/post"}],"author":[{"embeddable":true,"href":"https:\/\/www.welovecycling.com\/sk\/wp-json\/wp\/v2\/users\/38"}],"replies":[{"embeddable":true,"href":"https:\/\/www.welovecycling.com\/sk\/wp-json\/wp\/v2\/comments?post=7613"}],"version-history":[{"count":2,"href":"https:\/\/www.welovecycling.com\/sk\/wp-json\/wp\/v2\/posts\/7613\/revisions"}],"predecessor-version":[{"id":7622,"href":"https:\/\/www.welovecycling.com\/sk\/wp-json\/wp\/v2\/posts\/7613\/revisions\/7622"}],"wp:featuredmedia":[{"embeddable":true,"href":"https:\/\/www.welovecycling.com\/sk\/wp-json\/wp\/v2\/media\/7619"}],"wp:attachment":[{"href":"https:\/\/www.welovecycling.com\/sk\/wp-json\/wp\/v2\/media?parent=7613"}],"wp:term":[{"taxonomy":"category","embeddable":true,"href":"https:\/\/www.welovecycling.com\/sk\/wp-json\/wp\/v2\/categories?post=7613"},{"taxonomy":"post_tag","embeddable":true,"href":"https:\/\/www.welovecycling.com\/sk\/wp-json\/wp\/v2\/tags?post=7613"},{"taxonomy":"global-categories","embeddable":true,"href":"https:\/\/www.welovecycling.com\/sk\/wp-json\/wp\/v2\/global-categories?post=7613"}],"curies":[{"name":"wp","href":"https:\/\/api.w.org\/{rel}","templated":true}]}}