{"id":7573,"date":"2019-06-21T10:50:21","date_gmt":"2019-06-21T08:50:21","guid":{"rendered":"https:\/\/www.welovecycling.com\/sk\/?p=7573"},"modified":"2019-06-21T11:30:36","modified_gmt":"2019-06-21T09:30:36","slug":"ako-budu-vyzerat-majstrovstva-slovenska-v-cestnej-cyklistike","status":"publish","type":"post","link":"https:\/\/www.welovecycling.com\/sk\/2019\/06\/21\/ako-budu-vyzerat-majstrovstva-slovenska-v-cestnej-cyklistike\/","title":{"rendered":"Ako bud\u00fa vyzera\u0165 majstrovstv\u00e1 Slovenska v\u00a0cestnej cyklistike?"},"content":{"rendered":"<p><strong>Pri poh\u013eade do kalend\u00e1ra si r\u00fdchlo uvedom\u00edme, \u017ee pr\u00e1ve s\u00fa\u010dasn\u00e9 obdobie je \u010dasom n\u00e1rodn\u00fdch \u0161ampion\u00e1tov \u2013 niet sa \u010domu divi\u0165, ka\u017ed\u00fd \u0161t\u00e1t chce ma\u0165 svojho majstra na bl\u00ed\u017eiacich sa najprest\u00ed\u017enej\u0161\u00edch podujatiach, ak\u00fdm je Tour de France alebo Vuelta.<\/strong><!--more--><\/p>\n<p>Slovensk\u00e1 republika sa u\u017e nieko\u013eko rokov del\u00ed o\u00a0jednotn\u00e9 majstrovstv\u00e1 s\u00a0\u010ceskou republikou, v\u00fdsledkom \u010doho je jedine\u010dn\u00e9 podujatie, kedy sa na \u0161tartovej p\u00e1ske <strong>stret\u00e1vaj\u00fa favoriti zo Slovenka aj \u010ceska<\/strong>. Tento rok pripadol, ako to u\u017e tradi\u010dne b\u00fdva, Slovenskej republike. Minuloro\u010dn\u00e9 majstrovstv\u00e1 mali preto \u010desk\u00e9 korene \u2013 n\u00e1ro\u010dn\u00e1 tra\u0165 spo\u010d\u00edvala v\u00a012 okruhoch s\u00a0d\u013a\u017ekou 16 km a\u00a0troma kr\u00e1tkymi st\u00fapaniami.<\/p>\n<h2><strong>Tra\u0165<\/strong><\/h2>\n<p>D\u00f4le\u017eit\u00fdm prvkom pri rozhodovan\u00ed o\u00a0v\u00fdslednom v\u00ed\u0165azovi je samozrejme profil a\u00a0d\u013a\u017eka cel\u00fdch pretekov. Ako u\u017e bolo spom\u00ednan\u00e9, minuloro\u010dn\u00e1 tra\u0165 merala vy\u0161e 190 km. D\u013a\u017eka a\u00a0situovanos\u0165 tej s\u00fa\u010dasnej m\u00e1 ist\u00e9 podobnosti. Cel\u00e9 preteky sa odohraj\u00fa <strong>v\u00a0bl\u00edzkom okol\u00ed Trnavy<\/strong> \u2013 najvzdialenej\u0161\u00edm bodom bude tzv. \u201epr\u00edmestsk\u00fd okruh\u201c, na ktorom sa nach\u00e1dza aj st\u00fapanie medzi obcami Nah\u00e1\u010d a\u00a0Dechtice.<\/p>\n<p><a href=\"https:\/\/d2p6e6u75xmxt8.cloudfront.net\/4\/2019\/06\/02-1.jpg\"><img loading=\"lazy\" decoding=\"async\" class=\"alignnone size-full wp-image-7574\" src=\"https:\/\/d2p6e6u75xmxt8.cloudfront.net\/4\/2019\/06\/02-1.jpg\" alt=\"\" width=\"1200\" height=\"800\" \/><\/a><\/p>\n<p>Trnava svojou polohou s\u00edce nie je mestom \u201espod Tatier\u201c, av\u0161ak aj tak m\u00e1 svoje cyklistick\u00e9 \u0161pecifik\u00e1. Vrch\u00e1ri by sa na trati, \u010di u\u017e ide o\u00a0\u010dasovku jednotlivcov alebo hromadn\u00e9 preteky, presadili len \u0165a\u017eko. Prv\u00e1 menovan\u00e1, teda \u010dasovka, sa odv\u00edja od kateg\u00f3rie pretek\u00e1rov. Juniorky,\u00a0\u017eeny a\u00a0juniori bud\u00fa musie\u0165 zvl\u00e1dnu\u0165 rovinat\u00fd okruh v\u00a0d\u013a\u017eke 20,5 km so 140 nast\u00fapan\u00fdmi metrami. U\u00a0mu\u017eov U23 a\u00a0elite to bude o\u00a0\u010dosi dlh\u0161ie &#8211; pred nimi bude st\u00e1\u0165 tra\u0165 s\u00a0dvojn\u00e1sobn\u00fdm po\u010dtom kilometrov, teda 2 okruhy s\u00a0celkovou d\u013a\u017ekou 41 km.<\/p>\n<p>Sn\u00e1\u010f najzauj\u00edmavej\u0161\u00edm a\u00a0najo\u010dak\u00e1vanej\u0161\u00edm podujat\u00edm s\u00fa <strong>preteky s\u00a0hromadn\u00fdm \u0161tartom<\/strong>. Tu sa op\u00e4\u0165 predstav\u00ed 5 kateg\u00f3ri\u00ed, ktor\u00e9 zabojuj\u00fa na \u010diasto\u010dne zvlnenej trati. Najkrat\u0161iu vzdialenos\u0165 urazia <strong>juniori, juniorky a\u00a0\u017eeny<\/strong>. V\u00a0celkovom s\u00fa\u010dte ide <strong>o\u00a0125 km<\/strong>, ktor\u00e9 sa skladaj\u00fa z\u00a0\u00favodn\u00fdch dvoch pr\u00edmestsk\u00fdch okruhov, na ktor\u00fdch sa opakovane objav\u00ed st\u00fapanie na 20. a\u00a035. kilometri s\u00a0prev\u00fd\u0161en\u00edm 100 m. Po nich nasleduje 5 cie\u013eov\u00fdch okruhov, po\u010das ktor\u00fdch sa prejde cez cie\u013eov\u00fa p\u00e1sku. Tieto okruhy s\u00fa viac-menej rovinat\u00e9, s\u00a0mal\u00fdmi st\u00fapaniami, neprevy\u0161uj\u00facimi d\u013a\u017ekovo 1 km. <strong>Mu\u017ei U23<\/strong> toho bud\u00fa ma\u0165 o\u00a0\u010dosi viac \u2013 2 \u00favodn\u00e9 pr\u00edmestsk\u00e9 okruhy a\u00a0vz\u00e1p\u00e4t\u00ed 7 okruhov v\u00a0okol\u00ed mesta. D\u013a\u017eka sa t\u00fdm nav\u00fd\u0161i na hodnotu <strong>155,8 km<\/strong>. Ako posledn\u00ed od\u0161tartuj\u00fa v\u00a0nede\u013enaj\u0161\u00edch pretekoch <strong>mu\u017ei elite<\/strong>, op\u00e4\u0165 s\u00a02 okruhmi a\u00a0a\u017e deviatimi cie\u013eov\u00fdmi okruhmi. Rovnako ako minul\u00fd rok, aj v\u00a0tomto hovor\u00edme o\u00a0<strong>necel\u00fdch 190 km (186,6 km)<\/strong>.<\/p>\n<p><a href=\"https:\/\/d2p6e6u75xmxt8.cloudfront.net\/4\/2019\/06\/03-1-e1561109105951.jpg\"><img loading=\"lazy\" decoding=\"async\" class=\"alignnone wp-image-7575 size-full\" src=\"https:\/\/d2p6e6u75xmxt8.cloudfront.net\/4\/2019\/06\/03-1-e1561109105951.jpg\" alt=\"\" width=\"1200\" height=\"639\" \/><\/a><\/p>\n<h2><strong>Harmonogram<\/strong><\/h2>\n<ul>\n<li>27.6. &#8211; 09:00 &#8211; \u010casovka jednotlivcov \u017eeny a\u00a0juniorky<\/li>\n<li>27.6. &#8211; 10:15 &#8211; \u010casovka jednotlivcov juniori<\/li>\n<li>27.6. &#8211; 13:00 &#8211; \u010casovka jednotlivcov mu\u017ei U23<\/li>\n<li>27.6. &#8211; 15:15 &#8211; \u010casovka jednotlivcov mu\u017ei elite<\/li>\n<li>29.6. &#8211; 09:00 &#8211; Preteky jednotlivcov s\u00a0hromadn\u00fdm \u0161tartom juniori<\/li>\n<li>29.6. &#8211; 14:00 &#8211; Preteky jednotlivcov s\u00a0hromadn\u00fdm \u0161tartom mu\u017ei U23<\/li>\n<li>30.6. &#8211; 12:00 &#8211; Preteky jednotlivcov s\u00a0hromadn\u00fdm \u0161tartom mu\u017ei elite<\/li>\n<\/ul>\n<h2><strong>\u00da\u010dastn\u00edci a\u00a0favoriti<\/strong><\/h2>\n<p>Ke\u010f\u017ee <strong>profil t\u00fdchto majstrovstiev bude znova sedie\u0165 silov\u00fdm jazdcom<\/strong> s\u00a0predpokladmi v\u00a0spolo\u010dnom z\u00e1vere\u010dnom \u0161printe, mus\u00edme sa prim\u00e1rne s\u00fastredi\u0165 na klasik\u00e1rov a\u00a0\u0161print\u00e9rov. Samozrejme, je potrebn\u00e9 zv\u00e1\u017ei\u0165 aj podmienky, ktor\u00e9 toto podujatie sprev\u00e1dzaj\u00fa. Minuloro\u010dn\u00e1 sk\u00fasenos\u0165 n\u00e1m hovor\u00ed, \u017ee nie v\u017edy je spr\u00e1vne predpoklada\u0165 cie\u013eov\u00fd \u0161print. Aj ke\u010f cie\u013e tej s\u00fa\u010dasnej je rovinat\u00fd (predov\u0161etk\u00fdm posledn\u00e9 3 km), scen\u00e1r cel\u00fdch pretekov sa m\u00f4\u017ee meni\u0165. Dozaista nebude n\u00fadza o\u00a0n\u00e1stupy jednotlivcov, ktor\u00ed sa bud\u00fa chcie\u0165 presadi\u0165 aj bez podpory t\u00edmu. Peter Sagan tu nem\u00e1 k\u00a0dispoz\u00edcii zau\u017e\u00edvan\u00e9 zlo\u017eenie BORA-hansgrohe, tak\u017ee aj on sa bude musie\u0165 spolieha\u0165 na vlastn\u00fa intu\u00edciu.<\/p>\n<p><a href=\"https:\/\/d2p6e6u75xmxt8.cloudfront.net\/4\/2019\/06\/04-1-e1561109259187.jpg\"><img loading=\"lazy\" decoding=\"async\" class=\"alignnone wp-image-7576 size-full\" src=\"https:\/\/d2p6e6u75xmxt8.cloudfront.net\/4\/2019\/06\/04-1-e1561109259187.jpg\" alt=\"\" width=\"1200\" height=\"588\" \/><\/a><\/p>\n<p>V\u00fdhoda spolo\u010dn\u00fdch majstrovstiev je paradoxn\u00e9 <strong>\u201enes\u00faperenie\u201c jazdcov z\u00a0inej krajiny<\/strong>. Ak sa na \u010dele objav\u00ed Slov\u00e1k a\u00a0\u010cech, nebud\u00fa ma\u0165 potrebu spolu z\u00e1pasi\u0165 o\u00a0prvenstvo \u2013 ka\u017ed\u00fd z\u00a0nich sa pri \u00faspe\u0161nom dojazde stane <strong>majstrom svojej republiky<\/strong>.<\/p>\n<p>Na \u0161tartovom zozname s\u00fa uveden\u00e9 viacer\u00e9 zauj\u00edmav\u00e9 men\u00e1. Prirodzene, najv\u00e4\u010d\u0161\u00ed rozruch vyvol\u00e1va <strong>P. Sagan<\/strong>, av\u0161ak v\u00a0zast\u00fapen\u00ed \u010ceskej republiky sa <strong>m\u00f4\u017eeme te\u0161i\u0165 na Z. \u0160tybara, R. Kreuzigera, P. Vako\u010da, A. \u0164upal\u00edka alebo J. \u010cern\u00e9ho<\/strong>. Ohrozenie slovensk\u00e9ho majstra, Sagana, nie je ani v\u00a0tomto roku predpokladan\u00e9. Z\u00a0menovan\u00fdch \u010cechov s\u00fa najbli\u017e\u0161ie v\u00ed\u0165azstvu prv\u00ed traja menovan\u00ed.<\/p>\n<p>Cel\u00fd zoznam prihl\u00e1sen\u00fdch \u00fa\u010dastn\u00edkov n\u00e1jdete na <a href=\"https:\/\/www.cyklistikaszc.sk\/sk\/submenu\/kalendar-vysledky\/zoznam-prihlasenych-pretekarov\/662\" target=\"_blank\" rel=\"noopener\">tomto odkaze<\/a>.<\/p>\n<p>(zdroje foto: cyklistikaszc.sk, FB\/PeterSagan)<\/p>\n","protected":false},"excerpt":{"rendered":"<p>Pri poh\u013eade do kalend\u00e1ra si r\u00fdchlo uvedom\u00edme, \u017ee pr\u00e1ve s\u00fa\u010dasn\u00e9 obdobie je \u010dasom n\u00e1rodn\u00fdch \u0161ampion\u00e1tov \u2013 niet sa \u010domu divi\u0165, [&hellip;]<\/p>\n","protected":false},"author":38,"featured_media":7577,"comment_status":"open","ping_status":"open","sticky":false,"template":"","format":"standard","meta":{"footnotes":""},"categories":[4,63],"tags":[540,275,115,487,331,583,481,46,179,483,523,820,900],"global-categories":[],"class_list":["post-7573","post","type-post","status-publish","format-standard","has-post-thumbnail","hentry","category-cestna-cyklisitika","category-grand-tour","tag-ceska-republika","tag-cesta","tag-cestna-cyklistika","tag-cestny-bicykel","tag-etapove-preteky","tag-majster-slovenska","tag-majstrovstva","tag-peter-sagan","tag-preteky","tag-roman-kreuziger","tag-slovensko","tag-trnava","tag-zdenek-stybar"],"yoast_head":"<!-- This site is optimized with the Yoast SEO Premium plugin v25.3 (Yoast SEO v25.9) - https:\/\/yoast.com\/wordpress\/plugins\/seo\/ -->\n<title>Ako bud\u00fa vyzera\u0165 majstrovstv\u00e1 Slovenska v\u00a0cestnej cyklistike? - \u0160koda We Love Cycling Slovensko<\/title>\n<meta name=\"robots\" content=\"index, follow, max-snippet:-1, max-image-preview:large, max-video-preview:-1\" \/>\n<link rel=\"canonical\" href=\"https:\/\/www.welovecycling.com\/sk\/2019\/06\/21\/ako-budu-vyzerat-majstrovstva-slovenska-v-cestnej-cyklistike\/\" \/>\n<meta property=\"og:locale\" content=\"sk_SK\" \/>\n<meta property=\"og:type\" content=\"article\" \/>\n<meta property=\"og:title\" content=\"Ako bud\u00fa vyzera\u0165 majstrovstv\u00e1 Slovenska v\u00a0cestnej cyklistike?\" \/>\n<meta property=\"og:description\" content=\"Pri poh\u013eade do kalend\u00e1ra si r\u00fdchlo uvedom\u00edme, \u017ee pr\u00e1ve s\u00fa\u010dasn\u00e9 obdobie je \u010dasom n\u00e1rodn\u00fdch \u0161ampion\u00e1tov \u2013 niet sa \u010domu divi\u0165, [&hellip;]\" \/>\n<meta property=\"og:url\" content=\"https:\/\/www.welovecycling.com\/sk\/2019\/06\/21\/ako-budu-vyzerat-majstrovstva-slovenska-v-cestnej-cyklistike\/\" \/>\n<meta property=\"og:site_name\" content=\"\u0160koda We Love Cycling Slovensko\" \/>\n<meta property=\"article:published_time\" content=\"2019-06-21T08:50:21+00:00\" \/>\n<meta property=\"article:modified_time\" content=\"2019-06-21T09:30:36+00:00\" \/>\n<meta property=\"og:image\" content=\"https:\/\/d2p6e6u75xmxt8.cloudfront.net\/4\/2019\/06\/00-1.webp\" \/>\n\t<meta property=\"og:image:width\" content=\"1380\" \/>\n\t<meta property=\"og:image:height\" content=\"600\" \/>\n\t<meta property=\"og:image:type\" content=\"image\/webp\" \/>\n<meta name=\"author\" content=\"Ondrej Ga\u0161par\" \/>\n<meta name=\"twitter:card\" content=\"summary_large_image\" \/>\n<meta name=\"twitter:label1\" content=\"Written by\" \/>\n\t<meta name=\"twitter:data1\" content=\"We Love Cycling\" \/>\n\t<meta name=\"twitter:label2\" content=\"Est. reading time\" \/>\n\t<meta name=\"twitter:data2\" content=\"5\" \/>\n<script type=\"application\/ld+json\" class=\"yoast-schema-graph\">{\"@context\":\"https:\/\/schema.org\",\"@graph\":[{\"@type\":\"WebPage\",\"@id\":\"https:\/\/www.welovecycling.com\/sk\/2019\/06\/21\/ako-budu-vyzerat-majstrovstva-slovenska-v-cestnej-cyklistike\/\",\"url\":\"https:\/\/www.welovecycling.com\/sk\/2019\/06\/21\/ako-budu-vyzerat-majstrovstva-slovenska-v-cestnej-cyklistike\/\",\"name\":\"Ako bud\u00fa vyzera\u0165 majstrovstv\u00e1 Slovenska v\u00a0cestnej cyklistike? - \u0160koda We Love Cycling Slovensko\",\"isPartOf\":{\"@id\":\"https:\/\/www.welovecycling.com\/sk\/#website\"},\"primaryImageOfPage\":{\"@id\":\"https:\/\/www.welovecycling.com\/sk\/2019\/06\/21\/ako-budu-vyzerat-majstrovstva-slovenska-v-cestnej-cyklistike\/#primaryimage\"},\"image\":{\"@id\":\"https:\/\/www.welovecycling.com\/sk\/2019\/06\/21\/ako-budu-vyzerat-majstrovstva-slovenska-v-cestnej-cyklistike\/#primaryimage\"},\"thumbnailUrl\":\"https:\/\/d2p6e6u75xmxt8.cloudfront.net\/4\/2019\/06\/00-1.webp\",\"datePublished\":\"2019-06-21T08:50:21+00:00\",\"dateModified\":\"2019-06-21T09:30:36+00:00\",\"author\":{\"@id\":\"https:\/\/www.welovecycling.com\/sk\/#\/schema\/person\/8ee09ba39b7e25b1870160aa5b3a89bc\"},\"breadcrumb\":{\"@id\":\"https:\/\/www.welovecycling.com\/sk\/2019\/06\/21\/ako-budu-vyzerat-majstrovstva-slovenska-v-cestnej-cyklistike\/#breadcrumb\"},\"inLanguage\":\"sk-SK\",\"potentialAction\":[{\"@type\":\"ReadAction\",\"target\":[\"https:\/\/www.welovecycling.com\/sk\/2019\/06\/21\/ako-budu-vyzerat-majstrovstva-slovenska-v-cestnej-cyklistike\/\"]}]},{\"@type\":\"ImageObject\",\"inLanguage\":\"sk-SK\",\"@id\":\"https:\/\/www.welovecycling.com\/sk\/2019\/06\/21\/ako-budu-vyzerat-majstrovstva-slovenska-v-cestnej-cyklistike\/#primaryimage\",\"url\":\"https:\/\/d2p6e6u75xmxt8.cloudfront.net\/4\/2019\/06\/00-1.webp\",\"contentUrl\":\"https:\/\/d2p6e6u75xmxt8.cloudfront.net\/4\/2019\/06\/00-1.webp\",\"width\":1380,\"height\":600},{\"@type\":\"BreadcrumbList\",\"@id\":\"https:\/\/www.welovecycling.com\/sk\/2019\/06\/21\/ako-budu-vyzerat-majstrovstva-slovenska-v-cestnej-cyklistike\/#breadcrumb\",\"itemListElement\":[{\"@type\":\"ListItem\",\"position\":1,\"name\":\"Home\",\"item\":\"https:\/\/www.welovecycling.com\/sk\/\"},{\"@type\":\"ListItem\",\"position\":2,\"name\":\"Ako bud\u00fa vyzera\u0165 majstrovstv\u00e1 Slovenska v\u00a0cestnej cyklistike?\"}]},{\"@type\":\"WebSite\",\"@id\":\"https:\/\/www.welovecycling.com\/sk\/#website\",\"url\":\"https:\/\/www.welovecycling.com\/sk\/\",\"name\":\"\u0160koda We Love Cycling Slovensko\",\"description\":\"\u0160koda We Love Cycling Slovensko je v\u00e1\u0161 ka\u017edodenn\u00fd zdroj noviniek a in\u0161pir\u00e1cie z sveta cyklistiky\",\"potentialAction\":[{\"@type\":\"SearchAction\",\"target\":{\"@type\":\"EntryPoint\",\"urlTemplate\":\"https:\/\/www.welovecycling.com\/sk\/?s={search_term_string}\"},\"query-input\":{\"@type\":\"PropertyValueSpecification\",\"valueRequired\":true,\"valueName\":\"search_term_string\"}}],\"inLanguage\":\"sk-SK\"},{\"@type\":\"Person\",\"@id\":\"https:\/\/www.welovecycling.com\/sk\/#\/schema\/person\/8ee09ba39b7e25b1870160aa5b3a89bc\",\"name\":\"Ondrej Ga\u0161par\",\"image\":{\"@type\":\"ImageObject\",\"inLanguage\":\"sk-SK\",\"@id\":\"https:\/\/www.welovecycling.com\/sk\/#\/schema\/person\/image\/\",\"url\":\"https:\/\/secure.gravatar.com\/avatar\/6126c9afb87b70da5abbb083ddbb21933da15f18f8ca7cb822aba0fb096a48f6?s=96&d=mm&r=g\",\"contentUrl\":\"https:\/\/secure.gravatar.com\/avatar\/6126c9afb87b70da5abbb083ddbb21933da15f18f8ca7cb822aba0fb096a48f6?s=96&d=mm&r=g\",\"caption\":\"Ondrej Ga\u0161par\"},\"url\":\"https:\/\/www.welovecycling.com\/sk\/author\/ondrejgaspar\/\"}]}<\/script>\n<!-- \/ Yoast SEO Premium plugin. -->","yoast_head_json":{"title":"Ako bud\u00fa vyzera\u0165 majstrovstv\u00e1 Slovenska v\u00a0cestnej cyklistike? - \u0160koda We Love Cycling Slovensko","robots":{"index":"index","follow":"follow","max-snippet":"max-snippet:-1","max-image-preview":"max-image-preview:large","max-video-preview":"max-video-preview:-1"},"canonical":"https:\/\/www.welovecycling.com\/sk\/2019\/06\/21\/ako-budu-vyzerat-majstrovstva-slovenska-v-cestnej-cyklistike\/","og_locale":"sk_SK","og_type":"article","og_title":"Ako bud\u00fa vyzera\u0165 majstrovstv\u00e1 Slovenska v\u00a0cestnej cyklistike?","og_description":"Pri poh\u013eade do kalend\u00e1ra si r\u00fdchlo uvedom\u00edme, \u017ee pr\u00e1ve s\u00fa\u010dasn\u00e9 obdobie je \u010dasom n\u00e1rodn\u00fdch \u0161ampion\u00e1tov \u2013 niet sa \u010domu divi\u0165, [&hellip;]","og_url":"https:\/\/www.welovecycling.com\/sk\/2019\/06\/21\/ako-budu-vyzerat-majstrovstva-slovenska-v-cestnej-cyklistike\/","og_site_name":"\u0160koda We Love Cycling Slovensko","article_published_time":"2019-06-21T08:50:21+00:00","article_modified_time":"2019-06-21T09:30:36+00:00","og_image":[{"width":1380,"height":600,"url":"https:\/\/d2p6e6u75xmxt8.cloudfront.net\/4\/2019\/06\/00-1.webp","type":"image\/webp"}],"author":"Ondrej Ga\u0161par","twitter_card":"summary_large_image","twitter_misc":{"Written by":"We Love Cycling","Est. reading time":"5"},"schema":{"@context":"https:\/\/schema.org","@graph":[{"@type":"WebPage","@id":"https:\/\/www.welovecycling.com\/sk\/2019\/06\/21\/ako-budu-vyzerat-majstrovstva-slovenska-v-cestnej-cyklistike\/","url":"https:\/\/www.welovecycling.com\/sk\/2019\/06\/21\/ako-budu-vyzerat-majstrovstva-slovenska-v-cestnej-cyklistike\/","name":"Ako bud\u00fa vyzera\u0165 majstrovstv\u00e1 Slovenska v\u00a0cestnej cyklistike? - \u0160koda We Love Cycling Slovensko","isPartOf":{"@id":"https:\/\/www.welovecycling.com\/sk\/#website"},"primaryImageOfPage":{"@id":"https:\/\/www.welovecycling.com\/sk\/2019\/06\/21\/ako-budu-vyzerat-majstrovstva-slovenska-v-cestnej-cyklistike\/#primaryimage"},"image":{"@id":"https:\/\/www.welovecycling.com\/sk\/2019\/06\/21\/ako-budu-vyzerat-majstrovstva-slovenska-v-cestnej-cyklistike\/#primaryimage"},"thumbnailUrl":"https:\/\/d2p6e6u75xmxt8.cloudfront.net\/4\/2019\/06\/00-1.webp","datePublished":"2019-06-21T08:50:21+00:00","dateModified":"2019-06-21T09:30:36+00:00","author":{"@id":"https:\/\/www.welovecycling.com\/sk\/#\/schema\/person\/8ee09ba39b7e25b1870160aa5b3a89bc"},"breadcrumb":{"@id":"https:\/\/www.welovecycling.com\/sk\/2019\/06\/21\/ako-budu-vyzerat-majstrovstva-slovenska-v-cestnej-cyklistike\/#breadcrumb"},"inLanguage":"sk-SK","potentialAction":[{"@type":"ReadAction","target":["https:\/\/www.welovecycling.com\/sk\/2019\/06\/21\/ako-budu-vyzerat-majstrovstva-slovenska-v-cestnej-cyklistike\/"]}]},{"@type":"ImageObject","inLanguage":"sk-SK","@id":"https:\/\/www.welovecycling.com\/sk\/2019\/06\/21\/ako-budu-vyzerat-majstrovstva-slovenska-v-cestnej-cyklistike\/#primaryimage","url":"https:\/\/d2p6e6u75xmxt8.cloudfront.net\/4\/2019\/06\/00-1.webp","contentUrl":"https:\/\/d2p6e6u75xmxt8.cloudfront.net\/4\/2019\/06\/00-1.webp","width":1380,"height":600},{"@type":"BreadcrumbList","@id":"https:\/\/www.welovecycling.com\/sk\/2019\/06\/21\/ako-budu-vyzerat-majstrovstva-slovenska-v-cestnej-cyklistike\/#breadcrumb","itemListElement":[{"@type":"ListItem","position":1,"name":"Home","item":"https:\/\/www.welovecycling.com\/sk\/"},{"@type":"ListItem","position":2,"name":"Ako bud\u00fa vyzera\u0165 majstrovstv\u00e1 Slovenska v\u00a0cestnej cyklistike?"}]},{"@type":"WebSite","@id":"https:\/\/www.welovecycling.com\/sk\/#website","url":"https:\/\/www.welovecycling.com\/sk\/","name":"\u0160koda We Love Cycling Slovensko","description":"\u0160koda We Love Cycling Slovensko je v\u00e1\u0161 ka\u017edodenn\u00fd zdroj noviniek a in\u0161pir\u00e1cie z sveta cyklistiky","potentialAction":[{"@type":"SearchAction","target":{"@type":"EntryPoint","urlTemplate":"https:\/\/www.welovecycling.com\/sk\/?s={search_term_string}"},"query-input":{"@type":"PropertyValueSpecification","valueRequired":true,"valueName":"search_term_string"}}],"inLanguage":"sk-SK"},{"@type":"Person","@id":"https:\/\/www.welovecycling.com\/sk\/#\/schema\/person\/8ee09ba39b7e25b1870160aa5b3a89bc","name":"Ondrej Ga\u0161par","image":{"@type":"ImageObject","inLanguage":"sk-SK","@id":"https:\/\/www.welovecycling.com\/sk\/#\/schema\/person\/image\/","url":"https:\/\/secure.gravatar.com\/avatar\/6126c9afb87b70da5abbb083ddbb21933da15f18f8ca7cb822aba0fb096a48f6?s=96&d=mm&r=g","contentUrl":"https:\/\/secure.gravatar.com\/avatar\/6126c9afb87b70da5abbb083ddbb21933da15f18f8ca7cb822aba0fb096a48f6?s=96&d=mm&r=g","caption":"Ondrej Ga\u0161par"},"url":"https:\/\/www.welovecycling.com\/sk\/author\/ondrejgaspar\/"}]}},"_links":{"self":[{"href":"https:\/\/www.welovecycling.com\/sk\/wp-json\/wp\/v2\/posts\/7573","targetHints":{"allow":["GET"]}}],"collection":[{"href":"https:\/\/www.welovecycling.com\/sk\/wp-json\/wp\/v2\/posts"}],"about":[{"href":"https:\/\/www.welovecycling.com\/sk\/wp-json\/wp\/v2\/types\/post"}],"author":[{"embeddable":true,"href":"https:\/\/www.welovecycling.com\/sk\/wp-json\/wp\/v2\/users\/38"}],"replies":[{"embeddable":true,"href":"https:\/\/www.welovecycling.com\/sk\/wp-json\/wp\/v2\/comments?post=7573"}],"version-history":[{"count":2,"href":"https:\/\/www.welovecycling.com\/sk\/wp-json\/wp\/v2\/posts\/7573\/revisions"}],"predecessor-version":[{"id":7591,"href":"https:\/\/www.welovecycling.com\/sk\/wp-json\/wp\/v2\/posts\/7573\/revisions\/7591"}],"wp:featuredmedia":[{"embeddable":true,"href":"https:\/\/www.welovecycling.com\/sk\/wp-json\/wp\/v2\/media\/7577"}],"wp:attachment":[{"href":"https:\/\/www.welovecycling.com\/sk\/wp-json\/wp\/v2\/media?parent=7573"}],"wp:term":[{"taxonomy":"category","embeddable":true,"href":"https:\/\/www.welovecycling.com\/sk\/wp-json\/wp\/v2\/categories?post=7573"},{"taxonomy":"post_tag","embeddable":true,"href":"https:\/\/www.welovecycling.com\/sk\/wp-json\/wp\/v2\/tags?post=7573"},{"taxonomy":"global-categories","embeddable":true,"href":"https:\/\/www.welovecycling.com\/sk\/wp-json\/wp\/v2\/global-categories?post=7573"}],"curies":[{"name":"wp","href":"https:\/\/api.w.org\/{rel}","templated":true}]}}