{"id":7351,"date":"2019-06-10T12:34:08","date_gmt":"2019-06-10T10:34:08","guid":{"rendered":"https:\/\/www.welovecycling.com\/sk\/?p=7351"},"modified":"2019-06-21T11:22:06","modified_gmt":"2019-06-21T09:22:06","slug":"vlakom-na-cyklovylet-vsetko-co-potrebujete-vediet","status":"publish","type":"post","link":"https:\/\/www.welovecycling.com\/sk\/2019\/06\/10\/vlakom-na-cyklovylet-vsetko-co-potrebujete-vediet\/","title":{"rendered":"Vlakom na cyklov\u00fdlet &#8211; v\u0161etko, \u010do potrebujete vedie\u0165"},"content":{"rendered":"<p><strong>Bl\u00ed\u017ei sa leto a s n\u00edm aj \u010das cyklov\u00fdletov. \u017delezni\u010dn\u00e1 doprava je aj napriek probl\u00e9mom v na\u0161ej krajine st\u00e1le vyu\u017e\u00edvan\u00e1 a zabezpe\u010duje prepravu mnoh\u00fdm \u013eu\u010fom, ktor\u00ed z r\u00f4znych d\u00f4vodov necestuj\u00fa autom. S vlakom sa m\u00f4\u017eete bli\u017e\u0161ie dosta\u0165 k miestu, ktor\u00e9 chcete s bicyklom presk\u00fama\u0165 a spozna\u0165 ho tak. Viete, \u010do t\u00e1to preprava na Slovensku obn\u00e1\u0161a? A ktor\u00fd dopravca pon\u00faka najlacnej\u0161\u00ed l\u00edstok?<\/strong><!--more--><\/p>\n<p>Prev\u00e1\u017ea\u0165 bicykle autom sa \u010dasto jav\u00ed ako pohodlnej\u0161\u00ed variant, no vlaky pon\u00fakaj\u00fa v\u00fdhody, ktor\u00fdmi auta nedisponuj\u00fa. Jeden z najzauj\u00edmavej\u0161\u00edch faktov je, \u017ee sa <strong>nemus\u00edte vraca\u0165 na rovnak\u00e9 miesto<\/strong>, koniec trasy m\u00f4\u017eete napl\u00e1nova\u0165 na ak\u00fako\u013evek zast\u00e1vku. Vodi\u010di tie\u017e ocenia, \u017ee sa po n\u00e1ro\u010dnom dni v sedle nemusia e\u0161te nieko\u013eko hod\u00edn s\u00fastredi\u0165 na \u0161of\u00e9rovanie. Cestou domov si m\u00f4\u017eu odd\u00fdchnu\u0165 v\u0161etci \u00fa\u010dastn\u00edci v\u00fdletu. Ekologick\u00e9 cestovanie vlakom ide s cyklistikou par\u00e1dne dokopy. Na slovensk\u00fdch tratiach natraf\u00edte na nieko\u013eko prepravcov a ka\u017ed\u00fd z nich rie\u0161i prepravu bikov trochu inak. Na drvivej v\u00e4\u010d\u0161ine liniek s\u00edce nebude mo\u017enos\u0165 v\u00fdberu dopravcu, ale je dobr\u00e9 vedie\u0165, \u010do m\u00f4\u017eete o\u010dak\u00e1va\u0165.<\/p>\n<h2><strong>\u017delezni\u010dn\u00e1 spolo\u010dnos\u0165 Slovensko<\/strong><\/h2>\n<p>Mo\u017enos\u0165 tohto \u0161peci\u00e1lneho druhu prepravy pon\u00faka n\u00e1rodn\u00fd prepravca v takmer v\u0161etk\u00fdch vlakoch vn\u00fatro\u0161t\u00e1tnej prepravy. Bicykel \u010di elektrobicykel sa <strong>prepravuje v \u0161peci\u00e1lnom priestore vo vozni ozna\u010denom piktogramom<\/strong>. V niektor\u00fdch je mo\u017en\u00e9 k\u00fapi\u0165 si na toto miesto miestenku. Na v\u00e1\u0161 \u201emajetok\u201c si v\u0161ak mus\u00edte dohliada\u0165 s\u00e1m a <strong>na jednu osobu je mo\u017en\u00e9 prepravi\u0165 maxim\u00e1lne tri kusy<\/strong>. Pri cestovan\u00ed na v\u00e4\u010d\u0161ie vzdialenosti odpor\u00fa\u010da \u017delezni\u010dn\u00e1 spolo\u010dnos\u0165 Slovensko si svoj stroj ulo\u017ei\u0165 do pojazdnej \u00faschovne bato\u017e\u00edn. Ako zisti\u0165, \u017ee v\u00e1\u0161 spoj je schopn\u00fd prepravy bicyklov? Potrebn\u00e9 inform\u00e1cie n\u00e1jdete na str\u00e1nke <a href=\"http:\/\/www.slovakrail.sk\/?mobil=0\" target=\"_blank\" rel=\"noopener\">ZSSK<\/a>, \u010di na predajn\u00fdch miestach.<\/p>\n<p><strong>Cena<\/strong><br \/>\n<strong>Jednorazov\u00fd l\u00edstok za bicykel stoj\u00ed 1,50 \u20ac<\/strong>, jednod\u0148ov\u00fd l\u00edstok si k\u00fapite za 2,50 \u20ac, t\u00fd\u017edenn\u00fd je v hodnote 6 \u20ac. Sta\u010d\u00ed si len vybra\u0165 a odvies\u0165 sa na miesta, ktor\u00e9 ste so svoj\u00edm bikom e\u0161te nepresk\u00famali.<\/p>\n<figure id=\"attachment_7352\" aria-describedby=\"caption-attachment-7352\" style=\"width: 1024px\" class=\"wp-caption alignnone\"><a href=\"https:\/\/d2p6e6u75xmxt8.cloudfront.net\/13\/2019\/05\/profimedia-0029543097.jpg\"><img loading=\"lazy\" decoding=\"async\" class=\"size-large wp-image-7352\" src=\"https:\/\/d2p6e6u75xmxt8.cloudfront.net\/4\/2019\/06\/profimedia-0029543097-1024x683.jpg\" alt=\"\" width=\"1024\" height=\"683\" \/><\/a><figcaption id=\"caption-attachment-7352\" class=\"wp-caption-text\">Foto: Profimedia, ImageSource.<\/figcaption><\/figure>\n<h2><strong>RegioJet<\/strong><\/h2>\n<p>Vo v\u0161eobecnosti nie je mo\u017en\u00e9 pri tomto dopravcovi tak\u00fdto druh prepravy. Pr\u00edtomnos\u0165 na\u0161ich dvojkolesov\u00fdch mil\u00e1\u010dikov je povolen\u00e1 len vo vlakoch, ktor\u00e9 maj\u00fa vag\u00f3ny typu low cost &#8211; bez servisu. Ka\u017ed\u00fd z voz\u0148ov spom\u00ednanej triedy dok\u00e1\u017ee <strong>prepravi\u0165 maxim\u00e1lne tri kusy<\/strong>. Bicykel ste povinn\u00fd umiestni\u0165 na stojan, ktor\u00fd sa nach\u00e1dza na za\u010diatku alebo na konci voz\u0148a. Radenie voz\u0148ov n\u00e1jdete v rezerva\u010dnom syst\u00e9me RegioJet a stojany s\u00fa ozna\u010den\u00e9 piktogramom.<\/p>\n<p><strong>Cena<\/strong><br \/>\nPreprava je <strong>celkom zadarmo<\/strong>, mus\u00edte si len rezervova\u0165 miesto pre bicykel vopred.<\/p>\n<p><a href=\"https:\/\/d2p6e6u75xmxt8.cloudfront.net\/13\/2018\/12\/skoda-octavia-scout-cyclist-5.jpg\"><img loading=\"lazy\" decoding=\"async\" class=\"size-large wp-image-7353\" src=\"https:\/\/d2p6e6u75xmxt8.cloudfront.net\/4\/2019\/06\/skoda-octavia-scout-cyclist-5-1024x683.jpg\" alt=\"\" width=\"1024\" height=\"683\" \/><\/a><\/p>\n<h2><strong>Leo Express<\/strong><\/h2>\n<p>Leo Express umo\u017e\u0148uje prepravu v\u017edy <strong>v obdob\u00ed od apr\u00edla do okt\u00f3bra<\/strong>. Ka\u017ed\u00fd vag\u00f3n preprav\u00ed <strong>maxim\u00e1lne 4 kusy<\/strong> a v\u00fdhodou je, \u017ee v\u0161etky typy vag\u00f3nov s\u00fa n\u00edzkopodla\u017en\u00e9, tak\u017ee s n\u00e1stupom si nemus\u00edte l\u00e1ma\u0165 hlavu. Rezerva\u010dn\u00fd syst\u00e9m v\u00e1s v priebehu objedn\u00e1vky informuje, \u010di je pre bicykel miesto a pon\u00fakne v\u00e1m miestenku v jeho bl\u00edzkosti, aby ste mali na\u0148 doh\u013ead. Po nast\u00fapen\u00ed ho uskladn\u00edte do dr\u017eiaka v strope.<\/p>\n<p><strong>Cena<\/strong><br \/>\nPreprava v\u00e1s vyjde na <strong>2 \u20ac<\/strong> bez oh\u013eadu na prejden\u00fa vzdialenos\u0165 a je samozrejme <strong>nutn\u00e1 rezerv\u00e1cia miesta vopred<\/strong>.<\/p>\n<figure id=\"attachment_7354\" aria-describedby=\"caption-attachment-7354\" style=\"width: 1024px\" class=\"wp-caption alignnone\"><a href=\"https:\/\/d2p6e6u75xmxt8.cloudfront.net\/13\/2019\/05\/profimedia-0041150291.jpg\"><img loading=\"lazy\" decoding=\"async\" class=\"size-large wp-image-7354\" src=\"https:\/\/d2p6e6u75xmxt8.cloudfront.net\/4\/2019\/06\/profimedia-0041150291-1024x683.jpg\" alt=\"\" width=\"1024\" height=\"683\" \/><\/a><figcaption id=\"caption-attachment-7354\" class=\"wp-caption-text\">Foto: Profimedia, imageBROKER<\/figcaption><\/figure>\n<h2><strong>Ktor\u00e9ho dopravcu si vybra\u0165?<\/strong><\/h2>\n<p>Na Slovensku si toho ve\u013ea v tomto smere nenavyber\u00e1me. Pravdepodobne bude \u00fapln\u00fdm z\u00e1kladom to, ak\u00ed dopravcovia na danom \u00faseku jazdia. V drvivej v\u00e4\u010d\u0161ine je to pr\u00e1ve \u017delezni\u010dn\u00e1 spolo\u010dnos\u0165 Slovensko. Ale je tu samozrejme aj mo\u017enos\u0165 cestova\u0165 z Ko\u0161\u00edc naprie\u010d celou republikou aj s dopravcami p\u00f4vodom z \u010ceskej republiky. S\u00fa nimi u\u017e spom\u00ednan\u00fd RegioJet a Leo Express. Nezabudnite si v\u0161ak miesto pre v\u00e1\u0161 bicykel v\u017edy rezervova\u0165 a ke\u010f vyr\u00e1\u017eate ako nejak\u00e1 skupinka, tak kontaktujte dopravcu vopred, hlavne t\u00ed, ktor\u00ed rezerv\u00e1cie nemaj\u00fa. U\u0161etrite si tak mno\u017estvo probl\u00e9mov.<\/p>\n","protected":false},"excerpt":{"rendered":"<p>Bl\u00ed\u017ei sa leto a s n\u00edm aj \u010das cyklov\u00fdletov. \u017delezni\u010dn\u00e1 doprava je aj napriek probl\u00e9mom v na\u0161ej krajine st\u00e1le vyu\u017e\u00edvan\u00e1 [&hellip;]<\/p>\n","protected":false},"author":38,"featured_media":7356,"comment_status":"open","ping_status":"open","sticky":false,"template":"","format":"standard","meta":{"footnotes":""},"categories":[191],"tags":[115,394,448,180,412,638,777,523,545,979,508,980,981],"global-categories":[],"class_list":["post-7351","post","type-post","status-publish","format-standard","has-post-thumbnail","hentry","category-odporucame","tag-cestna-cyklistika","tag-cestovanie-s-bicyklom","tag-cyklotrasy","tag-horska-cyklistika","tag-mtb","tag-preprava","tag-slovenske-cesty","tag-slovensko","tag-trasa","tag-vlak","tag-vylet","tag-zeleznice","tag-zssr"],"yoast_head":"<!-- This site is optimized with the Yoast SEO Premium plugin v25.3 (Yoast SEO v25.9) - https:\/\/yoast.com\/wordpress\/plugins\/seo\/ -->\n<title>Vlakom na cyklov\u00fdlet - v\u0161etko, \u010do potrebujete vedie\u0165 - \u0160koda We Love Cycling Slovensko<\/title>\n<meta name=\"robots\" content=\"index, follow, max-snippet:-1, max-image-preview:large, max-video-preview:-1\" \/>\n<link rel=\"canonical\" href=\"https:\/\/www.welovecycling.com\/sk\/2019\/06\/10\/vlakom-na-cyklovylet-vsetko-co-potrebujete-vediet\/\" \/>\n<meta property=\"og:locale\" content=\"sk_SK\" \/>\n<meta property=\"og:type\" content=\"article\" \/>\n<meta property=\"og:title\" content=\"Vlakom na cyklov\u00fdlet - v\u0161etko, \u010do potrebujete vedie\u0165\" \/>\n<meta property=\"og:description\" content=\"Bl\u00ed\u017ei sa leto a s n\u00edm aj \u010das cyklov\u00fdletov. \u017delezni\u010dn\u00e1 doprava je aj napriek probl\u00e9mom v na\u0161ej krajine st\u00e1le vyu\u017e\u00edvan\u00e1 [&hellip;]\" \/>\n<meta property=\"og:url\" content=\"https:\/\/www.welovecycling.com\/sk\/2019\/06\/10\/vlakom-na-cyklovylet-vsetko-co-potrebujete-vediet\/\" \/>\n<meta property=\"og:site_name\" content=\"\u0160koda We Love Cycling Slovensko\" \/>\n<meta property=\"article:published_time\" content=\"2019-06-10T10:34:08+00:00\" \/>\n<meta property=\"article:modified_time\" content=\"2019-06-21T09:22:06+00:00\" \/>\n<meta property=\"og:image\" content=\"https:\/\/d2p6e6u75xmxt8.cloudfront.net\/4\/2019\/06\/IMG_9090.JPG-1.webp\" \/>\n\t<meta property=\"og:image:width\" content=\"1600\" \/>\n\t<meta property=\"og:image:height\" content=\"1200\" \/>\n\t<meta property=\"og:image:type\" content=\"image\/webp\" \/>\n<meta name=\"author\" content=\"Ondrej Ga\u0161par\" \/>\n<meta name=\"twitter:card\" content=\"summary_large_image\" \/>\n<meta name=\"twitter:label1\" content=\"Written by\" \/>\n\t<meta name=\"twitter:data1\" content=\"Ji\u0159\u00ed Kalo\u010d\" \/>\n\t<meta name=\"twitter:label2\" content=\"Est. reading time\" \/>\n\t<meta name=\"twitter:data2\" content=\"5\" \/>\n<script type=\"application\/ld+json\" class=\"yoast-schema-graph\">{\"@context\":\"https:\/\/schema.org\",\"@graph\":[{\"@type\":\"WebPage\",\"@id\":\"https:\/\/www.welovecycling.com\/sk\/2019\/06\/10\/vlakom-na-cyklovylet-vsetko-co-potrebujete-vediet\/\",\"url\":\"https:\/\/www.welovecycling.com\/sk\/2019\/06\/10\/vlakom-na-cyklovylet-vsetko-co-potrebujete-vediet\/\",\"name\":\"Vlakom na cyklov\u00fdlet - v\u0161etko, \u010do potrebujete vedie\u0165 - \u0160koda We Love Cycling Slovensko\",\"isPartOf\":{\"@id\":\"https:\/\/www.welovecycling.com\/sk\/#website\"},\"primaryImageOfPage\":{\"@id\":\"https:\/\/www.welovecycling.com\/sk\/2019\/06\/10\/vlakom-na-cyklovylet-vsetko-co-potrebujete-vediet\/#primaryimage\"},\"image\":{\"@id\":\"https:\/\/www.welovecycling.com\/sk\/2019\/06\/10\/vlakom-na-cyklovylet-vsetko-co-potrebujete-vediet\/#primaryimage\"},\"thumbnailUrl\":\"https:\/\/d2p6e6u75xmxt8.cloudfront.net\/4\/2019\/06\/IMG_9090.JPG-1.webp\",\"datePublished\":\"2019-06-10T10:34:08+00:00\",\"dateModified\":\"2019-06-21T09:22:06+00:00\",\"author\":{\"@id\":\"https:\/\/www.welovecycling.com\/sk\/#\/schema\/person\/8ee09ba39b7e25b1870160aa5b3a89bc\"},\"breadcrumb\":{\"@id\":\"https:\/\/www.welovecycling.com\/sk\/2019\/06\/10\/vlakom-na-cyklovylet-vsetko-co-potrebujete-vediet\/#breadcrumb\"},\"inLanguage\":\"sk-SK\",\"potentialAction\":[{\"@type\":\"ReadAction\",\"target\":[\"https:\/\/www.welovecycling.com\/sk\/2019\/06\/10\/vlakom-na-cyklovylet-vsetko-co-potrebujete-vediet\/\"]}]},{\"@type\":\"ImageObject\",\"inLanguage\":\"sk-SK\",\"@id\":\"https:\/\/www.welovecycling.com\/sk\/2019\/06\/10\/vlakom-na-cyklovylet-vsetko-co-potrebujete-vediet\/#primaryimage\",\"url\":\"https:\/\/d2p6e6u75xmxt8.cloudfront.net\/4\/2019\/06\/IMG_9090.JPG-1.webp\",\"contentUrl\":\"https:\/\/d2p6e6u75xmxt8.cloudfront.net\/4\/2019\/06\/IMG_9090.JPG-1.webp\",\"width\":1600,\"height\":1200},{\"@type\":\"BreadcrumbList\",\"@id\":\"https:\/\/www.welovecycling.com\/sk\/2019\/06\/10\/vlakom-na-cyklovylet-vsetko-co-potrebujete-vediet\/#breadcrumb\",\"itemListElement\":[{\"@type\":\"ListItem\",\"position\":1,\"name\":\"Home\",\"item\":\"https:\/\/www.welovecycling.com\/sk\/\"},{\"@type\":\"ListItem\",\"position\":2,\"name\":\"Vlakom na cyklov\u00fdlet &#8211; v\u0161etko, \u010do potrebujete vedie\u0165\"}]},{\"@type\":\"WebSite\",\"@id\":\"https:\/\/www.welovecycling.com\/sk\/#website\",\"url\":\"https:\/\/www.welovecycling.com\/sk\/\",\"name\":\"\u0160koda We Love Cycling Slovensko\",\"description\":\"\u0160koda We Love Cycling Slovensko je v\u00e1\u0161 ka\u017edodenn\u00fd zdroj noviniek a in\u0161pir\u00e1cie z sveta cyklistiky\",\"potentialAction\":[{\"@type\":\"SearchAction\",\"target\":{\"@type\":\"EntryPoint\",\"urlTemplate\":\"https:\/\/www.welovecycling.com\/sk\/?s={search_term_string}\"},\"query-input\":{\"@type\":\"PropertyValueSpecification\",\"valueRequired\":true,\"valueName\":\"search_term_string\"}}],\"inLanguage\":\"sk-SK\"},{\"@type\":\"Person\",\"@id\":\"https:\/\/www.welovecycling.com\/sk\/#\/schema\/person\/8ee09ba39b7e25b1870160aa5b3a89bc\",\"name\":\"Ondrej Ga\u0161par\",\"image\":{\"@type\":\"ImageObject\",\"inLanguage\":\"sk-SK\",\"@id\":\"https:\/\/www.welovecycling.com\/sk\/#\/schema\/person\/image\/\",\"url\":\"https:\/\/secure.gravatar.com\/avatar\/6126c9afb87b70da5abbb083ddbb21933da15f18f8ca7cb822aba0fb096a48f6?s=96&d=mm&r=g\",\"contentUrl\":\"https:\/\/secure.gravatar.com\/avatar\/6126c9afb87b70da5abbb083ddbb21933da15f18f8ca7cb822aba0fb096a48f6?s=96&d=mm&r=g\",\"caption\":\"Ondrej Ga\u0161par\"},\"url\":\"https:\/\/www.welovecycling.com\/sk\/author\/ondrejgaspar\/\"}]}<\/script>\n<!-- \/ Yoast SEO Premium plugin. -->","yoast_head_json":{"title":"Vlakom na cyklov\u00fdlet - v\u0161etko, \u010do potrebujete vedie\u0165 - \u0160koda We Love Cycling Slovensko","robots":{"index":"index","follow":"follow","max-snippet":"max-snippet:-1","max-image-preview":"max-image-preview:large","max-video-preview":"max-video-preview:-1"},"canonical":"https:\/\/www.welovecycling.com\/sk\/2019\/06\/10\/vlakom-na-cyklovylet-vsetko-co-potrebujete-vediet\/","og_locale":"sk_SK","og_type":"article","og_title":"Vlakom na cyklov\u00fdlet - v\u0161etko, \u010do potrebujete vedie\u0165","og_description":"Bl\u00ed\u017ei sa leto a s n\u00edm aj \u010das cyklov\u00fdletov. \u017delezni\u010dn\u00e1 doprava je aj napriek probl\u00e9mom v na\u0161ej krajine st\u00e1le vyu\u017e\u00edvan\u00e1 [&hellip;]","og_url":"https:\/\/www.welovecycling.com\/sk\/2019\/06\/10\/vlakom-na-cyklovylet-vsetko-co-potrebujete-vediet\/","og_site_name":"\u0160koda We Love Cycling Slovensko","article_published_time":"2019-06-10T10:34:08+00:00","article_modified_time":"2019-06-21T09:22:06+00:00","og_image":[{"width":1600,"height":1200,"url":"https:\/\/d2p6e6u75xmxt8.cloudfront.net\/4\/2019\/06\/IMG_9090.JPG-1.webp","type":"image\/webp"}],"author":"Ondrej Ga\u0161par","twitter_card":"summary_large_image","twitter_misc":{"Written by":"Ji\u0159\u00ed Kalo\u010d","Est. reading time":"5"},"schema":{"@context":"https:\/\/schema.org","@graph":[{"@type":"WebPage","@id":"https:\/\/www.welovecycling.com\/sk\/2019\/06\/10\/vlakom-na-cyklovylet-vsetko-co-potrebujete-vediet\/","url":"https:\/\/www.welovecycling.com\/sk\/2019\/06\/10\/vlakom-na-cyklovylet-vsetko-co-potrebujete-vediet\/","name":"Vlakom na cyklov\u00fdlet - v\u0161etko, \u010do potrebujete vedie\u0165 - \u0160koda We Love Cycling Slovensko","isPartOf":{"@id":"https:\/\/www.welovecycling.com\/sk\/#website"},"primaryImageOfPage":{"@id":"https:\/\/www.welovecycling.com\/sk\/2019\/06\/10\/vlakom-na-cyklovylet-vsetko-co-potrebujete-vediet\/#primaryimage"},"image":{"@id":"https:\/\/www.welovecycling.com\/sk\/2019\/06\/10\/vlakom-na-cyklovylet-vsetko-co-potrebujete-vediet\/#primaryimage"},"thumbnailUrl":"https:\/\/d2p6e6u75xmxt8.cloudfront.net\/4\/2019\/06\/IMG_9090.JPG-1.webp","datePublished":"2019-06-10T10:34:08+00:00","dateModified":"2019-06-21T09:22:06+00:00","author":{"@id":"https:\/\/www.welovecycling.com\/sk\/#\/schema\/person\/8ee09ba39b7e25b1870160aa5b3a89bc"},"breadcrumb":{"@id":"https:\/\/www.welovecycling.com\/sk\/2019\/06\/10\/vlakom-na-cyklovylet-vsetko-co-potrebujete-vediet\/#breadcrumb"},"inLanguage":"sk-SK","potentialAction":[{"@type":"ReadAction","target":["https:\/\/www.welovecycling.com\/sk\/2019\/06\/10\/vlakom-na-cyklovylet-vsetko-co-potrebujete-vediet\/"]}]},{"@type":"ImageObject","inLanguage":"sk-SK","@id":"https:\/\/www.welovecycling.com\/sk\/2019\/06\/10\/vlakom-na-cyklovylet-vsetko-co-potrebujete-vediet\/#primaryimage","url":"https:\/\/d2p6e6u75xmxt8.cloudfront.net\/4\/2019\/06\/IMG_9090.JPG-1.webp","contentUrl":"https:\/\/d2p6e6u75xmxt8.cloudfront.net\/4\/2019\/06\/IMG_9090.JPG-1.webp","width":1600,"height":1200},{"@type":"BreadcrumbList","@id":"https:\/\/www.welovecycling.com\/sk\/2019\/06\/10\/vlakom-na-cyklovylet-vsetko-co-potrebujete-vediet\/#breadcrumb","itemListElement":[{"@type":"ListItem","position":1,"name":"Home","item":"https:\/\/www.welovecycling.com\/sk\/"},{"@type":"ListItem","position":2,"name":"Vlakom na cyklov\u00fdlet &#8211; v\u0161etko, \u010do potrebujete vedie\u0165"}]},{"@type":"WebSite","@id":"https:\/\/www.welovecycling.com\/sk\/#website","url":"https:\/\/www.welovecycling.com\/sk\/","name":"\u0160koda We Love Cycling Slovensko","description":"\u0160koda We Love Cycling Slovensko je v\u00e1\u0161 ka\u017edodenn\u00fd zdroj noviniek a in\u0161pir\u00e1cie z sveta cyklistiky","potentialAction":[{"@type":"SearchAction","target":{"@type":"EntryPoint","urlTemplate":"https:\/\/www.welovecycling.com\/sk\/?s={search_term_string}"},"query-input":{"@type":"PropertyValueSpecification","valueRequired":true,"valueName":"search_term_string"}}],"inLanguage":"sk-SK"},{"@type":"Person","@id":"https:\/\/www.welovecycling.com\/sk\/#\/schema\/person\/8ee09ba39b7e25b1870160aa5b3a89bc","name":"Ondrej Ga\u0161par","image":{"@type":"ImageObject","inLanguage":"sk-SK","@id":"https:\/\/www.welovecycling.com\/sk\/#\/schema\/person\/image\/","url":"https:\/\/secure.gravatar.com\/avatar\/6126c9afb87b70da5abbb083ddbb21933da15f18f8ca7cb822aba0fb096a48f6?s=96&d=mm&r=g","contentUrl":"https:\/\/secure.gravatar.com\/avatar\/6126c9afb87b70da5abbb083ddbb21933da15f18f8ca7cb822aba0fb096a48f6?s=96&d=mm&r=g","caption":"Ondrej Ga\u0161par"},"url":"https:\/\/www.welovecycling.com\/sk\/author\/ondrejgaspar\/"}]}},"_links":{"self":[{"href":"https:\/\/www.welovecycling.com\/sk\/wp-json\/wp\/v2\/posts\/7351","targetHints":{"allow":["GET"]}}],"collection":[{"href":"https:\/\/www.welovecycling.com\/sk\/wp-json\/wp\/v2\/posts"}],"about":[{"href":"https:\/\/www.welovecycling.com\/sk\/wp-json\/wp\/v2\/types\/post"}],"author":[{"embeddable":true,"href":"https:\/\/www.welovecycling.com\/sk\/wp-json\/wp\/v2\/users\/38"}],"replies":[{"embeddable":true,"href":"https:\/\/www.welovecycling.com\/sk\/wp-json\/wp\/v2\/comments?post=7351"}],"version-history":[{"count":2,"href":"https:\/\/www.welovecycling.com\/sk\/wp-json\/wp\/v2\/posts\/7351\/revisions"}],"predecessor-version":[{"id":7588,"href":"https:\/\/www.welovecycling.com\/sk\/wp-json\/wp\/v2\/posts\/7351\/revisions\/7588"}],"wp:featuredmedia":[{"embeddable":true,"href":"https:\/\/www.welovecycling.com\/sk\/wp-json\/wp\/v2\/media\/7356"}],"wp:attachment":[{"href":"https:\/\/www.welovecycling.com\/sk\/wp-json\/wp\/v2\/media?parent=7351"}],"wp:term":[{"taxonomy":"category","embeddable":true,"href":"https:\/\/www.welovecycling.com\/sk\/wp-json\/wp\/v2\/categories?post=7351"},{"taxonomy":"post_tag","embeddable":true,"href":"https:\/\/www.welovecycling.com\/sk\/wp-json\/wp\/v2\/tags?post=7351"},{"taxonomy":"global-categories","embeddable":true,"href":"https:\/\/www.welovecycling.com\/sk\/wp-json\/wp\/v2\/global-categories?post=7351"}],"curies":[{"name":"wp","href":"https:\/\/api.w.org\/{rel}","templated":true}]}}