{"id":7341,"date":"2019-06-05T15:35:01","date_gmt":"2019-06-05T13:35:01","guid":{"rendered":"https:\/\/www.welovecycling.com\/sk\/?p=7341"},"modified":"2019-06-05T15:38:23","modified_gmt":"2019-06-05T13:38:23","slug":"ako-byt-najlepsou-cyklomamou","status":"publish","type":"post","link":"https:\/\/www.welovecycling.com\/sk\/2019\/06\/05\/ako-byt-najlepsou-cyklomamou\/","title":{"rendered":"Ako by\u0165 najlep\u0161ou cyklomamou?"},"content":{"rendered":"<p><strong>Nau\u010di\u0165 sa jazdi\u0165 na bicykli je pre v\u0161etky deti \u00fapln\u00fd z\u00e1klad. Napriek tomu je na diskusiu, \u010di je to nie\u010do nebezpe\u010dn\u00e9 alebo nie. Ak sa to v\u0161ak nau\u010d\u00ed, tak sa to m\u00f4\u017ee sta\u0165 celo\u017eivotnou v\u00e1\u0161\u0148ou.<\/strong><!--more--><\/p>\n<p>Mami\u010dky n\u00e1dejn\u00fdch futbalistov s\u00fa \u010dasto zabalen\u00e9 do teplej deky a spoza \u010diary sleduj\u00fa z\u00e1pas. Pripraven\u00fa maj\u00fa termosku hor\u00faceho \u010daju a nakr\u00e1jan\u00fd pomaran\u010d. Rugby mamky poskytuj\u00fa svojim mal\u00fdm \u0161portovcom u\u017eito\u010dn\u00e9 tr\u00e9nersk\u00e9 rady o ich s\u00faperovi. Mal\u00ed rugbisti si potom br\u00fasia zuby na svojich s\u00faperov a te\u0161ia sa na skrum\u00e1\u017e po\u010das z\u00e1pasu. \u010co v\u0161ak znamen\u00e1 by\u0165 cyklomamou?<\/p>\n<figure id=\"attachment_7342\" aria-describedby=\"caption-attachment-7342\" style=\"width: 1250px\" class=\"wp-caption alignnone\"><a href=\"https:\/\/d2p6e6u75xmxt8.cloudfront.net\/4\/2019\/06\/profimedia-0346857655.jpg\"><img loading=\"lazy\" decoding=\"async\" class=\"size-full wp-image-7342\" src=\"https:\/\/d2p6e6u75xmxt8.cloudfront.net\/4\/2019\/06\/profimedia-0346857655.jpg\" alt=\"\" width=\"1250\" height=\"834\" \/><\/a><figcaption id=\"caption-attachment-7342\" class=\"wp-caption-text\">3 deti na v\u00fdlete.\u00a0\u00a9 Profimedia, Alamy<\/figcaption><\/figure>\n<h2><strong>Bezpe\u010dnos\u0165 na prvom mieste<\/strong><\/h2>\n<p>Akon\u00e1hle sa v\u00e1\u0161 potomok na dvoch koles\u00e1ch c\u00edti isto, tak va\u0161ou najv\u00e4\u010d\u0161ou v\u00fdzvou ho bude udr\u017ea\u0165 v bezpe\u010d\u00ed. Dobre vieme, \u010do bude, ak sa to nau\u010dia. Na\u0161\u0165astie existuj\u00fa niektor\u00e9 <strong>k\u013e\u00fa\u010dov\u00e9 bezpe\u010dnostn\u00e9 opatrenia<\/strong>, ktor\u00e9 je potrebn\u00e9 prija\u0165. V\u00e4\u010d\u0161ina z n\u00e1s berie bezpe\u010dnos\u0165 za ka\u017ed\u00fdch okolnost\u00ed v\u00e1\u017ene, ale cyklomama to bude zvl\u00e1da\u0165 na priam umeleckej \u00farovni:<\/p>\n<ol>\n<li>Nosi\u0165 helmu je z\u00e1kladnou mantrou. V\u017edy sa uist\u00ed, \u017ee je ide\u00e1lna a ve\u013ekos\u0165 sa hod\u00ed pre mal\u00e9ho cyklistu. A nechce po\u010du\u0165 \u017eiadne: \u201eDaj mi ju dole.\u201c<\/li>\n<li>V\u017edy ver\u00ed, \u017ee die\u0165a nie je nikdy pr\u00edli\u0161 mal\u00e9 na to, aby sa nau\u010dilo z\u00e1klady cestnej prem\u00e1vky.<\/li>\n<li>Postar\u00e1 sa o to, aby jej die\u0165a nosilo reflexn\u00e9 oble\u010denie, ak jazd\u00ed po ceste, \u010di v jej bl\u00edzkosti.<\/li>\n<\/ol>\n<figure id=\"attachment_7343\" aria-describedby=\"caption-attachment-7343\" style=\"width: 1250px\" class=\"wp-caption alignnone\"><a href=\"https:\/\/d2p6e6u75xmxt8.cloudfront.net\/4\/2019\/06\/profimedia-0414277593.jpg\"><img loading=\"lazy\" decoding=\"async\" class=\"size-full wp-image-7343\" src=\"https:\/\/d2p6e6u75xmxt8.cloudfront.net\/4\/2019\/06\/profimedia-0414277593.jpg\" alt=\"\" width=\"1250\" height=\"834\" \/><\/a><figcaption id=\"caption-attachment-7343\" class=\"wp-caption-text\">\u00a9 Profimedia, Stock Budget<\/figcaption><\/figure>\n<h2><strong>\u0160anca pre\u017ei\u0165 dobrodru\u017estvo<\/strong><\/h2>\n<p>Akon\u00e1hle sa splnia tieto z\u00e1kladn\u00e9 podmienky, tak svet je zrazu jeden ve\u013ek\u00fd velodr\u00f3m pre mamky a ich ratolesti. K\u00fdm tich\u00e9 ulice by mohli by\u0165 dobr\u00fdm priestorom na prvotn\u00fa v\u00fdu\u010dbu jazdy, tak pr\u00edves za va\u0161\u00edm zadn\u00fdm kolesom otv\u00e1ra fantastick\u00fa ponuku cyklotr\u00e1s pre rodiny, kde \u010dastokr\u00e1t nenatraf\u00edte ani na jedno auto. <strong>Cyklistika je naozaj skvel\u00e1 pr\u00edle\u017eitos\u0165 pre rodiny<\/strong>, aby za\u017eili nov\u00e9 veci a nav\u0161t\u00edvili miesta, kde predt\u00fdm neboli. Je to taktie\u017e pr\u00edle\u017eitos\u0165 pre na\u0161e cyklomami\u010dky, aby predviedli svoje odv\u00e1\u017enej\u0161ie ja.<\/p>\n<h2><strong>\u0160anca sa prida\u0165<\/strong><\/h2>\n<p>Zatia\u013e, \u010do pri in\u00fdch \u0161portov sa rodi\u010dia len pozeraj\u00fa z \u00fazadia na \u0161portov\u00e9 v\u00fdkony svojich det\u00ed, tak <strong>cyklistika je \u0161ancou sa priamo zapoji\u0165 do aktivity<\/strong>. To je to, \u010do skuto\u010dne rob\u00ed ve\u013ek\u00fd z\u00e1\u017eitok celej rodine a vytv\u00e1ra puto na cel\u00fd \u017eivot. A tieto spomienky ost\u00e1vaj\u00fa dlho.<\/p>\n<figure id=\"attachment_7344\" aria-describedby=\"caption-attachment-7344\" style=\"width: 1800px\" class=\"wp-caption alignnone\"><a href=\"https:\/\/d2p6e6u75xmxt8.cloudfront.net\/4\/2019\/06\/profimedia-0356684874.jpg\"><img loading=\"lazy\" decoding=\"async\" class=\"wp-image-7344 size-full\" src=\"https:\/\/d2p6e6u75xmxt8.cloudfront.net\/4\/2019\/06\/profimedia-0356684874.jpg\" alt=\"\" width=\"1800\" height=\"1200\" \/><\/a><figcaption id=\"caption-attachment-7344\" class=\"wp-caption-text\">\u00a9 Profimedia<\/figcaption><\/figure>\n<h2><strong>Postoj in\u00fdch<\/strong><\/h2>\n<p>Je \u00fa\u017easn\u00e9, ko\u013eko \u017eien sa n\u00e1m zd\u00f4verilo s t\u00fdm, ako sa c\u00edtili v\u010faka cyklistike po\u010das tehotenstva a po \u0148om. <strong>Mo\u017eno pr\u00e1ve pozit\u00edvny pr\u00edstup je t\u00e1 najlep\u0161ia vec<\/strong>, ktor\u00fa n\u00e1m n\u00e1\u0161 \u0161port prin\u00e1\u0161a a je jeho ochrannou zn\u00e1mkou. Koniec koncov, \u010das v sedle je o tom, \u017ee sa m\u00e1me c\u00edti\u0165 dobre. Nejde tu v prvom rade o s\u00faperenie. Hoci aj to m\u00f4\u017ee by\u0165 z\u00e1bava. Ide o pr\u00edjemn\u00e9 chv\u00edle, cestovanie, zdravie, men\u0161\u00ed tr\u00e9ning a tr\u00e1venie vo\u013en\u00e9ho \u010dasu s \u013eu\u010fmi, ktor\u00fdch m\u00e1te radi. Je to naozaj o dobrom pocite. Spolo\u010dn\u00fd z\u00e1\u017eitok s celou rodinou m\u00f4\u017ee navy\u0161e sl\u00fa\u017ei\u0165 ako d\u00e1vka pozit\u00edvnej energie do \u017eivota matky.<\/p>\n","protected":false},"excerpt":{"rendered":"<p>Nau\u010di\u0165 sa jazdi\u0165 na bicykli je pre v\u0161etky deti \u00fapln\u00fd z\u00e1klad. Napriek tomu je na diskusiu, \u010di je to nie\u010do [&hellip;]<\/p>\n","protected":false},"author":38,"featured_media":7346,"comment_status":"open","ping_status":"open","sticky":false,"template":"","format":"standard","meta":{"footnotes":""},"categories":[51],"tags":[619,275,115,865,487,53,54,180,902,532,978,412,762,55,183,475],"global-categories":[],"class_list":["post-7341","post","type-post","status-publish","format-standard","has-post-thumbnail","hentry","category-deti-na-bicykloch","tag-bicyklovanie","tag-cesta","tag-cestna-cyklistika","tag-cestna-premavka","tag-cestny-bicykel","tag-deti","tag-detske-bicykle","tag-horska-cyklistika","tag-horsky-bicykel","tag-jazdenie","tag-matky","tag-mtb","tag-relax","tag-trening","tag-zabava","tag-zeny"],"yoast_head":"<!-- This site is optimized with the Yoast SEO Premium plugin v25.3 (Yoast SEO v25.9) - https:\/\/yoast.com\/wordpress\/plugins\/seo\/ -->\n<title>Ako by\u0165 najlep\u0161ou cyklomamou? - \u0160koda We Love Cycling Slovensko<\/title>\n<meta name=\"robots\" content=\"index, follow, max-snippet:-1, max-image-preview:large, max-video-preview:-1\" \/>\n<link rel=\"canonical\" href=\"https:\/\/www.welovecycling.com\/sk\/2019\/06\/05\/ako-byt-najlepsou-cyklomamou\/\" \/>\n<meta property=\"og:locale\" content=\"sk_SK\" \/>\n<meta property=\"og:type\" content=\"article\" \/>\n<meta property=\"og:title\" content=\"Ako by\u0165 najlep\u0161ou cyklomamou?\" \/>\n<meta property=\"og:description\" content=\"Nau\u010di\u0165 sa jazdi\u0165 na bicykli je pre v\u0161etky deti \u00fapln\u00fd z\u00e1klad. Napriek tomu je na diskusiu, \u010di je to nie\u010do [&hellip;]\" \/>\n<meta property=\"og:url\" content=\"https:\/\/www.welovecycling.com\/sk\/2019\/06\/05\/ako-byt-najlepsou-cyklomamou\/\" \/>\n<meta property=\"og:site_name\" content=\"\u0160koda We Love Cycling Slovensko\" \/>\n<meta property=\"article:published_time\" content=\"2019-06-05T13:35:01+00:00\" \/>\n<meta property=\"article:modified_time\" content=\"2019-06-05T13:38:23+00:00\" \/>\n<meta property=\"og:image\" content=\"https:\/\/d2p6e6u75xmxt8.cloudfront.net\/4\/2019\/06\/Children-CVR.webp\" \/>\n\t<meta property=\"og:image:width\" content=\"1366\" \/>\n\t<meta property=\"og:image:height\" content=\"600\" \/>\n\t<meta property=\"og:image:type\" content=\"image\/webp\" \/>\n<meta name=\"author\" content=\"Ondrej Ga\u0161par\" \/>\n<meta name=\"twitter:card\" content=\"summary_large_image\" \/>\n<meta name=\"twitter:label1\" content=\"Written by\" \/>\n\t<meta name=\"twitter:data1\" content=\"Bonnie Friend\" \/>\n\t<meta name=\"twitter:label2\" content=\"Est. reading time\" \/>\n\t<meta name=\"twitter:data2\" content=\"4\" \/>\n<script type=\"application\/ld+json\" class=\"yoast-schema-graph\">{\"@context\":\"https:\/\/schema.org\",\"@graph\":[{\"@type\":\"WebPage\",\"@id\":\"https:\/\/www.welovecycling.com\/sk\/2019\/06\/05\/ako-byt-najlepsou-cyklomamou\/\",\"url\":\"https:\/\/www.welovecycling.com\/sk\/2019\/06\/05\/ako-byt-najlepsou-cyklomamou\/\",\"name\":\"Ako by\u0165 najlep\u0161ou cyklomamou? - \u0160koda We Love Cycling Slovensko\",\"isPartOf\":{\"@id\":\"https:\/\/www.welovecycling.com\/sk\/#website\"},\"primaryImageOfPage\":{\"@id\":\"https:\/\/www.welovecycling.com\/sk\/2019\/06\/05\/ako-byt-najlepsou-cyklomamou\/#primaryimage\"},\"image\":{\"@id\":\"https:\/\/www.welovecycling.com\/sk\/2019\/06\/05\/ako-byt-najlepsou-cyklomamou\/#primaryimage\"},\"thumbnailUrl\":\"https:\/\/d2p6e6u75xmxt8.cloudfront.net\/4\/2019\/06\/Children-CVR.webp\",\"datePublished\":\"2019-06-05T13:35:01+00:00\",\"dateModified\":\"2019-06-05T13:38:23+00:00\",\"author\":{\"@id\":\"https:\/\/www.welovecycling.com\/sk\/#\/schema\/person\/8ee09ba39b7e25b1870160aa5b3a89bc\"},\"breadcrumb\":{\"@id\":\"https:\/\/www.welovecycling.com\/sk\/2019\/06\/05\/ako-byt-najlepsou-cyklomamou\/#breadcrumb\"},\"inLanguage\":\"sk-SK\",\"potentialAction\":[{\"@type\":\"ReadAction\",\"target\":[\"https:\/\/www.welovecycling.com\/sk\/2019\/06\/05\/ako-byt-najlepsou-cyklomamou\/\"]}]},{\"@type\":\"ImageObject\",\"inLanguage\":\"sk-SK\",\"@id\":\"https:\/\/www.welovecycling.com\/sk\/2019\/06\/05\/ako-byt-najlepsou-cyklomamou\/#primaryimage\",\"url\":\"https:\/\/d2p6e6u75xmxt8.cloudfront.net\/4\/2019\/06\/Children-CVR.webp\",\"contentUrl\":\"https:\/\/d2p6e6u75xmxt8.cloudfront.net\/4\/2019\/06\/Children-CVR.webp\",\"width\":1366,\"height\":600},{\"@type\":\"BreadcrumbList\",\"@id\":\"https:\/\/www.welovecycling.com\/sk\/2019\/06\/05\/ako-byt-najlepsou-cyklomamou\/#breadcrumb\",\"itemListElement\":[{\"@type\":\"ListItem\",\"position\":1,\"name\":\"Home\",\"item\":\"https:\/\/www.welovecycling.com\/sk\/\"},{\"@type\":\"ListItem\",\"position\":2,\"name\":\"Ako by\u0165 najlep\u0161ou cyklomamou?\"}]},{\"@type\":\"WebSite\",\"@id\":\"https:\/\/www.welovecycling.com\/sk\/#website\",\"url\":\"https:\/\/www.welovecycling.com\/sk\/\",\"name\":\"\u0160koda We Love Cycling Slovensko\",\"description\":\"\u0160koda We Love Cycling Slovensko je v\u00e1\u0161 ka\u017edodenn\u00fd zdroj noviniek a in\u0161pir\u00e1cie z sveta cyklistiky\",\"potentialAction\":[{\"@type\":\"SearchAction\",\"target\":{\"@type\":\"EntryPoint\",\"urlTemplate\":\"https:\/\/www.welovecycling.com\/sk\/?s={search_term_string}\"},\"query-input\":{\"@type\":\"PropertyValueSpecification\",\"valueRequired\":true,\"valueName\":\"search_term_string\"}}],\"inLanguage\":\"sk-SK\"},{\"@type\":\"Person\",\"@id\":\"https:\/\/www.welovecycling.com\/sk\/#\/schema\/person\/8ee09ba39b7e25b1870160aa5b3a89bc\",\"name\":\"Ondrej Ga\u0161par\",\"image\":{\"@type\":\"ImageObject\",\"inLanguage\":\"sk-SK\",\"@id\":\"https:\/\/www.welovecycling.com\/sk\/#\/schema\/person\/image\/\",\"url\":\"https:\/\/secure.gravatar.com\/avatar\/6126c9afb87b70da5abbb083ddbb21933da15f18f8ca7cb822aba0fb096a48f6?s=96&d=mm&r=g\",\"contentUrl\":\"https:\/\/secure.gravatar.com\/avatar\/6126c9afb87b70da5abbb083ddbb21933da15f18f8ca7cb822aba0fb096a48f6?s=96&d=mm&r=g\",\"caption\":\"Ondrej Ga\u0161par\"},\"url\":\"https:\/\/www.welovecycling.com\/sk\/author\/ondrejgaspar\/\"}]}<\/script>\n<!-- \/ Yoast SEO Premium plugin. -->","yoast_head_json":{"title":"Ako by\u0165 najlep\u0161ou cyklomamou? - \u0160koda We Love Cycling Slovensko","robots":{"index":"index","follow":"follow","max-snippet":"max-snippet:-1","max-image-preview":"max-image-preview:large","max-video-preview":"max-video-preview:-1"},"canonical":"https:\/\/www.welovecycling.com\/sk\/2019\/06\/05\/ako-byt-najlepsou-cyklomamou\/","og_locale":"sk_SK","og_type":"article","og_title":"Ako by\u0165 najlep\u0161ou cyklomamou?","og_description":"Nau\u010di\u0165 sa jazdi\u0165 na bicykli je pre v\u0161etky deti \u00fapln\u00fd z\u00e1klad. Napriek tomu je na diskusiu, \u010di je to nie\u010do [&hellip;]","og_url":"https:\/\/www.welovecycling.com\/sk\/2019\/06\/05\/ako-byt-najlepsou-cyklomamou\/","og_site_name":"\u0160koda We Love Cycling Slovensko","article_published_time":"2019-06-05T13:35:01+00:00","article_modified_time":"2019-06-05T13:38:23+00:00","og_image":[{"width":1366,"height":600,"url":"https:\/\/d2p6e6u75xmxt8.cloudfront.net\/4\/2019\/06\/Children-CVR.webp","type":"image\/webp"}],"author":"Ondrej Ga\u0161par","twitter_card":"summary_large_image","twitter_misc":{"Written by":"Bonnie Friend","Est. reading time":"4"},"schema":{"@context":"https:\/\/schema.org","@graph":[{"@type":"WebPage","@id":"https:\/\/www.welovecycling.com\/sk\/2019\/06\/05\/ako-byt-najlepsou-cyklomamou\/","url":"https:\/\/www.welovecycling.com\/sk\/2019\/06\/05\/ako-byt-najlepsou-cyklomamou\/","name":"Ako by\u0165 najlep\u0161ou cyklomamou? - \u0160koda We Love Cycling Slovensko","isPartOf":{"@id":"https:\/\/www.welovecycling.com\/sk\/#website"},"primaryImageOfPage":{"@id":"https:\/\/www.welovecycling.com\/sk\/2019\/06\/05\/ako-byt-najlepsou-cyklomamou\/#primaryimage"},"image":{"@id":"https:\/\/www.welovecycling.com\/sk\/2019\/06\/05\/ako-byt-najlepsou-cyklomamou\/#primaryimage"},"thumbnailUrl":"https:\/\/d2p6e6u75xmxt8.cloudfront.net\/4\/2019\/06\/Children-CVR.webp","datePublished":"2019-06-05T13:35:01+00:00","dateModified":"2019-06-05T13:38:23+00:00","author":{"@id":"https:\/\/www.welovecycling.com\/sk\/#\/schema\/person\/8ee09ba39b7e25b1870160aa5b3a89bc"},"breadcrumb":{"@id":"https:\/\/www.welovecycling.com\/sk\/2019\/06\/05\/ako-byt-najlepsou-cyklomamou\/#breadcrumb"},"inLanguage":"sk-SK","potentialAction":[{"@type":"ReadAction","target":["https:\/\/www.welovecycling.com\/sk\/2019\/06\/05\/ako-byt-najlepsou-cyklomamou\/"]}]},{"@type":"ImageObject","inLanguage":"sk-SK","@id":"https:\/\/www.welovecycling.com\/sk\/2019\/06\/05\/ako-byt-najlepsou-cyklomamou\/#primaryimage","url":"https:\/\/d2p6e6u75xmxt8.cloudfront.net\/4\/2019\/06\/Children-CVR.webp","contentUrl":"https:\/\/d2p6e6u75xmxt8.cloudfront.net\/4\/2019\/06\/Children-CVR.webp","width":1366,"height":600},{"@type":"BreadcrumbList","@id":"https:\/\/www.welovecycling.com\/sk\/2019\/06\/05\/ako-byt-najlepsou-cyklomamou\/#breadcrumb","itemListElement":[{"@type":"ListItem","position":1,"name":"Home","item":"https:\/\/www.welovecycling.com\/sk\/"},{"@type":"ListItem","position":2,"name":"Ako by\u0165 najlep\u0161ou cyklomamou?"}]},{"@type":"WebSite","@id":"https:\/\/www.welovecycling.com\/sk\/#website","url":"https:\/\/www.welovecycling.com\/sk\/","name":"\u0160koda We Love Cycling Slovensko","description":"\u0160koda We Love Cycling Slovensko je v\u00e1\u0161 ka\u017edodenn\u00fd zdroj noviniek a in\u0161pir\u00e1cie z sveta cyklistiky","potentialAction":[{"@type":"SearchAction","target":{"@type":"EntryPoint","urlTemplate":"https:\/\/www.welovecycling.com\/sk\/?s={search_term_string}"},"query-input":{"@type":"PropertyValueSpecification","valueRequired":true,"valueName":"search_term_string"}}],"inLanguage":"sk-SK"},{"@type":"Person","@id":"https:\/\/www.welovecycling.com\/sk\/#\/schema\/person\/8ee09ba39b7e25b1870160aa5b3a89bc","name":"Ondrej Ga\u0161par","image":{"@type":"ImageObject","inLanguage":"sk-SK","@id":"https:\/\/www.welovecycling.com\/sk\/#\/schema\/person\/image\/","url":"https:\/\/secure.gravatar.com\/avatar\/6126c9afb87b70da5abbb083ddbb21933da15f18f8ca7cb822aba0fb096a48f6?s=96&d=mm&r=g","contentUrl":"https:\/\/secure.gravatar.com\/avatar\/6126c9afb87b70da5abbb083ddbb21933da15f18f8ca7cb822aba0fb096a48f6?s=96&d=mm&r=g","caption":"Ondrej Ga\u0161par"},"url":"https:\/\/www.welovecycling.com\/sk\/author\/ondrejgaspar\/"}]}},"_links":{"self":[{"href":"https:\/\/www.welovecycling.com\/sk\/wp-json\/wp\/v2\/posts\/7341","targetHints":{"allow":["GET"]}}],"collection":[{"href":"https:\/\/www.welovecycling.com\/sk\/wp-json\/wp\/v2\/posts"}],"about":[{"href":"https:\/\/www.welovecycling.com\/sk\/wp-json\/wp\/v2\/types\/post"}],"author":[{"embeddable":true,"href":"https:\/\/www.welovecycling.com\/sk\/wp-json\/wp\/v2\/users\/38"}],"replies":[{"embeddable":true,"href":"https:\/\/www.welovecycling.com\/sk\/wp-json\/wp\/v2\/comments?post=7341"}],"version-history":[{"count":2,"href":"https:\/\/www.welovecycling.com\/sk\/wp-json\/wp\/v2\/posts\/7341\/revisions"}],"predecessor-version":[{"id":7350,"href":"https:\/\/www.welovecycling.com\/sk\/wp-json\/wp\/v2\/posts\/7341\/revisions\/7350"}],"wp:featuredmedia":[{"embeddable":true,"href":"https:\/\/www.welovecycling.com\/sk\/wp-json\/wp\/v2\/media\/7346"}],"wp:attachment":[{"href":"https:\/\/www.welovecycling.com\/sk\/wp-json\/wp\/v2\/media?parent=7341"}],"wp:term":[{"taxonomy":"category","embeddable":true,"href":"https:\/\/www.welovecycling.com\/sk\/wp-json\/wp\/v2\/categories?post=7341"},{"taxonomy":"post_tag","embeddable":true,"href":"https:\/\/www.welovecycling.com\/sk\/wp-json\/wp\/v2\/tags?post=7341"},{"taxonomy":"global-categories","embeddable":true,"href":"https:\/\/www.welovecycling.com\/sk\/wp-json\/wp\/v2\/global-categories?post=7341"}],"curies":[{"name":"wp","href":"https:\/\/api.w.org\/{rel}","templated":true}]}}