{"id":7330,"date":"2019-06-03T18:36:49","date_gmt":"2019-06-03T16:36:49","guid":{"rendered":"https:\/\/www.welovecycling.com\/sk\/?p=7330"},"modified":"2019-06-03T18:55:53","modified_gmt":"2019-06-03T16:55:53","slug":"heroicky-zaver-boja-o-ruzovy-dres-giro-ditalia-2019","status":"publish","type":"post","link":"https:\/\/www.welovecycling.com\/sk\/2019\/06\/03\/heroicky-zaver-boja-o-ruzovy-dres-giro-ditalia-2019\/","title":{"rendered":"Heroick\u00fd z\u00e1ver boja o\u00a0ru\u017eov\u00fd dres \u2013 Giro d\u00b4Italia 2019"},"content":{"rendered":"<p><strong>V\u00a0nede\u013eu sme sa dozvedeli meno nov\u00e9ho vl\u00e1dcu nad talianskym trojt\u00fd\u017ed\u0148ov\u00fdm etap\u00e1kom \u2013 je n\u00edm Ekv\u00e1dorec Richard Carapaz. Cesta k\u00a0nemu nebola \u013eahk\u00e1 a\u00a0naj\u0165a\u017e\u0161ie dni boli tie posledn\u00e9. Pozrime sa teda na ne bli\u017e\u0161ie.<\/strong><!--more--><\/p>\n<h2><strong>16. etapa Lovere \u2013 Ponte di Legno (horsk\u00e1, 194 km)<\/strong><\/h2>\n<p>Hne\u010f \u00favodn\u00e1 etapa po druhom dni vo\u013ena priniesla smutn\u00e9 spr\u00e1vy \u2013 pl\u00e1novan\u00e9 st\u00fapanie Passo di Gavia bolo kv\u00f4li snehovej kalamite zamenen\u00e9 za nie menej pr\u00ed\u0165a\u017eliv\u00e9 <strong>Passo del Mortirolo<\/strong>, ktor\u00e9 je <strong>prav\u00fdm \u201ezabijakom\u201c s\u00a0priemerom 11 % a\u00a0d\u013a\u017ekou 12 km<\/strong>! Ist\u00fdm bolo, \u017ee tu sa bude rozhodova\u0165 o\u00a0osude \u010fal\u0161\u00edch dn\u00ed. 40 km pred koncom, na za\u010diatku Mortirola, mal 21-\u010dlenn\u00fd \u00fanik n\u00e1skok takmer 6 min\u00fat. V\u00a0pelot\u00f3ne za nimi sa o\u010dak\u00e1val \u00fatok niekoho z\u00a0celkovej klasifik\u00e1cie \u2013 a\u00a0pravda\u017ee pri\u0161iel \u2013 v\u00a0\u00faseku so sklonom vy\u0161e 18 %. Hust\u00fd d\u00e1\u017e\u010f nepom\u00e1hal nikomu. Z\u00a0vrcholu klesali prv\u00ed J. Hirt s\u00a0G. Cicconem, z\u00a0dvojice ktor\u00fdch sa malo rozhodn\u00fa\u0165 o\u00a0v\u00ed\u0165azovi etapy. Nibali bol nakoniec dohnan\u00fd ru\u017eov\u00fdm mu\u017eom, Carapazom, Landom, av\u0161ak Rogli\u010d ch\u00fdbal. <strong>Na \u010dele si po v\u00fdhru v\u00a0\u0161printe pri\u0161iel Ciccone<\/strong>. Rogli\u010d, Mollema, Yates a\u00a0in\u00ed stratili vy\u0161e 1 min\u00fatu.<\/p>\n<p><a href=\"https:\/\/d2p6e6u75xmxt8.cloudfront.net\/4\/2019\/06\/01.jpg\"><img loading=\"lazy\" decoding=\"async\" src=\"https:\/\/d2p6e6u75xmxt8.cloudfront.net\/4\/2019\/06\/01.jpg\" alt=\"\" width=\"1200\" height=\"800\" class=\"alignnone size-full wp-image-7336\" \/><\/a><\/p>\n<h2><strong>17. etapa Commezzadura \u2013 Anterselva\/Antholz (kopcovit\u00e1, 181 km)<\/strong><\/h2>\n<p>Etapa, ktor\u00e1 mala po v\u010deraj\u0161om \u0165a\u017ekom dni prinies\u0165 aspo\u0148 \u010diasto\u010dn\u00e9 odd\u00fdchnutie. Aj napriek viacer\u00fdm kopcom sme neo\u010dak\u00e1vali ve\u013ek\u00e9 rozdiely v\u00a0cieli. Po\u010detn\u00fd \u00fanik sa predstavil v\u00a0tom najlep\u0161om svetle, ke\u010f e\u0161te 3 km mal \u010deln\u00fd jazdec vy\u0161e 5 min\u00fat n\u00e1skoku pred koncom. N\u00e1skoky jednotlivcov z\u00a0\u00faniku zakon\u010dil \u00faspe\u0161ne N. Peters, udr\u017euj\u00faci si odstup po cel\u00fdch posledn\u00fdch 15 km. Ani n\u00e1stup E.&nbsp;Chavesa u\u017e nesta\u010dil na to, aby zastavil <strong>Petersa pred jeho debutov\u00fdm profesion\u00e1lnym v\u00ed\u0165azstvom<\/strong>. \u010co sa t\u00fdka celkov\u00e9ho poradia, jedine Landa z\u00edskal p\u00e1r sek\u00fand pred ostatn\u00fdmi, \u010d\u00edm sa posunul 6. poz\u00edciu. V\u00a0ru\u017eovom ost\u00e1val R. Carapaz, st\u00e1le prenasledovan\u00fd necel\u00fdmi 2 min\u00fatami, ktor\u00e9 na\u0148ho str\u00e1cal V. Nibali.<\/p>\n<p><a href=\"https:\/\/d2p6e6u75xmxt8.cloudfront.net\/4\/2019\/06\/02.jpg\"><img loading=\"lazy\" decoding=\"async\" src=\"https:\/\/d2p6e6u75xmxt8.cloudfront.net\/4\/2019\/06\/02.jpg\" alt=\"\" width=\"1200\" height=\"800\" class=\"alignnone size-full wp-image-7335\" \/><\/a><\/p>\n<h2><strong>18. etapa Valdaora \u2013 Santa Maria di Sala (zvlnen\u00e1, 222 km)<\/strong><\/h2>\n<p>Ak si mali \u0161print\u00e9ri napravi\u0165 svoju poves\u0165 alebo z\u00edska\u0165 dodato\u010dn\u00e9 v\u00ed\u0165azstvo, 18. etapa bola poslednou, ktor\u00e1 im k\u00a0tomu d\u00e1vala mo\u017enos\u0165. Po \u0161tarte sa v\u00a0\u00faniku objavili len 3 odv\u00e1\u017elivci, aj napriek tomu, \u017ee celkov\u00fd profil etapy mal sk\u00f4r klesav\u00fd charakter. Na po\u010dudovanie v\u0161etk\u00fdch sa s\u00a0ub\u00fadaj\u00facimi kilometrami n\u00e1skok trojice na \u010dele nezmen\u0161oval. E\u0161te 30 km pred koncom mali dvaja Taliani a\u00a0jeden Nemec n\u00e1skok 4 min\u00faty. V\u00a0strhuj\u00facom z\u00e1vere, kedy sa \u00fanik pribl\u00ed\u017eil a\u017e na dosah pelot\u00f3nu, <strong>skon\u010dil v\u00ed\u0165azne pre D. Cima<\/strong>. Tento taliansky hrdina, ktor\u00fd str\u00e1vil na \u010dele vy\u0161e 200 km, dok\u00e1zal pre\u0165a\u0165 cie\u013eov\u00fa p\u00e1sku len stotiny sekundy pred \u0161printuj\u00facim bal\u00edkom, konkr\u00e9tne pred P. Ackermannom a\u00a0nasleduj\u00facimi jazdcami. Je to tak Cimovo prv\u00e9 v\u00ed\u0165azstvo na tak prest\u00ed\u017enych pretekoch, navy\u0161e v\u00a0drese pro-kontinent\u00e1lneho t\u00edmu Vini Fantini.<\/p>\n<p><a href=\"https:\/\/d2p6e6u75xmxt8.cloudfront.net\/4\/2019\/06\/03.jpg\"><img loading=\"lazy\" decoding=\"async\" src=\"https:\/\/d2p6e6u75xmxt8.cloudfront.net\/4\/2019\/06\/03.jpg\" alt=\"\" width=\"1200\" height=\"800\" class=\"alignnone size-full wp-image-7334\" \/><\/a><\/p>\n<h2><strong>19. etapa Treviso \u2013 San Martino di Castrozza (horsk\u00e1, 151 km)<\/strong><\/h2>\n<p>Aj v\u00a0tento de\u0148 prial osud \u00faniku. S\u00a0vidinou posledn\u00e9ho st\u00fapania, ktor\u00e9 bolo s\u00fa\u010dasne aj cie\u013eov\u00fdm, sa na \u010dele pretekov zoradila skupina 12 jazdcov, ktor\u00ed v\u010faka vz\u00e1jomnej spolupr\u00e1ci z\u00edskali n\u00e1skok vy\u0161e 9 min\u00fat, dr\u017eiaci sa e\u0161te 30 km pred koncom etapy. Pri vstupe do posledn\u00e9ho st\u00fapania San Martino di Castrozza, sa jednotliv\u00ed jazdci sna\u017eili o\u00a0prekvapenie svojich sokov a\u00a0vytvorenie si dostato\u010dnej medzery. O\u010dak\u00e1vania sa upierali predov\u0161etk\u00fdm na E. Chavesa, ktor\u00fd sa v\u00a0tomto kopci zasl\u00fa\u017eil o\u00a0vy\u0161e desiatku n\u00e1stupov, ktor\u00e9 v\u0161ak neboli \u00faspe\u0161n\u00e9. Rozhoduj\u00faci bol a\u017e ten 2,7 km pred p\u00e1skou, kedy sa oslobodil od Bidarda a\u00a0Serryho. <strong>V\u00a0pelot\u00f3ne mal naviac s\u00edl Lopez, ktor\u00fd vystihol spr\u00e1vny moment a\u00a0v\u00a0z\u00e1vere si pred ostatn\u00fdmi adeptami na ru\u017eov\u00fd dres ukrojil aspo\u0148 44 sek\u00fand<\/strong>. V\u00a0kone\u010dnom d\u00f4sledku sa v\u0161ak poradie nemenilo.<\/p>\n<p><a href=\"https:\/\/d2p6e6u75xmxt8.cloudfront.net\/4\/2019\/06\/04.jpg\"><img loading=\"lazy\" decoding=\"async\" src=\"https:\/\/d2p6e6u75xmxt8.cloudfront.net\/4\/2019\/06\/04.jpg\" alt=\"\" width=\"1200\" height=\"800\" class=\"alignnone size-full wp-image-7333\" \/><\/a><\/p>\n<h2><strong>20. etapa Feltre \u2013 Croce D\u2019Aune-Monte Avena (horsk\u00e1, 194 km)<\/strong><\/h2>\n<p>Toto bola posledn\u00e1 mo\u017enos\u0165 Nibaliho pok\u00fasi\u0165 sa z\u00edska\u0165 sekundy pred individu\u00e1lnou \u010dasovkou, ktor\u00e1 delila Carapaza od historick\u00e9ho v\u00ed\u0165azstva. 5 st\u00fapan\u00ed, 5 500 nast\u00fapan\u00fdch metrov a\u00a0necel\u00fdch 200 km \u2013 tak\u00fato porciu si pripravili organiz\u00e1tori v\u00a0predposledn\u00fd de\u0148 Gira. 8-\u010dlenn\u00fd \u00fanik si viedol v\u00fdborne, ke\u010f 15 km pred koncom mal e\u0161te 2 min\u00faty k\u00a0dobru. To v\u0161ak bola chv\u00ed\u013ea Lopeza v\u00a0pelot\u00f3ne, kedy rozp\u00fatal \u00fatoky na ru\u017eov\u00fd dres a\u00a0celkov\u00e9 poradie. Carapaz bol v\u0161ak pripraven\u00fd a\u00a0v\u00a0nasleduj\u00facich kilometroch sa odp\u00fatal spolu s\u00a0kolegom Landom a\u00a0Nibalim od ostatn\u00fdch l\u00eddrov. V\u00a0poslednom st\u00fapan\u00ed bol navy\u0161e Landa zrazen\u00fd na zem nepozorn\u00fdm fan\u00fa\u0161ikom, \u010d\u00edm nadobro stratil z\u00a0doh\u013eadu predn\u00fdch jazdcov. <strong>Kilometer pred koncom u\u017e \u010deln\u00fa skupinu \u0165ahal l\u00edder cel\u00e9ho Gira \u2013 Carapaz, \u010d\u00edm uk\u00e1zal dominanciu a\u00a0zasl\u00fa\u017een\u00fa prv\u00fa poz\u00edciu<\/strong>. V\u00a0\u0161printe nakoniec jeho t\u00edmov\u00e9ho kolegu, Landu, zdolal Bask P. Bilbao. Yates, Majka a\u00a0Rogli\u010d stratili vy\u0161e 40 sek\u00fand, Landa e\u0161te o\u00a0min\u00fatu viac.<\/p>\n<lite-youtube videoid=tev_HZcAXNg params=\"enablejsapi=1\" style=\"background-image: url('https:\/\/i.ytimg.com\/vi_webp\/tev_HZcAXNg\/maxresdefault.webp');\"><\/lite-youtube>\n<h2><strong>21. etapa Verona \u2013 Verona (individu\u00e1lna \u010dasovka, 17 km)<\/strong><\/h2>\n<p>Chv\u00ed\u013ea pravdy, nielen pre Carapaza, nadi\u0161la 2. j\u00fana v\u00a0uliciach Verony. Ot\u00e1zkou tie\u017e bola forma Rogli\u010da a\u00a0Campanaertsa \u2013 dvoch jazdcov, ktor\u00ed si v\u00a0predch\u00e1dzaj\u00facej individu\u00e1lnej \u010dasovke ni\u010d nedarovali. U\u017e v\u00a0\u00favode sa o\u00a0najr\u00fdchlej\u0161\u00ed \u010das zasl\u00fa\u017eil 30-ro\u010dn\u00fd Ameri\u010dan Haga, ktor\u00fd doteraz nezaznamenal v\u00fdraznej\u0161ie profesion\u00e1lne v\u00ed\u0165azstvo. \u010casom 22:07 zdolal o\u00a04 sekundy aj dovtedaj\u0161ieho l\u00eddra Campanaertsa. Bl\u00edzko sa dostal aj T. De Gendt, pret\u00ednaj\u00faci cie\u013eov\u00fa p\u00e1sku so 6 s stratou. O\u00a0v\u00ed\u0165azstvo v\u00a0etape Haga neobrali ani jazdci o\u00a0celkov\u00e9 poradie. Rogli\u010d skon\u010dil a\u017e 10. so stratou 26 s. V\u00fdborne skon\u010dil Nibali s\u00a0mankom len 23 sek\u00fand. Ako posledn\u00fd \u0161tartoval Carapaz, ktor\u00fd je zn\u00e1my slab\u0161ou \u010dasovkou. \u010cerven\u00e9 \u010d\u00edsla pri prejazde polovicou trasy hovorila o\u00a0desiatkach sek\u00fand v\u00a0prospech Nibaliho, av\u0161ak potrebn\u00fd odstup necel\u00fdch 2 min\u00fat bol v\u00a0nedoh\u013eadne. <strong>Aj ke\u010f Carapaz skon\u010dil a\u017e na 36. mieste so stratou 1:12, svoj ru\u017eov\u00fd dres obh\u00e1jil.<\/strong> Navy\u0161e sa na 3. miesto pred Landu posunul Rogli\u010d.<\/p>\n<p><a href=\"https:\/\/d2p6e6u75xmxt8.cloudfront.net\/4\/2019\/06\/05.jpg\"><img loading=\"lazy\" decoding=\"async\" src=\"https:\/\/d2p6e6u75xmxt8.cloudfront.net\/4\/2019\/06\/05.jpg\" alt=\"\" width=\"1200\" height=\"800\" class=\"alignnone size-full wp-image-7332\" \/><\/a><\/p>\n<p><strong>Dres najlep\u0161ieho vrch\u00e1ra si odniesol po dlhom boji G. Ciccone<\/strong> s\u00a0dostato\u010dn\u00fdm, vy\u0161e dvojn\u00e1sobn\u00fdm po\u010dtom bodov pred F. Masnadom a\u00a0D. Carusom. <strong>Najlep\u0161\u00edm mlad\u00edkom do 25 rokov sa stal l\u00edder Astany &#8211; M. A. Lopez<\/strong>, ktor\u00fd ho udr\u017eal len o\u00a01:30 pred v\u00ed\u0165azom Tour of Alps, P. Sivakovom. Nabl\u00edzku bol aj H. Carthy na tre\u0165om mieste.<\/p>\n<p>S\u00fa\u0165a\u017eou, ktor\u00e1 utrpela sn\u00e1\u010f najv\u00e4\u010d\u0161ie straty, bola bodovacia \u2013 teda <strong>\u0161print\u00e9rska s\u00fa\u0165a\u017e<\/strong>. Po v\u00fdpadku Vivianiho, Gaviriu, Ewana a\u00a0in\u00fdch, ost\u00e1val s\u00faboj otvoren\u00fd predov\u0161etk\u00fdm medzi <strong>P. Ackermannom<\/strong> a\u00a0A. Demarom. Bol to prv\u00fd menovan\u00fd, ktor\u00fd len o\u00a013 bodov obh\u00e1jil svoj skvel\u00fd v\u00fdkon na Gire.<\/p>\n","protected":false},"excerpt":{"rendered":"<p>V\u00a0nede\u013eu sme sa dozvedeli meno nov\u00e9ho vl\u00e1dcu nad talianskym trojt\u00fd\u017ed\u0148ov\u00fdm etap\u00e1kom \u2013 je n\u00edm Ekv\u00e1dorec Richard Carapaz. Cesta k\u00a0nemu nebola [&hellip;]<\/p>\n","protected":false},"author":38,"featured_media":7337,"comment_status":"open","ping_status":"open","sticky":false,"template":"","format":"standard","meta":{"footnotes":""},"categories":[64],"tags":[275,115,487,961,331,65,941,976,176,179,170,974,957,152,419,975,977,197],"global-categories":[],"class_list":["post-7330","post","type-post","status-publish","format-standard","has-post-thumbnail","hentry","category-giro-ditalia","tag-cesta","tag-cestna-cyklistika","tag-cestny-bicykel","tag-etapa","tag-etapove-preteky","tag-giro-d-italia","tag-jazda-v-pelotone","tag-landa","tag-peloton","tag-preteky","tag-primoz-roglic","tag-richard-carapaz","tag-ruzovy-dres","tag-simon-yates","tag-taliansko","tag-unik","tag-verona","tag-vincenzo-nibali"],"yoast_head":"<!-- This site is optimized with the Yoast SEO Premium plugin v25.3 (Yoast SEO v25.9) - https:\/\/yoast.com\/wordpress\/plugins\/seo\/ -->\n<title>Heroick\u00fd z\u00e1ver boja o\u00a0ru\u017eov\u00fd dres \u2013 Giro d\u00b4Italia 2019 - \u0160koda We Love Cycling Slovensko<\/title>\n<meta name=\"robots\" content=\"index, follow, max-snippet:-1, max-image-preview:large, max-video-preview:-1\" \/>\n<link rel=\"canonical\" href=\"https:\/\/www.welovecycling.com\/sk\/2019\/06\/03\/heroicky-zaver-boja-o-ruzovy-dres-giro-ditalia-2019\/\" \/>\n<meta property=\"og:locale\" content=\"sk_SK\" \/>\n<meta property=\"og:type\" content=\"article\" \/>\n<meta property=\"og:title\" content=\"Heroick\u00fd z\u00e1ver boja o\u00a0ru\u017eov\u00fd dres \u2013 Giro d\u00b4Italia 2019\" \/>\n<meta property=\"og:description\" content=\"V\u00a0nede\u013eu sme sa dozvedeli meno nov\u00e9ho vl\u00e1dcu nad talianskym trojt\u00fd\u017ed\u0148ov\u00fdm etap\u00e1kom \u2013 je n\u00edm Ekv\u00e1dorec Richard Carapaz. Cesta k\u00a0nemu nebola [&hellip;]\" \/>\n<meta property=\"og:url\" content=\"https:\/\/www.welovecycling.com\/sk\/2019\/06\/03\/heroicky-zaver-boja-o-ruzovy-dres-giro-ditalia-2019\/\" \/>\n<meta property=\"og:site_name\" content=\"\u0160koda We Love Cycling Slovensko\" \/>\n<meta property=\"article:published_time\" content=\"2019-06-03T16:36:49+00:00\" \/>\n<meta property=\"article:modified_time\" content=\"2019-06-03T16:55:53+00:00\" \/>\n<meta property=\"og:image\" content=\"https:\/\/d2p6e6u75xmxt8.cloudfront.net\/4\/2019\/06\/00.webp\" \/>\n\t<meta property=\"og:image:width\" content=\"1380\" \/>\n\t<meta property=\"og:image:height\" content=\"600\" \/>\n\t<meta property=\"og:image:type\" content=\"image\/webp\" \/>\n<meta name=\"author\" content=\"Ondrej Ga\u0161par\" \/>\n<meta name=\"twitter:card\" content=\"summary_large_image\" \/>\n<meta name=\"twitter:label1\" content=\"Written by\" \/>\n\t<meta name=\"twitter:data1\" content=\"We Love Cycling\" \/>\n\t<meta name=\"twitter:label2\" content=\"Est. reading time\" \/>\n\t<meta name=\"twitter:data2\" content=\"8\" \/>\n<script type=\"application\/ld+json\" class=\"yoast-schema-graph\">{\"@context\":\"https:\/\/schema.org\",\"@graph\":[{\"@type\":\"WebPage\",\"@id\":\"https:\/\/www.welovecycling.com\/sk\/2019\/06\/03\/heroicky-zaver-boja-o-ruzovy-dres-giro-ditalia-2019\/\",\"url\":\"https:\/\/www.welovecycling.com\/sk\/2019\/06\/03\/heroicky-zaver-boja-o-ruzovy-dres-giro-ditalia-2019\/\",\"name\":\"Heroick\u00fd z\u00e1ver boja o\u00a0ru\u017eov\u00fd dres \u2013 Giro d\u00b4Italia 2019 - \u0160koda We Love Cycling Slovensko\",\"isPartOf\":{\"@id\":\"https:\/\/www.welovecycling.com\/sk\/#website\"},\"primaryImageOfPage\":{\"@id\":\"https:\/\/www.welovecycling.com\/sk\/2019\/06\/03\/heroicky-zaver-boja-o-ruzovy-dres-giro-ditalia-2019\/#primaryimage\"},\"image\":{\"@id\":\"https:\/\/www.welovecycling.com\/sk\/2019\/06\/03\/heroicky-zaver-boja-o-ruzovy-dres-giro-ditalia-2019\/#primaryimage\"},\"thumbnailUrl\":\"https:\/\/d2p6e6u75xmxt8.cloudfront.net\/4\/2019\/06\/00.webp\",\"datePublished\":\"2019-06-03T16:36:49+00:00\",\"dateModified\":\"2019-06-03T16:55:53+00:00\",\"author\":{\"@id\":\"https:\/\/www.welovecycling.com\/sk\/#\/schema\/person\/8ee09ba39b7e25b1870160aa5b3a89bc\"},\"breadcrumb\":{\"@id\":\"https:\/\/www.welovecycling.com\/sk\/2019\/06\/03\/heroicky-zaver-boja-o-ruzovy-dres-giro-ditalia-2019\/#breadcrumb\"},\"inLanguage\":\"sk-SK\",\"potentialAction\":[{\"@type\":\"ReadAction\",\"target\":[\"https:\/\/www.welovecycling.com\/sk\/2019\/06\/03\/heroicky-zaver-boja-o-ruzovy-dres-giro-ditalia-2019\/\"]}]},{\"@type\":\"ImageObject\",\"inLanguage\":\"sk-SK\",\"@id\":\"https:\/\/www.welovecycling.com\/sk\/2019\/06\/03\/heroicky-zaver-boja-o-ruzovy-dres-giro-ditalia-2019\/#primaryimage\",\"url\":\"https:\/\/d2p6e6u75xmxt8.cloudfront.net\/4\/2019\/06\/00.webp\",\"contentUrl\":\"https:\/\/d2p6e6u75xmxt8.cloudfront.net\/4\/2019\/06\/00.webp\",\"width\":1380,\"height\":600},{\"@type\":\"BreadcrumbList\",\"@id\":\"https:\/\/www.welovecycling.com\/sk\/2019\/06\/03\/heroicky-zaver-boja-o-ruzovy-dres-giro-ditalia-2019\/#breadcrumb\",\"itemListElement\":[{\"@type\":\"ListItem\",\"position\":1,\"name\":\"Home\",\"item\":\"https:\/\/www.welovecycling.com\/sk\/\"},{\"@type\":\"ListItem\",\"position\":2,\"name\":\"Heroick\u00fd z\u00e1ver boja o\u00a0ru\u017eov\u00fd dres \u2013 Giro d\u00b4Italia 2019\"}]},{\"@type\":\"WebSite\",\"@id\":\"https:\/\/www.welovecycling.com\/sk\/#website\",\"url\":\"https:\/\/www.welovecycling.com\/sk\/\",\"name\":\"\u0160koda We Love Cycling Slovensko\",\"description\":\"\u0160koda We Love Cycling Slovensko je v\u00e1\u0161 ka\u017edodenn\u00fd zdroj noviniek a in\u0161pir\u00e1cie z sveta cyklistiky\",\"potentialAction\":[{\"@type\":\"SearchAction\",\"target\":{\"@type\":\"EntryPoint\",\"urlTemplate\":\"https:\/\/www.welovecycling.com\/sk\/?s={search_term_string}\"},\"query-input\":{\"@type\":\"PropertyValueSpecification\",\"valueRequired\":true,\"valueName\":\"search_term_string\"}}],\"inLanguage\":\"sk-SK\"},{\"@type\":\"Person\",\"@id\":\"https:\/\/www.welovecycling.com\/sk\/#\/schema\/person\/8ee09ba39b7e25b1870160aa5b3a89bc\",\"name\":\"Ondrej Ga\u0161par\",\"image\":{\"@type\":\"ImageObject\",\"inLanguage\":\"sk-SK\",\"@id\":\"https:\/\/www.welovecycling.com\/sk\/#\/schema\/person\/image\/\",\"url\":\"https:\/\/secure.gravatar.com\/avatar\/6126c9afb87b70da5abbb083ddbb21933da15f18f8ca7cb822aba0fb096a48f6?s=96&d=mm&r=g\",\"contentUrl\":\"https:\/\/secure.gravatar.com\/avatar\/6126c9afb87b70da5abbb083ddbb21933da15f18f8ca7cb822aba0fb096a48f6?s=96&d=mm&r=g\",\"caption\":\"Ondrej Ga\u0161par\"},\"url\":\"https:\/\/www.welovecycling.com\/sk\/author\/ondrejgaspar\/\"}]}<\/script>\n<!-- \/ Yoast SEO Premium plugin. -->","yoast_head_json":{"title":"Heroick\u00fd z\u00e1ver boja o\u00a0ru\u017eov\u00fd dres \u2013 Giro d\u00b4Italia 2019 - \u0160koda We Love Cycling Slovensko","robots":{"index":"index","follow":"follow","max-snippet":"max-snippet:-1","max-image-preview":"max-image-preview:large","max-video-preview":"max-video-preview:-1"},"canonical":"https:\/\/www.welovecycling.com\/sk\/2019\/06\/03\/heroicky-zaver-boja-o-ruzovy-dres-giro-ditalia-2019\/","og_locale":"sk_SK","og_type":"article","og_title":"Heroick\u00fd z\u00e1ver boja o\u00a0ru\u017eov\u00fd dres \u2013 Giro d\u00b4Italia 2019","og_description":"V\u00a0nede\u013eu sme sa dozvedeli meno nov\u00e9ho vl\u00e1dcu nad talianskym trojt\u00fd\u017ed\u0148ov\u00fdm etap\u00e1kom \u2013 je n\u00edm Ekv\u00e1dorec Richard Carapaz. Cesta k\u00a0nemu nebola [&hellip;]","og_url":"https:\/\/www.welovecycling.com\/sk\/2019\/06\/03\/heroicky-zaver-boja-o-ruzovy-dres-giro-ditalia-2019\/","og_site_name":"\u0160koda We Love Cycling Slovensko","article_published_time":"2019-06-03T16:36:49+00:00","article_modified_time":"2019-06-03T16:55:53+00:00","og_image":[{"width":1380,"height":600,"url":"https:\/\/d2p6e6u75xmxt8.cloudfront.net\/4\/2019\/06\/00.webp","type":"image\/webp"}],"author":"Ondrej Ga\u0161par","twitter_card":"summary_large_image","twitter_misc":{"Written by":"We Love Cycling","Est. reading time":"8"},"schema":{"@context":"https:\/\/schema.org","@graph":[{"@type":"WebPage","@id":"https:\/\/www.welovecycling.com\/sk\/2019\/06\/03\/heroicky-zaver-boja-o-ruzovy-dres-giro-ditalia-2019\/","url":"https:\/\/www.welovecycling.com\/sk\/2019\/06\/03\/heroicky-zaver-boja-o-ruzovy-dres-giro-ditalia-2019\/","name":"Heroick\u00fd z\u00e1ver boja o\u00a0ru\u017eov\u00fd dres \u2013 Giro d\u00b4Italia 2019 - \u0160koda We Love Cycling Slovensko","isPartOf":{"@id":"https:\/\/www.welovecycling.com\/sk\/#website"},"primaryImageOfPage":{"@id":"https:\/\/www.welovecycling.com\/sk\/2019\/06\/03\/heroicky-zaver-boja-o-ruzovy-dres-giro-ditalia-2019\/#primaryimage"},"image":{"@id":"https:\/\/www.welovecycling.com\/sk\/2019\/06\/03\/heroicky-zaver-boja-o-ruzovy-dres-giro-ditalia-2019\/#primaryimage"},"thumbnailUrl":"https:\/\/d2p6e6u75xmxt8.cloudfront.net\/4\/2019\/06\/00.webp","datePublished":"2019-06-03T16:36:49+00:00","dateModified":"2019-06-03T16:55:53+00:00","author":{"@id":"https:\/\/www.welovecycling.com\/sk\/#\/schema\/person\/8ee09ba39b7e25b1870160aa5b3a89bc"},"breadcrumb":{"@id":"https:\/\/www.welovecycling.com\/sk\/2019\/06\/03\/heroicky-zaver-boja-o-ruzovy-dres-giro-ditalia-2019\/#breadcrumb"},"inLanguage":"sk-SK","potentialAction":[{"@type":"ReadAction","target":["https:\/\/www.welovecycling.com\/sk\/2019\/06\/03\/heroicky-zaver-boja-o-ruzovy-dres-giro-ditalia-2019\/"]}]},{"@type":"ImageObject","inLanguage":"sk-SK","@id":"https:\/\/www.welovecycling.com\/sk\/2019\/06\/03\/heroicky-zaver-boja-o-ruzovy-dres-giro-ditalia-2019\/#primaryimage","url":"https:\/\/d2p6e6u75xmxt8.cloudfront.net\/4\/2019\/06\/00.webp","contentUrl":"https:\/\/d2p6e6u75xmxt8.cloudfront.net\/4\/2019\/06\/00.webp","width":1380,"height":600},{"@type":"BreadcrumbList","@id":"https:\/\/www.welovecycling.com\/sk\/2019\/06\/03\/heroicky-zaver-boja-o-ruzovy-dres-giro-ditalia-2019\/#breadcrumb","itemListElement":[{"@type":"ListItem","position":1,"name":"Home","item":"https:\/\/www.welovecycling.com\/sk\/"},{"@type":"ListItem","position":2,"name":"Heroick\u00fd z\u00e1ver boja o\u00a0ru\u017eov\u00fd dres \u2013 Giro d\u00b4Italia 2019"}]},{"@type":"WebSite","@id":"https:\/\/www.welovecycling.com\/sk\/#website","url":"https:\/\/www.welovecycling.com\/sk\/","name":"\u0160koda We Love Cycling Slovensko","description":"\u0160koda We Love Cycling Slovensko je v\u00e1\u0161 ka\u017edodenn\u00fd zdroj noviniek a in\u0161pir\u00e1cie z sveta cyklistiky","potentialAction":[{"@type":"SearchAction","target":{"@type":"EntryPoint","urlTemplate":"https:\/\/www.welovecycling.com\/sk\/?s={search_term_string}"},"query-input":{"@type":"PropertyValueSpecification","valueRequired":true,"valueName":"search_term_string"}}],"inLanguage":"sk-SK"},{"@type":"Person","@id":"https:\/\/www.welovecycling.com\/sk\/#\/schema\/person\/8ee09ba39b7e25b1870160aa5b3a89bc","name":"Ondrej Ga\u0161par","image":{"@type":"ImageObject","inLanguage":"sk-SK","@id":"https:\/\/www.welovecycling.com\/sk\/#\/schema\/person\/image\/","url":"https:\/\/secure.gravatar.com\/avatar\/6126c9afb87b70da5abbb083ddbb21933da15f18f8ca7cb822aba0fb096a48f6?s=96&d=mm&r=g","contentUrl":"https:\/\/secure.gravatar.com\/avatar\/6126c9afb87b70da5abbb083ddbb21933da15f18f8ca7cb822aba0fb096a48f6?s=96&d=mm&r=g","caption":"Ondrej Ga\u0161par"},"url":"https:\/\/www.welovecycling.com\/sk\/author\/ondrejgaspar\/"}]}},"_links":{"self":[{"href":"https:\/\/www.welovecycling.com\/sk\/wp-json\/wp\/v2\/posts\/7330","targetHints":{"allow":["GET"]}}],"collection":[{"href":"https:\/\/www.welovecycling.com\/sk\/wp-json\/wp\/v2\/posts"}],"about":[{"href":"https:\/\/www.welovecycling.com\/sk\/wp-json\/wp\/v2\/types\/post"}],"author":[{"embeddable":true,"href":"https:\/\/www.welovecycling.com\/sk\/wp-json\/wp\/v2\/users\/38"}],"replies":[{"embeddable":true,"href":"https:\/\/www.welovecycling.com\/sk\/wp-json\/wp\/v2\/comments?post=7330"}],"version-history":[{"count":2,"href":"https:\/\/www.welovecycling.com\/sk\/wp-json\/wp\/v2\/posts\/7330\/revisions"}],"predecessor-version":[{"id":7340,"href":"https:\/\/www.welovecycling.com\/sk\/wp-json\/wp\/v2\/posts\/7330\/revisions\/7340"}],"wp:featuredmedia":[{"embeddable":true,"href":"https:\/\/www.welovecycling.com\/sk\/wp-json\/wp\/v2\/media\/7337"}],"wp:attachment":[{"href":"https:\/\/www.welovecycling.com\/sk\/wp-json\/wp\/v2\/media?parent=7330"}],"wp:term":[{"taxonomy":"category","embeddable":true,"href":"https:\/\/www.welovecycling.com\/sk\/wp-json\/wp\/v2\/categories?post=7330"},{"taxonomy":"post_tag","embeddable":true,"href":"https:\/\/www.welovecycling.com\/sk\/wp-json\/wp\/v2\/tags?post=7330"},{"taxonomy":"global-categories","embeddable":true,"href":"https:\/\/www.welovecycling.com\/sk\/wp-json\/wp\/v2\/global-categories?post=7330"}],"curies":[{"name":"wp","href":"https:\/\/api.w.org\/{rel}","templated":true}]}}