{"id":7320,"date":"2019-06-17T10:30:50","date_gmt":"2019-06-17T08:30:50","guid":{"rendered":"https:\/\/www.welovecycling.com\/sk\/?p=7320"},"modified":"2019-06-21T11:13:36","modified_gmt":"2019-06-21T09:13:36","slug":"cyklodestinacia-nielen-traily-ceskej-republiky","status":"publish","type":"post","link":"https:\/\/www.welovecycling.com\/sk\/2019\/06\/17\/cyklodestinacia-nielen-traily-ceskej-republiky\/","title":{"rendered":"Cyklodestin\u00e1cia \u2013  (nielen) traily \u010ceskej republiky"},"content":{"rendered":"<p><strong>V\u00a0minulosti sme v\u00e1m priniesli viacer\u00e9 cyklistick\u00e9 destin\u00e1cie. Av\u0161ak ani jedna z\u00a0nich nemala to\u013eko v\u00fdhod, ako t\u00e1 v\u00a0na\u0161om susedstve \u2013 v \u010ceskej republike. O\u00a0tom, \u017ee k\u00a0na\u0161im z\u00e1padn\u00fdm \u201ebratom\u201c nemus\u00edme chodi\u0165 len kv\u00f4li Orloju a\u00a0pivu, v\u00e1s h\u00e1dam presved\u010d\u00edme v\u00a0nasleduj\u00facich riadkoch.<\/strong><!--more--><\/p>\n<p>Ke\u010f\u017ee sme spolu zdie\u013eali kult\u00faru a\u00a0do istej miery aj \u00fazemie, <strong>Slov\u00e1ci a\u00a0\u010cesi maj\u00fa k\u00a0sebe proste bl\u00edzko<\/strong> \u2013 v\u00fdnimkou je len obdobie majstrovstiev sveta v\u00a0hokeji :-). S\u00a0touto skuto\u010dnos\u0165ou sa sp\u00e1ja aj viacero pozit\u00edv, ktor\u00e9 by ste v\u00a0in\u00fdch krajin\u00e1ch h\u013eadali len s\u00a0n\u00e1mahou. Je \u0148ou napr\u00edklad takmer neexistuj\u00faca jazykov\u00e1 bari\u00e9ra, podobn\u00e9 spolo\u010densk\u00e9 zvyky, \u017eivotn\u00e1 \u00farove\u0148 a\u00a0najm\u00e4, mentalita.<\/p>\n<p><a href=\"https:\/\/d2p6e6u75xmxt8.cloudfront.net\/4\/2019\/05\/01-4.jpg\"><img loading=\"lazy\" decoding=\"async\" class=\"alignnone size-full wp-image-7322\" src=\"https:\/\/d2p6e6u75xmxt8.cloudfront.net\/4\/2019\/05\/01-4.jpg\" alt=\"\" width=\"1200\" height=\"800\" \/><\/a><\/p>\n<h2><strong>Podnebie a ter\u00e9n<\/strong><\/h2>\n<p>Podnebie je skoro toto\u017en\u00e9 s\u00a0na\u0161\u00edm \u2013 pri v\u00fdbere vhodn\u00fdch mesiacov na dovolenku \u010di v\u00fdlet, sa m\u00f4\u017eete riadi\u0165 vlastn\u00fdmi sk\u00fasenos\u0165ami s\u00a0dom\u00e1cou kl\u00edmou. <strong>Cyklistick\u00e9 mesiace za\u010d\u00ednaj\u00fa v\u00e4\u010d\u0161inou v\u00a0obdob\u00ed apr\u00edla\/m\u00e1ja<\/strong>, kedy sneh u\u017e pomaly ust\u00fapil aj v\u00a0chladnej\u0161\u00edch oblastiach dol\u00edn a\u00a0teploty po\u010das r\u00e1n neklesaj\u00fa pod 5\u00b0C. Prirodzene, tak ako v\u00a0slovensk\u00fdch hor\u00e1ch, aj v\u00a0\u010desk\u00fdch pohoriach je potrebn\u00e9 o\u010dak\u00e1va\u0165 zna\u010dnej\u0161ie v\u00fdkyvy tepl\u00f4t a\u00a0vy\u0161\u0161\u00ed \u00fahrn zr\u00e1\u017eok (napr. v\u00a0Krkono\u0161iach, kde je aj najvy\u0161\u0161\u00ed bod \u010ciech, Sn\u011b\u017eka 1\u00a0603 m n.m.).<\/p>\n<p>\u010co sa t\u00fdka geografie, respekt\u00edve profilu a\u00a0ter\u00e9nu \u010ciech, do istej miery <strong>s\u00fa vo v\u0161eobecnosti priaznivej\u0161ie pre cyklistiku<\/strong>, ne\u017e tie slovensk\u00e9. V\u00e4\u010d\u0161ina plochy \u010ceskej republiky sa nach\u00e1dza v\u00a0p\u00e1sme medzi 200 a\u017e 600 m n.m., \u010d\u00edm je optim\u00e1lna pre r\u00f4zne v\u00fdkonnostn\u00e9 kateg\u00f3rie jazdcov. Z\u00a0tohto d\u00f4vodu je mo\u017en\u00e9 si napl\u00e1nova\u0165 aj dlh\u0161ie cyklov\u00fdlety, na ktor\u00fdch sa nebudete musie\u0165 tr\u00e1pi\u0165 s\u00a0dlh\u00fdmi a\u00a0n\u00e1ro\u010dn\u00fdmi st\u00fapaniami. Tento profil je charakteristick\u00fd najm\u00e4 pre juhov\u00fdchodn\u00fa \u010das\u0165 \u2013 od rak\u00fasko-slovensk\u00fdch hran\u00edc a\u017e k\u00a0Olomoucu, a\u00a0v\u00a0okol\u00ed Prahy \u2013 preva\u017ene severn\u00fd a\u00a0severov\u00fdchodn\u00fd smer, t.j. okolie povodia rieky Labe.<\/p>\n<p>Na druhej strane, nezab\u00fadajme na viacer\u00e9 pohoria, medzi nimi na hranici so Slovenskom, Moravsko-slezsk\u00e9 Beskydy, od severov\u00fdchodu Jesen\u00edky, Orlick\u00e9 hory a\u00a0Krkono\u0161e, na severoz\u00e1pade Kru\u0161n\u00e9 hory a\u00a0nakoniec od juhoz\u00e1padu \u0160umava a\u00a0\u010ceskomoravsk\u00e1 vrchovina.<\/p>\n<p><a href=\"https:\/\/d2p6e6u75xmxt8.cloudfront.net\/4\/2019\/05\/02-1.png\"><img loading=\"lazy\" decoding=\"async\" class=\"alignnone size-full wp-image-7323\" src=\"https:\/\/d2p6e6u75xmxt8.cloudfront.net\/4\/2019\/05\/02-1.png\" alt=\"\" width=\"1200\" height=\"800\" \/><\/a><\/p>\n<p>Ak sa budete chcie\u0165 vyda\u0165 na dobrodru\u017en\u00e9 spozn\u00e1vanie tejto krajiny, ur\u010dite v\u00e1m pom\u00f4\u017ee aplik\u00e1cia <a href=\"https:\/\/sk.mapy.cz\/\" target=\"_blank\" rel=\"noopener\">Mapy.cz<\/a>,\u00a0pod\u013ea ktorej n\u00e1jdete najbli\u017e\u0161ie komunik\u00e1cie a\u00a0cyklistick\u00e9 chodn\u00edky.<\/p>\n<h2><strong>Doprava a\u00a0po\u017ei\u010dovne<\/strong><\/h2>\n<p>Aj ke\u010f v\u00e4\u010d\u0161ina z\u00a0n\u00e1s sa vyberie na tak\u00fato cestu autom, s\u00a0bicyklami pripevnen\u00fdmi na streche \u010di v\u00a0kufri, poveda\u0165 si nie\u010do o\u00a0mo\u017enostiach prepravy bicyklov v\u00a0\u010cesku nie je na zahodenie. Na\u0161i susedia maj\u00fa obdobn\u00fd syst\u00e9m, ak\u00fd funguje aj u\u00a0n\u00e1s. <strong>Najsp\u00f4sobilej\u0161\u00edm sp\u00f4sobom prepravy bicyklov je ur\u010dite vlak<\/strong> \u2013 r\u00fdchliky disponuj\u00fa samostatn\u00fdmi voz\u0148ami, usp\u00f4soben\u00fdmi pre prepravu bicyklov. Ani v\u00a0osobn\u00fdch vlakoch nie je probl\u00e9m zvies\u0165 sa aj s\u00a0bicyklom.<\/p>\n<p><a href=\"https:\/\/d2p6e6u75xmxt8.cloudfront.net\/4\/2019\/05\/03-4.jpg\"><img loading=\"lazy\" decoding=\"async\" class=\"alignnone size-full wp-image-7324\" src=\"https:\/\/d2p6e6u75xmxt8.cloudfront.net\/4\/2019\/05\/03-4.jpg\" alt=\"\" width=\"1200\" height=\"800\" \/><\/a><\/p>\n<p>Po\u017ei\u010dovne n\u00e1jdete bu\u010f vo v\u00e4\u010d\u0161\u00edch mest\u00e1ch \u2013 Praha, Brno, Olomouc,&#8230; \u2013 kde si budete m\u00f4c\u0165 vypo\u017ei\u010da\u0165 klasick\u00e9 mestsk\u00e9 bicykle (aj formou bike-sharingu \u2013 napr. <a href=\"https:\/\/www.rekola.cz\/\" target=\"_blank\" rel=\"noopener\">rekola.cz<\/a> ), ale s\u00fa\u010dasne tu n\u00e1jdete aj horsk\u00e9 \u010di cestn\u00e9 bicykle. Na internetov\u00fdch str\u00e1nkach jednotliv\u00fdch krajov si n\u00e1jdete zoznamy cyklopo\u017ei\u010dovn\u00ed, ako napr. na <a href=\"http:\/\/www.cyklo-jizni-morava.cz\/cyklosluzby-pujcovny-kol\" target=\"_blank\" rel=\"noopener\">Ju\u017enej Morave<\/a>. V\u00fdhodou je aj po\u017ei\u010dov\u0148a sprostredkovan\u00e1 <a href=\"https:\/\/www.cd.cz\/dalsi-sluzby\/pujcovny-kol-cd-bike\/default.htm\" target=\"_blank\" rel=\"noopener\">\u010cesk\u00fdmi dr\u00e1hami<\/a>, kde m\u00e1te mo\u017enos\u0165 komplexn\u00fdch slu\u017eieb spojen\u00fdch s\u00a0prepravou, po\u017ei\u010diavan\u00edm a\u00a0\u00faschov\u0148ou. Osobitnou kateg\u00f3riou s\u00fa lesn\u00e9 oblasti\/ bikeparky, ktor\u00e9 v\u00e1m dok\u00e1\u017eu po\u017ei\u010da\u0165 aj pokro\u010dilej\u0161ie modely s\u00a0adekv\u00e1tnou v\u00fdbavou.<\/p>\n<h2><strong>Horsk\u00e9 stredisk\u00e1 cyklistiky<\/strong><\/h2>\n<p>Aj napriek spom\u00ednan\u00e9mu deficitu ve\u013eh\u00f4r (napr\u00edklad oproti Slovensku), v\u00a0\u010cech\u00e1ch sa v\u00a0uplynul\u00fdch rokoch vybudovala po\u010detn\u00e1 sie\u0165 cyklistick\u00fdch parkov pre r\u00f4zne skupiny \u013eud\u00ed. Od \u013eahk\u00fdch upraven\u00fdch chodn\u00edkov a\u017e k\u00a0n\u00e1ro\u010dn\u00fdm kamenist\u00fdm a\u00a0korenist\u00fdm singeltrackom. H\u00e1dam najzn\u00e1mej\u0161\u00edm s\u00fa <strong>Rychlebsk\u00e9 stezky<\/strong>, ktor\u00e9 pon\u00fakaj\u00fa prepracovan\u00e9 zoskupenie cyklistick\u00fdch ciest spolu so stravovan\u00edm a\u00a0ubytovan\u00edm v\u00a0ich bl\u00edzkosti.<\/p>\n<lite-youtube videoid=ALhzTWBFuaY params=\"enablejsapi=1\" style=\"background-image: url('https:\/\/i.ytimg.com\/vi_webp\/ALhzTWBFuaY\/maxresdefault.webp');\"><\/lite-youtube>\n<p>Okrem nich sa doslova na ka\u017edom kroku objavuj\u00fa men\u0161ie \u010di v\u00e4\u010d\u0161ie oblasti, v\u00a0ktor\u00fdch n\u00e1jdete od p\u00e1r ciest a\u017e po cel\u00e9 desiatky kilometrov upraven\u00fdch trailov. Krat\u0161\u00ed zoznam n\u00e1jdete aj na <a href=\"http:\/\/www.ceskebikeparky.cz\/bikeparky\/\" target=\"_blank\" rel=\"noopener\">tomto odkaze<\/a>.<\/p>\n<h2><strong>Cestn\u00e1 cyklistika a\u00a0cykloturistika<\/strong><\/h2>\n<p>V\u00a0z\u00e1sade sa v\u00a0\u010ceskej republike nevyskytuj\u00fa probl\u00e9my, ktor\u00e9 by mohli znepr\u00edstupni\u0165 cyklistom jazdu po ktorejko\u013evek cestnej komunik\u00e1cii. Ak h\u013ead\u00e1te pokojnej\u0161ie miesta, je dobr\u00e9 sa vyhn\u00fa\u0165 hlavn\u00fdm \u0165ahom a\u00a0okoliam ve\u013ek\u00fdch miest \u2013 najvhodnej\u0161\u00edm rie\u0161en\u00edm bude utiahnu\u0165 sa do rekrea\u010dn\u00fdch oblast\u00ed \u2013 \u010di u\u017e s\u00fa to n\u00e1rodn\u00e9 parky alebo kopcovit\u00e9 miesta okolia lazov.<\/p>\n<p>Nezab\u00fadajte ani na <strong>bohat\u00fa hist\u00f3riu \u010ceska<\/strong> \u2013 n\u00e1rodn\u00e9 pr\u00edrodn\u00e9 a\u00a0kult\u00farne pamiatky, ktor\u00fdch m\u00e1 t\u00e1to krajina ne\u00farekom. V\u00fdnimkou nie je ani agroturizmus \u2013 ochutn\u00e1vanie r\u00f4znych miestnych \u0161pecial\u00edt, v\u00edn, p\u00edv a\u00a0v\u0161akovak\u00fdch pochut\u00edn.<\/p>\n<p>Zauj\u00edmavou strat\u00e9giou m\u00f4\u017ee by\u0165 aj <strong>spojenie viacer\u00fdch \u0161portov dokopy<\/strong> \u2013 napr\u00edklad cyklistiky a\u00a0turistiky \u010di cyklistiky a\u00a0vod\u00e1ctva, ktor\u00e9 m\u00e1 u\u00a0na\u0161ich susedov bohat\u00fa trad\u00edciu. Pre odv\u00e1\u017enej\u0161\u00edch a\u00a0mo\u017eno aj sk\u00fasenej\u0161\u00edch existuje mo\u017enos\u0165 lezenia \u2013 predov\u0161etk\u00fdm v\u00a0pieskovcov\u00fdch oblastiach, ktor\u00e9 priam d\u00fdchaj\u00fa lezeck\u00fdm prostred\u00edm.<\/p>\n<p>\u010ci u\u017e si zvol\u00edte cestn\u00fa, horsk\u00fa, mestsk\u00fa alebo in\u00fa cyklistiku, nezab\u00fadajte na dve veci: d\u00e1vajte na seba pozor a\u00a0najm\u00e4 si to dos\u00fdta u\u017eite!<\/p>\n<p>(zdroje: ostatn\u00e9: FB\/Rockmachine, 02: https:\/\/sk.maps-czech-republic.com\/)<\/p>\n","protected":false},"excerpt":{"rendered":"<p>V\u00a0minulosti sme v\u00e1m priniesli viacer\u00e9 cyklistick\u00e9 destin\u00e1cie. Av\u0161ak ani jedna z\u00a0nich nemala to\u013eko v\u00fdhod, ako t\u00e1 v\u00a0na\u0161om susedstve \u2013 v [&hellip;]<\/p>\n","protected":false},"author":38,"featured_media":7325,"comment_status":"open","ping_status":"open","sticky":false,"template":"","format":"standard","meta":{"footnotes":""},"categories":[4,3,191],"tags":[619,540,115,394,973,448,180,532,544,971,972,239,741,237,508,183],"global-categories":[],"class_list":["post-7320","post","type-post","status-publish","format-standard","has-post-thumbnail","hentry","category-cestna-cyklisitika","category-mtb","category-odporucame","tag-bicyklovanie","tag-ceska-republika","tag-cestna-cyklistika","tag-cestovanie-s-bicyklom","tag-cyklopozicovna","tag-cyklotrasy","tag-horska-cyklistika","tag-jazdenie","tag-mapa","tag-morava","tag-pozicovna","tag-singletrail","tag-tip-na-vylet","tag-trail","tag-vylet","tag-zabava"],"yoast_head":"<!-- This site is optimized with the Yoast SEO Premium plugin v25.3 (Yoast SEO v25.9) - https:\/\/yoast.com\/wordpress\/plugins\/seo\/ -->\n<title>Cyklodestin\u00e1cia \u2013 (nielen) traily \u010ceskej republiky - \u0160koda We Love Cycling Slovensko<\/title>\n<meta name=\"robots\" content=\"index, follow, max-snippet:-1, max-image-preview:large, max-video-preview:-1\" \/>\n<link rel=\"canonical\" href=\"https:\/\/www.welovecycling.com\/sk\/2019\/06\/17\/cyklodestinacia-nielen-traily-ceskej-republiky\/\" \/>\n<meta property=\"og:locale\" content=\"sk_SK\" \/>\n<meta property=\"og:type\" content=\"article\" \/>\n<meta property=\"og:title\" content=\"Cyklodestin\u00e1cia \u2013 (nielen) traily \u010ceskej republiky\" \/>\n<meta property=\"og:description\" content=\"V\u00a0minulosti sme v\u00e1m priniesli viacer\u00e9 cyklistick\u00e9 destin\u00e1cie. Av\u0161ak ani jedna z\u00a0nich nemala to\u013eko v\u00fdhod, ako t\u00e1 v\u00a0na\u0161om susedstve \u2013 v [&hellip;]\" \/>\n<meta property=\"og:url\" content=\"https:\/\/www.welovecycling.com\/sk\/2019\/06\/17\/cyklodestinacia-nielen-traily-ceskej-republiky\/\" \/>\n<meta property=\"og:site_name\" content=\"\u0160koda We Love Cycling Slovensko\" \/>\n<meta property=\"article:published_time\" content=\"2019-06-17T08:30:50+00:00\" \/>\n<meta property=\"article:modified_time\" content=\"2019-06-21T09:13:36+00:00\" \/>\n<meta property=\"og:image\" content=\"https:\/\/d2p6e6u75xmxt8.cloudfront.net\/4\/2019\/05\/00-12.webp\" \/>\n\t<meta property=\"og:image:width\" content=\"1380\" \/>\n\t<meta property=\"og:image:height\" content=\"600\" \/>\n\t<meta property=\"og:image:type\" content=\"image\/webp\" \/>\n<meta name=\"author\" content=\"Ondrej Ga\u0161par\" \/>\n<meta name=\"twitter:card\" content=\"summary_large_image\" \/>\n<meta name=\"twitter:label1\" content=\"Written by\" \/>\n\t<meta name=\"twitter:data1\" content=\"We Love Cycling\" \/>\n\t<meta name=\"twitter:label2\" content=\"Est. reading time\" \/>\n\t<meta name=\"twitter:data2\" content=\"6\" \/>\n<script type=\"application\/ld+json\" class=\"yoast-schema-graph\">{\"@context\":\"https:\/\/schema.org\",\"@graph\":[{\"@type\":\"WebPage\",\"@id\":\"https:\/\/www.welovecycling.com\/sk\/2019\/06\/17\/cyklodestinacia-nielen-traily-ceskej-republiky\/\",\"url\":\"https:\/\/www.welovecycling.com\/sk\/2019\/06\/17\/cyklodestinacia-nielen-traily-ceskej-republiky\/\",\"name\":\"Cyklodestin\u00e1cia \u2013 (nielen) traily \u010ceskej republiky - \u0160koda We Love Cycling Slovensko\",\"isPartOf\":{\"@id\":\"https:\/\/www.welovecycling.com\/sk\/#website\"},\"primaryImageOfPage\":{\"@id\":\"https:\/\/www.welovecycling.com\/sk\/2019\/06\/17\/cyklodestinacia-nielen-traily-ceskej-republiky\/#primaryimage\"},\"image\":{\"@id\":\"https:\/\/www.welovecycling.com\/sk\/2019\/06\/17\/cyklodestinacia-nielen-traily-ceskej-republiky\/#primaryimage\"},\"thumbnailUrl\":\"https:\/\/d2p6e6u75xmxt8.cloudfront.net\/4\/2019\/05\/00-12.webp\",\"datePublished\":\"2019-06-17T08:30:50+00:00\",\"dateModified\":\"2019-06-21T09:13:36+00:00\",\"author\":{\"@id\":\"https:\/\/www.welovecycling.com\/sk\/#\/schema\/person\/8ee09ba39b7e25b1870160aa5b3a89bc\"},\"breadcrumb\":{\"@id\":\"https:\/\/www.welovecycling.com\/sk\/2019\/06\/17\/cyklodestinacia-nielen-traily-ceskej-republiky\/#breadcrumb\"},\"inLanguage\":\"sk-SK\",\"potentialAction\":[{\"@type\":\"ReadAction\",\"target\":[\"https:\/\/www.welovecycling.com\/sk\/2019\/06\/17\/cyklodestinacia-nielen-traily-ceskej-republiky\/\"]}]},{\"@type\":\"ImageObject\",\"inLanguage\":\"sk-SK\",\"@id\":\"https:\/\/www.welovecycling.com\/sk\/2019\/06\/17\/cyklodestinacia-nielen-traily-ceskej-republiky\/#primaryimage\",\"url\":\"https:\/\/d2p6e6u75xmxt8.cloudfront.net\/4\/2019\/05\/00-12.webp\",\"contentUrl\":\"https:\/\/d2p6e6u75xmxt8.cloudfront.net\/4\/2019\/05\/00-12.webp\",\"width\":1380,\"height\":600},{\"@type\":\"BreadcrumbList\",\"@id\":\"https:\/\/www.welovecycling.com\/sk\/2019\/06\/17\/cyklodestinacia-nielen-traily-ceskej-republiky\/#breadcrumb\",\"itemListElement\":[{\"@type\":\"ListItem\",\"position\":1,\"name\":\"Home\",\"item\":\"https:\/\/www.welovecycling.com\/sk\/\"},{\"@type\":\"ListItem\",\"position\":2,\"name\":\"Cyklodestin\u00e1cia \u2013 (nielen) traily \u010ceskej republiky\"}]},{\"@type\":\"WebSite\",\"@id\":\"https:\/\/www.welovecycling.com\/sk\/#website\",\"url\":\"https:\/\/www.welovecycling.com\/sk\/\",\"name\":\"\u0160koda We Love Cycling Slovensko\",\"description\":\"\u0160koda We Love Cycling Slovensko je v\u00e1\u0161 ka\u017edodenn\u00fd zdroj noviniek a in\u0161pir\u00e1cie z sveta cyklistiky\",\"potentialAction\":[{\"@type\":\"SearchAction\",\"target\":{\"@type\":\"EntryPoint\",\"urlTemplate\":\"https:\/\/www.welovecycling.com\/sk\/?s={search_term_string}\"},\"query-input\":{\"@type\":\"PropertyValueSpecification\",\"valueRequired\":true,\"valueName\":\"search_term_string\"}}],\"inLanguage\":\"sk-SK\"},{\"@type\":\"Person\",\"@id\":\"https:\/\/www.welovecycling.com\/sk\/#\/schema\/person\/8ee09ba39b7e25b1870160aa5b3a89bc\",\"name\":\"Ondrej Ga\u0161par\",\"image\":{\"@type\":\"ImageObject\",\"inLanguage\":\"sk-SK\",\"@id\":\"https:\/\/www.welovecycling.com\/sk\/#\/schema\/person\/image\/\",\"url\":\"https:\/\/secure.gravatar.com\/avatar\/6126c9afb87b70da5abbb083ddbb21933da15f18f8ca7cb822aba0fb096a48f6?s=96&d=mm&r=g\",\"contentUrl\":\"https:\/\/secure.gravatar.com\/avatar\/6126c9afb87b70da5abbb083ddbb21933da15f18f8ca7cb822aba0fb096a48f6?s=96&d=mm&r=g\",\"caption\":\"Ondrej Ga\u0161par\"},\"url\":\"https:\/\/www.welovecycling.com\/sk\/author\/ondrejgaspar\/\"}]}<\/script>\n<!-- \/ Yoast SEO Premium plugin. -->","yoast_head_json":{"title":"Cyklodestin\u00e1cia \u2013 (nielen) traily \u010ceskej republiky - \u0160koda We Love Cycling Slovensko","robots":{"index":"index","follow":"follow","max-snippet":"max-snippet:-1","max-image-preview":"max-image-preview:large","max-video-preview":"max-video-preview:-1"},"canonical":"https:\/\/www.welovecycling.com\/sk\/2019\/06\/17\/cyklodestinacia-nielen-traily-ceskej-republiky\/","og_locale":"sk_SK","og_type":"article","og_title":"Cyklodestin\u00e1cia \u2013 (nielen) traily \u010ceskej republiky","og_description":"V\u00a0minulosti sme v\u00e1m priniesli viacer\u00e9 cyklistick\u00e9 destin\u00e1cie. Av\u0161ak ani jedna z\u00a0nich nemala to\u013eko v\u00fdhod, ako t\u00e1 v\u00a0na\u0161om susedstve \u2013 v [&hellip;]","og_url":"https:\/\/www.welovecycling.com\/sk\/2019\/06\/17\/cyklodestinacia-nielen-traily-ceskej-republiky\/","og_site_name":"\u0160koda We Love Cycling Slovensko","article_published_time":"2019-06-17T08:30:50+00:00","article_modified_time":"2019-06-21T09:13:36+00:00","og_image":[{"width":1380,"height":600,"url":"https:\/\/d2p6e6u75xmxt8.cloudfront.net\/4\/2019\/05\/00-12.webp","type":"image\/webp"}],"author":"Ondrej Ga\u0161par","twitter_card":"summary_large_image","twitter_misc":{"Written by":"We Love Cycling","Est. reading time":"6"},"schema":{"@context":"https:\/\/schema.org","@graph":[{"@type":"WebPage","@id":"https:\/\/www.welovecycling.com\/sk\/2019\/06\/17\/cyklodestinacia-nielen-traily-ceskej-republiky\/","url":"https:\/\/www.welovecycling.com\/sk\/2019\/06\/17\/cyklodestinacia-nielen-traily-ceskej-republiky\/","name":"Cyklodestin\u00e1cia \u2013 (nielen) traily \u010ceskej republiky - \u0160koda We Love Cycling Slovensko","isPartOf":{"@id":"https:\/\/www.welovecycling.com\/sk\/#website"},"primaryImageOfPage":{"@id":"https:\/\/www.welovecycling.com\/sk\/2019\/06\/17\/cyklodestinacia-nielen-traily-ceskej-republiky\/#primaryimage"},"image":{"@id":"https:\/\/www.welovecycling.com\/sk\/2019\/06\/17\/cyklodestinacia-nielen-traily-ceskej-republiky\/#primaryimage"},"thumbnailUrl":"https:\/\/d2p6e6u75xmxt8.cloudfront.net\/4\/2019\/05\/00-12.webp","datePublished":"2019-06-17T08:30:50+00:00","dateModified":"2019-06-21T09:13:36+00:00","author":{"@id":"https:\/\/www.welovecycling.com\/sk\/#\/schema\/person\/8ee09ba39b7e25b1870160aa5b3a89bc"},"breadcrumb":{"@id":"https:\/\/www.welovecycling.com\/sk\/2019\/06\/17\/cyklodestinacia-nielen-traily-ceskej-republiky\/#breadcrumb"},"inLanguage":"sk-SK","potentialAction":[{"@type":"ReadAction","target":["https:\/\/www.welovecycling.com\/sk\/2019\/06\/17\/cyklodestinacia-nielen-traily-ceskej-republiky\/"]}]},{"@type":"ImageObject","inLanguage":"sk-SK","@id":"https:\/\/www.welovecycling.com\/sk\/2019\/06\/17\/cyklodestinacia-nielen-traily-ceskej-republiky\/#primaryimage","url":"https:\/\/d2p6e6u75xmxt8.cloudfront.net\/4\/2019\/05\/00-12.webp","contentUrl":"https:\/\/d2p6e6u75xmxt8.cloudfront.net\/4\/2019\/05\/00-12.webp","width":1380,"height":600},{"@type":"BreadcrumbList","@id":"https:\/\/www.welovecycling.com\/sk\/2019\/06\/17\/cyklodestinacia-nielen-traily-ceskej-republiky\/#breadcrumb","itemListElement":[{"@type":"ListItem","position":1,"name":"Home","item":"https:\/\/www.welovecycling.com\/sk\/"},{"@type":"ListItem","position":2,"name":"Cyklodestin\u00e1cia \u2013 (nielen) traily \u010ceskej republiky"}]},{"@type":"WebSite","@id":"https:\/\/www.welovecycling.com\/sk\/#website","url":"https:\/\/www.welovecycling.com\/sk\/","name":"\u0160koda We Love Cycling Slovensko","description":"\u0160koda We Love Cycling Slovensko je v\u00e1\u0161 ka\u017edodenn\u00fd zdroj noviniek a in\u0161pir\u00e1cie z sveta cyklistiky","potentialAction":[{"@type":"SearchAction","target":{"@type":"EntryPoint","urlTemplate":"https:\/\/www.welovecycling.com\/sk\/?s={search_term_string}"},"query-input":{"@type":"PropertyValueSpecification","valueRequired":true,"valueName":"search_term_string"}}],"inLanguage":"sk-SK"},{"@type":"Person","@id":"https:\/\/www.welovecycling.com\/sk\/#\/schema\/person\/8ee09ba39b7e25b1870160aa5b3a89bc","name":"Ondrej Ga\u0161par","image":{"@type":"ImageObject","inLanguage":"sk-SK","@id":"https:\/\/www.welovecycling.com\/sk\/#\/schema\/person\/image\/","url":"https:\/\/secure.gravatar.com\/avatar\/6126c9afb87b70da5abbb083ddbb21933da15f18f8ca7cb822aba0fb096a48f6?s=96&d=mm&r=g","contentUrl":"https:\/\/secure.gravatar.com\/avatar\/6126c9afb87b70da5abbb083ddbb21933da15f18f8ca7cb822aba0fb096a48f6?s=96&d=mm&r=g","caption":"Ondrej Ga\u0161par"},"url":"https:\/\/www.welovecycling.com\/sk\/author\/ondrejgaspar\/"}]}},"_links":{"self":[{"href":"https:\/\/www.welovecycling.com\/sk\/wp-json\/wp\/v2\/posts\/7320","targetHints":{"allow":["GET"]}}],"collection":[{"href":"https:\/\/www.welovecycling.com\/sk\/wp-json\/wp\/v2\/posts"}],"about":[{"href":"https:\/\/www.welovecycling.com\/sk\/wp-json\/wp\/v2\/types\/post"}],"author":[{"embeddable":true,"href":"https:\/\/www.welovecycling.com\/sk\/wp-json\/wp\/v2\/users\/38"}],"replies":[{"embeddable":true,"href":"https:\/\/www.welovecycling.com\/sk\/wp-json\/wp\/v2\/comments?post=7320"}],"version-history":[{"count":2,"href":"https:\/\/www.welovecycling.com\/sk\/wp-json\/wp\/v2\/posts\/7320\/revisions"}],"predecessor-version":[{"id":7587,"href":"https:\/\/www.welovecycling.com\/sk\/wp-json\/wp\/v2\/posts\/7320\/revisions\/7587"}],"wp:featuredmedia":[{"embeddable":true,"href":"https:\/\/www.welovecycling.com\/sk\/wp-json\/wp\/v2\/media\/7325"}],"wp:attachment":[{"href":"https:\/\/www.welovecycling.com\/sk\/wp-json\/wp\/v2\/media?parent=7320"}],"wp:term":[{"taxonomy":"category","embeddable":true,"href":"https:\/\/www.welovecycling.com\/sk\/wp-json\/wp\/v2\/categories?post=7320"},{"taxonomy":"post_tag","embeddable":true,"href":"https:\/\/www.welovecycling.com\/sk\/wp-json\/wp\/v2\/tags?post=7320"},{"taxonomy":"global-categories","embeddable":true,"href":"https:\/\/www.welovecycling.com\/sk\/wp-json\/wp\/v2\/global-categories?post=7320"}],"curies":[{"name":"wp","href":"https:\/\/api.w.org\/{rel}","templated":true}]}}