{"id":7290,"date":"2019-06-02T08:15:20","date_gmt":"2019-06-02T06:15:20","guid":{"rendered":"https:\/\/www.welovecycling.com\/sk\/?p=7290"},"modified":"2019-06-03T09:54:15","modified_gmt":"2019-06-03T07:54:15","slug":"reportaz-birell-bikefest-kalnica-deviaty-rocnik-je-uz-za-nami","status":"publish","type":"post","link":"https:\/\/www.welovecycling.com\/sk\/2019\/06\/02\/reportaz-birell-bikefest-kalnica-deviaty-rocnik-je-uz-za-nami\/","title":{"rendered":"Report\u00e1\u017e: Birell BikeFest K\u00e1lnica \u2013 deviaty ro\u010dn\u00edk je u\u017e za nami"},"content":{"rendered":"<p><strong>Uplynul\u00fd v\u00edkend 24.-26.5. sa v K\u00e1lnici konal u\u017e deviaty ro\u010dn\u00edk Birell BikeFest-u. Pr\u00edjemn\u00e9 slne\u010dn\u00e9 po\u010dasie a \u0161irok\u00e1 \u0161k\u00e1la r\u00f4znych podujat\u00ed len pod\u010diarkli v\u00fdborn\u00fa atmosf\u00e9ru.<\/strong><!--more--><\/p>\n<p>K\u00e1lnica na prv\u00fd poh\u013ead p\u00f4sob\u00ed ako priemern\u00e1 dedinka na podhor\u00ed Pova\u017esk\u00e9ho Inovca, ktor\u00e1 v sebe neskr\u00fdva ni\u010d neobvykl\u00e9. Ak sa v\u0161ak orientujete v horskej cyklistike, ur\u010dite viete, \u017ee opak je pravdou. <strong>Za obcou sa nach\u00e1dza miestny bikepark<\/strong>, ktor\u00fd s\u00edce neoh\u00fari ve\u013ekos\u0165ou, ale pon\u00faka neskuto\u010dn\u00e9 mno\u017estvo zjazdov\u00fdch trat\u00ed, testovac\u00ed okruh, dva asfaltov\u00e9 pumptracky a kvantum in\u00fdch mo\u017enost\u00ed. Bl\u00edzka dostupnos\u0165 z dia\u013enice D1, prev\u00e1dzka od marca do novembra a \u010fal\u0161ie v\u00fdhody, z neho robia jeden z najzn\u00e1mej\u0161\u00edch Bikeparkov v celej strednej Eur\u00f3pe. A pr\u00e1ve toto, pomerne unik\u00e1tne miesto, b\u00fdva v posledn\u00fd m\u00e1jov\u00fd v\u00edkend dejiskom ve\u013ek\u00e9ho cyklistick\u00e9ho podujatia Birell BikeFest.<\/p>\n<div data-rows=\"1\" id='gallery-1' class='gallery-rows-1 gallery galleryid-7290 gallery-columns-2 gallery-size-full'><figure class='gallery-item'>\n\t\t\t<div class='gallery-icon landscape'>\n\t\t\t\t<a href='https:\/\/d2p6e6u75xmxt8.cloudfront.net\/4\/2019\/05\/kalnica-12.webp'><img loading=\"lazy\" decoding=\"async\" width=\"1200\" height=\"800\" src=\"https:\/\/d2p6e6u75xmxt8.cloudfront.net\/4\/2019\/05\/kalnica-12.webp\" class=\"attachment-full size-full\" alt=\"\" srcset=\"https:\/\/d2p6e6u75xmxt8.cloudfront.net\/4\/2019\/05\/kalnica-12.webp 1200w, https:\/\/d2p6e6u75xmxt8.cloudfront.net\/4\/2019\/05\/kalnica-12-300x200.webp 300w, https:\/\/d2p6e6u75xmxt8.cloudfront.net\/4\/2019\/05\/kalnica-12-1024x683.webp 1024w, https:\/\/d2p6e6u75xmxt8.cloudfront.net\/4\/2019\/05\/kalnica-12-768x512.webp 768w, https:\/\/d2p6e6u75xmxt8.cloudfront.net\/4\/2019\/05\/kalnica-12-272x182.webp 272w\" sizes=\"auto, (max-width: 1200px) 100vw, 1200px\" \/><\/a>\n\t\t\t<\/div><\/figure><figure class='gallery-item'>\n\t\t\t<div class='gallery-icon landscape'>\n\t\t\t\t<a href='https:\/\/d2p6e6u75xmxt8.cloudfront.net\/4\/2019\/05\/kalnica-23.webp'><img loading=\"lazy\" decoding=\"async\" width=\"1200\" height=\"800\" src=\"https:\/\/d2p6e6u75xmxt8.cloudfront.net\/4\/2019\/05\/kalnica-23.webp\" class=\"attachment-full size-full\" alt=\"\" srcset=\"https:\/\/d2p6e6u75xmxt8.cloudfront.net\/4\/2019\/05\/kalnica-23.webp 1200w, https:\/\/d2p6e6u75xmxt8.cloudfront.net\/4\/2019\/05\/kalnica-23-300x200.webp 300w, https:\/\/d2p6e6u75xmxt8.cloudfront.net\/4\/2019\/05\/kalnica-23-1024x683.webp 1024w, https:\/\/d2p6e6u75xmxt8.cloudfront.net\/4\/2019\/05\/kalnica-23-768x512.webp 768w, https:\/\/d2p6e6u75xmxt8.cloudfront.net\/4\/2019\/05\/kalnica-23-272x182.webp 272w\" sizes=\"auto, (max-width: 1200px) 100vw, 1200px\" \/><\/a>\n\t\t\t<\/div><\/figure>\n\t\t<\/div>\n        \n<p>Festival otvoril svoje \u201ebr\u00e1ny\u201c u\u017e v piatok doobeda a <strong>po\u010das troch dn\u00ed pon\u00fakol skuto\u010dne bohat\u00fd program<\/strong>. N\u00e1v\u0161tevn\u00edci, ktor\u00ed radi zach\u00e1dzaj\u00fa a\u017e za hranice svojich mo\u017enost\u00ed, si mohli <strong>zmera\u0165 svoje sily v jeden\u00e1stich r\u00f4znych discipl\u00ednach<\/strong>, od pretekov na pumptracku, cez enduro, zjazd a slopestyle a\u017e po XC marat\u00f3n. Obrovsk\u00fdm l\u00e1kadlom festivalu je u\u017e \u0161tandardne mo\u017enos\u0165 testovac\u00edch j\u00e1zd, k dispoz\u00edci\u00ed bolo 400 testovac\u00edch bicyklov a e-bikov od 50 r\u00f4znych dod\u00e1vate\u013eov. Nech\u00fdbala detsk\u00e1 z\u00f3na ur\u010den\u00e1 pre najmen\u0161\u00edch a samozrejmos\u0165ou bol ve\u010dern\u00fd hudobn\u00fd program a mno\u017estvo sprievodn\u00fdch podujat\u00ed pre deti aj dospel\u00fdch.<\/p>\n<p><a href=\"https:\/\/d2p6e6u75xmxt8.cloudfront.net\/4\/2019\/05\/kalnica-13.jpg\"><img loading=\"lazy\" decoding=\"async\" class=\"alignnone size-full wp-image-7295\" src=\"https:\/\/d2p6e6u75xmxt8.cloudfront.net\/4\/2019\/05\/kalnica-13.jpg\" alt=\"\" width=\"1200\" height=\"800\" \/><\/a><\/p>\n<h2><strong>\u010co priniesol piatkov\u00fd program?<\/strong><\/h2>\n<p>V piatok boli na programe <strong>s\u00fa\u0165a\u017ee na pumptracku<\/strong>, ktor\u00fd m\u00e1 v K\u00e1lnici nov\u00fd asfaltov\u00fd povrch. Najsk\u00f4r si \u00fa\u010dastn\u00edci zmerali sily ako jednotlivci; v elitnej kateg\u00f3ri\u00ed mu\u017eov vyhral Poliak Marcin Rot (BT Project) a medzi \u017eenami si prvenstvo vybojovala Romana Labounkov\u00e1 (Bikrosklub Jesen\u00edk). Nasledovali preteky v dual pumptracku, v \u017een\u00e1ch op\u00e4\u0165 vyhrala Labounkov\u00e1 a v mu\u017eoch sa z v\u00ed\u0165azstva te\u0161il rak\u00fasky pretek\u00e1r Hannes Slavik. Vo ve\u010dern\u00fdch hodin\u00e1ch boli na programe preteky v Cross-country Eliminator, ktor\u00e9 vyhral mlad\u00fd slovensk\u00fd pretek\u00e1r Michal B\u017eonca. Ve\u010dern\u00fd program sa niesol v znamen\u00ed hip-hopovej p\u00e1rty pod taktovkou DJ-a Mercy, Nerie\u0161, Basskida a DJ-a Emila (Emonoizboiz), ktor\u00e1 u\u017e tradi\u010dne kon\u010dila neskoro v noci.<\/p>\n<lite-youtube videoid=tI1wef-gZ4M params=\"enablejsapi=1\" style=\"background-image: url('https:\/\/i.ytimg.com\/vi_webp\/tI1wef-gZ4M\/maxresdefault.webp');\"><\/lite-youtube>\n<h2><strong>Pestr\u00e1 sobota<\/strong><\/h2>\n<p>V sobotu boli na programe najzauj\u00edmavej\u0161ie podujatia cel\u00e9ho v\u00edkendu a po\u010dasie prialo u\u017e od r\u00e1na. Pre rodi\u010dov s de\u0165mi bola k dispoz\u00edcii <strong>detsk\u00e1 z\u00f3na Intersport<\/strong> s mno\u017estvom r\u00f4znych s\u00fa\u0165a\u017e\u00ed aj pre t\u00fdch najmen\u0161\u00edch. Od rann\u00fdch hod\u00edn, prakticky po\u010das cel\u00e9ho d\u0148a, sa <strong>s\u00fa\u0165a\u017eilo v discipl\u00edne enduro<\/strong>, kde si v r\u00f4znych kateg\u00f3riach zmeralo sily viac ako 200 pretek\u00e1rov. Podujatie bolo z\u00e1rove\u0148 kvalifik\u00e1ciou na prest\u00ed\u017eny seri\u00e1l svetovej s\u00e9rie Enduro World Series. Pozost\u00e1valo z piatich r\u00fdchlostn\u00fdch sk\u00fa\u0161ok, na trati dlhej 35 km s prev\u00fd\u0161en\u00edm 1 300 m. Najlep\u0161ie si po\u010d\u00ednali rak\u00faski pretek\u00e1ri Peter Mihalkovits (ASK\u00d6 MK Factory Racing Team) a Birgit Braumann (Trek Gravity Girls).<\/p>\n<div data-rows=\"1\" id='gallery-2' class='gallery-rows-1 gallery galleryid-7290 gallery-columns-2 gallery-size-full'><figure class='gallery-item'>\n\t\t\t<div class='gallery-icon landscape'>\n\t\t\t\t<a href='https:\/\/d2p6e6u75xmxt8.cloudfront.net\/4\/2019\/05\/kalnica-1.webp'><img loading=\"lazy\" decoding=\"async\" width=\"1200\" height=\"800\" src=\"https:\/\/d2p6e6u75xmxt8.cloudfront.net\/4\/2019\/05\/kalnica-1.webp\" class=\"attachment-full size-full\" alt=\"\" srcset=\"https:\/\/d2p6e6u75xmxt8.cloudfront.net\/4\/2019\/05\/kalnica-1.webp 1200w, https:\/\/d2p6e6u75xmxt8.cloudfront.net\/4\/2019\/05\/kalnica-1-300x200.webp 300w, https:\/\/d2p6e6u75xmxt8.cloudfront.net\/4\/2019\/05\/kalnica-1-1024x683.webp 1024w, https:\/\/d2p6e6u75xmxt8.cloudfront.net\/4\/2019\/05\/kalnica-1-768x512.webp 768w, https:\/\/d2p6e6u75xmxt8.cloudfront.net\/4\/2019\/05\/kalnica-1-272x182.webp 272w\" sizes=\"auto, (max-width: 1200px) 100vw, 1200px\" \/><\/a>\n\t\t\t<\/div><\/figure><figure class='gallery-item'>\n\t\t\t<div class='gallery-icon landscape'>\n\t\t\t\t<a href='https:\/\/d2p6e6u75xmxt8.cloudfront.net\/4\/2019\/05\/kalnica-2.webp'><img loading=\"lazy\" decoding=\"async\" width=\"1200\" height=\"800\" src=\"https:\/\/d2p6e6u75xmxt8.cloudfront.net\/4\/2019\/05\/kalnica-2.webp\" class=\"attachment-full size-full\" alt=\"\" srcset=\"https:\/\/d2p6e6u75xmxt8.cloudfront.net\/4\/2019\/05\/kalnica-2.webp 1200w, https:\/\/d2p6e6u75xmxt8.cloudfront.net\/4\/2019\/05\/kalnica-2-300x200.webp 300w, https:\/\/d2p6e6u75xmxt8.cloudfront.net\/4\/2019\/05\/kalnica-2-1024x683.webp 1024w, https:\/\/d2p6e6u75xmxt8.cloudfront.net\/4\/2019\/05\/kalnica-2-768x512.webp 768w, https:\/\/d2p6e6u75xmxt8.cloudfront.net\/4\/2019\/05\/kalnica-2-272x182.webp 272w\" sizes=\"auto, (max-width: 1200px) 100vw, 1200px\" \/><\/a>\n\t\t\t<\/div><\/figure>\n\t\t<\/div>\n        \n<p>V poobedn\u00fdch hodin\u00e1ch nasledoval <strong>Extr\u00e9mny Cross Country v\u00fd\u0161\u013eap<\/strong>, ktor\u00fd najr\u00fdchlej\u0161ie zvl\u00e1dli Ivan Schwarbacher a Jana Be\u0148a\u010dkov\u00e1. Po \u0148om boli na rade div\u00e1cky najob\u013e\u00fabenej\u0161ie discipl\u00edny v podobe Garmin Slopestyle a Dual Slalomu. Slopestyle mal u\u017e tradi\u010dne vysok\u00fa \u00farove\u0148 aj v\u010faka tomu, \u017ee bol zaraden\u00fd v kalend\u00e1ri Freeride MTB World tour ako podujatie s bronzov\u00fdm statusom. Aj to je ve\u013ek\u00fdm l\u00e1kadlom pre mno\u017estvo div\u00e1kov zo \u0161irok\u00e9ho okolia a mno\u017estvo skvel\u00fdch jazdcov. V neskuto\u010dnej atmosf\u00e9re vyhral Jakub Vencl, ktor\u00fd patr\u00ed k u\u017e\u0161ej svetovej \u0161pi\u010dke.<\/p>\n<lite-youtube videoid=4e22yawC8nI params=\"enablejsapi=1\" style=\"background-image: url('https:\/\/i.ytimg.com\/vi_webp\/4e22yawC8nI\/maxresdefault.webp');\"><\/lite-youtube>\n<p>Sobotn\u00fd podve\u010der patril \u010fal\u0161ej div\u00e1cky atrakt\u00edvnej discipl\u00edne, a to <strong>Dual Slalomu<\/strong>. Fin\u00e1lov\u00e9 jazdy sa jazdili za umel\u00e9ho osvetlenia a atmosf\u00e9ra bola op\u00e4\u0165 neskuto\u010dn\u00e1. Div\u00e1cku podporu najlep\u0161ie z\u00fa\u017eitkoval \u010desk\u00fd pretek\u00e1r Martin Lebl (Banshee Bikes Factory Team) a medzi \u017eenami si op\u00e4\u0165 najlep\u0161ie po\u010d\u00ednala Romana Labounkov\u00e1 (Bikrosklub Jesen\u00edk). Po Duale sa z\u00e1bava premiestnila pod p\u00f3dium, kde sa o n\u00e1ladu starali B-Complex, Prophecy, Ramirez a Paplon. U\u017e tradi\u010dne sa kon\u010dilo v skor\u00fdch rann\u00fdch hodin\u00e1ch.<\/p>\n<div data-rows=\"1\" id='gallery-3' class='gallery-rows-1 gallery galleryid-7290 gallery-columns-2 gallery-size-full'><figure class='gallery-item'>\n\t\t\t<div class='gallery-icon landscape'>\n\t\t\t\t<a href='https:\/\/d2p6e6u75xmxt8.cloudfront.net\/4\/2019\/05\/kalnica-14.webp'><img loading=\"lazy\" decoding=\"async\" width=\"1200\" height=\"800\" src=\"https:\/\/d2p6e6u75xmxt8.cloudfront.net\/4\/2019\/05\/kalnica-14.webp\" class=\"attachment-full size-full\" alt=\"\" srcset=\"https:\/\/d2p6e6u75xmxt8.cloudfront.net\/4\/2019\/05\/kalnica-14.webp 1200w, https:\/\/d2p6e6u75xmxt8.cloudfront.net\/4\/2019\/05\/kalnica-14-300x200.webp 300w, https:\/\/d2p6e6u75xmxt8.cloudfront.net\/4\/2019\/05\/kalnica-14-1024x683.webp 1024w, https:\/\/d2p6e6u75xmxt8.cloudfront.net\/4\/2019\/05\/kalnica-14-768x512.webp 768w, https:\/\/d2p6e6u75xmxt8.cloudfront.net\/4\/2019\/05\/kalnica-14-272x182.webp 272w\" sizes=\"auto, (max-width: 1200px) 100vw, 1200px\" \/><\/a>\n\t\t\t<\/div><\/figure><figure class='gallery-item'>\n\t\t\t<div class='gallery-icon landscape'>\n\t\t\t\t<a href='https:\/\/d2p6e6u75xmxt8.cloudfront.net\/4\/2019\/05\/kalnica-15.webp'><img loading=\"lazy\" decoding=\"async\" width=\"1200\" height=\"800\" src=\"https:\/\/d2p6e6u75xmxt8.cloudfront.net\/4\/2019\/05\/kalnica-15.webp\" class=\"attachment-full size-full\" alt=\"\" srcset=\"https:\/\/d2p6e6u75xmxt8.cloudfront.net\/4\/2019\/05\/kalnica-15.webp 1200w, https:\/\/d2p6e6u75xmxt8.cloudfront.net\/4\/2019\/05\/kalnica-15-300x200.webp 300w, https:\/\/d2p6e6u75xmxt8.cloudfront.net\/4\/2019\/05\/kalnica-15-1024x683.webp 1024w, https:\/\/d2p6e6u75xmxt8.cloudfront.net\/4\/2019\/05\/kalnica-15-768x512.webp 768w, https:\/\/d2p6e6u75xmxt8.cloudfront.net\/4\/2019\/05\/kalnica-15-272x182.webp 272w\" sizes=\"auto, (max-width: 1200px) 100vw, 1200px\" \/><\/a>\n\t\t\t<\/div><\/figure>\n\t\t<\/div>\n        \n<h2><strong>Nede\u013en\u00fd marat\u00f3n<\/strong><\/h2>\n<p>N\u00e1v\u0161tevn\u00edci, ktor\u00fdch nezmohla ve\u010dern\u00e1 z\u00e1bava, sa mohli v nede\u013eu z\u00fa\u010dastni\u0165 <strong>Kellys Bikefest Marat\u00f3nu<\/strong> a vybra\u0165 si z troch r\u00f4znych trat\u00ed: 10 km, 23 km a 49 km a pre rodiny bol pripraven\u00fd 6 km variant. Na dlhej trati si najlep\u0161ie po\u010d\u00ednali Tom\u00e1\u0161 Vi\u0161\u0148ovsk\u00fd (\u010cesk\u00e1 Spo\u0159itelna &#8211; Accolade) a Martina Hron\u010dekov\u00e1 (Top Sport Team). Poobede bol na programe Specialized Downhill, ktor\u00fd najr\u00fdchlej\u0161ie zaleteli Ras\u0165o Bar\u00e1nek (Kellys Factory team) a Vilma Gombalov\u00e1 (CTM Racing).<\/p>\n<div data-rows=\"1\" id='gallery-4' class='gallery-rows-1 gallery galleryid-7290 gallery-columns-3 gallery-size-full'><figure class='gallery-item'>\n\t\t\t<div class='gallery-icon landscape'>\n\t\t\t\t<a href='https:\/\/d2p6e6u75xmxt8.cloudfront.net\/4\/2019\/05\/kalnica-7.webp'><img loading=\"lazy\" decoding=\"async\" width=\"1200\" height=\"800\" src=\"https:\/\/d2p6e6u75xmxt8.cloudfront.net\/4\/2019\/05\/kalnica-7.webp\" class=\"attachment-full size-full\" alt=\"\" srcset=\"https:\/\/d2p6e6u75xmxt8.cloudfront.net\/4\/2019\/05\/kalnica-7.webp 1200w, https:\/\/d2p6e6u75xmxt8.cloudfront.net\/4\/2019\/05\/kalnica-7-300x200.webp 300w, https:\/\/d2p6e6u75xmxt8.cloudfront.net\/4\/2019\/05\/kalnica-7-1024x683.webp 1024w, https:\/\/d2p6e6u75xmxt8.cloudfront.net\/4\/2019\/05\/kalnica-7-768x512.webp 768w, https:\/\/d2p6e6u75xmxt8.cloudfront.net\/4\/2019\/05\/kalnica-7-272x182.webp 272w\" sizes=\"auto, (max-width: 1200px) 100vw, 1200px\" \/><\/a>\n\t\t\t<\/div><\/figure><figure class='gallery-item'>\n\t\t\t<div class='gallery-icon landscape'>\n\t\t\t\t<a href='https:\/\/d2p6e6u75xmxt8.cloudfront.net\/4\/2019\/05\/kalnica-8.webp'><img loading=\"lazy\" decoding=\"async\" width=\"1200\" height=\"800\" src=\"https:\/\/d2p6e6u75xmxt8.cloudfront.net\/4\/2019\/05\/kalnica-8.webp\" class=\"attachment-full size-full\" alt=\"\" srcset=\"https:\/\/d2p6e6u75xmxt8.cloudfront.net\/4\/2019\/05\/kalnica-8.webp 1200w, https:\/\/d2p6e6u75xmxt8.cloudfront.net\/4\/2019\/05\/kalnica-8-300x200.webp 300w, https:\/\/d2p6e6u75xmxt8.cloudfront.net\/4\/2019\/05\/kalnica-8-1024x683.webp 1024w, https:\/\/d2p6e6u75xmxt8.cloudfront.net\/4\/2019\/05\/kalnica-8-768x512.webp 768w, https:\/\/d2p6e6u75xmxt8.cloudfront.net\/4\/2019\/05\/kalnica-8-272x182.webp 272w\" sizes=\"auto, (max-width: 1200px) 100vw, 1200px\" \/><\/a>\n\t\t\t<\/div><\/figure><figure class='gallery-item'>\n\t\t\t<div class='gallery-icon landscape'>\n\t\t\t\t<a href='https:\/\/d2p6e6u75xmxt8.cloudfront.net\/4\/2019\/05\/kalnica-9.webp'><img loading=\"lazy\" decoding=\"async\" width=\"1200\" height=\"800\" src=\"https:\/\/d2p6e6u75xmxt8.cloudfront.net\/4\/2019\/05\/kalnica-9.webp\" class=\"attachment-full size-full\" alt=\"\" srcset=\"https:\/\/d2p6e6u75xmxt8.cloudfront.net\/4\/2019\/05\/kalnica-9.webp 1200w, https:\/\/d2p6e6u75xmxt8.cloudfront.net\/4\/2019\/05\/kalnica-9-300x200.webp 300w, https:\/\/d2p6e6u75xmxt8.cloudfront.net\/4\/2019\/05\/kalnica-9-1024x683.webp 1024w, https:\/\/d2p6e6u75xmxt8.cloudfront.net\/4\/2019\/05\/kalnica-9-768x512.webp 768w, https:\/\/d2p6e6u75xmxt8.cloudfront.net\/4\/2019\/05\/kalnica-9-272x182.webp 272w\" sizes=\"auto, (max-width: 1200px) 100vw, 1200px\" \/><\/a>\n\t\t\t<\/div><\/figure>\n\t\t<\/div>\n        \n<p>Tohtoro\u010dn\u00fd Birell BikeFest priniesol op\u00e4\u0165 skvel\u00fa atmosf\u00e9ru a je vidie\u0165, \u017ee mno\u017estvo \u013eud\u00ed sa sem s rados\u0165ou v\u017edy vr\u00e1ti. Po v\u00fddatn\u00fdch da\u017e\u010foch uprostred t\u00fd\u017ed\u0148a sa navy\u0161e um\u00fadrilo aj po\u010dasie a po\u010das cel\u00e9ho festivalu pr\u00edjemne svietilo slnko. Okrem toho je dobr\u00e9 vidie\u0165, \u017ee aj z h\u013eadiska organiz\u00e1cie sa festival z roka na rok zlep\u0161uje a organiz\u00e1tor sa sna\u017e\u00ed n\u00e1v\u0161tevn\u00edkom prinies\u0165 to najlep\u0161ie. Bud\u00faci ro\u010dn\u00edk bude pre Birell BikeFest nev\u0161edn\u00fd, \u010dak\u00e1 ho jubilejn\u00fd desiaty ro\u010dn\u00edk, a n\u00e1m ost\u00e1va sa len te\u0161i\u0165, \u010do \u0161peci\u00e1lne si pre n\u00e1s usporiadate\u013e prichyst\u00e1. Vid\u00edme sa teda v posledn\u00fd m\u00e1jov\u00fd v\u00edkend znova o rok! Kompletn\u00e9 v\u00fdsledky zo v\u0161etk\u00fdch discipl\u00edn si m\u00f4\u017eete pozrie\u0165 na <a href=\"https:\/\/sportsofttiming.sk\/sk\/zavod\/overview\/3886\" target=\"_blank\" rel=\"noopener\">tomto odkaze<\/a>.<\/p>\n<div data-rows=\"1\" id='gallery-5' class='gallery-rows-1 gallery galleryid-7290 gallery-columns-3 gallery-size-full'><figure class='gallery-item'>\n\t\t\t<div class='gallery-icon landscape'>\n\t\t\t\t<a href='https:\/\/d2p6e6u75xmxt8.cloudfront.net\/4\/2019\/05\/kalnica-3.webp'><img loading=\"lazy\" decoding=\"async\" width=\"1200\" height=\"800\" src=\"https:\/\/d2p6e6u75xmxt8.cloudfront.net\/4\/2019\/05\/kalnica-3.webp\" class=\"attachment-full size-full\" alt=\"\" srcset=\"https:\/\/d2p6e6u75xmxt8.cloudfront.net\/4\/2019\/05\/kalnica-3.webp 1200w, https:\/\/d2p6e6u75xmxt8.cloudfront.net\/4\/2019\/05\/kalnica-3-300x200.webp 300w, https:\/\/d2p6e6u75xmxt8.cloudfront.net\/4\/2019\/05\/kalnica-3-1024x683.webp 1024w, https:\/\/d2p6e6u75xmxt8.cloudfront.net\/4\/2019\/05\/kalnica-3-768x512.webp 768w, https:\/\/d2p6e6u75xmxt8.cloudfront.net\/4\/2019\/05\/kalnica-3-272x182.webp 272w\" sizes=\"auto, (max-width: 1200px) 100vw, 1200px\" \/><\/a>\n\t\t\t<\/div><\/figure><figure class='gallery-item'>\n\t\t\t<div class='gallery-icon landscape'>\n\t\t\t\t<a href='https:\/\/d2p6e6u75xmxt8.cloudfront.net\/4\/2019\/05\/kalnica-4.webp'><img loading=\"lazy\" decoding=\"async\" width=\"1200\" height=\"800\" src=\"https:\/\/d2p6e6u75xmxt8.cloudfront.net\/4\/2019\/05\/kalnica-4.webp\" class=\"attachment-full size-full\" alt=\"\" srcset=\"https:\/\/d2p6e6u75xmxt8.cloudfront.net\/4\/2019\/05\/kalnica-4.webp 1200w, https:\/\/d2p6e6u75xmxt8.cloudfront.net\/4\/2019\/05\/kalnica-4-300x200.webp 300w, https:\/\/d2p6e6u75xmxt8.cloudfront.net\/4\/2019\/05\/kalnica-4-1024x683.webp 1024w, https:\/\/d2p6e6u75xmxt8.cloudfront.net\/4\/2019\/05\/kalnica-4-768x512.webp 768w, https:\/\/d2p6e6u75xmxt8.cloudfront.net\/4\/2019\/05\/kalnica-4-272x182.webp 272w\" sizes=\"auto, (max-width: 1200px) 100vw, 1200px\" \/><\/a>\n\t\t\t<\/div><\/figure><figure class='gallery-item'>\n\t\t\t<div class='gallery-icon landscape'>\n\t\t\t\t<a href='https:\/\/d2p6e6u75xmxt8.cloudfront.net\/4\/2019\/05\/kalnica-5.webp'><img loading=\"lazy\" decoding=\"async\" width=\"1200\" height=\"800\" src=\"https:\/\/d2p6e6u75xmxt8.cloudfront.net\/4\/2019\/05\/kalnica-5.webp\" class=\"attachment-full size-full\" alt=\"\" srcset=\"https:\/\/d2p6e6u75xmxt8.cloudfront.net\/4\/2019\/05\/kalnica-5.webp 1200w, https:\/\/d2p6e6u75xmxt8.cloudfront.net\/4\/2019\/05\/kalnica-5-300x200.webp 300w, https:\/\/d2p6e6u75xmxt8.cloudfront.net\/4\/2019\/05\/kalnica-5-1024x683.webp 1024w, https:\/\/d2p6e6u75xmxt8.cloudfront.net\/4\/2019\/05\/kalnica-5-768x512.webp 768w, https:\/\/d2p6e6u75xmxt8.cloudfront.net\/4\/2019\/05\/kalnica-5-272x182.webp 272w\" sizes=\"auto, (max-width: 1200px) 100vw, 1200px\" \/><\/a>\n\t\t\t<\/div><\/figure><figure class='gallery-item'>\n\t\t\t<div class='gallery-icon landscape'>\n\t\t\t\t<a href='https:\/\/d2p6e6u75xmxt8.cloudfront.net\/4\/2019\/05\/kalnica-6.webp'><img loading=\"lazy\" decoding=\"async\" width=\"1200\" height=\"800\" src=\"https:\/\/d2p6e6u75xmxt8.cloudfront.net\/4\/2019\/05\/kalnica-6.webp\" class=\"attachment-full size-full\" alt=\"\" srcset=\"https:\/\/d2p6e6u75xmxt8.cloudfront.net\/4\/2019\/05\/kalnica-6.webp 1200w, https:\/\/d2p6e6u75xmxt8.cloudfront.net\/4\/2019\/05\/kalnica-6-300x200.webp 300w, https:\/\/d2p6e6u75xmxt8.cloudfront.net\/4\/2019\/05\/kalnica-6-1024x683.webp 1024w, https:\/\/d2p6e6u75xmxt8.cloudfront.net\/4\/2019\/05\/kalnica-6-768x512.webp 768w, https:\/\/d2p6e6u75xmxt8.cloudfront.net\/4\/2019\/05\/kalnica-6-272x182.webp 272w\" sizes=\"auto, (max-width: 1200px) 100vw, 1200px\" \/><\/a>\n\t\t\t<\/div><\/figure><figure class='gallery-item'>\n\t\t\t<div class='gallery-icon landscape'>\n\t\t\t\t<a href='https:\/\/d2p6e6u75xmxt8.cloudfront.net\/4\/2019\/05\/kalnica-16.webp'><img loading=\"lazy\" decoding=\"async\" width=\"1200\" height=\"800\" src=\"https:\/\/d2p6e6u75xmxt8.cloudfront.net\/4\/2019\/05\/kalnica-16.webp\" class=\"attachment-full size-full\" alt=\"\" srcset=\"https:\/\/d2p6e6u75xmxt8.cloudfront.net\/4\/2019\/05\/kalnica-16.webp 1200w, https:\/\/d2p6e6u75xmxt8.cloudfront.net\/4\/2019\/05\/kalnica-16-300x200.webp 300w, https:\/\/d2p6e6u75xmxt8.cloudfront.net\/4\/2019\/05\/kalnica-16-1024x683.webp 1024w, https:\/\/d2p6e6u75xmxt8.cloudfront.net\/4\/2019\/05\/kalnica-16-768x512.webp 768w, https:\/\/d2p6e6u75xmxt8.cloudfront.net\/4\/2019\/05\/kalnica-16-272x182.webp 272w\" sizes=\"auto, (max-width: 1200px) 100vw, 1200px\" \/><\/a>\n\t\t\t<\/div><\/figure><figure class='gallery-item'>\n\t\t\t<div class='gallery-icon landscape'>\n\t\t\t\t<a href='https:\/\/d2p6e6u75xmxt8.cloudfront.net\/4\/2019\/05\/kalnica-17.webp'><img loading=\"lazy\" decoding=\"async\" width=\"1200\" height=\"800\" src=\"https:\/\/d2p6e6u75xmxt8.cloudfront.net\/4\/2019\/05\/kalnica-17.webp\" class=\"attachment-full size-full\" alt=\"\" srcset=\"https:\/\/d2p6e6u75xmxt8.cloudfront.net\/4\/2019\/05\/kalnica-17.webp 1200w, https:\/\/d2p6e6u75xmxt8.cloudfront.net\/4\/2019\/05\/kalnica-17-300x200.webp 300w, https:\/\/d2p6e6u75xmxt8.cloudfront.net\/4\/2019\/05\/kalnica-17-1024x683.webp 1024w, https:\/\/d2p6e6u75xmxt8.cloudfront.net\/4\/2019\/05\/kalnica-17-768x512.webp 768w, https:\/\/d2p6e6u75xmxt8.cloudfront.net\/4\/2019\/05\/kalnica-17-272x182.webp 272w\" sizes=\"auto, (max-width: 1200px) 100vw, 1200px\" \/><\/a>\n\t\t\t<\/div><\/figure><figure class='gallery-item'>\n\t\t\t<div class='gallery-icon landscape'>\n\t\t\t\t<a href='https:\/\/d2p6e6u75xmxt8.cloudfront.net\/4\/2019\/05\/kalnica-18.webp'><img loading=\"lazy\" decoding=\"async\" width=\"1200\" height=\"800\" src=\"https:\/\/d2p6e6u75xmxt8.cloudfront.net\/4\/2019\/05\/kalnica-18.webp\" class=\"attachment-full size-full\" alt=\"\" srcset=\"https:\/\/d2p6e6u75xmxt8.cloudfront.net\/4\/2019\/05\/kalnica-18.webp 1200w, https:\/\/d2p6e6u75xmxt8.cloudfront.net\/4\/2019\/05\/kalnica-18-300x200.webp 300w, https:\/\/d2p6e6u75xmxt8.cloudfront.net\/4\/2019\/05\/kalnica-18-1024x683.webp 1024w, https:\/\/d2p6e6u75xmxt8.cloudfront.net\/4\/2019\/05\/kalnica-18-768x512.webp 768w, https:\/\/d2p6e6u75xmxt8.cloudfront.net\/4\/2019\/05\/kalnica-18-272x182.webp 272w\" sizes=\"auto, (max-width: 1200px) 100vw, 1200px\" \/><\/a>\n\t\t\t<\/div><\/figure><figure class='gallery-item'>\n\t\t\t<div class='gallery-icon landscape'>\n\t\t\t\t<a href='https:\/\/d2p6e6u75xmxt8.cloudfront.net\/4\/2019\/05\/kalnica-19.webp'><img loading=\"lazy\" decoding=\"async\" width=\"1200\" height=\"800\" src=\"https:\/\/d2p6e6u75xmxt8.cloudfront.net\/4\/2019\/05\/kalnica-19.webp\" class=\"attachment-full size-full\" alt=\"\" srcset=\"https:\/\/d2p6e6u75xmxt8.cloudfront.net\/4\/2019\/05\/kalnica-19.webp 1200w, https:\/\/d2p6e6u75xmxt8.cloudfront.net\/4\/2019\/05\/kalnica-19-300x200.webp 300w, https:\/\/d2p6e6u75xmxt8.cloudfront.net\/4\/2019\/05\/kalnica-19-1024x683.webp 1024w, https:\/\/d2p6e6u75xmxt8.cloudfront.net\/4\/2019\/05\/kalnica-19-768x512.webp 768w, https:\/\/d2p6e6u75xmxt8.cloudfront.net\/4\/2019\/05\/kalnica-19-272x182.webp 272w\" sizes=\"auto, (max-width: 1200px) 100vw, 1200px\" \/><\/a>\n\t\t\t<\/div><\/figure><figure class='gallery-item'>\n\t\t\t<div class='gallery-icon landscape'>\n\t\t\t\t<a href='https:\/\/d2p6e6u75xmxt8.cloudfront.net\/4\/2019\/05\/kalnica-20.webp'><img loading=\"lazy\" decoding=\"async\" width=\"1200\" height=\"800\" src=\"https:\/\/d2p6e6u75xmxt8.cloudfront.net\/4\/2019\/05\/kalnica-20.webp\" class=\"attachment-full size-full\" alt=\"\" srcset=\"https:\/\/d2p6e6u75xmxt8.cloudfront.net\/4\/2019\/05\/kalnica-20.webp 1200w, https:\/\/d2p6e6u75xmxt8.cloudfront.net\/4\/2019\/05\/kalnica-20-300x200.webp 300w, https:\/\/d2p6e6u75xmxt8.cloudfront.net\/4\/2019\/05\/kalnica-20-1024x683.webp 1024w, https:\/\/d2p6e6u75xmxt8.cloudfront.net\/4\/2019\/05\/kalnica-20-768x512.webp 768w, https:\/\/d2p6e6u75xmxt8.cloudfront.net\/4\/2019\/05\/kalnica-20-272x182.webp 272w\" sizes=\"auto, (max-width: 1200px) 100vw, 1200px\" \/><\/a>\n\t\t\t<\/div><\/figure><figure class='gallery-item'>\n\t\t\t<div class='gallery-icon landscape'>\n\t\t\t\t<a href='https:\/\/d2p6e6u75xmxt8.cloudfront.net\/4\/2019\/05\/kalnica-21.webp'><img loading=\"lazy\" decoding=\"async\" width=\"1200\" height=\"800\" src=\"https:\/\/d2p6e6u75xmxt8.cloudfront.net\/4\/2019\/05\/kalnica-21.webp\" class=\"attachment-full size-full\" alt=\"\" srcset=\"https:\/\/d2p6e6u75xmxt8.cloudfront.net\/4\/2019\/05\/kalnica-21.webp 1200w, https:\/\/d2p6e6u75xmxt8.cloudfront.net\/4\/2019\/05\/kalnica-21-300x200.webp 300w, https:\/\/d2p6e6u75xmxt8.cloudfront.net\/4\/2019\/05\/kalnica-21-1024x683.webp 1024w, https:\/\/d2p6e6u75xmxt8.cloudfront.net\/4\/2019\/05\/kalnica-21-768x512.webp 768w, https:\/\/d2p6e6u75xmxt8.cloudfront.net\/4\/2019\/05\/kalnica-21-272x182.webp 272w\" sizes=\"auto, (max-width: 1200px) 100vw, 1200px\" \/><\/a>\n\t\t\t<\/div><\/figure><figure class='gallery-item'>\n\t\t\t<div class='gallery-icon landscape'>\n\t\t\t\t<a href='https:\/\/d2p6e6u75xmxt8.cloudfront.net\/4\/2019\/05\/kalnica-22.webp'><img loading=\"lazy\" decoding=\"async\" width=\"1200\" height=\"800\" src=\"https:\/\/d2p6e6u75xmxt8.cloudfront.net\/4\/2019\/05\/kalnica-22.webp\" class=\"attachment-full size-full\" alt=\"\" srcset=\"https:\/\/d2p6e6u75xmxt8.cloudfront.net\/4\/2019\/05\/kalnica-22.webp 1200w, https:\/\/d2p6e6u75xmxt8.cloudfront.net\/4\/2019\/05\/kalnica-22-300x200.webp 300w, https:\/\/d2p6e6u75xmxt8.cloudfront.net\/4\/2019\/05\/kalnica-22-1024x683.webp 1024w, https:\/\/d2p6e6u75xmxt8.cloudfront.net\/4\/2019\/05\/kalnica-22-768x512.webp 768w, https:\/\/d2p6e6u75xmxt8.cloudfront.net\/4\/2019\/05\/kalnica-22-272x182.webp 272w\" sizes=\"auto, (max-width: 1200px) 100vw, 1200px\" \/><\/a>\n\t\t\t<\/div><\/figure>\n\t\t<\/div>\n        \n<p><em>Viac fotiek po rozkliknut\u00ed<\/em><\/p>\n<p>(autori fotografi\u00ed: Filip Nagy, Sl\u00e1vka Jarinov\u00e1, Ren\u00e9 Bolega, Zuzana Osvaldov\u00e1)<\/p>\n","protected":false},"excerpt":{"rendered":"<p>Uplynul\u00fd v\u00edkend 24.-26.5. sa v K\u00e1lnici konal u\u017e deviaty ro\u010dn\u00edk Birell BikeFest-u. Pr\u00edjemn\u00e9 slne\u010dn\u00e9 po\u010dasie a \u0161irok\u00e1 \u0161k\u00e1la r\u00f4znych podujat\u00ed [&hellip;]<\/p>\n","protected":false},"author":38,"featured_media":7314,"comment_status":"open","ping_status":"open","sticky":false,"template":"","format":"standard","meta":{"footnotes":""},"categories":[34],"tags":[965,966,969,702,896,705,643,721,180,967,970,178,412,179,968,474,849,641],"global-categories":[],"class_list":["post-7290","post","type-post","status-publish","format-standard","has-post-thumbnail","hentry","category-podujatia","tag-bikefest","tag-bikefest-kalnica","tag-cross-country","tag-eliminator","tag-enduro","tag-enduro-world-series","tag-freeride","tag-freestyle","tag-horska-cyklistika","tag-kalnica","tag-kellys-bikefest-maraton","tag-maraton","tag-mtb","tag-preteky","tag-pumptrack","tag-rodinny-maraton","tag-slopestyle","tag-xc"],"yoast_head":"<!-- This site is optimized with the Yoast SEO Premium plugin v25.3 (Yoast SEO v25.9) - https:\/\/yoast.com\/wordpress\/plugins\/seo\/ -->\n<title>Report\u00e1\u017e: Birell BikeFest K\u00e1lnica \u2013 deviaty ro\u010dn\u00edk je u\u017e za nami - \u0160koda We Love Cycling Slovensko<\/title>\n<meta name=\"robots\" content=\"index, follow, max-snippet:-1, max-image-preview:large, max-video-preview:-1\" \/>\n<link rel=\"canonical\" href=\"https:\/\/www.welovecycling.com\/sk\/2019\/06\/02\/reportaz-birell-bikefest-kalnica-deviaty-rocnik-je-uz-za-nami\/\" \/>\n<meta property=\"og:locale\" content=\"sk_SK\" \/>\n<meta property=\"og:type\" content=\"article\" \/>\n<meta property=\"og:title\" content=\"Report\u00e1\u017e: Birell BikeFest K\u00e1lnica \u2013 deviaty ro\u010dn\u00edk je u\u017e za nami\" \/>\n<meta property=\"og:description\" content=\"Uplynul\u00fd v\u00edkend 24.-26.5. sa v K\u00e1lnici konal u\u017e deviaty ro\u010dn\u00edk Birell BikeFest-u. Pr\u00edjemn\u00e9 slne\u010dn\u00e9 po\u010dasie a \u0161irok\u00e1 \u0161k\u00e1la r\u00f4znych podujat\u00ed [&hellip;]\" \/>\n<meta property=\"og:url\" content=\"https:\/\/www.welovecycling.com\/sk\/2019\/06\/02\/reportaz-birell-bikefest-kalnica-deviaty-rocnik-je-uz-za-nami\/\" \/>\n<meta property=\"og:site_name\" content=\"\u0160koda We Love Cycling Slovensko\" \/>\n<meta property=\"article:published_time\" content=\"2019-06-02T06:15:20+00:00\" \/>\n<meta property=\"article:modified_time\" content=\"2019-06-03T07:54:15+00:00\" \/>\n<meta property=\"og:image\" content=\"https:\/\/d2p6e6u75xmxt8.cloudfront.net\/4\/2019\/05\/titulka-6.webp\" \/>\n\t<meta property=\"og:image:width\" content=\"1380\" \/>\n\t<meta property=\"og:image:height\" content=\"600\" \/>\n\t<meta property=\"og:image:type\" content=\"image\/webp\" \/>\n<meta name=\"author\" content=\"Ondrej Ga\u0161par\" \/>\n<meta name=\"twitter:card\" content=\"summary_large_image\" \/>\n<meta name=\"twitter:label1\" content=\"Written by\" \/>\n\t<meta name=\"twitter:data1\" content=\"We Love Cycling\" \/>\n\t<meta name=\"twitter:label2\" content=\"Est. reading time\" \/>\n\t<meta name=\"twitter:data2\" content=\"7\" \/>\n<script type=\"application\/ld+json\" class=\"yoast-schema-graph\">{\"@context\":\"https:\/\/schema.org\",\"@graph\":[{\"@type\":\"WebPage\",\"@id\":\"https:\/\/www.welovecycling.com\/sk\/2019\/06\/02\/reportaz-birell-bikefest-kalnica-deviaty-rocnik-je-uz-za-nami\/\",\"url\":\"https:\/\/www.welovecycling.com\/sk\/2019\/06\/02\/reportaz-birell-bikefest-kalnica-deviaty-rocnik-je-uz-za-nami\/\",\"name\":\"Report\u00e1\u017e: Birell BikeFest K\u00e1lnica \u2013 deviaty ro\u010dn\u00edk je u\u017e za nami - \u0160koda We Love Cycling Slovensko\",\"isPartOf\":{\"@id\":\"https:\/\/www.welovecycling.com\/sk\/#website\"},\"primaryImageOfPage\":{\"@id\":\"https:\/\/www.welovecycling.com\/sk\/2019\/06\/02\/reportaz-birell-bikefest-kalnica-deviaty-rocnik-je-uz-za-nami\/#primaryimage\"},\"image\":{\"@id\":\"https:\/\/www.welovecycling.com\/sk\/2019\/06\/02\/reportaz-birell-bikefest-kalnica-deviaty-rocnik-je-uz-za-nami\/#primaryimage\"},\"thumbnailUrl\":\"https:\/\/d2p6e6u75xmxt8.cloudfront.net\/4\/2019\/05\/titulka-6.webp\",\"datePublished\":\"2019-06-02T06:15:20+00:00\",\"dateModified\":\"2019-06-03T07:54:15+00:00\",\"author\":{\"@id\":\"https:\/\/www.welovecycling.com\/sk\/#\/schema\/person\/8ee09ba39b7e25b1870160aa5b3a89bc\"},\"breadcrumb\":{\"@id\":\"https:\/\/www.welovecycling.com\/sk\/2019\/06\/02\/reportaz-birell-bikefest-kalnica-deviaty-rocnik-je-uz-za-nami\/#breadcrumb\"},\"inLanguage\":\"sk-SK\",\"potentialAction\":[{\"@type\":\"ReadAction\",\"target\":[\"https:\/\/www.welovecycling.com\/sk\/2019\/06\/02\/reportaz-birell-bikefest-kalnica-deviaty-rocnik-je-uz-za-nami\/\"]}]},{\"@type\":\"ImageObject\",\"inLanguage\":\"sk-SK\",\"@id\":\"https:\/\/www.welovecycling.com\/sk\/2019\/06\/02\/reportaz-birell-bikefest-kalnica-deviaty-rocnik-je-uz-za-nami\/#primaryimage\",\"url\":\"https:\/\/d2p6e6u75xmxt8.cloudfront.net\/4\/2019\/05\/titulka-6.webp\",\"contentUrl\":\"https:\/\/d2p6e6u75xmxt8.cloudfront.net\/4\/2019\/05\/titulka-6.webp\",\"width\":1380,\"height\":600},{\"@type\":\"BreadcrumbList\",\"@id\":\"https:\/\/www.welovecycling.com\/sk\/2019\/06\/02\/reportaz-birell-bikefest-kalnica-deviaty-rocnik-je-uz-za-nami\/#breadcrumb\",\"itemListElement\":[{\"@type\":\"ListItem\",\"position\":1,\"name\":\"Home\",\"item\":\"https:\/\/www.welovecycling.com\/sk\/\"},{\"@type\":\"ListItem\",\"position\":2,\"name\":\"Report\u00e1\u017e: Birell BikeFest K\u00e1lnica \u2013 deviaty ro\u010dn\u00edk je u\u017e za nami\"}]},{\"@type\":\"WebSite\",\"@id\":\"https:\/\/www.welovecycling.com\/sk\/#website\",\"url\":\"https:\/\/www.welovecycling.com\/sk\/\",\"name\":\"\u0160koda We Love Cycling Slovensko\",\"description\":\"\u0160koda We Love Cycling Slovensko je v\u00e1\u0161 ka\u017edodenn\u00fd zdroj noviniek a in\u0161pir\u00e1cie z sveta cyklistiky\",\"potentialAction\":[{\"@type\":\"SearchAction\",\"target\":{\"@type\":\"EntryPoint\",\"urlTemplate\":\"https:\/\/www.welovecycling.com\/sk\/?s={search_term_string}\"},\"query-input\":{\"@type\":\"PropertyValueSpecification\",\"valueRequired\":true,\"valueName\":\"search_term_string\"}}],\"inLanguage\":\"sk-SK\"},{\"@type\":\"Person\",\"@id\":\"https:\/\/www.welovecycling.com\/sk\/#\/schema\/person\/8ee09ba39b7e25b1870160aa5b3a89bc\",\"name\":\"Ondrej Ga\u0161par\",\"image\":{\"@type\":\"ImageObject\",\"inLanguage\":\"sk-SK\",\"@id\":\"https:\/\/www.welovecycling.com\/sk\/#\/schema\/person\/image\/\",\"url\":\"https:\/\/secure.gravatar.com\/avatar\/6126c9afb87b70da5abbb083ddbb21933da15f18f8ca7cb822aba0fb096a48f6?s=96&d=mm&r=g\",\"contentUrl\":\"https:\/\/secure.gravatar.com\/avatar\/6126c9afb87b70da5abbb083ddbb21933da15f18f8ca7cb822aba0fb096a48f6?s=96&d=mm&r=g\",\"caption\":\"Ondrej Ga\u0161par\"},\"url\":\"https:\/\/www.welovecycling.com\/sk\/author\/ondrejgaspar\/\"}]}<\/script>\n<!-- \/ Yoast SEO Premium plugin. -->","yoast_head_json":{"title":"Report\u00e1\u017e: Birell BikeFest K\u00e1lnica \u2013 deviaty ro\u010dn\u00edk je u\u017e za nami - \u0160koda We Love Cycling Slovensko","robots":{"index":"index","follow":"follow","max-snippet":"max-snippet:-1","max-image-preview":"max-image-preview:large","max-video-preview":"max-video-preview:-1"},"canonical":"https:\/\/www.welovecycling.com\/sk\/2019\/06\/02\/reportaz-birell-bikefest-kalnica-deviaty-rocnik-je-uz-za-nami\/","og_locale":"sk_SK","og_type":"article","og_title":"Report\u00e1\u017e: Birell BikeFest K\u00e1lnica \u2013 deviaty ro\u010dn\u00edk je u\u017e za nami","og_description":"Uplynul\u00fd v\u00edkend 24.-26.5. sa v K\u00e1lnici konal u\u017e deviaty ro\u010dn\u00edk Birell BikeFest-u. Pr\u00edjemn\u00e9 slne\u010dn\u00e9 po\u010dasie a \u0161irok\u00e1 \u0161k\u00e1la r\u00f4znych podujat\u00ed [&hellip;]","og_url":"https:\/\/www.welovecycling.com\/sk\/2019\/06\/02\/reportaz-birell-bikefest-kalnica-deviaty-rocnik-je-uz-za-nami\/","og_site_name":"\u0160koda We Love Cycling Slovensko","article_published_time":"2019-06-02T06:15:20+00:00","article_modified_time":"2019-06-03T07:54:15+00:00","og_image":[{"width":1380,"height":600,"url":"https:\/\/d2p6e6u75xmxt8.cloudfront.net\/4\/2019\/05\/titulka-6.webp","type":"image\/webp"}],"author":"Ondrej Ga\u0161par","twitter_card":"summary_large_image","twitter_misc":{"Written by":"We Love Cycling","Est. reading time":"7"},"schema":{"@context":"https:\/\/schema.org","@graph":[{"@type":"WebPage","@id":"https:\/\/www.welovecycling.com\/sk\/2019\/06\/02\/reportaz-birell-bikefest-kalnica-deviaty-rocnik-je-uz-za-nami\/","url":"https:\/\/www.welovecycling.com\/sk\/2019\/06\/02\/reportaz-birell-bikefest-kalnica-deviaty-rocnik-je-uz-za-nami\/","name":"Report\u00e1\u017e: Birell BikeFest K\u00e1lnica \u2013 deviaty ro\u010dn\u00edk je u\u017e za nami - \u0160koda We Love Cycling Slovensko","isPartOf":{"@id":"https:\/\/www.welovecycling.com\/sk\/#website"},"primaryImageOfPage":{"@id":"https:\/\/www.welovecycling.com\/sk\/2019\/06\/02\/reportaz-birell-bikefest-kalnica-deviaty-rocnik-je-uz-za-nami\/#primaryimage"},"image":{"@id":"https:\/\/www.welovecycling.com\/sk\/2019\/06\/02\/reportaz-birell-bikefest-kalnica-deviaty-rocnik-je-uz-za-nami\/#primaryimage"},"thumbnailUrl":"https:\/\/d2p6e6u75xmxt8.cloudfront.net\/4\/2019\/05\/titulka-6.webp","datePublished":"2019-06-02T06:15:20+00:00","dateModified":"2019-06-03T07:54:15+00:00","author":{"@id":"https:\/\/www.welovecycling.com\/sk\/#\/schema\/person\/8ee09ba39b7e25b1870160aa5b3a89bc"},"breadcrumb":{"@id":"https:\/\/www.welovecycling.com\/sk\/2019\/06\/02\/reportaz-birell-bikefest-kalnica-deviaty-rocnik-je-uz-za-nami\/#breadcrumb"},"inLanguage":"sk-SK","potentialAction":[{"@type":"ReadAction","target":["https:\/\/www.welovecycling.com\/sk\/2019\/06\/02\/reportaz-birell-bikefest-kalnica-deviaty-rocnik-je-uz-za-nami\/"]}]},{"@type":"ImageObject","inLanguage":"sk-SK","@id":"https:\/\/www.welovecycling.com\/sk\/2019\/06\/02\/reportaz-birell-bikefest-kalnica-deviaty-rocnik-je-uz-za-nami\/#primaryimage","url":"https:\/\/d2p6e6u75xmxt8.cloudfront.net\/4\/2019\/05\/titulka-6.webp","contentUrl":"https:\/\/d2p6e6u75xmxt8.cloudfront.net\/4\/2019\/05\/titulka-6.webp","width":1380,"height":600},{"@type":"BreadcrumbList","@id":"https:\/\/www.welovecycling.com\/sk\/2019\/06\/02\/reportaz-birell-bikefest-kalnica-deviaty-rocnik-je-uz-za-nami\/#breadcrumb","itemListElement":[{"@type":"ListItem","position":1,"name":"Home","item":"https:\/\/www.welovecycling.com\/sk\/"},{"@type":"ListItem","position":2,"name":"Report\u00e1\u017e: Birell BikeFest K\u00e1lnica \u2013 deviaty ro\u010dn\u00edk je u\u017e za nami"}]},{"@type":"WebSite","@id":"https:\/\/www.welovecycling.com\/sk\/#website","url":"https:\/\/www.welovecycling.com\/sk\/","name":"\u0160koda We Love Cycling Slovensko","description":"\u0160koda We Love Cycling Slovensko je v\u00e1\u0161 ka\u017edodenn\u00fd zdroj noviniek a in\u0161pir\u00e1cie z sveta cyklistiky","potentialAction":[{"@type":"SearchAction","target":{"@type":"EntryPoint","urlTemplate":"https:\/\/www.welovecycling.com\/sk\/?s={search_term_string}"},"query-input":{"@type":"PropertyValueSpecification","valueRequired":true,"valueName":"search_term_string"}}],"inLanguage":"sk-SK"},{"@type":"Person","@id":"https:\/\/www.welovecycling.com\/sk\/#\/schema\/person\/8ee09ba39b7e25b1870160aa5b3a89bc","name":"Ondrej Ga\u0161par","image":{"@type":"ImageObject","inLanguage":"sk-SK","@id":"https:\/\/www.welovecycling.com\/sk\/#\/schema\/person\/image\/","url":"https:\/\/secure.gravatar.com\/avatar\/6126c9afb87b70da5abbb083ddbb21933da15f18f8ca7cb822aba0fb096a48f6?s=96&d=mm&r=g","contentUrl":"https:\/\/secure.gravatar.com\/avatar\/6126c9afb87b70da5abbb083ddbb21933da15f18f8ca7cb822aba0fb096a48f6?s=96&d=mm&r=g","caption":"Ondrej Ga\u0161par"},"url":"https:\/\/www.welovecycling.com\/sk\/author\/ondrejgaspar\/"}]}},"_links":{"self":[{"href":"https:\/\/www.welovecycling.com\/sk\/wp-json\/wp\/v2\/posts\/7290","targetHints":{"allow":["GET"]}}],"collection":[{"href":"https:\/\/www.welovecycling.com\/sk\/wp-json\/wp\/v2\/posts"}],"about":[{"href":"https:\/\/www.welovecycling.com\/sk\/wp-json\/wp\/v2\/types\/post"}],"author":[{"embeddable":true,"href":"https:\/\/www.welovecycling.com\/sk\/wp-json\/wp\/v2\/users\/38"}],"replies":[{"embeddable":true,"href":"https:\/\/www.welovecycling.com\/sk\/wp-json\/wp\/v2\/comments?post=7290"}],"version-history":[{"count":2,"href":"https:\/\/www.welovecycling.com\/sk\/wp-json\/wp\/v2\/posts\/7290\/revisions"}],"predecessor-version":[{"id":7329,"href":"https:\/\/www.welovecycling.com\/sk\/wp-json\/wp\/v2\/posts\/7290\/revisions\/7329"}],"wp:featuredmedia":[{"embeddable":true,"href":"https:\/\/www.welovecycling.com\/sk\/wp-json\/wp\/v2\/media\/7314"}],"wp:attachment":[{"href":"https:\/\/www.welovecycling.com\/sk\/wp-json\/wp\/v2\/media?parent=7290"}],"wp:term":[{"taxonomy":"category","embeddable":true,"href":"https:\/\/www.welovecycling.com\/sk\/wp-json\/wp\/v2\/categories?post=7290"},{"taxonomy":"post_tag","embeddable":true,"href":"https:\/\/www.welovecycling.com\/sk\/wp-json\/wp\/v2\/tags?post=7290"},{"taxonomy":"global-categories","embeddable":true,"href":"https:\/\/www.welovecycling.com\/sk\/wp-json\/wp\/v2\/global-categories?post=7290"}],"curies":[{"name":"wp","href":"https:\/\/api.w.org\/{rel}","templated":true}]}}