{"id":7271,"date":"2019-05-31T10:26:42","date_gmt":"2019-05-31T08:26:42","guid":{"rendered":"https:\/\/www.welovecycling.com\/sk\/?p=7271"},"modified":"2019-05-31T15:43:47","modified_gmt":"2019-05-31T13:43:47","slug":"pozvanka-skoda-mtb-maraton-rajecke-teplice-lucanska-mala-fatra-a-poriadne-rychle-zjazdy","status":"publish","type":"post","link":"https:\/\/www.welovecycling.com\/sk\/2019\/05\/31\/pozvanka-skoda-mtb-maraton-rajecke-teplice-lucanska-mala-fatra-a-poriadne-rychle-zjazdy\/","title":{"rendered":"Pozv\u00e1nka: \u0160koda MTB marat\u00f3n Rajeck\u00e9 Teplice \u2013 L\u00fa\u010dansk\u00e1 Mal\u00e1 Fatra a poriadne r\u00fdchle zjazdy"},"content":{"rendered":"<p><strong>Predposledn\u00fd diel s\u00e9rie \u0160koda BIKE OPEN TOUR pre tento rok sa kon\u00e1 15. j\u00fana 2019 v Rajeck\u00fdch Tepliciach. S\u00fa\u0165a\u017en\u00fd MTB marat\u00f3n m\u00e1 napl\u00e1novan\u00fa trasu prostred\u00edm Rajeckej doliny a pohor\u00edm L\u00fa\u010danskej Malej Fatry a z\u00e1rove\u0148 bude aj prv\u00fdm ro\u010dn\u00edkom Majstrovstiev Slovenska vysok\u00fdch \u0161k\u00f4l.<\/strong><!--more--><\/p>\n<p>Ak ste sa u\u017e v minulosti z\u00fa\u010dastnili Fatransk\u00e9ho marat\u00f3nu, tak viete, \u017ee sa <strong>m\u00f4\u017eete te\u0161i\u0165 na poriadne kopce, ktor\u00e9 v\u00e1m daj\u00fa zabra\u0165<\/strong>. Za\u0161portova\u0165 si bud\u00fa m\u00f4c\u0165 va\u0161e deti, ale aj cyklisti vo v\u0161etk\u00fdch kateg\u00f3ri\u00e1ch, ktor\u00fdch je dokopy 26 a niektor\u00e9 z nich sa daj\u00fa absolvova\u0165 napr\u00edklad aj na e-biku.<\/p>\n<h2><strong>\u0160koda Family &#8211; sta\u0148 sa skuto\u010dn\u00fdm pretek\u00e1rom<\/strong><\/h2>\n<p>V\u0161etky \u010dasti s\u00e9rie \u0160koda BIKE OPEN TOUR poskytuj\u00fa rodin\u00e1m mo\u017enos\u0165 si zas\u00fa\u0165a\u017ei\u0165 v novej kateg\u00f3rii \u0160koda Family. Tvor\u00ed ju <strong>dvojica dospelej osoby a die\u0165a\u0165a vo veku 8-14 rokov<\/strong>, ktor\u00ed \u0161tartuj\u00fa spolu. V Rajeck\u00fdch Tepliciach na nich \u010dak\u00e1 tra\u0165 s d\u013a\u017ekou 18,5 km, ktor\u00e1 prever\u00ed ich zdatnos\u0165 a prinesie kopec z\u00e1bavy.<\/p>\n<p><a href=\"https:\/\/d2p6e6u75xmxt8.cloudfront.net\/4\/2019\/05\/01-3.jpg\"><img loading=\"lazy\" decoding=\"async\" src=\"https:\/\/d2p6e6u75xmxt8.cloudfront.net\/4\/2019\/05\/01-3.jpg\" alt=\"\" width=\"1200\" height=\"800\" class=\"alignnone size-full wp-image-7280\" \/><\/a><\/p>\n<p>Trate v bl\u00edzkosti k\u00fape\u013en\u00e9ho mesta pon\u00fakaj\u00fa profil, kde sa nebudete nudi\u0165 a poriadne si pritom d\u00e1te do tela. <strong>Najdlh\u0161ia verzia<\/strong> m\u00e1 celkovo <strong>80 kilometrov a prev\u00fd\u0161enie okolo 2 300 metrov<\/strong>. Po\u010det nast\u00fapan\u00fdch v\u00fd\u0161kov\u00fdch metrov sa zastavil na \u00factyhodnej \u00farovni a t\u00ed, ktor\u00ed miluj\u00fa kopce a hornat\u00e9 profily, nemaj\u00fa nad \u010d\u00edm uva\u017eova\u0165. <strong>\u201ePolovi\u010dn\u00e1\u201c tra\u0165 m\u00e1 50 kilometrov a prev\u00fd\u0161enie 1 390 metrov<\/strong>. <strong>Pre hob\u00edkov je tu verzia s 18,5 kilometrami a prev\u00fd\u0161en\u00edm mierne nad 400 metrov<\/strong>. Tak \u010do, vybrali ste si si ten spr\u00e1vny variant?<\/p>\n<p><a href=\"https:\/\/d2p6e6u75xmxt8.cloudfront.net\/4\/2019\/05\/02-3.jpg\"><img loading=\"lazy\" decoding=\"async\" src=\"https:\/\/d2p6e6u75xmxt8.cloudfront.net\/4\/2019\/05\/02-3.jpg\" alt=\"\" width=\"1200\" height=\"800\" class=\"alignnone size-full wp-image-7277\" \/><\/a><\/p>\n<h2><strong>Hr\u00e1me o auto, ktor\u00e9 v\u00e1m zostane<\/strong><\/h2>\n<p>Vecn\u00e9 ceny z\u00edskava ka\u017ed\u00fd, kto sa postav\u00ed na \u201ebed\u0148u\u201c vo svojej kateg\u00f3rii a navy\u0161e sa po skon\u010den\u00ed podujatia \u017erebuj\u00fa \u010fal\u0161\u00ed v\u00fdhercovia tomboly. Od gener\u00e1lneho partnera \u0160koda sa m\u00f4\u017eete te\u0161i\u0165 na <strong>pouk\u00e1\u017eky do \u0160koda eshop-u a prvou cenou je cestn\u00fd bicykel<\/strong> tejto zna\u010dky. V\u00ed\u0165azne z tohto d\u0148a vyjde aj na\u0161a pr\u00edroda, a to v\u010faka tomu, \u017ee tento rok sme stavili na recyklovate\u013en\u00e9 materi\u00e1ly. Ak ste sa okrem tohto marat\u00f3nu z\u00fa\u010dastnili aj \u010fal\u0161\u00edch troch zo s\u00e9rie \u0160koda BIKE OPEN TOUR, tak ste zaraden\u00ed do hry o <strong>hlavn\u00fa cenu<\/strong>. Je \u0148ou automobil <strong>\u0160koda FABIA COMBI<\/strong> do osobn\u00e9ho vlastn\u00edctva. Pravidl\u00e1 s\u00fa\u0165a\u017ee n\u00e1jdete na <a href=\"http:\/\/www.skoda-auto.sk\/o-nas\/sutaze\" rel=\"noopener\" target=\"_blank\">tomto odkaze<\/a>.<\/p>\n<p><a href=\"https:\/\/d2p6e6u75xmxt8.cloudfront.net\/4\/2019\/05\/fabia.png\"><img loading=\"lazy\" decoding=\"async\" src=\"https:\/\/d2p6e6u75xmxt8.cloudfront.net\/4\/2019\/05\/fabia.png\" alt=\"\" width=\"869\" height=\"461\" class=\"alignnone size-full wp-image-7274\" \/><\/a><\/p>\n<h2><strong>Ve\u013ea z\u00e1bavy<\/strong><\/h2>\n<p>Aj Rajeck\u00e9 Teplice sa m\u00f4\u017eu te\u0161i\u0165 na <strong>pestr\u00fd sprievodn\u00fd program<\/strong>, v\u010faka ktor\u00e9mu sa nebud\u00fa nudi\u0165 ani \u010dlenovia rodiny, ktor\u00ed pr\u00eddu podpori\u0165 svojho pretek\u00e1ra. Pre deti \u010dak\u00e1 mno\u017estvo atrakci\u00ed, \u010di u\u017e v podobe ve\u013ek\u00e9ho z\u00e1\u017eitku z ma\u013eovania na automobil \u0160koda KAROQ (ve\u010f toto si doma deti nevysk\u00fa\u0161aj\u00fa \ud83d\ude42 ) alebo \u010fal\u0161\u00edch atrakci\u00ed vo fun z\u00f3ne. &#8222;Popretekov\u00fd relax&#8220; si u\u017eij\u00fa naplno aj bikeri, preto\u017ee o ich bicykle sa postar\u00e1 str\u00e1\u017een\u00e1 \u00faschov\u0148a.<\/p>\n<div data-rows=\"1\" id='gallery-1' class='gallery-rows-1 gallery galleryid-7271 gallery-columns-2 gallery-size-full'><figure class='gallery-item'>\n\t\t\t<div class='gallery-icon landscape'>\n\t\t\t\t<a href='https:\/\/d2p6e6u75xmxt8.cloudfront.net\/4\/2019\/05\/IMG_5276.webp'><img loading=\"lazy\" decoding=\"async\" width=\"1200\" height=\"800\" src=\"https:\/\/d2p6e6u75xmxt8.cloudfront.net\/4\/2019\/05\/IMG_5276.webp\" class=\"attachment-full size-full\" alt=\"\" srcset=\"https:\/\/d2p6e6u75xmxt8.cloudfront.net\/4\/2019\/05\/IMG_5276.webp 1200w, https:\/\/d2p6e6u75xmxt8.cloudfront.net\/4\/2019\/05\/IMG_5276-300x200.webp 300w, https:\/\/d2p6e6u75xmxt8.cloudfront.net\/4\/2019\/05\/IMG_5276-1024x683.webp 1024w, https:\/\/d2p6e6u75xmxt8.cloudfront.net\/4\/2019\/05\/IMG_5276-768x512.webp 768w, https:\/\/d2p6e6u75xmxt8.cloudfront.net\/4\/2019\/05\/IMG_5276-272x182.webp 272w\" sizes=\"auto, (max-width: 1200px) 100vw, 1200px\" \/><\/a>\n\t\t\t<\/div><\/figure><figure class='gallery-item'>\n\t\t\t<div class='gallery-icon landscape'>\n\t\t\t\t<a href='https:\/\/d2p6e6u75xmxt8.cloudfront.net\/4\/2019\/05\/03-3.webp'><img loading=\"lazy\" decoding=\"async\" width=\"1200\" height=\"800\" src=\"https:\/\/d2p6e6u75xmxt8.cloudfront.net\/4\/2019\/05\/03-3.webp\" class=\"attachment-full size-full\" alt=\"\" srcset=\"https:\/\/d2p6e6u75xmxt8.cloudfront.net\/4\/2019\/05\/03-3.webp 1200w, https:\/\/d2p6e6u75xmxt8.cloudfront.net\/4\/2019\/05\/03-3-300x200.webp 300w, https:\/\/d2p6e6u75xmxt8.cloudfront.net\/4\/2019\/05\/03-3-1024x683.webp 1024w, https:\/\/d2p6e6u75xmxt8.cloudfront.net\/4\/2019\/05\/03-3-768x512.webp 768w, https:\/\/d2p6e6u75xmxt8.cloudfront.net\/4\/2019\/05\/03-3-272x182.webp 272w\" sizes=\"auto, (max-width: 1200px) 100vw, 1200px\" \/><\/a>\n\t\t\t<\/div><\/figure>\n\t\t<\/div>\n        \n<h2><strong>\u010co s na\u010dat\u00fdm v\u00edkendom?<\/strong><\/h2>\n<p>A \u010do padne vhod po takomto marat\u00f3nskom z\u00e1\u017eitku? M\u00e1me jeden n\u00e1vrh. Rezervujte si cel\u00fd v\u00edkend a v nede\u013eu nav\u0161t\u00edvte aj \u010fal\u0161ie miesta, ktor\u00e9 n\u00e1jdete v okol\u00ed. Bublinky, lie\u010div\u00e1 voda, mas\u00e1\u017ee, SPA, kr\u00e1sne priestory a hotely aj pre t\u00fdch najn\u00e1ro\u010dnej\u0161\u00edch pon\u00fakaj\u00fa <strong>K\u00fapele Rajeck\u00e9 Teplice<\/strong>. Ve\u010f kto by nechcel dobr\u00fa mas\u00e1\u017e \u010di relaxa\u010dn\u00fd baz\u00e9n po 80 kilometroch v noh\u00e1ch a viac ako 2 300 nast\u00fapan\u00fdch v\u00fd\u0161kov\u00fdch metroch? Tak si teda zarezervujete cel\u00fd v\u00edkend 15. a 16. j\u00fana a bu\u010fte s\u00fa\u010das\u0165ou \u0160koda MTB marat\u00f3nu Rajeck\u00e9 Teplice a nede\u013eu venujte \u010fal\u0161\u00edm mo\u017enostiam tr\u00e1venia vo\u013en\u00e9ho \u010dasu v tomto regi\u00f3ne na \u010dele so zn\u00e1mymi k\u00fape\u013emi.<\/p>\n<p>Viac inform\u00e1ci\u00ed, propoz\u00edcie a prihlasovanie prostredn\u00edctvom online formul\u00e1ra n\u00e1jdete na <a href=\"https:\/\/www.bikepoint.sk\/maraton\/zakladne-informacie\/\" rel=\"noopener\" target=\"_blank\">str\u00e1nke marat\u00f3nu<\/a>. Nev\u00e1hajte ani chv\u00ed\u013eku a prihl\u00e1ste sa \u010do najsk\u00f4r, ke\u010f\u017ee <strong>po\u010det \u00fa\u010dastn\u00edkov je limitovan\u00fd \u010d\u00edslom 800<\/strong>. V\u0161etko o s\u00e9ri\u00ed  \u0160koda BIKE OPEN TOUR je k dispoz\u00edci\u00ed na <a href=\"https:\/\/www.welovecycling.com\/sk\/sbot\/\" rel=\"noopener\" target=\"_blank\">tomto odkaze<\/a>.<\/p>\n","protected":false},"excerpt":{"rendered":"<p>Predposledn\u00fd diel s\u00e9rie \u0160koda BIKE OPEN TOUR pre tento rok sa kon\u00e1 15. j\u00fana 2019 v Rajeck\u00fdch Tepliciach. S\u00fa\u0165a\u017en\u00fd MTB [&hellip;]<\/p>\n","protected":false},"author":38,"featured_media":7281,"comment_status":"open","ping_status":"open","sticky":false,"template":"","format":"standard","meta":{"footnotes":""},"categories":[33],"tags":[964,180,41,178,412,179,474,542,562,35,77,963,468,860,92],"global-categories":[],"class_list":["post-7271","post","type-post","status-publish","format-standard","has-post-thumbnail","hentry","category-sbot","tag-family","tag-horska-cyklistika","tag-kratka-trat","tag-maraton","tag-mtb","tag-preteky","tag-rodinny-maraton","tag-skoda","tag-skoda-bicykel","tag-sbot","tag-skoda-dedina","tag-skoda-fabia","tag-skoda-karoq","tag-skoda-mtb-maraton-rajecke-teplice","tag-skoda-tim"],"yoast_head":"<!-- This site is optimized with the Yoast SEO Premium plugin v25.3 (Yoast SEO v25.9) - https:\/\/yoast.com\/wordpress\/plugins\/seo\/ -->\n<title>Pozv\u00e1nka: \u0160koda MTB marat\u00f3n Rajeck\u00e9 Teplice \u2013 L\u00fa\u010dansk\u00e1 Mal\u00e1 Fatra a poriadne r\u00fdchle zjazdy - \u0160koda We Love Cycling Slovensko<\/title>\n<meta name=\"robots\" content=\"index, follow, max-snippet:-1, max-image-preview:large, max-video-preview:-1\" \/>\n<link rel=\"canonical\" href=\"https:\/\/www.welovecycling.com\/sk\/2019\/05\/31\/pozvanka-skoda-mtb-maraton-rajecke-teplice-lucanska-mala-fatra-a-poriadne-rychle-zjazdy\/\" \/>\n<meta property=\"og:locale\" content=\"sk_SK\" \/>\n<meta property=\"og:type\" content=\"article\" \/>\n<meta property=\"og:title\" content=\"Pozv\u00e1nka: \u0160koda MTB marat\u00f3n Rajeck\u00e9 Teplice \u2013 L\u00fa\u010dansk\u00e1 Mal\u00e1 Fatra a poriadne r\u00fdchle zjazdy\" \/>\n<meta property=\"og:description\" content=\"Predposledn\u00fd diel s\u00e9rie \u0160koda BIKE OPEN TOUR pre tento rok sa kon\u00e1 15. j\u00fana 2019 v Rajeck\u00fdch Tepliciach. S\u00fa\u0165a\u017en\u00fd MTB [&hellip;]\" \/>\n<meta property=\"og:url\" content=\"https:\/\/www.welovecycling.com\/sk\/2019\/05\/31\/pozvanka-skoda-mtb-maraton-rajecke-teplice-lucanska-mala-fatra-a-poriadne-rychle-zjazdy\/\" \/>\n<meta property=\"og:site_name\" content=\"\u0160koda We Love Cycling Slovensko\" \/>\n<meta property=\"article:published_time\" content=\"2019-05-31T08:26:42+00:00\" \/>\n<meta property=\"article:modified_time\" content=\"2019-05-31T13:43:47+00:00\" \/>\n<meta property=\"og:image\" content=\"https:\/\/d2p6e6u75xmxt8.cloudfront.net\/4\/2019\/05\/titulka-5.webp\" \/>\n\t<meta property=\"og:image:width\" content=\"1380\" \/>\n\t<meta property=\"og:image:height\" content=\"600\" \/>\n\t<meta property=\"og:image:type\" content=\"image\/webp\" \/>\n<meta name=\"author\" content=\"Ondrej Ga\u0161par\" \/>\n<meta name=\"twitter:card\" content=\"summary_large_image\" \/>\n<meta name=\"twitter:label1\" content=\"Written by\" \/>\n\t<meta name=\"twitter:data1\" content=\"We Love Cycling\" \/>\n\t<meta name=\"twitter:label2\" content=\"Est. reading time\" \/>\n\t<meta name=\"twitter:data2\" content=\"4\" \/>\n<script type=\"application\/ld+json\" class=\"yoast-schema-graph\">{\"@context\":\"https:\/\/schema.org\",\"@graph\":[{\"@type\":\"WebPage\",\"@id\":\"https:\/\/www.welovecycling.com\/sk\/2019\/05\/31\/pozvanka-skoda-mtb-maraton-rajecke-teplice-lucanska-mala-fatra-a-poriadne-rychle-zjazdy\/\",\"url\":\"https:\/\/www.welovecycling.com\/sk\/2019\/05\/31\/pozvanka-skoda-mtb-maraton-rajecke-teplice-lucanska-mala-fatra-a-poriadne-rychle-zjazdy\/\",\"name\":\"Pozv\u00e1nka: \u0160koda MTB marat\u00f3n Rajeck\u00e9 Teplice \u2013 L\u00fa\u010dansk\u00e1 Mal\u00e1 Fatra a poriadne r\u00fdchle zjazdy - \u0160koda We Love Cycling Slovensko\",\"isPartOf\":{\"@id\":\"https:\/\/www.welovecycling.com\/sk\/#website\"},\"primaryImageOfPage\":{\"@id\":\"https:\/\/www.welovecycling.com\/sk\/2019\/05\/31\/pozvanka-skoda-mtb-maraton-rajecke-teplice-lucanska-mala-fatra-a-poriadne-rychle-zjazdy\/#primaryimage\"},\"image\":{\"@id\":\"https:\/\/www.welovecycling.com\/sk\/2019\/05\/31\/pozvanka-skoda-mtb-maraton-rajecke-teplice-lucanska-mala-fatra-a-poriadne-rychle-zjazdy\/#primaryimage\"},\"thumbnailUrl\":\"https:\/\/d2p6e6u75xmxt8.cloudfront.net\/4\/2019\/05\/titulka-5.webp\",\"datePublished\":\"2019-05-31T08:26:42+00:00\",\"dateModified\":\"2019-05-31T13:43:47+00:00\",\"author\":{\"@id\":\"https:\/\/www.welovecycling.com\/sk\/#\/schema\/person\/8ee09ba39b7e25b1870160aa5b3a89bc\"},\"breadcrumb\":{\"@id\":\"https:\/\/www.welovecycling.com\/sk\/2019\/05\/31\/pozvanka-skoda-mtb-maraton-rajecke-teplice-lucanska-mala-fatra-a-poriadne-rychle-zjazdy\/#breadcrumb\"},\"inLanguage\":\"sk-SK\",\"potentialAction\":[{\"@type\":\"ReadAction\",\"target\":[\"https:\/\/www.welovecycling.com\/sk\/2019\/05\/31\/pozvanka-skoda-mtb-maraton-rajecke-teplice-lucanska-mala-fatra-a-poriadne-rychle-zjazdy\/\"]}]},{\"@type\":\"ImageObject\",\"inLanguage\":\"sk-SK\",\"@id\":\"https:\/\/www.welovecycling.com\/sk\/2019\/05\/31\/pozvanka-skoda-mtb-maraton-rajecke-teplice-lucanska-mala-fatra-a-poriadne-rychle-zjazdy\/#primaryimage\",\"url\":\"https:\/\/d2p6e6u75xmxt8.cloudfront.net\/4\/2019\/05\/titulka-5.webp\",\"contentUrl\":\"https:\/\/d2p6e6u75xmxt8.cloudfront.net\/4\/2019\/05\/titulka-5.webp\",\"width\":1380,\"height\":600},{\"@type\":\"BreadcrumbList\",\"@id\":\"https:\/\/www.welovecycling.com\/sk\/2019\/05\/31\/pozvanka-skoda-mtb-maraton-rajecke-teplice-lucanska-mala-fatra-a-poriadne-rychle-zjazdy\/#breadcrumb\",\"itemListElement\":[{\"@type\":\"ListItem\",\"position\":1,\"name\":\"Home\",\"item\":\"https:\/\/www.welovecycling.com\/sk\/\"},{\"@type\":\"ListItem\",\"position\":2,\"name\":\"Pozv\u00e1nka: \u0160koda MTB marat\u00f3n Rajeck\u00e9 Teplice \u2013 L\u00fa\u010dansk\u00e1 Mal\u00e1 Fatra a poriadne r\u00fdchle zjazdy\"}]},{\"@type\":\"WebSite\",\"@id\":\"https:\/\/www.welovecycling.com\/sk\/#website\",\"url\":\"https:\/\/www.welovecycling.com\/sk\/\",\"name\":\"\u0160koda We Love Cycling Slovensko\",\"description\":\"\u0160koda We Love Cycling Slovensko je v\u00e1\u0161 ka\u017edodenn\u00fd zdroj noviniek a in\u0161pir\u00e1cie z sveta cyklistiky\",\"potentialAction\":[{\"@type\":\"SearchAction\",\"target\":{\"@type\":\"EntryPoint\",\"urlTemplate\":\"https:\/\/www.welovecycling.com\/sk\/?s={search_term_string}\"},\"query-input\":{\"@type\":\"PropertyValueSpecification\",\"valueRequired\":true,\"valueName\":\"search_term_string\"}}],\"inLanguage\":\"sk-SK\"},{\"@type\":\"Person\",\"@id\":\"https:\/\/www.welovecycling.com\/sk\/#\/schema\/person\/8ee09ba39b7e25b1870160aa5b3a89bc\",\"name\":\"Ondrej Ga\u0161par\",\"image\":{\"@type\":\"ImageObject\",\"inLanguage\":\"sk-SK\",\"@id\":\"https:\/\/www.welovecycling.com\/sk\/#\/schema\/person\/image\/\",\"url\":\"https:\/\/secure.gravatar.com\/avatar\/6126c9afb87b70da5abbb083ddbb21933da15f18f8ca7cb822aba0fb096a48f6?s=96&d=mm&r=g\",\"contentUrl\":\"https:\/\/secure.gravatar.com\/avatar\/6126c9afb87b70da5abbb083ddbb21933da15f18f8ca7cb822aba0fb096a48f6?s=96&d=mm&r=g\",\"caption\":\"Ondrej Ga\u0161par\"},\"url\":\"https:\/\/www.welovecycling.com\/sk\/author\/ondrejgaspar\/\"}]}<\/script>\n<!-- \/ Yoast SEO Premium plugin. -->","yoast_head_json":{"title":"Pozv\u00e1nka: \u0160koda MTB marat\u00f3n Rajeck\u00e9 Teplice \u2013 L\u00fa\u010dansk\u00e1 Mal\u00e1 Fatra a poriadne r\u00fdchle zjazdy - \u0160koda We Love Cycling Slovensko","robots":{"index":"index","follow":"follow","max-snippet":"max-snippet:-1","max-image-preview":"max-image-preview:large","max-video-preview":"max-video-preview:-1"},"canonical":"https:\/\/www.welovecycling.com\/sk\/2019\/05\/31\/pozvanka-skoda-mtb-maraton-rajecke-teplice-lucanska-mala-fatra-a-poriadne-rychle-zjazdy\/","og_locale":"sk_SK","og_type":"article","og_title":"Pozv\u00e1nka: \u0160koda MTB marat\u00f3n Rajeck\u00e9 Teplice \u2013 L\u00fa\u010dansk\u00e1 Mal\u00e1 Fatra a poriadne r\u00fdchle zjazdy","og_description":"Predposledn\u00fd diel s\u00e9rie \u0160koda BIKE OPEN TOUR pre tento rok sa kon\u00e1 15. j\u00fana 2019 v Rajeck\u00fdch Tepliciach. S\u00fa\u0165a\u017en\u00fd MTB [&hellip;]","og_url":"https:\/\/www.welovecycling.com\/sk\/2019\/05\/31\/pozvanka-skoda-mtb-maraton-rajecke-teplice-lucanska-mala-fatra-a-poriadne-rychle-zjazdy\/","og_site_name":"\u0160koda We Love Cycling Slovensko","article_published_time":"2019-05-31T08:26:42+00:00","article_modified_time":"2019-05-31T13:43:47+00:00","og_image":[{"width":1380,"height":600,"url":"https:\/\/d2p6e6u75xmxt8.cloudfront.net\/4\/2019\/05\/titulka-5.webp","type":"image\/webp"}],"author":"Ondrej Ga\u0161par","twitter_card":"summary_large_image","twitter_misc":{"Written by":"We Love Cycling","Est. reading time":"4"},"schema":{"@context":"https:\/\/schema.org","@graph":[{"@type":"WebPage","@id":"https:\/\/www.welovecycling.com\/sk\/2019\/05\/31\/pozvanka-skoda-mtb-maraton-rajecke-teplice-lucanska-mala-fatra-a-poriadne-rychle-zjazdy\/","url":"https:\/\/www.welovecycling.com\/sk\/2019\/05\/31\/pozvanka-skoda-mtb-maraton-rajecke-teplice-lucanska-mala-fatra-a-poriadne-rychle-zjazdy\/","name":"Pozv\u00e1nka: \u0160koda MTB marat\u00f3n Rajeck\u00e9 Teplice \u2013 L\u00fa\u010dansk\u00e1 Mal\u00e1 Fatra a poriadne r\u00fdchle zjazdy - \u0160koda We Love Cycling Slovensko","isPartOf":{"@id":"https:\/\/www.welovecycling.com\/sk\/#website"},"primaryImageOfPage":{"@id":"https:\/\/www.welovecycling.com\/sk\/2019\/05\/31\/pozvanka-skoda-mtb-maraton-rajecke-teplice-lucanska-mala-fatra-a-poriadne-rychle-zjazdy\/#primaryimage"},"image":{"@id":"https:\/\/www.welovecycling.com\/sk\/2019\/05\/31\/pozvanka-skoda-mtb-maraton-rajecke-teplice-lucanska-mala-fatra-a-poriadne-rychle-zjazdy\/#primaryimage"},"thumbnailUrl":"https:\/\/d2p6e6u75xmxt8.cloudfront.net\/4\/2019\/05\/titulka-5.webp","datePublished":"2019-05-31T08:26:42+00:00","dateModified":"2019-05-31T13:43:47+00:00","author":{"@id":"https:\/\/www.welovecycling.com\/sk\/#\/schema\/person\/8ee09ba39b7e25b1870160aa5b3a89bc"},"breadcrumb":{"@id":"https:\/\/www.welovecycling.com\/sk\/2019\/05\/31\/pozvanka-skoda-mtb-maraton-rajecke-teplice-lucanska-mala-fatra-a-poriadne-rychle-zjazdy\/#breadcrumb"},"inLanguage":"sk-SK","potentialAction":[{"@type":"ReadAction","target":["https:\/\/www.welovecycling.com\/sk\/2019\/05\/31\/pozvanka-skoda-mtb-maraton-rajecke-teplice-lucanska-mala-fatra-a-poriadne-rychle-zjazdy\/"]}]},{"@type":"ImageObject","inLanguage":"sk-SK","@id":"https:\/\/www.welovecycling.com\/sk\/2019\/05\/31\/pozvanka-skoda-mtb-maraton-rajecke-teplice-lucanska-mala-fatra-a-poriadne-rychle-zjazdy\/#primaryimage","url":"https:\/\/d2p6e6u75xmxt8.cloudfront.net\/4\/2019\/05\/titulka-5.webp","contentUrl":"https:\/\/d2p6e6u75xmxt8.cloudfront.net\/4\/2019\/05\/titulka-5.webp","width":1380,"height":600},{"@type":"BreadcrumbList","@id":"https:\/\/www.welovecycling.com\/sk\/2019\/05\/31\/pozvanka-skoda-mtb-maraton-rajecke-teplice-lucanska-mala-fatra-a-poriadne-rychle-zjazdy\/#breadcrumb","itemListElement":[{"@type":"ListItem","position":1,"name":"Home","item":"https:\/\/www.welovecycling.com\/sk\/"},{"@type":"ListItem","position":2,"name":"Pozv\u00e1nka: \u0160koda MTB marat\u00f3n Rajeck\u00e9 Teplice \u2013 L\u00fa\u010dansk\u00e1 Mal\u00e1 Fatra a poriadne r\u00fdchle zjazdy"}]},{"@type":"WebSite","@id":"https:\/\/www.welovecycling.com\/sk\/#website","url":"https:\/\/www.welovecycling.com\/sk\/","name":"\u0160koda We Love Cycling Slovensko","description":"\u0160koda We Love Cycling Slovensko je v\u00e1\u0161 ka\u017edodenn\u00fd zdroj noviniek a in\u0161pir\u00e1cie z sveta cyklistiky","potentialAction":[{"@type":"SearchAction","target":{"@type":"EntryPoint","urlTemplate":"https:\/\/www.welovecycling.com\/sk\/?s={search_term_string}"},"query-input":{"@type":"PropertyValueSpecification","valueRequired":true,"valueName":"search_term_string"}}],"inLanguage":"sk-SK"},{"@type":"Person","@id":"https:\/\/www.welovecycling.com\/sk\/#\/schema\/person\/8ee09ba39b7e25b1870160aa5b3a89bc","name":"Ondrej Ga\u0161par","image":{"@type":"ImageObject","inLanguage":"sk-SK","@id":"https:\/\/www.welovecycling.com\/sk\/#\/schema\/person\/image\/","url":"https:\/\/secure.gravatar.com\/avatar\/6126c9afb87b70da5abbb083ddbb21933da15f18f8ca7cb822aba0fb096a48f6?s=96&d=mm&r=g","contentUrl":"https:\/\/secure.gravatar.com\/avatar\/6126c9afb87b70da5abbb083ddbb21933da15f18f8ca7cb822aba0fb096a48f6?s=96&d=mm&r=g","caption":"Ondrej Ga\u0161par"},"url":"https:\/\/www.welovecycling.com\/sk\/author\/ondrejgaspar\/"}]}},"_links":{"self":[{"href":"https:\/\/www.welovecycling.com\/sk\/wp-json\/wp\/v2\/posts\/7271","targetHints":{"allow":["GET"]}}],"collection":[{"href":"https:\/\/www.welovecycling.com\/sk\/wp-json\/wp\/v2\/posts"}],"about":[{"href":"https:\/\/www.welovecycling.com\/sk\/wp-json\/wp\/v2\/types\/post"}],"author":[{"embeddable":true,"href":"https:\/\/www.welovecycling.com\/sk\/wp-json\/wp\/v2\/users\/38"}],"replies":[{"embeddable":true,"href":"https:\/\/www.welovecycling.com\/sk\/wp-json\/wp\/v2\/comments?post=7271"}],"version-history":[{"count":2,"href":"https:\/\/www.welovecycling.com\/sk\/wp-json\/wp\/v2\/posts\/7271\/revisions"}],"predecessor-version":[{"id":7319,"href":"https:\/\/www.welovecycling.com\/sk\/wp-json\/wp\/v2\/posts\/7271\/revisions\/7319"}],"wp:featuredmedia":[{"embeddable":true,"href":"https:\/\/www.welovecycling.com\/sk\/wp-json\/wp\/v2\/media\/7281"}],"wp:attachment":[{"href":"https:\/\/www.welovecycling.com\/sk\/wp-json\/wp\/v2\/media?parent=7271"}],"wp:term":[{"taxonomy":"category","embeddable":true,"href":"https:\/\/www.welovecycling.com\/sk\/wp-json\/wp\/v2\/categories?post=7271"},{"taxonomy":"post_tag","embeddable":true,"href":"https:\/\/www.welovecycling.com\/sk\/wp-json\/wp\/v2\/tags?post=7271"},{"taxonomy":"global-categories","embeddable":true,"href":"https:\/\/www.welovecycling.com\/sk\/wp-json\/wp\/v2\/global-categories?post=7271"}],"curies":[{"name":"wp","href":"https:\/\/api.w.org\/{rel}","templated":true}]}}