{"id":7225,"date":"2019-05-30T10:23:56","date_gmt":"2019-05-30T08:23:56","guid":{"rendered":"https:\/\/www.welovecycling.com\/sk\/?p=7225"},"modified":"2019-05-30T15:00:21","modified_gmt":"2019-05-30T13:00:21","slug":"reportaz-skoda-mtb-maraton-levocske-vrchy-zelena-oslava-cyklistiky","status":"publish","type":"post","link":"https:\/\/www.welovecycling.com\/sk\/2019\/05\/30\/reportaz-skoda-mtb-maraton-levocske-vrchy-zelena-oslava-cyklistiky\/","title":{"rendered":"Report\u00e1\u017e: \u0160koda MTB marat\u00f3n Levo\u010dsk\u00e9 vrchy &#8211; zelen\u00e1 oslava cyklistiky"},"content":{"rendered":"<p><strong>Ak ste n\u00e1hodou v sobotu 25. m\u00e1ja ch\u00fdbali v Resorte Levo\u010dsk\u00e1 Dolina na \u0161tvrtom kole s\u00e9rie \u0160koda BIKE OPEN TOUR, tak ste naozaj pri\u0161li o de\u0148 pln\u00fd l\u00e1sky k bicyklovaniu, v\u00fdbornej atmosf\u00e9ry a z\u00e1bavy pre cel\u00fa rodinu. Navy\u0161e to tento rok bolo v Levo\u010di e\u0161te o \u010dosi zelen\u0161ie!<\/strong><!--more--><\/p>\n<h2><strong>Po\u010dasie ako nama\u013eovan\u00e9<\/strong><\/h2>\n<p>Ke\u010f\u017ee tohtoro\u010dn\u00fd m\u00e1j sa sk\u00f4r podob\u00e1 na upr\u0161an\u00fd a chladn\u00fd okt\u00f3ber a v\u00fddatn\u00e9 da\u017ede s mal\u00fdmi prest\u00e1vkami tr\u00e1pia v\u0161etky k\u00faty Slovenska, bol naozaj doslova z\u00e1zrak, ke\u010f predpove\u010f na marat\u00f3nsky v\u00edkend s\u013eubovala kone\u010dne pozit\u00edvnu zmenu. T\u00e1 sa napokon aj naplnila a cel\u00fa sobotu panovalo ve\u013emi pr\u00edjemn\u00e9 slne\u010dn\u00e9 po\u010dasie, ktor\u00e9 privialo vlnu pozit\u00edvnej n\u00e1lady medzi v\u0161etk\u00fdch \u00fa\u010dastn\u00edkov aj organiza\u010dn\u00fd t\u00edm Cyklo Spi\u0161 a \u0160koda. D\u00e1\u017e\u010f sa prirodzene prejavil na trati, ktor\u00e1 s\u00edce vo v\u00e4\u010d\u0161ine \u00fasekov vedie po \u201cne\u0161kodn\u00fdch\u201d zv\u00e1\u017eniciach, av\u0161ak sta\u010dilo p\u00e1r l\u00fa\u010dnych pas\u00e1\u017e\u00ed a o rados\u0165 mali pretek\u00e1ri postaran\u00e9. Do cie\u013ea sa vracali doslova \u201cvyma\u013eovan\u00ed\u201d a slu\u0161n\u00fa porciu blata si doviezli aj na svojich bicykloch. <strong>Av\u0161ak \u00fasmevy na tv\u00e1rach boli jasn\u00fdm d\u00f4kazom, \u017ee robia to, \u010do naozaj miluj\u00fa, bez oh\u013eadu na podmienky \ud83d\ude42<\/strong>.<\/p>\n<div data-rows=\"1\" id='gallery-1' class='gallery-rows-1 gallery galleryid-7225 gallery-columns-3 gallery-size-full'><figure class='gallery-item'>\n\t\t\t<div class='gallery-icon landscape'>\n\t\t\t\t<a href='https:\/\/d2p6e6u75xmxt8.cloudfront.net\/4\/2019\/05\/levoca-15.webp'><img loading=\"lazy\" decoding=\"async\" width=\"1200\" height=\"800\" src=\"https:\/\/d2p6e6u75xmxt8.cloudfront.net\/4\/2019\/05\/levoca-15.webp\" class=\"attachment-full size-full\" alt=\"\" srcset=\"https:\/\/d2p6e6u75xmxt8.cloudfront.net\/4\/2019\/05\/levoca-15.webp 1200w, https:\/\/d2p6e6u75xmxt8.cloudfront.net\/4\/2019\/05\/levoca-15-300x200.webp 300w, https:\/\/d2p6e6u75xmxt8.cloudfront.net\/4\/2019\/05\/levoca-15-1024x683.webp 1024w, https:\/\/d2p6e6u75xmxt8.cloudfront.net\/4\/2019\/05\/levoca-15-768x512.webp 768w, https:\/\/d2p6e6u75xmxt8.cloudfront.net\/4\/2019\/05\/levoca-15-272x182.webp 272w\" sizes=\"auto, (max-width: 1200px) 100vw, 1200px\" \/><\/a>\n\t\t\t<\/div><\/figure><figure class='gallery-item'>\n\t\t\t<div class='gallery-icon landscape'>\n\t\t\t\t<a href='https:\/\/d2p6e6u75xmxt8.cloudfront.net\/4\/2019\/05\/levoca-20.webp'><img loading=\"lazy\" decoding=\"async\" width=\"1200\" height=\"800\" src=\"https:\/\/d2p6e6u75xmxt8.cloudfront.net\/4\/2019\/05\/levoca-20.webp\" class=\"attachment-full size-full\" alt=\"\" srcset=\"https:\/\/d2p6e6u75xmxt8.cloudfront.net\/4\/2019\/05\/levoca-20.webp 1200w, https:\/\/d2p6e6u75xmxt8.cloudfront.net\/4\/2019\/05\/levoca-20-300x200.webp 300w, https:\/\/d2p6e6u75xmxt8.cloudfront.net\/4\/2019\/05\/levoca-20-1024x683.webp 1024w, https:\/\/d2p6e6u75xmxt8.cloudfront.net\/4\/2019\/05\/levoca-20-768x512.webp 768w, https:\/\/d2p6e6u75xmxt8.cloudfront.net\/4\/2019\/05\/levoca-20-272x182.webp 272w\" sizes=\"auto, (max-width: 1200px) 100vw, 1200px\" \/><\/a>\n\t\t\t<\/div><\/figure><figure class='gallery-item'>\n\t\t\t<div class='gallery-icon landscape'>\n\t\t\t\t<a href='https:\/\/d2p6e6u75xmxt8.cloudfront.net\/4\/2019\/05\/levoca-19.webp'><img loading=\"lazy\" decoding=\"async\" width=\"1200\" height=\"800\" src=\"https:\/\/d2p6e6u75xmxt8.cloudfront.net\/4\/2019\/05\/levoca-19.webp\" class=\"attachment-full size-full\" alt=\"\" srcset=\"https:\/\/d2p6e6u75xmxt8.cloudfront.net\/4\/2019\/05\/levoca-19.webp 1200w, https:\/\/d2p6e6u75xmxt8.cloudfront.net\/4\/2019\/05\/levoca-19-300x200.webp 300w, https:\/\/d2p6e6u75xmxt8.cloudfront.net\/4\/2019\/05\/levoca-19-1024x683.webp 1024w, https:\/\/d2p6e6u75xmxt8.cloudfront.net\/4\/2019\/05\/levoca-19-768x512.webp 768w, https:\/\/d2p6e6u75xmxt8.cloudfront.net\/4\/2019\/05\/levoca-19-272x182.webp 272w\" sizes=\"auto, (max-width: 1200px) 100vw, 1200px\" \/><\/a>\n\t\t\t<\/div><\/figure>\n\t\t<\/div>\n        \n<h2><strong>Z\u00e1bava pre v\u0161etk\u00fdch<\/strong><\/h2>\n<p>Od minul\u00e9ho roka sa organiz\u00e1tori staraj\u00fa aj o zv\u00fd\u0161en\u00fd komfort pretek\u00e1rov. V cieli tak na nich \u010dakali sprchy a cykloum\u00fdvare\u0148, ktor\u00fa vyu\u017eili pre pribli\u017ene 300 bicyklov. N\u00e1v\u0161tevn\u00edci pretekov sa mohli posilni\u0165 v st\u00e1nkoch s ob\u010derstven\u00edm, podujatie spestril baz\u00e1r kn\u00edh, detsk\u00fd k\u00fatik s odpadov\u00fdm \u010clove\u010de nehnevaj sa \u010di ekokomixy, zatia\u013e \u010do ich bicykle boli v bezpe\u010d\u00ed str\u00e1\u017eenej \u00faschovne. Deti sa z\u00e1rove\u0148 vybl\u00e1znili vo fun z\u00f3ne, \u010di pri mno\u017estve sprievodn\u00fdch akci\u00ed. Samozrejme nech\u00fdbal ani ve\u013ek\u00fd sk\u00e1kac\u00ed hrad, kde si mohli do s\u00fdtosti vybi\u0165 svoju nekone\u010dn\u00fa energiu. <strong>Cel\u00e9 z\u00e1zemie bolo situovan\u00e9 v are\u00e1li biok\u00fapaliska, ktor\u00e9 poskytovalo naozaj komfortn\u00fd priestor pre v\u0161etk\u00fdch<\/strong>, \u010di u\u017e pretek\u00e1rov oddychuj\u00facich na tulivakoch, alebo bl\u00e1zniace sa deti. U\u017e n\u00e1m sn\u00e1\u010f m\u00f4\u017ee by\u0165 len \u013e\u00fato, \u017ee nebolo teplej\u0161ie a nedalo sa k\u00fapa\u0165 :).<\/p>\n<div data-rows=\"1\" id='gallery-2' class='gallery-rows-1 gallery galleryid-7225 gallery-columns-2 gallery-size-full'><figure class='gallery-item'>\n\t\t\t<div class='gallery-icon landscape'>\n\t\t\t\t<a href='https:\/\/d2p6e6u75xmxt8.cloudfront.net\/4\/2019\/05\/levoca-6.webp'><img loading=\"lazy\" decoding=\"async\" width=\"1200\" height=\"800\" src=\"https:\/\/d2p6e6u75xmxt8.cloudfront.net\/4\/2019\/05\/levoca-6.webp\" class=\"attachment-full size-full\" alt=\"\" srcset=\"https:\/\/d2p6e6u75xmxt8.cloudfront.net\/4\/2019\/05\/levoca-6.webp 1200w, https:\/\/d2p6e6u75xmxt8.cloudfront.net\/4\/2019\/05\/levoca-6-300x200.webp 300w, https:\/\/d2p6e6u75xmxt8.cloudfront.net\/4\/2019\/05\/levoca-6-1024x683.webp 1024w, https:\/\/d2p6e6u75xmxt8.cloudfront.net\/4\/2019\/05\/levoca-6-768x512.webp 768w, https:\/\/d2p6e6u75xmxt8.cloudfront.net\/4\/2019\/05\/levoca-6-272x182.webp 272w\" sizes=\"auto, (max-width: 1200px) 100vw, 1200px\" \/><\/a>\n\t\t\t<\/div><\/figure><figure class='gallery-item'>\n\t\t\t<div class='gallery-icon landscape'>\n\t\t\t\t<a href='https:\/\/d2p6e6u75xmxt8.cloudfront.net\/4\/2019\/05\/levoca-12.webp'><img loading=\"lazy\" decoding=\"async\" width=\"1200\" height=\"800\" src=\"https:\/\/d2p6e6u75xmxt8.cloudfront.net\/4\/2019\/05\/levoca-12.webp\" class=\"attachment-full size-full\" alt=\"\" srcset=\"https:\/\/d2p6e6u75xmxt8.cloudfront.net\/4\/2019\/05\/levoca-12.webp 1200w, https:\/\/d2p6e6u75xmxt8.cloudfront.net\/4\/2019\/05\/levoca-12-300x200.webp 300w, https:\/\/d2p6e6u75xmxt8.cloudfront.net\/4\/2019\/05\/levoca-12-1024x683.webp 1024w, https:\/\/d2p6e6u75xmxt8.cloudfront.net\/4\/2019\/05\/levoca-12-768x512.webp 768w, https:\/\/d2p6e6u75xmxt8.cloudfront.net\/4\/2019\/05\/levoca-12-272x182.webp 272w\" sizes=\"auto, (max-width: 1200px) 100vw, 1200px\" \/><\/a>\n\t\t\t<\/div><\/figure>\n\t\t<\/div>\n        \n<h2><strong>Vysok\u00e1 \u00fa\u010das\u0165<\/strong><\/h2>\n<p>Levo\u010dsk\u00fd marat\u00f3n je u\u017e zabehnut\u00e9 podujatie, ktor\u00e9 malo v na\u0161ej s\u00e9rii tento rok premi\u00e9ru, v\u010faka ktorej sa zdvojn\u00e1sobil po\u010det &#8222;pretekaniachtiv\u00fdch&#8220; cyklistov. <strong>Na \u0161tart<\/strong> da\u017e\u010fom rozmo\u010den\u00fdch tr\u00e1s <strong>sa postavilo celkovo 652 pretek\u00e1rov, z ktor\u00fdch to do cie\u013ea dotiahlo 593<\/strong> z nich. Z toho 72 absolvovalo najdlh\u0161iu, 73 km tra\u0165. Na strednej, 47-kilometrovej trati, v\u00edtali n\u00e1v\u0161tevn\u00edci v cieli 295 cyklistov, z kr\u00e1tkej 25 km trasy sa te\u0161ilo v z\u00e1vere 156 bikerov. Rodinn\u00fa Family kateg\u00f3riu v d\u013a\u017eke 8 km si u\u017eilo 64 mal\u00fdch aj ve\u013ek\u00fdch pretek\u00e1rov, kateg\u00f3riu e-bike absolvovalo 6 \u00fa\u010dastn\u00edkov. Okrem slovensk\u00fdch cyklistov nech\u00fdbali ani na\u0161i susedia z \u010ciech, Po\u013eska \u010di Ma\u010farska.<\/p>\n<div data-rows=\"1\" id='gallery-3' class='gallery-rows-1 gallery galleryid-7225 gallery-columns-2 gallery-size-full'><figure class='gallery-item'>\n\t\t\t<div class='gallery-icon landscape'>\n\t\t\t\t<a href='https:\/\/d2p6e6u75xmxt8.cloudfront.net\/4\/2019\/05\/levoca-16.webp'><img loading=\"lazy\" decoding=\"async\" width=\"1200\" height=\"800\" src=\"https:\/\/d2p6e6u75xmxt8.cloudfront.net\/4\/2019\/05\/levoca-16.webp\" class=\"attachment-full size-full\" alt=\"\" srcset=\"https:\/\/d2p6e6u75xmxt8.cloudfront.net\/4\/2019\/05\/levoca-16.webp 1200w, https:\/\/d2p6e6u75xmxt8.cloudfront.net\/4\/2019\/05\/levoca-16-300x200.webp 300w, https:\/\/d2p6e6u75xmxt8.cloudfront.net\/4\/2019\/05\/levoca-16-1024x683.webp 1024w, https:\/\/d2p6e6u75xmxt8.cloudfront.net\/4\/2019\/05\/levoca-16-768x512.webp 768w, https:\/\/d2p6e6u75xmxt8.cloudfront.net\/4\/2019\/05\/levoca-16-272x182.webp 272w\" sizes=\"auto, (max-width: 1200px) 100vw, 1200px\" \/><\/a>\n\t\t\t<\/div><\/figure><figure class='gallery-item'>\n\t\t\t<div class='gallery-icon landscape'>\n\t\t\t\t<a href='https:\/\/d2p6e6u75xmxt8.cloudfront.net\/4\/2019\/05\/levoca-7.webp'><img loading=\"lazy\" decoding=\"async\" width=\"1200\" height=\"800\" src=\"https:\/\/d2p6e6u75xmxt8.cloudfront.net\/4\/2019\/05\/levoca-7.webp\" class=\"attachment-full size-full\" alt=\"\" srcset=\"https:\/\/d2p6e6u75xmxt8.cloudfront.net\/4\/2019\/05\/levoca-7.webp 1200w, https:\/\/d2p6e6u75xmxt8.cloudfront.net\/4\/2019\/05\/levoca-7-300x200.webp 300w, https:\/\/d2p6e6u75xmxt8.cloudfront.net\/4\/2019\/05\/levoca-7-1024x683.webp 1024w, https:\/\/d2p6e6u75xmxt8.cloudfront.net\/4\/2019\/05\/levoca-7-768x512.webp 768w, https:\/\/d2p6e6u75xmxt8.cloudfront.net\/4\/2019\/05\/levoca-7-272x182.webp 272w\" sizes=\"auto, (max-width: 1200px) 100vw, 1200px\" \/><\/a>\n\t\t\t<\/div><\/figure>\n\t\t<\/div>\n        \n<p><strong>Medzi mu\u017emi (19-39 rokov)<\/strong> si na dlhej trati <strong>najlep\u0161ie po\u010d\u00ednal<\/strong> minuloro\u010dn\u00fd v\u00ed\u0165az celej s\u00e9rie, <strong>Martin Kostelni\u010d\u00e1k<\/strong> s \u010dasom 3:25:46. Medzi <strong>\u017eenami<\/strong> na rovnakej trati dorazila ako prv\u00e1 do cie\u013ea <strong>Zuzana Juh\u00e1sov\u00e1<\/strong> s \u010dasom 4:39:19. Kompletn\u00e9 v\u00fdsledky vr\u00e1tane v\u0161etk\u00fdch kateg\u00f3ri\u00ed n\u00e1jdete na <a href=\"https:\/\/cyklo.sao-tatry.sk\/2019\/preteky\/levoca\/vyber.php?kde=vy\" rel=\"noopener\" target=\"_blank\">tomto odkaze<\/a>.<\/p>\n<div data-rows=\"1\" id='gallery-4' class='gallery-rows-1 gallery galleryid-7225 gallery-columns-2 gallery-size-full'><figure class='gallery-item'>\n\t\t\t<div class='gallery-icon landscape'>\n\t\t\t\t<a href='https:\/\/d2p6e6u75xmxt8.cloudfront.net\/4\/2019\/05\/levoca-2.webp'><img loading=\"lazy\" decoding=\"async\" width=\"1200\" height=\"800\" src=\"https:\/\/d2p6e6u75xmxt8.cloudfront.net\/4\/2019\/05\/levoca-2.webp\" class=\"attachment-full size-full\" alt=\"\" srcset=\"https:\/\/d2p6e6u75xmxt8.cloudfront.net\/4\/2019\/05\/levoca-2.webp 1200w, https:\/\/d2p6e6u75xmxt8.cloudfront.net\/4\/2019\/05\/levoca-2-300x200.webp 300w, https:\/\/d2p6e6u75xmxt8.cloudfront.net\/4\/2019\/05\/levoca-2-1024x683.webp 1024w, https:\/\/d2p6e6u75xmxt8.cloudfront.net\/4\/2019\/05\/levoca-2-768x512.webp 768w, https:\/\/d2p6e6u75xmxt8.cloudfront.net\/4\/2019\/05\/levoca-2-272x182.webp 272w\" sizes=\"auto, (max-width: 1200px) 100vw, 1200px\" \/><\/a>\n\t\t\t<\/div><\/figure><figure class='gallery-item'>\n\t\t\t<div class='gallery-icon landscape'>\n\t\t\t\t<a href='https:\/\/d2p6e6u75xmxt8.cloudfront.net\/4\/2019\/05\/levoca-38.webp'><img loading=\"lazy\" decoding=\"async\" width=\"1200\" height=\"800\" src=\"https:\/\/d2p6e6u75xmxt8.cloudfront.net\/4\/2019\/05\/levoca-38.webp\" class=\"attachment-full size-full\" alt=\"\" srcset=\"https:\/\/d2p6e6u75xmxt8.cloudfront.net\/4\/2019\/05\/levoca-38.webp 1200w, https:\/\/d2p6e6u75xmxt8.cloudfront.net\/4\/2019\/05\/levoca-38-300x200.webp 300w, https:\/\/d2p6e6u75xmxt8.cloudfront.net\/4\/2019\/05\/levoca-38-1024x683.webp 1024w, https:\/\/d2p6e6u75xmxt8.cloudfront.net\/4\/2019\/05\/levoca-38-768x512.webp 768w, https:\/\/d2p6e6u75xmxt8.cloudfront.net\/4\/2019\/05\/levoca-38-272x182.webp 272w\" sizes=\"auto, (max-width: 1200px) 100vw, 1200px\" \/><\/a>\n\t\t\t<\/div><\/figure>\n\t\t<\/div>\n        \n<h2><strong>Pr\u00edroda si to zasl\u00fa\u017ei<\/strong><\/h2>\n<p>Sn\u00e1\u010f najv\u00e4\u010d\u0161ou ozdobou horsk\u00fdch marat\u00f3nov na\u0161ej \u0160BOT je samotn\u00e1 kr\u00e1sa slovenskej pr\u00edrody. Aby sme sa jej po\u010fakovali za mo\u017enosti, ktor\u00e9 n\u00e1m bikerom pon\u00faka, zvolili sme <strong>zelen\u0161\u00ed pr\u00edstup po\u010das cel\u00e9ho priebehu s\u00e9rie<\/strong>. Inak tomu nebolo ani v Levo\u010dskej Doline, kde pr\u00e1ve organiz\u00e1tori boli najv\u00e4\u010d\u0161\u00edmi inici\u00e1tormi tohto zelen\u00e9ho pr\u00edstupu. Jednorazov\u00fd plastov\u00fd riad preto nahradili misky z kompostovate\u013en\u00e9ho materi\u00e1lu a kovov\u00e9 pr\u00edbory zapo\u017ei\u010dan\u00e9 z okolit\u00fdch \u0161k\u00f4l. V are\u00e1li pretekov neboli \u017eiadne smetn\u00e9 ko\u0161e, organiz\u00e1tori zriadili dve separa\u010dn\u00e9 stanice, v ktor\u00fdch sa odpad zbieral a spr\u00e1vne triedil s pomocou odborn\u00edkov zo Zelenej hliadky v Levo\u010di.<\/p>\n<p>V\u0161etky n\u00e1poje na mieste sa \u010dapovali do kompostovate\u013en\u00fdch poh\u00e1rov, pretek\u00e1ri sa mohli ob\u010derstvi\u0165 aj zo sklen\u00fdch poh\u00e1rov. Ceny, suven\u00edry, cykloty\u010dinky \u010di z\u00e1kusky boli balen\u00e9 do u\u0161it\u00fdch alebo papierov\u00fdch vrec\u00fa\u0161ok, \u010d\u00edm sa eliminoval potenci\u00e1lny odpad u\u017e pri jeho vzniku. Aj ceny v tombole sa odovzd\u00e1vali vo forme z\u00e1\u017eitkov\u00fdch poukazov, tak\u017ee <strong>tieto preteky skon\u010dili so 100 % zn\u00ed\u017een\u00edm plastov\u00e9ho odpadu<\/strong>. Na konci pretekov zostal neseparovate\u013en\u00fd odpad v 5 l vrec\u00fa\u0161ku.<\/p>\n<p><a href=\"https:\/\/d2p6e6u75xmxt8.cloudfront.net\/4\/2019\/05\/levoca-27.jpg\"><img loading=\"lazy\" decoding=\"async\" src=\"https:\/\/d2p6e6u75xmxt8.cloudfront.net\/4\/2019\/05\/levoca-27.jpg\" alt=\"\" width=\"1200\" height=\"800\" class=\"alignnone size-full wp-image-7238\" \/><\/a><\/p>\n<p><em>\u201eChcel by som vyzdvihn\u00fa\u0165 enormn\u00fa snahu organiz\u00e1torov v oblasti zni\u017eovania odpadov. Z\u00e1rove\u0148 by som r\u00e1d po\u010fakoval pretek\u00e1rom aj n\u00e1v\u0161tevn\u00edkom, ktor\u00ed ochotne akceptovali tento pr\u00edstup. Spolo\u010dne sa tak podarilo \u00faplne vyl\u00fa\u010di\u0165 plasty, vyseparova\u0165 takmer v\u0161etok odpad a uk\u00e1za\u0165 trend, ktor\u00fdm by sa tak\u00e9to podujatia mohli ubera\u0165. Aj toto je sp\u00f4sob, ktor\u00fdm chceme nap\u013a\u0148a\u0165 na\u0161u strat\u00e9giu trvalej udr\u017eate\u013enosti GreenFuture,&#8220;<\/em> uviedol <strong>Marek R\u016f\u017ei\u010dka<\/strong>, konate\u013e spolo\u010dnosti \u0160koda AUTO Slovensko.<\/p>\n<p><a href=\"https:\/\/d2p6e6u75xmxt8.cloudfront.net\/4\/2019\/05\/levoca-28.jpg\"><img loading=\"lazy\" decoding=\"async\" src=\"https:\/\/d2p6e6u75xmxt8.cloudfront.net\/4\/2019\/05\/levoca-28.jpg\" alt=\"\" width=\"1200\" height=\"800\" class=\"alignnone size-full wp-image-7239\" \/><\/a><\/p>\n<h2><strong>\u0160koda Family &#8211; z\u00e1\u017eitok nielen pre deti<\/strong><\/h2>\n<p>Mimoriadny \u00faspech mala v Levo\u010di nov\u00e1 rodinn\u00e1 kateg\u00f3ria, ktor\u00fa tvor\u00ed <strong>dvojica dospelej osoby a die\u0165a\u0165a vo veku 8-14 rokov<\/strong>, ktor\u00ed \u0161tartuj\u00fa spolu. Deti si tak maj\u00fa mo\u017enos\u0165 odsk\u00fa\u0161a\u0165 atmosf\u00e9ru skuto\u010dn\u00fdch pretekov a d\u00f4kazom, \u017ee to v Levo\u010di zobrali seri\u00f3zne v\u00e1\u017ene, boli s\u00fastreden\u00e9 tv\u00e1ri\u010dky na \u0161tarte. V mnoh\u00fdch pr\u00edpadoch sa rodi\u010dia na \u0161tarte ob\u00e1vali, \u010di bud\u00fa svojim odhodlan\u00fdm pretek\u00e1rom na trati st\u00edha\u0165 :). Napokon v\u0161etko dobre dopadlo a v cieli sa stretli vysmiati mal\u00ed aj ve\u013ek\u00ed bikeri.<\/p>\n<div data-rows=\"1\" id='gallery-5' class='gallery-rows-1 gallery galleryid-7225 gallery-columns-2 gallery-size-full'><figure class='gallery-item'>\n\t\t\t<div class='gallery-icon landscape'>\n\t\t\t\t<a href='https:\/\/d2p6e6u75xmxt8.cloudfront.net\/4\/2019\/05\/levoca-13.webp'><img loading=\"lazy\" decoding=\"async\" width=\"1200\" height=\"800\" src=\"https:\/\/d2p6e6u75xmxt8.cloudfront.net\/4\/2019\/05\/levoca-13.webp\" class=\"attachment-full size-full\" alt=\"\" srcset=\"https:\/\/d2p6e6u75xmxt8.cloudfront.net\/4\/2019\/05\/levoca-13.webp 1200w, https:\/\/d2p6e6u75xmxt8.cloudfront.net\/4\/2019\/05\/levoca-13-300x200.webp 300w, https:\/\/d2p6e6u75xmxt8.cloudfront.net\/4\/2019\/05\/levoca-13-1024x683.webp 1024w, https:\/\/d2p6e6u75xmxt8.cloudfront.net\/4\/2019\/05\/levoca-13-768x512.webp 768w, https:\/\/d2p6e6u75xmxt8.cloudfront.net\/4\/2019\/05\/levoca-13-272x182.webp 272w\" sizes=\"auto, (max-width: 1200px) 100vw, 1200px\" \/><\/a>\n\t\t\t<\/div><\/figure><figure class='gallery-item'>\n\t\t\t<div class='gallery-icon landscape'>\n\t\t\t\t<a href='https:\/\/d2p6e6u75xmxt8.cloudfront.net\/4\/2019\/05\/levoca-23.webp'><img loading=\"lazy\" decoding=\"async\" width=\"1200\" height=\"800\" src=\"https:\/\/d2p6e6u75xmxt8.cloudfront.net\/4\/2019\/05\/levoca-23.webp\" class=\"attachment-full size-full\" alt=\"\" srcset=\"https:\/\/d2p6e6u75xmxt8.cloudfront.net\/4\/2019\/05\/levoca-23.webp 1200w, https:\/\/d2p6e6u75xmxt8.cloudfront.net\/4\/2019\/05\/levoca-23-300x200.webp 300w, https:\/\/d2p6e6u75xmxt8.cloudfront.net\/4\/2019\/05\/levoca-23-1024x683.webp 1024w, https:\/\/d2p6e6u75xmxt8.cloudfront.net\/4\/2019\/05\/levoca-23-768x512.webp 768w, https:\/\/d2p6e6u75xmxt8.cloudfront.net\/4\/2019\/05\/levoca-23-272x182.webp 272w\" sizes=\"auto, (max-width: 1200px) 100vw, 1200px\" \/><\/a>\n\t\t\t<\/div><\/figure>\n\t\t<\/div>\n        \n<h2><strong>Kto z\u00edska auto v skvelej v\u00fdbave?<\/strong><\/h2>\n<p>V\u0161etci pretek\u00e1ri boli zaraden\u00ed do z\u00e1vere\u010dnej tomboly. V nej bud\u00fa ma\u0165 mo\u017enos\u0165 t\u00ed, \u010do sa z\u00fa\u010dastnia najmenej \u0161tyroch pretekov s\u00e9rie, z\u00edska\u0165 <strong>do osobn\u00e9ho vlastn\u00edctva nov\u00fa \u0160koda FABIA COMBI<\/strong> so skvelou v\u00fdbavou na cyklistick\u00e9 v\u00fdlety.<\/p>\n<div data-rows=\"1\" id='gallery-6' class='gallery-rows-1 gallery galleryid-7225 gallery-columns-2 gallery-size-full'><figure class='gallery-item'>\n\t\t\t<div class='gallery-icon landscape'>\n\t\t\t\t<a href='https:\/\/d2p6e6u75xmxt8.cloudfront.net\/4\/2019\/05\/levoca-3.webp'><img loading=\"lazy\" decoding=\"async\" width=\"1200\" height=\"800\" src=\"https:\/\/d2p6e6u75xmxt8.cloudfront.net\/4\/2019\/05\/levoca-3.webp\" class=\"attachment-full size-full\" alt=\"\" srcset=\"https:\/\/d2p6e6u75xmxt8.cloudfront.net\/4\/2019\/05\/levoca-3.webp 1200w, https:\/\/d2p6e6u75xmxt8.cloudfront.net\/4\/2019\/05\/levoca-3-300x200.webp 300w, https:\/\/d2p6e6u75xmxt8.cloudfront.net\/4\/2019\/05\/levoca-3-1024x683.webp 1024w, https:\/\/d2p6e6u75xmxt8.cloudfront.net\/4\/2019\/05\/levoca-3-768x512.webp 768w, https:\/\/d2p6e6u75xmxt8.cloudfront.net\/4\/2019\/05\/levoca-3-272x182.webp 272w\" sizes=\"auto, (max-width: 1200px) 100vw, 1200px\" \/><\/a>\n\t\t\t<\/div><\/figure><figure class='gallery-item'>\n\t\t\t<div class='gallery-icon landscape'>\n\t\t\t\t<a href='https:\/\/d2p6e6u75xmxt8.cloudfront.net\/4\/2019\/05\/levoca-39.webp'><img loading=\"lazy\" decoding=\"async\" width=\"1200\" height=\"800\" src=\"https:\/\/d2p6e6u75xmxt8.cloudfront.net\/4\/2019\/05\/levoca-39.webp\" class=\"attachment-full size-full\" alt=\"\" srcset=\"https:\/\/d2p6e6u75xmxt8.cloudfront.net\/4\/2019\/05\/levoca-39.webp 1200w, https:\/\/d2p6e6u75xmxt8.cloudfront.net\/4\/2019\/05\/levoca-39-300x200.webp 300w, https:\/\/d2p6e6u75xmxt8.cloudfront.net\/4\/2019\/05\/levoca-39-1024x683.webp 1024w, https:\/\/d2p6e6u75xmxt8.cloudfront.net\/4\/2019\/05\/levoca-39-768x512.webp 768w, https:\/\/d2p6e6u75xmxt8.cloudfront.net\/4\/2019\/05\/levoca-39-272x182.webp 272w\" sizes=\"auto, (max-width: 1200px) 100vw, 1200px\" \/><\/a>\n\t\t\t<\/div><\/figure>\n\t\t<\/div>\n        \n<h2><strong>Vyspovedali sme pani M\u00e1riu Stanovi\u010dov\u00fa z CYKLO SPI\u0160<\/strong><\/h2>\n<p><strong>Ako hodnot\u00edte sobotn\u00fd marat\u00f3n a \u00fa\u010das\u0165 V\u00e1\u0161ho marat\u00f3nu v s\u00e9rii \u0160koda BIKE OPEN TOUR? Ako sa to prejavilo na po\u010dte \u00fa\u010dastn\u00edkov? Zvl\u00e1dli by ste kapacitne aj viac?<\/strong><br \/>\n<em>Seri\u00e1l pretekov \u0160koda BIKE OPEN TOUR sa konal u\u017e po 6. rok. Takisto aj my v Levo\u010di sme tohto roku osl\u00e1vili 6. ro\u010dn\u00edk organizovania na\u0161ich pretekov v Levo\u010dsk\u00fdch vrchoch. Ka\u017ed\u00fd ro\u010dn\u00edk n\u00e1s pos\u00fava vpred. Tento ro\u010dn\u00edk sme nastavili vysok\u00fd cie\u013e oh\u013eadom odpadov\u00e9ho hospod\u00e1rstva. Splnenie tejto pomyselnej latky a celkov\u00e9ho priebehu \u0160koda MTB marat\u00f3nu hodnot\u00edme ve\u013emi uspokojuj\u00faco. Po nepriazniv\u00fdch dlhotrvaj\u00facich da\u017e\u010foch, sme ako na objedn\u00e1vku mali pr\u00e1ve v sobotu kr\u00e1sne slne\u010dn\u00e9 po\u010dasie. \u00da\u010das\u0165 n\u00e1\u0161ho marat\u00f3nu v s\u00e9rii \u0160BOT priniesol nov\u00fd rozmer kvalitnej ponuky pre pretek\u00e1rov a priaznivcov cyklistiky. Zaznamenali sme n\u00e1rast o 240 pretek\u00e1rov oproti minul\u00e9mu roku. Kapacitne sme boli nastaven\u00ed na tak\u00fdto po\u010det \u00fa\u010dastn\u00edkov. Z\u00e1zemie podujatia bolo situovan\u00e9 na Bio k\u00fapalisku v Levo\u010dskej doline, kde je v plnej sez\u00f3ne mo\u017en\u00e9 zvl\u00e1dnu\u0165 aj dvojn\u00e1sobn\u00fd po\u010det n\u00e1v\u0161tevn\u00edkov.<\/em><\/p>\n<p><strong>Pr\u00e1ve Vy ste st\u00e1li za my\u0161lienkou ekol\u00f3gie a ochrany \u017eivotn\u00e9ho prostredia celej s\u00e9rie \u0160BOT. Pribl\u00ed\u017ete n\u00e1m pros\u00edm, ako to cel\u00e9 fungovalo a ako konkr\u00e9tne sa to prejavilo na Va\u0161om podujat\u00ed<\/strong><br \/>\n<em>V\u0161etci organiz\u00e1tori chceme pre pretek\u00e1rov prinies\u0165 pekn\u00e9 trate, kvalitn\u00fd program, jedlo a celkov\u00fd komfort pri n\u00e1v\u0161teve cyklistov. Starostlivo vyber\u00e1me miesto, t\u00edm, predajcov. Existuje v\u0161ak jedna vec, ktor\u00e1 okrem nev\u0161edn\u00fdch z\u00e1\u017eitkov zost\u00e1va pr\u00edtomn\u00e1 po ka\u017edom MTB marat\u00f3ne. A tou je odpad. Kopy odpadu po skon\u010den\u00ed MTB podujatia znamenaj\u00fa pre v\u0161etk\u00fdch zodpovedn\u00fdch organiz\u00e1torov nevyhnutn\u00e9 zlo a nepr\u00edjemn\u00fd pocit. K odpadov\u00e9mu hospod\u00e1rstvu sa v\u0161ak m\u00f4\u017eeme postavi\u0165 aj inak. Dobre nastaven\u00fd syst\u00e9m nakladania s odpadom dok\u00e1\u017ee zabezpe\u010di\u0165, aby po\u010das podujatia, ak\u00fdm, s\u00fa aj MTB marat\u00f3ny, vzniklo jeho minimum. Tento koncept priniesol v\u00fdsledky, ktor\u00e9 po ukon\u010den\u00ed n\u00e1\u0161ho \u0161portov\u00e9ho podujatia zanechal dobr\u00fd pocit dokonca aj z odpadkov.<\/em><\/p>\n<p><em>Problematikou odpadu, filozofiou Zero Waste a princ\u00edpmi cirkul\u00e1rnej ekonomiky, sa na na\u0161ich cyklistick\u00fdch podujatiach zaober\u00e1m druh\u00fd rok. Ke\u010f n\u00e1\u0161 klub oslovili z\u00e1stupcovia \u0160BOT, hne\u010f som videla ve\u013ek\u00fd potenci\u00e1l zdie\u013ea\u0165 tieto v\u0161etky sk\u00fasenosti do celej s\u00e9rie. A aj v\u010faka podpore zna\u010dky \u0160koda a zdie\u013eaniu rovnakej my\u0161lienky v r\u00e1mci ekol\u00f3gie, sa n\u00e1m to v\u0161etko podarilo urobi\u0165 naozaj dobre. Najvy\u0161\u0161ou mojou prioritou je predch\u00e1dzanie vzniku odpadu. A tak sme s \u0160BOT vymenili igelitov\u00e9 ta\u0161ky za u\u017eito\u010dn\u00fd dar\u010dek \u0161portov\u00e9ho vrec\u00fa\u0161ka, ktor\u00e9 u ka\u017ed\u00e9ho cyklistu n\u00e1jde svoje uplatnenie. Zmenili sme \u0161t\u00fdl dar\u010dekov. Namiesto balen\u00fdch g\u00e9lov, ty\u010diniek, n\u00e1pojov sme podporili koncept bez obalu a dali sme \u0161ancu star\u00fdm veciam. Presnej\u0161ie, zo star\u00fdch bielych plachiet \u017eienky u\u0161ili vrec\u00fa\u0161ka, do ktor\u00fdch sme nav\u00e1\u017eili cestoviny, ktor\u00e9 sme dostali od n\u00e1\u0161ho partnera vo ve\u013ek\u00fdch papierov\u00fdch vreciach. Pon\u00fakli sme pretek\u00e1rom cyklistick\u00e9 ty\u010dinky, ktor\u00e9 boli vyroben\u00e9 tie\u017e bez plastov\u00e9ho obalu a my sme ich \u0161etrne zabalili do recyklovan\u00e9ho desiatov\u00e9ho papiera. V dar\u010dekovej ta\u0161ke bol jeden let\u00e1k \u0160BOT, ktor\u00fd bol vytla\u010den\u00fd na recyklovanom papieri. In\u00e9 drobnosti ako k\u013e\u00fa\u010denky, per\u00e1, \u010di let\u00e1ky, sme zamietli. V kone\u010dnom d\u00f4sledku u\u017e tieto veci s\u00fa predur\u010den\u00e9, aby skon\u010dili ako nepotrebn\u00e9 veci a n\u00e1sledne ako odpad.<\/em><\/p>\n<div data-rows=\"1\" id='gallery-7' class='gallery-rows-1 gallery galleryid-7225 gallery-columns-2 gallery-size-full'><figure class='gallery-item'>\n\t\t\t<div class='gallery-icon landscape'>\n\t\t\t\t<a href='https:\/\/d2p6e6u75xmxt8.cloudfront.net\/4\/2019\/05\/A.webp'><img loading=\"lazy\" decoding=\"async\" width=\"1200\" height=\"800\" src=\"https:\/\/d2p6e6u75xmxt8.cloudfront.net\/4\/2019\/05\/A.webp\" class=\"attachment-full size-full\" alt=\"\" srcset=\"https:\/\/d2p6e6u75xmxt8.cloudfront.net\/4\/2019\/05\/A.webp 1200w, https:\/\/d2p6e6u75xmxt8.cloudfront.net\/4\/2019\/05\/A-300x200.webp 300w, https:\/\/d2p6e6u75xmxt8.cloudfront.net\/4\/2019\/05\/A-1024x683.webp 1024w, https:\/\/d2p6e6u75xmxt8.cloudfront.net\/4\/2019\/05\/A-768x512.webp 768w, https:\/\/d2p6e6u75xmxt8.cloudfront.net\/4\/2019\/05\/A-272x182.webp 272w\" sizes=\"auto, (max-width: 1200px) 100vw, 1200px\" \/><\/a>\n\t\t\t<\/div><\/figure><figure class='gallery-item'>\n\t\t\t<div class='gallery-icon landscape'>\n\t\t\t\t<a href='https:\/\/d2p6e6u75xmxt8.cloudfront.net\/4\/2019\/05\/B.webp'><img loading=\"lazy\" decoding=\"async\" width=\"1200\" height=\"800\" src=\"https:\/\/d2p6e6u75xmxt8.cloudfront.net\/4\/2019\/05\/B.webp\" class=\"attachment-full size-full\" alt=\"\" srcset=\"https:\/\/d2p6e6u75xmxt8.cloudfront.net\/4\/2019\/05\/B.webp 1200w, https:\/\/d2p6e6u75xmxt8.cloudfront.net\/4\/2019\/05\/B-300x200.webp 300w, https:\/\/d2p6e6u75xmxt8.cloudfront.net\/4\/2019\/05\/B-1024x683.webp 1024w, https:\/\/d2p6e6u75xmxt8.cloudfront.net\/4\/2019\/05\/B-768x512.webp 768w, https:\/\/d2p6e6u75xmxt8.cloudfront.net\/4\/2019\/05\/B-272x182.webp 272w\" sizes=\"auto, (max-width: 1200px) 100vw, 1200px\" \/><\/a>\n\t\t\t<\/div><\/figure>\n\t\t<\/div>\n        \n<p><em>Pre v\u00ed\u0165azov sme mali kr\u00e1sne dreven\u00e9 ma\u013eovan\u00e9 medaile, hotov\u00e9 umeleck\u00e9 diela od na\u0161ej Ivky. Jednor\u00e1zov\u00e9 plastov\u00e9 poh\u00e1re a taniere sme nahradili plne kompostovate\u013en\u00fdmi alternat\u00edvami. Ly\u017eice sme zapo\u017ei\u010dali zo \u0161kolsk\u00fdch jed\u00e1lni v Levo\u010di a Spi\u0161skom Podhrad\u00ed, tak\u017ee netvorili \u017eiadny odpad, \u017eiadne straty a vr\u00e1tili sme ich v\u0161etky sp\u00e4\u0165. Plastov\u00e9 p\u00e1sky na uchytenie \u0161tartov\u00fdch \u010d\u00edsiel sme nahradili pr\u00edrodn\u00fdmi jutov\u00fdmi \u0161pag\u00e1tmi, ktor\u00e9 zvl\u00e1dli aj n\u00e1ro\u010dn\u00fa 73 km rozbahnen\u00fa tra\u0165. Na ob\u010derstvovac\u00edch staniciach sme zvolili z \u010dasti kompostovate\u013en\u00e9 poh\u00e1re pre pretek\u00e1rov, ktor\u00ed sa nezastavili a len v r\u00fdchlosti sa ob\u010derstvili. Tieto poh\u00e1re pre ostatn\u00fdch pretek\u00e1rov sme skombinovali so sklenen\u00fdmi poh\u00e1rmi, tie\u017e zapo\u017ei\u010dan\u00fdmi zo \u0161kolsk\u00fdch jed\u00e1ln\u00ed alebo t\u00fdch, ktor\u00e9 sa v dom\u00e1cnostiach nepou\u017e\u00edvali. My sme ich zhroma\u017edili a dookola vyu\u017e\u00edvame na pretekoch.<\/em><\/p>\n<p><em>Ob\u010derstvovacie stanice boli zabezpe\u010den\u00e9 bezobalovo. Nakupovali sme v bezobalovom obchode do vlastn\u00fdch n\u00e1dob, pek\u00e1re\u0148 n\u00e1m zabezpe\u010dila kol\u00e1\u010de vo vratn\u00fdch prepravk\u00e1ch, ovocie v kart\u00f3noch. My\u0161lienka Zero Waste a snaha zn\u00ed\u017ei\u0165 ekologick\u00fa stopu n\u00e1\u0161ho MTB podujatia sa v na\u0161om pr\u00edpade net\u00fdka len odpadu, ale aj fungovania organiza\u010dn\u00e9ho t\u00edmu a nastavenia procesov. Namiesto PET flia\u0161 s miner\u00e1lnou vodou u n\u00e1s n\u00e1jdete iba znovu pou\u017eite\u013en\u00e9 f\u013ea\u0161e, ktor\u00e9 pou\u017e\u00edvame ka\u017edodenne. Pre v\u0161etk\u00fdch intern\u00fdch aj extern\u00fdch pracovn\u00edkov, ktor\u00ed boli s\u00fa\u010das\u0165ou cel\u00e9ho n\u00e1\u0161ho t\u00edmu, sme pon\u00fakali bagety zabalen\u00e9 iba v papieri. V na\u0161om t\u00edme sme dali \u010fal\u0161\u00ed zmysel star\u00fdm tri\u010dk\u00e1m, ktor\u00e9 v skriniach u\u017e nemali vyu\u017eitie. Potla\u010dili sme si ich pe\u010diatkami a tieto tri\u010dk\u00e1 budeme vyu\u017e\u00edva\u0165 na \u010fal\u0161\u00edch na\u0161ich akci\u00e1ch. Za \u010fal\u0161iu ve\u013ek\u00fa sk\u00fa\u0161ku sme pova\u017eovali zru\u0161i\u0165 v are\u00e1li v\u0161etky ko\u0161e. Vytvorili sme \u0161peci\u00e1lnu ve\u013ek\u00fa separa\u010dn\u00fa stanicu, kde sme triedili v\u0161etko. \u00daplne v\u0161etok odpad, \u010do sa mohol vytvori\u0165 po\u010das pretekov. T\u00e1to stanica bola obsluhovan\u00e1 Zelenou hliadkou z Levo\u010de, ktor\u00e1 usmer\u0148ovala n\u00e1v\u0161tevn\u00edkov, radila a t\u00fdm aj vzdel\u00e1vala o trieden\u00ed odpadu. Je toho ve\u013ea, \u010do sme zmenili. Dnes si u\u017e neviem predstavi\u0165, \u017ee je to inak.<\/em><\/p>\n<p><strong>Ak\u00fd ve\u013ek\u00fd je V\u00e1\u0161 t\u00edm, ktor\u00fd st\u00e1l za celou organiz\u00e1ciou?<\/strong><br \/>\n<em>Po\u010das cel\u00e9ho podujatia by sme nar\u00e1tali stovku \u013eud\u00ed, ktor\u00ed sa akt\u00edvne podie\u013eali na pr\u00edprave a zabezpe\u010den\u00ed spr\u00e1vneho chodu MTB marat\u00f3nu. U\u017e\u0161\u00ed organiza\u010dn\u00fd t\u00edm je vyskladan\u00fd z rodi\u010dov na\u0161ich zverencov, det\u00ed klubu CYKLO SPI\u0160 a Zelenej hliadky mesta Levo\u010da.<\/em><\/p>\n<p><strong>Je nie\u010do, \u010do by ste spravili inak? S ak\u00fdmi prek\u00e1\u017ekami ste z\u00e1pasili?<\/strong><br \/>\n<em>Do bud\u00facna chceme ur\u010dite zlep\u0161i\u0165 um\u00fdvanie bicyklov a pod\u00e1va\u0165 kvalitnej\u0161iu a v\u00fd\u017eivnej\u0161iu bezm\u00e4sit\u00fa stravu. Po\u010das pr\u00edprav sme z\u00e1pasili s povoleniami prejazdov cez urbari\u00e1t, s\u00fakromn\u00e9 pozemky, ktor\u00e9 mus\u00edme rie\u0161i\u0165 v lep\u0161om dohovore a n\u00e1jden\u00ed nov\u00fdch rie\u0161en\u00ed. Ja osobne som z\u00e1pasila s klasick\u00fdm komfortn\u00fdm \u201eplastov\u00fdm\u201c \u0161t\u00fdlom na presadenie bezobalov\u00e9ho a bezodpadov\u00e9ho \u0161t\u00fdlu.<\/em><\/p>\n<p><a href=\"https:\/\/d2p6e6u75xmxt8.cloudfront.net\/4\/2019\/05\/C.jpg\"><img loading=\"lazy\" decoding=\"async\" src=\"https:\/\/d2p6e6u75xmxt8.cloudfront.net\/4\/2019\/05\/C.jpg\" alt=\"\" width=\"1200\" height=\"800\" class=\"alignnone size-full wp-image-7286\" \/><\/a><\/p>\n<p><strong>Organiz\u00e1cia tak\u00e9hoto podujatia je ur\u010dite ve\u013emi n\u00e1ro\u010dn\u00e1, \u010do V\u00e1s motivuje?<\/strong><br \/>\n<em>Organiz\u00e1cia MTB marat\u00f3nu je ve\u013emi n\u00e1ro\u010dn\u00e1 nielen \u010dasovo, ale aj energicky, kde hodiny a dni venovan\u00e9 pr\u00edprav\u00e1m ani ner\u00e1tame. Motivuje ma viac faktorov. Pre m\u0148a je \u00faspech, ke\u010f in\u0161pirujem oh\u013eadne tvorenia, netvorenia, separovania, \u010di myslenia \u010do i len jedn\u00e9ho \u010dloveka, lebo ten in\u0161piruje \u010fal\u0161ieho a ten \u010fal\u0161ieho a takto to ide \u010falej. Povzbudenie je pre m\u0148a uznanie t\u00edmu, \u017ee t\u00e1 v\u0161etka n\u00e1maha st\u00e1la za to. Te\u0161\u00ed ma poh\u013ead po skon\u010den\u00ed pretekov na n\u00e1\u0161 vytvoren\u00fd odpad, na to mini vrecko komun\u00e1lneho odpadu, na to ko\u013eko vyseparovan\u00e9ho odpadu za jeden de\u0148 vytvorilo okolo 700 \u013eud\u00ed.<\/em><\/p>\n<p><strong>\u010co by ste odk\u00e1zali bikerom, ktor\u00ed sa e\u0161te nikdy nez\u00fa\u010dastnili tak\u00e9hoto marat\u00f3nu a pre\u010do by to mali vysk\u00fa\u0161a\u0165?<\/strong><br \/>\n<em>N\u00e1v\u0161teva n\u00e1\u0161ho MTB marat\u00f3nu pon\u00faka kr\u00e1snu pr\u00edrodu v Levo\u010dsk\u00fdch vrchoch, n\u00e1dhern\u00e9 v\u00fdh\u013eady na Vysok\u00e9 Tatry. Ve\u013ek\u00e1 \u010das\u0165 trat\u00ed vedie cez b\u00fdval\u00e9 vojensk\u00e9 p\u00e1smo Javorina, kde e\u0161te vidie\u0165 pozostatky os\u00e1d a ded\u00edn, ktor\u00e9 boli vys\u00eddlen\u00e9. Ide\u00e1lne je pr\u00eds\u0165 do Levo\u010de ur\u010dite na cel\u00fd v\u00edkend. Dostatok kr\u00e1s m\u00e1me nielen v na\u0161ich hor\u00e1ch, ale aj starobylej Levo\u010di. MTB marat\u00f3n pripravujeme oh\u013eaduplne k \u017eivotn\u00e9mu prostrediu, najlep\u0161ie ako vieme.<\/em><\/p>\n<h2><strong>Kde sa vid\u00edme nabud\u00face?<\/strong><\/h2>\n<p>Sobota v Levo\u010dskej Doline dopadla na jednotku s hviezdi\u010dkou. \u0160tvrt\u00fdm podujat\u00edm s\u00e9rie \u0160koda BIKE OPEN TOUR 2019 bude <strong>\u0160koda MTB marat\u00f3n Rajeck\u00e9 Teplice<\/strong>, ktor\u00fd sa uskuto\u010dn\u00ed <strong>15. j\u00fana 2019 na K\u00fapalisku Laura Rajeck\u00e9 Teplice<\/strong>. Tento ro\u010dn\u00edk marat\u00f3nu povedie kr\u00e1snym prostred\u00edm Rajeckej doliny a pohor\u00edm L\u00fa\u010danskej Malej Fatry. Preteky bud\u00fa s\u00fa\u010dasne 1. ro\u010dn\u00edkom Majstrovstiev Slovenska vysok\u00fdch \u0161k\u00f4l.<\/p>\n<p><div data-rows=\"1\" id='gallery-8' class='gallery-rows-1 gallery galleryid-7225 gallery-columns-3 gallery-size-full'><figure class='gallery-item'>\n\t\t\t<div class='gallery-icon landscape'>\n\t\t\t\t<a href='https:\/\/d2p6e6u75xmxt8.cloudfront.net\/4\/2019\/05\/levoca-1.webp'><img loading=\"lazy\" decoding=\"async\" width=\"1200\" height=\"800\" src=\"https:\/\/d2p6e6u75xmxt8.cloudfront.net\/4\/2019\/05\/levoca-1.webp\" class=\"attachment-full size-full\" alt=\"\" srcset=\"https:\/\/d2p6e6u75xmxt8.cloudfront.net\/4\/2019\/05\/levoca-1.webp 1200w, https:\/\/d2p6e6u75xmxt8.cloudfront.net\/4\/2019\/05\/levoca-1-300x200.webp 300w, https:\/\/d2p6e6u75xmxt8.cloudfront.net\/4\/2019\/05\/levoca-1-1024x683.webp 1024w, https:\/\/d2p6e6u75xmxt8.cloudfront.net\/4\/2019\/05\/levoca-1-768x512.webp 768w, https:\/\/d2p6e6u75xmxt8.cloudfront.net\/4\/2019\/05\/levoca-1-272x182.webp 272w\" sizes=\"auto, (max-width: 1200px) 100vw, 1200px\" \/><\/a>\n\t\t\t<\/div><\/figure><figure class='gallery-item'>\n\t\t\t<div class='gallery-icon landscape'>\n\t\t\t\t<a href='https:\/\/d2p6e6u75xmxt8.cloudfront.net\/4\/2019\/05\/levoca-4.webp'><img loading=\"lazy\" decoding=\"async\" width=\"1200\" height=\"800\" src=\"https:\/\/d2p6e6u75xmxt8.cloudfront.net\/4\/2019\/05\/levoca-4.webp\" class=\"attachment-full size-full\" alt=\"\" srcset=\"https:\/\/d2p6e6u75xmxt8.cloudfront.net\/4\/2019\/05\/levoca-4.webp 1200w, https:\/\/d2p6e6u75xmxt8.cloudfront.net\/4\/2019\/05\/levoca-4-300x200.webp 300w, https:\/\/d2p6e6u75xmxt8.cloudfront.net\/4\/2019\/05\/levoca-4-1024x683.webp 1024w, https:\/\/d2p6e6u75xmxt8.cloudfront.net\/4\/2019\/05\/levoca-4-768x512.webp 768w, https:\/\/d2p6e6u75xmxt8.cloudfront.net\/4\/2019\/05\/levoca-4-272x182.webp 272w\" sizes=\"auto, (max-width: 1200px) 100vw, 1200px\" \/><\/a>\n\t\t\t<\/div><\/figure><figure class='gallery-item'>\n\t\t\t<div class='gallery-icon landscape'>\n\t\t\t\t<a href='https:\/\/d2p6e6u75xmxt8.cloudfront.net\/4\/2019\/05\/levoca-5.webp'><img loading=\"lazy\" decoding=\"async\" width=\"1200\" height=\"800\" src=\"https:\/\/d2p6e6u75xmxt8.cloudfront.net\/4\/2019\/05\/levoca-5.webp\" class=\"attachment-full size-full\" alt=\"\" srcset=\"https:\/\/d2p6e6u75xmxt8.cloudfront.net\/4\/2019\/05\/levoca-5.webp 1200w, https:\/\/d2p6e6u75xmxt8.cloudfront.net\/4\/2019\/05\/levoca-5-300x200.webp 300w, https:\/\/d2p6e6u75xmxt8.cloudfront.net\/4\/2019\/05\/levoca-5-1024x683.webp 1024w, https:\/\/d2p6e6u75xmxt8.cloudfront.net\/4\/2019\/05\/levoca-5-768x512.webp 768w, https:\/\/d2p6e6u75xmxt8.cloudfront.net\/4\/2019\/05\/levoca-5-272x182.webp 272w\" sizes=\"auto, (max-width: 1200px) 100vw, 1200px\" \/><\/a>\n\t\t\t<\/div><\/figure><figure class='gallery-item'>\n\t\t\t<div class='gallery-icon landscape'>\n\t\t\t\t<a href='https:\/\/d2p6e6u75xmxt8.cloudfront.net\/4\/2019\/05\/levoca-8.webp'><img loading=\"lazy\" decoding=\"async\" width=\"1200\" height=\"800\" src=\"https:\/\/d2p6e6u75xmxt8.cloudfront.net\/4\/2019\/05\/levoca-8.webp\" class=\"attachment-full size-full\" alt=\"\" srcset=\"https:\/\/d2p6e6u75xmxt8.cloudfront.net\/4\/2019\/05\/levoca-8.webp 1200w, https:\/\/d2p6e6u75xmxt8.cloudfront.net\/4\/2019\/05\/levoca-8-300x200.webp 300w, https:\/\/d2p6e6u75xmxt8.cloudfront.net\/4\/2019\/05\/levoca-8-1024x683.webp 1024w, https:\/\/d2p6e6u75xmxt8.cloudfront.net\/4\/2019\/05\/levoca-8-768x512.webp 768w, https:\/\/d2p6e6u75xmxt8.cloudfront.net\/4\/2019\/05\/levoca-8-272x182.webp 272w\" sizes=\"auto, (max-width: 1200px) 100vw, 1200px\" \/><\/a>\n\t\t\t<\/div><\/figure><figure class='gallery-item'>\n\t\t\t<div class='gallery-icon landscape'>\n\t\t\t\t<a href='https:\/\/d2p6e6u75xmxt8.cloudfront.net\/4\/2019\/05\/levoca-9.webp'><img loading=\"lazy\" decoding=\"async\" width=\"1200\" height=\"800\" src=\"https:\/\/d2p6e6u75xmxt8.cloudfront.net\/4\/2019\/05\/levoca-9.webp\" class=\"attachment-full size-full\" alt=\"\" srcset=\"https:\/\/d2p6e6u75xmxt8.cloudfront.net\/4\/2019\/05\/levoca-9.webp 1200w, https:\/\/d2p6e6u75xmxt8.cloudfront.net\/4\/2019\/05\/levoca-9-300x200.webp 300w, https:\/\/d2p6e6u75xmxt8.cloudfront.net\/4\/2019\/05\/levoca-9-1024x683.webp 1024w, https:\/\/d2p6e6u75xmxt8.cloudfront.net\/4\/2019\/05\/levoca-9-768x512.webp 768w, https:\/\/d2p6e6u75xmxt8.cloudfront.net\/4\/2019\/05\/levoca-9-272x182.webp 272w\" sizes=\"auto, (max-width: 1200px) 100vw, 1200px\" \/><\/a>\n\t\t\t<\/div><\/figure><figure class='gallery-item'>\n\t\t\t<div class='gallery-icon landscape'>\n\t\t\t\t<a href='https:\/\/d2p6e6u75xmxt8.cloudfront.net\/4\/2019\/05\/levoca-10.webp'><img loading=\"lazy\" decoding=\"async\" width=\"1200\" height=\"800\" src=\"https:\/\/d2p6e6u75xmxt8.cloudfront.net\/4\/2019\/05\/levoca-10.webp\" class=\"attachment-full size-full\" alt=\"\" srcset=\"https:\/\/d2p6e6u75xmxt8.cloudfront.net\/4\/2019\/05\/levoca-10.webp 1200w, https:\/\/d2p6e6u75xmxt8.cloudfront.net\/4\/2019\/05\/levoca-10-300x200.webp 300w, https:\/\/d2p6e6u75xmxt8.cloudfront.net\/4\/2019\/05\/levoca-10-1024x683.webp 1024w, https:\/\/d2p6e6u75xmxt8.cloudfront.net\/4\/2019\/05\/levoca-10-768x512.webp 768w, https:\/\/d2p6e6u75xmxt8.cloudfront.net\/4\/2019\/05\/levoca-10-272x182.webp 272w\" sizes=\"auto, (max-width: 1200px) 100vw, 1200px\" \/><\/a>\n\t\t\t<\/div><\/figure><figure class='gallery-item'>\n\t\t\t<div class='gallery-icon landscape'>\n\t\t\t\t<a href='https:\/\/d2p6e6u75xmxt8.cloudfront.net\/4\/2019\/05\/levoca-11.webp'><img loading=\"lazy\" decoding=\"async\" width=\"1200\" height=\"800\" src=\"https:\/\/d2p6e6u75xmxt8.cloudfront.net\/4\/2019\/05\/levoca-11.webp\" class=\"attachment-full size-full\" alt=\"\" srcset=\"https:\/\/d2p6e6u75xmxt8.cloudfront.net\/4\/2019\/05\/levoca-11.webp 1200w, https:\/\/d2p6e6u75xmxt8.cloudfront.net\/4\/2019\/05\/levoca-11-300x200.webp 300w, https:\/\/d2p6e6u75xmxt8.cloudfront.net\/4\/2019\/05\/levoca-11-1024x683.webp 1024w, https:\/\/d2p6e6u75xmxt8.cloudfront.net\/4\/2019\/05\/levoca-11-768x512.webp 768w, https:\/\/d2p6e6u75xmxt8.cloudfront.net\/4\/2019\/05\/levoca-11-272x182.webp 272w\" sizes=\"auto, (max-width: 1200px) 100vw, 1200px\" \/><\/a>\n\t\t\t<\/div><\/figure><figure class='gallery-item'>\n\t\t\t<div class='gallery-icon landscape'>\n\t\t\t\t<a href='https:\/\/d2p6e6u75xmxt8.cloudfront.net\/4\/2019\/05\/levoca-14.webp'><img loading=\"lazy\" decoding=\"async\" width=\"1200\" height=\"800\" src=\"https:\/\/d2p6e6u75xmxt8.cloudfront.net\/4\/2019\/05\/levoca-14.webp\" class=\"attachment-full size-full\" alt=\"\" srcset=\"https:\/\/d2p6e6u75xmxt8.cloudfront.net\/4\/2019\/05\/levoca-14.webp 1200w, https:\/\/d2p6e6u75xmxt8.cloudfront.net\/4\/2019\/05\/levoca-14-300x200.webp 300w, https:\/\/d2p6e6u75xmxt8.cloudfront.net\/4\/2019\/05\/levoca-14-1024x683.webp 1024w, https:\/\/d2p6e6u75xmxt8.cloudfront.net\/4\/2019\/05\/levoca-14-768x512.webp 768w, https:\/\/d2p6e6u75xmxt8.cloudfront.net\/4\/2019\/05\/levoca-14-272x182.webp 272w\" sizes=\"auto, (max-width: 1200px) 100vw, 1200px\" \/><\/a>\n\t\t\t<\/div><\/figure><figure class='gallery-item'>\n\t\t\t<div class='gallery-icon landscape'>\n\t\t\t\t<a href='https:\/\/d2p6e6u75xmxt8.cloudfront.net\/4\/2019\/05\/levoca-17.webp'><img loading=\"lazy\" decoding=\"async\" width=\"1200\" height=\"800\" src=\"https:\/\/d2p6e6u75xmxt8.cloudfront.net\/4\/2019\/05\/levoca-17.webp\" class=\"attachment-full size-full\" alt=\"\" srcset=\"https:\/\/d2p6e6u75xmxt8.cloudfront.net\/4\/2019\/05\/levoca-17.webp 1200w, https:\/\/d2p6e6u75xmxt8.cloudfront.net\/4\/2019\/05\/levoca-17-300x200.webp 300w, https:\/\/d2p6e6u75xmxt8.cloudfront.net\/4\/2019\/05\/levoca-17-1024x683.webp 1024w, https:\/\/d2p6e6u75xmxt8.cloudfront.net\/4\/2019\/05\/levoca-17-768x512.webp 768w, https:\/\/d2p6e6u75xmxt8.cloudfront.net\/4\/2019\/05\/levoca-17-272x182.webp 272w\" sizes=\"auto, (max-width: 1200px) 100vw, 1200px\" \/><\/a>\n\t\t\t<\/div><\/figure><figure class='gallery-item'>\n\t\t\t<div class='gallery-icon landscape'>\n\t\t\t\t<a href='https:\/\/d2p6e6u75xmxt8.cloudfront.net\/4\/2019\/05\/levoca-18.webp'><img loading=\"lazy\" decoding=\"async\" width=\"1200\" height=\"800\" src=\"https:\/\/d2p6e6u75xmxt8.cloudfront.net\/4\/2019\/05\/levoca-18.webp\" class=\"attachment-full size-full\" alt=\"\" srcset=\"https:\/\/d2p6e6u75xmxt8.cloudfront.net\/4\/2019\/05\/levoca-18.webp 1200w, https:\/\/d2p6e6u75xmxt8.cloudfront.net\/4\/2019\/05\/levoca-18-300x200.webp 300w, https:\/\/d2p6e6u75xmxt8.cloudfront.net\/4\/2019\/05\/levoca-18-1024x683.webp 1024w, https:\/\/d2p6e6u75xmxt8.cloudfront.net\/4\/2019\/05\/levoca-18-768x512.webp 768w, https:\/\/d2p6e6u75xmxt8.cloudfront.net\/4\/2019\/05\/levoca-18-272x182.webp 272w\" sizes=\"auto, (max-width: 1200px) 100vw, 1200px\" \/><\/a>\n\t\t\t<\/div><\/figure><figure class='gallery-item'>\n\t\t\t<div class='gallery-icon landscape'>\n\t\t\t\t<a href='https:\/\/d2p6e6u75xmxt8.cloudfront.net\/4\/2019\/05\/levoca-21.webp'><img loading=\"lazy\" decoding=\"async\" width=\"1200\" height=\"800\" src=\"https:\/\/d2p6e6u75xmxt8.cloudfront.net\/4\/2019\/05\/levoca-21.webp\" class=\"attachment-full size-full\" alt=\"\" srcset=\"https:\/\/d2p6e6u75xmxt8.cloudfront.net\/4\/2019\/05\/levoca-21.webp 1200w, https:\/\/d2p6e6u75xmxt8.cloudfront.net\/4\/2019\/05\/levoca-21-300x200.webp 300w, https:\/\/d2p6e6u75xmxt8.cloudfront.net\/4\/2019\/05\/levoca-21-1024x683.webp 1024w, https:\/\/d2p6e6u75xmxt8.cloudfront.net\/4\/2019\/05\/levoca-21-768x512.webp 768w, https:\/\/d2p6e6u75xmxt8.cloudfront.net\/4\/2019\/05\/levoca-21-272x182.webp 272w\" sizes=\"auto, (max-width: 1200px) 100vw, 1200px\" \/><\/a>\n\t\t\t<\/div><\/figure><figure class='gallery-item'>\n\t\t\t<div class='gallery-icon landscape'>\n\t\t\t\t<a href='https:\/\/d2p6e6u75xmxt8.cloudfront.net\/4\/2019\/05\/levoca-22.webp'><img loading=\"lazy\" decoding=\"async\" width=\"1200\" height=\"800\" src=\"https:\/\/d2p6e6u75xmxt8.cloudfront.net\/4\/2019\/05\/levoca-22.webp\" class=\"attachment-full size-full\" alt=\"\" srcset=\"https:\/\/d2p6e6u75xmxt8.cloudfront.net\/4\/2019\/05\/levoca-22.webp 1200w, https:\/\/d2p6e6u75xmxt8.cloudfront.net\/4\/2019\/05\/levoca-22-300x200.webp 300w, https:\/\/d2p6e6u75xmxt8.cloudfront.net\/4\/2019\/05\/levoca-22-1024x683.webp 1024w, https:\/\/d2p6e6u75xmxt8.cloudfront.net\/4\/2019\/05\/levoca-22-768x512.webp 768w, https:\/\/d2p6e6u75xmxt8.cloudfront.net\/4\/2019\/05\/levoca-22-272x182.webp 272w\" sizes=\"auto, (max-width: 1200px) 100vw, 1200px\" \/><\/a>\n\t\t\t<\/div><\/figure><figure class='gallery-item'>\n\t\t\t<div class='gallery-icon landscape'>\n\t\t\t\t<a href='https:\/\/d2p6e6u75xmxt8.cloudfront.net\/4\/2019\/05\/levoca-24.webp'><img loading=\"lazy\" decoding=\"async\" width=\"1200\" height=\"800\" src=\"https:\/\/d2p6e6u75xmxt8.cloudfront.net\/4\/2019\/05\/levoca-24.webp\" class=\"attachment-full size-full\" alt=\"\" srcset=\"https:\/\/d2p6e6u75xmxt8.cloudfront.net\/4\/2019\/05\/levoca-24.webp 1200w, https:\/\/d2p6e6u75xmxt8.cloudfront.net\/4\/2019\/05\/levoca-24-300x200.webp 300w, https:\/\/d2p6e6u75xmxt8.cloudfront.net\/4\/2019\/05\/levoca-24-1024x683.webp 1024w, https:\/\/d2p6e6u75xmxt8.cloudfront.net\/4\/2019\/05\/levoca-24-768x512.webp 768w, https:\/\/d2p6e6u75xmxt8.cloudfront.net\/4\/2019\/05\/levoca-24-272x182.webp 272w\" sizes=\"auto, (max-width: 1200px) 100vw, 1200px\" \/><\/a>\n\t\t\t<\/div><\/figure><figure class='gallery-item'>\n\t\t\t<div class='gallery-icon landscape'>\n\t\t\t\t<a href='https:\/\/d2p6e6u75xmxt8.cloudfront.net\/4\/2019\/05\/levoca-25.webp'><img loading=\"lazy\" decoding=\"async\" width=\"1200\" height=\"800\" src=\"https:\/\/d2p6e6u75xmxt8.cloudfront.net\/4\/2019\/05\/levoca-25.webp\" class=\"attachment-full size-full\" alt=\"\" srcset=\"https:\/\/d2p6e6u75xmxt8.cloudfront.net\/4\/2019\/05\/levoca-25.webp 1200w, https:\/\/d2p6e6u75xmxt8.cloudfront.net\/4\/2019\/05\/levoca-25-300x200.webp 300w, https:\/\/d2p6e6u75xmxt8.cloudfront.net\/4\/2019\/05\/levoca-25-1024x683.webp 1024w, https:\/\/d2p6e6u75xmxt8.cloudfront.net\/4\/2019\/05\/levoca-25-768x512.webp 768w, https:\/\/d2p6e6u75xmxt8.cloudfront.net\/4\/2019\/05\/levoca-25-272x182.webp 272w\" sizes=\"auto, (max-width: 1200px) 100vw, 1200px\" \/><\/a>\n\t\t\t<\/div><\/figure><figure class='gallery-item'>\n\t\t\t<div class='gallery-icon landscape'>\n\t\t\t\t<a href='https:\/\/d2p6e6u75xmxt8.cloudfront.net\/4\/2019\/05\/levoca-26.webp'><img loading=\"lazy\" decoding=\"async\" width=\"1200\" height=\"800\" src=\"https:\/\/d2p6e6u75xmxt8.cloudfront.net\/4\/2019\/05\/levoca-26.webp\" class=\"attachment-full size-full\" alt=\"\" srcset=\"https:\/\/d2p6e6u75xmxt8.cloudfront.net\/4\/2019\/05\/levoca-26.webp 1200w, https:\/\/d2p6e6u75xmxt8.cloudfront.net\/4\/2019\/05\/levoca-26-300x200.webp 300w, https:\/\/d2p6e6u75xmxt8.cloudfront.net\/4\/2019\/05\/levoca-26-1024x683.webp 1024w, https:\/\/d2p6e6u75xmxt8.cloudfront.net\/4\/2019\/05\/levoca-26-768x512.webp 768w, https:\/\/d2p6e6u75xmxt8.cloudfront.net\/4\/2019\/05\/levoca-26-272x182.webp 272w\" sizes=\"auto, (max-width: 1200px) 100vw, 1200px\" \/><\/a>\n\t\t\t<\/div><\/figure><figure class='gallery-item'>\n\t\t\t<div class='gallery-icon landscape'>\n\t\t\t\t<a href='https:\/\/d2p6e6u75xmxt8.cloudfront.net\/4\/2019\/05\/levoca-29.webp'><img loading=\"lazy\" decoding=\"async\" width=\"1200\" height=\"800\" src=\"https:\/\/d2p6e6u75xmxt8.cloudfront.net\/4\/2019\/05\/levoca-29.webp\" class=\"attachment-full size-full\" alt=\"\" srcset=\"https:\/\/d2p6e6u75xmxt8.cloudfront.net\/4\/2019\/05\/levoca-29.webp 1200w, https:\/\/d2p6e6u75xmxt8.cloudfront.net\/4\/2019\/05\/levoca-29-300x200.webp 300w, https:\/\/d2p6e6u75xmxt8.cloudfront.net\/4\/2019\/05\/levoca-29-1024x683.webp 1024w, https:\/\/d2p6e6u75xmxt8.cloudfront.net\/4\/2019\/05\/levoca-29-768x512.webp 768w, https:\/\/d2p6e6u75xmxt8.cloudfront.net\/4\/2019\/05\/levoca-29-272x182.webp 272w\" sizes=\"auto, (max-width: 1200px) 100vw, 1200px\" \/><\/a>\n\t\t\t<\/div><\/figure><figure class='gallery-item'>\n\t\t\t<div class='gallery-icon landscape'>\n\t\t\t\t<a href='https:\/\/d2p6e6u75xmxt8.cloudfront.net\/4\/2019\/05\/levoca-30.webp'><img loading=\"lazy\" decoding=\"async\" width=\"1200\" height=\"800\" src=\"https:\/\/d2p6e6u75xmxt8.cloudfront.net\/4\/2019\/05\/levoca-30.webp\" class=\"attachment-full size-full\" alt=\"\" srcset=\"https:\/\/d2p6e6u75xmxt8.cloudfront.net\/4\/2019\/05\/levoca-30.webp 1200w, https:\/\/d2p6e6u75xmxt8.cloudfront.net\/4\/2019\/05\/levoca-30-300x200.webp 300w, https:\/\/d2p6e6u75xmxt8.cloudfront.net\/4\/2019\/05\/levoca-30-1024x683.webp 1024w, https:\/\/d2p6e6u75xmxt8.cloudfront.net\/4\/2019\/05\/levoca-30-768x512.webp 768w, https:\/\/d2p6e6u75xmxt8.cloudfront.net\/4\/2019\/05\/levoca-30-272x182.webp 272w\" sizes=\"auto, (max-width: 1200px) 100vw, 1200px\" \/><\/a>\n\t\t\t<\/div><\/figure><figure class='gallery-item'>\n\t\t\t<div class='gallery-icon landscape'>\n\t\t\t\t<a href='https:\/\/d2p6e6u75xmxt8.cloudfront.net\/4\/2019\/05\/levoca-31.webp'><img loading=\"lazy\" decoding=\"async\" width=\"1200\" height=\"800\" src=\"https:\/\/d2p6e6u75xmxt8.cloudfront.net\/4\/2019\/05\/levoca-31.webp\" class=\"attachment-full size-full\" alt=\"\" srcset=\"https:\/\/d2p6e6u75xmxt8.cloudfront.net\/4\/2019\/05\/levoca-31.webp 1200w, https:\/\/d2p6e6u75xmxt8.cloudfront.net\/4\/2019\/05\/levoca-31-300x200.webp 300w, https:\/\/d2p6e6u75xmxt8.cloudfront.net\/4\/2019\/05\/levoca-31-1024x683.webp 1024w, https:\/\/d2p6e6u75xmxt8.cloudfront.net\/4\/2019\/05\/levoca-31-768x512.webp 768w, https:\/\/d2p6e6u75xmxt8.cloudfront.net\/4\/2019\/05\/levoca-31-272x182.webp 272w\" sizes=\"auto, (max-width: 1200px) 100vw, 1200px\" \/><\/a>\n\t\t\t<\/div><\/figure><figure class='gallery-item'>\n\t\t\t<div class='gallery-icon landscape'>\n\t\t\t\t<a href='https:\/\/d2p6e6u75xmxt8.cloudfront.net\/4\/2019\/05\/levoca-32.webp'><img loading=\"lazy\" decoding=\"async\" width=\"1200\" height=\"800\" src=\"https:\/\/d2p6e6u75xmxt8.cloudfront.net\/4\/2019\/05\/levoca-32.webp\" class=\"attachment-full size-full\" alt=\"\" srcset=\"https:\/\/d2p6e6u75xmxt8.cloudfront.net\/4\/2019\/05\/levoca-32.webp 1200w, https:\/\/d2p6e6u75xmxt8.cloudfront.net\/4\/2019\/05\/levoca-32-300x200.webp 300w, https:\/\/d2p6e6u75xmxt8.cloudfront.net\/4\/2019\/05\/levoca-32-1024x683.webp 1024w, https:\/\/d2p6e6u75xmxt8.cloudfront.net\/4\/2019\/05\/levoca-32-768x512.webp 768w, https:\/\/d2p6e6u75xmxt8.cloudfront.net\/4\/2019\/05\/levoca-32-272x182.webp 272w\" sizes=\"auto, (max-width: 1200px) 100vw, 1200px\" \/><\/a>\n\t\t\t<\/div><\/figure><figure class='gallery-item'>\n\t\t\t<div class='gallery-icon landscape'>\n\t\t\t\t<a href='https:\/\/d2p6e6u75xmxt8.cloudfront.net\/4\/2019\/05\/levoca-33.webp'><img loading=\"lazy\" decoding=\"async\" width=\"1200\" height=\"800\" src=\"https:\/\/d2p6e6u75xmxt8.cloudfront.net\/4\/2019\/05\/levoca-33.webp\" class=\"attachment-full size-full\" alt=\"\" srcset=\"https:\/\/d2p6e6u75xmxt8.cloudfront.net\/4\/2019\/05\/levoca-33.webp 1200w, https:\/\/d2p6e6u75xmxt8.cloudfront.net\/4\/2019\/05\/levoca-33-300x200.webp 300w, https:\/\/d2p6e6u75xmxt8.cloudfront.net\/4\/2019\/05\/levoca-33-1024x683.webp 1024w, https:\/\/d2p6e6u75xmxt8.cloudfront.net\/4\/2019\/05\/levoca-33-768x512.webp 768w, https:\/\/d2p6e6u75xmxt8.cloudfront.net\/4\/2019\/05\/levoca-33-272x182.webp 272w\" sizes=\"auto, (max-width: 1200px) 100vw, 1200px\" \/><\/a>\n\t\t\t<\/div><\/figure><figure class='gallery-item'>\n\t\t\t<div class='gallery-icon landscape'>\n\t\t\t\t<a href='https:\/\/d2p6e6u75xmxt8.cloudfront.net\/4\/2019\/05\/levoca-34.webp'><img loading=\"lazy\" decoding=\"async\" width=\"1200\" height=\"800\" src=\"https:\/\/d2p6e6u75xmxt8.cloudfront.net\/4\/2019\/05\/levoca-34.webp\" class=\"attachment-full size-full\" alt=\"\" srcset=\"https:\/\/d2p6e6u75xmxt8.cloudfront.net\/4\/2019\/05\/levoca-34.webp 1200w, https:\/\/d2p6e6u75xmxt8.cloudfront.net\/4\/2019\/05\/levoca-34-300x200.webp 300w, https:\/\/d2p6e6u75xmxt8.cloudfront.net\/4\/2019\/05\/levoca-34-1024x683.webp 1024w, https:\/\/d2p6e6u75xmxt8.cloudfront.net\/4\/2019\/05\/levoca-34-768x512.webp 768w, https:\/\/d2p6e6u75xmxt8.cloudfront.net\/4\/2019\/05\/levoca-34-272x182.webp 272w\" sizes=\"auto, (max-width: 1200px) 100vw, 1200px\" \/><\/a>\n\t\t\t<\/div><\/figure><figure class='gallery-item'>\n\t\t\t<div class='gallery-icon landscape'>\n\t\t\t\t<a href='https:\/\/d2p6e6u75xmxt8.cloudfront.net\/4\/2019\/05\/levoca-35.webp'><img loading=\"lazy\" decoding=\"async\" width=\"1200\" height=\"800\" src=\"https:\/\/d2p6e6u75xmxt8.cloudfront.net\/4\/2019\/05\/levoca-35.webp\" class=\"attachment-full size-full\" alt=\"\" srcset=\"https:\/\/d2p6e6u75xmxt8.cloudfront.net\/4\/2019\/05\/levoca-35.webp 1200w, https:\/\/d2p6e6u75xmxt8.cloudfront.net\/4\/2019\/05\/levoca-35-300x200.webp 300w, https:\/\/d2p6e6u75xmxt8.cloudfront.net\/4\/2019\/05\/levoca-35-1024x683.webp 1024w, https:\/\/d2p6e6u75xmxt8.cloudfront.net\/4\/2019\/05\/levoca-35-768x512.webp 768w, https:\/\/d2p6e6u75xmxt8.cloudfront.net\/4\/2019\/05\/levoca-35-272x182.webp 272w\" sizes=\"auto, (max-width: 1200px) 100vw, 1200px\" \/><\/a>\n\t\t\t<\/div><\/figure><figure class='gallery-item'>\n\t\t\t<div class='gallery-icon landscape'>\n\t\t\t\t<a href='https:\/\/d2p6e6u75xmxt8.cloudfront.net\/4\/2019\/05\/levoca-36.webp'><img loading=\"lazy\" decoding=\"async\" width=\"1200\" height=\"800\" src=\"https:\/\/d2p6e6u75xmxt8.cloudfront.net\/4\/2019\/05\/levoca-36.webp\" class=\"attachment-full size-full\" alt=\"\" srcset=\"https:\/\/d2p6e6u75xmxt8.cloudfront.net\/4\/2019\/05\/levoca-36.webp 1200w, https:\/\/d2p6e6u75xmxt8.cloudfront.net\/4\/2019\/05\/levoca-36-300x200.webp 300w, https:\/\/d2p6e6u75xmxt8.cloudfront.net\/4\/2019\/05\/levoca-36-1024x683.webp 1024w, https:\/\/d2p6e6u75xmxt8.cloudfront.net\/4\/2019\/05\/levoca-36-768x512.webp 768w, https:\/\/d2p6e6u75xmxt8.cloudfront.net\/4\/2019\/05\/levoca-36-272x182.webp 272w\" sizes=\"auto, (max-width: 1200px) 100vw, 1200px\" \/><\/a>\n\t\t\t<\/div><\/figure><figure class='gallery-item'>\n\t\t\t<div class='gallery-icon landscape'>\n\t\t\t\t<a href='https:\/\/d2p6e6u75xmxt8.cloudfront.net\/4\/2019\/05\/levoca-37.webp'><img loading=\"lazy\" decoding=\"async\" width=\"1200\" height=\"800\" src=\"https:\/\/d2p6e6u75xmxt8.cloudfront.net\/4\/2019\/05\/levoca-37.webp\" class=\"attachment-full size-full\" alt=\"\" srcset=\"https:\/\/d2p6e6u75xmxt8.cloudfront.net\/4\/2019\/05\/levoca-37.webp 1200w, https:\/\/d2p6e6u75xmxt8.cloudfront.net\/4\/2019\/05\/levoca-37-300x200.webp 300w, https:\/\/d2p6e6u75xmxt8.cloudfront.net\/4\/2019\/05\/levoca-37-1024x683.webp 1024w, https:\/\/d2p6e6u75xmxt8.cloudfront.net\/4\/2019\/05\/levoca-37-768x512.webp 768w, https:\/\/d2p6e6u75xmxt8.cloudfront.net\/4\/2019\/05\/levoca-37-272x182.webp 272w\" sizes=\"auto, (max-width: 1200px) 100vw, 1200px\" \/><\/a>\n\t\t\t<\/div><\/figure><figure class='gallery-item'>\n\t\t\t<div class='gallery-icon landscape'>\n\t\t\t\t<a href='https:\/\/d2p6e6u75xmxt8.cloudfront.net\/4\/2019\/05\/levoca-40-1.webp'><img loading=\"lazy\" decoding=\"async\" width=\"1200\" height=\"800\" src=\"https:\/\/d2p6e6u75xmxt8.cloudfront.net\/4\/2019\/05\/levoca-40-1.webp\" class=\"attachment-full size-full\" alt=\"\" srcset=\"https:\/\/d2p6e6u75xmxt8.cloudfront.net\/4\/2019\/05\/levoca-40-1.webp 1200w, https:\/\/d2p6e6u75xmxt8.cloudfront.net\/4\/2019\/05\/levoca-40-1-300x200.webp 300w, https:\/\/d2p6e6u75xmxt8.cloudfront.net\/4\/2019\/05\/levoca-40-1-1024x683.webp 1024w, https:\/\/d2p6e6u75xmxt8.cloudfront.net\/4\/2019\/05\/levoca-40-1-768x512.webp 768w, https:\/\/d2p6e6u75xmxt8.cloudfront.net\/4\/2019\/05\/levoca-40-1-272x182.webp 272w\" sizes=\"auto, (max-width: 1200px) 100vw, 1200px\" \/><\/a>\n\t\t\t<\/div><\/figure>\n\t\t<\/div>\n        <em>Viac fotiek po rozkliknut\u00ed<\/em><\/p>\n","protected":false},"excerpt":{"rendered":"<p>Ak ste n\u00e1hodou v sobotu 25. m\u00e1ja ch\u00fdbali v Resorte Levo\u010dsk\u00e1 Dolina na \u0161tvrtom kole s\u00e9rie \u0160koda BIKE OPEN TOUR, [&hellip;]<\/p>\n","protected":false},"author":38,"featured_media":7226,"comment_status":"open","ping_status":"open","sticky":false,"template":"","format":"standard","meta":{"footnotes":""},"categories":[38],"tags":[53,964,180,178,412,179,474,542,35,77,963,468,555,859,92],"global-categories":[],"class_list":["post-7225","post","type-post","status-publish","format-standard","has-post-thumbnail","hentry","category-reportaz","tag-deti","tag-family","tag-horska-cyklistika","tag-maraton","tag-mtb","tag-preteky","tag-rodinny-maraton","tag-skoda","tag-sbot","tag-skoda-dedina","tag-skoda-fabia","tag-skoda-karoq","tag-skoda-kodiaq","tag-skoda-mtb-maraton-levocske-vrchy","tag-skoda-tim"],"yoast_head":"<!-- This site is optimized with the Yoast SEO Premium plugin v25.3 (Yoast SEO v25.9) - https:\/\/yoast.com\/wordpress\/plugins\/seo\/ -->\n<title>Report\u00e1\u017e: \u0160koda MTB marat\u00f3n Levo\u010dsk\u00e9 vrchy - zelen\u00e1 oslava cyklistiky - \u0160koda We Love Cycling Slovensko<\/title>\n<meta name=\"robots\" content=\"index, follow, max-snippet:-1, max-image-preview:large, max-video-preview:-1\" \/>\n<link rel=\"canonical\" href=\"https:\/\/www.welovecycling.com\/sk\/2019\/05\/30\/reportaz-skoda-mtb-maraton-levocske-vrchy-zelena-oslava-cyklistiky\/\" \/>\n<meta property=\"og:locale\" content=\"sk_SK\" \/>\n<meta property=\"og:type\" content=\"article\" \/>\n<meta property=\"og:title\" content=\"Report\u00e1\u017e: \u0160koda MTB marat\u00f3n Levo\u010dsk\u00e9 vrchy - zelen\u00e1 oslava cyklistiky\" \/>\n<meta property=\"og:description\" content=\"Ak ste n\u00e1hodou v sobotu 25. m\u00e1ja ch\u00fdbali v Resorte Levo\u010dsk\u00e1 Dolina na \u0161tvrtom kole s\u00e9rie \u0160koda BIKE OPEN TOUR, [&hellip;]\" \/>\n<meta property=\"og:url\" content=\"https:\/\/www.welovecycling.com\/sk\/2019\/05\/30\/reportaz-skoda-mtb-maraton-levocske-vrchy-zelena-oslava-cyklistiky\/\" \/>\n<meta property=\"og:site_name\" content=\"\u0160koda We Love Cycling Slovensko\" \/>\n<meta property=\"article:published_time\" content=\"2019-05-30T08:23:56+00:00\" \/>\n<meta property=\"article:modified_time\" content=\"2019-05-30T13:00:21+00:00\" \/>\n<meta property=\"og:image\" content=\"https:\/\/d2p6e6u75xmxt8.cloudfront.net\/4\/2019\/05\/titulka-3.webp\" \/>\n\t<meta property=\"og:image:width\" content=\"1380\" \/>\n\t<meta property=\"og:image:height\" content=\"600\" \/>\n\t<meta property=\"og:image:type\" content=\"image\/webp\" \/>\n<meta name=\"author\" content=\"Ondrej Ga\u0161par\" \/>\n<meta name=\"twitter:card\" content=\"summary_large_image\" \/>\n<meta name=\"twitter:label1\" content=\"Written by\" \/>\n\t<meta name=\"twitter:data1\" content=\"We Love Cycling\" \/>\n\t<meta name=\"twitter:label2\" content=\"Est. reading time\" \/>\n\t<meta name=\"twitter:data2\" content=\"7\" \/>\n<script type=\"application\/ld+json\" class=\"yoast-schema-graph\">{\"@context\":\"https:\/\/schema.org\",\"@graph\":[{\"@type\":\"WebPage\",\"@id\":\"https:\/\/www.welovecycling.com\/sk\/2019\/05\/30\/reportaz-skoda-mtb-maraton-levocske-vrchy-zelena-oslava-cyklistiky\/\",\"url\":\"https:\/\/www.welovecycling.com\/sk\/2019\/05\/30\/reportaz-skoda-mtb-maraton-levocske-vrchy-zelena-oslava-cyklistiky\/\",\"name\":\"Report\u00e1\u017e: \u0160koda MTB marat\u00f3n Levo\u010dsk\u00e9 vrchy - zelen\u00e1 oslava cyklistiky - \u0160koda We Love Cycling Slovensko\",\"isPartOf\":{\"@id\":\"https:\/\/www.welovecycling.com\/sk\/#website\"},\"primaryImageOfPage\":{\"@id\":\"https:\/\/www.welovecycling.com\/sk\/2019\/05\/30\/reportaz-skoda-mtb-maraton-levocske-vrchy-zelena-oslava-cyklistiky\/#primaryimage\"},\"image\":{\"@id\":\"https:\/\/www.welovecycling.com\/sk\/2019\/05\/30\/reportaz-skoda-mtb-maraton-levocske-vrchy-zelena-oslava-cyklistiky\/#primaryimage\"},\"thumbnailUrl\":\"https:\/\/d2p6e6u75xmxt8.cloudfront.net\/4\/2019\/05\/titulka-3.webp\",\"datePublished\":\"2019-05-30T08:23:56+00:00\",\"dateModified\":\"2019-05-30T13:00:21+00:00\",\"author\":{\"@id\":\"https:\/\/www.welovecycling.com\/sk\/#\/schema\/person\/8ee09ba39b7e25b1870160aa5b3a89bc\"},\"breadcrumb\":{\"@id\":\"https:\/\/www.welovecycling.com\/sk\/2019\/05\/30\/reportaz-skoda-mtb-maraton-levocske-vrchy-zelena-oslava-cyklistiky\/#breadcrumb\"},\"inLanguage\":\"sk-SK\",\"potentialAction\":[{\"@type\":\"ReadAction\",\"target\":[\"https:\/\/www.welovecycling.com\/sk\/2019\/05\/30\/reportaz-skoda-mtb-maraton-levocske-vrchy-zelena-oslava-cyklistiky\/\"]}]},{\"@type\":\"ImageObject\",\"inLanguage\":\"sk-SK\",\"@id\":\"https:\/\/www.welovecycling.com\/sk\/2019\/05\/30\/reportaz-skoda-mtb-maraton-levocske-vrchy-zelena-oslava-cyklistiky\/#primaryimage\",\"url\":\"https:\/\/d2p6e6u75xmxt8.cloudfront.net\/4\/2019\/05\/titulka-3.webp\",\"contentUrl\":\"https:\/\/d2p6e6u75xmxt8.cloudfront.net\/4\/2019\/05\/titulka-3.webp\",\"width\":1380,\"height\":600},{\"@type\":\"BreadcrumbList\",\"@id\":\"https:\/\/www.welovecycling.com\/sk\/2019\/05\/30\/reportaz-skoda-mtb-maraton-levocske-vrchy-zelena-oslava-cyklistiky\/#breadcrumb\",\"itemListElement\":[{\"@type\":\"ListItem\",\"position\":1,\"name\":\"Home\",\"item\":\"https:\/\/www.welovecycling.com\/sk\/\"},{\"@type\":\"ListItem\",\"position\":2,\"name\":\"Report\u00e1\u017e: \u0160koda MTB marat\u00f3n Levo\u010dsk\u00e9 vrchy &#8211; zelen\u00e1 oslava cyklistiky\"}]},{\"@type\":\"WebSite\",\"@id\":\"https:\/\/www.welovecycling.com\/sk\/#website\",\"url\":\"https:\/\/www.welovecycling.com\/sk\/\",\"name\":\"\u0160koda We Love Cycling Slovensko\",\"description\":\"\u0160koda We Love Cycling Slovensko je v\u00e1\u0161 ka\u017edodenn\u00fd zdroj noviniek a in\u0161pir\u00e1cie z sveta cyklistiky\",\"potentialAction\":[{\"@type\":\"SearchAction\",\"target\":{\"@type\":\"EntryPoint\",\"urlTemplate\":\"https:\/\/www.welovecycling.com\/sk\/?s={search_term_string}\"},\"query-input\":{\"@type\":\"PropertyValueSpecification\",\"valueRequired\":true,\"valueName\":\"search_term_string\"}}],\"inLanguage\":\"sk-SK\"},{\"@type\":\"Person\",\"@id\":\"https:\/\/www.welovecycling.com\/sk\/#\/schema\/person\/8ee09ba39b7e25b1870160aa5b3a89bc\",\"name\":\"Ondrej Ga\u0161par\",\"image\":{\"@type\":\"ImageObject\",\"inLanguage\":\"sk-SK\",\"@id\":\"https:\/\/www.welovecycling.com\/sk\/#\/schema\/person\/image\/\",\"url\":\"https:\/\/secure.gravatar.com\/avatar\/6126c9afb87b70da5abbb083ddbb21933da15f18f8ca7cb822aba0fb096a48f6?s=96&d=mm&r=g\",\"contentUrl\":\"https:\/\/secure.gravatar.com\/avatar\/6126c9afb87b70da5abbb083ddbb21933da15f18f8ca7cb822aba0fb096a48f6?s=96&d=mm&r=g\",\"caption\":\"Ondrej Ga\u0161par\"},\"url\":\"https:\/\/www.welovecycling.com\/sk\/author\/ondrejgaspar\/\"}]}<\/script>\n<!-- \/ Yoast SEO Premium plugin. -->","yoast_head_json":{"title":"Report\u00e1\u017e: \u0160koda MTB marat\u00f3n Levo\u010dsk\u00e9 vrchy - zelen\u00e1 oslava cyklistiky - \u0160koda We Love Cycling Slovensko","robots":{"index":"index","follow":"follow","max-snippet":"max-snippet:-1","max-image-preview":"max-image-preview:large","max-video-preview":"max-video-preview:-1"},"canonical":"https:\/\/www.welovecycling.com\/sk\/2019\/05\/30\/reportaz-skoda-mtb-maraton-levocske-vrchy-zelena-oslava-cyklistiky\/","og_locale":"sk_SK","og_type":"article","og_title":"Report\u00e1\u017e: \u0160koda MTB marat\u00f3n Levo\u010dsk\u00e9 vrchy - zelen\u00e1 oslava cyklistiky","og_description":"Ak ste n\u00e1hodou v sobotu 25. m\u00e1ja ch\u00fdbali v Resorte Levo\u010dsk\u00e1 Dolina na \u0161tvrtom kole s\u00e9rie \u0160koda BIKE OPEN TOUR, [&hellip;]","og_url":"https:\/\/www.welovecycling.com\/sk\/2019\/05\/30\/reportaz-skoda-mtb-maraton-levocske-vrchy-zelena-oslava-cyklistiky\/","og_site_name":"\u0160koda We Love Cycling Slovensko","article_published_time":"2019-05-30T08:23:56+00:00","article_modified_time":"2019-05-30T13:00:21+00:00","og_image":[{"width":1380,"height":600,"url":"https:\/\/d2p6e6u75xmxt8.cloudfront.net\/4\/2019\/05\/titulka-3.webp","type":"image\/webp"}],"author":"Ondrej Ga\u0161par","twitter_card":"summary_large_image","twitter_misc":{"Written by":"We Love Cycling","Est. reading time":"7"},"schema":{"@context":"https:\/\/schema.org","@graph":[{"@type":"WebPage","@id":"https:\/\/www.welovecycling.com\/sk\/2019\/05\/30\/reportaz-skoda-mtb-maraton-levocske-vrchy-zelena-oslava-cyklistiky\/","url":"https:\/\/www.welovecycling.com\/sk\/2019\/05\/30\/reportaz-skoda-mtb-maraton-levocske-vrchy-zelena-oslava-cyklistiky\/","name":"Report\u00e1\u017e: \u0160koda MTB marat\u00f3n Levo\u010dsk\u00e9 vrchy - zelen\u00e1 oslava cyklistiky - \u0160koda We Love Cycling Slovensko","isPartOf":{"@id":"https:\/\/www.welovecycling.com\/sk\/#website"},"primaryImageOfPage":{"@id":"https:\/\/www.welovecycling.com\/sk\/2019\/05\/30\/reportaz-skoda-mtb-maraton-levocske-vrchy-zelena-oslava-cyklistiky\/#primaryimage"},"image":{"@id":"https:\/\/www.welovecycling.com\/sk\/2019\/05\/30\/reportaz-skoda-mtb-maraton-levocske-vrchy-zelena-oslava-cyklistiky\/#primaryimage"},"thumbnailUrl":"https:\/\/d2p6e6u75xmxt8.cloudfront.net\/4\/2019\/05\/titulka-3.webp","datePublished":"2019-05-30T08:23:56+00:00","dateModified":"2019-05-30T13:00:21+00:00","author":{"@id":"https:\/\/www.welovecycling.com\/sk\/#\/schema\/person\/8ee09ba39b7e25b1870160aa5b3a89bc"},"breadcrumb":{"@id":"https:\/\/www.welovecycling.com\/sk\/2019\/05\/30\/reportaz-skoda-mtb-maraton-levocske-vrchy-zelena-oslava-cyklistiky\/#breadcrumb"},"inLanguage":"sk-SK","potentialAction":[{"@type":"ReadAction","target":["https:\/\/www.welovecycling.com\/sk\/2019\/05\/30\/reportaz-skoda-mtb-maraton-levocske-vrchy-zelena-oslava-cyklistiky\/"]}]},{"@type":"ImageObject","inLanguage":"sk-SK","@id":"https:\/\/www.welovecycling.com\/sk\/2019\/05\/30\/reportaz-skoda-mtb-maraton-levocske-vrchy-zelena-oslava-cyklistiky\/#primaryimage","url":"https:\/\/d2p6e6u75xmxt8.cloudfront.net\/4\/2019\/05\/titulka-3.webp","contentUrl":"https:\/\/d2p6e6u75xmxt8.cloudfront.net\/4\/2019\/05\/titulka-3.webp","width":1380,"height":600},{"@type":"BreadcrumbList","@id":"https:\/\/www.welovecycling.com\/sk\/2019\/05\/30\/reportaz-skoda-mtb-maraton-levocske-vrchy-zelena-oslava-cyklistiky\/#breadcrumb","itemListElement":[{"@type":"ListItem","position":1,"name":"Home","item":"https:\/\/www.welovecycling.com\/sk\/"},{"@type":"ListItem","position":2,"name":"Report\u00e1\u017e: \u0160koda MTB marat\u00f3n Levo\u010dsk\u00e9 vrchy &#8211; zelen\u00e1 oslava cyklistiky"}]},{"@type":"WebSite","@id":"https:\/\/www.welovecycling.com\/sk\/#website","url":"https:\/\/www.welovecycling.com\/sk\/","name":"\u0160koda We Love Cycling Slovensko","description":"\u0160koda We Love Cycling Slovensko je v\u00e1\u0161 ka\u017edodenn\u00fd zdroj noviniek a in\u0161pir\u00e1cie z sveta cyklistiky","potentialAction":[{"@type":"SearchAction","target":{"@type":"EntryPoint","urlTemplate":"https:\/\/www.welovecycling.com\/sk\/?s={search_term_string}"},"query-input":{"@type":"PropertyValueSpecification","valueRequired":true,"valueName":"search_term_string"}}],"inLanguage":"sk-SK"},{"@type":"Person","@id":"https:\/\/www.welovecycling.com\/sk\/#\/schema\/person\/8ee09ba39b7e25b1870160aa5b3a89bc","name":"Ondrej Ga\u0161par","image":{"@type":"ImageObject","inLanguage":"sk-SK","@id":"https:\/\/www.welovecycling.com\/sk\/#\/schema\/person\/image\/","url":"https:\/\/secure.gravatar.com\/avatar\/6126c9afb87b70da5abbb083ddbb21933da15f18f8ca7cb822aba0fb096a48f6?s=96&d=mm&r=g","contentUrl":"https:\/\/secure.gravatar.com\/avatar\/6126c9afb87b70da5abbb083ddbb21933da15f18f8ca7cb822aba0fb096a48f6?s=96&d=mm&r=g","caption":"Ondrej Ga\u0161par"},"url":"https:\/\/www.welovecycling.com\/sk\/author\/ondrejgaspar\/"}]}},"_links":{"self":[{"href":"https:\/\/www.welovecycling.com\/sk\/wp-json\/wp\/v2\/posts\/7225","targetHints":{"allow":["GET"]}}],"collection":[{"href":"https:\/\/www.welovecycling.com\/sk\/wp-json\/wp\/v2\/posts"}],"about":[{"href":"https:\/\/www.welovecycling.com\/sk\/wp-json\/wp\/v2\/types\/post"}],"author":[{"embeddable":true,"href":"https:\/\/www.welovecycling.com\/sk\/wp-json\/wp\/v2\/users\/38"}],"replies":[{"embeddable":true,"href":"https:\/\/www.welovecycling.com\/sk\/wp-json\/wp\/v2\/comments?post=7225"}],"version-history":[{"count":2,"href":"https:\/\/www.welovecycling.com\/sk\/wp-json\/wp\/v2\/posts\/7225\/revisions"}],"predecessor-version":[{"id":7289,"href":"https:\/\/www.welovecycling.com\/sk\/wp-json\/wp\/v2\/posts\/7225\/revisions\/7289"}],"wp:featuredmedia":[{"embeddable":true,"href":"https:\/\/www.welovecycling.com\/sk\/wp-json\/wp\/v2\/media\/7226"}],"wp:attachment":[{"href":"https:\/\/www.welovecycling.com\/sk\/wp-json\/wp\/v2\/media?parent=7225"}],"wp:term":[{"taxonomy":"category","embeddable":true,"href":"https:\/\/www.welovecycling.com\/sk\/wp-json\/wp\/v2\/categories?post=7225"},{"taxonomy":"post_tag","embeddable":true,"href":"https:\/\/www.welovecycling.com\/sk\/wp-json\/wp\/v2\/tags?post=7225"},{"taxonomy":"global-categories","embeddable":true,"href":"https:\/\/www.welovecycling.com\/sk\/wp-json\/wp\/v2\/global-categories?post=7225"}],"curies":[{"name":"wp","href":"https:\/\/api.w.org\/{rel}","templated":true}]}}