{"id":7211,"date":"2019-05-27T13:29:37","date_gmt":"2019-05-27T11:29:37","guid":{"rendered":"https:\/\/www.welovecycling.com\/sk\/?p=7211"},"modified":"2019-05-27T13:50:19","modified_gmt":"2019-05-27T11:50:19","slug":"giro-ditalia-2019-co-sa-udialo-pocas-druheho-celku","status":"publish","type":"post","link":"https:\/\/www.welovecycling.com\/sk\/2019\/05\/27\/giro-ditalia-2019-co-sa-udialo-pocas-druheho-celku\/","title":{"rendered":"Giro d\u00b4Italia 2019 \u2013 \u010do sa udialo po\u010das druh\u00e9ho celku?"},"content":{"rendered":"<p><strong>Pred nami je u\u017e len posledn\u00fd t\u00fd\u017ede\u0148 na p\u00f4de talianskeho Gira, ktor\u00fd v ne\u013eahk\u00fdch etap\u00e1ch rozhodne o\u00a0fin\u00e1lnom dr\u017eite\u013eovi ru\u017eov\u00e9ho dresu. Ak\u00fd bol druh\u00fd t\u00fd\u017ede\u0148?<\/strong><!--more--><\/p>\n<p>Po deviatej etape sme boli svedkami tro\u0161ku neobvykl\u00e9ho, ale na druhej strane, st\u00e1le len \u201eza\u010d\u00ednaj\u00faceho\u201c v\u00fdvoja tohto etap\u00e1ku. V\u00a0celkovom hodnoten\u00ed kra\u013eoval Conti po tom, \u010do v\u00a0\u0161iestej etape dorazil do cie\u013ea s\u00a0vy\u0161e 6-min\u00fatov\u00fdm n\u00e1skokom, na do tej doby ved\u00faceho Rogli\u010da. V\u00a0\u0161print\u00e9rskej s\u00fa\u0165a\u017ei o\u00a0fialov\u00fd dres bol naj\u00faspe\u0161nej\u0161\u00edm Ackermann, kolega n\u00e1\u0161ho P. Sagana. Mlad\u00edcke hodnotenie do 25 rokov len s\u00a0min\u00fatov\u00fdm n\u00e1skokom br\u00e1nil Peters, a\u00a0v\u00a0horskej klasifik\u00e1cii, o\u00a0ktor\u00fa sa mal e\u0161te len za\u010da\u0165 boj, viedol Talian Ciccone.<\/p>\n<h2><strong>10. etapa Ravenna \u2013 Modena (rovinat\u00e1, 145 km)<\/strong><\/h2>\n<p>Len m\u00e1lokedy sa n\u00e1m naskytne mo\u017enos\u0165 sledova\u0165 nato\u013eko \u201erovinat\u00fa\u201c etapu, akou bola t\u00e1 10. Rozdiel medzi najvy\u0161\u0161\u00edm a\u00a0najni\u017e\u0161\u00edm bodom nepresiahol 30 m, \u010do nahr\u00e1valo do kar\u00e1t \u0161print\u00e9rom. V\u00a0\u00favodnom \u00faniku sa predstavila dvojica jazdcov z\u00a0prokontinent\u00e1lnych t\u00edmov, ktor\u00fdm pelot\u00f3n nechal vo\u013enos\u0165 a\u017e na 35. kilometer pred cie\u013eom. Od tohto momentu sa za\u010dali na \u010dele formova\u0165 \u0161print\u00e9rske \u201evl\u00e1\u010diky\u201c, ktor\u00e9 na svojom chvoste priv\u00e1\u017eali adeptov na v\u00ed\u0165azstvo. Presne kilometer pred cie\u013eom do\u0161lo k\u00a0po\u010detnej\u0161iemu p\u00e1du, kedy na zemi ostal aj Ackermann. <strong>Rozhodovalo sa tak vo f\u00e9rovom \u0161printe, v\u00a0ktorom bol najsilnej\u0161\u00ed D\u00e9mare<\/strong>, pred Vivianim a\u00a0Seligom.<\/p>\n<lite-youtube videoid=J05O2HHCxvs params=\"enablejsapi=1\" style=\"background-image: url('https:\/\/i.ytimg.com\/vi_webp\/J05O2HHCxvs\/maxresdefault.webp');\"><\/lite-youtube>\n<h2><strong>11. etapa Carpi \u2013 Novi Ligure (rovinat\u00e1, 221 km)<\/strong><\/h2>\n<p>Ackermannov v\u010deraj\u0161\u00ed p\u00e1d, ktor\u00fd zanechal na jeho tele viacer\u00e9 odreniny, mohol by\u0165 v\u00a0tejto etape povzbuden\u00edm k\u00a0zisku \u010fal\u0161ieho vavr\u00ednu. Profil etapy zodpovedal tejto v\u00edzii \u2013 absencia kopcov, aj t\u00fdch najmen\u0161\u00edch, bola pr\u00edle\u017eitos\u0165ou aj pre \u00fanik. Pr\u00e1ve t\u00fato mo\u017enos\u0165 vyu\u017eila trojica dom\u00e1cich jazdcov, ktor\u00ed h\u00e1jili vy\u0161e 2-min\u00fatov\u00fd n\u00e1skok a\u017e do 25. kilometra. N\u00e1sledne, tak ako v\u00a0predch\u00e1dzaj\u00facom z\u00e1vere, sa na \u010dele usadili \u0161print\u00e9rske t\u00edmy. Do posledn\u00e9ho kilometra na \u0161pici pelot\u00f3nu prich\u00e1dzal celok Groupama FDJ s\u00a0D\u00e9marom. Av\u0161ak osamoten\u00fd mlad\u00edk, <strong>24-ro\u010dn\u00fd Ewan, dok\u00e1zal pre\u0161printova\u0165 v\u0161etk\u00fdch svojich protivn\u00edkov<\/strong>. Bol to D\u00e9mare, ktor\u00fd si odniesol druh\u00e9 miesto, s\u00a0tret\u00edm sa musel uspokoji\u0165 Ackermann. Do 12. etapy sa do vedenia bodovacej klasifik\u00e1cie dostal pred Ackermanna D\u00e9mare, v\u00a0ru\u017eovom ost\u00e1val st\u00e1le nedotknut\u00fd Conti.<\/p>\n<p><a href=\"https:\/\/d2p6e6u75xmxt8.cloudfront.net\/4\/2019\/05\/01-2.jpg\"><img loading=\"lazy\" decoding=\"async\" src=\"https:\/\/d2p6e6u75xmxt8.cloudfront.net\/4\/2019\/05\/01-2.jpg\" alt=\"\" width=\"1200\" height=\"800\" class=\"alignnone size-full wp-image-7214\" \/><\/a><\/p>\n<h2><strong>12. etapa Cuneo \u2013 Pinerolo (kopcovit\u00e1, 158 km)<\/strong><\/h2>\n<p>Po dvojici rovinat\u00fdch et\u00e1p nadi\u0161iel \u010das aj pre n\u00e1ro\u010dnej\u0161ie. Aj ke\u010f dvan\u00e1sta e\u0161te nebola ekvivalentom skuto\u010dn\u00fdch horsk\u00fdch et\u00e1p, st\u00fapanie na Montoso \u2013 10 km st\u00fapanie s\u00a09-percentn\u00fdm priemerom, 40 km pred koncom potr\u00e1pilo nejedn\u00e9ho pretek\u00e1ra. O\u00a0prekvapenie sa postaral vy\u0161e 20-\u010dlenn\u00fd \u00fanik, ktor\u00fd svoj\u00edm n\u00e1skokom, ktor\u00fd v\u00a0spom\u00ednanom st\u00fapan\u00ed ost\u00e1val na hodnote 12 min\u00fat, predpovedal jeho \u00faspe\u0161n\u00fd dojazd. Na jeho vrchol st\u00fapala u\u017e len 8-\u010dlenn\u00e1 \u010deln\u00e1 skupina, v\u00a0ktorej sme videli viacero n\u00e1stupov. E\u0161te pred cie\u013eom sa v\u00a0kr\u00e1tkom, ale strmom v\u00fd\u0161\u013eape ulicami Pinerola ujal vedenia Brambilla s\u00a0Capecchim, ale v\u00a0cie\u013eovej rovine ich dobehli zvy\u0161n\u00ed jazdci skupiny, z\u00a0ktorej sa <strong>o\u00a0prv\u00e9 profesion\u00e1lne v\u00ed\u0165azstvo v\u00a0kari\u00e9re postaral 31-ro\u010dn\u00fd Benedetti<\/strong>. Zmeny sa udiali aj v\u00a0celkovom porad\u00ed, ke\u010f\u017ee Polanc v \u00faniku sa s\u00a0vy\u0161e 7-min\u00fatov\u00fdm n\u00e1skokom dostal do ru\u017eov\u00e9ho dresu.<\/p>\n<p><a href=\"https:\/\/d2p6e6u75xmxt8.cloudfront.net\/4\/2019\/05\/02-2.jpg\"><img loading=\"lazy\" decoding=\"async\" src=\"https:\/\/d2p6e6u75xmxt8.cloudfront.net\/4\/2019\/05\/02-2.jpg\" alt=\"\" width=\"1200\" height=\"800\" class=\"alignnone size-full wp-image-7215\" \/><\/a><\/p>\n<h2><strong>13. etapa Pinerolo \u2013 Ceresole Reale (kopcovit\u00e1, 196 km)<\/strong><\/h2>\n<p>S\u00a0bl\u00ed\u017eiacim sa koncom t\u00fd\u017ed\u0148a narastali aj hodnoty nast\u00fapan\u00fdch metrov po\u010das et\u00e1p. Pr\u00edchod na hranice s\u00a0Franc\u00fazskom bol predzves\u0165ou monument\u00e1lnych st\u00fapan\u00ed, medzi ktor\u00e9 patr\u00ed aj cie\u013eov\u00fd vrchol 13. etapy, jazero Serru. 27,5 km dlh\u00e9, s\u00a0priemern\u00fdm 5,4 percentn\u00fdm sklonom, bolo v\u00fdzvou pre boj o\u00a0poz\u00edcie v\u00a0celkovom porad\u00ed. A\u017e 27-\u010dlenn\u00fd \u00fanik, v\u00a0ktorom sa nach\u00e1dzali men\u00e1 ako Zakarin, Mollema \u010di Formolo, bol nielen mo\u017en\u00fdm v\u00ed\u0165azn\u00fdm \u00fanikom, ale s\u00fa\u010dasne aj ohrozen\u00edm Rogli\u010da a\u00a0ostatn\u00fdch v\u00a0celkovom hodnoten\u00ed. V\u00a0poslednom, teda rozhoduj\u00facom st\u00fapan\u00ed, ostala na \u010dele u\u017e len p\u00e4tica jazdcov. Pelot\u00f3n nenech\u00e1val ni\u010d na n\u00e1hodu a\u00a0stiahol stratu na hodnotu 3 min\u00fat. Priebeh v\u00a0posledn\u00fdch 15 kilometroch bol skuto\u010dne chaotick\u00fd \u2013 viacer\u00e9 n\u00e1stupy, str\u00e1canie kontaktu so skupinami, alebo aj technick\u00e9 probl\u00e9my Lopeza mie\u0161ali ne\u013e\u00fatostne kartami osudu nasleduj\u00facich dn\u00ed. 5 km pred koncom za\u00fato\u010dil z\u00a0\u010dela <strong>Zakarin, ktor\u00fd si n\u00e1skok nieko\u013ek\u00fdch sek\u00fand odniesol a\u017e do cie\u013ea<\/strong>. Polanc ostal v\u00a0ru\u017eovom drese, o\u00a0nie\u010do si prilep\u0161il Zakarin, Mollema a\u00a0Landa.<\/p>\n<lite-youtube videoid=aG4WQ54vT_Q params=\"enablejsapi=1\" style=\"background-image: url('https:\/\/i.ytimg.com\/vi_webp\/aG4WQ54vT_Q\/maxresdefault.webp');\"><\/lite-youtube>\n<h2><strong>14. etapa Saint Vincent \u2013 Courmayeur (horsk\u00e1, 131 km)<\/strong><\/h2>\n<p>Dve st\u00fapania druhej kateg\u00f3rie a\u00a0dve prvej \u2013 to bola inform\u00e1cia pre etapu s\u00a0\u010d\u00edslom 14. Po v\u010deraj\u0161om tvrdom z\u00e1vere jazdci nemali \u010das na odpo\u010dinok, a\u00a0aj preto bolo zauj\u00edmav\u00e9 sledova\u0165, kto si u\u0161etril najviac s\u00edl. U\u017e 10 km po \u0161tarte sa na \u010dele \u00fato\u010dilo \u2013 av\u0161ak nie v\u00a0zmysle ka\u017edodenn\u00e9ho \u00faniku, ale o\u00a0celkov\u00e9 poradie. Situ\u00e1cia sa upokojila, ke\u010f sa pred pelot\u00f3nom sformoval 8-\u010dlenn\u00fd \u00fanik, v\u00a0ktorom sa nenach\u00e1dzala v\u00fdraznej\u0161ia hrozba pre celkov\u00e9 hodnotenie (odhliadnuc od Polancovej situ\u00e1cie). 28 km pred koncom zavelil do \u00fatoku <strong>Carapaz<\/strong>, ktor\u00fd si nakoniec po s\u00f3lovom dojazde <strong>odniesol u\u017e 2. etapov\u00e9 v\u00ed\u0165azstvo<\/strong> na tohtoro\u010dnom Gire a\u00a0navy\u0161e sa aj prezliekol do ru\u017eov\u00e9ho dresu. V\u00a0celkovej klasifik\u00e1cii si nieko\u013ek\u00fdmi sekundami polep\u0161il aj Yates a\u00a0Nibali \u010di Landa.<\/p>\n<h2><strong>15. etapa Ivrea \u2013 Como (kopcovit\u00e1, 232 km)<\/strong><\/h2>\n<p>Po dvoch n\u00e1ro\u010dn\u00fdch horsk\u00fdch etap\u00e1ch s\u00edce nepri\u0161la vo\u013enej\u0161ia rovinat\u00e1, ale naopak, oproti predch\u00e1dzaj\u00facej etape o rovn\u00fdch 100 km dlh\u0161ia s\u00a0dvoma stredn\u00fdmi st\u00fapaniami a\u00a0posledn\u00fdm, s\u00edce troj-kilometrov\u00fdm, ale s\u00a0priemerom 10,8 percenta. Niet sa preto \u010domu \u010dudova\u0165, \u017ee dvojica talianskych jazdcov na \u010dele &#8211; Catalda a\u00a0Castanea, dok\u00e1zala udr\u017eiava\u0165 skoro 13-min\u00fatov\u00fd n\u00e1skok e\u0161te 80 km pred cie\u013eom. Ten sa s\u00a0postupom \u010dasu zmen\u0161oval \u2013 pelot\u00f3n navy\u0161oval tempo a\u00a0zni\u017eoval svoj po\u010det. Pred posledn\u00fdm st\u00fapan\u00edm na Civiglio bola skupina s\u00a0Yatesom, Nibalim, Rogli\u010dom a\u00a0in\u00fdmi len 2 min\u00faty za \u010delnou dvojicou. N\u00e1stup Nibaliho pred z\u00e1vere\u010dn\u00fdm zjazdom, ktor\u00fd ve\u013emi dobre poznal, sa mu vyplatil. Aj ke\u010f <strong>v\u00ed\u0165azom sa stal Cataldo<\/strong>, Nibali s\u00a0Yatesom z\u00edskali cenn\u00e9 sekundy na Rogli\u010da, ktor\u00fd v\u00a0klesan\u00ed e\u0161te k\u00a0tomu spadol. Carapaz predviedol \u00factyhodn\u00fd v\u00fdkon, kedy nestratil ani sekundu a\u00a0vedie o\u00a047 sek\u00fand pred Slovincom.<\/p>\n<p><a href=\"https:\/\/d2p6e6u75xmxt8.cloudfront.net\/4\/2019\/05\/03-2.jpg\"><img loading=\"lazy\" decoding=\"async\" src=\"https:\/\/d2p6e6u75xmxt8.cloudfront.net\/4\/2019\/05\/03-2.jpg\" alt=\"\" width=\"1200\" height=\"800\" class=\"alignnone size-full wp-image-7216\" \/><\/a><\/p>\n<p>Zauj\u00edmav\u00fd a\u00a0nap\u00e4t\u00fd priebeh Gira e\u0161te nekon\u010d\u00ed. Pr\u00e1ve posledn\u00fd t\u00fd\u017ede\u0148 bude vrcholi\u0165 boj medzi l\u00eddrami t\u00edmov \u2013 bude to predpokladan\u00fd Rogli\u010d, alebo prekvap\u00ed \u017eralok z\u00a0Messini \u2013 Nibali? Ako to vid\u00edte vy?<\/p>\n<p>(zdroj fotiek: FB\/Giro d\u00b4Italia)<\/p>\n","protected":false},"excerpt":{"rendered":"<p>Pred nami je u\u017e len posledn\u00fd t\u00fd\u017ede\u0148 na p\u00f4de talianskeho Gira, ktor\u00fd v ne\u013eahk\u00fdch etap\u00e1ch rozhodne o\u00a0fin\u00e1lnom dr\u017eite\u013eovi ru\u017eov\u00e9ho dresu. [&hellip;]<\/p>\n","protected":false},"author":38,"featured_media":7217,"comment_status":"open","ping_status":"open","sticky":false,"template":"","format":"standard","meta":{"footnotes":""},"categories":[64],"tags":[150,962,275,115,487,961,331,65,179,170,957,419,197,269,886],"global-categories":[],"class_list":["post-7211","post","type-post","status-publish","format-standard","has-post-thumbnail","hentry","category-giro-ditalia","tag-arnaud-demare","tag-boj","tag-cesta","tag-cestna-cyklistika","tag-cestny-bicykel","tag-etapa","tag-etapove-preteky","tag-giro-d-italia","tag-preteky","tag-primoz-roglic","tag-ruzovy-dres","tag-taliansko","tag-vincenzo-nibali","tag-vitaz","tag-vitazstvo"],"yoast_head":"<!-- This site is optimized with the Yoast SEO Premium plugin v25.3 (Yoast SEO v25.9) - https:\/\/yoast.com\/wordpress\/plugins\/seo\/ -->\n<title>Giro d\u00b4Italia 2019 \u2013 \u010do sa udialo po\u010das druh\u00e9ho celku? - \u0160koda We Love Cycling Slovensko<\/title>\n<meta name=\"robots\" content=\"index, follow, max-snippet:-1, max-image-preview:large, max-video-preview:-1\" \/>\n<link rel=\"canonical\" href=\"https:\/\/www.welovecycling.com\/sk\/2019\/05\/27\/giro-ditalia-2019-co-sa-udialo-pocas-druheho-celku\/\" \/>\n<meta property=\"og:locale\" content=\"sk_SK\" \/>\n<meta property=\"og:type\" content=\"article\" \/>\n<meta property=\"og:title\" content=\"Giro d\u00b4Italia 2019 \u2013 \u010do sa udialo po\u010das druh\u00e9ho celku?\" \/>\n<meta property=\"og:description\" content=\"Pred nami je u\u017e len posledn\u00fd t\u00fd\u017ede\u0148 na p\u00f4de talianskeho Gira, ktor\u00fd v ne\u013eahk\u00fdch etap\u00e1ch rozhodne o\u00a0fin\u00e1lnom dr\u017eite\u013eovi ru\u017eov\u00e9ho dresu. [&hellip;]\" \/>\n<meta property=\"og:url\" content=\"https:\/\/www.welovecycling.com\/sk\/2019\/05\/27\/giro-ditalia-2019-co-sa-udialo-pocas-druheho-celku\/\" \/>\n<meta property=\"og:site_name\" content=\"\u0160koda We Love Cycling Slovensko\" \/>\n<meta property=\"article:published_time\" content=\"2019-05-27T11:29:37+00:00\" \/>\n<meta property=\"article:modified_time\" content=\"2019-05-27T11:50:19+00:00\" \/>\n<meta property=\"og:image\" content=\"https:\/\/d2p6e6u75xmxt8.cloudfront.net\/4\/2019\/05\/00-9.webp\" \/>\n\t<meta property=\"og:image:width\" content=\"1380\" \/>\n\t<meta property=\"og:image:height\" content=\"600\" \/>\n\t<meta property=\"og:image:type\" content=\"image\/webp\" \/>\n<meta name=\"author\" content=\"Ondrej Ga\u0161par\" \/>\n<meta name=\"twitter:card\" content=\"summary_large_image\" \/>\n<meta name=\"twitter:label1\" content=\"Written by\" \/>\n\t<meta name=\"twitter:data1\" content=\"We Love Cycling\" \/>\n\t<meta name=\"twitter:label2\" content=\"Est. reading time\" \/>\n\t<meta name=\"twitter:data2\" content=\"8\" \/>\n<script type=\"application\/ld+json\" class=\"yoast-schema-graph\">{\"@context\":\"https:\/\/schema.org\",\"@graph\":[{\"@type\":\"WebPage\",\"@id\":\"https:\/\/www.welovecycling.com\/sk\/2019\/05\/27\/giro-ditalia-2019-co-sa-udialo-pocas-druheho-celku\/\",\"url\":\"https:\/\/www.welovecycling.com\/sk\/2019\/05\/27\/giro-ditalia-2019-co-sa-udialo-pocas-druheho-celku\/\",\"name\":\"Giro d\u00b4Italia 2019 \u2013 \u010do sa udialo po\u010das druh\u00e9ho celku? - \u0160koda We Love Cycling Slovensko\",\"isPartOf\":{\"@id\":\"https:\/\/www.welovecycling.com\/sk\/#website\"},\"primaryImageOfPage\":{\"@id\":\"https:\/\/www.welovecycling.com\/sk\/2019\/05\/27\/giro-ditalia-2019-co-sa-udialo-pocas-druheho-celku\/#primaryimage\"},\"image\":{\"@id\":\"https:\/\/www.welovecycling.com\/sk\/2019\/05\/27\/giro-ditalia-2019-co-sa-udialo-pocas-druheho-celku\/#primaryimage\"},\"thumbnailUrl\":\"https:\/\/d2p6e6u75xmxt8.cloudfront.net\/4\/2019\/05\/00-9.webp\",\"datePublished\":\"2019-05-27T11:29:37+00:00\",\"dateModified\":\"2019-05-27T11:50:19+00:00\",\"author\":{\"@id\":\"https:\/\/www.welovecycling.com\/sk\/#\/schema\/person\/8ee09ba39b7e25b1870160aa5b3a89bc\"},\"breadcrumb\":{\"@id\":\"https:\/\/www.welovecycling.com\/sk\/2019\/05\/27\/giro-ditalia-2019-co-sa-udialo-pocas-druheho-celku\/#breadcrumb\"},\"inLanguage\":\"sk-SK\",\"potentialAction\":[{\"@type\":\"ReadAction\",\"target\":[\"https:\/\/www.welovecycling.com\/sk\/2019\/05\/27\/giro-ditalia-2019-co-sa-udialo-pocas-druheho-celku\/\"]}]},{\"@type\":\"ImageObject\",\"inLanguage\":\"sk-SK\",\"@id\":\"https:\/\/www.welovecycling.com\/sk\/2019\/05\/27\/giro-ditalia-2019-co-sa-udialo-pocas-druheho-celku\/#primaryimage\",\"url\":\"https:\/\/d2p6e6u75xmxt8.cloudfront.net\/4\/2019\/05\/00-9.webp\",\"contentUrl\":\"https:\/\/d2p6e6u75xmxt8.cloudfront.net\/4\/2019\/05\/00-9.webp\",\"width\":1380,\"height\":600},{\"@type\":\"BreadcrumbList\",\"@id\":\"https:\/\/www.welovecycling.com\/sk\/2019\/05\/27\/giro-ditalia-2019-co-sa-udialo-pocas-druheho-celku\/#breadcrumb\",\"itemListElement\":[{\"@type\":\"ListItem\",\"position\":1,\"name\":\"Home\",\"item\":\"https:\/\/www.welovecycling.com\/sk\/\"},{\"@type\":\"ListItem\",\"position\":2,\"name\":\"Giro d\u00b4Italia 2019 \u2013 \u010do sa udialo po\u010das druh\u00e9ho celku?\"}]},{\"@type\":\"WebSite\",\"@id\":\"https:\/\/www.welovecycling.com\/sk\/#website\",\"url\":\"https:\/\/www.welovecycling.com\/sk\/\",\"name\":\"\u0160koda We Love Cycling Slovensko\",\"description\":\"\u0160koda We Love Cycling Slovensko je v\u00e1\u0161 ka\u017edodenn\u00fd zdroj noviniek a in\u0161pir\u00e1cie z sveta cyklistiky\",\"potentialAction\":[{\"@type\":\"SearchAction\",\"target\":{\"@type\":\"EntryPoint\",\"urlTemplate\":\"https:\/\/www.welovecycling.com\/sk\/?s={search_term_string}\"},\"query-input\":{\"@type\":\"PropertyValueSpecification\",\"valueRequired\":true,\"valueName\":\"search_term_string\"}}],\"inLanguage\":\"sk-SK\"},{\"@type\":\"Person\",\"@id\":\"https:\/\/www.welovecycling.com\/sk\/#\/schema\/person\/8ee09ba39b7e25b1870160aa5b3a89bc\",\"name\":\"Ondrej Ga\u0161par\",\"image\":{\"@type\":\"ImageObject\",\"inLanguage\":\"sk-SK\",\"@id\":\"https:\/\/www.welovecycling.com\/sk\/#\/schema\/person\/image\/\",\"url\":\"https:\/\/secure.gravatar.com\/avatar\/6126c9afb87b70da5abbb083ddbb21933da15f18f8ca7cb822aba0fb096a48f6?s=96&d=mm&r=g\",\"contentUrl\":\"https:\/\/secure.gravatar.com\/avatar\/6126c9afb87b70da5abbb083ddbb21933da15f18f8ca7cb822aba0fb096a48f6?s=96&d=mm&r=g\",\"caption\":\"Ondrej Ga\u0161par\"},\"url\":\"https:\/\/www.welovecycling.com\/sk\/author\/ondrejgaspar\/\"}]}<\/script>\n<!-- \/ Yoast SEO Premium plugin. -->","yoast_head_json":{"title":"Giro d\u00b4Italia 2019 \u2013 \u010do sa udialo po\u010das druh\u00e9ho celku? - \u0160koda We Love Cycling Slovensko","robots":{"index":"index","follow":"follow","max-snippet":"max-snippet:-1","max-image-preview":"max-image-preview:large","max-video-preview":"max-video-preview:-1"},"canonical":"https:\/\/www.welovecycling.com\/sk\/2019\/05\/27\/giro-ditalia-2019-co-sa-udialo-pocas-druheho-celku\/","og_locale":"sk_SK","og_type":"article","og_title":"Giro d\u00b4Italia 2019 \u2013 \u010do sa udialo po\u010das druh\u00e9ho celku?","og_description":"Pred nami je u\u017e len posledn\u00fd t\u00fd\u017ede\u0148 na p\u00f4de talianskeho Gira, ktor\u00fd v ne\u013eahk\u00fdch etap\u00e1ch rozhodne o\u00a0fin\u00e1lnom dr\u017eite\u013eovi ru\u017eov\u00e9ho dresu. [&hellip;]","og_url":"https:\/\/www.welovecycling.com\/sk\/2019\/05\/27\/giro-ditalia-2019-co-sa-udialo-pocas-druheho-celku\/","og_site_name":"\u0160koda We Love Cycling Slovensko","article_published_time":"2019-05-27T11:29:37+00:00","article_modified_time":"2019-05-27T11:50:19+00:00","og_image":[{"width":1380,"height":600,"url":"https:\/\/d2p6e6u75xmxt8.cloudfront.net\/4\/2019\/05\/00-9.webp","type":"image\/webp"}],"author":"Ondrej Ga\u0161par","twitter_card":"summary_large_image","twitter_misc":{"Written by":"We Love Cycling","Est. reading time":"8"},"schema":{"@context":"https:\/\/schema.org","@graph":[{"@type":"WebPage","@id":"https:\/\/www.welovecycling.com\/sk\/2019\/05\/27\/giro-ditalia-2019-co-sa-udialo-pocas-druheho-celku\/","url":"https:\/\/www.welovecycling.com\/sk\/2019\/05\/27\/giro-ditalia-2019-co-sa-udialo-pocas-druheho-celku\/","name":"Giro d\u00b4Italia 2019 \u2013 \u010do sa udialo po\u010das druh\u00e9ho celku? - \u0160koda We Love Cycling Slovensko","isPartOf":{"@id":"https:\/\/www.welovecycling.com\/sk\/#website"},"primaryImageOfPage":{"@id":"https:\/\/www.welovecycling.com\/sk\/2019\/05\/27\/giro-ditalia-2019-co-sa-udialo-pocas-druheho-celku\/#primaryimage"},"image":{"@id":"https:\/\/www.welovecycling.com\/sk\/2019\/05\/27\/giro-ditalia-2019-co-sa-udialo-pocas-druheho-celku\/#primaryimage"},"thumbnailUrl":"https:\/\/d2p6e6u75xmxt8.cloudfront.net\/4\/2019\/05\/00-9.webp","datePublished":"2019-05-27T11:29:37+00:00","dateModified":"2019-05-27T11:50:19+00:00","author":{"@id":"https:\/\/www.welovecycling.com\/sk\/#\/schema\/person\/8ee09ba39b7e25b1870160aa5b3a89bc"},"breadcrumb":{"@id":"https:\/\/www.welovecycling.com\/sk\/2019\/05\/27\/giro-ditalia-2019-co-sa-udialo-pocas-druheho-celku\/#breadcrumb"},"inLanguage":"sk-SK","potentialAction":[{"@type":"ReadAction","target":["https:\/\/www.welovecycling.com\/sk\/2019\/05\/27\/giro-ditalia-2019-co-sa-udialo-pocas-druheho-celku\/"]}]},{"@type":"ImageObject","inLanguage":"sk-SK","@id":"https:\/\/www.welovecycling.com\/sk\/2019\/05\/27\/giro-ditalia-2019-co-sa-udialo-pocas-druheho-celku\/#primaryimage","url":"https:\/\/d2p6e6u75xmxt8.cloudfront.net\/4\/2019\/05\/00-9.webp","contentUrl":"https:\/\/d2p6e6u75xmxt8.cloudfront.net\/4\/2019\/05\/00-9.webp","width":1380,"height":600},{"@type":"BreadcrumbList","@id":"https:\/\/www.welovecycling.com\/sk\/2019\/05\/27\/giro-ditalia-2019-co-sa-udialo-pocas-druheho-celku\/#breadcrumb","itemListElement":[{"@type":"ListItem","position":1,"name":"Home","item":"https:\/\/www.welovecycling.com\/sk\/"},{"@type":"ListItem","position":2,"name":"Giro d\u00b4Italia 2019 \u2013 \u010do sa udialo po\u010das druh\u00e9ho celku?"}]},{"@type":"WebSite","@id":"https:\/\/www.welovecycling.com\/sk\/#website","url":"https:\/\/www.welovecycling.com\/sk\/","name":"\u0160koda We Love Cycling Slovensko","description":"\u0160koda We Love Cycling Slovensko je v\u00e1\u0161 ka\u017edodenn\u00fd zdroj noviniek a in\u0161pir\u00e1cie z sveta cyklistiky","potentialAction":[{"@type":"SearchAction","target":{"@type":"EntryPoint","urlTemplate":"https:\/\/www.welovecycling.com\/sk\/?s={search_term_string}"},"query-input":{"@type":"PropertyValueSpecification","valueRequired":true,"valueName":"search_term_string"}}],"inLanguage":"sk-SK"},{"@type":"Person","@id":"https:\/\/www.welovecycling.com\/sk\/#\/schema\/person\/8ee09ba39b7e25b1870160aa5b3a89bc","name":"Ondrej Ga\u0161par","image":{"@type":"ImageObject","inLanguage":"sk-SK","@id":"https:\/\/www.welovecycling.com\/sk\/#\/schema\/person\/image\/","url":"https:\/\/secure.gravatar.com\/avatar\/6126c9afb87b70da5abbb083ddbb21933da15f18f8ca7cb822aba0fb096a48f6?s=96&d=mm&r=g","contentUrl":"https:\/\/secure.gravatar.com\/avatar\/6126c9afb87b70da5abbb083ddbb21933da15f18f8ca7cb822aba0fb096a48f6?s=96&d=mm&r=g","caption":"Ondrej Ga\u0161par"},"url":"https:\/\/www.welovecycling.com\/sk\/author\/ondrejgaspar\/"}]}},"_links":{"self":[{"href":"https:\/\/www.welovecycling.com\/sk\/wp-json\/wp\/v2\/posts\/7211","targetHints":{"allow":["GET"]}}],"collection":[{"href":"https:\/\/www.welovecycling.com\/sk\/wp-json\/wp\/v2\/posts"}],"about":[{"href":"https:\/\/www.welovecycling.com\/sk\/wp-json\/wp\/v2\/types\/post"}],"author":[{"embeddable":true,"href":"https:\/\/www.welovecycling.com\/sk\/wp-json\/wp\/v2\/users\/38"}],"replies":[{"embeddable":true,"href":"https:\/\/www.welovecycling.com\/sk\/wp-json\/wp\/v2\/comments?post=7211"}],"version-history":[{"count":2,"href":"https:\/\/www.welovecycling.com\/sk\/wp-json\/wp\/v2\/posts\/7211\/revisions"}],"predecessor-version":[{"id":7222,"href":"https:\/\/www.welovecycling.com\/sk\/wp-json\/wp\/v2\/posts\/7211\/revisions\/7222"}],"wp:featuredmedia":[{"embeddable":true,"href":"https:\/\/www.welovecycling.com\/sk\/wp-json\/wp\/v2\/media\/7217"}],"wp:attachment":[{"href":"https:\/\/www.welovecycling.com\/sk\/wp-json\/wp\/v2\/media?parent=7211"}],"wp:term":[{"taxonomy":"category","embeddable":true,"href":"https:\/\/www.welovecycling.com\/sk\/wp-json\/wp\/v2\/categories?post=7211"},{"taxonomy":"post_tag","embeddable":true,"href":"https:\/\/www.welovecycling.com\/sk\/wp-json\/wp\/v2\/tags?post=7211"},{"taxonomy":"global-categories","embeddable":true,"href":"https:\/\/www.welovecycling.com\/sk\/wp-json\/wp\/v2\/global-categories?post=7211"}],"curies":[{"name":"wp","href":"https:\/\/api.w.org\/{rel}","templated":true}]}}