{"id":7179,"date":"2019-05-20T10:18:20","date_gmt":"2019-05-20T08:18:20","guid":{"rendered":"https:\/\/www.welovecycling.com\/sk\/?p=7179"},"modified":"2019-05-27T14:23:41","modified_gmt":"2019-05-27T12:23:41","slug":"mali-by-ste-lietat-spolu-s-bicyklom-alebo-si-ho-prenajat-na-mieste","status":"publish","type":"post","link":"https:\/\/www.welovecycling.com\/sk\/2019\/05\/20\/mali-by-ste-lietat-spolu-s-bicyklom-alebo-si-ho-prenajat-na-mieste\/","title":{"rendered":"Letie\u0165 s bicyklom alebo si ho prenaja\u0165 na mieste?"},"content":{"rendered":"<p><strong>Lietanie so zabalen\u00fdm bicyklom v bato\u017einovom priestore m\u00e1 svoje klady, ale m\u00f4\u017ee to by\u0165 finan\u010dne n\u00e1ro\u010dn\u00e9 a vyvol\u00e1va to pocit neistoty. Ak\u00e9 s\u00fa v\u00fdhody lietania v oblakoch s va\u0161im mil\u00e1\u010dikom a na druhej strane, ak\u00e9 pozit\u00edva m\u00e1 prenajatie na mieste ur\u010denia? Neexistuje \u017eiadna kone\u010dn\u00e1 a definit\u00edvna odpove\u010f. Vybra\u0165 si m\u00f4\u017eete z t\u00fdchto dvoch hypotetick\u00fdch scen\u00e1rov. Zhr\u0148me si ich teda.<\/strong><!--more--><\/p>\n<h2><strong>Pre\u010do lieta\u0165?<\/strong><\/h2>\n<p>Svoj stroj pozn\u00e1te. Je prisp\u00f4soben\u00fd va\u0161im proporci\u00e1m a tie\u017e viete, ako na \u0148om jazdi\u0165. <strong>Nemali by ste ma\u0165 na \u0148om \u017eiadne skryt\u00e9 chyby a nemus\u00ed v\u00e1s prekvapi\u0165 nijak\u00e1 ne\u010dakan\u00e1 situ\u00e1cia<\/strong>. Na mieste si ho je potrebn\u00e9 len posklada\u0165 a n\u00e1sledne si u\u017e len vychutn\u00e1va\u0165 jazdu. Nebudete tr\u00e1vi\u0165 \u010das navy\u0161e v po\u017ei\u010dovni v\u00fdberom spr\u00e1vneho modelu \u010di ve\u013ekosti. Aj ke\u010f si to viete pozrie\u0165 a rezervova\u0165 vopred online, st\u00e1le je mo\u017enos\u0165, \u017ee nastan\u00fa neo\u010dak\u00e1van\u00e9 situ\u00e1cie \u010di nedorozumenia. \u010castokr\u00e1t po\u010du\u0165 v\u00fdhovorky, \u017ee bicykel bol prenajat\u00fd 5 min\u00fat pred va\u0161\u00edm pr\u00edchodom a podobne.<\/p>\n<figure id=\"attachment_7181\" aria-describedby=\"caption-attachment-7181\" style=\"width: 1250px\" class=\"wp-caption alignnone\"><a href=\"https:\/\/d2p6e6u75xmxt8.cloudfront.net\/4\/2019\/05\/profimedia-0254556310.jpg\"><img loading=\"lazy\" decoding=\"async\" class=\"size-full wp-image-7181\" src=\"https:\/\/d2p6e6u75xmxt8.cloudfront.net\/4\/2019\/05\/profimedia-0254556310.jpg\" alt=\"\" width=\"1250\" height=\"703\" \/><\/a><figcaption id=\"caption-attachment-7181\" class=\"wp-caption-text\">Pravidl\u00e1 pre cestovanie s bicyklom z\u00e1visia od danej leteckej spolo\u010dnosti, ktor\u00fa si vyberiete.\u00a0\u00a9 Profimedia<\/figcaption><\/figure>\n<p>Ak m\u00e1te po\u017eiadavky na konkr\u00e9tny model, \u017eelania oh\u013eadom ve\u013ekosti, v\u00fdbavy \u010di technick\u00e9ho vybavenia, tak to m\u00f4\u017ee by\u0165 komplikovan\u00e9. Bu\u010f bude pren\u00e1jom nemo\u017en\u00fd alebo pr\u00edli\u0161 drah\u00fd. Ke\u010f to v\u0161etko zvl\u00e1dnete a ni\u010d sa nestane, \u010dak\u00e1 na v\u00e1s kone\u010dne dovolenka.<\/p>\n<p>Po\u010das demont\u00e1\u017ee a op\u00e4tovnej mont\u00e1\u017ee vami privezen\u00e9ho mil\u00e1\u010dika sa z v\u00e1s stane MacGyver Nr. 2. T\u00fdmto sp\u00f4sobom sa nau\u010d\u00edte, ako servisova\u0165 ak\u00fdko\u013evek probl\u00e9m alebo ako si vysta\u010di\u0165 len so z\u00e1kladn\u00fdm vybaven\u00edm. Niekedy sa prenaj\u00edmaj\u00fa bicykle aj \u013eu\u010fom, ktor\u00ed s nimi manipuluj\u00fa tvrdo alebo maj\u00fa nejak\u00fd ten kilogram navy\u0161e. Preto s\u00fa tieto k\u00fasky pevnej\u0161ie a z\u00e1konite aj \u0165a\u017e\u0161ie. Ste ochotn\u00ed to pri pren\u00e1jme akceptova\u0165?<\/p>\n<h2><strong>Pre\u010do si ho prenaja\u0165?<\/strong><\/h2>\n<p>V pr\u00edpade, \u017ee polet\u00edte so svoj\u00edm strojom, tak str\u00e1vite pol d\u0148a jeho skladan\u00edm a zvy\u0161ok \u010dasu venujete baleniu do r\u00f4znych ochrann\u00fdch f\u00f3li\u00ed v n\u00e1deji, \u017ee ochr\u00e1nia v\u00e1\u0161 karb\u00f3n. No na v\u00fdsledok tohto procesu by som si rad\u0161ej nestavil. Niektor\u00e9 leteck\u00e9 spolo\u010dnosti si \u00fa\u010dtuj\u00fa \u010fal\u0161ie poplatky, \u010di u\u017e si budete chcie\u0165 zobra\u0165 bicykel do podpalubia alebo dokonca na palubu lietadla. Za tieto peniaze si na mieste ur\u010denia m\u00f4\u017eete prenaja\u0165 podobn\u00fd \u010di dokonca lep\u0161\u00ed bicykel, ako je ten v\u00e1\u0161.<\/p>\n<div class=\"embed-controller-wrapper\">\n<div class=\"embed-wrapper\"><iframe title=\"We LOVE Majorca!\" width=\"500\" height=\"281\" data-src=\"https:\/\/www.youtube.com\/embed\/TW1D99lEd4g?feature=oembed\" frameborder=\"0\" allow=\"accelerometer; autoplay; clipboard-write; encrypted-media; gyroscope; picture-in-picture; web-share\" referrerpolicy=\"strict-origin-when-cross-origin\" allowfullscreen><\/iframe><\/div>\n<\/div>\n<p>Lietanie je otravn\u00e9 aj bez toho, aby ste museli \u00eds\u0165 na kontrolu aj s va\u0161\u00edm bikom. Pohyb a manipul\u00e1cia s ve\u013ekou krabicou je otravn\u00e1 a m\u00f4\u017ee to znamena\u0165 dodato\u010dn\u00e9 n\u00e1klady pri lietan\u00ed. Cestovanie len s prilbou, ped\u00e1lmi a tretrami v ta\u0161ke je ove\u013ea pohodlnej\u0161ie. <strong>Ke\u010f uvid\u00edte, ako sa na letisku zaobch\u00e1dza s bato\u017einou, tak na n\u00e1lade v\u00e1m to neprid\u00e1 a m\u00f4\u017ee v\u00e1m to pokazi\u0165 cel\u00fd v\u00fdlet<\/strong>. Nezab\u00fadajte aj na to, \u017ee ka\u017ed\u00e1 ta\u0161ka navy\u0161e nesie riziko, \u017ee ju m\u00f4\u017eu strati\u0165. Nakoniec budete na dovolenke bez svojho straten\u00e9ho bicykla a navy\u0161e si prenajmete aj tak nie\u010do v konkr\u00e9tnej destin\u00e1cii.<\/p>\n<p>Pri v\u00e1\u017een\u00ed sa m\u00f4\u017ee sta\u0165, \u017ee krabica presiahne najvy\u0161\u0161\u00ed povolen\u00fd hmotnostn\u00fd limit pre let lietadlom. Pneumatiky a du\u0161e m\u00f4\u017eu skon\u010di\u0165 nakoniec v odpadkovom vreci v letiskovej hale. Pri lete s kamar\u00e1tmi \u010di rodinou je mo\u017en\u00e9 si po\u017eiada\u0165 napr\u00edklad o skupinov\u00fa z\u013eavu.<\/p>\n<p>Po \u0161\u0165astnom prist\u00e1ti v\u00e1m n\u00e1ladu ur\u010dite nezdvihne poh\u013ead na po\u0161koden\u00fa krabicu. So strachom ju otvor\u00edte a sumarizujete v\u0161etky \u0161kody, ktor\u00e9 sa cestou stali. Cel\u00e1 predstava o kvalitnej dovolenke sa razom vytrat\u00ed. V amoku zabijete zamestnanca leteckej spolo\u010dnosti a str\u00e1vite zvy\u0161ok svojho \u017eivota so \u0161v\u00e1bmi vo v\u00e4zen\u00ed nejakej rozvojovej krajiny.<\/p>\n","protected":false},"excerpt":{"rendered":"<p>Lietanie so zabalen\u00fdm bicyklom v bato\u017einovom priestore m\u00e1 svoje klady, ale m\u00f4\u017ee to by\u0165 finan\u010dne n\u00e1ro\u010dn\u00e9 a vyvol\u00e1va to pocit [&hellip;]<\/p>\n","protected":false},"author":38,"featured_media":7183,"comment_status":"open","ping_status":"open","sticky":false,"template":"","format":"standard","meta":{"footnotes":""},"categories":[118],"tags":[559,619,275,115,865,394,180,393,412,508,183,955],"global-categories":[],"class_list":["post-7179","post","type-post","status-publish","format-standard","has-post-thumbnail","hentry","category-zabava","tag-bicykel","tag-bicyklovanie","tag-cesta","tag-cestna-cyklistika","tag-cestna-premavka","tag-cestovanie-s-bicyklom","tag-horska-cyklistika","tag-lietanie-s-bicyklom","tag-mtb","tag-vylet","tag-zabava","tag-zbalit-sa"],"yoast_head":"<!-- This site is optimized with the Yoast SEO Premium plugin v25.3 (Yoast SEO v25.9) - https:\/\/yoast.com\/wordpress\/plugins\/seo\/ -->\n<title>Letie\u0165 s bicyklom alebo si ho prenaja\u0165 na mieste? - \u0160koda We Love Cycling Slovensko<\/title>\n<meta name=\"robots\" content=\"index, follow, max-snippet:-1, max-image-preview:large, max-video-preview:-1\" \/>\n<link rel=\"canonical\" href=\"https:\/\/www.welovecycling.com\/sk\/2019\/05\/20\/mali-by-ste-lietat-spolu-s-bicyklom-alebo-si-ho-prenajat-na-mieste\/\" \/>\n<meta property=\"og:locale\" content=\"sk_SK\" \/>\n<meta property=\"og:type\" content=\"article\" \/>\n<meta property=\"og:title\" content=\"Letie\u0165 s bicyklom alebo si ho prenaja\u0165 na mieste?\" \/>\n<meta property=\"og:description\" content=\"Lietanie so zabalen\u00fdm bicyklom v bato\u017einovom priestore m\u00e1 svoje klady, ale m\u00f4\u017ee to by\u0165 finan\u010dne n\u00e1ro\u010dn\u00e9 a vyvol\u00e1va to pocit [&hellip;]\" \/>\n<meta property=\"og:url\" content=\"https:\/\/www.welovecycling.com\/sk\/2019\/05\/20\/mali-by-ste-lietat-spolu-s-bicyklom-alebo-si-ho-prenajat-na-mieste\/\" \/>\n<meta property=\"og:site_name\" content=\"\u0160koda We Love Cycling Slovensko\" \/>\n<meta property=\"article:published_time\" content=\"2019-05-20T08:18:20+00:00\" \/>\n<meta property=\"article:modified_time\" content=\"2019-05-27T12:23:41+00:00\" \/>\n<meta property=\"og:image\" content=\"https:\/\/d2p6e6u75xmxt8.cloudfront.net\/4\/2019\/05\/Mallorca-profimedia-0335485724.webp\" \/>\n\t<meta property=\"og:image:width\" content=\"1366\" \/>\n\t<meta property=\"og:image:height\" content=\"600\" \/>\n\t<meta property=\"og:image:type\" content=\"image\/webp\" \/>\n<meta name=\"author\" content=\"Ondrej Ga\u0161par\" \/>\n<meta name=\"twitter:card\" content=\"summary_large_image\" \/>\n<meta name=\"twitter:label1\" content=\"Written by\" \/>\n\t<meta name=\"twitter:data1\" content=\"Adam Marsal\" \/>\n\t<meta name=\"twitter:label2\" content=\"Est. reading time\" \/>\n\t<meta name=\"twitter:data2\" content=\"4\" \/>\n<script type=\"application\/ld+json\" class=\"yoast-schema-graph\">{\"@context\":\"https:\/\/schema.org\",\"@graph\":[{\"@type\":\"WebPage\",\"@id\":\"https:\/\/www.welovecycling.com\/sk\/2019\/05\/20\/mali-by-ste-lietat-spolu-s-bicyklom-alebo-si-ho-prenajat-na-mieste\/\",\"url\":\"https:\/\/www.welovecycling.com\/sk\/2019\/05\/20\/mali-by-ste-lietat-spolu-s-bicyklom-alebo-si-ho-prenajat-na-mieste\/\",\"name\":\"Letie\u0165 s bicyklom alebo si ho prenaja\u0165 na mieste? - \u0160koda We Love Cycling Slovensko\",\"isPartOf\":{\"@id\":\"https:\/\/www.welovecycling.com\/sk\/#website\"},\"primaryImageOfPage\":{\"@id\":\"https:\/\/www.welovecycling.com\/sk\/2019\/05\/20\/mali-by-ste-lietat-spolu-s-bicyklom-alebo-si-ho-prenajat-na-mieste\/#primaryimage\"},\"image\":{\"@id\":\"https:\/\/www.welovecycling.com\/sk\/2019\/05\/20\/mali-by-ste-lietat-spolu-s-bicyklom-alebo-si-ho-prenajat-na-mieste\/#primaryimage\"},\"thumbnailUrl\":\"https:\/\/d2p6e6u75xmxt8.cloudfront.net\/4\/2019\/05\/Mallorca-profimedia-0335485724.webp\",\"datePublished\":\"2019-05-20T08:18:20+00:00\",\"dateModified\":\"2019-05-27T12:23:41+00:00\",\"author\":{\"@id\":\"https:\/\/www.welovecycling.com\/sk\/#\/schema\/person\/8ee09ba39b7e25b1870160aa5b3a89bc\"},\"breadcrumb\":{\"@id\":\"https:\/\/www.welovecycling.com\/sk\/2019\/05\/20\/mali-by-ste-lietat-spolu-s-bicyklom-alebo-si-ho-prenajat-na-mieste\/#breadcrumb\"},\"inLanguage\":\"sk-SK\",\"potentialAction\":[{\"@type\":\"ReadAction\",\"target\":[\"https:\/\/www.welovecycling.com\/sk\/2019\/05\/20\/mali-by-ste-lietat-spolu-s-bicyklom-alebo-si-ho-prenajat-na-mieste\/\"]}]},{\"@type\":\"ImageObject\",\"inLanguage\":\"sk-SK\",\"@id\":\"https:\/\/www.welovecycling.com\/sk\/2019\/05\/20\/mali-by-ste-lietat-spolu-s-bicyklom-alebo-si-ho-prenajat-na-mieste\/#primaryimage\",\"url\":\"https:\/\/d2p6e6u75xmxt8.cloudfront.net\/4\/2019\/05\/Mallorca-profimedia-0335485724.webp\",\"contentUrl\":\"https:\/\/d2p6e6u75xmxt8.cloudfront.net\/4\/2019\/05\/Mallorca-profimedia-0335485724.webp\",\"width\":1366,\"height\":600},{\"@type\":\"BreadcrumbList\",\"@id\":\"https:\/\/www.welovecycling.com\/sk\/2019\/05\/20\/mali-by-ste-lietat-spolu-s-bicyklom-alebo-si-ho-prenajat-na-mieste\/#breadcrumb\",\"itemListElement\":[{\"@type\":\"ListItem\",\"position\":1,\"name\":\"Home\",\"item\":\"https:\/\/www.welovecycling.com\/sk\/\"},{\"@type\":\"ListItem\",\"position\":2,\"name\":\"Letie\u0165 s bicyklom alebo si ho prenaja\u0165 na mieste?\"}]},{\"@type\":\"WebSite\",\"@id\":\"https:\/\/www.welovecycling.com\/sk\/#website\",\"url\":\"https:\/\/www.welovecycling.com\/sk\/\",\"name\":\"\u0160koda We Love Cycling Slovensko\",\"description\":\"\u0160koda We Love Cycling Slovensko je v\u00e1\u0161 ka\u017edodenn\u00fd zdroj noviniek a in\u0161pir\u00e1cie z sveta cyklistiky\",\"potentialAction\":[{\"@type\":\"SearchAction\",\"target\":{\"@type\":\"EntryPoint\",\"urlTemplate\":\"https:\/\/www.welovecycling.com\/sk\/?s={search_term_string}\"},\"query-input\":{\"@type\":\"PropertyValueSpecification\",\"valueRequired\":true,\"valueName\":\"search_term_string\"}}],\"inLanguage\":\"sk-SK\"},{\"@type\":\"Person\",\"@id\":\"https:\/\/www.welovecycling.com\/sk\/#\/schema\/person\/8ee09ba39b7e25b1870160aa5b3a89bc\",\"name\":\"Ondrej Ga\u0161par\",\"image\":{\"@type\":\"ImageObject\",\"inLanguage\":\"sk-SK\",\"@id\":\"https:\/\/www.welovecycling.com\/sk\/#\/schema\/person\/image\/\",\"url\":\"https:\/\/secure.gravatar.com\/avatar\/6126c9afb87b70da5abbb083ddbb21933da15f18f8ca7cb822aba0fb096a48f6?s=96&d=mm&r=g\",\"contentUrl\":\"https:\/\/secure.gravatar.com\/avatar\/6126c9afb87b70da5abbb083ddbb21933da15f18f8ca7cb822aba0fb096a48f6?s=96&d=mm&r=g\",\"caption\":\"Ondrej Ga\u0161par\"},\"url\":\"https:\/\/www.welovecycling.com\/sk\/author\/ondrejgaspar\/\"}]}<\/script>\n<!-- \/ Yoast SEO Premium plugin. -->","yoast_head_json":{"title":"Letie\u0165 s bicyklom alebo si ho prenaja\u0165 na mieste? - \u0160koda We Love Cycling Slovensko","robots":{"index":"index","follow":"follow","max-snippet":"max-snippet:-1","max-image-preview":"max-image-preview:large","max-video-preview":"max-video-preview:-1"},"canonical":"https:\/\/www.welovecycling.com\/sk\/2019\/05\/20\/mali-by-ste-lietat-spolu-s-bicyklom-alebo-si-ho-prenajat-na-mieste\/","og_locale":"sk_SK","og_type":"article","og_title":"Letie\u0165 s bicyklom alebo si ho prenaja\u0165 na mieste?","og_description":"Lietanie so zabalen\u00fdm bicyklom v bato\u017einovom priestore m\u00e1 svoje klady, ale m\u00f4\u017ee to by\u0165 finan\u010dne n\u00e1ro\u010dn\u00e9 a vyvol\u00e1va to pocit [&hellip;]","og_url":"https:\/\/www.welovecycling.com\/sk\/2019\/05\/20\/mali-by-ste-lietat-spolu-s-bicyklom-alebo-si-ho-prenajat-na-mieste\/","og_site_name":"\u0160koda We Love Cycling Slovensko","article_published_time":"2019-05-20T08:18:20+00:00","article_modified_time":"2019-05-27T12:23:41+00:00","og_image":[{"width":1366,"height":600,"url":"https:\/\/d2p6e6u75xmxt8.cloudfront.net\/4\/2019\/05\/Mallorca-profimedia-0335485724.webp","type":"image\/webp"}],"author":"Ondrej Ga\u0161par","twitter_card":"summary_large_image","twitter_misc":{"Written by":"Adam Marsal","Est. reading time":"4"},"schema":{"@context":"https:\/\/schema.org","@graph":[{"@type":"WebPage","@id":"https:\/\/www.welovecycling.com\/sk\/2019\/05\/20\/mali-by-ste-lietat-spolu-s-bicyklom-alebo-si-ho-prenajat-na-mieste\/","url":"https:\/\/www.welovecycling.com\/sk\/2019\/05\/20\/mali-by-ste-lietat-spolu-s-bicyklom-alebo-si-ho-prenajat-na-mieste\/","name":"Letie\u0165 s bicyklom alebo si ho prenaja\u0165 na mieste? - \u0160koda We Love Cycling Slovensko","isPartOf":{"@id":"https:\/\/www.welovecycling.com\/sk\/#website"},"primaryImageOfPage":{"@id":"https:\/\/www.welovecycling.com\/sk\/2019\/05\/20\/mali-by-ste-lietat-spolu-s-bicyklom-alebo-si-ho-prenajat-na-mieste\/#primaryimage"},"image":{"@id":"https:\/\/www.welovecycling.com\/sk\/2019\/05\/20\/mali-by-ste-lietat-spolu-s-bicyklom-alebo-si-ho-prenajat-na-mieste\/#primaryimage"},"thumbnailUrl":"https:\/\/d2p6e6u75xmxt8.cloudfront.net\/4\/2019\/05\/Mallorca-profimedia-0335485724.webp","datePublished":"2019-05-20T08:18:20+00:00","dateModified":"2019-05-27T12:23:41+00:00","author":{"@id":"https:\/\/www.welovecycling.com\/sk\/#\/schema\/person\/8ee09ba39b7e25b1870160aa5b3a89bc"},"breadcrumb":{"@id":"https:\/\/www.welovecycling.com\/sk\/2019\/05\/20\/mali-by-ste-lietat-spolu-s-bicyklom-alebo-si-ho-prenajat-na-mieste\/#breadcrumb"},"inLanguage":"sk-SK","potentialAction":[{"@type":"ReadAction","target":["https:\/\/www.welovecycling.com\/sk\/2019\/05\/20\/mali-by-ste-lietat-spolu-s-bicyklom-alebo-si-ho-prenajat-na-mieste\/"]}]},{"@type":"ImageObject","inLanguage":"sk-SK","@id":"https:\/\/www.welovecycling.com\/sk\/2019\/05\/20\/mali-by-ste-lietat-spolu-s-bicyklom-alebo-si-ho-prenajat-na-mieste\/#primaryimage","url":"https:\/\/d2p6e6u75xmxt8.cloudfront.net\/4\/2019\/05\/Mallorca-profimedia-0335485724.webp","contentUrl":"https:\/\/d2p6e6u75xmxt8.cloudfront.net\/4\/2019\/05\/Mallorca-profimedia-0335485724.webp","width":1366,"height":600},{"@type":"BreadcrumbList","@id":"https:\/\/www.welovecycling.com\/sk\/2019\/05\/20\/mali-by-ste-lietat-spolu-s-bicyklom-alebo-si-ho-prenajat-na-mieste\/#breadcrumb","itemListElement":[{"@type":"ListItem","position":1,"name":"Home","item":"https:\/\/www.welovecycling.com\/sk\/"},{"@type":"ListItem","position":2,"name":"Letie\u0165 s bicyklom alebo si ho prenaja\u0165 na mieste?"}]},{"@type":"WebSite","@id":"https:\/\/www.welovecycling.com\/sk\/#website","url":"https:\/\/www.welovecycling.com\/sk\/","name":"\u0160koda We Love Cycling Slovensko","description":"\u0160koda We Love Cycling Slovensko je v\u00e1\u0161 ka\u017edodenn\u00fd zdroj noviniek a in\u0161pir\u00e1cie z sveta cyklistiky","potentialAction":[{"@type":"SearchAction","target":{"@type":"EntryPoint","urlTemplate":"https:\/\/www.welovecycling.com\/sk\/?s={search_term_string}"},"query-input":{"@type":"PropertyValueSpecification","valueRequired":true,"valueName":"search_term_string"}}],"inLanguage":"sk-SK"},{"@type":"Person","@id":"https:\/\/www.welovecycling.com\/sk\/#\/schema\/person\/8ee09ba39b7e25b1870160aa5b3a89bc","name":"Ondrej Ga\u0161par","image":{"@type":"ImageObject","inLanguage":"sk-SK","@id":"https:\/\/www.welovecycling.com\/sk\/#\/schema\/person\/image\/","url":"https:\/\/secure.gravatar.com\/avatar\/6126c9afb87b70da5abbb083ddbb21933da15f18f8ca7cb822aba0fb096a48f6?s=96&d=mm&r=g","contentUrl":"https:\/\/secure.gravatar.com\/avatar\/6126c9afb87b70da5abbb083ddbb21933da15f18f8ca7cb822aba0fb096a48f6?s=96&d=mm&r=g","caption":"Ondrej Ga\u0161par"},"url":"https:\/\/www.welovecycling.com\/sk\/author\/ondrejgaspar\/"}]}},"_links":{"self":[{"href":"https:\/\/www.welovecycling.com\/sk\/wp-json\/wp\/v2\/posts\/7179","targetHints":{"allow":["GET"]}}],"collection":[{"href":"https:\/\/www.welovecycling.com\/sk\/wp-json\/wp\/v2\/posts"}],"about":[{"href":"https:\/\/www.welovecycling.com\/sk\/wp-json\/wp\/v2\/types\/post"}],"author":[{"embeddable":true,"href":"https:\/\/www.welovecycling.com\/sk\/wp-json\/wp\/v2\/users\/38"}],"replies":[{"embeddable":true,"href":"https:\/\/www.welovecycling.com\/sk\/wp-json\/wp\/v2\/comments?post=7179"}],"version-history":[{"count":2,"href":"https:\/\/www.welovecycling.com\/sk\/wp-json\/wp\/v2\/posts\/7179\/revisions"}],"predecessor-version":[{"id":7223,"href":"https:\/\/www.welovecycling.com\/sk\/wp-json\/wp\/v2\/posts\/7179\/revisions\/7223"}],"wp:featuredmedia":[{"embeddable":true,"href":"https:\/\/www.welovecycling.com\/sk\/wp-json\/wp\/v2\/media\/7183"}],"wp:attachment":[{"href":"https:\/\/www.welovecycling.com\/sk\/wp-json\/wp\/v2\/media?parent=7179"}],"wp:term":[{"taxonomy":"category","embeddable":true,"href":"https:\/\/www.welovecycling.com\/sk\/wp-json\/wp\/v2\/categories?post=7179"},{"taxonomy":"post_tag","embeddable":true,"href":"https:\/\/www.welovecycling.com\/sk\/wp-json\/wp\/v2\/tags?post=7179"},{"taxonomy":"global-categories","embeddable":true,"href":"https:\/\/www.welovecycling.com\/sk\/wp-json\/wp\/v2\/global-categories?post=7179"}],"curies":[{"name":"wp","href":"https:\/\/api.w.org\/{rel}","templated":true}]}}