{"id":7146,"date":"2019-05-23T10:58:28","date_gmt":"2019-05-23T08:58:28","guid":{"rendered":"https:\/\/www.welovecycling.com\/sk\/?p=7146"},"modified":"2019-05-23T10:58:28","modified_gmt":"2019-05-23T08:58:28","slug":"predstavujeme-kellys-factory-team-na-vlne-slovenskej-cyklistiky","status":"publish","type":"post","link":"https:\/\/www.welovecycling.com\/sk\/2019\/05\/23\/predstavujeme-kellys-factory-team-na-vlne-slovenskej-cyklistiky\/","title":{"rendered":"Predstavujeme Kellys Factory Team \u2013 na vlne slovenskej cyklistiky"},"content":{"rendered":"<p><strong>V\u00a0na\u0161ich dom\u00e1cich podmienkach vyrastaj\u00fa u\u017e dlh\u00e9 roky skuto\u010dne kvalitn\u00ed jazdci, z\u00a0ktor\u00fdch h\u00e1dam najzn\u00e1mej\u0161\u00edm je Peter Sagan. Av\u0161ak cyklistika m\u00e1 viacero pod\u00f4b, nie len t\u00fa cestn\u00fa. Pr\u00e1ve v\u00a0tej horskej vid\u00edme skvel\u00e9 v\u00fdsledky pretek\u00e1rov z\u00a0t\u00edmu Kellys Factory Team.<\/strong><!--more--><\/p>\n<p><a href=\"https:\/\/d2p6e6u75xmxt8.cloudfront.net\/4\/2019\/05\/01.png\"><img loading=\"lazy\" decoding=\"async\" class=\"alignnone size-full wp-image-7153\" src=\"https:\/\/d2p6e6u75xmxt8.cloudfront.net\/4\/2019\/05\/01.png\" alt=\"\" width=\"1200\" height=\"800\" \/><\/a><\/p>\n<p>V\u00a0skratke m\u00f4\u017eeme tento t\u00edm predstavi\u0165 ako (takmer) r\u00fddzo slovensk\u00fd: <strong>dvaja slovensk\u00ed a\u00a0jeden \u010desk\u00fd jazdec<\/strong>, br\u00e1zdiaci trate na slovensk\u00fdch bicykloch, medzi ktor\u00fdmi je aj majster Slovenska v\u00a0zjazde. Azda pozn\u00e1te nie\u010do viac dom\u00e1ce? Tak \u010di onak, postupne si predstav\u00edme ka\u017ed\u00e9ho z\u00a0nich, ako aj stroje, na ktor\u00fdch jazdia.<\/p>\n<p>Samotn\u00e1 zna\u010dka Kellys p\u00f4sob\u00ed na slovenskom trhu u\u017e vy\u0161e desa\u0165ro\u010die, za ktor\u00e9 si z\u00edskala \u0161irok\u00e9 spektrum u\u017e\u00edvate\u013eov a\u00a0priaznivcov. \u00da\u010das\u0165 v\u00a0s\u00fa\u0165a\u017enom koloto\u010di je len logick\u00fdm vy\u00fasten\u00edm napredovania tohto v\u00fdrobcu, ktor\u00fd dok\u00e1\u017ee svojimi modelmi dr\u017ea\u0165 krok aj s\u00a0t\u00fdmi najpovolanej\u0161\u00edmi v\u00a0tomto odvetv\u00ed.<\/p>\n<h2><strong>Stanislav Sehnal<\/strong><\/h2>\n<p>Rod\u00e1k z\u00a0\u010ceskej republiky, oslavuj\u00faci onedlho svoje 25. narodeniny, je u\u017e sk\u00fasen\u00fdm jazdcom. Medzi jeho reperto\u00e1r patr\u00ed <strong>sedem rokov p\u00f4sobenia na najzn\u00e1mej\u0161\u00edch eur\u00f3pskych zjazdov\u00fdch tratiach<\/strong>, na ktor\u00fdch bojoval s\u00a0t\u00fdmi najlep\u0161\u00edmi z\u00a0n\u00e1\u0161ho kontinentu.<\/p>\n<p>https:\/\/www.instagram.com\/p\/Bw7e7u5gUhg\/<\/p>\n<p>Jeho charakteristick\u00fdmi \u010drtami je z\u00e1pal, s\u00a0ktor\u00fdm ka\u017edodenne vstupuje do cyklistickej rutiny \u2013 \u010di u\u017e je to vytrvalostn\u00fd alebo technick\u00fd tr\u00e9ning. Aj ke\u010f sa rad\u00ed k\u00a0najnov\u0161\u00edm pr\u00edrastkom t\u00edmu, jeho sk\u00fasenosti a\u00a0dlhodob\u00e1 \u00fa\u010das\u0165 vo svete zjazdu tento rozdiel hravo ma\u017e\u00fa.<\/p>\n<lite-youtube videoid=9IyAAY3URL8 params=\"enablejsapi=1\" style=\"background-image: url('https:\/\/i.ytimg.com\/vi_webp\/9IyAAY3URL8\/maxresdefault.webp');\"><\/lite-youtube>\n<h2><strong>Rastislav Bar\u00e1nek<\/strong><\/h2>\n<p>O\u00a0\u010dosi mlad\u0161\u00ed, 24-ro\u010dn\u00fd pretek\u00e1r, sedl\u00e1 bicykle t\u00edmu Kellys Factory u\u017e nejak\u00fd ten rok. Napriek svojmu veku <strong>dok\u00e1zal po\u010das svojej kari\u00e9ry z\u00edska\u0165 nejeden cenn\u00fd kov<\/strong>. Napr\u00edklad v\u00a0roku 2013, kedy si zo Slovak and Czech Cups odniesol zlato.<\/p>\n<p>https:\/\/www.instagram.com\/p\/BwWEIhzg3WF\/<\/p>\n<p>Obdobn\u00fdm, ak nie mo\u017eno \u201esvetovej\u0161\u00edm\u201c \u00faspechom bolo 4. miesto na eur\u00f3pskych majstrovstv\u00e1ch a\u00a0prv\u00e9 miesto na t\u00fdch slovensk\u00fdch. \u010cere\u0161ni\u010dkou na torte je aj zmienka, hovoriaca o\u00a0jeho \u00fa\u010dasti vo svetovom poh\u00e1ri u\u017e v sedemn\u00e1stich rokoch. Mo\u017eno to bude znie\u0165 neuverite\u013ene, ale v\u00a0tomto mlad\u00edkovi sa skr\u00fdva vy\u0161e 10-ro\u010dn\u00e9 penzum sk\u00fasenost\u00ed, ktor\u00e9, d\u00fafame, pretav\u00ed v\u00a0nasleduj\u00facich pretekoch a\u00a0podujatiach.<\/p>\n<lite-youtube videoid=kjXC56Uf5eI params=\"enablejsapi=1\" style=\"background-image: url('https:\/\/i.ytimg.com\/vi_webp\/kjXC56Uf5eI\/maxresdefault.webp');\"><\/lite-youtube>\n<h2><strong>Adam Roj\u010dek<\/strong><\/h2>\n<p>Ak boli predch\u00e1dzaj\u00faci dvaja jazdci mlad\u00edkmi, pri Adamovi sa je potrebn\u00e9 pripravi\u0165 na e\u0161te neskor\u0161\u00ed d\u00e1tum narodenia. V\u00a0s\u00fa\u010dasnosti 20-ro\u010dn\u00fd pretek\u00e1r je <strong>naozajstnou hviezdou na horizonte (nielen) slovenskej zjazd\u00e1rskej sc\u00e9ny<\/strong>. Okrem toho, \u017ee je najmlad\u0161\u00edm, je aj najnov\u0161\u00edm pr\u00edrastkom v\u00a0t\u00edme. S\u00fa\u0165a\u017en\u00e9 cyklistick\u00e9 vy\u017eitie je pre Adama spojen\u00e9 s\u00a0BMX pretekmi, ktor\u00fdch sa z\u00fa\u010dast\u0148oval od \u00fatleho detstva a\u017e do sedemn\u00e1stich rokov. Aj napriek tomu sa jeho zoznam vyhrat\u00fdch s\u00fa\u0165a\u017e\u00ed neust\u00e1le roz\u0161iruje. S\u00fa\u010dasn\u00fd titul majstra Slovenska nie je prv\u00fdm tak\u00fdmto z\u00e1pisom v\u00a0an\u00e1loch na\u0161ich majstrovstiev. Majstrom Slovenska je u\u017e tret\u00ed rok v\u00a0rade (2016, 2017, 2018). T\u00fdmto prejavom potvrdzuje konzistentn\u00fd stav, podtrhnut\u00fd predov\u0161etk\u00fdm ned\u00e1vnym skvel\u00fdm 13. najr\u00fdchlej\u0161\u00edm \u010dasom v\u00a0kvalifik\u00e1cii na Svetovom poh\u00e1ri v\u00a0slovinskom Maribore. Vo fin\u00e1le zav\u0155\u0161il skvel\u00fa \u00fa\u010das\u0165 18. miestom medzi elitn\u00fdmi jazdcami sveta.<\/p>\n<p>https:\/\/www.instagram.com\/p\/BxFvJtPp3BH\/<\/p>\n<h2><strong>Kellys Noid<\/strong><\/h2>\n<p><strong>Zjazd\u00e1rsky \u0161peci\u00e1l<\/strong>, ktor\u00fd je pripraven\u00fd pre v\u0161etk\u00fdch jazdcov t\u00edmu, nie je len ak\u00fdmsi priemern\u00fdm k\u00faskom. V\u00a0jeho \u0161pecifik\u00e1cii n\u00e1jdeme viacero parametrov a\u00a0s\u00fa\u010dasne aj komponentov, ktor\u00e9 hovoria o\u00a0jeho aktu\u00e1lnosti aj v\u00a0dobe, kedy sa bicykle svetov\u00e9ho poh\u00e1ra vyv\u00edjaj\u00fa st\u00e1le r\u00fdchlej\u0161\u00edm tempom.<\/p>\n<p><a href=\"https:\/\/d2p6e6u75xmxt8.cloudfront.net\/4\/2019\/05\/02.png\"><img loading=\"lazy\" decoding=\"async\" class=\"alignnone size-full wp-image-7152\" src=\"https:\/\/d2p6e6u75xmxt8.cloudfront.net\/4\/2019\/05\/02.png\" alt=\"\" width=\"1200\" height=\"800\" \/><\/a><\/p>\n<p>D\u00f4le\u017eit\u00fdm faktorom je ve\u013ekos\u0165 kolies \u2013 tu si napr\u00edklad Adam zvolil \u201eve\u013ek\u00e9\u201c, teda 29\u201c, ktor\u00e9 sa vyzna\u010duj\u00fa svojou stabilitou a\u00a0schopnos\u0165ou \u013eah\u0161ie zdol\u00e1va\u0165 prek\u00e1\u017eky. Vidlica je 200 mm RockShox Boxxer, k\u00a0\u010domu sa prid\u00e1va skuto\u010dne zjazdov\u00e1 sada Shimano Saint, \u010di mas\u00edvne pl\u00e1\u0161te Schwalbe Magic Mary s\u00a0ultra m\u00e4kkou zmesou pre najlep\u0161\u00ed grip. Nakoniec je vhodn\u00e9 podotkn\u00fa\u0165, \u017ee ako div\u00e1ci a\u00a0ob\u010dasn\u00ed jazdci sme radi, \u017ee aj na Slovensku vyrast\u00e1 nov\u00e1 gener\u00e1cia Polcovcov alebo aj Saganovcov.<\/p>\n","protected":false},"excerpt":{"rendered":"<p>V\u00a0na\u0161ich dom\u00e1cich podmienkach vyrastaj\u00fa u\u017e dlh\u00e9 roky skuto\u010dne kvalitn\u00ed jazdci, z\u00a0ktor\u00fdch h\u00e1dam najzn\u00e1mej\u0161\u00edm je Peter Sagan. Av\u0161ak cyklistika m\u00e1 viacero [&hellip;]<\/p>\n","protected":false},"author":38,"featured_media":7154,"comment_status":"open","ping_status":"open","sticky":false,"template":"","format":"standard","meta":{"footnotes":""},"categories":[3],"tags":[950,756,180,902,532,241,758,412,258,949,948,172],"global-categories":[],"class_list":["post-7146","post","type-post","status-publish","format-standard","has-post-thumbnail","hentry","category-mtb","tag-8t8c","tag-adam-rojcek","tag-horska-cyklistika","tag-horsky-bicykel","tag-jazdenie","tag-kellys","tag-kellys-factory-team","tag-mtb","tag-predstavenie","tag-rastislav-baranek","tag-stanislav-sehnal","tag-zjazd"],"yoast_head":"<!-- This site is optimized with the Yoast SEO Premium plugin v25.3 (Yoast SEO v25.9) - https:\/\/yoast.com\/wordpress\/plugins\/seo\/ -->\n<title>Predstavujeme Kellys Factory Team \u2013 na vlne slovenskej cyklistiky - \u0160koda We Love Cycling Slovensko<\/title>\n<meta name=\"robots\" content=\"index, follow, max-snippet:-1, max-image-preview:large, max-video-preview:-1\" \/>\n<link rel=\"canonical\" href=\"https:\/\/www.welovecycling.com\/sk\/2019\/05\/23\/predstavujeme-kellys-factory-team-na-vlne-slovenskej-cyklistiky\/\" \/>\n<meta property=\"og:locale\" content=\"sk_SK\" \/>\n<meta property=\"og:type\" content=\"article\" \/>\n<meta property=\"og:title\" content=\"Predstavujeme Kellys Factory Team \u2013 na vlne slovenskej cyklistiky\" \/>\n<meta property=\"og:description\" content=\"V\u00a0na\u0161ich dom\u00e1cich podmienkach vyrastaj\u00fa u\u017e dlh\u00e9 roky skuto\u010dne kvalitn\u00ed jazdci, z\u00a0ktor\u00fdch h\u00e1dam najzn\u00e1mej\u0161\u00edm je Peter Sagan. Av\u0161ak cyklistika m\u00e1 viacero [&hellip;]\" \/>\n<meta property=\"og:url\" content=\"https:\/\/www.welovecycling.com\/sk\/2019\/05\/23\/predstavujeme-kellys-factory-team-na-vlne-slovenskej-cyklistiky\/\" \/>\n<meta property=\"og:site_name\" content=\"\u0160koda We Love Cycling Slovensko\" \/>\n<meta property=\"article:published_time\" content=\"2019-05-23T08:58:28+00:00\" \/>\n<meta property=\"og:image\" content=\"https:\/\/d2p6e6u75xmxt8.cloudfront.net\/4\/2019\/05\/00.png\" \/>\n\t<meta property=\"og:image:width\" content=\"1380\" \/>\n\t<meta property=\"og:image:height\" content=\"600\" \/>\n\t<meta property=\"og:image:type\" content=\"image\/webp\" \/>\n<meta name=\"author\" content=\"Ondrej Ga\u0161par\" \/>\n<meta name=\"twitter:card\" content=\"summary_large_image\" \/>\n<meta name=\"twitter:label1\" content=\"Written by\" \/>\n\t<meta name=\"twitter:data1\" content=\"We Love Cycling\" \/>\n\t<meta name=\"twitter:label2\" content=\"Est. reading time\" \/>\n\t<meta name=\"twitter:data2\" content=\"5\" \/>\n<script type=\"application\/ld+json\" class=\"yoast-schema-graph\">{\"@context\":\"https:\/\/schema.org\",\"@graph\":[{\"@type\":\"WebPage\",\"@id\":\"https:\/\/www.welovecycling.com\/sk\/2019\/05\/23\/predstavujeme-kellys-factory-team-na-vlne-slovenskej-cyklistiky\/\",\"url\":\"https:\/\/www.welovecycling.com\/sk\/2019\/05\/23\/predstavujeme-kellys-factory-team-na-vlne-slovenskej-cyklistiky\/\",\"name\":\"Predstavujeme Kellys Factory Team \u2013 na vlne slovenskej cyklistiky - \u0160koda We Love Cycling Slovensko\",\"isPartOf\":{\"@id\":\"https:\/\/www.welovecycling.com\/sk\/#website\"},\"primaryImageOfPage\":{\"@id\":\"https:\/\/www.welovecycling.com\/sk\/2019\/05\/23\/predstavujeme-kellys-factory-team-na-vlne-slovenskej-cyklistiky\/#primaryimage\"},\"image\":{\"@id\":\"https:\/\/www.welovecycling.com\/sk\/2019\/05\/23\/predstavujeme-kellys-factory-team-na-vlne-slovenskej-cyklistiky\/#primaryimage\"},\"thumbnailUrl\":\"https:\/\/d2p6e6u75xmxt8.cloudfront.net\/4\/2019\/05\/00.png\",\"datePublished\":\"2019-05-23T08:58:28+00:00\",\"author\":{\"@id\":\"https:\/\/www.welovecycling.com\/sk\/#\/schema\/person\/8ee09ba39b7e25b1870160aa5b3a89bc\"},\"breadcrumb\":{\"@id\":\"https:\/\/www.welovecycling.com\/sk\/2019\/05\/23\/predstavujeme-kellys-factory-team-na-vlne-slovenskej-cyklistiky\/#breadcrumb\"},\"inLanguage\":\"sk-SK\",\"potentialAction\":[{\"@type\":\"ReadAction\",\"target\":[\"https:\/\/www.welovecycling.com\/sk\/2019\/05\/23\/predstavujeme-kellys-factory-team-na-vlne-slovenskej-cyklistiky\/\"]}]},{\"@type\":\"ImageObject\",\"inLanguage\":\"sk-SK\",\"@id\":\"https:\/\/www.welovecycling.com\/sk\/2019\/05\/23\/predstavujeme-kellys-factory-team-na-vlne-slovenskej-cyklistiky\/#primaryimage\",\"url\":\"https:\/\/d2p6e6u75xmxt8.cloudfront.net\/4\/2019\/05\/00.png\",\"contentUrl\":\"https:\/\/d2p6e6u75xmxt8.cloudfront.net\/4\/2019\/05\/00.png\",\"width\":1380,\"height\":600},{\"@type\":\"BreadcrumbList\",\"@id\":\"https:\/\/www.welovecycling.com\/sk\/2019\/05\/23\/predstavujeme-kellys-factory-team-na-vlne-slovenskej-cyklistiky\/#breadcrumb\",\"itemListElement\":[{\"@type\":\"ListItem\",\"position\":1,\"name\":\"Home\",\"item\":\"https:\/\/www.welovecycling.com\/sk\/\"},{\"@type\":\"ListItem\",\"position\":2,\"name\":\"Predstavujeme Kellys Factory Team \u2013 na vlne slovenskej cyklistiky\"}]},{\"@type\":\"WebSite\",\"@id\":\"https:\/\/www.welovecycling.com\/sk\/#website\",\"url\":\"https:\/\/www.welovecycling.com\/sk\/\",\"name\":\"\u0160koda We Love Cycling Slovensko\",\"description\":\"\u0160koda We Love Cycling Slovensko je v\u00e1\u0161 ka\u017edodenn\u00fd zdroj noviniek a in\u0161pir\u00e1cie z sveta cyklistiky\",\"potentialAction\":[{\"@type\":\"SearchAction\",\"target\":{\"@type\":\"EntryPoint\",\"urlTemplate\":\"https:\/\/www.welovecycling.com\/sk\/?s={search_term_string}\"},\"query-input\":{\"@type\":\"PropertyValueSpecification\",\"valueRequired\":true,\"valueName\":\"search_term_string\"}}],\"inLanguage\":\"sk-SK\"},{\"@type\":\"Person\",\"@id\":\"https:\/\/www.welovecycling.com\/sk\/#\/schema\/person\/8ee09ba39b7e25b1870160aa5b3a89bc\",\"name\":\"Ondrej Ga\u0161par\",\"image\":{\"@type\":\"ImageObject\",\"inLanguage\":\"sk-SK\",\"@id\":\"https:\/\/www.welovecycling.com\/sk\/#\/schema\/person\/image\/\",\"url\":\"https:\/\/secure.gravatar.com\/avatar\/6126c9afb87b70da5abbb083ddbb21933da15f18f8ca7cb822aba0fb096a48f6?s=96&d=mm&r=g\",\"contentUrl\":\"https:\/\/secure.gravatar.com\/avatar\/6126c9afb87b70da5abbb083ddbb21933da15f18f8ca7cb822aba0fb096a48f6?s=96&d=mm&r=g\",\"caption\":\"Ondrej Ga\u0161par\"},\"url\":\"https:\/\/www.welovecycling.com\/sk\/author\/ondrejgaspar\/\"}]}<\/script>\n<!-- \/ Yoast SEO Premium plugin. -->","yoast_head_json":{"title":"Predstavujeme Kellys Factory Team \u2013 na vlne slovenskej cyklistiky - \u0160koda We Love Cycling Slovensko","robots":{"index":"index","follow":"follow","max-snippet":"max-snippet:-1","max-image-preview":"max-image-preview:large","max-video-preview":"max-video-preview:-1"},"canonical":"https:\/\/www.welovecycling.com\/sk\/2019\/05\/23\/predstavujeme-kellys-factory-team-na-vlne-slovenskej-cyklistiky\/","og_locale":"sk_SK","og_type":"article","og_title":"Predstavujeme Kellys Factory Team \u2013 na vlne slovenskej cyklistiky","og_description":"V\u00a0na\u0161ich dom\u00e1cich podmienkach vyrastaj\u00fa u\u017e dlh\u00e9 roky skuto\u010dne kvalitn\u00ed jazdci, z\u00a0ktor\u00fdch h\u00e1dam najzn\u00e1mej\u0161\u00edm je Peter Sagan. Av\u0161ak cyklistika m\u00e1 viacero [&hellip;]","og_url":"https:\/\/www.welovecycling.com\/sk\/2019\/05\/23\/predstavujeme-kellys-factory-team-na-vlne-slovenskej-cyklistiky\/","og_site_name":"\u0160koda We Love Cycling Slovensko","article_published_time":"2019-05-23T08:58:28+00:00","og_image":[{"width":1380,"height":600,"url":"https:\/\/d2p6e6u75xmxt8.cloudfront.net\/4\/2019\/05\/00.png","type":"image\/webp"}],"author":"Ondrej Ga\u0161par","twitter_card":"summary_large_image","twitter_misc":{"Written by":"We Love Cycling","Est. reading time":"5"},"schema":{"@context":"https:\/\/schema.org","@graph":[{"@type":"WebPage","@id":"https:\/\/www.welovecycling.com\/sk\/2019\/05\/23\/predstavujeme-kellys-factory-team-na-vlne-slovenskej-cyklistiky\/","url":"https:\/\/www.welovecycling.com\/sk\/2019\/05\/23\/predstavujeme-kellys-factory-team-na-vlne-slovenskej-cyklistiky\/","name":"Predstavujeme Kellys Factory Team \u2013 na vlne slovenskej cyklistiky - \u0160koda We Love Cycling Slovensko","isPartOf":{"@id":"https:\/\/www.welovecycling.com\/sk\/#website"},"primaryImageOfPage":{"@id":"https:\/\/www.welovecycling.com\/sk\/2019\/05\/23\/predstavujeme-kellys-factory-team-na-vlne-slovenskej-cyklistiky\/#primaryimage"},"image":{"@id":"https:\/\/www.welovecycling.com\/sk\/2019\/05\/23\/predstavujeme-kellys-factory-team-na-vlne-slovenskej-cyklistiky\/#primaryimage"},"thumbnailUrl":"https:\/\/d2p6e6u75xmxt8.cloudfront.net\/4\/2019\/05\/00.png","datePublished":"2019-05-23T08:58:28+00:00","author":{"@id":"https:\/\/www.welovecycling.com\/sk\/#\/schema\/person\/8ee09ba39b7e25b1870160aa5b3a89bc"},"breadcrumb":{"@id":"https:\/\/www.welovecycling.com\/sk\/2019\/05\/23\/predstavujeme-kellys-factory-team-na-vlne-slovenskej-cyklistiky\/#breadcrumb"},"inLanguage":"sk-SK","potentialAction":[{"@type":"ReadAction","target":["https:\/\/www.welovecycling.com\/sk\/2019\/05\/23\/predstavujeme-kellys-factory-team-na-vlne-slovenskej-cyklistiky\/"]}]},{"@type":"ImageObject","inLanguage":"sk-SK","@id":"https:\/\/www.welovecycling.com\/sk\/2019\/05\/23\/predstavujeme-kellys-factory-team-na-vlne-slovenskej-cyklistiky\/#primaryimage","url":"https:\/\/d2p6e6u75xmxt8.cloudfront.net\/4\/2019\/05\/00.png","contentUrl":"https:\/\/d2p6e6u75xmxt8.cloudfront.net\/4\/2019\/05\/00.png","width":1380,"height":600},{"@type":"BreadcrumbList","@id":"https:\/\/www.welovecycling.com\/sk\/2019\/05\/23\/predstavujeme-kellys-factory-team-na-vlne-slovenskej-cyklistiky\/#breadcrumb","itemListElement":[{"@type":"ListItem","position":1,"name":"Home","item":"https:\/\/www.welovecycling.com\/sk\/"},{"@type":"ListItem","position":2,"name":"Predstavujeme Kellys Factory Team \u2013 na vlne slovenskej cyklistiky"}]},{"@type":"WebSite","@id":"https:\/\/www.welovecycling.com\/sk\/#website","url":"https:\/\/www.welovecycling.com\/sk\/","name":"\u0160koda We Love Cycling Slovensko","description":"\u0160koda We Love Cycling Slovensko je v\u00e1\u0161 ka\u017edodenn\u00fd zdroj noviniek a in\u0161pir\u00e1cie z sveta cyklistiky","potentialAction":[{"@type":"SearchAction","target":{"@type":"EntryPoint","urlTemplate":"https:\/\/www.welovecycling.com\/sk\/?s={search_term_string}"},"query-input":{"@type":"PropertyValueSpecification","valueRequired":true,"valueName":"search_term_string"}}],"inLanguage":"sk-SK"},{"@type":"Person","@id":"https:\/\/www.welovecycling.com\/sk\/#\/schema\/person\/8ee09ba39b7e25b1870160aa5b3a89bc","name":"Ondrej Ga\u0161par","image":{"@type":"ImageObject","inLanguage":"sk-SK","@id":"https:\/\/www.welovecycling.com\/sk\/#\/schema\/person\/image\/","url":"https:\/\/secure.gravatar.com\/avatar\/6126c9afb87b70da5abbb083ddbb21933da15f18f8ca7cb822aba0fb096a48f6?s=96&d=mm&r=g","contentUrl":"https:\/\/secure.gravatar.com\/avatar\/6126c9afb87b70da5abbb083ddbb21933da15f18f8ca7cb822aba0fb096a48f6?s=96&d=mm&r=g","caption":"Ondrej Ga\u0161par"},"url":"https:\/\/www.welovecycling.com\/sk\/author\/ondrejgaspar\/"}]}},"_links":{"self":[{"href":"https:\/\/www.welovecycling.com\/sk\/wp-json\/wp\/v2\/posts\/7146","targetHints":{"allow":["GET"]}}],"collection":[{"href":"https:\/\/www.welovecycling.com\/sk\/wp-json\/wp\/v2\/posts"}],"about":[{"href":"https:\/\/www.welovecycling.com\/sk\/wp-json\/wp\/v2\/types\/post"}],"author":[{"embeddable":true,"href":"https:\/\/www.welovecycling.com\/sk\/wp-json\/wp\/v2\/users\/38"}],"replies":[{"embeddable":true,"href":"https:\/\/www.welovecycling.com\/sk\/wp-json\/wp\/v2\/comments?post=7146"}],"version-history":[{"count":2,"href":"https:\/\/www.welovecycling.com\/sk\/wp-json\/wp\/v2\/posts\/7146\/revisions"}],"predecessor-version":[{"id":7189,"href":"https:\/\/www.welovecycling.com\/sk\/wp-json\/wp\/v2\/posts\/7146\/revisions\/7189"}],"wp:featuredmedia":[{"embeddable":true,"href":"https:\/\/www.welovecycling.com\/sk\/wp-json\/wp\/v2\/media\/7154"}],"wp:attachment":[{"href":"https:\/\/www.welovecycling.com\/sk\/wp-json\/wp\/v2\/media?parent=7146"}],"wp:term":[{"taxonomy":"category","embeddable":true,"href":"https:\/\/www.welovecycling.com\/sk\/wp-json\/wp\/v2\/categories?post=7146"},{"taxonomy":"post_tag","embeddable":true,"href":"https:\/\/www.welovecycling.com\/sk\/wp-json\/wp\/v2\/tags?post=7146"},{"taxonomy":"global-categories","embeddable":true,"href":"https:\/\/www.welovecycling.com\/sk\/wp-json\/wp\/v2\/global-categories?post=7146"}],"curies":[{"name":"wp","href":"https:\/\/api.w.org\/{rel}","templated":true}]}}