{"id":7105,"date":"2019-05-10T12:53:51","date_gmt":"2019-05-10T10:53:51","guid":{"rendered":"https:\/\/www.welovecycling.com\/sk\/?p=7105"},"modified":"2019-05-16T09:29:44","modified_gmt":"2019-05-16T07:29:44","slug":"pozvanka-skoda-mtb-maraton-levocske-vrchy-novinka-v-serii-sbot","status":"publish","type":"post","link":"https:\/\/www.welovecycling.com\/sk\/2019\/05\/10\/pozvanka-skoda-mtb-maraton-levocske-vrchy-novinka-v-serii-sbot\/","title":{"rendered":"Pozv\u00e1nka: \u0160koda MTB marat\u00f3n Levo\u010dsk\u00e9 vrchy"},"content":{"rendered":"<p><strong>U\u017e v porad\u00ed tret\u00ed marat\u00f3n zo s\u00e9rie \u0160koda BIKE OPEN TOUR sa uskuto\u010dn\u00ed posledn\u00fd m\u00e1jov\u00fd v\u00edkend, t.j. 25. m\u00e1ja 2019 v prostred\u00ed Levo\u010dsk\u00fdch vrchov. \u010cakaj\u00fa na v\u00e1s pozit\u00edvne naladen\u00ed \u013eudia, kolegovia na bicykloch a tvrd\u00e9 st\u00fapania s kr\u00e1snymi v\u00fdh\u013eadmi na Vysok\u00e9 Tatry. Nielen to pon\u00faka tret\u00ed diel ro\u010dn\u00edka 2019.<\/strong><!--more--><\/p>\n<p><img loading=\"lazy\" decoding=\"async\" class=\"alignnone size-full wp-image-7110\" src=\"https:\/\/d2p6e6u75xmxt8.cloudfront.net\/4\/2019\/05\/GOPR4163.JPG.jpg\" alt=\"\" width=\"1200\" height=\"800\" \/><\/p>\n<p>S\u00e9riu MTB marat\u00f3nov s podporou gener\u00e1lneho partnera \u0160koda AUTO Slovensko tvor\u00ed dokopy p\u00e4\u0165 pretekov a nach\u00e1dzame sa teda presne v polovici. T\u00fa druh\u00fa na\u010dneme na v\u00fdchode, v okol\u00ed mesta Levo\u010da. Na v\u00fdber m\u00e1te <strong>z troch mo\u017enost\u00ed trate<\/strong>. Najdlh\u0161ia meria <strong>72,2 kilometra s prev\u00fd\u0161en\u00edm 1\u00a0994\u00a0metrov<\/strong>, stredn\u00e1 m\u00e1 <strong>47,6 kilometra a prev\u00fd\u0161enie 1 080 metrov<\/strong> a nakoniec je tu aj priestor sa prihl\u00e1si\u0165 na kr\u00e1tku tra\u0165 s <strong>25,1 kilometrami a prev\u00fd\u0161en\u00edm okolo 500 metrov<\/strong>. Pre rodiny s de\u0165mi tu je <strong>kateg\u00f3ria Family s d\u013a\u017ekou 8 kilometrov<\/strong>, kde si m\u00f4\u017eu deti spolu s ich rodi\u010dmi naplno vychutna\u0165 atmosf\u00e9ru skuto\u010dn\u00fdch pretekov.<\/p>\n<p><a href=\"https:\/\/d2p6e6u75xmxt8.cloudfront.net\/4\/2019\/05\/levoca_06.jpg\"><img loading=\"lazy\" decoding=\"async\" class=\"alignnone size-full wp-image-7109\" src=\"https:\/\/d2p6e6u75xmxt8.cloudfront.net\/4\/2019\/05\/levoca_06.jpg\" alt=\"\" width=\"1200\" height=\"800\" \/><\/a><\/p>\n<p>Pri prihlasovan\u00ed si vyber\u00e1te z <strong>22 kateg\u00f3ri\u00ed<\/strong>, ktor\u00e9 pokr\u00fdvaj\u00fa ka\u017ed\u00fa vekov\u00fa \u010di v\u00fdkonnostn\u00fa skupinu a samozrejme s\u00fa\u0165a\u017eia \u017eeny a aj mu\u017ei. Na MTB marat\u00f3ne Levo\u010dsk\u00e9 vrchy je mo\u017en\u00e9 si zapreteka\u0165 <strong>aj v podkateg\u00f3rii elektrobicyklov<\/strong> bez rozdielu veku.<\/p>\n<p>Zauj\u00edmavos\u0165ou je <strong>boj o horsk\u00fa pr\u00e9miu<\/strong>, ktor\u00e1 je vyp\u00edsan\u00e1 na dlhej trati a nesie meno rod\u00e1ka Franti\u0161ka Kotr\u00e1dyho. <strong>Prv\u00fd mu\u017e a prv\u00e1 \u017eena na tomto mieste z\u00edskava jedine\u010dn\u00fd poh\u00e1r za najlep\u0161\u00ed v\u00fdkon v kopcoch<\/strong>. Na pretekoch sa m\u00f4\u017eete te\u0161i\u0165 na skvel\u00e9 z\u00e1zemie, s\u00fa\u0165a\u017ee a bohat\u00fd sprievodn\u00fd program pre dospel\u00fdch a hlavne deti. V tomto roku sme sa zamerali na ekologick\u00fd pr\u00edstup a preto ani tu nen\u00e1jdete plastov\u00e9 taniere, poh\u00e1re \u010di igelitov\u00e9 ta\u0161ky.<\/p>\n<p><a href=\"https:\/\/d2p6e6u75xmxt8.cloudfront.net\/4\/2019\/05\/levoca_05.jpg\"><img loading=\"lazy\" decoding=\"async\" class=\"alignnone size-full wp-image-7108\" src=\"https:\/\/d2p6e6u75xmxt8.cloudfront.net\/4\/2019\/05\/levoca_05.jpg\" alt=\"\" width=\"1200\" height=\"800\" \/><\/a><\/p>\n<p><strong>Do 14. m\u00e1ja je mo\u017en\u00e9 zaplati\u0165 zv\u00fdhodnen\u00e9 \u0161tartovn\u00e9 v hodnote 17 \u20ac<\/strong>. V cene je \u0161tartovn\u00e9 \u010d\u00edslo, ob\u010derstvenie na trati, jedlo a n\u00e1poj v cieli, suven\u00edry od \u0160koda AUTO SLOVENSKO a tombola. V nej na v\u00e1s op\u00e4\u0165 \u010dak\u00e1 mo\u017enos\u0165 vyhra\u0165 cestn\u00fd bicykel a \u010fal\u0161ie hodnotn\u00e9 ceny. Pre najlep\u0161\u00edch pretek\u00e1rov, ktor\u00ed sa umiestnia vo svojej kateg\u00f3rii do tretieho miesta, s\u00fa tu finan\u010dn\u00e9 ocenenia vo forme pouk\u00e1\u017eok do \u0160koda eshop-u. Ak ste sa z\u00fa\u010dastnili jedn\u00e9ho z predch\u00e1dzaj\u00facich marat\u00f3nov a do konca ro\u010dn\u00edka absolvujete zost\u00e1vaj\u00face, tak st\u00e1le hr\u00e1te o hlavn\u00fa cenu &#8211; \u0160koda FABIA COMBI. Tak sa r\u00fdchlo prihl\u00e1ste a v\u0161etci sa stretneme 25. m\u00e1ja v Levo\u010dskej Doline.<\/p>\n<p>Viac inform\u00e1ci\u00ed, propoz\u00edcie a prihlasovanie n\u00e1jdete na <a href=\"http:\/\/www.cyklospis.sk\/propozicie\/\" target=\"_blank\" rel=\"noopener\">str\u00e1nke marat\u00f3nu<\/a>. V\u0161etko o s\u00e9rii \u0160koda BIKE OPEN TOUR je k dispoz\u00edci\u00ed na <a href=\"https:\/\/www.welovecycling.com\/sk\/sbot\/\">tomto odkaze<\/a>.<\/p>\n","protected":false},"excerpt":{"rendered":"<p>U\u017e v porad\u00ed tret\u00ed marat\u00f3n zo s\u00e9rie \u0160koda BIKE OPEN TOUR sa uskuto\u010dn\u00ed posledn\u00fd m\u00e1jov\u00fd v\u00edkend, t.j. 25. m\u00e1ja 2019 [&hellip;]<\/p>\n","protected":false},"author":38,"featured_media":7106,"comment_status":"open","ping_status":"open","sticky":false,"template":"","format":"standard","meta":{"footnotes":""},"categories":[3,34,33],"tags":[180,178,412,91,179,474,542,562,35,77,468,555,859,92],"global-categories":[],"class_list":["post-7105","post","type-post","status-publish","format-standard","has-post-thumbnail","hentry","category-mtb","category-podujatia","category-sbot","tag-horska-cyklistika","tag-maraton","tag-mtb","tag-pozvanka","tag-preteky","tag-rodinny-maraton","tag-skoda","tag-skoda-bicykel","tag-sbot","tag-skoda-dedina","tag-skoda-karoq","tag-skoda-kodiaq","tag-skoda-mtb-maraton-levocske-vrchy","tag-skoda-tim"],"yoast_head":"<!-- This site is optimized with the Yoast SEO Premium plugin v25.3 (Yoast SEO v25.9) - https:\/\/yoast.com\/wordpress\/plugins\/seo\/ -->\n<title>Pozv\u00e1nka: \u0160koda MTB marat\u00f3n Levo\u010dsk\u00e9 vrchy - \u0160koda We Love Cycling Slovensko<\/title>\n<meta name=\"robots\" content=\"index, follow, max-snippet:-1, max-image-preview:large, max-video-preview:-1\" \/>\n<link rel=\"canonical\" href=\"https:\/\/www.welovecycling.com\/sk\/2019\/05\/10\/pozvanka-skoda-mtb-maraton-levocske-vrchy-novinka-v-serii-sbot\/\" \/>\n<meta property=\"og:locale\" content=\"sk_SK\" \/>\n<meta property=\"og:type\" content=\"article\" \/>\n<meta property=\"og:title\" content=\"Pozv\u00e1nka: \u0160koda MTB marat\u00f3n Levo\u010dsk\u00e9 vrchy\" \/>\n<meta property=\"og:description\" content=\"U\u017e v porad\u00ed tret\u00ed marat\u00f3n zo s\u00e9rie \u0160koda BIKE OPEN TOUR sa uskuto\u010dn\u00ed posledn\u00fd m\u00e1jov\u00fd v\u00edkend, t.j. 25. m\u00e1ja 2019 [&hellip;]\" \/>\n<meta property=\"og:url\" content=\"https:\/\/www.welovecycling.com\/sk\/2019\/05\/10\/pozvanka-skoda-mtb-maraton-levocske-vrchy-novinka-v-serii-sbot\/\" \/>\n<meta property=\"og:site_name\" content=\"\u0160koda We Love Cycling Slovensko\" \/>\n<meta property=\"article:published_time\" content=\"2019-05-10T10:53:51+00:00\" \/>\n<meta property=\"article:modified_time\" content=\"2019-05-16T07:29:44+00:00\" \/>\n<meta property=\"og:image\" content=\"https:\/\/d2p6e6u75xmxt8.cloudfront.net\/4\/2019\/05\/GOPR4159.JPG.webp\" \/>\n\t<meta property=\"og:image:width\" content=\"1380\" \/>\n\t<meta property=\"og:image:height\" content=\"600\" \/>\n\t<meta property=\"og:image:type\" content=\"image\/webp\" \/>\n<meta name=\"author\" content=\"Ondrej Ga\u0161par\" \/>\n<meta name=\"twitter:card\" content=\"summary_large_image\" \/>\n<meta name=\"twitter:label1\" content=\"Written by\" \/>\n\t<meta name=\"twitter:data1\" content=\"We Love Cycling\" \/>\n\t<meta name=\"twitter:label2\" content=\"Est. reading time\" \/>\n\t<meta name=\"twitter:data2\" content=\"3\" \/>\n<script type=\"application\/ld+json\" class=\"yoast-schema-graph\">{\"@context\":\"https:\/\/schema.org\",\"@graph\":[{\"@type\":\"WebPage\",\"@id\":\"https:\/\/www.welovecycling.com\/sk\/2019\/05\/10\/pozvanka-skoda-mtb-maraton-levocske-vrchy-novinka-v-serii-sbot\/\",\"url\":\"https:\/\/www.welovecycling.com\/sk\/2019\/05\/10\/pozvanka-skoda-mtb-maraton-levocske-vrchy-novinka-v-serii-sbot\/\",\"name\":\"Pozv\u00e1nka: \u0160koda MTB marat\u00f3n Levo\u010dsk\u00e9 vrchy - \u0160koda We Love Cycling Slovensko\",\"isPartOf\":{\"@id\":\"https:\/\/www.welovecycling.com\/sk\/#website\"},\"primaryImageOfPage\":{\"@id\":\"https:\/\/www.welovecycling.com\/sk\/2019\/05\/10\/pozvanka-skoda-mtb-maraton-levocske-vrchy-novinka-v-serii-sbot\/#primaryimage\"},\"image\":{\"@id\":\"https:\/\/www.welovecycling.com\/sk\/2019\/05\/10\/pozvanka-skoda-mtb-maraton-levocske-vrchy-novinka-v-serii-sbot\/#primaryimage\"},\"thumbnailUrl\":\"https:\/\/d2p6e6u75xmxt8.cloudfront.net\/4\/2019\/05\/GOPR4159.JPG.webp\",\"datePublished\":\"2019-05-10T10:53:51+00:00\",\"dateModified\":\"2019-05-16T07:29:44+00:00\",\"author\":{\"@id\":\"https:\/\/www.welovecycling.com\/sk\/#\/schema\/person\/8ee09ba39b7e25b1870160aa5b3a89bc\"},\"breadcrumb\":{\"@id\":\"https:\/\/www.welovecycling.com\/sk\/2019\/05\/10\/pozvanka-skoda-mtb-maraton-levocske-vrchy-novinka-v-serii-sbot\/#breadcrumb\"},\"inLanguage\":\"sk-SK\",\"potentialAction\":[{\"@type\":\"ReadAction\",\"target\":[\"https:\/\/www.welovecycling.com\/sk\/2019\/05\/10\/pozvanka-skoda-mtb-maraton-levocske-vrchy-novinka-v-serii-sbot\/\"]}]},{\"@type\":\"ImageObject\",\"inLanguage\":\"sk-SK\",\"@id\":\"https:\/\/www.welovecycling.com\/sk\/2019\/05\/10\/pozvanka-skoda-mtb-maraton-levocske-vrchy-novinka-v-serii-sbot\/#primaryimage\",\"url\":\"https:\/\/d2p6e6u75xmxt8.cloudfront.net\/4\/2019\/05\/GOPR4159.JPG.webp\",\"contentUrl\":\"https:\/\/d2p6e6u75xmxt8.cloudfront.net\/4\/2019\/05\/GOPR4159.JPG.webp\",\"width\":1380,\"height\":600},{\"@type\":\"BreadcrumbList\",\"@id\":\"https:\/\/www.welovecycling.com\/sk\/2019\/05\/10\/pozvanka-skoda-mtb-maraton-levocske-vrchy-novinka-v-serii-sbot\/#breadcrumb\",\"itemListElement\":[{\"@type\":\"ListItem\",\"position\":1,\"name\":\"Home\",\"item\":\"https:\/\/www.welovecycling.com\/sk\/\"},{\"@type\":\"ListItem\",\"position\":2,\"name\":\"Pozv\u00e1nka: \u0160koda MTB marat\u00f3n Levo\u010dsk\u00e9 vrchy\"}]},{\"@type\":\"WebSite\",\"@id\":\"https:\/\/www.welovecycling.com\/sk\/#website\",\"url\":\"https:\/\/www.welovecycling.com\/sk\/\",\"name\":\"\u0160koda We Love Cycling Slovensko\",\"description\":\"\u0160koda We Love Cycling Slovensko je v\u00e1\u0161 ka\u017edodenn\u00fd zdroj noviniek a in\u0161pir\u00e1cie z sveta cyklistiky\",\"potentialAction\":[{\"@type\":\"SearchAction\",\"target\":{\"@type\":\"EntryPoint\",\"urlTemplate\":\"https:\/\/www.welovecycling.com\/sk\/?s={search_term_string}\"},\"query-input\":{\"@type\":\"PropertyValueSpecification\",\"valueRequired\":true,\"valueName\":\"search_term_string\"}}],\"inLanguage\":\"sk-SK\"},{\"@type\":\"Person\",\"@id\":\"https:\/\/www.welovecycling.com\/sk\/#\/schema\/person\/8ee09ba39b7e25b1870160aa5b3a89bc\",\"name\":\"Ondrej Ga\u0161par\",\"image\":{\"@type\":\"ImageObject\",\"inLanguage\":\"sk-SK\",\"@id\":\"https:\/\/www.welovecycling.com\/sk\/#\/schema\/person\/image\/\",\"url\":\"https:\/\/secure.gravatar.com\/avatar\/6126c9afb87b70da5abbb083ddbb21933da15f18f8ca7cb822aba0fb096a48f6?s=96&d=mm&r=g\",\"contentUrl\":\"https:\/\/secure.gravatar.com\/avatar\/6126c9afb87b70da5abbb083ddbb21933da15f18f8ca7cb822aba0fb096a48f6?s=96&d=mm&r=g\",\"caption\":\"Ondrej Ga\u0161par\"},\"url\":\"https:\/\/www.welovecycling.com\/sk\/author\/ondrejgaspar\/\"}]}<\/script>\n<!-- \/ Yoast SEO Premium plugin. -->","yoast_head_json":{"title":"Pozv\u00e1nka: \u0160koda MTB marat\u00f3n Levo\u010dsk\u00e9 vrchy - \u0160koda We Love Cycling Slovensko","robots":{"index":"index","follow":"follow","max-snippet":"max-snippet:-1","max-image-preview":"max-image-preview:large","max-video-preview":"max-video-preview:-1"},"canonical":"https:\/\/www.welovecycling.com\/sk\/2019\/05\/10\/pozvanka-skoda-mtb-maraton-levocske-vrchy-novinka-v-serii-sbot\/","og_locale":"sk_SK","og_type":"article","og_title":"Pozv\u00e1nka: \u0160koda MTB marat\u00f3n Levo\u010dsk\u00e9 vrchy","og_description":"U\u017e v porad\u00ed tret\u00ed marat\u00f3n zo s\u00e9rie \u0160koda BIKE OPEN TOUR sa uskuto\u010dn\u00ed posledn\u00fd m\u00e1jov\u00fd v\u00edkend, t.j. 25. m\u00e1ja 2019 [&hellip;]","og_url":"https:\/\/www.welovecycling.com\/sk\/2019\/05\/10\/pozvanka-skoda-mtb-maraton-levocske-vrchy-novinka-v-serii-sbot\/","og_site_name":"\u0160koda We Love Cycling Slovensko","article_published_time":"2019-05-10T10:53:51+00:00","article_modified_time":"2019-05-16T07:29:44+00:00","og_image":[{"width":1380,"height":600,"url":"https:\/\/d2p6e6u75xmxt8.cloudfront.net\/4\/2019\/05\/GOPR4159.JPG.webp","type":"image\/webp"}],"author":"Ondrej Ga\u0161par","twitter_card":"summary_large_image","twitter_misc":{"Written by":"We Love Cycling","Est. reading time":"3"},"schema":{"@context":"https:\/\/schema.org","@graph":[{"@type":"WebPage","@id":"https:\/\/www.welovecycling.com\/sk\/2019\/05\/10\/pozvanka-skoda-mtb-maraton-levocske-vrchy-novinka-v-serii-sbot\/","url":"https:\/\/www.welovecycling.com\/sk\/2019\/05\/10\/pozvanka-skoda-mtb-maraton-levocske-vrchy-novinka-v-serii-sbot\/","name":"Pozv\u00e1nka: \u0160koda MTB marat\u00f3n Levo\u010dsk\u00e9 vrchy - \u0160koda We Love Cycling Slovensko","isPartOf":{"@id":"https:\/\/www.welovecycling.com\/sk\/#website"},"primaryImageOfPage":{"@id":"https:\/\/www.welovecycling.com\/sk\/2019\/05\/10\/pozvanka-skoda-mtb-maraton-levocske-vrchy-novinka-v-serii-sbot\/#primaryimage"},"image":{"@id":"https:\/\/www.welovecycling.com\/sk\/2019\/05\/10\/pozvanka-skoda-mtb-maraton-levocske-vrchy-novinka-v-serii-sbot\/#primaryimage"},"thumbnailUrl":"https:\/\/d2p6e6u75xmxt8.cloudfront.net\/4\/2019\/05\/GOPR4159.JPG.webp","datePublished":"2019-05-10T10:53:51+00:00","dateModified":"2019-05-16T07:29:44+00:00","author":{"@id":"https:\/\/www.welovecycling.com\/sk\/#\/schema\/person\/8ee09ba39b7e25b1870160aa5b3a89bc"},"breadcrumb":{"@id":"https:\/\/www.welovecycling.com\/sk\/2019\/05\/10\/pozvanka-skoda-mtb-maraton-levocske-vrchy-novinka-v-serii-sbot\/#breadcrumb"},"inLanguage":"sk-SK","potentialAction":[{"@type":"ReadAction","target":["https:\/\/www.welovecycling.com\/sk\/2019\/05\/10\/pozvanka-skoda-mtb-maraton-levocske-vrchy-novinka-v-serii-sbot\/"]}]},{"@type":"ImageObject","inLanguage":"sk-SK","@id":"https:\/\/www.welovecycling.com\/sk\/2019\/05\/10\/pozvanka-skoda-mtb-maraton-levocske-vrchy-novinka-v-serii-sbot\/#primaryimage","url":"https:\/\/d2p6e6u75xmxt8.cloudfront.net\/4\/2019\/05\/GOPR4159.JPG.webp","contentUrl":"https:\/\/d2p6e6u75xmxt8.cloudfront.net\/4\/2019\/05\/GOPR4159.JPG.webp","width":1380,"height":600},{"@type":"BreadcrumbList","@id":"https:\/\/www.welovecycling.com\/sk\/2019\/05\/10\/pozvanka-skoda-mtb-maraton-levocske-vrchy-novinka-v-serii-sbot\/#breadcrumb","itemListElement":[{"@type":"ListItem","position":1,"name":"Home","item":"https:\/\/www.welovecycling.com\/sk\/"},{"@type":"ListItem","position":2,"name":"Pozv\u00e1nka: \u0160koda MTB marat\u00f3n Levo\u010dsk\u00e9 vrchy"}]},{"@type":"WebSite","@id":"https:\/\/www.welovecycling.com\/sk\/#website","url":"https:\/\/www.welovecycling.com\/sk\/","name":"\u0160koda We Love Cycling Slovensko","description":"\u0160koda We Love Cycling Slovensko je v\u00e1\u0161 ka\u017edodenn\u00fd zdroj noviniek a in\u0161pir\u00e1cie z sveta cyklistiky","potentialAction":[{"@type":"SearchAction","target":{"@type":"EntryPoint","urlTemplate":"https:\/\/www.welovecycling.com\/sk\/?s={search_term_string}"},"query-input":{"@type":"PropertyValueSpecification","valueRequired":true,"valueName":"search_term_string"}}],"inLanguage":"sk-SK"},{"@type":"Person","@id":"https:\/\/www.welovecycling.com\/sk\/#\/schema\/person\/8ee09ba39b7e25b1870160aa5b3a89bc","name":"Ondrej Ga\u0161par","image":{"@type":"ImageObject","inLanguage":"sk-SK","@id":"https:\/\/www.welovecycling.com\/sk\/#\/schema\/person\/image\/","url":"https:\/\/secure.gravatar.com\/avatar\/6126c9afb87b70da5abbb083ddbb21933da15f18f8ca7cb822aba0fb096a48f6?s=96&d=mm&r=g","contentUrl":"https:\/\/secure.gravatar.com\/avatar\/6126c9afb87b70da5abbb083ddbb21933da15f18f8ca7cb822aba0fb096a48f6?s=96&d=mm&r=g","caption":"Ondrej Ga\u0161par"},"url":"https:\/\/www.welovecycling.com\/sk\/author\/ondrejgaspar\/"}]}},"_links":{"self":[{"href":"https:\/\/www.welovecycling.com\/sk\/wp-json\/wp\/v2\/posts\/7105","targetHints":{"allow":["GET"]}}],"collection":[{"href":"https:\/\/www.welovecycling.com\/sk\/wp-json\/wp\/v2\/posts"}],"about":[{"href":"https:\/\/www.welovecycling.com\/sk\/wp-json\/wp\/v2\/types\/post"}],"author":[{"embeddable":true,"href":"https:\/\/www.welovecycling.com\/sk\/wp-json\/wp\/v2\/users\/38"}],"replies":[{"embeddable":true,"href":"https:\/\/www.welovecycling.com\/sk\/wp-json\/wp\/v2\/comments?post=7105"}],"version-history":[{"count":2,"href":"https:\/\/www.welovecycling.com\/sk\/wp-json\/wp\/v2\/posts\/7105\/revisions"}],"predecessor-version":[{"id":7163,"href":"https:\/\/www.welovecycling.com\/sk\/wp-json\/wp\/v2\/posts\/7105\/revisions\/7163"}],"wp:featuredmedia":[{"embeddable":true,"href":"https:\/\/www.welovecycling.com\/sk\/wp-json\/wp\/v2\/media\/7106"}],"wp:attachment":[{"href":"https:\/\/www.welovecycling.com\/sk\/wp-json\/wp\/v2\/media?parent=7105"}],"wp:term":[{"taxonomy":"category","embeddable":true,"href":"https:\/\/www.welovecycling.com\/sk\/wp-json\/wp\/v2\/categories?post=7105"},{"taxonomy":"post_tag","embeddable":true,"href":"https:\/\/www.welovecycling.com\/sk\/wp-json\/wp\/v2\/tags?post=7105"},{"taxonomy":"global-categories","embeddable":true,"href":"https:\/\/www.welovecycling.com\/sk\/wp-json\/wp\/v2\/global-categories?post=7105"}],"curies":[{"name":"wp","href":"https:\/\/api.w.org\/{rel}","templated":true}]}}