{"id":7009,"date":"2019-04-30T12:43:46","date_gmt":"2019-04-30T10:43:46","guid":{"rendered":"https:\/\/www.welovecycling.com\/sk\/?p=7009"},"modified":"2019-05-09T11:22:05","modified_gmt":"2019-05-09T09:22:05","slug":"mesacna-desiatka-blaznivy-april","status":"publish","type":"post","link":"https:\/\/www.welovecycling.com\/sk\/2019\/04\/30\/mesacna-desiatka-blaznivy-april\/","title":{"rendered":"Mesa\u010dn\u00e1 desiatka \u2013 bl\u00e1zniv\u00fd apr\u00edl"},"content":{"rendered":"<p><strong>\u0160iba\u010di u\u017e odlo\u017eili vedr\u00e1 a\u00a0korb\u00e1\u010de, av\u0161ak u\u00a0cyklistov pr\u00e1ca nekon\u010d\u00ed. Jarn\u00e9 kilometre sa z\u00faro\u010dovali sk\u00f4r na such\u00fdch cest\u00e1ch a\u00a0m\u00f4\u017eeme poveda\u0165, \u017ee sa bolo na \u010do pozera\u0165! Apr\u00edl n\u00e1m tak priniesol pln\u00fa d\u00e1vku dvojkolesov\u00fdch z\u00e1\u017eitkov. Pozrime sa na niektor\u00e9 z\u00a0nich.<\/strong><!--more--><\/p>\n<p>V\u00a0apr\u00edli sme boli svedkami naozaj <strong>pestr\u00e9ho harmonogramu<\/strong> \u2013 od cestnej cyklistiky, v\u00a0ktorej sa uk\u00e1zal cel\u00fd pelot\u00f3n v\u00a0plnom nasaden\u00ed na eur\u00f3pskych klasik\u00e1ch, ale aj etap\u00e1koch, cez horsk\u00fa cyklistiku, v\u00a0ktorej sme \u00faspe\u0161ne absolvovali prv\u00e9 kolo svetov\u00e9ho poh\u00e1ra v\u00a0zjazde, a\u017e po cyklobal, nev\u0161edn\u00fa, av\u0161ak rovnako cenn\u00fa s\u00fa\u010das\u0165 cyklistiky.<\/p>\n<h2><strong>Sagan nezopakoval minuloro\u010dn\u00e9 \u00faspechy<\/strong><\/h2>\n<p>Peter Sagan, slovensk\u00e1 jednotka cestnej cyklistiky, sa v\u00a0mesiaci apr\u00edl predstavil na klasik\u00e1ch, teda v\u00a0prostred\u00ed, ktor\u00e9 je jeho \u201edomovom\u201c. Napriek v\u00fdborn\u00fdm v\u00fdkonom, najm\u00e4 na Par\u00ed\u017e-Roubaix, sa mu <strong>nepodarilo z\u00edska\u0165 prvenstvo ani v\u00a0jednej z\u00a0nich<\/strong>. \u010co viac, posledn\u00fa dvojicu pretekov, <strong>Amstel a\u00a0Val\u00f3nsky \u0161\u00edp, nedokon\u010dil<\/strong>. Ver\u00edme, \u017ee tento stav sa v\u00a0nasleduj\u00facom obdob\u00ed zmen\u00ed na \u00farove\u0148, v\u00a0ktorej si Petra pam\u00e4t\u00e1me.<\/p>\n<lite-youtube videoid=gzpUwcVrj4k params=\"enablejsapi=1\" style=\"background-image: url('https:\/\/i.ytimg.com\/vi_webp\/gzpUwcVrj4k\/maxresdefault.webp');\"><\/lite-youtube>\n<h2><strong>Horsk\u00fd etap\u00e1k, Tour of the Alps, v\u00a0ruk\u00e1ch Sky<\/strong><\/h2>\n<p>43. ro\u010dn\u00edk n\u00e1ro\u010dn\u00fdch cestn\u00fdch pretekov, v\u00a0ktor\u00fdch jazdci po\u010das piatich dn\u00ed <strong>nast\u00fapali vy\u0161e 13\u00a0000 v\u00fd\u0161kov\u00fdch metrov<\/strong> v\u00a0rak\u00faskych a\u00a0talianskych Alp\u00e1ch, ovl\u00e1dol celok Sky. V\u00a0celkovej klasifik\u00e1cii sa na prv\u00fdch dvoch miestach umiestnili Sivakov a\u00a0Geoghegan Hart. Navy\u0161e k\u00a0tomu pridali 3 v\u00ed\u0165azn\u00e9 etapy a\u00a0jedno 2. miesto. Nesta\u010dili na nich ani formu ladiaci Nibali alebo Majka.<\/p>\n<p><a href=\"https:\/\/d2p6e6u75xmxt8.cloudfront.net\/4\/2019\/04\/01-3.jpg\"><img loading=\"lazy\" decoding=\"async\" class=\"alignnone size-full wp-image-7014\" src=\"https:\/\/d2p6e6u75xmxt8.cloudfront.net\/4\/2019\/04\/01-3.jpg\" alt=\"\" width=\"1200\" height=\"800\" \/><\/a><\/p>\n<h2><strong>Prv\u00e9 kolo svetov\u00e9ho poh\u00e1ra v\u00a0zjazde v\u00a0Maribore<\/strong><\/h2>\n<p>Nad\u0161enci horskej a\u00a0konkr\u00e9tne zjazdovej cyklistiky sa u\u017e nemohli do\u010dka\u0165 <strong>za\u010diatku sez\u00f3ny v\u00a0podobe \u201esve\u0165\u00e1ku\u201c<\/strong>. Takmer v\u00a0plnej zostave sa v\u00a0slovinskom Maribore uk\u00e1zala svetov\u00e1 \u0161pi\u010dka. Napriek v\u00ed\u0165azstvu v\u00a0kvalifik\u00e1cii sa Wallaceovi nepodarilo zopakova\u0165 p\u00f3diov\u00e9 umiestnenie. S\u00fa\u010dasn\u00fd majster sveta, Bruni, ako jeden zo \u0161tvorice pokoril \u010das 3 min\u00fat a\u00a0odniesol si pln\u00fd po\u010det bodov, rovnako ako T. Seagrave v\u00a0\u017eenskej kateg\u00f3rii.<\/p>\n<h2><strong>D\u00e1mske Okolo Fl\u00e1mska pre Van Der Breggenov\u00fa<\/strong><\/h2>\n<p>Cyklistika je len jedna, a\u00a0to plat\u00ed aj v\u00a0ot\u00e1zke pohlav\u00ed. V\u00a0kalend\u00e1ri n\u00e1m ka\u017ed\u00fdm rokom prib\u00fadaj\u00fa st\u00e1le nov\u00e9 d\u00e1mske preteky, ktor\u00e9 s\u00fa obdobou t\u00fdch mu\u017esk\u00fdch. V\u00fdnimkou nie s\u00fa ani klasiky. Na jednu z\u00a0najzn\u00e1mej\u0161\u00edch, Okolo Fl\u00e1mska, sa postavili aj \u017eeny, i\u00a0ke\u010f <strong>v\u00a0skr\u00e1tenej, 119 km verzii<\/strong>. Napriek tomu mo\u017eno hovori\u0165 o\u00a0zauj\u00edmavom a\u00a0n\u00e1ro\u010dnom podujat\u00ed, kde sa stretli tie najlep\u0161ie jazdkyne s\u00fa\u010dasnosti. Po 1. miesto si pri\u0161la Van Der Breggenov\u00e1 pred krajankou Van Vleutenovou a\u00a0D\u00e1nkou Langvadovou.<\/p>\n<p><a href=\"https:\/\/d2p6e6u75xmxt8.cloudfront.net\/4\/2019\/04\/02-4.jpg\"><img loading=\"lazy\" decoding=\"async\" class=\"alignnone size-full wp-image-7015\" src=\"https:\/\/d2p6e6u75xmxt8.cloudfront.net\/4\/2019\/04\/02-4.jpg\" alt=\"\" width=\"1200\" height=\"800\" \/><\/a><\/p>\n<h2><strong>Eur\u00f3psky poh\u00e1r BMX v\u00a0Zolderi aj so zlatom pre Slovensko<\/strong><\/h2>\n<p>Slovenka, <strong>Krist\u00edna Madar\u00e1sov\u00e1<\/strong>, si v\u00a0tre\u0165om kole eur\u00f3pskeho poh\u00e1ra BMX vybojovala najcennej\u0161\u00ed kov. Tento \u00faspech sa jej podaril v\u00a0kateg\u00f3rii \u017eeny 17+. Okrem nej sa na trati predstavili aj viacer\u00ed reprezentanti v\u00a0r\u00f4znych vekov\u00fdch kateg\u00f3ri\u00e1ch. Medzi nimi sa najviac darilo \u201eveter\u00e1novi\u201c, predsedovi komisie BMX, Filipovi \u010cill\u00edkovi, ktor\u00fd v\u00a0kateg\u00f3rii cruiser 40-44 obsadil 3. miesto.<\/p>\n<h2><strong>Cyklobal zav\u00edtal do Albungenu<\/strong><\/h2>\n<p>Pre niektor\u00fdch z\u00a0n\u00e1s e\u0161te st\u00e1le nev\u0161edn\u00e1 discipl\u00edna, cyklobal, za\u010dala svoju sez\u00f3nu svetov\u00fdm poh\u00e1rom v\u00a0nemeckom Albungene. V\u00a0skratke nazna\u010den\u00e9, ide o\u00a0<strong>\u0161port podobn\u00fd futbalu, av\u0161ak manipulovanie s\u00a0loptou je mo\u017en\u00e9 len prostredn\u00edctvom bicykla<\/strong>, na ktorom ka\u017ed\u00fd z\u00a0hr\u00e1\u010dov \u201ejazd\u00ed\u201c \u2013 dokonca aj brank\u00e1r. Dom\u00e1ce podmienky vyu\u017eila dvojica bratov Koppovcov, ktor\u00ed zv\u00ed\u0165azili pred rak\u00faskou a\u00a0\u0161vaj\u010diarskou dvojicou.<\/p>\n<p><a href=\"https:\/\/d2p6e6u75xmxt8.cloudfront.net\/4\/2019\/04\/03-3.jpg\"><img loading=\"lazy\" decoding=\"async\" class=\"alignnone size-full wp-image-7016\" src=\"https:\/\/d2p6e6u75xmxt8.cloudfront.net\/4\/2019\/04\/03-3.jpg\" alt=\"\" width=\"1200\" height=\"800\" \/><\/a><\/p>\n<h2><strong>Mathieu Van Der Poel v\u00a0\u00favode sez\u00f3ny nezastavite\u013en\u00fd<\/strong><\/h2>\n<p>Holandsk\u00fd majster sveta v\u00a0cyklokrose a\u00a0n\u00e1rodn\u00fd majster v\u00a0cestnej cyklistike, zav\u00edtal aj na klasik\u00e1rske podujatia. V\u0161etci z\u00fa\u010dastnen\u00ed o\u010dak\u00e1vali prekvapenie a\u00a0naozaj, do\u010dkali sa ho. <strong>Na 6 klasik\u00e1ch z\u00edskal 4 prv\u00e9 a\u00a02 \u0161tvrt\u00e9 miesta<\/strong>. Navy\u0161e, v\u0161etko mohlo vyzera\u0165 inak, keby sa mu nepodarilo uk\u00e1\u017ekovo padn\u00fa\u0165 po\u010das Okolo Fl\u00e1mska, kde nakoniec po st\u00edhacej jazde skon\u010dil \u0161tvrt\u00fd. \u010co m\u00f4\u017eeme o\u010dak\u00e1va\u0165 \u010falej? U\u017e minul\u00fa sez\u00f3nu str\u00e1vil v\u00a0horskej cyklistike na tratiach svetov\u00e9ho poh\u00e1ra, kde sa mu nedarilo zle \u2013 azda tento rok bude dominova\u0165 aj nad Schurterom?<\/p>\n<lite-youtube videoid=S7OuDeVbhxs params=\"enablejsapi=1\" style=\"background-image: url('https:\/\/i.ytimg.com\/vi_webp\/S7OuDeVbhxs\/maxresdefault.webp');\"><\/lite-youtube>\n<h2><strong>Adam Roj\u010dek prekvapil na svetovom poh\u00e1ri v\u00a0zjazde<\/strong><\/h2>\n<p>I\u00a0ke\u010f sme u\u017e toto podujatie spom\u00ednali, <strong>\u017eivotn\u00fd \u00faspech Slov\u00e1ka<\/strong>, Adama Roj\u010deka, majstra Slovenska v\u00a0zjazde a\u00a0dr\u017eite\u013ea Zlat\u00e9ho ped\u00e1lu v\u00a0tej istej kateg\u00f3rii, stoj\u00ed za op\u00e4tovn\u00fa zmienku. V\u010faka dobrej kvalifik\u00e1cii \u0161tartoval 13. od konca, teda ako 13. najr\u00fdchlej\u0161\u00ed. V\u010faka \u010distej jazde jeho \u010das sta\u010dil \u201eiba\u201c na celkov\u00e9 18. miesto. Tento v\u00fdsledok je uk\u00e1\u017ekou toho, \u017ee aj v\u00a0slovenskej cyklistike sa je mo\u017en\u00e9 presadi\u0165 na popredn\u00fdch poz\u00edci\u00e1ch vo\u00a0svetovom meradle.<\/p>\n<h2><strong>Cyklistika nie je len o\u00a0v\u00fdkonnosti, ale aj o\u00a0zru\u010dnostiach<\/strong><\/h2>\n<p>O\u00a0tom sa presved\u010d\u00edme predov\u0161etk\u00fdm po\u010das pretekov, na ktor\u00fdch panuj\u00fa nepriazniv\u00e9 podmienky \u2013 \u010di u\u017e ide o\u00a0po\u010dasie alebo samotn\u00fd stav trate. Spom\u00ednan\u00fd Van Der Poel n\u00e1m na klasik\u00e1ch ukazoval, \u017ee nem\u00e1 probl\u00e9m popri jazden\u00ed s\u00a0najlep\u0161\u00edmi aj \u201e\u010disti\u0165\u201c tra\u0165 od kamienkov. Presved\u010dte sa sami, \u017ee tak\u00e9to k\u00fasky v\u00a0situ\u00e1cii, kedy za vami let\u00ed vy\u0161e stovka jazdcov, nie s\u00fa pre za\u010diato\u010dn\u00edkov.<\/p>\n<div class=\"embed-controller-wrapper\">\n<blockquote class=\"twitter-tweet\" data-width=\"500\" data-dnt=\"true\">\n<p lang=\"nl\" dir=\"ltr\">In volle finale van <a href=\"https:\/\/twitter.com\/hashtag\/nokerekoerse?src=hash&amp;ref_src=twsrc%5Etfw\">#nokerekoerse<\/a> is het bij <a href=\"https:\/\/twitter.com\/mathieuvdpoel?ref_src=twsrc%5Etfw\">@mathieuvdpoel<\/a> nog altijd safety first! \ud83d\udc4f <a href=\"https:\/\/t.co\/I6oZEE7zRp\">pic.twitter.com\/I6oZEE7zRp<\/a><\/p>\n<p>&mdash; sporza (@sporza) <a href=\"https:\/\/twitter.com\/sporza\/status\/1113388632306540552?ref_src=twsrc%5Etfw\">April 3, 2019<\/a><\/p><\/blockquote>\n<p><script async data-src=\"https:\/\/platform.twitter.com\/widgets.js\" charset=\"utf-8\"><\/script><\/div>\n<h2><strong>Druh\u00e9 kolo svetovej enduro s\u00e9rie op\u00e4\u0165 pre Maesa<\/strong><\/h2>\n<p>Marin Maes <strong>je v\u00a0s\u00fa\u010dasnosti azda nezastavite\u013en\u00fd<\/strong>. Minuloro\u010dn\u00e9 v\u00fdsledky, podtrhnut\u00e9 2. miestom na majstrovstv\u00e1ch sveta v\u00a0zjazde, pretrv\u00e1vaj\u00fa aj v\u00a0novom roku. Po prvom v\u00ed\u0165azstve na Novom Z\u00e9lande sa na prelome mesiacov postaral o\u00a0druh\u00e9, ke\u010f o\u00a018 sek\u00fand dominoval nad Nicolaiom a\u00a0tret\u00edm Fearonom. Dvojn\u00e1sobn\u00fd obhajca, Sam Hill, sa v\u00a0\u00favode potr\u00e1pil, ke\u010f sa mu u\u0161lo \u201elen\u201c 9. miesto. Ako to vid\u00edte na kolo \u010d. 3 v\u00a0Portugalsku na Madeire vy?<\/p>\n<lite-youtube videoid=hHK4aKBzb-M params=\"enablejsapi=1\" style=\"background-image: url('https:\/\/i.ytimg.com\/vi_webp\/hHK4aKBzb-M\/maxresdefault.webp');\"><\/lite-youtube>\n","protected":false},"excerpt":{"rendered":"<p>\u0160iba\u010di u\u017e odlo\u017eili vedr\u00e1 a\u00a0korb\u00e1\u010de, av\u0161ak u\u00a0cyklistov pr\u00e1ca nekon\u010d\u00ed. Jarn\u00e9 kilometre sa z\u00faro\u010dovali sk\u00f4r na such\u00fdch cest\u00e1ch a\u00a0m\u00f4\u017eeme poveda\u0165, \u017ee [&hellip;]<\/p>\n","protected":false},"author":38,"featured_media":7017,"comment_status":"open","ping_status":"open","sticky":false,"template":"","format":"standard","meta":{"footnotes":""},"categories":[63],"tags":[756,275,115,487,932,896,705,757,180,902,418,934,933,704,412,931,429,46,37,703,475],"global-categories":[],"class_list":["post-7009","post","type-post","status-publish","format-standard","has-post-thumbnail","hentry","category-grand-tour","tag-adam-rojcek","tag-cesta","tag-cestna-cyklistika","tag-cestny-bicykel","tag-cyklobal","tag-enduro","tag-enduro-world-series","tag-europsky-pohar","tag-horska-cyklistika","tag-horsky-bicykel","tag-jarne-klasiky","tag-kristina-madarasova","tag-martin-maes","tag-mathieu-van-der-poel","tag-mtb","tag-odporucame","tag-okolo-flamska","tag-peter-sagan","tag-podujatia","tag-svetovy-pohar","tag-zeny"],"yoast_head":"<!-- This site is optimized with the Yoast SEO Premium plugin v25.3 (Yoast SEO v25.9) - https:\/\/yoast.com\/wordpress\/plugins\/seo\/ -->\n<title>Mesa\u010dn\u00e1 desiatka \u2013 bl\u00e1zniv\u00fd apr\u00edl - \u0160koda We Love Cycling Slovensko<\/title>\n<meta name=\"robots\" content=\"index, follow, max-snippet:-1, max-image-preview:large, max-video-preview:-1\" \/>\n<link rel=\"canonical\" href=\"https:\/\/www.welovecycling.com\/sk\/2019\/04\/30\/mesacna-desiatka-blaznivy-april\/\" \/>\n<meta property=\"og:locale\" content=\"sk_SK\" \/>\n<meta property=\"og:type\" content=\"article\" \/>\n<meta property=\"og:title\" content=\"Mesa\u010dn\u00e1 desiatka \u2013 bl\u00e1zniv\u00fd apr\u00edl\" \/>\n<meta property=\"og:description\" content=\"\u0160iba\u010di u\u017e odlo\u017eili vedr\u00e1 a\u00a0korb\u00e1\u010de, av\u0161ak u\u00a0cyklistov pr\u00e1ca nekon\u010d\u00ed. Jarn\u00e9 kilometre sa z\u00faro\u010dovali sk\u00f4r na such\u00fdch cest\u00e1ch a\u00a0m\u00f4\u017eeme poveda\u0165, \u017ee [&hellip;]\" \/>\n<meta property=\"og:url\" content=\"https:\/\/www.welovecycling.com\/sk\/2019\/04\/30\/mesacna-desiatka-blaznivy-april\/\" \/>\n<meta property=\"og:site_name\" content=\"\u0160koda We Love Cycling Slovensko\" \/>\n<meta property=\"article:published_time\" content=\"2019-04-30T10:43:46+00:00\" \/>\n<meta property=\"article:modified_time\" content=\"2019-05-09T09:22:05+00:00\" \/>\n<meta property=\"og:image\" content=\"https:\/\/d2p6e6u75xmxt8.cloudfront.net\/4\/2019\/04\/00-32.webp\" \/>\n\t<meta property=\"og:image:width\" content=\"1380\" \/>\n\t<meta property=\"og:image:height\" content=\"600\" \/>\n\t<meta property=\"og:image:type\" content=\"image\/webp\" \/>\n<meta name=\"author\" content=\"Ondrej Ga\u0161par\" \/>\n<meta name=\"twitter:card\" content=\"summary_large_image\" \/>\n<meta name=\"twitter:label1\" content=\"Written by\" \/>\n\t<meta name=\"twitter:data1\" content=\"We Love Cycling\" \/>\n\t<meta name=\"twitter:label2\" content=\"Est. reading time\" \/>\n\t<meta name=\"twitter:data2\" content=\"7\" \/>\n<script type=\"application\/ld+json\" class=\"yoast-schema-graph\">{\"@context\":\"https:\/\/schema.org\",\"@graph\":[{\"@type\":\"WebPage\",\"@id\":\"https:\/\/www.welovecycling.com\/sk\/2019\/04\/30\/mesacna-desiatka-blaznivy-april\/\",\"url\":\"https:\/\/www.welovecycling.com\/sk\/2019\/04\/30\/mesacna-desiatka-blaznivy-april\/\",\"name\":\"Mesa\u010dn\u00e1 desiatka \u2013 bl\u00e1zniv\u00fd apr\u00edl - \u0160koda We Love Cycling Slovensko\",\"isPartOf\":{\"@id\":\"https:\/\/www.welovecycling.com\/sk\/#website\"},\"primaryImageOfPage\":{\"@id\":\"https:\/\/www.welovecycling.com\/sk\/2019\/04\/30\/mesacna-desiatka-blaznivy-april\/#primaryimage\"},\"image\":{\"@id\":\"https:\/\/www.welovecycling.com\/sk\/2019\/04\/30\/mesacna-desiatka-blaznivy-april\/#primaryimage\"},\"thumbnailUrl\":\"https:\/\/d2p6e6u75xmxt8.cloudfront.net\/4\/2019\/04\/00-32.webp\",\"datePublished\":\"2019-04-30T10:43:46+00:00\",\"dateModified\":\"2019-05-09T09:22:05+00:00\",\"author\":{\"@id\":\"https:\/\/www.welovecycling.com\/sk\/#\/schema\/person\/8ee09ba39b7e25b1870160aa5b3a89bc\"},\"breadcrumb\":{\"@id\":\"https:\/\/www.welovecycling.com\/sk\/2019\/04\/30\/mesacna-desiatka-blaznivy-april\/#breadcrumb\"},\"inLanguage\":\"sk-SK\",\"potentialAction\":[{\"@type\":\"ReadAction\",\"target\":[\"https:\/\/www.welovecycling.com\/sk\/2019\/04\/30\/mesacna-desiatka-blaznivy-april\/\"]}]},{\"@type\":\"ImageObject\",\"inLanguage\":\"sk-SK\",\"@id\":\"https:\/\/www.welovecycling.com\/sk\/2019\/04\/30\/mesacna-desiatka-blaznivy-april\/#primaryimage\",\"url\":\"https:\/\/d2p6e6u75xmxt8.cloudfront.net\/4\/2019\/04\/00-32.webp\",\"contentUrl\":\"https:\/\/d2p6e6u75xmxt8.cloudfront.net\/4\/2019\/04\/00-32.webp\",\"width\":1380,\"height\":600},{\"@type\":\"BreadcrumbList\",\"@id\":\"https:\/\/www.welovecycling.com\/sk\/2019\/04\/30\/mesacna-desiatka-blaznivy-april\/#breadcrumb\",\"itemListElement\":[{\"@type\":\"ListItem\",\"position\":1,\"name\":\"Home\",\"item\":\"https:\/\/www.welovecycling.com\/sk\/\"},{\"@type\":\"ListItem\",\"position\":2,\"name\":\"Mesa\u010dn\u00e1 desiatka \u2013 bl\u00e1zniv\u00fd apr\u00edl\"}]},{\"@type\":\"WebSite\",\"@id\":\"https:\/\/www.welovecycling.com\/sk\/#website\",\"url\":\"https:\/\/www.welovecycling.com\/sk\/\",\"name\":\"\u0160koda We Love Cycling Slovensko\",\"description\":\"\u0160koda We Love Cycling Slovensko je v\u00e1\u0161 ka\u017edodenn\u00fd zdroj noviniek a in\u0161pir\u00e1cie z sveta cyklistiky\",\"potentialAction\":[{\"@type\":\"SearchAction\",\"target\":{\"@type\":\"EntryPoint\",\"urlTemplate\":\"https:\/\/www.welovecycling.com\/sk\/?s={search_term_string}\"},\"query-input\":{\"@type\":\"PropertyValueSpecification\",\"valueRequired\":true,\"valueName\":\"search_term_string\"}}],\"inLanguage\":\"sk-SK\"},{\"@type\":\"Person\",\"@id\":\"https:\/\/www.welovecycling.com\/sk\/#\/schema\/person\/8ee09ba39b7e25b1870160aa5b3a89bc\",\"name\":\"Ondrej Ga\u0161par\",\"image\":{\"@type\":\"ImageObject\",\"inLanguage\":\"sk-SK\",\"@id\":\"https:\/\/www.welovecycling.com\/sk\/#\/schema\/person\/image\/\",\"url\":\"https:\/\/secure.gravatar.com\/avatar\/6126c9afb87b70da5abbb083ddbb21933da15f18f8ca7cb822aba0fb096a48f6?s=96&d=mm&r=g\",\"contentUrl\":\"https:\/\/secure.gravatar.com\/avatar\/6126c9afb87b70da5abbb083ddbb21933da15f18f8ca7cb822aba0fb096a48f6?s=96&d=mm&r=g\",\"caption\":\"Ondrej Ga\u0161par\"},\"url\":\"https:\/\/www.welovecycling.com\/sk\/author\/ondrejgaspar\/\"}]}<\/script>\n<!-- \/ Yoast SEO Premium plugin. -->","yoast_head_json":{"title":"Mesa\u010dn\u00e1 desiatka \u2013 bl\u00e1zniv\u00fd apr\u00edl - \u0160koda We Love Cycling Slovensko","robots":{"index":"index","follow":"follow","max-snippet":"max-snippet:-1","max-image-preview":"max-image-preview:large","max-video-preview":"max-video-preview:-1"},"canonical":"https:\/\/www.welovecycling.com\/sk\/2019\/04\/30\/mesacna-desiatka-blaznivy-april\/","og_locale":"sk_SK","og_type":"article","og_title":"Mesa\u010dn\u00e1 desiatka \u2013 bl\u00e1zniv\u00fd apr\u00edl","og_description":"\u0160iba\u010di u\u017e odlo\u017eili vedr\u00e1 a\u00a0korb\u00e1\u010de, av\u0161ak u\u00a0cyklistov pr\u00e1ca nekon\u010d\u00ed. Jarn\u00e9 kilometre sa z\u00faro\u010dovali sk\u00f4r na such\u00fdch cest\u00e1ch a\u00a0m\u00f4\u017eeme poveda\u0165, \u017ee [&hellip;]","og_url":"https:\/\/www.welovecycling.com\/sk\/2019\/04\/30\/mesacna-desiatka-blaznivy-april\/","og_site_name":"\u0160koda We Love Cycling Slovensko","article_published_time":"2019-04-30T10:43:46+00:00","article_modified_time":"2019-05-09T09:22:05+00:00","og_image":[{"width":1380,"height":600,"url":"https:\/\/d2p6e6u75xmxt8.cloudfront.net\/4\/2019\/04\/00-32.webp","type":"image\/webp"}],"author":"Ondrej Ga\u0161par","twitter_card":"summary_large_image","twitter_misc":{"Written by":"We Love Cycling","Est. reading time":"7"},"schema":{"@context":"https:\/\/schema.org","@graph":[{"@type":"WebPage","@id":"https:\/\/www.welovecycling.com\/sk\/2019\/04\/30\/mesacna-desiatka-blaznivy-april\/","url":"https:\/\/www.welovecycling.com\/sk\/2019\/04\/30\/mesacna-desiatka-blaznivy-april\/","name":"Mesa\u010dn\u00e1 desiatka \u2013 bl\u00e1zniv\u00fd apr\u00edl - \u0160koda We Love Cycling Slovensko","isPartOf":{"@id":"https:\/\/www.welovecycling.com\/sk\/#website"},"primaryImageOfPage":{"@id":"https:\/\/www.welovecycling.com\/sk\/2019\/04\/30\/mesacna-desiatka-blaznivy-april\/#primaryimage"},"image":{"@id":"https:\/\/www.welovecycling.com\/sk\/2019\/04\/30\/mesacna-desiatka-blaznivy-april\/#primaryimage"},"thumbnailUrl":"https:\/\/d2p6e6u75xmxt8.cloudfront.net\/4\/2019\/04\/00-32.webp","datePublished":"2019-04-30T10:43:46+00:00","dateModified":"2019-05-09T09:22:05+00:00","author":{"@id":"https:\/\/www.welovecycling.com\/sk\/#\/schema\/person\/8ee09ba39b7e25b1870160aa5b3a89bc"},"breadcrumb":{"@id":"https:\/\/www.welovecycling.com\/sk\/2019\/04\/30\/mesacna-desiatka-blaznivy-april\/#breadcrumb"},"inLanguage":"sk-SK","potentialAction":[{"@type":"ReadAction","target":["https:\/\/www.welovecycling.com\/sk\/2019\/04\/30\/mesacna-desiatka-blaznivy-april\/"]}]},{"@type":"ImageObject","inLanguage":"sk-SK","@id":"https:\/\/www.welovecycling.com\/sk\/2019\/04\/30\/mesacna-desiatka-blaznivy-april\/#primaryimage","url":"https:\/\/d2p6e6u75xmxt8.cloudfront.net\/4\/2019\/04\/00-32.webp","contentUrl":"https:\/\/d2p6e6u75xmxt8.cloudfront.net\/4\/2019\/04\/00-32.webp","width":1380,"height":600},{"@type":"BreadcrumbList","@id":"https:\/\/www.welovecycling.com\/sk\/2019\/04\/30\/mesacna-desiatka-blaznivy-april\/#breadcrumb","itemListElement":[{"@type":"ListItem","position":1,"name":"Home","item":"https:\/\/www.welovecycling.com\/sk\/"},{"@type":"ListItem","position":2,"name":"Mesa\u010dn\u00e1 desiatka \u2013 bl\u00e1zniv\u00fd apr\u00edl"}]},{"@type":"WebSite","@id":"https:\/\/www.welovecycling.com\/sk\/#website","url":"https:\/\/www.welovecycling.com\/sk\/","name":"\u0160koda We Love Cycling Slovensko","description":"\u0160koda We Love Cycling Slovensko je v\u00e1\u0161 ka\u017edodenn\u00fd zdroj noviniek a in\u0161pir\u00e1cie z sveta cyklistiky","potentialAction":[{"@type":"SearchAction","target":{"@type":"EntryPoint","urlTemplate":"https:\/\/www.welovecycling.com\/sk\/?s={search_term_string}"},"query-input":{"@type":"PropertyValueSpecification","valueRequired":true,"valueName":"search_term_string"}}],"inLanguage":"sk-SK"},{"@type":"Person","@id":"https:\/\/www.welovecycling.com\/sk\/#\/schema\/person\/8ee09ba39b7e25b1870160aa5b3a89bc","name":"Ondrej Ga\u0161par","image":{"@type":"ImageObject","inLanguage":"sk-SK","@id":"https:\/\/www.welovecycling.com\/sk\/#\/schema\/person\/image\/","url":"https:\/\/secure.gravatar.com\/avatar\/6126c9afb87b70da5abbb083ddbb21933da15f18f8ca7cb822aba0fb096a48f6?s=96&d=mm&r=g","contentUrl":"https:\/\/secure.gravatar.com\/avatar\/6126c9afb87b70da5abbb083ddbb21933da15f18f8ca7cb822aba0fb096a48f6?s=96&d=mm&r=g","caption":"Ondrej Ga\u0161par"},"url":"https:\/\/www.welovecycling.com\/sk\/author\/ondrejgaspar\/"}]}},"_links":{"self":[{"href":"https:\/\/www.welovecycling.com\/sk\/wp-json\/wp\/v2\/posts\/7009","targetHints":{"allow":["GET"]}}],"collection":[{"href":"https:\/\/www.welovecycling.com\/sk\/wp-json\/wp\/v2\/posts"}],"about":[{"href":"https:\/\/www.welovecycling.com\/sk\/wp-json\/wp\/v2\/types\/post"}],"author":[{"embeddable":true,"href":"https:\/\/www.welovecycling.com\/sk\/wp-json\/wp\/v2\/users\/38"}],"replies":[{"embeddable":true,"href":"https:\/\/www.welovecycling.com\/sk\/wp-json\/wp\/v2\/comments?post=7009"}],"version-history":[{"count":2,"href":"https:\/\/www.welovecycling.com\/sk\/wp-json\/wp\/v2\/posts\/7009\/revisions"}],"predecessor-version":[{"id":7095,"href":"https:\/\/www.welovecycling.com\/sk\/wp-json\/wp\/v2\/posts\/7009\/revisions\/7095"}],"wp:featuredmedia":[{"embeddable":true,"href":"https:\/\/www.welovecycling.com\/sk\/wp-json\/wp\/v2\/media\/7017"}],"wp:attachment":[{"href":"https:\/\/www.welovecycling.com\/sk\/wp-json\/wp\/v2\/media?parent=7009"}],"wp:term":[{"taxonomy":"category","embeddable":true,"href":"https:\/\/www.welovecycling.com\/sk\/wp-json\/wp\/v2\/categories?post=7009"},{"taxonomy":"post_tag","embeddable":true,"href":"https:\/\/www.welovecycling.com\/sk\/wp-json\/wp\/v2\/tags?post=7009"},{"taxonomy":"global-categories","embeddable":true,"href":"https:\/\/www.welovecycling.com\/sk\/wp-json\/wp\/v2\/global-categories?post=7009"}],"curies":[{"name":"wp","href":"https:\/\/api.w.org\/{rel}","templated":true}]}}