{"id":6928,"date":"2019-06-07T10:08:12","date_gmt":"2019-06-07T08:08:12","guid":{"rendered":"https:\/\/www.welovecycling.com\/sk\/?p=6928"},"modified":"2019-06-07T10:08:12","modified_gmt":"2019-06-07T08:08:12","slug":"tip-na-vylet-krasna-priroda-priamo-v-srdci-europy","status":"publish","type":"post","link":"https:\/\/www.welovecycling.com\/sk\/2019\/06\/07\/tip-na-vylet-krasna-priroda-priamo-v-srdci-europy\/","title":{"rendered":"Tip na v\u00fdlet: Kr\u00e1sna pr\u00edroda priamo v srdci Eur\u00f3py"},"content":{"rendered":"<p><strong>Na\u0161a krajina sa nach\u00e1dza v srdci Eur\u00f3py. Ak si chcete spravi\u0165 selfie-\u010dku so svoj\u00edm dvojkolesov\u00fdm mil\u00e1\u010dikom pred pam\u00e4tn\u00fdm kame\u0148om, treba sa vybra\u0165 do obce Kremnick\u00e9 Bane &#8211; ku kostolu sv. J\u00e1na. Pon\u00fakam v\u00e1m v\u00fdlet, kde (okrem tejto spomienky) po\u010das hor\u00facich dn\u00ed n\u00e1jdete aj schladenie pod zemou, alebo vo vodnej n\u00e1dr\u017ei.<\/strong><!--more--><\/p>\n<p>Dne\u0161n\u00fa trasu <strong>za\u010dneme v k\u00fape\u013enom meste Tur\u010dianske Teplice<\/strong>. Kto nie je z bl\u00edzkeho okolia, pohodlne sa sem m\u00f4\u017ee dopravi\u0165 aj vlakom. Od \u017eelezni\u010dnej stanice sa popri k\u00fape\u013enom parku cez mestsk\u00fa \u010das\u0165 Doln\u00e1 \u0160tub\u0148a preveziete k motorestu \u0160turec. Cez kri\u017eovatku smerom na Bansk\u00fa Bystricu a \u010dak\u00e1 v\u00e1s rovnomenn\u00fd horsk\u00fd prechod.<\/p>\n<p><a href=\"https:\/\/d2p6e6u75xmxt8.cloudfront.net\/4\/2019\/04\/Fotka-1.JPG.jpg\"><img loading=\"lazy\" decoding=\"async\" src=\"https:\/\/d2p6e6u75xmxt8.cloudfront.net\/4\/2019\/04\/Fotka-1.JPG.jpg\" alt=\"\" width=\"1200\" height=\"800\" class=\"alignnone size-full wp-image-6930\" \/><\/a><\/p>\n<p><strong>St\u00fapanie je &#8222;v\u00fd\u017eivn\u00e9&#8220;<\/strong>, ale rozh\u013ead zo sedla na okolit\u00e9 kopce Ve\u013ekej Fatry stoj\u00ed za to.<\/p>\n<p><a href=\"https:\/\/d2p6e6u75xmxt8.cloudfront.net\/4\/2019\/04\/Fotka-2.JPG.jpg\"><img loading=\"lazy\" decoding=\"async\" src=\"https:\/\/d2p6e6u75xmxt8.cloudfront.net\/4\/2019\/04\/Fotka-2.JPG.jpg\" alt=\"\" width=\"1200\" height=\"800\" class=\"alignnone size-full wp-image-6931\" \/><\/a><\/p>\n<p>Aj tu plat\u00ed pravidlo o ceste do a z kopca. Odmenou bude <strong>zjazd okolo Harmaneckej jaskyne<\/strong>, ktor\u00fa odpor\u00fa\u010dam nav\u0161t\u00edvi\u0165.<\/p>\n<p><a href=\"https:\/\/d2p6e6u75xmxt8.cloudfront.net\/4\/2019\/04\/Fotka-4.JPG-1.jpg\"><img loading=\"lazy\" decoding=\"async\" src=\"https:\/\/d2p6e6u75xmxt8.cloudfront.net\/4\/2019\/04\/Fotka-4.JPG-1.jpg\" alt=\"\" width=\"1200\" height=\"800\" class=\"alignnone size-full wp-image-6932\" \/><\/a><\/p>\n<p>Po relaxe v podzem\u00ed pokra\u010dujte \u010falej cez Horn\u00fd, Doln\u00fd a\u017e na za\u010diatok samotn\u00e9ho Harmanca. Prvou odbo\u010dkou doprava opust\u00edte hlavn\u00fd \u0165ah na BB.<\/p>\n<p><a href=\"https:\/\/d2p6e6u75xmxt8.cloudfront.net\/4\/2019\/04\/Fotka-5.JPG.jpg\"><img loading=\"lazy\" decoding=\"async\" src=\"https:\/\/d2p6e6u75xmxt8.cloudfront.net\/4\/2019\/04\/Fotka-5.JPG.jpg\" alt=\"\" width=\"1200\" height=\"800\" class=\"alignnone size-full wp-image-6933\" \/><\/a><\/p>\n<p>Po \u017eltej turistickej zna\u010dke sa dostanete &#8222;pod Hol\u00fd v\u0155\u0161ok&#8220; a n\u00e1sledne zelenou do obce Kord\u00edky. Tu sa m\u00f4\u017eete rozhodn\u00fa\u0165. Ak si chcete necha\u0165 trochu s\u00edl v rezerve, pokra\u010dujete po zelenej a\u017e na r\u00e1zcestie Tich\u00e1. \u010ealej \u017eltou do sedla Tunel. Kto ver\u00ed s\u00e1m sebe, vyberie sa do <strong>Kord\u00edckeho sedla<\/strong> a k <strong>Tunelu cez Vyhnatov\u00fa<\/strong>.<\/p>\n<div data-rows=\"2\" id='gallery-1' class='gallery-rows-2 gallery galleryid-6928 gallery-columns-2 gallery-size-full'><figure class='gallery-item'>\n\t\t\t<div class='gallery-icon landscape'>\n\t\t\t\t<a href='https:\/\/d2p6e6u75xmxt8.cloudfront.net\/4\/2019\/04\/Fotka-6-1.JPG.webp'><img loading=\"lazy\" decoding=\"async\" width=\"1200\" height=\"800\" src=\"https:\/\/d2p6e6u75xmxt8.cloudfront.net\/4\/2019\/04\/Fotka-6-1.JPG.webp\" class=\"attachment-full size-full\" alt=\"\" srcset=\"https:\/\/d2p6e6u75xmxt8.cloudfront.net\/4\/2019\/04\/Fotka-6-1.JPG.webp 1200w, https:\/\/d2p6e6u75xmxt8.cloudfront.net\/4\/2019\/04\/Fotka-6-1.JPG-300x200.webp 300w, https:\/\/d2p6e6u75xmxt8.cloudfront.net\/4\/2019\/04\/Fotka-6-1.JPG-1024x683.webp 1024w, https:\/\/d2p6e6u75xmxt8.cloudfront.net\/4\/2019\/04\/Fotka-6-1.JPG-768x512.webp 768w, https:\/\/d2p6e6u75xmxt8.cloudfront.net\/4\/2019\/04\/Fotka-6-1.JPG-272x182.webp 272w\" sizes=\"auto, (max-width: 1200px) 100vw, 1200px\" \/><\/a>\n\t\t\t<\/div><\/figure><figure class='gallery-item'>\n\t\t\t<div class='gallery-icon landscape'>\n\t\t\t\t<a href='https:\/\/d2p6e6u75xmxt8.cloudfront.net\/4\/2019\/04\/Fotka-7-1.JPG.webp'><img loading=\"lazy\" decoding=\"async\" width=\"1200\" height=\"800\" src=\"https:\/\/d2p6e6u75xmxt8.cloudfront.net\/4\/2019\/04\/Fotka-7-1.JPG.webp\" class=\"attachment-full size-full\" alt=\"\" srcset=\"https:\/\/d2p6e6u75xmxt8.cloudfront.net\/4\/2019\/04\/Fotka-7-1.JPG.webp 1200w, https:\/\/d2p6e6u75xmxt8.cloudfront.net\/4\/2019\/04\/Fotka-7-1.JPG-300x200.webp 300w, https:\/\/d2p6e6u75xmxt8.cloudfront.net\/4\/2019\/04\/Fotka-7-1.JPG-1024x683.webp 1024w, https:\/\/d2p6e6u75xmxt8.cloudfront.net\/4\/2019\/04\/Fotka-7-1.JPG-768x512.webp 768w, https:\/\/d2p6e6u75xmxt8.cloudfront.net\/4\/2019\/04\/Fotka-7-1.JPG-272x182.webp 272w\" sizes=\"auto, (max-width: 1200px) 100vw, 1200px\" \/><\/a>\n\t\t\t<\/div><\/figure>\n\t\t<\/div>\n        \n<p>Symbolickou zlatou cestou po vrstevnici d\u00f4jdete a\u017e do <strong>rekrea\u010dn\u00e9ho strediska Skalka<\/strong>.<\/p>\n<div data-rows=\"1\" id='gallery-2' class='gallery-rows-1 gallery galleryid-6928 gallery-columns-2 gallery-size-full'><figure class='gallery-item'>\n\t\t\t<div class='gallery-icon landscape'>\n\t\t\t\t<a href='https:\/\/d2p6e6u75xmxt8.cloudfront.net\/4\/2019\/04\/Fotka-8.JPG.webp'><img loading=\"lazy\" decoding=\"async\" width=\"1200\" height=\"800\" src=\"https:\/\/d2p6e6u75xmxt8.cloudfront.net\/4\/2019\/04\/Fotka-8.JPG.webp\" class=\"attachment-full size-full\" alt=\"\" srcset=\"https:\/\/d2p6e6u75xmxt8.cloudfront.net\/4\/2019\/04\/Fotka-8.JPG.webp 1200w, https:\/\/d2p6e6u75xmxt8.cloudfront.net\/4\/2019\/04\/Fotka-8.JPG-300x200.webp 300w, https:\/\/d2p6e6u75xmxt8.cloudfront.net\/4\/2019\/04\/Fotka-8.JPG-1024x683.webp 1024w, https:\/\/d2p6e6u75xmxt8.cloudfront.net\/4\/2019\/04\/Fotka-8.JPG-768x512.webp 768w, https:\/\/d2p6e6u75xmxt8.cloudfront.net\/4\/2019\/04\/Fotka-8.JPG-272x182.webp 272w\" sizes=\"auto, (max-width: 1200px) 100vw, 1200px\" \/><\/a>\n\t\t\t<\/div><\/figure><figure class='gallery-item'>\n\t\t\t<div class='gallery-icon landscape'>\n\t\t\t\t<a href='https:\/\/d2p6e6u75xmxt8.cloudfront.net\/4\/2019\/04\/Fotka-9.JPG.webp'><img loading=\"lazy\" decoding=\"async\" width=\"1200\" height=\"800\" src=\"https:\/\/d2p6e6u75xmxt8.cloudfront.net\/4\/2019\/04\/Fotka-9.JPG.webp\" class=\"attachment-full size-full\" alt=\"\" srcset=\"https:\/\/d2p6e6u75xmxt8.cloudfront.net\/4\/2019\/04\/Fotka-9.JPG.webp 1200w, https:\/\/d2p6e6u75xmxt8.cloudfront.net\/4\/2019\/04\/Fotka-9.JPG-300x200.webp 300w, https:\/\/d2p6e6u75xmxt8.cloudfront.net\/4\/2019\/04\/Fotka-9.JPG-1024x683.webp 1024w, https:\/\/d2p6e6u75xmxt8.cloudfront.net\/4\/2019\/04\/Fotka-9.JPG-768x512.webp 768w, https:\/\/d2p6e6u75xmxt8.cloudfront.net\/4\/2019\/04\/Fotka-9.JPG-272x182.webp 272w\" sizes=\"auto, (max-width: 1200px) 100vw, 1200px\" \/><\/a>\n\t\t\t<\/div><\/figure>\n\t\t<\/div>\n        \n<p>V\u010faka ly\u017eiarskym vlekom a be\u017ek\u00e1rskym tratiam m\u00e1 v\u00fdborn\u00e9 vyu\u017eitie v zime, av\u0161ak \u010dist\u00fa energiu okolitej pr\u00edrody na\u010derp\u00e1te plnohodnotne aj na jar \u010di v lete.<\/p>\n<p><a href=\"https:\/\/d2p6e6u75xmxt8.cloudfront.net\/4\/2019\/04\/Fotka-10.JPG.jpg\"><img loading=\"lazy\" decoding=\"async\" src=\"https:\/\/d2p6e6u75xmxt8.cloudfront.net\/4\/2019\/04\/Fotka-10.JPG.jpg\" alt=\"\" width=\"1200\" height=\"800\" class=\"alignnone size-full wp-image-6938\" \/><\/a><\/p>\n<p>Po stop\u00e1ch hrdinov SNP sa pust\u00edte \u010dervenou do Krah\u00fal. Tu opatrne, zjazd je dos\u0165 kore\u0148ov\u00fd. V obci doprava a onedlho sa ocitnete ved\u013ea kostola sv\u00e4t\u00e9ho J\u00e1na. Pred n\u00edm stoj\u00ed <strong>kame\u0148 upozor\u0148uj\u00faci na symbolick\u00fd stred Eur\u00f3py<\/strong>. E\u0161te pam\u00e4tn\u00e1 fotka a pokra\u010dujete k hlavnej ceste medzi \u017diarom nad Hronom a Martinom.<\/p>\n<p><a href=\"https:\/\/d2p6e6u75xmxt8.cloudfront.net\/4\/2019\/04\/Fotka-11-1.JPG.jpg\"><img loading=\"lazy\" decoding=\"async\" src=\"https:\/\/d2p6e6u75xmxt8.cloudfront.net\/4\/2019\/04\/Fotka-11-1.JPG.jpg\" alt=\"\" width=\"1200\" height=\"800\" class=\"alignnone size-full wp-image-6939\" \/><\/a><\/p>\n<p>Tak\u017ee doprava a klesan\u00edm a\u017e do Tur\u010deka. Kto m\u00e1 e\u0161te dostatok s\u00edl, obkr\u00fa\u017ei si naviac vodn\u00fa n\u00e1dr\u017e. S trochou odvahy m\u00f4\u017ee sk\u00fasi\u0165 aj k\u00fapanie v zadn\u00fdch z\u00e1tokach.<\/p>\n<div data-rows=\"1\" id='gallery-3' class='gallery-rows-1 gallery galleryid-6928 gallery-columns-2 gallery-size-full'><figure class='gallery-item'>\n\t\t\t<div class='gallery-icon landscape'>\n\t\t\t\t<a href='https:\/\/d2p6e6u75xmxt8.cloudfront.net\/4\/2019\/04\/Fotka-13.JPG.webp'><img loading=\"lazy\" decoding=\"async\" width=\"1200\" height=\"800\" src=\"https:\/\/d2p6e6u75xmxt8.cloudfront.net\/4\/2019\/04\/Fotka-13.JPG.webp\" class=\"attachment-full size-full\" alt=\"\" srcset=\"https:\/\/d2p6e6u75xmxt8.cloudfront.net\/4\/2019\/04\/Fotka-13.JPG.webp 1200w, https:\/\/d2p6e6u75xmxt8.cloudfront.net\/4\/2019\/04\/Fotka-13.JPG-300x200.webp 300w, https:\/\/d2p6e6u75xmxt8.cloudfront.net\/4\/2019\/04\/Fotka-13.JPG-1024x683.webp 1024w, https:\/\/d2p6e6u75xmxt8.cloudfront.net\/4\/2019\/04\/Fotka-13.JPG-768x512.webp 768w, https:\/\/d2p6e6u75xmxt8.cloudfront.net\/4\/2019\/04\/Fotka-13.JPG-272x182.webp 272w\" sizes=\"auto, (max-width: 1200px) 100vw, 1200px\" \/><\/a>\n\t\t\t<\/div><\/figure><figure class='gallery-item'>\n\t\t\t<div class='gallery-icon landscape'>\n\t\t\t\t<a href='https:\/\/d2p6e6u75xmxt8.cloudfront.net\/4\/2019\/04\/Fotka-14.JPG.webp'><img loading=\"lazy\" decoding=\"async\" width=\"1200\" height=\"800\" src=\"https:\/\/d2p6e6u75xmxt8.cloudfront.net\/4\/2019\/04\/Fotka-14.JPG.webp\" class=\"attachment-full size-full\" alt=\"\" srcset=\"https:\/\/d2p6e6u75xmxt8.cloudfront.net\/4\/2019\/04\/Fotka-14.JPG.webp 1200w, https:\/\/d2p6e6u75xmxt8.cloudfront.net\/4\/2019\/04\/Fotka-14.JPG-300x200.webp 300w, https:\/\/d2p6e6u75xmxt8.cloudfront.net\/4\/2019\/04\/Fotka-14.JPG-1024x683.webp 1024w, https:\/\/d2p6e6u75xmxt8.cloudfront.net\/4\/2019\/04\/Fotka-14.JPG-768x512.webp 768w, https:\/\/d2p6e6u75xmxt8.cloudfront.net\/4\/2019\/04\/Fotka-14.JPG-272x182.webp 272w\" sizes=\"auto, (max-width: 1200px) 100vw, 1200px\" \/><\/a>\n\t\t\t<\/div><\/figure>\n\t\t<\/div>\n        \n<p>Chv\u00ed\u013eu op\u00e4\u0165 po frekventovanom \u00faseku. Pri najbli\u017e\u0161om mo\u017enom odbo\u010den\u00ed za kr\u00ed\u017eom do\u013eava pod\u013ea dopravn\u00e9ho zna\u010denia do Sklen\u00e9ho. Popri vojenskom \u00fatvare a za cintor\u00ednom dvakr\u00e1t doprava. Rovnou horou sa pohodovo odveziete do miesta p\u00f4vodn\u00e9ho \u0161tartu. Na z\u00e1ver m\u00f4\u017eete vyu\u017ei\u0165 skuto\u010dn\u00fd wellness, ak nav\u0161t\u00edvite u\u017e na za\u010diatku spom\u00ednan\u00e9 k\u00fapele.<\/p>\n<p>Na op\u00edsanej trati nato\u010d\u00edte <strong>cca 80 kilometrov a nast\u00fapate necel\u00fdch 1 500 v\u00fd\u0161kov\u00fdch metrov<\/strong>. Za\u010diatok je s\u00edce po ceste I. triedy, ale po jej opusten\u00ed budete d\u00fdcha\u0165 \u010dist\u00fd vzduch z pr\u00edrody kr\u00e1snych Kremnick\u00fdch vrchov. Ak neradi jazd\u00edte po asfaltk\u00e1ch, je tu mo\u017enos\u0165 previes\u0165 sa vlakom a\u017e do Harmanca. <\/p>\n<p>Z\u00e1znam zo Stravy (pozn. kon\u010dil som v Sklenom pri cyklorozcesn\u00edku) n\u00e1jdete na <a href=\"https:\/\/strava.app.link\/BLQ9yuid6V\" rel=\"noopener\" target=\"_blank\">tomto odkaze<\/a>.<\/p>\n","protected":false},"excerpt":{"rendered":"<p>Na\u0161a krajina sa nach\u00e1dza v srdci Eur\u00f3py. Ak si chcete spravi\u0165 selfie-\u010dku so svoj\u00edm dvojkolesov\u00fdm mil\u00e1\u010dikom pred pam\u00e4tn\u00fdm kame\u0148om, treba [&hellip;]<\/p>\n","protected":false},"author":38,"featured_media":6944,"comment_status":"open","ping_status":"open","sticky":false,"template":"","format":"standard","meta":{"footnotes":""},"categories":[3],"tags":[619,448,180,532,921,925,412,926,922,741,237,923,924,927,508,172],"global-categories":[],"class_list":["post-6928","post","type-post","status-publish","format-standard","has-post-thumbnail","hentry","category-mtb","tag-bicyklovanie","tag-cyklotrasy","tag-horska-cyklistika","tag-jazdenie","tag-kremnica","tag-kremnicke-bane","tag-mtb","tag-skalka","tag-stred-europy","tag-tip-na-vylet","tag-trail","tag-trencianske-teplice","tag-velka-fatra","tag-vrstevnica","tag-vylet","tag-zjazd"],"yoast_head":"<!-- This site is optimized with the Yoast SEO Premium plugin v25.3 (Yoast SEO v25.9) - https:\/\/yoast.com\/wordpress\/plugins\/seo\/ -->\n<title>Tip na v\u00fdlet: Kr\u00e1sna pr\u00edroda priamo v srdci Eur\u00f3py - \u0160koda We Love Cycling Slovensko<\/title>\n<meta name=\"robots\" content=\"index, follow, max-snippet:-1, max-image-preview:large, max-video-preview:-1\" \/>\n<link rel=\"canonical\" href=\"https:\/\/www.welovecycling.com\/sk\/2019\/06\/07\/tip-na-vylet-krasna-priroda-priamo-v-srdci-europy\/\" \/>\n<meta property=\"og:locale\" content=\"sk_SK\" \/>\n<meta property=\"og:type\" content=\"article\" \/>\n<meta property=\"og:title\" content=\"Tip na v\u00fdlet: Kr\u00e1sna pr\u00edroda priamo v srdci Eur\u00f3py\" \/>\n<meta property=\"og:description\" content=\"Na\u0161a krajina sa nach\u00e1dza v srdci Eur\u00f3py. Ak si chcete spravi\u0165 selfie-\u010dku so svoj\u00edm dvojkolesov\u00fdm mil\u00e1\u010dikom pred pam\u00e4tn\u00fdm kame\u0148om, treba [&hellip;]\" \/>\n<meta property=\"og:url\" content=\"https:\/\/www.welovecycling.com\/sk\/2019\/06\/07\/tip-na-vylet-krasna-priroda-priamo-v-srdci-europy\/\" \/>\n<meta property=\"og:site_name\" content=\"\u0160koda We Love Cycling Slovensko\" \/>\n<meta property=\"article:published_time\" content=\"2019-06-07T08:08:12+00:00\" \/>\n<meta property=\"og:image\" content=\"https:\/\/d2p6e6u75xmxt8.cloudfront.net\/4\/2019\/04\/Fotka-11.JPG-1.webp\" \/>\n\t<meta property=\"og:image:width\" content=\"1380\" \/>\n\t<meta property=\"og:image:height\" content=\"600\" \/>\n\t<meta property=\"og:image:type\" content=\"image\/webp\" \/>\n<meta name=\"author\" content=\"Ondrej Ga\u0161par\" \/>\n<meta name=\"twitter:card\" content=\"summary_large_image\" \/>\n<meta name=\"twitter:label1\" content=\"Written by\" \/>\n\t<meta name=\"twitter:data1\" content=\"Martin Janega\" \/>\n\t<meta name=\"twitter:label2\" content=\"Est. reading time\" \/>\n\t<meta name=\"twitter:data2\" content=\"4\" \/>\n<script type=\"application\/ld+json\" class=\"yoast-schema-graph\">{\"@context\":\"https:\/\/schema.org\",\"@graph\":[{\"@type\":\"WebPage\",\"@id\":\"https:\/\/www.welovecycling.com\/sk\/2019\/06\/07\/tip-na-vylet-krasna-priroda-priamo-v-srdci-europy\/\",\"url\":\"https:\/\/www.welovecycling.com\/sk\/2019\/06\/07\/tip-na-vylet-krasna-priroda-priamo-v-srdci-europy\/\",\"name\":\"Tip na v\u00fdlet: Kr\u00e1sna pr\u00edroda priamo v srdci Eur\u00f3py - \u0160koda We Love Cycling Slovensko\",\"isPartOf\":{\"@id\":\"https:\/\/www.welovecycling.com\/sk\/#website\"},\"primaryImageOfPage\":{\"@id\":\"https:\/\/www.welovecycling.com\/sk\/2019\/06\/07\/tip-na-vylet-krasna-priroda-priamo-v-srdci-europy\/#primaryimage\"},\"image\":{\"@id\":\"https:\/\/www.welovecycling.com\/sk\/2019\/06\/07\/tip-na-vylet-krasna-priroda-priamo-v-srdci-europy\/#primaryimage\"},\"thumbnailUrl\":\"https:\/\/d2p6e6u75xmxt8.cloudfront.net\/4\/2019\/04\/Fotka-11.JPG-1.webp\",\"datePublished\":\"2019-06-07T08:08:12+00:00\",\"author\":{\"@id\":\"https:\/\/www.welovecycling.com\/sk\/#\/schema\/person\/8ee09ba39b7e25b1870160aa5b3a89bc\"},\"breadcrumb\":{\"@id\":\"https:\/\/www.welovecycling.com\/sk\/2019\/06\/07\/tip-na-vylet-krasna-priroda-priamo-v-srdci-europy\/#breadcrumb\"},\"inLanguage\":\"sk-SK\",\"potentialAction\":[{\"@type\":\"ReadAction\",\"target\":[\"https:\/\/www.welovecycling.com\/sk\/2019\/06\/07\/tip-na-vylet-krasna-priroda-priamo-v-srdci-europy\/\"]}]},{\"@type\":\"ImageObject\",\"inLanguage\":\"sk-SK\",\"@id\":\"https:\/\/www.welovecycling.com\/sk\/2019\/06\/07\/tip-na-vylet-krasna-priroda-priamo-v-srdci-europy\/#primaryimage\",\"url\":\"https:\/\/d2p6e6u75xmxt8.cloudfront.net\/4\/2019\/04\/Fotka-11.JPG-1.webp\",\"contentUrl\":\"https:\/\/d2p6e6u75xmxt8.cloudfront.net\/4\/2019\/04\/Fotka-11.JPG-1.webp\",\"width\":1380,\"height\":600},{\"@type\":\"BreadcrumbList\",\"@id\":\"https:\/\/www.welovecycling.com\/sk\/2019\/06\/07\/tip-na-vylet-krasna-priroda-priamo-v-srdci-europy\/#breadcrumb\",\"itemListElement\":[{\"@type\":\"ListItem\",\"position\":1,\"name\":\"Home\",\"item\":\"https:\/\/www.welovecycling.com\/sk\/\"},{\"@type\":\"ListItem\",\"position\":2,\"name\":\"Tip na v\u00fdlet: Kr\u00e1sna pr\u00edroda priamo v srdci Eur\u00f3py\"}]},{\"@type\":\"WebSite\",\"@id\":\"https:\/\/www.welovecycling.com\/sk\/#website\",\"url\":\"https:\/\/www.welovecycling.com\/sk\/\",\"name\":\"\u0160koda We Love Cycling Slovensko\",\"description\":\"\u0160koda We Love Cycling Slovensko je v\u00e1\u0161 ka\u017edodenn\u00fd zdroj noviniek a in\u0161pir\u00e1cie z sveta cyklistiky\",\"potentialAction\":[{\"@type\":\"SearchAction\",\"target\":{\"@type\":\"EntryPoint\",\"urlTemplate\":\"https:\/\/www.welovecycling.com\/sk\/?s={search_term_string}\"},\"query-input\":{\"@type\":\"PropertyValueSpecification\",\"valueRequired\":true,\"valueName\":\"search_term_string\"}}],\"inLanguage\":\"sk-SK\"},{\"@type\":\"Person\",\"@id\":\"https:\/\/www.welovecycling.com\/sk\/#\/schema\/person\/8ee09ba39b7e25b1870160aa5b3a89bc\",\"name\":\"Ondrej Ga\u0161par\",\"image\":{\"@type\":\"ImageObject\",\"inLanguage\":\"sk-SK\",\"@id\":\"https:\/\/www.welovecycling.com\/sk\/#\/schema\/person\/image\/\",\"url\":\"https:\/\/secure.gravatar.com\/avatar\/6126c9afb87b70da5abbb083ddbb21933da15f18f8ca7cb822aba0fb096a48f6?s=96&d=mm&r=g\",\"contentUrl\":\"https:\/\/secure.gravatar.com\/avatar\/6126c9afb87b70da5abbb083ddbb21933da15f18f8ca7cb822aba0fb096a48f6?s=96&d=mm&r=g\",\"caption\":\"Ondrej Ga\u0161par\"},\"url\":\"https:\/\/www.welovecycling.com\/sk\/author\/ondrejgaspar\/\"}]}<\/script>\n<!-- \/ Yoast SEO Premium plugin. -->","yoast_head_json":{"title":"Tip na v\u00fdlet: Kr\u00e1sna pr\u00edroda priamo v srdci Eur\u00f3py - \u0160koda We Love Cycling Slovensko","robots":{"index":"index","follow":"follow","max-snippet":"max-snippet:-1","max-image-preview":"max-image-preview:large","max-video-preview":"max-video-preview:-1"},"canonical":"https:\/\/www.welovecycling.com\/sk\/2019\/06\/07\/tip-na-vylet-krasna-priroda-priamo-v-srdci-europy\/","og_locale":"sk_SK","og_type":"article","og_title":"Tip na v\u00fdlet: Kr\u00e1sna pr\u00edroda priamo v srdci Eur\u00f3py","og_description":"Na\u0161a krajina sa nach\u00e1dza v srdci Eur\u00f3py. Ak si chcete spravi\u0165 selfie-\u010dku so svoj\u00edm dvojkolesov\u00fdm mil\u00e1\u010dikom pred pam\u00e4tn\u00fdm kame\u0148om, treba [&hellip;]","og_url":"https:\/\/www.welovecycling.com\/sk\/2019\/06\/07\/tip-na-vylet-krasna-priroda-priamo-v-srdci-europy\/","og_site_name":"\u0160koda We Love Cycling Slovensko","article_published_time":"2019-06-07T08:08:12+00:00","og_image":[{"width":1380,"height":600,"url":"https:\/\/d2p6e6u75xmxt8.cloudfront.net\/4\/2019\/04\/Fotka-11.JPG-1.webp","type":"image\/webp"}],"author":"Ondrej Ga\u0161par","twitter_card":"summary_large_image","twitter_misc":{"Written by":"Martin Janega","Est. reading time":"4"},"schema":{"@context":"https:\/\/schema.org","@graph":[{"@type":"WebPage","@id":"https:\/\/www.welovecycling.com\/sk\/2019\/06\/07\/tip-na-vylet-krasna-priroda-priamo-v-srdci-europy\/","url":"https:\/\/www.welovecycling.com\/sk\/2019\/06\/07\/tip-na-vylet-krasna-priroda-priamo-v-srdci-europy\/","name":"Tip na v\u00fdlet: Kr\u00e1sna pr\u00edroda priamo v srdci Eur\u00f3py - \u0160koda We Love Cycling Slovensko","isPartOf":{"@id":"https:\/\/www.welovecycling.com\/sk\/#website"},"primaryImageOfPage":{"@id":"https:\/\/www.welovecycling.com\/sk\/2019\/06\/07\/tip-na-vylet-krasna-priroda-priamo-v-srdci-europy\/#primaryimage"},"image":{"@id":"https:\/\/www.welovecycling.com\/sk\/2019\/06\/07\/tip-na-vylet-krasna-priroda-priamo-v-srdci-europy\/#primaryimage"},"thumbnailUrl":"https:\/\/d2p6e6u75xmxt8.cloudfront.net\/4\/2019\/04\/Fotka-11.JPG-1.webp","datePublished":"2019-06-07T08:08:12+00:00","author":{"@id":"https:\/\/www.welovecycling.com\/sk\/#\/schema\/person\/8ee09ba39b7e25b1870160aa5b3a89bc"},"breadcrumb":{"@id":"https:\/\/www.welovecycling.com\/sk\/2019\/06\/07\/tip-na-vylet-krasna-priroda-priamo-v-srdci-europy\/#breadcrumb"},"inLanguage":"sk-SK","potentialAction":[{"@type":"ReadAction","target":["https:\/\/www.welovecycling.com\/sk\/2019\/06\/07\/tip-na-vylet-krasna-priroda-priamo-v-srdci-europy\/"]}]},{"@type":"ImageObject","inLanguage":"sk-SK","@id":"https:\/\/www.welovecycling.com\/sk\/2019\/06\/07\/tip-na-vylet-krasna-priroda-priamo-v-srdci-europy\/#primaryimage","url":"https:\/\/d2p6e6u75xmxt8.cloudfront.net\/4\/2019\/04\/Fotka-11.JPG-1.webp","contentUrl":"https:\/\/d2p6e6u75xmxt8.cloudfront.net\/4\/2019\/04\/Fotka-11.JPG-1.webp","width":1380,"height":600},{"@type":"BreadcrumbList","@id":"https:\/\/www.welovecycling.com\/sk\/2019\/06\/07\/tip-na-vylet-krasna-priroda-priamo-v-srdci-europy\/#breadcrumb","itemListElement":[{"@type":"ListItem","position":1,"name":"Home","item":"https:\/\/www.welovecycling.com\/sk\/"},{"@type":"ListItem","position":2,"name":"Tip na v\u00fdlet: Kr\u00e1sna pr\u00edroda priamo v srdci Eur\u00f3py"}]},{"@type":"WebSite","@id":"https:\/\/www.welovecycling.com\/sk\/#website","url":"https:\/\/www.welovecycling.com\/sk\/","name":"\u0160koda We Love Cycling Slovensko","description":"\u0160koda We Love Cycling Slovensko je v\u00e1\u0161 ka\u017edodenn\u00fd zdroj noviniek a in\u0161pir\u00e1cie z sveta cyklistiky","potentialAction":[{"@type":"SearchAction","target":{"@type":"EntryPoint","urlTemplate":"https:\/\/www.welovecycling.com\/sk\/?s={search_term_string}"},"query-input":{"@type":"PropertyValueSpecification","valueRequired":true,"valueName":"search_term_string"}}],"inLanguage":"sk-SK"},{"@type":"Person","@id":"https:\/\/www.welovecycling.com\/sk\/#\/schema\/person\/8ee09ba39b7e25b1870160aa5b3a89bc","name":"Ondrej Ga\u0161par","image":{"@type":"ImageObject","inLanguage":"sk-SK","@id":"https:\/\/www.welovecycling.com\/sk\/#\/schema\/person\/image\/","url":"https:\/\/secure.gravatar.com\/avatar\/6126c9afb87b70da5abbb083ddbb21933da15f18f8ca7cb822aba0fb096a48f6?s=96&d=mm&r=g","contentUrl":"https:\/\/secure.gravatar.com\/avatar\/6126c9afb87b70da5abbb083ddbb21933da15f18f8ca7cb822aba0fb096a48f6?s=96&d=mm&r=g","caption":"Ondrej Ga\u0161par"},"url":"https:\/\/www.welovecycling.com\/sk\/author\/ondrejgaspar\/"}]}},"_links":{"self":[{"href":"https:\/\/www.welovecycling.com\/sk\/wp-json\/wp\/v2\/posts\/6928","targetHints":{"allow":["GET"]}}],"collection":[{"href":"https:\/\/www.welovecycling.com\/sk\/wp-json\/wp\/v2\/posts"}],"about":[{"href":"https:\/\/www.welovecycling.com\/sk\/wp-json\/wp\/v2\/types\/post"}],"author":[{"embeddable":true,"href":"https:\/\/www.welovecycling.com\/sk\/wp-json\/wp\/v2\/users\/38"}],"replies":[{"embeddable":true,"href":"https:\/\/www.welovecycling.com\/sk\/wp-json\/wp\/v2\/comments?post=6928"}],"version-history":[{"count":2,"href":"https:\/\/www.welovecycling.com\/sk\/wp-json\/wp\/v2\/posts\/6928\/revisions"}],"predecessor-version":[{"id":6945,"href":"https:\/\/www.welovecycling.com\/sk\/wp-json\/wp\/v2\/posts\/6928\/revisions\/6945"}],"wp:featuredmedia":[{"embeddable":true,"href":"https:\/\/www.welovecycling.com\/sk\/wp-json\/wp\/v2\/media\/6944"}],"wp:attachment":[{"href":"https:\/\/www.welovecycling.com\/sk\/wp-json\/wp\/v2\/media?parent=6928"}],"wp:term":[{"taxonomy":"category","embeddable":true,"href":"https:\/\/www.welovecycling.com\/sk\/wp-json\/wp\/v2\/categories?post=6928"},{"taxonomy":"post_tag","embeddable":true,"href":"https:\/\/www.welovecycling.com\/sk\/wp-json\/wp\/v2\/tags?post=6928"},{"taxonomy":"global-categories","embeddable":true,"href":"https:\/\/www.welovecycling.com\/sk\/wp-json\/wp\/v2\/global-categories?post=6928"}],"curies":[{"name":"wp","href":"https:\/\/api.w.org\/{rel}","templated":true}]}}