{"id":6889,"date":"2019-04-23T12:33:43","date_gmt":"2019-04-23T10:33:43","guid":{"rendered":"https:\/\/www.welovecycling.com\/sk\/?p=6889"},"modified":"2019-04-23T12:33:43","modified_gmt":"2019-04-23T10:33:43","slug":"do-prace-na-bicykli-preco-nie","status":"publish","type":"post","link":"https:\/\/www.welovecycling.com\/sk\/2019\/04\/23\/do-prace-na-bicykli-preco-nie\/","title":{"rendered":"Do pr\u00e1ce na bicykli? Pre\u010do nie!"},"content":{"rendered":"<p><strong>U\u017e sa n\u00e1m otep\u013euje, tak pre\u010do nevyu\u017ei\u0165 priaznivej\u0161ie po\u010dasie a pri ceste za robotou nevymeni\u0165 \u0161tyri koles\u00e1 za dve a motor za vlastn\u00fd pohon? \u017de to nejde? Opak je pravdou a ka\u017ed\u00fd, kto tvrd\u00ed, \u017ee sa to ned\u00e1, m\u00e1 v\u017edy len nezmyseln\u00fa v\u00fdhovorku.<\/strong><!--more--><\/p>\n<p>Asi naj\u010dastej\u0161ou je prehusten\u00e1 doprava. To \u010diasto\u010dn\u00e9 opodstatnenie m\u00e1, \u00e1ut je na cest\u00e1ch toti\u017e ako maku. Ale aj pri takom po\u010dte sa d\u00e1 jazdi\u0165 bezpe\u010dne. <strong>Najd\u00f4le\u017eitej\u0161ie je by\u0165 viden\u00fd<\/strong> a za \u010fal\u0161ie odpor\u00fa\u010dam uplat\u0148ova\u0165 nepriamu \u00fameru &#8211; <strong>\u010d\u00edm u\u017e\u0161ia cesta, t\u00fdm viac treba jazdi\u0165 k stredu jazdn\u00e9ho pruhu<\/strong>. Na \u0161irok\u00fdch komunik\u00e1ci\u00e1ch, aj ke\u010f sa v\u00e1s bud\u00fa vodi\u010di sna\u017ei\u0165 vytla\u010di\u0165, st\u00e1le sa m\u00e1te kam uhn\u00fa\u0165. No a na \u00fazkych? Nebojte sa, neprejd\u00fa v\u00e1s, maxim\u00e1lne si zatr\u00fabia.<\/p>\n<div data-rows=\"1\" id='gallery-1' class='gallery-rows-1 gallery galleryid-6889 gallery-columns-2 gallery-size-full'><figure class='gallery-item'>\n\t\t\t<div class='gallery-icon landscape'>\n\t\t\t\t<a href='https:\/\/d2p6e6u75xmxt8.cloudfront.net\/4\/2019\/04\/1.JPG.webp'><img loading=\"lazy\" decoding=\"async\" width=\"1200\" height=\"800\" src=\"https:\/\/d2p6e6u75xmxt8.cloudfront.net\/4\/2019\/04\/1.JPG.webp\" class=\"attachment-full size-full\" alt=\"\" srcset=\"https:\/\/d2p6e6u75xmxt8.cloudfront.net\/4\/2019\/04\/1.JPG.webp 1200w, https:\/\/d2p6e6u75xmxt8.cloudfront.net\/4\/2019\/04\/1.JPG-300x200.webp 300w, https:\/\/d2p6e6u75xmxt8.cloudfront.net\/4\/2019\/04\/1.JPG-1024x683.webp 1024w, https:\/\/d2p6e6u75xmxt8.cloudfront.net\/4\/2019\/04\/1.JPG-768x512.webp 768w, https:\/\/d2p6e6u75xmxt8.cloudfront.net\/4\/2019\/04\/1.JPG-272x182.webp 272w\" sizes=\"auto, (max-width: 1200px) 100vw, 1200px\" \/><\/a>\n\t\t\t<\/div><\/figure><figure class='gallery-item'>\n\t\t\t<div class='gallery-icon landscape'>\n\t\t\t\t<a href='https:\/\/d2p6e6u75xmxt8.cloudfront.net\/4\/2019\/04\/2-1.webp'><img loading=\"lazy\" decoding=\"async\" width=\"1200\" height=\"800\" src=\"https:\/\/d2p6e6u75xmxt8.cloudfront.net\/4\/2019\/04\/2-1.webp\" class=\"attachment-full size-full\" alt=\"\" srcset=\"https:\/\/d2p6e6u75xmxt8.cloudfront.net\/4\/2019\/04\/2-1.webp 1200w, https:\/\/d2p6e6u75xmxt8.cloudfront.net\/4\/2019\/04\/2-1-300x200.webp 300w, https:\/\/d2p6e6u75xmxt8.cloudfront.net\/4\/2019\/04\/2-1-1024x683.webp 1024w, https:\/\/d2p6e6u75xmxt8.cloudfront.net\/4\/2019\/04\/2-1-768x512.webp 768w, https:\/\/d2p6e6u75xmxt8.cloudfront.net\/4\/2019\/04\/2-1-272x182.webp 272w\" sizes=\"auto, (max-width: 1200px) 100vw, 1200px\" \/><\/a>\n\t\t\t<\/div><\/figure>\n\t\t<\/div>\n        \n<p>Ak niekto pri debate povie: <em>&#8222;Motorizovane je to r\u00fdchlej\u0161ie&#8220;<\/em>, asi sa vie \u00faspe\u0161ne vyh\u00fdba\u0165 dopravn\u00fdm \u0161pi\u010dk\u00e1m. Ak ho v\u0161ak zbad\u00e1te v z\u00e1pche, &#8222;drzo&#8220; ho obehnite a so \u0161irok\u00fdm \u00fasmevom mu zam\u00e1vajte. Najviac v tomto oh\u013eade bada\u0165 v\u00fdhodu bicykla na krat\u0161\u00edch tratiach. A pri porovnan\u00ed s autobusom? V\u0161ak ten stoj\u00ed ka\u017ed\u00fa chv\u00ed\u013eu na zast\u00e1vke a asi nikto nem\u00e1 to \u0161\u0165astie, \u017ee m\u00e1 zast\u00e1vku rovno pred domom a odvezie sa a\u017e priamo k miestu v\u00fdkonu pr\u00e1ce.<\/p>\n<p><a href=\"https:\/\/d2p6e6u75xmxt8.cloudfront.net\/4\/2019\/04\/Fotka-3.JPG.jpg\"><img loading=\"lazy\" decoding=\"async\" src=\"https:\/\/d2p6e6u75xmxt8.cloudfront.net\/4\/2019\/04\/Fotka-3.JPG.jpg\" alt=\"\" width=\"1200\" height=\"800\" class=\"alignnone size-full wp-image-6893\" \/><\/a><\/p>\n<p>\u010eal\u0161\u00edm p\u00e1dnym d\u00f4vodom, pre\u010do to vysk\u00fa\u0161a\u0165, je dnes st\u00e1le viac a viac <strong>propagovan\u00e1 ekol\u00f3gia<\/strong>. Ve\u010f va\u0161e telo neprodukuje takmer \u017eiadne emisie CO2, teda okrem d\u00fdchania, \u010do \u010din\u00ed cca 20 g\/km. Nov\u00e9 eur\u00f3pske normy t\u00fdkaj\u00face sa v\u00fdfukov\u00fdch plynov s\u00fa s\u00edce st\u00e1le pr\u00edsnej\u0161ie, av\u0161ak aj tie &#8222;naj\u010distej\u0161ie&#8220; automobily produkuj\u00fa nie\u010do viac ako 100 g\/km CO2. Na rovinu si teraz povedzme: Ko\u013eko percent tak\u00fdch v prem\u00e1vke n\u00e1jdeme? Dne\u0161n\u00e9 priemern\u00e9 vozidl\u00e1 dosahuj\u00fa hodnoty a\u017e okolo 200-220 g\/km. Tak\u017ee, ak patr\u00edte k t\u00fdm, ktor\u00fdm z\u00e1le\u017e\u00ed na kvalite ovzdu\u0161ia, vedzte, \u017ee na vzdialenosti 10 kilometrov z tela vypust\u00edte asi to\u013eko oxidu uhli\u010dit\u00e9ho, \u010do v\u00e1\u0161 kolega u\u017e po jednom.<\/p>\n<p><a href=\"https:\/\/d2p6e6u75xmxt8.cloudfront.net\/4\/2019\/04\/Fotka-4.JPG.jpg\"><img loading=\"lazy\" decoding=\"async\" src=\"https:\/\/d2p6e6u75xmxt8.cloudfront.net\/4\/2019\/04\/Fotka-4.JPG.jpg\" alt=\"\" width=\"1200\" height=\"800\" class=\"alignnone size-full wp-image-6894\" \/><\/a><\/p>\n<p>U\u0161etr\u00edte na cestovnom, resp. pohonn\u00fdch hmot\u00e1ch. Ak si spo\u010d\u00edtate, ko\u013eko vyjde cestovanie hromadnou dopravou, alebo n\u00e1klady na benz\u00edn \u010di naftu, zist\u00edte, \u017ee mesa\u010dne v\u00e1m v pe\u0148a\u017eenke m\u00f4\u017ee zosta\u0165 pekn\u00fdch p\u00e1r, mo\u017eno aj desiatok eur.<\/p>\n<p>V neposlednom rade budete zdrav\u0161\u00ed. Port\u00e1l <a href=\"https:\/\/www.menshealth.com\/fitness\/a19528964\/start-bike-commuting\/\" rel=\"noopener\" target=\"_blank\">menshealth.com<\/a> informoval o osemdesiatich percent\u00e1ch \u013eud\u00ed, ktor\u00ed po presedlan\u00ed na bike zlep\u0161ili funkciu svojho srdca, p\u013e\u00fac a ciev u\u017e po \u00f4smych t\u00fd\u017ed\u0148och. Celkovo posiln\u00edte svoju imunitu, viac sa v\u00e1m do tela zo slnka dostane vitam\u00ednu D. <strong>Pohybom pozit\u00edvne vpl\u00fdvate nielen na vlastn\u00fa kondi\u010dku, ale tie\u017e na du\u0161evn\u00fa str\u00e1nku zdravia<\/strong>. U\u017e po kr\u00e1tkej chv\u00ed\u013eke v sedle cestou domov ur\u010dite zabudnete na v\u0161etko zl\u00e9, \u010do sa v pr\u00e1ci udialo.<\/p>\n<p><a href=\"https:\/\/d2p6e6u75xmxt8.cloudfront.net\/4\/2019\/04\/6.jpg\"><img loading=\"lazy\" decoding=\"async\" src=\"https:\/\/d2p6e6u75xmxt8.cloudfront.net\/4\/2019\/04\/6.jpg\" alt=\"\" width=\"1200\" height=\"800\" class=\"alignnone size-full wp-image-6895\" \/><\/a><\/p>\n<p>A navy\u0161e, m\u00e1j je, d\u00e1 sa poveda\u0165 za dverami. V predch\u00e1dzaj\u00facich piatich rokoch pr\u00e1ve po\u010das m\u00e1ja prebehla celon\u00e1rodn\u00e1 kampa\u0148 <em>&#8222;Do pr\u00e1ce na bicykli&#8220;<\/em>. Ako u\u017e z n\u00e1zvu vypl\u00fdva, ide o motiv\u00e1ciu zamestnan\u00fdch \u013eud\u00ed cestova\u0165 do pr\u00e1ce nemotorov\u00fdm dopravn\u00fdm prostriedkom (nami v\u0161etk\u00fdmi ob\u013e\u00faben\u00fdm) &#8211; bicyklom. Viac inform\u00e1ci\u00ed sa dozviete na <a href=\"https:\/\/www.dopracenabicykli.eu\/o-sutazi\" rel=\"noopener\" target=\"_blank\">tomto odkaze<\/a><\/p>\n<p><a href=\"https:\/\/d2p6e6u75xmxt8.cloudfront.net\/4\/2019\/04\/Fotka-7.JPG.jpg\"><img loading=\"lazy\" decoding=\"async\" src=\"https:\/\/d2p6e6u75xmxt8.cloudfront.net\/4\/2019\/04\/Fotka-7.JPG.jpg\" alt=\"\" width=\"1200\" height=\"800\" class=\"alignnone size-full wp-image-6896\" \/><\/a><\/p>\n<p>A len tak mimochodom, ob\u010das sa v\u00e1m pri jazde do roboty m\u00f4\u017eu naskytn\u00fa\u0165 zauj\u00edmav\u00e9 poh\u013eady na v\u00fdchod slnka.<\/p>\n<p><a href=\"https:\/\/d2p6e6u75xmxt8.cloudfront.net\/4\/2019\/04\/8.jpg\"><img loading=\"lazy\" decoding=\"async\" src=\"https:\/\/d2p6e6u75xmxt8.cloudfront.net\/4\/2019\/04\/8.jpg\" alt=\"\" width=\"1200\" height=\"800\" class=\"alignnone size-full wp-image-6897\" \/><\/a><\/p>\n<p>Cestou domov zase m\u00f4\u017eete obzrie\u0165 okolit\u00e9 kult\u00farne pamiatky, po\u010das pracovn\u00e9ho t\u00fd\u017ed\u0148a sa tam aspo\u0148 nebudete tla\u010di\u0165 s to\u013ek\u00fdmi n\u00e1v\u0161tevn\u00edkmi.<\/p>\n<p><a href=\"https:\/\/d2p6e6u75xmxt8.cloudfront.net\/4\/2019\/04\/5.jpg\"><img loading=\"lazy\" decoding=\"async\" src=\"https:\/\/d2p6e6u75xmxt8.cloudfront.net\/4\/2019\/04\/5.jpg\" alt=\"\" width=\"1200\" height=\"800\" class=\"alignnone size-full wp-image-6898\" \/><\/a><\/p>\n","protected":false},"excerpt":{"rendered":"<p>U\u017e sa n\u00e1m otep\u013euje, tak pre\u010do nevyu\u017ei\u0165 priaznivej\u0161ie po\u010dasie a pri ceste za robotou nevymeni\u0165 \u0161tyri koles\u00e1 za dve a [&hellip;]<\/p>\n","protected":false},"author":38,"featured_media":6890,"comment_status":"open","ping_status":"open","sticky":false,"template":"","format":"standard","meta":{"footnotes":""},"categories":[604],"tags":[275,115,865,487,385,629,750,525,596,864,638,161,623],"global-categories":[],"class_list":["post-6889","post","type-post","status-publish","format-standard","has-post-thumbnail","hentry","category-urban-cyklistika","tag-cesta","tag-cestna-cyklistika","tag-cestna-premavka","tag-cestny-bicykel","tag-do-prace-na-bicykli","tag-doprava","tag-kondicia","tag-mesto","tag-mestsky-bicykel","tag-pravidla-cestnej-premavky","tag-preprava","tag-zdravie","tag-zdravy-zivotny-styl"],"yoast_head":"<!-- This site is optimized with the Yoast SEO Premium plugin v25.3 (Yoast SEO v25.9) - https:\/\/yoast.com\/wordpress\/plugins\/seo\/ -->\n<title>Do pr\u00e1ce na bicykli? Pre\u010do nie! - \u0160koda We Love Cycling Slovensko<\/title>\n<meta name=\"robots\" content=\"index, follow, max-snippet:-1, max-image-preview:large, max-video-preview:-1\" \/>\n<link rel=\"canonical\" href=\"https:\/\/www.welovecycling.com\/sk\/2019\/04\/23\/do-prace-na-bicykli-preco-nie\/\" \/>\n<meta property=\"og:locale\" content=\"sk_SK\" \/>\n<meta property=\"og:type\" content=\"article\" \/>\n<meta property=\"og:title\" content=\"Do pr\u00e1ce na bicykli? Pre\u010do nie!\" \/>\n<meta property=\"og:description\" content=\"U\u017e sa n\u00e1m otep\u013euje, tak pre\u010do nevyu\u017ei\u0165 priaznivej\u0161ie po\u010dasie a pri ceste za robotou nevymeni\u0165 \u0161tyri koles\u00e1 za dve a [&hellip;]\" \/>\n<meta property=\"og:url\" content=\"https:\/\/www.welovecycling.com\/sk\/2019\/04\/23\/do-prace-na-bicykli-preco-nie\/\" \/>\n<meta property=\"og:site_name\" content=\"\u0160koda We Love Cycling Slovensko\" \/>\n<meta property=\"article:published_time\" content=\"2019-04-23T10:33:43+00:00\" \/>\n<meta property=\"og:image\" content=\"https:\/\/d2p6e6u75xmxt8.cloudfront.net\/4\/2019\/04\/titulka-4.webp\" \/>\n\t<meta property=\"og:image:width\" content=\"1380\" \/>\n\t<meta property=\"og:image:height\" content=\"600\" \/>\n\t<meta property=\"og:image:type\" content=\"image\/webp\" \/>\n<meta name=\"author\" content=\"Ondrej Ga\u0161par\" \/>\n<meta name=\"twitter:card\" content=\"summary_large_image\" \/>\n<meta name=\"twitter:label1\" content=\"Written by\" \/>\n\t<meta name=\"twitter:data1\" content=\"Martin Janega\" \/>\n\t<meta name=\"twitter:label2\" content=\"Est. reading time\" \/>\n\t<meta name=\"twitter:data2\" content=\"4\" \/>\n<script type=\"application\/ld+json\" class=\"yoast-schema-graph\">{\"@context\":\"https:\/\/schema.org\",\"@graph\":[{\"@type\":\"WebPage\",\"@id\":\"https:\/\/www.welovecycling.com\/sk\/2019\/04\/23\/do-prace-na-bicykli-preco-nie\/\",\"url\":\"https:\/\/www.welovecycling.com\/sk\/2019\/04\/23\/do-prace-na-bicykli-preco-nie\/\",\"name\":\"Do pr\u00e1ce na bicykli? Pre\u010do nie! - \u0160koda We Love Cycling Slovensko\",\"isPartOf\":{\"@id\":\"https:\/\/www.welovecycling.com\/sk\/#website\"},\"primaryImageOfPage\":{\"@id\":\"https:\/\/www.welovecycling.com\/sk\/2019\/04\/23\/do-prace-na-bicykli-preco-nie\/#primaryimage\"},\"image\":{\"@id\":\"https:\/\/www.welovecycling.com\/sk\/2019\/04\/23\/do-prace-na-bicykli-preco-nie\/#primaryimage\"},\"thumbnailUrl\":\"https:\/\/d2p6e6u75xmxt8.cloudfront.net\/4\/2019\/04\/titulka-4.webp\",\"datePublished\":\"2019-04-23T10:33:43+00:00\",\"author\":{\"@id\":\"https:\/\/www.welovecycling.com\/sk\/#\/schema\/person\/8ee09ba39b7e25b1870160aa5b3a89bc\"},\"breadcrumb\":{\"@id\":\"https:\/\/www.welovecycling.com\/sk\/2019\/04\/23\/do-prace-na-bicykli-preco-nie\/#breadcrumb\"},\"inLanguage\":\"sk-SK\",\"potentialAction\":[{\"@type\":\"ReadAction\",\"target\":[\"https:\/\/www.welovecycling.com\/sk\/2019\/04\/23\/do-prace-na-bicykli-preco-nie\/\"]}]},{\"@type\":\"ImageObject\",\"inLanguage\":\"sk-SK\",\"@id\":\"https:\/\/www.welovecycling.com\/sk\/2019\/04\/23\/do-prace-na-bicykli-preco-nie\/#primaryimage\",\"url\":\"https:\/\/d2p6e6u75xmxt8.cloudfront.net\/4\/2019\/04\/titulka-4.webp\",\"contentUrl\":\"https:\/\/d2p6e6u75xmxt8.cloudfront.net\/4\/2019\/04\/titulka-4.webp\",\"width\":1380,\"height\":600},{\"@type\":\"BreadcrumbList\",\"@id\":\"https:\/\/www.welovecycling.com\/sk\/2019\/04\/23\/do-prace-na-bicykli-preco-nie\/#breadcrumb\",\"itemListElement\":[{\"@type\":\"ListItem\",\"position\":1,\"name\":\"Home\",\"item\":\"https:\/\/www.welovecycling.com\/sk\/\"},{\"@type\":\"ListItem\",\"position\":2,\"name\":\"Do pr\u00e1ce na bicykli? Pre\u010do nie!\"}]},{\"@type\":\"WebSite\",\"@id\":\"https:\/\/www.welovecycling.com\/sk\/#website\",\"url\":\"https:\/\/www.welovecycling.com\/sk\/\",\"name\":\"\u0160koda We Love Cycling Slovensko\",\"description\":\"\u0160koda We Love Cycling Slovensko je v\u00e1\u0161 ka\u017edodenn\u00fd zdroj noviniek a in\u0161pir\u00e1cie z sveta cyklistiky\",\"potentialAction\":[{\"@type\":\"SearchAction\",\"target\":{\"@type\":\"EntryPoint\",\"urlTemplate\":\"https:\/\/www.welovecycling.com\/sk\/?s={search_term_string}\"},\"query-input\":{\"@type\":\"PropertyValueSpecification\",\"valueRequired\":true,\"valueName\":\"search_term_string\"}}],\"inLanguage\":\"sk-SK\"},{\"@type\":\"Person\",\"@id\":\"https:\/\/www.welovecycling.com\/sk\/#\/schema\/person\/8ee09ba39b7e25b1870160aa5b3a89bc\",\"name\":\"Ondrej Ga\u0161par\",\"image\":{\"@type\":\"ImageObject\",\"inLanguage\":\"sk-SK\",\"@id\":\"https:\/\/www.welovecycling.com\/sk\/#\/schema\/person\/image\/\",\"url\":\"https:\/\/secure.gravatar.com\/avatar\/6126c9afb87b70da5abbb083ddbb21933da15f18f8ca7cb822aba0fb096a48f6?s=96&d=mm&r=g\",\"contentUrl\":\"https:\/\/secure.gravatar.com\/avatar\/6126c9afb87b70da5abbb083ddbb21933da15f18f8ca7cb822aba0fb096a48f6?s=96&d=mm&r=g\",\"caption\":\"Ondrej Ga\u0161par\"},\"url\":\"https:\/\/www.welovecycling.com\/sk\/author\/ondrejgaspar\/\"}]}<\/script>\n<!-- \/ Yoast SEO Premium plugin. -->","yoast_head_json":{"title":"Do pr\u00e1ce na bicykli? Pre\u010do nie! - \u0160koda We Love Cycling Slovensko","robots":{"index":"index","follow":"follow","max-snippet":"max-snippet:-1","max-image-preview":"max-image-preview:large","max-video-preview":"max-video-preview:-1"},"canonical":"https:\/\/www.welovecycling.com\/sk\/2019\/04\/23\/do-prace-na-bicykli-preco-nie\/","og_locale":"sk_SK","og_type":"article","og_title":"Do pr\u00e1ce na bicykli? Pre\u010do nie!","og_description":"U\u017e sa n\u00e1m otep\u013euje, tak pre\u010do nevyu\u017ei\u0165 priaznivej\u0161ie po\u010dasie a pri ceste za robotou nevymeni\u0165 \u0161tyri koles\u00e1 za dve a [&hellip;]","og_url":"https:\/\/www.welovecycling.com\/sk\/2019\/04\/23\/do-prace-na-bicykli-preco-nie\/","og_site_name":"\u0160koda We Love Cycling Slovensko","article_published_time":"2019-04-23T10:33:43+00:00","og_image":[{"width":1380,"height":600,"url":"https:\/\/d2p6e6u75xmxt8.cloudfront.net\/4\/2019\/04\/titulka-4.webp","type":"image\/webp"}],"author":"Ondrej Ga\u0161par","twitter_card":"summary_large_image","twitter_misc":{"Written by":"Martin Janega","Est. reading time":"4"},"schema":{"@context":"https:\/\/schema.org","@graph":[{"@type":"WebPage","@id":"https:\/\/www.welovecycling.com\/sk\/2019\/04\/23\/do-prace-na-bicykli-preco-nie\/","url":"https:\/\/www.welovecycling.com\/sk\/2019\/04\/23\/do-prace-na-bicykli-preco-nie\/","name":"Do pr\u00e1ce na bicykli? Pre\u010do nie! - \u0160koda We Love Cycling Slovensko","isPartOf":{"@id":"https:\/\/www.welovecycling.com\/sk\/#website"},"primaryImageOfPage":{"@id":"https:\/\/www.welovecycling.com\/sk\/2019\/04\/23\/do-prace-na-bicykli-preco-nie\/#primaryimage"},"image":{"@id":"https:\/\/www.welovecycling.com\/sk\/2019\/04\/23\/do-prace-na-bicykli-preco-nie\/#primaryimage"},"thumbnailUrl":"https:\/\/d2p6e6u75xmxt8.cloudfront.net\/4\/2019\/04\/titulka-4.webp","datePublished":"2019-04-23T10:33:43+00:00","author":{"@id":"https:\/\/www.welovecycling.com\/sk\/#\/schema\/person\/8ee09ba39b7e25b1870160aa5b3a89bc"},"breadcrumb":{"@id":"https:\/\/www.welovecycling.com\/sk\/2019\/04\/23\/do-prace-na-bicykli-preco-nie\/#breadcrumb"},"inLanguage":"sk-SK","potentialAction":[{"@type":"ReadAction","target":["https:\/\/www.welovecycling.com\/sk\/2019\/04\/23\/do-prace-na-bicykli-preco-nie\/"]}]},{"@type":"ImageObject","inLanguage":"sk-SK","@id":"https:\/\/www.welovecycling.com\/sk\/2019\/04\/23\/do-prace-na-bicykli-preco-nie\/#primaryimage","url":"https:\/\/d2p6e6u75xmxt8.cloudfront.net\/4\/2019\/04\/titulka-4.webp","contentUrl":"https:\/\/d2p6e6u75xmxt8.cloudfront.net\/4\/2019\/04\/titulka-4.webp","width":1380,"height":600},{"@type":"BreadcrumbList","@id":"https:\/\/www.welovecycling.com\/sk\/2019\/04\/23\/do-prace-na-bicykli-preco-nie\/#breadcrumb","itemListElement":[{"@type":"ListItem","position":1,"name":"Home","item":"https:\/\/www.welovecycling.com\/sk\/"},{"@type":"ListItem","position":2,"name":"Do pr\u00e1ce na bicykli? Pre\u010do nie!"}]},{"@type":"WebSite","@id":"https:\/\/www.welovecycling.com\/sk\/#website","url":"https:\/\/www.welovecycling.com\/sk\/","name":"\u0160koda We Love Cycling Slovensko","description":"\u0160koda We Love Cycling Slovensko je v\u00e1\u0161 ka\u017edodenn\u00fd zdroj noviniek a in\u0161pir\u00e1cie z sveta cyklistiky","potentialAction":[{"@type":"SearchAction","target":{"@type":"EntryPoint","urlTemplate":"https:\/\/www.welovecycling.com\/sk\/?s={search_term_string}"},"query-input":{"@type":"PropertyValueSpecification","valueRequired":true,"valueName":"search_term_string"}}],"inLanguage":"sk-SK"},{"@type":"Person","@id":"https:\/\/www.welovecycling.com\/sk\/#\/schema\/person\/8ee09ba39b7e25b1870160aa5b3a89bc","name":"Ondrej Ga\u0161par","image":{"@type":"ImageObject","inLanguage":"sk-SK","@id":"https:\/\/www.welovecycling.com\/sk\/#\/schema\/person\/image\/","url":"https:\/\/secure.gravatar.com\/avatar\/6126c9afb87b70da5abbb083ddbb21933da15f18f8ca7cb822aba0fb096a48f6?s=96&d=mm&r=g","contentUrl":"https:\/\/secure.gravatar.com\/avatar\/6126c9afb87b70da5abbb083ddbb21933da15f18f8ca7cb822aba0fb096a48f6?s=96&d=mm&r=g","caption":"Ondrej Ga\u0161par"},"url":"https:\/\/www.welovecycling.com\/sk\/author\/ondrejgaspar\/"}]}},"_links":{"self":[{"href":"https:\/\/www.welovecycling.com\/sk\/wp-json\/wp\/v2\/posts\/6889","targetHints":{"allow":["GET"]}}],"collection":[{"href":"https:\/\/www.welovecycling.com\/sk\/wp-json\/wp\/v2\/posts"}],"about":[{"href":"https:\/\/www.welovecycling.com\/sk\/wp-json\/wp\/v2\/types\/post"}],"author":[{"embeddable":true,"href":"https:\/\/www.welovecycling.com\/sk\/wp-json\/wp\/v2\/users\/38"}],"replies":[{"embeddable":true,"href":"https:\/\/www.welovecycling.com\/sk\/wp-json\/wp\/v2\/comments?post=6889"}],"version-history":[{"count":2,"href":"https:\/\/www.welovecycling.com\/sk\/wp-json\/wp\/v2\/posts\/6889\/revisions"}],"predecessor-version":[{"id":6915,"href":"https:\/\/www.welovecycling.com\/sk\/wp-json\/wp\/v2\/posts\/6889\/revisions\/6915"}],"wp:featuredmedia":[{"embeddable":true,"href":"https:\/\/www.welovecycling.com\/sk\/wp-json\/wp\/v2\/media\/6890"}],"wp:attachment":[{"href":"https:\/\/www.welovecycling.com\/sk\/wp-json\/wp\/v2\/media?parent=6889"}],"wp:term":[{"taxonomy":"category","embeddable":true,"href":"https:\/\/www.welovecycling.com\/sk\/wp-json\/wp\/v2\/categories?post=6889"},{"taxonomy":"post_tag","embeddable":true,"href":"https:\/\/www.welovecycling.com\/sk\/wp-json\/wp\/v2\/tags?post=6889"},{"taxonomy":"global-categories","embeddable":true,"href":"https:\/\/www.welovecycling.com\/sk\/wp-json\/wp\/v2\/global-categories?post=6889"}],"curies":[{"name":"wp","href":"https:\/\/api.w.org\/{rel}","templated":true}]}}