{"id":6877,"date":"2019-04-22T09:51:08","date_gmt":"2019-04-22T07:51:08","guid":{"rendered":"https:\/\/www.welovecycling.com\/sk\/?p=6877"},"modified":"2019-04-23T13:15:57","modified_gmt":"2019-04-23T11:15:57","slug":"cyklisticka-destinacia-talianske-dolomity","status":"publish","type":"post","link":"https:\/\/www.welovecycling.com\/sk\/2019\/04\/22\/cyklisticka-destinacia-talianske-dolomity\/","title":{"rendered":"Cyklistick\u00e1 destin\u00e1cia &#8211; talianske Dolomity"},"content":{"rendered":"<p><strong>O\u00a0Slovensku nem\u00f4\u017eeme poveda\u0165, \u017ee by sme mali n\u00fadzu o kr\u00e1sne kopce, av\u0161ak s\u00fa krajiny, s\u00a0ktor\u00fdmi sa nem\u00f4\u017eeme porovn\u00e1va\u0165. Jednou z\u00a0nich je aj Taliansko a\u00a0jeho \u010das\u0165 Dolomity, ktor\u00e9 len dokazuj\u00fa, \u017ee ak m\u00e1te chu\u0165 st\u00fapa\u0165, ony v\u00e1m v\u00a0tom br\u00e1ni\u0165 nebud\u00fa.<\/strong><!--more--><\/p>\n<p>Dolomity s\u00fa <strong>zn\u00e1me najm\u00e4 v\u010faka cyklistick\u00fdm podujatiam<\/strong> ako s\u00fa etapov\u00e9 preteky <strong>Giro d\u00b4Italia<\/strong>, alebo horsk\u00fd marat\u00f3n <strong>Sellaronda Hero<\/strong>. Jednoducho povedan\u00e9, o\u010daruj\u00face prostredie alpsk\u00fdch dediniek, v\u00fdborn\u00e9ho jedla a\u00a0prostredia pripraven\u00e9ho pre cyklistov, l\u00e1ka ka\u017edoro\u010dne tis\u00edce motivovan\u00fdch jazdcov \u010di u\u017e na pohodov\u00fa dovolenku alebo v\u010faka vysokohorsk\u00e9mu tr\u00e9ningu zlep\u0161i\u0165 svoju v\u00fdkonnos\u0165.<\/p>\n<p><a href=\"https:\/\/d2p6e6u75xmxt8.cloudfront.net\/4\/2019\/04\/01-2.jpg\"><img loading=\"lazy\" decoding=\"async\" class=\"alignnone size-full wp-image-6880\" src=\"https:\/\/d2p6e6u75xmxt8.cloudfront.net\/4\/2019\/04\/01-2.jpg\" alt=\"\" width=\"1200\" height=\"800\" \/><\/a><\/p>\n<p>Ich poloha sa v\u00a0mnoh\u00fdch oh\u013eadoch nespr\u00e1vne interpretuje. Dolomity nie s\u00fa synonymom pre talianske Alpy ani Ju\u017en\u00e9 Tirolsko. Ak ste u\u017e po\u010duli o\u00a0jazd\u00e1ch v\u00a0Dolomitoch, ktor\u00e9 zah\u0155\u0148aj\u00fa aj Stelvio, Mortirolo alebo Gaviu, ide o\u00a0omyl, ktor\u00fd ich prira\u010fuje k\u00a0Dolomitom. Pre presnej\u0161iu lokaliz\u00e1ciu je vhodn\u00e9 <strong>zvoli\u0165 si za hlavn\u00fd bod provinciu Belluno<\/strong>, v\u00a0ktorej sa nach\u00e1dza podstatn\u00e1 \u010das\u0165 Dolomitov. \u010cas\u0165ou zasahuj\u00fa aj do z\u00e1padnej\u0161ieho Bolzana alebo Trenta.<\/p>\n<p>Jednou zo z\u00e1kladn\u00fdch inform\u00e1cii je podnebie. Na\u0161\u0165astie, nie je potrebn\u00e9 ob\u00e1va\u0165 sa drastick\u00fdch zmien oproti po\u010dasiu u n\u00e1s. V Dolomitoch sa aj v\u010faka tomu, \u017ee s\u00fa vzdialen\u00e9 \u201elen\u201c nie\u010do v\u00a0rozmedz\u00ed 700 \u2013 1 100 km od Slovenska (z\u00e1vis\u00ed to od miesta \u0161tartu \u2013 v\u00fdchodniari maj\u00fa trasu dlh\u0161iu) smerom na juhoz\u00e1pad, priemern\u00e9 teploty sa v\u00a0obdob\u00ed apr\u00edla \u2013 j\u00fala pohybuj\u00fa od 8 do 20\u00b0C, \u010do je pre mnoh\u00fdch z\u00a0n\u00e1s ide\u00e1l. S\u00a0preh\u00e1nkami to u\u017e nemus\u00ed by\u0165 najru\u017eovej\u0161ie, ke\u010f\u017ee oblas\u0165 je s\u00fa\u010das\u0165ou pohoria Alpy. Pod\u013ea dlhodob\u00e9ho merania s\u00fa <strong>mesiace m\u00e1j a\u00a0j\u00fan t\u00fdmi \u201enajsuch\u0161\u00edmi\u201c<\/strong> s\u00a0priemerne 12 such\u00fdmi d\u0148ami do mesiaca. Rovnako je to aj s\u00a0obla\u010dnos\u0165ou \u2013 ak sa chcete dokonale op\u00e1li\u0165, Dolomity nemusia by\u0165 t\u00fdm najvhodnej\u0161\u00edm miestom. Av\u0161ak pod\u013ea vlastnej sk\u00fasenosti, ak je bezobla\u010dno, bronz z\u00edskate, ani nebudete vedie\u0165 ako.<\/p>\n<lite-youtube videoid=X9MEdTYPzII params=\"enablejsapi=1\" style=\"background-image: url('https:\/\/i.ytimg.com\/vi_webp\/X9MEdTYPzII\/maxresdefault.webp');\"><\/lite-youtube>\n<p>S\u00fa\u010dasne by nebolo na zahodenie vedie\u0165, kam \u00eds\u0165 alebo vybra\u0165 si tie najvhodnej\u0161ie miesta. Aj v\u010faka informa\u010dn\u00fdm technol\u00f3gi\u00e1m sa tento probl\u00e9m pomaly str\u00e1ca. Webov\u00e9 dom\u00e9ny s\u00fa pln\u00e9 mo\u017en\u00fdch alternat\u00edv, na ktor\u00e9 sa vyda\u0165. Do kar\u00e1t v\u00e1m hr\u00e1 aj skuto\u010dnos\u0165, \u017ee Dolomity s\u00fa okrem ly\u017eiarskeho raja, aj t\u00fdm cyklistick\u00fdm \u2013 <strong>mno\u017estvo ciest, chodn\u00edkov, \u201ebike-friendly\u201c odpo\u010d\u00edvadiel a\u00a0in\u00fdch drobnost\u00ed<\/strong>, pom\u00e1haj\u00fa jazdcom c\u00edti\u0165 sa tu ako v\u00a0rozpr\u00e1vke.<\/p>\n<p>Jednou <strong>zo zauj\u00edmav\u00fdch tr\u00e1s pre horsk\u00fdch cyklistov je okruh okolo Piz Boe<\/strong>, kr\u00e1tky variant Sellaronda, sp\u00e1jaj\u00faci viacer\u00e9 v\u00fdznamn\u00e9 vrcholy \u2013 ak\u00fdm je Gardena, Passo Pordoi alebo Passo Sella. D\u013a\u017eka 60 km a\u00a0prev\u00fd\u0161enie vy\u0161e 3 000 m hovoria o\u00a0potrebe pripravi\u0165 sa na t\u00fato cestu, ale na druhej strane, z\u00e1\u017eitok je zaru\u010den\u00fd.<\/p>\n<p><a href=\"https:\/\/d2p6e6u75xmxt8.cloudfront.net\/4\/2019\/04\/02-3.jpg\"><img loading=\"lazy\" decoding=\"async\" class=\"alignnone size-full wp-image-6881\" src=\"https:\/\/d2p6e6u75xmxt8.cloudfront.net\/4\/2019\/04\/02-3.jpg\" alt=\"\" width=\"1200\" height=\"800\" \/><\/a><em>na obr\u00e1zku je Passo Sella<\/em><\/p>\n<p>Cestn\u00ed cyklisti ocenia nev\u00eddan\u00e9 mo\u017enosti vy\u017eitia. Bez preh\u00e1\u0148ania je mo\u017en\u00e9 poveda\u0165, \u017ee ak by ste v\u00a0Dolomitoch ostali hoci aj p\u00e1r t\u00fd\u017ed\u0148ov, nemuseli by ste preb\u00e1da\u0165 ka\u017ed\u00e9 st\u00fapanie. Pr\u00edle\u017eitos\u0165 obozn\u00e1mi\u0165 sa s\u00a0okol\u00edm je napr\u00edklad okruh cez Passo Furcia so za\u010diatkom v\u00a0Badii. Necel\u00fdch 80 km pre v\u00e1s priprav\u00ed 1\u00a0700 nast\u00fapan\u00fdch metrov. Nu\u017e, na roviny v\u00a0tejto \u010dasti sveta ve\u013emi nepom\u00fd\u0161\u013eajte.<\/p>\n<p><strong>Kr\u00e1tky sum\u00e1r dostupn\u00fdch vrcholov<\/strong> je vhodn\u00fd pre pr\u00edpravu vlastn\u00e9ho harmonogramu: Pordoi Pass (2\u00a0250 m), Sella (2 244 m), Giau Pass (2 236 m), Valparola Pass (2 168 m), Gardena (2 121 m), Falzarego Pass (2 117 m) a\u00a0in\u00e9.<\/p>\n<p><a href=\"https:\/\/d2p6e6u75xmxt8.cloudfront.net\/4\/2019\/04\/03-2.jpg\"><img loading=\"lazy\" decoding=\"async\" class=\"alignnone size-full wp-image-6882\" src=\"https:\/\/d2p6e6u75xmxt8.cloudfront.net\/4\/2019\/04\/03-2.jpg\" alt=\"\" width=\"1200\" height=\"800\" \/><\/a><\/p>\n<p><strong>Zapo\u017ei\u010danie si bicykla<\/strong> nie je v\u00a0tejto \u010dasti sveta ni\u010d\u00edm zlo\u017eit\u00fdm. Na v\u00fdber m\u00e1te okrem horsk\u00fdch, cestn\u00fdch \u010di detsk\u00fdch, aj elektrobicykle. Ich cena sa pohybuje <strong>od 16 \u20ac (detsk\u00fd), cez 30 \u20ac (horsk\u00fd neodpru\u017een\u00fd) a\u017e k\u00a060 \u20ac\/de\u0148 (horsk\u00fd celoodpru\u017een\u00fd elektrobicykel).<\/strong> Miest, kde si svojho par\u0165\u00e1ka m\u00f4\u017eete vyzdvihn\u00fa\u0165, tu je naozaj dostatok.<\/p>\n<p>Ubytovanie rovnako nie je probl\u00e9mom. Skuto\u010dnos\u0165, \u017ee skoro ka\u017ed\u00e1 dedina v\u00a0\u00fadol\u00ed je v\u00a0zime ly\u017eiarskym strediskom, hr\u00e1 cyklistom do kar\u00e1t. Ubytovanie n\u00e1jdete jednoducho, napr. cez <a href=\"http:\/\/www.booking.com\" target=\"_blank\" rel=\"noopener\">booking.com<\/a> alebo <a href=\"http:\/\/www.airbnb.com\" target=\"_blank\" rel=\"noopener\">airbnb.com<\/a>. Pri troche \u0161\u0165astia si viete zaobstara\u0165 <strong>ubytovanie v\u00a0cene 20\u00a0\u20ac\/noc\/osoba<\/strong>. Ak by ste chceli <strong>kempova\u0165 alebo presp\u00e1va\u0165 \u201elen-tak\u201c vonku v\u00a0stane<\/strong>, d\u00e1vajte si na to pozor, ke\u010f\u017ee <strong>miestni to neob\u013eubuj\u00fa a\u00a0hrozia v\u00e1m za to pokuty<\/strong>.<\/p>\n<p>Ak v\u00e1s prepadne po p\u00e1r d\u0148och potreba odd\u00fdchnu\u0165 si od bicykla a\u00a0sk\u00fasi\u0165 nie\u010do in\u00e9, nemohli ste si h\u00e1dam n\u00e1js\u0165 lep\u0161ie miesto. Vysok\u00e9 kopce a\u00a0hory pon\u00fakaj\u00fa okrem mno\u017estva v\u00fdletov \u2013 bicyklom, pe\u0161i alebo len lanovkou, aj <strong>vy\u017eitie pre horolezcov<\/strong>. Na v\u00fdber je v\u017edy z\u00a0viacer\u00fdch variant obtia\u017enosti. Navy\u0161e s\u00fa Dolomity rajom tzv. fer\u00e1t, isten\u00e9ho kompromisu medzi lezen\u00edm a\u00a0turistikou.<\/p>\n<p><em>(zdroj fotiek: dolomitebiking.com\/en\/, roadstodrive.com\/passo-sella\/, biciveneto.it\/dolomitefaqslink.html)<\/em><\/p>\n","protected":false},"excerpt":{"rendered":"<p>O\u00a0Slovensku nem\u00f4\u017eeme poveda\u0165, \u017ee by sme mali n\u00fadzu o kr\u00e1sne kopce, av\u0161ak s\u00fa krajiny, s\u00a0ktor\u00fdmi sa nem\u00f4\u017eeme porovn\u00e1va\u0165. Jednou z\u00a0nich [&hellip;]<\/p>\n","protected":false},"author":38,"featured_media":6883,"comment_status":"open","ping_status":"open","sticky":false,"template":"","format":"standard","meta":{"footnotes":""},"categories":[47,3,191],"tags":[275,115,394,916,917,915,691,180,902,532,412,419,741,918,318,508],"global-categories":[],"class_list":["post-6877","post","type-post","status-publish","format-standard","has-post-thumbnail","hentry","category-adrenalin","category-mtb","category-odporucame","tag-cesta","tag-cestna-cyklistika","tag-cestovanie-s-bicyklom","tag-cyklisticka-destinacia","tag-destinacia","tag-dolomity","tag-elektrobicykel","tag-horska-cyklistika","tag-horsky-bicykel","tag-jazdenie","tag-mtb","tag-taliansko","tag-tip-na-vylet","tag-ubytovanie","tag-vyjazd","tag-vylet"],"yoast_head":"<!-- This site is optimized with the Yoast SEO Premium plugin v25.3 (Yoast SEO v25.9) - https:\/\/yoast.com\/wordpress\/plugins\/seo\/ -->\n<title>Cyklistick\u00e1 destin\u00e1cia - talianske Dolomity - \u0160koda We Love Cycling Slovensko<\/title>\n<meta name=\"robots\" content=\"index, follow, max-snippet:-1, max-image-preview:large, max-video-preview:-1\" \/>\n<link rel=\"canonical\" href=\"https:\/\/www.welovecycling.com\/sk\/2019\/04\/22\/cyklisticka-destinacia-talianske-dolomity\/\" \/>\n<meta property=\"og:locale\" content=\"sk_SK\" \/>\n<meta property=\"og:type\" content=\"article\" \/>\n<meta property=\"og:title\" content=\"Cyklistick\u00e1 destin\u00e1cia - talianske Dolomity\" \/>\n<meta property=\"og:description\" content=\"O\u00a0Slovensku nem\u00f4\u017eeme poveda\u0165, \u017ee by sme mali n\u00fadzu o kr\u00e1sne kopce, av\u0161ak s\u00fa krajiny, s\u00a0ktor\u00fdmi sa nem\u00f4\u017eeme porovn\u00e1va\u0165. Jednou z\u00a0nich [&hellip;]\" \/>\n<meta property=\"og:url\" content=\"https:\/\/www.welovecycling.com\/sk\/2019\/04\/22\/cyklisticka-destinacia-talianske-dolomity\/\" \/>\n<meta property=\"og:site_name\" content=\"\u0160koda We Love Cycling Slovensko\" \/>\n<meta property=\"article:published_time\" content=\"2019-04-22T07:51:08+00:00\" \/>\n<meta property=\"article:modified_time\" content=\"2019-04-23T11:15:57+00:00\" \/>\n<meta property=\"og:image\" content=\"https:\/\/d2p6e6u75xmxt8.cloudfront.net\/4\/2019\/04\/00-31.webp\" \/>\n\t<meta property=\"og:image:width\" content=\"1380\" \/>\n\t<meta property=\"og:image:height\" content=\"600\" \/>\n\t<meta property=\"og:image:type\" content=\"image\/webp\" \/>\n<meta name=\"author\" content=\"Ondrej Ga\u0161par\" \/>\n<meta name=\"twitter:card\" content=\"summary_large_image\" \/>\n<meta name=\"twitter:label1\" content=\"Written by\" \/>\n\t<meta name=\"twitter:data1\" content=\"We Love Cycling\" \/>\n\t<meta name=\"twitter:label2\" content=\"Est. reading time\" \/>\n\t<meta name=\"twitter:data2\" content=\"6\" \/>\n<script type=\"application\/ld+json\" class=\"yoast-schema-graph\">{\"@context\":\"https:\/\/schema.org\",\"@graph\":[{\"@type\":\"WebPage\",\"@id\":\"https:\/\/www.welovecycling.com\/sk\/2019\/04\/22\/cyklisticka-destinacia-talianske-dolomity\/\",\"url\":\"https:\/\/www.welovecycling.com\/sk\/2019\/04\/22\/cyklisticka-destinacia-talianske-dolomity\/\",\"name\":\"Cyklistick\u00e1 destin\u00e1cia - talianske Dolomity - \u0160koda We Love Cycling Slovensko\",\"isPartOf\":{\"@id\":\"https:\/\/www.welovecycling.com\/sk\/#website\"},\"primaryImageOfPage\":{\"@id\":\"https:\/\/www.welovecycling.com\/sk\/2019\/04\/22\/cyklisticka-destinacia-talianske-dolomity\/#primaryimage\"},\"image\":{\"@id\":\"https:\/\/www.welovecycling.com\/sk\/2019\/04\/22\/cyklisticka-destinacia-talianske-dolomity\/#primaryimage\"},\"thumbnailUrl\":\"https:\/\/d2p6e6u75xmxt8.cloudfront.net\/4\/2019\/04\/00-31.webp\",\"datePublished\":\"2019-04-22T07:51:08+00:00\",\"dateModified\":\"2019-04-23T11:15:57+00:00\",\"author\":{\"@id\":\"https:\/\/www.welovecycling.com\/sk\/#\/schema\/person\/8ee09ba39b7e25b1870160aa5b3a89bc\"},\"breadcrumb\":{\"@id\":\"https:\/\/www.welovecycling.com\/sk\/2019\/04\/22\/cyklisticka-destinacia-talianske-dolomity\/#breadcrumb\"},\"inLanguage\":\"sk-SK\",\"potentialAction\":[{\"@type\":\"ReadAction\",\"target\":[\"https:\/\/www.welovecycling.com\/sk\/2019\/04\/22\/cyklisticka-destinacia-talianske-dolomity\/\"]}]},{\"@type\":\"ImageObject\",\"inLanguage\":\"sk-SK\",\"@id\":\"https:\/\/www.welovecycling.com\/sk\/2019\/04\/22\/cyklisticka-destinacia-talianske-dolomity\/#primaryimage\",\"url\":\"https:\/\/d2p6e6u75xmxt8.cloudfront.net\/4\/2019\/04\/00-31.webp\",\"contentUrl\":\"https:\/\/d2p6e6u75xmxt8.cloudfront.net\/4\/2019\/04\/00-31.webp\",\"width\":1380,\"height\":600},{\"@type\":\"BreadcrumbList\",\"@id\":\"https:\/\/www.welovecycling.com\/sk\/2019\/04\/22\/cyklisticka-destinacia-talianske-dolomity\/#breadcrumb\",\"itemListElement\":[{\"@type\":\"ListItem\",\"position\":1,\"name\":\"Home\",\"item\":\"https:\/\/www.welovecycling.com\/sk\/\"},{\"@type\":\"ListItem\",\"position\":2,\"name\":\"Cyklistick\u00e1 destin\u00e1cia &#8211; talianske Dolomity\"}]},{\"@type\":\"WebSite\",\"@id\":\"https:\/\/www.welovecycling.com\/sk\/#website\",\"url\":\"https:\/\/www.welovecycling.com\/sk\/\",\"name\":\"\u0160koda We Love Cycling Slovensko\",\"description\":\"\u0160koda We Love Cycling Slovensko je v\u00e1\u0161 ka\u017edodenn\u00fd zdroj noviniek a in\u0161pir\u00e1cie z sveta cyklistiky\",\"potentialAction\":[{\"@type\":\"SearchAction\",\"target\":{\"@type\":\"EntryPoint\",\"urlTemplate\":\"https:\/\/www.welovecycling.com\/sk\/?s={search_term_string}\"},\"query-input\":{\"@type\":\"PropertyValueSpecification\",\"valueRequired\":true,\"valueName\":\"search_term_string\"}}],\"inLanguage\":\"sk-SK\"},{\"@type\":\"Person\",\"@id\":\"https:\/\/www.welovecycling.com\/sk\/#\/schema\/person\/8ee09ba39b7e25b1870160aa5b3a89bc\",\"name\":\"Ondrej Ga\u0161par\",\"image\":{\"@type\":\"ImageObject\",\"inLanguage\":\"sk-SK\",\"@id\":\"https:\/\/www.welovecycling.com\/sk\/#\/schema\/person\/image\/\",\"url\":\"https:\/\/secure.gravatar.com\/avatar\/6126c9afb87b70da5abbb083ddbb21933da15f18f8ca7cb822aba0fb096a48f6?s=96&d=mm&r=g\",\"contentUrl\":\"https:\/\/secure.gravatar.com\/avatar\/6126c9afb87b70da5abbb083ddbb21933da15f18f8ca7cb822aba0fb096a48f6?s=96&d=mm&r=g\",\"caption\":\"Ondrej Ga\u0161par\"},\"url\":\"https:\/\/www.welovecycling.com\/sk\/author\/ondrejgaspar\/\"}]}<\/script>\n<!-- \/ Yoast SEO Premium plugin. -->","yoast_head_json":{"title":"Cyklistick\u00e1 destin\u00e1cia - talianske Dolomity - \u0160koda We Love Cycling Slovensko","robots":{"index":"index","follow":"follow","max-snippet":"max-snippet:-1","max-image-preview":"max-image-preview:large","max-video-preview":"max-video-preview:-1"},"canonical":"https:\/\/www.welovecycling.com\/sk\/2019\/04\/22\/cyklisticka-destinacia-talianske-dolomity\/","og_locale":"sk_SK","og_type":"article","og_title":"Cyklistick\u00e1 destin\u00e1cia - talianske Dolomity","og_description":"O\u00a0Slovensku nem\u00f4\u017eeme poveda\u0165, \u017ee by sme mali n\u00fadzu o kr\u00e1sne kopce, av\u0161ak s\u00fa krajiny, s\u00a0ktor\u00fdmi sa nem\u00f4\u017eeme porovn\u00e1va\u0165. Jednou z\u00a0nich [&hellip;]","og_url":"https:\/\/www.welovecycling.com\/sk\/2019\/04\/22\/cyklisticka-destinacia-talianske-dolomity\/","og_site_name":"\u0160koda We Love Cycling Slovensko","article_published_time":"2019-04-22T07:51:08+00:00","article_modified_time":"2019-04-23T11:15:57+00:00","og_image":[{"width":1380,"height":600,"url":"https:\/\/d2p6e6u75xmxt8.cloudfront.net\/4\/2019\/04\/00-31.webp","type":"image\/webp"}],"author":"Ondrej Ga\u0161par","twitter_card":"summary_large_image","twitter_misc":{"Written by":"We Love Cycling","Est. reading time":"6"},"schema":{"@context":"https:\/\/schema.org","@graph":[{"@type":"WebPage","@id":"https:\/\/www.welovecycling.com\/sk\/2019\/04\/22\/cyklisticka-destinacia-talianske-dolomity\/","url":"https:\/\/www.welovecycling.com\/sk\/2019\/04\/22\/cyklisticka-destinacia-talianske-dolomity\/","name":"Cyklistick\u00e1 destin\u00e1cia - talianske Dolomity - \u0160koda We Love Cycling Slovensko","isPartOf":{"@id":"https:\/\/www.welovecycling.com\/sk\/#website"},"primaryImageOfPage":{"@id":"https:\/\/www.welovecycling.com\/sk\/2019\/04\/22\/cyklisticka-destinacia-talianske-dolomity\/#primaryimage"},"image":{"@id":"https:\/\/www.welovecycling.com\/sk\/2019\/04\/22\/cyklisticka-destinacia-talianske-dolomity\/#primaryimage"},"thumbnailUrl":"https:\/\/d2p6e6u75xmxt8.cloudfront.net\/4\/2019\/04\/00-31.webp","datePublished":"2019-04-22T07:51:08+00:00","dateModified":"2019-04-23T11:15:57+00:00","author":{"@id":"https:\/\/www.welovecycling.com\/sk\/#\/schema\/person\/8ee09ba39b7e25b1870160aa5b3a89bc"},"breadcrumb":{"@id":"https:\/\/www.welovecycling.com\/sk\/2019\/04\/22\/cyklisticka-destinacia-talianske-dolomity\/#breadcrumb"},"inLanguage":"sk-SK","potentialAction":[{"@type":"ReadAction","target":["https:\/\/www.welovecycling.com\/sk\/2019\/04\/22\/cyklisticka-destinacia-talianske-dolomity\/"]}]},{"@type":"ImageObject","inLanguage":"sk-SK","@id":"https:\/\/www.welovecycling.com\/sk\/2019\/04\/22\/cyklisticka-destinacia-talianske-dolomity\/#primaryimage","url":"https:\/\/d2p6e6u75xmxt8.cloudfront.net\/4\/2019\/04\/00-31.webp","contentUrl":"https:\/\/d2p6e6u75xmxt8.cloudfront.net\/4\/2019\/04\/00-31.webp","width":1380,"height":600},{"@type":"BreadcrumbList","@id":"https:\/\/www.welovecycling.com\/sk\/2019\/04\/22\/cyklisticka-destinacia-talianske-dolomity\/#breadcrumb","itemListElement":[{"@type":"ListItem","position":1,"name":"Home","item":"https:\/\/www.welovecycling.com\/sk\/"},{"@type":"ListItem","position":2,"name":"Cyklistick\u00e1 destin\u00e1cia &#8211; talianske Dolomity"}]},{"@type":"WebSite","@id":"https:\/\/www.welovecycling.com\/sk\/#website","url":"https:\/\/www.welovecycling.com\/sk\/","name":"\u0160koda We Love Cycling Slovensko","description":"\u0160koda We Love Cycling Slovensko je v\u00e1\u0161 ka\u017edodenn\u00fd zdroj noviniek a in\u0161pir\u00e1cie z sveta cyklistiky","potentialAction":[{"@type":"SearchAction","target":{"@type":"EntryPoint","urlTemplate":"https:\/\/www.welovecycling.com\/sk\/?s={search_term_string}"},"query-input":{"@type":"PropertyValueSpecification","valueRequired":true,"valueName":"search_term_string"}}],"inLanguage":"sk-SK"},{"@type":"Person","@id":"https:\/\/www.welovecycling.com\/sk\/#\/schema\/person\/8ee09ba39b7e25b1870160aa5b3a89bc","name":"Ondrej Ga\u0161par","image":{"@type":"ImageObject","inLanguage":"sk-SK","@id":"https:\/\/www.welovecycling.com\/sk\/#\/schema\/person\/image\/","url":"https:\/\/secure.gravatar.com\/avatar\/6126c9afb87b70da5abbb083ddbb21933da15f18f8ca7cb822aba0fb096a48f6?s=96&d=mm&r=g","contentUrl":"https:\/\/secure.gravatar.com\/avatar\/6126c9afb87b70da5abbb083ddbb21933da15f18f8ca7cb822aba0fb096a48f6?s=96&d=mm&r=g","caption":"Ondrej Ga\u0161par"},"url":"https:\/\/www.welovecycling.com\/sk\/author\/ondrejgaspar\/"}]}},"_links":{"self":[{"href":"https:\/\/www.welovecycling.com\/sk\/wp-json\/wp\/v2\/posts\/6877","targetHints":{"allow":["GET"]}}],"collection":[{"href":"https:\/\/www.welovecycling.com\/sk\/wp-json\/wp\/v2\/posts"}],"about":[{"href":"https:\/\/www.welovecycling.com\/sk\/wp-json\/wp\/v2\/types\/post"}],"author":[{"embeddable":true,"href":"https:\/\/www.welovecycling.com\/sk\/wp-json\/wp\/v2\/users\/38"}],"replies":[{"embeddable":true,"href":"https:\/\/www.welovecycling.com\/sk\/wp-json\/wp\/v2\/comments?post=6877"}],"version-history":[{"count":2,"href":"https:\/\/www.welovecycling.com\/sk\/wp-json\/wp\/v2\/posts\/6877\/revisions"}],"predecessor-version":[{"id":6922,"href":"https:\/\/www.welovecycling.com\/sk\/wp-json\/wp\/v2\/posts\/6877\/revisions\/6922"}],"wp:featuredmedia":[{"embeddable":true,"href":"https:\/\/www.welovecycling.com\/sk\/wp-json\/wp\/v2\/media\/6883"}],"wp:attachment":[{"href":"https:\/\/www.welovecycling.com\/sk\/wp-json\/wp\/v2\/media?parent=6877"}],"wp:term":[{"taxonomy":"category","embeddable":true,"href":"https:\/\/www.welovecycling.com\/sk\/wp-json\/wp\/v2\/categories?post=6877"},{"taxonomy":"post_tag","embeddable":true,"href":"https:\/\/www.welovecycling.com\/sk\/wp-json\/wp\/v2\/tags?post=6877"},{"taxonomy":"global-categories","embeddable":true,"href":"https:\/\/www.welovecycling.com\/sk\/wp-json\/wp\/v2\/global-categories?post=6877"}],"curies":[{"name":"wp","href":"https:\/\/api.w.org\/{rel}","templated":true}]}}