{"id":6840,"date":"2019-04-17T20:14:24","date_gmt":"2019-04-17T18:14:24","guid":{"rendered":"https:\/\/www.welovecycling.com\/sk\/?p=6840"},"modified":"2019-05-09T11:27:38","modified_gmt":"2019-05-09T09:27:38","slug":"reportaz-skoda-svatojursky-mtb-maraton-2019-sviezi-start-maratonskej-sezony","status":"publish","type":"post","link":"https:\/\/www.welovecycling.com\/sk\/2019\/04\/17\/reportaz-skoda-svatojursky-mtb-maraton-2019-sviezi-start-maratonskej-sezony\/","title":{"rendered":"Report\u00e1\u017e: \u0160koda Sv\u00e4tojursk\u00fd MTB marat\u00f3n 2019 &#8211; svie\u017ei \u0161tart marat\u00f3nskej sez\u00f3ny"},"content":{"rendered":"<p><strong>Druh\u00e1 apr\u00edlov\u00e1 sobota sa vo Sv\u00e4tom Jure niesla u\u017e v tradi\u010dnom marat\u00f3nskom duchu a od\u0161tartovala \u010fal\u0161iu sez\u00f3nu s\u00e9rie \u0160koda BIKE OPEN TOUR. Jar si na tento v\u00edkend napl\u00e1novala s\u00edce dovolenku a teploty sa sk\u00f4r podobali jej predchodkyni, to v\u0161ak neodradilo bikerov a ich rodiny str\u00e1vi\u0165 de\u0148 v kruhu rovnako zanieten\u00fdch nad\u0161encov cyklistiky.<\/strong><!--more--><\/p>\n<h2><strong>Po\u010dasie si nek\u00fapi\u0161<\/strong><\/h2>\n<p>Jedno bolo ist\u00e9, hor\u00faci de\u0148 nebol v sobotu na programe. Ako to u\u017e b\u00fdva, <strong>z\u00e1kony schv\u00e1lnosti sa potvrdili aj v tomto pr\u00edpade<\/strong>. T\u00fd\u017ede\u0148 pred marat\u00f3nom a aj t\u00fd\u017ede\u0148 po marat\u00f3ne je uk\u00e1\u017ekov\u00e9 jarn\u00e9 po\u010dasie, av\u0161ak na v\u00edkend to nevy\u0161lo pr\u00e1ve ide\u00e1lne. Zrejme sa pod to podp\u00edsal aj o nie\u010do skor\u0161\u00ed term\u00edn oproti minul\u00e9mu ro\u010dn\u00edku. Rann\u00e9 mrholenie spravilo vr\u00e1sky nejedn\u00e9mu pretek\u00e1rovi a ke\u010f sa k tomu pridal studen\u00fd vietor, pocitov\u00e1 teplota \u0161la poriadne dole. Vidie\u0165 niektor\u00fdch jazdcov, ako sa pri teplote 4\u00b0C rozjaz\u010fuj\u00fa v kr\u00e1tkych nohaviciach, za\u017eenie chlad aj pod p\u00e1perov\u00e9 bundy pas\u00edvnych \u00fa\u010dastn\u00edkov :).<\/p>\n<div data-rows=\"1\" id='gallery-1' class='gallery-rows-1 gallery galleryid-6840 gallery-columns-2 gallery-size-full'><figure class='gallery-item'>\n\t\t\t<div class='gallery-icon landscape'>\n\t\t\t\t<a href='https:\/\/d2p6e6u75xmxt8.cloudfront.net\/4\/2019\/04\/00-1-1.webp'><img loading=\"lazy\" decoding=\"async\" width=\"1200\" height=\"800\" src=\"https:\/\/d2p6e6u75xmxt8.cloudfront.net\/4\/2019\/04\/00-1-1.webp\" class=\"attachment-full size-full\" alt=\"\" srcset=\"https:\/\/d2p6e6u75xmxt8.cloudfront.net\/4\/2019\/04\/00-1-1.webp 1200w, https:\/\/d2p6e6u75xmxt8.cloudfront.net\/4\/2019\/04\/00-1-1-300x200.webp 300w, https:\/\/d2p6e6u75xmxt8.cloudfront.net\/4\/2019\/04\/00-1-1-1024x683.webp 1024w, https:\/\/d2p6e6u75xmxt8.cloudfront.net\/4\/2019\/04\/00-1-1-768x512.webp 768w, https:\/\/d2p6e6u75xmxt8.cloudfront.net\/4\/2019\/04\/00-1-1-272x182.webp 272w\" sizes=\"auto, (max-width: 1200px) 100vw, 1200px\" \/><\/a>\n\t\t\t<\/div><\/figure><figure class='gallery-item'>\n\t\t\t<div class='gallery-icon landscape'>\n\t\t\t\t<a href='https:\/\/d2p6e6u75xmxt8.cloudfront.net\/4\/2019\/04\/00-16.webp'><img loading=\"lazy\" decoding=\"async\" width=\"1200\" height=\"800\" src=\"https:\/\/d2p6e6u75xmxt8.cloudfront.net\/4\/2019\/04\/00-16.webp\" class=\"attachment-full size-full\" alt=\"\" srcset=\"https:\/\/d2p6e6u75xmxt8.cloudfront.net\/4\/2019\/04\/00-16.webp 1200w, https:\/\/d2p6e6u75xmxt8.cloudfront.net\/4\/2019\/04\/00-16-300x200.webp 300w, https:\/\/d2p6e6u75xmxt8.cloudfront.net\/4\/2019\/04\/00-16-1024x683.webp 1024w, https:\/\/d2p6e6u75xmxt8.cloudfront.net\/4\/2019\/04\/00-16-768x512.webp 768w, https:\/\/d2p6e6u75xmxt8.cloudfront.net\/4\/2019\/04\/00-16-272x182.webp 272w\" sizes=\"auto, (max-width: 1200px) 100vw, 1200px\" \/><\/a>\n\t\t\t<\/div><\/figure>\n\t\t<\/div>\n        \n<p>Na\u0161\u0165astie, tra\u0165 vo Sv\u00e4tom Jure je zn\u00e1ma t\u00fdm, \u017ee ani silnej\u0161ie preh\u00e1nky jej ve\u013emi neubl\u00ed\u017eia, navy\u0161e po \u0161tarte v\u0161etk\u00fdch kateg\u00f3ri\u00ed u\u017e padlo len p\u00e1r symbolick\u00fdch kvapiek. Dokonca sem-tam sa sna\u017eilo predra\u0165 aj zubat\u00e9 slnie\u010dko, aj ke\u010f sa sna\u017eilo asi prim\u00e1lo.<\/p>\n<div data-rows=\"1\" id='gallery-2' class='gallery-rows-1 gallery galleryid-6840 gallery-columns-3 gallery-size-full'><figure class='gallery-item'>\n\t\t\t<div class='gallery-icon landscape'>\n\t\t\t\t<a href='https:\/\/d2p6e6u75xmxt8.cloudfront.net\/4\/2019\/04\/00-30.webp'><img loading=\"lazy\" decoding=\"async\" width=\"1200\" height=\"800\" src=\"https:\/\/d2p6e6u75xmxt8.cloudfront.net\/4\/2019\/04\/00-30.webp\" class=\"attachment-full size-full\" alt=\"\" srcset=\"https:\/\/d2p6e6u75xmxt8.cloudfront.net\/4\/2019\/04\/00-30.webp 1200w, https:\/\/d2p6e6u75xmxt8.cloudfront.net\/4\/2019\/04\/00-30-300x200.webp 300w, https:\/\/d2p6e6u75xmxt8.cloudfront.net\/4\/2019\/04\/00-30-1024x683.webp 1024w, https:\/\/d2p6e6u75xmxt8.cloudfront.net\/4\/2019\/04\/00-30-768x512.webp 768w, https:\/\/d2p6e6u75xmxt8.cloudfront.net\/4\/2019\/04\/00-30-272x182.webp 272w\" sizes=\"auto, (max-width: 1200px) 100vw, 1200px\" \/><\/a>\n\t\t\t<\/div><\/figure><figure class='gallery-item'>\n\t\t\t<div class='gallery-icon landscape'>\n\t\t\t\t<a href='https:\/\/d2p6e6u75xmxt8.cloudfront.net\/4\/2019\/04\/00-7.webp'><img loading=\"lazy\" decoding=\"async\" width=\"1200\" height=\"800\" src=\"https:\/\/d2p6e6u75xmxt8.cloudfront.net\/4\/2019\/04\/00-7.webp\" class=\"attachment-full size-full\" alt=\"\" srcset=\"https:\/\/d2p6e6u75xmxt8.cloudfront.net\/4\/2019\/04\/00-7.webp 1200w, https:\/\/d2p6e6u75xmxt8.cloudfront.net\/4\/2019\/04\/00-7-300x200.webp 300w, https:\/\/d2p6e6u75xmxt8.cloudfront.net\/4\/2019\/04\/00-7-1024x683.webp 1024w, https:\/\/d2p6e6u75xmxt8.cloudfront.net\/4\/2019\/04\/00-7-768x512.webp 768w, https:\/\/d2p6e6u75xmxt8.cloudfront.net\/4\/2019\/04\/00-7-272x182.webp 272w\" sizes=\"auto, (max-width: 1200px) 100vw, 1200px\" \/><\/a>\n\t\t\t<\/div><\/figure><figure class='gallery-item'>\n\t\t\t<div class='gallery-icon landscape'>\n\t\t\t\t<a href='https:\/\/d2p6e6u75xmxt8.cloudfront.net\/4\/2019\/04\/00-4.webp'><img loading=\"lazy\" decoding=\"async\" width=\"1200\" height=\"800\" src=\"https:\/\/d2p6e6u75xmxt8.cloudfront.net\/4\/2019\/04\/00-4.webp\" class=\"attachment-full size-full\" alt=\"\" srcset=\"https:\/\/d2p6e6u75xmxt8.cloudfront.net\/4\/2019\/04\/00-4.webp 1200w, https:\/\/d2p6e6u75xmxt8.cloudfront.net\/4\/2019\/04\/00-4-300x200.webp 300w, https:\/\/d2p6e6u75xmxt8.cloudfront.net\/4\/2019\/04\/00-4-1024x683.webp 1024w, https:\/\/d2p6e6u75xmxt8.cloudfront.net\/4\/2019\/04\/00-4-768x512.webp 768w, https:\/\/d2p6e6u75xmxt8.cloudfront.net\/4\/2019\/04\/00-4-272x182.webp 272w\" sizes=\"auto, (max-width: 1200px) 100vw, 1200px\" \/><\/a>\n\t\t\t<\/div><\/figure>\n\t\t<\/div>\n        \n<lite-youtube videoid=NBl7Yc1UUBM params=\"enablejsapi=1\" style=\"background-image: url('https:\/\/i.ytimg.com\/vi_webp\/NBl7Yc1UUBM\/maxresdefault.webp');\"><\/lite-youtube>\n<h2><strong>Jarn\u00e1 farebnos\u0165<\/strong><\/h2>\n<p>S\u00edce bolo chladno, ale ni\u010d to neubralo na kr\u00e1se jarnej pr\u00edrody. Rozkvitnut\u00e9 stromy, doslova \u201c\u0161\u0165avnat\u00e1\u201d zele\u0148, ktor\u00e1 pokr\u00fdva cel\u00fd les, cez ktor\u00fd viedli jednotliv\u00e9 trate, d\u00e1vali cel\u00e9mu d\u0148u doslova rozpr\u00e1vkov\u00fd n\u00e1dych. Vinice si e\u0161te na svoju zelen\u00fa musia chv\u00ed\u013eu po\u010dka\u0165, ale ka\u017edop\u00e1dne prostredie Sv\u00e4t\u00e9ho Jura patr\u00ed k naozaj v\u00fdnimo\u010dn\u00fdm. Rovnako z\u00e1zemie na \u0161tadi\u00f3ne dod\u00e1va tomuto podujatiu ve\u013emi pr\u00edjemn\u00fa atmosf\u00e9ru.<\/p>\n<p><a href=\"https:\/\/d2p6e6u75xmxt8.cloudfront.net\/4\/2019\/04\/00-27.jpg\"><img loading=\"lazy\" decoding=\"async\" class=\"alignnone size-full wp-image-6847\" src=\"https:\/\/d2p6e6u75xmxt8.cloudfront.net\/4\/2019\/04\/00-27.jpg\" alt=\"\" width=\"1200\" height=\"800\" \/><\/a><\/p>\n<p>Na v\u00fdber bola okrem <strong>troch tradi\u010dn\u00fdch d\u013a\u017eok trat\u00ed (70 km, 42 km, 21 km) aj t\u00e1 s d\u013a\u017ekou 5 km<\/strong>, ktor\u00e1 bola ur\u010den\u00e1 pre nov\u00fa kateg\u00f3riu <strong>\u0160koda Family<\/strong>. Vybra\u0165 si teda mohli v\u0161etky vekov\u00e9 aj v\u00fdkonnostn\u00e9 kateg\u00f3rie bikerov. Charakter trat\u00ed vo Sv\u00e4tom Jure je zn\u00e1my svojou r\u00fdchlos\u0165ou a pra\u0161nos\u0165ou, ktor\u00e1 sa v\u0161ak v\u010faka rann\u00e9mu mrholeniu tento rok nekonala.<\/p>\n<p>Na prezent\u00e1cii bolo vidie\u0165, ako zamrznut\u00e9 tv\u00e1re jazdcov <strong>pote\u0161ilo \u0160koda vrecko s dar\u010dekom v podobe f\u013ea\u0161e v\u00edna a g\u00e9lu<\/strong>, tak\u017ee motiv\u00e1cia e\u0161te pred \u0161tartom padla ur\u010dite vhod. Kto o\u010dak\u00e1val tradi\u010dn\u00fa igelitku, nedo\u010dkal sa. <strong>Ekologick\u00fd pr\u00edstup<\/strong> tohto ro\u010dn\u00edka \u0160BOT bolo vidie\u0165 aj v tomto pr\u00edpade.<\/p>\n<p><a href=\"https:\/\/d2p6e6u75xmxt8.cloudfront.net\/4\/2019\/04\/00-18.jpg\"><img loading=\"lazy\" decoding=\"async\" class=\"alignnone size-full wp-image-6848\" src=\"https:\/\/d2p6e6u75xmxt8.cloudfront.net\/4\/2019\/04\/00-18.jpg\" alt=\"\" width=\"1200\" height=\"800\" \/><\/a><\/p>\n<h2><strong>Apr\u00edl sa nezaprie<\/strong><\/h2>\n<p>Na marat\u00f3nskej trati, ktor\u00e1 \u0161tartovala ako prv\u00e1, sa zi\u0161la naozaj siln\u00e1 konkurencia. Nech\u00fdbali \u00faraduj\u00faci majstri Slovenska v MTB marat\u00f3ne &#8211; Tom\u00e1\u0161 Vi\u0161\u0148ovsk\u00fd a Andrea \u0160imora, \u010di minuloro\u010dn\u00fd v\u00ed\u0165az celej s\u00e9rie Martin Kostelni\u010d\u00e1k.<\/p>\n<p>Hrav\u00e1 a r\u00fdchla tra\u0165 v\u0161etk\u00fdch zahriala, a to najm\u00e4 v najdlh\u0161om st\u00fapan\u00ed Medved\u00edm \u00fadol\u00edm, ktor\u00e9 dovedie jazdcov a\u017e na hrebe\u0148, kde sa v\u010faka n\u00edzkym teplot\u00e1m na prekvapenie mnoh\u00fdch objavili flia\u010diky snehu, \u010do je teda na toto obdobie a lokalitu slu\u0161n\u00fdm unik\u00e1tom. <strong>Najdlh\u0161iu tra\u0165<\/strong>, rovnako ako minul\u00fd rok, zvl\u00e1dol <strong>najr\u00fdchlej\u0161ie Tom\u00e1\u0161 Vi\u0161\u0148ovsk\u00fd<\/strong> (\u010cesk\u00e1 spo\u0159itelna \u2013 Accolade) s \u010dasom 2:42 hod., \u010do vlastne v\u00f4bec nikoho neprekvapilo :). Tom\u00e1\u0161ova forma je naozaj obdivuhodn\u00e1. Medzi \u017eenami zv\u00ed\u0165azila <strong>Andrea \u0160imora<\/strong> (Bike Team Juhasky) v \u010dase 3:36 hod.<\/p>\n<p><a href=\"https:\/\/d2p6e6u75xmxt8.cloudfront.net\/4\/2019\/04\/00-11.jpg\"><img loading=\"lazy\" decoding=\"async\" class=\"alignnone size-full wp-image-6849\" src=\"https:\/\/d2p6e6u75xmxt8.cloudfront.net\/4\/2019\/04\/00-11.jpg\" alt=\"\" width=\"1200\" height=\"800\" \/><\/a><\/p>\n<p>Dlh\u00fa tra\u0165 tvoria v podstate 2 rovnak\u00e9 okruhy, z ktor\u00fdch jeden je z\u00e1kladom pre <strong>stredn\u00fd variant<\/strong>. Ten zvl\u00e1dol najr\u00fdchlej\u0161ie <strong>Daniel Drga<\/strong> a medzi \u017eenami sa z v\u00ed\u0165azstva te\u0161ila <strong>Karin B\u00e4umlov\u00e1<\/strong>, ktor\u00e1 n\u00e1m prezradila, \u017ee na horskom bicykli sedela tento rok len druh\u00fdkr\u00e1t! <strong>Celkovo od\u0161tartovalo 770 \u013eud\u00ed a do cie\u013ea dorazilo 756<\/strong>. Kompletn\u00e9 v\u00fdsledky v\u0161etk\u00fdch kateg\u00f3ri\u00ed n\u00e1jdete na <a href=\"https:\/\/sportsofttiming.sk\/sk\/zavod\/overview\/3868\" target=\"_blank\" rel=\"noopener\">tomto odkaze<\/a>.<\/p>\n<div data-rows=\"1\" id='gallery-3' class='gallery-rows-1 gallery galleryid-6840 gallery-columns-2 gallery-size-full'><figure class='gallery-item'>\n\t\t\t<div class='gallery-icon landscape'>\n\t\t\t\t<a href='https:\/\/d2p6e6u75xmxt8.cloudfront.net\/4\/2019\/04\/00-13.webp'><img loading=\"lazy\" decoding=\"async\" width=\"1200\" height=\"800\" src=\"https:\/\/d2p6e6u75xmxt8.cloudfront.net\/4\/2019\/04\/00-13.webp\" class=\"attachment-full size-full\" alt=\"\" srcset=\"https:\/\/d2p6e6u75xmxt8.cloudfront.net\/4\/2019\/04\/00-13.webp 1200w, https:\/\/d2p6e6u75xmxt8.cloudfront.net\/4\/2019\/04\/00-13-300x200.webp 300w, https:\/\/d2p6e6u75xmxt8.cloudfront.net\/4\/2019\/04\/00-13-1024x683.webp 1024w, https:\/\/d2p6e6u75xmxt8.cloudfront.net\/4\/2019\/04\/00-13-768x512.webp 768w, https:\/\/d2p6e6u75xmxt8.cloudfront.net\/4\/2019\/04\/00-13-272x182.webp 272w\" sizes=\"auto, (max-width: 1200px) 100vw, 1200px\" \/><\/a>\n\t\t\t<\/div><\/figure><figure class='gallery-item'>\n\t\t\t<div class='gallery-icon landscape'>\n\t\t\t\t<a href='https:\/\/d2p6e6u75xmxt8.cloudfront.net\/4\/2019\/04\/00-14.webp'><img loading=\"lazy\" decoding=\"async\" width=\"1200\" height=\"800\" src=\"https:\/\/d2p6e6u75xmxt8.cloudfront.net\/4\/2019\/04\/00-14.webp\" class=\"attachment-full size-full\" alt=\"\" srcset=\"https:\/\/d2p6e6u75xmxt8.cloudfront.net\/4\/2019\/04\/00-14.webp 1200w, https:\/\/d2p6e6u75xmxt8.cloudfront.net\/4\/2019\/04\/00-14-300x200.webp 300w, https:\/\/d2p6e6u75xmxt8.cloudfront.net\/4\/2019\/04\/00-14-1024x683.webp 1024w, https:\/\/d2p6e6u75xmxt8.cloudfront.net\/4\/2019\/04\/00-14-768x512.webp 768w, https:\/\/d2p6e6u75xmxt8.cloudfront.net\/4\/2019\/04\/00-14-272x182.webp 272w\" sizes=\"auto, (max-width: 1200px) 100vw, 1200px\" \/><\/a>\n\t\t\t<\/div><\/figure>\n\t\t<\/div>\n        \n<h2><strong>Cyklistika sp\u00e1ja<\/strong><\/h2>\n<p>Po dojazde do cie\u013ea u\u017e na pretek\u00e1rov a ich rodiny \u010dakala <strong>tradi\u010dne pr\u00edjemn\u00e1 atmosf\u00e9ra<\/strong>. V\u010faka po\u010dasiu bolo s\u00edce viac vidie\u0165 \u013eud\u00ed, ako sa zohrievaj\u00fa \u010dajom, \u010di k\u00e1vou a schov\u00e1vaj\u00fa sa v kryt\u00fdch priestoroch stanov pred vetrom, ale napriek tomu bolo pozit\u00edvnu marat\u00f3nsku energiu c\u00edti\u0165 na ka\u017edom rohu. Predsa len, zima bola dlh\u00e1 a tak\u00e1to komunita \u013eud\u00ed s rovnakou diagn\u00f3zou sa stretla po dlh\u0161ej prest\u00e1vke.<\/p>\n<div data-rows=\"1\" id='gallery-4' class='gallery-rows-1 gallery galleryid-6840 gallery-columns-2 gallery-size-full'><figure class='gallery-item'>\n\t\t\t<div class='gallery-icon landscape'>\n\t\t\t\t<a href='https:\/\/d2p6e6u75xmxt8.cloudfront.net\/4\/2019\/04\/00-19.webp'><img loading=\"lazy\" decoding=\"async\" width=\"1200\" height=\"800\" src=\"https:\/\/d2p6e6u75xmxt8.cloudfront.net\/4\/2019\/04\/00-19.webp\" class=\"attachment-full size-full\" alt=\"\" srcset=\"https:\/\/d2p6e6u75xmxt8.cloudfront.net\/4\/2019\/04\/00-19.webp 1200w, https:\/\/d2p6e6u75xmxt8.cloudfront.net\/4\/2019\/04\/00-19-300x200.webp 300w, https:\/\/d2p6e6u75xmxt8.cloudfront.net\/4\/2019\/04\/00-19-1024x683.webp 1024w, https:\/\/d2p6e6u75xmxt8.cloudfront.net\/4\/2019\/04\/00-19-768x512.webp 768w, https:\/\/d2p6e6u75xmxt8.cloudfront.net\/4\/2019\/04\/00-19-272x182.webp 272w\" sizes=\"auto, (max-width: 1200px) 100vw, 1200px\" \/><\/a>\n\t\t\t<\/div><\/figure><figure class='gallery-item'>\n\t\t\t<div class='gallery-icon landscape'>\n\t\t\t\t<a href='https:\/\/d2p6e6u75xmxt8.cloudfront.net\/4\/2019\/04\/00-21.webp'><img loading=\"lazy\" decoding=\"async\" width=\"1200\" height=\"800\" src=\"https:\/\/d2p6e6u75xmxt8.cloudfront.net\/4\/2019\/04\/00-21.webp\" class=\"attachment-full size-full\" alt=\"\" srcset=\"https:\/\/d2p6e6u75xmxt8.cloudfront.net\/4\/2019\/04\/00-21.webp 1200w, https:\/\/d2p6e6u75xmxt8.cloudfront.net\/4\/2019\/04\/00-21-300x200.webp 300w, https:\/\/d2p6e6u75xmxt8.cloudfront.net\/4\/2019\/04\/00-21-1024x683.webp 1024w, https:\/\/d2p6e6u75xmxt8.cloudfront.net\/4\/2019\/04\/00-21-768x512.webp 768w, https:\/\/d2p6e6u75xmxt8.cloudfront.net\/4\/2019\/04\/00-21-272x182.webp 272w\" sizes=\"auto, (max-width: 1200px) 100vw, 1200px\" \/><\/a>\n\t\t\t<\/div><\/figure><figure class='gallery-item'>\n\t\t\t<div class='gallery-icon landscape'>\n\t\t\t\t<a href='https:\/\/d2p6e6u75xmxt8.cloudfront.net\/4\/2019\/04\/00-22.webp'><img loading=\"lazy\" decoding=\"async\" width=\"1200\" height=\"800\" src=\"https:\/\/d2p6e6u75xmxt8.cloudfront.net\/4\/2019\/04\/00-22.webp\" class=\"attachment-full size-full\" alt=\"\" srcset=\"https:\/\/d2p6e6u75xmxt8.cloudfront.net\/4\/2019\/04\/00-22.webp 1200w, https:\/\/d2p6e6u75xmxt8.cloudfront.net\/4\/2019\/04\/00-22-300x200.webp 300w, https:\/\/d2p6e6u75xmxt8.cloudfront.net\/4\/2019\/04\/00-22-1024x683.webp 1024w, https:\/\/d2p6e6u75xmxt8.cloudfront.net\/4\/2019\/04\/00-22-768x512.webp 768w, https:\/\/d2p6e6u75xmxt8.cloudfront.net\/4\/2019\/04\/00-22-272x182.webp 272w\" sizes=\"auto, (max-width: 1200px) 100vw, 1200px\" \/><\/a>\n\t\t\t<\/div><\/figure><figure class='gallery-item'>\n\t\t\t<div class='gallery-icon landscape'>\n\t\t\t\t<a href='https:\/\/d2p6e6u75xmxt8.cloudfront.net\/4\/2019\/04\/00-23.webp'><img loading=\"lazy\" decoding=\"async\" width=\"1200\" height=\"800\" src=\"https:\/\/d2p6e6u75xmxt8.cloudfront.net\/4\/2019\/04\/00-23.webp\" class=\"attachment-full size-full\" alt=\"\" srcset=\"https:\/\/d2p6e6u75xmxt8.cloudfront.net\/4\/2019\/04\/00-23.webp 1200w, https:\/\/d2p6e6u75xmxt8.cloudfront.net\/4\/2019\/04\/00-23-300x200.webp 300w, https:\/\/d2p6e6u75xmxt8.cloudfront.net\/4\/2019\/04\/00-23-1024x683.webp 1024w, https:\/\/d2p6e6u75xmxt8.cloudfront.net\/4\/2019\/04\/00-23-768x512.webp 768w, https:\/\/d2p6e6u75xmxt8.cloudfront.net\/4\/2019\/04\/00-23-272x182.webp 272w\" sizes=\"auto, (max-width: 1200px) 100vw, 1200px\" \/><\/a>\n\t\t\t<\/div><\/figure>\n\t\t<\/div>\n        \n<p><em>Viac fotiek po rozkliknut\u00ed<\/em><\/p>\n<p>Deck\u00e1 sa zahriali pri r\u00f4znych aktivit\u00e1ch, ktor\u00e9 boli pre nich pripraven\u00e9. Ve\u010f \u010do je lep\u0161ie, ako sa poriadne vysk\u00e1ka\u0165 v nafukovacom hrade? Op\u00e4\u0165 svoj \u00fa\u010del splnila na v\u00fdborn\u00fa aj <strong>str\u00e1\u017een\u00e1 \u00faschov\u0148a bicyklov<\/strong>, tak\u017ee ka\u017ed\u00fd biker si mohol bez starost\u00ed o svojho dvojkolesov\u00e9ho mil\u00e1\u010dika vychutna\u0165 <strong>zasl\u00fa\u017een\u00e9 jedlo<\/strong> a relax s priate\u013emi. To bolo s oh\u013eadom na \u017eivotn\u00e9 prostredie serv\u00edrovan\u00e9 v recyklovate\u013en\u00fdch obaloch.<\/p>\n<div data-rows=\"1\" id='gallery-5' class='gallery-rows-1 gallery galleryid-6840 gallery-columns-2 gallery-size-full'><figure class='gallery-item'>\n\t\t\t<div class='gallery-icon landscape'>\n\t\t\t\t<a href='https:\/\/d2p6e6u75xmxt8.cloudfront.net\/4\/2019\/04\/00-24-1.webp'><img loading=\"lazy\" decoding=\"async\" width=\"1200\" height=\"800\" src=\"https:\/\/d2p6e6u75xmxt8.cloudfront.net\/4\/2019\/04\/00-24-1.webp\" class=\"attachment-full size-full\" alt=\"\" srcset=\"https:\/\/d2p6e6u75xmxt8.cloudfront.net\/4\/2019\/04\/00-24-1.webp 1200w, https:\/\/d2p6e6u75xmxt8.cloudfront.net\/4\/2019\/04\/00-24-1-300x200.webp 300w, https:\/\/d2p6e6u75xmxt8.cloudfront.net\/4\/2019\/04\/00-24-1-1024x683.webp 1024w, https:\/\/d2p6e6u75xmxt8.cloudfront.net\/4\/2019\/04\/00-24-1-768x512.webp 768w, https:\/\/d2p6e6u75xmxt8.cloudfront.net\/4\/2019\/04\/00-24-1-272x182.webp 272w\" sizes=\"auto, (max-width: 1200px) 100vw, 1200px\" \/><\/a>\n\t\t\t<\/div><\/figure><figure class='gallery-item'>\n\t\t\t<div class='gallery-icon landscape'>\n\t\t\t\t<a href='https:\/\/d2p6e6u75xmxt8.cloudfront.net\/4\/2019\/04\/00-25-1.webp'><img loading=\"lazy\" decoding=\"async\" width=\"1200\" height=\"800\" src=\"https:\/\/d2p6e6u75xmxt8.cloudfront.net\/4\/2019\/04\/00-25-1.webp\" class=\"attachment-full size-full\" alt=\"\" srcset=\"https:\/\/d2p6e6u75xmxt8.cloudfront.net\/4\/2019\/04\/00-25-1.webp 1200w, https:\/\/d2p6e6u75xmxt8.cloudfront.net\/4\/2019\/04\/00-25-1-300x200.webp 300w, https:\/\/d2p6e6u75xmxt8.cloudfront.net\/4\/2019\/04\/00-25-1-1024x683.webp 1024w, https:\/\/d2p6e6u75xmxt8.cloudfront.net\/4\/2019\/04\/00-25-1-768x512.webp 768w, https:\/\/d2p6e6u75xmxt8.cloudfront.net\/4\/2019\/04\/00-25-1-272x182.webp 272w\" sizes=\"auto, (max-width: 1200px) 100vw, 1200px\" \/><\/a>\n\t\t\t<\/div><\/figure>\n\t\t<\/div>\n        \n<p>Na z\u00e1ver nech\u00fdbalo <strong>sl\u00e1vnostn\u00e9 vyhlasovanie a tradi\u010dn\u00e1 tombola<\/strong>. Navy\u0161e, ak sa \u00fa\u010dastn\u00edk tohto marat\u00f3nu z\u00fa\u010dastn\u00ed e\u0161te aspo\u0148 troch k\u00f4l zo s\u00e9rie \u0160koda BIKE OPEN TOUR, tak bude zaraden\u00fd do fin\u00e1lovej tomboly s mo\u017enos\u0165ou <strong>vyhra\u0165 hlavn\u00fa cenu \u2013 \u0160koda Fabia Combi<\/strong>. Najbli\u017e\u0161ie kolo n\u00e1s \u010dak\u00e1 u\u017e <strong>4. m\u00e1ja<\/strong>, kedy sa vid\u00edme na podujat\u00ed <a href=\"https:\/\/www.welovecycling.com\/sk\/2019\/04\/10\/pozvanka-skoda-vlko-hron-mtb-prvykrat-pod-zastitou-sbot\/\">\u0160koda Vlko Hron MTB<\/a>, ktor\u00e9 je novou zast\u00e1vkou na\u0161ej s\u00e9rie. Sn\u00e1\u010f sa u\u017e po\u010dasie um\u00fadri a tra\u0165 v okol\u00ed Banskej Bystrice n\u00e1s priv\u00edta tepl\u00fdm jarn\u00fdm po\u010das\u00edm!<\/p>\n<div data-rows=\"1\" id='gallery-6' class='gallery-rows-1 gallery galleryid-6840 gallery-columns-3 gallery-size-full'><figure class='gallery-item'>\n\t\t\t<div class='gallery-icon landscape'>\n\t\t\t\t<a href='https:\/\/d2p6e6u75xmxt8.cloudfront.net\/4\/2019\/04\/00-3.webp'><img loading=\"lazy\" decoding=\"async\" width=\"1200\" height=\"800\" src=\"https:\/\/d2p6e6u75xmxt8.cloudfront.net\/4\/2019\/04\/00-3.webp\" class=\"attachment-full size-full\" alt=\"\" srcset=\"https:\/\/d2p6e6u75xmxt8.cloudfront.net\/4\/2019\/04\/00-3.webp 1200w, https:\/\/d2p6e6u75xmxt8.cloudfront.net\/4\/2019\/04\/00-3-300x200.webp 300w, https:\/\/d2p6e6u75xmxt8.cloudfront.net\/4\/2019\/04\/00-3-1024x683.webp 1024w, https:\/\/d2p6e6u75xmxt8.cloudfront.net\/4\/2019\/04\/00-3-768x512.webp 768w, https:\/\/d2p6e6u75xmxt8.cloudfront.net\/4\/2019\/04\/00-3-272x182.webp 272w\" sizes=\"auto, (max-width: 1200px) 100vw, 1200px\" \/><\/a>\n\t\t\t<\/div><\/figure><figure class='gallery-item'>\n\t\t\t<div class='gallery-icon landscape'>\n\t\t\t\t<a href='https:\/\/d2p6e6u75xmxt8.cloudfront.net\/4\/2019\/04\/00-5.webp'><img loading=\"lazy\" decoding=\"async\" width=\"1200\" height=\"800\" src=\"https:\/\/d2p6e6u75xmxt8.cloudfront.net\/4\/2019\/04\/00-5.webp\" class=\"attachment-full size-full\" alt=\"\" srcset=\"https:\/\/d2p6e6u75xmxt8.cloudfront.net\/4\/2019\/04\/00-5.webp 1200w, https:\/\/d2p6e6u75xmxt8.cloudfront.net\/4\/2019\/04\/00-5-300x200.webp 300w, https:\/\/d2p6e6u75xmxt8.cloudfront.net\/4\/2019\/04\/00-5-1024x683.webp 1024w, https:\/\/d2p6e6u75xmxt8.cloudfront.net\/4\/2019\/04\/00-5-768x512.webp 768w, https:\/\/d2p6e6u75xmxt8.cloudfront.net\/4\/2019\/04\/00-5-272x182.webp 272w\" sizes=\"auto, (max-width: 1200px) 100vw, 1200px\" \/><\/a>\n\t\t\t<\/div><\/figure><figure class='gallery-item'>\n\t\t\t<div class='gallery-icon landscape'>\n\t\t\t\t<a href='https:\/\/d2p6e6u75xmxt8.cloudfront.net\/4\/2019\/04\/00-6.webp'><img loading=\"lazy\" decoding=\"async\" width=\"1200\" height=\"800\" src=\"https:\/\/d2p6e6u75xmxt8.cloudfront.net\/4\/2019\/04\/00-6.webp\" class=\"attachment-full size-full\" alt=\"\" srcset=\"https:\/\/d2p6e6u75xmxt8.cloudfront.net\/4\/2019\/04\/00-6.webp 1200w, https:\/\/d2p6e6u75xmxt8.cloudfront.net\/4\/2019\/04\/00-6-300x200.webp 300w, https:\/\/d2p6e6u75xmxt8.cloudfront.net\/4\/2019\/04\/00-6-1024x683.webp 1024w, https:\/\/d2p6e6u75xmxt8.cloudfront.net\/4\/2019\/04\/00-6-768x512.webp 768w, https:\/\/d2p6e6u75xmxt8.cloudfront.net\/4\/2019\/04\/00-6-272x182.webp 272w\" sizes=\"auto, (max-width: 1200px) 100vw, 1200px\" \/><\/a>\n\t\t\t<\/div><\/figure><figure class='gallery-item'>\n\t\t\t<div class='gallery-icon landscape'>\n\t\t\t\t<a href='https:\/\/d2p6e6u75xmxt8.cloudfront.net\/4\/2019\/04\/00-8.webp'><img loading=\"lazy\" decoding=\"async\" width=\"1200\" height=\"800\" src=\"https:\/\/d2p6e6u75xmxt8.cloudfront.net\/4\/2019\/04\/00-8.webp\" class=\"attachment-full size-full\" alt=\"\" srcset=\"https:\/\/d2p6e6u75xmxt8.cloudfront.net\/4\/2019\/04\/00-8.webp 1200w, https:\/\/d2p6e6u75xmxt8.cloudfront.net\/4\/2019\/04\/00-8-300x200.webp 300w, https:\/\/d2p6e6u75xmxt8.cloudfront.net\/4\/2019\/04\/00-8-1024x683.webp 1024w, https:\/\/d2p6e6u75xmxt8.cloudfront.net\/4\/2019\/04\/00-8-768x512.webp 768w, https:\/\/d2p6e6u75xmxt8.cloudfront.net\/4\/2019\/04\/00-8-272x182.webp 272w\" sizes=\"auto, (max-width: 1200px) 100vw, 1200px\" \/><\/a>\n\t\t\t<\/div><\/figure><figure class='gallery-item'>\n\t\t\t<div class='gallery-icon landscape'>\n\t\t\t\t<a href='https:\/\/d2p6e6u75xmxt8.cloudfront.net\/4\/2019\/04\/00-9.webp'><img loading=\"lazy\" decoding=\"async\" width=\"1200\" height=\"800\" src=\"https:\/\/d2p6e6u75xmxt8.cloudfront.net\/4\/2019\/04\/00-9.webp\" class=\"attachment-full size-full\" alt=\"\" srcset=\"https:\/\/d2p6e6u75xmxt8.cloudfront.net\/4\/2019\/04\/00-9.webp 1200w, https:\/\/d2p6e6u75xmxt8.cloudfront.net\/4\/2019\/04\/00-9-300x200.webp 300w, https:\/\/d2p6e6u75xmxt8.cloudfront.net\/4\/2019\/04\/00-9-1024x683.webp 1024w, https:\/\/d2p6e6u75xmxt8.cloudfront.net\/4\/2019\/04\/00-9-768x512.webp 768w, https:\/\/d2p6e6u75xmxt8.cloudfront.net\/4\/2019\/04\/00-9-272x182.webp 272w\" sizes=\"auto, (max-width: 1200px) 100vw, 1200px\" \/><\/a>\n\t\t\t<\/div><\/figure><figure class='gallery-item'>\n\t\t\t<div class='gallery-icon landscape'>\n\t\t\t\t<a href='https:\/\/d2p6e6u75xmxt8.cloudfront.net\/4\/2019\/04\/00-10.webp'><img loading=\"lazy\" decoding=\"async\" width=\"1200\" height=\"800\" src=\"https:\/\/d2p6e6u75xmxt8.cloudfront.net\/4\/2019\/04\/00-10.webp\" class=\"attachment-full size-full\" alt=\"\" srcset=\"https:\/\/d2p6e6u75xmxt8.cloudfront.net\/4\/2019\/04\/00-10.webp 1200w, https:\/\/d2p6e6u75xmxt8.cloudfront.net\/4\/2019\/04\/00-10-300x200.webp 300w, https:\/\/d2p6e6u75xmxt8.cloudfront.net\/4\/2019\/04\/00-10-1024x683.webp 1024w, https:\/\/d2p6e6u75xmxt8.cloudfront.net\/4\/2019\/04\/00-10-768x512.webp 768w, https:\/\/d2p6e6u75xmxt8.cloudfront.net\/4\/2019\/04\/00-10-272x182.webp 272w\" sizes=\"auto, (max-width: 1200px) 100vw, 1200px\" \/><\/a>\n\t\t\t<\/div><\/figure><figure class='gallery-item'>\n\t\t\t<div class='gallery-icon landscape'>\n\t\t\t\t<a href='https:\/\/d2p6e6u75xmxt8.cloudfront.net\/4\/2019\/04\/00-12.webp'><img loading=\"lazy\" decoding=\"async\" width=\"1200\" height=\"800\" src=\"https:\/\/d2p6e6u75xmxt8.cloudfront.net\/4\/2019\/04\/00-12.webp\" class=\"attachment-full size-full\" alt=\"\" srcset=\"https:\/\/d2p6e6u75xmxt8.cloudfront.net\/4\/2019\/04\/00-12.webp 1200w, https:\/\/d2p6e6u75xmxt8.cloudfront.net\/4\/2019\/04\/00-12-300x200.webp 300w, https:\/\/d2p6e6u75xmxt8.cloudfront.net\/4\/2019\/04\/00-12-1024x683.webp 1024w, https:\/\/d2p6e6u75xmxt8.cloudfront.net\/4\/2019\/04\/00-12-768x512.webp 768w, https:\/\/d2p6e6u75xmxt8.cloudfront.net\/4\/2019\/04\/00-12-272x182.webp 272w\" sizes=\"auto, (max-width: 1200px) 100vw, 1200px\" \/><\/a>\n\t\t\t<\/div><\/figure><figure class='gallery-item'>\n\t\t\t<div class='gallery-icon landscape'>\n\t\t\t\t<a href='https:\/\/d2p6e6u75xmxt8.cloudfront.net\/4\/2019\/04\/00-15.webp'><img loading=\"lazy\" decoding=\"async\" width=\"1200\" height=\"800\" src=\"https:\/\/d2p6e6u75xmxt8.cloudfront.net\/4\/2019\/04\/00-15.webp\" class=\"attachment-full size-full\" alt=\"\" srcset=\"https:\/\/d2p6e6u75xmxt8.cloudfront.net\/4\/2019\/04\/00-15.webp 1200w, https:\/\/d2p6e6u75xmxt8.cloudfront.net\/4\/2019\/04\/00-15-300x200.webp 300w, https:\/\/d2p6e6u75xmxt8.cloudfront.net\/4\/2019\/04\/00-15-1024x683.webp 1024w, https:\/\/d2p6e6u75xmxt8.cloudfront.net\/4\/2019\/04\/00-15-768x512.webp 768w, https:\/\/d2p6e6u75xmxt8.cloudfront.net\/4\/2019\/04\/00-15-272x182.webp 272w\" sizes=\"auto, (max-width: 1200px) 100vw, 1200px\" \/><\/a>\n\t\t\t<\/div><\/figure><figure class='gallery-item'>\n\t\t\t<div class='gallery-icon landscape'>\n\t\t\t\t<a href='https:\/\/d2p6e6u75xmxt8.cloudfront.net\/4\/2019\/04\/00-17.webp'><img loading=\"lazy\" decoding=\"async\" width=\"1200\" height=\"800\" src=\"https:\/\/d2p6e6u75xmxt8.cloudfront.net\/4\/2019\/04\/00-17.webp\" class=\"attachment-full size-full\" alt=\"\" srcset=\"https:\/\/d2p6e6u75xmxt8.cloudfront.net\/4\/2019\/04\/00-17.webp 1200w, https:\/\/d2p6e6u75xmxt8.cloudfront.net\/4\/2019\/04\/00-17-300x200.webp 300w, https:\/\/d2p6e6u75xmxt8.cloudfront.net\/4\/2019\/04\/00-17-1024x683.webp 1024w, https:\/\/d2p6e6u75xmxt8.cloudfront.net\/4\/2019\/04\/00-17-768x512.webp 768w, https:\/\/d2p6e6u75xmxt8.cloudfront.net\/4\/2019\/04\/00-17-272x182.webp 272w\" sizes=\"auto, (max-width: 1200px) 100vw, 1200px\" \/><\/a>\n\t\t\t<\/div><\/figure><figure class='gallery-item'>\n\t\t\t<div class='gallery-icon landscape'>\n\t\t\t\t<a href='https:\/\/d2p6e6u75xmxt8.cloudfront.net\/4\/2019\/04\/00-20.webp'><img loading=\"lazy\" decoding=\"async\" width=\"1200\" height=\"800\" src=\"https:\/\/d2p6e6u75xmxt8.cloudfront.net\/4\/2019\/04\/00-20.webp\" class=\"attachment-full size-full\" alt=\"\" srcset=\"https:\/\/d2p6e6u75xmxt8.cloudfront.net\/4\/2019\/04\/00-20.webp 1200w, https:\/\/d2p6e6u75xmxt8.cloudfront.net\/4\/2019\/04\/00-20-300x200.webp 300w, https:\/\/d2p6e6u75xmxt8.cloudfront.net\/4\/2019\/04\/00-20-1024x683.webp 1024w, https:\/\/d2p6e6u75xmxt8.cloudfront.net\/4\/2019\/04\/00-20-768x512.webp 768w, https:\/\/d2p6e6u75xmxt8.cloudfront.net\/4\/2019\/04\/00-20-272x182.webp 272w\" sizes=\"auto, (max-width: 1200px) 100vw, 1200px\" \/><\/a>\n\t\t\t<\/div><\/figure><figure class='gallery-item'>\n\t\t\t<div class='gallery-icon landscape'>\n\t\t\t\t<a href='https:\/\/d2p6e6u75xmxt8.cloudfront.net\/4\/2019\/04\/00-26.webp'><img loading=\"lazy\" decoding=\"async\" width=\"1200\" height=\"800\" src=\"https:\/\/d2p6e6u75xmxt8.cloudfront.net\/4\/2019\/04\/00-26.webp\" class=\"attachment-full size-full\" alt=\"\" srcset=\"https:\/\/d2p6e6u75xmxt8.cloudfront.net\/4\/2019\/04\/00-26.webp 1200w, https:\/\/d2p6e6u75xmxt8.cloudfront.net\/4\/2019\/04\/00-26-300x200.webp 300w, https:\/\/d2p6e6u75xmxt8.cloudfront.net\/4\/2019\/04\/00-26-1024x683.webp 1024w, https:\/\/d2p6e6u75xmxt8.cloudfront.net\/4\/2019\/04\/00-26-768x512.webp 768w, https:\/\/d2p6e6u75xmxt8.cloudfront.net\/4\/2019\/04\/00-26-272x182.webp 272w\" sizes=\"auto, (max-width: 1200px) 100vw, 1200px\" \/><\/a>\n\t\t\t<\/div><\/figure><figure class='gallery-item'>\n\t\t\t<div class='gallery-icon landscape'>\n\t\t\t\t<a href='https:\/\/d2p6e6u75xmxt8.cloudfront.net\/4\/2019\/04\/00-28.webp'><img loading=\"lazy\" decoding=\"async\" width=\"1200\" height=\"800\" src=\"https:\/\/d2p6e6u75xmxt8.cloudfront.net\/4\/2019\/04\/00-28.webp\" class=\"attachment-full size-full\" alt=\"\" srcset=\"https:\/\/d2p6e6u75xmxt8.cloudfront.net\/4\/2019\/04\/00-28.webp 1200w, https:\/\/d2p6e6u75xmxt8.cloudfront.net\/4\/2019\/04\/00-28-300x200.webp 300w, https:\/\/d2p6e6u75xmxt8.cloudfront.net\/4\/2019\/04\/00-28-1024x683.webp 1024w, https:\/\/d2p6e6u75xmxt8.cloudfront.net\/4\/2019\/04\/00-28-768x512.webp 768w, https:\/\/d2p6e6u75xmxt8.cloudfront.net\/4\/2019\/04\/00-28-272x182.webp 272w\" sizes=\"auto, (max-width: 1200px) 100vw, 1200px\" \/><\/a>\n\t\t\t<\/div><\/figure><figure class='gallery-item'>\n\t\t\t<div class='gallery-icon landscape'>\n\t\t\t\t<a href='https:\/\/d2p6e6u75xmxt8.cloudfront.net\/4\/2019\/04\/00-29.webp'><img loading=\"lazy\" decoding=\"async\" width=\"1200\" height=\"800\" src=\"https:\/\/d2p6e6u75xmxt8.cloudfront.net\/4\/2019\/04\/00-29.webp\" class=\"attachment-full size-full\" alt=\"\" srcset=\"https:\/\/d2p6e6u75xmxt8.cloudfront.net\/4\/2019\/04\/00-29.webp 1200w, https:\/\/d2p6e6u75xmxt8.cloudfront.net\/4\/2019\/04\/00-29-300x200.webp 300w, https:\/\/d2p6e6u75xmxt8.cloudfront.net\/4\/2019\/04\/00-29-1024x683.webp 1024w, https:\/\/d2p6e6u75xmxt8.cloudfront.net\/4\/2019\/04\/00-29-768x512.webp 768w, https:\/\/d2p6e6u75xmxt8.cloudfront.net\/4\/2019\/04\/00-29-272x182.webp 272w\" sizes=\"auto, (max-width: 1200px) 100vw, 1200px\" \/><\/a>\n\t\t\t<\/div><\/figure>\n\t\t<\/div>\n        \n<p><em>Viac fotiek po rozkliknut\u00ed<\/em><\/p>\n","protected":false},"excerpt":{"rendered":"<p>Druh\u00e1 apr\u00edlov\u00e1 sobota sa vo Sv\u00e4tom Jure niesla u\u017e v tradi\u010dnom marat\u00f3nskom duchu a od\u0161tartovala \u010fal\u0161iu sez\u00f3nu s\u00e9rie \u0160koda BIKE [&hellip;]<\/p>\n","protected":false},"author":38,"featured_media":6841,"comment_status":"open","ping_status":"open","sticky":false,"template":"","format":"standard","meta":{"footnotes":""},"categories":[38,33],"tags":[180,178,412,179,474,542,562,35,77,360,92,523,40],"global-categories":[],"class_list":["post-6840","post","type-post","status-publish","format-standard","has-post-thumbnail","hentry","category-reportaz","category-sbot","tag-horska-cyklistika","tag-maraton","tag-mtb","tag-preteky","tag-rodinny-maraton","tag-skoda","tag-skoda-bicykel","tag-sbot","tag-skoda-dedina","tag-skoda-svatojursky-mtb-maraton","tag-skoda-tim","tag-slovensko","tag-svaty-jur"],"yoast_head":"<!-- This site is optimized with the Yoast SEO Premium plugin v25.3 (Yoast SEO v25.9) - https:\/\/yoast.com\/wordpress\/plugins\/seo\/ -->\n<title>Report\u00e1\u017e: \u0160koda Sv\u00e4tojursk\u00fd MTB marat\u00f3n 2019 - svie\u017ei \u0161tart marat\u00f3nskej sez\u00f3ny - \u0160koda We Love Cycling Slovensko<\/title>\n<meta name=\"robots\" content=\"index, follow, max-snippet:-1, max-image-preview:large, max-video-preview:-1\" \/>\n<link rel=\"canonical\" href=\"https:\/\/www.welovecycling.com\/sk\/2019\/04\/17\/reportaz-skoda-svatojursky-mtb-maraton-2019-sviezi-start-maratonskej-sezony\/\" \/>\n<meta property=\"og:locale\" content=\"sk_SK\" \/>\n<meta property=\"og:type\" content=\"article\" \/>\n<meta property=\"og:title\" content=\"Report\u00e1\u017e: \u0160koda Sv\u00e4tojursk\u00fd MTB marat\u00f3n 2019 - svie\u017ei \u0161tart marat\u00f3nskej sez\u00f3ny\" \/>\n<meta property=\"og:description\" content=\"Druh\u00e1 apr\u00edlov\u00e1 sobota sa vo Sv\u00e4tom Jure niesla u\u017e v tradi\u010dnom marat\u00f3nskom duchu a od\u0161tartovala \u010fal\u0161iu sez\u00f3nu s\u00e9rie \u0160koda BIKE [&hellip;]\" \/>\n<meta property=\"og:url\" content=\"https:\/\/www.welovecycling.com\/sk\/2019\/04\/17\/reportaz-skoda-svatojursky-mtb-maraton-2019-sviezi-start-maratonskej-sezony\/\" \/>\n<meta property=\"og:site_name\" content=\"\u0160koda We Love Cycling Slovensko\" \/>\n<meta property=\"article:published_time\" content=\"2019-04-17T18:14:24+00:00\" \/>\n<meta property=\"article:modified_time\" content=\"2019-05-09T09:27:38+00:00\" \/>\n<meta property=\"og:image\" content=\"https:\/\/d2p6e6u75xmxt8.cloudfront.net\/4\/2019\/04\/titulka-3.webp\" \/>\n\t<meta property=\"og:image:width\" content=\"1380\" \/>\n\t<meta property=\"og:image:height\" content=\"600\" \/>\n\t<meta property=\"og:image:type\" content=\"image\/webp\" \/>\n<meta name=\"author\" content=\"Ondrej Ga\u0161par\" \/>\n<meta name=\"twitter:card\" content=\"summary_large_image\" \/>\n<meta name=\"twitter:label1\" content=\"Written by\" \/>\n\t<meta name=\"twitter:data1\" content=\"We Love Cycling\" \/>\n\t<meta name=\"twitter:label2\" content=\"Est. reading time\" \/>\n\t<meta name=\"twitter:data2\" content=\"6\" \/>\n<script type=\"application\/ld+json\" class=\"yoast-schema-graph\">{\"@context\":\"https:\/\/schema.org\",\"@graph\":[{\"@type\":\"WebPage\",\"@id\":\"https:\/\/www.welovecycling.com\/sk\/2019\/04\/17\/reportaz-skoda-svatojursky-mtb-maraton-2019-sviezi-start-maratonskej-sezony\/\",\"url\":\"https:\/\/www.welovecycling.com\/sk\/2019\/04\/17\/reportaz-skoda-svatojursky-mtb-maraton-2019-sviezi-start-maratonskej-sezony\/\",\"name\":\"Report\u00e1\u017e: \u0160koda Sv\u00e4tojursk\u00fd MTB marat\u00f3n 2019 - svie\u017ei \u0161tart marat\u00f3nskej sez\u00f3ny - \u0160koda We Love Cycling Slovensko\",\"isPartOf\":{\"@id\":\"https:\/\/www.welovecycling.com\/sk\/#website\"},\"primaryImageOfPage\":{\"@id\":\"https:\/\/www.welovecycling.com\/sk\/2019\/04\/17\/reportaz-skoda-svatojursky-mtb-maraton-2019-sviezi-start-maratonskej-sezony\/#primaryimage\"},\"image\":{\"@id\":\"https:\/\/www.welovecycling.com\/sk\/2019\/04\/17\/reportaz-skoda-svatojursky-mtb-maraton-2019-sviezi-start-maratonskej-sezony\/#primaryimage\"},\"thumbnailUrl\":\"https:\/\/d2p6e6u75xmxt8.cloudfront.net\/4\/2019\/04\/titulka-3.webp\",\"datePublished\":\"2019-04-17T18:14:24+00:00\",\"dateModified\":\"2019-05-09T09:27:38+00:00\",\"author\":{\"@id\":\"https:\/\/www.welovecycling.com\/sk\/#\/schema\/person\/8ee09ba39b7e25b1870160aa5b3a89bc\"},\"breadcrumb\":{\"@id\":\"https:\/\/www.welovecycling.com\/sk\/2019\/04\/17\/reportaz-skoda-svatojursky-mtb-maraton-2019-sviezi-start-maratonskej-sezony\/#breadcrumb\"},\"inLanguage\":\"sk-SK\",\"potentialAction\":[{\"@type\":\"ReadAction\",\"target\":[\"https:\/\/www.welovecycling.com\/sk\/2019\/04\/17\/reportaz-skoda-svatojursky-mtb-maraton-2019-sviezi-start-maratonskej-sezony\/\"]}]},{\"@type\":\"ImageObject\",\"inLanguage\":\"sk-SK\",\"@id\":\"https:\/\/www.welovecycling.com\/sk\/2019\/04\/17\/reportaz-skoda-svatojursky-mtb-maraton-2019-sviezi-start-maratonskej-sezony\/#primaryimage\",\"url\":\"https:\/\/d2p6e6u75xmxt8.cloudfront.net\/4\/2019\/04\/titulka-3.webp\",\"contentUrl\":\"https:\/\/d2p6e6u75xmxt8.cloudfront.net\/4\/2019\/04\/titulka-3.webp\",\"width\":1380,\"height\":600},{\"@type\":\"BreadcrumbList\",\"@id\":\"https:\/\/www.welovecycling.com\/sk\/2019\/04\/17\/reportaz-skoda-svatojursky-mtb-maraton-2019-sviezi-start-maratonskej-sezony\/#breadcrumb\",\"itemListElement\":[{\"@type\":\"ListItem\",\"position\":1,\"name\":\"Home\",\"item\":\"https:\/\/www.welovecycling.com\/sk\/\"},{\"@type\":\"ListItem\",\"position\":2,\"name\":\"Report\u00e1\u017e: \u0160koda Sv\u00e4tojursk\u00fd MTB marat\u00f3n 2019 &#8211; svie\u017ei \u0161tart marat\u00f3nskej sez\u00f3ny\"}]},{\"@type\":\"WebSite\",\"@id\":\"https:\/\/www.welovecycling.com\/sk\/#website\",\"url\":\"https:\/\/www.welovecycling.com\/sk\/\",\"name\":\"\u0160koda We Love Cycling Slovensko\",\"description\":\"\u0160koda We Love Cycling Slovensko je v\u00e1\u0161 ka\u017edodenn\u00fd zdroj noviniek a in\u0161pir\u00e1cie z sveta cyklistiky\",\"potentialAction\":[{\"@type\":\"SearchAction\",\"target\":{\"@type\":\"EntryPoint\",\"urlTemplate\":\"https:\/\/www.welovecycling.com\/sk\/?s={search_term_string}\"},\"query-input\":{\"@type\":\"PropertyValueSpecification\",\"valueRequired\":true,\"valueName\":\"search_term_string\"}}],\"inLanguage\":\"sk-SK\"},{\"@type\":\"Person\",\"@id\":\"https:\/\/www.welovecycling.com\/sk\/#\/schema\/person\/8ee09ba39b7e25b1870160aa5b3a89bc\",\"name\":\"Ondrej Ga\u0161par\",\"image\":{\"@type\":\"ImageObject\",\"inLanguage\":\"sk-SK\",\"@id\":\"https:\/\/www.welovecycling.com\/sk\/#\/schema\/person\/image\/\",\"url\":\"https:\/\/secure.gravatar.com\/avatar\/6126c9afb87b70da5abbb083ddbb21933da15f18f8ca7cb822aba0fb096a48f6?s=96&d=mm&r=g\",\"contentUrl\":\"https:\/\/secure.gravatar.com\/avatar\/6126c9afb87b70da5abbb083ddbb21933da15f18f8ca7cb822aba0fb096a48f6?s=96&d=mm&r=g\",\"caption\":\"Ondrej Ga\u0161par\"},\"url\":\"https:\/\/www.welovecycling.com\/sk\/author\/ondrejgaspar\/\"}]}<\/script>\n<!-- \/ Yoast SEO Premium plugin. -->","yoast_head_json":{"title":"Report\u00e1\u017e: \u0160koda Sv\u00e4tojursk\u00fd MTB marat\u00f3n 2019 - svie\u017ei \u0161tart marat\u00f3nskej sez\u00f3ny - \u0160koda We Love Cycling Slovensko","robots":{"index":"index","follow":"follow","max-snippet":"max-snippet:-1","max-image-preview":"max-image-preview:large","max-video-preview":"max-video-preview:-1"},"canonical":"https:\/\/www.welovecycling.com\/sk\/2019\/04\/17\/reportaz-skoda-svatojursky-mtb-maraton-2019-sviezi-start-maratonskej-sezony\/","og_locale":"sk_SK","og_type":"article","og_title":"Report\u00e1\u017e: \u0160koda Sv\u00e4tojursk\u00fd MTB marat\u00f3n 2019 - svie\u017ei \u0161tart marat\u00f3nskej sez\u00f3ny","og_description":"Druh\u00e1 apr\u00edlov\u00e1 sobota sa vo Sv\u00e4tom Jure niesla u\u017e v tradi\u010dnom marat\u00f3nskom duchu a od\u0161tartovala \u010fal\u0161iu sez\u00f3nu s\u00e9rie \u0160koda BIKE [&hellip;]","og_url":"https:\/\/www.welovecycling.com\/sk\/2019\/04\/17\/reportaz-skoda-svatojursky-mtb-maraton-2019-sviezi-start-maratonskej-sezony\/","og_site_name":"\u0160koda We Love Cycling Slovensko","article_published_time":"2019-04-17T18:14:24+00:00","article_modified_time":"2019-05-09T09:27:38+00:00","og_image":[{"width":1380,"height":600,"url":"https:\/\/d2p6e6u75xmxt8.cloudfront.net\/4\/2019\/04\/titulka-3.webp","type":"image\/webp"}],"author":"Ondrej Ga\u0161par","twitter_card":"summary_large_image","twitter_misc":{"Written by":"We Love Cycling","Est. reading time":"6"},"schema":{"@context":"https:\/\/schema.org","@graph":[{"@type":"WebPage","@id":"https:\/\/www.welovecycling.com\/sk\/2019\/04\/17\/reportaz-skoda-svatojursky-mtb-maraton-2019-sviezi-start-maratonskej-sezony\/","url":"https:\/\/www.welovecycling.com\/sk\/2019\/04\/17\/reportaz-skoda-svatojursky-mtb-maraton-2019-sviezi-start-maratonskej-sezony\/","name":"Report\u00e1\u017e: \u0160koda Sv\u00e4tojursk\u00fd MTB marat\u00f3n 2019 - svie\u017ei \u0161tart marat\u00f3nskej sez\u00f3ny - \u0160koda We Love Cycling Slovensko","isPartOf":{"@id":"https:\/\/www.welovecycling.com\/sk\/#website"},"primaryImageOfPage":{"@id":"https:\/\/www.welovecycling.com\/sk\/2019\/04\/17\/reportaz-skoda-svatojursky-mtb-maraton-2019-sviezi-start-maratonskej-sezony\/#primaryimage"},"image":{"@id":"https:\/\/www.welovecycling.com\/sk\/2019\/04\/17\/reportaz-skoda-svatojursky-mtb-maraton-2019-sviezi-start-maratonskej-sezony\/#primaryimage"},"thumbnailUrl":"https:\/\/d2p6e6u75xmxt8.cloudfront.net\/4\/2019\/04\/titulka-3.webp","datePublished":"2019-04-17T18:14:24+00:00","dateModified":"2019-05-09T09:27:38+00:00","author":{"@id":"https:\/\/www.welovecycling.com\/sk\/#\/schema\/person\/8ee09ba39b7e25b1870160aa5b3a89bc"},"breadcrumb":{"@id":"https:\/\/www.welovecycling.com\/sk\/2019\/04\/17\/reportaz-skoda-svatojursky-mtb-maraton-2019-sviezi-start-maratonskej-sezony\/#breadcrumb"},"inLanguage":"sk-SK","potentialAction":[{"@type":"ReadAction","target":["https:\/\/www.welovecycling.com\/sk\/2019\/04\/17\/reportaz-skoda-svatojursky-mtb-maraton-2019-sviezi-start-maratonskej-sezony\/"]}]},{"@type":"ImageObject","inLanguage":"sk-SK","@id":"https:\/\/www.welovecycling.com\/sk\/2019\/04\/17\/reportaz-skoda-svatojursky-mtb-maraton-2019-sviezi-start-maratonskej-sezony\/#primaryimage","url":"https:\/\/d2p6e6u75xmxt8.cloudfront.net\/4\/2019\/04\/titulka-3.webp","contentUrl":"https:\/\/d2p6e6u75xmxt8.cloudfront.net\/4\/2019\/04\/titulka-3.webp","width":1380,"height":600},{"@type":"BreadcrumbList","@id":"https:\/\/www.welovecycling.com\/sk\/2019\/04\/17\/reportaz-skoda-svatojursky-mtb-maraton-2019-sviezi-start-maratonskej-sezony\/#breadcrumb","itemListElement":[{"@type":"ListItem","position":1,"name":"Home","item":"https:\/\/www.welovecycling.com\/sk\/"},{"@type":"ListItem","position":2,"name":"Report\u00e1\u017e: \u0160koda Sv\u00e4tojursk\u00fd MTB marat\u00f3n 2019 &#8211; svie\u017ei \u0161tart marat\u00f3nskej sez\u00f3ny"}]},{"@type":"WebSite","@id":"https:\/\/www.welovecycling.com\/sk\/#website","url":"https:\/\/www.welovecycling.com\/sk\/","name":"\u0160koda We Love Cycling Slovensko","description":"\u0160koda We Love Cycling Slovensko je v\u00e1\u0161 ka\u017edodenn\u00fd zdroj noviniek a in\u0161pir\u00e1cie z sveta cyklistiky","potentialAction":[{"@type":"SearchAction","target":{"@type":"EntryPoint","urlTemplate":"https:\/\/www.welovecycling.com\/sk\/?s={search_term_string}"},"query-input":{"@type":"PropertyValueSpecification","valueRequired":true,"valueName":"search_term_string"}}],"inLanguage":"sk-SK"},{"@type":"Person","@id":"https:\/\/www.welovecycling.com\/sk\/#\/schema\/person\/8ee09ba39b7e25b1870160aa5b3a89bc","name":"Ondrej Ga\u0161par","image":{"@type":"ImageObject","inLanguage":"sk-SK","@id":"https:\/\/www.welovecycling.com\/sk\/#\/schema\/person\/image\/","url":"https:\/\/secure.gravatar.com\/avatar\/6126c9afb87b70da5abbb083ddbb21933da15f18f8ca7cb822aba0fb096a48f6?s=96&d=mm&r=g","contentUrl":"https:\/\/secure.gravatar.com\/avatar\/6126c9afb87b70da5abbb083ddbb21933da15f18f8ca7cb822aba0fb096a48f6?s=96&d=mm&r=g","caption":"Ondrej Ga\u0161par"},"url":"https:\/\/www.welovecycling.com\/sk\/author\/ondrejgaspar\/"}]}},"_links":{"self":[{"href":"https:\/\/www.welovecycling.com\/sk\/wp-json\/wp\/v2\/posts\/6840","targetHints":{"allow":["GET"]}}],"collection":[{"href":"https:\/\/www.welovecycling.com\/sk\/wp-json\/wp\/v2\/posts"}],"about":[{"href":"https:\/\/www.welovecycling.com\/sk\/wp-json\/wp\/v2\/types\/post"}],"author":[{"embeddable":true,"href":"https:\/\/www.welovecycling.com\/sk\/wp-json\/wp\/v2\/users\/38"}],"replies":[{"embeddable":true,"href":"https:\/\/www.welovecycling.com\/sk\/wp-json\/wp\/v2\/comments?post=6840"}],"version-history":[{"count":2,"href":"https:\/\/www.welovecycling.com\/sk\/wp-json\/wp\/v2\/posts\/6840\/revisions"}],"predecessor-version":[{"id":7097,"href":"https:\/\/www.welovecycling.com\/sk\/wp-json\/wp\/v2\/posts\/6840\/revisions\/7097"}],"wp:featuredmedia":[{"embeddable":true,"href":"https:\/\/www.welovecycling.com\/sk\/wp-json\/wp\/v2\/media\/6841"}],"wp:attachment":[{"href":"https:\/\/www.welovecycling.com\/sk\/wp-json\/wp\/v2\/media?parent=6840"}],"wp:term":[{"taxonomy":"category","embeddable":true,"href":"https:\/\/www.welovecycling.com\/sk\/wp-json\/wp\/v2\/categories?post=6840"},{"taxonomy":"post_tag","embeddable":true,"href":"https:\/\/www.welovecycling.com\/sk\/wp-json\/wp\/v2\/tags?post=6840"},{"taxonomy":"global-categories","embeddable":true,"href":"https:\/\/www.welovecycling.com\/sk\/wp-json\/wp\/v2\/global-categories?post=6840"}],"curies":[{"name":"wp","href":"https:\/\/api.w.org\/{rel}","templated":true}]}}