{"id":6828,"date":"2019-05-02T13:14:01","date_gmt":"2019-05-02T11:14:01","guid":{"rendered":"https:\/\/www.welovecycling.com\/sk\/?p=6828"},"modified":"2019-11-21T09:27:17","modified_gmt":"2019-11-21T08:27:17","slug":"rozhovor-svihaj-suhaj-na-bicykloch-najazdia-13-tisic-kilometrov-rocne","status":"publish","type":"post","link":"https:\/\/www.welovecycling.com\/sk\/2019\/05\/02\/rozhovor-svihaj-suhaj-na-bicykloch-najazdia-13-tisic-kilometrov-rocne\/","title":{"rendered":"Rozhovor: \u0160vihaj \u0160uhaj &#8211; na bicykloch najazd\u00edme aj 13-tis\u00edc kilometrov ro\u010dne"},"content":{"rendered":"<p><strong>Spr\u00e1vny cyklokuri\u00e9r m\u00e1 jednou rukou rozpr\u00e1va\u0165 do vysiela\u010dky, druhou h\u013eada\u0165 adresu v telef\u00f3ne, tre\u0165ou dr\u017ea\u0165 krabicu pod pazuchou, \u0161tvrtou tla\u010di\u0165 bagetku z Ra\u010dka, piatou faj\u010di\u0165, a to v\u0161etko skrz Trnavsk\u00e9 m\u00fdto.<\/strong><!--more--><\/p>\n<p>Toto je veta, ktor\u00e1 presne vystihuje pr\u00e1cu chalanov, jazdiacich pre cyklokuri\u00e9rsku slu\u017ebu \u0160vihaj \u0160uhaj. Sp\u00fdtali sme sa Tom\u00e1\u0161a a Mareka na niektor\u00e9 veci, ktor\u00e9 mo\u017eno aj v\u00e1m napadn\u00fa, ke\u010f ich uvid\u00edte, ako plne nalo\u017een\u00ed uh\u00e1\u0148aj\u00fa so z\u00e1sielkami na adresu ur\u010denia.<\/p>\n<p><strong>\u010ci u\u017e jazd\u00edme rekrea\u010dne alebo to berieme v\u00e1\u017ene, ka\u017ed\u00fd m\u00e1me nejak\u00fd svoj vzor. Na \u00favod si neodpust\u00edm ot\u00e1zku, kto \u0165a in\u0161piruje zo sveta cyklistiky?<\/strong><br \/>\n<strong>Tom\u00e1\u0161:<\/strong> <em>Ja nefungujem ve\u013emi na vzoroch, ale ke\u010f u\u017e, tak napr. Lael Wilcox v r\u00e1mci endurance sveta. Z MTB sveta si ve\u013emi u\u017e\u00edvam projekt Dudes of Hazzard od Joe Barnesa.<\/em><br \/>\n<strong>Marek:<\/strong> <em>Neviem pre\u010do, ale asi to bude podobn\u00e9, cyklistick\u00e9 vzory nem\u00e1m. In\u0161piruj\u00fa ma moji namakan\u00ed kolegovia :). Ale z naozajstnej cyklistiky obdivujem v\u00fdkony Van der Poela a samozrejme aj Sagana, lebo v\u0161ak je odtia\u013eto.<\/em><\/p>\n<p><strong>Pri n\u00e1stupe nov\u00e9ho kuri\u00e9ra s\u00fa nejak\u00e9 po\u017eiadavky na jeho bicykel?<\/strong><br \/>\n<strong>Tom\u00e1\u0161:<\/strong> <em>Aby bol pojazdn\u00fd. Sk\u00f4r s\u00fa tam potom odpor\u00fa\u010dania.<\/em><br \/>\n<strong>Marek:<\/strong> <em>Samozrejme, na bicykli jazd\u00edme cel\u00fd de\u0148 po meste X km v ka\u017edom po\u010das\u00ed, \u010do sa d\u00e1 aj na sklada\u010dke alebo ukrajine, ale nie je to to prav\u00e9. A zasa na druh\u00fa stranu sme mali aj chalanov, \u010do \u201crozlievali polievky\u201d na karb\u00f3nov\u00fdch ces\u0165\u00e1koch, treba si n\u00e1js\u0165 nejak\u00fa stredn\u00fa cestu. Najob\u013e\u00fabenej\u0161ie s\u00fa star\u0161ie oce\u013eov\u00e9 ces\u0165\u00e1ky, trekov\u00e9 bicykle, singlespeedy a jazd\u00edm(e) aj fixky :).<\/em><\/p>\n<p><a href=\"https:\/\/d2p6e6u75xmxt8.cloudfront.net\/4\/2019\/04\/01-1.jpg\"><img loading=\"lazy\" decoding=\"async\" class=\"alignnone size-full wp-image-6830\" src=\"https:\/\/d2p6e6u75xmxt8.cloudfront.net\/4\/2019\/04\/01-1.jpg\" alt=\"\" width=\"1200\" height=\"800\" \/><\/a><\/p>\n<p><strong>M\u00e1\u0161 nejak\u00e9 ob\u013e\u00faben\u00e9 zna\u010dky, ktor\u00e9 si po\u010das rokov vysk\u00fa\u0161al?<\/strong><br \/>\n<strong>Marek:<\/strong> <em>Do pr\u00e1ce je to probl\u00e9m, preto\u017ee ve\u013emi ve\u013ea vec\u00ed je v podstate spotrebn\u00fd materi\u00e1l, ktor\u00fd r\u00fdchlo zni\u010d\u00edme. Preto treba pozera\u0165 na pomer cena &#8211; v\u00fdkon, tak\u017ee Decathlon a zahrani\u010dn\u00e9 eshopy s polovi\u010dnou z\u013eavou s\u00fa \u010dastokr\u00e1t najlep\u0161ia cesta.<\/em><br \/>\n<strong>Tom\u00e1\u0161:<\/strong> <em>Ako p\u00ed\u0161e Marek. V\u00e4\u010d\u0161ina matro\u0161u je spotrebn\u00e1 vec. \u010ci\u017ee nejak\u00fd luxus si vieme dopria\u0165 asi tak na \u010dapic\u00e1ch. No potom je zop\u00e1r firiem, ktor\u00e9 robia fakt odoln\u00e9 veci, \u010do s\u00fa z\u00e1rove\u0148 dizajnovo naozaj dobre prepracovan\u00e9. Z\u00e1rove\u0148 asi iba tak polovica vec\u00ed \u010do pou\u017e\u00edvame, s\u00fa vyslovene z cyklo sveta. V\u00e4\u010d\u0161inou je to tak\u00fd preryv medzi cyklo, turistikou a lifestylom. Za m\u0148a gate od Swrve, Icebreaker merino, na vrch GORE-TEX PACLITE\u00ae s priliehavej\u0161\u00edm strihom. Mimo roboty Rapha.<\/em><\/p>\n<p><strong>M\u00e1\u0161 nejak\u00fa zauj\u00edmav\u00e1 pr\u00edhodu so z\u00e1kazn\u00edkom, ktor\u00e1 ti vy\u010darila \u00fasmev na tv\u00e1ri?<\/strong><br \/>\n<strong>Tom\u00e1\u0161:<\/strong> <em>Och, \u00e1no. Tak, ako sa \u017eia\u013e pokrikuje na \u017eeny, sa pokrikuje aj na n\u00e1s. \u201cSag\u00e1\u00e1\u00e1n\u201d, \u201cNem\u00e1\u0161 aj pre n\u00e1s pizzu?! Aa to odnesiete? (20x20x20)\u201d. A na chrbte 150 l batoh.<\/em><br \/>\n<strong>Marek:<\/strong> <em>\u00c1no, to sa deje ka\u017ed\u00fd de\u0148, naj\u010dastej\u0161ie s\u00fa z\u00e1kazn\u00edci udiven\u00ed: \u201cTo ste naozaj pri\u0161li na bicykli? V takom snehu? Toto naozaj zvl\u00e1dnete zobra\u0165\u201d?<\/em><\/p>\n<p><strong>Keby si nerobil tak\u00fato pr\u00e1cu, \u010do by si robil?<\/strong><br \/>\n<strong>Tom\u00e1\u0161:<\/strong> <em>No, to je dobr\u00e1 ot\u00e1zka. Ja som ako\u017ee aj \u0161kolu \u0161tudoval, ale m\u0148a to asi \u0165ah\u00e1 k fyzickej pr\u00e1ci. Pok\u00fdm som nerobil u \u0160uhaja, brig\u00e1doval som v arboristickej firme. A teda to stromolezectvo, to je v nie\u010dom asi podobn\u00e9 cyklokuri\u00e9r\u010dine. Bu\u010f loz\u00edm po stromoch, alebo sa u\u010d\u00edm bicyklova\u0165. Detsk\u00e9 sny.<\/em><br \/>\n<strong>Marek:<\/strong> <em>Neviem, ke\u010f na to pr\u00eddem, tak sa ozvem :). Som vy\u0161tudovan\u00fd historik, ale asi to bolo m\u00e1lo ak\u010dn\u00e9, mo\u017eno na to e\u0161te pr\u00edde.<\/em><\/p>\n<p><strong>M\u00e1te nejak\u00fd zauj\u00edmav\u00fd trik, ktor\u00fd pri jazden\u00ed na bicykli vyu\u017e\u00edva\u0161?<\/strong><br \/>\n<strong>Tom\u00e1\u0161:<\/strong> <em>Asi len tak\u00e9, \u017ee nabali\u0165 si 150 l batoh doplna, chyti\u0165 pod pazuchu e\u0161te jednu krabicu 100x60x30 a vyrazi\u0165 naprie\u010d osudom. Ale nie, m\u0148a osobne ve\u013emi bavia tak\u00e9 tie cyklokrosov\u00e9 vysadania, zosadania z biku. Rozbehn\u00fa\u0165 sa, nasko\u010di\u0165, alebo teda vice versa. Alebo ke\u010f rob\u00edm frajeriny a potom sa pred officom roz\u0161upujem na zemi.<\/em><br \/>\n<strong>Marek:<\/strong> <em>\u00cds\u0165 na kargobicykli Bullit bez dr\u017eania riad\u00edtok. Nie je to \u013eahk\u00e9. Okrem toho sk\u00fa\u0161a\u0165 v\u0161etky mo\u017en\u00e9 cyklokrosov\u00e9 skratky, aby to nebolo tak\u00e9 f\u00e1dne.<\/em><\/p>\n<div data-rows=\"1\" id='gallery-1' class='gallery-rows-1 gallery galleryid-6828 gallery-columns-2 gallery-size-full'><figure class='gallery-item'>\n\t\t\t<div class='gallery-icon landscape'>\n\t\t\t\t<a href='https:\/\/d2p6e6u75xmxt8.cloudfront.net\/4\/2019\/04\/02-2.webp'><img loading=\"lazy\" decoding=\"async\" width=\"1200\" height=\"800\" src=\"https:\/\/d2p6e6u75xmxt8.cloudfront.net\/4\/2019\/04\/02-2.webp\" class=\"attachment-full size-full\" alt=\"\" srcset=\"https:\/\/d2p6e6u75xmxt8.cloudfront.net\/4\/2019\/04\/02-2.webp 1200w, https:\/\/d2p6e6u75xmxt8.cloudfront.net\/4\/2019\/04\/02-2-300x200.webp 300w, https:\/\/d2p6e6u75xmxt8.cloudfront.net\/4\/2019\/04\/02-2-1024x683.webp 1024w, https:\/\/d2p6e6u75xmxt8.cloudfront.net\/4\/2019\/04\/02-2-768x512.webp 768w, https:\/\/d2p6e6u75xmxt8.cloudfront.net\/4\/2019\/04\/02-2-272x182.webp 272w\" sizes=\"auto, (max-width: 1200px) 100vw, 1200px\" \/><\/a>\n\t\t\t<\/div><\/figure><figure class='gallery-item'>\n\t\t\t<div class='gallery-icon landscape'>\n\t\t\t\t<a href='https:\/\/d2p6e6u75xmxt8.cloudfront.net\/4\/2019\/04\/03.webp'><img loading=\"lazy\" decoding=\"async\" width=\"1200\" height=\"800\" src=\"https:\/\/d2p6e6u75xmxt8.cloudfront.net\/4\/2019\/04\/03.webp\" class=\"attachment-full size-full\" alt=\"\" srcset=\"https:\/\/d2p6e6u75xmxt8.cloudfront.net\/4\/2019\/04\/03.webp 1200w, https:\/\/d2p6e6u75xmxt8.cloudfront.net\/4\/2019\/04\/03-300x200.webp 300w, https:\/\/d2p6e6u75xmxt8.cloudfront.net\/4\/2019\/04\/03-1024x683.webp 1024w, https:\/\/d2p6e6u75xmxt8.cloudfront.net\/4\/2019\/04\/03-768x512.webp 768w, https:\/\/d2p6e6u75xmxt8.cloudfront.net\/4\/2019\/04\/03-272x182.webp 272w\" sizes=\"auto, (max-width: 1200px) 100vw, 1200px\" \/><\/a>\n\t\t\t<\/div><\/figure>\n\t\t<\/div>\n        \n<p><strong>Pondelky a piatky s\u00fa exponovan\u00e9 dni a doprava, ale aj \u013eudia sa bl\u00e1znia. Zasahuje to aj do tvojej pr\u00e1ce?<\/strong><br \/>\n<strong>Tom\u00e1\u0161:<\/strong> <em>Tak my sme kv\u00e1zi profesion\u00e1li v tom, ako sa pohybova\u0165 v prem\u00e1vke. M\u0148a osobne bav\u00ed prediera\u0165 sa cez upchat\u00fa Vajnorsk\u00fa \u010di Trnavsk\u00fa. T\u00fdm si kv\u00e1zi nahr\u00e1dzam ten adrenal\u00edn, ktor\u00fd m\u00e1m, ke\u010f idem jazdi\u0165 do lesa.<\/em><br \/>\n<strong>Marek:<\/strong> <em>V pondelky sa mi doprava nezd\u00e1 nejako z\u00e1sadne in\u00e1, ale piatky poobedia b\u00fdvaj\u00fa hust\u00e9. Je to pr\u00edjemn\u00fd pocit, u\u017e v\u00e4\u010d\u0161inou medzi nami panuje tak\u00e1 uvo\u013enen\u00e1 atmosf\u00e9ra a do toho sa prediera\u0165 cez tie nekone\u010dn\u00e9 aut\u00e1. Celkom to m\u00e1m r\u00e1d, ak sa samozrejme aj ja nepon\u00e1h\u013eam niekam von.<\/em><\/p>\n<p><strong>Nepripad\u00e1\u0161 si niekedy ako superhrdina na bicykli?<\/strong><br \/>\n<strong>Tom\u00e1\u0161:<\/strong> <em>Nie.<\/em><br \/>\n<strong>Marek:<\/strong> <em>\u00c1no, v\u017edy.<\/em><\/p>\n<p><strong>Ktor\u00fa vec alebo vlastnos\u0165 vyslovene nezn\u00e1\u0161a\u0161 a pravidelne sa s \u0148ou stret\u00e1va\u0161 popri svojej pr\u00e1ci?<\/strong><br \/>\n<strong>Tom\u00e1\u0161:<\/strong> <em>Arogancia a \u00fazkoprsos\u0165 vodi\u010dov. A z toho vypl\u00fdva, z \u010doho som aj smutn\u00fd, \u017ee som \u010d\u00edm viac, t\u00fdm zatrpklej\u0161\u00ed a s\u00e1m arogantn\u00fd. Ale sna\u017e\u00edm sa uvedomova\u0165 si to, a by\u0165 oh\u013eadupln\u00fd.<\/em><br \/>\n<strong>Marek:<\/strong> <em>Ke\u010f je cel\u00fd de\u0148 -1\u00b0C a pr\u0161\u00ed. Vtedy je to tak\u00e9 romantick\u00e9, ale treba sa do toho vc\u00edti\u0165 a dlho to trv\u00e1. Nezn\u00e1\u0161am e\u0161te prudk\u00fd vietor v kombin\u00e1cii s bratislavskou \u0161pinou a prachom. Vtedy nepom\u00f4\u017eu \u017eiadne okuliare, je to v\u0161ade a je to nepr\u00edjemn\u00e9. Vietor vie takisto potr\u00e1pi\u0165 pri v\u00fd\u0161kov\u00fdch budov\u00e1ch, kam \u010dasto chod\u00edme. Treba d\u00e1va\u0165 pozor na v\u0161etko, \u010do nie je poriadne pripevnen\u00e9 na kargobiku, ve\u013eakr\u00e1t som nah\u00e1\u0148al r\u00f4zne papiere, dekle a podobne. \u010co sa t\u00fdka dopravy, tak tak\u00e9 to \u201cma\u010dovstvo\u201d a sebectvo na cest\u00e1ch zo v\u0161etk\u00fdch str\u00e1n, \u010di u\u017e je to MHD, auto, alebo aj cyklista.<\/em><\/p>\n<p><strong>Pri svojej pr\u00e1ci vyu\u017e\u00edva\u0161 len silu vlastn\u00e9ho tela a bicykel, \u010di\u017ee dopravn\u00fd prostriedok, ktor\u00fd m\u00e1 u\u017e skoro dvesto rokov. Ak\u00fd je tvoj n\u00e1zor na modern\u00e9 technol\u00f3gie?<\/strong><br \/>\n<strong>Tom\u00e1\u0161:<\/strong> <em>Ja m\u00e1m ve\u013emi r\u00e1d anal\u00f3gov\u00e9 veci. Trochu ma otravuje pr\u00eds\u0165 ve\u010der domov a d\u00e1va\u0165 nab\u00edja\u0165 p\u00e4\u0165 r\u00f4znych vec\u00ed. Ako\u017ee gps a kuri\u00e9rske appky s\u00fa nenahradite\u013en\u00e9, ale ja som z\u00e1stancom tak\u00e9ho minimalizmu, \u017ee pokia\u013e nie som prof\u00edk, tak mi toho Garmina, ani HR monitor, ani powermeter netreba.<\/em><br \/>\n<strong>Marek:<\/strong> <em>A \u010do sa t\u00fdka bicyklov, tak nefungujem na \u00faplne najmodernej\u0161\u00edch strojoch, ale v r\u00e1mci mo\u017enost\u00ed to sledujem. V\u0161etky modern\u00e9 technol\u00f3gie potrebuj\u00fa \u010das, ten uk\u00e1\u017ee, ktor\u00e9 veci s\u00fa vlastne prelomov\u00e9 a ktor\u00e9 zostan\u00fa zabudnut\u00e9.<\/em><\/p>\n<p><a href=\"https:\/\/d2p6e6u75xmxt8.cloudfront.net\/4\/2019\/04\/04-1.jpg\"><img loading=\"lazy\" decoding=\"async\" class=\"alignnone size-full wp-image-6833\" src=\"https:\/\/d2p6e6u75xmxt8.cloudfront.net\/4\/2019\/04\/04-1.jpg\" alt=\"\" width=\"1200\" height=\"800\" \/><\/a><\/p>\n<p><strong>Ktor\u00fa \u010das\u0165 d\u0148a m\u00e1\u0161 ob\u013e\u00faben\u00fa pre doru\u010dovanie?<\/strong><br \/>\n<strong>Tom\u00e1\u0161:<\/strong> <em>Nezn\u00e1\u0161am vozi\u0165 jedlo, \u010di\u017ee asi v\u0161etko okrem obeda. Potom od tej 16-tej, ke\u010f sa za\u010d\u00edna mesto upch\u00e1va\u0165.<\/em><br \/>\n<strong>Marek:<\/strong> <em>M\u00e1m r\u00e1d poobedia, nie som ve\u013emi rann\u00fd \u010dlovek a to poobedie je tak\u00e9 fajn. Svieti slnko, \u013eudia u\u017e nie s\u00fa tak\u00ed vystresovan\u00ed. Ak teda n\u00e1hodou nejd\u00fa na slu\u017eobn\u00fa cestu za p\u00e1r min\u00fat a ja me\u0161k\u00e1m s nejak\u00fdmi d\u00f4le\u017eit\u00fdmi papiermi :).<\/em><\/p>\n<p><strong>Ako si organizuje\u0161 vyzdvihovanie a doru\u010dovanie z\u00e1sielok. Ako funguje logistika?<\/strong><br \/>\n<strong>Tom\u00e1\u0161:<\/strong> <em>To je tak\u00e1 mal\u00e1 m\u00e1gia, ale ako\u017ee v skratke si vie \u010dlovek odhadn\u00fa\u0165, kde bude \u010do asi sk\u00e1ka\u0165. Preto sa oplat\u00ed si zobra\u0165 job v centre, ktor\u00fd ide povedzme do Ru\u017einova, k nemu \u010fal\u0161\u00edch X, ktor\u00e9 id\u00fa z centra do Ru\u017einova. Potom m\u00e1 kv\u00e1zi len jednu cestu, ale zahusten\u00e9 vyzdvihy a doru\u010denia. Potom zrazu kolega rob\u00ed \u010dasovku, dostane defekt a treba zachra\u0148ova\u0165 a reorganizova\u0165 a optimalizova\u0165, a v\u0161etky tieto zahrani\u010dne v\u00fdrazy.<\/em><br \/>\n<strong>Marek:<\/strong> <em>Logistika funguje medzi telef\u00f3nom, batohom a hlavou. Nie je to \u00faplne \u013eahk\u00e9, treba si stokr\u00e1t meni\u0165 trasu, pom\u00e1ha n\u00e1m vlastne ten telef\u00f3n, kde vid\u00edm, ak\u00e9 z\u00e1sielky rob\u00edm, \u010do mi treba vyzdvihova\u0165, \u010do u\u017e m\u00e1m v ruksaku. Do toho treba r\u00e1ta\u0165 ve\u013ekos\u0165 z\u00e1sielok, aby som to vlastne pomestil, po\u010dasie, aby neza\u010dalo pr\u0161a\u0165 a zmoklo mi nie\u010do pripnut\u00e9 na nosi\u010di.<\/em><\/p>\n<p><strong>D\u00e1 sa popri jazden\u00ed a doru\u010dovan\u00ed po meste po\u010d\u00fava\u0165 hudba na sl\u00fachadl\u00e1ch, alebo treba by\u0165 pozorn\u00fd a nerozpty\u013eova\u0165 sa?<\/strong><br \/>\n<strong>Tom\u00e1\u0161:<\/strong> <em>Ja som z\u00e1stancom pozornosti a nerozpty\u013eovania sa. My m\u00e1me dos\u0165 rozpty\u013eovania u\u017e tak \u010di onak. V jednom uchu vysiela\u010dka, v druhej telef\u00f3n.<\/em><br \/>\n<strong>Marek:<\/strong> <em>Niektor\u00ed kuri\u00e9ri po\u010d\u00favaj\u00fa hudbu, ja som to e\u0161te nejako nesk\u00fa\u0161al, po\u010das pr\u00e1ce m\u00e1m podnetov asi dos\u0165 a nepotrebujem to. \u00c1no, hovor\u00ed sa, \u017ee spr\u00e1vny cyklokuri\u00e9r m\u00e1 jednou rukou rozpr\u00e1va\u0165 do vysiela\u010dky, druhou h\u013eada\u0165 adresu v telef\u00f3ne, tre\u0165ou dr\u017ea\u0165 krabicu pod pazuchou, \u0161tvrtou tla\u010di\u0165 bagetku z Ra\u010dka, piatou faj\u010di\u0165 a to v\u0161etko skrz Trnavsk\u00e9 m\u00fdto, nie \u00faplne pod\u013ea predpisov.<\/em><\/p>\n<p><strong>Po\u010das roka jazd\u00ed\u0161 v ka\u017edom po\u010das\u00ed, ale nie v\u017edy je vonku pr\u00edjemne. \u010co sa lep\u0161ie zn\u00e1\u0161a &#8211; letn\u00e9 hor\u00fa\u010davy alebo zimn\u00e9 sychrav\u00e9 dni?<\/strong><br \/>\n<strong>Tom\u00e1\u0161:<\/strong> <em>Mne sa zd\u00e1, \u017ee je to v princ\u00edpe jedno. Obidve s\u00fa nepr\u00edjemn\u00e9.<\/em><br \/>\n<strong>Marek:<\/strong> <em>Zn\u00e1\u0161am lep\u0161ie zimu ako leto, mne a\u017e tak zima nevad\u00ed. Samozrejme som v\u0161ak r\u00e1d teraz na jar, ke\u010f svieti slnko a je 15\u00b0C, je to kone\u010dne to vyd\u00fdchnutie po zime, ktor\u00e9 vz\u00fdvame u\u017e od decembra :).<\/em><\/p>\n<p><a href=\"https:\/\/d2p6e6u75xmxt8.cloudfront.net\/4\/2019\/04\/05.jpg\"><img loading=\"lazy\" decoding=\"async\" class=\"alignnone size-full wp-image-6834\" src=\"https:\/\/d2p6e6u75xmxt8.cloudfront.net\/4\/2019\/04\/05.jpg\" alt=\"\" width=\"1200\" height=\"800\" \/><\/a><\/p>\n<p><strong>S predch\u00e1dzaj\u00facou ot\u00e1zkou mi napad\u00e1, \u017ee ke\u010fze jazd\u00ed\u0161 vonku v teple \u010di zime, b\u00fdva\u0161 \u010dastej\u0161ie chor\u00fd, alebo si v\u010faka svojej pr\u00e1ci otu\u017eil\u00fd a choroby sa ti vyh\u00fdbaj\u00fa?<\/strong><br \/>\n<strong>Tom\u00e1\u0161:<\/strong> <em>Presne t\u00e1 druh\u00e1 mo\u017enos\u0165. M\u00e1me hro\u0161iu ko\u017eu, imunita tis\u00edc.<\/em><br \/>\n<strong>Marek:<\/strong> <em>B\u00fdvam chor\u00fd iba vtedy, ke\u010f sa ne\u010dakane otepl\u00ed a pref\u00fakne ma. Ale tie\u017e je to tak\u00e9, \u017ee za dva &#8211; tri dni to najhor\u0161ie prejde a potom sa u\u017e doma nud\u00edm.<\/em><\/p>\n<p><strong>M\u00e1\u0161 nejak\u00e9 ob\u013e\u00faben\u00e9 cyklo oble\u010denie do sychrav\u00fdch dn\u00ed?<\/strong><br \/>\n<strong>Tom\u00e1\u0161:<\/strong> <em>Turistick\u00e1 bunda GORE-TEX PACLITE\u00ae. Eventov\u00e9 vibramy. Lycrov\u00e9 n\u00e1vleky na nohy, merino thermo a \u00faplne najv\u00e4\u010d\u0161ia vychyt\u00e1vka s\u00fa windstopperov\u00e9 rukavice s odkl\u00e1pac\u00edmi prstami. Telef\u00f3n m\u00e1me v ruke ka\u017ed\u00fa min\u00fatu, a nemusie\u0165 si d\u00e1va\u0165 dole mokr\u00e9 rukavice, je super. A v\u0161etky tie \u201ctouch screen\u201d rukavice sa rozbij\u00fa za dva t\u00fd\u017edne.<\/em><br \/>\n<strong>Marek:<\/strong> <em>Zimn\u00e9 cyklogate s trakmi a softshellov\u00fd \u0161uhajsk\u00fd dres. Ak je naozaj zle, tak hardshell bunda od Pinguinu, ak je e\u0161te hor\u0161ie, tak aj gate a vibramky Dallap\u00e9.<\/em><\/p>\n<p><a href=\"https:\/\/d2p6e6u75xmxt8.cloudfront.net\/4\/2019\/04\/06.jpg\"><img loading=\"lazy\" decoding=\"async\" class=\"alignnone size-full wp-image-6835\" src=\"https:\/\/d2p6e6u75xmxt8.cloudfront.net\/4\/2019\/04\/06.jpg\" alt=\"\" width=\"1200\" height=\"800\" \/><\/a><\/p>\n<p><strong>Kuri\u00e9r sa stret\u00e1va s mnoh\u00fdmi \u013eu\u010fmi a z\u00e1kazn\u00edkmi po\u010das d\u0148a. Stalo sa u\u017e, \u017ee si niektor\u00fd z v\u00e1s v\u010faka svojej pr\u00e1ci na\u0161iel aj v\u00e1\u017enu zn\u00e1mos\u0165 a bola z toho ve\u013ek\u00e1 kuri\u00e9rska svadba?<\/strong><br \/>\n<strong>Tom\u00e1\u0161:<\/strong> <em>To ja asi neviem. Ale niektor\u00ed sa sna\u017eia koketova\u0165 na recepci\u00e1ch.<\/em><br \/>\n<strong>Marek:<\/strong> <em>E\u0161te nie, ale m\u00e1me aj tak\u00fdchto odborn\u00edkov. A v\u00e1\u017enu zn\u00e1mos\u0165 na\u0161iel n\u00e1\u0161 kuri\u00e9r na na\u0161om dispe\u010dingu :).<\/em><\/p>\n<p><strong>Ako vn\u00edma\u0161 konkurenciu?<\/strong><br \/>\n<strong>Tom\u00e1\u0161:<\/strong> <em>Prakticky ve\u013emi nie je. Minim\u00e1lne nie v takom rozsahu. V\u00e4\u010d\u0161inou po svete funguj\u00fa cyklokuri\u00e9ri ako jedna ve\u013ek\u00e1 komunita, ktor\u00fa sp\u00e1ja asi najviac tak\u00fd punkov\u00fd, anti-establishment postoj. S\u00fa\u0165a\u017eivosti je potom u\u010dinenej zados\u0165 na lok\u00e1lnych pretekoch \u010di majstrovstv\u00e1ch.<\/em><br \/>\n<strong>Marek:<\/strong> <em>Cyklokuri\u00e9rsku vn\u00edmam kamar\u00e1tsky, ke\u010f\u017ee je ve\u013emi mal\u00e1. Okrem n\u00e1s funguj\u00fa v podstate dvaja \u010fal\u0161\u00ed cyklokuri\u00e9ri, ktor\u00fdch pozn\u00e1m. Pozit\u00edvne vn\u00edmam aj pizzakuri\u00e9rov z Dominos, ktor\u00fdch zdrav\u00edm, ale nepozn\u00e1m. Negat\u00edvne vn\u00edmam autokuri\u00e9rov, hlavne r\u00e1no v pe\u0161ej z\u00f3ne a centre mesta. Je jasn\u00e9, \u017ee za t\u00fdchto podmienok to bude aj na\u010falej. Ten tlak na verejn\u00e9 priestranstvo, ekologickos\u0165, a v centre aj r\u00fdchlos\u0165, asi e\u0161te mus\u00ed pr\u00eds\u0165.<\/em><\/p>\n<p><strong>St\u00e1va sa ti, \u017ee z\u00e1kazn\u00edka prekvap\u00ed\u0161 r\u00fdchlos\u0165ou doru\u010denia?<\/strong><br \/>\n<strong>Marek:<\/strong> <em>\u00c1no, samozrejme. Nov\u00ed z\u00e1kazn\u00edci s\u00fa ve\u013emi prekvapen\u00ed, ke\u010f sa dozvedia, \u017ee nie\u010do m\u00f4\u017eu ma\u0165 do polhodiny, do 15 min. a podobne. Takisto v doru\u010dovan\u00ed jedla b\u00fdvaj\u00fa \u013eudia ve\u013emi prekvapen\u00ed. Ve\u010f ja som si to objednal 10 min\u00fat dozadu, ako je mo\u017en\u00e9, \u017ee ste u\u017e tu?<\/em><br \/>\n<strong>Tom\u00e1\u0161:<\/strong> <em>Je to tak, ako hovor\u00ed Marek. \u013dudia s\u00fa zvyknut\u00ed na tradi\u010dn\u00e9 kuri\u00e9rske spolo\u010dnosti alebo po\u0161tu. \u010ci\u017ee mo\u017enos\u0165 ma\u0165 nie\u010do niekde za 30 min\u00fat, je z in\u00e9ho sveta.<\/em><\/p>\n<p><strong>Ak\u00fa najzvl\u00e1\u0161tnej\u0161iu z\u00e1sielku si doru\u010doval?<\/strong><br \/>\n<strong>Marek:<\/strong> <em>Ve\u013emi vtipn\u00e9 s\u00fa rozmern\u00e9 kusy n\u00e1bytku, ale vlastne v\u0161etko nadrozmern\u00e9 v pe\u0161ej z\u00f3ne. R\u00f4zne tulivaky, gau\u010de, spotrebi\u010de a podobn\u00e9 daj\u00fa zabra\u0165. V poslednej dobe si pam\u00e4t\u00e1m nejak\u00fa frit\u00e9zu pripnut\u00fa na ruksaku a cca 15 skladac\u00edch stoli\u010diek na bullite.<\/em><br \/>\n<strong>Tom\u00e1\u0161:<\/strong> <em>Presne tak, ve\u013ekorozmern\u00e9, \u0165a\u017ek\u00e9, alebo aj-aj veci s\u00fa v\u00e4\u010d\u0161inou najvtipnej\u0161ie. Pol tony kn\u00edh na pr\u00edvese. Lamin\u00e1tove dosky, 1,8 m x 1,8 m. 3 m dlh\u00fa rolku nie\u010doho. 26 sixpackov piva zaf\u00f3liovan\u00fdch dokopy. Potom mus\u00ed \u010dlovek vym\u00fd\u0161\u013ea\u0165, ako to vezme, a to je t\u00e1 najv\u00e4\u010d\u0161ia sranda.<\/em><\/p>\n<p><a href=\"https:\/\/d2p6e6u75xmxt8.cloudfront.net\/4\/2019\/04\/08.jpg\"><img loading=\"lazy\" decoding=\"async\" class=\"alignnone size-full wp-image-6836\" src=\"https:\/\/d2p6e6u75xmxt8.cloudfront.net\/4\/2019\/04\/08.jpg\" alt=\"\" width=\"1200\" height=\"800\" \/><\/a><\/p>\n<p><strong>Vo svojom vo\u013enom \u010dase preferuje\u0161 cestn\u00fa alebo horsk\u00fa cyklistiku?<\/strong><br \/>\n<strong>Marek:<\/strong> <em>Bu\u010f tak\u00fa v\u00fdletn\u00fa s kamar\u00e1tmi, alebo v\u00fdjazdy na kroske do Karp\u00e1t. Drtenie cestn\u00fdch kilometrov m\u00e1m r\u00e1d, ale nem\u00e1m r\u00e1d trasy, ktor\u00e9 sa opakuj\u00fa. \u017denu m\u00e1m zo \u0160amor\u00edna a tie hr\u00e1dzov\u00e9 kilometre ma po p\u00e1r d\u0148och prestan\u00fa bavi\u0165. Samozrejme sa te\u0161\u00edm, ak s\u00fa u n\u00e1s alebo niekde v okol\u00ed mestsk\u00e9 preteky Alleycat, to je to prav\u00e9 pre n\u00e1s.<\/em><br \/>\n<strong>Tom\u00e1\u0161:<\/strong> <em>M\u00e1m r\u00e1d oboje. Drti\u0165 kopce alebo dia\u013eky na fixke na 25-k\u00e1ch, XC okruhy na MTB alebo tak\u00e9 \u013eah\u0161ie enduro na hardtaile. Treba to strieda\u0165. Dos\u0165 \u010dasto \u013eudia od n\u00e1s z fachu zanevr\u00fa na vo\u013eno\u010dasov\u00e9 jazdenie, nako\u013eko sprav\u00edme t\u00fdch 13-tis\u00edc km ro\u010dne tak, \u010di onak. Preto si treba poveda\u0165, \u017ee \u017eivot je hrot, v piatok po pr\u00e1ci sa pobali\u0165, udrie\u0165 650 km za v\u00edkend a v pondelok vyst\u00fapi\u0165 v Bratislave z no\u010dn\u00e9ho vlaku.<\/em><\/p>\n<p>\u010eakujeme za rozhovor a prajeme ve\u013ea \u00faspechov.<\/p>\n","protected":false},"excerpt":{"rendered":"<p>Spr\u00e1vny cyklokuri\u00e9r m\u00e1 jednou rukou rozpr\u00e1va\u0165 do vysiela\u010dky, druhou h\u013eada\u0165 adresu v telef\u00f3ne, tre\u0165ou dr\u017ea\u0165 krabicu pod pazuchou, \u0161tvrtou tla\u010di\u0165 [&hellip;]<\/p>\n","protected":false},"author":38,"featured_media":6829,"comment_status":"open","ping_status":"open","sticky":false,"template":"","format":"standard","meta":{"footnotes":""},"categories":[604],"tags":[912,521,522,275,115,865,487,911,629,913,914,638,501,777,523,910],"global-categories":[],"class_list":["post-6828","post","type-post","status-publish","format-standard","has-post-thumbnail","hentry","category-urban-cyklistika","tag-balik","tag-bratislava","tag-bratislavsky-samospravny-kraj","tag-cesta","tag-cestna-cyklistika","tag-cestna-premavka","tag-cestny-bicykel","tag-cyklokurier","tag-doprava","tag-dorucenie","tag-kurier","tag-preprava","tag-rozhovor","tag-slovenske-cesty","tag-slovensko","tag-svihaj-suhaj"],"yoast_head":"<!-- This site is optimized with the Yoast SEO Premium plugin v25.3 (Yoast SEO v25.9) - https:\/\/yoast.com\/wordpress\/plugins\/seo\/ -->\n<title>Rozhovor: \u0160vihaj \u0160uhaj - na bicykloch najazd\u00edme aj 13-tis\u00edc kilometrov ro\u010dne - \u0160koda We Love Cycling Slovensko<\/title>\n<meta name=\"robots\" content=\"index, follow, max-snippet:-1, max-image-preview:large, max-video-preview:-1\" \/>\n<link rel=\"canonical\" href=\"https:\/\/www.welovecycling.com\/sk\/2019\/05\/02\/rozhovor-svihaj-suhaj-na-bicykloch-najazdia-13-tisic-kilometrov-rocne\/\" \/>\n<meta property=\"og:locale\" content=\"sk_SK\" \/>\n<meta property=\"og:type\" content=\"article\" \/>\n<meta property=\"og:title\" content=\"Rozhovor: \u0160vihaj \u0160uhaj - na bicykloch najazd\u00edme aj 13-tis\u00edc kilometrov ro\u010dne\" \/>\n<meta property=\"og:description\" content=\"Spr\u00e1vny cyklokuri\u00e9r m\u00e1 jednou rukou rozpr\u00e1va\u0165 do vysiela\u010dky, druhou h\u013eada\u0165 adresu v telef\u00f3ne, tre\u0165ou dr\u017ea\u0165 krabicu pod pazuchou, \u0161tvrtou tla\u010di\u0165 [&hellip;]\" \/>\n<meta property=\"og:url\" content=\"https:\/\/www.welovecycling.com\/sk\/2019\/05\/02\/rozhovor-svihaj-suhaj-na-bicykloch-najazdia-13-tisic-kilometrov-rocne\/\" \/>\n<meta property=\"og:site_name\" content=\"\u0160koda We Love Cycling Slovensko\" \/>\n<meta property=\"article:published_time\" content=\"2019-05-02T11:14:01+00:00\" \/>\n<meta property=\"article:modified_time\" content=\"2019-11-21T08:27:17+00:00\" \/>\n<meta property=\"og:image\" content=\"https:\/\/d2p6e6u75xmxt8.cloudfront.net\/4\/2019\/04\/titulka-2.webp\" \/>\n\t<meta property=\"og:image:width\" content=\"1380\" \/>\n\t<meta property=\"og:image:height\" content=\"600\" \/>\n\t<meta property=\"og:image:type\" content=\"image\/webp\" \/>\n<meta name=\"author\" content=\"Ondrej Ga\u0161par\" \/>\n<meta name=\"twitter:card\" content=\"summary_large_image\" \/>\n<meta name=\"twitter:label1\" content=\"Written by\" \/>\n\t<meta name=\"twitter:data1\" content=\"We Love Cycling\" \/>\n\t<meta name=\"twitter:label2\" content=\"Est. reading time\" \/>\n\t<meta name=\"twitter:data2\" content=\"13\" \/>\n<script type=\"application\/ld+json\" class=\"yoast-schema-graph\">{\"@context\":\"https:\/\/schema.org\",\"@graph\":[{\"@type\":\"WebPage\",\"@id\":\"https:\/\/www.welovecycling.com\/sk\/2019\/05\/02\/rozhovor-svihaj-suhaj-na-bicykloch-najazdia-13-tisic-kilometrov-rocne\/\",\"url\":\"https:\/\/www.welovecycling.com\/sk\/2019\/05\/02\/rozhovor-svihaj-suhaj-na-bicykloch-najazdia-13-tisic-kilometrov-rocne\/\",\"name\":\"Rozhovor: \u0160vihaj \u0160uhaj - na bicykloch najazd\u00edme aj 13-tis\u00edc kilometrov ro\u010dne - \u0160koda We Love Cycling Slovensko\",\"isPartOf\":{\"@id\":\"https:\/\/www.welovecycling.com\/sk\/#website\"},\"primaryImageOfPage\":{\"@id\":\"https:\/\/www.welovecycling.com\/sk\/2019\/05\/02\/rozhovor-svihaj-suhaj-na-bicykloch-najazdia-13-tisic-kilometrov-rocne\/#primaryimage\"},\"image\":{\"@id\":\"https:\/\/www.welovecycling.com\/sk\/2019\/05\/02\/rozhovor-svihaj-suhaj-na-bicykloch-najazdia-13-tisic-kilometrov-rocne\/#primaryimage\"},\"thumbnailUrl\":\"https:\/\/d2p6e6u75xmxt8.cloudfront.net\/4\/2019\/04\/titulka-2.webp\",\"datePublished\":\"2019-05-02T11:14:01+00:00\",\"dateModified\":\"2019-11-21T08:27:17+00:00\",\"author\":{\"@id\":\"https:\/\/www.welovecycling.com\/sk\/#\/schema\/person\/8ee09ba39b7e25b1870160aa5b3a89bc\"},\"breadcrumb\":{\"@id\":\"https:\/\/www.welovecycling.com\/sk\/2019\/05\/02\/rozhovor-svihaj-suhaj-na-bicykloch-najazdia-13-tisic-kilometrov-rocne\/#breadcrumb\"},\"inLanguage\":\"sk-SK\",\"potentialAction\":[{\"@type\":\"ReadAction\",\"target\":[\"https:\/\/www.welovecycling.com\/sk\/2019\/05\/02\/rozhovor-svihaj-suhaj-na-bicykloch-najazdia-13-tisic-kilometrov-rocne\/\"]}]},{\"@type\":\"ImageObject\",\"inLanguage\":\"sk-SK\",\"@id\":\"https:\/\/www.welovecycling.com\/sk\/2019\/05\/02\/rozhovor-svihaj-suhaj-na-bicykloch-najazdia-13-tisic-kilometrov-rocne\/#primaryimage\",\"url\":\"https:\/\/d2p6e6u75xmxt8.cloudfront.net\/4\/2019\/04\/titulka-2.webp\",\"contentUrl\":\"https:\/\/d2p6e6u75xmxt8.cloudfront.net\/4\/2019\/04\/titulka-2.webp\",\"width\":1380,\"height\":600},{\"@type\":\"BreadcrumbList\",\"@id\":\"https:\/\/www.welovecycling.com\/sk\/2019\/05\/02\/rozhovor-svihaj-suhaj-na-bicykloch-najazdia-13-tisic-kilometrov-rocne\/#breadcrumb\",\"itemListElement\":[{\"@type\":\"ListItem\",\"position\":1,\"name\":\"Home\",\"item\":\"https:\/\/www.welovecycling.com\/sk\/\"},{\"@type\":\"ListItem\",\"position\":2,\"name\":\"Rozhovor: \u0160vihaj \u0160uhaj &#8211; na bicykloch najazd\u00edme aj 13-tis\u00edc kilometrov ro\u010dne\"}]},{\"@type\":\"WebSite\",\"@id\":\"https:\/\/www.welovecycling.com\/sk\/#website\",\"url\":\"https:\/\/www.welovecycling.com\/sk\/\",\"name\":\"\u0160koda We Love Cycling Slovensko\",\"description\":\"\u0160koda We Love Cycling Slovensko je v\u00e1\u0161 ka\u017edodenn\u00fd zdroj noviniek a in\u0161pir\u00e1cie z sveta cyklistiky\",\"potentialAction\":[{\"@type\":\"SearchAction\",\"target\":{\"@type\":\"EntryPoint\",\"urlTemplate\":\"https:\/\/www.welovecycling.com\/sk\/?s={search_term_string}\"},\"query-input\":{\"@type\":\"PropertyValueSpecification\",\"valueRequired\":true,\"valueName\":\"search_term_string\"}}],\"inLanguage\":\"sk-SK\"},{\"@type\":\"Person\",\"@id\":\"https:\/\/www.welovecycling.com\/sk\/#\/schema\/person\/8ee09ba39b7e25b1870160aa5b3a89bc\",\"name\":\"Ondrej Ga\u0161par\",\"image\":{\"@type\":\"ImageObject\",\"inLanguage\":\"sk-SK\",\"@id\":\"https:\/\/www.welovecycling.com\/sk\/#\/schema\/person\/image\/\",\"url\":\"https:\/\/secure.gravatar.com\/avatar\/6126c9afb87b70da5abbb083ddbb21933da15f18f8ca7cb822aba0fb096a48f6?s=96&d=mm&r=g\",\"contentUrl\":\"https:\/\/secure.gravatar.com\/avatar\/6126c9afb87b70da5abbb083ddbb21933da15f18f8ca7cb822aba0fb096a48f6?s=96&d=mm&r=g\",\"caption\":\"Ondrej Ga\u0161par\"},\"url\":\"https:\/\/www.welovecycling.com\/sk\/author\/ondrejgaspar\/\"}]}<\/script>\n<!-- \/ Yoast SEO Premium plugin. -->","yoast_head_json":{"title":"Rozhovor: \u0160vihaj \u0160uhaj - na bicykloch najazd\u00edme aj 13-tis\u00edc kilometrov ro\u010dne - \u0160koda We Love Cycling Slovensko","robots":{"index":"index","follow":"follow","max-snippet":"max-snippet:-1","max-image-preview":"max-image-preview:large","max-video-preview":"max-video-preview:-1"},"canonical":"https:\/\/www.welovecycling.com\/sk\/2019\/05\/02\/rozhovor-svihaj-suhaj-na-bicykloch-najazdia-13-tisic-kilometrov-rocne\/","og_locale":"sk_SK","og_type":"article","og_title":"Rozhovor: \u0160vihaj \u0160uhaj - na bicykloch najazd\u00edme aj 13-tis\u00edc kilometrov ro\u010dne","og_description":"Spr\u00e1vny cyklokuri\u00e9r m\u00e1 jednou rukou rozpr\u00e1va\u0165 do vysiela\u010dky, druhou h\u013eada\u0165 adresu v telef\u00f3ne, tre\u0165ou dr\u017ea\u0165 krabicu pod pazuchou, \u0161tvrtou tla\u010di\u0165 [&hellip;]","og_url":"https:\/\/www.welovecycling.com\/sk\/2019\/05\/02\/rozhovor-svihaj-suhaj-na-bicykloch-najazdia-13-tisic-kilometrov-rocne\/","og_site_name":"\u0160koda We Love Cycling Slovensko","article_published_time":"2019-05-02T11:14:01+00:00","article_modified_time":"2019-11-21T08:27:17+00:00","og_image":[{"width":1380,"height":600,"url":"https:\/\/d2p6e6u75xmxt8.cloudfront.net\/4\/2019\/04\/titulka-2.webp","type":"image\/webp"}],"author":"Ondrej Ga\u0161par","twitter_card":"summary_large_image","twitter_misc":{"Written by":"We Love Cycling","Est. reading time":"13"},"schema":{"@context":"https:\/\/schema.org","@graph":[{"@type":"WebPage","@id":"https:\/\/www.welovecycling.com\/sk\/2019\/05\/02\/rozhovor-svihaj-suhaj-na-bicykloch-najazdia-13-tisic-kilometrov-rocne\/","url":"https:\/\/www.welovecycling.com\/sk\/2019\/05\/02\/rozhovor-svihaj-suhaj-na-bicykloch-najazdia-13-tisic-kilometrov-rocne\/","name":"Rozhovor: \u0160vihaj \u0160uhaj - na bicykloch najazd\u00edme aj 13-tis\u00edc kilometrov ro\u010dne - \u0160koda We Love Cycling Slovensko","isPartOf":{"@id":"https:\/\/www.welovecycling.com\/sk\/#website"},"primaryImageOfPage":{"@id":"https:\/\/www.welovecycling.com\/sk\/2019\/05\/02\/rozhovor-svihaj-suhaj-na-bicykloch-najazdia-13-tisic-kilometrov-rocne\/#primaryimage"},"image":{"@id":"https:\/\/www.welovecycling.com\/sk\/2019\/05\/02\/rozhovor-svihaj-suhaj-na-bicykloch-najazdia-13-tisic-kilometrov-rocne\/#primaryimage"},"thumbnailUrl":"https:\/\/d2p6e6u75xmxt8.cloudfront.net\/4\/2019\/04\/titulka-2.webp","datePublished":"2019-05-02T11:14:01+00:00","dateModified":"2019-11-21T08:27:17+00:00","author":{"@id":"https:\/\/www.welovecycling.com\/sk\/#\/schema\/person\/8ee09ba39b7e25b1870160aa5b3a89bc"},"breadcrumb":{"@id":"https:\/\/www.welovecycling.com\/sk\/2019\/05\/02\/rozhovor-svihaj-suhaj-na-bicykloch-najazdia-13-tisic-kilometrov-rocne\/#breadcrumb"},"inLanguage":"sk-SK","potentialAction":[{"@type":"ReadAction","target":["https:\/\/www.welovecycling.com\/sk\/2019\/05\/02\/rozhovor-svihaj-suhaj-na-bicykloch-najazdia-13-tisic-kilometrov-rocne\/"]}]},{"@type":"ImageObject","inLanguage":"sk-SK","@id":"https:\/\/www.welovecycling.com\/sk\/2019\/05\/02\/rozhovor-svihaj-suhaj-na-bicykloch-najazdia-13-tisic-kilometrov-rocne\/#primaryimage","url":"https:\/\/d2p6e6u75xmxt8.cloudfront.net\/4\/2019\/04\/titulka-2.webp","contentUrl":"https:\/\/d2p6e6u75xmxt8.cloudfront.net\/4\/2019\/04\/titulka-2.webp","width":1380,"height":600},{"@type":"BreadcrumbList","@id":"https:\/\/www.welovecycling.com\/sk\/2019\/05\/02\/rozhovor-svihaj-suhaj-na-bicykloch-najazdia-13-tisic-kilometrov-rocne\/#breadcrumb","itemListElement":[{"@type":"ListItem","position":1,"name":"Home","item":"https:\/\/www.welovecycling.com\/sk\/"},{"@type":"ListItem","position":2,"name":"Rozhovor: \u0160vihaj \u0160uhaj &#8211; na bicykloch najazd\u00edme aj 13-tis\u00edc kilometrov ro\u010dne"}]},{"@type":"WebSite","@id":"https:\/\/www.welovecycling.com\/sk\/#website","url":"https:\/\/www.welovecycling.com\/sk\/","name":"\u0160koda We Love Cycling Slovensko","description":"\u0160koda We Love Cycling Slovensko je v\u00e1\u0161 ka\u017edodenn\u00fd zdroj noviniek a in\u0161pir\u00e1cie z sveta cyklistiky","potentialAction":[{"@type":"SearchAction","target":{"@type":"EntryPoint","urlTemplate":"https:\/\/www.welovecycling.com\/sk\/?s={search_term_string}"},"query-input":{"@type":"PropertyValueSpecification","valueRequired":true,"valueName":"search_term_string"}}],"inLanguage":"sk-SK"},{"@type":"Person","@id":"https:\/\/www.welovecycling.com\/sk\/#\/schema\/person\/8ee09ba39b7e25b1870160aa5b3a89bc","name":"Ondrej Ga\u0161par","image":{"@type":"ImageObject","inLanguage":"sk-SK","@id":"https:\/\/www.welovecycling.com\/sk\/#\/schema\/person\/image\/","url":"https:\/\/secure.gravatar.com\/avatar\/6126c9afb87b70da5abbb083ddbb21933da15f18f8ca7cb822aba0fb096a48f6?s=96&d=mm&r=g","contentUrl":"https:\/\/secure.gravatar.com\/avatar\/6126c9afb87b70da5abbb083ddbb21933da15f18f8ca7cb822aba0fb096a48f6?s=96&d=mm&r=g","caption":"Ondrej Ga\u0161par"},"url":"https:\/\/www.welovecycling.com\/sk\/author\/ondrejgaspar\/"}]}},"_links":{"self":[{"href":"https:\/\/www.welovecycling.com\/sk\/wp-json\/wp\/v2\/posts\/6828","targetHints":{"allow":["GET"]}}],"collection":[{"href":"https:\/\/www.welovecycling.com\/sk\/wp-json\/wp\/v2\/posts"}],"about":[{"href":"https:\/\/www.welovecycling.com\/sk\/wp-json\/wp\/v2\/types\/post"}],"author":[{"embeddable":true,"href":"https:\/\/www.welovecycling.com\/sk\/wp-json\/wp\/v2\/users\/38"}],"replies":[{"embeddable":true,"href":"https:\/\/www.welovecycling.com\/sk\/wp-json\/wp\/v2\/comments?post=6828"}],"version-history":[{"count":2,"href":"https:\/\/www.welovecycling.com\/sk\/wp-json\/wp\/v2\/posts\/6828\/revisions"}],"predecessor-version":[{"id":7094,"href":"https:\/\/www.welovecycling.com\/sk\/wp-json\/wp\/v2\/posts\/6828\/revisions\/7094"}],"wp:featuredmedia":[{"embeddable":true,"href":"https:\/\/www.welovecycling.com\/sk\/wp-json\/wp\/v2\/media\/6829"}],"wp:attachment":[{"href":"https:\/\/www.welovecycling.com\/sk\/wp-json\/wp\/v2\/media?parent=6828"}],"wp:term":[{"taxonomy":"category","embeddable":true,"href":"https:\/\/www.welovecycling.com\/sk\/wp-json\/wp\/v2\/categories?post=6828"},{"taxonomy":"post_tag","embeddable":true,"href":"https:\/\/www.welovecycling.com\/sk\/wp-json\/wp\/v2\/tags?post=6828"},{"taxonomy":"global-categories","embeddable":true,"href":"https:\/\/www.welovecycling.com\/sk\/wp-json\/wp\/v2\/global-categories?post=6828"}],"curies":[{"name":"wp","href":"https:\/\/api.w.org\/{rel}","templated":true}]}}