{"id":6817,"date":"2019-04-19T11:00:18","date_gmt":"2019-04-19T09:00:18","guid":{"rendered":"https:\/\/www.welovecycling.com\/sk\/?p=6817"},"modified":"2019-04-18T07:29:35","modified_gmt":"2019-04-18T05:29:35","slug":"ste-vy-a-vas-bicykel-pripraveni-na-novu-sezonu","status":"publish","type":"post","link":"https:\/\/www.welovecycling.com\/sk\/2019\/04\/19\/ste-vy-a-vas-bicykel-pripraveni-na-novu-sezonu\/","title":{"rendered":"Ste vy a v\u00e1\u0161 bicykel pripraven\u00ed na nov\u00fa sez\u00f3nu?"},"content":{"rendered":"<p><strong>Vonku je st\u00e1le teplej\u0161ie, a to postupne l\u00e1ka cyklistov von. Prv\u00fd v\u00fdjazd je dobr\u00e9 si trochu napl\u00e1nova\u0165. Mo\u017eno ste svoj bicykel nevideli pol roka, mo\u017eno ani poriadne neviete, kde by ste ho mali h\u013eada\u0165. Ke\u010f ho n\u00e1jdete, zist\u00edte z\u00e1sadn\u00fd probl\u00e9m, ktor\u00fd mus\u00edte vyrie\u0161i\u0165, aby bol pojazdn\u00fd. Vami vymedzen\u00fd \u010das na v\u00fdjazd sa tak r\u00fdchlo kr\u00e1ti.<\/strong><!--more--><\/p>\n<p>\u010co teda m\u00e1me urobi\u0165 pre to, aby sme svoj prv\u00fd jarn\u00fd de\u0148 tr\u00e9ningu nestr\u00e1vili v pivnici d\u00e1van\u00edm komponentov do pou\u017eite\u013en\u00e9ho stavu? Sk\u00fasime v\u00e1m tu v p\u00e1r bodoch poradi\u0165.<\/p>\n<h2><strong>Bicykel a v\u00fdbava<\/strong><\/h2>\n<p>Na v\u00e1\u0161 bike sa pokojne be\u017ete pozrie\u0165 u\u017e teraz. Mo\u017eno u\u017e minul\u00fd rok bolo potrebn\u00e9 na konci sez\u00f3ny vymeni\u0165 re\u0165az alebo in\u00e9 komponenty. Ak si nevediete denn\u00edk, tak z tejto d\u00f4le\u017eitej inform\u00e1cie m\u00f4\u017ee by\u0165 po zimnom sp\u00e1nku u\u017e len nejak\u00fd nekonkr\u00e9tny pocit. Preto je <strong>potrebn\u00e9 sa na v\u00e1\u0161ho mil\u00e1\u010dika pozrie\u0165 sk\u00f4r, ne\u017e vyraz\u00edte<\/strong>, aby ste skontrolovali jeho stav a pr\u00edpadne si ho stihli opravi\u0165 alebo napl\u00e1nova\u0165 n\u00e1v\u0161tevu servisu. S n\u00e1v\u0161tevou servisu to m\u00f4\u017ee by\u0165 zlo\u017eitej\u0161ie, na jar s\u00fa op\u00e4\u0165 pln\u00e9, a tak je ur\u010dite prospe\u0161n\u00e9 vyu\u017ei\u0165 z\u013eavy, ktor\u00e9 niektor\u00e9 servisy po\u010das zimy pon\u00fakali, aby pril\u00e1kali klientelu aj v uhorkovej sez\u00f3ne. \u010c\u00edm sk\u00f4r, t\u00fdm lep\u0161ie. Tak ako je potrebn\u00e9 skontrolova\u0165 stav bicykla, je dobr\u00e9 sa pozrie\u0165 aj na stav \u0161atn\u00edka a pr\u00edpadne <strong>sa z\u00e1sobi\u0165 aj teplej\u0161\u00edmi vrstvami oble\u010denia na jarn\u00e9 jazdenie<\/strong>.<\/p>\n<p><a href=\"https:\/\/d2p6e6u75xmxt8.cloudfront.net\/4\/2019\/04\/1.jpg\"><img loading=\"lazy\" decoding=\"async\" src=\"https:\/\/d2p6e6u75xmxt8.cloudfront.net\/4\/2019\/04\/1.jpg\" alt=\"\" width=\"1200\" height=\"800\" class=\"alignnone size-full wp-image-6819\" \/><\/a><\/p>\n<h2><strong>Rady pre prv\u00fd tr\u00e9ning sez\u00f3ny<\/strong><\/h2>\n<p>Samozrejme z\u00e1le\u017e\u00ed, kedy za\u010dnete jazdi\u0165, ale majte na pam\u00e4ti, \u017ee dni m\u00f4\u017eu by\u0165 e\u0161te st\u00e1le kr\u00e1tke, slnko na oblohe ni\u017e\u0161ie a na cest\u00e1ch vodi\u010di, ktor\u00ed po\u010das zimy skoro zabudli, ak\u00e9 je to bra\u0165 oh\u013ead na cyklistov. <strong>D\u00f4le\u017eit\u00e9 je pou\u017e\u00edva\u0165 svetl\u00e1 i po\u010das d\u0148a<\/strong>. Okrem odvyknut\u00fdch vodi\u010dov sa na cest\u00e1ch m\u00f4\u017eu po zime vyskytn\u00fa\u0165 tie\u017e \u010fal\u0161ie nov\u00e9 a nezn\u00e1me veci \u2013 diery! D\u00e1vajte preto pri svojich ob\u013e\u00faben\u00fdch zjazdoch pozor, m\u00f4\u017ee v\u00e1s tam prekvapi\u0165 nie\u010do nov\u00e9. <strong>Okrem dier je na cest\u00e1ch aj jemn\u00fd \u0161trk<\/strong>. Sna\u017ete sa mu vyh\u00fdba\u0165 alebo aspo\u0148 na \u0148om nebrzdi\u0165. So \u0161trkom sa sp\u00e1ja i v\u00e4\u010d\u0161ie riziko defektov. <strong>Majte so sebou n\u00e1hradn\u00fa du\u0161u a lepenie<\/strong>. Pri najv\u00e4\u010d\u0161ej smole pom\u00f4\u017eu peniaze na tax\u00edk alebo ochotn\u00fd kamar\u00e1t s autom. Pri jazde skoro r\u00e1no alebo v miestach, kam to\u013eko slne\u010dn\u00fdch l\u00fa\u010dov nedosiahne, m\u00f4\u017eete narazi\u0165 i na \u013ead. Zvyknite si pred jazdou skontrolova\u0165 teplotu vzduchu.<\/p>\n<p><a href=\"https:\/\/d2p6e6u75xmxt8.cloudfront.net\/4\/2019\/04\/2.jpg\"><img loading=\"lazy\" decoding=\"async\" src=\"https:\/\/d2p6e6u75xmxt8.cloudfront.net\/4\/2019\/04\/2.jpg\" alt=\"\" width=\"1200\" height=\"800\" class=\"alignnone size-full wp-image-6820\" \/><\/a><\/p>\n<h2><strong>\u010co si vzia\u0165 so sebou?<\/strong><\/h2>\n<p>A \u010do s v\u00fd\u017eivou? Vzh\u013eadom na ni\u017e\u0161ie vonkaj\u0161ie teploty, pravdepodobne nebudete ma\u0165 pocit, \u017ee potrebujete to\u013eko tekut\u00edn ako v lete. Telo sa aj tak pot\u00ed, a tak <strong>nezab\u00fadajte pravidelne pi\u0165<\/strong>. Pokia\u013e je voda v bid\u00f3noch prive\u013emi studen\u00e1, tak si ju m\u00f4\u017eete da\u0165 do zadn\u00fdch \u010dast\u00ed dresu, kde ju va\u0161e telesn\u00e9 teplo bude udr\u017eiava\u0165 pr\u00edjemne tepl\u00fa. \u010eal\u0161ou variantou s\u00fa bid\u00f3ny, ktor\u00e9 udr\u017eia va\u0161u vodu dlh\u0161ie tepl\u00fa alebo studen\u00fa. Je dobr\u00e9 si do vrec\u00e1k <strong>pribali\u0165 ty\u010dinku alebo ban\u00e1n navy\u0161e<\/strong>. Ke\u010f pr\u00edde k n\u00e1hlej zmene po\u010dasia, \u010do sa na jarn\u00fdch v\u00fdjazdoch stane \u013eahko, je dobr\u00e9 ma\u0165 so sebou nejak\u00fa energiu na doplnenie. <\/p>\n<p>Opakovanie je matka m\u00fadrosti. Tak\u017ee e\u0161te raz: <strong>Nezab\u00fadajte ma\u0165 pri sebe v pr\u00edpade defektu spr\u00e1vnu du\u0161u, lepenie, pumpi\u010dku (alebo bombi\u010dku s aplik\u00e1torom), pr\u00edpadne aj montp\u00e1ky<\/strong>. Tie\u017e e\u0161te spomeniem <strong>osvetlenie<\/strong> \u2013 nezabudnite na neho.<\/p>\n<p><a href=\"https:\/\/d2p6e6u75xmxt8.cloudfront.net\/4\/2019\/04\/3.jpg\"><img loading=\"lazy\" decoding=\"async\" src=\"https:\/\/d2p6e6u75xmxt8.cloudfront.net\/4\/2019\/04\/3.jpg\" alt=\"\" width=\"1200\" height=\"800\" class=\"alignnone size-full wp-image-6821\" \/><\/a><\/p>\n<h2><strong>Pre \u0161\u0165astlivcov<\/strong><\/h2>\n<p>Pokia\u013e bol Je\u017ei\u0161ko \u0161tedr\u00fd a \u010dak\u00e1 v\u00e1s jazdenie na novom stroji, tak i v tomto pr\u00edpade je <strong>nutn\u00e9 sa uisti\u0165, \u017ee je na \u0148om v\u0161etko v pojazdnom stave<\/strong>. M\u00f4\u017eu na \u0148om ch\u00fdba\u0165 napr\u00edklad ped\u00e1ly alebo ko\u0161\u00edky na bid\u00f3ny alebo v\u00e1m bicykel nemus\u00ed vyhovova\u0165 v oblasti sedla, d\u013a\u017eky predstavca a podobne. Posed si m\u00f4\u017eete nastavi\u0165 pod\u013ea predch\u00e1dzaj\u00faceho, ale pokia\u013e si nie ste ist\u00fd alebo v\u00e1s pri jazde tr\u00e1pia nejak\u00e9 bolesti \u010di discomfort, probl\u00e9m sa d\u00e1 vyrie\u0161i\u0165 odborn\u00fdm nastaven\u00edm posedu za pomoci \u0161peci\u00e1lnych pr\u00edstrojov a n\u00e1strojov.<\/p>\n","protected":false},"excerpt":{"rendered":"<p>Vonku je st\u00e1le teplej\u0161ie, a to postupne l\u00e1ka cyklistov von. Prv\u00fd v\u00fdjazd je dobr\u00e9 si trochu napl\u00e1nova\u0165. Mo\u017eno ste svoj [&hellip;]<\/p>\n","protected":false},"author":38,"featured_media":6818,"comment_status":"open","ping_status":"open","sticky":false,"template":"","format":"standard","meta":{"footnotes":""},"categories":[118],"tags":[619,275,115,865,487,180,902,417,413,532,905,412,190,777,55,290],"global-categories":[],"class_list":["post-6817","post","type-post","status-publish","format-standard","has-post-thumbnail","hentry","category-zabava","tag-bicyklovanie","tag-cesta","tag-cestna-cyklistika","tag-cestna-premavka","tag-cestny-bicykel","tag-horska-cyklistika","tag-horsky-bicykel","tag-jar","tag-jarna-udrzba","tag-jazdenie","tag-kontrola","tag-mtb","tag-priprava","tag-slovenske-cesty","tag-trening","tag-udrzba"],"yoast_head":"<!-- This site is optimized with the Yoast SEO Premium plugin v25.3 (Yoast SEO v25.9) - https:\/\/yoast.com\/wordpress\/plugins\/seo\/ -->\n<title>Ste vy a v\u00e1\u0161 bicykel pripraven\u00ed na nov\u00fa sez\u00f3nu? - \u0160koda We Love Cycling Slovensko<\/title>\n<meta name=\"robots\" content=\"index, follow, max-snippet:-1, max-image-preview:large, max-video-preview:-1\" \/>\n<link rel=\"canonical\" href=\"https:\/\/www.welovecycling.com\/sk\/2019\/04\/19\/ste-vy-a-vas-bicykel-pripraveni-na-novu-sezonu\/\" \/>\n<meta property=\"og:locale\" content=\"sk_SK\" \/>\n<meta property=\"og:type\" content=\"article\" \/>\n<meta property=\"og:title\" content=\"Ste vy a v\u00e1\u0161 bicykel pripraven\u00ed na nov\u00fa sez\u00f3nu?\" \/>\n<meta property=\"og:description\" content=\"Vonku je st\u00e1le teplej\u0161ie, a to postupne l\u00e1ka cyklistov von. Prv\u00fd v\u00fdjazd je dobr\u00e9 si trochu napl\u00e1nova\u0165. Mo\u017eno ste svoj [&hellip;]\" \/>\n<meta property=\"og:url\" content=\"https:\/\/www.welovecycling.com\/sk\/2019\/04\/19\/ste-vy-a-vas-bicykel-pripraveni-na-novu-sezonu\/\" \/>\n<meta property=\"og:site_name\" content=\"\u0160koda We Love Cycling Slovensko\" \/>\n<meta property=\"article:published_time\" content=\"2019-04-19T09:00:18+00:00\" \/>\n<meta property=\"og:image\" content=\"https:\/\/d2p6e6u75xmxt8.cloudfront.net\/4\/2019\/04\/00-2.webp\" \/>\n\t<meta property=\"og:image:width\" content=\"1380\" \/>\n\t<meta property=\"og:image:height\" content=\"600\" \/>\n\t<meta property=\"og:image:type\" content=\"image\/webp\" \/>\n<meta name=\"author\" content=\"Ondrej Ga\u0161par\" \/>\n<meta name=\"twitter:card\" content=\"summary_large_image\" \/>\n<meta name=\"twitter:label1\" content=\"Written by\" \/>\n\t<meta name=\"twitter:data1\" content=\"V\u00e1clav \u0160nup\u00e1rek\" \/>\n\t<meta name=\"twitter:label2\" content=\"Est. reading time\" \/>\n\t<meta name=\"twitter:data2\" content=\"5\" \/>\n<script type=\"application\/ld+json\" class=\"yoast-schema-graph\">{\"@context\":\"https:\/\/schema.org\",\"@graph\":[{\"@type\":\"WebPage\",\"@id\":\"https:\/\/www.welovecycling.com\/sk\/2019\/04\/19\/ste-vy-a-vas-bicykel-pripraveni-na-novu-sezonu\/\",\"url\":\"https:\/\/www.welovecycling.com\/sk\/2019\/04\/19\/ste-vy-a-vas-bicykel-pripraveni-na-novu-sezonu\/\",\"name\":\"Ste vy a v\u00e1\u0161 bicykel pripraven\u00ed na nov\u00fa sez\u00f3nu? - \u0160koda We Love Cycling Slovensko\",\"isPartOf\":{\"@id\":\"https:\/\/www.welovecycling.com\/sk\/#website\"},\"primaryImageOfPage\":{\"@id\":\"https:\/\/www.welovecycling.com\/sk\/2019\/04\/19\/ste-vy-a-vas-bicykel-pripraveni-na-novu-sezonu\/#primaryimage\"},\"image\":{\"@id\":\"https:\/\/www.welovecycling.com\/sk\/2019\/04\/19\/ste-vy-a-vas-bicykel-pripraveni-na-novu-sezonu\/#primaryimage\"},\"thumbnailUrl\":\"https:\/\/d2p6e6u75xmxt8.cloudfront.net\/4\/2019\/04\/00-2.webp\",\"datePublished\":\"2019-04-19T09:00:18+00:00\",\"author\":{\"@id\":\"https:\/\/www.welovecycling.com\/sk\/#\/schema\/person\/8ee09ba39b7e25b1870160aa5b3a89bc\"},\"breadcrumb\":{\"@id\":\"https:\/\/www.welovecycling.com\/sk\/2019\/04\/19\/ste-vy-a-vas-bicykel-pripraveni-na-novu-sezonu\/#breadcrumb\"},\"inLanguage\":\"sk-SK\",\"potentialAction\":[{\"@type\":\"ReadAction\",\"target\":[\"https:\/\/www.welovecycling.com\/sk\/2019\/04\/19\/ste-vy-a-vas-bicykel-pripraveni-na-novu-sezonu\/\"]}]},{\"@type\":\"ImageObject\",\"inLanguage\":\"sk-SK\",\"@id\":\"https:\/\/www.welovecycling.com\/sk\/2019\/04\/19\/ste-vy-a-vas-bicykel-pripraveni-na-novu-sezonu\/#primaryimage\",\"url\":\"https:\/\/d2p6e6u75xmxt8.cloudfront.net\/4\/2019\/04\/00-2.webp\",\"contentUrl\":\"https:\/\/d2p6e6u75xmxt8.cloudfront.net\/4\/2019\/04\/00-2.webp\",\"width\":1380,\"height\":600},{\"@type\":\"BreadcrumbList\",\"@id\":\"https:\/\/www.welovecycling.com\/sk\/2019\/04\/19\/ste-vy-a-vas-bicykel-pripraveni-na-novu-sezonu\/#breadcrumb\",\"itemListElement\":[{\"@type\":\"ListItem\",\"position\":1,\"name\":\"Home\",\"item\":\"https:\/\/www.welovecycling.com\/sk\/\"},{\"@type\":\"ListItem\",\"position\":2,\"name\":\"Ste vy a v\u00e1\u0161 bicykel pripraven\u00ed na nov\u00fa sez\u00f3nu?\"}]},{\"@type\":\"WebSite\",\"@id\":\"https:\/\/www.welovecycling.com\/sk\/#website\",\"url\":\"https:\/\/www.welovecycling.com\/sk\/\",\"name\":\"\u0160koda We Love Cycling Slovensko\",\"description\":\"\u0160koda We Love Cycling Slovensko je v\u00e1\u0161 ka\u017edodenn\u00fd zdroj noviniek a in\u0161pir\u00e1cie z sveta cyklistiky\",\"potentialAction\":[{\"@type\":\"SearchAction\",\"target\":{\"@type\":\"EntryPoint\",\"urlTemplate\":\"https:\/\/www.welovecycling.com\/sk\/?s={search_term_string}\"},\"query-input\":{\"@type\":\"PropertyValueSpecification\",\"valueRequired\":true,\"valueName\":\"search_term_string\"}}],\"inLanguage\":\"sk-SK\"},{\"@type\":\"Person\",\"@id\":\"https:\/\/www.welovecycling.com\/sk\/#\/schema\/person\/8ee09ba39b7e25b1870160aa5b3a89bc\",\"name\":\"Ondrej Ga\u0161par\",\"image\":{\"@type\":\"ImageObject\",\"inLanguage\":\"sk-SK\",\"@id\":\"https:\/\/www.welovecycling.com\/sk\/#\/schema\/person\/image\/\",\"url\":\"https:\/\/secure.gravatar.com\/avatar\/6126c9afb87b70da5abbb083ddbb21933da15f18f8ca7cb822aba0fb096a48f6?s=96&d=mm&r=g\",\"contentUrl\":\"https:\/\/secure.gravatar.com\/avatar\/6126c9afb87b70da5abbb083ddbb21933da15f18f8ca7cb822aba0fb096a48f6?s=96&d=mm&r=g\",\"caption\":\"Ondrej Ga\u0161par\"},\"url\":\"https:\/\/www.welovecycling.com\/sk\/author\/ondrejgaspar\/\"}]}<\/script>\n<!-- \/ Yoast SEO Premium plugin. -->","yoast_head_json":{"title":"Ste vy a v\u00e1\u0161 bicykel pripraven\u00ed na nov\u00fa sez\u00f3nu? - \u0160koda We Love Cycling Slovensko","robots":{"index":"index","follow":"follow","max-snippet":"max-snippet:-1","max-image-preview":"max-image-preview:large","max-video-preview":"max-video-preview:-1"},"canonical":"https:\/\/www.welovecycling.com\/sk\/2019\/04\/19\/ste-vy-a-vas-bicykel-pripraveni-na-novu-sezonu\/","og_locale":"sk_SK","og_type":"article","og_title":"Ste vy a v\u00e1\u0161 bicykel pripraven\u00ed na nov\u00fa sez\u00f3nu?","og_description":"Vonku je st\u00e1le teplej\u0161ie, a to postupne l\u00e1ka cyklistov von. Prv\u00fd v\u00fdjazd je dobr\u00e9 si trochu napl\u00e1nova\u0165. Mo\u017eno ste svoj [&hellip;]","og_url":"https:\/\/www.welovecycling.com\/sk\/2019\/04\/19\/ste-vy-a-vas-bicykel-pripraveni-na-novu-sezonu\/","og_site_name":"\u0160koda We Love Cycling Slovensko","article_published_time":"2019-04-19T09:00:18+00:00","og_image":[{"width":1380,"height":600,"url":"https:\/\/d2p6e6u75xmxt8.cloudfront.net\/4\/2019\/04\/00-2.webp","type":"image\/webp"}],"author":"Ondrej Ga\u0161par","twitter_card":"summary_large_image","twitter_misc":{"Written by":"V\u00e1clav \u0160nup\u00e1rek","Est. reading time":"5"},"schema":{"@context":"https:\/\/schema.org","@graph":[{"@type":"WebPage","@id":"https:\/\/www.welovecycling.com\/sk\/2019\/04\/19\/ste-vy-a-vas-bicykel-pripraveni-na-novu-sezonu\/","url":"https:\/\/www.welovecycling.com\/sk\/2019\/04\/19\/ste-vy-a-vas-bicykel-pripraveni-na-novu-sezonu\/","name":"Ste vy a v\u00e1\u0161 bicykel pripraven\u00ed na nov\u00fa sez\u00f3nu? - \u0160koda We Love Cycling Slovensko","isPartOf":{"@id":"https:\/\/www.welovecycling.com\/sk\/#website"},"primaryImageOfPage":{"@id":"https:\/\/www.welovecycling.com\/sk\/2019\/04\/19\/ste-vy-a-vas-bicykel-pripraveni-na-novu-sezonu\/#primaryimage"},"image":{"@id":"https:\/\/www.welovecycling.com\/sk\/2019\/04\/19\/ste-vy-a-vas-bicykel-pripraveni-na-novu-sezonu\/#primaryimage"},"thumbnailUrl":"https:\/\/d2p6e6u75xmxt8.cloudfront.net\/4\/2019\/04\/00-2.webp","datePublished":"2019-04-19T09:00:18+00:00","author":{"@id":"https:\/\/www.welovecycling.com\/sk\/#\/schema\/person\/8ee09ba39b7e25b1870160aa5b3a89bc"},"breadcrumb":{"@id":"https:\/\/www.welovecycling.com\/sk\/2019\/04\/19\/ste-vy-a-vas-bicykel-pripraveni-na-novu-sezonu\/#breadcrumb"},"inLanguage":"sk-SK","potentialAction":[{"@type":"ReadAction","target":["https:\/\/www.welovecycling.com\/sk\/2019\/04\/19\/ste-vy-a-vas-bicykel-pripraveni-na-novu-sezonu\/"]}]},{"@type":"ImageObject","inLanguage":"sk-SK","@id":"https:\/\/www.welovecycling.com\/sk\/2019\/04\/19\/ste-vy-a-vas-bicykel-pripraveni-na-novu-sezonu\/#primaryimage","url":"https:\/\/d2p6e6u75xmxt8.cloudfront.net\/4\/2019\/04\/00-2.webp","contentUrl":"https:\/\/d2p6e6u75xmxt8.cloudfront.net\/4\/2019\/04\/00-2.webp","width":1380,"height":600},{"@type":"BreadcrumbList","@id":"https:\/\/www.welovecycling.com\/sk\/2019\/04\/19\/ste-vy-a-vas-bicykel-pripraveni-na-novu-sezonu\/#breadcrumb","itemListElement":[{"@type":"ListItem","position":1,"name":"Home","item":"https:\/\/www.welovecycling.com\/sk\/"},{"@type":"ListItem","position":2,"name":"Ste vy a v\u00e1\u0161 bicykel pripraven\u00ed na nov\u00fa sez\u00f3nu?"}]},{"@type":"WebSite","@id":"https:\/\/www.welovecycling.com\/sk\/#website","url":"https:\/\/www.welovecycling.com\/sk\/","name":"\u0160koda We Love Cycling Slovensko","description":"\u0160koda We Love Cycling Slovensko je v\u00e1\u0161 ka\u017edodenn\u00fd zdroj noviniek a in\u0161pir\u00e1cie z sveta cyklistiky","potentialAction":[{"@type":"SearchAction","target":{"@type":"EntryPoint","urlTemplate":"https:\/\/www.welovecycling.com\/sk\/?s={search_term_string}"},"query-input":{"@type":"PropertyValueSpecification","valueRequired":true,"valueName":"search_term_string"}}],"inLanguage":"sk-SK"},{"@type":"Person","@id":"https:\/\/www.welovecycling.com\/sk\/#\/schema\/person\/8ee09ba39b7e25b1870160aa5b3a89bc","name":"Ondrej Ga\u0161par","image":{"@type":"ImageObject","inLanguage":"sk-SK","@id":"https:\/\/www.welovecycling.com\/sk\/#\/schema\/person\/image\/","url":"https:\/\/secure.gravatar.com\/avatar\/6126c9afb87b70da5abbb083ddbb21933da15f18f8ca7cb822aba0fb096a48f6?s=96&d=mm&r=g","contentUrl":"https:\/\/secure.gravatar.com\/avatar\/6126c9afb87b70da5abbb083ddbb21933da15f18f8ca7cb822aba0fb096a48f6?s=96&d=mm&r=g","caption":"Ondrej Ga\u0161par"},"url":"https:\/\/www.welovecycling.com\/sk\/author\/ondrejgaspar\/"}]}},"_links":{"self":[{"href":"https:\/\/www.welovecycling.com\/sk\/wp-json\/wp\/v2\/posts\/6817","targetHints":{"allow":["GET"]}}],"collection":[{"href":"https:\/\/www.welovecycling.com\/sk\/wp-json\/wp\/v2\/posts"}],"about":[{"href":"https:\/\/www.welovecycling.com\/sk\/wp-json\/wp\/v2\/types\/post"}],"author":[{"embeddable":true,"href":"https:\/\/www.welovecycling.com\/sk\/wp-json\/wp\/v2\/users\/38"}],"replies":[{"embeddable":true,"href":"https:\/\/www.welovecycling.com\/sk\/wp-json\/wp\/v2\/comments?post=6817"}],"version-history":[{"count":2,"href":"https:\/\/www.welovecycling.com\/sk\/wp-json\/wp\/v2\/posts\/6817\/revisions"}],"predecessor-version":[{"id":6825,"href":"https:\/\/www.welovecycling.com\/sk\/wp-json\/wp\/v2\/posts\/6817\/revisions\/6825"}],"wp:featuredmedia":[{"embeddable":true,"href":"https:\/\/www.welovecycling.com\/sk\/wp-json\/wp\/v2\/media\/6818"}],"wp:attachment":[{"href":"https:\/\/www.welovecycling.com\/sk\/wp-json\/wp\/v2\/media?parent=6817"}],"wp:term":[{"taxonomy":"category","embeddable":true,"href":"https:\/\/www.welovecycling.com\/sk\/wp-json\/wp\/v2\/categories?post=6817"},{"taxonomy":"post_tag","embeddable":true,"href":"https:\/\/www.welovecycling.com\/sk\/wp-json\/wp\/v2\/tags?post=6817"},{"taxonomy":"global-categories","embeddable":true,"href":"https:\/\/www.welovecycling.com\/sk\/wp-json\/wp\/v2\/global-categories?post=6817"}],"curies":[{"name":"wp","href":"https:\/\/api.w.org\/{rel}","templated":true}]}}