{"id":6797,"date":"2019-05-03T09:19:28","date_gmt":"2019-05-03T07:19:28","guid":{"rendered":"https:\/\/www.welovecycling.com\/sk\/?p=6797"},"modified":"2023-05-03T11:40:31","modified_gmt":"2023-05-03T09:40:31","slug":"tip-na-vylet-zbieranie-farebnych-cecok-pod-tatrami","status":"publish","type":"post","link":"https:\/\/www.welovecycling.com\/sk\/2019\/05\/03\/tip-na-vylet-zbieranie-farebnych-cecok-pod-tatrami\/","title":{"rendered":"Tip na v\u00fdlet: Zbieranie farebn\u00fdch &#8222;C\u00e9\u010dok&#8220; pod Tatrami"},"content":{"rendered":"<p><strong>Je slne\u010dn\u00e9 jarn\u00e9 r\u00e1no, \u010dasu &#8222;habadej&#8220;, a tak vyr\u00e1\u017eam pre m\u0148a trochu netradi\u010dne &#8211; nasledova\u0165 p\u00edsmenk\u00e1 &#8222;C&#8220; v \u0161t\u00fdle XC podtatranskou krajinou. S\u00edce rad\u0161ej vymet\u00e1m lesn\u00e9 singletraily, niekedy si v\u0161ak doprajem aj tak\u00e9to objavovanie \u010di vy\u010distenie hlavy putovan\u00edm krajinou.<\/strong><!--more--><\/p>\n<p>Na t\u00fato trasu (Poprad &#8211; Tatransk\u00e1 Lomnica &#8211; Smokovce &#8211; Poprad) a oblas\u0165 som v\u0161ak bol u\u017e dlho zvedav\u00fd, a tak som pln\u00fd o\u010dak\u00e1van\u00ed. Ako sa nesk\u00f4r uk\u00e1zalo, o\u010dak\u00e1vania sa naplnili \u010di u\u017e v pozit\u00edvnom alebo menej pozit\u00edvnom zmysle. <strong>Moja trasa mala 42,6 km a trvala mi s dvoma zast\u00e1vkami skoro 4 hod. a 45 min<\/strong>. Ve\u013emi som to ale s tempom nehrotil, u\u017e\u00edval som si krajinu, a tak pri svi\u017enej\u0161ej jazde m\u00f4\u017ee by\u0165 ten \u010das krat\u0161\u00ed.<\/p>\n<p><strong>Z\u00e1znam trasy za\u010d\u00ednam na parkovisku beton\u00e1rky za Popradom, pri hlavnej ceste na Tatry<\/strong>, kde sa d\u00e1 odparkova\u0165 auto bez obmedzenia. Odtia\u013e popod dia\u013enicu a popri plote dru\u017estva idem \u00fazkym chodn\u00ed\u010dkom, na konci odbo\u010d\u00edm v\u013eavo (st\u00e1le popri plote) a\u017e ku zadn\u00e9mu vchodu dru\u017estva. Tam sa nap\u00e1jam na cestu smerom na Tatry a krajina sa otv\u00e1ra s v\u00fdh\u013eadom na cel\u00e9 tatransk\u00e9 pohorie.<\/p>\n<div data-rows=\"1\" id='gallery-1' class='gallery-rows-1 gallery galleryid-6797 gallery-columns-2 gallery-size-full'><figure class='gallery-item'>\n\t\t\t<div class='gallery-icon landscape'>\n\t\t\t\t<a href='https:\/\/d2p6e6u75xmxt8.cloudfront.net\/4\/2019\/04\/Obr.2.webp'><img loading=\"lazy\" decoding=\"async\" width=\"1200\" height=\"800\" src=\"https:\/\/d2p6e6u75xmxt8.cloudfront.net\/4\/2019\/04\/Obr.2.webp\" class=\"attachment-full size-full\" alt=\"\" srcset=\"https:\/\/d2p6e6u75xmxt8.cloudfront.net\/4\/2019\/04\/Obr.2.webp 1200w, https:\/\/d2p6e6u75xmxt8.cloudfront.net\/4\/2019\/04\/Obr.2-300x200.webp 300w, https:\/\/d2p6e6u75xmxt8.cloudfront.net\/4\/2019\/04\/Obr.2-1024x683.webp 1024w, https:\/\/d2p6e6u75xmxt8.cloudfront.net\/4\/2019\/04\/Obr.2-768x512.webp 768w, https:\/\/d2p6e6u75xmxt8.cloudfront.net\/4\/2019\/04\/Obr.2-272x182.webp 272w\" sizes=\"auto, (max-width: 1200px) 100vw, 1200px\" \/><\/a>\n\t\t\t<\/div><\/figure><figure class='gallery-item'>\n\t\t\t<div class='gallery-icon landscape'>\n\t\t\t\t<a href='https:\/\/d2p6e6u75xmxt8.cloudfront.net\/4\/2019\/04\/Obr.03.webp'><img loading=\"lazy\" decoding=\"async\" width=\"1200\" height=\"800\" src=\"https:\/\/d2p6e6u75xmxt8.cloudfront.net\/4\/2019\/04\/Obr.03.webp\" class=\"attachment-full size-full\" alt=\"\" srcset=\"https:\/\/d2p6e6u75xmxt8.cloudfront.net\/4\/2019\/04\/Obr.03.webp 1200w, https:\/\/d2p6e6u75xmxt8.cloudfront.net\/4\/2019\/04\/Obr.03-300x200.webp 300w, https:\/\/d2p6e6u75xmxt8.cloudfront.net\/4\/2019\/04\/Obr.03-1024x683.webp 1024w, https:\/\/d2p6e6u75xmxt8.cloudfront.net\/4\/2019\/04\/Obr.03-768x512.webp 768w, https:\/\/d2p6e6u75xmxt8.cloudfront.net\/4\/2019\/04\/Obr.03-272x182.webp 272w\" sizes=\"auto, (max-width: 1200px) 100vw, 1200px\" \/><\/a>\n\t\t\t<\/div><\/figure>\n\t\t<\/div>\n        \n<p>Po \u013eavej ruke m\u00ed\u0148am popradsk\u00e9 letisko a s nad\u0161en\u00edm z kr\u00e1sneho d\u0148a predo mnou pokra\u010dujem viac-menej rovinkou po \u0161otoline. Na odbo\u010dke sa d\u00e1vam v\u013eavo, cesta sa nesk\u00f4r to\u010d\u00ed okolo pol\u00ed doprava, nasleduje zase zjazd\u00edk ku po\u013eovn\u00edckemu posedu k \u010cerven\u00e9mu potoku. Prech\u00e1dzam okolo brodu cez potok a popri \u0148om pokra\u010dujem \u010falej, aby som zase nasledoval slab\u0161ie vidite\u013en\u00fa tr\u00e1vnat\u00fa cestu do mierneho st\u00fapania v\u013eavo. Potom u\u017e pokra\u010dujem a\u017e k lesu, kde je vidite\u013en\u00e1 <strong>zv\u00e1\u017enica zna\u010den\u00e1 modr\u00fdm C\u00e9\u010dkom<\/strong>, ktor\u00e9 budem \u010falej nasledova\u0165. Na kri\u017eovatke so zv\u00e1\u017enicou pri lese odbo\u010dujem doprava do mierneho zjazd\u00edka a vn\u00e1ram sa miernym st\u00fapan\u00edm do lesa. Zv\u00e1\u017enica sa vln\u00ed les\u00edkom, prech\u00e1dzam okolo prvej zavretej rampy tohto d\u0148a, a\u017e k\u00fdm ma cesta nezavedie ku po\u013eovn\u00edckej chate H\u00e1jenka, kde je lesn\u00e1 asfaltov\u00e1 cesta. Tu sa otv\u00e1raj\u00fa mo\u017enosti a na smerovn\u00edku \u010d\u00edtam <strong>pokra\u010dovanie modr\u00e9ho C\u00e9\u010dka v\u013eavo do Nov\u00e9ho Smokovca alebo vpravo zelen\u00e9 C smer Tatransk\u00e1 Lomnica<\/strong>.<\/p>\n<div data-rows=\"1\" id='gallery-2' class='gallery-rows-1 gallery galleryid-6797 gallery-columns-2 gallery-size-full'><figure class='gallery-item'>\n\t\t\t<div class='gallery-icon landscape'>\n\t\t\t\t<a href='https:\/\/d2p6e6u75xmxt8.cloudfront.net\/4\/2019\/04\/Obr.04.webp'><img loading=\"lazy\" decoding=\"async\" width=\"1200\" height=\"800\" src=\"https:\/\/d2p6e6u75xmxt8.cloudfront.net\/4\/2019\/04\/Obr.04.webp\" class=\"attachment-full size-full\" alt=\"\" srcset=\"https:\/\/d2p6e6u75xmxt8.cloudfront.net\/4\/2019\/04\/Obr.04.webp 1200w, https:\/\/d2p6e6u75xmxt8.cloudfront.net\/4\/2019\/04\/Obr.04-300x200.webp 300w, https:\/\/d2p6e6u75xmxt8.cloudfront.net\/4\/2019\/04\/Obr.04-1024x683.webp 1024w, https:\/\/d2p6e6u75xmxt8.cloudfront.net\/4\/2019\/04\/Obr.04-768x512.webp 768w, https:\/\/d2p6e6u75xmxt8.cloudfront.net\/4\/2019\/04\/Obr.04-272x182.webp 272w\" sizes=\"auto, (max-width: 1200px) 100vw, 1200px\" \/><\/a>\n\t\t\t<\/div><\/figure><figure class='gallery-item'>\n\t\t\t<div class='gallery-icon landscape'>\n\t\t\t\t<a href='https:\/\/d2p6e6u75xmxt8.cloudfront.net\/4\/2019\/04\/Obr.05.webp'><img loading=\"lazy\" decoding=\"async\" width=\"1200\" height=\"800\" src=\"https:\/\/d2p6e6u75xmxt8.cloudfront.net\/4\/2019\/04\/Obr.05.webp\" class=\"attachment-full size-full\" alt=\"\" srcset=\"https:\/\/d2p6e6u75xmxt8.cloudfront.net\/4\/2019\/04\/Obr.05.webp 1200w, https:\/\/d2p6e6u75xmxt8.cloudfront.net\/4\/2019\/04\/Obr.05-300x200.webp 300w, https:\/\/d2p6e6u75xmxt8.cloudfront.net\/4\/2019\/04\/Obr.05-1024x683.webp 1024w, https:\/\/d2p6e6u75xmxt8.cloudfront.net\/4\/2019\/04\/Obr.05-768x512.webp 768w, https:\/\/d2p6e6u75xmxt8.cloudfront.net\/4\/2019\/04\/Obr.05-272x182.webp 272w\" sizes=\"auto, (max-width: 1200px) 100vw, 1200px\" \/><\/a>\n\t\t\t<\/div><\/figure>\n\t\t<\/div>\n        \n<p>D\u00e1vam sa teda vpravo na Tatransk\u00fa Lomnicu cez Nov\u00fa Lesn\u00fa. Asfaltov\u00e1 cesta po chv\u00edli prever\u00ed moje \u013eah\u0161ie prevody kr\u00e1tkym st\u00fapan\u00edm a dost\u00e1vam sa popri hor\u00e1rni ku hlavnej ceste na Smokovec. Na druhej strane n\u00e1jdete pekn\u00fd penzi\u00f3n Raimond s terasov\u00fdm dvorom, kde sa m\u00f4\u017eete ob\u010derstvi\u0165. <strong>Ja kri\u017eujem hlavn\u00fa a nasleduje dlh\u0161\u00ed \u00fasek po asfalte smer Nov\u00e1 Lesn\u00e1<\/strong>. V obci odbo\u010dujem do\u013eava n\u00e1mest\u00ed\u010dkom a pred koncom ulice sa chv\u00ed\u013eu mot\u00e1m a h\u013ead\u00e1m C\u00e9\u010dko, nako\u013eko tam ch\u00fdba zna\u010denie. Pozer\u00e1m v mobile na apku mapy.cz a <strong>odbo\u010dujem do\u013eava cez pot\u00f4\u010dik<\/strong>. Dve ulice a st\u00fapanie von z obce \u00fazkou asfaltkou l\u00fakami ku les\u00edku. Prekvapuje ma, \u017ee <strong>cesta vedie smerom na juh od Tatier a les\u00edkom str\u00e1cam nast\u00fapan\u00e9 v\u00fd\u0161kov\u00e9 metre<\/strong>. Po ceste mus\u00edm dva razy zosadn\u00fa\u0165 pri uzavret\u00fdch ramp\u00e1ch. Ch\u00e1pem, \u017ee treba zabr\u00e1ni\u0165 vjazd vodi\u010dom nere\u0161pektuj\u00facim z\u00e1kaz, ale pre\u010do sa nemysl\u00ed aj na cyklistov, ke\u010f je to ofici\u00e1lna cyklotrasa? No ni\u010d, obch\u00e1dzam, nasad\u00e1m, ide sa \u010falej.<\/p>\n<div data-rows=\"1\" id='gallery-3' class='gallery-rows-1 gallery galleryid-6797 gallery-columns-2 gallery-size-full'><figure class='gallery-item'>\n\t\t\t<div class='gallery-icon landscape'>\n\t\t\t\t<a href='https:\/\/d2p6e6u75xmxt8.cloudfront.net\/4\/2019\/04\/Obr.06.webp'><img loading=\"lazy\" decoding=\"async\" width=\"1200\" height=\"800\" src=\"https:\/\/d2p6e6u75xmxt8.cloudfront.net\/4\/2019\/04\/Obr.06.webp\" class=\"attachment-full size-full\" alt=\"\" srcset=\"https:\/\/d2p6e6u75xmxt8.cloudfront.net\/4\/2019\/04\/Obr.06.webp 1200w, https:\/\/d2p6e6u75xmxt8.cloudfront.net\/4\/2019\/04\/Obr.06-300x200.webp 300w, https:\/\/d2p6e6u75xmxt8.cloudfront.net\/4\/2019\/04\/Obr.06-1024x683.webp 1024w, https:\/\/d2p6e6u75xmxt8.cloudfront.net\/4\/2019\/04\/Obr.06-768x512.webp 768w, https:\/\/d2p6e6u75xmxt8.cloudfront.net\/4\/2019\/04\/Obr.06-272x182.webp 272w\" sizes=\"auto, (max-width: 1200px) 100vw, 1200px\" \/><\/a>\n\t\t\t<\/div><\/figure><figure class='gallery-item'>\n\t\t\t<div class='gallery-icon landscape'>\n\t\t\t\t<a href='https:\/\/d2p6e6u75xmxt8.cloudfront.net\/4\/2019\/04\/Obr.07.webp'><img loading=\"lazy\" decoding=\"async\" width=\"1200\" height=\"800\" src=\"https:\/\/d2p6e6u75xmxt8.cloudfront.net\/4\/2019\/04\/Obr.07.webp\" class=\"attachment-full size-full\" alt=\"\" srcset=\"https:\/\/d2p6e6u75xmxt8.cloudfront.net\/4\/2019\/04\/Obr.07.webp 1200w, https:\/\/d2p6e6u75xmxt8.cloudfront.net\/4\/2019\/04\/Obr.07-300x200.webp 300w, https:\/\/d2p6e6u75xmxt8.cloudfront.net\/4\/2019\/04\/Obr.07-1024x683.webp 1024w, https:\/\/d2p6e6u75xmxt8.cloudfront.net\/4\/2019\/04\/Obr.07-768x512.webp 768w, https:\/\/d2p6e6u75xmxt8.cloudfront.net\/4\/2019\/04\/Obr.07-272x182.webp 272w\" sizes=\"auto, (max-width: 1200px) 100vw, 1200px\" \/><\/a>\n\t\t\t<\/div><\/figure>\n\t\t<\/div>\n        \n<p>Straten\u00fa v\u00fd\u0161ku zase naber\u00e1m a po chv\u00edli odbo\u010dujem z cesty vpravo na po\u013en\u00fa cestu l\u00fakou smerom na Star\u00fa Lesn\u00fa. U\u017e len zjazd\u00edk a pod kop\u010dekom do obce. Ale \u010do to?? Prich\u00e1dzam k brehom Studen\u00e9ho potoka, ktor\u00fd je tu sk\u00f4r men\u0161ou riekou a <strong>pozer\u00e1m na rozlo\u017een\u00fd most, bez \u0161ance nejak\u00e9ho prechodu<\/strong>. Z druhej strany na m\u0148a z dvora domu bre\u0161\u00fa dva mal\u00e9 psy a ja neveriackym smiechom kr\u00fatim hlavou, ot\u00e1\u010dam a vyst\u00fapam nazad na l\u00faku. A takto skon\u010dilo moje putovanie po zelenom C.<\/p>\n<div data-rows=\"1\" id='gallery-4' class='gallery-rows-1 gallery galleryid-6797 gallery-columns-2 gallery-size-full'><figure class='gallery-item'>\n\t\t\t<div class='gallery-icon landscape'>\n\t\t\t\t<a href='https:\/\/d2p6e6u75xmxt8.cloudfront.net\/4\/2019\/04\/Obr.08.webp'><img loading=\"lazy\" decoding=\"async\" width=\"1200\" height=\"800\" src=\"https:\/\/d2p6e6u75xmxt8.cloudfront.net\/4\/2019\/04\/Obr.08.webp\" class=\"attachment-full size-full\" alt=\"\" srcset=\"https:\/\/d2p6e6u75xmxt8.cloudfront.net\/4\/2019\/04\/Obr.08.webp 1200w, https:\/\/d2p6e6u75xmxt8.cloudfront.net\/4\/2019\/04\/Obr.08-300x200.webp 300w, https:\/\/d2p6e6u75xmxt8.cloudfront.net\/4\/2019\/04\/Obr.08-1024x683.webp 1024w, https:\/\/d2p6e6u75xmxt8.cloudfront.net\/4\/2019\/04\/Obr.08-768x512.webp 768w, https:\/\/d2p6e6u75xmxt8.cloudfront.net\/4\/2019\/04\/Obr.08-272x182.webp 272w\" sizes=\"auto, (max-width: 1200px) 100vw, 1200px\" \/><\/a>\n\t\t\t<\/div><\/figure><figure class='gallery-item'>\n\t\t\t<div class='gallery-icon landscape'>\n\t\t\t\t<a href='https:\/\/d2p6e6u75xmxt8.cloudfront.net\/4\/2019\/04\/Obr.09.webp'><img loading=\"lazy\" decoding=\"async\" width=\"1200\" height=\"800\" src=\"https:\/\/d2p6e6u75xmxt8.cloudfront.net\/4\/2019\/04\/Obr.09.webp\" class=\"attachment-full size-full\" alt=\"\" srcset=\"https:\/\/d2p6e6u75xmxt8.cloudfront.net\/4\/2019\/04\/Obr.09.webp 1200w, https:\/\/d2p6e6u75xmxt8.cloudfront.net\/4\/2019\/04\/Obr.09-300x200.webp 300w, https:\/\/d2p6e6u75xmxt8.cloudfront.net\/4\/2019\/04\/Obr.09-1024x683.webp 1024w, https:\/\/d2p6e6u75xmxt8.cloudfront.net\/4\/2019\/04\/Obr.09-768x512.webp 768w, https:\/\/d2p6e6u75xmxt8.cloudfront.net\/4\/2019\/04\/Obr.09-272x182.webp 272w\" sizes=\"auto, (max-width: 1200px) 100vw, 1200px\" \/><\/a>\n\t\t\t<\/div><\/figure>\n\t\t<\/div>\n        \n<p>Vyber\u00e1m znovu mobil s overenou mapou a <strong>vyd\u00e1vam sa nezna\u010denou zv\u00e1\u017enicou popri potoku smer Tatry<\/strong>. Po chv\u00edli vch\u00e1dzam do lesa a dr\u017e\u00edm sa st\u00e1le \u013eav\u00e9ho brehu potoka. Les\u00edk za\u010d\u00edna ma\u0165 pekn\u00fd charakter, zvl\u00e1\u0161\u0165 po tom, \u010do sa vyberiem pozrie\u0165 na divok\u00fd tok potoka p\u00e1r metrov od cesty za horizont. To ma u\u017e naladilo pr\u00edjemnej\u0161ie a <strong>po chv\u00edli st\u00fapania naraz\u00edm na \u017elt\u00fa cyklocestu, ktor\u00e1 m\u00e1 charakter kr\u00e1sneho lesn\u00e9ho singletrailu<\/strong>. \u00dasmev od ucha k uchu, \u010do-to fot\u00edm, odbo\u010dujem doprava smer Tatransk\u00e1 Lomnica a nech\u00e1vam sa vies\u0165 chodn\u00edkom. Po chv\u00edli naraz\u00edm na dreven\u00fd most s upozornen\u00edm, \u017ee bol strhnut\u00fd po minuloro\u010dnej povodni. Vyzer\u00e1 ale, \u017ee e\u0161te zvl\u00e1dne dos\u0165, a tak prech\u00e1dzam Studen\u00fd potok a pokra\u010dujem \u010falej.<\/p>\n<div data-rows=\"1\" id='gallery-5' class='gallery-rows-1 gallery galleryid-6797 gallery-columns-2 gallery-size-full'><figure class='gallery-item'>\n\t\t\t<div class='gallery-icon landscape'>\n\t\t\t\t<a href='https:\/\/d2p6e6u75xmxt8.cloudfront.net\/4\/2019\/04\/Obr.10.webp'><img loading=\"lazy\" decoding=\"async\" width=\"1200\" height=\"800\" src=\"https:\/\/d2p6e6u75xmxt8.cloudfront.net\/4\/2019\/04\/Obr.10.webp\" class=\"attachment-full size-full\" alt=\"\" srcset=\"https:\/\/d2p6e6u75xmxt8.cloudfront.net\/4\/2019\/04\/Obr.10.webp 1200w, https:\/\/d2p6e6u75xmxt8.cloudfront.net\/4\/2019\/04\/Obr.10-300x200.webp 300w, https:\/\/d2p6e6u75xmxt8.cloudfront.net\/4\/2019\/04\/Obr.10-1024x683.webp 1024w, https:\/\/d2p6e6u75xmxt8.cloudfront.net\/4\/2019\/04\/Obr.10-768x512.webp 768w, https:\/\/d2p6e6u75xmxt8.cloudfront.net\/4\/2019\/04\/Obr.10-272x182.webp 272w\" sizes=\"auto, (max-width: 1200px) 100vw, 1200px\" \/><\/a>\n\t\t\t<\/div><\/figure><figure class='gallery-item'>\n\t\t\t<div class='gallery-icon landscape'>\n\t\t\t\t<a href='https:\/\/d2p6e6u75xmxt8.cloudfront.net\/4\/2019\/04\/Obr.11.webp'><img loading=\"lazy\" decoding=\"async\" width=\"1200\" height=\"800\" src=\"https:\/\/d2p6e6u75xmxt8.cloudfront.net\/4\/2019\/04\/Obr.11.webp\" class=\"attachment-full size-full\" alt=\"\" srcset=\"https:\/\/d2p6e6u75xmxt8.cloudfront.net\/4\/2019\/04\/Obr.11.webp 1200w, https:\/\/d2p6e6u75xmxt8.cloudfront.net\/4\/2019\/04\/Obr.11-300x200.webp 300w, https:\/\/d2p6e6u75xmxt8.cloudfront.net\/4\/2019\/04\/Obr.11-1024x683.webp 1024w, https:\/\/d2p6e6u75xmxt8.cloudfront.net\/4\/2019\/04\/Obr.11-768x512.webp 768w, https:\/\/d2p6e6u75xmxt8.cloudfront.net\/4\/2019\/04\/Obr.11-272x182.webp 272w\" sizes=\"auto, (max-width: 1200px) 100vw, 1200px\" \/><\/a>\n\t\t\t<\/div><\/figure>\n\t\t<\/div>\n        \n<p>Kr\u00e1tko na to sa ocit\u00e1m na kri\u017eovatke cesty na Star\u00fa Lesn\u00fa z hlavnej cesty SNP na Tatransk\u00fa Lomnicu. Hne\u010f pri ceste je zast\u00e1vka elektri\u010dky, kde si d\u00e1vam oddych, u\u017e ma chyt\u00e1 hla\u010f\u00e1k a tak zjem ban\u00e1n a zap\u00edjam vodou. Do Lomnice je to u\u017e len kilometer, kde je <strong>mo\u017enos\u0165 v\u00fdlet natiahnu\u0165 3,4-kilometrov\u00fdm v\u00fd\u0161\u013eapom s prev\u00fd\u0161en\u00edm 230 m<\/strong> na \u0160tart. Akur\u00e1t sa ubezpe\u010dte, \u017ee ly\u017eiarska sez\u00f3na je ukon\u010den\u00e1 a snehov\u00e1 pokr\u00fdvka u\u017e nezakr\u00fdva asfaltov\u00fa cestu. Mo\u017enosti ob\u010derstvenia v Tatranskej Lomnici s\u00fa pestr\u00e9, z nich odpor\u00fa\u010dam napr\u00edklad re\u0161taur\u00e1ciu Relax park Jazierko s pekn\u00fdm prostred\u00edm.<\/p>\n<p>Ja to ot\u00e1\u010dam smer Smokovec. Pokra\u010dujem teda chodn\u00edkom ponad cestu, ktor\u00fd je spr\u00edstupnen\u00fd aj pre cyklistov, a tak nie je d\u00f4vod zavadza\u0165 na hlavnej ceste. Dve skupinky turistov mi s \u00fasmevom ustupuj\u00fa, ja pribrz\u010fujem, \u00fasmev op\u00e4tujem a s po\u010fakovan\u00edm pokra\u010dujem cez Horn\u00fd do Star\u00e9ho Smokovca.<\/p>\n<div data-rows=\"1\" id='gallery-6' class='gallery-rows-1 gallery galleryid-6797 gallery-columns-2 gallery-size-full'><figure class='gallery-item'>\n\t\t\t<div class='gallery-icon landscape'>\n\t\t\t\t<a href='https:\/\/d2p6e6u75xmxt8.cloudfront.net\/4\/2019\/04\/Obr.12.webp'><img loading=\"lazy\" decoding=\"async\" width=\"1200\" height=\"800\" src=\"https:\/\/d2p6e6u75xmxt8.cloudfront.net\/4\/2019\/04\/Obr.12.webp\" class=\"attachment-full size-full\" alt=\"\" srcset=\"https:\/\/d2p6e6u75xmxt8.cloudfront.net\/4\/2019\/04\/Obr.12.webp 1200w, https:\/\/d2p6e6u75xmxt8.cloudfront.net\/4\/2019\/04\/Obr.12-300x200.webp 300w, https:\/\/d2p6e6u75xmxt8.cloudfront.net\/4\/2019\/04\/Obr.12-1024x683.webp 1024w, https:\/\/d2p6e6u75xmxt8.cloudfront.net\/4\/2019\/04\/Obr.12-768x512.webp 768w, https:\/\/d2p6e6u75xmxt8.cloudfront.net\/4\/2019\/04\/Obr.12-272x182.webp 272w\" sizes=\"auto, (max-width: 1200px) 100vw, 1200px\" \/><\/a>\n\t\t\t<\/div><\/figure><figure class='gallery-item'>\n\t\t\t<div class='gallery-icon landscape'>\n\t\t\t\t<a href='https:\/\/d2p6e6u75xmxt8.cloudfront.net\/4\/2019\/04\/Obr.13.webp'><img loading=\"lazy\" decoding=\"async\" width=\"1200\" height=\"800\" src=\"https:\/\/d2p6e6u75xmxt8.cloudfront.net\/4\/2019\/04\/Obr.13.webp\" class=\"attachment-full size-full\" alt=\"\" srcset=\"https:\/\/d2p6e6u75xmxt8.cloudfront.net\/4\/2019\/04\/Obr.13.webp 1200w, https:\/\/d2p6e6u75xmxt8.cloudfront.net\/4\/2019\/04\/Obr.13-300x200.webp 300w, https:\/\/d2p6e6u75xmxt8.cloudfront.net\/4\/2019\/04\/Obr.13-1024x683.webp 1024w, https:\/\/d2p6e6u75xmxt8.cloudfront.net\/4\/2019\/04\/Obr.13-768x512.webp 768w, https:\/\/d2p6e6u75xmxt8.cloudfront.net\/4\/2019\/04\/Obr.13-272x182.webp 272w\" sizes=\"auto, (max-width: 1200px) 100vw, 1200px\" \/><\/a>\n\t\t\t<\/div><\/figure>\n\t\t<\/div>\n        \n<p>V Smokovci sa ob\u010derstvujem z prame\u0148a Smokoveck\u00e1 kyselka d\u00fa\u0161kom v\u00fdbornej \u017eelezitej vody. <strong>Kr\u00e1tkym st\u00fapan\u00edm so \u0161tyrmi ostr\u00fdmi zat\u00e1\u010dkami, alebo tzv. switchbackmi, pokra\u010dujem na v\u00fdh\u013ead nad Smokovcom<\/strong>. Fotka a zase sch\u00e1dzam dole do Smokovca. Tu si trasu tie\u017e m\u00f4\u017eete pred\u013a\u017ei\u0165 2,9-kilometrov\u00fdm st\u00fapan\u00edm s prev\u00fd\u0161en\u00edm 280 m na turisticky zn\u00e1me miesto Hrebienok.<\/p>\n<div data-rows=\"1\" id='gallery-7' class='gallery-rows-1 gallery galleryid-6797 gallery-columns-2 gallery-size-full'><figure class='gallery-item'>\n\t\t\t<div class='gallery-icon landscape'>\n\t\t\t\t<a href='https:\/\/d2p6e6u75xmxt8.cloudfront.net\/4\/2019\/04\/Obr.14.webp'><img loading=\"lazy\" decoding=\"async\" width=\"1200\" height=\"800\" src=\"https:\/\/d2p6e6u75xmxt8.cloudfront.net\/4\/2019\/04\/Obr.14.webp\" class=\"attachment-full size-full\" alt=\"\" srcset=\"https:\/\/d2p6e6u75xmxt8.cloudfront.net\/4\/2019\/04\/Obr.14.webp 1200w, https:\/\/d2p6e6u75xmxt8.cloudfront.net\/4\/2019\/04\/Obr.14-300x200.webp 300w, https:\/\/d2p6e6u75xmxt8.cloudfront.net\/4\/2019\/04\/Obr.14-1024x683.webp 1024w, https:\/\/d2p6e6u75xmxt8.cloudfront.net\/4\/2019\/04\/Obr.14-768x512.webp 768w, https:\/\/d2p6e6u75xmxt8.cloudfront.net\/4\/2019\/04\/Obr.14-272x182.webp 272w\" sizes=\"auto, (max-width: 1200px) 100vw, 1200px\" \/><\/a>\n\t\t\t<\/div><\/figure><figure class='gallery-item'>\n\t\t\t<div class='gallery-icon landscape'>\n\t\t\t\t<a href='https:\/\/d2p6e6u75xmxt8.cloudfront.net\/4\/2019\/04\/Obr.15.webp'><img loading=\"lazy\" decoding=\"async\" width=\"1200\" height=\"800\" src=\"https:\/\/d2p6e6u75xmxt8.cloudfront.net\/4\/2019\/04\/Obr.15.webp\" class=\"attachment-full size-full\" alt=\"\" srcset=\"https:\/\/d2p6e6u75xmxt8.cloudfront.net\/4\/2019\/04\/Obr.15.webp 1200w, https:\/\/d2p6e6u75xmxt8.cloudfront.net\/4\/2019\/04\/Obr.15-300x200.webp 300w, https:\/\/d2p6e6u75xmxt8.cloudfront.net\/4\/2019\/04\/Obr.15-1024x683.webp 1024w, https:\/\/d2p6e6u75xmxt8.cloudfront.net\/4\/2019\/04\/Obr.15-768x512.webp 768w, https:\/\/d2p6e6u75xmxt8.cloudfront.net\/4\/2019\/04\/Obr.15-272x182.webp 272w\" sizes=\"auto, (max-width: 1200px) 100vw, 1200px\" \/><\/a>\n\t\t\t<\/div><\/figure>\n\t\t<\/div>\n        \n<p>Pre\u0161iel som Smokovcom hornou cestou popod ly\u017eiarsky svah Jakubkova l\u00faka a \u010falej ponad hlavn\u00fa cestu a\u017e na koniec obce, kde poslednou ulicou dole prech\u00e1dzam cestu. Nasleduje zjazd, najprv ulicou popri domoch a nap\u00e1jam sa na modr\u00e9 C\u00e9\u010dko. Za posledn\u00fdm domom otv\u00e1ram tlmi\u010d a kamenist\u00fdm chodn\u00ed\u010dkom plnou parou, \u00fasmevom od ucha k uchu, trielim a\u017e po napojenie sa na zv\u00e1\u017enicu. Tam m\u00ed\u0148am dve cyklistky, ktor\u00e9 s\u00fa ak\u00e9si bez n\u00e1lady, zrejme od \u00fanavy st\u00fapan\u00edm. <strong>Zv\u00e1\u017enica sa nap\u00e1ja na lesn\u00fa asfaltku, ktor\u00e1 ma zase priviedla na kri\u017eovatku pri po\u013eovn\u00edckej chate H\u00e1jenka<\/strong>. Odtia\u013e nasp\u00e4\u0165 po svojich stop\u00e1ch smer Poprad &#8211; beton\u00e1rka.<\/p>\n<p>Mus\u00edm poveda\u0165, \u017ee som si <a href=\"https:\/\/maplorer.com\/gpx-view\/gpx_view_perm.php?file=2019-04-29_09_31_35_b_cecka-pod-tatrami-2019.gpx&amp;motiontype=\" target=\"_blank\" rel=\"noopener\">dne\u0161n\u00fa trasu<\/a> celkom u\u017eil, hoci \u0161koda toho mosta pred Starou Lesnou. Asi by mohla miestna samospr\u00e1va pri takej udalosti kontaktova\u0165 Slovensk\u00fd cykloklub na prezna\u010denie trasy&#8230; ale na druhej strane, v\u0161etko zl\u00e9 je na nie\u010do dobr\u00e9 a inak by som neobjavil ten spom\u00ednan\u00fd kr\u00e1sny \u00fasek. Ak by v\u00e1m aj toto s pred\u013a\u017een\u00edm na \u0160tart a Hrebienok nesta\u010dilo, v Smokovci pokra\u010dujte ponad cestu chodn\u00edkom na Tatransk\u00fa Polianku a odtia\u013e 7,1 km asfaltovou cestou so 660 m prev\u00fd\u0161en\u00edm k horsk\u00e9mu hotelu Sliezsky dom. Mimochodom, je to <strong>najvy\u0161\u0161ie polo\u017een\u00e1 ofici\u00e1lna cyklotrasa vo Vysok\u00fdch Tatr\u00e1ch<\/strong>.<\/p>\n","protected":false},"excerpt":{"rendered":"<p>Je slne\u010dn\u00e9 jarn\u00e9 r\u00e1no, \u010dasu &#8222;habadej&#8220;, a tak vyr\u00e1\u017eam pre m\u0148a trochu netradi\u010dne &#8211; nasledova\u0165 p\u00edsmenk\u00e1 &#8222;C&#8220; v \u0161t\u00fdle XC [&hellip;]<\/p>\n","protected":false},"author":38,"featured_media":6799,"comment_status":"open","ping_status":"open","sticky":false,"template":"","format":"standard","meta":{"footnotes":""},"categories":[3],"tags":[319,619,180,902,532,412,465,239,523,741,237,545,508,520,623],"global-categories":[],"class_list":["post-6797","post","type-post","status-publish","format-standard","has-post-thumbnail","hentry","category-mtb","tag-adrenalin","tag-bicyklovanie","tag-horska-cyklistika","tag-horsky-bicykel","tag-jazdenie","tag-mtb","tag-poprad","tag-singletrail","tag-slovensko","tag-tip-na-vylet","tag-trail","tag-trasa","tag-vylet","tag-vysoke-tatry","tag-zdravy-zivotny-styl"],"yoast_head":"<!-- This site is optimized with the Yoast SEO Premium plugin v25.3 (Yoast SEO v25.9) - https:\/\/yoast.com\/wordpress\/plugins\/seo\/ -->\n<title>Tip na v\u00fdlet: Zbieranie farebn\u00fdch &quot;C\u00e9\u010dok&quot; pod Tatrami<\/title>\n<meta name=\"description\" content=\"Je slne\u010dn\u00e9 jarn\u00e9 r\u00e1no, \u010dasu &quot;habadej&quot;, a tak vyr\u00e1\u017eam pre m\u0148a trochu netradi\u010dne - nasledova\u0165 p\u00edsmenk\u00e1 &quot;C&quot; v \u0161t\u00fdle XC podtatranskou krajinou.\" \/>\n<meta name=\"robots\" content=\"index, follow, max-snippet:-1, max-image-preview:large, max-video-preview:-1\" \/>\n<link rel=\"canonical\" href=\"https:\/\/www.welovecycling.com\/sk\/2019\/05\/03\/tip-na-vylet-zbieranie-farebnych-cecok-pod-tatrami\/\" \/>\n<meta property=\"og:locale\" content=\"sk_SK\" \/>\n<meta property=\"og:type\" content=\"article\" \/>\n<meta property=\"og:title\" content=\"Tip na v\u00fdlet: Zbieranie farebn\u00fdch &quot;C\u00e9\u010dok&quot; pod Tatrami\" \/>\n<meta property=\"og:description\" content=\"Je slne\u010dn\u00e9 jarn\u00e9 r\u00e1no, \u010dasu &quot;habadej&quot;, a tak vyr\u00e1\u017eam pre m\u0148a trochu netradi\u010dne - nasledova\u0165 p\u00edsmenk\u00e1 &quot;C&quot; v \u0161t\u00fdle XC podtatranskou krajinou.\" \/>\n<meta property=\"og:url\" content=\"https:\/\/www.welovecycling.com\/sk\/2019\/05\/03\/tip-na-vylet-zbieranie-farebnych-cecok-pod-tatrami\/\" \/>\n<meta property=\"og:site_name\" content=\"\u0160koda We Love Cycling Slovensko\" \/>\n<meta property=\"article:published_time\" content=\"2019-05-03T07:19:28+00:00\" \/>\n<meta property=\"article:modified_time\" content=\"2023-05-03T09:40:31+00:00\" \/>\n<meta property=\"og:image\" content=\"https:\/\/d2p6e6u75xmxt8.cloudfront.net\/4\/2019\/04\/Obr.01-1.webp\" \/>\n\t<meta property=\"og:image:width\" content=\"1380\" \/>\n\t<meta property=\"og:image:height\" content=\"600\" \/>\n\t<meta property=\"og:image:type\" content=\"image\/webp\" \/>\n<meta name=\"author\" content=\"Ondrej Ga\u0161par\" \/>\n<meta name=\"twitter:card\" content=\"summary_large_image\" \/>\n<meta name=\"twitter:label1\" content=\"Written by\" \/>\n\t<meta name=\"twitter:data1\" content=\"Peter \u0160ulgan\" \/>\n\t<meta name=\"twitter:label2\" content=\"Est. reading time\" \/>\n\t<meta name=\"twitter:data2\" content=\"8\" \/>\n<script type=\"application\/ld+json\" class=\"yoast-schema-graph\">{\"@context\":\"https:\/\/schema.org\",\"@graph\":[{\"@type\":\"WebPage\",\"@id\":\"https:\/\/www.welovecycling.com\/sk\/2019\/05\/03\/tip-na-vylet-zbieranie-farebnych-cecok-pod-tatrami\/\",\"url\":\"https:\/\/www.welovecycling.com\/sk\/2019\/05\/03\/tip-na-vylet-zbieranie-farebnych-cecok-pod-tatrami\/\",\"name\":\"Tip na v\u00fdlet: Zbieranie farebn\u00fdch \\\"C\u00e9\u010dok\\\" pod Tatrami\",\"isPartOf\":{\"@id\":\"https:\/\/www.welovecycling.com\/sk\/#website\"},\"primaryImageOfPage\":{\"@id\":\"https:\/\/www.welovecycling.com\/sk\/2019\/05\/03\/tip-na-vylet-zbieranie-farebnych-cecok-pod-tatrami\/#primaryimage\"},\"image\":{\"@id\":\"https:\/\/www.welovecycling.com\/sk\/2019\/05\/03\/tip-na-vylet-zbieranie-farebnych-cecok-pod-tatrami\/#primaryimage\"},\"thumbnailUrl\":\"https:\/\/d2p6e6u75xmxt8.cloudfront.net\/4\/2019\/04\/Obr.01-1.webp\",\"datePublished\":\"2019-05-03T07:19:28+00:00\",\"dateModified\":\"2023-05-03T09:40:31+00:00\",\"author\":{\"@id\":\"https:\/\/www.welovecycling.com\/sk\/#\/schema\/person\/8ee09ba39b7e25b1870160aa5b3a89bc\"},\"description\":\"Je slne\u010dn\u00e9 jarn\u00e9 r\u00e1no, \u010dasu \\\"habadej\\\", a tak vyr\u00e1\u017eam pre m\u0148a trochu netradi\u010dne - nasledova\u0165 p\u00edsmenk\u00e1 \\\"C\\\" v \u0161t\u00fdle XC podtatranskou krajinou.\",\"breadcrumb\":{\"@id\":\"https:\/\/www.welovecycling.com\/sk\/2019\/05\/03\/tip-na-vylet-zbieranie-farebnych-cecok-pod-tatrami\/#breadcrumb\"},\"inLanguage\":\"sk-SK\",\"potentialAction\":[{\"@type\":\"ReadAction\",\"target\":[\"https:\/\/www.welovecycling.com\/sk\/2019\/05\/03\/tip-na-vylet-zbieranie-farebnych-cecok-pod-tatrami\/\"]}]},{\"@type\":\"ImageObject\",\"inLanguage\":\"sk-SK\",\"@id\":\"https:\/\/www.welovecycling.com\/sk\/2019\/05\/03\/tip-na-vylet-zbieranie-farebnych-cecok-pod-tatrami\/#primaryimage\",\"url\":\"https:\/\/d2p6e6u75xmxt8.cloudfront.net\/4\/2019\/04\/Obr.01-1.webp\",\"contentUrl\":\"https:\/\/d2p6e6u75xmxt8.cloudfront.net\/4\/2019\/04\/Obr.01-1.webp\",\"width\":1380,\"height\":600},{\"@type\":\"BreadcrumbList\",\"@id\":\"https:\/\/www.welovecycling.com\/sk\/2019\/05\/03\/tip-na-vylet-zbieranie-farebnych-cecok-pod-tatrami\/#breadcrumb\",\"itemListElement\":[{\"@type\":\"ListItem\",\"position\":1,\"name\":\"Home\",\"item\":\"https:\/\/www.welovecycling.com\/sk\/\"},{\"@type\":\"ListItem\",\"position\":2,\"name\":\"Tip na v\u00fdlet: Zbieranie farebn\u00fdch &#8222;C\u00e9\u010dok&#8220; pod Tatrami\"}]},{\"@type\":\"WebSite\",\"@id\":\"https:\/\/www.welovecycling.com\/sk\/#website\",\"url\":\"https:\/\/www.welovecycling.com\/sk\/\",\"name\":\"\u0160koda We Love Cycling Slovensko\",\"description\":\"\u0160koda We Love Cycling Slovensko je v\u00e1\u0161 ka\u017edodenn\u00fd zdroj noviniek a in\u0161pir\u00e1cie z sveta cyklistiky\",\"potentialAction\":[{\"@type\":\"SearchAction\",\"target\":{\"@type\":\"EntryPoint\",\"urlTemplate\":\"https:\/\/www.welovecycling.com\/sk\/?s={search_term_string}\"},\"query-input\":{\"@type\":\"PropertyValueSpecification\",\"valueRequired\":true,\"valueName\":\"search_term_string\"}}],\"inLanguage\":\"sk-SK\"},{\"@type\":\"Person\",\"@id\":\"https:\/\/www.welovecycling.com\/sk\/#\/schema\/person\/8ee09ba39b7e25b1870160aa5b3a89bc\",\"name\":\"Ondrej Ga\u0161par\",\"image\":{\"@type\":\"ImageObject\",\"inLanguage\":\"sk-SK\",\"@id\":\"https:\/\/www.welovecycling.com\/sk\/#\/schema\/person\/image\/\",\"url\":\"https:\/\/secure.gravatar.com\/avatar\/6126c9afb87b70da5abbb083ddbb21933da15f18f8ca7cb822aba0fb096a48f6?s=96&d=mm&r=g\",\"contentUrl\":\"https:\/\/secure.gravatar.com\/avatar\/6126c9afb87b70da5abbb083ddbb21933da15f18f8ca7cb822aba0fb096a48f6?s=96&d=mm&r=g\",\"caption\":\"Ondrej Ga\u0161par\"},\"url\":\"https:\/\/www.welovecycling.com\/sk\/author\/ondrejgaspar\/\"}]}<\/script>\n<!-- \/ Yoast SEO Premium plugin. -->","yoast_head_json":{"title":"Tip na v\u00fdlet: Zbieranie farebn\u00fdch \"C\u00e9\u010dok\" pod Tatrami","description":"Je slne\u010dn\u00e9 jarn\u00e9 r\u00e1no, \u010dasu \"habadej\", a tak vyr\u00e1\u017eam pre m\u0148a trochu netradi\u010dne - nasledova\u0165 p\u00edsmenk\u00e1 \"C\" v \u0161t\u00fdle XC podtatranskou krajinou.","robots":{"index":"index","follow":"follow","max-snippet":"max-snippet:-1","max-image-preview":"max-image-preview:large","max-video-preview":"max-video-preview:-1"},"canonical":"https:\/\/www.welovecycling.com\/sk\/2019\/05\/03\/tip-na-vylet-zbieranie-farebnych-cecok-pod-tatrami\/","og_locale":"sk_SK","og_type":"article","og_title":"Tip na v\u00fdlet: Zbieranie farebn\u00fdch \"C\u00e9\u010dok\" pod Tatrami","og_description":"Je slne\u010dn\u00e9 jarn\u00e9 r\u00e1no, \u010dasu \"habadej\", a tak vyr\u00e1\u017eam pre m\u0148a trochu netradi\u010dne - nasledova\u0165 p\u00edsmenk\u00e1 \"C\" v \u0161t\u00fdle XC podtatranskou krajinou.","og_url":"https:\/\/www.welovecycling.com\/sk\/2019\/05\/03\/tip-na-vylet-zbieranie-farebnych-cecok-pod-tatrami\/","og_site_name":"\u0160koda We Love Cycling Slovensko","article_published_time":"2019-05-03T07:19:28+00:00","article_modified_time":"2023-05-03T09:40:31+00:00","og_image":[{"width":1380,"height":600,"url":"https:\/\/d2p6e6u75xmxt8.cloudfront.net\/4\/2019\/04\/Obr.01-1.webp","type":"image\/webp"}],"author":"Ondrej Ga\u0161par","twitter_card":"summary_large_image","twitter_misc":{"Written by":"Peter \u0160ulgan","Est. reading time":"8"},"schema":{"@context":"https:\/\/schema.org","@graph":[{"@type":"WebPage","@id":"https:\/\/www.welovecycling.com\/sk\/2019\/05\/03\/tip-na-vylet-zbieranie-farebnych-cecok-pod-tatrami\/","url":"https:\/\/www.welovecycling.com\/sk\/2019\/05\/03\/tip-na-vylet-zbieranie-farebnych-cecok-pod-tatrami\/","name":"Tip na v\u00fdlet: Zbieranie farebn\u00fdch \"C\u00e9\u010dok\" pod Tatrami","isPartOf":{"@id":"https:\/\/www.welovecycling.com\/sk\/#website"},"primaryImageOfPage":{"@id":"https:\/\/www.welovecycling.com\/sk\/2019\/05\/03\/tip-na-vylet-zbieranie-farebnych-cecok-pod-tatrami\/#primaryimage"},"image":{"@id":"https:\/\/www.welovecycling.com\/sk\/2019\/05\/03\/tip-na-vylet-zbieranie-farebnych-cecok-pod-tatrami\/#primaryimage"},"thumbnailUrl":"https:\/\/d2p6e6u75xmxt8.cloudfront.net\/4\/2019\/04\/Obr.01-1.webp","datePublished":"2019-05-03T07:19:28+00:00","dateModified":"2023-05-03T09:40:31+00:00","author":{"@id":"https:\/\/www.welovecycling.com\/sk\/#\/schema\/person\/8ee09ba39b7e25b1870160aa5b3a89bc"},"description":"Je slne\u010dn\u00e9 jarn\u00e9 r\u00e1no, \u010dasu \"habadej\", a tak vyr\u00e1\u017eam pre m\u0148a trochu netradi\u010dne - nasledova\u0165 p\u00edsmenk\u00e1 \"C\" v \u0161t\u00fdle XC podtatranskou krajinou.","breadcrumb":{"@id":"https:\/\/www.welovecycling.com\/sk\/2019\/05\/03\/tip-na-vylet-zbieranie-farebnych-cecok-pod-tatrami\/#breadcrumb"},"inLanguage":"sk-SK","potentialAction":[{"@type":"ReadAction","target":["https:\/\/www.welovecycling.com\/sk\/2019\/05\/03\/tip-na-vylet-zbieranie-farebnych-cecok-pod-tatrami\/"]}]},{"@type":"ImageObject","inLanguage":"sk-SK","@id":"https:\/\/www.welovecycling.com\/sk\/2019\/05\/03\/tip-na-vylet-zbieranie-farebnych-cecok-pod-tatrami\/#primaryimage","url":"https:\/\/d2p6e6u75xmxt8.cloudfront.net\/4\/2019\/04\/Obr.01-1.webp","contentUrl":"https:\/\/d2p6e6u75xmxt8.cloudfront.net\/4\/2019\/04\/Obr.01-1.webp","width":1380,"height":600},{"@type":"BreadcrumbList","@id":"https:\/\/www.welovecycling.com\/sk\/2019\/05\/03\/tip-na-vylet-zbieranie-farebnych-cecok-pod-tatrami\/#breadcrumb","itemListElement":[{"@type":"ListItem","position":1,"name":"Home","item":"https:\/\/www.welovecycling.com\/sk\/"},{"@type":"ListItem","position":2,"name":"Tip na v\u00fdlet: Zbieranie farebn\u00fdch &#8222;C\u00e9\u010dok&#8220; pod Tatrami"}]},{"@type":"WebSite","@id":"https:\/\/www.welovecycling.com\/sk\/#website","url":"https:\/\/www.welovecycling.com\/sk\/","name":"\u0160koda We Love Cycling Slovensko","description":"\u0160koda We Love Cycling Slovensko je v\u00e1\u0161 ka\u017edodenn\u00fd zdroj noviniek a in\u0161pir\u00e1cie z sveta cyklistiky","potentialAction":[{"@type":"SearchAction","target":{"@type":"EntryPoint","urlTemplate":"https:\/\/www.welovecycling.com\/sk\/?s={search_term_string}"},"query-input":{"@type":"PropertyValueSpecification","valueRequired":true,"valueName":"search_term_string"}}],"inLanguage":"sk-SK"},{"@type":"Person","@id":"https:\/\/www.welovecycling.com\/sk\/#\/schema\/person\/8ee09ba39b7e25b1870160aa5b3a89bc","name":"Ondrej Ga\u0161par","image":{"@type":"ImageObject","inLanguage":"sk-SK","@id":"https:\/\/www.welovecycling.com\/sk\/#\/schema\/person\/image\/","url":"https:\/\/secure.gravatar.com\/avatar\/6126c9afb87b70da5abbb083ddbb21933da15f18f8ca7cb822aba0fb096a48f6?s=96&d=mm&r=g","contentUrl":"https:\/\/secure.gravatar.com\/avatar\/6126c9afb87b70da5abbb083ddbb21933da15f18f8ca7cb822aba0fb096a48f6?s=96&d=mm&r=g","caption":"Ondrej Ga\u0161par"},"url":"https:\/\/www.welovecycling.com\/sk\/author\/ondrejgaspar\/"}]}},"_links":{"self":[{"href":"https:\/\/www.welovecycling.com\/sk\/wp-json\/wp\/v2\/posts\/6797","targetHints":{"allow":["GET"]}}],"collection":[{"href":"https:\/\/www.welovecycling.com\/sk\/wp-json\/wp\/v2\/posts"}],"about":[{"href":"https:\/\/www.welovecycling.com\/sk\/wp-json\/wp\/v2\/types\/post"}],"author":[{"embeddable":true,"href":"https:\/\/www.welovecycling.com\/sk\/wp-json\/wp\/v2\/users\/38"}],"replies":[{"embeddable":true,"href":"https:\/\/www.welovecycling.com\/sk\/wp-json\/wp\/v2\/comments?post=6797"}],"version-history":[{"count":2,"href":"https:\/\/www.welovecycling.com\/sk\/wp-json\/wp\/v2\/posts\/6797\/revisions"}],"predecessor-version":[{"id":17304,"href":"https:\/\/www.welovecycling.com\/sk\/wp-json\/wp\/v2\/posts\/6797\/revisions\/17304"}],"wp:featuredmedia":[{"embeddable":true,"href":"https:\/\/www.welovecycling.com\/sk\/wp-json\/wp\/v2\/media\/6799"}],"wp:attachment":[{"href":"https:\/\/www.welovecycling.com\/sk\/wp-json\/wp\/v2\/media?parent=6797"}],"wp:term":[{"taxonomy":"category","embeddable":true,"href":"https:\/\/www.welovecycling.com\/sk\/wp-json\/wp\/v2\/categories?post=6797"},{"taxonomy":"post_tag","embeddable":true,"href":"https:\/\/www.welovecycling.com\/sk\/wp-json\/wp\/v2\/tags?post=6797"},{"taxonomy":"global-categories","embeddable":true,"href":"https:\/\/www.welovecycling.com\/sk\/wp-json\/wp\/v2\/global-categories?post=6797"}],"curies":[{"name":"wp","href":"https:\/\/api.w.org\/{rel}","templated":true}]}}