{"id":6783,"date":"2019-04-15T11:40:17","date_gmt":"2019-04-15T09:40:17","guid":{"rendered":"https:\/\/www.welovecycling.com\/sk\/?p=6783"},"modified":"2023-04-24T12:30:29","modified_gmt":"2023-04-24T10:30:29","slug":"odovzdat-sa-do-posledneho-wattu-alebo-pariz-roubaix-2019","status":"publish","type":"post","link":"https:\/\/www.welovecycling.com\/sk\/2019\/04\/15\/odovzdat-sa-do-posledneho-wattu-alebo-pariz-roubaix-2019\/","title":{"rendered":"Odovzda\u0165 sa do posledn\u00e9ho wattu, alebo Par\u00ed\u017e &#8211; Roubaix 2019"},"content":{"rendered":"<p><strong>V\u00a0nede\u013eu, 14. apr\u00edla, sme boli op\u00e4tovne svedkami nezabudnute\u013en\u00e9ho divadla, v\u00a0ktorom hlavn\u00fdmi akt\u00e9rmi boli jazdci profipelot\u00f3nu, na sc\u00e9ne plnej kociek a\u00a0prachu. Ak by niekto pochyboval, \u017ee si niekedy siahne na dno, toto bol ten de\u0148.<\/strong><!--more--><\/p>\n<p>Predpove\u010f meteorol\u00f3gov e\u0161te v\u00a0sobotu nehl\u00e1sila \u017eiadne nepredv\u00eddan\u00e9 zr\u00e1\u017eky. Znamenalo to, \u017ee dlhoro\u010dn\u00e1 trad\u00edcia Par\u00ed\u017e-Roubaix v\u00a0such\u00fdch a\u00a0pra\u0161n\u00fdch podmienkach si udr\u017e\u00ed svoje meno aj tento rok. Teploty s\u00edce neatakovali 20\u00b0C, sk\u00f4r 10\u00b0C, \u010do nemuselo by\u0165 po chuti ka\u017ed\u00e9mu, av\u0161ak podmienky boli identick\u00e9 pre v\u0161etk\u00fdch.<\/p>\n<p><strong>Na \u0161tart sa postavila elita<\/strong> klasik\u00e1rskych podujat\u00ed, tohtoro\u010dn\u00fd dvojn\u00e1sobn\u00fd v\u00ed\u0165az \u0160tybar, minuloro\u010dn\u00fd v\u00ed\u0165az Peter Sagan s\u00a0\u010d\u00edslom 1 na chrbte, van Avermaet, Gilbert, Naesen, Kristoff, van Aert, Vanmarcke a\u00a0in\u00ed. Naopak, <strong>ch\u00fdbal v\u00ed\u0165az Mil\u00e1no &#8211; San Remo &#8211; Alaphilippe<\/strong>, cyklokrosov\u00fd majster alebo aj van Der Poel, ktor\u00ed mohli a\u0161pirova\u0165 na predn\u00e9 prie\u010dky.<\/p>\n<p><strong>257 km dlh\u00e9 preteky<\/strong>, na trati ktor\u00fdch sme boli svedkami celkovo <strong>29 sektorov pav\u00e9 v\u00a0d\u013a\u017eke 53 km<\/strong>, svojimi propoz\u00edciami stra\u0161ia u\u017e z\u00a0obrazovky. Na\u0161\u0165astie sa tento rok neopakoval scen\u00e1r z\u00a0minul\u00e9ho ro\u010dn\u00edka, kedy sme zaznamenali tragick\u00fd osud M. Goolaertsa, 23-ro\u010dn\u00e9ho cyklistu, ktor\u00e9mu zlyhalo po p\u00e1de srdce.<\/p>\n<p>Ako je u\u017e zvykom, po \u0161tarte sa za\u010dalo bez me\u0161kania nastupova\u0165. Prvotn\u00e9 \u00faniky v\u0161ak nemali dlh\u00e9 trvanie. S\u00f3lov\u00e9 n\u00e1stupy pokryli v\u00a0prvej polovici jazdci hlavn\u00fdch t\u00edmov. Za\u010diatok \u201esektorov\u201c na pav\u00e9 bol na programe od 97. kilometra. V\u00a0tomto bode bola na \u010dele 9-\u010dlenn\u00e1 skupinka preva\u017ene franc\u00fazskej a\u00a0belgickej n\u00e1rodnosti, ktor\u00ed si udr\u017eiavali takmer zanedbate\u013en\u00fd n\u00e1skok, neprekra\u010duj\u00faci pol min\u00faty.<\/p>\n<p><iframe loading=\"lazy\" src=\"https:\/\/www.youtube-nocookie.com\/embed\/PSHBhLgi2i8\" width=\"560\" height=\"315\" frameborder=\"0\" allowfullscreen=\"allowfullscreen\"><\/iframe><\/p>\n<p><strong>120 kilometrov pred koncom postihol Sagana na jednom z\u00a0\u00fasekov pav\u00e9 p\u00e1d pelot\u00f3nu pred n\u00edm, ktor\u00fd ho \u010diasto\u010dne oddelil od prednej skupiny<\/strong>. Na\u0161\u0165astie sa v\u00a0priebehu 15 kilometrov dotiahol s\u00a0Naesenom a\u00a0ostatn\u00fdmi do \u010delnej skupiny. V\u00a0\u010dase, kedy jazdci vch\u00e1dzali na povestn\u00fd Arenberg, \u00fazky a\u00a0nebezpe\u010dn\u00fd \u00fasek s\u00a0d\u013a\u017ekou vy\u0161e 2 kilometrov, \u010deln\u00e1 skupina obsahovala u\u017e len 5 desiatok pretek\u00e1rov. Pr\u00e1ve tu sa prihodil incident van Aertovi, ktor\u00fd pod\u013ea v\u0161etk\u00e9ho mal technick\u00e9 probl\u00e9my s\u00a0raden\u00edm, kv\u00f4li \u010domu zaostal na konci sektora.<\/p>\n<p>S\u00a0ub\u00fadaj\u00facimi kilometrami sa odv\u00e1\u017eili nast\u00fapi\u0165 viacer\u00ed jednotlivci, av\u0161ak bez zna\u010dn\u00e9ho \u00faspechu. Van Aert sa pomaly pribli\u017eoval do \u010dela, kedy si stihol aj vymeni\u0165 cel\u00fd bicykel. Ne\u0161\u0165astie ho ani v\u00a0tejto chv\u00edli neobi\u0161lo a\u00a0po nieko\u013ek\u00fdch sto metroch padol. Na dojazd do prvej skupiny tak musel vynalo\u017ei\u0165 nemal\u00e9 mno\u017estvo \u00fasilia, ktor\u00e9 mu v\u00a0z\u00e1vere ch\u00fdbalo.<\/p>\n<p>Po \u00faniku Gilberta a\u00a0Politta na 60. km sa po desiatich kilometroch za nimi utvorila st\u00edhacia skupina, pozost\u00e1vaj\u00faca zo Sagana, van Aerta, Lampaerta, Sepa Vanmarckeho, Laporta, Garciu a\u00a0Sarreaua. 49\u00a0km pred koncom sa tieto celky spojili po\u010das prejazdu pav\u00e9. Nesk\u00f4r sa niektor\u00ed \u010dlenovia odpojili, \u010d\u00edm ostala \u0161estica jazdcov \u2013 Sagan, van Aert, Lampaert, Gilbert, Politt a\u00a0Vanmarcke.<\/p>\n<p>T\u00e1to zostava vydr\u017eala a\u017e do 5* sektoru, 17 km pred koncom, kedy sa po \u00fatoku Gilberta na chv\u00ed\u013eu rozdelila na polovicu, ale po op\u00e4tovnom spojen\u00ed odpadol unaven\u00fd van Aert. <strong>Osudn\u00fdm \u00fasekom sa stal nasleduj\u00faci sektor pav\u00e9, kde po zr\u00fdchlen\u00ed tempa Polittom a\u00a0Gilbertom, Sagan u\u017e nedok\u00e1zal pohotovo reagova\u0165<\/strong>. Ostal tak s\u00a0t\u00edmov\u00fdm kolegom Gilberta &#8211; Lampaertom a\u00a0Vanmarckem.<\/p>\n<p><iframe loading=\"lazy\" src=\"https:\/\/www.youtube-nocookie.com\/embed\/3rrnXK84K8s\" width=\"560\" height=\"315\" frameborder=\"0\" allowfullscreen=\"allowfullscreen\"><\/iframe><\/p>\n<p>V\u00a0nasleduj\u00facich kilometroch sa \u010deln\u00e9 duo s\u00a0preh\u013eadom vz\u010fa\u013eovalo nespolupracuj\u00facej trojici \u2013 Sagan ako jedin\u00fd pracuj\u00faci, za n\u00edm ne\u010dinn\u00fd Lampaert, a\u00a0nakoniec Vanmarcke, ktor\u00fd rie\u0161il technick\u00e9 probl\u00e9my s\u00a0prehadzova\u010dkou.<\/p>\n<p>Pohodln\u00fd n\u00e1skok na \u00farovni pol min\u00faty pred vjazdom na velodr\u00f3m v\u00a0Roubaix hovoril o\u00a0tom, \u017ee budeme svedkami \u0161print\u00e9rskeho dojazdu. V\u00a0poslednej z\u00e1krute za\u00fato\u010dil Gilbert z\u00a0druhej poz\u00edcie, na \u010do Politt u\u017e nedok\u00e1zal adekv\u00e1tne reagova\u0165. <strong>Sagan po \u010diasto\u010dnej kapitul\u00e1cii pri\u0161iel do cie\u013ea na 5. mieste<\/strong>, po Lampaertovi a\u00a0Vanmarckeovi.<\/p>\n<p>Preteky boli uk\u00e1\u017ekou toho, \u017ee Sagan na tom nie je tak zle, ako sa predpokladalo. Samozrejme, doposia\u013e nezaznamenal v\u00ed\u0165azstvo, av\u0161ak v\u00fdkon, kedy dok\u00e1zal okrem pokr\u00fdvania n\u00e1stupov, \u0165ahania skupiny na \u0161pici a\u00a0udr\u017eiavania sa v\u00a0prednej skupine, je predzves\u0165ou jeho dobrej formy.<\/p>\n","protected":false},"excerpt":{"rendered":"<p>V\u00a0nede\u013eu, 14. apr\u00edla, sme boli op\u00e4tovne svedkami nezabudnute\u013en\u00e9ho divadla, v\u00a0ktorom hlavn\u00fdmi akt\u00e9rmi boli jazdci profipelot\u00f3nu, na sc\u00e9ne plnej kociek a\u00a0prachu. [&hellip;]<\/p>\n","protected":false},"author":38,"featured_media":6786,"comment_status":"open","ping_status":"open","sticky":false,"template":"","format":"standard","meta":{"footnotes":""},"categories":[4],"tags":[155,275,115,306,492,418,909,428,425,176,46,908,179,907,900],"global-categories":[],"class_list":["post-6783","post","type-post","status-publish","format-standard","has-post-thumbnail","hentry","category-cestna-cyklisitika","tag-alexander-kristoff","tag-cesta","tag-cestna-cyklistika","tag-francuzsko","tag-greg-van-avermaet","tag-jarne-klasiky","tag-nils-politt","tag-pariz-roubaix","tag-pave","tag-peloton","tag-peter-sagan","tag-philippe-gilbert","tag-preteky","tag-wout-van-aert","tag-zdenek-stybar"],"yoast_head":"<!-- This site is optimized with the Yoast SEO Premium plugin v25.3 (Yoast SEO v25.9) - https:\/\/yoast.com\/wordpress\/plugins\/seo\/ -->\n<title>Odovzda\u0165 sa do posledn\u00e9ho wattu, alebo Par\u00ed\u017e - Roubaix 2019<\/title>\n<meta name=\"description\" content=\"V\u00a0nede\u013eu, 14. apr\u00edla, sme boli svedkami nezabudnute\u013en\u00e9ho divadla, v\u00a0ktorom hlavn\u00fdmi akt\u00e9rmi boli jazdci profipelot\u00f3nu.\" \/>\n<meta name=\"robots\" content=\"index, follow, max-snippet:-1, max-image-preview:large, max-video-preview:-1\" \/>\n<link rel=\"canonical\" href=\"https:\/\/www.welovecycling.com\/sk\/2019\/04\/15\/odovzdat-sa-do-posledneho-wattu-alebo-pariz-roubaix-2019\/\" \/>\n<meta property=\"og:locale\" content=\"sk_SK\" \/>\n<meta property=\"og:type\" content=\"article\" \/>\n<meta property=\"og:title\" content=\"Odovzda\u0165 sa do posledn\u00e9ho wattu, alebo Par\u00ed\u017e - Roubaix 2019\" \/>\n<meta property=\"og:description\" content=\"V\u00a0nede\u013eu, 14. apr\u00edla, sme boli svedkami nezabudnute\u013en\u00e9ho divadla, v\u00a0ktorom hlavn\u00fdmi akt\u00e9rmi boli jazdci profipelot\u00f3nu.\" \/>\n<meta property=\"og:url\" content=\"https:\/\/www.welovecycling.com\/sk\/2019\/04\/15\/odovzdat-sa-do-posledneho-wattu-alebo-pariz-roubaix-2019\/\" \/>\n<meta property=\"og:site_name\" content=\"\u0160koda We Love Cycling Slovensko\" \/>\n<meta property=\"article:published_time\" content=\"2019-04-15T09:40:17+00:00\" \/>\n<meta property=\"article:modified_time\" content=\"2023-04-24T10:30:29+00:00\" \/>\n<meta property=\"og:image\" content=\"https:\/\/d2p6e6u75xmxt8.cloudfront.net\/4\/2019\/04\/00-1.webp\" \/>\n\t<meta property=\"og:image:width\" content=\"1380\" \/>\n\t<meta property=\"og:image:height\" content=\"600\" \/>\n\t<meta property=\"og:image:type\" content=\"image\/webp\" \/>\n<meta name=\"author\" content=\"Ondrej Ga\u0161par\" \/>\n<meta name=\"twitter:card\" content=\"summary_large_image\" \/>\n<meta name=\"twitter:label1\" content=\"Written by\" \/>\n\t<meta name=\"twitter:data1\" content=\"We Love Cycling\" \/>\n\t<meta name=\"twitter:label2\" content=\"Est. reading time\" \/>\n\t<meta name=\"twitter:data2\" content=\"5\" \/>\n<script type=\"application\/ld+json\" class=\"yoast-schema-graph\">{\"@context\":\"https:\/\/schema.org\",\"@graph\":[{\"@type\":\"WebPage\",\"@id\":\"https:\/\/www.welovecycling.com\/sk\/2019\/04\/15\/odovzdat-sa-do-posledneho-wattu-alebo-pariz-roubaix-2019\/\",\"url\":\"https:\/\/www.welovecycling.com\/sk\/2019\/04\/15\/odovzdat-sa-do-posledneho-wattu-alebo-pariz-roubaix-2019\/\",\"name\":\"Odovzda\u0165 sa do posledn\u00e9ho wattu, alebo Par\u00ed\u017e - Roubaix 2019\",\"isPartOf\":{\"@id\":\"https:\/\/www.welovecycling.com\/sk\/#website\"},\"primaryImageOfPage\":{\"@id\":\"https:\/\/www.welovecycling.com\/sk\/2019\/04\/15\/odovzdat-sa-do-posledneho-wattu-alebo-pariz-roubaix-2019\/#primaryimage\"},\"image\":{\"@id\":\"https:\/\/www.welovecycling.com\/sk\/2019\/04\/15\/odovzdat-sa-do-posledneho-wattu-alebo-pariz-roubaix-2019\/#primaryimage\"},\"thumbnailUrl\":\"https:\/\/d2p6e6u75xmxt8.cloudfront.net\/4\/2019\/04\/00-1.webp\",\"datePublished\":\"2019-04-15T09:40:17+00:00\",\"dateModified\":\"2023-04-24T10:30:29+00:00\",\"author\":{\"@id\":\"https:\/\/www.welovecycling.com\/sk\/#\/schema\/person\/8ee09ba39b7e25b1870160aa5b3a89bc\"},\"description\":\"V\u00a0nede\u013eu, 14. apr\u00edla, sme boli svedkami nezabudnute\u013en\u00e9ho divadla, v\u00a0ktorom hlavn\u00fdmi akt\u00e9rmi boli jazdci profipelot\u00f3nu.\",\"breadcrumb\":{\"@id\":\"https:\/\/www.welovecycling.com\/sk\/2019\/04\/15\/odovzdat-sa-do-posledneho-wattu-alebo-pariz-roubaix-2019\/#breadcrumb\"},\"inLanguage\":\"sk-SK\",\"potentialAction\":[{\"@type\":\"ReadAction\",\"target\":[\"https:\/\/www.welovecycling.com\/sk\/2019\/04\/15\/odovzdat-sa-do-posledneho-wattu-alebo-pariz-roubaix-2019\/\"]}]},{\"@type\":\"ImageObject\",\"inLanguage\":\"sk-SK\",\"@id\":\"https:\/\/www.welovecycling.com\/sk\/2019\/04\/15\/odovzdat-sa-do-posledneho-wattu-alebo-pariz-roubaix-2019\/#primaryimage\",\"url\":\"https:\/\/d2p6e6u75xmxt8.cloudfront.net\/4\/2019\/04\/00-1.webp\",\"contentUrl\":\"https:\/\/d2p6e6u75xmxt8.cloudfront.net\/4\/2019\/04\/00-1.webp\",\"width\":1380,\"height\":600},{\"@type\":\"BreadcrumbList\",\"@id\":\"https:\/\/www.welovecycling.com\/sk\/2019\/04\/15\/odovzdat-sa-do-posledneho-wattu-alebo-pariz-roubaix-2019\/#breadcrumb\",\"itemListElement\":[{\"@type\":\"ListItem\",\"position\":1,\"name\":\"Home\",\"item\":\"https:\/\/www.welovecycling.com\/sk\/\"},{\"@type\":\"ListItem\",\"position\":2,\"name\":\"Odovzda\u0165 sa do posledn\u00e9ho wattu, alebo Par\u00ed\u017e &#8211; Roubaix 2019\"}]},{\"@type\":\"WebSite\",\"@id\":\"https:\/\/www.welovecycling.com\/sk\/#website\",\"url\":\"https:\/\/www.welovecycling.com\/sk\/\",\"name\":\"\u0160koda We Love Cycling Slovensko\",\"description\":\"\u0160koda We Love Cycling Slovensko je v\u00e1\u0161 ka\u017edodenn\u00fd zdroj noviniek a in\u0161pir\u00e1cie z sveta cyklistiky\",\"potentialAction\":[{\"@type\":\"SearchAction\",\"target\":{\"@type\":\"EntryPoint\",\"urlTemplate\":\"https:\/\/www.welovecycling.com\/sk\/?s={search_term_string}\"},\"query-input\":{\"@type\":\"PropertyValueSpecification\",\"valueRequired\":true,\"valueName\":\"search_term_string\"}}],\"inLanguage\":\"sk-SK\"},{\"@type\":\"Person\",\"@id\":\"https:\/\/www.welovecycling.com\/sk\/#\/schema\/person\/8ee09ba39b7e25b1870160aa5b3a89bc\",\"name\":\"Ondrej Ga\u0161par\",\"image\":{\"@type\":\"ImageObject\",\"inLanguage\":\"sk-SK\",\"@id\":\"https:\/\/www.welovecycling.com\/sk\/#\/schema\/person\/image\/\",\"url\":\"https:\/\/secure.gravatar.com\/avatar\/6126c9afb87b70da5abbb083ddbb21933da15f18f8ca7cb822aba0fb096a48f6?s=96&d=mm&r=g\",\"contentUrl\":\"https:\/\/secure.gravatar.com\/avatar\/6126c9afb87b70da5abbb083ddbb21933da15f18f8ca7cb822aba0fb096a48f6?s=96&d=mm&r=g\",\"caption\":\"Ondrej Ga\u0161par\"},\"url\":\"https:\/\/www.welovecycling.com\/sk\/author\/ondrejgaspar\/\"}]}<\/script>\n<!-- \/ Yoast SEO Premium plugin. -->","yoast_head_json":{"title":"Odovzda\u0165 sa do posledn\u00e9ho wattu, alebo Par\u00ed\u017e - Roubaix 2019","description":"V\u00a0nede\u013eu, 14. apr\u00edla, sme boli svedkami nezabudnute\u013en\u00e9ho divadla, v\u00a0ktorom hlavn\u00fdmi akt\u00e9rmi boli jazdci profipelot\u00f3nu.","robots":{"index":"index","follow":"follow","max-snippet":"max-snippet:-1","max-image-preview":"max-image-preview:large","max-video-preview":"max-video-preview:-1"},"canonical":"https:\/\/www.welovecycling.com\/sk\/2019\/04\/15\/odovzdat-sa-do-posledneho-wattu-alebo-pariz-roubaix-2019\/","og_locale":"sk_SK","og_type":"article","og_title":"Odovzda\u0165 sa do posledn\u00e9ho wattu, alebo Par\u00ed\u017e - Roubaix 2019","og_description":"V\u00a0nede\u013eu, 14. apr\u00edla, sme boli svedkami nezabudnute\u013en\u00e9ho divadla, v\u00a0ktorom hlavn\u00fdmi akt\u00e9rmi boli jazdci profipelot\u00f3nu.","og_url":"https:\/\/www.welovecycling.com\/sk\/2019\/04\/15\/odovzdat-sa-do-posledneho-wattu-alebo-pariz-roubaix-2019\/","og_site_name":"\u0160koda We Love Cycling Slovensko","article_published_time":"2019-04-15T09:40:17+00:00","article_modified_time":"2023-04-24T10:30:29+00:00","og_image":[{"width":1380,"height":600,"url":"https:\/\/d2p6e6u75xmxt8.cloudfront.net\/4\/2019\/04\/00-1.webp","type":"image\/webp"}],"author":"Ondrej Ga\u0161par","twitter_card":"summary_large_image","twitter_misc":{"Written by":"We Love Cycling","Est. reading time":"5"},"schema":{"@context":"https:\/\/schema.org","@graph":[{"@type":"WebPage","@id":"https:\/\/www.welovecycling.com\/sk\/2019\/04\/15\/odovzdat-sa-do-posledneho-wattu-alebo-pariz-roubaix-2019\/","url":"https:\/\/www.welovecycling.com\/sk\/2019\/04\/15\/odovzdat-sa-do-posledneho-wattu-alebo-pariz-roubaix-2019\/","name":"Odovzda\u0165 sa do posledn\u00e9ho wattu, alebo Par\u00ed\u017e - Roubaix 2019","isPartOf":{"@id":"https:\/\/www.welovecycling.com\/sk\/#website"},"primaryImageOfPage":{"@id":"https:\/\/www.welovecycling.com\/sk\/2019\/04\/15\/odovzdat-sa-do-posledneho-wattu-alebo-pariz-roubaix-2019\/#primaryimage"},"image":{"@id":"https:\/\/www.welovecycling.com\/sk\/2019\/04\/15\/odovzdat-sa-do-posledneho-wattu-alebo-pariz-roubaix-2019\/#primaryimage"},"thumbnailUrl":"https:\/\/d2p6e6u75xmxt8.cloudfront.net\/4\/2019\/04\/00-1.webp","datePublished":"2019-04-15T09:40:17+00:00","dateModified":"2023-04-24T10:30:29+00:00","author":{"@id":"https:\/\/www.welovecycling.com\/sk\/#\/schema\/person\/8ee09ba39b7e25b1870160aa5b3a89bc"},"description":"V\u00a0nede\u013eu, 14. apr\u00edla, sme boli svedkami nezabudnute\u013en\u00e9ho divadla, v\u00a0ktorom hlavn\u00fdmi akt\u00e9rmi boli jazdci profipelot\u00f3nu.","breadcrumb":{"@id":"https:\/\/www.welovecycling.com\/sk\/2019\/04\/15\/odovzdat-sa-do-posledneho-wattu-alebo-pariz-roubaix-2019\/#breadcrumb"},"inLanguage":"sk-SK","potentialAction":[{"@type":"ReadAction","target":["https:\/\/www.welovecycling.com\/sk\/2019\/04\/15\/odovzdat-sa-do-posledneho-wattu-alebo-pariz-roubaix-2019\/"]}]},{"@type":"ImageObject","inLanguage":"sk-SK","@id":"https:\/\/www.welovecycling.com\/sk\/2019\/04\/15\/odovzdat-sa-do-posledneho-wattu-alebo-pariz-roubaix-2019\/#primaryimage","url":"https:\/\/d2p6e6u75xmxt8.cloudfront.net\/4\/2019\/04\/00-1.webp","contentUrl":"https:\/\/d2p6e6u75xmxt8.cloudfront.net\/4\/2019\/04\/00-1.webp","width":1380,"height":600},{"@type":"BreadcrumbList","@id":"https:\/\/www.welovecycling.com\/sk\/2019\/04\/15\/odovzdat-sa-do-posledneho-wattu-alebo-pariz-roubaix-2019\/#breadcrumb","itemListElement":[{"@type":"ListItem","position":1,"name":"Home","item":"https:\/\/www.welovecycling.com\/sk\/"},{"@type":"ListItem","position":2,"name":"Odovzda\u0165 sa do posledn\u00e9ho wattu, alebo Par\u00ed\u017e &#8211; Roubaix 2019"}]},{"@type":"WebSite","@id":"https:\/\/www.welovecycling.com\/sk\/#website","url":"https:\/\/www.welovecycling.com\/sk\/","name":"\u0160koda We Love Cycling Slovensko","description":"\u0160koda We Love Cycling Slovensko je v\u00e1\u0161 ka\u017edodenn\u00fd zdroj noviniek a in\u0161pir\u00e1cie z sveta cyklistiky","potentialAction":[{"@type":"SearchAction","target":{"@type":"EntryPoint","urlTemplate":"https:\/\/www.welovecycling.com\/sk\/?s={search_term_string}"},"query-input":{"@type":"PropertyValueSpecification","valueRequired":true,"valueName":"search_term_string"}}],"inLanguage":"sk-SK"},{"@type":"Person","@id":"https:\/\/www.welovecycling.com\/sk\/#\/schema\/person\/8ee09ba39b7e25b1870160aa5b3a89bc","name":"Ondrej Ga\u0161par","image":{"@type":"ImageObject","inLanguage":"sk-SK","@id":"https:\/\/www.welovecycling.com\/sk\/#\/schema\/person\/image\/","url":"https:\/\/secure.gravatar.com\/avatar\/6126c9afb87b70da5abbb083ddbb21933da15f18f8ca7cb822aba0fb096a48f6?s=96&d=mm&r=g","contentUrl":"https:\/\/secure.gravatar.com\/avatar\/6126c9afb87b70da5abbb083ddbb21933da15f18f8ca7cb822aba0fb096a48f6?s=96&d=mm&r=g","caption":"Ondrej Ga\u0161par"},"url":"https:\/\/www.welovecycling.com\/sk\/author\/ondrejgaspar\/"}]}},"_links":{"self":[{"href":"https:\/\/www.welovecycling.com\/sk\/wp-json\/wp\/v2\/posts\/6783","targetHints":{"allow":["GET"]}}],"collection":[{"href":"https:\/\/www.welovecycling.com\/sk\/wp-json\/wp\/v2\/posts"}],"about":[{"href":"https:\/\/www.welovecycling.com\/sk\/wp-json\/wp\/v2\/types\/post"}],"author":[{"embeddable":true,"href":"https:\/\/www.welovecycling.com\/sk\/wp-json\/wp\/v2\/users\/38"}],"replies":[{"embeddable":true,"href":"https:\/\/www.welovecycling.com\/sk\/wp-json\/wp\/v2\/comments?post=6783"}],"version-history":[{"count":2,"href":"https:\/\/www.welovecycling.com\/sk\/wp-json\/wp\/v2\/posts\/6783\/revisions"}],"predecessor-version":[{"id":17232,"href":"https:\/\/www.welovecycling.com\/sk\/wp-json\/wp\/v2\/posts\/6783\/revisions\/17232"}],"wp:featuredmedia":[{"embeddable":true,"href":"https:\/\/www.welovecycling.com\/sk\/wp-json\/wp\/v2\/media\/6786"}],"wp:attachment":[{"href":"https:\/\/www.welovecycling.com\/sk\/wp-json\/wp\/v2\/media?parent=6783"}],"wp:term":[{"taxonomy":"category","embeddable":true,"href":"https:\/\/www.welovecycling.com\/sk\/wp-json\/wp\/v2\/categories?post=6783"},{"taxonomy":"post_tag","embeddable":true,"href":"https:\/\/www.welovecycling.com\/sk\/wp-json\/wp\/v2\/tags?post=6783"},{"taxonomy":"global-categories","embeddable":true,"href":"https:\/\/www.welovecycling.com\/sk\/wp-json\/wp\/v2\/global-categories?post=6783"}],"curies":[{"name":"wp","href":"https:\/\/api.w.org\/{rel}","templated":true}]}}