{"id":6726,"date":"2019-04-10T10:23:52","date_gmt":"2019-04-10T08:23:52","guid":{"rendered":"https:\/\/www.welovecycling.com\/sk\/?p=6726"},"modified":"2023-04-17T10:35:03","modified_gmt":"2023-04-17T08:35:03","slug":"pozvanka-skoda-vlko-hron-mtb-prvykrat-pod-zastitou-sbot","status":"publish","type":"post","link":"https:\/\/www.welovecycling.com\/sk\/2019\/04\/10\/pozvanka-skoda-vlko-hron-mtb-prvykrat-pod-zastitou-sbot\/","title":{"rendered":"Pozv\u00e1nka: \u0160koda Vlko Hron MTB \u2013 prv\u00fdkr\u00e1t pod z\u00e1\u0161titou \u0160BOT"},"content":{"rendered":"<p><strong>Druh\u00fd diel s\u00e9rie MTB marat\u00f3nov, \u0160koda BIKE OPEN TOUR, pokra\u010duje podujat\u00edm Vlko Hron, a to u\u017e 4. m\u00e1ja. N\u00e1zov t\u00fdchto pretekov je odvoden\u00fd od usporiadate\u013eov CK Vlkanov\u00e1 Witzenmann, spolu s obcami Hronsek a Vlkanov\u00e1 a samozrejme gener\u00e1lnym partnerom \u0160koda AUTO Slovensko.<\/strong><!--more--><br \/>\nTento rok je to premi\u00e9ra tohto, u\u017e tradi\u010dn\u00e9ho podujatia, v s\u00e9rii \u0160BOT. \u0160portov\u00e9 a kult\u00farne vy\u017eitie sa dostane ako va\u0161im de\u0165om, tak aj cyklistom v\u0161etk\u00fdch <strong>kateg\u00f3ri\u00ed<\/strong>, ktor\u00fdch je dokopy <strong>34<\/strong> a jedna z nich je napr\u00edklad aj e-bike.<\/p>\n<p><a href=\"https:\/\/d2p6e6u75xmxt8.cloudfront.net\/4\/2019\/04\/11.jpg\"><img loading=\"lazy\" decoding=\"async\" class=\"alignnone size-full wp-image-6736\" src=\"https:\/\/d2p6e6u75xmxt8.cloudfront.net\/4\/2019\/04\/11.jpg\" alt=\"\" width=\"1200\" height=\"800\" \/><\/a><\/p>\n<p>V\u0161etky \u010dasti s\u00e9rie \u0160koda BIKE OPEN TOUR poskytuj\u00fa mo\u017enos\u0165 si <strong>zas\u00fa\u0165a\u017ei\u0165 spolu s va\u0161imi de\u0165mi<\/strong> a v\u00fdnimkou nebude ani tento marat\u00f3n. Medzi spom\u00ednan\u00fdmi 34 mo\u017enos\u0165ami pre v\u0161etk\u00fdch pretek\u00e1rov, je aj ponuka <strong>duatlonu \u2013 kombin\u00e1cie 10 kilometrov behu a 27 kilometrov jazdy na bicykli<\/strong>.<\/p>\n<p>Tra\u0165 <strong>v bl\u00edzkosti Banskej Bystrice<\/strong> pon\u00faka pekn\u00fd profil, kde sa nebudete nudi\u0165 a \u0161t\u00fdlom hore-dole si ho poriadne u\u017eijete. Naj\u0165a\u017e\u0161ia verzia m\u00e1 celkovo 75 kilometrov a prev\u00fd\u0161enie okolo 1 300 metrov. St\u00fapanie \u201esedem v\u0155\u0161kov\u201c poskytuje mo\u017enos\u0165 si siahnu\u0165 na svoje dno. Tu postupne naber\u00e1te mno\u017estvo v\u00fd\u0161kov\u00fdch metrov a n\u00e1sledne sa te\u0161\u00edte na r\u00fdchlu druh\u00fa polovicu trate. Ofici\u00e1lne sa tomuto kopcu hovor\u00ed <strong>Kozl\u00ednec. <\/strong>Jeho charakteristickou \u010drtou je to, \u017ee na vrch sa dost\u00e1vate postupne po 7 \u201estup\u0148och\u201c a ten z\u00e1vere\u010dn\u00fd je naj\u0165a\u017e\u0161\u00ed a najstrm\u0161\u00ed. Z\u00e1zemie v z\u00e1mockom parku v obci Hronsek, pekne dotvor\u00ed kolorit tohto d\u0148a.<\/p>\n<p><a href=\"https:\/\/d2p6e6u75xmxt8.cloudfront.net\/4\/2019\/04\/03.jpg\"><img loading=\"lazy\" decoding=\"async\" class=\"alignnone size-full wp-image-6735\" src=\"https:\/\/d2p6e6u75xmxt8.cloudfront.net\/4\/2019\/04\/03.jpg\" alt=\"\" width=\"1200\" height=\"800\" \/><\/a><\/p>\n<p><strong>Vecn\u00e9 ceny z\u00edskava ka\u017ed\u00fd, kto obsad\u00ed medailov\u00fa prie\u010dku vo svojej kateg\u00f3rii. N<\/strong>avy\u0161e sa po skon\u010den\u00ed podujatia \u017erebuj\u00fa \u010fal\u0161\u00ed v\u00fdhercovia, ktor\u00ed dokon\u010dili svoju tra\u0165. M\u00f4\u017eete sa te\u0161i\u0165 na pouk\u00e1\u017eky do \u0160koda eshop-u a prvou cenou je cestn\u00fd bicykel tejto zna\u010dky. Ak sa okrem tohto marat\u00f3nu z\u00fa\u010dastnite aj \u010fal\u0161\u00edch troch zo s\u00e9rie \u0160BOT, tak ste zaraden\u00ed do <strong>fin\u00e1lovej tomboly o hlavn\u00fa cenu &#8211; \u0160koda FABIA COMBI<\/strong>.<\/p>\n<p><a href=\"https:\/\/d2p6e6u75xmxt8.cloudfront.net\/4\/2019\/03\/fabia.png\"><img loading=\"lazy\" decoding=\"async\" class=\"alignnone size-full wp-image-6614\" src=\"https:\/\/d2p6e6u75xmxt8.cloudfront.net\/4\/2019\/03\/fabia.png\" alt=\"\" width=\"869\" height=\"461\" \/><\/a><\/p>\n<p>Po sk\u00fasenost\u00ed z minul\u00fdch rokov sa nemus\u00edte ob\u00e1va\u0165 zna\u010denia trate a z\u00e1zemia, ktor\u00e9 je na vysokej \u00farovni. Bufet a ob\u010derstvenie je pod\u00e1van\u00e9 v ekologicky \u0161etrn\u00fdch materi\u00e1loch a aj toto je jeden z aspektov tohtoro\u010dnej \u0160BOT. Dospel\u00ed si s pomocou odborn\u00edka napl\u00e1nuj\u00fa vysn\u00edvan\u00fa cyklo dovolenku. Deti sa m\u00f4\u017eu vybl\u00e1zni\u0165 na detskej cyklo \u0161tafete alebo v kreat\u00edvnej z\u00f3ne, kde dostan\u00fa farby, pastelky a biele auto.<\/p>\n<p><a href=\"https:\/\/d2p6e6u75xmxt8.cloudfront.net\/4\/2019\/04\/13.jpg\"><img loading=\"lazy\" decoding=\"async\" class=\"alignnone size-full wp-image-6737\" src=\"https:\/\/d2p6e6u75xmxt8.cloudfront.net\/4\/2019\/04\/13.jpg\" alt=\"\" width=\"1200\" height=\"800\" \/><\/a><\/p>\n<p>Viac inform\u00e1ci\u00ed, propoz\u00edcie a prihlasovanie n\u00e1jdete na <a href=\"http:\/\/www.ckwitzenmann.sk\/vlkohron\/propozicie\" target=\"_blank\" rel=\"noopener\">str\u00e1nke marat\u00f3nu<\/a>. Nev\u00e1hajte ani chv\u00ed\u013eku a prihl\u00e1ste sa \u010do najsk\u00f4r, ke\u010f\u017ee <strong>po\u010det \u00fa\u010dastn\u00edkov v jednotliv\u00fdch kateg\u00f3ri\u00e1ch je limitovan\u00fd<\/strong>. V\u0161etko o s\u00e9ri\u00ed \u0160koda BIKE OPEN TOUR je k dispoz\u00edci\u00ed na <a href=\"https:\/\/www.welovecycling.com\/sk\/sbot\/\" target=\"_blank\" rel=\"noopener\">tomto odkaze<\/a>.<\/p>\n","protected":false},"excerpt":{"rendered":"<p>Druh\u00fd diel s\u00e9rie MTB marat\u00f3nov, \u0160koda BIKE OPEN TOUR, pokra\u010duje podujat\u00edm Vlko Hron, a to u\u017e 4. m\u00e1ja. N\u00e1zov t\u00fdchto [&hellip;]<\/p>\n","protected":false},"author":38,"featured_media":6738,"comment_status":"open","ping_status":"open","sticky":false,"template":"","format":"standard","meta":{"footnotes":""},"categories":[33],"tags":[180,178,412,91,179,474,542,562,35,77,468,555,92,858],"global-categories":[],"class_list":["post-6726","post","type-post","status-publish","format-standard","has-post-thumbnail","hentry","category-sbot","tag-horska-cyklistika","tag-maraton","tag-mtb","tag-pozvanka","tag-preteky","tag-rodinny-maraton","tag-skoda","tag-skoda-bicykel","tag-sbot","tag-skoda-dedina","tag-skoda-karoq","tag-skoda-kodiaq","tag-skoda-tim","tag-skoda-vlko-hron"],"yoast_head":"<!-- This site is optimized with the Yoast SEO Premium plugin v25.3 (Yoast SEO v25.9) - https:\/\/yoast.com\/wordpress\/plugins\/seo\/ -->\n<title>Pozv\u00e1nka: \u0160koda Vlko Hron MTB \u2013 prv\u00fdkr\u00e1t pod z\u00e1\u0161titou \u0160BOT<\/title>\n<meta name=\"description\" content=\"Druh\u00fd diel s\u00e9rie MTB marat\u00f3nov, \u0160koda BIKE OPEN TOUR, pokra\u010duje podujat\u00edm Vlko Hron, a to u\u017e 4. m\u00e1ja 2019.\" \/>\n<meta name=\"robots\" content=\"index, follow, max-snippet:-1, max-image-preview:large, max-video-preview:-1\" \/>\n<link rel=\"canonical\" href=\"https:\/\/www.welovecycling.com\/sk\/2019\/04\/10\/pozvanka-skoda-vlko-hron-mtb-prvykrat-pod-zastitou-sbot\/\" \/>\n<meta property=\"og:locale\" content=\"sk_SK\" \/>\n<meta property=\"og:type\" content=\"article\" \/>\n<meta property=\"og:title\" content=\"Pozv\u00e1nka: \u0160koda Vlko Hron MTB \u2013 prv\u00fdkr\u00e1t pod z\u00e1\u0161titou \u0160BOT\" \/>\n<meta property=\"og:description\" content=\"Druh\u00fd diel s\u00e9rie MTB marat\u00f3nov, \u0160koda BIKE OPEN TOUR, pokra\u010duje podujat\u00edm Vlko Hron, a to u\u017e 4. m\u00e1ja 2019.\" \/>\n<meta property=\"og:url\" content=\"https:\/\/www.welovecycling.com\/sk\/2019\/04\/10\/pozvanka-skoda-vlko-hron-mtb-prvykrat-pod-zastitou-sbot\/\" \/>\n<meta property=\"og:site_name\" content=\"\u0160koda We Love Cycling Slovensko\" \/>\n<meta property=\"article:published_time\" content=\"2019-04-10T08:23:52+00:00\" \/>\n<meta property=\"article:modified_time\" content=\"2023-04-17T08:35:03+00:00\" \/>\n<meta property=\"og:image\" content=\"https:\/\/d2p6e6u75xmxt8.cloudfront.net\/4\/2019\/04\/16.webp\" \/>\n\t<meta property=\"og:image:width\" content=\"1380\" \/>\n\t<meta property=\"og:image:height\" content=\"600\" \/>\n\t<meta property=\"og:image:type\" content=\"image\/webp\" \/>\n<meta name=\"author\" content=\"Ondrej Ga\u0161par\" \/>\n<meta name=\"twitter:card\" content=\"summary_large_image\" \/>\n<meta name=\"twitter:label1\" content=\"Written by\" \/>\n\t<meta name=\"twitter:data1\" content=\"We Love Cycling\" \/>\n\t<meta name=\"twitter:label2\" content=\"Est. reading time\" \/>\n\t<meta name=\"twitter:data2\" content=\"3\" \/>\n<script type=\"application\/ld+json\" class=\"yoast-schema-graph\">{\"@context\":\"https:\/\/schema.org\",\"@graph\":[{\"@type\":\"WebPage\",\"@id\":\"https:\/\/www.welovecycling.com\/sk\/2019\/04\/10\/pozvanka-skoda-vlko-hron-mtb-prvykrat-pod-zastitou-sbot\/\",\"url\":\"https:\/\/www.welovecycling.com\/sk\/2019\/04\/10\/pozvanka-skoda-vlko-hron-mtb-prvykrat-pod-zastitou-sbot\/\",\"name\":\"Pozv\u00e1nka: \u0160koda Vlko Hron MTB \u2013 prv\u00fdkr\u00e1t pod z\u00e1\u0161titou \u0160BOT\",\"isPartOf\":{\"@id\":\"https:\/\/www.welovecycling.com\/sk\/#website\"},\"primaryImageOfPage\":{\"@id\":\"https:\/\/www.welovecycling.com\/sk\/2019\/04\/10\/pozvanka-skoda-vlko-hron-mtb-prvykrat-pod-zastitou-sbot\/#primaryimage\"},\"image\":{\"@id\":\"https:\/\/www.welovecycling.com\/sk\/2019\/04\/10\/pozvanka-skoda-vlko-hron-mtb-prvykrat-pod-zastitou-sbot\/#primaryimage\"},\"thumbnailUrl\":\"https:\/\/d2p6e6u75xmxt8.cloudfront.net\/4\/2019\/04\/16.webp\",\"datePublished\":\"2019-04-10T08:23:52+00:00\",\"dateModified\":\"2023-04-17T08:35:03+00:00\",\"author\":{\"@id\":\"https:\/\/www.welovecycling.com\/sk\/#\/schema\/person\/8ee09ba39b7e25b1870160aa5b3a89bc\"},\"description\":\"Druh\u00fd diel s\u00e9rie MTB marat\u00f3nov, \u0160koda BIKE OPEN TOUR, pokra\u010duje podujat\u00edm Vlko Hron, a to u\u017e 4. m\u00e1ja 2019.\",\"breadcrumb\":{\"@id\":\"https:\/\/www.welovecycling.com\/sk\/2019\/04\/10\/pozvanka-skoda-vlko-hron-mtb-prvykrat-pod-zastitou-sbot\/#breadcrumb\"},\"inLanguage\":\"sk-SK\",\"potentialAction\":[{\"@type\":\"ReadAction\",\"target\":[\"https:\/\/www.welovecycling.com\/sk\/2019\/04\/10\/pozvanka-skoda-vlko-hron-mtb-prvykrat-pod-zastitou-sbot\/\"]}]},{\"@type\":\"ImageObject\",\"inLanguage\":\"sk-SK\",\"@id\":\"https:\/\/www.welovecycling.com\/sk\/2019\/04\/10\/pozvanka-skoda-vlko-hron-mtb-prvykrat-pod-zastitou-sbot\/#primaryimage\",\"url\":\"https:\/\/d2p6e6u75xmxt8.cloudfront.net\/4\/2019\/04\/16.webp\",\"contentUrl\":\"https:\/\/d2p6e6u75xmxt8.cloudfront.net\/4\/2019\/04\/16.webp\",\"width\":1380,\"height\":600},{\"@type\":\"BreadcrumbList\",\"@id\":\"https:\/\/www.welovecycling.com\/sk\/2019\/04\/10\/pozvanka-skoda-vlko-hron-mtb-prvykrat-pod-zastitou-sbot\/#breadcrumb\",\"itemListElement\":[{\"@type\":\"ListItem\",\"position\":1,\"name\":\"Home\",\"item\":\"https:\/\/www.welovecycling.com\/sk\/\"},{\"@type\":\"ListItem\",\"position\":2,\"name\":\"Pozv\u00e1nka: \u0160koda Vlko Hron MTB \u2013 prv\u00fdkr\u00e1t pod z\u00e1\u0161titou \u0160BOT\"}]},{\"@type\":\"WebSite\",\"@id\":\"https:\/\/www.welovecycling.com\/sk\/#website\",\"url\":\"https:\/\/www.welovecycling.com\/sk\/\",\"name\":\"\u0160koda We Love Cycling Slovensko\",\"description\":\"\u0160koda We Love Cycling Slovensko je v\u00e1\u0161 ka\u017edodenn\u00fd zdroj noviniek a in\u0161pir\u00e1cie z sveta cyklistiky\",\"potentialAction\":[{\"@type\":\"SearchAction\",\"target\":{\"@type\":\"EntryPoint\",\"urlTemplate\":\"https:\/\/www.welovecycling.com\/sk\/?s={search_term_string}\"},\"query-input\":{\"@type\":\"PropertyValueSpecification\",\"valueRequired\":true,\"valueName\":\"search_term_string\"}}],\"inLanguage\":\"sk-SK\"},{\"@type\":\"Person\",\"@id\":\"https:\/\/www.welovecycling.com\/sk\/#\/schema\/person\/8ee09ba39b7e25b1870160aa5b3a89bc\",\"name\":\"Ondrej Ga\u0161par\",\"image\":{\"@type\":\"ImageObject\",\"inLanguage\":\"sk-SK\",\"@id\":\"https:\/\/www.welovecycling.com\/sk\/#\/schema\/person\/image\/\",\"url\":\"https:\/\/secure.gravatar.com\/avatar\/6126c9afb87b70da5abbb083ddbb21933da15f18f8ca7cb822aba0fb096a48f6?s=96&d=mm&r=g\",\"contentUrl\":\"https:\/\/secure.gravatar.com\/avatar\/6126c9afb87b70da5abbb083ddbb21933da15f18f8ca7cb822aba0fb096a48f6?s=96&d=mm&r=g\",\"caption\":\"Ondrej Ga\u0161par\"},\"url\":\"https:\/\/www.welovecycling.com\/sk\/author\/ondrejgaspar\/\"}]}<\/script>\n<!-- \/ Yoast SEO Premium plugin. -->","yoast_head_json":{"title":"Pozv\u00e1nka: \u0160koda Vlko Hron MTB \u2013 prv\u00fdkr\u00e1t pod z\u00e1\u0161titou \u0160BOT","description":"Druh\u00fd diel s\u00e9rie MTB marat\u00f3nov, \u0160koda BIKE OPEN TOUR, pokra\u010duje podujat\u00edm Vlko Hron, a to u\u017e 4. m\u00e1ja 2019.","robots":{"index":"index","follow":"follow","max-snippet":"max-snippet:-1","max-image-preview":"max-image-preview:large","max-video-preview":"max-video-preview:-1"},"canonical":"https:\/\/www.welovecycling.com\/sk\/2019\/04\/10\/pozvanka-skoda-vlko-hron-mtb-prvykrat-pod-zastitou-sbot\/","og_locale":"sk_SK","og_type":"article","og_title":"Pozv\u00e1nka: \u0160koda Vlko Hron MTB \u2013 prv\u00fdkr\u00e1t pod z\u00e1\u0161titou \u0160BOT","og_description":"Druh\u00fd diel s\u00e9rie MTB marat\u00f3nov, \u0160koda BIKE OPEN TOUR, pokra\u010duje podujat\u00edm Vlko Hron, a to u\u017e 4. m\u00e1ja 2019.","og_url":"https:\/\/www.welovecycling.com\/sk\/2019\/04\/10\/pozvanka-skoda-vlko-hron-mtb-prvykrat-pod-zastitou-sbot\/","og_site_name":"\u0160koda We Love Cycling Slovensko","article_published_time":"2019-04-10T08:23:52+00:00","article_modified_time":"2023-04-17T08:35:03+00:00","og_image":[{"width":1380,"height":600,"url":"https:\/\/d2p6e6u75xmxt8.cloudfront.net\/4\/2019\/04\/16.webp","type":"image\/webp"}],"author":"Ondrej Ga\u0161par","twitter_card":"summary_large_image","twitter_misc":{"Written by":"We Love Cycling","Est. reading time":"3"},"schema":{"@context":"https:\/\/schema.org","@graph":[{"@type":"WebPage","@id":"https:\/\/www.welovecycling.com\/sk\/2019\/04\/10\/pozvanka-skoda-vlko-hron-mtb-prvykrat-pod-zastitou-sbot\/","url":"https:\/\/www.welovecycling.com\/sk\/2019\/04\/10\/pozvanka-skoda-vlko-hron-mtb-prvykrat-pod-zastitou-sbot\/","name":"Pozv\u00e1nka: \u0160koda Vlko Hron MTB \u2013 prv\u00fdkr\u00e1t pod z\u00e1\u0161titou \u0160BOT","isPartOf":{"@id":"https:\/\/www.welovecycling.com\/sk\/#website"},"primaryImageOfPage":{"@id":"https:\/\/www.welovecycling.com\/sk\/2019\/04\/10\/pozvanka-skoda-vlko-hron-mtb-prvykrat-pod-zastitou-sbot\/#primaryimage"},"image":{"@id":"https:\/\/www.welovecycling.com\/sk\/2019\/04\/10\/pozvanka-skoda-vlko-hron-mtb-prvykrat-pod-zastitou-sbot\/#primaryimage"},"thumbnailUrl":"https:\/\/d2p6e6u75xmxt8.cloudfront.net\/4\/2019\/04\/16.webp","datePublished":"2019-04-10T08:23:52+00:00","dateModified":"2023-04-17T08:35:03+00:00","author":{"@id":"https:\/\/www.welovecycling.com\/sk\/#\/schema\/person\/8ee09ba39b7e25b1870160aa5b3a89bc"},"description":"Druh\u00fd diel s\u00e9rie MTB marat\u00f3nov, \u0160koda BIKE OPEN TOUR, pokra\u010duje podujat\u00edm Vlko Hron, a to u\u017e 4. m\u00e1ja 2019.","breadcrumb":{"@id":"https:\/\/www.welovecycling.com\/sk\/2019\/04\/10\/pozvanka-skoda-vlko-hron-mtb-prvykrat-pod-zastitou-sbot\/#breadcrumb"},"inLanguage":"sk-SK","potentialAction":[{"@type":"ReadAction","target":["https:\/\/www.welovecycling.com\/sk\/2019\/04\/10\/pozvanka-skoda-vlko-hron-mtb-prvykrat-pod-zastitou-sbot\/"]}]},{"@type":"ImageObject","inLanguage":"sk-SK","@id":"https:\/\/www.welovecycling.com\/sk\/2019\/04\/10\/pozvanka-skoda-vlko-hron-mtb-prvykrat-pod-zastitou-sbot\/#primaryimage","url":"https:\/\/d2p6e6u75xmxt8.cloudfront.net\/4\/2019\/04\/16.webp","contentUrl":"https:\/\/d2p6e6u75xmxt8.cloudfront.net\/4\/2019\/04\/16.webp","width":1380,"height":600},{"@type":"BreadcrumbList","@id":"https:\/\/www.welovecycling.com\/sk\/2019\/04\/10\/pozvanka-skoda-vlko-hron-mtb-prvykrat-pod-zastitou-sbot\/#breadcrumb","itemListElement":[{"@type":"ListItem","position":1,"name":"Home","item":"https:\/\/www.welovecycling.com\/sk\/"},{"@type":"ListItem","position":2,"name":"Pozv\u00e1nka: \u0160koda Vlko Hron MTB \u2013 prv\u00fdkr\u00e1t pod z\u00e1\u0161titou \u0160BOT"}]},{"@type":"WebSite","@id":"https:\/\/www.welovecycling.com\/sk\/#website","url":"https:\/\/www.welovecycling.com\/sk\/","name":"\u0160koda We Love Cycling Slovensko","description":"\u0160koda We Love Cycling Slovensko je v\u00e1\u0161 ka\u017edodenn\u00fd zdroj noviniek a in\u0161pir\u00e1cie z sveta cyklistiky","potentialAction":[{"@type":"SearchAction","target":{"@type":"EntryPoint","urlTemplate":"https:\/\/www.welovecycling.com\/sk\/?s={search_term_string}"},"query-input":{"@type":"PropertyValueSpecification","valueRequired":true,"valueName":"search_term_string"}}],"inLanguage":"sk-SK"},{"@type":"Person","@id":"https:\/\/www.welovecycling.com\/sk\/#\/schema\/person\/8ee09ba39b7e25b1870160aa5b3a89bc","name":"Ondrej Ga\u0161par","image":{"@type":"ImageObject","inLanguage":"sk-SK","@id":"https:\/\/www.welovecycling.com\/sk\/#\/schema\/person\/image\/","url":"https:\/\/secure.gravatar.com\/avatar\/6126c9afb87b70da5abbb083ddbb21933da15f18f8ca7cb822aba0fb096a48f6?s=96&d=mm&r=g","contentUrl":"https:\/\/secure.gravatar.com\/avatar\/6126c9afb87b70da5abbb083ddbb21933da15f18f8ca7cb822aba0fb096a48f6?s=96&d=mm&r=g","caption":"Ondrej Ga\u0161par"},"url":"https:\/\/www.welovecycling.com\/sk\/author\/ondrejgaspar\/"}]}},"_links":{"self":[{"href":"https:\/\/www.welovecycling.com\/sk\/wp-json\/wp\/v2\/posts\/6726","targetHints":{"allow":["GET"]}}],"collection":[{"href":"https:\/\/www.welovecycling.com\/sk\/wp-json\/wp\/v2\/posts"}],"about":[{"href":"https:\/\/www.welovecycling.com\/sk\/wp-json\/wp\/v2\/types\/post"}],"author":[{"embeddable":true,"href":"https:\/\/www.welovecycling.com\/sk\/wp-json\/wp\/v2\/users\/38"}],"replies":[{"embeddable":true,"href":"https:\/\/www.welovecycling.com\/sk\/wp-json\/wp\/v2\/comments?post=6726"}],"version-history":[{"count":2,"href":"https:\/\/www.welovecycling.com\/sk\/wp-json\/wp\/v2\/posts\/6726\/revisions"}],"predecessor-version":[{"id":17159,"href":"https:\/\/www.welovecycling.com\/sk\/wp-json\/wp\/v2\/posts\/6726\/revisions\/17159"}],"wp:featuredmedia":[{"embeddable":true,"href":"https:\/\/www.welovecycling.com\/sk\/wp-json\/wp\/v2\/media\/6738"}],"wp:attachment":[{"href":"https:\/\/www.welovecycling.com\/sk\/wp-json\/wp\/v2\/media?parent=6726"}],"wp:term":[{"taxonomy":"category","embeddable":true,"href":"https:\/\/www.welovecycling.com\/sk\/wp-json\/wp\/v2\/categories?post=6726"},{"taxonomy":"post_tag","embeddable":true,"href":"https:\/\/www.welovecycling.com\/sk\/wp-json\/wp\/v2\/tags?post=6726"},{"taxonomy":"global-categories","embeddable":true,"href":"https:\/\/www.welovecycling.com\/sk\/wp-json\/wp\/v2\/global-categories?post=6726"}],"curies":[{"name":"wp","href":"https:\/\/api.w.org\/{rel}","templated":true}]}}