{"id":6720,"date":"2019-04-03T10:40:32","date_gmt":"2019-04-03T08:40:32","guid":{"rendered":"https:\/\/www.welovecycling.com\/sk\/?p=6720"},"modified":"2019-04-26T11:41:49","modified_gmt":"2019-04-26T09:41:49","slug":"klasiky-traste-sa-stybar-na-vlne-vitazstiev","status":"publish","type":"post","link":"https:\/\/www.welovecycling.com\/sk\/2019\/04\/03\/klasiky-traste-sa-stybar-na-vlne-vitazstiev\/","title":{"rendered":"Klasiky, traste sa &#8211; \u0160tybar na vlne v\u00ed\u0165azstiev!"},"content":{"rendered":"<p><strong>Obr\u00e1zok z\u00a0posledn\u00fdch marcov\u00fdch \u201cjednor\u00e1zoviek\u201d n\u00e1s nepresved\u010dil o\u00a0dominancii n\u00e1\u0161ho Pe\u0165a Sagana. Naproti tomu sa do \u017eivotnej formy dostal \u010cech &#8211; Zden\u0115k \u0160tybar, ktor\u00fd si na svoje konto prip\u00edsal hne\u010f 2 v\u00ed\u0165azstva.<\/strong><!--more--><\/p>\n<p>Klasiky maj\u00fa osobitn\u00fa atmosf\u00e9ru, s\u00fa pretekmi vo svojom \u201evlastnom\u201c svete \u2013 na za\u010diatku jednoducho nem\u00f4\u017eete s\u00a0istotou vyslovi\u0165 meno v\u00ed\u0165aza \u2013 maxim\u00e1lne si tipn\u00fa\u0165, kto by mohol figurova\u0165 v\u00a0prvej desiatke. Medzi t\u00fdch najv\u00e1\u017enej\u0161\u00edch kandid\u00e1tov odborn\u00edci stavali prirodzene Sagana, Avermaeta, Degenkolba, Terpstru, Gilberta a\u00a0in\u00fdch. V\u00a0\u0161ir\u0161om poli sa nach\u00e1dzal aj \u010desk\u00fd rod\u00e1k, ktor\u00fd svojimi v\u00fdkonmi milo pote\u0161il nielen dom\u00e1cich fan\u00fa\u0161ikov. Ak si situ\u00e1ciu zoberieme z poh\u013eadu t\u00edmov, je to pr\u00e1ve <strong>Deceuninck &#8211; Quick-Step<\/strong>, ktor\u00fd na tieto podujatia prin\u00e1\u0161a najsilnej\u0161iu zostavu.<\/p>\n<p>Od za\u010diatku sez\u00f3ny \u0160tybar z\u00edskal <strong>v\u00ed\u0165azstvo v\u00a05. etape na Volta ao Algarve em Bicicleta, 2x v\u00ed\u0165azstvo na Omloop Het a\u00a0E3 Harelbeke a\u00a0navy\u0161e obsadil 4. miesto na Strade Bianche<\/strong>. Sagan na druhej strane si v\u00a0tohtoro\u010dnej sez\u00f3ne prip\u00edsal len jedin\u00fd triumf \u2013 prv\u00e9 miesto v\u00a03. etape na Tour Down Under v\u00a0polovici janu\u00e1ra. Od tej doby to boli 3 druh\u00e9 miesta v\u00a0etap\u00e1ch, 4. miesto na Mil\u00e1no-San Remo, kde to v\u00a0posledn\u00fdch kilometroch vyzeralo n\u00e1dejne, av\u0161ak pred z\u00e1vere\u010dn\u00fdm \u0161printom si zvolil nevhodn\u00fa prv\u00fa poz\u00edciu, \u010d\u00edm nedok\u00e1zal dostato\u010dne r\u00fdchlo kontrova\u0165 n\u00e1stupu Alaphilippa. 17. a\u00a032. miesto na E3 Harelbeke a\u00a0Gent-Wevelgem neprid\u00e1va pocit istoty v\u00a0jeho s\u00fa\u010dasn\u00fa formu.<\/p>\n<h2><strong>\u0160tybar 2x prv\u00fd<\/strong><\/h2>\n<p>Triumfoval hne\u010f na prvej klasike &#8211; <a href=\"https:\/\/www.welovecycling.com\/sk\/2019\/03\/02\/marcove-jarne-klasiky\/\" target=\"_blank\" rel=\"noopener\">Omloop Het Nieuwsblad<\/a>, konaj\u00facej sa 2. marca v\u00a0Belgicku. Zauj\u00edmavos\u0165ou je skuto\u010dnos\u0165, \u017ee v\u00a0prvej desiatke sa umiestnilo hne\u010f 6 dom\u00e1cich jazdcov, av\u0161ak v\u00a0kone\u010dnom d\u00f4sledku dosiahli \u201elen\u201c na 2. a\u00a03. miesto. Samotn\u00e1 tra\u0165 pon\u00fakala 13 ozna\u010den\u00fdch st\u00fapan\u00ed, pri\u010dom po poslednom z\u00a0nich ost\u00e1valo jazdcom do cie\u013ea cel\u00fdch 13 km s\u00a0klesav\u00fdm charakterom. Necel\u00e9 tri kilometre pred koncom sa na \u010dele v\u00a05-\u010dlennej skupinke (aj so \u0160tybarom) taktizovalo. \u0160tvorica za n\u00edm nespolupracovala, \u010do nahr\u00e1valo k\u00a0jeho navy\u0161uj\u00facemu sa n\u00e1skoku a\u017e po cie\u013eov\u00fa p\u00e1sku. Okrem prvej v\u00fdhry v\u00a0sez\u00f3ne to pre\u0148ho bolo prv\u00e9 v\u00ed\u0165azstvo na t\u00fdchto pretekoch.<\/p>\n<p><em>\u201ePo\u010das cel\u00e9ho d\u0148a som sa c\u00edtil v\u00fdborne, ale v\u00a0tak\u00fdchto pretekoch nikdy neviete, \u010do sa m\u00f4\u017ee prihodi\u0165. Vlani som bol bl\u00edzko v\u00ed\u0165azstva na viacer\u00fdch klasik\u00e1ch, ale vy\u0161lo to a\u017e teraz.\u201c<\/em> uviedol hrd\u00fd v\u00ed\u0165az pre Cycling News.<\/p>\n<lite-youtube videoid=lAjKJmoDJXA params=\"enablejsapi=1\" style=\"background-image: url('https:\/\/i.ytimg.com\/vi_webp\/lAjKJmoDJXA\/maxresdefault.webp');\"><\/lite-youtube>\n<p>Na druh\u00e9 v\u00ed\u0165azstvo musel \u0160tybar \u010daka\u0165 cel\u00fdch 26 dn\u00ed. Aj tu rozhodla taktika a\u00a0pozi\u010dn\u00fd boj spolu s\u00a0v\u00fdkonnos\u0165ou. Podstatn\u00fdm momentom sa stal \u00fatok na 20. kilometri pred cie\u013eom, kedy sa druh\u00e1 skupina jazdcov, v\u00a0ktorej do tej doby figuroval aj Peter Sagan, za\u010dala pod tlakom dobiehaj\u00facej tretej skupiny, deli\u0165. V\u00a0tomto momente Sagan u\u017e nezvl\u00e1dol udr\u017eiava\u0165 nastolen\u00e9 tempo a\u00a0za\u010dal str\u00e1ca\u0165 cenn\u00e9 metre (nakoniec obsadil 17. miesto so stratou 1:42). Na \u010dele tak ostala p\u00e4tica jazdcov \u2013 Van Avermaet, \u0160tybar, Van Aert, Bettiol a\u00a0Jungels. Dvojica jazdcov Deceuninck &#8211; Quick-Step predviedla v\u00a0posledn\u00fdch 4 kilometroch nieko\u013eko n\u00e1stupov, av\u0161ak rozhodovalo sa a\u017e v\u00a0z\u00e1vere\u010dnom \u0161printe, kde z\u00a0druhej poz\u00edcie <strong>\u0160tybar nedal nikomu \u0161ancu<\/strong>.<\/p>\n<lite-youtube videoid=im3_KbQvjA4 params=\"enablejsapi=1\" style=\"background-image: url('https:\/\/i.ytimg.com\/vi_webp\/im3_KbQvjA4\/maxresdefault.webp');\"><\/lite-youtube>\n<p>Ako sa bud\u00fa vyv\u00edja\u0165 nadch\u00e1dzaj\u00face podujatia &#8211; Okolo Fl\u00e1mska alebo Par\u00ed\u017e-Roubaix? Na oboch spom\u00ednan\u00fdch figuruje \u0160tybar, tak aj Sagan. Nav\u00fd\u0161i sa konto \u010cecha, alebo sa Slov\u00e1k dostane do svojej minuloro\u010dnej v\u00fdkonnostnej pohody? \u010co mysl\u00edte?<\/p>\n","protected":false},"excerpt":{"rendered":"<p>Obr\u00e1zok z\u00a0posledn\u00fdch marcov\u00fdch \u201cjednor\u00e1zoviek\u201d n\u00e1s nepresved\u010dil o\u00a0dominancii n\u00e1\u0161ho Pe\u0165a Sagana. Naproti tomu sa do \u017eivotnej formy dostal \u010cech &#8211; Zden\u0115k [&hellip;]<\/p>\n","protected":false},"author":38,"featured_media":6721,"comment_status":"open","ping_status":"open","sticky":false,"template":"","format":"standard","meta":{"footnotes":""},"categories":[4],"tags":[540,275,115,430,331,492,417,418,853,46,179,422,269,886,900],"global-categories":[],"class_list":["post-6720","post","type-post","status-publish","format-standard","has-post-thumbnail","hentry","category-cestna-cyklisitika","tag-ceska-republika","tag-cesta","tag-cestna-cyklistika","tag-e3-harelbeke","tag-etapove-preteky","tag-greg-van-avermaet","tag-jar","tag-jarne-klasiky","tag-omloop-het-nieuwsblad","tag-peter-sagan","tag-preteky","tag-strade-bianche","tag-vitaz","tag-vitazstvo","tag-zdenek-stybar"],"yoast_head":"<!-- This site is optimized with the Yoast SEO Premium plugin v25.3 (Yoast SEO v25.9) - https:\/\/yoast.com\/wordpress\/plugins\/seo\/ -->\n<title>Klasiky, traste sa - \u0160tybar na vlne v\u00ed\u0165azstiev! - \u0160koda We Love Cycling Slovensko<\/title>\n<meta name=\"robots\" content=\"index, follow, max-snippet:-1, max-image-preview:large, max-video-preview:-1\" \/>\n<link rel=\"canonical\" href=\"https:\/\/www.welovecycling.com\/sk\/2019\/04\/03\/klasiky-traste-sa-stybar-na-vlne-vitazstiev\/\" \/>\n<meta property=\"og:locale\" content=\"sk_SK\" \/>\n<meta property=\"og:type\" content=\"article\" \/>\n<meta property=\"og:title\" content=\"Klasiky, traste sa - \u0160tybar na vlne v\u00ed\u0165azstiev!\" \/>\n<meta property=\"og:description\" content=\"Obr\u00e1zok z\u00a0posledn\u00fdch marcov\u00fdch \u201cjednor\u00e1zoviek\u201d n\u00e1s nepresved\u010dil o\u00a0dominancii n\u00e1\u0161ho Pe\u0165a Sagana. Naproti tomu sa do \u017eivotnej formy dostal \u010cech &#8211; Zden\u0115k [&hellip;]\" \/>\n<meta property=\"og:url\" content=\"https:\/\/www.welovecycling.com\/sk\/2019\/04\/03\/klasiky-traste-sa-stybar-na-vlne-vitazstiev\/\" \/>\n<meta property=\"og:site_name\" content=\"\u0160koda We Love Cycling Slovensko\" \/>\n<meta property=\"article:published_time\" content=\"2019-04-03T08:40:32+00:00\" \/>\n<meta property=\"article:modified_time\" content=\"2019-04-26T09:41:49+00:00\" \/>\n<meta property=\"og:image\" content=\"https:\/\/d2p6e6u75xmxt8.cloudfront.net\/4\/2019\/04\/00.webp\" \/>\n\t<meta property=\"og:image:width\" content=\"1380\" \/>\n\t<meta property=\"og:image:height\" content=\"600\" \/>\n\t<meta property=\"og:image:type\" content=\"image\/webp\" \/>\n<meta name=\"author\" content=\"Ondrej Ga\u0161par\" \/>\n<meta name=\"twitter:card\" content=\"summary_large_image\" \/>\n<meta name=\"twitter:label1\" content=\"Written by\" \/>\n\t<meta name=\"twitter:data1\" content=\"We Love Cycling\" \/>\n\t<meta name=\"twitter:label2\" content=\"Est. reading time\" \/>\n\t<meta name=\"twitter:data2\" content=\"4\" \/>\n<script type=\"application\/ld+json\" class=\"yoast-schema-graph\">{\"@context\":\"https:\/\/schema.org\",\"@graph\":[{\"@type\":\"WebPage\",\"@id\":\"https:\/\/www.welovecycling.com\/sk\/2019\/04\/03\/klasiky-traste-sa-stybar-na-vlne-vitazstiev\/\",\"url\":\"https:\/\/www.welovecycling.com\/sk\/2019\/04\/03\/klasiky-traste-sa-stybar-na-vlne-vitazstiev\/\",\"name\":\"Klasiky, traste sa - \u0160tybar na vlne v\u00ed\u0165azstiev! - \u0160koda We Love Cycling Slovensko\",\"isPartOf\":{\"@id\":\"https:\/\/www.welovecycling.com\/sk\/#website\"},\"primaryImageOfPage\":{\"@id\":\"https:\/\/www.welovecycling.com\/sk\/2019\/04\/03\/klasiky-traste-sa-stybar-na-vlne-vitazstiev\/#primaryimage\"},\"image\":{\"@id\":\"https:\/\/www.welovecycling.com\/sk\/2019\/04\/03\/klasiky-traste-sa-stybar-na-vlne-vitazstiev\/#primaryimage\"},\"thumbnailUrl\":\"https:\/\/d2p6e6u75xmxt8.cloudfront.net\/4\/2019\/04\/00.webp\",\"datePublished\":\"2019-04-03T08:40:32+00:00\",\"dateModified\":\"2019-04-26T09:41:49+00:00\",\"author\":{\"@id\":\"https:\/\/www.welovecycling.com\/sk\/#\/schema\/person\/8ee09ba39b7e25b1870160aa5b3a89bc\"},\"breadcrumb\":{\"@id\":\"https:\/\/www.welovecycling.com\/sk\/2019\/04\/03\/klasiky-traste-sa-stybar-na-vlne-vitazstiev\/#breadcrumb\"},\"inLanguage\":\"sk-SK\",\"potentialAction\":[{\"@type\":\"ReadAction\",\"target\":[\"https:\/\/www.welovecycling.com\/sk\/2019\/04\/03\/klasiky-traste-sa-stybar-na-vlne-vitazstiev\/\"]}]},{\"@type\":\"ImageObject\",\"inLanguage\":\"sk-SK\",\"@id\":\"https:\/\/www.welovecycling.com\/sk\/2019\/04\/03\/klasiky-traste-sa-stybar-na-vlne-vitazstiev\/#primaryimage\",\"url\":\"https:\/\/d2p6e6u75xmxt8.cloudfront.net\/4\/2019\/04\/00.webp\",\"contentUrl\":\"https:\/\/d2p6e6u75xmxt8.cloudfront.net\/4\/2019\/04\/00.webp\",\"width\":1380,\"height\":600},{\"@type\":\"BreadcrumbList\",\"@id\":\"https:\/\/www.welovecycling.com\/sk\/2019\/04\/03\/klasiky-traste-sa-stybar-na-vlne-vitazstiev\/#breadcrumb\",\"itemListElement\":[{\"@type\":\"ListItem\",\"position\":1,\"name\":\"Home\",\"item\":\"https:\/\/www.welovecycling.com\/sk\/\"},{\"@type\":\"ListItem\",\"position\":2,\"name\":\"Klasiky, traste sa &#8211; \u0160tybar na vlne v\u00ed\u0165azstiev!\"}]},{\"@type\":\"WebSite\",\"@id\":\"https:\/\/www.welovecycling.com\/sk\/#website\",\"url\":\"https:\/\/www.welovecycling.com\/sk\/\",\"name\":\"\u0160koda We Love Cycling Slovensko\",\"description\":\"\u0160koda We Love Cycling Slovensko je v\u00e1\u0161 ka\u017edodenn\u00fd zdroj noviniek a in\u0161pir\u00e1cie z sveta cyklistiky\",\"potentialAction\":[{\"@type\":\"SearchAction\",\"target\":{\"@type\":\"EntryPoint\",\"urlTemplate\":\"https:\/\/www.welovecycling.com\/sk\/?s={search_term_string}\"},\"query-input\":{\"@type\":\"PropertyValueSpecification\",\"valueRequired\":true,\"valueName\":\"search_term_string\"}}],\"inLanguage\":\"sk-SK\"},{\"@type\":\"Person\",\"@id\":\"https:\/\/www.welovecycling.com\/sk\/#\/schema\/person\/8ee09ba39b7e25b1870160aa5b3a89bc\",\"name\":\"Ondrej Ga\u0161par\",\"image\":{\"@type\":\"ImageObject\",\"inLanguage\":\"sk-SK\",\"@id\":\"https:\/\/www.welovecycling.com\/sk\/#\/schema\/person\/image\/\",\"url\":\"https:\/\/secure.gravatar.com\/avatar\/6126c9afb87b70da5abbb083ddbb21933da15f18f8ca7cb822aba0fb096a48f6?s=96&d=mm&r=g\",\"contentUrl\":\"https:\/\/secure.gravatar.com\/avatar\/6126c9afb87b70da5abbb083ddbb21933da15f18f8ca7cb822aba0fb096a48f6?s=96&d=mm&r=g\",\"caption\":\"Ondrej Ga\u0161par\"},\"url\":\"https:\/\/www.welovecycling.com\/sk\/author\/ondrejgaspar\/\"}]}<\/script>\n<!-- \/ Yoast SEO Premium plugin. -->","yoast_head_json":{"title":"Klasiky, traste sa - \u0160tybar na vlne v\u00ed\u0165azstiev! - \u0160koda We Love Cycling Slovensko","robots":{"index":"index","follow":"follow","max-snippet":"max-snippet:-1","max-image-preview":"max-image-preview:large","max-video-preview":"max-video-preview:-1"},"canonical":"https:\/\/www.welovecycling.com\/sk\/2019\/04\/03\/klasiky-traste-sa-stybar-na-vlne-vitazstiev\/","og_locale":"sk_SK","og_type":"article","og_title":"Klasiky, traste sa - \u0160tybar na vlne v\u00ed\u0165azstiev!","og_description":"Obr\u00e1zok z\u00a0posledn\u00fdch marcov\u00fdch \u201cjednor\u00e1zoviek\u201d n\u00e1s nepresved\u010dil o\u00a0dominancii n\u00e1\u0161ho Pe\u0165a Sagana. Naproti tomu sa do \u017eivotnej formy dostal \u010cech &#8211; Zden\u0115k [&hellip;]","og_url":"https:\/\/www.welovecycling.com\/sk\/2019\/04\/03\/klasiky-traste-sa-stybar-na-vlne-vitazstiev\/","og_site_name":"\u0160koda We Love Cycling Slovensko","article_published_time":"2019-04-03T08:40:32+00:00","article_modified_time":"2019-04-26T09:41:49+00:00","og_image":[{"width":1380,"height":600,"url":"https:\/\/d2p6e6u75xmxt8.cloudfront.net\/4\/2019\/04\/00.webp","type":"image\/webp"}],"author":"Ondrej Ga\u0161par","twitter_card":"summary_large_image","twitter_misc":{"Written by":"We Love Cycling","Est. reading time":"4"},"schema":{"@context":"https:\/\/schema.org","@graph":[{"@type":"WebPage","@id":"https:\/\/www.welovecycling.com\/sk\/2019\/04\/03\/klasiky-traste-sa-stybar-na-vlne-vitazstiev\/","url":"https:\/\/www.welovecycling.com\/sk\/2019\/04\/03\/klasiky-traste-sa-stybar-na-vlne-vitazstiev\/","name":"Klasiky, traste sa - \u0160tybar na vlne v\u00ed\u0165azstiev! - \u0160koda We Love Cycling Slovensko","isPartOf":{"@id":"https:\/\/www.welovecycling.com\/sk\/#website"},"primaryImageOfPage":{"@id":"https:\/\/www.welovecycling.com\/sk\/2019\/04\/03\/klasiky-traste-sa-stybar-na-vlne-vitazstiev\/#primaryimage"},"image":{"@id":"https:\/\/www.welovecycling.com\/sk\/2019\/04\/03\/klasiky-traste-sa-stybar-na-vlne-vitazstiev\/#primaryimage"},"thumbnailUrl":"https:\/\/d2p6e6u75xmxt8.cloudfront.net\/4\/2019\/04\/00.webp","datePublished":"2019-04-03T08:40:32+00:00","dateModified":"2019-04-26T09:41:49+00:00","author":{"@id":"https:\/\/www.welovecycling.com\/sk\/#\/schema\/person\/8ee09ba39b7e25b1870160aa5b3a89bc"},"breadcrumb":{"@id":"https:\/\/www.welovecycling.com\/sk\/2019\/04\/03\/klasiky-traste-sa-stybar-na-vlne-vitazstiev\/#breadcrumb"},"inLanguage":"sk-SK","potentialAction":[{"@type":"ReadAction","target":["https:\/\/www.welovecycling.com\/sk\/2019\/04\/03\/klasiky-traste-sa-stybar-na-vlne-vitazstiev\/"]}]},{"@type":"ImageObject","inLanguage":"sk-SK","@id":"https:\/\/www.welovecycling.com\/sk\/2019\/04\/03\/klasiky-traste-sa-stybar-na-vlne-vitazstiev\/#primaryimage","url":"https:\/\/d2p6e6u75xmxt8.cloudfront.net\/4\/2019\/04\/00.webp","contentUrl":"https:\/\/d2p6e6u75xmxt8.cloudfront.net\/4\/2019\/04\/00.webp","width":1380,"height":600},{"@type":"BreadcrumbList","@id":"https:\/\/www.welovecycling.com\/sk\/2019\/04\/03\/klasiky-traste-sa-stybar-na-vlne-vitazstiev\/#breadcrumb","itemListElement":[{"@type":"ListItem","position":1,"name":"Home","item":"https:\/\/www.welovecycling.com\/sk\/"},{"@type":"ListItem","position":2,"name":"Klasiky, traste sa &#8211; \u0160tybar na vlne v\u00ed\u0165azstiev!"}]},{"@type":"WebSite","@id":"https:\/\/www.welovecycling.com\/sk\/#website","url":"https:\/\/www.welovecycling.com\/sk\/","name":"\u0160koda We Love Cycling Slovensko","description":"\u0160koda We Love Cycling Slovensko je v\u00e1\u0161 ka\u017edodenn\u00fd zdroj noviniek a in\u0161pir\u00e1cie z sveta cyklistiky","potentialAction":[{"@type":"SearchAction","target":{"@type":"EntryPoint","urlTemplate":"https:\/\/www.welovecycling.com\/sk\/?s={search_term_string}"},"query-input":{"@type":"PropertyValueSpecification","valueRequired":true,"valueName":"search_term_string"}}],"inLanguage":"sk-SK"},{"@type":"Person","@id":"https:\/\/www.welovecycling.com\/sk\/#\/schema\/person\/8ee09ba39b7e25b1870160aa5b3a89bc","name":"Ondrej Ga\u0161par","image":{"@type":"ImageObject","inLanguage":"sk-SK","@id":"https:\/\/www.welovecycling.com\/sk\/#\/schema\/person\/image\/","url":"https:\/\/secure.gravatar.com\/avatar\/6126c9afb87b70da5abbb083ddbb21933da15f18f8ca7cb822aba0fb096a48f6?s=96&d=mm&r=g","contentUrl":"https:\/\/secure.gravatar.com\/avatar\/6126c9afb87b70da5abbb083ddbb21933da15f18f8ca7cb822aba0fb096a48f6?s=96&d=mm&r=g","caption":"Ondrej Ga\u0161par"},"url":"https:\/\/www.welovecycling.com\/sk\/author\/ondrejgaspar\/"}]}},"_links":{"self":[{"href":"https:\/\/www.welovecycling.com\/sk\/wp-json\/wp\/v2\/posts\/6720","targetHints":{"allow":["GET"]}}],"collection":[{"href":"https:\/\/www.welovecycling.com\/sk\/wp-json\/wp\/v2\/posts"}],"about":[{"href":"https:\/\/www.welovecycling.com\/sk\/wp-json\/wp\/v2\/types\/post"}],"author":[{"embeddable":true,"href":"https:\/\/www.welovecycling.com\/sk\/wp-json\/wp\/v2\/users\/38"}],"replies":[{"embeddable":true,"href":"https:\/\/www.welovecycling.com\/sk\/wp-json\/wp\/v2\/comments?post=6720"}],"version-history":[{"count":2,"href":"https:\/\/www.welovecycling.com\/sk\/wp-json\/wp\/v2\/posts\/6720\/revisions"}],"predecessor-version":[{"id":6731,"href":"https:\/\/www.welovecycling.com\/sk\/wp-json\/wp\/v2\/posts\/6720\/revisions\/6731"}],"wp:featuredmedia":[{"embeddable":true,"href":"https:\/\/www.welovecycling.com\/sk\/wp-json\/wp\/v2\/media\/6721"}],"wp:attachment":[{"href":"https:\/\/www.welovecycling.com\/sk\/wp-json\/wp\/v2\/media?parent=6720"}],"wp:term":[{"taxonomy":"category","embeddable":true,"href":"https:\/\/www.welovecycling.com\/sk\/wp-json\/wp\/v2\/categories?post=6720"},{"taxonomy":"post_tag","embeddable":true,"href":"https:\/\/www.welovecycling.com\/sk\/wp-json\/wp\/v2\/tags?post=6720"},{"taxonomy":"global-categories","embeddable":true,"href":"https:\/\/www.welovecycling.com\/sk\/wp-json\/wp\/v2\/global-categories?post=6720"}],"curies":[{"name":"wp","href":"https:\/\/api.w.org\/{rel}","templated":true}]}}