{"id":6694,"date":"2019-03-30T10:37:33","date_gmt":"2019-03-30T09:37:33","guid":{"rendered":"https:\/\/www.welovecycling.com\/sk\/?p=6694"},"modified":"2019-04-23T13:18:02","modified_gmt":"2019-04-23T11:18:02","slug":"mesacna-desiatka-s-poradovym-cislom-tri-prehlad-zaujimavosti-uplynuleho-mesiaca","status":"publish","type":"post","link":"https:\/\/www.welovecycling.com\/sk\/2019\/03\/30\/mesacna-desiatka-s-poradovym-cislom-tri-prehlad-zaujimavosti-uplynuleho-mesiaca\/","title":{"rendered":"Mesa\u010dn\u00e1 desiatka s\u00a0poradov\u00fdm \u010d\u00edslom tri  &#8211; preh\u013ead zauj\u00edmavost\u00ed uplynul\u00e9ho mesiaca"},"content":{"rendered":"<p><strong>Marec je mesiacom kn\u00edh, a aj\u00a0ke\u010f s\u00a0t\u00fdm cyklistika nemus\u00ed ma\u0165 ve\u013ea spolo\u010dn\u00e9ho, pr\u00e1ve v\u00a0t\u00fdchto d\u0148och sa skuto\u010dne za\u010dali p\u00edsa\u0165 memo\u00e1re roku 2019. Eur\u00f3pske preteky, klasiky, enduro, novinky a\u00a0in\u00e9 zauj\u00edmavosti zaplnili str\u00e1nky cyklistick\u00fdch webov. Vybrali sme preto nie\u010do aj pre v\u00e1s \u2013 pre t\u00fdch, ktor\u00ed chc\u00fa vedie\u0165 to najpodstatnej\u0161ie v\u00a0desiatich bodoch.<\/strong><!--more--><\/p>\n<h2><strong>Saganov vyrovnan\u00fd vstup do eur\u00f3pskej sez\u00f3ny<\/strong><\/h2>\n<p>Po\u010das marca sa Peter Sagan stihol <strong>z\u00fa\u010dastni\u0165 celkovo na 4 podujatiach<\/strong> \u2013 etapov\u00fdch pretekoch Tirreno-Adriatico, kde sa umiestnil na 9. mieste v\u00a0bodovacej klasifik\u00e1cii a\u00a0v\u00a0tretej etape mu ch\u00fdbalo m\u00e1lo, aby porazil b\u00fdval\u00e9ho kolegu, E. Vivianiho. Druh\u00e9 z\u00a0nich bolo sl\u00e1vne Mil\u00e1no &#8211; San Remo. Tu sa mu po\u010d\u00ednalo o\u00a0\u010dosi lep\u0161ie, a\u00a0ver\u00edme, \u017ee slovensk\u00ed div\u00e1ci v\u00a0poslednom kilometri u\u017e videli slovensk\u00fa trikol\u00f3ru prv\u00fa na p\u00e1ske, av\u0161ak nakoniec sa museli uspokoji\u0165 \u201ea\u017e\u201c so 4. miestom.<\/p>\n<lite-youtube videoid=AE1ecBV7AIg params=\"enablejsapi=1\" style=\"background-image: url('https:\/\/i.ytimg.com\/vi_webp\/AE1ecBV7AIg\/maxresdefault.webp');\"><\/lite-youtube>\n<h2><strong>Mil\u00e1no \u2013 San Remo \u2013 po\u010dasie na 1-tku, nap\u00e4tie na 1-tku s\u00a0hviezdi\u010dkou<\/strong><\/h2>\n<p>Jedny z\u00a0najdlh\u0161\u00edch jednor\u00e1zov\u00fdch pretekov, so svojimi 296 km, pon\u00fakli div\u00e1kom pri trati, ale aj mimo nej, skuto\u010dn\u00fd k\u00fasok cyklistick\u00e9ho z\u00e1\u017eitku. V\u010faka vyrovnan\u00e9mu postupu pelot\u00f3nu, ktor\u00fd pohltil unikaj\u00facu skupinu v\u00a0predposlednom kopci, sme videli na z\u00e1ver odv\u00e1\u017eny \u00fanik v\u00a0zjazde od Bonifazia, ktor\u00fd nevy\u0161iel pod\u013ea jeho predst\u00e1v. Nakoniec rozhodoval taktick\u00fd \u0161print, v\u00a0ktorom sa najlep\u0161ie presadil <strong>Alaphilippe<\/strong>, \u010d\u00edm natiahol v\u00ed\u0165azn\u00fa \u0161n\u00faru Deceuninck &#8211; Quick-Step.<\/p>\n<lite-youtube videoid=NECr3ZQL1Z4 params=\"enablejsapi=1\" style=\"background-image: url('https:\/\/i.ytimg.com\/vi_webp\/NECr3ZQL1Z4\/maxresdefault.webp');\"><\/lite-youtube>\n<h2><strong>Team Sky sa v\u00a0nasleduj\u00facej sez\u00f3ne zmen\u00ed na Ineos<\/strong><\/h2>\n<p>Sn\u00e1\u010f najvidite\u013enej\u0161\u00ed profesion\u00e1lny t\u00edm v\u00a0svetovej cyklistike, Team Sky, e\u0161te po\u010das minul\u00e9ho roka pri\u0161iel s\u00a0ne\u010dakanou spr\u00e1vou. Medi\u00e1lny gigant odstupuje z\u00a0cyklistiky a\u00a0nech\u00e1va tento t\u00edm v\u00a0ruk\u00e1ch osudu. V\u00a0posledn\u00fdch d\u0148och sa objavili potvrden\u00e9 inform\u00e1cie, \u017ee <strong>nov\u00fdm sponzorom t\u00edmu bude Ineos<\/strong>. Petrochemick\u00e1 spolo\u010dnos\u0165 m\u00e1 pre t\u00edm prinies\u0165 e\u0161te v\u00e4\u010d\u0161\u00ed bal\u00edk pe\u0148az\u00ed, \u010d\u00edm sa m\u00f4\u017ee sta\u0165 neporazite\u013enou \u201csquadrou\u201d.<\/p>\n<p><a href=\"https:\/\/d2p6e6u75xmxt8.cloudfront.net\/4\/2019\/03\/01-1.jpg\"><img loading=\"lazy\" decoding=\"async\" class=\"alignnone size-full wp-image-6698\" src=\"https:\/\/d2p6e6u75xmxt8.cloudfront.net\/4\/2019\/03\/01-1.jpg\" alt=\"\" width=\"1200\" height=\"800\" \/><\/a><\/p>\n<h2><strong>Bernal a\u00a0Quintana \u00faspe\u0161ne na Par\u00ed\u017e-Nice<\/strong><\/h2>\n<p>Ako sme u\u017e v\u00a0minulosti spom\u00ednali, minuloro\u010dn\u00e1 sez\u00f3na sa v\u00a0podan\u00ed Kolumbij\u010dana Quintana neniesla pr\u00e1ve v\u00a0ru\u017eov\u00fdch farb\u00e1ch. Slab\u0161ie vyst\u00fapenie na TdF bolo asi dostato\u010dn\u00fdm impulzom pre pr\u00edpravu na sez\u00f3nu 2019. Marcov\u00e9 etapov\u00e9 preteky Par\u00ed\u017e-Nice, ktor\u00e9 nie s\u00fa len o\u00a0rovin\u00e1ch, uk\u00e1zali, \u017ee Kolumbia m\u00e1 v\u00a0cyklistike opr\u00e1vnen\u00e9 miesto. <strong>V\u00ed\u0165azstvo len 22-ro\u010dn\u00e9ho Bernala a\u00a0druh\u00e9 miesto Quintanu<\/strong>, sved\u010dia o\u00a0vysok\u00fdch o\u010dak\u00e1vaniach od obidvoch zo spom\u00ednan\u00fdch jazdcov po\u010das nasleduj\u00facich pretekov.<\/p>\n<h2><strong>Enduro v\u00a0plnom pr\u00fade \u2013 prv\u00e1 zast\u00e1vka: Rotorua<\/strong><\/h2>\n<p>\u00daspe\u0161n\u00fd seri\u00e1l svetov\u00e9ho podujatia, Enduro World Series, ktor\u00e9 neopom\u00edna ani tento rok, za\u010dalo so svoj\u00edm prv\u00fdm pl\u00e1novan\u00fdm miestom, Rotoruou na Novom Z\u00e9lande. 5 meran\u00fdch \u00fasekov vo vlhk\u00fdch podmienkach najlep\u0161ie sedelo <strong>M. Maesovi<\/strong>, ktor\u00fd mimochodom obsadil druh\u00e9 miesto na MS v\u00a0zjazde v\u00a0roku 2019. Po \u0148om nasledovali Wright a\u00a0Nicolai. Dvojn\u00e1sobn\u00fd v\u00ed\u0165az S. Hill nemal to\u013eko \u0161\u0165astia so zdravotn\u00fdm stavom a\u00a0celkov\u00fdm prejavom, ke\u010f obsadil \u201ea\u017e\u201c 13. miesto. Medzi \u017eenami dominovala I. Courdurier, av\u0161ak s\u00a0absenciou Ravanel.<\/p>\n<lite-youtube videoid=dnvcWm4Qd4s params=\"enablejsapi=1\" style=\"background-image: url('https:\/\/i.ytimg.com\/vi_webp\/dnvcWm4Qd4s\/maxresdefault.webp');\"><\/lite-youtube>\n<h2><strong>Africk\u00fd Cape Epic s\u00a0tonami prachu a\u00a0bojovn\u00fdm nasaden\u00edm<\/strong><\/h2>\n<p>Ka\u017edoro\u010dn\u00fd \u00favod v\u00a0horskej cyklistike sa datuje na za\u010diatok marca, kedy sa kon\u00e1 najprest\u00ed\u017enej\u0161\u00ed etapov\u00fd \u201epodnik\u201c, Cape Epic v\u00a0Ju\u017enej Afrike. Nech\u00fdbali na \u0148om hviezdy XCO &#8211; Fumic, Avancini, Forster, ale aj Kulhav\u00fd a\u00a0samozrejme <strong>Schurter<\/strong>. Pr\u00e1ve posledn\u00fd spom\u00ednan\u00fd spolu s\u00a0Forsterom vyhrali v\u00a0kateg\u00f3rii mu\u017eov elite o\u00a0cel\u00fdch 8 min\u00fat pred Fumicom a\u00a0Avancinim. Kulhav\u00fd musel z\u00a0pretekov odst\u00fapi\u0165 po komplik\u00e1ci\u00e1ch, ktor\u00e9 mal jeho t\u00edmov\u00fd partner, Sam Gaze. <strong>Slovensko malo \u017eeliezko v ohni v podobe Tom\u00e1\u0161a Vi\u0161\u0148ovsk\u00e9ho, ktor\u00fd v\u0161ak kv\u00f4li zdravotn\u00fdm probl\u00e9mom preteky nedokon\u010dil<\/strong>.<\/p>\n<h2><strong>Keseg-\u0160tevkov\u00e1 v Izraeli pozdvihla Slovensko na stupne v\u00ed\u0165azov<\/strong><\/h2>\n<p>Zatia\u013e, \u010do z\u00a0telev\u00edzie po\u010dujeme inform\u00e1cie o\u00a0cyklistike preva\u017ene len v\u00a0spojitosti s\u00a0Petrom Saganom, svoj k\u00fasok k \u201esl\u00e1ve\u201c n\u00e1\u0161ho n\u00e1roda pridali po\u010das ned\u00e1vnych pretekov <strong>Carmel Cup<\/strong> v\u00a0Izraeli aj Janka Keseg-\u0160tevkov\u00e1 so svojim <strong>prv\u00fdm miestom medzi \u017eenami elite<\/strong>, ktor\u00fa nasledovala aj Andrea Juh\u00e1sov\u00e1 na 4. prie\u010dke. T\u00fdmto po\u010dinom sa posunuli o\u00a0nie\u010do vpred v\u00a0kvalifik\u00e1cii na Olympijsk\u00e9 hry v\u00a0roku 2022.<\/p>\n<p><a href=\"https:\/\/d2p6e6u75xmxt8.cloudfront.net\/4\/2019\/03\/03-1.jpg\"><img loading=\"lazy\" decoding=\"async\" class=\"alignnone size-full wp-image-6709\" src=\"https:\/\/d2p6e6u75xmxt8.cloudfront.net\/4\/2019\/03\/03-1.jpg\" alt=\"\" width=\"1200\" height=\"800\" \/><\/a><\/p>\n<h2><strong>13-r\u00fdchlostn\u00e9 prevody na horsk\u00fdch bicykloch s\u00fa skuto\u010dnos\u0165ou<\/strong><\/h2>\n<p>Ako sa hovor\u00ed, niekedy sa pri pos\u00favan\u00ed hran\u00edc nezam\u00fd\u0161\u013eame nad t\u00fdm, \u010di by sme to mali urobi\u0165, len nad t\u00fdm, \u010di to m\u00f4\u017eeme technicky uskuto\u010dni\u0165. <strong>Pon\u00fakan\u00e1 kazeta disponuje rozsahom 10-52<\/strong>, v\u00a0porad\u00ed 10-11-12-13-15-17-19-22-26-31-37-44-52, z\u00a0\u010doho je zrejm\u00e9, \u017ee sa zn\u00ed\u017ei skok pri prechode najm\u00e4 na \u201e\u0165a\u017e\u0161\u00edch\u201c prevodoch. Aby toho nebolo m\u00e1lo, radenia a\u00a0prehadzova\u010dka s\u00fa spojen\u00e9 hydraulick\u00fdm veden\u00edm. Za t\u00fdm v\u0161etk\u00fdm stoj\u00ed firma ROTOR.<\/p>\n<p><a href=\"https:\/\/d2p6e6u75xmxt8.cloudfront.net\/4\/2019\/03\/04-1.jpg\"><img loading=\"lazy\" decoding=\"async\" class=\"alignnone size-full wp-image-6699\" src=\"https:\/\/d2p6e6u75xmxt8.cloudfront.net\/4\/2019\/03\/04-1.jpg\" alt=\"\" width=\"1200\" height=\"800\" \/><\/a><\/p>\n<h2><strong>Majstrovstv\u00e1 sveta paracyklistov na dr\u00e1he<\/strong><\/h2>\n<p>V polovici marca sa konali majstrovstv\u00e1 sveta v\u00a0dr\u00e1hovej cyklistike. \u0160pecifikom t\u00fdchto pretekov bol fakt, \u017ee ich \u00fa\u010dastn\u00edci boli vo svojom \u017eivote do istej miery znev\u00fdhodnen\u00ed. To v\u0161ak ni\u010d nemen\u00ed na tom, \u017ee sa ani napriek tomu nez\u013eakli \u017ei\u0165 a\u00a0st\u00e1le sa radi postavia na \u0161tart so svojimi kolegami. U\u017e v\u00a0\u00favode zaznamenali svetov\u00e9 rekordy Austr\u00e1l\u010danka <strong>Paige Greco<\/strong> v\u00a0kat. C3 na 3 km s\u00a0\u010dasom 4:00 a\u00a0\u0161panielska hviezda <strong>Ricardo Ten<\/strong>, v\u00a0kateg\u00f3rii C1 s\u00a0\u010dasom 3:50 na rovnakej trati.<\/p>\n<p><a href=\"https:\/\/d2p6e6u75xmxt8.cloudfront.net\/4\/2019\/03\/05-1.jpg\"><img loading=\"lazy\" decoding=\"async\" class=\"alignnone size-full wp-image-6700\" src=\"https:\/\/d2p6e6u75xmxt8.cloudfront.net\/4\/2019\/03\/05-1.jpg\" alt=\"\" width=\"1200\" height=\"800\" \/><\/a><\/p>\n<h2><strong>Trofeo Alfredo Binda &#8211; aj \u017eeny maj\u00fa vlastn\u00fa klasiku<\/strong><\/h2>\n<p>Okrem tak\u00fdch podujat\u00ed, ako je Strade Bianche \u010di Okolo Fl\u00e1mska, kde \u017eeny s\u00fa\u0165a\u017eia na skr\u00e1tenej trati s\u00a0rovnakou vidinou v\u00ed\u0165azstva, sa v\u00a0\u017eenskom kalend\u00e1ri objavili preteky s\u00a0n\u00e1zvom Trofeo Alfredo Binda v\u00a0prvej svetovej kateg\u00f3rii. Na 131 km ok\u00fasili celkovo p\u00e4\u0165 ozna\u010den\u00fdch st\u00fapan\u00ed, aj napriek ktor\u00fdm sa do cie\u013ea valila po\u010detn\u00e1 skupina. V\u00a0\u0161printe sa z\u00a0najv\u00e4\u010d\u0161ej d\u00e1vky s\u00edl te\u0161ila nieko\u013ekon\u00e1sobn\u00e1 majsterka sveta, <strong>M. Vos<\/strong> pred A. Spratt a\u00a0U. C. Ludwig.<\/p>\n<p><a href=\"https:\/\/d2p6e6u75xmxt8.cloudfront.net\/4\/2019\/03\/06-2.jpg\"><img loading=\"lazy\" decoding=\"async\" class=\"alignnone size-full wp-image-6707\" src=\"https:\/\/d2p6e6u75xmxt8.cloudfront.net\/4\/2019\/03\/06-2.jpg\" alt=\"\" width=\"1200\" height=\"800\" \/><\/a><\/p>\n<p>Tak\u017ee nezab\u00fadajte, tie najv\u00e4\u010d\u0161ie sviatky sa e\u0161te len bl\u00ed\u017eia &#8211; Par\u00ed\u017e-Roubaix, Okolo Fl\u00e1mska a\u00a0samozrejme etap\u00e1ky s\u00fa u\u017e pomaly za dverami!<\/p>\n<p><em>(zdroje fotiek: FB\/MilanoSanRemo, FB\/TeamSky, FB\/Outsitzers Cycling Team, rotorbike.com, facebook.com\/pg\/UnionCyclisteInternationale)<\/em><\/p>\n","protected":false},"excerpt":{"rendered":"<p>Marec je mesiacom kn\u00edh, a aj\u00a0ke\u010f s\u00a0t\u00fdm cyklistika nemus\u00ed ma\u0165 ve\u013ea spolo\u010dn\u00e9ho, pr\u00e1ve v\u00a0t\u00fdchto d\u0148och sa skuto\u010dne za\u010dali p\u00edsa\u0165 memo\u00e1re [&hellip;]<\/p>\n","protected":false},"author":38,"featured_media":6701,"comment_status":"open","ping_status":"open","sticky":false,"template":"","format":"standard","meta":{"footnotes":""},"categories":[63],"tags":[779,899,115,898,745,896,705,180,897,272,281,423,412,116,699,46,270,659,475],"global-categories":[],"class_list":["post-6694","post","type-post","status-publish","format-standard","has-post-thumbnail","hentry","category-grand-tour","tag-afrika","tag-cape-epic","tag-cestna-cyklistika","tag-deceuninck-quick-step","tag-drahova-cyklistika","tag-enduro","tag-enduro-world-series","tag-horska-cyklistika","tag-keseg-stevkova","tag-majster-sveta","tag-majstrovstva-sveta","tag-milano-san-remo","tag-mtb","tag-nairo-quintana","tag-nino-schurter","tag-peter-sagan","tag-team-sky","tag-zenska-cyklistika","tag-zeny"],"yoast_head":"<!-- This site is optimized with the Yoast SEO Premium plugin v25.3 (Yoast SEO v25.9) - https:\/\/yoast.com\/wordpress\/plugins\/seo\/ -->\n<title>Mesa\u010dn\u00e1 desiatka s\u00a0poradov\u00fdm \u010d\u00edslom tri - preh\u013ead zauj\u00edmavost\u00ed uplynul\u00e9ho mesiaca - \u0160koda We Love Cycling Slovensko<\/title>\n<meta name=\"robots\" content=\"index, follow, max-snippet:-1, max-image-preview:large, max-video-preview:-1\" \/>\n<link rel=\"canonical\" href=\"https:\/\/www.welovecycling.com\/sk\/2019\/03\/30\/mesacna-desiatka-s-poradovym-cislom-tri-prehlad-zaujimavosti-uplynuleho-mesiaca\/\" \/>\n<meta property=\"og:locale\" content=\"sk_SK\" \/>\n<meta property=\"og:type\" content=\"article\" \/>\n<meta property=\"og:title\" content=\"Mesa\u010dn\u00e1 desiatka s\u00a0poradov\u00fdm \u010d\u00edslom tri - preh\u013ead zauj\u00edmavost\u00ed uplynul\u00e9ho mesiaca\" \/>\n<meta property=\"og:description\" content=\"Marec je mesiacom kn\u00edh, a aj\u00a0ke\u010f s\u00a0t\u00fdm cyklistika nemus\u00ed ma\u0165 ve\u013ea spolo\u010dn\u00e9ho, pr\u00e1ve v\u00a0t\u00fdchto d\u0148och sa skuto\u010dne za\u010dali p\u00edsa\u0165 memo\u00e1re [&hellip;]\" \/>\n<meta property=\"og:url\" content=\"https:\/\/www.welovecycling.com\/sk\/2019\/03\/30\/mesacna-desiatka-s-poradovym-cislom-tri-prehlad-zaujimavosti-uplynuleho-mesiaca\/\" \/>\n<meta property=\"og:site_name\" content=\"\u0160koda We Love Cycling Slovensko\" \/>\n<meta property=\"article:published_time\" content=\"2019-03-30T09:37:33+00:00\" \/>\n<meta property=\"article:modified_time\" content=\"2019-04-23T11:18:02+00:00\" \/>\n<meta property=\"og:image\" content=\"https:\/\/d2p6e6u75xmxt8.cloudfront.net\/4\/2019\/03\/00-2.webp\" \/>\n\t<meta property=\"og:image:width\" content=\"1380\" \/>\n\t<meta property=\"og:image:height\" content=\"600\" \/>\n\t<meta property=\"og:image:type\" content=\"image\/webp\" \/>\n<meta name=\"author\" content=\"Ondrej Ga\u0161par\" \/>\n<meta name=\"twitter:card\" content=\"summary_large_image\" \/>\n<meta name=\"twitter:label1\" content=\"Written by\" \/>\n\t<meta name=\"twitter:data1\" content=\"We Love Cycling\" \/>\n\t<meta name=\"twitter:label2\" content=\"Est. reading time\" \/>\n\t<meta name=\"twitter:data2\" content=\"7\" \/>\n<script type=\"application\/ld+json\" class=\"yoast-schema-graph\">{\"@context\":\"https:\/\/schema.org\",\"@graph\":[{\"@type\":\"WebPage\",\"@id\":\"https:\/\/www.welovecycling.com\/sk\/2019\/03\/30\/mesacna-desiatka-s-poradovym-cislom-tri-prehlad-zaujimavosti-uplynuleho-mesiaca\/\",\"url\":\"https:\/\/www.welovecycling.com\/sk\/2019\/03\/30\/mesacna-desiatka-s-poradovym-cislom-tri-prehlad-zaujimavosti-uplynuleho-mesiaca\/\",\"name\":\"Mesa\u010dn\u00e1 desiatka s\u00a0poradov\u00fdm \u010d\u00edslom tri - preh\u013ead zauj\u00edmavost\u00ed uplynul\u00e9ho mesiaca - \u0160koda We Love Cycling Slovensko\",\"isPartOf\":{\"@id\":\"https:\/\/www.welovecycling.com\/sk\/#website\"},\"primaryImageOfPage\":{\"@id\":\"https:\/\/www.welovecycling.com\/sk\/2019\/03\/30\/mesacna-desiatka-s-poradovym-cislom-tri-prehlad-zaujimavosti-uplynuleho-mesiaca\/#primaryimage\"},\"image\":{\"@id\":\"https:\/\/www.welovecycling.com\/sk\/2019\/03\/30\/mesacna-desiatka-s-poradovym-cislom-tri-prehlad-zaujimavosti-uplynuleho-mesiaca\/#primaryimage\"},\"thumbnailUrl\":\"https:\/\/d2p6e6u75xmxt8.cloudfront.net\/4\/2019\/03\/00-2.webp\",\"datePublished\":\"2019-03-30T09:37:33+00:00\",\"dateModified\":\"2019-04-23T11:18:02+00:00\",\"author\":{\"@id\":\"https:\/\/www.welovecycling.com\/sk\/#\/schema\/person\/8ee09ba39b7e25b1870160aa5b3a89bc\"},\"breadcrumb\":{\"@id\":\"https:\/\/www.welovecycling.com\/sk\/2019\/03\/30\/mesacna-desiatka-s-poradovym-cislom-tri-prehlad-zaujimavosti-uplynuleho-mesiaca\/#breadcrumb\"},\"inLanguage\":\"sk-SK\",\"potentialAction\":[{\"@type\":\"ReadAction\",\"target\":[\"https:\/\/www.welovecycling.com\/sk\/2019\/03\/30\/mesacna-desiatka-s-poradovym-cislom-tri-prehlad-zaujimavosti-uplynuleho-mesiaca\/\"]}]},{\"@type\":\"ImageObject\",\"inLanguage\":\"sk-SK\",\"@id\":\"https:\/\/www.welovecycling.com\/sk\/2019\/03\/30\/mesacna-desiatka-s-poradovym-cislom-tri-prehlad-zaujimavosti-uplynuleho-mesiaca\/#primaryimage\",\"url\":\"https:\/\/d2p6e6u75xmxt8.cloudfront.net\/4\/2019\/03\/00-2.webp\",\"contentUrl\":\"https:\/\/d2p6e6u75xmxt8.cloudfront.net\/4\/2019\/03\/00-2.webp\",\"width\":1380,\"height\":600},{\"@type\":\"BreadcrumbList\",\"@id\":\"https:\/\/www.welovecycling.com\/sk\/2019\/03\/30\/mesacna-desiatka-s-poradovym-cislom-tri-prehlad-zaujimavosti-uplynuleho-mesiaca\/#breadcrumb\",\"itemListElement\":[{\"@type\":\"ListItem\",\"position\":1,\"name\":\"Home\",\"item\":\"https:\/\/www.welovecycling.com\/sk\/\"},{\"@type\":\"ListItem\",\"position\":2,\"name\":\"Mesa\u010dn\u00e1 desiatka s\u00a0poradov\u00fdm \u010d\u00edslom tri &#8211; preh\u013ead zauj\u00edmavost\u00ed uplynul\u00e9ho mesiaca\"}]},{\"@type\":\"WebSite\",\"@id\":\"https:\/\/www.welovecycling.com\/sk\/#website\",\"url\":\"https:\/\/www.welovecycling.com\/sk\/\",\"name\":\"\u0160koda We Love Cycling Slovensko\",\"description\":\"\u0160koda We Love Cycling Slovensko je v\u00e1\u0161 ka\u017edodenn\u00fd zdroj noviniek a in\u0161pir\u00e1cie z sveta cyklistiky\",\"potentialAction\":[{\"@type\":\"SearchAction\",\"target\":{\"@type\":\"EntryPoint\",\"urlTemplate\":\"https:\/\/www.welovecycling.com\/sk\/?s={search_term_string}\"},\"query-input\":{\"@type\":\"PropertyValueSpecification\",\"valueRequired\":true,\"valueName\":\"search_term_string\"}}],\"inLanguage\":\"sk-SK\"},{\"@type\":\"Person\",\"@id\":\"https:\/\/www.welovecycling.com\/sk\/#\/schema\/person\/8ee09ba39b7e25b1870160aa5b3a89bc\",\"name\":\"Ondrej Ga\u0161par\",\"image\":{\"@type\":\"ImageObject\",\"inLanguage\":\"sk-SK\",\"@id\":\"https:\/\/www.welovecycling.com\/sk\/#\/schema\/person\/image\/\",\"url\":\"https:\/\/secure.gravatar.com\/avatar\/6126c9afb87b70da5abbb083ddbb21933da15f18f8ca7cb822aba0fb096a48f6?s=96&d=mm&r=g\",\"contentUrl\":\"https:\/\/secure.gravatar.com\/avatar\/6126c9afb87b70da5abbb083ddbb21933da15f18f8ca7cb822aba0fb096a48f6?s=96&d=mm&r=g\",\"caption\":\"Ondrej Ga\u0161par\"},\"url\":\"https:\/\/www.welovecycling.com\/sk\/author\/ondrejgaspar\/\"}]}<\/script>\n<!-- \/ Yoast SEO Premium plugin. -->","yoast_head_json":{"title":"Mesa\u010dn\u00e1 desiatka s\u00a0poradov\u00fdm \u010d\u00edslom tri - preh\u013ead zauj\u00edmavost\u00ed uplynul\u00e9ho mesiaca - \u0160koda We Love Cycling Slovensko","robots":{"index":"index","follow":"follow","max-snippet":"max-snippet:-1","max-image-preview":"max-image-preview:large","max-video-preview":"max-video-preview:-1"},"canonical":"https:\/\/www.welovecycling.com\/sk\/2019\/03\/30\/mesacna-desiatka-s-poradovym-cislom-tri-prehlad-zaujimavosti-uplynuleho-mesiaca\/","og_locale":"sk_SK","og_type":"article","og_title":"Mesa\u010dn\u00e1 desiatka s\u00a0poradov\u00fdm \u010d\u00edslom tri - preh\u013ead zauj\u00edmavost\u00ed uplynul\u00e9ho mesiaca","og_description":"Marec je mesiacom kn\u00edh, a aj\u00a0ke\u010f s\u00a0t\u00fdm cyklistika nemus\u00ed ma\u0165 ve\u013ea spolo\u010dn\u00e9ho, pr\u00e1ve v\u00a0t\u00fdchto d\u0148och sa skuto\u010dne za\u010dali p\u00edsa\u0165 memo\u00e1re [&hellip;]","og_url":"https:\/\/www.welovecycling.com\/sk\/2019\/03\/30\/mesacna-desiatka-s-poradovym-cislom-tri-prehlad-zaujimavosti-uplynuleho-mesiaca\/","og_site_name":"\u0160koda We Love Cycling Slovensko","article_published_time":"2019-03-30T09:37:33+00:00","article_modified_time":"2019-04-23T11:18:02+00:00","og_image":[{"width":1380,"height":600,"url":"https:\/\/d2p6e6u75xmxt8.cloudfront.net\/4\/2019\/03\/00-2.webp","type":"image\/webp"}],"author":"Ondrej Ga\u0161par","twitter_card":"summary_large_image","twitter_misc":{"Written by":"We Love Cycling","Est. reading time":"7"},"schema":{"@context":"https:\/\/schema.org","@graph":[{"@type":"WebPage","@id":"https:\/\/www.welovecycling.com\/sk\/2019\/03\/30\/mesacna-desiatka-s-poradovym-cislom-tri-prehlad-zaujimavosti-uplynuleho-mesiaca\/","url":"https:\/\/www.welovecycling.com\/sk\/2019\/03\/30\/mesacna-desiatka-s-poradovym-cislom-tri-prehlad-zaujimavosti-uplynuleho-mesiaca\/","name":"Mesa\u010dn\u00e1 desiatka s\u00a0poradov\u00fdm \u010d\u00edslom tri - preh\u013ead zauj\u00edmavost\u00ed uplynul\u00e9ho mesiaca - \u0160koda We Love Cycling Slovensko","isPartOf":{"@id":"https:\/\/www.welovecycling.com\/sk\/#website"},"primaryImageOfPage":{"@id":"https:\/\/www.welovecycling.com\/sk\/2019\/03\/30\/mesacna-desiatka-s-poradovym-cislom-tri-prehlad-zaujimavosti-uplynuleho-mesiaca\/#primaryimage"},"image":{"@id":"https:\/\/www.welovecycling.com\/sk\/2019\/03\/30\/mesacna-desiatka-s-poradovym-cislom-tri-prehlad-zaujimavosti-uplynuleho-mesiaca\/#primaryimage"},"thumbnailUrl":"https:\/\/d2p6e6u75xmxt8.cloudfront.net\/4\/2019\/03\/00-2.webp","datePublished":"2019-03-30T09:37:33+00:00","dateModified":"2019-04-23T11:18:02+00:00","author":{"@id":"https:\/\/www.welovecycling.com\/sk\/#\/schema\/person\/8ee09ba39b7e25b1870160aa5b3a89bc"},"breadcrumb":{"@id":"https:\/\/www.welovecycling.com\/sk\/2019\/03\/30\/mesacna-desiatka-s-poradovym-cislom-tri-prehlad-zaujimavosti-uplynuleho-mesiaca\/#breadcrumb"},"inLanguage":"sk-SK","potentialAction":[{"@type":"ReadAction","target":["https:\/\/www.welovecycling.com\/sk\/2019\/03\/30\/mesacna-desiatka-s-poradovym-cislom-tri-prehlad-zaujimavosti-uplynuleho-mesiaca\/"]}]},{"@type":"ImageObject","inLanguage":"sk-SK","@id":"https:\/\/www.welovecycling.com\/sk\/2019\/03\/30\/mesacna-desiatka-s-poradovym-cislom-tri-prehlad-zaujimavosti-uplynuleho-mesiaca\/#primaryimage","url":"https:\/\/d2p6e6u75xmxt8.cloudfront.net\/4\/2019\/03\/00-2.webp","contentUrl":"https:\/\/d2p6e6u75xmxt8.cloudfront.net\/4\/2019\/03\/00-2.webp","width":1380,"height":600},{"@type":"BreadcrumbList","@id":"https:\/\/www.welovecycling.com\/sk\/2019\/03\/30\/mesacna-desiatka-s-poradovym-cislom-tri-prehlad-zaujimavosti-uplynuleho-mesiaca\/#breadcrumb","itemListElement":[{"@type":"ListItem","position":1,"name":"Home","item":"https:\/\/www.welovecycling.com\/sk\/"},{"@type":"ListItem","position":2,"name":"Mesa\u010dn\u00e1 desiatka s\u00a0poradov\u00fdm \u010d\u00edslom tri &#8211; preh\u013ead zauj\u00edmavost\u00ed uplynul\u00e9ho mesiaca"}]},{"@type":"WebSite","@id":"https:\/\/www.welovecycling.com\/sk\/#website","url":"https:\/\/www.welovecycling.com\/sk\/","name":"\u0160koda We Love Cycling Slovensko","description":"\u0160koda We Love Cycling Slovensko je v\u00e1\u0161 ka\u017edodenn\u00fd zdroj noviniek a in\u0161pir\u00e1cie z sveta cyklistiky","potentialAction":[{"@type":"SearchAction","target":{"@type":"EntryPoint","urlTemplate":"https:\/\/www.welovecycling.com\/sk\/?s={search_term_string}"},"query-input":{"@type":"PropertyValueSpecification","valueRequired":true,"valueName":"search_term_string"}}],"inLanguage":"sk-SK"},{"@type":"Person","@id":"https:\/\/www.welovecycling.com\/sk\/#\/schema\/person\/8ee09ba39b7e25b1870160aa5b3a89bc","name":"Ondrej Ga\u0161par","image":{"@type":"ImageObject","inLanguage":"sk-SK","@id":"https:\/\/www.welovecycling.com\/sk\/#\/schema\/person\/image\/","url":"https:\/\/secure.gravatar.com\/avatar\/6126c9afb87b70da5abbb083ddbb21933da15f18f8ca7cb822aba0fb096a48f6?s=96&d=mm&r=g","contentUrl":"https:\/\/secure.gravatar.com\/avatar\/6126c9afb87b70da5abbb083ddbb21933da15f18f8ca7cb822aba0fb096a48f6?s=96&d=mm&r=g","caption":"Ondrej Ga\u0161par"},"url":"https:\/\/www.welovecycling.com\/sk\/author\/ondrejgaspar\/"}]}},"_links":{"self":[{"href":"https:\/\/www.welovecycling.com\/sk\/wp-json\/wp\/v2\/posts\/6694","targetHints":{"allow":["GET"]}}],"collection":[{"href":"https:\/\/www.welovecycling.com\/sk\/wp-json\/wp\/v2\/posts"}],"about":[{"href":"https:\/\/www.welovecycling.com\/sk\/wp-json\/wp\/v2\/types\/post"}],"author":[{"embeddable":true,"href":"https:\/\/www.welovecycling.com\/sk\/wp-json\/wp\/v2\/users\/38"}],"replies":[{"embeddable":true,"href":"https:\/\/www.welovecycling.com\/sk\/wp-json\/wp\/v2\/comments?post=6694"}],"version-history":[{"count":2,"href":"https:\/\/www.welovecycling.com\/sk\/wp-json\/wp\/v2\/posts\/6694\/revisions"}],"predecessor-version":[{"id":6924,"href":"https:\/\/www.welovecycling.com\/sk\/wp-json\/wp\/v2\/posts\/6694\/revisions\/6924"}],"wp:featuredmedia":[{"embeddable":true,"href":"https:\/\/www.welovecycling.com\/sk\/wp-json\/wp\/v2\/media\/6701"}],"wp:attachment":[{"href":"https:\/\/www.welovecycling.com\/sk\/wp-json\/wp\/v2\/media?parent=6694"}],"wp:term":[{"taxonomy":"category","embeddable":true,"href":"https:\/\/www.welovecycling.com\/sk\/wp-json\/wp\/v2\/categories?post=6694"},{"taxonomy":"post_tag","embeddable":true,"href":"https:\/\/www.welovecycling.com\/sk\/wp-json\/wp\/v2\/tags?post=6694"},{"taxonomy":"global-categories","embeddable":true,"href":"https:\/\/www.welovecycling.com\/sk\/wp-json\/wp\/v2\/global-categories?post=6694"}],"curies":[{"name":"wp","href":"https:\/\/api.w.org\/{rel}","templated":true}]}}