{"id":6678,"date":"2019-04-01T09:02:41","date_gmt":"2019-04-01T07:02:41","guid":{"rendered":"https:\/\/www.welovecycling.com\/sk\/?p=6678"},"modified":"2019-04-23T13:16:23","modified_gmt":"2019-04-23T11:16:23","slug":"sprievodca-kalendarom-zenskej-cyklistiky-uci-world-tour-v-roku-2019","status":"publish","type":"post","link":"https:\/\/www.welovecycling.com\/sk\/2019\/04\/01\/sprievodca-kalendarom-zenskej-cyklistiky-uci-world-tour-v-roku-2019\/","title":{"rendered":"Sprievodca kalend\u00e1rom \u017eenskej cyklistiky &#8211; UCI World Tour v roku 2019"},"content":{"rendered":"<p><strong>Mnoh\u00ed ned\u00fdchali, ke\u010f si Annemiek van Vleuten \u0161la po v\u00ed\u0165azstvo po\u010das nerv\u00f3zneho fin\u00e1le La Course. Pravdepodobne v najzauj\u00edmavej\u0161\u00edch pretekoch sez\u00f3ny 2018 sa uk\u00e1zalo, \u017ee profesion\u00e1lna \u017eensk\u00e1 cyklistika je vzru\u0161uj\u00facim \u0161portom, na ktor\u00fd sa d\u00e1 pozera\u0165.<\/strong><!--more--><\/p>\n<p>S vytv\u00e1ran\u00edm nov\u00fdch t\u00edmov, mlad\u00fdmi hviezdami a ambici\u00f3znym pr\u00edstupom, sme si ist\u00ed viac ako kedyko\u013evek predt\u00fdm, \u017ee \u017eensk\u00fd pelot\u00f3n bude aj na\u010falej prin\u00e1\u0161a\u0165 nap\u00ednav\u00e9 momenty. Te\u0161\u00edme sa, \u017ee sa n\u00e1m to v\u0161etko pomaly rozbieha a preto je tu nieko\u013eko zauj\u00edmavost\u00ed, ktor\u00e9 si v roku 2019 nechceme necha\u0165 ujs\u0165.<\/p>\n<h2><strong>Strade Bianche v\u0161etko za\u010dalo<\/strong><\/h2>\n<p>Ofici\u00e1lny za\u010diatok pre \u017eensk\u00fd UCI kalend\u00e1r na rok 2019 boli preteky Strade Bianche Donne, ktor\u00e9 sa <strong>uskuto\u010dnili 9. marca<\/strong>. Od svojho vzniku z\u00edskalo toto podujatie dobr\u00e9 meno v\u010faka svojim pra\u0161n\u00fdm cest\u00e1m, nespevnen\u00fdm sektorom \u010di charakteristickou \u201e\u0161otolinou\u201c. S nepredv\u00eddate\u013en\u00fdmi podmienkami, ktor\u00e9 sa sn\u00fabia s vysokou n\u00e1ro\u010dnos\u0165ou, vytv\u00e1raj\u00fa v pretek\u00e1rkach pocit jedine\u010dnosti a dobrodru\u017estva.<\/p>\n<lite-youtube videoid=nqrcieK4rdo params=\"enablejsapi=1\" style=\"background-image: url('https:\/\/i.ytimg.com\/vi_webp\/nqrcieK4rdo\/maxresdefault.webp');\"><\/lite-youtube>\n<p>V tomto roku pre\u0161li 136 kilometrov, z toho 8 sektorov v d\u013a\u017eke 31,4 kilometra po \u0161trkov\u00fdch cest\u00e1ch. Trasa sa vinula t\u00fdm ist\u00fdm smerom ako mu\u017esk\u00e1 ed\u00edcia, pri\u010dom sa fini\u0161ovalo na kr\u00e1tkom strmom st\u00fapan\u00ed n\u00e1mestia Piazza del Campo v Siene. V 2018 vyhrala Anna van der Breggen pred Kasiou Niewiadomovou a Elisiou Longo Borghiniovou. <strong>Prv\u00e9 ve\u013ek\u00e9 v\u00ed\u0165azstvo tejto sez\u00f3ny<\/strong> z\u00edskala u\u017e spom\u00ednan\u00e1 <strong>Annemiek van Vleuten<\/strong>.<\/p>\n<h2><strong>Epick\u00e9 st\u00fapanie na Okolo Kalifornie<\/strong><\/h2>\n<p>Itiner\u00e1r jedn\u00e9ho z najviac sledovan\u00fdch \u017eensk\u00fdch etap\u00e1kov je napl\u00e1novan\u00fd <strong>od 16. do 18. m\u00e1ja<\/strong>. Tohtoro\u010dn\u00e1 ed\u00edcia bude najdlh\u0161ou v hist\u00f3rii a zah\u0155\u0148a aj sl\u00e1vny kopec Mt. Baldy.<\/p>\n<lite-youtube videoid=sg0GZ4tDIpc params=\"enablejsapi=1\" style=\"background-image: url('https:\/\/i.ytimg.com\/vi_webp\/sg0GZ4tDIpc\/maxresdefault.webp');\"><\/lite-youtube>\n<p>Ro\u010dn\u00edk 2019 predstavuje po prv\u00fdkr\u00e1t toto st\u00fapanie, a tak sa 2. etapa st\u00e1va povinnou pre v\u0161etk\u00fdch div\u00e1kov a fan\u00fa\u0161ikov, ktor\u00ed miluj\u00fa z\u00e1ver na poriadnom kopci. Aj toto st\u00fapanie je s\u00fa\u010das\u0165ou celkov\u00fdch nast\u00fapan\u00fdch metrov, ktor\u00e9 sa bl\u00ed\u017eia k \u0161iestim tis\u00edcom. Prv\u00fd a tret\u00ed de\u0148 by mali kon\u010di\u0165 hromadn\u00fdm \u0161purtom. Mt. Baldy stoj\u00ed v centre cel\u00fdch etapov\u00fdch pretekov a niet poch\u00fdb o tom, \u017ee od za\u010diatku sa tu bude \u00fato\u010di\u0165.<\/p>\n<h2><strong>\u010c\u00edslo 1? Samozrejme Giro<\/strong><\/h2>\n<p>\u017diadna diskusia o \u017eensk\u00fdch cyklistick\u00fdch pretekoch nem\u00f4\u017ee by\u0165 bez <strong>Giro Rosa<\/strong>. 30. ro\u010dn\u00edk <strong>za\u010d\u00edna v piatok 5. j\u00fala t\u00edmovou \u010dasovkou a kon\u010d\u00ed v nede\u013eu 14. j\u00fala na dla\u017eobnom st\u00fapan\u00ed hradu Udine<\/strong>. Trasa bola predstaven\u00e1 za\u010diatkom marca a preto vieme, \u017ee kr\u00e1\u013eovsk\u00e1 etapa kon\u010d\u00ed na vrchole Passo Gavia, ktor\u00fd sa t\u00fd\u010di do v\u00fd\u0161ky 2 624 metrov nad morom. \u010eal\u0161\u00ed vrchol v itiner\u00e1ri je na Malga Montasio a aj v tomto pr\u00edpade by tu mali dominova\u0165 hlavne vrch\u00e1rky.<\/p>\n<p>Ke\u010f u\u017e hovor\u00edme o vrch\u00e1rkach, tak v roku 2018 zv\u00ed\u0165azila Annemiek van Vleuten s troma etapami, vr\u00e1tane fini\u0161u na sl\u00e1vnom Monte Zoncolan. Bude teda ve\u013emi zauj\u00edmav\u00e9 ju sledova\u0165, \u010di aj v tomto ro\u010dn\u00edku obh\u00e1ji svoje prv\u00e9 miesto.<\/p>\n<lite-youtube videoid=-nO11Pe1KdM params=\"enablejsapi=1\" style=\"background-image: url('https:\/\/i.ytimg.com\/vi_webp\/-nO11Pe1KdM\/maxresdefault.webp');\"><\/lite-youtube>\n<h2><strong>Women\u00b4s Tour Britain prid\u00e1va \u0161iestu etapu<\/strong><\/h2>\n<p>Women\u00b4s Tour v Brit\u00e1nii zv\u00fd\u0161ilo porciu et\u00e1p na \u010d\u00edslo 6. Podujatie v minulom roku vyhrala Ameri\u010danka <strong>Coryn Rivera<\/strong> (ako prv\u00e1 neeur\u00f3pska v\u00ed\u0165azka). Novinkou z roku 2018 je, \u017ee finan\u010dn\u00e9 ohodnotenie je teraz rovnak\u00e9 ako v pr\u00edpade mu\u017esk\u00e9ho Tour of Britain, ktor\u00e9 sa v\u00fdrazne zv\u00fd\u0161ilo z 35\u00a0000 \u20ac na 90\u00a0000 \u20ac.<\/p>\n<div class=\"embed-controller-wrapper\">\n<blockquote class=\"twitter-tweet\" data-width=\"500\" data-dnt=\"true\">\n<p lang=\"en\" dir=\"ltr\">Nobody wants to watch women&#39;s sport, they said&#8230; \ud83d\ude48<a href=\"https:\/\/twitter.com\/hashtag\/ThrowbackThursday?src=hash&amp;ref_src=twsrc%5Etfw\">#ThrowbackThursday<\/a> to when thousands of people came out for last year&#39;s start in Atherstone!<a href=\"https:\/\/twitter.com\/hashtag\/OVOWT?src=hash&amp;ref_src=twsrc%5Etfw\">#OVOWT<\/a> <a href=\"https:\/\/twitter.com\/hashtag\/UCIWWT?src=hash&amp;ref_src=twsrc%5Etfw\">#UCIWWT<\/a> <a href=\"https:\/\/t.co\/zELVwi9gww\">pic.twitter.com\/zELVwi9gww<\/a><\/p>\n<p>&mdash; The Women&#39;s Tour (@thewomenstour) <a href=\"https:\/\/twitter.com\/thewomenstour\/status\/1098496301023412225?ref_src=twsrc%5Etfw\">February 21, 2019<\/a><\/p><\/blockquote>\n<p><script async data-src=\"https:\/\/platform.twitter.com\/widgets.js\" charset=\"utf-8\"><\/script><\/div>\n<p>Tento rok sa to <strong>za\u010dne v pondelok 10. j\u00fana a trva\u0165 bude do soboty 15 j\u00fana<\/strong>. Trasa e\u0161te nebola predstaven\u00e1, no niet poch\u00fdb, \u017ee pril\u00e1ka ve\u013ek\u00fd po\u010det div\u00e1kov. Pretek\u00e1rky u\u017e skoro ako rutinu ber\u00fa fakt, \u017ee tra\u0165 lemuj\u00fa davy a aj to prispieva k motiv\u00e1cii \u017eien na sedl\u00e1ch, aby dokon\u010dili a za\u017eiarili na jedn\u00fdch z naj\u0165a\u017e\u0161\u00edch pretekov cyklistick\u00e9ho roka.<\/p>\n<h3><strong>Marec<\/strong><\/h3>\n<ul>\n<li>9. &#8211;\u00a0Strade Bianche (Taliansko)<\/li>\n<li>17.\u00a0&#8211; Ronde van Drenthe (Holandsko)<\/li>\n<li>24.\u00a0&#8211; Trofeo Alfredo Binda (Taliansko)<\/li>\n<li>28.\u00a0&#8211; Three Days of De Panne<\/li>\n<li>31.\u00a0&#8211; Ghent-Wevelgem (Belgicko)<\/li>\n<\/ul>\n<h3><strong>Apr\u00edl<\/strong><\/h3>\n<ul>\n<li>7. &#8211;\u00a0Tour of Flanders (Belgicko)<\/li>\n<li>21. &#8211;\u00a0Amstel Gold Race (Holandsko)<\/li>\n<li>24. &#8211;\u00a0Fl\u00e8che\u00a0Wallonne (Belgicko)<\/li>\n<li>28.\u00a0&#8211; Li\u00e8ge-Bastogne-Li\u00e8ge (Belgicko)<\/li>\n<\/ul>\n<h3><strong>M\u00e1j<\/strong><\/h3>\n<ul>\n<li>3.-4.\u00a0&#8211; Tour de Yorkshire (nie je vo WorldTour)<\/li>\n<li>9.-11.\u00a0&#8211; Tour of Chongming Island (\u010c\u00edna)<\/li>\n<li>16.-18.\u00a0&#8211; Tour of California (USA)<\/li>\n<li>22.-25.\u00a0&#8211; Emakumeen Bira (\u0160panielsko)<\/li>\n<\/ul>\n<h3><strong>J\u00fan<\/strong><\/h3>\n<ul>\n<li>10.-15. &#8211; British Women\u2019s Tour<\/li>\n<li>27.-30. &#8211;\u00a0British National Road Championships (Norfolk)<\/li>\n<\/ul>\n<h3><strong>J\u00fal<\/strong><\/h3>\n<ul>\n<li>5.-14. &#8211; Giro Rosa (Taliansko)<\/li>\n<li>23. &#8211;\u00a0La Course by Le Tour de France (Franc\u00fazsko)<\/li>\n<\/ul>\n<h3><strong>August<\/strong><\/h3>\n<ul>\n<li>3. &#8211;\u00a0Prudential Ride London Classique (\u017eeny)<\/li>\n<li>16. &#8211; Crescent Vargarda TTT (\u0160v\u00e9dsko)<\/li>\n<li>18. &#8211;\u00a0Crescent Vargarda road race (\u0160v\u00e9dsko)<\/li>\n<li>22.-25. &#8211;\u00a0Tour of Norway<\/li>\n<li>31. &#8211;\u00a0GP Plouay (Franc\u00fazsko)<\/li>\n<\/ul>\n<h3><strong>September<\/strong><\/h3>\n<ul>\n<li>3.-8. &#8211;\u00a0Boels Ladies Tour (Holandsko)<\/li>\n<li>14.-15. &#8211;\u00a0Madrid Challenge by la Vuelta (\u0160panielsko)<\/li>\n<li>21.-29. &#8211;\u00a0Majstrovstv\u00e1 sveta v cestnej cyklistike (Yorkshire)<\/li>\n<\/ul>\n<h3><strong>Okt\u00f3ber<\/strong><\/h3>\n<ul>\n<li>20. &#8211;\u00a0Tour of Guangxi (\u010c\u00edna)<\/li>\n<\/ul>\n","protected":false},"excerpt":{"rendered":"<p>Mnoh\u00ed ned\u00fdchali, ke\u010f si Annemiek van Vleuten \u0161la po v\u00ed\u0165azstvo po\u010das nerv\u00f3zneho fin\u00e1le La Course. Pravdepodobne v najzauj\u00edmavej\u0161\u00edch pretekoch sez\u00f3ny [&hellip;]<\/p>\n","protected":false},"author":38,"featured_media":6683,"comment_status":"open","ping_status":"open","sticky":false,"template":"","format":"standard","meta":{"footnotes":""},"categories":[34,63],"tags":[421,275,115,805,331,533,306,481,37,179,895,419,106,475],"global-categories":[],"class_list":["post-6678","post","type-post","status-publish","format-standard","has-post-thumbnail","hentry","category-podujatia","category-grand-tour","tag-belgicko","tag-cesta","tag-cestna-cyklistika","tag-cina","tag-etapove-preteky","tag-europa","tag-francuzsko","tag-majstrovstva","tag-podujatia","tag-preteky","tag-svedsko","tag-taliansko","tag-uci-worldtour","tag-zeny"],"yoast_head":"<!-- This site is optimized with the Yoast SEO Premium plugin v25.3 (Yoast SEO v25.9) - https:\/\/yoast.com\/wordpress\/plugins\/seo\/ -->\n<title>Sprievodca kalend\u00e1rom \u017eenskej cyklistiky - UCI World Tour v roku 2019 - \u0160koda We Love Cycling Slovensko<\/title>\n<meta name=\"robots\" content=\"index, follow, max-snippet:-1, max-image-preview:large, max-video-preview:-1\" \/>\n<link rel=\"canonical\" href=\"https:\/\/www.welovecycling.com\/sk\/2019\/04\/01\/sprievodca-kalendarom-zenskej-cyklistiky-uci-world-tour-v-roku-2019\/\" \/>\n<meta property=\"og:locale\" content=\"sk_SK\" \/>\n<meta property=\"og:type\" content=\"article\" \/>\n<meta property=\"og:title\" content=\"Sprievodca kalend\u00e1rom \u017eenskej cyklistiky - UCI World Tour v roku 2019\" \/>\n<meta property=\"og:description\" content=\"Mnoh\u00ed ned\u00fdchali, ke\u010f si Annemiek van Vleuten \u0161la po v\u00ed\u0165azstvo po\u010das nerv\u00f3zneho fin\u00e1le La Course. Pravdepodobne v najzauj\u00edmavej\u0161\u00edch pretekoch sez\u00f3ny [&hellip;]\" \/>\n<meta property=\"og:url\" content=\"https:\/\/www.welovecycling.com\/sk\/2019\/04\/01\/sprievodca-kalendarom-zenskej-cyklistiky-uci-world-tour-v-roku-2019\/\" \/>\n<meta property=\"og:site_name\" content=\"\u0160koda We Love Cycling Slovensko\" \/>\n<meta property=\"article:published_time\" content=\"2019-04-01T07:02:41+00:00\" \/>\n<meta property=\"article:modified_time\" content=\"2019-04-23T11:16:23+00:00\" \/>\n<meta property=\"og:image\" content=\"https:\/\/d2p6e6u75xmxt8.cloudfront.net\/4\/2019\/03\/Annemiek-van-Vleuten-profimedia-0378089166.webp\" \/>\n\t<meta property=\"og:image:width\" content=\"1366\" \/>\n\t<meta property=\"og:image:height\" content=\"600\" \/>\n\t<meta property=\"og:image:type\" content=\"image\/webp\" \/>\n<meta name=\"author\" content=\"Ondrej Ga\u0161par\" \/>\n<meta name=\"twitter:card\" content=\"summary_large_image\" \/>\n<meta name=\"twitter:label1\" content=\"Written by\" \/>\n\t<meta name=\"twitter:data1\" content=\"Megan Flottorp\" \/>\n\t<meta name=\"twitter:label2\" content=\"Est. reading time\" \/>\n\t<meta name=\"twitter:data2\" content=\"5\" \/>\n<script type=\"application\/ld+json\" class=\"yoast-schema-graph\">{\"@context\":\"https:\/\/schema.org\",\"@graph\":[{\"@type\":\"WebPage\",\"@id\":\"https:\/\/www.welovecycling.com\/sk\/2019\/04\/01\/sprievodca-kalendarom-zenskej-cyklistiky-uci-world-tour-v-roku-2019\/\",\"url\":\"https:\/\/www.welovecycling.com\/sk\/2019\/04\/01\/sprievodca-kalendarom-zenskej-cyklistiky-uci-world-tour-v-roku-2019\/\",\"name\":\"Sprievodca kalend\u00e1rom \u017eenskej cyklistiky - UCI World Tour v roku 2019 - \u0160koda We Love Cycling Slovensko\",\"isPartOf\":{\"@id\":\"https:\/\/www.welovecycling.com\/sk\/#website\"},\"primaryImageOfPage\":{\"@id\":\"https:\/\/www.welovecycling.com\/sk\/2019\/04\/01\/sprievodca-kalendarom-zenskej-cyklistiky-uci-world-tour-v-roku-2019\/#primaryimage\"},\"image\":{\"@id\":\"https:\/\/www.welovecycling.com\/sk\/2019\/04\/01\/sprievodca-kalendarom-zenskej-cyklistiky-uci-world-tour-v-roku-2019\/#primaryimage\"},\"thumbnailUrl\":\"https:\/\/d2p6e6u75xmxt8.cloudfront.net\/4\/2019\/03\/Annemiek-van-Vleuten-profimedia-0378089166.webp\",\"datePublished\":\"2019-04-01T07:02:41+00:00\",\"dateModified\":\"2019-04-23T11:16:23+00:00\",\"author\":{\"@id\":\"https:\/\/www.welovecycling.com\/sk\/#\/schema\/person\/8ee09ba39b7e25b1870160aa5b3a89bc\"},\"breadcrumb\":{\"@id\":\"https:\/\/www.welovecycling.com\/sk\/2019\/04\/01\/sprievodca-kalendarom-zenskej-cyklistiky-uci-world-tour-v-roku-2019\/#breadcrumb\"},\"inLanguage\":\"sk-SK\",\"potentialAction\":[{\"@type\":\"ReadAction\",\"target\":[\"https:\/\/www.welovecycling.com\/sk\/2019\/04\/01\/sprievodca-kalendarom-zenskej-cyklistiky-uci-world-tour-v-roku-2019\/\"]}]},{\"@type\":\"ImageObject\",\"inLanguage\":\"sk-SK\",\"@id\":\"https:\/\/www.welovecycling.com\/sk\/2019\/04\/01\/sprievodca-kalendarom-zenskej-cyklistiky-uci-world-tour-v-roku-2019\/#primaryimage\",\"url\":\"https:\/\/d2p6e6u75xmxt8.cloudfront.net\/4\/2019\/03\/Annemiek-van-Vleuten-profimedia-0378089166.webp\",\"contentUrl\":\"https:\/\/d2p6e6u75xmxt8.cloudfront.net\/4\/2019\/03\/Annemiek-van-Vleuten-profimedia-0378089166.webp\",\"width\":1366,\"height\":600},{\"@type\":\"BreadcrumbList\",\"@id\":\"https:\/\/www.welovecycling.com\/sk\/2019\/04\/01\/sprievodca-kalendarom-zenskej-cyklistiky-uci-world-tour-v-roku-2019\/#breadcrumb\",\"itemListElement\":[{\"@type\":\"ListItem\",\"position\":1,\"name\":\"Home\",\"item\":\"https:\/\/www.welovecycling.com\/sk\/\"},{\"@type\":\"ListItem\",\"position\":2,\"name\":\"Sprievodca kalend\u00e1rom \u017eenskej cyklistiky &#8211; UCI World Tour v roku 2019\"}]},{\"@type\":\"WebSite\",\"@id\":\"https:\/\/www.welovecycling.com\/sk\/#website\",\"url\":\"https:\/\/www.welovecycling.com\/sk\/\",\"name\":\"\u0160koda We Love Cycling Slovensko\",\"description\":\"\u0160koda We Love Cycling Slovensko je v\u00e1\u0161 ka\u017edodenn\u00fd zdroj noviniek a in\u0161pir\u00e1cie z sveta cyklistiky\",\"potentialAction\":[{\"@type\":\"SearchAction\",\"target\":{\"@type\":\"EntryPoint\",\"urlTemplate\":\"https:\/\/www.welovecycling.com\/sk\/?s={search_term_string}\"},\"query-input\":{\"@type\":\"PropertyValueSpecification\",\"valueRequired\":true,\"valueName\":\"search_term_string\"}}],\"inLanguage\":\"sk-SK\"},{\"@type\":\"Person\",\"@id\":\"https:\/\/www.welovecycling.com\/sk\/#\/schema\/person\/8ee09ba39b7e25b1870160aa5b3a89bc\",\"name\":\"Ondrej Ga\u0161par\",\"image\":{\"@type\":\"ImageObject\",\"inLanguage\":\"sk-SK\",\"@id\":\"https:\/\/www.welovecycling.com\/sk\/#\/schema\/person\/image\/\",\"url\":\"https:\/\/secure.gravatar.com\/avatar\/6126c9afb87b70da5abbb083ddbb21933da15f18f8ca7cb822aba0fb096a48f6?s=96&d=mm&r=g\",\"contentUrl\":\"https:\/\/secure.gravatar.com\/avatar\/6126c9afb87b70da5abbb083ddbb21933da15f18f8ca7cb822aba0fb096a48f6?s=96&d=mm&r=g\",\"caption\":\"Ondrej Ga\u0161par\"},\"url\":\"https:\/\/www.welovecycling.com\/sk\/author\/ondrejgaspar\/\"}]}<\/script>\n<!-- \/ Yoast SEO Premium plugin. -->","yoast_head_json":{"title":"Sprievodca kalend\u00e1rom \u017eenskej cyklistiky - UCI World Tour v roku 2019 - \u0160koda We Love Cycling Slovensko","robots":{"index":"index","follow":"follow","max-snippet":"max-snippet:-1","max-image-preview":"max-image-preview:large","max-video-preview":"max-video-preview:-1"},"canonical":"https:\/\/www.welovecycling.com\/sk\/2019\/04\/01\/sprievodca-kalendarom-zenskej-cyklistiky-uci-world-tour-v-roku-2019\/","og_locale":"sk_SK","og_type":"article","og_title":"Sprievodca kalend\u00e1rom \u017eenskej cyklistiky - UCI World Tour v roku 2019","og_description":"Mnoh\u00ed ned\u00fdchali, ke\u010f si Annemiek van Vleuten \u0161la po v\u00ed\u0165azstvo po\u010das nerv\u00f3zneho fin\u00e1le La Course. Pravdepodobne v najzauj\u00edmavej\u0161\u00edch pretekoch sez\u00f3ny [&hellip;]","og_url":"https:\/\/www.welovecycling.com\/sk\/2019\/04\/01\/sprievodca-kalendarom-zenskej-cyklistiky-uci-world-tour-v-roku-2019\/","og_site_name":"\u0160koda We Love Cycling Slovensko","article_published_time":"2019-04-01T07:02:41+00:00","article_modified_time":"2019-04-23T11:16:23+00:00","og_image":[{"width":1366,"height":600,"url":"https:\/\/d2p6e6u75xmxt8.cloudfront.net\/4\/2019\/03\/Annemiek-van-Vleuten-profimedia-0378089166.webp","type":"image\/webp"}],"author":"Ondrej Ga\u0161par","twitter_card":"summary_large_image","twitter_misc":{"Written by":"Megan Flottorp","Est. reading time":"5"},"schema":{"@context":"https:\/\/schema.org","@graph":[{"@type":"WebPage","@id":"https:\/\/www.welovecycling.com\/sk\/2019\/04\/01\/sprievodca-kalendarom-zenskej-cyklistiky-uci-world-tour-v-roku-2019\/","url":"https:\/\/www.welovecycling.com\/sk\/2019\/04\/01\/sprievodca-kalendarom-zenskej-cyklistiky-uci-world-tour-v-roku-2019\/","name":"Sprievodca kalend\u00e1rom \u017eenskej cyklistiky - UCI World Tour v roku 2019 - \u0160koda We Love Cycling Slovensko","isPartOf":{"@id":"https:\/\/www.welovecycling.com\/sk\/#website"},"primaryImageOfPage":{"@id":"https:\/\/www.welovecycling.com\/sk\/2019\/04\/01\/sprievodca-kalendarom-zenskej-cyklistiky-uci-world-tour-v-roku-2019\/#primaryimage"},"image":{"@id":"https:\/\/www.welovecycling.com\/sk\/2019\/04\/01\/sprievodca-kalendarom-zenskej-cyklistiky-uci-world-tour-v-roku-2019\/#primaryimage"},"thumbnailUrl":"https:\/\/d2p6e6u75xmxt8.cloudfront.net\/4\/2019\/03\/Annemiek-van-Vleuten-profimedia-0378089166.webp","datePublished":"2019-04-01T07:02:41+00:00","dateModified":"2019-04-23T11:16:23+00:00","author":{"@id":"https:\/\/www.welovecycling.com\/sk\/#\/schema\/person\/8ee09ba39b7e25b1870160aa5b3a89bc"},"breadcrumb":{"@id":"https:\/\/www.welovecycling.com\/sk\/2019\/04\/01\/sprievodca-kalendarom-zenskej-cyklistiky-uci-world-tour-v-roku-2019\/#breadcrumb"},"inLanguage":"sk-SK","potentialAction":[{"@type":"ReadAction","target":["https:\/\/www.welovecycling.com\/sk\/2019\/04\/01\/sprievodca-kalendarom-zenskej-cyklistiky-uci-world-tour-v-roku-2019\/"]}]},{"@type":"ImageObject","inLanguage":"sk-SK","@id":"https:\/\/www.welovecycling.com\/sk\/2019\/04\/01\/sprievodca-kalendarom-zenskej-cyklistiky-uci-world-tour-v-roku-2019\/#primaryimage","url":"https:\/\/d2p6e6u75xmxt8.cloudfront.net\/4\/2019\/03\/Annemiek-van-Vleuten-profimedia-0378089166.webp","contentUrl":"https:\/\/d2p6e6u75xmxt8.cloudfront.net\/4\/2019\/03\/Annemiek-van-Vleuten-profimedia-0378089166.webp","width":1366,"height":600},{"@type":"BreadcrumbList","@id":"https:\/\/www.welovecycling.com\/sk\/2019\/04\/01\/sprievodca-kalendarom-zenskej-cyklistiky-uci-world-tour-v-roku-2019\/#breadcrumb","itemListElement":[{"@type":"ListItem","position":1,"name":"Home","item":"https:\/\/www.welovecycling.com\/sk\/"},{"@type":"ListItem","position":2,"name":"Sprievodca kalend\u00e1rom \u017eenskej cyklistiky &#8211; UCI World Tour v roku 2019"}]},{"@type":"WebSite","@id":"https:\/\/www.welovecycling.com\/sk\/#website","url":"https:\/\/www.welovecycling.com\/sk\/","name":"\u0160koda We Love Cycling Slovensko","description":"\u0160koda We Love Cycling Slovensko je v\u00e1\u0161 ka\u017edodenn\u00fd zdroj noviniek a in\u0161pir\u00e1cie z sveta cyklistiky","potentialAction":[{"@type":"SearchAction","target":{"@type":"EntryPoint","urlTemplate":"https:\/\/www.welovecycling.com\/sk\/?s={search_term_string}"},"query-input":{"@type":"PropertyValueSpecification","valueRequired":true,"valueName":"search_term_string"}}],"inLanguage":"sk-SK"},{"@type":"Person","@id":"https:\/\/www.welovecycling.com\/sk\/#\/schema\/person\/8ee09ba39b7e25b1870160aa5b3a89bc","name":"Ondrej Ga\u0161par","image":{"@type":"ImageObject","inLanguage":"sk-SK","@id":"https:\/\/www.welovecycling.com\/sk\/#\/schema\/person\/image\/","url":"https:\/\/secure.gravatar.com\/avatar\/6126c9afb87b70da5abbb083ddbb21933da15f18f8ca7cb822aba0fb096a48f6?s=96&d=mm&r=g","contentUrl":"https:\/\/secure.gravatar.com\/avatar\/6126c9afb87b70da5abbb083ddbb21933da15f18f8ca7cb822aba0fb096a48f6?s=96&d=mm&r=g","caption":"Ondrej Ga\u0161par"},"url":"https:\/\/www.welovecycling.com\/sk\/author\/ondrejgaspar\/"}]}},"_links":{"self":[{"href":"https:\/\/www.welovecycling.com\/sk\/wp-json\/wp\/v2\/posts\/6678","targetHints":{"allow":["GET"]}}],"collection":[{"href":"https:\/\/www.welovecycling.com\/sk\/wp-json\/wp\/v2\/posts"}],"about":[{"href":"https:\/\/www.welovecycling.com\/sk\/wp-json\/wp\/v2\/types\/post"}],"author":[{"embeddable":true,"href":"https:\/\/www.welovecycling.com\/sk\/wp-json\/wp\/v2\/users\/38"}],"replies":[{"embeddable":true,"href":"https:\/\/www.welovecycling.com\/sk\/wp-json\/wp\/v2\/comments?post=6678"}],"version-history":[{"count":2,"href":"https:\/\/www.welovecycling.com\/sk\/wp-json\/wp\/v2\/posts\/6678\/revisions"}],"predecessor-version":[{"id":6923,"href":"https:\/\/www.welovecycling.com\/sk\/wp-json\/wp\/v2\/posts\/6678\/revisions\/6923"}],"wp:featuredmedia":[{"embeddable":true,"href":"https:\/\/www.welovecycling.com\/sk\/wp-json\/wp\/v2\/media\/6683"}],"wp:attachment":[{"href":"https:\/\/www.welovecycling.com\/sk\/wp-json\/wp\/v2\/media?parent=6678"}],"wp:term":[{"taxonomy":"category","embeddable":true,"href":"https:\/\/www.welovecycling.com\/sk\/wp-json\/wp\/v2\/categories?post=6678"},{"taxonomy":"post_tag","embeddable":true,"href":"https:\/\/www.welovecycling.com\/sk\/wp-json\/wp\/v2\/tags?post=6678"},{"taxonomy":"global-categories","embeddable":true,"href":"https:\/\/www.welovecycling.com\/sk\/wp-json\/wp\/v2\/global-categories?post=6678"}],"curies":[{"name":"wp","href":"https:\/\/api.w.org\/{rel}","templated":true}]}}