{"id":6667,"date":"2019-03-26T11:00:48","date_gmt":"2019-03-26T10:00:48","guid":{"rendered":"https:\/\/www.welovecycling.com\/sk\/?p=6667"},"modified":"2019-03-26T13:38:10","modified_gmt":"2019-03-26T12:38:10","slug":"prehlad-toho-najhlavnejsieho-v-sezone-2019","status":"publish","type":"post","link":"https:\/\/www.welovecycling.com\/sk\/2019\/03\/26\/prehlad-toho-najhlavnejsieho-v-sezone-2019\/","title":{"rendered":"Preh\u013ead toho najhlavnej\u0161ieho v\u00a0sez\u00f3ne 2019"},"content":{"rendered":"<p><strong>Sez\u00f3na 2019 je v\u00a0plnom pr\u00fade, av\u0161ak jazdci e\u0161te ani z\u010faleka neabsolvovali v\u0161etky preteky, ktor\u00e9 tento rok na profi-pelot\u00f3n \u010dakaj\u00fa. Tour Down Under \u010di UAE Tour poznaj\u00fa svojich v\u00ed\u0165azov, rovnako tak niektor\u00e9 z\u00a0jarn\u00fdch klas\u00edk. Navzdory tomu sa v\u00a0kalend\u00e1ri UCI WorldTour nach\u00e1dza e\u0161te vy\u0161e dvadsa\u0165 podujat\u00ed najvy\u0161\u0161ej \u00farovne.<\/strong><!--more--><\/p>\n<p>Obdob\u00edm do konca marca n\u00e1s bud\u00fa e\u0161te sprev\u00e1dza\u0165 spom\u00ednan\u00e9 <strong>klasiky<\/strong>, konkr\u00e9tne poslednou bude <strong>Li\u00e8ge-Bastogne-Li\u00e8ge<\/strong>, na ktorej by sa mal po prv\u00fdkr\u00e1t predstavi\u0165 aj Peter Sagan. Po nich u\u017e pr\u00eddu na rad etap\u00e1ky najvy\u0161\u0161ieho kalibru.<\/p>\n<h2><strong>Tour de Romandie, 30.04. \u2013 05.05.<\/strong><\/h2>\n<p>\u0160vaj\u010diarsko, ako u\u017e ka\u017edoro\u010dne, usporad\u00fava <strong>dvojicu etapov\u00fdch pretekov s\u00a0trvan\u00edm po\u010das jedn\u00e9ho t\u00fd\u017ed\u0148a<\/strong>. Prv\u00fdmi s\u00fa Tour de Romandie, konaj\u00face sa u\u017e po 73-kr\u00e1t v\u00a0z\u00e1padnej \u010dasti \u0160vaj\u010diarska, ne\u010faleko hran\u00edc s\u00a0Franc\u00fazskom. 6 et\u00e1p pozost\u00e1va z\u00a0dvojice \u010dasoviek &#8211; 1. a\u00a06. etapa, jedn\u00e9ho krit\u00e9ria, konaj\u00faceho sa v\u00a0meste Romont (4. etapa) a\u00a0trojice klasick\u00fdch et\u00e1p s\u00a0hromadn\u00fdm \u0161tartom. Na \u0161tartovnej listine v\u00a0s\u00fa\u010dasnosti figuruj\u00fa men\u00e1 ako Rogli\u010d (v\u00ed\u0165az minul\u00e9ho ro\u010dn\u00edka), Kruijswijk, Thomas, Latour a\u00a0in\u00ed.<\/p>\n<h2><strong>Giro d\u00b4Italia, 11.05 &#8211; 02.06.<\/strong><\/h2>\n<p>Prv\u00e9 z\u00a0trojice trojt\u00fd\u017ed\u0148ov\u00fdch etapov\u00fdch pretekov, Giro d\u00b4Italia, sa predstav\u00ed svojim fan\u00fa\u0161ikom u\u017e po 102-kr\u00e1t. Tento rok sa \u0161tart presunul z\u00a0predch\u00e1dzaj\u00faceho Izraela sp\u00e4\u0165 do Talianska, konkr\u00e9tne od\u0161tartuje v\u00a0severnej \u010dasti \u2013 v\u00a0Bologni, a to individu\u00e1lnou \u010dasovkou. <strong>21 et\u00e1p<\/strong> bude pozost\u00e1va\u0165 a\u017e z\u00a0<strong>trojice individu\u00e1lnych \u010dasoviek<\/strong> \u2013 ani jednej t\u00edmovej. Naviac sa k\u00a0tomu prid\u00e1 6 horsk\u00fdch et\u00e1p. V\u00a0nap\u00e4t\u00ed bud\u00fa div\u00e1ci a\u017e do samotn\u00e9ho 21. d\u0148a. Ist\u00e9 je, \u017ee \u010dasovka vo Verone na 16. km rozhodne o\u00a0v\u00ed\u0165azovi Gira. Svoju \u00fa\u010das\u0165 doposia\u013e potvrdili Rogli\u010d, Valverde, Dumoulin, Lopez, Nibali a\u00a0in\u00ed.<\/p>\n<div class=\"shortcode-ys-post-pinup\"><article class=\"loop-simple post-3496 post type-post status-publish format-standard has-post-thumbnail hentry category-cestna-cyklisitika category-giro-ditalia tag-18-etapa tag-bardonecchia tag-casovka tag-cesta tag-cestna-cyklistika tag-chris-froome tag-etna tag-fabio-aru tag-giro-d-italia tag-izrael tag-miguel-angel-lopez tag-monte-zoncolan tag-preteky tag-taliansko tag-thibaut-pinot tag-tom-dumoulin\" data-postid=\"3496\" role=\"article\" data-post-id=\"3496\" data-word-count=\"641\" data-headline-length=\"67\" data-category=\"Giro D&#039;Italia\" data-author=\"We Love Cycling\" data-published=\"2018-05-02T16:13:44+02:00\" data-published-day=\"Wednesday\">\n    <div class=\"entry-thumbnail article-thumbnail\" content=\"https:\/\/d2p6e6u75xmxt8.cloudfront.net\/4\/2018\/05\/01-150x150.webp\"><a href=\"https:\/\/www.welovecycling.com\/sk\/2018\/05\/02\/giro-ditalia-2018-poriadne-hory-a-suboj-dumoulin-vs-froome\/\" class=\"image-holder\" target=\"_self\"><img decoding=\"async\" loading=\"lazy\" class=\"\" src=\"https:\/\/d2p6e6u75xmxt8.cloudfront.net\/4\/2018\/05\/01-1024x447.webp\" srcset=\"https:\/\/d2p6e6u75xmxt8.cloudfront.net\/4\/2018\/05\/01.webp 1375w, https:\/\/d2p6e6u75xmxt8.cloudfront.net\/4\/2018\/05\/01-300x131.webp 300w, https:\/\/d2p6e6u75xmxt8.cloudfront.net\/4\/2018\/05\/01-1024x447.webp 1024w, https:\/\/d2p6e6u75xmxt8.cloudfront.net\/4\/2018\/05\/01-768x335.webp 768w\" width=\"1024\" height=\"447\" sizes=\"auto, (min-width: 1200px) 458px, (min-width: 768px) 38vw, 100vw\" alt=\"giro-ditalia-2018-poriadne-hory-a-suboj-dumoulin-vs-froome\"\/><\/a><\/div>    <div class=\"entry-meta\">\n        <a class=\"label label-secondary post-category\" href=\"https:\/\/www.welovecycling.com\/sk\/category\/grand-tour\/giro-ditalia\/\" title=\"Giro D'Italia\">Giro D'Italia<\/a>\n    <\/div>\n    <div class=\"entry-details\">\n        <a href=\"https:\/\/www.welovecycling.com\/sk\/2018\/05\/02\/giro-ditalia-2018-poriadne-hory-a-suboj-dumoulin-vs-froome\/\" class='entry-title-wrapper'>\n            <h3 class=\"entry-title\"><span>Giro d\u2019Italia 2018 \u2013 poriadne hory a s\u00faboj Dumoulin vs. Froome<\/span><\/h3>\n        <\/a>\n    <\/div>\n    <\/article>\n<\/div>\n<h2><strong>Amgen Tour of California, 12.05. \u2013 18.05.<\/strong><\/h2>\n<p>T\u00fd\u017edenn\u00fd etap\u00e1k, na ktorom Sagan zanechal sn\u00e1\u010f najv\u00e4\u010d\u0161iu stopu \u2013 aj tak by sa dala charakterizova\u0165 Tour of California. 16 v\u00ed\u0165azn\u00fdch et\u00e1p, jedno celkov\u00e9 v\u00ed\u0165azstvo &#8211; to je jeho vizitka. A\u00a0v\u00a0tomto ro\u010dn\u00edku sa v\u010faka svojej \u00fa\u010dasti bude sna\u017ei\u0165 o\u00a0nav\u00fd\u0161enie u\u017e teraz \u00factyhodn\u00e9ho resum\u00e9. <strong>7 et\u00e1p, z\u00a0nich dvojica horsk\u00fdch<\/strong>, kon\u010diacich na Morgan Hill a\u00a0Mount Baldy, a\u00a0zbytok rovinat\u00fdch, respekt\u00edve zvlnen\u00fdch. Medzi prihl\u00e1sen\u00fdmi je Porte, Bennett, Dennis, Van Garderen \u010di Erik Ba\u0161ka.<\/p>\n<lite-youtube videoid=hnOdhzAf3mY params=\"enablejsapi=1\" style=\"background-image: url('https:\/\/i.ytimg.com\/vi_webp\/hnOdhzAf3mY\/maxresdefault.webp');\"><\/lite-youtube>\n<h2><strong>Crit\u00e9rium du Dauphin\u00e9, 09.06. \u2013 16.06.<\/strong><\/h2>\n<p>Druh\u00fd franc\u00fazsky etap\u00e1k v\u00a0porad\u00ed, nasleduj\u00faci po Par\u00ed\u017e-Nice a\u00a0predch\u00e1dzaj\u00faci Tour de France, n\u00e1s v\u00a0tomto roku poct\u00ed u\u017e 71. \u0161tartom. Celkovo <strong>8 et\u00e1p<\/strong> v\u00a0bl\u00edzkosti \u0161vaj\u010diarskych a\u00a0talianskych hran\u00edc, ktor\u00e9 v\u00a0priebehu pretekov z\u00edskavaj\u00fa na n\u00e1ro\u010dnosti, kon\u010diac v\u00a0horskom prostred\u00ed pod Mont Blancom. V\u010faka term\u00ednu konania je vhodnou pr\u00edle\u017eitos\u0165ou pre jazdcov celkov\u00e9ho poradia na Tour de France, \u010doho d\u00f4kazom je aj minuloro\u010dn\u00e9 v\u00ed\u0165azstvo Thomasa, ktor\u00fd opanoval TdF 2018. Tento rok sa m\u00f4\u017eeme te\u0161i\u0165 na Frooma, Porteho, Bardeta, Pinota, Latoura a\u00a0in\u00fdch.<\/p>\n<h2><strong>Tour de Suisse, 15.06. \u2013 23.06.<\/strong><\/h2>\n<p>\u0160vaj\u010diarske t\u00fd\u017ed\u0148ov\u00e9 podujatie nesie hrub\u00fd z\u00e1rez slovenskej \u00fa\u010dasti. Konkr\u00e9tne <strong>Saganov\u00fdch 16 v\u00ed\u0165azn\u00fdch et\u00e1p<\/strong>. Tak ako aj Crit\u00e9rium du Dauphin\u00e9 alebo Amgen Tour, je skvelou predpr\u00edpravou na TdF. Trasa pozost\u00e1va z\u00a0<strong>\u00favodnej individu\u00e1lnej \u010dasovky a\u00a08 et\u00e1p<\/strong> v\u00a0zvlnenom, ale aj horskom ter\u00e9ne. V\u00fdzvou bude najm\u00e4 t\u00e1 posledn\u00e1, meraj\u00faca 144,4 km s\u00a0troma st\u00fapaniami s\u00a0celkov\u00fdm prev\u00fd\u0161en\u00edm 4&nbsp;020 m. Ne\u010dudo, \u017ee minuloro\u010dn\u00fdm v\u00ed\u0165azom sa stal Porte. O\u00a0v\u00ed\u0165azstvo bud\u00fa bojova\u0165 jazdci ako Quintana, Thomas, Mas alebo mu\u017e \u010d. 1 z\u00a0roku 2018, \u0160pilak.<\/p>\n<div class=\"shortcode-ys-post-pinup\"><article class=\"loop-simple post-6113 post type-post status-publish format-standard has-post-thumbnail hentry category-cestna-cyklisitika tag-558 tag-bora-hansgrohe tag-cesta tag-cestna-cyklistika tag-elita tag-etapove-preteky tag-kalendar tag-pariz-roubaix tag-peter-sagan tag-preteky tag-sezona tag-slovensko tag-tour-de-france tag-vitaz\" data-postid=\"6113\" role=\"article\" data-post-id=\"6113\" data-word-count=\"590\" data-headline-length=\"41\" data-category=\"Cestn\u00e1 cyklistika\" data-author=\"We Love Cycling\" data-published=\"2019-02-01T10:15:54+01:00\" data-published-day=\"Friday\">\n    <div class=\"entry-thumbnail article-thumbnail\" content=\"https:\/\/d2p6e6u75xmxt8.cloudfront.net\/4\/2019\/01\/00-5-150x150.webp\"><a href=\"https:\/\/www.welovecycling.com\/sk\/2019\/02\/01\/kde-uvidime-peta-sagana-v-sezone-2019\/\" class=\"image-holder\" target=\"_self\"><img decoding=\"async\" loading=\"lazy\" class=\"\" src=\"https:\/\/d2p6e6u75xmxt8.cloudfront.net\/4\/2019\/01\/00-5-1024x445.webp\" srcset=\"https:\/\/d2p6e6u75xmxt8.cloudfront.net\/4\/2019\/01\/00-5.webp 1380w, https:\/\/d2p6e6u75xmxt8.cloudfront.net\/4\/2019\/01\/00-5-300x130.webp 300w, https:\/\/d2p6e6u75xmxt8.cloudfront.net\/4\/2019\/01\/00-5-1024x445.webp 1024w, https:\/\/d2p6e6u75xmxt8.cloudfront.net\/4\/2019\/01\/00-5-768x334.webp 768w\" width=\"1024\" height=\"445\" sizes=\"auto, (min-width: 1200px) 460px, (min-width: 768px) 38vw, 100vw\" alt=\"kde-uvidime-peta-sagana-v-sezone-2019\"\/><\/a><\/div>    <div class=\"entry-meta\">\n        <a class=\"label label-secondary post-category\" href=\"https:\/\/www.welovecycling.com\/sk\/category\/cestna-cyklisitika\/\" title=\"Cestn\u00e1 cyklistika\">Cestn\u00e1 cyklistika<\/a>\n    <\/div>\n    <div class=\"entry-details\">\n        <a href=\"https:\/\/www.welovecycling.com\/sk\/2019\/02\/01\/kde-uvidime-peta-sagana-v-sezone-2019\/\" class='entry-title-wrapper'>\n            <h3 class=\"entry-title\"><span>Kde uvid\u00edme Pe\u0165a Sagana v sez\u00f3ne 2019?<\/span><\/h3>\n        <\/a>\n    <\/div>\n    <\/article>\n<\/div>\n<h2><strong>Tour de France, 06.07. \u2013 28.07.<\/strong><\/h2>\n<p>J\u00fal u\u017e neodmyslite\u013ene patr\u00ed jedn\u00e9mu z\u00a0najv\u00e4\u010d\u0161\u00edch cyklistick\u00fdch sviatkov roka. Tour de France si svoju poves\u0165 chr\u00e1ni u\u017e 106 rokov. Mili\u00f3ny div\u00e1kov pri trati a\u00a0telev\u00edzii, najv\u00e4\u010d\u0161ie men\u00e1 cyklistiky na jednom podujat\u00ed, \u010deliaci <strong>21 etap\u00e1m<\/strong> \u2013 z\u00a0nich <strong>jednej t\u00edmovej a\u00a0jednej individu\u00e1lnej \u010dasovke<\/strong> \u2013 ka\u017edoro\u010dne <strong>bojuj\u00fa o\u00a04 dresy<\/strong>, z\u00a0ktor\u00fdch t\u00fdm najhodnotnej\u0161\u00edm je pr\u00e1ve \u017elt\u00fd pre v\u00ed\u0165aza celkovej klasifik\u00e1cie. Ot\u00e1zkou je, \u010di sa v\u00a0tomto roku podar\u00ed niektor\u00e9mu z\u00a0jazdcov &#8211; Rogli\u010d, Quintana, Dumoulin, Pinot, Bardet A. Yates, &#8230; porazi\u0165 zoskupenie Sky okolo Thomasa a\u00a0Frooma, bojuj\u00facich za tento t\u00edm v\u00a0poslednej sez\u00f3ne. Na koho si stav\u00edte vy?<\/p>\n<lite-youtube videoid=EpDuv871VNo params=\"enablejsapi=1\" style=\"background-image: url('https:\/\/i.ytimg.com\/vi_webp\/EpDuv871VNo\/maxresdefault.webp');\"><\/lite-youtube>\n<h2><strong>Tour de Pologne, 03.08. \u2013 09.08.<\/strong><\/h2>\n<p>Men\u0161ie vydanie franc\u00fazskeho klenotu m\u00e1me aj za na\u0161imi severn\u00fdmi hranicami \u2013 \u010do by kame\u0148om dohodil. I\u00a0ke\u010f <strong>Okolo Po\u013eska<\/strong> m\u00e1 vy\u0161e 70-ro\u010dn\u00fa trad\u00edciu, do najvy\u0161\u0161ej kateg\u00f3rie World Tour vst\u00fapilo vcelku ned\u00e1vno. Mnoh\u00ed z\u00a0n\u00e1s boli pr\u00edtomn\u00ed aj na etape v\u00a0roku 2014, ktor\u00e1 sa odohrala pod \u0160trbsk\u00fdm Plesom. Slovensk\u00e9 meno figuruje aj medzi v\u00ed\u0165azmi celkov\u00e9ho poradia, a\u00a0to v\u010faka P. Saganovi v\u00a0roku 2011. Tento rok ho pod\u013ea v\u0161etk\u00fdch inform\u00e1cii neuvid\u00edme. Napriek tomu sa vytv\u00e1ra vskutku siln\u00e1 zostava okolo Kwiatkowsk\u00e9ho, Mohori\u010da, Majku, Bodnara a\u00a0in\u00fdch.<\/p>\n<lite-youtube videoid=kzjnvHuBf1A params=\"enablejsapi=1\" style=\"background-image: url('https:\/\/i.ytimg.com\/vi_webp\/kzjnvHuBf1A\/maxresdefault.webp');\"><\/lite-youtube>\n<h2><strong>BinckBank Tour, 12.08. \u2013 18.08.<\/strong><\/h2>\n<p>O\u00a0tom, \u017ee aj Belgi\u010dania a\u00a0s\u00fa\u010dasne Holan\u010fania maj\u00fa vlastn\u00e9 t\u00fd\u017ed\u0148ov\u00e9 preteky, asi nevie ka\u017ed\u00fd. No aj napriek tomu je to tak. 45. ro\u010dn\u00edk sa <strong>uskuto\u010dn\u00ed z\u00e1rove\u0148 v\u00a0dvoch krajin\u00e1ch<\/strong> \u2013 preva\u017en\u00e1 v\u00e4\u010d\u0161ina et\u00e1p sa odohr\u00e1 v\u00a0Belgicku, p\u00e1r sa ujde aj Holandsku. Presn\u00fd zoznam et\u00e1p v\u0161ak e\u0161te nie je zverejnen\u00fd. To, \u010do vieme, je bilancia z\u00a0minul\u00fdch ro\u010dn\u00edkov. V\u00ed\u0165azom v\u00a0roku 2018 sa stal Mohori\u010d, mlad\u00e1 n\u00e1dej zo Slovinska. Okrem neho si zelen\u00fd dres obliekli Doumolin, Terpstra \u010di Wellens a\u00a0\u0160tybar. Te\u0161i\u0165 sa m\u00f4\u017eeme na b\u00fdval\u00e9ho majstra v\u00a0cyklokrose, Van Aerta, ale aj Campanaertsa a\u00a0De Plusa.<\/p>\n<h2><strong>La Vuelta ciclista a\u00a0Espa\u00f1a, 24.08. \u2013 15.09.<\/strong><\/h2>\n<p>Poslednou z\u00a0trojice GrandTours je ka\u017edoro\u010dne La Vuelta. Je zn\u00e1ma svojimi <strong>ne\u013e\u00fatostn\u00fdmi st\u00fapaniami<\/strong>, ktor\u00fdch sklony neraz dosahuj\u00fa vy\u0161e 20 percent, \u010do je v\u00fdzvou najm\u00e4 pre sk\u00fasen\u00fdch jazdcov. Koniec sez\u00f3ny vy\u010derp\u00e1va pretek\u00e1rov o\u00a0to v\u00e4\u010d\u0161mi, \u010d\u00edm mo\u017eno v\u00ed\u0165azstvo na Vuelte pova\u017eova\u0165 za jedno z\u00a0najcennej\u0161\u00edch. U\u017e tradi\u010dne <strong>21 et\u00e1p pozost\u00e1va z\u00a0jednej t\u00edmovej a\u00a0jednej individu\u00e1lnej \u010dasovky<\/strong>. Zauj\u00edmavou bude najm\u00e4 16. etapa v\u00a0d\u013a\u017eke \u201elen\u201c  155 km, av\u0161ak s 5 st\u00fapaniami, zakon\u010den\u00fdmi na Alto de La Cubilla, ktor\u00e9 pon\u00fakne jazdcom a\u017e 1 300 m prev\u00fd\u0161enia na 20 km. Nu\u017e, niektor\u00fdch z\u00a0n\u00e1s bolia nohy u\u017e len pri vysloven\u00ed tohto \u010d\u00edsla.<\/p>\n<p>https:\/\/youtu.be\/JSQZ8Lr3aTs?t=101<\/p>\n<h2><strong>Majstrovstv\u00e1 sveta v\u00a0cestnej cyklistike \u2013 Ve\u013ek\u00e1 Brit\u00e1nia, 29.09.<\/strong><\/h2>\n<p>D\u00fahov\u00fd dres je v\u00a0na\u0161ich podmienkach bezv\u00fdhradne sp\u00e1jan\u00fd s\u00a0<strong>trojn\u00e1sobn\u00fdm v\u00ed\u0165azstvom Petra Sagana<\/strong>, ktor\u00e9ho postup bol zastaven\u00fd kopcovitou tra\u0165ou majstrovstiev po\u010das minul\u00e9ho roka v\u00a0okol\u00ed Innsbrucku. N\u00e1dej v\u0161ak nehynie \u2013 tra\u0165 tohtoro\u010dn\u00fdch majstrovstiev nepon\u00faka tak\u00e9 mno\u017estvo nast\u00fapan\u00fdch metrov, ak\u00e9 sme videli v Rak\u00fasku, a\u00a0\u010do viac, posledn\u00fdch 70 km bude prebieha\u0165 na 7 okruhoch so \u0161tyrmi kr\u00e1tkymi st\u00fapaniami, ktor\u00e9 by mohli sedie\u0165 pr\u00e1ve Saganovi.<\/p>\n<h2><strong>Il Lombardia, 12.10.<\/strong><\/h2>\n<p>I\u00a0ke\u010f sa klasiky pova\u017euj\u00fa za jarn\u00e9 podujatia (a to samozrejme pr\u00e1vom), jedno z\u00a0nich m\u00e1 svoj term\u00edn a\u017e \u201epo\u201c sez\u00f3ne, v\u00a0polovici okt\u00f3bra. Podmienky sa v\u00a0jeseni pribli\u017euj\u00fa k\u00a0t\u00fdm jarn\u00fdm \u2013 teploty klesaj\u00fa a\u00a0v\u00fdkonnos\u0165 jazdcov sa s\u00a0\u00fanavou vyrovn\u00e1va v\u00fdkonnosti na za\u010diatku sez\u00f3ny. Preto, aby ste vyhrali t\u00fato klasiku, mus\u00edte by\u0165 sk\u00fasen\u00fdm, ale najm\u00e4 siln\u00fdm jazdcom. D\u00f4kazom toho je aj zoznam v\u00ed\u0165azov, kde figuruj\u00fa men\u00e1 ako Rodriguez, Nibali, Chaves alebo v\u00ed\u0165az z\u00a0roku 2018, Pinot. <strong>241 km s\u00a0viacer\u00fdmi men\u0161\u00edm st\u00fapaniami<\/strong> a\u00a0jedn\u00fdm naozaj v\u00fddatn\u00fdm, bude delik\u00e1tnou bodkou za sez\u00f3nou.<\/p>\n<lite-youtube videoid=hlo9gmMgiT8 params=\"enablejsapi=1\" style=\"background-image: url('https:\/\/i.ytimg.com\/vi_webp\/hlo9gmMgiT8\/maxresdefault.webp');\"><\/lite-youtube>\n","protected":false},"excerpt":{"rendered":"<p>Sez\u00f3na 2019 je v\u00a0plnom pr\u00fade, av\u0161ak jazdci e\u0161te ani z\u010faleka neabsolvovali v\u0161etky preteky, ktor\u00e9 tento rok na profi-pelot\u00f3n \u010dakaj\u00fa. Tour [&hellip;]<\/p>\n","protected":false},"author":38,"featured_media":6676,"comment_status":"open","ping_status":"open","sticky":false,"template":"","format":"standard","meta":{"footnotes":""},"categories":[4,63],"tags":[491,892,227,275,115,487,119,331,893,616,46,179,170,445,307,20,810,199,894,891,197,219],"global-categories":[],"class_list":["post-6667","post","type-post","status-publish","format-standard","has-post-thumbnail","hentry","category-cestna-cyklisitika","category-grand-tour","tag-alejandro-valverde","tag-binckbank-tour","tag-casovka","tag-cesta","tag-cestna-cyklistika","tag-cestny-bicykel","tag-chris-froome","tag-etapove-preteky","tag-il-lombardia","tag-kwiatkowski","tag-peter-sagan","tag-preteky","tag-primoz-roglic","tag-thibaut-pinot","tag-tom-dumoulin","tag-tour-de-france","tag-tour-de-france-2019","tag-tour-de-pologne","tag-tour-de-romandie","tag-tour-de-suisse","tag-vincenzo-nibali","tag-vuelta-a-espana"],"yoast_head":"<!-- This site is optimized with the Yoast SEO Premium plugin v25.3 (Yoast SEO v25.9) - https:\/\/yoast.com\/wordpress\/plugins\/seo\/ -->\n<title>Preh\u013ead toho najhlavnej\u0161ieho v\u00a0sez\u00f3ne 2019 - \u0160koda We Love Cycling Slovensko<\/title>\n<meta name=\"robots\" content=\"index, follow, max-snippet:-1, max-image-preview:large, max-video-preview:-1\" \/>\n<link rel=\"canonical\" href=\"https:\/\/www.welovecycling.com\/sk\/2019\/03\/26\/prehlad-toho-najhlavnejsieho-v-sezone-2019\/\" \/>\n<meta property=\"og:locale\" content=\"sk_SK\" \/>\n<meta property=\"og:type\" content=\"article\" \/>\n<meta property=\"og:title\" content=\"Preh\u013ead toho najhlavnej\u0161ieho v\u00a0sez\u00f3ne 2019\" \/>\n<meta property=\"og:description\" content=\"Sez\u00f3na 2019 je v\u00a0plnom pr\u00fade, av\u0161ak jazdci e\u0161te ani z\u010faleka neabsolvovali v\u0161etky preteky, ktor\u00e9 tento rok na profi-pelot\u00f3n \u010dakaj\u00fa. Tour [&hellip;]\" \/>\n<meta property=\"og:url\" content=\"https:\/\/www.welovecycling.com\/sk\/2019\/03\/26\/prehlad-toho-najhlavnejsieho-v-sezone-2019\/\" \/>\n<meta property=\"og:site_name\" content=\"\u0160koda We Love Cycling Slovensko\" \/>\n<meta property=\"article:published_time\" content=\"2019-03-26T10:00:48+00:00\" \/>\n<meta property=\"article:modified_time\" content=\"2019-03-26T12:38:10+00:00\" \/>\n<meta property=\"og:image\" content=\"https:\/\/d2p6e6u75xmxt8.cloudfront.net\/4\/2019\/03\/00-1.webp\" \/>\n\t<meta property=\"og:image:width\" content=\"1380\" \/>\n\t<meta property=\"og:image:height\" content=\"600\" \/>\n\t<meta property=\"og:image:type\" content=\"image\/webp\" \/>\n<meta name=\"author\" content=\"Ondrej Ga\u0161par\" \/>\n<meta name=\"twitter:card\" content=\"summary_large_image\" \/>\n<meta name=\"twitter:label1\" content=\"Written by\" \/>\n\t<meta name=\"twitter:data1\" content=\"We Love Cycling\" \/>\n\t<meta name=\"twitter:label2\" content=\"Est. reading time\" \/>\n\t<meta name=\"twitter:data2\" content=\"7\" \/>\n<script type=\"application\/ld+json\" class=\"yoast-schema-graph\">{\"@context\":\"https:\/\/schema.org\",\"@graph\":[{\"@type\":\"WebPage\",\"@id\":\"https:\/\/www.welovecycling.com\/sk\/2019\/03\/26\/prehlad-toho-najhlavnejsieho-v-sezone-2019\/\",\"url\":\"https:\/\/www.welovecycling.com\/sk\/2019\/03\/26\/prehlad-toho-najhlavnejsieho-v-sezone-2019\/\",\"name\":\"Preh\u013ead toho najhlavnej\u0161ieho v\u00a0sez\u00f3ne 2019 - \u0160koda We Love Cycling Slovensko\",\"isPartOf\":{\"@id\":\"https:\/\/www.welovecycling.com\/sk\/#website\"},\"primaryImageOfPage\":{\"@id\":\"https:\/\/www.welovecycling.com\/sk\/2019\/03\/26\/prehlad-toho-najhlavnejsieho-v-sezone-2019\/#primaryimage\"},\"image\":{\"@id\":\"https:\/\/www.welovecycling.com\/sk\/2019\/03\/26\/prehlad-toho-najhlavnejsieho-v-sezone-2019\/#primaryimage\"},\"thumbnailUrl\":\"https:\/\/d2p6e6u75xmxt8.cloudfront.net\/4\/2019\/03\/00-1.webp\",\"datePublished\":\"2019-03-26T10:00:48+00:00\",\"dateModified\":\"2019-03-26T12:38:10+00:00\",\"author\":{\"@id\":\"https:\/\/www.welovecycling.com\/sk\/#\/schema\/person\/8ee09ba39b7e25b1870160aa5b3a89bc\"},\"breadcrumb\":{\"@id\":\"https:\/\/www.welovecycling.com\/sk\/2019\/03\/26\/prehlad-toho-najhlavnejsieho-v-sezone-2019\/#breadcrumb\"},\"inLanguage\":\"sk-SK\",\"potentialAction\":[{\"@type\":\"ReadAction\",\"target\":[\"https:\/\/www.welovecycling.com\/sk\/2019\/03\/26\/prehlad-toho-najhlavnejsieho-v-sezone-2019\/\"]}]},{\"@type\":\"ImageObject\",\"inLanguage\":\"sk-SK\",\"@id\":\"https:\/\/www.welovecycling.com\/sk\/2019\/03\/26\/prehlad-toho-najhlavnejsieho-v-sezone-2019\/#primaryimage\",\"url\":\"https:\/\/d2p6e6u75xmxt8.cloudfront.net\/4\/2019\/03\/00-1.webp\",\"contentUrl\":\"https:\/\/d2p6e6u75xmxt8.cloudfront.net\/4\/2019\/03\/00-1.webp\",\"width\":1380,\"height\":600},{\"@type\":\"BreadcrumbList\",\"@id\":\"https:\/\/www.welovecycling.com\/sk\/2019\/03\/26\/prehlad-toho-najhlavnejsieho-v-sezone-2019\/#breadcrumb\",\"itemListElement\":[{\"@type\":\"ListItem\",\"position\":1,\"name\":\"Home\",\"item\":\"https:\/\/www.welovecycling.com\/sk\/\"},{\"@type\":\"ListItem\",\"position\":2,\"name\":\"Preh\u013ead toho najhlavnej\u0161ieho v\u00a0sez\u00f3ne 2019\"}]},{\"@type\":\"WebSite\",\"@id\":\"https:\/\/www.welovecycling.com\/sk\/#website\",\"url\":\"https:\/\/www.welovecycling.com\/sk\/\",\"name\":\"\u0160koda We Love Cycling Slovensko\",\"description\":\"\u0160koda We Love Cycling Slovensko je v\u00e1\u0161 ka\u017edodenn\u00fd zdroj noviniek a in\u0161pir\u00e1cie z sveta cyklistiky\",\"potentialAction\":[{\"@type\":\"SearchAction\",\"target\":{\"@type\":\"EntryPoint\",\"urlTemplate\":\"https:\/\/www.welovecycling.com\/sk\/?s={search_term_string}\"},\"query-input\":{\"@type\":\"PropertyValueSpecification\",\"valueRequired\":true,\"valueName\":\"search_term_string\"}}],\"inLanguage\":\"sk-SK\"},{\"@type\":\"Person\",\"@id\":\"https:\/\/www.welovecycling.com\/sk\/#\/schema\/person\/8ee09ba39b7e25b1870160aa5b3a89bc\",\"name\":\"Ondrej Ga\u0161par\",\"image\":{\"@type\":\"ImageObject\",\"inLanguage\":\"sk-SK\",\"@id\":\"https:\/\/www.welovecycling.com\/sk\/#\/schema\/person\/image\/\",\"url\":\"https:\/\/secure.gravatar.com\/avatar\/6126c9afb87b70da5abbb083ddbb21933da15f18f8ca7cb822aba0fb096a48f6?s=96&d=mm&r=g\",\"contentUrl\":\"https:\/\/secure.gravatar.com\/avatar\/6126c9afb87b70da5abbb083ddbb21933da15f18f8ca7cb822aba0fb096a48f6?s=96&d=mm&r=g\",\"caption\":\"Ondrej Ga\u0161par\"},\"url\":\"https:\/\/www.welovecycling.com\/sk\/author\/ondrejgaspar\/\"}]}<\/script>\n<!-- \/ Yoast SEO Premium plugin. -->","yoast_head_json":{"title":"Preh\u013ead toho najhlavnej\u0161ieho v\u00a0sez\u00f3ne 2019 - \u0160koda We Love Cycling Slovensko","robots":{"index":"index","follow":"follow","max-snippet":"max-snippet:-1","max-image-preview":"max-image-preview:large","max-video-preview":"max-video-preview:-1"},"canonical":"https:\/\/www.welovecycling.com\/sk\/2019\/03\/26\/prehlad-toho-najhlavnejsieho-v-sezone-2019\/","og_locale":"sk_SK","og_type":"article","og_title":"Preh\u013ead toho najhlavnej\u0161ieho v\u00a0sez\u00f3ne 2019","og_description":"Sez\u00f3na 2019 je v\u00a0plnom pr\u00fade, av\u0161ak jazdci e\u0161te ani z\u010faleka neabsolvovali v\u0161etky preteky, ktor\u00e9 tento rok na profi-pelot\u00f3n \u010dakaj\u00fa. Tour [&hellip;]","og_url":"https:\/\/www.welovecycling.com\/sk\/2019\/03\/26\/prehlad-toho-najhlavnejsieho-v-sezone-2019\/","og_site_name":"\u0160koda We Love Cycling Slovensko","article_published_time":"2019-03-26T10:00:48+00:00","article_modified_time":"2019-03-26T12:38:10+00:00","og_image":[{"width":1380,"height":600,"url":"https:\/\/d2p6e6u75xmxt8.cloudfront.net\/4\/2019\/03\/00-1.webp","type":"image\/webp"}],"author":"Ondrej Ga\u0161par","twitter_card":"summary_large_image","twitter_misc":{"Written by":"We Love Cycling","Est. reading time":"7"},"schema":{"@context":"https:\/\/schema.org","@graph":[{"@type":"WebPage","@id":"https:\/\/www.welovecycling.com\/sk\/2019\/03\/26\/prehlad-toho-najhlavnejsieho-v-sezone-2019\/","url":"https:\/\/www.welovecycling.com\/sk\/2019\/03\/26\/prehlad-toho-najhlavnejsieho-v-sezone-2019\/","name":"Preh\u013ead toho najhlavnej\u0161ieho v\u00a0sez\u00f3ne 2019 - \u0160koda We Love Cycling Slovensko","isPartOf":{"@id":"https:\/\/www.welovecycling.com\/sk\/#website"},"primaryImageOfPage":{"@id":"https:\/\/www.welovecycling.com\/sk\/2019\/03\/26\/prehlad-toho-najhlavnejsieho-v-sezone-2019\/#primaryimage"},"image":{"@id":"https:\/\/www.welovecycling.com\/sk\/2019\/03\/26\/prehlad-toho-najhlavnejsieho-v-sezone-2019\/#primaryimage"},"thumbnailUrl":"https:\/\/d2p6e6u75xmxt8.cloudfront.net\/4\/2019\/03\/00-1.webp","datePublished":"2019-03-26T10:00:48+00:00","dateModified":"2019-03-26T12:38:10+00:00","author":{"@id":"https:\/\/www.welovecycling.com\/sk\/#\/schema\/person\/8ee09ba39b7e25b1870160aa5b3a89bc"},"breadcrumb":{"@id":"https:\/\/www.welovecycling.com\/sk\/2019\/03\/26\/prehlad-toho-najhlavnejsieho-v-sezone-2019\/#breadcrumb"},"inLanguage":"sk-SK","potentialAction":[{"@type":"ReadAction","target":["https:\/\/www.welovecycling.com\/sk\/2019\/03\/26\/prehlad-toho-najhlavnejsieho-v-sezone-2019\/"]}]},{"@type":"ImageObject","inLanguage":"sk-SK","@id":"https:\/\/www.welovecycling.com\/sk\/2019\/03\/26\/prehlad-toho-najhlavnejsieho-v-sezone-2019\/#primaryimage","url":"https:\/\/d2p6e6u75xmxt8.cloudfront.net\/4\/2019\/03\/00-1.webp","contentUrl":"https:\/\/d2p6e6u75xmxt8.cloudfront.net\/4\/2019\/03\/00-1.webp","width":1380,"height":600},{"@type":"BreadcrumbList","@id":"https:\/\/www.welovecycling.com\/sk\/2019\/03\/26\/prehlad-toho-najhlavnejsieho-v-sezone-2019\/#breadcrumb","itemListElement":[{"@type":"ListItem","position":1,"name":"Home","item":"https:\/\/www.welovecycling.com\/sk\/"},{"@type":"ListItem","position":2,"name":"Preh\u013ead toho najhlavnej\u0161ieho v\u00a0sez\u00f3ne 2019"}]},{"@type":"WebSite","@id":"https:\/\/www.welovecycling.com\/sk\/#website","url":"https:\/\/www.welovecycling.com\/sk\/","name":"\u0160koda We Love Cycling Slovensko","description":"\u0160koda We Love Cycling Slovensko je v\u00e1\u0161 ka\u017edodenn\u00fd zdroj noviniek a in\u0161pir\u00e1cie z sveta cyklistiky","potentialAction":[{"@type":"SearchAction","target":{"@type":"EntryPoint","urlTemplate":"https:\/\/www.welovecycling.com\/sk\/?s={search_term_string}"},"query-input":{"@type":"PropertyValueSpecification","valueRequired":true,"valueName":"search_term_string"}}],"inLanguage":"sk-SK"},{"@type":"Person","@id":"https:\/\/www.welovecycling.com\/sk\/#\/schema\/person\/8ee09ba39b7e25b1870160aa5b3a89bc","name":"Ondrej Ga\u0161par","image":{"@type":"ImageObject","inLanguage":"sk-SK","@id":"https:\/\/www.welovecycling.com\/sk\/#\/schema\/person\/image\/","url":"https:\/\/secure.gravatar.com\/avatar\/6126c9afb87b70da5abbb083ddbb21933da15f18f8ca7cb822aba0fb096a48f6?s=96&d=mm&r=g","contentUrl":"https:\/\/secure.gravatar.com\/avatar\/6126c9afb87b70da5abbb083ddbb21933da15f18f8ca7cb822aba0fb096a48f6?s=96&d=mm&r=g","caption":"Ondrej Ga\u0161par"},"url":"https:\/\/www.welovecycling.com\/sk\/author\/ondrejgaspar\/"}]}},"_links":{"self":[{"href":"https:\/\/www.welovecycling.com\/sk\/wp-json\/wp\/v2\/posts\/6667","targetHints":{"allow":["GET"]}}],"collection":[{"href":"https:\/\/www.welovecycling.com\/sk\/wp-json\/wp\/v2\/posts"}],"about":[{"href":"https:\/\/www.welovecycling.com\/sk\/wp-json\/wp\/v2\/types\/post"}],"author":[{"embeddable":true,"href":"https:\/\/www.welovecycling.com\/sk\/wp-json\/wp\/v2\/users\/38"}],"replies":[{"embeddable":true,"href":"https:\/\/www.welovecycling.com\/sk\/wp-json\/wp\/v2\/comments?post=6667"}],"version-history":[{"count":2,"href":"https:\/\/www.welovecycling.com\/sk\/wp-json\/wp\/v2\/posts\/6667\/revisions"}],"predecessor-version":[{"id":6675,"href":"https:\/\/www.welovecycling.com\/sk\/wp-json\/wp\/v2\/posts\/6667\/revisions\/6675"}],"wp:featuredmedia":[{"embeddable":true,"href":"https:\/\/www.welovecycling.com\/sk\/wp-json\/wp\/v2\/media\/6676"}],"wp:attachment":[{"href":"https:\/\/www.welovecycling.com\/sk\/wp-json\/wp\/v2\/media?parent=6667"}],"wp:term":[{"taxonomy":"category","embeddable":true,"href":"https:\/\/www.welovecycling.com\/sk\/wp-json\/wp\/v2\/categories?post=6667"},{"taxonomy":"post_tag","embeddable":true,"href":"https:\/\/www.welovecycling.com\/sk\/wp-json\/wp\/v2\/tags?post=6667"},{"taxonomy":"global-categories","embeddable":true,"href":"https:\/\/www.welovecycling.com\/sk\/wp-json\/wp\/v2\/global-categories?post=6667"}],"curies":[{"name":"wp","href":"https:\/\/api.w.org\/{rel}","templated":true}]}}